{"id":1900,"date":"2018-06-15T15:00:36","date_gmt":"2018-06-15T18:00:36","guid":{"rendered":"http:\/\/www.agenciainfra.com\/blog\/?p=1900"},"modified":"2018-06-15T15:20:20","modified_gmt":"2018-06-15T18:20:20","slug":"projeto-das-distribuidoras-da-eletrobras-recebe-enxurrada-de-emendas-e-segue-caminho-da-mp-814","status":"publish","type":"post","link":"https:\/\/agenciainfra.com\/blog\/projeto-das-distribuidoras-da-eletrobras-recebe-enxurrada-de-emendas-e-segue-caminho-da-mp-814\/","title":{"rendered":"Projeto das distribuidoras da Eletrobras recebe enxurrada de emendas"},"content":{"rendered":"<p style=\"text-align: right;\"><strong>Leila Coimbra, da Ag\u00eancia iNFRA<\/strong><\/p>\n<p style=\"text-align: left;\">O governo federal elegeu o projeto de lei que trata da privatiza\u00e7\u00e3o das distribuidoras da Eletrobras (PL 10332\/18) como priorit\u00e1rio, e tem feito reuni\u00f5es com os l\u00edderes dos partidos aliados para a sua aprova\u00e7\u00e3o no Legislativo com urg\u00eancia.<\/p>\n<p style=\"text-align: left;\">Mas o projeto recebeu uma enxurrada de emendas nesta semana com sugest\u00f5es que estavam na MP (medida provis\u00f3ria) 814, que tamb\u00e9m foi concebida com o prop\u00f3sito original de destravar a venda das seis empresas de distribui\u00e7\u00e3o da Eletrobras \u2013\u00a0mas n\u00e3o foi adiante no Congresso e acabou perdendo a validade.<\/p>\n<p>E, assim, o PL vai seguindo\u00a0o mesmo caminho da sua\u00a0antecessora, a MP\u00a0814: com tantos \u201cjabutis\u201d em seu relat\u00f3rio, pode ser que acabe nem indo para\u00a0pauta de vota\u00e7\u00e3o\u00a0por falta de acordo em torno dos v\u00e1rios temas pol\u00eamicos encaixados no texto.<\/p>\n<p>O ministro de Minas e Energia, Moreira Franco, havia articulado com o presidente da C\u00e2mara, Rodrigo Maia (DEM-RJ) a aprova\u00e7\u00e3o do requerimento de urg\u00eancia urgent\u00edssima assinado pelos l\u00edderes da base governista, para dar celeridade ao processo de tramita\u00e7\u00e3o do PL 10332, na sess\u00e3o da \u00faltima quarta-feira (13). Mas n\u00e3o houve acordo e o pedido de urg\u00eancia n\u00e3o foi votado.<\/p>\n<p><strong>Risco hidrol\u00f3gico<\/strong><br \/>\nIntegrantes do setor el\u00e9trico negociaram uma emenda para resolver o problema do risco hidrol\u00f3gico (GSF, na sigla em ingl\u00eas) no projeto de lei das distribuidoras, uma das grandes preocupa\u00e7\u00f5es da \u00e1rea hoje. O deputado J\u00falio Lopes (PP-RJ), que foi o relator da MP 814, apresentou a proposta de uma emenda com o GSF.<\/p>\n<p>Mas Lopes tamb\u00e9m sugeriu no texto do PL 10332\/18 o aumento do pre\u00e7o do g\u00e1s para usinas\u00a0do PPT (Programa Priorit\u00e1rio de Termel\u00e9tricas). Ele havia apresentado essa proposta em seu relat\u00f3rio da MP 814, mas recebeu uma correspond\u00eancia da ANEEL (Ag\u00eancia Nacional de Energia El\u00e9trica) afirmando que isso resultaria na transfer\u00eancia de R$ 2,1 bilh\u00f5es ao ano para as tarifas dos consumidores. Esse foi um dos itens que instaurou a pol\u00eamica em torno da medida provis\u00f3ria que caducou.<\/p>\n<p><strong>Oposi\u00e7\u00e3o\u00a0<\/strong><br \/>\nOs deputados dos partidos que fazem oposi\u00e7\u00e3o ao governo tamb\u00e9m fizeram v\u00e1rias sugest\u00f5es de emendas, das mais diversas: pedem a obriga\u00e7\u00e3o da manuten\u00e7\u00e3o do quadro atual de empregados nas empresas; a realiza\u00e7\u00e3o de referendo popular antes da privatiza\u00e7\u00e3o e at\u00e9 a exclus\u00e3o das distribuidoras do Programa Nacional de Desestatiza\u00e7\u00e3o.<\/p>\n<p>O deputado Carlos Zarattini (PT-SP), mesmo sendo da oposi\u00e7\u00e3o, prop\u00f4s uma emenda que estava na MP 814, no relat\u00f3rio de Lopes, que \u00e9 da base governista: a amplia\u00e7\u00e3o da tarifa social, uma medida populista que permite a isen\u00e7\u00e3o do pagamento para uma classe de consumo mais baixa \u00e0s custas dos outros consumidores.<\/p>\n<p>Uma solu\u00e7\u00e3o para usina nuclear de Angra 3 \u2013 tamb\u00e9m\u00a0com aumento de tarifa a ser pago pelo consumidor\u00a0 \u2013 s\u00f3 n\u00e3o foi apresentada como emenda, como na MP 814, porque o governo j\u00e1 verificou que pode fazer as medidas sem necessidade de aprova\u00e7\u00e3o do Legislativo, mas por meio de decretos e resolu\u00e7\u00f5es do CNPE (Conselho Nacional de Pol\u00edtica Energ\u00e9tica)<\/p>\n<p><strong>Governo: foco \u00e9 apenas venda das distribuidoras<\/strong><br \/>\nO governo n\u00e3o pretende bancar nenhuma dessas emendas parlamentares desta vez, ao contr\u00e1rio do que ocorreu com a MP 814, quando o MME deu o aval para muitos dos itens do relat\u00f3rio. Uma fonte\u00a0disse que o Minist\u00e9rio de Minas e Energia e o Pal\u00e1cio do Planalto n\u00e3o ir\u00e3o negociar a inclus\u00e3o de nenhuma emenda, nem mesmo a do GSF. O acordo, segundo a fonte, \u00e9 que o plen\u00e1rio da C\u00e2mara aprove apenas o texto original, enviado pelo Executivo.<\/p>\n<p><strong>Prazo muito curto<\/strong><br \/>\nMoreira Franco disse ontem no Twitter que recebeu de Maia o compromisso de vota\u00e7\u00e3o do projeto das distribuidoras na pr\u00f3xima semana. Mas, j\u00e1 em clima de Copa do Mundo e festas juninas, \u00e9 poss\u00edvel que j\u00e1 seja dif\u00edcil manter o qu\u00f3rum para projetos pol\u00eamicos.<\/p>\n<p>Os trabalhos do Legislativo est\u00e3o na reta final, at\u00e9 o recesso parlamentar, em meados de julho, e a pauta de trabalhos est\u00e1 cheia, com os projetos das reivindica\u00e7\u00f5es da greve dos caminhoneiros.<\/p>\n","protected":false},"excerpt":{"rendered":"<p>Leila Coimbra, da Ag\u00eancia iNFRA O governo federal elegeu o projeto de lei que trata da privatiza\u00e7\u00e3o das distribuidoras da Eletrobras (PL 10332\/18) como priorit\u00e1rio, e tem feito reuni\u00f5es com os l\u00edderes dos partidos aliados para a sua aprova\u00e7\u00e3o no Legislativo com urg\u00eancia. Mas o projeto recebeu uma enxurrada de emendas nesta semana com sugest\u00f5es [&hellip;]<\/p>\n","protected":false},"author":1,"featured_media":0,"comment_status":"closed","ping_status":"open","sticky":false,"template":"","format":"standard","meta":{"_monsterinsights_skip_tracking":false,"_monsterinsights_sitenote_active":false,"_monsterinsights_sitenote_note":"","_monsterinsights_sitenote_category":0,"footnotes":""},"categories":[10],"tags":[53,50,338,194,51,193],"class_list":["post-1900","post","type-post","status-publish","format-standard","hentry","category-infraenergia","tag-aneel","tag-eletrobras","tag-emendas","tag-mp-814","tag-privatizacao","tag-risco-hidrologico"],"yoast_head":"<!-- This site is optimized with the Yoast SEO Premium plugin v25.4 (Yoast SEO v26.0) - https:\/\/yoast.com\/wordpress\/plugins\/seo\/ -->\n<title>Projeto das distribuidoras da Eletrobras recebe enxurrada de emendas - Ag\u00eancia iNFRA<\/title>\n<meta name=\"robots\" content=\"index, follow, max-snippet:-1, max-image-preview:large, max-video-preview:-1\" \/>\n<link rel=\"canonical\" href=\"https:\/\/agenciainfra.com\/blog\/projeto-das-distribuidoras-da-eletrobras-recebe-enxurrada-de-emendas-e-segue-caminho-da-mp-814\/\" \/>\n<meta property=\"og:locale\" content=\"pt_BR\" \/>\n<meta property=\"og:type\" content=\"article\" \/>\n<meta property=\"og:title\" content=\"Projeto das distribuidoras da Eletrobras recebe enxurrada de emendas\" \/>\n<meta property=\"og:description\" content=\"Leila Coimbra, da Ag\u00eancia iNFRA O governo federal elegeu o projeto de lei que trata da privatiza\u00e7\u00e3o das distribuidoras da Eletrobras (PL 10332\/18) como priorit\u00e1rio, e tem feito reuni\u00f5es com os l\u00edderes dos partidos aliados para a sua aprova\u00e7\u00e3o no Legislativo com urg\u00eancia. Mas o projeto recebeu uma enxurrada de emendas nesta semana com sugest\u00f5es [&hellip;]\" \/>\n<meta property=\"og:url\" content=\"https:\/\/agenciainfra.com\/blog\/projeto-das-distribuidoras-da-eletrobras-recebe-enxurrada-de-emendas-e-segue-caminho-da-mp-814\/\" \/>\n<meta property=\"og:site_name\" content=\"Ag\u00eancia iNFRA\" \/>\n<meta property=\"article:publisher\" content=\"https:\/\/www.facebook.com\/ageninfra\" \/>\n<meta property=\"article:published_time\" content=\"2018-06-15T18:00:36+00:00\" \/>\n<meta property=\"article:modified_time\" content=\"2018-06-15T18:20:20+00:00\" \/>\n<meta name=\"author\" content=\"Ag\u00eancia iNFRA\" \/>\n<meta name=\"twitter:card\" content=\"summary_large_image\" \/>\n<meta name=\"twitter:creator\" content=\"@agencia_infra\" \/>\n<meta name=\"twitter:site\" content=\"@agencia_infra\" \/>\n<meta name=\"twitter:label1\" content=\"Escrito por\" \/>\n\t<meta name=\"twitter:data1\" content=\"Ag\u00eancia iNFRA\" \/>\n\t<meta name=\"twitter:label2\" content=\"Est. tempo de leitura\" \/>\n\t<meta name=\"twitter:data2\" content=\"4 minutos\" \/>\n<script type=\"application\/ld+json\" class=\"yoast-schema-graph\">{\"@context\":\"https:\/\/schema.org\",\"@graph\":[{\"@type\":\"Article\",\"@id\":\"https:\/\/agenciainfra.com\/blog\/projeto-das-distribuidoras-da-eletrobras-recebe-enxurrada-de-emendas-e-segue-caminho-da-mp-814\/#article\",\"isPartOf\":{\"@id\":\"https:\/\/agenciainfra.com\/blog\/projeto-das-distribuidoras-da-eletrobras-recebe-enxurrada-de-emendas-e-segue-caminho-da-mp-814\/\"},\"author\":{\"name\":\"Ag\u00eancia iNFRA\",\"@id\":\"https:\/\/agenciainfra.com\/blog\/#\/schema\/person\/34af08dff6adea4cb22b06612ba7acfa\"},\"headline\":\"Projeto das distribuidoras da Eletrobras recebe enxurrada de emendas\",\"datePublished\":\"2018-06-15T18:00:36+00:00\",\"dateModified\":\"2018-06-15T18:20:20+00:00\",\"mainEntityOfPage\":{\"@id\":\"https:\/\/agenciainfra.com\/blog\/projeto-das-distribuidoras-da-eletrobras-recebe-enxurrada-de-emendas-e-segue-caminho-da-mp-814\/\"},\"wordCount\":732,\"publisher\":{\"@id\":\"https:\/\/agenciainfra.com\/blog\/#organization\"},\"keywords\":[\"ANEEL\",\"Eletrobras\",\"emendas\",\"MP 814\",\"Privatiza\u00e7\u00e3o\",\"risco hidrol\u00f3gico\"],\"articleSection\":[\"iNFRAEnergia\"],\"inLanguage\":\"pt-BR\",\"copyrightYear\":\"2018\",\"copyrightHolder\":{\"@id\":\"https:\/\/agenciainfra.com\/blog\/#organization\"}},{\"@type\":\"WebPage\",\"@id\":\"https:\/\/agenciainfra.com\/blog\/projeto-das-distribuidoras-da-eletrobras-recebe-enxurrada-de-emendas-e-segue-caminho-da-mp-814\/\",\"url\":\"https:\/\/agenciainfra.com\/blog\/projeto-das-distribuidoras-da-eletrobras-recebe-enxurrada-de-emendas-e-segue-caminho-da-mp-814\/\",\"name\":\"Projeto das distribuidoras da Eletrobras recebe enxurrada de emendas - Ag\u00eancia iNFRA\",\"isPartOf\":{\"@id\":\"https:\/\/agenciainfra.com\/blog\/#website\"},\"datePublished\":\"2018-06-15T18:00:36+00:00\",\"dateModified\":\"2018-06-15T18:20:20+00:00\",\"breadcrumb\":{\"@id\":\"https:\/\/agenciainfra.com\/blog\/projeto-das-distribuidoras-da-eletrobras-recebe-enxurrada-de-emendas-e-segue-caminho-da-mp-814\/#breadcrumb\"},\"inLanguage\":\"pt-BR\",\"potentialAction\":[{\"@type\":\"ReadAction\",\"target\":[\"https:\/\/agenciainfra.com\/blog\/projeto-das-distribuidoras-da-eletrobras-recebe-enxurrada-de-emendas-e-segue-caminho-da-mp-814\/\"]}]},{\"@type\":\"BreadcrumbList\",\"@id\":\"https:\/\/agenciainfra.com\/blog\/projeto-das-distribuidoras-da-eletrobras-recebe-enxurrada-de-emendas-e-segue-caminho-da-mp-814\/#breadcrumb\",\"itemListElement\":[{\"@type\":\"ListItem\",\"position\":1,\"name\":\"In\u00edcio\",\"item\":\"https:\/\/agenciainfra.com\/blog\/\"},{\"@type\":\"ListItem\",\"position\":2,\"name\":\"Projeto das distribuidoras da Eletrobras recebe enxurrada de emendas\"}]},{\"@type\":\"WebSite\",\"@id\":\"https:\/\/agenciainfra.com\/blog\/#website\",\"url\":\"https:\/\/agenciainfra.com\/blog\/\",\"name\":\"Ag\u00eancia iNFRA\",\"description\":\"Multiplataforma de informa\u00e7\u00e3o jornal\u00edstica refer\u00eancia na \u00e1rea de infraestrutura no Brasil!\",\"publisher\":{\"@id\":\"https:\/\/agenciainfra.com\/blog\/#organization\"},\"potentialAction\":[{\"@type\":\"SearchAction\",\"target\":{\"@type\":\"EntryPoint\",\"urlTemplate\":\"https:\/\/agenciainfra.com\/blog\/?s={search_term_string}\"},\"query-input\":{\"@type\":\"PropertyValueSpecification\",\"valueRequired\":true,\"valueName\":\"search_term_string\"}}],\"inLanguage\":\"pt-BR\"},{\"@type\":\"Organization\",\"@id\":\"https:\/\/agenciainfra.com\/blog\/#organization\",\"name\":\"Ag\u00eancia iNFRA\",\"url\":\"https:\/\/agenciainfra.com\/blog\/\",\"logo\":{\"@type\":\"ImageObject\",\"inLanguage\":\"pt-BR\",\"@id\":\"https:\/\/agenciainfra.com\/blog\/#\/schema\/logo\/image\/\",\"url\":\"https:\/\/agenciainfra.com\/blog\/wp-content\/uploads\/2023\/09\/iNFRA_5-e1761735885940.png\",\"contentUrl\":\"https:\/\/agenciainfra.com\/blog\/wp-content\/uploads\/2023\/09\/iNFRA_5-e1761735885940.png\",\"width\":1672,\"height\":454,\"caption\":\"Ag\u00eancia iNFRA\"},\"image\":{\"@id\":\"https:\/\/agenciainfra.com\/blog\/#\/schema\/logo\/image\/\"},\"sameAs\":[\"https:\/\/www.facebook.com\/ageninfra\",\"https:\/\/x.com\/agencia_infra\",\"https:\/\/www.linkedin.com\/company\/ag\u00eanciainfra\/\",\"https:\/\/www.instagram.com\/agenciainfra\/\"]},{\"@type\":\"Person\",\"@id\":\"https:\/\/agenciainfra.com\/blog\/#\/schema\/person\/34af08dff6adea4cb22b06612ba7acfa\",\"name\":\"Ag\u00eancia iNFRA\",\"image\":{\"@type\":\"ImageObject\",\"inLanguage\":\"pt-BR\",\"@id\":\"https:\/\/agenciainfra.com\/blog\/#\/schema\/person\/image\/\",\"url\":\"https:\/\/secure.gravatar.com\/avatar\/d189e01678f06d8eb84d4e01f08eb848b3fffe3f8443818d3c356c66892f5be8?s=96&d=mm&r=g\",\"contentUrl\":\"https:\/\/secure.gravatar.com\/avatar\/d189e01678f06d8eb84d4e01f08eb848b3fffe3f8443818d3c356c66892f5be8?s=96&d=mm&r=g\",\"caption\":\"Ag\u00eancia iNFRA\"},\"url\":\"https:\/\/agenciainfra.com\/blog\/author\/admin\/\"}]}<\/script>\n<!-- \/ Yoast SEO Premium plugin. -->","yoast_head_json":{"title":"Projeto das distribuidoras da Eletrobras recebe enxurrada de emendas - Ag\u00eancia iNFRA","robots":{"index":"index","follow":"follow","max-snippet":"max-snippet:-1","max-image-preview":"max-image-preview:large","max-video-preview":"max-video-preview:-1"},"canonical":"https:\/\/agenciainfra.com\/blog\/projeto-das-distribuidoras-da-eletrobras-recebe-enxurrada-de-emendas-e-segue-caminho-da-mp-814\/","og_locale":"pt_BR","og_type":"article","og_title":"Projeto das distribuidoras da Eletrobras recebe enxurrada de emendas","og_description":"Leila Coimbra, da Ag\u00eancia iNFRA O governo federal elegeu o projeto de lei que trata da privatiza\u00e7\u00e3o das distribuidoras da Eletrobras (PL 10332\/18) como priorit\u00e1rio, e tem feito reuni\u00f5es com os l\u00edderes dos partidos aliados para a sua aprova\u00e7\u00e3o no Legislativo com urg\u00eancia. Mas o projeto recebeu uma enxurrada de emendas nesta semana com sugest\u00f5es [&hellip;]","og_url":"https:\/\/agenciainfra.com\/blog\/projeto-das-distribuidoras-da-eletrobras-recebe-enxurrada-de-emendas-e-segue-caminho-da-mp-814\/","og_site_name":"Ag\u00eancia iNFRA","article_publisher":"https:\/\/www.facebook.com\/ageninfra","article_published_time":"2018-06-15T18:00:36+00:00","article_modified_time":"2018-06-15T18:20:20+00:00","author":"Ag\u00eancia iNFRA","twitter_card":"summary_large_image","twitter_creator":"@agencia_infra","twitter_site":"@agencia_infra","twitter_misc":{"Escrito por":"Ag\u00eancia iNFRA","Est. tempo de leitura":"4 minutos"},"schema":{"@context":"https:\/\/schema.org","@graph":[{"@type":"Article","@id":"https:\/\/agenciainfra.com\/blog\/projeto-das-distribuidoras-da-eletrobras-recebe-enxurrada-de-emendas-e-segue-caminho-da-mp-814\/#article","isPartOf":{"@id":"https:\/\/agenciainfra.com\/blog\/projeto-das-distribuidoras-da-eletrobras-recebe-enxurrada-de-emendas-e-segue-caminho-da-mp-814\/"},"author":{"name":"Ag\u00eancia iNFRA","@id":"https:\/\/agenciainfra.com\/blog\/#\/schema\/person\/34af08dff6adea4cb22b06612ba7acfa"},"headline":"Projeto das distribuidoras da Eletrobras recebe enxurrada de emendas","datePublished":"2018-06-15T18:00:36+00:00","dateModified":"2018-06-15T18:20:20+00:00","mainEntityOfPage":{"@id":"https:\/\/agenciainfra.com\/blog\/projeto-das-distribuidoras-da-eletrobras-recebe-enxurrada-de-emendas-e-segue-caminho-da-mp-814\/"},"wordCount":732,"publisher":{"@id":"https:\/\/agenciainfra.com\/blog\/#organization"},"keywords":["ANEEL","Eletrobras","emendas","MP 814","Privatiza\u00e7\u00e3o","risco hidrol\u00f3gico"],"articleSection":["iNFRAEnergia"],"inLanguage":"pt-BR","copyrightYear":"2018","copyrightHolder":{"@id":"https:\/\/agenciainfra.com\/blog\/#organization"}},{"@type":"WebPage","@id":"https:\/\/agenciainfra.com\/blog\/projeto-das-distribuidoras-da-eletrobras-recebe-enxurrada-de-emendas-e-segue-caminho-da-mp-814\/","url":"https:\/\/agenciainfra.com\/blog\/projeto-das-distribuidoras-da-eletrobras-recebe-enxurrada-de-emendas-e-segue-caminho-da-mp-814\/","name":"Projeto das distribuidoras da Eletrobras recebe enxurrada de emendas - Ag\u00eancia iNFRA","isPartOf":{"@id":"https:\/\/agenciainfra.com\/blog\/#website"},"datePublished":"2018-06-15T18:00:36+00:00","dateModified":"2018-06-15T18:20:20+00:00","breadcrumb":{"@id":"https:\/\/agenciainfra.com\/blog\/projeto-das-distribuidoras-da-eletrobras-recebe-enxurrada-de-emendas-e-segue-caminho-da-mp-814\/#breadcrumb"},"inLanguage":"pt-BR","potentialAction":[{"@type":"ReadAction","target":["https:\/\/agenciainfra.com\/blog\/projeto-das-distribuidoras-da-eletrobras-recebe-enxurrada-de-emendas-e-segue-caminho-da-mp-814\/"]}]},{"@type":"BreadcrumbList","@id":"https:\/\/agenciainfra.com\/blog\/projeto-das-distribuidoras-da-eletrobras-recebe-enxurrada-de-emendas-e-segue-caminho-da-mp-814\/#breadcrumb","itemListElement":[{"@type":"ListItem","position":1,"name":"In\u00edcio","item":"https:\/\/agenciainfra.com\/blog\/"},{"@type":"ListItem","position":2,"name":"Projeto das distribuidoras da Eletrobras recebe enxurrada de emendas"}]},{"@type":"WebSite","@id":"https:\/\/agenciainfra.com\/blog\/#website","url":"https:\/\/agenciainfra.com\/blog\/","name":"Ag\u00eancia iNFRA","description":"Multiplataforma de informa\u00e7\u00e3o jornal\u00edstica refer\u00eancia na \u00e1rea de infraestrutura no Brasil!","publisher":{"@id":"https:\/\/agenciainfra.com\/blog\/#organization"},"potentialAction":[{"@type":"SearchAction","target":{"@type":"EntryPoint","urlTemplate":"https:\/\/agenciainfra.com\/blog\/?s={search_term_string}"},"query-input":{"@type":"PropertyValueSpecification","valueRequired":true,"valueName":"search_term_string"}}],"inLanguage":"pt-BR"},{"@type":"Organization","@id":"https:\/\/agenciainfra.com\/blog\/#organization","name":"Ag\u00eancia iNFRA","url":"https:\/\/agenciainfra.com\/blog\/","logo":{"@type":"ImageObject","inLanguage":"pt-BR","@id":"https:\/\/agenciainfra.com\/blog\/#\/schema\/logo\/image\/","url":"https:\/\/agenciainfra.com\/blog\/wp-content\/uploads\/2023\/09\/iNFRA_5-e1761735885940.png","contentUrl":"https:\/\/agenciainfra.com\/blog\/wp-content\/uploads\/2023\/09\/iNFRA_5-e1761735885940.png","width":1672,"height":454,"caption":"Ag\u00eancia iNFRA"},"image":{"@id":"https:\/\/agenciainfra.com\/blog\/#\/schema\/logo\/image\/"},"sameAs":["https:\/\/www.facebook.com\/ageninfra","https:\/\/x.com\/agencia_infra","https:\/\/www.linkedin.com\/company\/ag\u00eanciainfra\/","https:\/\/www.instagram.com\/agenciainfra\/"]},{"@type":"Person","@id":"https:\/\/agenciainfra.com\/blog\/#\/schema\/person\/34af08dff6adea4cb22b06612ba7acfa","name":"Ag\u00eancia iNFRA","image":{"@type":"ImageObject","inLanguage":"pt-BR","@id":"https:\/\/agenciainfra.com\/blog\/#\/schema\/person\/image\/","url":"https:\/\/secure.gravatar.com\/avatar\/d189e01678f06d8eb84d4e01f08eb848b3fffe3f8443818d3c356c66892f5be8?s=96&d=mm&r=g","contentUrl":"https:\/\/secure.gravatar.com\/avatar\/d189e01678f06d8eb84d4e01f08eb848b3fffe3f8443818d3c356c66892f5be8?s=96&d=mm&r=g","caption":"Ag\u00eancia iNFRA"},"url":"https:\/\/agenciainfra.com\/blog\/author\/admin\/"}]}},"_links":{"self":[{"href":"https:\/\/agenciainfra.com\/blog\/wp-json\/wp\/v2\/posts\/1900","targetHints":{"allow":["GET"]}}],"collection":[{"href":"https:\/\/agenciainfra.com\/blog\/wp-json\/wp\/v2\/posts"}],"about":[{"href":"https:\/\/agenciainfra.com\/blog\/wp-json\/wp\/v2\/types\/post"}],"author":[{"embeddable":true,"href":"https:\/\/agenciainfra.com\/blog\/wp-json\/wp\/v2\/users\/1"}],"replies":[{"embeddable":true,"href":"https:\/\/agenciainfra.com\/blog\/wp-json\/wp\/v2\/comments?post=1900"}],"version-history":[{"count":0,"href":"https:\/\/agenciainfra.com\/blog\/wp-json\/wp\/v2\/posts\/1900\/revisions"}],"wp:attachment":[{"href":"https:\/\/agenciainfra.com\/blog\/wp-json\/wp\/v2\/media?parent=1900"}],"wp:term":[{"taxonomy":"category","embeddable":true,"href":"https:\/\/agenciainfra.com\/blog\/wp-json\/wp\/v2\/categories?post=1900"},{"taxonomy":"post_tag","embeddable":true,"href":"https:\/\/agenciainfra.com\/blog\/wp-json\/wp\/v2\/tags?post=1900"}],"curies":[{"name":"wp","href":"https:\/\/api.w.org\/{rel}","templated":true}]}}