{"id":19008,"date":"2024-11-05T10:00:00","date_gmt":"2024-11-05T13:00:00","guid":{"rendered":"https:\/\/agenciainfra.com\/blog\/?p=19008"},"modified":"2024-11-06T11:05:11","modified_gmt":"2024-11-06T14:05:11","slug":"compensacoes-para-emissao-de-carbono-em-projeto-de-lei-desagradam-termicas","status":"publish","type":"post","link":"https:\/\/agenciainfra.com\/blog\/compensacoes-para-emissao-de-carbono-em-projeto-de-lei-desagradam-termicas\/","title":{"rendered":"Compensa\u00e7\u00f5es para emiss\u00e3o de carbono em projeto de lei desagradam t\u00e9rmicas"},"content":{"rendered":"\n<p class=\"has-text-align-right\"><strong>Marisa Wanzeller, da Ag\u00eancia iNFRA<\/strong><\/p>\n\n\n\n<p>As regras de compensa\u00e7\u00e3o previstas para emiss\u00e3o de gases do efeito estufa no&nbsp;<a href=\"https:\/\/www25.senado.leg.br\/web\/atividade\/materias\/-\/materia\/161961\" target=\"_blank\" rel=\"noreferrer noopener\">PL (Projeto de Lei) 182\/2024<\/a>, que regulamenta o mercado de carbono, desagradaram&nbsp;agentes termel\u00e9tricos. &#8220;N\u00f3s n\u00e3o somos contra a compensa\u00e7\u00e3o, mas desde que seja dentro de n\u00edveis adequados e previs\u00edveis&#8221;, disse o presidente da Abraget (Associa\u00e7\u00e3o Brasileira de Geradoras Termel\u00e9tricas), Xisto Vieira, \u00e0&nbsp;<strong>Ag\u00eancia iNFRA<\/strong>.&nbsp;<\/p>\n\n\n\n<p>Na avalia\u00e7\u00e3o de Xisto, a compensa\u00e7\u00e3o est\u00e1 muito elevada, considerando que as t\u00e9rmicas ajudam na seguran\u00e7a energ\u00e9tica no SIN (Sistema Interligado Nacional). &#8220;Quando a gente \u00e9 despachado na ordem de m\u00e9rito, \u00e9 imposs\u00edvel fazer a previs\u00e3o de quando vai ser despachado para saber quanto vai ter que compensar&#8221;, explicou. &#8220;Vamos ver na regulamenta\u00e7\u00e3o.&#8221;<\/p>\n\n\n\n<p><strong>Aprecia\u00e7\u00e3o no Senado<\/strong><br>O&nbsp;<a href=\"https:\/\/legis.senado.leg.br\/sdleg-getter\/documento?dm=9838032&amp;ts=1730750500372&amp;rendition_principal=S&amp;disposition=inline\" target=\"_blank\" rel=\"noreferrer noopener\">relat\u00f3rio<\/a>&nbsp;do projeto no Senado foi publicado nesta segunda-feira (4) pela relatora Leila Barros (PDT-DF), ap\u00f3s articula\u00e7\u00e3o com a C\u00e2mara e o governo federal.<\/p>\n\n\n\n<p>O secret\u00e1rio de Economia Verde, Descarboniza\u00e7\u00e3o e Bioind\u00fastria do MDIC (Minist\u00e9rio do Desenvolvimento, Ind\u00fastria, Com\u00e9rcio e Servi\u00e7os), Rodrigo Rollemberg, disse \u00e0&nbsp;<strong>Ag\u00eancia iNFRA<\/strong>&nbsp;que a expectativa \u00e9 que a mat\u00e9ria seja apreciada em plen\u00e1rio ainda nesta semana, antes da COP (Confer\u00eancia do Clima) 29.&nbsp;O encontro ocorre entre 11 e 22 de novembro na capital do Azerbaij\u00e3o, Baku. Em 2025, a COP 30 ser\u00e1 sediada no Brasil.&nbsp;<\/p>\n\n\n\n<p>&#8220;O mercado de carbono \u00e9 estrat\u00e9gico para o Brasil. Vai beneficiar as empresas que investem em inova\u00e7\u00e3o para descarbonizar seus processos produtivos. Mitigar\u00e1 custos para os investidores em novas tecnologias como SAF [combust\u00edvel sustent\u00e1vel de avia\u00e7\u00e3o], hidrog\u00eanio de baixo carbono, biometano e etanol de segunda gera\u00e7\u00e3o e estimular\u00e1 o mercado volunt\u00e1rio de carbono, j\u00e1 que parte das emiss\u00f5es dos setores regulados poder\u00e1 ser compensada via mercado volunt\u00e1rio atrav\u00e9s das RVEs [Redu\u00e7\u00f5es Verificadas de Emiss\u00f5es]&#8221;, afirmou o secret\u00e1rio.&nbsp;<\/p>\n\n\n\n<p><strong>Com\u00e9rcio de emiss\u00f5es<\/strong><br>Eduardo Ferreira, s\u00f3cio do escrit\u00f3rio de advocacia Machado Meyer e especialista na \u00e1rea ambiental, explica que o projeto &#8220;imp\u00f5e aos grandes emissores efetivamente a necessidade de ado\u00e7\u00e3o de redu\u00e7\u00f5es&#8221; por meio de metas que estar\u00e3o em um plano de redu\u00e7\u00e3o. Aqueles que conseguirem uma redu\u00e7\u00e3o maior poder\u00e3o comercializar cr\u00e9ditos com operadores que n\u00e3o conseguirem atingir suas metas, dentro dos limites de aquisi\u00e7\u00e3o a ser colocado, disse o especialista.<\/p>\n\n\n\n<p>O PL 182 estabelece o SBCE (Sistema Brasileiro de Com\u00e9rcio de Emiss\u00f5es), criando um ambiente regulado de cr\u00e9ditos de carbono, e regras para o mercado volunt\u00e1rio. O ambiente regulado ser\u00e1 submetido ao regime de limita\u00e7\u00e3o de emiss\u00f5es de GEE (Gases de Efeito Estufa) e de &#8220;comercializa\u00e7\u00e3o de ativos&#8221; que representam a emiss\u00e3o, redu\u00e7\u00e3o de emiss\u00e3o ou remo\u00e7\u00e3o de tais gases no pa\u00eds.&nbsp;<\/p>\n\n\n\n<p>Estar\u00e3o sujeitos \u00e0 regula\u00e7\u00e3o do SBCE duas faixas de operadores: aqueles respons\u00e1veis pelas instala\u00e7\u00f5es e pelas fontes que emitam acima de 10.000 tCO2e (toneladas de di\u00f3xido de carbono equivalente) por ano, e aqueles que emitam acima de 25.000 tCO2e por ano.<\/p>\n\n\n\n<p>&#8220;A depender do n\u00edvel de emiss\u00e3o anual desses geradores de di\u00f3xido de carbono, haver\u00e1 a necessidade de apresentar um relat\u00f3rio de concilia\u00e7\u00e3o peri\u00f3dica das obriga\u00e7\u00f5es. O que \u00e9 isso? \u00c9 identificar que as suas a\u00e7\u00f5es reduzem as emiss\u00f5es de di\u00f3xido de carbono para atingimento das metas de redu\u00e7\u00e3o de emiss\u00e3o e, ao mesmo tempo, confirmar que os cr\u00e9ditos de carbono que est\u00e3o sendo adquiridos est\u00e3o&nbsp;dentro das metas de permiss\u00e3o de aquisi\u00e7\u00e3o&#8221;, explicou o advogado.<\/p>\n\n\n\n<p><strong>Negocia\u00e7\u00e3o<\/strong><br>A mat\u00e9ria foi aprovada na C\u00e2mara em dezembro de 2023 e esteve parada no Senado desde fevereiro deste ano. Alguns pontos ainda s\u00e3o sens\u00edveis aos parlamentares e pass\u00edveis de serem destacados durante vota\u00e7\u00e3o em plen\u00e1rio, avaliam fontes.<\/p>\n\n\n\n<p>Um deles \u00e9 a defini\u00e7\u00e3o dos percentuais de distribui\u00e7\u00e3o dos benef\u00edcios monet\u00e1rios da comercializa\u00e7\u00e3o dos cr\u00e9ditos entre projetos de manuten\u00e7\u00e3o da floresta e de reflorestamento para as comunidades ind\u00edgenas e tradicionais. Outra quest\u00e3o \u00e9 o funcionamento do Comit\u00ea Interministerial sobre Mudan\u00e7a do Clima, respons\u00e1vel pela regulamenta\u00e7\u00e3o do SBCE.<\/p>\n\n\n\n<p>&#8220;Os diferentes setores da economia querem poder ter voz dentro desse comit\u00ea que vai basicamente tocar o dia a dia desse novo mercado regulamentado que vai abrir&#8221;, destacou uma fonte.&nbsp;<\/p>\n\n\n\n<p>O relat\u00f3rio do Senado ainda apresenta diferen\u00e7as do texto aprovado na C\u00e2mara. Se a mat\u00e9ria passar com altera\u00e7\u00f5es, dever\u00e1 retornar para avalia\u00e7\u00e3o dos deputados.<\/p>\n","protected":false},"excerpt":{"rendered":"<p>Marisa Wanzeller, da Ag\u00eancia iNFRA As regras de compensa\u00e7\u00e3o previstas para emiss\u00e3o de gases do efeito estufa no&nbsp;PL (Projeto de Lei) 182\/2024, que regulamenta o mercado de carbono, desagradaram&nbsp;agentes termel\u00e9tricos. &#8220;N\u00f3s n\u00e3o somos contra a compensa\u00e7\u00e3o, mas desde que seja dentro de n\u00edveis adequados e previs\u00edveis&#8221;, disse o presidente da Abraget (Associa\u00e7\u00e3o Brasileira de Geradoras [&hellip;]<\/p>\n","protected":false},"author":1,"featured_media":12852,"comment_status":"closed","ping_status":"closed","sticky":false,"template":"","format":"standard","meta":{"_monsterinsights_skip_tracking":false,"_monsterinsights_sitenote_active":false,"_monsterinsights_sitenote_note":"","_monsterinsights_sitenote_category":0,"footnotes":""},"categories":[7250,1,10],"tags":[724,11657,4414,5065,10421,7789,3112,7366,11656,3360,631,1155],"class_list":["post-19008","post","type-post","status-publish","format-standard","has-post-thumbnail","hentry","category-destaque-lista","category-geral","category-infraenergia","tag-abraget","tag-compensacao","tag-efeito-estufa","tag-emissao-de-carbono","tag-emissoes","tag-gee","tag-leila-barros","tag-marisa-wanzeller","tag-pl-182-2024","tag-sin","tag-termicas","tag-xisto-vieira"],"yoast_head":"<!-- This site is optimized with the Yoast SEO Premium plugin v25.4 (Yoast SEO v26.0) - https:\/\/yoast.com\/wordpress\/plugins\/seo\/ -->\n<title>Compensa\u00e7\u00f5es para emiss\u00e3o de carbono em projeto de lei desagradam t\u00e9rmicas - Ag\u00eancia iNFRA<\/title>\n<meta name=\"robots\" content=\"index, follow, max-snippet:-1, max-image-preview:large, max-video-preview:-1\" \/>\n<link rel=\"canonical\" href=\"https:\/\/agenciainfra.com\/blog\/compensacoes-para-emissao-de-carbono-em-projeto-de-lei-desagradam-termicas\/\" \/>\n<meta property=\"og:locale\" content=\"pt_BR\" \/>\n<meta property=\"og:type\" content=\"article\" \/>\n<meta property=\"og:title\" content=\"Compensa\u00e7\u00f5es para emiss\u00e3o de carbono em projeto de lei desagradam t\u00e9rmicas\" \/>\n<meta property=\"og:description\" content=\"Marisa Wanzeller, da Ag\u00eancia iNFRA As regras de compensa\u00e7\u00e3o previstas para emiss\u00e3o de gases do efeito estufa no&nbsp;PL (Projeto de Lei) 182\/2024, que regulamenta o mercado de carbono, desagradaram&nbsp;agentes termel\u00e9tricos. &#8220;N\u00f3s n\u00e3o somos contra a compensa\u00e7\u00e3o, mas desde que seja dentro de n\u00edveis adequados e previs\u00edveis&#8221;, disse o presidente da Abraget (Associa\u00e7\u00e3o Brasileira de Geradoras [&hellip;]\" \/>\n<meta property=\"og:url\" content=\"https:\/\/agenciainfra.com\/blog\/compensacoes-para-emissao-de-carbono-em-projeto-de-lei-desagradam-termicas\/\" \/>\n<meta property=\"og:site_name\" content=\"Ag\u00eancia iNFRA\" \/>\n<meta property=\"article:publisher\" content=\"https:\/\/www.facebook.com\/ageninfra\" \/>\n<meta property=\"article:published_time\" content=\"2024-11-05T13:00:00+00:00\" \/>\n<meta property=\"article:modified_time\" content=\"2024-11-06T14:05:11+00:00\" \/>\n<meta property=\"og:image\" content=\"https:\/\/agenciainfra.com\/blog\/wp-content\/uploads\/2023\/06\/arvores-mercado-de-carbono-foto-governo-federal.jpeg\" \/>\n\t<meta property=\"og:image:width\" content=\"1201\" \/>\n\t<meta property=\"og:image:height\" content=\"718\" \/>\n\t<meta property=\"og:image:type\" content=\"image\/jpeg\" \/>\n<meta name=\"author\" content=\"Ag\u00eancia iNFRA\" \/>\n<meta name=\"twitter:card\" content=\"summary_large_image\" \/>\n<meta name=\"twitter:creator\" content=\"@agencia_infra\" \/>\n<meta name=\"twitter:site\" content=\"@agencia_infra\" \/>\n<meta name=\"twitter:label1\" content=\"Escrito por\" \/>\n\t<meta name=\"twitter:data1\" content=\"Ag\u00eancia iNFRA\" \/>\n\t<meta name=\"twitter:label2\" content=\"Est. tempo de leitura\" \/>\n\t<meta name=\"twitter:data2\" content=\"4 minutos\" \/>\n<script type=\"application\/ld+json\" class=\"yoast-schema-graph\">{\"@context\":\"https:\/\/schema.org\",\"@graph\":[{\"@type\":\"Article\",\"@id\":\"https:\/\/agenciainfra.com\/blog\/compensacoes-para-emissao-de-carbono-em-projeto-de-lei-desagradam-termicas\/#article\",\"isPartOf\":{\"@id\":\"https:\/\/agenciainfra.com\/blog\/compensacoes-para-emissao-de-carbono-em-projeto-de-lei-desagradam-termicas\/\"},\"author\":{\"name\":\"Ag\u00eancia iNFRA\",\"@id\":\"https:\/\/agenciainfra.com\/blog\/#\/schema\/person\/34af08dff6adea4cb22b06612ba7acfa\"},\"headline\":\"Compensa\u00e7\u00f5es para emiss\u00e3o de carbono em projeto de lei desagradam t\u00e9rmicas\",\"datePublished\":\"2024-11-05T13:00:00+00:00\",\"dateModified\":\"2024-11-06T14:05:11+00:00\",\"mainEntityOfPage\":{\"@id\":\"https:\/\/agenciainfra.com\/blog\/compensacoes-para-emissao-de-carbono-em-projeto-de-lei-desagradam-termicas\/\"},\"wordCount\":811,\"publisher\":{\"@id\":\"https:\/\/agenciainfra.com\/blog\/#organization\"},\"image\":{\"@id\":\"https:\/\/agenciainfra.com\/blog\/compensacoes-para-emissao-de-carbono-em-projeto-de-lei-desagradam-termicas\/#primaryimage\"},\"thumbnailUrl\":\"https:\/\/agenciainfra.com\/blog\/wp-content\/uploads\/2023\/06\/arvores-mercado-de-carbono-foto-governo-federal.jpeg\",\"keywords\":[\"abraget\",\"compensa\u00e7\u00e3o\",\"efeito estufa\",\"emiss\u00e3o de carbono\",\"emiss\u00f5es\",\"GEE\",\"Leila Barros\",\"Marisa Wanzeller\",\"PL 182\/2024\",\"SIN\",\"t\u00e9rmicas\",\"Xisto Vieira\"],\"articleSection\":[\"Destaque lista\",\"Geral\",\"iNFRAEnergia\"],\"inLanguage\":\"pt-BR\",\"copyrightYear\":\"2024\",\"copyrightHolder\":{\"@id\":\"https:\/\/agenciainfra.com\/blog\/#organization\"}},{\"@type\":\"WebPage\",\"@id\":\"https:\/\/agenciainfra.com\/blog\/compensacoes-para-emissao-de-carbono-em-projeto-de-lei-desagradam-termicas\/\",\"url\":\"https:\/\/agenciainfra.com\/blog\/compensacoes-para-emissao-de-carbono-em-projeto-de-lei-desagradam-termicas\/\",\"name\":\"Compensa\u00e7\u00f5es para emiss\u00e3o de carbono em projeto de lei desagradam t\u00e9rmicas - Ag\u00eancia iNFRA\",\"isPartOf\":{\"@id\":\"https:\/\/agenciainfra.com\/blog\/#website\"},\"primaryImageOfPage\":{\"@id\":\"https:\/\/agenciainfra.com\/blog\/compensacoes-para-emissao-de-carbono-em-projeto-de-lei-desagradam-termicas\/#primaryimage\"},\"image\":{\"@id\":\"https:\/\/agenciainfra.com\/blog\/compensacoes-para-emissao-de-carbono-em-projeto-de-lei-desagradam-termicas\/#primaryimage\"},\"thumbnailUrl\":\"https:\/\/agenciainfra.com\/blog\/wp-content\/uploads\/2023\/06\/arvores-mercado-de-carbono-foto-governo-federal.jpeg\",\"datePublished\":\"2024-11-05T13:00:00+00:00\",\"dateModified\":\"2024-11-06T14:05:11+00:00\",\"breadcrumb\":{\"@id\":\"https:\/\/agenciainfra.com\/blog\/compensacoes-para-emissao-de-carbono-em-projeto-de-lei-desagradam-termicas\/#breadcrumb\"},\"inLanguage\":\"pt-BR\",\"potentialAction\":[{\"@type\":\"ReadAction\",\"target\":[\"https:\/\/agenciainfra.com\/blog\/compensacoes-para-emissao-de-carbono-em-projeto-de-lei-desagradam-termicas\/\"]}]},{\"@type\":\"ImageObject\",\"inLanguage\":\"pt-BR\",\"@id\":\"https:\/\/agenciainfra.com\/blog\/compensacoes-para-emissao-de-carbono-em-projeto-de-lei-desagradam-termicas\/#primaryimage\",\"url\":\"https:\/\/agenciainfra.com\/blog\/wp-content\/uploads\/2023\/06\/arvores-mercado-de-carbono-foto-governo-federal.jpeg\",\"contentUrl\":\"https:\/\/agenciainfra.com\/blog\/wp-content\/uploads\/2023\/06\/arvores-mercado-de-carbono-foto-governo-federal.jpeg\",\"width\":1201,\"height\":718,\"caption\":\"Foto: Divulga\u00e7\u00e3o\/Governo Federal\"},{\"@type\":\"BreadcrumbList\",\"@id\":\"https:\/\/agenciainfra.com\/blog\/compensacoes-para-emissao-de-carbono-em-projeto-de-lei-desagradam-termicas\/#breadcrumb\",\"itemListElement\":[{\"@type\":\"ListItem\",\"position\":1,\"name\":\"In\u00edcio\",\"item\":\"https:\/\/agenciainfra.com\/blog\/\"},{\"@type\":\"ListItem\",\"position\":2,\"name\":\"Compensa\u00e7\u00f5es para emiss\u00e3o de carbono em projeto de lei desagradam t\u00e9rmicas\"}]},{\"@type\":\"WebSite\",\"@id\":\"https:\/\/agenciainfra.com\/blog\/#website\",\"url\":\"https:\/\/agenciainfra.com\/blog\/\",\"name\":\"Ag\u00eancia iNFRA\",\"description\":\"Multiplataforma de informa\u00e7\u00e3o jornal\u00edstica refer\u00eancia na \u00e1rea de infraestrutura no Brasil!\",\"publisher\":{\"@id\":\"https:\/\/agenciainfra.com\/blog\/#organization\"},\"potentialAction\":[{\"@type\":\"SearchAction\",\"target\":{\"@type\":\"EntryPoint\",\"urlTemplate\":\"https:\/\/agenciainfra.com\/blog\/?s={search_term_string}\"},\"query-input\":{\"@type\":\"PropertyValueSpecification\",\"valueRequired\":true,\"valueName\":\"search_term_string\"}}],\"inLanguage\":\"pt-BR\"},{\"@type\":\"Organization\",\"@id\":\"https:\/\/agenciainfra.com\/blog\/#organization\",\"name\":\"Ag\u00eancia iNFRA\",\"url\":\"https:\/\/agenciainfra.com\/blog\/\",\"logo\":{\"@type\":\"ImageObject\",\"inLanguage\":\"pt-BR\",\"@id\":\"https:\/\/agenciainfra.com\/blog\/#\/schema\/logo\/image\/\",\"url\":\"https:\/\/agenciainfra.com\/blog\/wp-content\/uploads\/2023\/09\/iNFRA_5-e1761735885940.png\",\"contentUrl\":\"https:\/\/agenciainfra.com\/blog\/wp-content\/uploads\/2023\/09\/iNFRA_5-e1761735885940.png\",\"width\":1672,\"height\":454,\"caption\":\"Ag\u00eancia iNFRA\"},\"image\":{\"@id\":\"https:\/\/agenciainfra.com\/blog\/#\/schema\/logo\/image\/\"},\"sameAs\":[\"https:\/\/www.facebook.com\/ageninfra\",\"https:\/\/x.com\/agencia_infra\",\"https:\/\/www.linkedin.com\/company\/ag\u00eanciainfra\/\",\"https:\/\/www.instagram.com\/agenciainfra\/\"]},{\"@type\":\"Person\",\"@id\":\"https:\/\/agenciainfra.com\/blog\/#\/schema\/person\/34af08dff6adea4cb22b06612ba7acfa\",\"name\":\"Ag\u00eancia iNFRA\",\"image\":{\"@type\":\"ImageObject\",\"inLanguage\":\"pt-BR\",\"@id\":\"https:\/\/agenciainfra.com\/blog\/#\/schema\/person\/image\/\",\"url\":\"https:\/\/secure.gravatar.com\/avatar\/d189e01678f06d8eb84d4e01f08eb848b3fffe3f8443818d3c356c66892f5be8?s=96&d=mm&r=g\",\"contentUrl\":\"https:\/\/secure.gravatar.com\/avatar\/d189e01678f06d8eb84d4e01f08eb848b3fffe3f8443818d3c356c66892f5be8?s=96&d=mm&r=g\",\"caption\":\"Ag\u00eancia iNFRA\"},\"url\":\"https:\/\/agenciainfra.com\/blog\/author\/admin\/\"}]}<\/script>\n<!-- \/ Yoast SEO Premium plugin. -->","yoast_head_json":{"title":"Compensa\u00e7\u00f5es para emiss\u00e3o de carbono em projeto de lei desagradam t\u00e9rmicas - Ag\u00eancia iNFRA","robots":{"index":"index","follow":"follow","max-snippet":"max-snippet:-1","max-image-preview":"max-image-preview:large","max-video-preview":"max-video-preview:-1"},"canonical":"https:\/\/agenciainfra.com\/blog\/compensacoes-para-emissao-de-carbono-em-projeto-de-lei-desagradam-termicas\/","og_locale":"pt_BR","og_type":"article","og_title":"Compensa\u00e7\u00f5es para emiss\u00e3o de carbono em projeto de lei desagradam t\u00e9rmicas","og_description":"Marisa Wanzeller, da Ag\u00eancia iNFRA As regras de compensa\u00e7\u00e3o previstas para emiss\u00e3o de gases do efeito estufa no&nbsp;PL (Projeto de Lei) 182\/2024, que regulamenta o mercado de carbono, desagradaram&nbsp;agentes termel\u00e9tricos. &#8220;N\u00f3s n\u00e3o somos contra a compensa\u00e7\u00e3o, mas desde que seja dentro de n\u00edveis adequados e previs\u00edveis&#8221;, disse o presidente da Abraget (Associa\u00e7\u00e3o Brasileira de Geradoras [&hellip;]","og_url":"https:\/\/agenciainfra.com\/blog\/compensacoes-para-emissao-de-carbono-em-projeto-de-lei-desagradam-termicas\/","og_site_name":"Ag\u00eancia iNFRA","article_publisher":"https:\/\/www.facebook.com\/ageninfra","article_published_time":"2024-11-05T13:00:00+00:00","article_modified_time":"2024-11-06T14:05:11+00:00","og_image":[{"width":1201,"height":718,"url":"https:\/\/agenciainfra.com\/blog\/wp-content\/uploads\/2023\/06\/arvores-mercado-de-carbono-foto-governo-federal.jpeg","type":"image\/jpeg"}],"author":"Ag\u00eancia iNFRA","twitter_card":"summary_large_image","twitter_creator":"@agencia_infra","twitter_site":"@agencia_infra","twitter_misc":{"Escrito por":"Ag\u00eancia iNFRA","Est. tempo de leitura":"4 minutos"},"schema":{"@context":"https:\/\/schema.org","@graph":[{"@type":"Article","@id":"https:\/\/agenciainfra.com\/blog\/compensacoes-para-emissao-de-carbono-em-projeto-de-lei-desagradam-termicas\/#article","isPartOf":{"@id":"https:\/\/agenciainfra.com\/blog\/compensacoes-para-emissao-de-carbono-em-projeto-de-lei-desagradam-termicas\/"},"author":{"name":"Ag\u00eancia iNFRA","@id":"https:\/\/agenciainfra.com\/blog\/#\/schema\/person\/34af08dff6adea4cb22b06612ba7acfa"},"headline":"Compensa\u00e7\u00f5es para emiss\u00e3o de carbono em projeto de lei desagradam t\u00e9rmicas","datePublished":"2024-11-05T13:00:00+00:00","dateModified":"2024-11-06T14:05:11+00:00","mainEntityOfPage":{"@id":"https:\/\/agenciainfra.com\/blog\/compensacoes-para-emissao-de-carbono-em-projeto-de-lei-desagradam-termicas\/"},"wordCount":811,"publisher":{"@id":"https:\/\/agenciainfra.com\/blog\/#organization"},"image":{"@id":"https:\/\/agenciainfra.com\/blog\/compensacoes-para-emissao-de-carbono-em-projeto-de-lei-desagradam-termicas\/#primaryimage"},"thumbnailUrl":"https:\/\/agenciainfra.com\/blog\/wp-content\/uploads\/2023\/06\/arvores-mercado-de-carbono-foto-governo-federal.jpeg","keywords":["abraget","compensa\u00e7\u00e3o","efeito estufa","emiss\u00e3o de carbono","emiss\u00f5es","GEE","Leila Barros","Marisa Wanzeller","PL 182\/2024","SIN","t\u00e9rmicas","Xisto Vieira"],"articleSection":["Destaque lista","Geral","iNFRAEnergia"],"inLanguage":"pt-BR","copyrightYear":"2024","copyrightHolder":{"@id":"https:\/\/agenciainfra.com\/blog\/#organization"}},{"@type":"WebPage","@id":"https:\/\/agenciainfra.com\/blog\/compensacoes-para-emissao-de-carbono-em-projeto-de-lei-desagradam-termicas\/","url":"https:\/\/agenciainfra.com\/blog\/compensacoes-para-emissao-de-carbono-em-projeto-de-lei-desagradam-termicas\/","name":"Compensa\u00e7\u00f5es para emiss\u00e3o de carbono em projeto de lei desagradam t\u00e9rmicas - Ag\u00eancia iNFRA","isPartOf":{"@id":"https:\/\/agenciainfra.com\/blog\/#website"},"primaryImageOfPage":{"@id":"https:\/\/agenciainfra.com\/blog\/compensacoes-para-emissao-de-carbono-em-projeto-de-lei-desagradam-termicas\/#primaryimage"},"image":{"@id":"https:\/\/agenciainfra.com\/blog\/compensacoes-para-emissao-de-carbono-em-projeto-de-lei-desagradam-termicas\/#primaryimage"},"thumbnailUrl":"https:\/\/agenciainfra.com\/blog\/wp-content\/uploads\/2023\/06\/arvores-mercado-de-carbono-foto-governo-federal.jpeg","datePublished":"2024-11-05T13:00:00+00:00","dateModified":"2024-11-06T14:05:11+00:00","breadcrumb":{"@id":"https:\/\/agenciainfra.com\/blog\/compensacoes-para-emissao-de-carbono-em-projeto-de-lei-desagradam-termicas\/#breadcrumb"},"inLanguage":"pt-BR","potentialAction":[{"@type":"ReadAction","target":["https:\/\/agenciainfra.com\/blog\/compensacoes-para-emissao-de-carbono-em-projeto-de-lei-desagradam-termicas\/"]}]},{"@type":"ImageObject","inLanguage":"pt-BR","@id":"https:\/\/agenciainfra.com\/blog\/compensacoes-para-emissao-de-carbono-em-projeto-de-lei-desagradam-termicas\/#primaryimage","url":"https:\/\/agenciainfra.com\/blog\/wp-content\/uploads\/2023\/06\/arvores-mercado-de-carbono-foto-governo-federal.jpeg","contentUrl":"https:\/\/agenciainfra.com\/blog\/wp-content\/uploads\/2023\/06\/arvores-mercado-de-carbono-foto-governo-federal.jpeg","width":1201,"height":718,"caption":"Foto: Divulga\u00e7\u00e3o\/Governo Federal"},{"@type":"BreadcrumbList","@id":"https:\/\/agenciainfra.com\/blog\/compensacoes-para-emissao-de-carbono-em-projeto-de-lei-desagradam-termicas\/#breadcrumb","itemListElement":[{"@type":"ListItem","position":1,"name":"In\u00edcio","item":"https:\/\/agenciainfra.com\/blog\/"},{"@type":"ListItem","position":2,"name":"Compensa\u00e7\u00f5es para emiss\u00e3o de carbono em projeto de lei desagradam t\u00e9rmicas"}]},{"@type":"WebSite","@id":"https:\/\/agenciainfra.com\/blog\/#website","url":"https:\/\/agenciainfra.com\/blog\/","name":"Ag\u00eancia iNFRA","description":"Multiplataforma de informa\u00e7\u00e3o jornal\u00edstica refer\u00eancia na \u00e1rea de infraestrutura no Brasil!","publisher":{"@id":"https:\/\/agenciainfra.com\/blog\/#organization"},"potentialAction":[{"@type":"SearchAction","target":{"@type":"EntryPoint","urlTemplate":"https:\/\/agenciainfra.com\/blog\/?s={search_term_string}"},"query-input":{"@type":"PropertyValueSpecification","valueRequired":true,"valueName":"search_term_string"}}],"inLanguage":"pt-BR"},{"@type":"Organization","@id":"https:\/\/agenciainfra.com\/blog\/#organization","name":"Ag\u00eancia iNFRA","url":"https:\/\/agenciainfra.com\/blog\/","logo":{"@type":"ImageObject","inLanguage":"pt-BR","@id":"https:\/\/agenciainfra.com\/blog\/#\/schema\/logo\/image\/","url":"https:\/\/agenciainfra.com\/blog\/wp-content\/uploads\/2023\/09\/iNFRA_5-e1761735885940.png","contentUrl":"https:\/\/agenciainfra.com\/blog\/wp-content\/uploads\/2023\/09\/iNFRA_5-e1761735885940.png","width":1672,"height":454,"caption":"Ag\u00eancia iNFRA"},"image":{"@id":"https:\/\/agenciainfra.com\/blog\/#\/schema\/logo\/image\/"},"sameAs":["https:\/\/www.facebook.com\/ageninfra","https:\/\/x.com\/agencia_infra","https:\/\/www.linkedin.com\/company\/ag\u00eanciainfra\/","https:\/\/www.instagram.com\/agenciainfra\/"]},{"@type":"Person","@id":"https:\/\/agenciainfra.com\/blog\/#\/schema\/person\/34af08dff6adea4cb22b06612ba7acfa","name":"Ag\u00eancia iNFRA","image":{"@type":"ImageObject","inLanguage":"pt-BR","@id":"https:\/\/agenciainfra.com\/blog\/#\/schema\/person\/image\/","url":"https:\/\/secure.gravatar.com\/avatar\/d189e01678f06d8eb84d4e01f08eb848b3fffe3f8443818d3c356c66892f5be8?s=96&d=mm&r=g","contentUrl":"https:\/\/secure.gravatar.com\/avatar\/d189e01678f06d8eb84d4e01f08eb848b3fffe3f8443818d3c356c66892f5be8?s=96&d=mm&r=g","caption":"Ag\u00eancia iNFRA"},"url":"https:\/\/agenciainfra.com\/blog\/author\/admin\/"}]}},"_links":{"self":[{"href":"https:\/\/agenciainfra.com\/blog\/wp-json\/wp\/v2\/posts\/19008","targetHints":{"allow":["GET"]}}],"collection":[{"href":"https:\/\/agenciainfra.com\/blog\/wp-json\/wp\/v2\/posts"}],"about":[{"href":"https:\/\/agenciainfra.com\/blog\/wp-json\/wp\/v2\/types\/post"}],"author":[{"embeddable":true,"href":"https:\/\/agenciainfra.com\/blog\/wp-json\/wp\/v2\/users\/1"}],"replies":[{"embeddable":true,"href":"https:\/\/agenciainfra.com\/blog\/wp-json\/wp\/v2\/comments?post=19008"}],"version-history":[{"count":1,"href":"https:\/\/agenciainfra.com\/blog\/wp-json\/wp\/v2\/posts\/19008\/revisions"}],"predecessor-version":[{"id":19009,"href":"https:\/\/agenciainfra.com\/blog\/wp-json\/wp\/v2\/posts\/19008\/revisions\/19009"}],"wp:featuredmedia":[{"embeddable":true,"href":"https:\/\/agenciainfra.com\/blog\/wp-json\/wp\/v2\/media\/12852"}],"wp:attachment":[{"href":"https:\/\/agenciainfra.com\/blog\/wp-json\/wp\/v2\/media?parent=19008"}],"wp:term":[{"taxonomy":"category","embeddable":true,"href":"https:\/\/agenciainfra.com\/blog\/wp-json\/wp\/v2\/categories?post=19008"},{"taxonomy":"post_tag","embeddable":true,"href":"https:\/\/agenciainfra.com\/blog\/wp-json\/wp\/v2\/tags?post=19008"}],"curies":[{"name":"wp","href":"https:\/\/api.w.org\/{rel}","templated":true}]}}