{"id":19014,"date":"2024-11-06T15:30:00","date_gmt":"2024-11-06T18:30:00","guid":{"rendered":"https:\/\/agenciainfra.com\/blog\/?p=19014"},"modified":"2024-11-06T19:51:12","modified_gmt":"2024-11-06T22:51:12","slug":"opiniao-diretoria-da-antt-aprova-proposta-de-solucao-consensual-construida-entre-a-crt-e-a-procuradoria-federal-junto-a-antt","status":"publish","type":"post","link":"https:\/\/agenciainfra.com\/blog\/opiniao-diretoria-da-antt-aprova-proposta-de-solucao-consensual-construida-entre-a-crt-e-a-procuradoria-federal-junto-a-antt\/","title":{"rendered":"Opini\u00e3o \u2013 Diretoria da ANTT aprova proposta de solu\u00e7\u00e3o consensual constru\u00edda entre a CRT e a Procuradoria Federal junto \u00e0 ANTT"},"content":{"rendered":"\n<p class=\"has-text-align-right\"><strong>Amanda Ribeiro Lemos*<\/strong><\/p>\n\n\n\n<p>A ANTT (Ag\u00eancia Nacional de Transportes Terrestres) aprovou, no dia 17 de outubro, acordo realizado por meio da rec\u00e9m-criada Compor (C\u00e2mara de Negocia\u00e7\u00e3o e Solu\u00e7\u00e3o de Controv\u00e9rsias) com a CRT (Concession\u00e1ria Rio-Teres\u00f3polis), um dos primeiros a serem celebrados perante a referida C\u00e2mara.<\/p>\n\n\n\n<p>Os denominados m\u00e9todos adequados de preven\u00e7\u00e3o e resolu\u00e7\u00e3o de conflitos t\u00eam sido cada vez mais utilizados em virtude de seus benef\u00edcios, tais como a celeridade e a redu\u00e7\u00e3o de custos transacionais, quando comparados com os altos valores e a morosidade inerentes ao Poder Judici\u00e1rio.<\/p>\n\n\n\n<p>No entanto, mesmo diante dos diversos incentivos, a concilia\u00e7\u00e3o com o Poder P\u00fablico apresenta particularidades, em face da necessidade de comprovar a <strong>vantajosidade<\/strong> da negocia\u00e7\u00e3o, haja vista que tal requisito apresenta diversas facetas e que a sua demonstra\u00e7\u00e3o exige um estudo detalhado do caso concreto.<\/p>\n\n\n\n<p>N\u00e3o fosse o bastante, mesmo com estudos detalhados, qualquer transa\u00e7\u00e3o que envolva recursos p\u00fablicos sempre poder\u00e1 ser revista e questionada por \u00f3rg\u00e3os de controle, o que \u00e9 um risco sopesado por gestores quando enfrentam o dilema de agir para resolver o problema ou se omitir.<\/p>\n\n\n\n<p>Diante dessas dificuldades, as partes muitas vezes se socorrem ao Poder Judici\u00e1rio, mesmo que essa n\u00e3o seja a op\u00e7\u00e3o mais interessante do ponto de vista pr\u00e1tico e financeiro.<\/p>\n\n\n\n<p>Eis, exatamente, o caso da CRT que h\u00e1 anos litigava judicialmente em desfavor da ANTT objetivando a anula\u00e7\u00e3o de multas que lhe foram aplicadas em valores desarrazoados e desproporcionais.<\/p>\n\n\n\n<p>O lit\u00edgio envolvia sete a\u00e7\u00f5es anulat\u00f3rias ajuizadas pela Concession\u00e1ria e quatro execu\u00e7\u00f5es propostas pela ag\u00eancia e, apesar de tramitarem h\u00e1 mais quatro anos, a maioria das demandas at\u00e9 este momento n\u00e3o tinha sido sequer julgada em primeira inst\u00e2ncia.<\/p>\n\n\n\n<p>O caso ainda apresentava uma especificidade, dado que, ap\u00f3s a judicializa\u00e7\u00e3o das a\u00e7\u00f5es, a ANTT reconheceu em um processo administrativo que assistia raz\u00e3o \u00e0 Concession\u00e1ria no tocante \u00e0 aplica\u00e7\u00e3o da multa em valor superior ao que deveria ter sido aplicado.<\/p>\n\n\n\n<p>No entanto, os normativos vigentes impediam a aplica\u00e7\u00e3o daquele entendimento aos processos administrativos j\u00e1 transitados em julgados no \u00e2mbito da ANTT e que se encontravam judicializados. Assim, n\u00e3o havia outra op\u00e7\u00e3o \u00e0 concession\u00e1ria, sen\u00e3o prosseguir com os lit\u00edgios na esfera judicial.<\/p>\n\n\n\n<p>A institui\u00e7\u00e3o da Compor da ANTT, com a Instru\u00e7\u00e3o Normativa Conjunta n\u00ba 1, de 21 de dezembro de 2023, alterou esse cen\u00e1rio, possibilitando a solu\u00e7\u00e3o consensual desse lit\u00edgio a partir da instaura\u00e7\u00e3o do Procedimento de Negocia\u00e7\u00e3o e Solu\u00e7\u00e3o de Controv\u00e9rsias no qual a quest\u00e3o foi analisada de forma pragm\u00e1tica, com a devida an\u00e1lise da vantajosidade.<\/p>\n\n\n\n<p>Em uma solu\u00e7\u00e3o consensual com a ora analisada, dificilmente o acordo atender\u00e1 integralmente \u00e0 vontade e aos anseios de qualquer das partes. Em regra, haver\u00e1 concess\u00f5es rec\u00edprocas entre os envolvidos, na busca de uma proposta que atenda ao interesse de ambos e que se revele vantajosa, apesar das ren\u00fancias m\u00fatuas.<\/p>\n\n\n\n<p>No caso em quest\u00e3o, a concession\u00e1ria se comprometeu a aceitar nova decis\u00e3o administrativa, renunciando ao direito de discutir a quest\u00e3o em \u00e2mbito judicial e \u00e0 eventual alega\u00e7\u00e3o de prescri\u00e7\u00e3o. Em contrapartida, os valores da multa foram corrigidos para os montantes corretos que deveriam ter sido aplicados desde o in\u00edcio, com a concess\u00e3o do desconto previsto no art. 86 da Resolu\u00e7\u00e3o n\u00ba 5.083\/2016, em cima dos valores reajustados. O resultado das negocia\u00e7\u00f5es evidencia que bastava haver um mecanismo de concilia\u00e7\u00e3o para viabilizar uma solu\u00e7\u00e3o razo\u00e1vel e justa, de acordo com o interesse p\u00fablico.<\/p>\n\n\n\n<p>Como aspectos aptos a demonstrar a vantajosidade, a diretoria da ANTT destacou (i) a uniformidade de regulamenta\u00e7\u00e3o por parte da ag\u00eancia, evitando decis\u00f5es divergentes e assegurando a isonomia; (ii) a celeridade na resolu\u00e7\u00e3o da quest\u00e3o, com a extin\u00e7\u00e3o das 11 a\u00e7\u00f5es judiciais relacionadas ao tema e (iii) o pronto pagamento das multas, no prazo de 30 dias. O Termo de Consenso possibilitou a consolida\u00e7\u00e3o de um compromisso para pagamento mais c\u00e9lere dos valores devidos pela Concession\u00e1ria e, ainda, encerrou as a\u00e7\u00f5es judiciais, apresentando-se como uma constru\u00e7\u00e3o adequada e vantajosa tanto para a Administra\u00e7\u00e3o P\u00fablica quanto para a CRT.<\/p>\n\n\n\n<p><strong>* Amanda Ribeiro Lemos<\/strong> \u00e9 advogada do Piquet, Magaldi e Guedes Advogados. P\u00f3s-graduada em Direito Civil e Processo Civil pela Escola da Magistratura. Graduada em Direito pelo Centro Universit\u00e1rio de Bras\u00edlia.<\/p>\n\n\n\n<p class=\"has-luminous-vivid-orange-color has-text-color has-link-color wp-elements-fd3f544adf696c46a4d36363cd72c59e\">As opini\u00f5es dos autores n\u00e3o refletem necessariamente o pensamento da<strong> Ag\u00eancia iNFRA<\/strong>, sendo de total responsabilidade do autor as informa\u00e7\u00f5es, ju\u00edzos de valor e conceitos descritos no texto.<\/p>\n","protected":false},"excerpt":{"rendered":"<p>Amanda Ribeiro Lemos* A ANTT (Ag\u00eancia Nacional de Transportes Terrestres) aprovou, no dia 17 de outubro, acordo realizado por meio da rec\u00e9m-criada Compor (C\u00e2mara de Negocia\u00e7\u00e3o e Solu\u00e7\u00e3o de Controv\u00e9rsias) com a CRT (Concession\u00e1ria Rio-Teres\u00f3polis), um dos primeiros a serem celebrados perante a referida C\u00e2mara. Os denominados m\u00e9todos adequados de preven\u00e7\u00e3o e resolu\u00e7\u00e3o de conflitos [&hellip;]<\/p>\n","protected":false},"author":1,"featured_media":19015,"comment_status":"closed","ping_status":"closed","sticky":false,"template":"","format":"standard","meta":{"_monsterinsights_skip_tracking":false,"_monsterinsights_sitenote_active":false,"_monsterinsights_sitenote_note":"","_monsterinsights_sitenote_category":0,"footnotes":""},"categories":[7250,1,7,10040],"tags":[6281,19,11661,9578,8238,687,10317,11663,6379],"class_list":["post-19014","post","type-post","status-publish","format-standard","has-post-thumbnail","hentry","category-destaque-lista","category-geral","category-infratransporte","category-opiniao","tag-amanda-ribeiro-lemos","tag-antt","tag-compor","tag-concessionaria-rio-teresopolis-2","tag-controversias","tag-crt","tag-opiniao","tag-piquet-magald-e-guedes-advogados","tag-solucao-consensual"],"yoast_head":"<!-- This site is optimized with the Yoast SEO Premium plugin v25.4 (Yoast SEO v26.0) - https:\/\/yoast.com\/wordpress\/plugins\/seo\/ -->\n<title>Opini\u00e3o \u2013 Diretoria da ANTT aprova proposta de solu\u00e7\u00e3o consensual constru\u00edda entre a CRT e a Procuradoria Federal junto \u00e0 ANTT - Ag\u00eancia iNFRA<\/title>\n<meta name=\"robots\" content=\"index, follow, max-snippet:-1, max-image-preview:large, max-video-preview:-1\" \/>\n<link rel=\"canonical\" href=\"https:\/\/agenciainfra.com\/blog\/opiniao-diretoria-da-antt-aprova-proposta-de-solucao-consensual-construida-entre-a-crt-e-a-procuradoria-federal-junto-a-antt\/\" \/>\n<meta property=\"og:locale\" content=\"pt_BR\" \/>\n<meta property=\"og:type\" content=\"article\" \/>\n<meta property=\"og:title\" content=\"Opini\u00e3o \u2013 Diretoria da ANTT aprova proposta de solu\u00e7\u00e3o consensual constru\u00edda entre a CRT e a Procuradoria Federal junto \u00e0 ANTT\" \/>\n<meta property=\"og:description\" content=\"Amanda Ribeiro Lemos* A ANTT (Ag\u00eancia Nacional de Transportes Terrestres) aprovou, no dia 17 de outubro, acordo realizado por meio da rec\u00e9m-criada Compor (C\u00e2mara de Negocia\u00e7\u00e3o e Solu\u00e7\u00e3o de Controv\u00e9rsias) com a CRT (Concession\u00e1ria Rio-Teres\u00f3polis), um dos primeiros a serem celebrados perante a referida C\u00e2mara. Os denominados m\u00e9todos adequados de preven\u00e7\u00e3o e resolu\u00e7\u00e3o de conflitos [&hellip;]\" \/>\n<meta property=\"og:url\" content=\"https:\/\/agenciainfra.com\/blog\/opiniao-diretoria-da-antt-aprova-proposta-de-solucao-consensual-construida-entre-a-crt-e-a-procuradoria-federal-junto-a-antt\/\" \/>\n<meta property=\"og:site_name\" content=\"Ag\u00eancia iNFRA\" \/>\n<meta property=\"article:publisher\" content=\"https:\/\/www.facebook.com\/ageninfra\" \/>\n<meta property=\"article:published_time\" content=\"2024-11-06T18:30:00+00:00\" \/>\n<meta property=\"article:modified_time\" content=\"2024-11-06T22:51:12+00:00\" \/>\n<meta property=\"og:image\" content=\"https:\/\/agenciainfra.com\/blog\/wp-content\/uploads\/2024\/11\/amanda-foto-opiniao-artigo2-e1730823130885.jpeg\" \/>\n\t<meta property=\"og:image:width\" content=\"1180\" \/>\n\t<meta property=\"og:image:height\" content=\"888\" \/>\n\t<meta property=\"og:image:type\" content=\"image\/jpeg\" \/>\n<meta name=\"author\" content=\"Ag\u00eancia iNFRA\" \/>\n<meta name=\"twitter:card\" content=\"summary_large_image\" \/>\n<meta name=\"twitter:creator\" content=\"@agencia_infra\" \/>\n<meta name=\"twitter:site\" content=\"@agencia_infra\" \/>\n<meta name=\"twitter:label1\" content=\"Escrito por\" \/>\n\t<meta name=\"twitter:data1\" content=\"Ag\u00eancia iNFRA\" \/>\n\t<meta name=\"twitter:label2\" content=\"Est. tempo de leitura\" \/>\n\t<meta name=\"twitter:data2\" content=\"4 minutos\" \/>\n<script type=\"application\/ld+json\" class=\"yoast-schema-graph\">{\"@context\":\"https:\/\/schema.org\",\"@graph\":[{\"@type\":\"Article\",\"@id\":\"https:\/\/agenciainfra.com\/blog\/opiniao-diretoria-da-antt-aprova-proposta-de-solucao-consensual-construida-entre-a-crt-e-a-procuradoria-federal-junto-a-antt\/#article\",\"isPartOf\":{\"@id\":\"https:\/\/agenciainfra.com\/blog\/opiniao-diretoria-da-antt-aprova-proposta-de-solucao-consensual-construida-entre-a-crt-e-a-procuradoria-federal-junto-a-antt\/\"},\"author\":{\"name\":\"Ag\u00eancia iNFRA\",\"@id\":\"https:\/\/agenciainfra.com\/blog\/#\/schema\/person\/34af08dff6adea4cb22b06612ba7acfa\"},\"headline\":\"Opini\u00e3o \u2013 Diretoria da ANTT aprova proposta de solu\u00e7\u00e3o consensual constru\u00edda entre a CRT e a Procuradoria Federal junto \u00e0 ANTT\",\"datePublished\":\"2024-11-06T18:30:00+00:00\",\"dateModified\":\"2024-11-06T22:51:12+00:00\",\"mainEntityOfPage\":{\"@id\":\"https:\/\/agenciainfra.com\/blog\/opiniao-diretoria-da-antt-aprova-proposta-de-solucao-consensual-construida-entre-a-crt-e-a-procuradoria-federal-junto-a-antt\/\"},\"wordCount\":817,\"publisher\":{\"@id\":\"https:\/\/agenciainfra.com\/blog\/#organization\"},\"image\":{\"@id\":\"https:\/\/agenciainfra.com\/blog\/opiniao-diretoria-da-antt-aprova-proposta-de-solucao-consensual-construida-entre-a-crt-e-a-procuradoria-federal-junto-a-antt\/#primaryimage\"},\"thumbnailUrl\":\"https:\/\/agenciainfra.com\/blog\/wp-content\/uploads\/2024\/11\/amanda-foto-opiniao-artigo2-e1730823130885.jpeg\",\"keywords\":[\"Amanda Ribeiro Lemos\",\"ANTT\",\"compor\",\"Concession\u00e1ria Rio-Teres\u00f3polis\",\"Controv\u00e9rsias\",\"CRT\",\"opini\u00e3o\",\"Piquet Magald e Guedes Advogados\",\"solu\u00e7\u00e3o consensual\"],\"articleSection\":[\"Destaque lista\",\"Geral\",\"iNFRATransporte\",\"Opini\u00e3o\"],\"inLanguage\":\"pt-BR\",\"copyrightYear\":\"2024\",\"copyrightHolder\":{\"@id\":\"https:\/\/agenciainfra.com\/blog\/#organization\"}},{\"@type\":\"WebPage\",\"@id\":\"https:\/\/agenciainfra.com\/blog\/opiniao-diretoria-da-antt-aprova-proposta-de-solucao-consensual-construida-entre-a-crt-e-a-procuradoria-federal-junto-a-antt\/\",\"url\":\"https:\/\/agenciainfra.com\/blog\/opiniao-diretoria-da-antt-aprova-proposta-de-solucao-consensual-construida-entre-a-crt-e-a-procuradoria-federal-junto-a-antt\/\",\"name\":\"Opini\u00e3o \u2013 Diretoria da ANTT aprova proposta de solu\u00e7\u00e3o consensual constru\u00edda entre a CRT e a Procuradoria Federal junto \u00e0 ANTT - Ag\u00eancia iNFRA\",\"isPartOf\":{\"@id\":\"https:\/\/agenciainfra.com\/blog\/#website\"},\"primaryImageOfPage\":{\"@id\":\"https:\/\/agenciainfra.com\/blog\/opiniao-diretoria-da-antt-aprova-proposta-de-solucao-consensual-construida-entre-a-crt-e-a-procuradoria-federal-junto-a-antt\/#primaryimage\"},\"image\":{\"@id\":\"https:\/\/agenciainfra.com\/blog\/opiniao-diretoria-da-antt-aprova-proposta-de-solucao-consensual-construida-entre-a-crt-e-a-procuradoria-federal-junto-a-antt\/#primaryimage\"},\"thumbnailUrl\":\"https:\/\/agenciainfra.com\/blog\/wp-content\/uploads\/2024\/11\/amanda-foto-opiniao-artigo2-e1730823130885.jpeg\",\"datePublished\":\"2024-11-06T18:30:00+00:00\",\"dateModified\":\"2024-11-06T22:51:12+00:00\",\"breadcrumb\":{\"@id\":\"https:\/\/agenciainfra.com\/blog\/opiniao-diretoria-da-antt-aprova-proposta-de-solucao-consensual-construida-entre-a-crt-e-a-procuradoria-federal-junto-a-antt\/#breadcrumb\"},\"inLanguage\":\"pt-BR\",\"potentialAction\":[{\"@type\":\"ReadAction\",\"target\":[\"https:\/\/agenciainfra.com\/blog\/opiniao-diretoria-da-antt-aprova-proposta-de-solucao-consensual-construida-entre-a-crt-e-a-procuradoria-federal-junto-a-antt\/\"]}]},{\"@type\":\"ImageObject\",\"inLanguage\":\"pt-BR\",\"@id\":\"https:\/\/agenciainfra.com\/blog\/opiniao-diretoria-da-antt-aprova-proposta-de-solucao-consensual-construida-entre-a-crt-e-a-procuradoria-federal-junto-a-antt\/#primaryimage\",\"url\":\"https:\/\/agenciainfra.com\/blog\/wp-content\/uploads\/2024\/11\/amanda-foto-opiniao-artigo2-e1730823130885.jpeg\",\"contentUrl\":\"https:\/\/agenciainfra.com\/blog\/wp-content\/uploads\/2024\/11\/amanda-foto-opiniao-artigo2-e1730823130885.jpeg\",\"width\":1180,\"height\":888},{\"@type\":\"BreadcrumbList\",\"@id\":\"https:\/\/agenciainfra.com\/blog\/opiniao-diretoria-da-antt-aprova-proposta-de-solucao-consensual-construida-entre-a-crt-e-a-procuradoria-federal-junto-a-antt\/#breadcrumb\",\"itemListElement\":[{\"@type\":\"ListItem\",\"position\":1,\"name\":\"In\u00edcio\",\"item\":\"https:\/\/agenciainfra.com\/blog\/\"},{\"@type\":\"ListItem\",\"position\":2,\"name\":\"Opini\u00e3o \u2013 Diretoria da ANTT aprova proposta de solu\u00e7\u00e3o consensual constru\u00edda entre a CRT e a Procuradoria Federal junto \u00e0 ANTT\"}]},{\"@type\":\"WebSite\",\"@id\":\"https:\/\/agenciainfra.com\/blog\/#website\",\"url\":\"https:\/\/agenciainfra.com\/blog\/\",\"name\":\"Ag\u00eancia iNFRA\",\"description\":\"Multiplataforma de informa\u00e7\u00e3o jornal\u00edstica refer\u00eancia na \u00e1rea de infraestrutura no Brasil!\",\"publisher\":{\"@id\":\"https:\/\/agenciainfra.com\/blog\/#organization\"},\"potentialAction\":[{\"@type\":\"SearchAction\",\"target\":{\"@type\":\"EntryPoint\",\"urlTemplate\":\"https:\/\/agenciainfra.com\/blog\/?s={search_term_string}\"},\"query-input\":{\"@type\":\"PropertyValueSpecification\",\"valueRequired\":true,\"valueName\":\"search_term_string\"}}],\"inLanguage\":\"pt-BR\"},{\"@type\":\"Organization\",\"@id\":\"https:\/\/agenciainfra.com\/blog\/#organization\",\"name\":\"Ag\u00eancia iNFRA\",\"url\":\"https:\/\/agenciainfra.com\/blog\/\",\"logo\":{\"@type\":\"ImageObject\",\"inLanguage\":\"pt-BR\",\"@id\":\"https:\/\/agenciainfra.com\/blog\/#\/schema\/logo\/image\/\",\"url\":\"https:\/\/agenciainfra.com\/blog\/wp-content\/uploads\/2023\/09\/iNFRA_5-e1761735885940.png\",\"contentUrl\":\"https:\/\/agenciainfra.com\/blog\/wp-content\/uploads\/2023\/09\/iNFRA_5-e1761735885940.png\",\"width\":1672,\"height\":454,\"caption\":\"Ag\u00eancia iNFRA\"},\"image\":{\"@id\":\"https:\/\/agenciainfra.com\/blog\/#\/schema\/logo\/image\/\"},\"sameAs\":[\"https:\/\/www.facebook.com\/ageninfra\",\"https:\/\/x.com\/agencia_infra\",\"https:\/\/www.linkedin.com\/company\/ag\u00eanciainfra\/\",\"https:\/\/www.instagram.com\/agenciainfra\/\"]},{\"@type\":\"Person\",\"@id\":\"https:\/\/agenciainfra.com\/blog\/#\/schema\/person\/34af08dff6adea4cb22b06612ba7acfa\",\"name\":\"Ag\u00eancia iNFRA\",\"image\":{\"@type\":\"ImageObject\",\"inLanguage\":\"pt-BR\",\"@id\":\"https:\/\/agenciainfra.com\/blog\/#\/schema\/person\/image\/\",\"url\":\"https:\/\/secure.gravatar.com\/avatar\/d189e01678f06d8eb84d4e01f08eb848b3fffe3f8443818d3c356c66892f5be8?s=96&d=mm&r=g\",\"contentUrl\":\"https:\/\/secure.gravatar.com\/avatar\/d189e01678f06d8eb84d4e01f08eb848b3fffe3f8443818d3c356c66892f5be8?s=96&d=mm&r=g\",\"caption\":\"Ag\u00eancia iNFRA\"},\"url\":\"https:\/\/agenciainfra.com\/blog\/author\/admin\/\"}]}<\/script>\n<!-- \/ Yoast SEO Premium plugin. -->","yoast_head_json":{"title":"Opini\u00e3o \u2013 Diretoria da ANTT aprova proposta de solu\u00e7\u00e3o consensual constru\u00edda entre a CRT e a Procuradoria Federal junto \u00e0 ANTT - Ag\u00eancia iNFRA","robots":{"index":"index","follow":"follow","max-snippet":"max-snippet:-1","max-image-preview":"max-image-preview:large","max-video-preview":"max-video-preview:-1"},"canonical":"https:\/\/agenciainfra.com\/blog\/opiniao-diretoria-da-antt-aprova-proposta-de-solucao-consensual-construida-entre-a-crt-e-a-procuradoria-federal-junto-a-antt\/","og_locale":"pt_BR","og_type":"article","og_title":"Opini\u00e3o \u2013 Diretoria da ANTT aprova proposta de solu\u00e7\u00e3o consensual constru\u00edda entre a CRT e a Procuradoria Federal junto \u00e0 ANTT","og_description":"Amanda Ribeiro Lemos* A ANTT (Ag\u00eancia Nacional de Transportes Terrestres) aprovou, no dia 17 de outubro, acordo realizado por meio da rec\u00e9m-criada Compor (C\u00e2mara de Negocia\u00e7\u00e3o e Solu\u00e7\u00e3o de Controv\u00e9rsias) com a CRT (Concession\u00e1ria Rio-Teres\u00f3polis), um dos primeiros a serem celebrados perante a referida C\u00e2mara. Os denominados m\u00e9todos adequados de preven\u00e7\u00e3o e resolu\u00e7\u00e3o de conflitos [&hellip;]","og_url":"https:\/\/agenciainfra.com\/blog\/opiniao-diretoria-da-antt-aprova-proposta-de-solucao-consensual-construida-entre-a-crt-e-a-procuradoria-federal-junto-a-antt\/","og_site_name":"Ag\u00eancia iNFRA","article_publisher":"https:\/\/www.facebook.com\/ageninfra","article_published_time":"2024-11-06T18:30:00+00:00","article_modified_time":"2024-11-06T22:51:12+00:00","og_image":[{"width":1180,"height":888,"url":"https:\/\/agenciainfra.com\/blog\/wp-content\/uploads\/2024\/11\/amanda-foto-opiniao-artigo2-e1730823130885.jpeg","type":"image\/jpeg"}],"author":"Ag\u00eancia iNFRA","twitter_card":"summary_large_image","twitter_creator":"@agencia_infra","twitter_site":"@agencia_infra","twitter_misc":{"Escrito por":"Ag\u00eancia iNFRA","Est. tempo de leitura":"4 minutos"},"schema":{"@context":"https:\/\/schema.org","@graph":[{"@type":"Article","@id":"https:\/\/agenciainfra.com\/blog\/opiniao-diretoria-da-antt-aprova-proposta-de-solucao-consensual-construida-entre-a-crt-e-a-procuradoria-federal-junto-a-antt\/#article","isPartOf":{"@id":"https:\/\/agenciainfra.com\/blog\/opiniao-diretoria-da-antt-aprova-proposta-de-solucao-consensual-construida-entre-a-crt-e-a-procuradoria-federal-junto-a-antt\/"},"author":{"name":"Ag\u00eancia iNFRA","@id":"https:\/\/agenciainfra.com\/blog\/#\/schema\/person\/34af08dff6adea4cb22b06612ba7acfa"},"headline":"Opini\u00e3o \u2013 Diretoria da ANTT aprova proposta de solu\u00e7\u00e3o consensual constru\u00edda entre a CRT e a Procuradoria Federal junto \u00e0 ANTT","datePublished":"2024-11-06T18:30:00+00:00","dateModified":"2024-11-06T22:51:12+00:00","mainEntityOfPage":{"@id":"https:\/\/agenciainfra.com\/blog\/opiniao-diretoria-da-antt-aprova-proposta-de-solucao-consensual-construida-entre-a-crt-e-a-procuradoria-federal-junto-a-antt\/"},"wordCount":817,"publisher":{"@id":"https:\/\/agenciainfra.com\/blog\/#organization"},"image":{"@id":"https:\/\/agenciainfra.com\/blog\/opiniao-diretoria-da-antt-aprova-proposta-de-solucao-consensual-construida-entre-a-crt-e-a-procuradoria-federal-junto-a-antt\/#primaryimage"},"thumbnailUrl":"https:\/\/agenciainfra.com\/blog\/wp-content\/uploads\/2024\/11\/amanda-foto-opiniao-artigo2-e1730823130885.jpeg","keywords":["Amanda Ribeiro Lemos","ANTT","compor","Concession\u00e1ria Rio-Teres\u00f3polis","Controv\u00e9rsias","CRT","opini\u00e3o","Piquet Magald e Guedes Advogados","solu\u00e7\u00e3o consensual"],"articleSection":["Destaque lista","Geral","iNFRATransporte","Opini\u00e3o"],"inLanguage":"pt-BR","copyrightYear":"2024","copyrightHolder":{"@id":"https:\/\/agenciainfra.com\/blog\/#organization"}},{"@type":"WebPage","@id":"https:\/\/agenciainfra.com\/blog\/opiniao-diretoria-da-antt-aprova-proposta-de-solucao-consensual-construida-entre-a-crt-e-a-procuradoria-federal-junto-a-antt\/","url":"https:\/\/agenciainfra.com\/blog\/opiniao-diretoria-da-antt-aprova-proposta-de-solucao-consensual-construida-entre-a-crt-e-a-procuradoria-federal-junto-a-antt\/","name":"Opini\u00e3o \u2013 Diretoria da ANTT aprova proposta de solu\u00e7\u00e3o consensual constru\u00edda entre a CRT e a Procuradoria Federal junto \u00e0 ANTT - Ag\u00eancia iNFRA","isPartOf":{"@id":"https:\/\/agenciainfra.com\/blog\/#website"},"primaryImageOfPage":{"@id":"https:\/\/agenciainfra.com\/blog\/opiniao-diretoria-da-antt-aprova-proposta-de-solucao-consensual-construida-entre-a-crt-e-a-procuradoria-federal-junto-a-antt\/#primaryimage"},"image":{"@id":"https:\/\/agenciainfra.com\/blog\/opiniao-diretoria-da-antt-aprova-proposta-de-solucao-consensual-construida-entre-a-crt-e-a-procuradoria-federal-junto-a-antt\/#primaryimage"},"thumbnailUrl":"https:\/\/agenciainfra.com\/blog\/wp-content\/uploads\/2024\/11\/amanda-foto-opiniao-artigo2-e1730823130885.jpeg","datePublished":"2024-11-06T18:30:00+00:00","dateModified":"2024-11-06T22:51:12+00:00","breadcrumb":{"@id":"https:\/\/agenciainfra.com\/blog\/opiniao-diretoria-da-antt-aprova-proposta-de-solucao-consensual-construida-entre-a-crt-e-a-procuradoria-federal-junto-a-antt\/#breadcrumb"},"inLanguage":"pt-BR","potentialAction":[{"@type":"ReadAction","target":["https:\/\/agenciainfra.com\/blog\/opiniao-diretoria-da-antt-aprova-proposta-de-solucao-consensual-construida-entre-a-crt-e-a-procuradoria-federal-junto-a-antt\/"]}]},{"@type":"ImageObject","inLanguage":"pt-BR","@id":"https:\/\/agenciainfra.com\/blog\/opiniao-diretoria-da-antt-aprova-proposta-de-solucao-consensual-construida-entre-a-crt-e-a-procuradoria-federal-junto-a-antt\/#primaryimage","url":"https:\/\/agenciainfra.com\/blog\/wp-content\/uploads\/2024\/11\/amanda-foto-opiniao-artigo2-e1730823130885.jpeg","contentUrl":"https:\/\/agenciainfra.com\/blog\/wp-content\/uploads\/2024\/11\/amanda-foto-opiniao-artigo2-e1730823130885.jpeg","width":1180,"height":888},{"@type":"BreadcrumbList","@id":"https:\/\/agenciainfra.com\/blog\/opiniao-diretoria-da-antt-aprova-proposta-de-solucao-consensual-construida-entre-a-crt-e-a-procuradoria-federal-junto-a-antt\/#breadcrumb","itemListElement":[{"@type":"ListItem","position":1,"name":"In\u00edcio","item":"https:\/\/agenciainfra.com\/blog\/"},{"@type":"ListItem","position":2,"name":"Opini\u00e3o \u2013 Diretoria da ANTT aprova proposta de solu\u00e7\u00e3o consensual constru\u00edda entre a CRT e a Procuradoria Federal junto \u00e0 ANTT"}]},{"@type":"WebSite","@id":"https:\/\/agenciainfra.com\/blog\/#website","url":"https:\/\/agenciainfra.com\/blog\/","name":"Ag\u00eancia iNFRA","description":"Multiplataforma de informa\u00e7\u00e3o jornal\u00edstica refer\u00eancia na \u00e1rea de infraestrutura no Brasil!","publisher":{"@id":"https:\/\/agenciainfra.com\/blog\/#organization"},"potentialAction":[{"@type":"SearchAction","target":{"@type":"EntryPoint","urlTemplate":"https:\/\/agenciainfra.com\/blog\/?s={search_term_string}"},"query-input":{"@type":"PropertyValueSpecification","valueRequired":true,"valueName":"search_term_string"}}],"inLanguage":"pt-BR"},{"@type":"Organization","@id":"https:\/\/agenciainfra.com\/blog\/#organization","name":"Ag\u00eancia iNFRA","url":"https:\/\/agenciainfra.com\/blog\/","logo":{"@type":"ImageObject","inLanguage":"pt-BR","@id":"https:\/\/agenciainfra.com\/blog\/#\/schema\/logo\/image\/","url":"https:\/\/agenciainfra.com\/blog\/wp-content\/uploads\/2023\/09\/iNFRA_5-e1761735885940.png","contentUrl":"https:\/\/agenciainfra.com\/blog\/wp-content\/uploads\/2023\/09\/iNFRA_5-e1761735885940.png","width":1672,"height":454,"caption":"Ag\u00eancia iNFRA"},"image":{"@id":"https:\/\/agenciainfra.com\/blog\/#\/schema\/logo\/image\/"},"sameAs":["https:\/\/www.facebook.com\/ageninfra","https:\/\/x.com\/agencia_infra","https:\/\/www.linkedin.com\/company\/ag\u00eanciainfra\/","https:\/\/www.instagram.com\/agenciainfra\/"]},{"@type":"Person","@id":"https:\/\/agenciainfra.com\/blog\/#\/schema\/person\/34af08dff6adea4cb22b06612ba7acfa","name":"Ag\u00eancia iNFRA","image":{"@type":"ImageObject","inLanguage":"pt-BR","@id":"https:\/\/agenciainfra.com\/blog\/#\/schema\/person\/image\/","url":"https:\/\/secure.gravatar.com\/avatar\/d189e01678f06d8eb84d4e01f08eb848b3fffe3f8443818d3c356c66892f5be8?s=96&d=mm&r=g","contentUrl":"https:\/\/secure.gravatar.com\/avatar\/d189e01678f06d8eb84d4e01f08eb848b3fffe3f8443818d3c356c66892f5be8?s=96&d=mm&r=g","caption":"Ag\u00eancia iNFRA"},"url":"https:\/\/agenciainfra.com\/blog\/author\/admin\/"}]}},"_links":{"self":[{"href":"https:\/\/agenciainfra.com\/blog\/wp-json\/wp\/v2\/posts\/19014","targetHints":{"allow":["GET"]}}],"collection":[{"href":"https:\/\/agenciainfra.com\/blog\/wp-json\/wp\/v2\/posts"}],"about":[{"href":"https:\/\/agenciainfra.com\/blog\/wp-json\/wp\/v2\/types\/post"}],"author":[{"embeddable":true,"href":"https:\/\/agenciainfra.com\/blog\/wp-json\/wp\/v2\/users\/1"}],"replies":[{"embeddable":true,"href":"https:\/\/agenciainfra.com\/blog\/wp-json\/wp\/v2\/comments?post=19014"}],"version-history":[{"count":1,"href":"https:\/\/agenciainfra.com\/blog\/wp-json\/wp\/v2\/posts\/19014\/revisions"}],"predecessor-version":[{"id":19016,"href":"https:\/\/agenciainfra.com\/blog\/wp-json\/wp\/v2\/posts\/19014\/revisions\/19016"}],"wp:featuredmedia":[{"embeddable":true,"href":"https:\/\/agenciainfra.com\/blog\/wp-json\/wp\/v2\/media\/19015"}],"wp:attachment":[{"href":"https:\/\/agenciainfra.com\/blog\/wp-json\/wp\/v2\/media?parent=19014"}],"wp:term":[{"taxonomy":"category","embeddable":true,"href":"https:\/\/agenciainfra.com\/blog\/wp-json\/wp\/v2\/categories?post=19014"},{"taxonomy":"post_tag","embeddable":true,"href":"https:\/\/agenciainfra.com\/blog\/wp-json\/wp\/v2\/tags?post=19014"}],"curies":[{"name":"wp","href":"https:\/\/api.w.org\/{rel}","templated":true}]}}