{"id":19017,"date":"2024-11-05T15:00:00","date_gmt":"2024-11-05T18:00:00","guid":{"rendered":"https:\/\/agenciainfra.com\/blog\/?p=19017"},"modified":"2024-11-06T10:53:58","modified_gmt":"2024-11-06T13:53:58","slug":"anac-avalia-processo-sancionatorio-contra-aeroporto-de-guarulhos-por-problemas-com-cargas-aereas","status":"publish","type":"post","link":"https:\/\/agenciainfra.com\/blog\/anac-avalia-processo-sancionatorio-contra-aeroporto-de-guarulhos-por-problemas-com-cargas-aereas\/","title":{"rendered":"ANAC avalia processo sancionat\u00f3rio contra Aeroporto de Guarulhos por problemas com cargas a\u00e9reas"},"content":{"rendered":"\n<p class=\"has-text-align-right\"><strong>Sheyla Santos, da Ag\u00eancia iNFRA<\/strong><\/p>\n\n\n\n<p>A ANAC (Ag\u00eancia Nacional de Avia\u00e7\u00e3o Civil) informou \u00e0&nbsp;<strong>Ag\u00eancia iNFRA<\/strong>&nbsp;que avalia processo sancionat\u00f3rio contra a GRU Airport, concession\u00e1ria que administra o Aeroporto Internacional de S\u00e3o Paulo, em Guarulhos (SP).<\/p>\n\n\n\n<p>De acordo com a ANAC, o terminal vem enfrentando problemas no processamento de cargas desde o fim do ano passado, por\u00e9m a situa\u00e7\u00e3o se agravou nas \u00faltimas semanas, com aumento de queixas por atrasos em recebimentos. Para dar in\u00edcio ao processo, a ag\u00eancia apura informa\u00e7\u00f5es junto a agentes afetados, como empresas a\u00e9reas, agentes de carga, associa\u00e7\u00f5es, entre outros.<\/p>\n\n\n\n<p>Uma das entidades que t\u00eam colaborado, o Sindasp (Sindicato dos Despachantes Aduaneiros de S\u00e3o Paulo) relatou, em of\u00edcio \u00e0 ANAC e ao Minist\u00e9rio de Portos e Aeroportos, no \u00faltimo dia 24, uma s\u00e9rie de problemas verificados nas opera\u00e7\u00f5es do local.<\/p>\n\n\n\n<p>Entre os problemas apontados est\u00e3o o &#8220;abandono e deteriora\u00e7\u00e3o das cargas&#8221;, &#8220;atrasos no desembara\u00e7o e intermit\u00eancias nos sistemas&#8221; e &#8220;grandes filas para carregamento de mercadorias&#8221;. Leia a \u00edntegra do of\u00edcio&nbsp;<a href=\"https:\/\/agenciainfra.us14.list-manage.com\/track\/click?u=d460dd1bcf9ba0ae040e1fc0f&amp;id=f4a3371c19&amp;e=55b7a27fc9\" target=\"_blank\" rel=\"noreferrer noopener\">neste link<\/a>.&nbsp;<\/p>\n\n\n\n<p><strong>Plano de a\u00e7\u00e3o imediato<\/strong><br>Na \u00faltima sexta-feira (1\u00ba), a ag\u00eancia estabeleceu em reuni\u00e3o com a GRU Airport e a Secretaria Nacional de Avia\u00e7\u00e3o Civil do Minist\u00e9rio de Portos e Aeroportos um plano de a\u00e7\u00e3o imediato com orienta\u00e7\u00f5es para normalizar os servi\u00e7os nos terminais de cargas.<\/p>\n\n\n\n<p>\u00c0\u00a0<strong>Ag\u00eancia iNFRA<\/strong>, a GRU Airport informou\u00a0em nota, enviada na \u00faltima segunda-feira (4), que as medidas ajustadas para a normaliza\u00e7\u00e3o dos servi\u00e7os no terminal de cargas s\u00e3o essas: adi\u00e7\u00e3o de dois novos recintos para armazenagem e entrega de cargas secas de importa\u00e7\u00e3o; contrata\u00e7\u00e3o adicional de 135 colaboradores integralmente focados na opera\u00e7\u00e3o de cargas; disponibiliza\u00e7\u00e3o de \u00e1rea para triagem de cargas em tr\u00e2nsito; e operacionaliza\u00e7\u00e3o de novas \u00e1reas para a perman\u00eancia de cargas dentro do complexo log\u00edstico.<\/p>\n\n\n\n<p>A concession\u00e1ria afirmou que \u201co aumento s\u00fabito e at\u00edpico do volume de carga a\u00e9rea alocada nos armaz\u00e9ns do Terminal de Cargas de Guarulhos\u201d \u00e9 motivado por \u201cdesafios log\u00edsticos mundiais, como o fechamento de portos, conflitos globais e eventos clim\u00e1ticos extremos\u201d.<\/p>\n\n\n\n<p>Ainda segundo a companhia, esse cen\u00e1rio teria levado empresas que n\u00e3o s\u00e3o usu\u00e1rias frequentes do transporte a\u00e9reo a optarem pelo modal a\u00e9reo.<\/p>\n","protected":false},"excerpt":{"rendered":"<p>Sheyla Santos, da Ag\u00eancia iNFRA A ANAC (Ag\u00eancia Nacional de Avia\u00e7\u00e3o Civil) informou \u00e0&nbsp;Ag\u00eancia iNFRA&nbsp;que avalia processo sancionat\u00f3rio contra a GRU Airport, concession\u00e1ria que administra o Aeroporto Internacional de S\u00e3o Paulo, em Guarulhos (SP). De acordo com a ANAC, o terminal vem enfrentando problemas no processamento de cargas desde o fim do ano passado, por\u00e9m [&hellip;]<\/p>\n","protected":false},"author":1,"featured_media":6401,"comment_status":"closed","ping_status":"closed","sticky":false,"template":"","format":"standard","meta":{"_monsterinsights_skip_tracking":false,"_monsterinsights_sitenote_active":false,"_monsterinsights_sitenote_note":"","_monsterinsights_sitenote_category":0,"footnotes":""},"categories":[7250,1,7],"tags":[60,5002,242,236,11664,4825,6257,6919,8838,11665,362,1059],"class_list":["post-19017","post","type-post","status-publish","format-standard","has-post-thumbnail","hentry","category-destaque-lista","category-geral","category-infratransporte","tag-aeroporto","tag-aeroporto-de-guarulhos","tag-anac","tag-aviacao","tag-cargas-aereas","tag-gru-airport","tag-ministerio-de-portos-e-aeroportos","tag-mpor","tag-sheyla-santos","tag-sindasp","tag-transporte-aereo","tag-transporte-de-cargas"],"yoast_head":"<!-- This site is optimized with the Yoast SEO Premium plugin v25.4 (Yoast SEO v26.0) - https:\/\/yoast.com\/wordpress\/plugins\/seo\/ -->\n<title>ANAC avalia processo sancionat\u00f3rio contra Aeroporto de Guarulhos por problemas com cargas a\u00e9reas - Ag\u00eancia iNFRA<\/title>\n<meta name=\"robots\" content=\"index, follow, max-snippet:-1, max-image-preview:large, max-video-preview:-1\" \/>\n<link rel=\"canonical\" href=\"https:\/\/agenciainfra.com\/blog\/anac-avalia-processo-sancionatorio-contra-aeroporto-de-guarulhos-por-problemas-com-cargas-aereas\/\" \/>\n<meta property=\"og:locale\" content=\"pt_BR\" \/>\n<meta property=\"og:type\" content=\"article\" \/>\n<meta property=\"og:title\" content=\"ANAC avalia processo sancionat\u00f3rio contra Aeroporto de Guarulhos por problemas com cargas a\u00e9reas\" \/>\n<meta property=\"og:description\" content=\"Sheyla Santos, da Ag\u00eancia iNFRA A ANAC (Ag\u00eancia Nacional de Avia\u00e7\u00e3o Civil) informou \u00e0&nbsp;Ag\u00eancia iNFRA&nbsp;que avalia processo sancionat\u00f3rio contra a GRU Airport, concession\u00e1ria que administra o Aeroporto Internacional de S\u00e3o Paulo, em Guarulhos (SP). De acordo com a ANAC, o terminal vem enfrentando problemas no processamento de cargas desde o fim do ano passado, por\u00e9m [&hellip;]\" \/>\n<meta property=\"og:url\" content=\"https:\/\/agenciainfra.com\/blog\/anac-avalia-processo-sancionatorio-contra-aeroporto-de-guarulhos-por-problemas-com-cargas-aereas\/\" \/>\n<meta property=\"og:site_name\" content=\"Ag\u00eancia iNFRA\" \/>\n<meta property=\"article:publisher\" content=\"https:\/\/www.facebook.com\/ageninfra\" \/>\n<meta property=\"article:published_time\" content=\"2024-11-05T18:00:00+00:00\" \/>\n<meta property=\"article:modified_time\" content=\"2024-11-06T13:53:58+00:00\" \/>\n<meta property=\"og:image\" content=\"https:\/\/agenciainfra.com\/blog\/wp-content\/uploads\/2020\/11\/conteineres-aviao-foto-freepik.jpg\" \/>\n\t<meta property=\"og:image:width\" content=\"1280\" \/>\n\t<meta property=\"og:image:height\" content=\"882\" \/>\n\t<meta property=\"og:image:type\" content=\"image\/jpeg\" \/>\n<meta name=\"author\" content=\"Ag\u00eancia iNFRA\" \/>\n<meta name=\"twitter:card\" content=\"summary_large_image\" \/>\n<meta name=\"twitter:creator\" content=\"@agencia_infra\" \/>\n<meta name=\"twitter:site\" content=\"@agencia_infra\" \/>\n<meta name=\"twitter:label1\" content=\"Escrito por\" \/>\n\t<meta name=\"twitter:data1\" content=\"Ag\u00eancia iNFRA\" \/>\n\t<meta name=\"twitter:label2\" content=\"Est. tempo de leitura\" \/>\n\t<meta name=\"twitter:data2\" content=\"2 minutos\" \/>\n<script type=\"application\/ld+json\" class=\"yoast-schema-graph\">{\"@context\":\"https:\/\/schema.org\",\"@graph\":[{\"@type\":\"Article\",\"@id\":\"https:\/\/agenciainfra.com\/blog\/anac-avalia-processo-sancionatorio-contra-aeroporto-de-guarulhos-por-problemas-com-cargas-aereas\/#article\",\"isPartOf\":{\"@id\":\"https:\/\/agenciainfra.com\/blog\/anac-avalia-processo-sancionatorio-contra-aeroporto-de-guarulhos-por-problemas-com-cargas-aereas\/\"},\"author\":{\"name\":\"Ag\u00eancia iNFRA\",\"@id\":\"https:\/\/agenciainfra.com\/blog\/#\/schema\/person\/34af08dff6adea4cb22b06612ba7acfa\"},\"headline\":\"ANAC avalia processo sancionat\u00f3rio contra Aeroporto de Guarulhos por problemas com cargas a\u00e9reas\",\"datePublished\":\"2024-11-05T18:00:00+00:00\",\"dateModified\":\"2024-11-06T13:53:58+00:00\",\"mainEntityOfPage\":{\"@id\":\"https:\/\/agenciainfra.com\/blog\/anac-avalia-processo-sancionatorio-contra-aeroporto-de-guarulhos-por-problemas-com-cargas-aereas\/\"},\"wordCount\":420,\"publisher\":{\"@id\":\"https:\/\/agenciainfra.com\/blog\/#organization\"},\"image\":{\"@id\":\"https:\/\/agenciainfra.com\/blog\/anac-avalia-processo-sancionatorio-contra-aeroporto-de-guarulhos-por-problemas-com-cargas-aereas\/#primaryimage\"},\"thumbnailUrl\":\"https:\/\/agenciainfra.com\/blog\/wp-content\/uploads\/2020\/11\/conteineres-aviao-foto-freepik.jpg\",\"keywords\":[\"aeroporto\",\"Aeroporto de Guarulhos\",\"ANAC\",\"avia\u00e7\u00e3o\",\"cargas a\u00e9reas\",\"GRU Airport\",\"Minist\u00e9rio de Portos e Aeroportos\",\"MPor\",\"Sheyla Santos\",\"Sindasp\",\"transporte a\u00e9reo\",\"transporte de cargas\"],\"articleSection\":[\"Destaque lista\",\"Geral\",\"iNFRATransporte\"],\"inLanguage\":\"pt-BR\",\"copyrightYear\":\"2024\",\"copyrightHolder\":{\"@id\":\"https:\/\/agenciainfra.com\/blog\/#organization\"}},{\"@type\":\"WebPage\",\"@id\":\"https:\/\/agenciainfra.com\/blog\/anac-avalia-processo-sancionatorio-contra-aeroporto-de-guarulhos-por-problemas-com-cargas-aereas\/\",\"url\":\"https:\/\/agenciainfra.com\/blog\/anac-avalia-processo-sancionatorio-contra-aeroporto-de-guarulhos-por-problemas-com-cargas-aereas\/\",\"name\":\"ANAC avalia processo sancionat\u00f3rio contra Aeroporto de Guarulhos por problemas com cargas a\u00e9reas - Ag\u00eancia iNFRA\",\"isPartOf\":{\"@id\":\"https:\/\/agenciainfra.com\/blog\/#website\"},\"primaryImageOfPage\":{\"@id\":\"https:\/\/agenciainfra.com\/blog\/anac-avalia-processo-sancionatorio-contra-aeroporto-de-guarulhos-por-problemas-com-cargas-aereas\/#primaryimage\"},\"image\":{\"@id\":\"https:\/\/agenciainfra.com\/blog\/anac-avalia-processo-sancionatorio-contra-aeroporto-de-guarulhos-por-problemas-com-cargas-aereas\/#primaryimage\"},\"thumbnailUrl\":\"https:\/\/agenciainfra.com\/blog\/wp-content\/uploads\/2020\/11\/conteineres-aviao-foto-freepik.jpg\",\"datePublished\":\"2024-11-05T18:00:00+00:00\",\"dateModified\":\"2024-11-06T13:53:58+00:00\",\"breadcrumb\":{\"@id\":\"https:\/\/agenciainfra.com\/blog\/anac-avalia-processo-sancionatorio-contra-aeroporto-de-guarulhos-por-problemas-com-cargas-aereas\/#breadcrumb\"},\"inLanguage\":\"pt-BR\",\"potentialAction\":[{\"@type\":\"ReadAction\",\"target\":[\"https:\/\/agenciainfra.com\/blog\/anac-avalia-processo-sancionatorio-contra-aeroporto-de-guarulhos-por-problemas-com-cargas-aereas\/\"]}]},{\"@type\":\"ImageObject\",\"inLanguage\":\"pt-BR\",\"@id\":\"https:\/\/agenciainfra.com\/blog\/anac-avalia-processo-sancionatorio-contra-aeroporto-de-guarulhos-por-problemas-com-cargas-aereas\/#primaryimage\",\"url\":\"https:\/\/agenciainfra.com\/blog\/wp-content\/uploads\/2020\/11\/conteineres-aviao-foto-freepik.jpg\",\"contentUrl\":\"https:\/\/agenciainfra.com\/blog\/wp-content\/uploads\/2020\/11\/conteineres-aviao-foto-freepik.jpg\",\"width\":1280,\"height\":882,\"caption\":\"Foto: Dom\u00ednio P\u00fablico\"},{\"@type\":\"BreadcrumbList\",\"@id\":\"https:\/\/agenciainfra.com\/blog\/anac-avalia-processo-sancionatorio-contra-aeroporto-de-guarulhos-por-problemas-com-cargas-aereas\/#breadcrumb\",\"itemListElement\":[{\"@type\":\"ListItem\",\"position\":1,\"name\":\"In\u00edcio\",\"item\":\"https:\/\/agenciainfra.com\/blog\/\"},{\"@type\":\"ListItem\",\"position\":2,\"name\":\"ANAC avalia processo sancionat\u00f3rio contra Aeroporto de Guarulhos por problemas com cargas a\u00e9reas\"}]},{\"@type\":\"WebSite\",\"@id\":\"https:\/\/agenciainfra.com\/blog\/#website\",\"url\":\"https:\/\/agenciainfra.com\/blog\/\",\"name\":\"Ag\u00eancia iNFRA\",\"description\":\"Multiplataforma de informa\u00e7\u00e3o jornal\u00edstica refer\u00eancia na \u00e1rea de infraestrutura no Brasil!\",\"publisher\":{\"@id\":\"https:\/\/agenciainfra.com\/blog\/#organization\"},\"potentialAction\":[{\"@type\":\"SearchAction\",\"target\":{\"@type\":\"EntryPoint\",\"urlTemplate\":\"https:\/\/agenciainfra.com\/blog\/?s={search_term_string}\"},\"query-input\":{\"@type\":\"PropertyValueSpecification\",\"valueRequired\":true,\"valueName\":\"search_term_string\"}}],\"inLanguage\":\"pt-BR\"},{\"@type\":\"Organization\",\"@id\":\"https:\/\/agenciainfra.com\/blog\/#organization\",\"name\":\"Ag\u00eancia iNFRA\",\"url\":\"https:\/\/agenciainfra.com\/blog\/\",\"logo\":{\"@type\":\"ImageObject\",\"inLanguage\":\"pt-BR\",\"@id\":\"https:\/\/agenciainfra.com\/blog\/#\/schema\/logo\/image\/\",\"url\":\"https:\/\/agenciainfra.com\/blog\/wp-content\/uploads\/2023\/09\/iNFRA_5-e1761735885940.png\",\"contentUrl\":\"https:\/\/agenciainfra.com\/blog\/wp-content\/uploads\/2023\/09\/iNFRA_5-e1761735885940.png\",\"width\":1672,\"height\":454,\"caption\":\"Ag\u00eancia iNFRA\"},\"image\":{\"@id\":\"https:\/\/agenciainfra.com\/blog\/#\/schema\/logo\/image\/\"},\"sameAs\":[\"https:\/\/www.facebook.com\/ageninfra\",\"https:\/\/x.com\/agencia_infra\",\"https:\/\/www.linkedin.com\/company\/ag\u00eanciainfra\/\",\"https:\/\/www.instagram.com\/agenciainfra\/\"]},{\"@type\":\"Person\",\"@id\":\"https:\/\/agenciainfra.com\/blog\/#\/schema\/person\/34af08dff6adea4cb22b06612ba7acfa\",\"name\":\"Ag\u00eancia iNFRA\",\"image\":{\"@type\":\"ImageObject\",\"inLanguage\":\"pt-BR\",\"@id\":\"https:\/\/agenciainfra.com\/blog\/#\/schema\/person\/image\/\",\"url\":\"https:\/\/secure.gravatar.com\/avatar\/d189e01678f06d8eb84d4e01f08eb848b3fffe3f8443818d3c356c66892f5be8?s=96&d=mm&r=g\",\"contentUrl\":\"https:\/\/secure.gravatar.com\/avatar\/d189e01678f06d8eb84d4e01f08eb848b3fffe3f8443818d3c356c66892f5be8?s=96&d=mm&r=g\",\"caption\":\"Ag\u00eancia iNFRA\"},\"url\":\"https:\/\/agenciainfra.com\/blog\/author\/admin\/\"}]}<\/script>\n<!-- \/ Yoast SEO Premium plugin. -->","yoast_head_json":{"title":"ANAC avalia processo sancionat\u00f3rio contra Aeroporto de Guarulhos por problemas com cargas a\u00e9reas - Ag\u00eancia iNFRA","robots":{"index":"index","follow":"follow","max-snippet":"max-snippet:-1","max-image-preview":"max-image-preview:large","max-video-preview":"max-video-preview:-1"},"canonical":"https:\/\/agenciainfra.com\/blog\/anac-avalia-processo-sancionatorio-contra-aeroporto-de-guarulhos-por-problemas-com-cargas-aereas\/","og_locale":"pt_BR","og_type":"article","og_title":"ANAC avalia processo sancionat\u00f3rio contra Aeroporto de Guarulhos por problemas com cargas a\u00e9reas","og_description":"Sheyla Santos, da Ag\u00eancia iNFRA A ANAC (Ag\u00eancia Nacional de Avia\u00e7\u00e3o Civil) informou \u00e0&nbsp;Ag\u00eancia iNFRA&nbsp;que avalia processo sancionat\u00f3rio contra a GRU Airport, concession\u00e1ria que administra o Aeroporto Internacional de S\u00e3o Paulo, em Guarulhos (SP). De acordo com a ANAC, o terminal vem enfrentando problemas no processamento de cargas desde o fim do ano passado, por\u00e9m [&hellip;]","og_url":"https:\/\/agenciainfra.com\/blog\/anac-avalia-processo-sancionatorio-contra-aeroporto-de-guarulhos-por-problemas-com-cargas-aereas\/","og_site_name":"Ag\u00eancia iNFRA","article_publisher":"https:\/\/www.facebook.com\/ageninfra","article_published_time":"2024-11-05T18:00:00+00:00","article_modified_time":"2024-11-06T13:53:58+00:00","og_image":[{"width":1280,"height":882,"url":"https:\/\/agenciainfra.com\/blog\/wp-content\/uploads\/2020\/11\/conteineres-aviao-foto-freepik.jpg","type":"image\/jpeg"}],"author":"Ag\u00eancia iNFRA","twitter_card":"summary_large_image","twitter_creator":"@agencia_infra","twitter_site":"@agencia_infra","twitter_misc":{"Escrito por":"Ag\u00eancia iNFRA","Est. tempo de leitura":"2 minutos"},"schema":{"@context":"https:\/\/schema.org","@graph":[{"@type":"Article","@id":"https:\/\/agenciainfra.com\/blog\/anac-avalia-processo-sancionatorio-contra-aeroporto-de-guarulhos-por-problemas-com-cargas-aereas\/#article","isPartOf":{"@id":"https:\/\/agenciainfra.com\/blog\/anac-avalia-processo-sancionatorio-contra-aeroporto-de-guarulhos-por-problemas-com-cargas-aereas\/"},"author":{"name":"Ag\u00eancia iNFRA","@id":"https:\/\/agenciainfra.com\/blog\/#\/schema\/person\/34af08dff6adea4cb22b06612ba7acfa"},"headline":"ANAC avalia processo sancionat\u00f3rio contra Aeroporto de Guarulhos por problemas com cargas a\u00e9reas","datePublished":"2024-11-05T18:00:00+00:00","dateModified":"2024-11-06T13:53:58+00:00","mainEntityOfPage":{"@id":"https:\/\/agenciainfra.com\/blog\/anac-avalia-processo-sancionatorio-contra-aeroporto-de-guarulhos-por-problemas-com-cargas-aereas\/"},"wordCount":420,"publisher":{"@id":"https:\/\/agenciainfra.com\/blog\/#organization"},"image":{"@id":"https:\/\/agenciainfra.com\/blog\/anac-avalia-processo-sancionatorio-contra-aeroporto-de-guarulhos-por-problemas-com-cargas-aereas\/#primaryimage"},"thumbnailUrl":"https:\/\/agenciainfra.com\/blog\/wp-content\/uploads\/2020\/11\/conteineres-aviao-foto-freepik.jpg","keywords":["aeroporto","Aeroporto de Guarulhos","ANAC","avia\u00e7\u00e3o","cargas a\u00e9reas","GRU Airport","Minist\u00e9rio de Portos e Aeroportos","MPor","Sheyla Santos","Sindasp","transporte a\u00e9reo","transporte de cargas"],"articleSection":["Destaque lista","Geral","iNFRATransporte"],"inLanguage":"pt-BR","copyrightYear":"2024","copyrightHolder":{"@id":"https:\/\/agenciainfra.com\/blog\/#organization"}},{"@type":"WebPage","@id":"https:\/\/agenciainfra.com\/blog\/anac-avalia-processo-sancionatorio-contra-aeroporto-de-guarulhos-por-problemas-com-cargas-aereas\/","url":"https:\/\/agenciainfra.com\/blog\/anac-avalia-processo-sancionatorio-contra-aeroporto-de-guarulhos-por-problemas-com-cargas-aereas\/","name":"ANAC avalia processo sancionat\u00f3rio contra Aeroporto de Guarulhos por problemas com cargas a\u00e9reas - Ag\u00eancia iNFRA","isPartOf":{"@id":"https:\/\/agenciainfra.com\/blog\/#website"},"primaryImageOfPage":{"@id":"https:\/\/agenciainfra.com\/blog\/anac-avalia-processo-sancionatorio-contra-aeroporto-de-guarulhos-por-problemas-com-cargas-aereas\/#primaryimage"},"image":{"@id":"https:\/\/agenciainfra.com\/blog\/anac-avalia-processo-sancionatorio-contra-aeroporto-de-guarulhos-por-problemas-com-cargas-aereas\/#primaryimage"},"thumbnailUrl":"https:\/\/agenciainfra.com\/blog\/wp-content\/uploads\/2020\/11\/conteineres-aviao-foto-freepik.jpg","datePublished":"2024-11-05T18:00:00+00:00","dateModified":"2024-11-06T13:53:58+00:00","breadcrumb":{"@id":"https:\/\/agenciainfra.com\/blog\/anac-avalia-processo-sancionatorio-contra-aeroporto-de-guarulhos-por-problemas-com-cargas-aereas\/#breadcrumb"},"inLanguage":"pt-BR","potentialAction":[{"@type":"ReadAction","target":["https:\/\/agenciainfra.com\/blog\/anac-avalia-processo-sancionatorio-contra-aeroporto-de-guarulhos-por-problemas-com-cargas-aereas\/"]}]},{"@type":"ImageObject","inLanguage":"pt-BR","@id":"https:\/\/agenciainfra.com\/blog\/anac-avalia-processo-sancionatorio-contra-aeroporto-de-guarulhos-por-problemas-com-cargas-aereas\/#primaryimage","url":"https:\/\/agenciainfra.com\/blog\/wp-content\/uploads\/2020\/11\/conteineres-aviao-foto-freepik.jpg","contentUrl":"https:\/\/agenciainfra.com\/blog\/wp-content\/uploads\/2020\/11\/conteineres-aviao-foto-freepik.jpg","width":1280,"height":882,"caption":"Foto: Dom\u00ednio P\u00fablico"},{"@type":"BreadcrumbList","@id":"https:\/\/agenciainfra.com\/blog\/anac-avalia-processo-sancionatorio-contra-aeroporto-de-guarulhos-por-problemas-com-cargas-aereas\/#breadcrumb","itemListElement":[{"@type":"ListItem","position":1,"name":"In\u00edcio","item":"https:\/\/agenciainfra.com\/blog\/"},{"@type":"ListItem","position":2,"name":"ANAC avalia processo sancionat\u00f3rio contra Aeroporto de Guarulhos por problemas com cargas a\u00e9reas"}]},{"@type":"WebSite","@id":"https:\/\/agenciainfra.com\/blog\/#website","url":"https:\/\/agenciainfra.com\/blog\/","name":"Ag\u00eancia iNFRA","description":"Multiplataforma de informa\u00e7\u00e3o jornal\u00edstica refer\u00eancia na \u00e1rea de infraestrutura no Brasil!","publisher":{"@id":"https:\/\/agenciainfra.com\/blog\/#organization"},"potentialAction":[{"@type":"SearchAction","target":{"@type":"EntryPoint","urlTemplate":"https:\/\/agenciainfra.com\/blog\/?s={search_term_string}"},"query-input":{"@type":"PropertyValueSpecification","valueRequired":true,"valueName":"search_term_string"}}],"inLanguage":"pt-BR"},{"@type":"Organization","@id":"https:\/\/agenciainfra.com\/blog\/#organization","name":"Ag\u00eancia iNFRA","url":"https:\/\/agenciainfra.com\/blog\/","logo":{"@type":"ImageObject","inLanguage":"pt-BR","@id":"https:\/\/agenciainfra.com\/blog\/#\/schema\/logo\/image\/","url":"https:\/\/agenciainfra.com\/blog\/wp-content\/uploads\/2023\/09\/iNFRA_5-e1761735885940.png","contentUrl":"https:\/\/agenciainfra.com\/blog\/wp-content\/uploads\/2023\/09\/iNFRA_5-e1761735885940.png","width":1672,"height":454,"caption":"Ag\u00eancia iNFRA"},"image":{"@id":"https:\/\/agenciainfra.com\/blog\/#\/schema\/logo\/image\/"},"sameAs":["https:\/\/www.facebook.com\/ageninfra","https:\/\/x.com\/agencia_infra","https:\/\/www.linkedin.com\/company\/ag\u00eanciainfra\/","https:\/\/www.instagram.com\/agenciainfra\/"]},{"@type":"Person","@id":"https:\/\/agenciainfra.com\/blog\/#\/schema\/person\/34af08dff6adea4cb22b06612ba7acfa","name":"Ag\u00eancia iNFRA","image":{"@type":"ImageObject","inLanguage":"pt-BR","@id":"https:\/\/agenciainfra.com\/blog\/#\/schema\/person\/image\/","url":"https:\/\/secure.gravatar.com\/avatar\/d189e01678f06d8eb84d4e01f08eb848b3fffe3f8443818d3c356c66892f5be8?s=96&d=mm&r=g","contentUrl":"https:\/\/secure.gravatar.com\/avatar\/d189e01678f06d8eb84d4e01f08eb848b3fffe3f8443818d3c356c66892f5be8?s=96&d=mm&r=g","caption":"Ag\u00eancia iNFRA"},"url":"https:\/\/agenciainfra.com\/blog\/author\/admin\/"}]}},"_links":{"self":[{"href":"https:\/\/agenciainfra.com\/blog\/wp-json\/wp\/v2\/posts\/19017","targetHints":{"allow":["GET"]}}],"collection":[{"href":"https:\/\/agenciainfra.com\/blog\/wp-json\/wp\/v2\/posts"}],"about":[{"href":"https:\/\/agenciainfra.com\/blog\/wp-json\/wp\/v2\/types\/post"}],"author":[{"embeddable":true,"href":"https:\/\/agenciainfra.com\/blog\/wp-json\/wp\/v2\/users\/1"}],"replies":[{"embeddable":true,"href":"https:\/\/agenciainfra.com\/blog\/wp-json\/wp\/v2\/comments?post=19017"}],"version-history":[{"count":1,"href":"https:\/\/agenciainfra.com\/blog\/wp-json\/wp\/v2\/posts\/19017\/revisions"}],"predecessor-version":[{"id":19018,"href":"https:\/\/agenciainfra.com\/blog\/wp-json\/wp\/v2\/posts\/19017\/revisions\/19018"}],"wp:featuredmedia":[{"embeddable":true,"href":"https:\/\/agenciainfra.com\/blog\/wp-json\/wp\/v2\/media\/6401"}],"wp:attachment":[{"href":"https:\/\/agenciainfra.com\/blog\/wp-json\/wp\/v2\/media?parent=19017"}],"wp:term":[{"taxonomy":"category","embeddable":true,"href":"https:\/\/agenciainfra.com\/blog\/wp-json\/wp\/v2\/categories?post=19017"},{"taxonomy":"post_tag","embeddable":true,"href":"https:\/\/agenciainfra.com\/blog\/wp-json\/wp\/v2\/tags?post=19017"}],"curies":[{"name":"wp","href":"https:\/\/api.w.org\/{rel}","templated":true}]}}