{"id":19019,"date":"2024-11-06T09:00:00","date_gmt":"2024-11-06T12:00:00","guid":{"rendered":"https:\/\/agenciainfra.com\/blog\/?p=19019"},"modified":"2024-11-06T11:04:15","modified_gmt":"2024-11-06T14:04:15","slug":"aneel-rejeita-revisao-tarifaria-extraordinaria-da-light","status":"publish","type":"post","link":"https:\/\/agenciainfra.com\/blog\/aneel-rejeita-revisao-tarifaria-extraordinaria-da-light\/","title":{"rendered":"ANEEL rejeita revis\u00e3o tarif\u00e1ria extraordin\u00e1ria da Light"},"content":{"rendered":"\n<p class=\"has-text-align-right\"><strong>Geraldo Campos Jr. e Marisa Wanzeller, da Ag\u00eancia iNFRA<\/strong><\/p>\n\n\n\n<p>A diretoria da ANEEL (Ag\u00eancia Nacional de Energia El\u00e9trica) negou nesta ter\u00e7a-feira (5), por unanimidade, o pedido de RTE (Revis\u00e3o Tarif\u00e1ria Extraordin\u00e1ria) da Light. O&nbsp;<a href=\"https:\/\/mcusercontent.com\/d460dd1bcf9ba0ae040e1fc0f\/files\/f5c74133-6643-145b-910a-1077ad2cff22\/Voto_Resultado_RTE_Light.pdf\" target=\"_blank\" rel=\"noreferrer noopener\">voto<\/a>&nbsp;apresentado pelo relator, diretor Fernando Mosna, acompanhou o entendimento das \u00e1reas t\u00e9cnicas da reguladora e da procuradoria federal.<\/p>\n\n\n\n<p>A Light pleiteava uma reavalia\u00e7\u00e3o dos par\u00e2metros de perdas n\u00e3o t\u00e9cnicas estabelecidos na RTP (Revis\u00e3o Tarif\u00e1ria Peri\u00f3dica) de 2022. A companhia alegou que o furto de energia irregular permaneceu est\u00e1vel ao longo dos anos, mas houve elevada queda no mercado de baixa tens\u00e3o, de forma que o percentual de perdas aumentou.&nbsp;<\/p>\n\n\n\n<p><strong>Recupera\u00e7\u00e3o judicial<\/strong><br>Segundo fontes, a revis\u00e3o extraordin\u00e1ria era aguardada pela Light dentro do seu processo de recupera\u00e7\u00e3o judicial. A concess\u00e3o de energia do Rio de Janeiro \u00e9 uma das mais complexas do pa\u00eds, com altos \u00edndices de perdas n\u00e3o t\u00e9cnicas causadas por furtos e elevada inadimpl\u00eancia.<\/p>\n\n\n\n<p><strong>Pareces t\u00e9cnicos<\/strong><br>Os pareceres&nbsp;<a href=\"https:\/\/agenciainfra.us14.list-manage.com\/track\/click?u=d460dd1bcf9ba0ae040e1fc0f&amp;id=b8d1570fa9&amp;e=cccbf75ee3\" target=\"_blank\" rel=\"noreferrer noopener\">t\u00e9cnico<\/a>&nbsp;e&nbsp;<a href=\"https:\/\/agenciainfra.us14.list-manage.com\/track\/click?u=d460dd1bcf9ba0ae040e1fc0f&amp;id=52e4d09f6d&amp;e=cccbf75ee3\" target=\"_blank\" rel=\"noreferrer noopener\">jur\u00eddico<\/a>&nbsp;conclu\u00edram que a empresa n\u00e3o teria direito \u00e0 revis\u00e3o extraordin\u00e1ria no momento por n\u00e3o apresentar os crit\u00e9rios de admissibilidade, como a evid\u00eancia de desequil\u00edbrio econ\u00f4mico-financeiro causado por um fato novo e alheio \u00e0 concession\u00e1ria.<\/p>\n\n\n\n<p>Mosna se alinhou \u00e0 \u00e1rea t\u00e9cnica mencionando que as varia\u00e7\u00f5es do mercado fazem parte do risco do neg\u00f3cio, n\u00e3o podendo a ANEEL ajustar par\u00e2metros quando essa varia\u00e7\u00e3o \u00e9 desfavor\u00e1vel para a distribuidora.<\/p>\n\n\n\n<p>O requerimento de RTE foi ingressado pela distribuidora em 21 de mar\u00e7o de 2023 para equilibrar seus custos, diante de suas dificuldades financeiras. Pouco depois, em 12 de maio do mesmo ano, a empresa entrou com o pedido de recupera\u00e7\u00e3o judicial, processo que perdura at\u00e9 hoje.&nbsp;<\/p>\n\n\n\n<p>A&nbsp;<strong>Ag\u00eancia iNFRA<\/strong>&nbsp;questionou a Light se pretende entrar com recurso na ANEEL ou mesmo acionar a Justi\u00e7a, mas a distribuidora n\u00e3o respondeu.<\/p>\n","protected":false},"excerpt":{"rendered":"<p>Geraldo Campos Jr. e Marisa Wanzeller, da Ag\u00eancia iNFRA A diretoria da ANEEL (Ag\u00eancia Nacional de Energia El\u00e9trica) negou nesta ter\u00e7a-feira (5), por unanimidade, o pedido de RTE (Revis\u00e3o Tarif\u00e1ria Extraordin\u00e1ria) da Light. O&nbsp;voto&nbsp;apresentado pelo relator, diretor Fernando Mosna, acompanhou o entendimento das \u00e1reas t\u00e9cnicas da reguladora e da procuradoria federal. A Light pleiteava uma [&hellip;]<\/p>\n","protected":false},"author":1,"featured_media":12781,"comment_status":"closed","ping_status":"closed","sticky":false,"template":"","format":"standard","meta":{"_monsterinsights_skip_tracking":false,"_monsterinsights_sitenote_active":false,"_monsterinsights_sitenote_note":"","_monsterinsights_sitenote_category":0,"footnotes":""},"categories":[7250,1,10],"tags":[53,25,282,11666,11594,1867,7366,2825,2690,5586,215],"class_list":["post-19019","post","type-post","status-publish","format-standard","has-post-thumbnail","hentry","category-destaque-lista","category-geral","category-infraenergia","tag-aneel","tag-energia","tag-energia-eletrica","tag-fernando-monas","tag-geraldo-campos-jr","tag-light","tag-marisa-wanzeller","tag-recuperacao-judicial","tag-revisao-tarifaria","tag-tarifa-de-energia","tag-tarifas"],"yoast_head":"<!-- This site is optimized with the Yoast SEO Premium plugin v25.4 (Yoast SEO v26.0) - https:\/\/yoast.com\/wordpress\/plugins\/seo\/ -->\n<title>ANEEL rejeita revis\u00e3o tarif\u00e1ria extraordin\u00e1ria da Light - Ag\u00eancia iNFRA<\/title>\n<meta name=\"robots\" content=\"index, follow, max-snippet:-1, max-image-preview:large, max-video-preview:-1\" \/>\n<link rel=\"canonical\" href=\"https:\/\/agenciainfra.com\/blog\/aneel-rejeita-revisao-tarifaria-extraordinaria-da-light\/\" \/>\n<meta property=\"og:locale\" content=\"pt_BR\" \/>\n<meta property=\"og:type\" content=\"article\" \/>\n<meta property=\"og:title\" content=\"ANEEL rejeita revis\u00e3o tarif\u00e1ria extraordin\u00e1ria da Light\" \/>\n<meta property=\"og:description\" content=\"Geraldo Campos Jr. e Marisa Wanzeller, da Ag\u00eancia iNFRA A diretoria da ANEEL (Ag\u00eancia Nacional de Energia El\u00e9trica) negou nesta ter\u00e7a-feira (5), por unanimidade, o pedido de RTE (Revis\u00e3o Tarif\u00e1ria Extraordin\u00e1ria) da Light. O&nbsp;voto&nbsp;apresentado pelo relator, diretor Fernando Mosna, acompanhou o entendimento das \u00e1reas t\u00e9cnicas da reguladora e da procuradoria federal. A Light pleiteava uma [&hellip;]\" \/>\n<meta property=\"og:url\" content=\"https:\/\/agenciainfra.com\/blog\/aneel-rejeita-revisao-tarifaria-extraordinaria-da-light\/\" \/>\n<meta property=\"og:site_name\" content=\"Ag\u00eancia iNFRA\" \/>\n<meta property=\"article:publisher\" content=\"https:\/\/www.facebook.com\/ageninfra\" \/>\n<meta property=\"article:published_time\" content=\"2024-11-06T12:00:00+00:00\" \/>\n<meta property=\"article:modified_time\" content=\"2024-11-06T14:04:15+00:00\" \/>\n<meta property=\"og:image\" content=\"https:\/\/agenciainfra.com\/blog\/wp-content\/uploads\/2023\/06\/trabalhador-light-poste-foto-facebook-da-light.jpg\" \/>\n\t<meta property=\"og:image:width\" content=\"1202\" \/>\n\t<meta property=\"og:image:height\" content=\"805\" \/>\n\t<meta property=\"og:image:type\" content=\"image\/jpeg\" \/>\n<meta name=\"author\" content=\"Ag\u00eancia iNFRA\" \/>\n<meta name=\"twitter:card\" content=\"summary_large_image\" \/>\n<meta name=\"twitter:creator\" content=\"@agencia_infra\" \/>\n<meta name=\"twitter:site\" content=\"@agencia_infra\" \/>\n<meta name=\"twitter:label1\" content=\"Escrito por\" \/>\n\t<meta name=\"twitter:data1\" content=\"Ag\u00eancia iNFRA\" \/>\n\t<meta name=\"twitter:label2\" content=\"Est. tempo de leitura\" \/>\n\t<meta name=\"twitter:data2\" content=\"2 minutos\" \/>\n<script type=\"application\/ld+json\" class=\"yoast-schema-graph\">{\"@context\":\"https:\/\/schema.org\",\"@graph\":[{\"@type\":\"Article\",\"@id\":\"https:\/\/agenciainfra.com\/blog\/aneel-rejeita-revisao-tarifaria-extraordinaria-da-light\/#article\",\"isPartOf\":{\"@id\":\"https:\/\/agenciainfra.com\/blog\/aneel-rejeita-revisao-tarifaria-extraordinaria-da-light\/\"},\"author\":{\"name\":\"Ag\u00eancia iNFRA\",\"@id\":\"https:\/\/agenciainfra.com\/blog\/#\/schema\/person\/34af08dff6adea4cb22b06612ba7acfa\"},\"headline\":\"ANEEL rejeita revis\u00e3o tarif\u00e1ria extraordin\u00e1ria da Light\",\"datePublished\":\"2024-11-06T12:00:00+00:00\",\"dateModified\":\"2024-11-06T14:04:15+00:00\",\"mainEntityOfPage\":{\"@id\":\"https:\/\/agenciainfra.com\/blog\/aneel-rejeita-revisao-tarifaria-extraordinaria-da-light\/\"},\"wordCount\":353,\"publisher\":{\"@id\":\"https:\/\/agenciainfra.com\/blog\/#organization\"},\"image\":{\"@id\":\"https:\/\/agenciainfra.com\/blog\/aneel-rejeita-revisao-tarifaria-extraordinaria-da-light\/#primaryimage\"},\"thumbnailUrl\":\"https:\/\/agenciainfra.com\/blog\/wp-content\/uploads\/2023\/06\/trabalhador-light-poste-foto-facebook-da-light.jpg\",\"keywords\":[\"ANEEL\",\"energia\",\"energia el\u00e9trica\",\"Fernando Monas\",\"Geraldo Campos Jr.\",\"Light\",\"Marisa Wanzeller\",\"recupera\u00e7\u00e3o judicial\",\"revis\u00e3o tarif\u00e1ria\",\"tarifa de energia\",\"tarifas\"],\"articleSection\":[\"Destaque lista\",\"Geral\",\"iNFRAEnergia\"],\"inLanguage\":\"pt-BR\",\"copyrightYear\":\"2024\",\"copyrightHolder\":{\"@id\":\"https:\/\/agenciainfra.com\/blog\/#organization\"}},{\"@type\":\"WebPage\",\"@id\":\"https:\/\/agenciainfra.com\/blog\/aneel-rejeita-revisao-tarifaria-extraordinaria-da-light\/\",\"url\":\"https:\/\/agenciainfra.com\/blog\/aneel-rejeita-revisao-tarifaria-extraordinaria-da-light\/\",\"name\":\"ANEEL rejeita revis\u00e3o tarif\u00e1ria extraordin\u00e1ria da Light - Ag\u00eancia iNFRA\",\"isPartOf\":{\"@id\":\"https:\/\/agenciainfra.com\/blog\/#website\"},\"primaryImageOfPage\":{\"@id\":\"https:\/\/agenciainfra.com\/blog\/aneel-rejeita-revisao-tarifaria-extraordinaria-da-light\/#primaryimage\"},\"image\":{\"@id\":\"https:\/\/agenciainfra.com\/blog\/aneel-rejeita-revisao-tarifaria-extraordinaria-da-light\/#primaryimage\"},\"thumbnailUrl\":\"https:\/\/agenciainfra.com\/blog\/wp-content\/uploads\/2023\/06\/trabalhador-light-poste-foto-facebook-da-light.jpg\",\"datePublished\":\"2024-11-06T12:00:00+00:00\",\"dateModified\":\"2024-11-06T14:04:15+00:00\",\"breadcrumb\":{\"@id\":\"https:\/\/agenciainfra.com\/blog\/aneel-rejeita-revisao-tarifaria-extraordinaria-da-light\/#breadcrumb\"},\"inLanguage\":\"pt-BR\",\"potentialAction\":[{\"@type\":\"ReadAction\",\"target\":[\"https:\/\/agenciainfra.com\/blog\/aneel-rejeita-revisao-tarifaria-extraordinaria-da-light\/\"]}]},{\"@type\":\"ImageObject\",\"inLanguage\":\"pt-BR\",\"@id\":\"https:\/\/agenciainfra.com\/blog\/aneel-rejeita-revisao-tarifaria-extraordinaria-da-light\/#primaryimage\",\"url\":\"https:\/\/agenciainfra.com\/blog\/wp-content\/uploads\/2023\/06\/trabalhador-light-poste-foto-facebook-da-light.jpg\",\"contentUrl\":\"https:\/\/agenciainfra.com\/blog\/wp-content\/uploads\/2023\/06\/trabalhador-light-poste-foto-facebook-da-light.jpg\",\"width\":1202,\"height\":805},{\"@type\":\"BreadcrumbList\",\"@id\":\"https:\/\/agenciainfra.com\/blog\/aneel-rejeita-revisao-tarifaria-extraordinaria-da-light\/#breadcrumb\",\"itemListElement\":[{\"@type\":\"ListItem\",\"position\":1,\"name\":\"In\u00edcio\",\"item\":\"https:\/\/agenciainfra.com\/blog\/\"},{\"@type\":\"ListItem\",\"position\":2,\"name\":\"ANEEL rejeita revis\u00e3o tarif\u00e1ria extraordin\u00e1ria da Light\"}]},{\"@type\":\"WebSite\",\"@id\":\"https:\/\/agenciainfra.com\/blog\/#website\",\"url\":\"https:\/\/agenciainfra.com\/blog\/\",\"name\":\"Ag\u00eancia iNFRA\",\"description\":\"Multiplataforma de informa\u00e7\u00e3o jornal\u00edstica refer\u00eancia na \u00e1rea de infraestrutura no Brasil!\",\"publisher\":{\"@id\":\"https:\/\/agenciainfra.com\/blog\/#organization\"},\"potentialAction\":[{\"@type\":\"SearchAction\",\"target\":{\"@type\":\"EntryPoint\",\"urlTemplate\":\"https:\/\/agenciainfra.com\/blog\/?s={search_term_string}\"},\"query-input\":{\"@type\":\"PropertyValueSpecification\",\"valueRequired\":true,\"valueName\":\"search_term_string\"}}],\"inLanguage\":\"pt-BR\"},{\"@type\":\"Organization\",\"@id\":\"https:\/\/agenciainfra.com\/blog\/#organization\",\"name\":\"Ag\u00eancia iNFRA\",\"url\":\"https:\/\/agenciainfra.com\/blog\/\",\"logo\":{\"@type\":\"ImageObject\",\"inLanguage\":\"pt-BR\",\"@id\":\"https:\/\/agenciainfra.com\/blog\/#\/schema\/logo\/image\/\",\"url\":\"https:\/\/agenciainfra.com\/blog\/wp-content\/uploads\/2023\/09\/iNFRA_5-e1761735885940.png\",\"contentUrl\":\"https:\/\/agenciainfra.com\/blog\/wp-content\/uploads\/2023\/09\/iNFRA_5-e1761735885940.png\",\"width\":1672,\"height\":454,\"caption\":\"Ag\u00eancia iNFRA\"},\"image\":{\"@id\":\"https:\/\/agenciainfra.com\/blog\/#\/schema\/logo\/image\/\"},\"sameAs\":[\"https:\/\/www.facebook.com\/ageninfra\",\"https:\/\/x.com\/agencia_infra\",\"https:\/\/www.linkedin.com\/company\/ag\u00eanciainfra\/\",\"https:\/\/www.instagram.com\/agenciainfra\/\"]},{\"@type\":\"Person\",\"@id\":\"https:\/\/agenciainfra.com\/blog\/#\/schema\/person\/34af08dff6adea4cb22b06612ba7acfa\",\"name\":\"Ag\u00eancia iNFRA\",\"image\":{\"@type\":\"ImageObject\",\"inLanguage\":\"pt-BR\",\"@id\":\"https:\/\/agenciainfra.com\/blog\/#\/schema\/person\/image\/\",\"url\":\"https:\/\/secure.gravatar.com\/avatar\/d189e01678f06d8eb84d4e01f08eb848b3fffe3f8443818d3c356c66892f5be8?s=96&d=mm&r=g\",\"contentUrl\":\"https:\/\/secure.gravatar.com\/avatar\/d189e01678f06d8eb84d4e01f08eb848b3fffe3f8443818d3c356c66892f5be8?s=96&d=mm&r=g\",\"caption\":\"Ag\u00eancia iNFRA\"},\"url\":\"https:\/\/agenciainfra.com\/blog\/author\/admin\/\"}]}<\/script>\n<!-- \/ Yoast SEO Premium plugin. -->","yoast_head_json":{"title":"ANEEL rejeita revis\u00e3o tarif\u00e1ria extraordin\u00e1ria da Light - Ag\u00eancia iNFRA","robots":{"index":"index","follow":"follow","max-snippet":"max-snippet:-1","max-image-preview":"max-image-preview:large","max-video-preview":"max-video-preview:-1"},"canonical":"https:\/\/agenciainfra.com\/blog\/aneel-rejeita-revisao-tarifaria-extraordinaria-da-light\/","og_locale":"pt_BR","og_type":"article","og_title":"ANEEL rejeita revis\u00e3o tarif\u00e1ria extraordin\u00e1ria da Light","og_description":"Geraldo Campos Jr. e Marisa Wanzeller, da Ag\u00eancia iNFRA A diretoria da ANEEL (Ag\u00eancia Nacional de Energia El\u00e9trica) negou nesta ter\u00e7a-feira (5), por unanimidade, o pedido de RTE (Revis\u00e3o Tarif\u00e1ria Extraordin\u00e1ria) da Light. O&nbsp;voto&nbsp;apresentado pelo relator, diretor Fernando Mosna, acompanhou o entendimento das \u00e1reas t\u00e9cnicas da reguladora e da procuradoria federal. A Light pleiteava uma [&hellip;]","og_url":"https:\/\/agenciainfra.com\/blog\/aneel-rejeita-revisao-tarifaria-extraordinaria-da-light\/","og_site_name":"Ag\u00eancia iNFRA","article_publisher":"https:\/\/www.facebook.com\/ageninfra","article_published_time":"2024-11-06T12:00:00+00:00","article_modified_time":"2024-11-06T14:04:15+00:00","og_image":[{"width":1202,"height":805,"url":"https:\/\/agenciainfra.com\/blog\/wp-content\/uploads\/2023\/06\/trabalhador-light-poste-foto-facebook-da-light.jpg","type":"image\/jpeg"}],"author":"Ag\u00eancia iNFRA","twitter_card":"summary_large_image","twitter_creator":"@agencia_infra","twitter_site":"@agencia_infra","twitter_misc":{"Escrito por":"Ag\u00eancia iNFRA","Est. tempo de leitura":"2 minutos"},"schema":{"@context":"https:\/\/schema.org","@graph":[{"@type":"Article","@id":"https:\/\/agenciainfra.com\/blog\/aneel-rejeita-revisao-tarifaria-extraordinaria-da-light\/#article","isPartOf":{"@id":"https:\/\/agenciainfra.com\/blog\/aneel-rejeita-revisao-tarifaria-extraordinaria-da-light\/"},"author":{"name":"Ag\u00eancia iNFRA","@id":"https:\/\/agenciainfra.com\/blog\/#\/schema\/person\/34af08dff6adea4cb22b06612ba7acfa"},"headline":"ANEEL rejeita revis\u00e3o tarif\u00e1ria extraordin\u00e1ria da Light","datePublished":"2024-11-06T12:00:00+00:00","dateModified":"2024-11-06T14:04:15+00:00","mainEntityOfPage":{"@id":"https:\/\/agenciainfra.com\/blog\/aneel-rejeita-revisao-tarifaria-extraordinaria-da-light\/"},"wordCount":353,"publisher":{"@id":"https:\/\/agenciainfra.com\/blog\/#organization"},"image":{"@id":"https:\/\/agenciainfra.com\/blog\/aneel-rejeita-revisao-tarifaria-extraordinaria-da-light\/#primaryimage"},"thumbnailUrl":"https:\/\/agenciainfra.com\/blog\/wp-content\/uploads\/2023\/06\/trabalhador-light-poste-foto-facebook-da-light.jpg","keywords":["ANEEL","energia","energia el\u00e9trica","Fernando Monas","Geraldo Campos Jr.","Light","Marisa Wanzeller","recupera\u00e7\u00e3o judicial","revis\u00e3o tarif\u00e1ria","tarifa de energia","tarifas"],"articleSection":["Destaque lista","Geral","iNFRAEnergia"],"inLanguage":"pt-BR","copyrightYear":"2024","copyrightHolder":{"@id":"https:\/\/agenciainfra.com\/blog\/#organization"}},{"@type":"WebPage","@id":"https:\/\/agenciainfra.com\/blog\/aneel-rejeita-revisao-tarifaria-extraordinaria-da-light\/","url":"https:\/\/agenciainfra.com\/blog\/aneel-rejeita-revisao-tarifaria-extraordinaria-da-light\/","name":"ANEEL rejeita revis\u00e3o tarif\u00e1ria extraordin\u00e1ria da Light - Ag\u00eancia iNFRA","isPartOf":{"@id":"https:\/\/agenciainfra.com\/blog\/#website"},"primaryImageOfPage":{"@id":"https:\/\/agenciainfra.com\/blog\/aneel-rejeita-revisao-tarifaria-extraordinaria-da-light\/#primaryimage"},"image":{"@id":"https:\/\/agenciainfra.com\/blog\/aneel-rejeita-revisao-tarifaria-extraordinaria-da-light\/#primaryimage"},"thumbnailUrl":"https:\/\/agenciainfra.com\/blog\/wp-content\/uploads\/2023\/06\/trabalhador-light-poste-foto-facebook-da-light.jpg","datePublished":"2024-11-06T12:00:00+00:00","dateModified":"2024-11-06T14:04:15+00:00","breadcrumb":{"@id":"https:\/\/agenciainfra.com\/blog\/aneel-rejeita-revisao-tarifaria-extraordinaria-da-light\/#breadcrumb"},"inLanguage":"pt-BR","potentialAction":[{"@type":"ReadAction","target":["https:\/\/agenciainfra.com\/blog\/aneel-rejeita-revisao-tarifaria-extraordinaria-da-light\/"]}]},{"@type":"ImageObject","inLanguage":"pt-BR","@id":"https:\/\/agenciainfra.com\/blog\/aneel-rejeita-revisao-tarifaria-extraordinaria-da-light\/#primaryimage","url":"https:\/\/agenciainfra.com\/blog\/wp-content\/uploads\/2023\/06\/trabalhador-light-poste-foto-facebook-da-light.jpg","contentUrl":"https:\/\/agenciainfra.com\/blog\/wp-content\/uploads\/2023\/06\/trabalhador-light-poste-foto-facebook-da-light.jpg","width":1202,"height":805},{"@type":"BreadcrumbList","@id":"https:\/\/agenciainfra.com\/blog\/aneel-rejeita-revisao-tarifaria-extraordinaria-da-light\/#breadcrumb","itemListElement":[{"@type":"ListItem","position":1,"name":"In\u00edcio","item":"https:\/\/agenciainfra.com\/blog\/"},{"@type":"ListItem","position":2,"name":"ANEEL rejeita revis\u00e3o tarif\u00e1ria extraordin\u00e1ria da Light"}]},{"@type":"WebSite","@id":"https:\/\/agenciainfra.com\/blog\/#website","url":"https:\/\/agenciainfra.com\/blog\/","name":"Ag\u00eancia iNFRA","description":"Multiplataforma de informa\u00e7\u00e3o jornal\u00edstica refer\u00eancia na \u00e1rea de infraestrutura no Brasil!","publisher":{"@id":"https:\/\/agenciainfra.com\/blog\/#organization"},"potentialAction":[{"@type":"SearchAction","target":{"@type":"EntryPoint","urlTemplate":"https:\/\/agenciainfra.com\/blog\/?s={search_term_string}"},"query-input":{"@type":"PropertyValueSpecification","valueRequired":true,"valueName":"search_term_string"}}],"inLanguage":"pt-BR"},{"@type":"Organization","@id":"https:\/\/agenciainfra.com\/blog\/#organization","name":"Ag\u00eancia iNFRA","url":"https:\/\/agenciainfra.com\/blog\/","logo":{"@type":"ImageObject","inLanguage":"pt-BR","@id":"https:\/\/agenciainfra.com\/blog\/#\/schema\/logo\/image\/","url":"https:\/\/agenciainfra.com\/blog\/wp-content\/uploads\/2023\/09\/iNFRA_5-e1761735885940.png","contentUrl":"https:\/\/agenciainfra.com\/blog\/wp-content\/uploads\/2023\/09\/iNFRA_5-e1761735885940.png","width":1672,"height":454,"caption":"Ag\u00eancia iNFRA"},"image":{"@id":"https:\/\/agenciainfra.com\/blog\/#\/schema\/logo\/image\/"},"sameAs":["https:\/\/www.facebook.com\/ageninfra","https:\/\/x.com\/agencia_infra","https:\/\/www.linkedin.com\/company\/ag\u00eanciainfra\/","https:\/\/www.instagram.com\/agenciainfra\/"]},{"@type":"Person","@id":"https:\/\/agenciainfra.com\/blog\/#\/schema\/person\/34af08dff6adea4cb22b06612ba7acfa","name":"Ag\u00eancia iNFRA","image":{"@type":"ImageObject","inLanguage":"pt-BR","@id":"https:\/\/agenciainfra.com\/blog\/#\/schema\/person\/image\/","url":"https:\/\/secure.gravatar.com\/avatar\/d189e01678f06d8eb84d4e01f08eb848b3fffe3f8443818d3c356c66892f5be8?s=96&d=mm&r=g","contentUrl":"https:\/\/secure.gravatar.com\/avatar\/d189e01678f06d8eb84d4e01f08eb848b3fffe3f8443818d3c356c66892f5be8?s=96&d=mm&r=g","caption":"Ag\u00eancia iNFRA"},"url":"https:\/\/agenciainfra.com\/blog\/author\/admin\/"}]}},"_links":{"self":[{"href":"https:\/\/agenciainfra.com\/blog\/wp-json\/wp\/v2\/posts\/19019","targetHints":{"allow":["GET"]}}],"collection":[{"href":"https:\/\/agenciainfra.com\/blog\/wp-json\/wp\/v2\/posts"}],"about":[{"href":"https:\/\/agenciainfra.com\/blog\/wp-json\/wp\/v2\/types\/post"}],"author":[{"embeddable":true,"href":"https:\/\/agenciainfra.com\/blog\/wp-json\/wp\/v2\/users\/1"}],"replies":[{"embeddable":true,"href":"https:\/\/agenciainfra.com\/blog\/wp-json\/wp\/v2\/comments?post=19019"}],"version-history":[{"count":1,"href":"https:\/\/agenciainfra.com\/blog\/wp-json\/wp\/v2\/posts\/19019\/revisions"}],"predecessor-version":[{"id":19020,"href":"https:\/\/agenciainfra.com\/blog\/wp-json\/wp\/v2\/posts\/19019\/revisions\/19020"}],"wp:featuredmedia":[{"embeddable":true,"href":"https:\/\/agenciainfra.com\/blog\/wp-json\/wp\/v2\/media\/12781"}],"wp:attachment":[{"href":"https:\/\/agenciainfra.com\/blog\/wp-json\/wp\/v2\/media?parent=19019"}],"wp:term":[{"taxonomy":"category","embeddable":true,"href":"https:\/\/agenciainfra.com\/blog\/wp-json\/wp\/v2\/categories?post=19019"},{"taxonomy":"post_tag","embeddable":true,"href":"https:\/\/agenciainfra.com\/blog\/wp-json\/wp\/v2\/tags?post=19019"}],"curies":[{"name":"wp","href":"https:\/\/api.w.org\/{rel}","templated":true}]}}