{"id":19023,"date":"2024-11-06T11:00:00","date_gmt":"2024-11-06T14:00:00","guid":{"rendered":"https:\/\/agenciainfra.com\/blog\/?p=19023"},"modified":"2024-11-08T11:58:12","modified_gmt":"2024-11-08T14:58:12","slug":"ministro-anuncia-leiloes-de-102-aeroportos-regionais-em-2025-consulta-deve-iniciar-em-30-dias","status":"publish","type":"post","link":"https:\/\/agenciainfra.com\/blog\/ministro-anuncia-leiloes-de-102-aeroportos-regionais-em-2025-consulta-deve-iniciar-em-30-dias\/","title":{"rendered":"Ministro anuncia leil\u00f5es de 102 aeroportos regionais em 2025. Consulta deve iniciar em 30 dias"},"content":{"rendered":"\n<p class=\"has-text-align-right\"><strong>Sheyla Santos, da Ag\u00eancia iNFRA<\/strong><\/p>\n\n\n\n<p>O ministro de Portos de Aeroportos, Silvio Costa Filho, anunciou que a pasta vai leiloar 102 aeroportos regionais em 2025. Os terminais ser\u00e3o leiloados em dois blocos, com cerca de 50 aeroportos cada. \u00c0&nbsp;<strong>Ag\u00eancia iNFRA<\/strong>, o ministro disse nesta ter\u00e7a-feira (5) que o processo est\u00e1 sendo trabalhado na pasta e, posteriormente, ser\u00e1 enviado \u00e0 ANAC (Ag\u00eancia Nacional de Avia\u00e7\u00e3o Civil). A expectativa, segundo ele, \u00e9 de iniciar as consultas p\u00fablicas nos pr\u00f3ximos 30 dias.<\/p>\n\n\n\n<p>\u201cA gente vai iniciar para, a partir da\u00ed, as concession\u00e1rias se habilitarem. A ideia \u00e9 que a gente fa\u00e7a no primeiro semestre de 2025 o primeiro bloco. A gente est\u00e1 estruturando logo no in\u00edcio do ano. Na medida em que os 51 [aeroportos] forem fechados [no primeiro bloco], a gente j\u00e1 anuncia automaticamente o outro bloco\u201d, disse ao sair do evento Airport National Meeting,&nbsp;realizado pela&nbsp;ABR (Aeroportos do Brasil), associa\u00e7\u00e3o que representa os aeroportos federais concedidos.<\/p>\n\n\n\n<p>Costa Filho disse que o Aeroporto de Guarulhos (SP), operado pela GRU Airport, j\u00e1 oficializou interesse em participar dos certames. \u201cGuarulhos j\u00e1 me ligou\u201d, disse. O ministro ressaltou que a negocia\u00e7\u00e3o sobre os aeroportos regionais envolve extens\u00e3o de at\u00e9 cinco anos dos contratos de concess\u00e3o. Segundo ele, a pasta tamb\u00e9m tem negociado com governadores a realiza\u00e7\u00e3o de investimentos, por meio dos leil\u00f5es, nesses terminais de menor porte.<\/p>\n\n\n\n<p>Na pr\u00e1tica, devido a um acordo firmado no \u00e2mbito do TCU (Tribunal de Contas da Uni\u00e3o), as concession\u00e1rias vencedoras desses certames v\u00e3o poder inserir aeroportos regionais em seus contratos. Quem vencer, poder\u00e1 ampliar seus contratos para compensar os investimentos realizados nos aeroportos regionais. \u201cEstamos falando de mais cinco anos que as concession\u00e1rias podem ter sem ter que passar por um novo processo de licita\u00e7\u00e3o\u201d, destacou o ministro em fala a empres\u00e1rios do setor a\u00e9reo.<\/p>\n\n\n\n<p>No momento, o processo de como realizar esse leil\u00e3o, o que deve ser feito pela ANAC (Ag\u00eancia Nacional de Avia\u00e7\u00e3o Civil),&nbsp;est\u00e1 com o Minist\u00e9rio de Portos e Aeroportos. H\u00e1 expectativa de que nesta semana ocorram reuni\u00f5es para apresenta\u00e7\u00e3o das principais diretrizes que a pasta vai definir para o processo para que ent\u00e3o a ag\u00eancia possa trabalhar na modelagem final desse processo, segundo indicaram fontes que est\u00e3o trabalhando no processo.<\/p>\n\n\n\n<p><strong>SecexConsenso<\/strong><br>Sobre o Gale\u00e3o, Costa Filho afirmou \u00e0&nbsp;<strong>Ag\u00eancia iNFRA<\/strong>&nbsp;que os terminal poder\u00e1 compor os blocos de leil\u00f5es de 2025, mas ressaltou que \u00e9 preciso aguardar a an\u00e1lise dos processos pela SecexConsenso (Secretaria de Controle Externo de Solu\u00e7\u00e3o Consensual e Preven\u00e7\u00e3o de Conflitos) do TCU.&nbsp;A comiss\u00e3o de solu\u00e7\u00e3o consensual que analisa o terminal j\u00e1 est\u00e1 iniciada. Segundo fontes, as tratativas para um acordo est\u00e3o com bom andamento, ainda que o processo seja considerado o mais complexo para solu\u00e7\u00e3o dentro do setor aeroportu\u00e1rio.<\/p>\n\n\n\n<p>Conforme noticiado pela&nbsp;<strong>Ag\u00eancia iNFRA<\/strong>, o pedido do minist\u00e9rio para solu\u00e7\u00e3o consensual sobre a recupera\u00e7\u00e3o do contrato de concess\u00e3o do Aeroporto Internacional de Viracopos foi arquivado em 30 de outubro pelo presidente da corte de contas, ministro Bruno Dantas. Leia&nbsp;<a href=\"https:\/\/mcusercontent.com\/d460dd1bcf9ba0ae040e1fc0f\/files\/fafb3f0f-223c-1c11-3fb0-26208ccf8232\/Despacho_MIN_BD_2024_10_29_arquivamento_VCP.pdf\" rel=\"noreferrer noopener\" target=\"_blank\">aqui<\/a>&nbsp;a decis\u00e3o.<\/p>\n\n\n\n<p>\u201cS\u00e3o dois grupos importantes para o Brasil, que est\u00e3o operando com muita qualidade. Hoje, o Aeroporto do Gale\u00e3o voltou a crescer consideravelmente. O Aeroporto de Viracopos, a gente tem pesquisas que apontam que hoje \u00e9 um dos melhores aeroportos do Brasil. E eu tor\u00e7o para que a gente possa preservar o que tem, mas possa aguardar a palavra final do Tribunal de Contas da Uni\u00e3o\u201d, disse Costa Filho.<\/p>\n\n\n\n<p><strong>Salas sensoriais e combate \u00e0 viol\u00eancia<\/strong><br>O ministro assinou no evento da ABR&nbsp;um termo de ades\u00e3o ao&nbsp;<a href=\"https:\/\/www.gov.br\/portos-e-aeroportos\/pt-br\/assuntos\/noticias\/2024\/11\/governo-federal-anuncia-salas-em-aeroportos-para-criancas-com-autismo\" target=\"_blank\" rel=\"noreferrer noopener\">\u201cPrograma de Acolhimento ao Passageiro com Transtorno do Espectro Autista\u201d<\/a>, firmado entre Portos e Aeroportos, Casa Civil e concession\u00e1rias. A iniciativa prev\u00ea a instala\u00e7\u00e3o de seis salas multissensoriais em aeroportos no primeiro trimestre de 2025. A expectativa \u00e9 de que at\u00e9 2026 esse n\u00famero suba para 20.<\/p>\n\n\n\n<p>O programa estabelece ainda que haja reavalia\u00e7\u00e3o humanizada de procedimentos para melhoria da experi\u00eancia de passageiros com TEA (Transtorno do Espectro Autista), tanto em voo como em solo, capacita\u00e7\u00e3o para profissionais do setor, al\u00e9m de conscientiza\u00e7\u00e3o e sensibiliza\u00e7\u00e3o de passageiros. Os espa\u00e7os ser\u00e3o acess\u00edveis a viajantes neurodivergentes de todas as faixas et\u00e1rias.<\/p>\n\n\n\n<p>De acordo com a pasta, apenas os aeroportos de Florian\u00f3polis (SC) e de Vit\u00f3ria (ES), operados pela Zurich Airport, disp\u00f5em desse tipo de sala. A pasta ainda trabalha em uma iniciativa para transformar aeroportos em ponto de aux\u00edlio a v\u00edtimas de viol\u00eancia dom\u00e9stica. O ministro ressalta que duas iniciativas ser\u00e3o firmadas por meio de acordo com a iniciativa privada.<\/p>\n\n\n\n<p><strong>Seguros<\/strong><br>Outro tema que dominou o encontro e se tornou uma preocupa\u00e7\u00e3o geral no setor ap\u00f3s o alagamento do Aeroporto de Porto Alegre (RS) \u00e9 como lidar com os seguros para eventos clim\u00e1ticos. Os aeroportos indicaram que t\u00eam grande dificuldades em fazer seguros para v\u00e1rios tipos de eventos e a secret\u00e1ria-executiva da pasta, Mariana Pescatori, disse que ser\u00e1 necess\u00e1rio deixar mais claro nos contratos quais s\u00e3o as responsabilidades do poder p\u00fablico e das concession\u00e1rias.<\/p>\n\n\n\n<p>&#8220;Temos que deixar claro quais as responsabilidades do poder p\u00fablico, do setor privado e o que tem que ser segurado. Estamos conversando com a CNSeg e a Susep para ver os seguros que v\u00e3o estar dispon\u00edveis para o setor. E adaptar os contratos para ver at\u00e9 onde vai a responsabilidade do p\u00fablico e do privado&#8221;, disse a secret\u00e1ria-executiva.<\/p>\n","protected":false},"excerpt":{"rendered":"<p>Sheyla Santos, da Ag\u00eancia iNFRA O ministro de Portos de Aeroportos, Silvio Costa Filho, anunciou que a pasta vai leiloar 102 aeroportos regionais em 2025. Os terminais ser\u00e3o leiloados em dois blocos, com cerca de 50 aeroportos cada. \u00c0&nbsp;Ag\u00eancia iNFRA, o ministro disse nesta ter\u00e7a-feira (5) que o processo est\u00e1 sendo trabalhado na pasta e, [&hellip;]<\/p>\n","protected":false},"author":1,"featured_media":0,"comment_status":"closed","ping_status":"closed","sticky":false,"template":"","format":"standard","meta":{"_monsterinsights_skip_tracking":false,"_monsterinsights_sitenote_active":false,"_monsterinsights_sitenote_note":"","_monsterinsights_sitenote_category":0,"footnotes":""},"categories":[9714,1,7],"tags":[5002,1912,242,345,254,11668,11669,6257,6919,7218,8838,7467],"class_list":["post-19023","post","type-post","status-publish","format-standard","hentry","category-destaque-menor","category-geral","category-infratransporte","tag-aeroporto-de-guarulhos","tag-aeroportos-regionais","tag-anac","tag-consulta-publica","tag-leilao","tag-leilao-de-aeroportos","tag-leilao-de-aeroportos-regionais","tag-ministerio-de-portos-e-aeroportos","tag-mpor","tag-secexconsenso","tag-sheyla-santos","tag-silvio-costa-filho"],"yoast_head":"<!-- This site is optimized with the Yoast SEO Premium plugin v25.4 (Yoast SEO v26.0) - https:\/\/yoast.com\/wordpress\/plugins\/seo\/ -->\n<title>Ministro anuncia leil\u00f5es de 102 aeroportos regionais em 2025. Consulta deve iniciar em 30 dias - Ag\u00eancia iNFRA<\/title>\n<meta name=\"robots\" content=\"index, follow, max-snippet:-1, max-image-preview:large, max-video-preview:-1\" \/>\n<link rel=\"canonical\" href=\"https:\/\/agenciainfra.com\/blog\/ministro-anuncia-leiloes-de-102-aeroportos-regionais-em-2025-consulta-deve-iniciar-em-30-dias\/\" \/>\n<meta property=\"og:locale\" content=\"pt_BR\" \/>\n<meta property=\"og:type\" content=\"article\" \/>\n<meta property=\"og:title\" content=\"Ministro anuncia leil\u00f5es de 102 aeroportos regionais em 2025. Consulta deve iniciar em 30 dias\" \/>\n<meta property=\"og:description\" content=\"Sheyla Santos, da Ag\u00eancia iNFRA O ministro de Portos de Aeroportos, Silvio Costa Filho, anunciou que a pasta vai leiloar 102 aeroportos regionais em 2025. Os terminais ser\u00e3o leiloados em dois blocos, com cerca de 50 aeroportos cada. \u00c0&nbsp;Ag\u00eancia iNFRA, o ministro disse nesta ter\u00e7a-feira (5) que o processo est\u00e1 sendo trabalhado na pasta e, [&hellip;]\" \/>\n<meta property=\"og:url\" content=\"https:\/\/agenciainfra.com\/blog\/ministro-anuncia-leiloes-de-102-aeroportos-regionais-em-2025-consulta-deve-iniciar-em-30-dias\/\" \/>\n<meta property=\"og:site_name\" content=\"Ag\u00eancia iNFRA\" \/>\n<meta property=\"article:publisher\" content=\"https:\/\/www.facebook.com\/ageninfra\" \/>\n<meta property=\"article:published_time\" content=\"2024-11-06T14:00:00+00:00\" \/>\n<meta property=\"article:modified_time\" content=\"2024-11-08T14:58:12+00:00\" \/>\n<meta property=\"og:image\" content=\"https:\/\/agenciainfra.com\/blog\/wp-content\/uploads\/2017\/11\/aviao-decolagem.jpg\" \/>\n\t<meta property=\"og:image:width\" content=\"700\" \/>\n\t<meta property=\"og:image:height\" content=\"525\" \/>\n\t<meta property=\"og:image:type\" content=\"image\/jpeg\" \/>\n<meta name=\"author\" content=\"Ag\u00eancia iNFRA\" \/>\n<meta name=\"twitter:card\" content=\"summary_large_image\" \/>\n<meta name=\"twitter:creator\" content=\"@agencia_infra\" \/>\n<meta name=\"twitter:site\" content=\"@agencia_infra\" \/>\n<meta name=\"twitter:label1\" content=\"Escrito por\" \/>\n\t<meta name=\"twitter:data1\" content=\"Ag\u00eancia iNFRA\" \/>\n\t<meta name=\"twitter:label2\" content=\"Est. tempo de leitura\" \/>\n\t<meta name=\"twitter:data2\" content=\"5 minutos\" \/>\n<script type=\"application\/ld+json\" class=\"yoast-schema-graph\">{\"@context\":\"https:\/\/schema.org\",\"@graph\":[{\"@type\":\"Article\",\"@id\":\"https:\/\/agenciainfra.com\/blog\/ministro-anuncia-leiloes-de-102-aeroportos-regionais-em-2025-consulta-deve-iniciar-em-30-dias\/#article\",\"isPartOf\":{\"@id\":\"https:\/\/agenciainfra.com\/blog\/ministro-anuncia-leiloes-de-102-aeroportos-regionais-em-2025-consulta-deve-iniciar-em-30-dias\/\"},\"author\":{\"name\":\"Ag\u00eancia iNFRA\",\"@id\":\"https:\/\/agenciainfra.com\/blog\/#\/schema\/person\/34af08dff6adea4cb22b06612ba7acfa\"},\"headline\":\"Ministro anuncia leil\u00f5es de 102 aeroportos regionais em 2025. Consulta deve iniciar em 30 dias\",\"datePublished\":\"2024-11-06T14:00:00+00:00\",\"dateModified\":\"2024-11-08T14:58:12+00:00\",\"mainEntityOfPage\":{\"@id\":\"https:\/\/agenciainfra.com\/blog\/ministro-anuncia-leiloes-de-102-aeroportos-regionais-em-2025-consulta-deve-iniciar-em-30-dias\/\"},\"wordCount\":969,\"publisher\":{\"@id\":\"https:\/\/agenciainfra.com\/blog\/#organization\"},\"keywords\":[\"Aeroporto de Guarulhos\",\"aeroportos regionais\",\"ANAC\",\"consulta p\u00fablica\",\"leil\u00e3o\",\"Leil\u00e3o de aeroportos\",\"leil\u00e3o de aeroportos regionais\",\"Minist\u00e9rio de Portos e Aeroportos\",\"MPor\",\"SecexConsenso\",\"Sheyla Santos\",\"Silvio Costa Filho\"],\"articleSection\":[\"Destaque Menor\",\"Geral\",\"iNFRATransporte\"],\"inLanguage\":\"pt-BR\",\"copyrightYear\":\"2024\",\"copyrightHolder\":{\"@id\":\"https:\/\/agenciainfra.com\/blog\/#organization\"}},{\"@type\":\"WebPage\",\"@id\":\"https:\/\/agenciainfra.com\/blog\/ministro-anuncia-leiloes-de-102-aeroportos-regionais-em-2025-consulta-deve-iniciar-em-30-dias\/\",\"url\":\"https:\/\/agenciainfra.com\/blog\/ministro-anuncia-leiloes-de-102-aeroportos-regionais-em-2025-consulta-deve-iniciar-em-30-dias\/\",\"name\":\"Ministro anuncia leil\u00f5es de 102 aeroportos regionais em 2025. Consulta deve iniciar em 30 dias - Ag\u00eancia iNFRA\",\"isPartOf\":{\"@id\":\"https:\/\/agenciainfra.com\/blog\/#website\"},\"datePublished\":\"2024-11-06T14:00:00+00:00\",\"dateModified\":\"2024-11-08T14:58:12+00:00\",\"breadcrumb\":{\"@id\":\"https:\/\/agenciainfra.com\/blog\/ministro-anuncia-leiloes-de-102-aeroportos-regionais-em-2025-consulta-deve-iniciar-em-30-dias\/#breadcrumb\"},\"inLanguage\":\"pt-BR\",\"potentialAction\":[{\"@type\":\"ReadAction\",\"target\":[\"https:\/\/agenciainfra.com\/blog\/ministro-anuncia-leiloes-de-102-aeroportos-regionais-em-2025-consulta-deve-iniciar-em-30-dias\/\"]}]},{\"@type\":\"BreadcrumbList\",\"@id\":\"https:\/\/agenciainfra.com\/blog\/ministro-anuncia-leiloes-de-102-aeroportos-regionais-em-2025-consulta-deve-iniciar-em-30-dias\/#breadcrumb\",\"itemListElement\":[{\"@type\":\"ListItem\",\"position\":1,\"name\":\"In\u00edcio\",\"item\":\"https:\/\/agenciainfra.com\/blog\/\"},{\"@type\":\"ListItem\",\"position\":2,\"name\":\"Ministro anuncia leil\u00f5es de 102 aeroportos regionais em 2025. Consulta deve iniciar em 30 dias\"}]},{\"@type\":\"WebSite\",\"@id\":\"https:\/\/agenciainfra.com\/blog\/#website\",\"url\":\"https:\/\/agenciainfra.com\/blog\/\",\"name\":\"Ag\u00eancia iNFRA\",\"description\":\"Multiplataforma de informa\u00e7\u00e3o jornal\u00edstica refer\u00eancia na \u00e1rea de infraestrutura no Brasil!\",\"publisher\":{\"@id\":\"https:\/\/agenciainfra.com\/blog\/#organization\"},\"potentialAction\":[{\"@type\":\"SearchAction\",\"target\":{\"@type\":\"EntryPoint\",\"urlTemplate\":\"https:\/\/agenciainfra.com\/blog\/?s={search_term_string}\"},\"query-input\":{\"@type\":\"PropertyValueSpecification\",\"valueRequired\":true,\"valueName\":\"search_term_string\"}}],\"inLanguage\":\"pt-BR\"},{\"@type\":\"Organization\",\"@id\":\"https:\/\/agenciainfra.com\/blog\/#organization\",\"name\":\"Ag\u00eancia iNFRA\",\"url\":\"https:\/\/agenciainfra.com\/blog\/\",\"logo\":{\"@type\":\"ImageObject\",\"inLanguage\":\"pt-BR\",\"@id\":\"https:\/\/agenciainfra.com\/blog\/#\/schema\/logo\/image\/\",\"url\":\"https:\/\/agenciainfra.com\/blog\/wp-content\/uploads\/2023\/09\/iNFRA_5-e1761735885940.png\",\"contentUrl\":\"https:\/\/agenciainfra.com\/blog\/wp-content\/uploads\/2023\/09\/iNFRA_5-e1761735885940.png\",\"width\":1672,\"height\":454,\"caption\":\"Ag\u00eancia iNFRA\"},\"image\":{\"@id\":\"https:\/\/agenciainfra.com\/blog\/#\/schema\/logo\/image\/\"},\"sameAs\":[\"https:\/\/www.facebook.com\/ageninfra\",\"https:\/\/x.com\/agencia_infra\",\"https:\/\/www.linkedin.com\/company\/ag\u00eanciainfra\/\",\"https:\/\/www.instagram.com\/agenciainfra\/\"]},{\"@type\":\"Person\",\"@id\":\"https:\/\/agenciainfra.com\/blog\/#\/schema\/person\/34af08dff6adea4cb22b06612ba7acfa\",\"name\":\"Ag\u00eancia iNFRA\",\"image\":{\"@type\":\"ImageObject\",\"inLanguage\":\"pt-BR\",\"@id\":\"https:\/\/agenciainfra.com\/blog\/#\/schema\/person\/image\/\",\"url\":\"https:\/\/secure.gravatar.com\/avatar\/d189e01678f06d8eb84d4e01f08eb848b3fffe3f8443818d3c356c66892f5be8?s=96&d=mm&r=g\",\"contentUrl\":\"https:\/\/secure.gravatar.com\/avatar\/d189e01678f06d8eb84d4e01f08eb848b3fffe3f8443818d3c356c66892f5be8?s=96&d=mm&r=g\",\"caption\":\"Ag\u00eancia iNFRA\"},\"url\":\"https:\/\/agenciainfra.com\/blog\/author\/admin\/\"}]}<\/script>\n<!-- \/ Yoast SEO Premium plugin. -->","yoast_head_json":{"title":"Ministro anuncia leil\u00f5es de 102 aeroportos regionais em 2025. Consulta deve iniciar em 30 dias - Ag\u00eancia iNFRA","robots":{"index":"index","follow":"follow","max-snippet":"max-snippet:-1","max-image-preview":"max-image-preview:large","max-video-preview":"max-video-preview:-1"},"canonical":"https:\/\/agenciainfra.com\/blog\/ministro-anuncia-leiloes-de-102-aeroportos-regionais-em-2025-consulta-deve-iniciar-em-30-dias\/","og_locale":"pt_BR","og_type":"article","og_title":"Ministro anuncia leil\u00f5es de 102 aeroportos regionais em 2025. Consulta deve iniciar em 30 dias","og_description":"Sheyla Santos, da Ag\u00eancia iNFRA O ministro de Portos de Aeroportos, Silvio Costa Filho, anunciou que a pasta vai leiloar 102 aeroportos regionais em 2025. Os terminais ser\u00e3o leiloados em dois blocos, com cerca de 50 aeroportos cada. \u00c0&nbsp;Ag\u00eancia iNFRA, o ministro disse nesta ter\u00e7a-feira (5) que o processo est\u00e1 sendo trabalhado na pasta e, [&hellip;]","og_url":"https:\/\/agenciainfra.com\/blog\/ministro-anuncia-leiloes-de-102-aeroportos-regionais-em-2025-consulta-deve-iniciar-em-30-dias\/","og_site_name":"Ag\u00eancia iNFRA","article_publisher":"https:\/\/www.facebook.com\/ageninfra","article_published_time":"2024-11-06T14:00:00+00:00","article_modified_time":"2024-11-08T14:58:12+00:00","og_image":[{"width":700,"height":525,"url":"https:\/\/agenciainfra.com\/blog\/wp-content\/uploads\/2017\/11\/aviao-decolagem.jpg","type":"image\/jpeg"}],"author":"Ag\u00eancia iNFRA","twitter_card":"summary_large_image","twitter_creator":"@agencia_infra","twitter_site":"@agencia_infra","twitter_misc":{"Escrito por":"Ag\u00eancia iNFRA","Est. tempo de leitura":"5 minutos"},"schema":{"@context":"https:\/\/schema.org","@graph":[{"@type":"Article","@id":"https:\/\/agenciainfra.com\/blog\/ministro-anuncia-leiloes-de-102-aeroportos-regionais-em-2025-consulta-deve-iniciar-em-30-dias\/#article","isPartOf":{"@id":"https:\/\/agenciainfra.com\/blog\/ministro-anuncia-leiloes-de-102-aeroportos-regionais-em-2025-consulta-deve-iniciar-em-30-dias\/"},"author":{"name":"Ag\u00eancia iNFRA","@id":"https:\/\/agenciainfra.com\/blog\/#\/schema\/person\/34af08dff6adea4cb22b06612ba7acfa"},"headline":"Ministro anuncia leil\u00f5es de 102 aeroportos regionais em 2025. Consulta deve iniciar em 30 dias","datePublished":"2024-11-06T14:00:00+00:00","dateModified":"2024-11-08T14:58:12+00:00","mainEntityOfPage":{"@id":"https:\/\/agenciainfra.com\/blog\/ministro-anuncia-leiloes-de-102-aeroportos-regionais-em-2025-consulta-deve-iniciar-em-30-dias\/"},"wordCount":969,"publisher":{"@id":"https:\/\/agenciainfra.com\/blog\/#organization"},"keywords":["Aeroporto de Guarulhos","aeroportos regionais","ANAC","consulta p\u00fablica","leil\u00e3o","Leil\u00e3o de aeroportos","leil\u00e3o de aeroportos regionais","Minist\u00e9rio de Portos e Aeroportos","MPor","SecexConsenso","Sheyla Santos","Silvio Costa Filho"],"articleSection":["Destaque Menor","Geral","iNFRATransporte"],"inLanguage":"pt-BR","copyrightYear":"2024","copyrightHolder":{"@id":"https:\/\/agenciainfra.com\/blog\/#organization"}},{"@type":"WebPage","@id":"https:\/\/agenciainfra.com\/blog\/ministro-anuncia-leiloes-de-102-aeroportos-regionais-em-2025-consulta-deve-iniciar-em-30-dias\/","url":"https:\/\/agenciainfra.com\/blog\/ministro-anuncia-leiloes-de-102-aeroportos-regionais-em-2025-consulta-deve-iniciar-em-30-dias\/","name":"Ministro anuncia leil\u00f5es de 102 aeroportos regionais em 2025. Consulta deve iniciar em 30 dias - Ag\u00eancia iNFRA","isPartOf":{"@id":"https:\/\/agenciainfra.com\/blog\/#website"},"datePublished":"2024-11-06T14:00:00+00:00","dateModified":"2024-11-08T14:58:12+00:00","breadcrumb":{"@id":"https:\/\/agenciainfra.com\/blog\/ministro-anuncia-leiloes-de-102-aeroportos-regionais-em-2025-consulta-deve-iniciar-em-30-dias\/#breadcrumb"},"inLanguage":"pt-BR","potentialAction":[{"@type":"ReadAction","target":["https:\/\/agenciainfra.com\/blog\/ministro-anuncia-leiloes-de-102-aeroportos-regionais-em-2025-consulta-deve-iniciar-em-30-dias\/"]}]},{"@type":"BreadcrumbList","@id":"https:\/\/agenciainfra.com\/blog\/ministro-anuncia-leiloes-de-102-aeroportos-regionais-em-2025-consulta-deve-iniciar-em-30-dias\/#breadcrumb","itemListElement":[{"@type":"ListItem","position":1,"name":"In\u00edcio","item":"https:\/\/agenciainfra.com\/blog\/"},{"@type":"ListItem","position":2,"name":"Ministro anuncia leil\u00f5es de 102 aeroportos regionais em 2025. Consulta deve iniciar em 30 dias"}]},{"@type":"WebSite","@id":"https:\/\/agenciainfra.com\/blog\/#website","url":"https:\/\/agenciainfra.com\/blog\/","name":"Ag\u00eancia iNFRA","description":"Multiplataforma de informa\u00e7\u00e3o jornal\u00edstica refer\u00eancia na \u00e1rea de infraestrutura no Brasil!","publisher":{"@id":"https:\/\/agenciainfra.com\/blog\/#organization"},"potentialAction":[{"@type":"SearchAction","target":{"@type":"EntryPoint","urlTemplate":"https:\/\/agenciainfra.com\/blog\/?s={search_term_string}"},"query-input":{"@type":"PropertyValueSpecification","valueRequired":true,"valueName":"search_term_string"}}],"inLanguage":"pt-BR"},{"@type":"Organization","@id":"https:\/\/agenciainfra.com\/blog\/#organization","name":"Ag\u00eancia iNFRA","url":"https:\/\/agenciainfra.com\/blog\/","logo":{"@type":"ImageObject","inLanguage":"pt-BR","@id":"https:\/\/agenciainfra.com\/blog\/#\/schema\/logo\/image\/","url":"https:\/\/agenciainfra.com\/blog\/wp-content\/uploads\/2023\/09\/iNFRA_5-e1761735885940.png","contentUrl":"https:\/\/agenciainfra.com\/blog\/wp-content\/uploads\/2023\/09\/iNFRA_5-e1761735885940.png","width":1672,"height":454,"caption":"Ag\u00eancia iNFRA"},"image":{"@id":"https:\/\/agenciainfra.com\/blog\/#\/schema\/logo\/image\/"},"sameAs":["https:\/\/www.facebook.com\/ageninfra","https:\/\/x.com\/agencia_infra","https:\/\/www.linkedin.com\/company\/ag\u00eanciainfra\/","https:\/\/www.instagram.com\/agenciainfra\/"]},{"@type":"Person","@id":"https:\/\/agenciainfra.com\/blog\/#\/schema\/person\/34af08dff6adea4cb22b06612ba7acfa","name":"Ag\u00eancia iNFRA","image":{"@type":"ImageObject","inLanguage":"pt-BR","@id":"https:\/\/agenciainfra.com\/blog\/#\/schema\/person\/image\/","url":"https:\/\/secure.gravatar.com\/avatar\/d189e01678f06d8eb84d4e01f08eb848b3fffe3f8443818d3c356c66892f5be8?s=96&d=mm&r=g","contentUrl":"https:\/\/secure.gravatar.com\/avatar\/d189e01678f06d8eb84d4e01f08eb848b3fffe3f8443818d3c356c66892f5be8?s=96&d=mm&r=g","caption":"Ag\u00eancia iNFRA"},"url":"https:\/\/agenciainfra.com\/blog\/author\/admin\/"}]}},"_links":{"self":[{"href":"https:\/\/agenciainfra.com\/blog\/wp-json\/wp\/v2\/posts\/19023","targetHints":{"allow":["GET"]}}],"collection":[{"href":"https:\/\/agenciainfra.com\/blog\/wp-json\/wp\/v2\/posts"}],"about":[{"href":"https:\/\/agenciainfra.com\/blog\/wp-json\/wp\/v2\/types\/post"}],"author":[{"embeddable":true,"href":"https:\/\/agenciainfra.com\/blog\/wp-json\/wp\/v2\/users\/1"}],"replies":[{"embeddable":true,"href":"https:\/\/agenciainfra.com\/blog\/wp-json\/wp\/v2\/comments?post=19023"}],"version-history":[{"count":1,"href":"https:\/\/agenciainfra.com\/blog\/wp-json\/wp\/v2\/posts\/19023\/revisions"}],"predecessor-version":[{"id":19024,"href":"https:\/\/agenciainfra.com\/blog\/wp-json\/wp\/v2\/posts\/19023\/revisions\/19024"}],"wp:attachment":[{"href":"https:\/\/agenciainfra.com\/blog\/wp-json\/wp\/v2\/media?parent=19023"}],"wp:term":[{"taxonomy":"category","embeddable":true,"href":"https:\/\/agenciainfra.com\/blog\/wp-json\/wp\/v2\/categories?post=19023"},{"taxonomy":"post_tag","embeddable":true,"href":"https:\/\/agenciainfra.com\/blog\/wp-json\/wp\/v2\/tags?post=19023"}],"curies":[{"name":"wp","href":"https:\/\/api.w.org\/{rel}","templated":true}]}}