{"id":19028,"date":"2024-11-06T14:00:00","date_gmt":"2024-11-06T17:00:00","guid":{"rendered":"https:\/\/agenciainfra.com\/blog\/?p=19028"},"modified":"2024-11-07T12:03:50","modified_gmt":"2024-11-07T15:03:50","slug":"deputado-diz-que-agencias-nao-devem-ser-submetidas-a-ingerencia-pec-deve-ficar-para-2025","status":"publish","type":"post","link":"https:\/\/agenciainfra.com\/blog\/deputado-diz-que-agencias-nao-devem-ser-submetidas-a-ingerencia-pec-deve-ficar-para-2025\/","title":{"rendered":"Deputado diz que ag\u00eancias n\u00e3o devem ser submetidas \u00e0 inger\u00eancia; PEC deve ficar para 2025"},"content":{"rendered":"\n<p class=\"has-text-align-right\"><strong>Marisa Wanzeller, da Ag\u00eancia iNFRA<\/strong><\/p>\n\n\n\n<p>O deputado Danilo Forte (Uni\u00e3o-CE) disse nesta ter\u00e7a-feira (5) que n\u00e3o tratou com o governo sobre a&nbsp;<a href=\"https:\/\/agenciainfra.us14.list-manage.com\/track\/click?u=d460dd1bcf9ba0ae040e1fc0f&amp;id=30568f9fe1&amp;e=55b7a27fc9\" target=\"_blank\" rel=\"noreferrer noopener\">PEC (Proposta de Emenda \u00e0 Constitui\u00e7\u00e3o)<\/a>&nbsp;de sua autoria que d\u00e1 \u00e0s comiss\u00f5es tem\u00e1ticas da C\u00e2mara o poder de fiscalizar as ag\u00eancias reguladoras. A mat\u00e9ria j\u00e1 contava com&nbsp;mais de 160 assinaturas at\u00e9 o fechamento desta edi\u00e7\u00e3o, sendo necess\u00e1rias 171 para ser apresentada.&nbsp;<\/p>\n\n\n\n<p>Danilo Forte disse que pretende protocolar a PEC at\u00e9 a pr\u00f3xima quinta-feira (7), mas que a tramita\u00e7\u00e3o deve se dar somente em 2025.<\/p>\n\n\n\n<p><strong>\u00d3rg\u00e3os de Estado<\/strong><br>O parlamentar destacou que as ag\u00eancias s\u00e3o \u00f3rg\u00e3os de Estado e, portanto, n\u00e3o devem ser submetidas \u00e0 inger\u00eancia do governo federal. Desta forma, n\u00e3o caberia a fiscaliza\u00e7\u00e3o ser feita por um \u00f3rg\u00e3o de controle do pr\u00f3prio governo, como foi ventilado que estaria sendo estudado pelo Executivo, disse o deputado \u00e0 imprensa.&nbsp;<\/p>\n\n\n\n<p>Ele tamb\u00e9m relembrou que o ministro Alexandre Silveira, de Minas e Energia, posicionou-se contra a ideia do projeto durante uma de suas primeiras audi\u00eancias p\u00fablicas na C\u00e2mara \u00e0 frente da pasta.&nbsp;<\/p>\n\n\n\n<p>\u201cAgora ele j\u00e1 est\u00e1 vendo a necessidade [de altera\u00e7\u00e3o na Lei das Ag\u00eancias], exatamente porque os servi\u00e7os s\u00f3 pioraram e eles tamb\u00e9m n\u00e3o t\u00eam nenhum poder de inger\u00eancia sobre as ag\u00eancias&#8221;, disse.&nbsp;<\/p>\n\n\n\n<p>Segundo o deputado, com a PEC, o Poder Executivo poder\u00e1 questionar os diretores via comiss\u00e3o tem\u00e1tica da C\u00e2mara e, inclusive, criar condicionantes jur\u00eddicas para que o colegiado responda criminalmente por omiss\u00e3o ou por dolo, se necess\u00e1rio.<\/p>\n\n\n\n<p><strong>Interfer\u00eancia pol\u00edtica<\/strong><br>Ao ser questionado se a proposta n\u00e3o poderia soar como uma interfer\u00eancia pol\u00edtica sobre um \u00f3rg\u00e3o t\u00e9cnico, Danilo Forte respondeu que o processo de indica\u00e7\u00e3o dos nomes j\u00e1 \u00e9 um ato pol\u00edtico.&nbsp;<\/p>\n\n\n\n<p>\u201cToda decis\u00e3o \u00e9 decis\u00e3o pol\u00edtica&#8221;, afirmou. \u201cO princ\u00edpio da qualifica\u00e7\u00e3o t\u00e9cnica \u00e9 primordial, mas o que a gente viu tamb\u00e9m foi uma coopta\u00e7\u00e3o muito grande por parte de segmentos da economia dentro das ag\u00eancias. Porque [se] elege e deixa o t\u00e9cnico l\u00e1 isolado, sem responder a nenhuma outra institui\u00e7\u00e3o.\u201d<\/p>\n\n\n\n<p>\u201cEle fica confortavelmente l\u00e1 como diretor, achando que pode fazer tudo o que bem entender ao seu bel prazer e, muitas vezes, sendo exposto a uma coopta\u00e7\u00e3o que \u00e9 mal\u00e9fica para o conjunto da sociedade&#8221;, ponderou. No seu entendimento, estabelecer um \u00f3rg\u00e3o de fiscaliza\u00e7\u00e3o cont\u00ednua inibiria essa pr\u00e1tica, tendo em vista que os agentes ser\u00e3o obrigados a prestar contas das suas obriga\u00e7\u00f5es.&nbsp;<\/p>\n\n\n\n<p><strong>Tramita\u00e7\u00e3o<\/strong><br>Protocolada a PEC, a mesa da C\u00e2mara deve criar uma comiss\u00e3o especial. Ap\u00f3s ser aprovado na comiss\u00e3o, o texto segue para a CCJ (Comiss\u00e3o de Constitui\u00e7\u00e3o e Justi\u00e7a) e, posteriormente, para o plen\u00e1rio, conforme explicou o parlamentar.<\/p>\n","protected":false},"excerpt":{"rendered":"<p>Marisa Wanzeller, da Ag\u00eancia iNFRA O deputado Danilo Forte (Uni\u00e3o-CE) disse nesta ter\u00e7a-feira (5) que n\u00e3o tratou com o governo sobre a&nbsp;PEC (Proposta de Emenda \u00e0 Constitui\u00e7\u00e3o)&nbsp;de sua autoria que d\u00e1 \u00e0s comiss\u00f5es tem\u00e1ticas da C\u00e2mara o poder de fiscalizar as ag\u00eancias reguladoras. A mat\u00e9ria j\u00e1 contava com&nbsp;mais de 160 assinaturas at\u00e9 o fechamento desta [&hellip;]<\/p>\n","protected":false},"author":1,"featured_media":11213,"comment_status":"closed","ping_status":"closed","sticky":false,"template":"","format":"standard","meta":{"_monsterinsights_skip_tracking":false,"_monsterinsights_sitenote_active":false,"_monsterinsights_sitenote_note":"","_monsterinsights_sitenote_category":0,"footnotes":""},"categories":[9714,1,10],"tags":[46,53,3755,380,11670,1679,7366,4158],"class_list":["post-19028","post","type-post","status-publish","format-standard","has-post-thumbnail","hentry","category-destaque-menor","category-geral","category-infraenergia","tag-agencias-reguladoras","tag-aneel","tag-danilo-forte","tag-fiscalizacao","tag-fiscalizacao-de-agencias-reguladoras","tag-lei-das-agencias","tag-marisa-wanzeller","tag-pec"],"yoast_head":"<!-- This site is optimized with the Yoast SEO Premium plugin v25.4 (Yoast SEO v26.0) - https:\/\/yoast.com\/wordpress\/plugins\/seo\/ -->\n<title>Deputado diz que ag\u00eancias n\u00e3o devem ser submetidas \u00e0 inger\u00eancia; PEC deve ficar para 2025 - Ag\u00eancia iNFRA<\/title>\n<meta name=\"robots\" content=\"index, follow, max-snippet:-1, max-image-preview:large, max-video-preview:-1\" \/>\n<link rel=\"canonical\" href=\"https:\/\/agenciainfra.com\/blog\/deputado-diz-que-agencias-nao-devem-ser-submetidas-a-ingerencia-pec-deve-ficar-para-2025\/\" \/>\n<meta property=\"og:locale\" content=\"pt_BR\" \/>\n<meta property=\"og:type\" content=\"article\" \/>\n<meta property=\"og:title\" content=\"Deputado diz que ag\u00eancias n\u00e3o devem ser submetidas \u00e0 inger\u00eancia; PEC deve ficar para 2025\" \/>\n<meta property=\"og:description\" content=\"Marisa Wanzeller, da Ag\u00eancia iNFRA O deputado Danilo Forte (Uni\u00e3o-CE) disse nesta ter\u00e7a-feira (5) que n\u00e3o tratou com o governo sobre a&nbsp;PEC (Proposta de Emenda \u00e0 Constitui\u00e7\u00e3o)&nbsp;de sua autoria que d\u00e1 \u00e0s comiss\u00f5es tem\u00e1ticas da C\u00e2mara o poder de fiscalizar as ag\u00eancias reguladoras. A mat\u00e9ria j\u00e1 contava com&nbsp;mais de 160 assinaturas at\u00e9 o fechamento desta [&hellip;]\" \/>\n<meta property=\"og:url\" content=\"https:\/\/agenciainfra.com\/blog\/deputado-diz-que-agencias-nao-devem-ser-submetidas-a-ingerencia-pec-deve-ficar-para-2025\/\" \/>\n<meta property=\"og:site_name\" content=\"Ag\u00eancia iNFRA\" \/>\n<meta property=\"article:publisher\" content=\"https:\/\/www.facebook.com\/ageninfra\" \/>\n<meta property=\"article:published_time\" content=\"2024-11-06T17:00:00+00:00\" \/>\n<meta property=\"article:modified_time\" content=\"2024-11-07T15:03:50+00:00\" \/>\n<meta property=\"og:image\" content=\"https:\/\/agenciainfra.com\/blog\/wp-content\/uploads\/2022\/09\/danilo-forte-foto-elaine-menke-camara-dos-deputados.jpeg\" \/>\n\t<meta property=\"og:image:width\" content=\"1280\" \/>\n\t<meta property=\"og:image:height\" content=\"853\" \/>\n\t<meta property=\"og:image:type\" content=\"image\/jpeg\" \/>\n<meta name=\"author\" content=\"Ag\u00eancia iNFRA\" \/>\n<meta name=\"twitter:card\" content=\"summary_large_image\" \/>\n<meta name=\"twitter:creator\" content=\"@agencia_infra\" \/>\n<meta name=\"twitter:site\" content=\"@agencia_infra\" \/>\n<meta name=\"twitter:label1\" content=\"Escrito por\" \/>\n\t<meta name=\"twitter:data1\" content=\"Ag\u00eancia iNFRA\" \/>\n\t<meta name=\"twitter:label2\" content=\"Est. tempo de leitura\" \/>\n\t<meta name=\"twitter:data2\" content=\"2 minutos\" \/>\n<script type=\"application\/ld+json\" class=\"yoast-schema-graph\">{\"@context\":\"https:\/\/schema.org\",\"@graph\":[{\"@type\":\"Article\",\"@id\":\"https:\/\/agenciainfra.com\/blog\/deputado-diz-que-agencias-nao-devem-ser-submetidas-a-ingerencia-pec-deve-ficar-para-2025\/#article\",\"isPartOf\":{\"@id\":\"https:\/\/agenciainfra.com\/blog\/deputado-diz-que-agencias-nao-devem-ser-submetidas-a-ingerencia-pec-deve-ficar-para-2025\/\"},\"author\":{\"name\":\"Ag\u00eancia iNFRA\",\"@id\":\"https:\/\/agenciainfra.com\/blog\/#\/schema\/person\/34af08dff6adea4cb22b06612ba7acfa\"},\"headline\":\"Deputado diz que ag\u00eancias n\u00e3o devem ser submetidas \u00e0 inger\u00eancia; PEC deve ficar para 2025\",\"datePublished\":\"2024-11-06T17:00:00+00:00\",\"dateModified\":\"2024-11-07T15:03:50+00:00\",\"mainEntityOfPage\":{\"@id\":\"https:\/\/agenciainfra.com\/blog\/deputado-diz-que-agencias-nao-devem-ser-submetidas-a-ingerencia-pec-deve-ficar-para-2025\/\"},\"wordCount\":515,\"publisher\":{\"@id\":\"https:\/\/agenciainfra.com\/blog\/#organization\"},\"image\":{\"@id\":\"https:\/\/agenciainfra.com\/blog\/deputado-diz-que-agencias-nao-devem-ser-submetidas-a-ingerencia-pec-deve-ficar-para-2025\/#primaryimage\"},\"thumbnailUrl\":\"https:\/\/agenciainfra.com\/blog\/wp-content\/uploads\/2022\/09\/danilo-forte-foto-elaine-menke-camara-dos-deputados.jpeg\",\"keywords\":[\"Ag\u00eancias Reguladoras\",\"ANEEL\",\"Danilo Forte\",\"fiscaliza\u00e7\u00e3o\",\"Fiscaliza\u00e7\u00e3o de ag\u00eancias reguladoras\",\"Lei das Ag\u00eancias\",\"Marisa Wanzeller\",\"PEC\"],\"articleSection\":[\"Destaque Menor\",\"Geral\",\"iNFRAEnergia\"],\"inLanguage\":\"pt-BR\",\"copyrightYear\":\"2024\",\"copyrightHolder\":{\"@id\":\"https:\/\/agenciainfra.com\/blog\/#organization\"}},{\"@type\":\"WebPage\",\"@id\":\"https:\/\/agenciainfra.com\/blog\/deputado-diz-que-agencias-nao-devem-ser-submetidas-a-ingerencia-pec-deve-ficar-para-2025\/\",\"url\":\"https:\/\/agenciainfra.com\/blog\/deputado-diz-que-agencias-nao-devem-ser-submetidas-a-ingerencia-pec-deve-ficar-para-2025\/\",\"name\":\"Deputado diz que ag\u00eancias n\u00e3o devem ser submetidas \u00e0 inger\u00eancia; PEC deve ficar para 2025 - Ag\u00eancia iNFRA\",\"isPartOf\":{\"@id\":\"https:\/\/agenciainfra.com\/blog\/#website\"},\"primaryImageOfPage\":{\"@id\":\"https:\/\/agenciainfra.com\/blog\/deputado-diz-que-agencias-nao-devem-ser-submetidas-a-ingerencia-pec-deve-ficar-para-2025\/#primaryimage\"},\"image\":{\"@id\":\"https:\/\/agenciainfra.com\/blog\/deputado-diz-que-agencias-nao-devem-ser-submetidas-a-ingerencia-pec-deve-ficar-para-2025\/#primaryimage\"},\"thumbnailUrl\":\"https:\/\/agenciainfra.com\/blog\/wp-content\/uploads\/2022\/09\/danilo-forte-foto-elaine-menke-camara-dos-deputados.jpeg\",\"datePublished\":\"2024-11-06T17:00:00+00:00\",\"dateModified\":\"2024-11-07T15:03:50+00:00\",\"breadcrumb\":{\"@id\":\"https:\/\/agenciainfra.com\/blog\/deputado-diz-que-agencias-nao-devem-ser-submetidas-a-ingerencia-pec-deve-ficar-para-2025\/#breadcrumb\"},\"inLanguage\":\"pt-BR\",\"potentialAction\":[{\"@type\":\"ReadAction\",\"target\":[\"https:\/\/agenciainfra.com\/blog\/deputado-diz-que-agencias-nao-devem-ser-submetidas-a-ingerencia-pec-deve-ficar-para-2025\/\"]}]},{\"@type\":\"ImageObject\",\"inLanguage\":\"pt-BR\",\"@id\":\"https:\/\/agenciainfra.com\/blog\/deputado-diz-que-agencias-nao-devem-ser-submetidas-a-ingerencia-pec-deve-ficar-para-2025\/#primaryimage\",\"url\":\"https:\/\/agenciainfra.com\/blog\/wp-content\/uploads\/2022\/09\/danilo-forte-foto-elaine-menke-camara-dos-deputados.jpeg\",\"contentUrl\":\"https:\/\/agenciainfra.com\/blog\/wp-content\/uploads\/2022\/09\/danilo-forte-foto-elaine-menke-camara-dos-deputados.jpeg\",\"width\":1280,\"height\":853},{\"@type\":\"BreadcrumbList\",\"@id\":\"https:\/\/agenciainfra.com\/blog\/deputado-diz-que-agencias-nao-devem-ser-submetidas-a-ingerencia-pec-deve-ficar-para-2025\/#breadcrumb\",\"itemListElement\":[{\"@type\":\"ListItem\",\"position\":1,\"name\":\"In\u00edcio\",\"item\":\"https:\/\/agenciainfra.com\/blog\/\"},{\"@type\":\"ListItem\",\"position\":2,\"name\":\"Deputado diz que ag\u00eancias n\u00e3o devem ser submetidas \u00e0 inger\u00eancia; PEC deve ficar para 2025\"}]},{\"@type\":\"WebSite\",\"@id\":\"https:\/\/agenciainfra.com\/blog\/#website\",\"url\":\"https:\/\/agenciainfra.com\/blog\/\",\"name\":\"Ag\u00eancia iNFRA\",\"description\":\"Multiplataforma de informa\u00e7\u00e3o jornal\u00edstica refer\u00eancia na \u00e1rea de infraestrutura no Brasil!\",\"publisher\":{\"@id\":\"https:\/\/agenciainfra.com\/blog\/#organization\"},\"potentialAction\":[{\"@type\":\"SearchAction\",\"target\":{\"@type\":\"EntryPoint\",\"urlTemplate\":\"https:\/\/agenciainfra.com\/blog\/?s={search_term_string}\"},\"query-input\":{\"@type\":\"PropertyValueSpecification\",\"valueRequired\":true,\"valueName\":\"search_term_string\"}}],\"inLanguage\":\"pt-BR\"},{\"@type\":\"Organization\",\"@id\":\"https:\/\/agenciainfra.com\/blog\/#organization\",\"name\":\"Ag\u00eancia iNFRA\",\"url\":\"https:\/\/agenciainfra.com\/blog\/\",\"logo\":{\"@type\":\"ImageObject\",\"inLanguage\":\"pt-BR\",\"@id\":\"https:\/\/agenciainfra.com\/blog\/#\/schema\/logo\/image\/\",\"url\":\"https:\/\/agenciainfra.com\/blog\/wp-content\/uploads\/2023\/09\/iNFRA_5-e1761735885940.png\",\"contentUrl\":\"https:\/\/agenciainfra.com\/blog\/wp-content\/uploads\/2023\/09\/iNFRA_5-e1761735885940.png\",\"width\":1672,\"height\":454,\"caption\":\"Ag\u00eancia iNFRA\"},\"image\":{\"@id\":\"https:\/\/agenciainfra.com\/blog\/#\/schema\/logo\/image\/\"},\"sameAs\":[\"https:\/\/www.facebook.com\/ageninfra\",\"https:\/\/x.com\/agencia_infra\",\"https:\/\/www.linkedin.com\/company\/ag\u00eanciainfra\/\",\"https:\/\/www.instagram.com\/agenciainfra\/\"]},{\"@type\":\"Person\",\"@id\":\"https:\/\/agenciainfra.com\/blog\/#\/schema\/person\/34af08dff6adea4cb22b06612ba7acfa\",\"name\":\"Ag\u00eancia iNFRA\",\"image\":{\"@type\":\"ImageObject\",\"inLanguage\":\"pt-BR\",\"@id\":\"https:\/\/agenciainfra.com\/blog\/#\/schema\/person\/image\/\",\"url\":\"https:\/\/secure.gravatar.com\/avatar\/d189e01678f06d8eb84d4e01f08eb848b3fffe3f8443818d3c356c66892f5be8?s=96&d=mm&r=g\",\"contentUrl\":\"https:\/\/secure.gravatar.com\/avatar\/d189e01678f06d8eb84d4e01f08eb848b3fffe3f8443818d3c356c66892f5be8?s=96&d=mm&r=g\",\"caption\":\"Ag\u00eancia iNFRA\"},\"url\":\"https:\/\/agenciainfra.com\/blog\/author\/admin\/\"}]}<\/script>\n<!-- \/ Yoast SEO Premium plugin. -->","yoast_head_json":{"title":"Deputado diz que ag\u00eancias n\u00e3o devem ser submetidas \u00e0 inger\u00eancia; PEC deve ficar para 2025 - Ag\u00eancia iNFRA","robots":{"index":"index","follow":"follow","max-snippet":"max-snippet:-1","max-image-preview":"max-image-preview:large","max-video-preview":"max-video-preview:-1"},"canonical":"https:\/\/agenciainfra.com\/blog\/deputado-diz-que-agencias-nao-devem-ser-submetidas-a-ingerencia-pec-deve-ficar-para-2025\/","og_locale":"pt_BR","og_type":"article","og_title":"Deputado diz que ag\u00eancias n\u00e3o devem ser submetidas \u00e0 inger\u00eancia; PEC deve ficar para 2025","og_description":"Marisa Wanzeller, da Ag\u00eancia iNFRA O deputado Danilo Forte (Uni\u00e3o-CE) disse nesta ter\u00e7a-feira (5) que n\u00e3o tratou com o governo sobre a&nbsp;PEC (Proposta de Emenda \u00e0 Constitui\u00e7\u00e3o)&nbsp;de sua autoria que d\u00e1 \u00e0s comiss\u00f5es tem\u00e1ticas da C\u00e2mara o poder de fiscalizar as ag\u00eancias reguladoras. A mat\u00e9ria j\u00e1 contava com&nbsp;mais de 160 assinaturas at\u00e9 o fechamento desta [&hellip;]","og_url":"https:\/\/agenciainfra.com\/blog\/deputado-diz-que-agencias-nao-devem-ser-submetidas-a-ingerencia-pec-deve-ficar-para-2025\/","og_site_name":"Ag\u00eancia iNFRA","article_publisher":"https:\/\/www.facebook.com\/ageninfra","article_published_time":"2024-11-06T17:00:00+00:00","article_modified_time":"2024-11-07T15:03:50+00:00","og_image":[{"width":1280,"height":853,"url":"https:\/\/agenciainfra.com\/blog\/wp-content\/uploads\/2022\/09\/danilo-forte-foto-elaine-menke-camara-dos-deputados.jpeg","type":"image\/jpeg"}],"author":"Ag\u00eancia iNFRA","twitter_card":"summary_large_image","twitter_creator":"@agencia_infra","twitter_site":"@agencia_infra","twitter_misc":{"Escrito por":"Ag\u00eancia iNFRA","Est. tempo de leitura":"2 minutos"},"schema":{"@context":"https:\/\/schema.org","@graph":[{"@type":"Article","@id":"https:\/\/agenciainfra.com\/blog\/deputado-diz-que-agencias-nao-devem-ser-submetidas-a-ingerencia-pec-deve-ficar-para-2025\/#article","isPartOf":{"@id":"https:\/\/agenciainfra.com\/blog\/deputado-diz-que-agencias-nao-devem-ser-submetidas-a-ingerencia-pec-deve-ficar-para-2025\/"},"author":{"name":"Ag\u00eancia iNFRA","@id":"https:\/\/agenciainfra.com\/blog\/#\/schema\/person\/34af08dff6adea4cb22b06612ba7acfa"},"headline":"Deputado diz que ag\u00eancias n\u00e3o devem ser submetidas \u00e0 inger\u00eancia; PEC deve ficar para 2025","datePublished":"2024-11-06T17:00:00+00:00","dateModified":"2024-11-07T15:03:50+00:00","mainEntityOfPage":{"@id":"https:\/\/agenciainfra.com\/blog\/deputado-diz-que-agencias-nao-devem-ser-submetidas-a-ingerencia-pec-deve-ficar-para-2025\/"},"wordCount":515,"publisher":{"@id":"https:\/\/agenciainfra.com\/blog\/#organization"},"image":{"@id":"https:\/\/agenciainfra.com\/blog\/deputado-diz-que-agencias-nao-devem-ser-submetidas-a-ingerencia-pec-deve-ficar-para-2025\/#primaryimage"},"thumbnailUrl":"https:\/\/agenciainfra.com\/blog\/wp-content\/uploads\/2022\/09\/danilo-forte-foto-elaine-menke-camara-dos-deputados.jpeg","keywords":["Ag\u00eancias Reguladoras","ANEEL","Danilo Forte","fiscaliza\u00e7\u00e3o","Fiscaliza\u00e7\u00e3o de ag\u00eancias reguladoras","Lei das Ag\u00eancias","Marisa Wanzeller","PEC"],"articleSection":["Destaque Menor","Geral","iNFRAEnergia"],"inLanguage":"pt-BR","copyrightYear":"2024","copyrightHolder":{"@id":"https:\/\/agenciainfra.com\/blog\/#organization"}},{"@type":"WebPage","@id":"https:\/\/agenciainfra.com\/blog\/deputado-diz-que-agencias-nao-devem-ser-submetidas-a-ingerencia-pec-deve-ficar-para-2025\/","url":"https:\/\/agenciainfra.com\/blog\/deputado-diz-que-agencias-nao-devem-ser-submetidas-a-ingerencia-pec-deve-ficar-para-2025\/","name":"Deputado diz que ag\u00eancias n\u00e3o devem ser submetidas \u00e0 inger\u00eancia; PEC deve ficar para 2025 - Ag\u00eancia iNFRA","isPartOf":{"@id":"https:\/\/agenciainfra.com\/blog\/#website"},"primaryImageOfPage":{"@id":"https:\/\/agenciainfra.com\/blog\/deputado-diz-que-agencias-nao-devem-ser-submetidas-a-ingerencia-pec-deve-ficar-para-2025\/#primaryimage"},"image":{"@id":"https:\/\/agenciainfra.com\/blog\/deputado-diz-que-agencias-nao-devem-ser-submetidas-a-ingerencia-pec-deve-ficar-para-2025\/#primaryimage"},"thumbnailUrl":"https:\/\/agenciainfra.com\/blog\/wp-content\/uploads\/2022\/09\/danilo-forte-foto-elaine-menke-camara-dos-deputados.jpeg","datePublished":"2024-11-06T17:00:00+00:00","dateModified":"2024-11-07T15:03:50+00:00","breadcrumb":{"@id":"https:\/\/agenciainfra.com\/blog\/deputado-diz-que-agencias-nao-devem-ser-submetidas-a-ingerencia-pec-deve-ficar-para-2025\/#breadcrumb"},"inLanguage":"pt-BR","potentialAction":[{"@type":"ReadAction","target":["https:\/\/agenciainfra.com\/blog\/deputado-diz-que-agencias-nao-devem-ser-submetidas-a-ingerencia-pec-deve-ficar-para-2025\/"]}]},{"@type":"ImageObject","inLanguage":"pt-BR","@id":"https:\/\/agenciainfra.com\/blog\/deputado-diz-que-agencias-nao-devem-ser-submetidas-a-ingerencia-pec-deve-ficar-para-2025\/#primaryimage","url":"https:\/\/agenciainfra.com\/blog\/wp-content\/uploads\/2022\/09\/danilo-forte-foto-elaine-menke-camara-dos-deputados.jpeg","contentUrl":"https:\/\/agenciainfra.com\/blog\/wp-content\/uploads\/2022\/09\/danilo-forte-foto-elaine-menke-camara-dos-deputados.jpeg","width":1280,"height":853},{"@type":"BreadcrumbList","@id":"https:\/\/agenciainfra.com\/blog\/deputado-diz-que-agencias-nao-devem-ser-submetidas-a-ingerencia-pec-deve-ficar-para-2025\/#breadcrumb","itemListElement":[{"@type":"ListItem","position":1,"name":"In\u00edcio","item":"https:\/\/agenciainfra.com\/blog\/"},{"@type":"ListItem","position":2,"name":"Deputado diz que ag\u00eancias n\u00e3o devem ser submetidas \u00e0 inger\u00eancia; PEC deve ficar para 2025"}]},{"@type":"WebSite","@id":"https:\/\/agenciainfra.com\/blog\/#website","url":"https:\/\/agenciainfra.com\/blog\/","name":"Ag\u00eancia iNFRA","description":"Multiplataforma de informa\u00e7\u00e3o jornal\u00edstica refer\u00eancia na \u00e1rea de infraestrutura no Brasil!","publisher":{"@id":"https:\/\/agenciainfra.com\/blog\/#organization"},"potentialAction":[{"@type":"SearchAction","target":{"@type":"EntryPoint","urlTemplate":"https:\/\/agenciainfra.com\/blog\/?s={search_term_string}"},"query-input":{"@type":"PropertyValueSpecification","valueRequired":true,"valueName":"search_term_string"}}],"inLanguage":"pt-BR"},{"@type":"Organization","@id":"https:\/\/agenciainfra.com\/blog\/#organization","name":"Ag\u00eancia iNFRA","url":"https:\/\/agenciainfra.com\/blog\/","logo":{"@type":"ImageObject","inLanguage":"pt-BR","@id":"https:\/\/agenciainfra.com\/blog\/#\/schema\/logo\/image\/","url":"https:\/\/agenciainfra.com\/blog\/wp-content\/uploads\/2023\/09\/iNFRA_5-e1761735885940.png","contentUrl":"https:\/\/agenciainfra.com\/blog\/wp-content\/uploads\/2023\/09\/iNFRA_5-e1761735885940.png","width":1672,"height":454,"caption":"Ag\u00eancia iNFRA"},"image":{"@id":"https:\/\/agenciainfra.com\/blog\/#\/schema\/logo\/image\/"},"sameAs":["https:\/\/www.facebook.com\/ageninfra","https:\/\/x.com\/agencia_infra","https:\/\/www.linkedin.com\/company\/ag\u00eanciainfra\/","https:\/\/www.instagram.com\/agenciainfra\/"]},{"@type":"Person","@id":"https:\/\/agenciainfra.com\/blog\/#\/schema\/person\/34af08dff6adea4cb22b06612ba7acfa","name":"Ag\u00eancia iNFRA","image":{"@type":"ImageObject","inLanguage":"pt-BR","@id":"https:\/\/agenciainfra.com\/blog\/#\/schema\/person\/image\/","url":"https:\/\/secure.gravatar.com\/avatar\/d189e01678f06d8eb84d4e01f08eb848b3fffe3f8443818d3c356c66892f5be8?s=96&d=mm&r=g","contentUrl":"https:\/\/secure.gravatar.com\/avatar\/d189e01678f06d8eb84d4e01f08eb848b3fffe3f8443818d3c356c66892f5be8?s=96&d=mm&r=g","caption":"Ag\u00eancia iNFRA"},"url":"https:\/\/agenciainfra.com\/blog\/author\/admin\/"}]}},"_links":{"self":[{"href":"https:\/\/agenciainfra.com\/blog\/wp-json\/wp\/v2\/posts\/19028","targetHints":{"allow":["GET"]}}],"collection":[{"href":"https:\/\/agenciainfra.com\/blog\/wp-json\/wp\/v2\/posts"}],"about":[{"href":"https:\/\/agenciainfra.com\/blog\/wp-json\/wp\/v2\/types\/post"}],"author":[{"embeddable":true,"href":"https:\/\/agenciainfra.com\/blog\/wp-json\/wp\/v2\/users\/1"}],"replies":[{"embeddable":true,"href":"https:\/\/agenciainfra.com\/blog\/wp-json\/wp\/v2\/comments?post=19028"}],"version-history":[{"count":1,"href":"https:\/\/agenciainfra.com\/blog\/wp-json\/wp\/v2\/posts\/19028\/revisions"}],"predecessor-version":[{"id":19029,"href":"https:\/\/agenciainfra.com\/blog\/wp-json\/wp\/v2\/posts\/19028\/revisions\/19029"}],"wp:featuredmedia":[{"embeddable":true,"href":"https:\/\/agenciainfra.com\/blog\/wp-json\/wp\/v2\/media\/11213"}],"wp:attachment":[{"href":"https:\/\/agenciainfra.com\/blog\/wp-json\/wp\/v2\/media?parent=19028"}],"wp:term":[{"taxonomy":"category","embeddable":true,"href":"https:\/\/agenciainfra.com\/blog\/wp-json\/wp\/v2\/categories?post=19028"},{"taxonomy":"post_tag","embeddable":true,"href":"https:\/\/agenciainfra.com\/blog\/wp-json\/wp\/v2\/tags?post=19028"}],"curies":[{"name":"wp","href":"https:\/\/api.w.org\/{rel}","templated":true}]}}