{"id":19030,"date":"2024-11-07T08:00:00","date_gmt":"2024-11-07T11:00:00","guid":{"rendered":"https:\/\/agenciainfra.com\/blog\/?p=19030"},"modified":"2024-11-08T11:58:29","modified_gmt":"2024-11-08T14:58:29","slug":"agu-indica-que-area-de-concessao-nao-ligada-a-servico-publico-e-destinada-a-exploracao-economica-pode-pagar-iptu","status":"publish","type":"post","link":"https:\/\/agenciainfra.com\/blog\/agu-indica-que-area-de-concessao-nao-ligada-a-servico-publico-e-destinada-a-exploracao-economica-pode-pagar-iptu\/","title":{"rendered":"AGU indica que \u00e1rea de concess\u00e3o n\u00e3o ligada a servi\u00e7o p\u00fablico e destinada a explora\u00e7\u00e3o econ\u00f4mica pode pagar IPTU"},"content":{"rendered":"\n<p class=\"has-text-align-right\"><strong>Dimmi Amora, da Ag\u00eancia iNFRA<\/strong><\/p>\n\n\n\n<p>\u00c1reas que est\u00e3o desvinculadas da presta\u00e7\u00e3o de um servi\u00e7o p\u00fablico em concess\u00f5es e PPPs (Parcerias P\u00fablico-Privadas) e que est\u00e3o destinadas \u00e0 explora\u00e7\u00e3o puramente econ\u00f4mica em regime concorrencial podem receber cobran\u00e7a de IPTU. Para as \u00e1reas que est\u00e3o diretamente sendo usadas para prestar um servi\u00e7o aos usu\u00e1rios, a cobran\u00e7a do imposto municipal \u00e9 indevida.<\/p>\n\n\n\n<p>&#8220;S\u00e3o ineg\u00e1veis os efeitos delet\u00e9rios e potencialmente destrutivos de eventual cobran\u00e7a indiscriminada de IPTU sobre os im\u00f3veis da Uni\u00e3o, sob a administra\u00e7\u00e3o de particulares em virtude da concess\u00e3o de servi\u00e7os p\u00fablicos&#8221;, escreveu a Consultoria-Geral da Uni\u00e3o da AGU (Advocacia-Geral da Uni\u00e3o) em posicionamento final do \u00f3rg\u00e3o sobre o tema ap\u00f3s, a realiza\u00e7\u00e3o de uma consulta p\u00fablica iniciada no ano passado. O parecer est\u00e1&nbsp;<a href=\"https:\/\/agenciainfra.us14.list-manage.com\/track\/click?u=d460dd1bcf9ba0ae040e1fc0f&amp;id=b93314cd3f&amp;e=55b7a27fc9\" target=\"_blank\" rel=\"noreferrer noopener\">neste link<\/a>.<\/p>\n\n\n\n<p>A consulta foi aberta ap\u00f3s diversas decis\u00f5es, em parte conflitantes, dos tribunais superiores do pa\u00eds sobre a possibilidade ou n\u00e3o de cobran\u00e7a desse imposto&nbsp;sobre concess\u00f5es federais. O STF (Supremo Tribunal Federal) quer buscar uma interpreta\u00e7\u00e3o \u00fanica para os casos, ao avaliar uma a\u00e7\u00e3o que envolve a FCA (Ferrovia Centro-Atl\u00e2ntica).<\/p>\n\n\n\n<p>Em nota, a AGU afirmou que &#8220;o parecer traz seguran\u00e7a jur\u00eddica e permite maior previsibilidade de custos incidentes nas concess\u00f5es de portos, aeroportos, rodovias e ferrovias&#8221;. Ainda segundo o texto, o consultor da Uni\u00e3o, Tulio de Medeiros Garcia, avaliou que a cobran\u00e7a do IPTU sobre os im\u00f3veis da Uni\u00e3o vinculados \u00e0 presta\u00e7\u00e3o do servi\u00e7o concedido &#8220;representaria uma interfer\u00eancia indevida de um ente federativo em outro, em desacordo com a regra da imunidade tribut\u00e1ria rec\u00edproca&#8221;.<\/p>\n\n\n\n<p>Diversos munic\u00edpios vinham interpretando que n\u00e3o haveria mais a chamada imunidade tribut\u00e1ria a partir do momento em que a Uni\u00e3o&nbsp;concede&nbsp;a explora\u00e7\u00e3o de um bem p\u00fablico para uma empresa privada e, com isso, faziam a cobran\u00e7a do IPTU.<\/p>\n\n\n\n<p>Concession\u00e1rias de todos os setores apontam que a cobran\u00e7a levaria a preju\u00edzos e necessariamente a aumento de custos aos usu\u00e1rios, j\u00e1 que seus contratos teriam que ser repactuados. Representantes de munic\u00edpios vinham alegando que havia casos em que a n\u00e3o cobran\u00e7a criava disparidades tribut\u00e1rias, especialmente quando havia atividades concorrenciais nas \u00e1reas concedidas.<\/p>\n\n\n\n<p><strong>Caso do aeroporto<\/strong><br>O caso usado pela consultoria-geral para dar a opini\u00e3o da AGU sobre o tema \u00e9 sobre o setor de concess\u00f5es aeroportu\u00e1rias. A Infraero arrendava uma \u00e1rea para uma empresa de venda de ve\u00edculos que n\u00e3o pagava o imposto municipal, enquanto outras concorrentes na mesma regi\u00e3o tinham que recolher o tributo.<\/p>\n\n\n\n<p>&#8220;A atividade era, de fato, puramente econ\u00f4mica, praticada em regime concorrencial com as concession\u00e1rias de ve\u00edculos instaladas em outros locais da cidade e, mesmo, no lado oposto da avenida, j\u00e1 fora dos limites do s\u00edtio aeroportu\u00e1rio. Nesse caso, o im\u00f3vel, embora situado em terreno da Uni\u00e3o, foi utilizado para a instala\u00e7\u00e3o de atividade comercial privada, sem conex\u00e3o com os servi\u00e7os p\u00fablicos&#8221;, explicou o consultor, indicando que em casos assim a cobran\u00e7a seria v\u00e1lida.<\/p>\n\n\n\n<p>No entanto, o parecer aponta que a defini\u00e7\u00e3o sobre as \u00e1reas que est\u00e3o submetidas exclusivamente \u00e0 presta\u00e7\u00e3o do servi\u00e7o p\u00fablico est\u00e1 &#8220;sujeita \u00e0 normatiza\u00e7\u00e3o setorial e ao exerc\u00edcio da discricionariedade t\u00e9cnica da entidade titular do servi\u00e7o p\u00fablico&#8221; e que \u00e9 recomend\u00e1vel &#8220;que se estabele\u00e7a um di\u00e1logo com os munic\u00edpios envolvidos, ao modelar as concess\u00f5es&#8221; para definir o que ter\u00e1 imunidade tribut\u00e1ria.<\/p>\n\n\n\n<p><strong>Complexidade no setor aeroportu\u00e1rio<\/strong><br>Os setores de ferrovias e rodovias, que alegavam possibilidade de preju\u00edzos bilion\u00e1rios a depender da decis\u00e3o que&nbsp;for dada para o caso, indicavam que uma decis\u00e3o no sentido do que a AGU indicou seria adequada.&nbsp;<\/p>\n\n\n\n<p>Mas, para o setor aeroportu\u00e1rio, o modelo proposto ainda deve deixar d\u00favidas. Isso porque a defini\u00e7\u00e3o sobre quais atividades seriam ou n\u00e3o ligadas \u00e0 presta\u00e7\u00e3o do servi\u00e7o p\u00fablico nos s\u00edtios aeroportu\u00e1rios pode n\u00e3o ser t\u00e3o simples.<\/p>\n\n\n\n<p>Al\u00e9m disso, a modelagem econ\u00f4mica das concess\u00f5es aeroportu\u00e1rias prev\u00ea que atividades exploradas em regime concorrencial, como aluguel de lojas e estacionamentos, fazem parte das receitas das concess\u00f5es,&nbsp;em geral em propor\u00e7\u00e3o maior que as receitas de tarifas aeroportu\u00e1rias.<\/p>\n","protected":false},"excerpt":{"rendered":"<p>Dimmi Amora, da Ag\u00eancia iNFRA \u00c1reas que est\u00e3o desvinculadas da presta\u00e7\u00e3o de um servi\u00e7o p\u00fablico em concess\u00f5es e PPPs (Parcerias P\u00fablico-Privadas) e que est\u00e3o destinadas \u00e0 explora\u00e7\u00e3o puramente econ\u00f4mica em regime concorrencial podem receber cobran\u00e7a de IPTU. Para as \u00e1reas que est\u00e3o diretamente sendo usadas para prestar um servi\u00e7o aos usu\u00e1rios, a cobran\u00e7a do imposto [&hellip;]<\/p>\n","protected":false},"author":1,"featured_media":16319,"comment_status":"closed","ping_status":"closed","sticky":false,"template":"","format":"standard","meta":{"_monsterinsights_skip_tracking":false,"_monsterinsights_sitenote_active":false,"_monsterinsights_sitenote_note":"","_monsterinsights_sitenote_category":0,"footnotes":""},"categories":[7248,1,7],"tags":[353,78,2684,1299,446,9152,34,196,11671,406,3008,372,2643],"class_list":["post-19030","post","type-post","status-publish","format-standard","has-post-thumbnail","hentry","category-cabecalho","category-geral","category-infratransporte","tag-agu","tag-concessoes","tag-concessoes-aeroportuarias","tag-dimmi-amora","tag-fca","tag-imunidade-tributaria","tag-infraestrutura","tag-iptu","tag-iptu-em-concessoes","tag-ppps","tag-servicos-publicos","tag-stf","tag-tributacao"],"yoast_head":"<!-- This site is optimized with the Yoast SEO Premium plugin v25.4 (Yoast SEO v26.0) - https:\/\/yoast.com\/wordpress\/plugins\/seo\/ -->\n<title>AGU indica que \u00e1rea de concess\u00e3o n\u00e3o ligada a servi\u00e7o p\u00fablico e destinada a explora\u00e7\u00e3o econ\u00f4mica pode pagar IPTU - Ag\u00eancia iNFRA<\/title>\n<meta name=\"robots\" content=\"index, follow, max-snippet:-1, max-image-preview:large, max-video-preview:-1\" \/>\n<link rel=\"canonical\" href=\"https:\/\/agenciainfra.com\/blog\/agu-indica-que-area-de-concessao-nao-ligada-a-servico-publico-e-destinada-a-exploracao-economica-pode-pagar-iptu\/\" \/>\n<meta property=\"og:locale\" content=\"pt_BR\" \/>\n<meta property=\"og:type\" content=\"article\" \/>\n<meta property=\"og:title\" content=\"AGU indica que \u00e1rea de concess\u00e3o n\u00e3o ligada a servi\u00e7o p\u00fablico e destinada a explora\u00e7\u00e3o econ\u00f4mica pode pagar IPTU\" \/>\n<meta property=\"og:description\" content=\"Dimmi Amora, da Ag\u00eancia iNFRA \u00c1reas que est\u00e3o desvinculadas da presta\u00e7\u00e3o de um servi\u00e7o p\u00fablico em concess\u00f5es e PPPs (Parcerias P\u00fablico-Privadas) e que est\u00e3o destinadas \u00e0 explora\u00e7\u00e3o puramente econ\u00f4mica em regime concorrencial podem receber cobran\u00e7a de IPTU. Para as \u00e1reas que est\u00e3o diretamente sendo usadas para prestar um servi\u00e7o aos usu\u00e1rios, a cobran\u00e7a do imposto [&hellip;]\" \/>\n<meta property=\"og:url\" content=\"https:\/\/agenciainfra.com\/blog\/agu-indica-que-area-de-concessao-nao-ligada-a-servico-publico-e-destinada-a-exploracao-economica-pode-pagar-iptu\/\" \/>\n<meta property=\"og:site_name\" content=\"Ag\u00eancia iNFRA\" \/>\n<meta property=\"article:publisher\" content=\"https:\/\/www.facebook.com\/ageninfra\" \/>\n<meta property=\"article:published_time\" content=\"2024-11-07T11:00:00+00:00\" \/>\n<meta property=\"article:modified_time\" content=\"2024-11-08T14:58:29+00:00\" \/>\n<meta property=\"og:image\" content=\"https:\/\/agenciainfra.com\/blog\/wp-content\/uploads\/2024\/04\/agu-foto-governo-federal.jpeg\" \/>\n\t<meta property=\"og:image:width\" content=\"1202\" \/>\n\t<meta property=\"og:image:height\" content=\"800\" \/>\n\t<meta property=\"og:image:type\" content=\"image\/jpeg\" \/>\n<meta name=\"author\" content=\"Ag\u00eancia iNFRA\" \/>\n<meta name=\"twitter:card\" content=\"summary_large_image\" \/>\n<meta name=\"twitter:creator\" content=\"@agencia_infra\" \/>\n<meta name=\"twitter:site\" content=\"@agencia_infra\" \/>\n<meta name=\"twitter:label1\" content=\"Escrito por\" \/>\n\t<meta name=\"twitter:data1\" content=\"Ag\u00eancia iNFRA\" \/>\n\t<meta name=\"twitter:label2\" content=\"Est. tempo de leitura\" \/>\n\t<meta name=\"twitter:data2\" content=\"4 minutos\" \/>\n<script type=\"application\/ld+json\" class=\"yoast-schema-graph\">{\"@context\":\"https:\/\/schema.org\",\"@graph\":[{\"@type\":\"Article\",\"@id\":\"https:\/\/agenciainfra.com\/blog\/agu-indica-que-area-de-concessao-nao-ligada-a-servico-publico-e-destinada-a-exploracao-economica-pode-pagar-iptu\/#article\",\"isPartOf\":{\"@id\":\"https:\/\/agenciainfra.com\/blog\/agu-indica-que-area-de-concessao-nao-ligada-a-servico-publico-e-destinada-a-exploracao-economica-pode-pagar-iptu\/\"},\"author\":{\"name\":\"Ag\u00eancia iNFRA\",\"@id\":\"https:\/\/agenciainfra.com\/blog\/#\/schema\/person\/34af08dff6adea4cb22b06612ba7acfa\"},\"headline\":\"AGU indica que \u00e1rea de concess\u00e3o n\u00e3o ligada a servi\u00e7o p\u00fablico e destinada a explora\u00e7\u00e3o econ\u00f4mica pode pagar IPTU\",\"datePublished\":\"2024-11-07T11:00:00+00:00\",\"dateModified\":\"2024-11-08T14:58:29+00:00\",\"mainEntityOfPage\":{\"@id\":\"https:\/\/agenciainfra.com\/blog\/agu-indica-que-area-de-concessao-nao-ligada-a-servico-publico-e-destinada-a-exploracao-economica-pode-pagar-iptu\/\"},\"wordCount\":787,\"publisher\":{\"@id\":\"https:\/\/agenciainfra.com\/blog\/#organization\"},\"image\":{\"@id\":\"https:\/\/agenciainfra.com\/blog\/agu-indica-que-area-de-concessao-nao-ligada-a-servico-publico-e-destinada-a-exploracao-economica-pode-pagar-iptu\/#primaryimage\"},\"thumbnailUrl\":\"https:\/\/agenciainfra.com\/blog\/wp-content\/uploads\/2024\/04\/agu-foto-governo-federal.jpeg\",\"keywords\":[\"AGU\",\"concess\u00f5es\",\"concess\u00f5es aeroportu\u00e1rias\",\"Dimmi Amora\",\"FCA\",\"imunidade tribut\u00e1ria\",\"Infraestrutura\",\"IPTU\",\"IPTU em Concess\u00f5es\",\"PPPs\",\"servi\u00e7os p\u00fablicos\",\"STF\",\"tributa\u00e7\u00e3o\"],\"articleSection\":[\"Cabe\u00e7alho\",\"Geral\",\"iNFRATransporte\"],\"inLanguage\":\"pt-BR\",\"copyrightYear\":\"2024\",\"copyrightHolder\":{\"@id\":\"https:\/\/agenciainfra.com\/blog\/#organization\"}},{\"@type\":\"WebPage\",\"@id\":\"https:\/\/agenciainfra.com\/blog\/agu-indica-que-area-de-concessao-nao-ligada-a-servico-publico-e-destinada-a-exploracao-economica-pode-pagar-iptu\/\",\"url\":\"https:\/\/agenciainfra.com\/blog\/agu-indica-que-area-de-concessao-nao-ligada-a-servico-publico-e-destinada-a-exploracao-economica-pode-pagar-iptu\/\",\"name\":\"AGU indica que \u00e1rea de concess\u00e3o n\u00e3o ligada a servi\u00e7o p\u00fablico e destinada a explora\u00e7\u00e3o econ\u00f4mica pode pagar IPTU - Ag\u00eancia iNFRA\",\"isPartOf\":{\"@id\":\"https:\/\/agenciainfra.com\/blog\/#website\"},\"primaryImageOfPage\":{\"@id\":\"https:\/\/agenciainfra.com\/blog\/agu-indica-que-area-de-concessao-nao-ligada-a-servico-publico-e-destinada-a-exploracao-economica-pode-pagar-iptu\/#primaryimage\"},\"image\":{\"@id\":\"https:\/\/agenciainfra.com\/blog\/agu-indica-que-area-de-concessao-nao-ligada-a-servico-publico-e-destinada-a-exploracao-economica-pode-pagar-iptu\/#primaryimage\"},\"thumbnailUrl\":\"https:\/\/agenciainfra.com\/blog\/wp-content\/uploads\/2024\/04\/agu-foto-governo-federal.jpeg\",\"datePublished\":\"2024-11-07T11:00:00+00:00\",\"dateModified\":\"2024-11-08T14:58:29+00:00\",\"breadcrumb\":{\"@id\":\"https:\/\/agenciainfra.com\/blog\/agu-indica-que-area-de-concessao-nao-ligada-a-servico-publico-e-destinada-a-exploracao-economica-pode-pagar-iptu\/#breadcrumb\"},\"inLanguage\":\"pt-BR\",\"potentialAction\":[{\"@type\":\"ReadAction\",\"target\":[\"https:\/\/agenciainfra.com\/blog\/agu-indica-que-area-de-concessao-nao-ligada-a-servico-publico-e-destinada-a-exploracao-economica-pode-pagar-iptu\/\"]}]},{\"@type\":\"ImageObject\",\"inLanguage\":\"pt-BR\",\"@id\":\"https:\/\/agenciainfra.com\/blog\/agu-indica-que-area-de-concessao-nao-ligada-a-servico-publico-e-destinada-a-exploracao-economica-pode-pagar-iptu\/#primaryimage\",\"url\":\"https:\/\/agenciainfra.com\/blog\/wp-content\/uploads\/2024\/04\/agu-foto-governo-federal.jpeg\",\"contentUrl\":\"https:\/\/agenciainfra.com\/blog\/wp-content\/uploads\/2024\/04\/agu-foto-governo-federal.jpeg\",\"width\":1202,\"height\":800},{\"@type\":\"BreadcrumbList\",\"@id\":\"https:\/\/agenciainfra.com\/blog\/agu-indica-que-area-de-concessao-nao-ligada-a-servico-publico-e-destinada-a-exploracao-economica-pode-pagar-iptu\/#breadcrumb\",\"itemListElement\":[{\"@type\":\"ListItem\",\"position\":1,\"name\":\"In\u00edcio\",\"item\":\"https:\/\/agenciainfra.com\/blog\/\"},{\"@type\":\"ListItem\",\"position\":2,\"name\":\"AGU indica que \u00e1rea de concess\u00e3o n\u00e3o ligada a servi\u00e7o p\u00fablico e destinada a explora\u00e7\u00e3o econ\u00f4mica pode pagar IPTU\"}]},{\"@type\":\"WebSite\",\"@id\":\"https:\/\/agenciainfra.com\/blog\/#website\",\"url\":\"https:\/\/agenciainfra.com\/blog\/\",\"name\":\"Ag\u00eancia iNFRA\",\"description\":\"Multiplataforma de informa\u00e7\u00e3o jornal\u00edstica refer\u00eancia na \u00e1rea de infraestrutura no Brasil!\",\"publisher\":{\"@id\":\"https:\/\/agenciainfra.com\/blog\/#organization\"},\"potentialAction\":[{\"@type\":\"SearchAction\",\"target\":{\"@type\":\"EntryPoint\",\"urlTemplate\":\"https:\/\/agenciainfra.com\/blog\/?s={search_term_string}\"},\"query-input\":{\"@type\":\"PropertyValueSpecification\",\"valueRequired\":true,\"valueName\":\"search_term_string\"}}],\"inLanguage\":\"pt-BR\"},{\"@type\":\"Organization\",\"@id\":\"https:\/\/agenciainfra.com\/blog\/#organization\",\"name\":\"Ag\u00eancia iNFRA\",\"url\":\"https:\/\/agenciainfra.com\/blog\/\",\"logo\":{\"@type\":\"ImageObject\",\"inLanguage\":\"pt-BR\",\"@id\":\"https:\/\/agenciainfra.com\/blog\/#\/schema\/logo\/image\/\",\"url\":\"https:\/\/agenciainfra.com\/blog\/wp-content\/uploads\/2023\/09\/iNFRA_5-e1761735885940.png\",\"contentUrl\":\"https:\/\/agenciainfra.com\/blog\/wp-content\/uploads\/2023\/09\/iNFRA_5-e1761735885940.png\",\"width\":1672,\"height\":454,\"caption\":\"Ag\u00eancia iNFRA\"},\"image\":{\"@id\":\"https:\/\/agenciainfra.com\/blog\/#\/schema\/logo\/image\/\"},\"sameAs\":[\"https:\/\/www.facebook.com\/ageninfra\",\"https:\/\/x.com\/agencia_infra\",\"https:\/\/www.linkedin.com\/company\/ag\u00eanciainfra\/\",\"https:\/\/www.instagram.com\/agenciainfra\/\"]},{\"@type\":\"Person\",\"@id\":\"https:\/\/agenciainfra.com\/blog\/#\/schema\/person\/34af08dff6adea4cb22b06612ba7acfa\",\"name\":\"Ag\u00eancia iNFRA\",\"image\":{\"@type\":\"ImageObject\",\"inLanguage\":\"pt-BR\",\"@id\":\"https:\/\/agenciainfra.com\/blog\/#\/schema\/person\/image\/\",\"url\":\"https:\/\/secure.gravatar.com\/avatar\/d189e01678f06d8eb84d4e01f08eb848b3fffe3f8443818d3c356c66892f5be8?s=96&d=mm&r=g\",\"contentUrl\":\"https:\/\/secure.gravatar.com\/avatar\/d189e01678f06d8eb84d4e01f08eb848b3fffe3f8443818d3c356c66892f5be8?s=96&d=mm&r=g\",\"caption\":\"Ag\u00eancia iNFRA\"},\"url\":\"https:\/\/agenciainfra.com\/blog\/author\/admin\/\"}]}<\/script>\n<!-- \/ Yoast SEO Premium plugin. -->","yoast_head_json":{"title":"AGU indica que \u00e1rea de concess\u00e3o n\u00e3o ligada a servi\u00e7o p\u00fablico e destinada a explora\u00e7\u00e3o econ\u00f4mica pode pagar IPTU - Ag\u00eancia iNFRA","robots":{"index":"index","follow":"follow","max-snippet":"max-snippet:-1","max-image-preview":"max-image-preview:large","max-video-preview":"max-video-preview:-1"},"canonical":"https:\/\/agenciainfra.com\/blog\/agu-indica-que-area-de-concessao-nao-ligada-a-servico-publico-e-destinada-a-exploracao-economica-pode-pagar-iptu\/","og_locale":"pt_BR","og_type":"article","og_title":"AGU indica que \u00e1rea de concess\u00e3o n\u00e3o ligada a servi\u00e7o p\u00fablico e destinada a explora\u00e7\u00e3o econ\u00f4mica pode pagar IPTU","og_description":"Dimmi Amora, da Ag\u00eancia iNFRA \u00c1reas que est\u00e3o desvinculadas da presta\u00e7\u00e3o de um servi\u00e7o p\u00fablico em concess\u00f5es e PPPs (Parcerias P\u00fablico-Privadas) e que est\u00e3o destinadas \u00e0 explora\u00e7\u00e3o puramente econ\u00f4mica em regime concorrencial podem receber cobran\u00e7a de IPTU. Para as \u00e1reas que est\u00e3o diretamente sendo usadas para prestar um servi\u00e7o aos usu\u00e1rios, a cobran\u00e7a do imposto [&hellip;]","og_url":"https:\/\/agenciainfra.com\/blog\/agu-indica-que-area-de-concessao-nao-ligada-a-servico-publico-e-destinada-a-exploracao-economica-pode-pagar-iptu\/","og_site_name":"Ag\u00eancia iNFRA","article_publisher":"https:\/\/www.facebook.com\/ageninfra","article_published_time":"2024-11-07T11:00:00+00:00","article_modified_time":"2024-11-08T14:58:29+00:00","og_image":[{"width":1202,"height":800,"url":"https:\/\/agenciainfra.com\/blog\/wp-content\/uploads\/2024\/04\/agu-foto-governo-federal.jpeg","type":"image\/jpeg"}],"author":"Ag\u00eancia iNFRA","twitter_card":"summary_large_image","twitter_creator":"@agencia_infra","twitter_site":"@agencia_infra","twitter_misc":{"Escrito por":"Ag\u00eancia iNFRA","Est. tempo de leitura":"4 minutos"},"schema":{"@context":"https:\/\/schema.org","@graph":[{"@type":"Article","@id":"https:\/\/agenciainfra.com\/blog\/agu-indica-que-area-de-concessao-nao-ligada-a-servico-publico-e-destinada-a-exploracao-economica-pode-pagar-iptu\/#article","isPartOf":{"@id":"https:\/\/agenciainfra.com\/blog\/agu-indica-que-area-de-concessao-nao-ligada-a-servico-publico-e-destinada-a-exploracao-economica-pode-pagar-iptu\/"},"author":{"name":"Ag\u00eancia iNFRA","@id":"https:\/\/agenciainfra.com\/blog\/#\/schema\/person\/34af08dff6adea4cb22b06612ba7acfa"},"headline":"AGU indica que \u00e1rea de concess\u00e3o n\u00e3o ligada a servi\u00e7o p\u00fablico e destinada a explora\u00e7\u00e3o econ\u00f4mica pode pagar IPTU","datePublished":"2024-11-07T11:00:00+00:00","dateModified":"2024-11-08T14:58:29+00:00","mainEntityOfPage":{"@id":"https:\/\/agenciainfra.com\/blog\/agu-indica-que-area-de-concessao-nao-ligada-a-servico-publico-e-destinada-a-exploracao-economica-pode-pagar-iptu\/"},"wordCount":787,"publisher":{"@id":"https:\/\/agenciainfra.com\/blog\/#organization"},"image":{"@id":"https:\/\/agenciainfra.com\/blog\/agu-indica-que-area-de-concessao-nao-ligada-a-servico-publico-e-destinada-a-exploracao-economica-pode-pagar-iptu\/#primaryimage"},"thumbnailUrl":"https:\/\/agenciainfra.com\/blog\/wp-content\/uploads\/2024\/04\/agu-foto-governo-federal.jpeg","keywords":["AGU","concess\u00f5es","concess\u00f5es aeroportu\u00e1rias","Dimmi Amora","FCA","imunidade tribut\u00e1ria","Infraestrutura","IPTU","IPTU em Concess\u00f5es","PPPs","servi\u00e7os p\u00fablicos","STF","tributa\u00e7\u00e3o"],"articleSection":["Cabe\u00e7alho","Geral","iNFRATransporte"],"inLanguage":"pt-BR","copyrightYear":"2024","copyrightHolder":{"@id":"https:\/\/agenciainfra.com\/blog\/#organization"}},{"@type":"WebPage","@id":"https:\/\/agenciainfra.com\/blog\/agu-indica-que-area-de-concessao-nao-ligada-a-servico-publico-e-destinada-a-exploracao-economica-pode-pagar-iptu\/","url":"https:\/\/agenciainfra.com\/blog\/agu-indica-que-area-de-concessao-nao-ligada-a-servico-publico-e-destinada-a-exploracao-economica-pode-pagar-iptu\/","name":"AGU indica que \u00e1rea de concess\u00e3o n\u00e3o ligada a servi\u00e7o p\u00fablico e destinada a explora\u00e7\u00e3o econ\u00f4mica pode pagar IPTU - Ag\u00eancia iNFRA","isPartOf":{"@id":"https:\/\/agenciainfra.com\/blog\/#website"},"primaryImageOfPage":{"@id":"https:\/\/agenciainfra.com\/blog\/agu-indica-que-area-de-concessao-nao-ligada-a-servico-publico-e-destinada-a-exploracao-economica-pode-pagar-iptu\/#primaryimage"},"image":{"@id":"https:\/\/agenciainfra.com\/blog\/agu-indica-que-area-de-concessao-nao-ligada-a-servico-publico-e-destinada-a-exploracao-economica-pode-pagar-iptu\/#primaryimage"},"thumbnailUrl":"https:\/\/agenciainfra.com\/blog\/wp-content\/uploads\/2024\/04\/agu-foto-governo-federal.jpeg","datePublished":"2024-11-07T11:00:00+00:00","dateModified":"2024-11-08T14:58:29+00:00","breadcrumb":{"@id":"https:\/\/agenciainfra.com\/blog\/agu-indica-que-area-de-concessao-nao-ligada-a-servico-publico-e-destinada-a-exploracao-economica-pode-pagar-iptu\/#breadcrumb"},"inLanguage":"pt-BR","potentialAction":[{"@type":"ReadAction","target":["https:\/\/agenciainfra.com\/blog\/agu-indica-que-area-de-concessao-nao-ligada-a-servico-publico-e-destinada-a-exploracao-economica-pode-pagar-iptu\/"]}]},{"@type":"ImageObject","inLanguage":"pt-BR","@id":"https:\/\/agenciainfra.com\/blog\/agu-indica-que-area-de-concessao-nao-ligada-a-servico-publico-e-destinada-a-exploracao-economica-pode-pagar-iptu\/#primaryimage","url":"https:\/\/agenciainfra.com\/blog\/wp-content\/uploads\/2024\/04\/agu-foto-governo-federal.jpeg","contentUrl":"https:\/\/agenciainfra.com\/blog\/wp-content\/uploads\/2024\/04\/agu-foto-governo-federal.jpeg","width":1202,"height":800},{"@type":"BreadcrumbList","@id":"https:\/\/agenciainfra.com\/blog\/agu-indica-que-area-de-concessao-nao-ligada-a-servico-publico-e-destinada-a-exploracao-economica-pode-pagar-iptu\/#breadcrumb","itemListElement":[{"@type":"ListItem","position":1,"name":"In\u00edcio","item":"https:\/\/agenciainfra.com\/blog\/"},{"@type":"ListItem","position":2,"name":"AGU indica que \u00e1rea de concess\u00e3o n\u00e3o ligada a servi\u00e7o p\u00fablico e destinada a explora\u00e7\u00e3o econ\u00f4mica pode pagar IPTU"}]},{"@type":"WebSite","@id":"https:\/\/agenciainfra.com\/blog\/#website","url":"https:\/\/agenciainfra.com\/blog\/","name":"Ag\u00eancia iNFRA","description":"Multiplataforma de informa\u00e7\u00e3o jornal\u00edstica refer\u00eancia na \u00e1rea de infraestrutura no Brasil!","publisher":{"@id":"https:\/\/agenciainfra.com\/blog\/#organization"},"potentialAction":[{"@type":"SearchAction","target":{"@type":"EntryPoint","urlTemplate":"https:\/\/agenciainfra.com\/blog\/?s={search_term_string}"},"query-input":{"@type":"PropertyValueSpecification","valueRequired":true,"valueName":"search_term_string"}}],"inLanguage":"pt-BR"},{"@type":"Organization","@id":"https:\/\/agenciainfra.com\/blog\/#organization","name":"Ag\u00eancia iNFRA","url":"https:\/\/agenciainfra.com\/blog\/","logo":{"@type":"ImageObject","inLanguage":"pt-BR","@id":"https:\/\/agenciainfra.com\/blog\/#\/schema\/logo\/image\/","url":"https:\/\/agenciainfra.com\/blog\/wp-content\/uploads\/2023\/09\/iNFRA_5-e1761735885940.png","contentUrl":"https:\/\/agenciainfra.com\/blog\/wp-content\/uploads\/2023\/09\/iNFRA_5-e1761735885940.png","width":1672,"height":454,"caption":"Ag\u00eancia iNFRA"},"image":{"@id":"https:\/\/agenciainfra.com\/blog\/#\/schema\/logo\/image\/"},"sameAs":["https:\/\/www.facebook.com\/ageninfra","https:\/\/x.com\/agencia_infra","https:\/\/www.linkedin.com\/company\/ag\u00eanciainfra\/","https:\/\/www.instagram.com\/agenciainfra\/"]},{"@type":"Person","@id":"https:\/\/agenciainfra.com\/blog\/#\/schema\/person\/34af08dff6adea4cb22b06612ba7acfa","name":"Ag\u00eancia iNFRA","image":{"@type":"ImageObject","inLanguage":"pt-BR","@id":"https:\/\/agenciainfra.com\/blog\/#\/schema\/person\/image\/","url":"https:\/\/secure.gravatar.com\/avatar\/d189e01678f06d8eb84d4e01f08eb848b3fffe3f8443818d3c356c66892f5be8?s=96&d=mm&r=g","contentUrl":"https:\/\/secure.gravatar.com\/avatar\/d189e01678f06d8eb84d4e01f08eb848b3fffe3f8443818d3c356c66892f5be8?s=96&d=mm&r=g","caption":"Ag\u00eancia iNFRA"},"url":"https:\/\/agenciainfra.com\/blog\/author\/admin\/"}]}},"_links":{"self":[{"href":"https:\/\/agenciainfra.com\/blog\/wp-json\/wp\/v2\/posts\/19030","targetHints":{"allow":["GET"]}}],"collection":[{"href":"https:\/\/agenciainfra.com\/blog\/wp-json\/wp\/v2\/posts"}],"about":[{"href":"https:\/\/agenciainfra.com\/blog\/wp-json\/wp\/v2\/types\/post"}],"author":[{"embeddable":true,"href":"https:\/\/agenciainfra.com\/blog\/wp-json\/wp\/v2\/users\/1"}],"replies":[{"embeddable":true,"href":"https:\/\/agenciainfra.com\/blog\/wp-json\/wp\/v2\/comments?post=19030"}],"version-history":[{"count":1,"href":"https:\/\/agenciainfra.com\/blog\/wp-json\/wp\/v2\/posts\/19030\/revisions"}],"predecessor-version":[{"id":19031,"href":"https:\/\/agenciainfra.com\/blog\/wp-json\/wp\/v2\/posts\/19030\/revisions\/19031"}],"wp:featuredmedia":[{"embeddable":true,"href":"https:\/\/agenciainfra.com\/blog\/wp-json\/wp\/v2\/media\/16319"}],"wp:attachment":[{"href":"https:\/\/agenciainfra.com\/blog\/wp-json\/wp\/v2\/media?parent=19030"}],"wp:term":[{"taxonomy":"category","embeddable":true,"href":"https:\/\/agenciainfra.com\/blog\/wp-json\/wp\/v2\/categories?post=19030"},{"taxonomy":"post_tag","embeddable":true,"href":"https:\/\/agenciainfra.com\/blog\/wp-json\/wp\/v2\/tags?post=19030"}],"curies":[{"name":"wp","href":"https:\/\/api.w.org\/{rel}","templated":true}]}}