{"id":19038,"date":"2024-11-07T09:00:00","date_gmt":"2024-11-07T12:00:00","guid":{"rendered":"https:\/\/agenciainfra.com\/blog\/?p=19038"},"modified":"2024-11-07T05:57:11","modified_gmt":"2024-11-07T08:57:11","slug":"cmse-criterio-de-flexibilidade-do-sistema-eletrico-deve-ser-adotado-em-2025","status":"publish","type":"post","link":"https:\/\/agenciainfra.com\/blog\/cmse-criterio-de-flexibilidade-do-sistema-eletrico-deve-ser-adotado-em-2025\/","title":{"rendered":"CMSE: crit\u00e9rio de flexibilidade do sistema el\u00e9trico deve ser adotado em 2025"},"content":{"rendered":"\n<p class=\"has-text-align-right\"><strong>da Ag\u00eancia iNFRA<\/strong><\/p>\n\n\n\n<p>O CMSE (Comit\u00ea de Monitoramento do Setor El\u00e9trico) definiu nesta quarta-feira (6) que a EPE (Empresa de Pesquisa Energ\u00e9tica) deve concluir estudo sobre a flexibilidade do SIN (Sistema Interligado Nacional) ao longo de 2025. A an\u00e1lise ent\u00e3o ser\u00e1 deliberada no CNPE (Conselho Nacional de Pol\u00edtica Energ\u00e9tica).&nbsp;<\/p>\n\n\n\n<p>O estudo dever\u00e1 indicar se o sistema tem capacidade suficiente para atendimento da ponta de carga. \u201cO crit\u00e9rio de flexibilidade refere-se \u00e0 capacidade de o sistema de ajustar a entrega de pot\u00eancia para atender ao requisito da carga. \u00c9 um elemento importante para equilibrar a demanda de energia el\u00e9trica em tempo real e a gera\u00e7\u00e3o, especialmente a partir do forte incremento de fontes intermitentes de gera\u00e7\u00e3o&#8221;, diz&nbsp;<a href=\"https:\/\/www.gov.br\/mme\/pt-br\/assuntos\/noticias\/cmse-mme-quer-implementar-criterios-de-flexibilidade-do-sin-em-2025\" target=\"_blank\" rel=\"noreferrer noopener\">nota publicada<\/a>&nbsp;pelo MME (Minist\u00e9rio de Minas e Energia).<\/p>\n\n\n\n<p><strong>Atendimento de demanda<\/strong><br>O CMSE tamb\u00e9m definiu que dever\u00e3o ser mobilizados recursos adicionais para atendimento do pico de demanda entre novembro e janeiro do pr\u00f3ximo ano, entre eles, despacho de termel\u00e9tricas, resposta da demanda e importa\u00e7\u00e3o de energia.<\/p>\n\n\n\n<p><strong>Per\u00edodo chuvoso<\/strong><br>Durante o encontro, o Cemaden (Centro Nacional de Monitoramento e Alertas de Desastres Naturais) indicou que o per\u00edodo \u00famido j\u00e1 teve in\u00edcio nas regi\u00f5es Sudeste e Centro-Oeste, no entanto, est\u00e1 atrasado na regi\u00e3o Norte do pa\u00eds. Situa\u00e7\u00e3o que deve permanecer nas pr\u00f3ximas semanas.&nbsp;<\/p>\n\n\n\n<p>Tamb\u00e9m foi constatado que todos os subsistemas do pa\u00eds tiveram a ENA (Energia Natural Afluente) abaixo da m\u00e9dia hist\u00f3rica ao longo do m\u00eas de outubro. O que tamb\u00e9m deve permanecer em novembro, com exce\u00e7\u00e3o da regi\u00e3o Sul.&nbsp;<\/p>\n\n\n\n<p><strong>Bandeira verde<\/strong><br>O MME projeta que a bandeira tarif\u00e1ria de energia el\u00e9trica voltar\u00e1 a ser verde no pr\u00f3ximo m\u00eas. Segundo fonte do governo, h\u00e1 essa expectativa por causa do aumento das chuvas no pa\u00eds e da proje\u00e7\u00e3o de melhoria dos n\u00edveis das hidrel\u00e9tricas, reduzindo o custo de gera\u00e7\u00e3o.<\/p>\n\n\n\n<p>A defini\u00e7\u00e3o da bandeira cabe \u00e0 ANEEL (Ag\u00eancia Nacional de Energia El\u00e9trica). O \u00faltimo m\u00eas em que o patamar verde vigorou foi em agosto. Neste m\u00eas de novembro, est\u00e1 em vigor a amarela.<\/p>\n","protected":false},"excerpt":{"rendered":"<p>da Ag\u00eancia iNFRA O CMSE (Comit\u00ea de Monitoramento do Setor El\u00e9trico) definiu nesta quarta-feira (6) que a EPE (Empresa de Pesquisa Energ\u00e9tica) deve concluir estudo sobre a flexibilidade do SIN (Sistema Interligado Nacional) ao longo de 2025. A an\u00e1lise ent\u00e3o ser\u00e1 deliberada no CNPE (Conselho Nacional de Pol\u00edtica Energ\u00e9tica).&nbsp; O estudo dever\u00e1 indicar se o [&hellip;]<\/p>\n","protected":false},"author":1,"featured_media":5847,"comment_status":"closed","ping_status":"closed","sticky":false,"template":"","format":"standard","meta":{"_monsterinsights_skip_tracking":false,"_monsterinsights_sitenote_active":false,"_monsterinsights_sitenote_note":"","_monsterinsights_sitenote_category":0,"footnotes":""},"categories":[7250,1,10],"tags":[53,3203,11679,618,742,792,3004,3916,11412,11678,25,282,11676,11677,71,54,3360],"class_list":["post-19038","post","type-post","status-publish","format-standard","has-post-thumbnail","hentry","category-destaque-lista","category-geral","category-infraenergia","tag-aneel","tag-bandeira-tarifaria","tag-bandeira-verde","tag-carga","tag-chuvas","tag-cmse","tag-cnpe","tag-demanda","tag-despacho","tag-despacho-de-termeletricas","tag-energia","tag-energia-eletrica","tag-flexibilidade-do-sin","tag-geracao-eletrica","tag-mme","tag-setor-eletrico","tag-sin"],"yoast_head":"<!-- This site is optimized with the Yoast SEO Premium plugin v25.4 (Yoast SEO v26.0) - https:\/\/yoast.com\/wordpress\/plugins\/seo\/ -->\n<title>CMSE: crit\u00e9rio de flexibilidade do sistema el\u00e9trico deve ser adotado em 2025 - Ag\u00eancia iNFRA<\/title>\n<meta name=\"robots\" content=\"index, follow, max-snippet:-1, max-image-preview:large, max-video-preview:-1\" \/>\n<link rel=\"canonical\" href=\"https:\/\/agenciainfra.com\/blog\/cmse-criterio-de-flexibilidade-do-sistema-eletrico-deve-ser-adotado-em-2025\/\" \/>\n<meta property=\"og:locale\" content=\"pt_BR\" \/>\n<meta property=\"og:type\" content=\"article\" \/>\n<meta property=\"og:title\" content=\"CMSE: crit\u00e9rio de flexibilidade do sistema el\u00e9trico deve ser adotado em 2025\" \/>\n<meta property=\"og:description\" content=\"da Ag\u00eancia iNFRA O CMSE (Comit\u00ea de Monitoramento do Setor El\u00e9trico) definiu nesta quarta-feira (6) que a EPE (Empresa de Pesquisa Energ\u00e9tica) deve concluir estudo sobre a flexibilidade do SIN (Sistema Interligado Nacional) ao longo de 2025. A an\u00e1lise ent\u00e3o ser\u00e1 deliberada no CNPE (Conselho Nacional de Pol\u00edtica Energ\u00e9tica).&nbsp; O estudo dever\u00e1 indicar se o [&hellip;]\" \/>\n<meta property=\"og:url\" content=\"https:\/\/agenciainfra.com\/blog\/cmse-criterio-de-flexibilidade-do-sistema-eletrico-deve-ser-adotado-em-2025\/\" \/>\n<meta property=\"og:site_name\" content=\"Ag\u00eancia iNFRA\" \/>\n<meta property=\"article:publisher\" content=\"https:\/\/www.facebook.com\/ageninfra\" \/>\n<meta property=\"article:published_time\" content=\"2024-11-07T12:00:00+00:00\" \/>\n<meta property=\"og:image\" content=\"https:\/\/agenciainfra.com\/blog\/wp-content\/uploads\/2020\/09\/energia-fontes-renovaveis-foto-dominio-publico.jpg\" \/>\n\t<meta property=\"og:image:width\" content=\"1280\" \/>\n\t<meta property=\"og:image:height\" content=\"853\" \/>\n\t<meta property=\"og:image:type\" content=\"image\/jpeg\" \/>\n<meta name=\"author\" content=\"Ag\u00eancia iNFRA\" \/>\n<meta name=\"twitter:card\" content=\"summary_large_image\" \/>\n<meta name=\"twitter:creator\" content=\"@agencia_infra\" \/>\n<meta name=\"twitter:site\" content=\"@agencia_infra\" \/>\n<meta name=\"twitter:label1\" content=\"Escrito por\" \/>\n\t<meta name=\"twitter:data1\" content=\"Ag\u00eancia iNFRA\" \/>\n\t<meta name=\"twitter:label2\" content=\"Est. tempo de leitura\" \/>\n\t<meta name=\"twitter:data2\" content=\"2 minutos\" \/>\n<script type=\"application\/ld+json\" class=\"yoast-schema-graph\">{\"@context\":\"https:\/\/schema.org\",\"@graph\":[{\"@type\":\"Article\",\"@id\":\"https:\/\/agenciainfra.com\/blog\/cmse-criterio-de-flexibilidade-do-sistema-eletrico-deve-ser-adotado-em-2025\/#article\",\"isPartOf\":{\"@id\":\"https:\/\/agenciainfra.com\/blog\/cmse-criterio-de-flexibilidade-do-sistema-eletrico-deve-ser-adotado-em-2025\/\"},\"author\":{\"name\":\"Ag\u00eancia iNFRA\",\"@id\":\"https:\/\/agenciainfra.com\/blog\/#\/schema\/person\/34af08dff6adea4cb22b06612ba7acfa\"},\"headline\":\"CMSE: crit\u00e9rio de flexibilidade do sistema el\u00e9trico deve ser adotado em 2025\",\"datePublished\":\"2024-11-07T12:00:00+00:00\",\"mainEntityOfPage\":{\"@id\":\"https:\/\/agenciainfra.com\/blog\/cmse-criterio-de-flexibilidade-do-sistema-eletrico-deve-ser-adotado-em-2025\/\"},\"wordCount\":387,\"publisher\":{\"@id\":\"https:\/\/agenciainfra.com\/blog\/#organization\"},\"image\":{\"@id\":\"https:\/\/agenciainfra.com\/blog\/cmse-criterio-de-flexibilidade-do-sistema-eletrico-deve-ser-adotado-em-2025\/#primaryimage\"},\"thumbnailUrl\":\"https:\/\/agenciainfra.com\/blog\/wp-content\/uploads\/2020\/09\/energia-fontes-renovaveis-foto-dominio-publico.jpg\",\"keywords\":[\"ANEEL\",\"bandeira tarif\u00e1ria\",\"bandeira verde\",\"carga\",\"chuvas\",\"CMSE\",\"CNPE\",\"demanda\",\"despacho\",\"despacho de termel\u00e9tricas\",\"energia\",\"energia el\u00e9trica\",\"flexibilidade do SIN\",\"gera\u00e7\u00e3o el\u00e9trica\",\"MME\",\"Setor El\u00e9trico\",\"SIN\"],\"articleSection\":[\"Destaque lista\",\"Geral\",\"iNFRAEnergia\"],\"inLanguage\":\"pt-BR\",\"copyrightYear\":\"2024\",\"copyrightHolder\":{\"@id\":\"https:\/\/agenciainfra.com\/blog\/#organization\"}},{\"@type\":\"WebPage\",\"@id\":\"https:\/\/agenciainfra.com\/blog\/cmse-criterio-de-flexibilidade-do-sistema-eletrico-deve-ser-adotado-em-2025\/\",\"url\":\"https:\/\/agenciainfra.com\/blog\/cmse-criterio-de-flexibilidade-do-sistema-eletrico-deve-ser-adotado-em-2025\/\",\"name\":\"CMSE: crit\u00e9rio de flexibilidade do sistema el\u00e9trico deve ser adotado em 2025 - Ag\u00eancia iNFRA\",\"isPartOf\":{\"@id\":\"https:\/\/agenciainfra.com\/blog\/#website\"},\"primaryImageOfPage\":{\"@id\":\"https:\/\/agenciainfra.com\/blog\/cmse-criterio-de-flexibilidade-do-sistema-eletrico-deve-ser-adotado-em-2025\/#primaryimage\"},\"image\":{\"@id\":\"https:\/\/agenciainfra.com\/blog\/cmse-criterio-de-flexibilidade-do-sistema-eletrico-deve-ser-adotado-em-2025\/#primaryimage\"},\"thumbnailUrl\":\"https:\/\/agenciainfra.com\/blog\/wp-content\/uploads\/2020\/09\/energia-fontes-renovaveis-foto-dominio-publico.jpg\",\"datePublished\":\"2024-11-07T12:00:00+00:00\",\"breadcrumb\":{\"@id\":\"https:\/\/agenciainfra.com\/blog\/cmse-criterio-de-flexibilidade-do-sistema-eletrico-deve-ser-adotado-em-2025\/#breadcrumb\"},\"inLanguage\":\"pt-BR\",\"potentialAction\":[{\"@type\":\"ReadAction\",\"target\":[\"https:\/\/agenciainfra.com\/blog\/cmse-criterio-de-flexibilidade-do-sistema-eletrico-deve-ser-adotado-em-2025\/\"]}]},{\"@type\":\"ImageObject\",\"inLanguage\":\"pt-BR\",\"@id\":\"https:\/\/agenciainfra.com\/blog\/cmse-criterio-de-flexibilidade-do-sistema-eletrico-deve-ser-adotado-em-2025\/#primaryimage\",\"url\":\"https:\/\/agenciainfra.com\/blog\/wp-content\/uploads\/2020\/09\/energia-fontes-renovaveis-foto-dominio-publico.jpg\",\"contentUrl\":\"https:\/\/agenciainfra.com\/blog\/wp-content\/uploads\/2020\/09\/energia-fontes-renovaveis-foto-dominio-publico.jpg\",\"width\":1280,\"height\":853},{\"@type\":\"BreadcrumbList\",\"@id\":\"https:\/\/agenciainfra.com\/blog\/cmse-criterio-de-flexibilidade-do-sistema-eletrico-deve-ser-adotado-em-2025\/#breadcrumb\",\"itemListElement\":[{\"@type\":\"ListItem\",\"position\":1,\"name\":\"In\u00edcio\",\"item\":\"https:\/\/agenciainfra.com\/blog\/\"},{\"@type\":\"ListItem\",\"position\":2,\"name\":\"CMSE: crit\u00e9rio de flexibilidade do sistema el\u00e9trico deve ser adotado em 2025\"}]},{\"@type\":\"WebSite\",\"@id\":\"https:\/\/agenciainfra.com\/blog\/#website\",\"url\":\"https:\/\/agenciainfra.com\/blog\/\",\"name\":\"Ag\u00eancia iNFRA\",\"description\":\"Multiplataforma de informa\u00e7\u00e3o jornal\u00edstica refer\u00eancia na \u00e1rea de infraestrutura no Brasil!\",\"publisher\":{\"@id\":\"https:\/\/agenciainfra.com\/blog\/#organization\"},\"potentialAction\":[{\"@type\":\"SearchAction\",\"target\":{\"@type\":\"EntryPoint\",\"urlTemplate\":\"https:\/\/agenciainfra.com\/blog\/?s={search_term_string}\"},\"query-input\":{\"@type\":\"PropertyValueSpecification\",\"valueRequired\":true,\"valueName\":\"search_term_string\"}}],\"inLanguage\":\"pt-BR\"},{\"@type\":\"Organization\",\"@id\":\"https:\/\/agenciainfra.com\/blog\/#organization\",\"name\":\"Ag\u00eancia iNFRA\",\"url\":\"https:\/\/agenciainfra.com\/blog\/\",\"logo\":{\"@type\":\"ImageObject\",\"inLanguage\":\"pt-BR\",\"@id\":\"https:\/\/agenciainfra.com\/blog\/#\/schema\/logo\/image\/\",\"url\":\"https:\/\/agenciainfra.com\/blog\/wp-content\/uploads\/2023\/09\/iNFRA_5-e1761735885940.png\",\"contentUrl\":\"https:\/\/agenciainfra.com\/blog\/wp-content\/uploads\/2023\/09\/iNFRA_5-e1761735885940.png\",\"width\":1672,\"height\":454,\"caption\":\"Ag\u00eancia iNFRA\"},\"image\":{\"@id\":\"https:\/\/agenciainfra.com\/blog\/#\/schema\/logo\/image\/\"},\"sameAs\":[\"https:\/\/www.facebook.com\/ageninfra\",\"https:\/\/x.com\/agencia_infra\",\"https:\/\/www.linkedin.com\/company\/ag\u00eanciainfra\/\",\"https:\/\/www.instagram.com\/agenciainfra\/\"]},{\"@type\":\"Person\",\"@id\":\"https:\/\/agenciainfra.com\/blog\/#\/schema\/person\/34af08dff6adea4cb22b06612ba7acfa\",\"name\":\"Ag\u00eancia iNFRA\",\"image\":{\"@type\":\"ImageObject\",\"inLanguage\":\"pt-BR\",\"@id\":\"https:\/\/agenciainfra.com\/blog\/#\/schema\/person\/image\/\",\"url\":\"https:\/\/secure.gravatar.com\/avatar\/d189e01678f06d8eb84d4e01f08eb848b3fffe3f8443818d3c356c66892f5be8?s=96&d=mm&r=g\",\"contentUrl\":\"https:\/\/secure.gravatar.com\/avatar\/d189e01678f06d8eb84d4e01f08eb848b3fffe3f8443818d3c356c66892f5be8?s=96&d=mm&r=g\",\"caption\":\"Ag\u00eancia iNFRA\"},\"url\":\"https:\/\/agenciainfra.com\/blog\/author\/admin\/\"}]}<\/script>\n<!-- \/ Yoast SEO Premium plugin. -->","yoast_head_json":{"title":"CMSE: crit\u00e9rio de flexibilidade do sistema el\u00e9trico deve ser adotado em 2025 - Ag\u00eancia iNFRA","robots":{"index":"index","follow":"follow","max-snippet":"max-snippet:-1","max-image-preview":"max-image-preview:large","max-video-preview":"max-video-preview:-1"},"canonical":"https:\/\/agenciainfra.com\/blog\/cmse-criterio-de-flexibilidade-do-sistema-eletrico-deve-ser-adotado-em-2025\/","og_locale":"pt_BR","og_type":"article","og_title":"CMSE: crit\u00e9rio de flexibilidade do sistema el\u00e9trico deve ser adotado em 2025","og_description":"da Ag\u00eancia iNFRA O CMSE (Comit\u00ea de Monitoramento do Setor El\u00e9trico) definiu nesta quarta-feira (6) que a EPE (Empresa de Pesquisa Energ\u00e9tica) deve concluir estudo sobre a flexibilidade do SIN (Sistema Interligado Nacional) ao longo de 2025. A an\u00e1lise ent\u00e3o ser\u00e1 deliberada no CNPE (Conselho Nacional de Pol\u00edtica Energ\u00e9tica).&nbsp; O estudo dever\u00e1 indicar se o [&hellip;]","og_url":"https:\/\/agenciainfra.com\/blog\/cmse-criterio-de-flexibilidade-do-sistema-eletrico-deve-ser-adotado-em-2025\/","og_site_name":"Ag\u00eancia iNFRA","article_publisher":"https:\/\/www.facebook.com\/ageninfra","article_published_time":"2024-11-07T12:00:00+00:00","og_image":[{"width":1280,"height":853,"url":"https:\/\/agenciainfra.com\/blog\/wp-content\/uploads\/2020\/09\/energia-fontes-renovaveis-foto-dominio-publico.jpg","type":"image\/jpeg"}],"author":"Ag\u00eancia iNFRA","twitter_card":"summary_large_image","twitter_creator":"@agencia_infra","twitter_site":"@agencia_infra","twitter_misc":{"Escrito por":"Ag\u00eancia iNFRA","Est. tempo de leitura":"2 minutos"},"schema":{"@context":"https:\/\/schema.org","@graph":[{"@type":"Article","@id":"https:\/\/agenciainfra.com\/blog\/cmse-criterio-de-flexibilidade-do-sistema-eletrico-deve-ser-adotado-em-2025\/#article","isPartOf":{"@id":"https:\/\/agenciainfra.com\/blog\/cmse-criterio-de-flexibilidade-do-sistema-eletrico-deve-ser-adotado-em-2025\/"},"author":{"name":"Ag\u00eancia iNFRA","@id":"https:\/\/agenciainfra.com\/blog\/#\/schema\/person\/34af08dff6adea4cb22b06612ba7acfa"},"headline":"CMSE: crit\u00e9rio de flexibilidade do sistema el\u00e9trico deve ser adotado em 2025","datePublished":"2024-11-07T12:00:00+00:00","mainEntityOfPage":{"@id":"https:\/\/agenciainfra.com\/blog\/cmse-criterio-de-flexibilidade-do-sistema-eletrico-deve-ser-adotado-em-2025\/"},"wordCount":387,"publisher":{"@id":"https:\/\/agenciainfra.com\/blog\/#organization"},"image":{"@id":"https:\/\/agenciainfra.com\/blog\/cmse-criterio-de-flexibilidade-do-sistema-eletrico-deve-ser-adotado-em-2025\/#primaryimage"},"thumbnailUrl":"https:\/\/agenciainfra.com\/blog\/wp-content\/uploads\/2020\/09\/energia-fontes-renovaveis-foto-dominio-publico.jpg","keywords":["ANEEL","bandeira tarif\u00e1ria","bandeira verde","carga","chuvas","CMSE","CNPE","demanda","despacho","despacho de termel\u00e9tricas","energia","energia el\u00e9trica","flexibilidade do SIN","gera\u00e7\u00e3o el\u00e9trica","MME","Setor El\u00e9trico","SIN"],"articleSection":["Destaque lista","Geral","iNFRAEnergia"],"inLanguage":"pt-BR","copyrightYear":"2024","copyrightHolder":{"@id":"https:\/\/agenciainfra.com\/blog\/#organization"}},{"@type":"WebPage","@id":"https:\/\/agenciainfra.com\/blog\/cmse-criterio-de-flexibilidade-do-sistema-eletrico-deve-ser-adotado-em-2025\/","url":"https:\/\/agenciainfra.com\/blog\/cmse-criterio-de-flexibilidade-do-sistema-eletrico-deve-ser-adotado-em-2025\/","name":"CMSE: crit\u00e9rio de flexibilidade do sistema el\u00e9trico deve ser adotado em 2025 - Ag\u00eancia iNFRA","isPartOf":{"@id":"https:\/\/agenciainfra.com\/blog\/#website"},"primaryImageOfPage":{"@id":"https:\/\/agenciainfra.com\/blog\/cmse-criterio-de-flexibilidade-do-sistema-eletrico-deve-ser-adotado-em-2025\/#primaryimage"},"image":{"@id":"https:\/\/agenciainfra.com\/blog\/cmse-criterio-de-flexibilidade-do-sistema-eletrico-deve-ser-adotado-em-2025\/#primaryimage"},"thumbnailUrl":"https:\/\/agenciainfra.com\/blog\/wp-content\/uploads\/2020\/09\/energia-fontes-renovaveis-foto-dominio-publico.jpg","datePublished":"2024-11-07T12:00:00+00:00","breadcrumb":{"@id":"https:\/\/agenciainfra.com\/blog\/cmse-criterio-de-flexibilidade-do-sistema-eletrico-deve-ser-adotado-em-2025\/#breadcrumb"},"inLanguage":"pt-BR","potentialAction":[{"@type":"ReadAction","target":["https:\/\/agenciainfra.com\/blog\/cmse-criterio-de-flexibilidade-do-sistema-eletrico-deve-ser-adotado-em-2025\/"]}]},{"@type":"ImageObject","inLanguage":"pt-BR","@id":"https:\/\/agenciainfra.com\/blog\/cmse-criterio-de-flexibilidade-do-sistema-eletrico-deve-ser-adotado-em-2025\/#primaryimage","url":"https:\/\/agenciainfra.com\/blog\/wp-content\/uploads\/2020\/09\/energia-fontes-renovaveis-foto-dominio-publico.jpg","contentUrl":"https:\/\/agenciainfra.com\/blog\/wp-content\/uploads\/2020\/09\/energia-fontes-renovaveis-foto-dominio-publico.jpg","width":1280,"height":853},{"@type":"BreadcrumbList","@id":"https:\/\/agenciainfra.com\/blog\/cmse-criterio-de-flexibilidade-do-sistema-eletrico-deve-ser-adotado-em-2025\/#breadcrumb","itemListElement":[{"@type":"ListItem","position":1,"name":"In\u00edcio","item":"https:\/\/agenciainfra.com\/blog\/"},{"@type":"ListItem","position":2,"name":"CMSE: crit\u00e9rio de flexibilidade do sistema el\u00e9trico deve ser adotado em 2025"}]},{"@type":"WebSite","@id":"https:\/\/agenciainfra.com\/blog\/#website","url":"https:\/\/agenciainfra.com\/blog\/","name":"Ag\u00eancia iNFRA","description":"Multiplataforma de informa\u00e7\u00e3o jornal\u00edstica refer\u00eancia na \u00e1rea de infraestrutura no Brasil!","publisher":{"@id":"https:\/\/agenciainfra.com\/blog\/#organization"},"potentialAction":[{"@type":"SearchAction","target":{"@type":"EntryPoint","urlTemplate":"https:\/\/agenciainfra.com\/blog\/?s={search_term_string}"},"query-input":{"@type":"PropertyValueSpecification","valueRequired":true,"valueName":"search_term_string"}}],"inLanguage":"pt-BR"},{"@type":"Organization","@id":"https:\/\/agenciainfra.com\/blog\/#organization","name":"Ag\u00eancia iNFRA","url":"https:\/\/agenciainfra.com\/blog\/","logo":{"@type":"ImageObject","inLanguage":"pt-BR","@id":"https:\/\/agenciainfra.com\/blog\/#\/schema\/logo\/image\/","url":"https:\/\/agenciainfra.com\/blog\/wp-content\/uploads\/2023\/09\/iNFRA_5-e1761735885940.png","contentUrl":"https:\/\/agenciainfra.com\/blog\/wp-content\/uploads\/2023\/09\/iNFRA_5-e1761735885940.png","width":1672,"height":454,"caption":"Ag\u00eancia iNFRA"},"image":{"@id":"https:\/\/agenciainfra.com\/blog\/#\/schema\/logo\/image\/"},"sameAs":["https:\/\/www.facebook.com\/ageninfra","https:\/\/x.com\/agencia_infra","https:\/\/www.linkedin.com\/company\/ag\u00eanciainfra\/","https:\/\/www.instagram.com\/agenciainfra\/"]},{"@type":"Person","@id":"https:\/\/agenciainfra.com\/blog\/#\/schema\/person\/34af08dff6adea4cb22b06612ba7acfa","name":"Ag\u00eancia iNFRA","image":{"@type":"ImageObject","inLanguage":"pt-BR","@id":"https:\/\/agenciainfra.com\/blog\/#\/schema\/person\/image\/","url":"https:\/\/secure.gravatar.com\/avatar\/d189e01678f06d8eb84d4e01f08eb848b3fffe3f8443818d3c356c66892f5be8?s=96&d=mm&r=g","contentUrl":"https:\/\/secure.gravatar.com\/avatar\/d189e01678f06d8eb84d4e01f08eb848b3fffe3f8443818d3c356c66892f5be8?s=96&d=mm&r=g","caption":"Ag\u00eancia iNFRA"},"url":"https:\/\/agenciainfra.com\/blog\/author\/admin\/"}]}},"_links":{"self":[{"href":"https:\/\/agenciainfra.com\/blog\/wp-json\/wp\/v2\/posts\/19038","targetHints":{"allow":["GET"]}}],"collection":[{"href":"https:\/\/agenciainfra.com\/blog\/wp-json\/wp\/v2\/posts"}],"about":[{"href":"https:\/\/agenciainfra.com\/blog\/wp-json\/wp\/v2\/types\/post"}],"author":[{"embeddable":true,"href":"https:\/\/agenciainfra.com\/blog\/wp-json\/wp\/v2\/users\/1"}],"replies":[{"embeddable":true,"href":"https:\/\/agenciainfra.com\/blog\/wp-json\/wp\/v2\/comments?post=19038"}],"version-history":[{"count":1,"href":"https:\/\/agenciainfra.com\/blog\/wp-json\/wp\/v2\/posts\/19038\/revisions"}],"predecessor-version":[{"id":19039,"href":"https:\/\/agenciainfra.com\/blog\/wp-json\/wp\/v2\/posts\/19038\/revisions\/19039"}],"wp:featuredmedia":[{"embeddable":true,"href":"https:\/\/agenciainfra.com\/blog\/wp-json\/wp\/v2\/media\/5847"}],"wp:attachment":[{"href":"https:\/\/agenciainfra.com\/blog\/wp-json\/wp\/v2\/media?parent=19038"}],"wp:term":[{"taxonomy":"category","embeddable":true,"href":"https:\/\/agenciainfra.com\/blog\/wp-json\/wp\/v2\/categories?post=19038"},{"taxonomy":"post_tag","embeddable":true,"href":"https:\/\/agenciainfra.com\/blog\/wp-json\/wp\/v2\/tags?post=19038"}],"curies":[{"name":"wp","href":"https:\/\/api.w.org\/{rel}","templated":true}]}}