{"id":19049,"date":"2024-11-08T15:30:00","date_gmt":"2024-11-08T18:30:00","guid":{"rendered":"https:\/\/agenciainfra.com\/blog\/?p=19049"},"modified":"2024-11-08T12:08:07","modified_gmt":"2024-11-08T15:08:07","slug":"opiniao-investimentos-em-ferrovias-e-o-desenvolvimento-regional-do-brasil","status":"publish","type":"post","link":"https:\/\/agenciainfra.com\/blog\/opiniao-investimentos-em-ferrovias-e-o-desenvolvimento-regional-do-brasil\/","title":{"rendered":"Opini\u00e3o \u2013 Investimentos em ferrovias e o desenvolvimento regional do Brasil"},"content":{"rendered":"\n<p class=\"has-text-align-right\"><strong>Edgard Porto*<\/strong><\/p>\n\n\n\n<p>Os investimentos em ferrovias t\u00eam um potencial significativo para o desenvolvimento regional, oferecendo uma solu\u00e7\u00e3o estrat\u00e9gica para reduzir as desigualdades entre as diferentes regi\u00f5es do Brasil. Em 2002, o Nordeste representava 13,08% do PIB brasileiro e, passados 20 anos, evoluiu para apenas para 13,7%. Historicamente, a falta de infraestrutura eficiente tem dificultado a integra\u00e7\u00e3o territorial e o crescimento econ\u00f4mico de regi\u00f5es mais distantes dos grandes centros urbanos, especialmente nas \u00e1reas do interior do pa\u00eds. Ao investir em redes ferrovi\u00e1rias, o Brasil pode facilitar o escoamento de mercadorias, atraindo novos investimentos e promovendo a industrializa\u00e7\u00e3o em locais que antes eram marginalizados.<\/p>\n\n\n\n<p>As ferrovias tamb\u00e9m t\u00eam a capacidade de fomentar o desenvolvimento de clusters industriais, especialmente em regi\u00f5es como o Nordeste. O estado da Bahia, por exemplo, destaca-se como uma \u00e1rea com capacidade para formar um cluster industrial de classe mundial, mesmo que de m\u00e9dio porte, apoiado por uma organiza\u00e7\u00e3o espacial do complexo portu\u00e1rio da Ba\u00eda de Todos os Santos. A expans\u00e3o da malha ferrovi\u00e1ria na regi\u00e3o poder\u00e1 n\u00e3o apenas reduzir o custo do transporte no Brasil, mas tamb\u00e9m conectar essa \u00e1rea com o resto do pa\u00eds e com o mercado global, impulsionando seu crescimento econ\u00f4mico.<\/p>\n\n\n\n<p>A requalifica\u00e7\u00e3o das ferrovias de liga\u00e7\u00e3o de Minas Gerais com a Bahia, com bitola larga, articulada com o eixo da Fiol-Fico, em Mara Rosa e com a FNS (Ferrovia Norte Sul), \u00e9 uma necessidade premente para se pensar o Brasil de forma mais equilibrada, onde o desenvolvimento das regi\u00f5es mais afastadas dos grandes centros econ\u00f4micos do Sul-Sudeste contribua para um crescimento nacional mais equitativo.<\/p>\n\n\n\n<p>Um fator importante no desenvolvimento regional \u00e9 a expans\u00e3o do agroneg\u00f3cio, que est\u00e1 avan\u00e7ando em dire\u00e7\u00e3o ao norte do Brasil, particularmente no Par\u00e1, Mato Grosso e Amaz\u00f4nia. Embora essa expans\u00e3o represente uma oportunidade econ\u00f4mica significativa, \u00e9 imprescind\u00edvel que ocorra com responsabilidade ambiental. A preserva\u00e7\u00e3o da Amaz\u00f4nia e de outros biomas sens\u00edveis deve ser prioridade nas pol\u00edticas de desenvolvimento, especialmente porque o desmatamento pode comprometer a sustentabilidade em longo prazo.<\/p>\n\n\n\n<p>A mudan\u00e7a dos eixos de produ\u00e7\u00e3o agr\u00edcola tamb\u00e9m est\u00e1 alterando as rotas de escoamento dos produtos, que agora se direcionam para o Norte e o Nordeste, com destaque para a Bahia. Essa transforma\u00e7\u00e3o geoecon\u00f4mica gera oportunidades para o desenvolvimento da infraestrutura log\u00edstica nessas \u00e1reas, particularmente as ferrovi\u00e1rias, que podem conectar regi\u00f5es produtoras aos portos e mercados internacionais.<\/p>\n\n\n\n<p>Outro fator essencial no cen\u00e1rio do desenvolvimento econ\u00f4mico brasileiro \u00e9 a rela\u00e7\u00e3o comercial com a China, que, nos \u00faltimos anos, superou as rela\u00e7\u00f5es comerciais com a Europa. Segundo o artigo \u201c\u2019Reindustrializa\u00e7\u00e3o\u2019: Novas oportunidades de coopera\u00e7\u00e3o entre China e Brasil\u201d, a China \u00e9 o maior parceiro comercial do Brasil por 15 anos consecutivos e o volume de com\u00e9rcio bilateral ultrapassou US$ 100 bilh\u00f5es por seis anos consecutivos. &nbsp;A China se tornou um parceiro econ\u00f4mico fundamental para o Brasil, e seu projeto da Nova Rota da Seda pode representar uma oportunidade para o pa\u00eds se inserir mais estrategicamente no com\u00e9rcio global. O projeto pode reduzir os custos de circula\u00e7\u00e3o de mercadorias, facilitando as atividades comerciais e, ao mesmo tempo, abrindo portas para novos investimentos industriais.<\/p>\n\n\n\n<p>A rela\u00e7\u00e3o com a China tamb\u00e9m pode contribuir para o desenvolvimento da infraestrutura, como as ferrovias, que s\u00e3o essenciais para melhorar a competitividade brasileira. Com a parceria chinesa, o Brasil pode aproveitar novas oportunidades de investimentos que permitam a cria\u00e7\u00e3o de uma malha log\u00edstica mais eficiente, conectando melhor as regi\u00f5es do pa\u00eds entre si e com o mercado internacional.<\/p>\n\n\n\n<p>Estudos realizados recentemente pelo Governo da Bahia identificaram proje\u00e7\u00f5es de todos os tipos de cargas de passagem e com origem local que perfazem uma m\u00e9dia de 110 milh\u00f5es de TEUs em cada uma das dire\u00e7\u00f5es: Nordeste, Centro-Oeste, Sudeste e para o exterior. O incremento a essa circula\u00e7\u00e3o de mercadorias vai potencializar o sistema de transportes rodoferrovi\u00e1rio que ter\u00e1 influ\u00eancia sobre 132 munic\u00edpios, que hoje representam quase que 73% do PIB baiano, 21% do PIB do Nordeste e onde habitam 56% da popula\u00e7\u00e3o estadual.<\/p>\n\n\n\n<p>Esse esfor\u00e7o pode resultar na atra\u00e7\u00e3o de partes de cadeias de valor global para o entorno do Complexo Portu\u00e1rio da Ba\u00eda de Todos os Santos e na promo\u00e7\u00e3o da interioriza\u00e7\u00e3o do desenvolvimento de grande parcela territorial nordestina. Tudo isso repercutir\u00e1 nas economias do Sul-Sudeste, reduzir\u00e1 a \u00e1rea marginalizada do Nordeste e incrementar\u00e1 o crescimento do Centro-Oeste brasileiro.<\/p>\n\n\n\n<p>J\u00e1 est\u00e1 operando uma rota regular Bahia-\u00c1sia, com navios de grande porte, com 366 metros, ligando o Porto de Salvador aos portos chineses, sem restri\u00e7\u00f5es de hor\u00e1rio, podendo atracar ou desatracar inclusive durante \u00e0 noite, com capacidade para transportar 15 mil TEUs. Recentemente a MSC adquiriu o Terminal da Wilson Sons e comandar\u00e1 toda essa opera\u00e7\u00e3o. Isso \u00e9 uma demonstra\u00e7\u00e3o de viabilidade dessa rota que poder\u00e1 ser fortemente potencializada com a constru\u00e7\u00e3o de ferrovias articulando o Complexo Portu\u00e1rio da Baia de Todos os Santos com outras regi\u00f5es do Brasil.<\/p>\n\n\n\n<p>O desenvolvimento do Nordeste brasileiro pode ter impactos positivos para outras regi\u00f5es, especialmente o Sudeste. Ao atrair novos projetos industriais, o Nordeste pode fortalecer a atra\u00e7\u00e3o de investimentos, refor\u00e7ar suas cadeias produtivas e possibilitar uma maior integra\u00e7\u00e3o econ\u00f4mica com o Sudeste, regi\u00e3o historicamente mais industrializada, criando uma rede de interdepend\u00eancia produtiva que beneficiaria ambas as regi\u00f5es.<\/p>\n\n\n\n<p>Diante disso, a aposta em infraestrutura ferrovi\u00e1ria \u00e9 uma estrat\u00e9gia essencial para promover o desenvolvimento regional no Brasil, conectando as diversas regi\u00f5es do pa\u00eds, e fomenta um crescimento econ\u00f4mico mais sustent\u00e1vel e equitativo.<\/p>\n\n\n\n<p>Esse \u00e9 um dos mais importantes e estrat\u00e9gicos projetos para o Brasil.<\/p>\n\n\n\n<p><strong>* Edgard Porto<\/strong> \u00e9 diretor de Estudos da Superintend\u00eancia de Estudos Econ\u00f4micos e Sociais da Bahia.<\/p>\n\n\n\n<p class=\"has-luminous-vivid-orange-color has-text-color has-link-color wp-elements-fd3f544adf696c46a4d36363cd72c59e\">As opini\u00f5es dos autores n\u00e3o refletem necessariamente o pensamento da<strong> Ag\u00eancia iNFRA<\/strong>, sendo de total responsabilidade do autor as informa\u00e7\u00f5es, ju\u00edzos de valor e conceitos descritos no texto.<\/p>\n","protected":false},"excerpt":{"rendered":"<p>Edgard Porto* Os investimentos em ferrovias t\u00eam um potencial significativo para o desenvolvimento regional, oferecendo uma solu\u00e7\u00e3o estrat\u00e9gica para reduzir as desigualdades entre as diferentes regi\u00f5es do Brasil. Em 2002, o Nordeste representava 13,08% do PIB brasileiro e, passados 20 anos, evoluiu para apenas para 13,7%. Historicamente, a falta de infraestrutura eficiente tem dificultado a [&hellip;]<\/p>\n","protected":false},"author":1,"featured_media":19051,"comment_status":"closed","ping_status":"closed","sticky":false,"template":"","format":"standard","meta":{"_monsterinsights_skip_tracking":false,"_monsterinsights_sitenote_active":false,"_monsterinsights_sitenote_note":"","_monsterinsights_sitenote_category":0,"footnotes":""},"categories":[7250,1,7,10040],"tags":[11687,472,156,11689,7919,10317,1059],"class_list":["post-19049","post","type-post","status-publish","format-standard","has-post-thumbnail","hentry","category-destaque-lista","category-geral","category-infratransporte","category-opiniao","tag-edgard-porto","tag-fico","tag-fiol","tag-fnc","tag-investimentos-em-ferrovias","tag-opiniao","tag-transporte-de-cargas"],"yoast_head":"<!-- This site is optimized with the Yoast SEO Premium plugin v25.4 (Yoast SEO v26.0) - https:\/\/yoast.com\/wordpress\/plugins\/seo\/ -->\n<title>Opini\u00e3o \u2013 Investimentos em ferrovias e o desenvolvimento regional do Brasil - Ag\u00eancia iNFRA<\/title>\n<meta name=\"robots\" content=\"index, follow, max-snippet:-1, max-image-preview:large, max-video-preview:-1\" \/>\n<link rel=\"canonical\" href=\"https:\/\/agenciainfra.com\/blog\/opiniao-investimentos-em-ferrovias-e-o-desenvolvimento-regional-do-brasil\/\" \/>\n<meta property=\"og:locale\" content=\"pt_BR\" \/>\n<meta property=\"og:type\" content=\"article\" \/>\n<meta property=\"og:title\" content=\"Opini\u00e3o \u2013 Investimentos em ferrovias e o desenvolvimento regional do Brasil\" \/>\n<meta property=\"og:description\" content=\"Edgard Porto* Os investimentos em ferrovias t\u00eam um potencial significativo para o desenvolvimento regional, oferecendo uma solu\u00e7\u00e3o estrat\u00e9gica para reduzir as desigualdades entre as diferentes regi\u00f5es do Brasil. Em 2002, o Nordeste representava 13,08% do PIB brasileiro e, passados 20 anos, evoluiu para apenas para 13,7%. Historicamente, a falta de infraestrutura eficiente tem dificultado a [&hellip;]\" \/>\n<meta property=\"og:url\" content=\"https:\/\/agenciainfra.com\/blog\/opiniao-investimentos-em-ferrovias-e-o-desenvolvimento-regional-do-brasil\/\" \/>\n<meta property=\"og:site_name\" content=\"Ag\u00eancia iNFRA\" \/>\n<meta property=\"article:publisher\" content=\"https:\/\/www.facebook.com\/ageninfra\" \/>\n<meta property=\"article:published_time\" content=\"2024-11-08T18:30:00+00:00\" \/>\n<meta property=\"og:image\" content=\"https:\/\/agenciainfra.com\/blog\/wp-content\/uploads\/2024\/11\/edgard-porto-foto-opiniao-1.jpg\" \/>\n\t<meta property=\"og:image:width\" content=\"1065\" \/>\n\t<meta property=\"og:image:height\" content=\"800\" \/>\n\t<meta property=\"og:image:type\" content=\"image\/jpeg\" \/>\n<meta name=\"author\" content=\"Ag\u00eancia iNFRA\" \/>\n<meta name=\"twitter:card\" content=\"summary_large_image\" \/>\n<meta name=\"twitter:creator\" content=\"@agencia_infra\" \/>\n<meta name=\"twitter:site\" content=\"@agencia_infra\" \/>\n<meta name=\"twitter:label1\" content=\"Escrito por\" \/>\n\t<meta name=\"twitter:data1\" content=\"Ag\u00eancia iNFRA\" \/>\n\t<meta name=\"twitter:label2\" content=\"Est. tempo de leitura\" \/>\n\t<meta name=\"twitter:data2\" content=\"5 minutos\" \/>\n<script type=\"application\/ld+json\" class=\"yoast-schema-graph\">{\"@context\":\"https:\/\/schema.org\",\"@graph\":[{\"@type\":\"Article\",\"@id\":\"https:\/\/agenciainfra.com\/blog\/opiniao-investimentos-em-ferrovias-e-o-desenvolvimento-regional-do-brasil\/#article\",\"isPartOf\":{\"@id\":\"https:\/\/agenciainfra.com\/blog\/opiniao-investimentos-em-ferrovias-e-o-desenvolvimento-regional-do-brasil\/\"},\"author\":{\"name\":\"Ag\u00eancia iNFRA\",\"@id\":\"https:\/\/agenciainfra.com\/blog\/#\/schema\/person\/34af08dff6adea4cb22b06612ba7acfa\"},\"headline\":\"Opini\u00e3o \u2013 Investimentos em ferrovias e o desenvolvimento regional do Brasil\",\"datePublished\":\"2024-11-08T18:30:00+00:00\",\"mainEntityOfPage\":{\"@id\":\"https:\/\/agenciainfra.com\/blog\/opiniao-investimentos-em-ferrovias-e-o-desenvolvimento-regional-do-brasil\/\"},\"wordCount\":1043,\"publisher\":{\"@id\":\"https:\/\/agenciainfra.com\/blog\/#organization\"},\"image\":{\"@id\":\"https:\/\/agenciainfra.com\/blog\/opiniao-investimentos-em-ferrovias-e-o-desenvolvimento-regional-do-brasil\/#primaryimage\"},\"thumbnailUrl\":\"https:\/\/agenciainfra.com\/blog\/wp-content\/uploads\/2024\/11\/edgard-porto-foto-opiniao-1.jpg\",\"keywords\":[\"edgard porto\",\"FICO\",\"FIOL\",\"FNC\",\"Investimentos em Ferrovias\",\"opini\u00e3o\",\"transporte de cargas\"],\"articleSection\":[\"Destaque lista\",\"Geral\",\"iNFRATransporte\",\"Opini\u00e3o\"],\"inLanguage\":\"pt-BR\",\"copyrightYear\":\"2024\",\"copyrightHolder\":{\"@id\":\"https:\/\/agenciainfra.com\/blog\/#organization\"}},{\"@type\":\"WebPage\",\"@id\":\"https:\/\/agenciainfra.com\/blog\/opiniao-investimentos-em-ferrovias-e-o-desenvolvimento-regional-do-brasil\/\",\"url\":\"https:\/\/agenciainfra.com\/blog\/opiniao-investimentos-em-ferrovias-e-o-desenvolvimento-regional-do-brasil\/\",\"name\":\"Opini\u00e3o \u2013 Investimentos em ferrovias e o desenvolvimento regional do Brasil - Ag\u00eancia iNFRA\",\"isPartOf\":{\"@id\":\"https:\/\/agenciainfra.com\/blog\/#website\"},\"primaryImageOfPage\":{\"@id\":\"https:\/\/agenciainfra.com\/blog\/opiniao-investimentos-em-ferrovias-e-o-desenvolvimento-regional-do-brasil\/#primaryimage\"},\"image\":{\"@id\":\"https:\/\/agenciainfra.com\/blog\/opiniao-investimentos-em-ferrovias-e-o-desenvolvimento-regional-do-brasil\/#primaryimage\"},\"thumbnailUrl\":\"https:\/\/agenciainfra.com\/blog\/wp-content\/uploads\/2024\/11\/edgard-porto-foto-opiniao-1.jpg\",\"datePublished\":\"2024-11-08T18:30:00+00:00\",\"breadcrumb\":{\"@id\":\"https:\/\/agenciainfra.com\/blog\/opiniao-investimentos-em-ferrovias-e-o-desenvolvimento-regional-do-brasil\/#breadcrumb\"},\"inLanguage\":\"pt-BR\",\"potentialAction\":[{\"@type\":\"ReadAction\",\"target\":[\"https:\/\/agenciainfra.com\/blog\/opiniao-investimentos-em-ferrovias-e-o-desenvolvimento-regional-do-brasil\/\"]}]},{\"@type\":\"ImageObject\",\"inLanguage\":\"pt-BR\",\"@id\":\"https:\/\/agenciainfra.com\/blog\/opiniao-investimentos-em-ferrovias-e-o-desenvolvimento-regional-do-brasil\/#primaryimage\",\"url\":\"https:\/\/agenciainfra.com\/blog\/wp-content\/uploads\/2024\/11\/edgard-porto-foto-opiniao-1.jpg\",\"contentUrl\":\"https:\/\/agenciainfra.com\/blog\/wp-content\/uploads\/2024\/11\/edgard-porto-foto-opiniao-1.jpg\",\"width\":1065,\"height\":800},{\"@type\":\"BreadcrumbList\",\"@id\":\"https:\/\/agenciainfra.com\/blog\/opiniao-investimentos-em-ferrovias-e-o-desenvolvimento-regional-do-brasil\/#breadcrumb\",\"itemListElement\":[{\"@type\":\"ListItem\",\"position\":1,\"name\":\"In\u00edcio\",\"item\":\"https:\/\/agenciainfra.com\/blog\/\"},{\"@type\":\"ListItem\",\"position\":2,\"name\":\"Opini\u00e3o \u2013 Investimentos em ferrovias e o desenvolvimento regional do Brasil\"}]},{\"@type\":\"WebSite\",\"@id\":\"https:\/\/agenciainfra.com\/blog\/#website\",\"url\":\"https:\/\/agenciainfra.com\/blog\/\",\"name\":\"Ag\u00eancia iNFRA\",\"description\":\"Multiplataforma de informa\u00e7\u00e3o jornal\u00edstica refer\u00eancia na \u00e1rea de infraestrutura no Brasil!\",\"publisher\":{\"@id\":\"https:\/\/agenciainfra.com\/blog\/#organization\"},\"potentialAction\":[{\"@type\":\"SearchAction\",\"target\":{\"@type\":\"EntryPoint\",\"urlTemplate\":\"https:\/\/agenciainfra.com\/blog\/?s={search_term_string}\"},\"query-input\":{\"@type\":\"PropertyValueSpecification\",\"valueRequired\":true,\"valueName\":\"search_term_string\"}}],\"inLanguage\":\"pt-BR\"},{\"@type\":\"Organization\",\"@id\":\"https:\/\/agenciainfra.com\/blog\/#organization\",\"name\":\"Ag\u00eancia iNFRA\",\"url\":\"https:\/\/agenciainfra.com\/blog\/\",\"logo\":{\"@type\":\"ImageObject\",\"inLanguage\":\"pt-BR\",\"@id\":\"https:\/\/agenciainfra.com\/blog\/#\/schema\/logo\/image\/\",\"url\":\"https:\/\/agenciainfra.com\/blog\/wp-content\/uploads\/2023\/09\/iNFRA_5-e1761735885940.png\",\"contentUrl\":\"https:\/\/agenciainfra.com\/blog\/wp-content\/uploads\/2023\/09\/iNFRA_5-e1761735885940.png\",\"width\":1672,\"height\":454,\"caption\":\"Ag\u00eancia iNFRA\"},\"image\":{\"@id\":\"https:\/\/agenciainfra.com\/blog\/#\/schema\/logo\/image\/\"},\"sameAs\":[\"https:\/\/www.facebook.com\/ageninfra\",\"https:\/\/x.com\/agencia_infra\",\"https:\/\/www.linkedin.com\/company\/ag\u00eanciainfra\/\",\"https:\/\/www.instagram.com\/agenciainfra\/\"]},{\"@type\":\"Person\",\"@id\":\"https:\/\/agenciainfra.com\/blog\/#\/schema\/person\/34af08dff6adea4cb22b06612ba7acfa\",\"name\":\"Ag\u00eancia iNFRA\",\"image\":{\"@type\":\"ImageObject\",\"inLanguage\":\"pt-BR\",\"@id\":\"https:\/\/agenciainfra.com\/blog\/#\/schema\/person\/image\/\",\"url\":\"https:\/\/secure.gravatar.com\/avatar\/d189e01678f06d8eb84d4e01f08eb848b3fffe3f8443818d3c356c66892f5be8?s=96&d=mm&r=g\",\"contentUrl\":\"https:\/\/secure.gravatar.com\/avatar\/d189e01678f06d8eb84d4e01f08eb848b3fffe3f8443818d3c356c66892f5be8?s=96&d=mm&r=g\",\"caption\":\"Ag\u00eancia iNFRA\"},\"url\":\"https:\/\/agenciainfra.com\/blog\/author\/admin\/\"}]}<\/script>\n<!-- \/ Yoast SEO Premium plugin. -->","yoast_head_json":{"title":"Opini\u00e3o \u2013 Investimentos em ferrovias e o desenvolvimento regional do Brasil - Ag\u00eancia iNFRA","robots":{"index":"index","follow":"follow","max-snippet":"max-snippet:-1","max-image-preview":"max-image-preview:large","max-video-preview":"max-video-preview:-1"},"canonical":"https:\/\/agenciainfra.com\/blog\/opiniao-investimentos-em-ferrovias-e-o-desenvolvimento-regional-do-brasil\/","og_locale":"pt_BR","og_type":"article","og_title":"Opini\u00e3o \u2013 Investimentos em ferrovias e o desenvolvimento regional do Brasil","og_description":"Edgard Porto* Os investimentos em ferrovias t\u00eam um potencial significativo para o desenvolvimento regional, oferecendo uma solu\u00e7\u00e3o estrat\u00e9gica para reduzir as desigualdades entre as diferentes regi\u00f5es do Brasil. Em 2002, o Nordeste representava 13,08% do PIB brasileiro e, passados 20 anos, evoluiu para apenas para 13,7%. Historicamente, a falta de infraestrutura eficiente tem dificultado a [&hellip;]","og_url":"https:\/\/agenciainfra.com\/blog\/opiniao-investimentos-em-ferrovias-e-o-desenvolvimento-regional-do-brasil\/","og_site_name":"Ag\u00eancia iNFRA","article_publisher":"https:\/\/www.facebook.com\/ageninfra","article_published_time":"2024-11-08T18:30:00+00:00","og_image":[{"width":1065,"height":800,"url":"https:\/\/agenciainfra.com\/blog\/wp-content\/uploads\/2024\/11\/edgard-porto-foto-opiniao-1.jpg","type":"image\/jpeg"}],"author":"Ag\u00eancia iNFRA","twitter_card":"summary_large_image","twitter_creator":"@agencia_infra","twitter_site":"@agencia_infra","twitter_misc":{"Escrito por":"Ag\u00eancia iNFRA","Est. tempo de leitura":"5 minutos"},"schema":{"@context":"https:\/\/schema.org","@graph":[{"@type":"Article","@id":"https:\/\/agenciainfra.com\/blog\/opiniao-investimentos-em-ferrovias-e-o-desenvolvimento-regional-do-brasil\/#article","isPartOf":{"@id":"https:\/\/agenciainfra.com\/blog\/opiniao-investimentos-em-ferrovias-e-o-desenvolvimento-regional-do-brasil\/"},"author":{"name":"Ag\u00eancia iNFRA","@id":"https:\/\/agenciainfra.com\/blog\/#\/schema\/person\/34af08dff6adea4cb22b06612ba7acfa"},"headline":"Opini\u00e3o \u2013 Investimentos em ferrovias e o desenvolvimento regional do Brasil","datePublished":"2024-11-08T18:30:00+00:00","mainEntityOfPage":{"@id":"https:\/\/agenciainfra.com\/blog\/opiniao-investimentos-em-ferrovias-e-o-desenvolvimento-regional-do-brasil\/"},"wordCount":1043,"publisher":{"@id":"https:\/\/agenciainfra.com\/blog\/#organization"},"image":{"@id":"https:\/\/agenciainfra.com\/blog\/opiniao-investimentos-em-ferrovias-e-o-desenvolvimento-regional-do-brasil\/#primaryimage"},"thumbnailUrl":"https:\/\/agenciainfra.com\/blog\/wp-content\/uploads\/2024\/11\/edgard-porto-foto-opiniao-1.jpg","keywords":["edgard porto","FICO","FIOL","FNC","Investimentos em Ferrovias","opini\u00e3o","transporte de cargas"],"articleSection":["Destaque lista","Geral","iNFRATransporte","Opini\u00e3o"],"inLanguage":"pt-BR","copyrightYear":"2024","copyrightHolder":{"@id":"https:\/\/agenciainfra.com\/blog\/#organization"}},{"@type":"WebPage","@id":"https:\/\/agenciainfra.com\/blog\/opiniao-investimentos-em-ferrovias-e-o-desenvolvimento-regional-do-brasil\/","url":"https:\/\/agenciainfra.com\/blog\/opiniao-investimentos-em-ferrovias-e-o-desenvolvimento-regional-do-brasil\/","name":"Opini\u00e3o \u2013 Investimentos em ferrovias e o desenvolvimento regional do Brasil - Ag\u00eancia iNFRA","isPartOf":{"@id":"https:\/\/agenciainfra.com\/blog\/#website"},"primaryImageOfPage":{"@id":"https:\/\/agenciainfra.com\/blog\/opiniao-investimentos-em-ferrovias-e-o-desenvolvimento-regional-do-brasil\/#primaryimage"},"image":{"@id":"https:\/\/agenciainfra.com\/blog\/opiniao-investimentos-em-ferrovias-e-o-desenvolvimento-regional-do-brasil\/#primaryimage"},"thumbnailUrl":"https:\/\/agenciainfra.com\/blog\/wp-content\/uploads\/2024\/11\/edgard-porto-foto-opiniao-1.jpg","datePublished":"2024-11-08T18:30:00+00:00","breadcrumb":{"@id":"https:\/\/agenciainfra.com\/blog\/opiniao-investimentos-em-ferrovias-e-o-desenvolvimento-regional-do-brasil\/#breadcrumb"},"inLanguage":"pt-BR","potentialAction":[{"@type":"ReadAction","target":["https:\/\/agenciainfra.com\/blog\/opiniao-investimentos-em-ferrovias-e-o-desenvolvimento-regional-do-brasil\/"]}]},{"@type":"ImageObject","inLanguage":"pt-BR","@id":"https:\/\/agenciainfra.com\/blog\/opiniao-investimentos-em-ferrovias-e-o-desenvolvimento-regional-do-brasil\/#primaryimage","url":"https:\/\/agenciainfra.com\/blog\/wp-content\/uploads\/2024\/11\/edgard-porto-foto-opiniao-1.jpg","contentUrl":"https:\/\/agenciainfra.com\/blog\/wp-content\/uploads\/2024\/11\/edgard-porto-foto-opiniao-1.jpg","width":1065,"height":800},{"@type":"BreadcrumbList","@id":"https:\/\/agenciainfra.com\/blog\/opiniao-investimentos-em-ferrovias-e-o-desenvolvimento-regional-do-brasil\/#breadcrumb","itemListElement":[{"@type":"ListItem","position":1,"name":"In\u00edcio","item":"https:\/\/agenciainfra.com\/blog\/"},{"@type":"ListItem","position":2,"name":"Opini\u00e3o \u2013 Investimentos em ferrovias e o desenvolvimento regional do Brasil"}]},{"@type":"WebSite","@id":"https:\/\/agenciainfra.com\/blog\/#website","url":"https:\/\/agenciainfra.com\/blog\/","name":"Ag\u00eancia iNFRA","description":"Multiplataforma de informa\u00e7\u00e3o jornal\u00edstica refer\u00eancia na \u00e1rea de infraestrutura no Brasil!","publisher":{"@id":"https:\/\/agenciainfra.com\/blog\/#organization"},"potentialAction":[{"@type":"SearchAction","target":{"@type":"EntryPoint","urlTemplate":"https:\/\/agenciainfra.com\/blog\/?s={search_term_string}"},"query-input":{"@type":"PropertyValueSpecification","valueRequired":true,"valueName":"search_term_string"}}],"inLanguage":"pt-BR"},{"@type":"Organization","@id":"https:\/\/agenciainfra.com\/blog\/#organization","name":"Ag\u00eancia iNFRA","url":"https:\/\/agenciainfra.com\/blog\/","logo":{"@type":"ImageObject","inLanguage":"pt-BR","@id":"https:\/\/agenciainfra.com\/blog\/#\/schema\/logo\/image\/","url":"https:\/\/agenciainfra.com\/blog\/wp-content\/uploads\/2023\/09\/iNFRA_5-e1761735885940.png","contentUrl":"https:\/\/agenciainfra.com\/blog\/wp-content\/uploads\/2023\/09\/iNFRA_5-e1761735885940.png","width":1672,"height":454,"caption":"Ag\u00eancia iNFRA"},"image":{"@id":"https:\/\/agenciainfra.com\/blog\/#\/schema\/logo\/image\/"},"sameAs":["https:\/\/www.facebook.com\/ageninfra","https:\/\/x.com\/agencia_infra","https:\/\/www.linkedin.com\/company\/ag\u00eanciainfra\/","https:\/\/www.instagram.com\/agenciainfra\/"]},{"@type":"Person","@id":"https:\/\/agenciainfra.com\/blog\/#\/schema\/person\/34af08dff6adea4cb22b06612ba7acfa","name":"Ag\u00eancia iNFRA","image":{"@type":"ImageObject","inLanguage":"pt-BR","@id":"https:\/\/agenciainfra.com\/blog\/#\/schema\/person\/image\/","url":"https:\/\/secure.gravatar.com\/avatar\/d189e01678f06d8eb84d4e01f08eb848b3fffe3f8443818d3c356c66892f5be8?s=96&d=mm&r=g","contentUrl":"https:\/\/secure.gravatar.com\/avatar\/d189e01678f06d8eb84d4e01f08eb848b3fffe3f8443818d3c356c66892f5be8?s=96&d=mm&r=g","caption":"Ag\u00eancia iNFRA"},"url":"https:\/\/agenciainfra.com\/blog\/author\/admin\/"}]}},"_links":{"self":[{"href":"https:\/\/agenciainfra.com\/blog\/wp-json\/wp\/v2\/posts\/19049","targetHints":{"allow":["GET"]}}],"collection":[{"href":"https:\/\/agenciainfra.com\/blog\/wp-json\/wp\/v2\/posts"}],"about":[{"href":"https:\/\/agenciainfra.com\/blog\/wp-json\/wp\/v2\/types\/post"}],"author":[{"embeddable":true,"href":"https:\/\/agenciainfra.com\/blog\/wp-json\/wp\/v2\/users\/1"}],"replies":[{"embeddable":true,"href":"https:\/\/agenciainfra.com\/blog\/wp-json\/wp\/v2\/comments?post=19049"}],"version-history":[{"count":2,"href":"https:\/\/agenciainfra.com\/blog\/wp-json\/wp\/v2\/posts\/19049\/revisions"}],"predecessor-version":[{"id":19070,"href":"https:\/\/agenciainfra.com\/blog\/wp-json\/wp\/v2\/posts\/19049\/revisions\/19070"}],"wp:featuredmedia":[{"embeddable":true,"href":"https:\/\/agenciainfra.com\/blog\/wp-json\/wp\/v2\/media\/19051"}],"wp:attachment":[{"href":"https:\/\/agenciainfra.com\/blog\/wp-json\/wp\/v2\/media?parent=19049"}],"wp:term":[{"taxonomy":"category","embeddable":true,"href":"https:\/\/agenciainfra.com\/blog\/wp-json\/wp\/v2\/categories?post=19049"},{"taxonomy":"post_tag","embeddable":true,"href":"https:\/\/agenciainfra.com\/blog\/wp-json\/wp\/v2\/tags?post=19049"}],"curies":[{"name":"wp","href":"https:\/\/api.w.org\/{rel}","templated":true}]}}