{"id":19053,"date":"2024-11-09T10:00:00","date_gmt":"2024-11-09T13:00:00","guid":{"rendered":"https:\/\/agenciainfra.com\/blog\/?p=19053"},"modified":"2024-11-11T10:13:51","modified_gmt":"2024-11-11T13:13:51","slug":"divergencias-marcam-audiencia-publica-sobre-licitacao-do-terminal-sts08-no-porto-de-santos","status":"publish","type":"post","link":"https:\/\/agenciainfra.com\/blog\/divergencias-marcam-audiencia-publica-sobre-licitacao-do-terminal-sts08-no-porto-de-santos\/","title":{"rendered":"Diverg\u00eancias marcam audi\u00eancia p\u00fablica sobre licita\u00e7\u00e3o do terminal STS08, no Porto de Santos"},"content":{"rendered":"\n<p class=\"has-text-align-right\"><strong>Mar\u00edlia Sena, da Ag\u00eancia iNFRA<\/strong><\/p>\n\n\n\n<p>A APS (Autoridade Portu\u00e1ria de Santos) realizou, na \u00faltima quarta-feira (6), uma audi\u00eancia p\u00fablica para esclarecer d\u00favidas sobre a licita\u00e7\u00e3o do terminal STS08, que ser\u00e1 destinado \u00e0 movimenta\u00e7\u00e3o, armazenagem e distribui\u00e7\u00e3o de gran\u00e9is l\u00edquidos, com \u00eanfase em combust\u00edveis. Assista \u00e0 transmiss\u00e3o\u00a0<a href=\"https:\/\/agenciainfra.us14.list-manage.com\/track\/click?u=d460dd1bcf9ba0ae040e1fc0f&amp;id=01e5c20dd7&amp;e=55b7a27fc9\" target=\"_blank\" rel=\"noreferrer noopener\">neste link<\/a>.<\/p>\n\n\n\n<p>No encontro, foram apresentadas diversas diverg\u00eancias, como cr\u00edticas ao momento e formato da licita\u00e7\u00e3o, al\u00e9m de sugest\u00f5es de que o processo fosse adiado at\u00e9 que problemas estruturais cr\u00edticos do porto, como a amplia\u00e7\u00e3o dos ber\u00e7os de atraca\u00e7\u00e3o, fossem resolvidos. O setor privado tamb\u00e9m reclamou da concentra\u00e7\u00e3o no leil\u00e3o para o novo terminal de l\u00edquidos no Porto de Santos (SP).<\/p>\n\n\n\n<p>Carlos Kopittke, presidente da ABTL (Associa\u00e7\u00e3o Brasileira de Terminais L\u00edquidos), questionou a adequa\u00e7\u00e3o do processo, destacando que a licita\u00e7\u00e3o poderia ser adiada at\u00e9 que gargalos cr\u00edticos de infraestrutura no Porto de Santos fossem resolvidos. \u201cA ABTL n\u00e3o \u00e9 contra o processo de licita\u00e7\u00e3o, mas acredita que o momento e o formato proposto n\u00e3o s\u00e3o os mais adequados. N\u00e3o seria mais sensato resolver os problemas de infraestrutura antes de expandir a capacidade do terminal?\u201d, argumentou Kopittke.<\/p>\n\n\n\n<p>Ele tamb\u00e9m observou que o projeto atual n\u00e3o exige nenhuma contrapartida do vencedor em termos de melhorias na infraestrutura do terminal STS08, como amplia\u00e7\u00e3o dos ber\u00e7os de atraca\u00e7\u00e3o. &#8220;O novo operador ser\u00e1 incumbido apenas de investir na capacidade de movimenta\u00e7\u00e3o, sem qualquer obriga\u00e7\u00e3o de modernizar a infraestrutura existente&#8221;, afirmou.<\/p>\n\n\n\n<p><strong>Risco de concentra\u00e7\u00e3o<\/strong><br>Outro ponto levantado foi a concentra\u00e7\u00e3o de mercado. Fabrizio Pierdomenico, ex-secret\u00e1rio nacional de Portos e Transportes Aquavi\u00e1rios e representante da consultoria Ag\u00eancia Porto, alertou para o risco de concentra\u00e7\u00e3o no setor, citando o caso do STS13A.<\/p>\n\n\n\n<p>&#8220;Acreditamos que esse problema n\u00e3o foi adequadamente abordado nos documentos. Sugerimos que a quest\u00e3o seja tratada, incluindo um crit\u00e9rio de participa\u00e7\u00e3o de mercado de pelo menos 30%, conforme recomendado pelos estudos do Cade [Conselho Administrativo de Defesa Econ\u00f4mica], para garantir uma competi\u00e7\u00e3o saud\u00e1vel e evitar pr\u00e1ticas predat\u00f3rias&#8221;, sugeriu Pierdomenico.<\/p>\n\n\n\n<p>A Petrobras tamb\u00e9m se manifestou sobre a licita\u00e7\u00e3o, com Roberto David, gerente-executivo de Desenvolvimento, Neg\u00f3cios e Log\u00edstica da empresa, destacando a import\u00e2ncia de alinhar os investimentos da companhia com o cronograma do leil\u00e3o. David enfatizou a necessidade de concluir os ber\u00e7os na \u00e1rea STS08 at\u00e9 2031 para evitar congestionamentos nas opera\u00e7\u00f5es. &#8220;Os ber\u00e7os 01 e 02 j\u00e1 est\u00e3o com 100% de ocupa\u00e7\u00e3o, gerando uma fila de navios. A conclus\u00e3o das obras na \u00e1rea 08 ajudar\u00e1 a aliviar essa sobrecarga&#8221;, explicou.<\/p>\n\n\n\n<p>Para a Petrobras, a amplia\u00e7\u00e3o do terminal \u00e9 essencial n\u00e3o s\u00f3 para a empresa, mas tamb\u00e9m para o funcionamento mais eficiente do Porto de Santos, que \u00e9 um dos principais terminais do Brasil.<\/p>\n\n\n\n<p><strong>Livre concorr\u00eancia<\/strong><br>Em resposta \u00e0s contribui\u00e7\u00f5es recebidas, o diretor de Desenvolvimento e Neg\u00f3cios da APS, Gustavo Salvador Pereira, garantiu que todas as sugest\u00f5es ser\u00e3o levadas em conta na elabora\u00e7\u00e3o final do projeto. Ele tamb\u00e9m afirmou que a Autoridade Portu\u00e1ria est\u00e1 atenta \u00e0 expans\u00e3o dos ber\u00e7os e \u00e0 melhoria da infraestrutura terrestre do porto.<\/p>\n\n\n\n<p>Al\u00e9m disso, Pereira destacou que ser\u00e3o adotados crit\u00e9rios mais rigorosos na habilita\u00e7\u00e3o das empresas para evitar a presen\u00e7a do crime organizado no terminal. &#8220;Queremos garantir que apenas empresas s\u00f3lidas e reconhecidas no mercado operem no Porto de Santos&#8221;, afirmou.<\/p>\n\n\n\n<p>O presidente da APS, Anderson Pomini, refor\u00e7ou a import\u00e2ncia da licita\u00e7\u00e3o para atender ao aumento da demanda por combust\u00edveis nas regi\u00f5es Sudeste, Sul e Centro-Oeste do Brasil, al\u00e9m de pa\u00edses vizinhos como Bol\u00edvia, Paraguai e Chile. &#8220;A licita\u00e7\u00e3o tamb\u00e9m promover\u00e1 a livre concorr\u00eancia, o que ajudar\u00e1 a reduzir a concentra\u00e7\u00e3o no setor&#8221;, explicou Pomini.<\/p>\n\n\n\n<p>A licita\u00e7\u00e3o j\u00e1 foi aprovada pela ANTAQ (Ag\u00eancia Nacional de Transportes Aquavi\u00e1rios), e a APS tentou leiloar o terminal em novembro de 2021, mas o processo foi deserto. A expectativa \u00e9 que o investimento no terminal ultrapasse os R$ 400 milh\u00f5es.<\/p>\n\n\n\n<p>A popula\u00e7\u00e3o poder\u00e1 enviar questionamentos e sugest\u00f5es at\u00e9 \u00e0s 23h59 do dia 29 de novembro por meio da plataforma &#8220;Participa + Brasil&#8221;.<\/p>\n","protected":false},"excerpt":{"rendered":"<p>Mar\u00edlia Sena, da Ag\u00eancia iNFRA A APS (Autoridade Portu\u00e1ria de Santos) realizou, na \u00faltima quarta-feira (6), uma audi\u00eancia p\u00fablica para esclarecer d\u00favidas sobre a licita\u00e7\u00e3o do terminal STS08, que ser\u00e1 destinado \u00e0 movimenta\u00e7\u00e3o, armazenagem e distribui\u00e7\u00e3o de gran\u00e9is l\u00edquidos, com \u00eanfase em combust\u00edveis. Assista \u00e0 transmiss\u00e3o\u00a0neste link. No encontro, foram apresentadas diversas diverg\u00eancias, como cr\u00edticas [&hellip;]<\/p>\n","protected":false},"author":1,"featured_media":8912,"comment_status":"closed","ping_status":"closed","sticky":false,"template":"","format":"standard","meta":{"_monsterinsights_skip_tracking":false,"_monsterinsights_sitenote_active":false,"_monsterinsights_sitenote_note":"","_monsterinsights_sitenote_category":0,"footnotes":""},"categories":[7250,1,7],"tags":[5377,86,6854,9467,3020,4918,371,4754,11654,260,310,2299,11690],"class_list":["post-19053","post","type-post","status-publish","format-standard","has-post-thumbnail","hentry","category-destaque-lista","category-geral","category-infratransporte","tag-abtl","tag-antaq","tag-aps","tag-arrendamento-portuario","tag-audiencia-publica","tag-autoridade-portuaria-de-santos","tag-cade","tag-leilao-portuario","tag-marilia-sena","tag-porto-de-santos","tag-portos","tag-sts08","tag-sts13a"],"yoast_head":"<!-- This site is optimized with the Yoast SEO Premium plugin v25.4 (Yoast SEO v26.0) - https:\/\/yoast.com\/wordpress\/plugins\/seo\/ -->\n<title>Diverg\u00eancias marcam audi\u00eancia p\u00fablica sobre licita\u00e7\u00e3o do terminal STS08, no Porto de Santos - Ag\u00eancia iNFRA<\/title>\n<meta name=\"robots\" content=\"index, follow, max-snippet:-1, max-image-preview:large, max-video-preview:-1\" \/>\n<link rel=\"canonical\" href=\"https:\/\/agenciainfra.com\/blog\/divergencias-marcam-audiencia-publica-sobre-licitacao-do-terminal-sts08-no-porto-de-santos\/\" \/>\n<meta property=\"og:locale\" content=\"pt_BR\" \/>\n<meta property=\"og:type\" content=\"article\" \/>\n<meta property=\"og:title\" content=\"Diverg\u00eancias marcam audi\u00eancia p\u00fablica sobre licita\u00e7\u00e3o do terminal STS08, no Porto de Santos\" \/>\n<meta property=\"og:description\" content=\"Mar\u00edlia Sena, da Ag\u00eancia iNFRA A APS (Autoridade Portu\u00e1ria de Santos) realizou, na \u00faltima quarta-feira (6), uma audi\u00eancia p\u00fablica para esclarecer d\u00favidas sobre a licita\u00e7\u00e3o do terminal STS08, que ser\u00e1 destinado \u00e0 movimenta\u00e7\u00e3o, armazenagem e distribui\u00e7\u00e3o de gran\u00e9is l\u00edquidos, com \u00eanfase em combust\u00edveis. Assista \u00e0 transmiss\u00e3o\u00a0neste link. No encontro, foram apresentadas diversas diverg\u00eancias, como cr\u00edticas [&hellip;]\" \/>\n<meta property=\"og:url\" content=\"https:\/\/agenciainfra.com\/blog\/divergencias-marcam-audiencia-publica-sobre-licitacao-do-terminal-sts08-no-porto-de-santos\/\" \/>\n<meta property=\"og:site_name\" content=\"Ag\u00eancia iNFRA\" \/>\n<meta property=\"article:publisher\" content=\"https:\/\/www.facebook.com\/ageninfra\" \/>\n<meta property=\"article:published_time\" content=\"2024-11-09T13:00:00+00:00\" \/>\n<meta property=\"article:modified_time\" content=\"2024-11-11T13:13:51+00:00\" \/>\n<meta property=\"og:image\" content=\"https:\/\/agenciainfra.com\/blog\/wp-content\/uploads\/2021\/11\/porto-de-santos-foto-codesp-1024x683.jpg\" \/>\n\t<meta property=\"og:image:width\" content=\"1024\" \/>\n\t<meta property=\"og:image:height\" content=\"683\" \/>\n\t<meta property=\"og:image:type\" content=\"image\/jpeg\" \/>\n<meta name=\"author\" content=\"Ag\u00eancia iNFRA\" \/>\n<meta name=\"twitter:card\" content=\"summary_large_image\" \/>\n<meta name=\"twitter:creator\" content=\"@agencia_infra\" \/>\n<meta name=\"twitter:site\" content=\"@agencia_infra\" \/>\n<meta name=\"twitter:label1\" content=\"Escrito por\" \/>\n\t<meta name=\"twitter:data1\" content=\"Ag\u00eancia iNFRA\" \/>\n\t<meta name=\"twitter:label2\" content=\"Est. tempo de leitura\" \/>\n\t<meta name=\"twitter:data2\" content=\"4 minutos\" \/>\n<script type=\"application\/ld+json\" class=\"yoast-schema-graph\">{\"@context\":\"https:\/\/schema.org\",\"@graph\":[{\"@type\":\"Article\",\"@id\":\"https:\/\/agenciainfra.com\/blog\/divergencias-marcam-audiencia-publica-sobre-licitacao-do-terminal-sts08-no-porto-de-santos\/#article\",\"isPartOf\":{\"@id\":\"https:\/\/agenciainfra.com\/blog\/divergencias-marcam-audiencia-publica-sobre-licitacao-do-terminal-sts08-no-porto-de-santos\/\"},\"author\":{\"name\":\"Ag\u00eancia iNFRA\",\"@id\":\"https:\/\/agenciainfra.com\/blog\/#\/schema\/person\/34af08dff6adea4cb22b06612ba7acfa\"},\"headline\":\"Diverg\u00eancias marcam audi\u00eancia p\u00fablica sobre licita\u00e7\u00e3o do terminal STS08, no Porto de Santos\",\"datePublished\":\"2024-11-09T13:00:00+00:00\",\"dateModified\":\"2024-11-11T13:13:51+00:00\",\"mainEntityOfPage\":{\"@id\":\"https:\/\/agenciainfra.com\/blog\/divergencias-marcam-audiencia-publica-sobre-licitacao-do-terminal-sts08-no-porto-de-santos\/\"},\"wordCount\":747,\"publisher\":{\"@id\":\"https:\/\/agenciainfra.com\/blog\/#organization\"},\"image\":{\"@id\":\"https:\/\/agenciainfra.com\/blog\/divergencias-marcam-audiencia-publica-sobre-licitacao-do-terminal-sts08-no-porto-de-santos\/#primaryimage\"},\"thumbnailUrl\":\"https:\/\/agenciainfra.com\/blog\/wp-content\/uploads\/2021\/11\/porto-de-santos-foto-codesp.jpg\",\"keywords\":[\"ABTL\",\"ANTAQ\",\"APS\",\"arrendamento portu\u00e1rio\",\"audi\u00eancia p\u00fablica\",\"Autoridade Portu\u00e1ria de Santos\",\"Cade\",\"leil\u00e3o portu\u00e1rio\",\"Mar\u00edlia Sena\",\"Porto de Santos\",\"portos\",\"STS08\",\"sts13a\"],\"articleSection\":[\"Destaque lista\",\"Geral\",\"iNFRATransporte\"],\"inLanguage\":\"pt-BR\",\"copyrightYear\":\"2024\",\"copyrightHolder\":{\"@id\":\"https:\/\/agenciainfra.com\/blog\/#organization\"}},{\"@type\":\"WebPage\",\"@id\":\"https:\/\/agenciainfra.com\/blog\/divergencias-marcam-audiencia-publica-sobre-licitacao-do-terminal-sts08-no-porto-de-santos\/\",\"url\":\"https:\/\/agenciainfra.com\/blog\/divergencias-marcam-audiencia-publica-sobre-licitacao-do-terminal-sts08-no-porto-de-santos\/\",\"name\":\"Diverg\u00eancias marcam audi\u00eancia p\u00fablica sobre licita\u00e7\u00e3o do terminal STS08, no Porto de Santos - Ag\u00eancia iNFRA\",\"isPartOf\":{\"@id\":\"https:\/\/agenciainfra.com\/blog\/#website\"},\"primaryImageOfPage\":{\"@id\":\"https:\/\/agenciainfra.com\/blog\/divergencias-marcam-audiencia-publica-sobre-licitacao-do-terminal-sts08-no-porto-de-santos\/#primaryimage\"},\"image\":{\"@id\":\"https:\/\/agenciainfra.com\/blog\/divergencias-marcam-audiencia-publica-sobre-licitacao-do-terminal-sts08-no-porto-de-santos\/#primaryimage\"},\"thumbnailUrl\":\"https:\/\/agenciainfra.com\/blog\/wp-content\/uploads\/2021\/11\/porto-de-santos-foto-codesp.jpg\",\"datePublished\":\"2024-11-09T13:00:00+00:00\",\"dateModified\":\"2024-11-11T13:13:51+00:00\",\"breadcrumb\":{\"@id\":\"https:\/\/agenciainfra.com\/blog\/divergencias-marcam-audiencia-publica-sobre-licitacao-do-terminal-sts08-no-porto-de-santos\/#breadcrumb\"},\"inLanguage\":\"pt-BR\",\"potentialAction\":[{\"@type\":\"ReadAction\",\"target\":[\"https:\/\/agenciainfra.com\/blog\/divergencias-marcam-audiencia-publica-sobre-licitacao-do-terminal-sts08-no-porto-de-santos\/\"]}]},{\"@type\":\"ImageObject\",\"inLanguage\":\"pt-BR\",\"@id\":\"https:\/\/agenciainfra.com\/blog\/divergencias-marcam-audiencia-publica-sobre-licitacao-do-terminal-sts08-no-porto-de-santos\/#primaryimage\",\"url\":\"https:\/\/agenciainfra.com\/blog\/wp-content\/uploads\/2021\/11\/porto-de-santos-foto-codesp.jpg\",\"contentUrl\":\"https:\/\/agenciainfra.com\/blog\/wp-content\/uploads\/2021\/11\/porto-de-santos-foto-codesp.jpg\",\"width\":2126,\"height\":1417},{\"@type\":\"BreadcrumbList\",\"@id\":\"https:\/\/agenciainfra.com\/blog\/divergencias-marcam-audiencia-publica-sobre-licitacao-do-terminal-sts08-no-porto-de-santos\/#breadcrumb\",\"itemListElement\":[{\"@type\":\"ListItem\",\"position\":1,\"name\":\"In\u00edcio\",\"item\":\"https:\/\/agenciainfra.com\/blog\/\"},{\"@type\":\"ListItem\",\"position\":2,\"name\":\"Diverg\u00eancias marcam audi\u00eancia p\u00fablica sobre licita\u00e7\u00e3o do terminal STS08, no Porto de Santos\"}]},{\"@type\":\"WebSite\",\"@id\":\"https:\/\/agenciainfra.com\/blog\/#website\",\"url\":\"https:\/\/agenciainfra.com\/blog\/\",\"name\":\"Ag\u00eancia iNFRA\",\"description\":\"Multiplataforma de informa\u00e7\u00e3o jornal\u00edstica refer\u00eancia na \u00e1rea de infraestrutura no Brasil!\",\"publisher\":{\"@id\":\"https:\/\/agenciainfra.com\/blog\/#organization\"},\"potentialAction\":[{\"@type\":\"SearchAction\",\"target\":{\"@type\":\"EntryPoint\",\"urlTemplate\":\"https:\/\/agenciainfra.com\/blog\/?s={search_term_string}\"},\"query-input\":{\"@type\":\"PropertyValueSpecification\",\"valueRequired\":true,\"valueName\":\"search_term_string\"}}],\"inLanguage\":\"pt-BR\"},{\"@type\":\"Organization\",\"@id\":\"https:\/\/agenciainfra.com\/blog\/#organization\",\"name\":\"Ag\u00eancia iNFRA\",\"url\":\"https:\/\/agenciainfra.com\/blog\/\",\"logo\":{\"@type\":\"ImageObject\",\"inLanguage\":\"pt-BR\",\"@id\":\"https:\/\/agenciainfra.com\/blog\/#\/schema\/logo\/image\/\",\"url\":\"https:\/\/agenciainfra.com\/blog\/wp-content\/uploads\/2023\/09\/iNFRA_5-e1761735885940.png\",\"contentUrl\":\"https:\/\/agenciainfra.com\/blog\/wp-content\/uploads\/2023\/09\/iNFRA_5-e1761735885940.png\",\"width\":1672,\"height\":454,\"caption\":\"Ag\u00eancia iNFRA\"},\"image\":{\"@id\":\"https:\/\/agenciainfra.com\/blog\/#\/schema\/logo\/image\/\"},\"sameAs\":[\"https:\/\/www.facebook.com\/ageninfra\",\"https:\/\/x.com\/agencia_infra\",\"https:\/\/www.linkedin.com\/company\/ag\u00eanciainfra\/\",\"https:\/\/www.instagram.com\/agenciainfra\/\"]},{\"@type\":\"Person\",\"@id\":\"https:\/\/agenciainfra.com\/blog\/#\/schema\/person\/34af08dff6adea4cb22b06612ba7acfa\",\"name\":\"Ag\u00eancia iNFRA\",\"image\":{\"@type\":\"ImageObject\",\"inLanguage\":\"pt-BR\",\"@id\":\"https:\/\/agenciainfra.com\/blog\/#\/schema\/person\/image\/\",\"url\":\"https:\/\/secure.gravatar.com\/avatar\/d189e01678f06d8eb84d4e01f08eb848b3fffe3f8443818d3c356c66892f5be8?s=96&d=mm&r=g\",\"contentUrl\":\"https:\/\/secure.gravatar.com\/avatar\/d189e01678f06d8eb84d4e01f08eb848b3fffe3f8443818d3c356c66892f5be8?s=96&d=mm&r=g\",\"caption\":\"Ag\u00eancia iNFRA\"},\"url\":\"https:\/\/agenciainfra.com\/blog\/author\/admin\/\"}]}<\/script>\n<!-- \/ Yoast SEO Premium plugin. -->","yoast_head_json":{"title":"Diverg\u00eancias marcam audi\u00eancia p\u00fablica sobre licita\u00e7\u00e3o do terminal STS08, no Porto de Santos - Ag\u00eancia iNFRA","robots":{"index":"index","follow":"follow","max-snippet":"max-snippet:-1","max-image-preview":"max-image-preview:large","max-video-preview":"max-video-preview:-1"},"canonical":"https:\/\/agenciainfra.com\/blog\/divergencias-marcam-audiencia-publica-sobre-licitacao-do-terminal-sts08-no-porto-de-santos\/","og_locale":"pt_BR","og_type":"article","og_title":"Diverg\u00eancias marcam audi\u00eancia p\u00fablica sobre licita\u00e7\u00e3o do terminal STS08, no Porto de Santos","og_description":"Mar\u00edlia Sena, da Ag\u00eancia iNFRA A APS (Autoridade Portu\u00e1ria de Santos) realizou, na \u00faltima quarta-feira (6), uma audi\u00eancia p\u00fablica para esclarecer d\u00favidas sobre a licita\u00e7\u00e3o do terminal STS08, que ser\u00e1 destinado \u00e0 movimenta\u00e7\u00e3o, armazenagem e distribui\u00e7\u00e3o de gran\u00e9is l\u00edquidos, com \u00eanfase em combust\u00edveis. Assista \u00e0 transmiss\u00e3o\u00a0neste link. No encontro, foram apresentadas diversas diverg\u00eancias, como cr\u00edticas [&hellip;]","og_url":"https:\/\/agenciainfra.com\/blog\/divergencias-marcam-audiencia-publica-sobre-licitacao-do-terminal-sts08-no-porto-de-santos\/","og_site_name":"Ag\u00eancia iNFRA","article_publisher":"https:\/\/www.facebook.com\/ageninfra","article_published_time":"2024-11-09T13:00:00+00:00","article_modified_time":"2024-11-11T13:13:51+00:00","og_image":[{"width":1024,"height":683,"url":"https:\/\/agenciainfra.com\/blog\/wp-content\/uploads\/2021\/11\/porto-de-santos-foto-codesp-1024x683.jpg","type":"image\/jpeg"}],"author":"Ag\u00eancia iNFRA","twitter_card":"summary_large_image","twitter_creator":"@agencia_infra","twitter_site":"@agencia_infra","twitter_misc":{"Escrito por":"Ag\u00eancia iNFRA","Est. tempo de leitura":"4 minutos"},"schema":{"@context":"https:\/\/schema.org","@graph":[{"@type":"Article","@id":"https:\/\/agenciainfra.com\/blog\/divergencias-marcam-audiencia-publica-sobre-licitacao-do-terminal-sts08-no-porto-de-santos\/#article","isPartOf":{"@id":"https:\/\/agenciainfra.com\/blog\/divergencias-marcam-audiencia-publica-sobre-licitacao-do-terminal-sts08-no-porto-de-santos\/"},"author":{"name":"Ag\u00eancia iNFRA","@id":"https:\/\/agenciainfra.com\/blog\/#\/schema\/person\/34af08dff6adea4cb22b06612ba7acfa"},"headline":"Diverg\u00eancias marcam audi\u00eancia p\u00fablica sobre licita\u00e7\u00e3o do terminal STS08, no Porto de Santos","datePublished":"2024-11-09T13:00:00+00:00","dateModified":"2024-11-11T13:13:51+00:00","mainEntityOfPage":{"@id":"https:\/\/agenciainfra.com\/blog\/divergencias-marcam-audiencia-publica-sobre-licitacao-do-terminal-sts08-no-porto-de-santos\/"},"wordCount":747,"publisher":{"@id":"https:\/\/agenciainfra.com\/blog\/#organization"},"image":{"@id":"https:\/\/agenciainfra.com\/blog\/divergencias-marcam-audiencia-publica-sobre-licitacao-do-terminal-sts08-no-porto-de-santos\/#primaryimage"},"thumbnailUrl":"https:\/\/agenciainfra.com\/blog\/wp-content\/uploads\/2021\/11\/porto-de-santos-foto-codesp.jpg","keywords":["ABTL","ANTAQ","APS","arrendamento portu\u00e1rio","audi\u00eancia p\u00fablica","Autoridade Portu\u00e1ria de Santos","Cade","leil\u00e3o portu\u00e1rio","Mar\u00edlia Sena","Porto de Santos","portos","STS08","sts13a"],"articleSection":["Destaque lista","Geral","iNFRATransporte"],"inLanguage":"pt-BR","copyrightYear":"2024","copyrightHolder":{"@id":"https:\/\/agenciainfra.com\/blog\/#organization"}},{"@type":"WebPage","@id":"https:\/\/agenciainfra.com\/blog\/divergencias-marcam-audiencia-publica-sobre-licitacao-do-terminal-sts08-no-porto-de-santos\/","url":"https:\/\/agenciainfra.com\/blog\/divergencias-marcam-audiencia-publica-sobre-licitacao-do-terminal-sts08-no-porto-de-santos\/","name":"Diverg\u00eancias marcam audi\u00eancia p\u00fablica sobre licita\u00e7\u00e3o do terminal STS08, no Porto de Santos - Ag\u00eancia iNFRA","isPartOf":{"@id":"https:\/\/agenciainfra.com\/blog\/#website"},"primaryImageOfPage":{"@id":"https:\/\/agenciainfra.com\/blog\/divergencias-marcam-audiencia-publica-sobre-licitacao-do-terminal-sts08-no-porto-de-santos\/#primaryimage"},"image":{"@id":"https:\/\/agenciainfra.com\/blog\/divergencias-marcam-audiencia-publica-sobre-licitacao-do-terminal-sts08-no-porto-de-santos\/#primaryimage"},"thumbnailUrl":"https:\/\/agenciainfra.com\/blog\/wp-content\/uploads\/2021\/11\/porto-de-santos-foto-codesp.jpg","datePublished":"2024-11-09T13:00:00+00:00","dateModified":"2024-11-11T13:13:51+00:00","breadcrumb":{"@id":"https:\/\/agenciainfra.com\/blog\/divergencias-marcam-audiencia-publica-sobre-licitacao-do-terminal-sts08-no-porto-de-santos\/#breadcrumb"},"inLanguage":"pt-BR","potentialAction":[{"@type":"ReadAction","target":["https:\/\/agenciainfra.com\/blog\/divergencias-marcam-audiencia-publica-sobre-licitacao-do-terminal-sts08-no-porto-de-santos\/"]}]},{"@type":"ImageObject","inLanguage":"pt-BR","@id":"https:\/\/agenciainfra.com\/blog\/divergencias-marcam-audiencia-publica-sobre-licitacao-do-terminal-sts08-no-porto-de-santos\/#primaryimage","url":"https:\/\/agenciainfra.com\/blog\/wp-content\/uploads\/2021\/11\/porto-de-santos-foto-codesp.jpg","contentUrl":"https:\/\/agenciainfra.com\/blog\/wp-content\/uploads\/2021\/11\/porto-de-santos-foto-codesp.jpg","width":2126,"height":1417},{"@type":"BreadcrumbList","@id":"https:\/\/agenciainfra.com\/blog\/divergencias-marcam-audiencia-publica-sobre-licitacao-do-terminal-sts08-no-porto-de-santos\/#breadcrumb","itemListElement":[{"@type":"ListItem","position":1,"name":"In\u00edcio","item":"https:\/\/agenciainfra.com\/blog\/"},{"@type":"ListItem","position":2,"name":"Diverg\u00eancias marcam audi\u00eancia p\u00fablica sobre licita\u00e7\u00e3o do terminal STS08, no Porto de Santos"}]},{"@type":"WebSite","@id":"https:\/\/agenciainfra.com\/blog\/#website","url":"https:\/\/agenciainfra.com\/blog\/","name":"Ag\u00eancia iNFRA","description":"Multiplataforma de informa\u00e7\u00e3o jornal\u00edstica refer\u00eancia na \u00e1rea de infraestrutura no Brasil!","publisher":{"@id":"https:\/\/agenciainfra.com\/blog\/#organization"},"potentialAction":[{"@type":"SearchAction","target":{"@type":"EntryPoint","urlTemplate":"https:\/\/agenciainfra.com\/blog\/?s={search_term_string}"},"query-input":{"@type":"PropertyValueSpecification","valueRequired":true,"valueName":"search_term_string"}}],"inLanguage":"pt-BR"},{"@type":"Organization","@id":"https:\/\/agenciainfra.com\/blog\/#organization","name":"Ag\u00eancia iNFRA","url":"https:\/\/agenciainfra.com\/blog\/","logo":{"@type":"ImageObject","inLanguage":"pt-BR","@id":"https:\/\/agenciainfra.com\/blog\/#\/schema\/logo\/image\/","url":"https:\/\/agenciainfra.com\/blog\/wp-content\/uploads\/2023\/09\/iNFRA_5-e1761735885940.png","contentUrl":"https:\/\/agenciainfra.com\/blog\/wp-content\/uploads\/2023\/09\/iNFRA_5-e1761735885940.png","width":1672,"height":454,"caption":"Ag\u00eancia iNFRA"},"image":{"@id":"https:\/\/agenciainfra.com\/blog\/#\/schema\/logo\/image\/"},"sameAs":["https:\/\/www.facebook.com\/ageninfra","https:\/\/x.com\/agencia_infra","https:\/\/www.linkedin.com\/company\/ag\u00eanciainfra\/","https:\/\/www.instagram.com\/agenciainfra\/"]},{"@type":"Person","@id":"https:\/\/agenciainfra.com\/blog\/#\/schema\/person\/34af08dff6adea4cb22b06612ba7acfa","name":"Ag\u00eancia iNFRA","image":{"@type":"ImageObject","inLanguage":"pt-BR","@id":"https:\/\/agenciainfra.com\/blog\/#\/schema\/person\/image\/","url":"https:\/\/secure.gravatar.com\/avatar\/d189e01678f06d8eb84d4e01f08eb848b3fffe3f8443818d3c356c66892f5be8?s=96&d=mm&r=g","contentUrl":"https:\/\/secure.gravatar.com\/avatar\/d189e01678f06d8eb84d4e01f08eb848b3fffe3f8443818d3c356c66892f5be8?s=96&d=mm&r=g","caption":"Ag\u00eancia iNFRA"},"url":"https:\/\/agenciainfra.com\/blog\/author\/admin\/"}]}},"_links":{"self":[{"href":"https:\/\/agenciainfra.com\/blog\/wp-json\/wp\/v2\/posts\/19053","targetHints":{"allow":["GET"]}}],"collection":[{"href":"https:\/\/agenciainfra.com\/blog\/wp-json\/wp\/v2\/posts"}],"about":[{"href":"https:\/\/agenciainfra.com\/blog\/wp-json\/wp\/v2\/types\/post"}],"author":[{"embeddable":true,"href":"https:\/\/agenciainfra.com\/blog\/wp-json\/wp\/v2\/users\/1"}],"replies":[{"embeddable":true,"href":"https:\/\/agenciainfra.com\/blog\/wp-json\/wp\/v2\/comments?post=19053"}],"version-history":[{"count":1,"href":"https:\/\/agenciainfra.com\/blog\/wp-json\/wp\/v2\/posts\/19053\/revisions"}],"predecessor-version":[{"id":19054,"href":"https:\/\/agenciainfra.com\/blog\/wp-json\/wp\/v2\/posts\/19053\/revisions\/19054"}],"wp:featuredmedia":[{"embeddable":true,"href":"https:\/\/agenciainfra.com\/blog\/wp-json\/wp\/v2\/media\/8912"}],"wp:attachment":[{"href":"https:\/\/agenciainfra.com\/blog\/wp-json\/wp\/v2\/media?parent=19053"}],"wp:term":[{"taxonomy":"category","embeddable":true,"href":"https:\/\/agenciainfra.com\/blog\/wp-json\/wp\/v2\/categories?post=19053"},{"taxonomy":"post_tag","embeddable":true,"href":"https:\/\/agenciainfra.com\/blog\/wp-json\/wp\/v2\/tags?post=19053"}],"curies":[{"name":"wp","href":"https:\/\/api.w.org\/{rel}","templated":true}]}}