{"id":19120,"date":"2024-11-13T11:00:00","date_gmt":"2024-11-13T14:00:00","guid":{"rendered":"https:\/\/agenciainfra.com\/blog\/?p=19120"},"modified":"2024-11-14T11:12:23","modified_gmt":"2024-11-14T14:12:23","slug":"a-saga-de-15-voluntarios-para-proteger-o-aeroporto-por-mais-tempo-alagado-no-mundo","status":"publish","type":"post","link":"https:\/\/agenciainfra.com\/blog\/a-saga-de-15-voluntarios-para-proteger-o-aeroporto-por-mais-tempo-alagado-no-mundo\/","title":{"rendered":"A saga de 15 volunt\u00e1rios para proteger o aeroporto por mais tempo alagado no mundo"},"content":{"rendered":"\t\t<div data-elementor-type=\"wp-post\" data-elementor-id=\"19120\" class=\"elementor elementor-19120\" data-elementor-post-type=\"post\">\n\t\t\t\t<div class=\"elementor-element elementor-element-6785dc0d e-flex e-con-boxed e-con e-parent\" data-id=\"6785dc0d\" data-element_type=\"container\">\n\t\t\t\t\t<div class=\"e-con-inner\">\n\t\t\t\t<div class=\"elementor-element elementor-element-4314adcf elementor-widget elementor-widget-text-editor\" data-id=\"4314adcf\" data-element_type=\"widget\" data-widget_type=\"text-editor.default\">\n\t\t\t\t<div class=\"elementor-widget-container\">\n\t\t\t\t\t\t\t\t\t\n<p class=\"has-text-align-right\"><strong>Dimmi Amora, da Ag\u00eancia iNFRA<\/strong><\/p>\n\n<p>Numa cal\u00e7ada de cer\u00e2mica, \u00e0 frente de uma parede envidra\u00e7ada que d\u00e1 acesso a uma confort\u00e1vel sala de espera, um fog\u00e3o a lenha preparava o caf\u00e9 de trabalhadores e executivos que dormiam em colchonetes improvisados no sal\u00e3o em frente.<\/p>\n\n<p>Era hora de come\u00e7ar a rotina, que envolvia tentar salvar o maior n\u00famero de equipamentos essenciais poss\u00edveis, obter alimentos e, principalmente, usar barcos para patrulhar a unidade e evitar roubos e saques ao Aeroporto de Porto Alegre (RS), o maior da regi\u00e3o sul do Brasil.<\/p>\n\n<p>Por mais de 20 dias, essa foi a vida de um grupo de 15 funcion\u00e1rios da concession\u00e1ria Fraport, respons\u00e1vel pela unidade, durante o alagamento que deixou pistas, p\u00e1tios e terminal de passageiros sob \u00e1gua por quase um m\u00eas, algo que jamais tinha sido registrado num aeroporto no mundo por um per\u00edodo t\u00e3o longo.\u00a0<\/p>\n\n<p>Na semana passada, dois dos executivos da empresa contaram detalhes sobre o que ocorreu com essa equipe e tamb\u00e9m sobre a recupera\u00e7\u00e3o da unidade, que voltou a receber voos menos de seis meses depois do evento.<\/p>\n\n<p>&#8220;Como concession\u00e1ria, n\u00f3s seguimos todos os manuais, os simulados, os testes. Mas, infelizmente, isso que aconteceu n\u00e3o estava previsto em nenhum manual&#8221;, disse o diretor de Opera\u00e7\u00f5es da unidade, Edgar Nogueira. &#8220;Foi de fato uma opera\u00e7\u00e3o de guerra, [feita] com pessoas volunt\u00e1rias.&#8221;<\/p>\n\n<p>Sob aplausos de p\u00e9 ao fim da apresenta\u00e7\u00e3o no ANM (Airport National Meeting), evento da ABR (Aeroportos Brasil), associa\u00e7\u00e3o que re\u00fane as concession\u00e1rias, Nogueira e Leonardo Carnielle, vice-presidente comercial e de Concess\u00e3o da Fraport, <a href=\"https:\/\/mcusercontent.com\/d460dd1bcf9ba0ae040e1fc0f\/files\/8814f32e-5f28-d4d5-c616-bb46a27cd128\/APP_ANM2024VS2.pdf\">mostraram com imagens e dados<\/a> os problemas enfrentados para salvar a unidade, que em 2023 recebeu sete milh\u00f5es de passageiros.\u00a0<\/p>\n\n<p>O esfor\u00e7o dos trabalhadores que se dispuseram a permanecer no aeroporto alagado e a colabora\u00e7\u00e3o de gestores p\u00fablicos, empresas do setor e de companhias de outras atividades foi o que tornou poss\u00edvel a r\u00e1pida recupera\u00e7\u00e3o da unidade, na vis\u00e3o do vice-presidente. &#8220;Chegava ajuda sem a gente pedir&#8221;, contou Carnielle.<\/p>\n\n<p>O primeiro alerta para o que viria surgiu no dia 2 de maio, quando j\u00e1 chovia a alguns dias em todo o estado, e a Defesa Civil convocou o aeroporto para uma reuni\u00e3o de emerg\u00eancia no dia seguinte, na \u00e1rea central da cidade. Um pren\u00fancio dos problemas j\u00e1 se demonstrou logo na chegada \u00e0 reuni\u00e3o. Ruas ao redor do local do encontro j\u00e1 apresentavam grandes bols\u00f5es de \u00e1gua que n\u00e3o escoavam do Rio Gua\u00edba para o mar.\u00a0<\/p>\n\n<p><strong>Avi\u00e3o sem tripula\u00e7\u00e3o<\/strong><br \/>Ao ser informado pelo \u00f3rg\u00e3o de que o rio subiria a uma cota de at\u00e9 seis metros, Nogueira voltou para o aeroporto j\u00e1 sabendo que ele seria alagado. A d\u00favida dos executivos era somente uma: por quanto tempo? &#8220;Fecha na sexta e volta na segunda? Tivemos que procurar entender como funciona a meteorologia&#8221;, contou Leonardo Carnielle.<\/p>\n\n<p>As informa\u00e7\u00f5es n\u00e3o eram boas. Condi\u00e7\u00f5es extremamente complexas do clima, que impediam que as \u00e1guas que vinham das \u00e1reas mais altas do estado e desaguavam no Gua\u00edba sa\u00edssem para o mar, fizeram a empresa entender que o problema seria complexo. E longo.<\/p>\n\n<p>&#8220;Come\u00e7amos a subir viaturas, resgatar o que era poss\u00edvel de material, avisar aos funcion\u00e1rios. Nem todos acreditaram. Muita gente imaginou que era loucura&#8221;, lembrou Nogueira, contando que a \u00faltima vez que houve alagamento na unidade fora\u00a040 anos atr\u00e1s.<\/p>\n\n<p>Os voos foram cancelados e come\u00e7ou uma opera\u00e7\u00e3o para retirar todos os avi\u00f5es que estavam na unidade, o que foi finalizado \u00e0s 20h10 do dia 4, exceto por um: uma aeronave da Sideral, companhia que realiza opera\u00e7\u00f5es de carga a\u00e9rea, que n\u00e3o tinha tripula\u00e7\u00e3o para levantar e ficou na unidade ao longo de todo o alagamento, tornando-se uma das fotos que simbolizou o drama dos ga\u00fachos durante a cat\u00e1strofe.<\/p>\n\n<p><strong>Passageiros retirados em caminh\u00e3o<\/strong><br \/>Mas havia um outro problema a resolver: o que fazer com trabalhadores e passageiros que chegaram nos \u00faltimos voos na unidade, que j\u00e1 estava isolada antes mesmo do alagamento da pista. Foi necess\u00e1rio que eles sa\u00edssem num caminh\u00e3o de bombeiros at\u00e9 uma \u00e1rea segura. O caminh\u00e3o foi danificado e n\u00e3o p\u00f4de ser recuperado ap\u00f3s a opera\u00e7\u00e3o.<\/p>\n\n<p>A velocidade com que subia a \u00e1gua do rio, que o diretor de Opera\u00e7\u00f5es lembra ficar a quil\u00f4metros de dist\u00e2ncia, impressionava. &#8220;Nosso p\u00e1tio virou uma represa. Todo o primeiro piso foi impactado. Perdemos data center, esteiras, equipamentos de inspe\u00e7\u00e3o, tom\u00f3grafo, cabeamento, pontes de embarque&#8230; Tudo foi danificado&#8221;, conta Nogueira, mostrando a foto do estacionamento do aeroporto onde 200 carros estavam totalmente encobertos pela \u00e1gua. &#8220;Mais de 100 mil carros foram perdidos no Rio Grande do Sul.&#8221;<\/p>\n\n<p>Tr\u00eas barcos foram adquiridos pela empresa e bombeiros de Florian\u00f3polis tamb\u00e9m auxiliaram com um. Mas a dist\u00e2ncia entre o aeroporto e o ponto em terra mais pr\u00f3ximo da unidade era de quatro quil\u00f4metros. Era nesse ponto onde era poss\u00edvel se abastecer de alimentos e outros itens para a sobreviv\u00eancia dos cerca de 15 trabalhadores que permaneceram na unidade. Mas nem tudo chegava, e foi necess\u00e1rio se abastecer com produtos que estavam no pr\u00f3prio aeroporto. &#8220;Registramos e pagamos tudo depois&#8221;, contou.<\/p>\n\n<p>N\u00e3o eram todos, contudo, que queriam pegar os produtos do aeroporto fechado com registro e pagamento. A principal rotina dos volunt\u00e1rios era dif\u00edcil e perigosa: circular com os barcos para evitar saques na unidade. &#8220;Infelizmente aconteceu muito saque, \u00e1rea invadida na calamidade. Nosso dia a dia dentro dos barcos era uma grande preocupa\u00e7\u00e3o com o patrim\u00f4nio e a seguran\u00e7a das pessoas&#8221;, revelou Nogueira.<\/p>\n\n<p><strong>Heliponto improvisado<\/strong><br \/>Os volunt\u00e1rios viveram sem energia e \u00e1gua, em temperaturas que variaram dos 15 aos 37 graus no per\u00edodo. Segundo o diretor de Opera\u00e7\u00f5es, foi poss\u00edvel suportar porque o grupo que ficou era multidisciplinar, o que para ele \u00e9 uma li\u00e7\u00e3o para eventos futuros semelhantes.\u00a0<\/p>\n\n<p>&#8220;Tinha gente da manuten\u00e7\u00e3o, de opera\u00e7\u00f5es. Mantivemos m\u00e9dica e enfermeiro no grupo. Pessoas de RH. Todos tinham algum conhecimento em alguma \u00e1rea&#8221;, explicou Nogueira no momento em que apareciam fotos posadas do grupo sorrindo. &#8220;Era tudo muito triste, mas conseguimos levar isso de uma maneira leve. J\u00e1 bastava a press\u00e3o que sofr\u00edamos.&#8221;<\/p>\n\n<p>Os primeiros sinais das \u00e1guas baixando traziam esperan\u00e7a ao grupo, mas tamb\u00e9m novos desafios. Os barcos j\u00e1 corriam risco ao circular com \u00e1guas mais baixas, mas ainda n\u00e3o era poss\u00edvel andar de carro. Um heliponto teve que ser improvisado para levar equipamento de apoio para o grupo que permanecia.\u00a0<\/p>\n\n<p>A baixa das \u00e1guas deixava\u00a0evidente que o aeroporto n\u00e3o teria condi\u00e7\u00f5es de funcionar imediatamente e foi necess\u00e1rio criar uma solu\u00e7\u00e3o provis\u00f3ria.<\/p>\n\n<p>&#8220;Veio a ideia da Base A\u00e9rea. Era algo at\u00e9 onde sei in\u00e9dito. \u00c9 estranho pedir para a For\u00e7a A\u00e9rea ceder espa\u00e7o para a gente operar, mas era necess\u00e1rio. A gente precisava fazer alguma coisa porque t\u00ednhamos um problema diferente que exigia solu\u00e7\u00f5es diferentes&#8221;, disse Carnielle, lembrando que a solu\u00e7\u00e3o contou com apoio da For\u00e7a A\u00e9rea, mesmo com uma opera\u00e7\u00e3o humanit\u00e1ria acontecendo. &#8220;Mas obviamente n\u00e3o deu para atender ao Fator D&#8221;, brincou o diretor de opera\u00e7\u00f5es, referindo-se ao fator de qualidade de atendimento aos passageiros exigido pela ANAC (Ag\u00eancia Nacional de Avia\u00e7\u00e3o Civil) \u00e0s concession\u00e1rias.<\/p>\n\n<p><strong>&#8220;Aeroporto novo&#8221;<\/strong><br \/>A recupera\u00e7\u00e3o da unidade come\u00e7ou pela drenagem da \u00e1gua, que contou com apoio de equipamentos do Ex\u00e9rcito e de plantadores de arroz do estado que cederam m\u00e1quinas que n\u00e3o eram poss\u00edveis adquirir. Em 30 de maio, come\u00e7ou a limpeza do terminal de passageiros. Mas o maior desafio n\u00e3o estava ali. Como seria poss\u00edvel saber se as pistas estavam adequadas para receber avi\u00f5es ap\u00f3s mais de 20 dias submersas, algo que nunca tinha ocorrido em nenhum aeroporto no mundo?<\/p>\n\n<p>&#8220;Quem olhava, depois que a \u00e1gua baixou, dizia que a pista estava intacta, n\u00e3o aconteceu nada. De fato, olhando, parecia. Mas quando come\u00e7aram os testes, vimos que houve impacto. O solo n\u00e3o tinha mais condi\u00e7\u00f5es de compactar, de receber uma aeronave&#8221;, disse o diretor de opera\u00e7\u00f5es.\u00a0\u00a0<\/p>\n\n<p>A fala r\u00edgida do diretor de Opera\u00e7\u00f5es na apresenta\u00e7\u00e3o no ANM n\u00e3o passa a dimens\u00e3o do que precisou ser feito. O recapeamento foi de uma camada de pouco mais de 40 cent\u00edmetros de asfalto. Numa rodovia, essa camada fica entre cinco e 10 cent\u00edmetros. Uma usina de asfalto foi montada dentro da unidade. Mais de 1,8 mil metros c\u00fabicos de pavimento j\u00e1 foram usados. O p\u00e1tio de aeronaves recebeu 55 mil metros quadrados de concreto, o que equivale a sete campos de futebol. &#8220;\u00c9 um novo aeroporto&#8221;, afirmou Nogueira.<\/p>\n\n<p>As obras prosseguem ainda, at\u00e9 16 de dezembro, segundo a empresa. Mas foi poss\u00edvel retomar os voos em parte da pista a partir do final de outubro. O terminal de passageiros j\u00e1 havia voltado em julho, para receber os viajantes, que eram levados at\u00e9 a Base A\u00e9rea, numa opera\u00e7\u00e3o que demorava quase tr\u00eas horas.\u00a0<\/p>\n\n<p><strong>Olhar emocionado<\/strong><br \/>A apresenta\u00e7\u00e3o sobre a recupera\u00e7\u00e3o do Salgado Filho foi a \u00faltima do evento iniciado pela manh\u00e3. J\u00e1 era in\u00edcio da noite e um p\u00fablico de quase 200 pessoas ainda acompanhava com aten\u00e7\u00e3o o relato de uma saga de pessoas que nunca imaginaram passar por algo parecido trabalhando em um aeroporto.\u00a0<\/p>\n\n<p>Mas Nogueira mantinha seu tom r\u00edgido, mesmo quando relatava pontos complicados, como dormir por mais de 20 dias no aeroporto ou comentar o que viu: &#8220;\u00c9 diferente de voc\u00ea ver pela televis\u00e3o. Voc\u00ea sentir a temperatura da \u00e1gua, sentir o cheiro da lama e escutar o choro de quem est\u00e1 sofrendo, que teve a casa invadida&#8221;.<\/p>\n\n<p>A postura r\u00edgida s\u00f3 foi quebrada ao fim da apresenta\u00e7\u00e3o, quando o p\u00fablico se levantou para aplaudir efusivamente de p\u00e9 por um longo per\u00edodo, tirando do chefe de Opera\u00e7\u00f5es um vis\u00edvel olhar emocionado, de quem est\u00e1 segurando o choro.<\/p>\n<p>Veja as imagens apresentadas pela Fraport:<\/p>\n\t\t\t\t\t\t\t\t<\/div>\n\t\t\t\t<\/div>\n\t\t\t\t\t<\/div>\n\t\t\t\t<\/div>\n\t\t<div class=\"elementor-element elementor-element-83ca156 e-flex e-con-boxed e-con e-parent\" data-id=\"83ca156\" data-element_type=\"container\">\n\t\t\t\t\t<div class=\"e-con-inner\">\n\t\t\t\t<div class=\"elementor-element elementor-element-b943039 elementor-widget elementor-widget-gallery\" data-id=\"b943039\" data-element_type=\"widget\" data-settings=\"{&quot;gallery_layout&quot;:&quot;masonry&quot;,&quot;gap&quot;:{&quot;unit&quot;:&quot;px&quot;,&quot;size&quot;:5,&quot;sizes&quot;:[]},&quot;lazyload&quot;:&quot;yes&quot;,&quot;columns&quot;:4,&quot;columns_tablet&quot;:2,&quot;columns_mobile&quot;:1,&quot;gap_tablet&quot;:{&quot;unit&quot;:&quot;px&quot;,&quot;size&quot;:10,&quot;sizes&quot;:[]},&quot;gap_mobile&quot;:{&quot;unit&quot;:&quot;px&quot;,&quot;size&quot;:10,&quot;sizes&quot;:[]},&quot;link_to&quot;:&quot;file&quot;,&quot;overlay_background&quot;:&quot;yes&quot;,&quot;content_hover_animation&quot;:&quot;fade-in&quot;}\" data-widget_type=\"gallery.default\">\n\t\t\t\t<div class=\"elementor-widget-container\">\n\t\t\t\t\t\t\t<div class=\"elementor-gallery__container\">\n\t\t\t\t\t\t\t<a class=\"e-gallery-item elementor-gallery-item elementor-animated-content\" href=\"https:\/\/agenciainfra.com\/blog\/wp-content\/uploads\/2024\/11\/apresentacao-fraport-fotos-48.jpg\" data-elementor-open-lightbox=\"yes\" data-elementor-lightbox-slideshow=\"b943039\" data-elementor-lightbox-title=\"apresentacao-fraport-fotos (48)\" data-e-action-hash=\"#elementor-action%3Aaction%3Dlightbox%26settings%3DeyJpZCI6MTkyMDgsInVybCI6Imh0dHBzOlwvXC9hZ2VuY2lhaW5mcmEuY29tXC9ibG9nXC93cC1jb250ZW50XC91cGxvYWRzXC8yMDI0XC8xMVwvYXByZXNlbnRhY2FvLWZyYXBvcnQtZm90b3MtNDguanBnIiwic2xpZGVzaG93IjoiYjk0MzAzOSJ9\">\n\t\t\t\t\t<div class=\"e-gallery-image elementor-gallery-item__image\" data-thumbnail=\"https:\/\/agenciainfra.com\/blog\/wp-content\/uploads\/2024\/11\/apresentacao-fraport-fotos-48-1024x524.jpg\" data-width=\"800\" data-height=\"409\" aria-label=\"\" role=\"img\" ><\/div>\n\t\t\t\t\t\t\t\t\t\t\t<div class=\"elementor-gallery-item__overlay\"><\/div>\n\t\t\t\t\t\t\t\t\t\t\t\t\t\t<\/a>\n\t\t\t\t\t\t\t<a class=\"e-gallery-item elementor-gallery-item elementor-animated-content\" href=\"https:\/\/agenciainfra.com\/blog\/wp-content\/uploads\/2024\/11\/apresentacao-fraport-fotos-47.jpg\" data-elementor-open-lightbox=\"yes\" data-elementor-lightbox-slideshow=\"b943039\" data-elementor-lightbox-title=\"apresentacao-fraport-fotos (47)\" data-e-action-hash=\"#elementor-action%3Aaction%3Dlightbox%26settings%3DeyJpZCI6MTkyMDcsInVybCI6Imh0dHBzOlwvXC9hZ2VuY2lhaW5mcmEuY29tXC9ibG9nXC93cC1jb250ZW50XC91cGxvYWRzXC8yMDI0XC8xMVwvYXByZXNlbnRhY2FvLWZyYXBvcnQtZm90b3MtNDcuanBnIiwic2xpZGVzaG93IjoiYjk0MzAzOSJ9\">\n\t\t\t\t\t<div class=\"e-gallery-image elementor-gallery-item__image\" data-thumbnail=\"https:\/\/agenciainfra.com\/blog\/wp-content\/uploads\/2024\/11\/apresentacao-fraport-fotos-47-1024x581.jpg\" data-width=\"800\" data-height=\"454\" aria-label=\"\" role=\"img\" ><\/div>\n\t\t\t\t\t\t\t\t\t\t\t<div class=\"elementor-gallery-item__overlay\"><\/div>\n\t\t\t\t\t\t\t\t\t\t\t\t\t\t<\/a>\n\t\t\t\t\t\t\t<a class=\"e-gallery-item elementor-gallery-item elementor-animated-content\" href=\"https:\/\/agenciainfra.com\/blog\/wp-content\/uploads\/2024\/11\/apresentacao-fraport-fotos-46.jpg\" data-elementor-open-lightbox=\"yes\" data-elementor-lightbox-slideshow=\"b943039\" data-elementor-lightbox-title=\"apresentacao-fraport-fotos (46)\" data-e-action-hash=\"#elementor-action%3Aaction%3Dlightbox%26settings%3DeyJpZCI6MTkyMDYsInVybCI6Imh0dHBzOlwvXC9hZ2VuY2lhaW5mcmEuY29tXC9ibG9nXC93cC1jb250ZW50XC91cGxvYWRzXC8yMDI0XC8xMVwvYXByZXNlbnRhY2FvLWZyYXBvcnQtZm90b3MtNDYuanBnIiwic2xpZGVzaG93IjoiYjk0MzAzOSJ9\">\n\t\t\t\t\t<div class=\"e-gallery-image elementor-gallery-item__image\" data-thumbnail=\"https:\/\/agenciainfra.com\/blog\/wp-content\/uploads\/2024\/11\/apresentacao-fraport-fotos-46-1024x576.jpg\" data-width=\"800\" data-height=\"450\" aria-label=\"\" role=\"img\" ><\/div>\n\t\t\t\t\t\t\t\t\t\t\t<div class=\"elementor-gallery-item__overlay\"><\/div>\n\t\t\t\t\t\t\t\t\t\t\t\t\t\t<\/a>\n\t\t\t\t\t\t\t<a class=\"e-gallery-item elementor-gallery-item elementor-animated-content\" href=\"https:\/\/agenciainfra.com\/blog\/wp-content\/uploads\/2024\/11\/apresentacao-fraport-fotos-45.jpg\" data-elementor-open-lightbox=\"yes\" data-elementor-lightbox-slideshow=\"b943039\" data-elementor-lightbox-title=\"apresentacao-fraport-fotos (45)\" data-e-action-hash=\"#elementor-action%3Aaction%3Dlightbox%26settings%3DeyJpZCI6MTkyMDUsInVybCI6Imh0dHBzOlwvXC9hZ2VuY2lhaW5mcmEuY29tXC9ibG9nXC93cC1jb250ZW50XC91cGxvYWRzXC8yMDI0XC8xMVwvYXByZXNlbnRhY2FvLWZyYXBvcnQtZm90b3MtNDUuanBnIiwic2xpZGVzaG93IjoiYjk0MzAzOSJ9\">\n\t\t\t\t\t<div class=\"e-gallery-image elementor-gallery-item__image\" data-thumbnail=\"https:\/\/agenciainfra.com\/blog\/wp-content\/uploads\/2024\/11\/apresentacao-fraport-fotos-45-1024x575.jpg\" data-width=\"800\" data-height=\"449\" aria-label=\"\" role=\"img\" ><\/div>\n\t\t\t\t\t\t\t\t\t\t\t<div class=\"elementor-gallery-item__overlay\"><\/div>\n\t\t\t\t\t\t\t\t\t\t\t\t\t\t<\/a>\n\t\t\t\t\t\t\t<a class=\"e-gallery-item elementor-gallery-item elementor-animated-content\" href=\"https:\/\/agenciainfra.com\/blog\/wp-content\/uploads\/2024\/11\/apresentacao-fraport-fotos-44.jpg\" data-elementor-open-lightbox=\"yes\" data-elementor-lightbox-slideshow=\"b943039\" data-elementor-lightbox-title=\"apresentacao-fraport-fotos (44)\" data-e-action-hash=\"#elementor-action%3Aaction%3Dlightbox%26settings%3DeyJpZCI6MTkyMDQsInVybCI6Imh0dHBzOlwvXC9hZ2VuY2lhaW5mcmEuY29tXC9ibG9nXC93cC1jb250ZW50XC91cGxvYWRzXC8yMDI0XC8xMVwvYXByZXNlbnRhY2FvLWZyYXBvcnQtZm90b3MtNDQuanBnIiwic2xpZGVzaG93IjoiYjk0MzAzOSJ9\">\n\t\t\t\t\t<div class=\"e-gallery-image elementor-gallery-item__image\" data-thumbnail=\"https:\/\/agenciainfra.com\/blog\/wp-content\/uploads\/2024\/11\/apresentacao-fraport-fotos-44-1024x576.jpg\" data-width=\"800\" data-height=\"450\" aria-label=\"\" role=\"img\" ><\/div>\n\t\t\t\t\t\t\t\t\t\t\t<div class=\"elementor-gallery-item__overlay\"><\/div>\n\t\t\t\t\t\t\t\t\t\t\t\t\t\t<\/a>\n\t\t\t\t\t\t\t<a class=\"e-gallery-item elementor-gallery-item elementor-animated-content\" href=\"https:\/\/agenciainfra.com\/blog\/wp-content\/uploads\/2024\/11\/apresentacao-fraport-fotos-39.jpg\" data-elementor-open-lightbox=\"yes\" data-elementor-lightbox-slideshow=\"b943039\" data-elementor-lightbox-title=\"apresentacao-fraport-fotos (39)\" data-e-action-hash=\"#elementor-action%3Aaction%3Dlightbox%26settings%3DeyJpZCI6MTkxOTksInVybCI6Imh0dHBzOlwvXC9hZ2VuY2lhaW5mcmEuY29tXC9ibG9nXC93cC1jb250ZW50XC91cGxvYWRzXC8yMDI0XC8xMVwvYXByZXNlbnRhY2FvLWZyYXBvcnQtZm90b3MtMzkuanBnIiwic2xpZGVzaG93IjoiYjk0MzAzOSJ9\">\n\t\t\t\t\t<div class=\"e-gallery-image elementor-gallery-item__image\" data-thumbnail=\"https:\/\/agenciainfra.com\/blog\/wp-content\/uploads\/2024\/11\/apresentacao-fraport-fotos-39-1024x575.jpg\" data-width=\"800\" data-height=\"449\" aria-label=\"\" role=\"img\" ><\/div>\n\t\t\t\t\t\t\t\t\t\t\t<div class=\"elementor-gallery-item__overlay\"><\/div>\n\t\t\t\t\t\t\t\t\t\t\t\t\t\t<\/a>\n\t\t\t\t\t\t\t<a class=\"e-gallery-item elementor-gallery-item elementor-animated-content\" href=\"https:\/\/agenciainfra.com\/blog\/wp-content\/uploads\/2024\/11\/apresentacao-fraport-fotos-40.jpg\" data-elementor-open-lightbox=\"yes\" data-elementor-lightbox-slideshow=\"b943039\" data-elementor-lightbox-title=\"apresentacao-fraport-fotos (40)\" data-e-action-hash=\"#elementor-action%3Aaction%3Dlightbox%26settings%3DeyJpZCI6MTkyMDAsInVybCI6Imh0dHBzOlwvXC9hZ2VuY2lhaW5mcmEuY29tXC9ibG9nXC93cC1jb250ZW50XC91cGxvYWRzXC8yMDI0XC8xMVwvYXByZXNlbnRhY2FvLWZyYXBvcnQtZm90b3MtNDAuanBnIiwic2xpZGVzaG93IjoiYjk0MzAzOSJ9\">\n\t\t\t\t\t<div class=\"e-gallery-image elementor-gallery-item__image\" data-thumbnail=\"https:\/\/agenciainfra.com\/blog\/wp-content\/uploads\/2024\/11\/apresentacao-fraport-fotos-40.jpg\" data-width=\"800\" data-height=\"524\" aria-label=\"\" role=\"img\" ><\/div>\n\t\t\t\t\t\t\t\t\t\t\t<div class=\"elementor-gallery-item__overlay\"><\/div>\n\t\t\t\t\t\t\t\t\t\t\t\t\t\t<\/a>\n\t\t\t\t\t\t\t<a class=\"e-gallery-item elementor-gallery-item elementor-animated-content\" href=\"https:\/\/agenciainfra.com\/blog\/wp-content\/uploads\/2024\/11\/apresentacao-fraport-fotos-41.jpg\" data-elementor-open-lightbox=\"yes\" data-elementor-lightbox-slideshow=\"b943039\" data-elementor-lightbox-title=\"apresentacao-fraport-fotos (41)\" data-e-action-hash=\"#elementor-action%3Aaction%3Dlightbox%26settings%3DeyJpZCI6MTkyMDEsInVybCI6Imh0dHBzOlwvXC9hZ2VuY2lhaW5mcmEuY29tXC9ibG9nXC93cC1jb250ZW50XC91cGxvYWRzXC8yMDI0XC8xMVwvYXByZXNlbnRhY2FvLWZyYXBvcnQtZm90b3MtNDEuanBnIiwic2xpZGVzaG93IjoiYjk0MzAzOSJ9\">\n\t\t\t\t\t<div class=\"e-gallery-image elementor-gallery-item__image\" data-thumbnail=\"https:\/\/agenciainfra.com\/blog\/wp-content\/uploads\/2024\/11\/apresentacao-fraport-fotos-41-1024x576.jpg\" data-width=\"800\" data-height=\"450\" aria-label=\"\" role=\"img\" ><\/div>\n\t\t\t\t\t\t\t\t\t\t\t<div class=\"elementor-gallery-item__overlay\"><\/div>\n\t\t\t\t\t\t\t\t\t\t\t\t\t\t<\/a>\n\t\t\t\t\t\t\t<a class=\"e-gallery-item elementor-gallery-item elementor-animated-content\" href=\"https:\/\/agenciainfra.com\/blog\/wp-content\/uploads\/2024\/11\/apresentacao-fraport-fotos-42.jpg\" data-elementor-open-lightbox=\"yes\" data-elementor-lightbox-slideshow=\"b943039\" data-elementor-lightbox-title=\"apresentacao-fraport-fotos (42)\" data-e-action-hash=\"#elementor-action%3Aaction%3Dlightbox%26settings%3DeyJpZCI6MTkyMDIsInVybCI6Imh0dHBzOlwvXC9hZ2VuY2lhaW5mcmEuY29tXC9ibG9nXC93cC1jb250ZW50XC91cGxvYWRzXC8yMDI0XC8xMVwvYXByZXNlbnRhY2FvLWZyYXBvcnQtZm90b3MtNDIuanBnIiwic2xpZGVzaG93IjoiYjk0MzAzOSJ9\">\n\t\t\t\t\t<div class=\"e-gallery-image elementor-gallery-item__image\" data-thumbnail=\"https:\/\/agenciainfra.com\/blog\/wp-content\/uploads\/2024\/11\/apresentacao-fraport-fotos-42-1024x577.jpg\" data-width=\"800\" data-height=\"451\" aria-label=\"\" role=\"img\" ><\/div>\n\t\t\t\t\t\t\t\t\t\t\t<div class=\"elementor-gallery-item__overlay\"><\/div>\n\t\t\t\t\t\t\t\t\t\t\t\t\t\t<\/a>\n\t\t\t\t\t\t\t<a class=\"e-gallery-item elementor-gallery-item elementor-animated-content\" href=\"https:\/\/agenciainfra.com\/blog\/wp-content\/uploads\/2024\/11\/apresentacao-fraport-fotos-43.jpg\" data-elementor-open-lightbox=\"yes\" data-elementor-lightbox-slideshow=\"b943039\" data-elementor-lightbox-title=\"apresentacao-fraport-fotos (43)\" data-e-action-hash=\"#elementor-action%3Aaction%3Dlightbox%26settings%3DeyJpZCI6MTkyMDMsInVybCI6Imh0dHBzOlwvXC9hZ2VuY2lhaW5mcmEuY29tXC9ibG9nXC93cC1jb250ZW50XC91cGxvYWRzXC8yMDI0XC8xMVwvYXByZXNlbnRhY2FvLWZyYXBvcnQtZm90b3MtNDMuanBnIiwic2xpZGVzaG93IjoiYjk0MzAzOSJ9\">\n\t\t\t\t\t<div class=\"e-gallery-image elementor-gallery-item__image\" data-thumbnail=\"https:\/\/agenciainfra.com\/blog\/wp-content\/uploads\/2024\/11\/apresentacao-fraport-fotos-43-1024x576.jpg\" data-width=\"800\" data-height=\"450\" aria-label=\"\" role=\"img\" ><\/div>\n\t\t\t\t\t\t\t\t\t\t\t<div class=\"elementor-gallery-item__overlay\"><\/div>\n\t\t\t\t\t\t\t\t\t\t\t\t\t\t<\/a>\n\t\t\t\t\t\t\t<a class=\"e-gallery-item elementor-gallery-item elementor-animated-content\" href=\"https:\/\/agenciainfra.com\/blog\/wp-content\/uploads\/2024\/11\/apresentacao-fraport-fotos-38.jpg\" data-elementor-open-lightbox=\"yes\" data-elementor-lightbox-slideshow=\"b943039\" data-elementor-lightbox-title=\"apresentacao-fraport-fotos (38)\" data-e-action-hash=\"#elementor-action%3Aaction%3Dlightbox%26settings%3DeyJpZCI6MTkxOTgsInVybCI6Imh0dHBzOlwvXC9hZ2VuY2lhaW5mcmEuY29tXC9ibG9nXC93cC1jb250ZW50XC91cGxvYWRzXC8yMDI0XC8xMVwvYXByZXNlbnRhY2FvLWZyYXBvcnQtZm90b3MtMzguanBnIiwic2xpZGVzaG93IjoiYjk0MzAzOSJ9\">\n\t\t\t\t\t<div class=\"e-gallery-image elementor-gallery-item__image\" data-thumbnail=\"https:\/\/agenciainfra.com\/blog\/wp-content\/uploads\/2024\/11\/apresentacao-fraport-fotos-38-1024x575.jpg\" data-width=\"800\" data-height=\"449\" aria-label=\"\" role=\"img\" ><\/div>\n\t\t\t\t\t\t\t\t\t\t\t<div class=\"elementor-gallery-item__overlay\"><\/div>\n\t\t\t\t\t\t\t\t\t\t\t\t\t\t<\/a>\n\t\t\t\t\t\t\t<a class=\"e-gallery-item elementor-gallery-item elementor-animated-content\" href=\"https:\/\/agenciainfra.com\/blog\/wp-content\/uploads\/2024\/11\/apresentacao-fraport-fotos-37.jpg\" data-elementor-open-lightbox=\"yes\" data-elementor-lightbox-slideshow=\"b943039\" data-elementor-lightbox-title=\"apresentacao-fraport-fotos (37)\" data-e-action-hash=\"#elementor-action%3Aaction%3Dlightbox%26settings%3DeyJpZCI6MTkxOTcsInVybCI6Imh0dHBzOlwvXC9hZ2VuY2lhaW5mcmEuY29tXC9ibG9nXC93cC1jb250ZW50XC91cGxvYWRzXC8yMDI0XC8xMVwvYXByZXNlbnRhY2FvLWZyYXBvcnQtZm90b3MtMzcuanBnIiwic2xpZGVzaG93IjoiYjk0MzAzOSJ9\">\n\t\t\t\t\t<div class=\"e-gallery-image elementor-gallery-item__image\" data-thumbnail=\"https:\/\/agenciainfra.com\/blog\/wp-content\/uploads\/2024\/11\/apresentacao-fraport-fotos-37-1024x576.jpg\" data-width=\"800\" data-height=\"450\" aria-label=\"\" role=\"img\" ><\/div>\n\t\t\t\t\t\t\t\t\t\t\t<div class=\"elementor-gallery-item__overlay\"><\/div>\n\t\t\t\t\t\t\t\t\t\t\t\t\t\t<\/a>\n\t\t\t\t\t\t\t<a class=\"e-gallery-item elementor-gallery-item elementor-animated-content\" href=\"https:\/\/agenciainfra.com\/blog\/wp-content\/uploads\/2024\/11\/apresentacao-fraport-fotos-36.jpg\" data-elementor-open-lightbox=\"yes\" data-elementor-lightbox-slideshow=\"b943039\" data-elementor-lightbox-title=\"apresentacao-fraport-fotos (36)\" data-e-action-hash=\"#elementor-action%3Aaction%3Dlightbox%26settings%3DeyJpZCI6MTkxOTYsInVybCI6Imh0dHBzOlwvXC9hZ2VuY2lhaW5mcmEuY29tXC9ibG9nXC93cC1jb250ZW50XC91cGxvYWRzXC8yMDI0XC8xMVwvYXByZXNlbnRhY2FvLWZyYXBvcnQtZm90b3MtMzYuanBnIiwic2xpZGVzaG93IjoiYjk0MzAzOSJ9\">\n\t\t\t\t\t<div class=\"e-gallery-image elementor-gallery-item__image\" data-thumbnail=\"https:\/\/agenciainfra.com\/blog\/wp-content\/uploads\/2024\/11\/apresentacao-fraport-fotos-36-1024x576.jpg\" data-width=\"800\" data-height=\"450\" aria-label=\"\" role=\"img\" ><\/div>\n\t\t\t\t\t\t\t\t\t\t\t<div class=\"elementor-gallery-item__overlay\"><\/div>\n\t\t\t\t\t\t\t\t\t\t\t\t\t\t<\/a>\n\t\t\t\t\t\t\t<a class=\"e-gallery-item elementor-gallery-item elementor-animated-content\" href=\"https:\/\/agenciainfra.com\/blog\/wp-content\/uploads\/2024\/11\/apresentacao-fraport-fotos-35.jpg\" data-elementor-open-lightbox=\"yes\" data-elementor-lightbox-slideshow=\"b943039\" data-elementor-lightbox-title=\"apresentacao-fraport-fotos (35)\" data-e-action-hash=\"#elementor-action%3Aaction%3Dlightbox%26settings%3DeyJpZCI6MTkxOTUsInVybCI6Imh0dHBzOlwvXC9hZ2VuY2lhaW5mcmEuY29tXC9ibG9nXC93cC1jb250ZW50XC91cGxvYWRzXC8yMDI0XC8xMVwvYXByZXNlbnRhY2FvLWZyYXBvcnQtZm90b3MtMzUuanBnIiwic2xpZGVzaG93IjoiYjk0MzAzOSJ9\">\n\t\t\t\t\t<div class=\"e-gallery-image elementor-gallery-item__image\" data-thumbnail=\"https:\/\/agenciainfra.com\/blog\/wp-content\/uploads\/2024\/11\/apresentacao-fraport-fotos-35-1024x576.jpg\" data-width=\"800\" data-height=\"450\" aria-label=\"\" role=\"img\" ><\/div>\n\t\t\t\t\t\t\t\t\t\t\t<div class=\"elementor-gallery-item__overlay\"><\/div>\n\t\t\t\t\t\t\t\t\t\t\t\t\t\t<\/a>\n\t\t\t\t\t\t\t<a class=\"e-gallery-item elementor-gallery-item elementor-animated-content\" href=\"https:\/\/agenciainfra.com\/blog\/wp-content\/uploads\/2024\/11\/apresentacao-fraport-fotos-34.jpg\" data-elementor-open-lightbox=\"yes\" data-elementor-lightbox-slideshow=\"b943039\" data-elementor-lightbox-title=\"apresentacao-fraport-fotos (34)\" data-e-action-hash=\"#elementor-action%3Aaction%3Dlightbox%26settings%3DeyJpZCI6MTkxOTQsInVybCI6Imh0dHBzOlwvXC9hZ2VuY2lhaW5mcmEuY29tXC9ibG9nXC93cC1jb250ZW50XC91cGxvYWRzXC8yMDI0XC8xMVwvYXByZXNlbnRhY2FvLWZyYXBvcnQtZm90b3MtMzQuanBnIiwic2xpZGVzaG93IjoiYjk0MzAzOSJ9\">\n\t\t\t\t\t<div class=\"e-gallery-image elementor-gallery-item__image\" data-thumbnail=\"https:\/\/agenciainfra.com\/blog\/wp-content\/uploads\/2024\/11\/apresentacao-fraport-fotos-34-1024x576.jpg\" data-width=\"800\" data-height=\"450\" aria-label=\"\" role=\"img\" ><\/div>\n\t\t\t\t\t\t\t\t\t\t\t<div class=\"elementor-gallery-item__overlay\"><\/div>\n\t\t\t\t\t\t\t\t\t\t\t\t\t\t<\/a>\n\t\t\t\t\t\t\t<a class=\"e-gallery-item elementor-gallery-item elementor-animated-content\" href=\"https:\/\/agenciainfra.com\/blog\/wp-content\/uploads\/2024\/11\/apresentacao-fraport-fotos-29.jpg\" data-elementor-open-lightbox=\"yes\" data-elementor-lightbox-slideshow=\"b943039\" data-elementor-lightbox-title=\"apresentacao-fraport-fotos (29)\" data-e-action-hash=\"#elementor-action%3Aaction%3Dlightbox%26settings%3DeyJpZCI6MTkxODksInVybCI6Imh0dHBzOlwvXC9hZ2VuY2lhaW5mcmEuY29tXC9ibG9nXC93cC1jb250ZW50XC91cGxvYWRzXC8yMDI0XC8xMVwvYXByZXNlbnRhY2FvLWZyYXBvcnQtZm90b3MtMjkuanBnIiwic2xpZGVzaG93IjoiYjk0MzAzOSJ9\">\n\t\t\t\t\t<div class=\"e-gallery-image elementor-gallery-item__image\" data-thumbnail=\"https:\/\/agenciainfra.com\/blog\/wp-content\/uploads\/2024\/11\/apresentacao-fraport-fotos-29-1024x696.jpg\" data-width=\"800\" data-height=\"544\" aria-label=\"\" role=\"img\" ><\/div>\n\t\t\t\t\t\t\t\t\t\t\t<div class=\"elementor-gallery-item__overlay\"><\/div>\n\t\t\t\t\t\t\t\t\t\t\t\t\t\t<\/a>\n\t\t\t\t\t\t\t<a class=\"e-gallery-item elementor-gallery-item elementor-animated-content\" href=\"https:\/\/agenciainfra.com\/blog\/wp-content\/uploads\/2024\/11\/apresentacao-fraport-fotos-30-scaled.jpg\" data-elementor-open-lightbox=\"yes\" data-elementor-lightbox-slideshow=\"b943039\" data-elementor-lightbox-title=\"apresentacao-fraport-fotos (30)\" data-e-action-hash=\"#elementor-action%3Aaction%3Dlightbox%26settings%3DeyJpZCI6MTkxOTAsInVybCI6Imh0dHBzOlwvXC9hZ2VuY2lhaW5mcmEuY29tXC9ibG9nXC93cC1jb250ZW50XC91cGxvYWRzXC8yMDI0XC8xMVwvYXByZXNlbnRhY2FvLWZyYXBvcnQtZm90b3MtMzAtc2NhbGVkLmpwZyIsInNsaWRlc2hvdyI6ImI5NDMwMzkifQ%3D%3D\">\n\t\t\t\t\t<div class=\"e-gallery-image elementor-gallery-item__image\" data-thumbnail=\"https:\/\/agenciainfra.com\/blog\/wp-content\/uploads\/2024\/11\/apresentacao-fraport-fotos-30-1024x576.jpg\" data-width=\"800\" data-height=\"450\" aria-label=\"\" role=\"img\" ><\/div>\n\t\t\t\t\t\t\t\t\t\t\t<div class=\"elementor-gallery-item__overlay\"><\/div>\n\t\t\t\t\t\t\t\t\t\t\t\t\t\t<\/a>\n\t\t\t\t\t\t\t<a class=\"e-gallery-item elementor-gallery-item elementor-animated-content\" href=\"https:\/\/agenciainfra.com\/blog\/wp-content\/uploads\/2024\/11\/apresentacao-fraport-fotos-31.jpg\" data-elementor-open-lightbox=\"yes\" data-elementor-lightbox-slideshow=\"b943039\" data-elementor-lightbox-title=\"apresentacao-fraport-fotos (31)\" data-e-action-hash=\"#elementor-action%3Aaction%3Dlightbox%26settings%3DeyJpZCI6MTkxOTEsInVybCI6Imh0dHBzOlwvXC9hZ2VuY2lhaW5mcmEuY29tXC9ibG9nXC93cC1jb250ZW50XC91cGxvYWRzXC8yMDI0XC8xMVwvYXByZXNlbnRhY2FvLWZyYXBvcnQtZm90b3MtMzEuanBnIiwic2xpZGVzaG93IjoiYjk0MzAzOSJ9\">\n\t\t\t\t\t<div class=\"e-gallery-image elementor-gallery-item__image\" data-thumbnail=\"https:\/\/agenciainfra.com\/blog\/wp-content\/uploads\/2024\/11\/apresentacao-fraport-fotos-31.jpg\" data-width=\"483\" data-height=\"453\" aria-label=\"\" role=\"img\" ><\/div>\n\t\t\t\t\t\t\t\t\t\t\t<div class=\"elementor-gallery-item__overlay\"><\/div>\n\t\t\t\t\t\t\t\t\t\t\t\t\t\t<\/a>\n\t\t\t\t\t\t\t<a class=\"e-gallery-item elementor-gallery-item elementor-animated-content\" href=\"https:\/\/agenciainfra.com\/blog\/wp-content\/uploads\/2024\/11\/apresentacao-fraport-fotos-32.jpg\" data-elementor-open-lightbox=\"yes\" data-elementor-lightbox-slideshow=\"b943039\" data-elementor-lightbox-title=\"apresentacao-fraport-fotos (32)\" data-e-action-hash=\"#elementor-action%3Aaction%3Dlightbox%26settings%3DeyJpZCI6MTkxOTIsInVybCI6Imh0dHBzOlwvXC9hZ2VuY2lhaW5mcmEuY29tXC9ibG9nXC93cC1jb250ZW50XC91cGxvYWRzXC8yMDI0XC8xMVwvYXByZXNlbnRhY2FvLWZyYXBvcnQtZm90b3MtMzIuanBnIiwic2xpZGVzaG93IjoiYjk0MzAzOSJ9\">\n\t\t\t\t\t<div class=\"e-gallery-image elementor-gallery-item__image\" data-thumbnail=\"https:\/\/agenciainfra.com\/blog\/wp-content\/uploads\/2024\/11\/apresentacao-fraport-fotos-32-1024x576.jpg\" data-width=\"800\" data-height=\"450\" aria-label=\"\" role=\"img\" ><\/div>\n\t\t\t\t\t\t\t\t\t\t\t<div class=\"elementor-gallery-item__overlay\"><\/div>\n\t\t\t\t\t\t\t\t\t\t\t\t\t\t<\/a>\n\t\t\t\t\t\t\t<a class=\"e-gallery-item elementor-gallery-item elementor-animated-content\" href=\"https:\/\/agenciainfra.com\/blog\/wp-content\/uploads\/2024\/11\/apresentacao-fraport-fotos-33.jpg\" data-elementor-open-lightbox=\"yes\" data-elementor-lightbox-slideshow=\"b943039\" data-elementor-lightbox-title=\"apresentacao-fraport-fotos (33)\" data-e-action-hash=\"#elementor-action%3Aaction%3Dlightbox%26settings%3DeyJpZCI6MTkxOTMsInVybCI6Imh0dHBzOlwvXC9hZ2VuY2lhaW5mcmEuY29tXC9ibG9nXC93cC1jb250ZW50XC91cGxvYWRzXC8yMDI0XC8xMVwvYXByZXNlbnRhY2FvLWZyYXBvcnQtZm90b3MtMzMuanBnIiwic2xpZGVzaG93IjoiYjk0MzAzOSJ9\">\n\t\t\t\t\t<div class=\"e-gallery-image elementor-gallery-item__image\" data-thumbnail=\"https:\/\/agenciainfra.com\/blog\/wp-content\/uploads\/2024\/11\/apresentacao-fraport-fotos-33.jpg\" data-width=\"800\" data-height=\"498\" aria-label=\"\" role=\"img\" ><\/div>\n\t\t\t\t\t\t\t\t\t\t\t<div class=\"elementor-gallery-item__overlay\"><\/div>\n\t\t\t\t\t\t\t\t\t\t\t\t\t\t<\/a>\n\t\t\t\t\t\t\t<a class=\"e-gallery-item elementor-gallery-item elementor-animated-content\" href=\"https:\/\/agenciainfra.com\/blog\/wp-content\/uploads\/2024\/11\/apresentacao-fraport-fotos-28-scaled.jpg\" data-elementor-open-lightbox=\"yes\" data-elementor-lightbox-slideshow=\"b943039\" data-elementor-lightbox-title=\"apresentacao-fraport-fotos (28)\" data-e-action-hash=\"#elementor-action%3Aaction%3Dlightbox%26settings%3DeyJpZCI6MTkxODgsInVybCI6Imh0dHBzOlwvXC9hZ2VuY2lhaW5mcmEuY29tXC9ibG9nXC93cC1jb250ZW50XC91cGxvYWRzXC8yMDI0XC8xMVwvYXByZXNlbnRhY2FvLWZyYXBvcnQtZm90b3MtMjgtc2NhbGVkLmpwZyIsInNsaWRlc2hvdyI6ImI5NDMwMzkifQ%3D%3D\">\n\t\t\t\t\t<div class=\"e-gallery-image elementor-gallery-item__image\" data-thumbnail=\"https:\/\/agenciainfra.com\/blog\/wp-content\/uploads\/2024\/11\/apresentacao-fraport-fotos-28-1024x576.jpg\" data-width=\"800\" data-height=\"450\" aria-label=\"\" role=\"img\" ><\/div>\n\t\t\t\t\t\t\t\t\t\t\t<div class=\"elementor-gallery-item__overlay\"><\/div>\n\t\t\t\t\t\t\t\t\t\t\t\t\t\t<\/a>\n\t\t\t\t\t\t\t<a class=\"e-gallery-item elementor-gallery-item elementor-animated-content\" href=\"https:\/\/agenciainfra.com\/blog\/wp-content\/uploads\/2024\/11\/apresentacao-fraport-fotos-27.jpg\" data-elementor-open-lightbox=\"yes\" data-elementor-lightbox-slideshow=\"b943039\" data-elementor-lightbox-title=\"apresentacao-fraport-fotos (27)\" data-e-action-hash=\"#elementor-action%3Aaction%3Dlightbox%26settings%3DeyJpZCI6MTkxODcsInVybCI6Imh0dHBzOlwvXC9hZ2VuY2lhaW5mcmEuY29tXC9ibG9nXC93cC1jb250ZW50XC91cGxvYWRzXC8yMDI0XC8xMVwvYXByZXNlbnRhY2FvLWZyYXBvcnQtZm90b3MtMjcuanBnIiwic2xpZGVzaG93IjoiYjk0MzAzOSJ9\">\n\t\t\t\t\t<div class=\"e-gallery-image elementor-gallery-item__image\" data-thumbnail=\"https:\/\/agenciainfra.com\/blog\/wp-content\/uploads\/2024\/11\/apresentacao-fraport-fotos-27.jpg\" data-width=\"768\" data-height=\"432\" aria-label=\"\" role=\"img\" ><\/div>\n\t\t\t\t\t\t\t\t\t\t\t<div class=\"elementor-gallery-item__overlay\"><\/div>\n\t\t\t\t\t\t\t\t\t\t\t\t\t\t<\/a>\n\t\t\t\t\t\t\t<a class=\"e-gallery-item elementor-gallery-item elementor-animated-content\" href=\"https:\/\/agenciainfra.com\/blog\/wp-content\/uploads\/2024\/11\/apresentacao-fraport-fotos-25.jpg\" data-elementor-open-lightbox=\"yes\" data-elementor-lightbox-slideshow=\"b943039\" data-elementor-lightbox-title=\"apresentacao-fraport-fotos (25)\" data-e-action-hash=\"#elementor-action%3Aaction%3Dlightbox%26settings%3DeyJpZCI6MTkxODUsInVybCI6Imh0dHBzOlwvXC9hZ2VuY2lhaW5mcmEuY29tXC9ibG9nXC93cC1jb250ZW50XC91cGxvYWRzXC8yMDI0XC8xMVwvYXByZXNlbnRhY2FvLWZyYXBvcnQtZm90b3MtMjUuanBnIiwic2xpZGVzaG93IjoiYjk0MzAzOSJ9\">\n\t\t\t\t\t<div class=\"e-gallery-image elementor-gallery-item__image\" data-thumbnail=\"https:\/\/agenciainfra.com\/blog\/wp-content\/uploads\/2024\/11\/apresentacao-fraport-fotos-25-1024x576.jpg\" data-width=\"800\" data-height=\"450\" aria-label=\"\" role=\"img\" ><\/div>\n\t\t\t\t\t\t\t\t\t\t\t<div class=\"elementor-gallery-item__overlay\"><\/div>\n\t\t\t\t\t\t\t\t\t\t\t\t\t\t<\/a>\n\t\t\t\t\t\t\t<a class=\"e-gallery-item elementor-gallery-item elementor-animated-content\" href=\"https:\/\/agenciainfra.com\/blog\/wp-content\/uploads\/2024\/11\/apresentacao-fraport-fotos-24.jpg\" data-elementor-open-lightbox=\"yes\" data-elementor-lightbox-slideshow=\"b943039\" data-elementor-lightbox-title=\"apresentacao-fraport-fotos (24)\" data-e-action-hash=\"#elementor-action%3Aaction%3Dlightbox%26settings%3DeyJpZCI6MTkxODQsInVybCI6Imh0dHBzOlwvXC9hZ2VuY2lhaW5mcmEuY29tXC9ibG9nXC93cC1jb250ZW50XC91cGxvYWRzXC8yMDI0XC8xMVwvYXByZXNlbnRhY2FvLWZyYXBvcnQtZm90b3MtMjQuanBnIiwic2xpZGVzaG93IjoiYjk0MzAzOSJ9\">\n\t\t\t\t\t<div class=\"e-gallery-image elementor-gallery-item__image\" data-thumbnail=\"https:\/\/agenciainfra.com\/blog\/wp-content\/uploads\/2024\/11\/apresentacao-fraport-fotos-24.jpg\" data-width=\"533\" data-height=\"900\" aria-label=\"\" role=\"img\" ><\/div>\n\t\t\t\t\t\t\t\t\t\t\t<div class=\"elementor-gallery-item__overlay\"><\/div>\n\t\t\t\t\t\t\t\t\t\t\t\t\t\t<\/a>\n\t\t\t\t\t\t\t<a class=\"e-gallery-item elementor-gallery-item elementor-animated-content\" href=\"https:\/\/agenciainfra.com\/blog\/wp-content\/uploads\/2024\/11\/apresentacao-fraport-fotos-26.jpg\" data-elementor-open-lightbox=\"yes\" data-elementor-lightbox-slideshow=\"b943039\" data-elementor-lightbox-title=\"apresentacao-fraport-fotos (26)\" data-e-action-hash=\"#elementor-action%3Aaction%3Dlightbox%26settings%3DeyJpZCI6MTkxODYsInVybCI6Imh0dHBzOlwvXC9hZ2VuY2lhaW5mcmEuY29tXC9ibG9nXC93cC1jb250ZW50XC91cGxvYWRzXC8yMDI0XC8xMVwvYXByZXNlbnRhY2FvLWZyYXBvcnQtZm90b3MtMjYuanBnIiwic2xpZGVzaG93IjoiYjk0MzAzOSJ9\">\n\t\t\t\t\t<div class=\"e-gallery-image elementor-gallery-item__image\" data-thumbnail=\"https:\/\/agenciainfra.com\/blog\/wp-content\/uploads\/2024\/11\/apresentacao-fraport-fotos-26-1024x576.jpg\" data-width=\"800\" data-height=\"450\" aria-label=\"\" role=\"img\" ><\/div>\n\t\t\t\t\t\t\t\t\t\t\t<div class=\"elementor-gallery-item__overlay\"><\/div>\n\t\t\t\t\t\t\t\t\t\t\t\t\t\t<\/a>\n\t\t\t\t\t\t\t<a class=\"e-gallery-item elementor-gallery-item elementor-animated-content\" href=\"https:\/\/agenciainfra.com\/blog\/wp-content\/uploads\/2024\/11\/apresentacao-fraport-fotos-23.jpg\" data-elementor-open-lightbox=\"yes\" data-elementor-lightbox-slideshow=\"b943039\" data-elementor-lightbox-title=\"apresentacao-fraport-fotos (23)\" data-e-action-hash=\"#elementor-action%3Aaction%3Dlightbox%26settings%3DeyJpZCI6MTkxODMsInVybCI6Imh0dHBzOlwvXC9hZ2VuY2lhaW5mcmEuY29tXC9ibG9nXC93cC1jb250ZW50XC91cGxvYWRzXC8yMDI0XC8xMVwvYXByZXNlbnRhY2FvLWZyYXBvcnQtZm90b3MtMjMuanBnIiwic2xpZGVzaG93IjoiYjk0MzAzOSJ9\">\n\t\t\t\t\t<div class=\"e-gallery-image elementor-gallery-item__image\" data-thumbnail=\"https:\/\/agenciainfra.com\/blog\/wp-content\/uploads\/2024\/11\/apresentacao-fraport-fotos-23-607x1024.jpg\" data-width=\"607\" data-height=\"1024\" aria-label=\"\" role=\"img\" ><\/div>\n\t\t\t\t\t\t\t\t\t\t\t<div class=\"elementor-gallery-item__overlay\"><\/div>\n\t\t\t\t\t\t\t\t\t\t\t\t\t\t<\/a>\n\t\t\t\t\t\t\t<a class=\"e-gallery-item elementor-gallery-item elementor-animated-content\" href=\"https:\/\/agenciainfra.com\/blog\/wp-content\/uploads\/2024\/11\/apresentacao-fraport-fotos-22.jpg\" data-elementor-open-lightbox=\"yes\" data-elementor-lightbox-slideshow=\"b943039\" data-elementor-lightbox-title=\"apresentacao-fraport-fotos (22)\" data-e-action-hash=\"#elementor-action%3Aaction%3Dlightbox%26settings%3DeyJpZCI6MTkxODIsInVybCI6Imh0dHBzOlwvXC9hZ2VuY2lhaW5mcmEuY29tXC9ibG9nXC93cC1jb250ZW50XC91cGxvYWRzXC8yMDI0XC8xMVwvYXByZXNlbnRhY2FvLWZyYXBvcnQtZm90b3MtMjIuanBnIiwic2xpZGVzaG93IjoiYjk0MzAzOSJ9\">\n\t\t\t\t\t<div class=\"e-gallery-image elementor-gallery-item__image\" data-thumbnail=\"https:\/\/agenciainfra.com\/blog\/wp-content\/uploads\/2024\/11\/apresentacao-fraport-fotos-22-607x1024.jpg\" data-width=\"607\" data-height=\"1024\" aria-label=\"\" role=\"img\" ><\/div>\n\t\t\t\t\t\t\t\t\t\t\t<div class=\"elementor-gallery-item__overlay\"><\/div>\n\t\t\t\t\t\t\t\t\t\t\t\t\t\t<\/a>\n\t\t\t\t\t\t\t<a class=\"e-gallery-item elementor-gallery-item elementor-animated-content\" href=\"https:\/\/agenciainfra.com\/blog\/wp-content\/uploads\/2024\/11\/apresentacao-fraport-fotos-21.jpg\" data-elementor-open-lightbox=\"yes\" data-elementor-lightbox-slideshow=\"b943039\" data-elementor-lightbox-title=\"apresentacao-fraport-fotos (21)\" data-e-action-hash=\"#elementor-action%3Aaction%3Dlightbox%26settings%3DeyJpZCI6MTkxODEsInVybCI6Imh0dHBzOlwvXC9hZ2VuY2lhaW5mcmEuY29tXC9ibG9nXC93cC1jb250ZW50XC91cGxvYWRzXC8yMDI0XC8xMVwvYXByZXNlbnRhY2FvLWZyYXBvcnQtZm90b3MtMjEuanBnIiwic2xpZGVzaG93IjoiYjk0MzAzOSJ9\">\n\t\t\t\t\t<div class=\"e-gallery-image elementor-gallery-item__image\" data-thumbnail=\"https:\/\/agenciainfra.com\/blog\/wp-content\/uploads\/2024\/11\/apresentacao-fraport-fotos-21-1024x576.jpg\" data-width=\"800\" data-height=\"450\" aria-label=\"\" role=\"img\" ><\/div>\n\t\t\t\t\t\t\t\t\t\t\t<div class=\"elementor-gallery-item__overlay\"><\/div>\n\t\t\t\t\t\t\t\t\t\t\t\t\t\t<\/a>\n\t\t\t\t\t\t\t<a class=\"e-gallery-item elementor-gallery-item elementor-animated-content\" href=\"https:\/\/agenciainfra.com\/blog\/wp-content\/uploads\/2024\/11\/apresentacao-fraport-fotos-20.jpg\" data-elementor-open-lightbox=\"yes\" data-elementor-lightbox-slideshow=\"b943039\" data-elementor-lightbox-title=\"apresentacao-fraport-fotos (20)\" data-e-action-hash=\"#elementor-action%3Aaction%3Dlightbox%26settings%3DeyJpZCI6MTkxODAsInVybCI6Imh0dHBzOlwvXC9hZ2VuY2lhaW5mcmEuY29tXC9ibG9nXC93cC1jb250ZW50XC91cGxvYWRzXC8yMDI0XC8xMVwvYXByZXNlbnRhY2FvLWZyYXBvcnQtZm90b3MtMjAuanBnIiwic2xpZGVzaG93IjoiYjk0MzAzOSJ9\">\n\t\t\t\t\t<div class=\"e-gallery-image elementor-gallery-item__image\" data-thumbnail=\"https:\/\/agenciainfra.com\/blog\/wp-content\/uploads\/2024\/11\/apresentacao-fraport-fotos-20-1024x576.jpg\" data-width=\"800\" data-height=\"450\" aria-label=\"\" role=\"img\" ><\/div>\n\t\t\t\t\t\t\t\t\t\t\t<div class=\"elementor-gallery-item__overlay\"><\/div>\n\t\t\t\t\t\t\t\t\t\t\t\t\t\t<\/a>\n\t\t\t\t\t\t\t<a class=\"e-gallery-item elementor-gallery-item elementor-animated-content\" href=\"https:\/\/agenciainfra.com\/blog\/wp-content\/uploads\/2024\/11\/apresentacao-fraport-fotos-19.jpg\" data-elementor-open-lightbox=\"yes\" data-elementor-lightbox-slideshow=\"b943039\" data-elementor-lightbox-title=\"apresentacao-fraport-fotos (19)\" data-e-action-hash=\"#elementor-action%3Aaction%3Dlightbox%26settings%3DeyJpZCI6MTkxNzksInVybCI6Imh0dHBzOlwvXC9hZ2VuY2lhaW5mcmEuY29tXC9ibG9nXC93cC1jb250ZW50XC91cGxvYWRzXC8yMDI0XC8xMVwvYXByZXNlbnRhY2FvLWZyYXBvcnQtZm90b3MtMTkuanBnIiwic2xpZGVzaG93IjoiYjk0MzAzOSJ9\">\n\t\t\t\t\t<div class=\"e-gallery-image elementor-gallery-item__image\" data-thumbnail=\"https:\/\/agenciainfra.com\/blog\/wp-content\/uploads\/2024\/11\/apresentacao-fraport-fotos-19-1024x576.jpg\" data-width=\"800\" data-height=\"450\" aria-label=\"\" role=\"img\" ><\/div>\n\t\t\t\t\t\t\t\t\t\t\t<div class=\"elementor-gallery-item__overlay\"><\/div>\n\t\t\t\t\t\t\t\t\t\t\t\t\t\t<\/a>\n\t\t\t\t\t\t\t<a class=\"e-gallery-item elementor-gallery-item elementor-animated-content\" href=\"https:\/\/agenciainfra.com\/blog\/wp-content\/uploads\/2024\/11\/apresentacao-fraport-fotos-14.jpg\" data-elementor-open-lightbox=\"yes\" data-elementor-lightbox-slideshow=\"b943039\" data-elementor-lightbox-title=\"apresentacao-fraport-fotos (14)\" data-e-action-hash=\"#elementor-action%3Aaction%3Dlightbox%26settings%3DeyJpZCI6MTkxNzQsInVybCI6Imh0dHBzOlwvXC9hZ2VuY2lhaW5mcmEuY29tXC9ibG9nXC93cC1jb250ZW50XC91cGxvYWRzXC8yMDI0XC8xMVwvYXByZXNlbnRhY2FvLWZyYXBvcnQtZm90b3MtMTQuanBnIiwic2xpZGVzaG93IjoiYjk0MzAzOSJ9\">\n\t\t\t\t\t<div class=\"e-gallery-image elementor-gallery-item__image\" data-thumbnail=\"https:\/\/agenciainfra.com\/blog\/wp-content\/uploads\/2024\/11\/apresentacao-fraport-fotos-14-1024x576.jpg\" data-width=\"800\" data-height=\"450\" aria-label=\"\" role=\"img\" ><\/div>\n\t\t\t\t\t\t\t\t\t\t\t<div class=\"elementor-gallery-item__overlay\"><\/div>\n\t\t\t\t\t\t\t\t\t\t\t\t\t\t<\/a>\n\t\t\t\t\t\t\t<a class=\"e-gallery-item elementor-gallery-item elementor-animated-content\" href=\"https:\/\/agenciainfra.com\/blog\/wp-content\/uploads\/2024\/11\/apresentacao-fraport-fotos-15.jpg\" data-elementor-open-lightbox=\"yes\" data-elementor-lightbox-slideshow=\"b943039\" data-elementor-lightbox-title=\"apresentacao-fraport-fotos (15)\" data-e-action-hash=\"#elementor-action%3Aaction%3Dlightbox%26settings%3DeyJpZCI6MTkxNzUsInVybCI6Imh0dHBzOlwvXC9hZ2VuY2lhaW5mcmEuY29tXC9ibG9nXC93cC1jb250ZW50XC91cGxvYWRzXC8yMDI0XC8xMVwvYXByZXNlbnRhY2FvLWZyYXBvcnQtZm90b3MtMTUuanBnIiwic2xpZGVzaG93IjoiYjk0MzAzOSJ9\">\n\t\t\t\t\t<div class=\"e-gallery-image elementor-gallery-item__image\" data-thumbnail=\"https:\/\/agenciainfra.com\/blog\/wp-content\/uploads\/2024\/11\/apresentacao-fraport-fotos-15-1024x574.jpg\" data-width=\"800\" data-height=\"448\" aria-label=\"\" role=\"img\" ><\/div>\n\t\t\t\t\t\t\t\t\t\t\t<div class=\"elementor-gallery-item__overlay\"><\/div>\n\t\t\t\t\t\t\t\t\t\t\t\t\t\t<\/a>\n\t\t\t\t\t\t\t<a class=\"e-gallery-item elementor-gallery-item elementor-animated-content\" href=\"https:\/\/agenciainfra.com\/blog\/wp-content\/uploads\/2024\/11\/apresentacao-fraport-fotos-17.jpg\" data-elementor-open-lightbox=\"yes\" data-elementor-lightbox-slideshow=\"b943039\" data-elementor-lightbox-title=\"apresentacao-fraport-fotos (17)\" data-e-action-hash=\"#elementor-action%3Aaction%3Dlightbox%26settings%3DeyJpZCI6MTkxNzcsInVybCI6Imh0dHBzOlwvXC9hZ2VuY2lhaW5mcmEuY29tXC9ibG9nXC93cC1jb250ZW50XC91cGxvYWRzXC8yMDI0XC8xMVwvYXByZXNlbnRhY2FvLWZyYXBvcnQtZm90b3MtMTcuanBnIiwic2xpZGVzaG93IjoiYjk0MzAzOSJ9\">\n\t\t\t\t\t<div class=\"e-gallery-image elementor-gallery-item__image\" data-thumbnail=\"https:\/\/agenciainfra.com\/blog\/wp-content\/uploads\/2024\/11\/apresentacao-fraport-fotos-17.jpg\" data-width=\"800\" data-height=\"450\" aria-label=\"\" role=\"img\" ><\/div>\n\t\t\t\t\t\t\t\t\t\t\t<div class=\"elementor-gallery-item__overlay\"><\/div>\n\t\t\t\t\t\t\t\t\t\t\t\t\t\t<\/a>\n\t\t\t\t\t\t\t<a class=\"e-gallery-item elementor-gallery-item elementor-animated-content\" href=\"https:\/\/agenciainfra.com\/blog\/wp-content\/uploads\/2024\/11\/apresentacao-fraport-fotos-16.jpg\" data-elementor-open-lightbox=\"yes\" data-elementor-lightbox-slideshow=\"b943039\" data-elementor-lightbox-title=\"apresentacao-fraport-fotos (16)\" data-e-action-hash=\"#elementor-action%3Aaction%3Dlightbox%26settings%3DeyJpZCI6MTkxNzYsInVybCI6Imh0dHBzOlwvXC9hZ2VuY2lhaW5mcmEuY29tXC9ibG9nXC93cC1jb250ZW50XC91cGxvYWRzXC8yMDI0XC8xMVwvYXByZXNlbnRhY2FvLWZyYXBvcnQtZm90b3MtMTYuanBnIiwic2xpZGVzaG93IjoiYjk0MzAzOSJ9\">\n\t\t\t\t\t<div class=\"e-gallery-image elementor-gallery-item__image\" data-thumbnail=\"https:\/\/agenciainfra.com\/blog\/wp-content\/uploads\/2024\/11\/apresentacao-fraport-fotos-16-1024x576.jpg\" data-width=\"800\" data-height=\"450\" aria-label=\"\" role=\"img\" ><\/div>\n\t\t\t\t\t\t\t\t\t\t\t<div class=\"elementor-gallery-item__overlay\"><\/div>\n\t\t\t\t\t\t\t\t\t\t\t\t\t\t<\/a>\n\t\t\t\t\t\t\t<a class=\"e-gallery-item elementor-gallery-item elementor-animated-content\" href=\"https:\/\/agenciainfra.com\/blog\/wp-content\/uploads\/2024\/11\/apresentacao-fraport-fotos-18.jpg\" data-elementor-open-lightbox=\"yes\" data-elementor-lightbox-slideshow=\"b943039\" data-elementor-lightbox-title=\"apresentacao-fraport-fotos (18)\" data-e-action-hash=\"#elementor-action%3Aaction%3Dlightbox%26settings%3DeyJpZCI6MTkxNzgsInVybCI6Imh0dHBzOlwvXC9hZ2VuY2lhaW5mcmEuY29tXC9ibG9nXC93cC1jb250ZW50XC91cGxvYWRzXC8yMDI0XC8xMVwvYXByZXNlbnRhY2FvLWZyYXBvcnQtZm90b3MtMTguanBnIiwic2xpZGVzaG93IjoiYjk0MzAzOSJ9\">\n\t\t\t\t\t<div class=\"e-gallery-image elementor-gallery-item__image\" data-thumbnail=\"https:\/\/agenciainfra.com\/blog\/wp-content\/uploads\/2024\/11\/apresentacao-fraport-fotos-18.jpg\" data-width=\"774\" data-height=\"436\" aria-label=\"\" role=\"img\" ><\/div>\n\t\t\t\t\t\t\t\t\t\t\t<div class=\"elementor-gallery-item__overlay\"><\/div>\n\t\t\t\t\t\t\t\t\t\t\t\t\t\t<\/a>\n\t\t\t\t\t\t\t<a class=\"e-gallery-item elementor-gallery-item elementor-animated-content\" href=\"https:\/\/agenciainfra.com\/blog\/wp-content\/uploads\/2024\/11\/apresentacao-fraport-fotos-13.jpg\" data-elementor-open-lightbox=\"yes\" data-elementor-lightbox-slideshow=\"b943039\" data-elementor-lightbox-title=\"apresentacao-fraport-fotos (13)\" data-e-action-hash=\"#elementor-action%3Aaction%3Dlightbox%26settings%3DeyJpZCI6MTkxNzMsInVybCI6Imh0dHBzOlwvXC9hZ2VuY2lhaW5mcmEuY29tXC9ibG9nXC93cC1jb250ZW50XC91cGxvYWRzXC8yMDI0XC8xMVwvYXByZXNlbnRhY2FvLWZyYXBvcnQtZm90b3MtMTMuanBnIiwic2xpZGVzaG93IjoiYjk0MzAzOSJ9\">\n\t\t\t\t\t<div class=\"e-gallery-image elementor-gallery-item__image\" data-thumbnail=\"https:\/\/agenciainfra.com\/blog\/wp-content\/uploads\/2024\/11\/apresentacao-fraport-fotos-13-1024x576.jpg\" data-width=\"800\" data-height=\"450\" aria-label=\"\" role=\"img\" ><\/div>\n\t\t\t\t\t\t\t\t\t\t\t<div class=\"elementor-gallery-item__overlay\"><\/div>\n\t\t\t\t\t\t\t\t\t\t\t\t\t\t<\/a>\n\t\t\t\t\t\t\t<a class=\"e-gallery-item elementor-gallery-item elementor-animated-content\" href=\"https:\/\/agenciainfra.com\/blog\/wp-content\/uploads\/2024\/11\/apresentacao-fraport-fotos-12.jpg\" data-elementor-open-lightbox=\"yes\" data-elementor-lightbox-slideshow=\"b943039\" data-elementor-lightbox-title=\"apresentacao-fraport-fotos (12)\" data-e-action-hash=\"#elementor-action%3Aaction%3Dlightbox%26settings%3DeyJpZCI6MTkxNzIsInVybCI6Imh0dHBzOlwvXC9hZ2VuY2lhaW5mcmEuY29tXC9ibG9nXC93cC1jb250ZW50XC91cGxvYWRzXC8yMDI0XC8xMVwvYXByZXNlbnRhY2FvLWZyYXBvcnQtZm90b3MtMTIuanBnIiwic2xpZGVzaG93IjoiYjk0MzAzOSJ9\">\n\t\t\t\t\t<div class=\"e-gallery-image elementor-gallery-item__image\" data-thumbnail=\"https:\/\/agenciainfra.com\/blog\/wp-content\/uploads\/2024\/11\/apresentacao-fraport-fotos-12-1024x576.jpg\" data-width=\"800\" data-height=\"450\" aria-label=\"\" role=\"img\" ><\/div>\n\t\t\t\t\t\t\t\t\t\t\t<div class=\"elementor-gallery-item__overlay\"><\/div>\n\t\t\t\t\t\t\t\t\t\t\t\t\t\t<\/a>\n\t\t\t\t\t\t\t<a class=\"e-gallery-item elementor-gallery-item elementor-animated-content\" href=\"https:\/\/agenciainfra.com\/blog\/wp-content\/uploads\/2024\/11\/apresentacao-fraport-fotos-10.jpg\" data-elementor-open-lightbox=\"yes\" data-elementor-lightbox-slideshow=\"b943039\" data-elementor-lightbox-title=\"apresentacao-fraport-fotos (10)\" data-e-action-hash=\"#elementor-action%3Aaction%3Dlightbox%26settings%3DeyJpZCI6MTkxNzAsInVybCI6Imh0dHBzOlwvXC9hZ2VuY2lhaW5mcmEuY29tXC9ibG9nXC93cC1jb250ZW50XC91cGxvYWRzXC8yMDI0XC8xMVwvYXByZXNlbnRhY2FvLWZyYXBvcnQtZm90b3MtMTAuanBnIiwic2xpZGVzaG93IjoiYjk0MzAzOSJ9\">\n\t\t\t\t\t<div class=\"e-gallery-image elementor-gallery-item__image\" data-thumbnail=\"https:\/\/agenciainfra.com\/blog\/wp-content\/uploads\/2024\/11\/apresentacao-fraport-fotos-10-1024x576.jpg\" data-width=\"800\" data-height=\"450\" aria-label=\"\" role=\"img\" ><\/div>\n\t\t\t\t\t\t\t\t\t\t\t<div class=\"elementor-gallery-item__overlay\"><\/div>\n\t\t\t\t\t\t\t\t\t\t\t\t\t\t<\/a>\n\t\t\t\t\t\t\t<a class=\"e-gallery-item elementor-gallery-item elementor-animated-content\" href=\"https:\/\/agenciainfra.com\/blog\/wp-content\/uploads\/2024\/11\/apresentacao-fraport-fotos-11.jpg\" data-elementor-open-lightbox=\"yes\" data-elementor-lightbox-slideshow=\"b943039\" data-elementor-lightbox-title=\"apresentacao-fraport-fotos (11)\" data-e-action-hash=\"#elementor-action%3Aaction%3Dlightbox%26settings%3DeyJpZCI6MTkxNzEsInVybCI6Imh0dHBzOlwvXC9hZ2VuY2lhaW5mcmEuY29tXC9ibG9nXC93cC1jb250ZW50XC91cGxvYWRzXC8yMDI0XC8xMVwvYXByZXNlbnRhY2FvLWZyYXBvcnQtZm90b3MtMTEuanBnIiwic2xpZGVzaG93IjoiYjk0MzAzOSJ9\">\n\t\t\t\t\t<div class=\"e-gallery-image elementor-gallery-item__image\" data-thumbnail=\"https:\/\/agenciainfra.com\/blog\/wp-content\/uploads\/2024\/11\/apresentacao-fraport-fotos-11-1024x576.jpg\" data-width=\"800\" data-height=\"450\" aria-label=\"\" role=\"img\" ><\/div>\n\t\t\t\t\t\t\t\t\t\t\t<div class=\"elementor-gallery-item__overlay\"><\/div>\n\t\t\t\t\t\t\t\t\t\t\t\t\t\t<\/a>\n\t\t\t\t\t\t\t<a class=\"e-gallery-item elementor-gallery-item elementor-animated-content\" href=\"https:\/\/agenciainfra.com\/blog\/wp-content\/uploads\/2024\/11\/apresentacao-fraport-fotos-9.jpg\" data-elementor-open-lightbox=\"yes\" data-elementor-lightbox-slideshow=\"b943039\" data-elementor-lightbox-title=\"apresentacao-fraport-fotos (9)\" data-e-action-hash=\"#elementor-action%3Aaction%3Dlightbox%26settings%3DeyJpZCI6MTkxNjksInVybCI6Imh0dHBzOlwvXC9hZ2VuY2lhaW5mcmEuY29tXC9ibG9nXC93cC1jb250ZW50XC91cGxvYWRzXC8yMDI0XC8xMVwvYXByZXNlbnRhY2FvLWZyYXBvcnQtZm90b3MtOS5qcGciLCJzbGlkZXNob3ciOiJiOTQzMDM5In0%3D\">\n\t\t\t\t\t<div class=\"e-gallery-image elementor-gallery-item__image\" data-thumbnail=\"https:\/\/agenciainfra.com\/blog\/wp-content\/uploads\/2024\/11\/apresentacao-fraport-fotos-9-1024x576.jpg\" data-width=\"800\" data-height=\"450\" aria-label=\"\" role=\"img\" ><\/div>\n\t\t\t\t\t\t\t\t\t\t\t<div class=\"elementor-gallery-item__overlay\"><\/div>\n\t\t\t\t\t\t\t\t\t\t\t\t\t\t<\/a>\n\t\t\t\t\t\t\t<a class=\"e-gallery-item elementor-gallery-item elementor-animated-content\" href=\"https:\/\/agenciainfra.com\/blog\/wp-content\/uploads\/2024\/11\/apresentacao-fraport-fotos-8.jpg\" data-elementor-open-lightbox=\"yes\" data-elementor-lightbox-slideshow=\"b943039\" data-elementor-lightbox-title=\"apresentacao-fraport-fotos (8)\" data-e-action-hash=\"#elementor-action%3Aaction%3Dlightbox%26settings%3DeyJpZCI6MTkxNjgsInVybCI6Imh0dHBzOlwvXC9hZ2VuY2lhaW5mcmEuY29tXC9ibG9nXC93cC1jb250ZW50XC91cGxvYWRzXC8yMDI0XC8xMVwvYXByZXNlbnRhY2FvLWZyYXBvcnQtZm90b3MtOC5qcGciLCJzbGlkZXNob3ciOiJiOTQzMDM5In0%3D\">\n\t\t\t\t\t<div class=\"e-gallery-image elementor-gallery-item__image\" data-thumbnail=\"https:\/\/agenciainfra.com\/blog\/wp-content\/uploads\/2024\/11\/apresentacao-fraport-fotos-8-1024x576.jpg\" data-width=\"800\" data-height=\"450\" aria-label=\"\" role=\"img\" ><\/div>\n\t\t\t\t\t\t\t\t\t\t\t<div class=\"elementor-gallery-item__overlay\"><\/div>\n\t\t\t\t\t\t\t\t\t\t\t\t\t\t<\/a>\n\t\t\t\t\t\t\t<a class=\"e-gallery-item elementor-gallery-item elementor-animated-content\" href=\"https:\/\/agenciainfra.com\/blog\/wp-content\/uploads\/2024\/11\/apresentacao-fraport-fotos-7.jpg\" data-elementor-open-lightbox=\"yes\" data-elementor-lightbox-slideshow=\"b943039\" data-elementor-lightbox-title=\"apresentacao-fraport-fotos (7)\" data-e-action-hash=\"#elementor-action%3Aaction%3Dlightbox%26settings%3DeyJpZCI6MTkxNjcsInVybCI6Imh0dHBzOlwvXC9hZ2VuY2lhaW5mcmEuY29tXC9ibG9nXC93cC1jb250ZW50XC91cGxvYWRzXC8yMDI0XC8xMVwvYXByZXNlbnRhY2FvLWZyYXBvcnQtZm90b3MtNy5qcGciLCJzbGlkZXNob3ciOiJiOTQzMDM5In0%3D\">\n\t\t\t\t\t<div class=\"e-gallery-image elementor-gallery-item__image\" data-thumbnail=\"https:\/\/agenciainfra.com\/blog\/wp-content\/uploads\/2024\/11\/apresentacao-fraport-fotos-7-1024x576.jpg\" data-width=\"800\" data-height=\"450\" aria-label=\"\" role=\"img\" ><\/div>\n\t\t\t\t\t\t\t\t\t\t\t<div class=\"elementor-gallery-item__overlay\"><\/div>\n\t\t\t\t\t\t\t\t\t\t\t\t\t\t<\/a>\n\t\t\t\t\t\t\t<a class=\"e-gallery-item elementor-gallery-item elementor-animated-content\" href=\"https:\/\/agenciainfra.com\/blog\/wp-content\/uploads\/2024\/11\/apresentacao-fraport-fotos-6.jpg\" data-elementor-open-lightbox=\"yes\" data-elementor-lightbox-slideshow=\"b943039\" data-elementor-lightbox-title=\"apresentacao-fraport-fotos (6)\" data-e-action-hash=\"#elementor-action%3Aaction%3Dlightbox%26settings%3DeyJpZCI6MTkxNjYsInVybCI6Imh0dHBzOlwvXC9hZ2VuY2lhaW5mcmEuY29tXC9ibG9nXC93cC1jb250ZW50XC91cGxvYWRzXC8yMDI0XC8xMVwvYXByZXNlbnRhY2FvLWZyYXBvcnQtZm90b3MtNi5qcGciLCJzbGlkZXNob3ciOiJiOTQzMDM5In0%3D\">\n\t\t\t\t\t<div class=\"e-gallery-image elementor-gallery-item__image\" data-thumbnail=\"https:\/\/agenciainfra.com\/blog\/wp-content\/uploads\/2024\/11\/apresentacao-fraport-fotos-6-1024x576.jpg\" data-width=\"800\" data-height=\"450\" aria-label=\"\" role=\"img\" ><\/div>\n\t\t\t\t\t\t\t\t\t\t\t<div class=\"elementor-gallery-item__overlay\"><\/div>\n\t\t\t\t\t\t\t\t\t\t\t\t\t\t<\/a>\n\t\t\t\t\t\t\t<a class=\"e-gallery-item elementor-gallery-item elementor-animated-content\" href=\"https:\/\/agenciainfra.com\/blog\/wp-content\/uploads\/2024\/11\/apresentacao-fraport-fotos-5.jpg\" data-elementor-open-lightbox=\"yes\" data-elementor-lightbox-slideshow=\"b943039\" data-elementor-lightbox-title=\"apresentacao-fraport-fotos (5)\" data-e-action-hash=\"#elementor-action%3Aaction%3Dlightbox%26settings%3DeyJpZCI6MTkxNjUsInVybCI6Imh0dHBzOlwvXC9hZ2VuY2lhaW5mcmEuY29tXC9ibG9nXC93cC1jb250ZW50XC91cGxvYWRzXC8yMDI0XC8xMVwvYXByZXNlbnRhY2FvLWZyYXBvcnQtZm90b3MtNS5qcGciLCJzbGlkZXNob3ciOiJiOTQzMDM5In0%3D\">\n\t\t\t\t\t<div class=\"e-gallery-image elementor-gallery-item__image\" data-thumbnail=\"https:\/\/agenciainfra.com\/blog\/wp-content\/uploads\/2024\/11\/apresentacao-fraport-fotos-5-1024x576.jpg\" data-width=\"800\" data-height=\"450\" aria-label=\"\" role=\"img\" ><\/div>\n\t\t\t\t\t\t\t\t\t\t\t<div class=\"elementor-gallery-item__overlay\"><\/div>\n\t\t\t\t\t\t\t\t\t\t\t\t\t\t<\/a>\n\t\t\t\t\t\t\t<a class=\"e-gallery-item elementor-gallery-item elementor-animated-content\" href=\"https:\/\/agenciainfra.com\/blog\/wp-content\/uploads\/2024\/11\/apresentacao-fraport-fotos-4.jpg\" data-elementor-open-lightbox=\"yes\" data-elementor-lightbox-slideshow=\"b943039\" data-elementor-lightbox-title=\"apresentacao-fraport-fotos (4)\" data-e-action-hash=\"#elementor-action%3Aaction%3Dlightbox%26settings%3DeyJpZCI6MTkxNjQsInVybCI6Imh0dHBzOlwvXC9hZ2VuY2lhaW5mcmEuY29tXC9ibG9nXC93cC1jb250ZW50XC91cGxvYWRzXC8yMDI0XC8xMVwvYXByZXNlbnRhY2FvLWZyYXBvcnQtZm90b3MtNC5qcGciLCJzbGlkZXNob3ciOiJiOTQzMDM5In0%3D\">\n\t\t\t\t\t<div class=\"e-gallery-image elementor-gallery-item__image\" data-thumbnail=\"https:\/\/agenciainfra.com\/blog\/wp-content\/uploads\/2024\/11\/apresentacao-fraport-fotos-4-1024x768.jpg\" data-width=\"800\" data-height=\"600\" aria-label=\"\" role=\"img\" ><\/div>\n\t\t\t\t\t\t\t\t\t\t\t<div class=\"elementor-gallery-item__overlay\"><\/div>\n\t\t\t\t\t\t\t\t\t\t\t\t\t\t<\/a>\n\t\t\t\t\t\t\t<a class=\"e-gallery-item elementor-gallery-item elementor-animated-content\" href=\"https:\/\/agenciainfra.com\/blog\/wp-content\/uploads\/2024\/11\/apresentacao-fraport-fotos-3.jpg\" data-elementor-open-lightbox=\"yes\" data-elementor-lightbox-slideshow=\"b943039\" data-elementor-lightbox-title=\"apresentacao-fraport-fotos (3)\" data-e-action-hash=\"#elementor-action%3Aaction%3Dlightbox%26settings%3DeyJpZCI6MTkxNjMsInVybCI6Imh0dHBzOlwvXC9hZ2VuY2lhaW5mcmEuY29tXC9ibG9nXC93cC1jb250ZW50XC91cGxvYWRzXC8yMDI0XC8xMVwvYXByZXNlbnRhY2FvLWZyYXBvcnQtZm90b3MtMy5qcGciLCJzbGlkZXNob3ciOiJiOTQzMDM5In0%3D\">\n\t\t\t\t\t<div class=\"e-gallery-image elementor-gallery-item__image\" data-thumbnail=\"https:\/\/agenciainfra.com\/blog\/wp-content\/uploads\/2024\/11\/apresentacao-fraport-fotos-3.jpg\" data-width=\"739\" data-height=\"844\" aria-label=\"\" role=\"img\" ><\/div>\n\t\t\t\t\t\t\t\t\t\t\t<div class=\"elementor-gallery-item__overlay\"><\/div>\n\t\t\t\t\t\t\t\t\t\t\t\t\t\t<\/a>\n\t\t\t\t\t\t\t<a class=\"e-gallery-item elementor-gallery-item elementor-animated-content\" href=\"https:\/\/agenciainfra.com\/blog\/wp-content\/uploads\/2024\/11\/apresentacao-fraport-fotos-2.jpg\" data-elementor-open-lightbox=\"yes\" data-elementor-lightbox-slideshow=\"b943039\" data-elementor-lightbox-title=\"apresentacao-fraport-fotos (2)\" data-e-action-hash=\"#elementor-action%3Aaction%3Dlightbox%26settings%3DeyJpZCI6MTkxNjIsInVybCI6Imh0dHBzOlwvXC9hZ2VuY2lhaW5mcmEuY29tXC9ibG9nXC93cC1jb250ZW50XC91cGxvYWRzXC8yMDI0XC8xMVwvYXByZXNlbnRhY2FvLWZyYXBvcnQtZm90b3MtMi5qcGciLCJzbGlkZXNob3ciOiJiOTQzMDM5In0%3D\">\n\t\t\t\t\t<div class=\"e-gallery-image elementor-gallery-item__image\" data-thumbnail=\"https:\/\/agenciainfra.com\/blog\/wp-content\/uploads\/2024\/11\/apresentacao-fraport-fotos-2.jpg\" data-width=\"696\" data-height=\"392\" aria-label=\"\" role=\"img\" ><\/div>\n\t\t\t\t\t\t\t\t\t\t\t<div class=\"elementor-gallery-item__overlay\"><\/div>\n\t\t\t\t\t\t\t\t\t\t\t\t\t\t<\/a>\n\t\t\t\t\t\t\t<a class=\"e-gallery-item elementor-gallery-item elementor-animated-content\" href=\"https:\/\/agenciainfra.com\/blog\/wp-content\/uploads\/2024\/11\/apresentacao-fraport-fotos-1.jpg\" data-elementor-open-lightbox=\"yes\" data-elementor-lightbox-slideshow=\"b943039\" data-elementor-lightbox-title=\"apresentacao-fraport-fotos (1)\" data-e-action-hash=\"#elementor-action%3Aaction%3Dlightbox%26settings%3DeyJpZCI6MTkxNjEsInVybCI6Imh0dHBzOlwvXC9hZ2VuY2lhaW5mcmEuY29tXC9ibG9nXC93cC1jb250ZW50XC91cGxvYWRzXC8yMDI0XC8xMVwvYXByZXNlbnRhY2FvLWZyYXBvcnQtZm90b3MtMS5qcGciLCJzbGlkZXNob3ciOiJiOTQzMDM5In0%3D\">\n\t\t\t\t\t<div class=\"e-gallery-image elementor-gallery-item__image\" data-thumbnail=\"https:\/\/agenciainfra.com\/blog\/wp-content\/uploads\/2024\/11\/apresentacao-fraport-fotos-1-1024x576.jpg\" data-width=\"800\" data-height=\"450\" aria-label=\"\" role=\"img\" ><\/div>\n\t\t\t\t\t\t\t\t\t\t\t<div class=\"elementor-gallery-item__overlay\"><\/div>\n\t\t\t\t\t\t\t\t\t\t\t\t\t\t<\/a>\n\t\t\t\t\t<\/div>\n\t\t\t\t\t<\/div>\n\t\t\t\t<\/div>\n\t\t\t\t\t<\/div>\n\t\t\t\t<\/div>\n\t\t\t\t<\/div>\n\t\t","protected":false},"excerpt":{"rendered":"<p>Dimmi Amora, da Ag\u00eancia iNFRA Numa cal\u00e7ada de cer\u00e2mica, \u00e0 frente de uma parede envidra\u00e7ada que d\u00e1 acesso a uma confort\u00e1vel sala de espera, um fog\u00e3o a lenha preparava o caf\u00e9 de trabalhadores e executivos que dormiam em colchonetes improvisados no sal\u00e3o em frente. Era hora de come\u00e7ar a rotina, que envolvia tentar salvar o [&hellip;]<\/p>\n","protected":false},"author":1,"featured_media":19136,"comment_status":"closed","ping_status":"closed","sticky":false,"template":"","format":"standard","meta":{"_monsterinsights_skip_tracking":false,"_monsterinsights_sitenote_active":false,"_monsterinsights_sitenote_note":"","_monsterinsights_sitenote_category":0,"footnotes":""},"categories":[9714,1,7],"tags":[60,11301,11548,242,11706,9417,11704,9591,11705],"class_list":["post-19120","post","type-post","status-publish","format-standard","has-post-thumbnail","hentry","category-destaque-menor","category-geral","category-infratransporte","tag-aeroporto","tag-aeroporto-de-porto-alegre","tag-aeroporto-salgado-filho","tag-anac","tag-edgard-nogueira","tag-enchente","tag-enchente-no-rs","tag-fraport","tag-leonardo-carnielle"],"yoast_head":"<!-- This site is optimized with the Yoast SEO Premium plugin v25.4 (Yoast SEO v26.0) - https:\/\/yoast.com\/wordpress\/plugins\/seo\/ -->\n<title>A saga de 15 volunt\u00e1rios para proteger o aeroporto por mais tempo alagado no mundo - Ag\u00eancia iNFRA<\/title>\n<meta name=\"robots\" content=\"index, follow, max-snippet:-1, max-image-preview:large, max-video-preview:-1\" \/>\n<link rel=\"canonical\" href=\"https:\/\/agenciainfra.com\/blog\/a-saga-de-15-voluntarios-para-proteger-o-aeroporto-por-mais-tempo-alagado-no-mundo\/\" \/>\n<meta property=\"og:locale\" content=\"pt_BR\" \/>\n<meta property=\"og:type\" content=\"article\" \/>\n<meta property=\"og:title\" content=\"A saga de 15 volunt\u00e1rios para proteger o aeroporto por mais tempo alagado no mundo\" \/>\n<meta property=\"og:description\" content=\"Dimmi Amora, da Ag\u00eancia iNFRA Numa cal\u00e7ada de cer\u00e2mica, \u00e0 frente de uma parede envidra\u00e7ada que d\u00e1 acesso a uma confort\u00e1vel sala de espera, um fog\u00e3o a lenha preparava o caf\u00e9 de trabalhadores e executivos que dormiam em colchonetes improvisados no sal\u00e3o em frente. Era hora de come\u00e7ar a rotina, que envolvia tentar salvar o [&hellip;]\" \/>\n<meta property=\"og:url\" content=\"https:\/\/agenciainfra.com\/blog\/a-saga-de-15-voluntarios-para-proteger-o-aeroporto-por-mais-tempo-alagado-no-mundo\/\" \/>\n<meta property=\"og:site_name\" content=\"Ag\u00eancia iNFRA\" \/>\n<meta property=\"article:publisher\" content=\"https:\/\/www.facebook.com\/ageninfra\" \/>\n<meta property=\"article:published_time\" content=\"2024-11-13T14:00:00+00:00\" \/>\n<meta property=\"article:modified_time\" content=\"2024-11-14T14:12:23+00:00\" \/>\n<meta property=\"og:image\" content=\"https:\/\/agenciainfra.com\/blog\/wp-content\/uploads\/2024\/11\/foto-aeroporto-de-porto-alegre-fraport-1.jpg\" \/>\n\t<meta property=\"og:image:width\" content=\"2390\" \/>\n\t<meta property=\"og:image:height\" content=\"1342\" \/>\n\t<meta property=\"og:image:type\" content=\"image\/jpeg\" \/>\n<meta name=\"author\" content=\"Ag\u00eancia iNFRA\" \/>\n<meta name=\"twitter:card\" content=\"summary_large_image\" \/>\n<meta name=\"twitter:creator\" content=\"@agencia_infra\" \/>\n<meta name=\"twitter:site\" content=\"@agencia_infra\" \/>\n<meta name=\"twitter:label1\" content=\"Escrito por\" \/>\n\t<meta name=\"twitter:data1\" content=\"Ag\u00eancia iNFRA\" \/>\n\t<meta name=\"twitter:label2\" content=\"Est. tempo de leitura\" \/>\n\t<meta name=\"twitter:data2\" content=\"9 minutos\" \/>\n<script type=\"application\/ld+json\" class=\"yoast-schema-graph\">{\"@context\":\"https:\/\/schema.org\",\"@graph\":[{\"@type\":\"Article\",\"@id\":\"https:\/\/agenciainfra.com\/blog\/a-saga-de-15-voluntarios-para-proteger-o-aeroporto-por-mais-tempo-alagado-no-mundo\/#article\",\"isPartOf\":{\"@id\":\"https:\/\/agenciainfra.com\/blog\/a-saga-de-15-voluntarios-para-proteger-o-aeroporto-por-mais-tempo-alagado-no-mundo\/\"},\"author\":{\"name\":\"Ag\u00eancia iNFRA\",\"@id\":\"https:\/\/agenciainfra.com\/blog\/#\/schema\/person\/34af08dff6adea4cb22b06612ba7acfa\"},\"headline\":\"A saga de 15 volunt\u00e1rios para proteger o aeroporto por mais tempo alagado no mundo\",\"datePublished\":\"2024-11-13T14:00:00+00:00\",\"dateModified\":\"2024-11-14T14:12:23+00:00\",\"mainEntityOfPage\":{\"@id\":\"https:\/\/agenciainfra.com\/blog\/a-saga-de-15-voluntarios-para-proteger-o-aeroporto-por-mais-tempo-alagado-no-mundo\/\"},\"wordCount\":1740,\"publisher\":{\"@id\":\"https:\/\/agenciainfra.com\/blog\/#organization\"},\"image\":{\"@id\":\"https:\/\/agenciainfra.com\/blog\/a-saga-de-15-voluntarios-para-proteger-o-aeroporto-por-mais-tempo-alagado-no-mundo\/#primaryimage\"},\"thumbnailUrl\":\"https:\/\/agenciainfra.com\/blog\/wp-content\/uploads\/2024\/11\/foto-aeroporto-de-porto-alegre-fraport-1.jpg\",\"keywords\":[\"aeroporto\",\"aeroporto de Porto Alegre\",\"aeroporto salgado filho\",\"ANAC\",\"Edgard Nogueira\",\"Enchente\",\"enchente no RS\",\"Fraport\",\"Leonardo Carnielle\"],\"articleSection\":[\"Destaque Menor\",\"Geral\",\"iNFRATransporte\"],\"inLanguage\":\"pt-BR\",\"copyrightYear\":\"2024\",\"copyrightHolder\":{\"@id\":\"https:\/\/agenciainfra.com\/blog\/#organization\"}},{\"@type\":\"WebPage\",\"@id\":\"https:\/\/agenciainfra.com\/blog\/a-saga-de-15-voluntarios-para-proteger-o-aeroporto-por-mais-tempo-alagado-no-mundo\/\",\"url\":\"https:\/\/agenciainfra.com\/blog\/a-saga-de-15-voluntarios-para-proteger-o-aeroporto-por-mais-tempo-alagado-no-mundo\/\",\"name\":\"A saga de 15 volunt\u00e1rios para proteger o aeroporto por mais tempo alagado no mundo - Ag\u00eancia iNFRA\",\"isPartOf\":{\"@id\":\"https:\/\/agenciainfra.com\/blog\/#website\"},\"primaryImageOfPage\":{\"@id\":\"https:\/\/agenciainfra.com\/blog\/a-saga-de-15-voluntarios-para-proteger-o-aeroporto-por-mais-tempo-alagado-no-mundo\/#primaryimage\"},\"image\":{\"@id\":\"https:\/\/agenciainfra.com\/blog\/a-saga-de-15-voluntarios-para-proteger-o-aeroporto-por-mais-tempo-alagado-no-mundo\/#primaryimage\"},\"thumbnailUrl\":\"https:\/\/agenciainfra.com\/blog\/wp-content\/uploads\/2024\/11\/foto-aeroporto-de-porto-alegre-fraport-1.jpg\",\"datePublished\":\"2024-11-13T14:00:00+00:00\",\"dateModified\":\"2024-11-14T14:12:23+00:00\",\"breadcrumb\":{\"@id\":\"https:\/\/agenciainfra.com\/blog\/a-saga-de-15-voluntarios-para-proteger-o-aeroporto-por-mais-tempo-alagado-no-mundo\/#breadcrumb\"},\"inLanguage\":\"pt-BR\",\"potentialAction\":[{\"@type\":\"ReadAction\",\"target\":[\"https:\/\/agenciainfra.com\/blog\/a-saga-de-15-voluntarios-para-proteger-o-aeroporto-por-mais-tempo-alagado-no-mundo\/\"]}]},{\"@type\":\"ImageObject\",\"inLanguage\":\"pt-BR\",\"@id\":\"https:\/\/agenciainfra.com\/blog\/a-saga-de-15-voluntarios-para-proteger-o-aeroporto-por-mais-tempo-alagado-no-mundo\/#primaryimage\",\"url\":\"https:\/\/agenciainfra.com\/blog\/wp-content\/uploads\/2024\/11\/foto-aeroporto-de-porto-alegre-fraport-1.jpg\",\"contentUrl\":\"https:\/\/agenciainfra.com\/blog\/wp-content\/uploads\/2024\/11\/foto-aeroporto-de-porto-alegre-fraport-1.jpg\",\"width\":2390,\"height\":1342},{\"@type\":\"BreadcrumbList\",\"@id\":\"https:\/\/agenciainfra.com\/blog\/a-saga-de-15-voluntarios-para-proteger-o-aeroporto-por-mais-tempo-alagado-no-mundo\/#breadcrumb\",\"itemListElement\":[{\"@type\":\"ListItem\",\"position\":1,\"name\":\"In\u00edcio\",\"item\":\"https:\/\/agenciainfra.com\/blog\/\"},{\"@type\":\"ListItem\",\"position\":2,\"name\":\"A saga de 15 volunt\u00e1rios para proteger o aeroporto por mais tempo alagado no mundo\"}]},{\"@type\":\"WebSite\",\"@id\":\"https:\/\/agenciainfra.com\/blog\/#website\",\"url\":\"https:\/\/agenciainfra.com\/blog\/\",\"name\":\"Ag\u00eancia iNFRA\",\"description\":\"Multiplataforma de informa\u00e7\u00e3o jornal\u00edstica refer\u00eancia na \u00e1rea de infraestrutura no Brasil!\",\"publisher\":{\"@id\":\"https:\/\/agenciainfra.com\/blog\/#organization\"},\"potentialAction\":[{\"@type\":\"SearchAction\",\"target\":{\"@type\":\"EntryPoint\",\"urlTemplate\":\"https:\/\/agenciainfra.com\/blog\/?s={search_term_string}\"},\"query-input\":{\"@type\":\"PropertyValueSpecification\",\"valueRequired\":true,\"valueName\":\"search_term_string\"}}],\"inLanguage\":\"pt-BR\"},{\"@type\":\"Organization\",\"@id\":\"https:\/\/agenciainfra.com\/blog\/#organization\",\"name\":\"Ag\u00eancia iNFRA\",\"url\":\"https:\/\/agenciainfra.com\/blog\/\",\"logo\":{\"@type\":\"ImageObject\",\"inLanguage\":\"pt-BR\",\"@id\":\"https:\/\/agenciainfra.com\/blog\/#\/schema\/logo\/image\/\",\"url\":\"https:\/\/agenciainfra.com\/blog\/wp-content\/uploads\/2023\/09\/iNFRA_5-e1761735885940.png\",\"contentUrl\":\"https:\/\/agenciainfra.com\/blog\/wp-content\/uploads\/2023\/09\/iNFRA_5-e1761735885940.png\",\"width\":1672,\"height\":454,\"caption\":\"Ag\u00eancia iNFRA\"},\"image\":{\"@id\":\"https:\/\/agenciainfra.com\/blog\/#\/schema\/logo\/image\/\"},\"sameAs\":[\"https:\/\/www.facebook.com\/ageninfra\",\"https:\/\/x.com\/agencia_infra\",\"https:\/\/www.linkedin.com\/company\/ag\u00eanciainfra\/\",\"https:\/\/www.instagram.com\/agenciainfra\/\"]},{\"@type\":\"Person\",\"@id\":\"https:\/\/agenciainfra.com\/blog\/#\/schema\/person\/34af08dff6adea4cb22b06612ba7acfa\",\"name\":\"Ag\u00eancia iNFRA\",\"image\":{\"@type\":\"ImageObject\",\"inLanguage\":\"pt-BR\",\"@id\":\"https:\/\/agenciainfra.com\/blog\/#\/schema\/person\/image\/\",\"url\":\"https:\/\/secure.gravatar.com\/avatar\/d189e01678f06d8eb84d4e01f08eb848b3fffe3f8443818d3c356c66892f5be8?s=96&d=mm&r=g\",\"contentUrl\":\"https:\/\/secure.gravatar.com\/avatar\/d189e01678f06d8eb84d4e01f08eb848b3fffe3f8443818d3c356c66892f5be8?s=96&d=mm&r=g\",\"caption\":\"Ag\u00eancia iNFRA\"},\"url\":\"https:\/\/agenciainfra.com\/blog\/author\/admin\/\"}]}<\/script>\n<!-- \/ Yoast SEO Premium plugin. -->","yoast_head_json":{"title":"A saga de 15 volunt\u00e1rios para proteger o aeroporto por mais tempo alagado no mundo - Ag\u00eancia iNFRA","robots":{"index":"index","follow":"follow","max-snippet":"max-snippet:-1","max-image-preview":"max-image-preview:large","max-video-preview":"max-video-preview:-1"},"canonical":"https:\/\/agenciainfra.com\/blog\/a-saga-de-15-voluntarios-para-proteger-o-aeroporto-por-mais-tempo-alagado-no-mundo\/","og_locale":"pt_BR","og_type":"article","og_title":"A saga de 15 volunt\u00e1rios para proteger o aeroporto por mais tempo alagado no mundo","og_description":"Dimmi Amora, da Ag\u00eancia iNFRA Numa cal\u00e7ada de cer\u00e2mica, \u00e0 frente de uma parede envidra\u00e7ada que d\u00e1 acesso a uma confort\u00e1vel sala de espera, um fog\u00e3o a lenha preparava o caf\u00e9 de trabalhadores e executivos que dormiam em colchonetes improvisados no sal\u00e3o em frente. Era hora de come\u00e7ar a rotina, que envolvia tentar salvar o [&hellip;]","og_url":"https:\/\/agenciainfra.com\/blog\/a-saga-de-15-voluntarios-para-proteger-o-aeroporto-por-mais-tempo-alagado-no-mundo\/","og_site_name":"Ag\u00eancia iNFRA","article_publisher":"https:\/\/www.facebook.com\/ageninfra","article_published_time":"2024-11-13T14:00:00+00:00","article_modified_time":"2024-11-14T14:12:23+00:00","og_image":[{"width":2390,"height":1342,"url":"https:\/\/agenciainfra.com\/blog\/wp-content\/uploads\/2024\/11\/foto-aeroporto-de-porto-alegre-fraport-1.jpg","type":"image\/jpeg"}],"author":"Ag\u00eancia iNFRA","twitter_card":"summary_large_image","twitter_creator":"@agencia_infra","twitter_site":"@agencia_infra","twitter_misc":{"Escrito por":"Ag\u00eancia iNFRA","Est. tempo de leitura":"9 minutos"},"schema":{"@context":"https:\/\/schema.org","@graph":[{"@type":"Article","@id":"https:\/\/agenciainfra.com\/blog\/a-saga-de-15-voluntarios-para-proteger-o-aeroporto-por-mais-tempo-alagado-no-mundo\/#article","isPartOf":{"@id":"https:\/\/agenciainfra.com\/blog\/a-saga-de-15-voluntarios-para-proteger-o-aeroporto-por-mais-tempo-alagado-no-mundo\/"},"author":{"name":"Ag\u00eancia iNFRA","@id":"https:\/\/agenciainfra.com\/blog\/#\/schema\/person\/34af08dff6adea4cb22b06612ba7acfa"},"headline":"A saga de 15 volunt\u00e1rios para proteger o aeroporto por mais tempo alagado no mundo","datePublished":"2024-11-13T14:00:00+00:00","dateModified":"2024-11-14T14:12:23+00:00","mainEntityOfPage":{"@id":"https:\/\/agenciainfra.com\/blog\/a-saga-de-15-voluntarios-para-proteger-o-aeroporto-por-mais-tempo-alagado-no-mundo\/"},"wordCount":1740,"publisher":{"@id":"https:\/\/agenciainfra.com\/blog\/#organization"},"image":{"@id":"https:\/\/agenciainfra.com\/blog\/a-saga-de-15-voluntarios-para-proteger-o-aeroporto-por-mais-tempo-alagado-no-mundo\/#primaryimage"},"thumbnailUrl":"https:\/\/agenciainfra.com\/blog\/wp-content\/uploads\/2024\/11\/foto-aeroporto-de-porto-alegre-fraport-1.jpg","keywords":["aeroporto","aeroporto de Porto Alegre","aeroporto salgado filho","ANAC","Edgard Nogueira","Enchente","enchente no RS","Fraport","Leonardo Carnielle"],"articleSection":["Destaque Menor","Geral","iNFRATransporte"],"inLanguage":"pt-BR","copyrightYear":"2024","copyrightHolder":{"@id":"https:\/\/agenciainfra.com\/blog\/#organization"}},{"@type":"WebPage","@id":"https:\/\/agenciainfra.com\/blog\/a-saga-de-15-voluntarios-para-proteger-o-aeroporto-por-mais-tempo-alagado-no-mundo\/","url":"https:\/\/agenciainfra.com\/blog\/a-saga-de-15-voluntarios-para-proteger-o-aeroporto-por-mais-tempo-alagado-no-mundo\/","name":"A saga de 15 volunt\u00e1rios para proteger o aeroporto por mais tempo alagado no mundo - Ag\u00eancia iNFRA","isPartOf":{"@id":"https:\/\/agenciainfra.com\/blog\/#website"},"primaryImageOfPage":{"@id":"https:\/\/agenciainfra.com\/blog\/a-saga-de-15-voluntarios-para-proteger-o-aeroporto-por-mais-tempo-alagado-no-mundo\/#primaryimage"},"image":{"@id":"https:\/\/agenciainfra.com\/blog\/a-saga-de-15-voluntarios-para-proteger-o-aeroporto-por-mais-tempo-alagado-no-mundo\/#primaryimage"},"thumbnailUrl":"https:\/\/agenciainfra.com\/blog\/wp-content\/uploads\/2024\/11\/foto-aeroporto-de-porto-alegre-fraport-1.jpg","datePublished":"2024-11-13T14:00:00+00:00","dateModified":"2024-11-14T14:12:23+00:00","breadcrumb":{"@id":"https:\/\/agenciainfra.com\/blog\/a-saga-de-15-voluntarios-para-proteger-o-aeroporto-por-mais-tempo-alagado-no-mundo\/#breadcrumb"},"inLanguage":"pt-BR","potentialAction":[{"@type":"ReadAction","target":["https:\/\/agenciainfra.com\/blog\/a-saga-de-15-voluntarios-para-proteger-o-aeroporto-por-mais-tempo-alagado-no-mundo\/"]}]},{"@type":"ImageObject","inLanguage":"pt-BR","@id":"https:\/\/agenciainfra.com\/blog\/a-saga-de-15-voluntarios-para-proteger-o-aeroporto-por-mais-tempo-alagado-no-mundo\/#primaryimage","url":"https:\/\/agenciainfra.com\/blog\/wp-content\/uploads\/2024\/11\/foto-aeroporto-de-porto-alegre-fraport-1.jpg","contentUrl":"https:\/\/agenciainfra.com\/blog\/wp-content\/uploads\/2024\/11\/foto-aeroporto-de-porto-alegre-fraport-1.jpg","width":2390,"height":1342},{"@type":"BreadcrumbList","@id":"https:\/\/agenciainfra.com\/blog\/a-saga-de-15-voluntarios-para-proteger-o-aeroporto-por-mais-tempo-alagado-no-mundo\/#breadcrumb","itemListElement":[{"@type":"ListItem","position":1,"name":"In\u00edcio","item":"https:\/\/agenciainfra.com\/blog\/"},{"@type":"ListItem","position":2,"name":"A saga de 15 volunt\u00e1rios para proteger o aeroporto por mais tempo alagado no mundo"}]},{"@type":"WebSite","@id":"https:\/\/agenciainfra.com\/blog\/#website","url":"https:\/\/agenciainfra.com\/blog\/","name":"Ag\u00eancia iNFRA","description":"Multiplataforma de informa\u00e7\u00e3o jornal\u00edstica refer\u00eancia na \u00e1rea de infraestrutura no Brasil!","publisher":{"@id":"https:\/\/agenciainfra.com\/blog\/#organization"},"potentialAction":[{"@type":"SearchAction","target":{"@type":"EntryPoint","urlTemplate":"https:\/\/agenciainfra.com\/blog\/?s={search_term_string}"},"query-input":{"@type":"PropertyValueSpecification","valueRequired":true,"valueName":"search_term_string"}}],"inLanguage":"pt-BR"},{"@type":"Organization","@id":"https:\/\/agenciainfra.com\/blog\/#organization","name":"Ag\u00eancia iNFRA","url":"https:\/\/agenciainfra.com\/blog\/","logo":{"@type":"ImageObject","inLanguage":"pt-BR","@id":"https:\/\/agenciainfra.com\/blog\/#\/schema\/logo\/image\/","url":"https:\/\/agenciainfra.com\/blog\/wp-content\/uploads\/2023\/09\/iNFRA_5-e1761735885940.png","contentUrl":"https:\/\/agenciainfra.com\/blog\/wp-content\/uploads\/2023\/09\/iNFRA_5-e1761735885940.png","width":1672,"height":454,"caption":"Ag\u00eancia iNFRA"},"image":{"@id":"https:\/\/agenciainfra.com\/blog\/#\/schema\/logo\/image\/"},"sameAs":["https:\/\/www.facebook.com\/ageninfra","https:\/\/x.com\/agencia_infra","https:\/\/www.linkedin.com\/company\/ag\u00eanciainfra\/","https:\/\/www.instagram.com\/agenciainfra\/"]},{"@type":"Person","@id":"https:\/\/agenciainfra.com\/blog\/#\/schema\/person\/34af08dff6adea4cb22b06612ba7acfa","name":"Ag\u00eancia iNFRA","image":{"@type":"ImageObject","inLanguage":"pt-BR","@id":"https:\/\/agenciainfra.com\/blog\/#\/schema\/person\/image\/","url":"https:\/\/secure.gravatar.com\/avatar\/d189e01678f06d8eb84d4e01f08eb848b3fffe3f8443818d3c356c66892f5be8?s=96&d=mm&r=g","contentUrl":"https:\/\/secure.gravatar.com\/avatar\/d189e01678f06d8eb84d4e01f08eb848b3fffe3f8443818d3c356c66892f5be8?s=96&d=mm&r=g","caption":"Ag\u00eancia iNFRA"},"url":"https:\/\/agenciainfra.com\/blog\/author\/admin\/"}]}},"_links":{"self":[{"href":"https:\/\/agenciainfra.com\/blog\/wp-json\/wp\/v2\/posts\/19120","targetHints":{"allow":["GET"]}}],"collection":[{"href":"https:\/\/agenciainfra.com\/blog\/wp-json\/wp\/v2\/posts"}],"about":[{"href":"https:\/\/agenciainfra.com\/blog\/wp-json\/wp\/v2\/types\/post"}],"author":[{"embeddable":true,"href":"https:\/\/agenciainfra.com\/blog\/wp-json\/wp\/v2\/users\/1"}],"replies":[{"embeddable":true,"href":"https:\/\/agenciainfra.com\/blog\/wp-json\/wp\/v2\/comments?post=19120"}],"version-history":[{"count":11,"href":"https:\/\/agenciainfra.com\/blog\/wp-json\/wp\/v2\/posts\/19120\/revisions"}],"predecessor-version":[{"id":19214,"href":"https:\/\/agenciainfra.com\/blog\/wp-json\/wp\/v2\/posts\/19120\/revisions\/19214"}],"wp:featuredmedia":[{"embeddable":true,"href":"https:\/\/agenciainfra.com\/blog\/wp-json\/wp\/v2\/media\/19136"}],"wp:attachment":[{"href":"https:\/\/agenciainfra.com\/blog\/wp-json\/wp\/v2\/media?parent=19120"}],"wp:term":[{"taxonomy":"category","embeddable":true,"href":"https:\/\/agenciainfra.com\/blog\/wp-json\/wp\/v2\/categories?post=19120"},{"taxonomy":"post_tag","embeddable":true,"href":"https:\/\/agenciainfra.com\/blog\/wp-json\/wp\/v2\/tags?post=19120"}],"curies":[{"name":"wp","href":"https:\/\/api.w.org\/{rel}","templated":true}]}}