{"id":19122,"date":"2024-11-11T12:00:00","date_gmt":"2024-11-11T15:00:00","guid":{"rendered":"https:\/\/agenciainfra.com\/blog\/?p=19122"},"modified":"2024-11-12T12:01:32","modified_gmt":"2024-11-12T15:01:32","slug":"aneel-pauta-processo-que-pode-levar-a-light-enel-e-neoenergia-a-desembolsar-mais-de-r-7-bilhoes","status":"publish","type":"post","link":"https:\/\/agenciainfra.com\/blog\/aneel-pauta-processo-que-pode-levar-a-light-enel-e-neoenergia-a-desembolsar-mais-de-r-7-bilhoes\/","title":{"rendered":"ANEEL pauta processo que pode levar a Light, Enel e Neoenergia a desembolsar mais de R$ 7 bilh\u00f5es"},"content":{"rendered":"\n<p class=\"has-text-align-right\"><strong>Geraldo Campos Jr. e Marisa Wanzeller, da Ag\u00eancia iNFRA<\/strong><\/p>\n\n\n\n<p>A ANEEL (Ag\u00eancia Nacional de Energia El\u00e9trica) pautou para amanh\u00e3 (12) a an\u00e1lise de processo que trata sobre o cumprimento dos crit\u00e9rios de sustentabilidade econ\u00f4mico-financeira das distribuidoras de energia exigidos pela\u00a0<a href=\"https:\/\/agenciainfra.us14.list-manage.com\/track\/click?u=d460dd1bcf9ba0ae040e1fc0f&amp;id=5bf89ddc3d&amp;e=55b7a27fc9\" target=\"_blank\" rel=\"noreferrer noopener\">REN (Resolu\u00e7\u00e3o Normativa) 948, de 2021<\/a>. O caso, relatado pelo diretor Fernando Mosna, pode levar empresas com endividamento acima do permitido a ter que realizar aportes de mais de R$ 7 bilh\u00f5es para cumprir os crit\u00e9rios.<br>\u00a0<br>Segundo fontes a par do caso, a depender do entendimento da diretoria, as empresas Light, Enel Rio e Neoenergia Bras\u00edlia seriam as mais atingidas e teriam que reduzir seus endividamentos para cumprir os crit\u00e9rios exigidos.<br>\u00a0<br>O caso da Light \u00e9\u00a0o mais delicado, j\u00e1 que teria que receber dos seus controladores cerca de R$ 4 bilh\u00f5es. \u00c9 mais do que o dobro do valor de mercado atual da distribuidora, de R$ 1,83 bilh\u00e3o. Na Enel Rio deveriam ser aportados aproximadamente R$ 2 bilh\u00f5es. E na Neoenergia Bras\u00edlia, cerca de R$ 1 bilh\u00e3o.<br>\u00a0<br>Essas distribuidoras tiveram endividamento anual acima do limite de 10 vezes o Lajida ou Ebitda (Lucros antes dos juros, tributos, deprecia\u00e7\u00e3o e amortiza\u00e7\u00e3o). Pela resolu\u00e7\u00e3o, nesses casos o controlador precisa adequar as d\u00edvidas ao limite.<br>\u00a0<br>No caso da Light, em 2022 o Ebitda da companhia foi negativo e em 2023, apesar de positivo, o endividamento segue superando os limites regulat\u00f3rios.<br>\u00a0<br><strong>Caducidade da concess\u00e3o<\/strong><br>Segundo as normas estabelecidas na REN 948\/2021, a empresa que descumprir os crit\u00e9rios de sustentabilidade econ\u00f4mico-financeiro por dois anos consecutivos ficar\u00e1 sujeita a processo de interven\u00e7\u00e3o administrativa e poss\u00edvel recomenda\u00e7\u00e3o de caducidade da concess\u00e3o.<br>\u00a0<br><strong>Cautelar<\/strong><br>A ag\u00eancia vai analisar o m\u00e9rito de pedidos de medida cautelar feitos pela Abradee (Associa\u00e7\u00e3o Brasileira de Distribuidores de Energia El\u00e9trica) e pela Neoenergia para suspender a necessidade dos aportes diante do descumprimento do crit\u00e9rio de efici\u00eancia econ\u00f4mico-financeira por distribuidoras referentes aos anos de 2022 e 2023 (dois anos consecutivos). Leia\u00a0<a href=\"https:\/\/agenciainfra.us14.list-manage.com\/track\/click?u=d460dd1bcf9ba0ae040e1fc0f&amp;id=2c3cc28a76&amp;e=55b7a27fc9\" target=\"_blank\" rel=\"noreferrer noopener\">aqui<\/a>\u00a0e\u00a0<a href=\"https:\/\/agenciainfra.us14.list-manage.com\/track\/click?u=d460dd1bcf9ba0ae040e1fc0f&amp;id=4642caf5ef&amp;e=55b7a27fc9\" target=\"_blank\" rel=\"noreferrer noopener\">aqui<\/a>\u00a0as NTs (notas t\u00e9cnicas) mais recentes sobre o assunto. H\u00e1 uma terceira NT, mas sob sigilo.<\/p>\n","protected":false},"excerpt":{"rendered":"<p>Geraldo Campos Jr. e Marisa Wanzeller, da Ag\u00eancia iNFRA A ANEEL (Ag\u00eancia Nacional de Energia El\u00e9trica) pautou para amanh\u00e3 (12) a an\u00e1lise de processo que trata sobre o cumprimento dos crit\u00e9rios de sustentabilidade econ\u00f4mico-financeira das distribuidoras de energia exigidos pela\u00a0REN (Resolu\u00e7\u00e3o Normativa) 948, de 2021. O caso, relatado pelo diretor Fernando Mosna, pode levar empresas [&hellip;]<\/p>\n","protected":false},"author":1,"featured_media":4397,"comment_status":"closed","ping_status":"closed","sticky":false,"template":"","format":"standard","meta":{"_monsterinsights_skip_tracking":false,"_monsterinsights_sitenote_active":false,"_monsterinsights_sitenote_note":"","_monsterinsights_sitenote_category":0,"footnotes":""},"categories":[7250,1,10],"tags":[494,53,616,7090,7014,11594,1867,7366,593,11709,11707,11708,1573],"class_list":["post-19122","post","type-post","status-publish","format-standard","has-post-thumbnail","hentry","category-destaque-lista","category-geral","category-infraenergia","tag-abradee","tag-aneel","tag-enel","tag-enel-rio","tag-fernando-mosna","tag-geraldo-campos-jr","tag-light","tag-marisa-wanzeller","tag-neoenergia","tag-pauta-aneel","tag-ren-948-2021","tag-resolucao-normativa-948-2021","tag-sustentabilidade"],"yoast_head":"<!-- This site is optimized with the Yoast SEO Premium plugin v25.4 (Yoast SEO v26.0) - https:\/\/yoast.com\/wordpress\/plugins\/seo\/ -->\n<title>ANEEL pauta processo que pode levar a Light, Enel e Neoenergia a desembolsar mais de R$ 7 bilh\u00f5es - Ag\u00eancia iNFRA<\/title>\n<meta name=\"robots\" content=\"index, follow, max-snippet:-1, max-image-preview:large, max-video-preview:-1\" \/>\n<link rel=\"canonical\" href=\"https:\/\/agenciainfra.com\/blog\/aneel-pauta-processo-que-pode-levar-a-light-enel-e-neoenergia-a-desembolsar-mais-de-r-7-bilhoes\/\" \/>\n<meta property=\"og:locale\" content=\"pt_BR\" \/>\n<meta property=\"og:type\" content=\"article\" \/>\n<meta property=\"og:title\" content=\"ANEEL pauta processo que pode levar a Light, Enel e Neoenergia a desembolsar mais de R$ 7 bilh\u00f5es\" \/>\n<meta property=\"og:description\" content=\"Geraldo Campos Jr. e Marisa Wanzeller, da Ag\u00eancia iNFRA A ANEEL (Ag\u00eancia Nacional de Energia El\u00e9trica) pautou para amanh\u00e3 (12) a an\u00e1lise de processo que trata sobre o cumprimento dos crit\u00e9rios de sustentabilidade econ\u00f4mico-financeira das distribuidoras de energia exigidos pela\u00a0REN (Resolu\u00e7\u00e3o Normativa) 948, de 2021. O caso, relatado pelo diretor Fernando Mosna, pode levar empresas [&hellip;]\" \/>\n<meta property=\"og:url\" content=\"https:\/\/agenciainfra.com\/blog\/aneel-pauta-processo-que-pode-levar-a-light-enel-e-neoenergia-a-desembolsar-mais-de-r-7-bilhoes\/\" \/>\n<meta property=\"og:site_name\" content=\"Ag\u00eancia iNFRA\" \/>\n<meta property=\"article:publisher\" content=\"https:\/\/www.facebook.com\/ageninfra\" \/>\n<meta property=\"article:published_time\" content=\"2024-11-11T15:00:00+00:00\" \/>\n<meta property=\"article:modified_time\" content=\"2024-11-12T15:01:32+00:00\" \/>\n<meta property=\"og:image\" content=\"https:\/\/agenciainfra.com\/blog\/wp-content\/uploads\/2020\/02\/aneel-fachada-foto-aneel.jpg\" \/>\n\t<meta property=\"og:image:width\" content=\"710\" \/>\n\t<meta property=\"og:image:height\" content=\"458\" \/>\n\t<meta property=\"og:image:type\" content=\"image\/jpeg\" \/>\n<meta name=\"author\" content=\"Ag\u00eancia iNFRA\" \/>\n<meta name=\"twitter:card\" content=\"summary_large_image\" \/>\n<meta name=\"twitter:creator\" content=\"@agencia_infra\" \/>\n<meta name=\"twitter:site\" content=\"@agencia_infra\" \/>\n<meta name=\"twitter:label1\" content=\"Escrito por\" \/>\n\t<meta name=\"twitter:data1\" content=\"Ag\u00eancia iNFRA\" \/>\n\t<meta name=\"twitter:label2\" content=\"Est. tempo de leitura\" \/>\n\t<meta name=\"twitter:data2\" content=\"2 minutos\" \/>\n<script type=\"application\/ld+json\" class=\"yoast-schema-graph\">{\"@context\":\"https:\/\/schema.org\",\"@graph\":[{\"@type\":\"Article\",\"@id\":\"https:\/\/agenciainfra.com\/blog\/aneel-pauta-processo-que-pode-levar-a-light-enel-e-neoenergia-a-desembolsar-mais-de-r-7-bilhoes\/#article\",\"isPartOf\":{\"@id\":\"https:\/\/agenciainfra.com\/blog\/aneel-pauta-processo-que-pode-levar-a-light-enel-e-neoenergia-a-desembolsar-mais-de-r-7-bilhoes\/\"},\"author\":{\"name\":\"Ag\u00eancia iNFRA\",\"@id\":\"https:\/\/agenciainfra.com\/blog\/#\/schema\/person\/34af08dff6adea4cb22b06612ba7acfa\"},\"headline\":\"ANEEL pauta processo que pode levar a Light, Enel e Neoenergia a desembolsar mais de R$ 7 bilh\u00f5es\",\"datePublished\":\"2024-11-11T15:00:00+00:00\",\"dateModified\":\"2024-11-12T15:01:32+00:00\",\"mainEntityOfPage\":{\"@id\":\"https:\/\/agenciainfra.com\/blog\/aneel-pauta-processo-que-pode-levar-a-light-enel-e-neoenergia-a-desembolsar-mais-de-r-7-bilhoes\/\"},\"wordCount\":374,\"publisher\":{\"@id\":\"https:\/\/agenciainfra.com\/blog\/#organization\"},\"image\":{\"@id\":\"https:\/\/agenciainfra.com\/blog\/aneel-pauta-processo-que-pode-levar-a-light-enel-e-neoenergia-a-desembolsar-mais-de-r-7-bilhoes\/#primaryimage\"},\"thumbnailUrl\":\"https:\/\/agenciainfra.com\/blog\/wp-content\/uploads\/2020\/02\/aneel-fachada-foto-aneel.jpg\",\"keywords\":[\"Abradee\",\"ANEEL\",\"Enel\",\"Enel Rio\",\"Fernando Mosna\",\"Geraldo Campos Jr.\",\"Light\",\"Marisa Wanzeller\",\"neoenergia\",\"pauta ANEEL\",\"REN 948\/2021\",\"Resolu\u00e7\u00e3o normativa 948\/2021\",\"sustentabilidade\"],\"articleSection\":[\"Destaque lista\",\"Geral\",\"iNFRAEnergia\"],\"inLanguage\":\"pt-BR\",\"copyrightYear\":\"2024\",\"copyrightHolder\":{\"@id\":\"https:\/\/agenciainfra.com\/blog\/#organization\"}},{\"@type\":\"WebPage\",\"@id\":\"https:\/\/agenciainfra.com\/blog\/aneel-pauta-processo-que-pode-levar-a-light-enel-e-neoenergia-a-desembolsar-mais-de-r-7-bilhoes\/\",\"url\":\"https:\/\/agenciainfra.com\/blog\/aneel-pauta-processo-que-pode-levar-a-light-enel-e-neoenergia-a-desembolsar-mais-de-r-7-bilhoes\/\",\"name\":\"ANEEL pauta processo que pode levar a Light, Enel e Neoenergia a desembolsar mais de R$ 7 bilh\u00f5es - Ag\u00eancia iNFRA\",\"isPartOf\":{\"@id\":\"https:\/\/agenciainfra.com\/blog\/#website\"},\"primaryImageOfPage\":{\"@id\":\"https:\/\/agenciainfra.com\/blog\/aneel-pauta-processo-que-pode-levar-a-light-enel-e-neoenergia-a-desembolsar-mais-de-r-7-bilhoes\/#primaryimage\"},\"image\":{\"@id\":\"https:\/\/agenciainfra.com\/blog\/aneel-pauta-processo-que-pode-levar-a-light-enel-e-neoenergia-a-desembolsar-mais-de-r-7-bilhoes\/#primaryimage\"},\"thumbnailUrl\":\"https:\/\/agenciainfra.com\/blog\/wp-content\/uploads\/2020\/02\/aneel-fachada-foto-aneel.jpg\",\"datePublished\":\"2024-11-11T15:00:00+00:00\",\"dateModified\":\"2024-11-12T15:01:32+00:00\",\"breadcrumb\":{\"@id\":\"https:\/\/agenciainfra.com\/blog\/aneel-pauta-processo-que-pode-levar-a-light-enel-e-neoenergia-a-desembolsar-mais-de-r-7-bilhoes\/#breadcrumb\"},\"inLanguage\":\"pt-BR\",\"potentialAction\":[{\"@type\":\"ReadAction\",\"target\":[\"https:\/\/agenciainfra.com\/blog\/aneel-pauta-processo-que-pode-levar-a-light-enel-e-neoenergia-a-desembolsar-mais-de-r-7-bilhoes\/\"]}]},{\"@type\":\"ImageObject\",\"inLanguage\":\"pt-BR\",\"@id\":\"https:\/\/agenciainfra.com\/blog\/aneel-pauta-processo-que-pode-levar-a-light-enel-e-neoenergia-a-desembolsar-mais-de-r-7-bilhoes\/#primaryimage\",\"url\":\"https:\/\/agenciainfra.com\/blog\/wp-content\/uploads\/2020\/02\/aneel-fachada-foto-aneel.jpg\",\"contentUrl\":\"https:\/\/agenciainfra.com\/blog\/wp-content\/uploads\/2020\/02\/aneel-fachada-foto-aneel.jpg\",\"width\":710,\"height\":458,\"caption\":\"Foto: ANEEL\"},{\"@type\":\"BreadcrumbList\",\"@id\":\"https:\/\/agenciainfra.com\/blog\/aneel-pauta-processo-que-pode-levar-a-light-enel-e-neoenergia-a-desembolsar-mais-de-r-7-bilhoes\/#breadcrumb\",\"itemListElement\":[{\"@type\":\"ListItem\",\"position\":1,\"name\":\"In\u00edcio\",\"item\":\"https:\/\/agenciainfra.com\/blog\/\"},{\"@type\":\"ListItem\",\"position\":2,\"name\":\"ANEEL pauta processo que pode levar a Light, Enel e Neoenergia a desembolsar mais de R$ 7 bilh\u00f5es\"}]},{\"@type\":\"WebSite\",\"@id\":\"https:\/\/agenciainfra.com\/blog\/#website\",\"url\":\"https:\/\/agenciainfra.com\/blog\/\",\"name\":\"Ag\u00eancia iNFRA\",\"description\":\"Multiplataforma de informa\u00e7\u00e3o jornal\u00edstica refer\u00eancia na \u00e1rea de infraestrutura no Brasil!\",\"publisher\":{\"@id\":\"https:\/\/agenciainfra.com\/blog\/#organization\"},\"potentialAction\":[{\"@type\":\"SearchAction\",\"target\":{\"@type\":\"EntryPoint\",\"urlTemplate\":\"https:\/\/agenciainfra.com\/blog\/?s={search_term_string}\"},\"query-input\":{\"@type\":\"PropertyValueSpecification\",\"valueRequired\":true,\"valueName\":\"search_term_string\"}}],\"inLanguage\":\"pt-BR\"},{\"@type\":\"Organization\",\"@id\":\"https:\/\/agenciainfra.com\/blog\/#organization\",\"name\":\"Ag\u00eancia iNFRA\",\"url\":\"https:\/\/agenciainfra.com\/blog\/\",\"logo\":{\"@type\":\"ImageObject\",\"inLanguage\":\"pt-BR\",\"@id\":\"https:\/\/agenciainfra.com\/blog\/#\/schema\/logo\/image\/\",\"url\":\"https:\/\/agenciainfra.com\/blog\/wp-content\/uploads\/2023\/09\/iNFRA_5-e1761735885940.png\",\"contentUrl\":\"https:\/\/agenciainfra.com\/blog\/wp-content\/uploads\/2023\/09\/iNFRA_5-e1761735885940.png\",\"width\":1672,\"height\":454,\"caption\":\"Ag\u00eancia iNFRA\"},\"image\":{\"@id\":\"https:\/\/agenciainfra.com\/blog\/#\/schema\/logo\/image\/\"},\"sameAs\":[\"https:\/\/www.facebook.com\/ageninfra\",\"https:\/\/x.com\/agencia_infra\",\"https:\/\/www.linkedin.com\/company\/ag\u00eanciainfra\/\",\"https:\/\/www.instagram.com\/agenciainfra\/\"]},{\"@type\":\"Person\",\"@id\":\"https:\/\/agenciainfra.com\/blog\/#\/schema\/person\/34af08dff6adea4cb22b06612ba7acfa\",\"name\":\"Ag\u00eancia iNFRA\",\"image\":{\"@type\":\"ImageObject\",\"inLanguage\":\"pt-BR\",\"@id\":\"https:\/\/agenciainfra.com\/blog\/#\/schema\/person\/image\/\",\"url\":\"https:\/\/secure.gravatar.com\/avatar\/d189e01678f06d8eb84d4e01f08eb848b3fffe3f8443818d3c356c66892f5be8?s=96&d=mm&r=g\",\"contentUrl\":\"https:\/\/secure.gravatar.com\/avatar\/d189e01678f06d8eb84d4e01f08eb848b3fffe3f8443818d3c356c66892f5be8?s=96&d=mm&r=g\",\"caption\":\"Ag\u00eancia iNFRA\"},\"url\":\"https:\/\/agenciainfra.com\/blog\/author\/admin\/\"}]}<\/script>\n<!-- \/ Yoast SEO Premium plugin. -->","yoast_head_json":{"title":"ANEEL pauta processo que pode levar a Light, Enel e Neoenergia a desembolsar mais de R$ 7 bilh\u00f5es - Ag\u00eancia iNFRA","robots":{"index":"index","follow":"follow","max-snippet":"max-snippet:-1","max-image-preview":"max-image-preview:large","max-video-preview":"max-video-preview:-1"},"canonical":"https:\/\/agenciainfra.com\/blog\/aneel-pauta-processo-que-pode-levar-a-light-enel-e-neoenergia-a-desembolsar-mais-de-r-7-bilhoes\/","og_locale":"pt_BR","og_type":"article","og_title":"ANEEL pauta processo que pode levar a Light, Enel e Neoenergia a desembolsar mais de R$ 7 bilh\u00f5es","og_description":"Geraldo Campos Jr. e Marisa Wanzeller, da Ag\u00eancia iNFRA A ANEEL (Ag\u00eancia Nacional de Energia El\u00e9trica) pautou para amanh\u00e3 (12) a an\u00e1lise de processo que trata sobre o cumprimento dos crit\u00e9rios de sustentabilidade econ\u00f4mico-financeira das distribuidoras de energia exigidos pela\u00a0REN (Resolu\u00e7\u00e3o Normativa) 948, de 2021. O caso, relatado pelo diretor Fernando Mosna, pode levar empresas [&hellip;]","og_url":"https:\/\/agenciainfra.com\/blog\/aneel-pauta-processo-que-pode-levar-a-light-enel-e-neoenergia-a-desembolsar-mais-de-r-7-bilhoes\/","og_site_name":"Ag\u00eancia iNFRA","article_publisher":"https:\/\/www.facebook.com\/ageninfra","article_published_time":"2024-11-11T15:00:00+00:00","article_modified_time":"2024-11-12T15:01:32+00:00","og_image":[{"width":710,"height":458,"url":"https:\/\/agenciainfra.com\/blog\/wp-content\/uploads\/2020\/02\/aneel-fachada-foto-aneel.jpg","type":"image\/jpeg"}],"author":"Ag\u00eancia iNFRA","twitter_card":"summary_large_image","twitter_creator":"@agencia_infra","twitter_site":"@agencia_infra","twitter_misc":{"Escrito por":"Ag\u00eancia iNFRA","Est. tempo de leitura":"2 minutos"},"schema":{"@context":"https:\/\/schema.org","@graph":[{"@type":"Article","@id":"https:\/\/agenciainfra.com\/blog\/aneel-pauta-processo-que-pode-levar-a-light-enel-e-neoenergia-a-desembolsar-mais-de-r-7-bilhoes\/#article","isPartOf":{"@id":"https:\/\/agenciainfra.com\/blog\/aneel-pauta-processo-que-pode-levar-a-light-enel-e-neoenergia-a-desembolsar-mais-de-r-7-bilhoes\/"},"author":{"name":"Ag\u00eancia iNFRA","@id":"https:\/\/agenciainfra.com\/blog\/#\/schema\/person\/34af08dff6adea4cb22b06612ba7acfa"},"headline":"ANEEL pauta processo que pode levar a Light, Enel e Neoenergia a desembolsar mais de R$ 7 bilh\u00f5es","datePublished":"2024-11-11T15:00:00+00:00","dateModified":"2024-11-12T15:01:32+00:00","mainEntityOfPage":{"@id":"https:\/\/agenciainfra.com\/blog\/aneel-pauta-processo-que-pode-levar-a-light-enel-e-neoenergia-a-desembolsar-mais-de-r-7-bilhoes\/"},"wordCount":374,"publisher":{"@id":"https:\/\/agenciainfra.com\/blog\/#organization"},"image":{"@id":"https:\/\/agenciainfra.com\/blog\/aneel-pauta-processo-que-pode-levar-a-light-enel-e-neoenergia-a-desembolsar-mais-de-r-7-bilhoes\/#primaryimage"},"thumbnailUrl":"https:\/\/agenciainfra.com\/blog\/wp-content\/uploads\/2020\/02\/aneel-fachada-foto-aneel.jpg","keywords":["Abradee","ANEEL","Enel","Enel Rio","Fernando Mosna","Geraldo Campos Jr.","Light","Marisa Wanzeller","neoenergia","pauta ANEEL","REN 948\/2021","Resolu\u00e7\u00e3o normativa 948\/2021","sustentabilidade"],"articleSection":["Destaque lista","Geral","iNFRAEnergia"],"inLanguage":"pt-BR","copyrightYear":"2024","copyrightHolder":{"@id":"https:\/\/agenciainfra.com\/blog\/#organization"}},{"@type":"WebPage","@id":"https:\/\/agenciainfra.com\/blog\/aneel-pauta-processo-que-pode-levar-a-light-enel-e-neoenergia-a-desembolsar-mais-de-r-7-bilhoes\/","url":"https:\/\/agenciainfra.com\/blog\/aneel-pauta-processo-que-pode-levar-a-light-enel-e-neoenergia-a-desembolsar-mais-de-r-7-bilhoes\/","name":"ANEEL pauta processo que pode levar a Light, Enel e Neoenergia a desembolsar mais de R$ 7 bilh\u00f5es - Ag\u00eancia iNFRA","isPartOf":{"@id":"https:\/\/agenciainfra.com\/blog\/#website"},"primaryImageOfPage":{"@id":"https:\/\/agenciainfra.com\/blog\/aneel-pauta-processo-que-pode-levar-a-light-enel-e-neoenergia-a-desembolsar-mais-de-r-7-bilhoes\/#primaryimage"},"image":{"@id":"https:\/\/agenciainfra.com\/blog\/aneel-pauta-processo-que-pode-levar-a-light-enel-e-neoenergia-a-desembolsar-mais-de-r-7-bilhoes\/#primaryimage"},"thumbnailUrl":"https:\/\/agenciainfra.com\/blog\/wp-content\/uploads\/2020\/02\/aneel-fachada-foto-aneel.jpg","datePublished":"2024-11-11T15:00:00+00:00","dateModified":"2024-11-12T15:01:32+00:00","breadcrumb":{"@id":"https:\/\/agenciainfra.com\/blog\/aneel-pauta-processo-que-pode-levar-a-light-enel-e-neoenergia-a-desembolsar-mais-de-r-7-bilhoes\/#breadcrumb"},"inLanguage":"pt-BR","potentialAction":[{"@type":"ReadAction","target":["https:\/\/agenciainfra.com\/blog\/aneel-pauta-processo-que-pode-levar-a-light-enel-e-neoenergia-a-desembolsar-mais-de-r-7-bilhoes\/"]}]},{"@type":"ImageObject","inLanguage":"pt-BR","@id":"https:\/\/agenciainfra.com\/blog\/aneel-pauta-processo-que-pode-levar-a-light-enel-e-neoenergia-a-desembolsar-mais-de-r-7-bilhoes\/#primaryimage","url":"https:\/\/agenciainfra.com\/blog\/wp-content\/uploads\/2020\/02\/aneel-fachada-foto-aneel.jpg","contentUrl":"https:\/\/agenciainfra.com\/blog\/wp-content\/uploads\/2020\/02\/aneel-fachada-foto-aneel.jpg","width":710,"height":458,"caption":"Foto: ANEEL"},{"@type":"BreadcrumbList","@id":"https:\/\/agenciainfra.com\/blog\/aneel-pauta-processo-que-pode-levar-a-light-enel-e-neoenergia-a-desembolsar-mais-de-r-7-bilhoes\/#breadcrumb","itemListElement":[{"@type":"ListItem","position":1,"name":"In\u00edcio","item":"https:\/\/agenciainfra.com\/blog\/"},{"@type":"ListItem","position":2,"name":"ANEEL pauta processo que pode levar a Light, Enel e Neoenergia a desembolsar mais de R$ 7 bilh\u00f5es"}]},{"@type":"WebSite","@id":"https:\/\/agenciainfra.com\/blog\/#website","url":"https:\/\/agenciainfra.com\/blog\/","name":"Ag\u00eancia iNFRA","description":"Multiplataforma de informa\u00e7\u00e3o jornal\u00edstica refer\u00eancia na \u00e1rea de infraestrutura no Brasil!","publisher":{"@id":"https:\/\/agenciainfra.com\/blog\/#organization"},"potentialAction":[{"@type":"SearchAction","target":{"@type":"EntryPoint","urlTemplate":"https:\/\/agenciainfra.com\/blog\/?s={search_term_string}"},"query-input":{"@type":"PropertyValueSpecification","valueRequired":true,"valueName":"search_term_string"}}],"inLanguage":"pt-BR"},{"@type":"Organization","@id":"https:\/\/agenciainfra.com\/blog\/#organization","name":"Ag\u00eancia iNFRA","url":"https:\/\/agenciainfra.com\/blog\/","logo":{"@type":"ImageObject","inLanguage":"pt-BR","@id":"https:\/\/agenciainfra.com\/blog\/#\/schema\/logo\/image\/","url":"https:\/\/agenciainfra.com\/blog\/wp-content\/uploads\/2023\/09\/iNFRA_5-e1761735885940.png","contentUrl":"https:\/\/agenciainfra.com\/blog\/wp-content\/uploads\/2023\/09\/iNFRA_5-e1761735885940.png","width":1672,"height":454,"caption":"Ag\u00eancia iNFRA"},"image":{"@id":"https:\/\/agenciainfra.com\/blog\/#\/schema\/logo\/image\/"},"sameAs":["https:\/\/www.facebook.com\/ageninfra","https:\/\/x.com\/agencia_infra","https:\/\/www.linkedin.com\/company\/ag\u00eanciainfra\/","https:\/\/www.instagram.com\/agenciainfra\/"]},{"@type":"Person","@id":"https:\/\/agenciainfra.com\/blog\/#\/schema\/person\/34af08dff6adea4cb22b06612ba7acfa","name":"Ag\u00eancia iNFRA","image":{"@type":"ImageObject","inLanguage":"pt-BR","@id":"https:\/\/agenciainfra.com\/blog\/#\/schema\/person\/image\/","url":"https:\/\/secure.gravatar.com\/avatar\/d189e01678f06d8eb84d4e01f08eb848b3fffe3f8443818d3c356c66892f5be8?s=96&d=mm&r=g","contentUrl":"https:\/\/secure.gravatar.com\/avatar\/d189e01678f06d8eb84d4e01f08eb848b3fffe3f8443818d3c356c66892f5be8?s=96&d=mm&r=g","caption":"Ag\u00eancia iNFRA"},"url":"https:\/\/agenciainfra.com\/blog\/author\/admin\/"}]}},"_links":{"self":[{"href":"https:\/\/agenciainfra.com\/blog\/wp-json\/wp\/v2\/posts\/19122","targetHints":{"allow":["GET"]}}],"collection":[{"href":"https:\/\/agenciainfra.com\/blog\/wp-json\/wp\/v2\/posts"}],"about":[{"href":"https:\/\/agenciainfra.com\/blog\/wp-json\/wp\/v2\/types\/post"}],"author":[{"embeddable":true,"href":"https:\/\/agenciainfra.com\/blog\/wp-json\/wp\/v2\/users\/1"}],"replies":[{"embeddable":true,"href":"https:\/\/agenciainfra.com\/blog\/wp-json\/wp\/v2\/comments?post=19122"}],"version-history":[{"count":1,"href":"https:\/\/agenciainfra.com\/blog\/wp-json\/wp\/v2\/posts\/19122\/revisions"}],"predecessor-version":[{"id":19125,"href":"https:\/\/agenciainfra.com\/blog\/wp-json\/wp\/v2\/posts\/19122\/revisions\/19125"}],"wp:featuredmedia":[{"embeddable":true,"href":"https:\/\/agenciainfra.com\/blog\/wp-json\/wp\/v2\/media\/4397"}],"wp:attachment":[{"href":"https:\/\/agenciainfra.com\/blog\/wp-json\/wp\/v2\/media?parent=19122"}],"wp:term":[{"taxonomy":"category","embeddable":true,"href":"https:\/\/agenciainfra.com\/blog\/wp-json\/wp\/v2\/categories?post=19122"},{"taxonomy":"post_tag","embeddable":true,"href":"https:\/\/agenciainfra.com\/blog\/wp-json\/wp\/v2\/tags?post=19122"}],"curies":[{"name":"wp","href":"https:\/\/api.w.org\/{rel}","templated":true}]}}