{"id":19129,"date":"2024-11-12T08:00:00","date_gmt":"2024-11-12T11:00:00","guid":{"rendered":"https:\/\/agenciainfra.com\/blog\/?p=19129"},"modified":"2024-11-12T06:19:37","modified_gmt":"2024-11-12T09:19:37","slug":"aneel-diretor-mosna-deve-recomendar-aportes-de-mais-de-r-7-bilhoes-a-light-enel-rj-e-neoenergia-brasilia","status":"publish","type":"post","link":"https:\/\/agenciainfra.com\/blog\/aneel-diretor-mosna-deve-recomendar-aportes-de-mais-de-r-7-bilhoes-a-light-enel-rj-e-neoenergia-brasilia\/","title":{"rendered":"ANEEL: diretor Mosna deve recomendar aportes de mais de R$ 7 bilh\u00f5es \u00e0 Light, Enel RJ e Neoenergia Bras\u00edlia"},"content":{"rendered":"\n<p class=\"has-text-align-right\"><strong>Marisa Wanzeller e Geraldo Campos Jr., da Ag\u00eancia iNFRA<\/strong><\/p>\n\n\n\n<p>O diretor da ANEEL (Ag\u00eancia Nacional de Energia El\u00e9trica) Fernando Mosna deve acompanhar o entendimento das \u00e1reas t\u00e9cnicas da ag\u00eancia e votar para que as empresas Light, Enel Rio e Neoenergia Bras\u00edlia fa\u00e7am aportes imediatos de R$ 7 bilh\u00f5es para reduzir seus endividamentos, disseram fontes \u00e0&nbsp;<strong>Ag\u00eancia iNFRA<\/strong>.<\/p>\n\n\n\n<p>O desembolso seria para cumprir os crit\u00e9rios de sustentabilidade econ\u00f4mico-financeira, de d\u00edvida de no m\u00e1ximo 10 vezes o Ebitda ou Lajida (Lucros antes dos juros, tributos, deprecia\u00e7\u00e3o e amortiza\u00e7\u00e3o).<\/p>\n\n\n\n<p>O requerimento pedindo a suspens\u00e3o dos pagamentos est\u00e1 na pauta da RPO (Reuni\u00e3o P\u00fablica Ordin\u00e1ria) da diretoria desta ter\u00e7a-feira (12). Contudo, a expectativa \u00e9 que o caso n\u00e3o se resolva nesta semana. O diretor-geral, Sandoval Feitosa, est\u00e1 de f\u00e9rias e n\u00e3o deve participar da reuni\u00e3o. Al\u00e9m disso, a tend\u00eancia \u00e9 que a diretora Agnes Costa pe\u00e7a vista do processo, analisaram fontes.<\/p>\n\n\n\n<p><strong>Contratos de concess\u00e3o<\/strong><br>Notas t\u00e9cnicas emitidas pelas superintend\u00eancias da ANEEL em 29 e 31 de outubro conclu\u00edram que as regras est\u00e3o inclu\u00eddas nos contratos de concess\u00e3o e, portanto, n\u00e3o podem ser alteradas, devendo ser efetuados os aportes. Tal determina\u00e7\u00e3o tamb\u00e9m faz parte da&nbsp;<a href=\"https:\/\/www2.aneel.gov.br\/cedoc\/ren2021948.pdf\" target=\"_blank\" rel=\"noreferrer noopener\">REN (Resolu\u00e7\u00e3o Normativa) 948\/2021<\/a>, concluem as \u00e1reas t\u00e9cnicas.&nbsp;Leia&nbsp;<a href=\"https:\/\/mcusercontent.com\/d460dd1bcf9ba0ae040e1fc0f\/files\/67cd84a1-b31b-c635-10e6-f6aa2ba71f20\/6623612.pdf\" target=\"_blank\" rel=\"noreferrer noopener\">aqui<\/a>&nbsp;e&nbsp;<a href=\"https:\/\/mcusercontent.com\/d460dd1bcf9ba0ae040e1fc0f\/files\/2c5c2a5c-ba03-4b92-94f0-bcd7f2b19f7f\/6626730.pdf\" target=\"_blank\" rel=\"noreferrer noopener\">aqui<\/a>&nbsp;as NTs (notas t\u00e9cnicas) mais recentes sobre o assunto.<br><br>Assim, a Light teria que receber dos seus controladores cerca de R$ 4 bilh\u00f5es, mais do que o dobro do valor de mercado atual da distribuidora, de R$ 1,83 bilh\u00e3o, conforme cota\u00e7\u00e3o das a\u00e7\u00f5es no preg\u00e3o da \u00faltima sexta-feira (8). Na Enel Rio deveriam ser aportados aproximadamente R$ 2 bilh\u00f5es. E na Neoenergia Bras\u00edlia, cerca de R$ 1 bilh\u00e3o.<\/p>\n\n\n\n<p>Caso o endividamento supere os limites por dois anos seguidos, a empresa fica sujeita a processo de interven\u00e7\u00e3o e poss\u00edvel recomenda\u00e7\u00e3o de caducidade pela reguladora. Esse \u00e9 o caso da Light, que teve o Lajida negativo em 2022 e, embora tenha sido positivo em 2023, ainda teve um endividamento muito superior.&nbsp;<\/p>\n\n\n\n<p><strong>Renova\u00e7\u00e3o<\/strong><br>O contrato de concess\u00e3o da Light vence em 2026 e, para renov\u00e1-lo, a distribuidora deve comprovar efici\u00eancia com rela\u00e7\u00e3o \u00e0 gest\u00e3o econ\u00f4mico-financeira. O Decreto 12.068\/2024 tamb\u00e9m prev\u00ea o aporte de capital como alternativa ao n\u00e3o cumprimento das exig\u00eancias relacionadas \u00e0 sustentabilidade econ\u00f4mico-financeira da concess\u00e3o.<\/p>\n\n\n\n<p>Al\u00e9m das regras dispostas no decreto, a ANEEL prop\u00f4s durante abertura de consulta p\u00fablica que as distribuidoras sejam obrigadas a&nbsp;<a href=\"https:\/\/agenciainfra.com\/blog\/aneel-propoe-que-distribuidoras-renunciem-as-acoes-na-justica-para-renovar-suas-concessoes\/\" target=\"_blank\" rel=\"noreferrer noopener\">renunciar \u00e0s a\u00e7\u00f5es judiciais vigentes<\/a>&nbsp;ao renovarem seus contratos. Isso tamb\u00e9m poder\u00e1 inibir a Light de procurar reverter na Justi\u00e7a uma eventual decis\u00e3o desfavor\u00e1vel quanto \u00e0 suspens\u00e3o dos crit\u00e9rios econ\u00f4mico-financeiros, alertaram especialistas.<\/p>\n\n\n\n<p>O encerramento da CP est\u00e1 previsto para 2 de dezembro e, segundo o voto da relatora, diretora Agnes Costa, espera-se aprovar o termo aditivo at\u00e9 o final de fevereiro de 2025. A partir de ent\u00e3o, as empresas ter\u00e3o 30 dias para manifestar interesse em renovar as concess\u00f5es. A ANEEL analisar\u00e1 os pedidos em at\u00e9 60 dias, encaminhando suas recomenda\u00e7\u00f5es ao MME (Minist\u00e9rio de Minas e Energia), que dever\u00e1 tomar uma decis\u00e3o em 30 dias.<\/p>\n","protected":false},"excerpt":{"rendered":"<p>Marisa Wanzeller e Geraldo Campos Jr., da Ag\u00eancia iNFRA O diretor da ANEEL (Ag\u00eancia Nacional de Energia El\u00e9trica) Fernando Mosna deve acompanhar o entendimento das \u00e1reas t\u00e9cnicas da ag\u00eancia e votar para que as empresas Light, Enel Rio e Neoenergia Bras\u00edlia fa\u00e7am aportes imediatos de R$ 7 bilh\u00f5es para reduzir seus endividamentos, disseram fontes \u00e0&nbsp;Ag\u00eancia [&hellip;]<\/p>\n","protected":false},"author":1,"featured_media":10058,"comment_status":"closed","ping_status":"closed","sticky":false,"template":"","format":"standard","meta":{"_monsterinsights_skip_tracking":false,"_monsterinsights_sitenote_active":false,"_monsterinsights_sitenote_note":"","_monsterinsights_sitenote_category":0,"footnotes":""},"categories":[7250,1,10],"tags":[494,53,616,7090,7014,11594,1867,7366,593,11709,11707,11708,1573],"class_list":["post-19129","post","type-post","status-publish","format-standard","has-post-thumbnail","hentry","category-destaque-lista","category-geral","category-infraenergia","tag-abradee","tag-aneel","tag-enel","tag-enel-rio","tag-fernando-mosna","tag-geraldo-campos-jr","tag-light","tag-marisa-wanzeller","tag-neoenergia","tag-pauta-aneel","tag-ren-948-2021","tag-resolucao-normativa-948-2021","tag-sustentabilidade"],"yoast_head":"<!-- This site is optimized with the Yoast SEO Premium plugin v25.4 (Yoast SEO v26.0) - https:\/\/yoast.com\/wordpress\/plugins\/seo\/ -->\n<title>ANEEL: diretor Mosna deve recomendar aportes de mais de R$ 7 bilh\u00f5es \u00e0 Light, Enel RJ e Neoenergia Bras\u00edlia - Ag\u00eancia iNFRA<\/title>\n<meta name=\"robots\" content=\"index, follow, max-snippet:-1, max-image-preview:large, max-video-preview:-1\" \/>\n<link rel=\"canonical\" href=\"https:\/\/agenciainfra.com\/blog\/aneel-diretor-mosna-deve-recomendar-aportes-de-mais-de-r-7-bilhoes-a-light-enel-rj-e-neoenergia-brasilia\/\" \/>\n<meta property=\"og:locale\" content=\"pt_BR\" \/>\n<meta property=\"og:type\" content=\"article\" \/>\n<meta property=\"og:title\" content=\"ANEEL: diretor Mosna deve recomendar aportes de mais de R$ 7 bilh\u00f5es \u00e0 Light, Enel RJ e Neoenergia Bras\u00edlia\" \/>\n<meta property=\"og:description\" content=\"Marisa Wanzeller e Geraldo Campos Jr., da Ag\u00eancia iNFRA O diretor da ANEEL (Ag\u00eancia Nacional de Energia El\u00e9trica) Fernando Mosna deve acompanhar o entendimento das \u00e1reas t\u00e9cnicas da ag\u00eancia e votar para que as empresas Light, Enel Rio e Neoenergia Bras\u00edlia fa\u00e7am aportes imediatos de R$ 7 bilh\u00f5es para reduzir seus endividamentos, disseram fontes \u00e0&nbsp;Ag\u00eancia [&hellip;]\" \/>\n<meta property=\"og:url\" content=\"https:\/\/agenciainfra.com\/blog\/aneel-diretor-mosna-deve-recomendar-aportes-de-mais-de-r-7-bilhoes-a-light-enel-rj-e-neoenergia-brasilia\/\" \/>\n<meta property=\"og:site_name\" content=\"Ag\u00eancia iNFRA\" \/>\n<meta property=\"article:publisher\" content=\"https:\/\/www.facebook.com\/ageninfra\" \/>\n<meta property=\"article:published_time\" content=\"2024-11-12T11:00:00+00:00\" \/>\n<meta property=\"og:image\" content=\"https:\/\/agenciainfra.com\/blog\/wp-content\/uploads\/2022\/04\/fernando-luiz-mosna-ferreira-foto-pedro-franca-agencia-senado.jpeg\" \/>\n\t<meta property=\"og:image:width\" content=\"1280\" \/>\n\t<meta property=\"og:image:height\" content=\"853\" \/>\n\t<meta property=\"og:image:type\" content=\"image\/jpeg\" \/>\n<meta name=\"author\" content=\"Ag\u00eancia iNFRA\" \/>\n<meta name=\"twitter:card\" content=\"summary_large_image\" \/>\n<meta name=\"twitter:creator\" content=\"@agencia_infra\" \/>\n<meta name=\"twitter:site\" content=\"@agencia_infra\" \/>\n<meta name=\"twitter:label1\" content=\"Escrito por\" \/>\n\t<meta name=\"twitter:data1\" content=\"Ag\u00eancia iNFRA\" \/>\n\t<meta name=\"twitter:label2\" content=\"Est. tempo de leitura\" \/>\n\t<meta name=\"twitter:data2\" content=\"3 minutos\" \/>\n<script type=\"application\/ld+json\" class=\"yoast-schema-graph\">{\"@context\":\"https:\/\/schema.org\",\"@graph\":[{\"@type\":\"Article\",\"@id\":\"https:\/\/agenciainfra.com\/blog\/aneel-diretor-mosna-deve-recomendar-aportes-de-mais-de-r-7-bilhoes-a-light-enel-rj-e-neoenergia-brasilia\/#article\",\"isPartOf\":{\"@id\":\"https:\/\/agenciainfra.com\/blog\/aneel-diretor-mosna-deve-recomendar-aportes-de-mais-de-r-7-bilhoes-a-light-enel-rj-e-neoenergia-brasilia\/\"},\"author\":{\"name\":\"Ag\u00eancia iNFRA\",\"@id\":\"https:\/\/agenciainfra.com\/blog\/#\/schema\/person\/34af08dff6adea4cb22b06612ba7acfa\"},\"headline\":\"ANEEL: diretor Mosna deve recomendar aportes de mais de R$ 7 bilh\u00f5es \u00e0 Light, Enel RJ e Neoenergia Bras\u00edlia\",\"datePublished\":\"2024-11-12T11:00:00+00:00\",\"mainEntityOfPage\":{\"@id\":\"https:\/\/agenciainfra.com\/blog\/aneel-diretor-mosna-deve-recomendar-aportes-de-mais-de-r-7-bilhoes-a-light-enel-rj-e-neoenergia-brasilia\/\"},\"wordCount\":574,\"publisher\":{\"@id\":\"https:\/\/agenciainfra.com\/blog\/#organization\"},\"image\":{\"@id\":\"https:\/\/agenciainfra.com\/blog\/aneel-diretor-mosna-deve-recomendar-aportes-de-mais-de-r-7-bilhoes-a-light-enel-rj-e-neoenergia-brasilia\/#primaryimage\"},\"thumbnailUrl\":\"https:\/\/agenciainfra.com\/blog\/wp-content\/uploads\/2022\/04\/fernando-luiz-mosna-ferreira-foto-pedro-franca-agencia-senado.jpeg\",\"keywords\":[\"Abradee\",\"ANEEL\",\"Enel\",\"Enel Rio\",\"Fernando Mosna\",\"Geraldo Campos Jr.\",\"Light\",\"Marisa Wanzeller\",\"neoenergia\",\"pauta ANEEL\",\"REN 948\/2021\",\"Resolu\u00e7\u00e3o normativa 948\/2021\",\"sustentabilidade\"],\"articleSection\":[\"Destaque lista\",\"Geral\",\"iNFRAEnergia\"],\"inLanguage\":\"pt-BR\",\"copyrightYear\":\"2024\",\"copyrightHolder\":{\"@id\":\"https:\/\/agenciainfra.com\/blog\/#organization\"}},{\"@type\":\"WebPage\",\"@id\":\"https:\/\/agenciainfra.com\/blog\/aneel-diretor-mosna-deve-recomendar-aportes-de-mais-de-r-7-bilhoes-a-light-enel-rj-e-neoenergia-brasilia\/\",\"url\":\"https:\/\/agenciainfra.com\/blog\/aneel-diretor-mosna-deve-recomendar-aportes-de-mais-de-r-7-bilhoes-a-light-enel-rj-e-neoenergia-brasilia\/\",\"name\":\"ANEEL: diretor Mosna deve recomendar aportes de mais de R$ 7 bilh\u00f5es \u00e0 Light, Enel RJ e Neoenergia Bras\u00edlia - Ag\u00eancia iNFRA\",\"isPartOf\":{\"@id\":\"https:\/\/agenciainfra.com\/blog\/#website\"},\"primaryImageOfPage\":{\"@id\":\"https:\/\/agenciainfra.com\/blog\/aneel-diretor-mosna-deve-recomendar-aportes-de-mais-de-r-7-bilhoes-a-light-enel-rj-e-neoenergia-brasilia\/#primaryimage\"},\"image\":{\"@id\":\"https:\/\/agenciainfra.com\/blog\/aneel-diretor-mosna-deve-recomendar-aportes-de-mais-de-r-7-bilhoes-a-light-enel-rj-e-neoenergia-brasilia\/#primaryimage\"},\"thumbnailUrl\":\"https:\/\/agenciainfra.com\/blog\/wp-content\/uploads\/2022\/04\/fernando-luiz-mosna-ferreira-foto-pedro-franca-agencia-senado.jpeg\",\"datePublished\":\"2024-11-12T11:00:00+00:00\",\"breadcrumb\":{\"@id\":\"https:\/\/agenciainfra.com\/blog\/aneel-diretor-mosna-deve-recomendar-aportes-de-mais-de-r-7-bilhoes-a-light-enel-rj-e-neoenergia-brasilia\/#breadcrumb\"},\"inLanguage\":\"pt-BR\",\"potentialAction\":[{\"@type\":\"ReadAction\",\"target\":[\"https:\/\/agenciainfra.com\/blog\/aneel-diretor-mosna-deve-recomendar-aportes-de-mais-de-r-7-bilhoes-a-light-enel-rj-e-neoenergia-brasilia\/\"]}]},{\"@type\":\"ImageObject\",\"inLanguage\":\"pt-BR\",\"@id\":\"https:\/\/agenciainfra.com\/blog\/aneel-diretor-mosna-deve-recomendar-aportes-de-mais-de-r-7-bilhoes-a-light-enel-rj-e-neoenergia-brasilia\/#primaryimage\",\"url\":\"https:\/\/agenciainfra.com\/blog\/wp-content\/uploads\/2022\/04\/fernando-luiz-mosna-ferreira-foto-pedro-franca-agencia-senado.jpeg\",\"contentUrl\":\"https:\/\/agenciainfra.com\/blog\/wp-content\/uploads\/2022\/04\/fernando-luiz-mosna-ferreira-foto-pedro-franca-agencia-senado.jpeg\",\"width\":1280,\"height\":853,\"caption\":\"Foto: Pedro Fran\u00e7a\/Ag\u00eancia Senado\"},{\"@type\":\"BreadcrumbList\",\"@id\":\"https:\/\/agenciainfra.com\/blog\/aneel-diretor-mosna-deve-recomendar-aportes-de-mais-de-r-7-bilhoes-a-light-enel-rj-e-neoenergia-brasilia\/#breadcrumb\",\"itemListElement\":[{\"@type\":\"ListItem\",\"position\":1,\"name\":\"In\u00edcio\",\"item\":\"https:\/\/agenciainfra.com\/blog\/\"},{\"@type\":\"ListItem\",\"position\":2,\"name\":\"ANEEL: diretor Mosna deve recomendar aportes de mais de R$ 7 bilh\u00f5es \u00e0 Light, Enel RJ e Neoenergia Bras\u00edlia\"}]},{\"@type\":\"WebSite\",\"@id\":\"https:\/\/agenciainfra.com\/blog\/#website\",\"url\":\"https:\/\/agenciainfra.com\/blog\/\",\"name\":\"Ag\u00eancia iNFRA\",\"description\":\"Multiplataforma de informa\u00e7\u00e3o jornal\u00edstica refer\u00eancia na \u00e1rea de infraestrutura no Brasil!\",\"publisher\":{\"@id\":\"https:\/\/agenciainfra.com\/blog\/#organization\"},\"potentialAction\":[{\"@type\":\"SearchAction\",\"target\":{\"@type\":\"EntryPoint\",\"urlTemplate\":\"https:\/\/agenciainfra.com\/blog\/?s={search_term_string}\"},\"query-input\":{\"@type\":\"PropertyValueSpecification\",\"valueRequired\":true,\"valueName\":\"search_term_string\"}}],\"inLanguage\":\"pt-BR\"},{\"@type\":\"Organization\",\"@id\":\"https:\/\/agenciainfra.com\/blog\/#organization\",\"name\":\"Ag\u00eancia iNFRA\",\"url\":\"https:\/\/agenciainfra.com\/blog\/\",\"logo\":{\"@type\":\"ImageObject\",\"inLanguage\":\"pt-BR\",\"@id\":\"https:\/\/agenciainfra.com\/blog\/#\/schema\/logo\/image\/\",\"url\":\"https:\/\/agenciainfra.com\/blog\/wp-content\/uploads\/2023\/09\/iNFRA_5-e1761735885940.png\",\"contentUrl\":\"https:\/\/agenciainfra.com\/blog\/wp-content\/uploads\/2023\/09\/iNFRA_5-e1761735885940.png\",\"width\":1672,\"height\":454,\"caption\":\"Ag\u00eancia iNFRA\"},\"image\":{\"@id\":\"https:\/\/agenciainfra.com\/blog\/#\/schema\/logo\/image\/\"},\"sameAs\":[\"https:\/\/www.facebook.com\/ageninfra\",\"https:\/\/x.com\/agencia_infra\",\"https:\/\/www.linkedin.com\/company\/ag\u00eanciainfra\/\",\"https:\/\/www.instagram.com\/agenciainfra\/\"]},{\"@type\":\"Person\",\"@id\":\"https:\/\/agenciainfra.com\/blog\/#\/schema\/person\/34af08dff6adea4cb22b06612ba7acfa\",\"name\":\"Ag\u00eancia iNFRA\",\"image\":{\"@type\":\"ImageObject\",\"inLanguage\":\"pt-BR\",\"@id\":\"https:\/\/agenciainfra.com\/blog\/#\/schema\/person\/image\/\",\"url\":\"https:\/\/secure.gravatar.com\/avatar\/d189e01678f06d8eb84d4e01f08eb848b3fffe3f8443818d3c356c66892f5be8?s=96&d=mm&r=g\",\"contentUrl\":\"https:\/\/secure.gravatar.com\/avatar\/d189e01678f06d8eb84d4e01f08eb848b3fffe3f8443818d3c356c66892f5be8?s=96&d=mm&r=g\",\"caption\":\"Ag\u00eancia iNFRA\"},\"url\":\"https:\/\/agenciainfra.com\/blog\/author\/admin\/\"}]}<\/script>\n<!-- \/ Yoast SEO Premium plugin. -->","yoast_head_json":{"title":"ANEEL: diretor Mosna deve recomendar aportes de mais de R$ 7 bilh\u00f5es \u00e0 Light, Enel RJ e Neoenergia Bras\u00edlia - Ag\u00eancia iNFRA","robots":{"index":"index","follow":"follow","max-snippet":"max-snippet:-1","max-image-preview":"max-image-preview:large","max-video-preview":"max-video-preview:-1"},"canonical":"https:\/\/agenciainfra.com\/blog\/aneel-diretor-mosna-deve-recomendar-aportes-de-mais-de-r-7-bilhoes-a-light-enel-rj-e-neoenergia-brasilia\/","og_locale":"pt_BR","og_type":"article","og_title":"ANEEL: diretor Mosna deve recomendar aportes de mais de R$ 7 bilh\u00f5es \u00e0 Light, Enel RJ e Neoenergia Bras\u00edlia","og_description":"Marisa Wanzeller e Geraldo Campos Jr., da Ag\u00eancia iNFRA O diretor da ANEEL (Ag\u00eancia Nacional de Energia El\u00e9trica) Fernando Mosna deve acompanhar o entendimento das \u00e1reas t\u00e9cnicas da ag\u00eancia e votar para que as empresas Light, Enel Rio e Neoenergia Bras\u00edlia fa\u00e7am aportes imediatos de R$ 7 bilh\u00f5es para reduzir seus endividamentos, disseram fontes \u00e0&nbsp;Ag\u00eancia [&hellip;]","og_url":"https:\/\/agenciainfra.com\/blog\/aneel-diretor-mosna-deve-recomendar-aportes-de-mais-de-r-7-bilhoes-a-light-enel-rj-e-neoenergia-brasilia\/","og_site_name":"Ag\u00eancia iNFRA","article_publisher":"https:\/\/www.facebook.com\/ageninfra","article_published_time":"2024-11-12T11:00:00+00:00","og_image":[{"width":1280,"height":853,"url":"https:\/\/agenciainfra.com\/blog\/wp-content\/uploads\/2022\/04\/fernando-luiz-mosna-ferreira-foto-pedro-franca-agencia-senado.jpeg","type":"image\/jpeg"}],"author":"Ag\u00eancia iNFRA","twitter_card":"summary_large_image","twitter_creator":"@agencia_infra","twitter_site":"@agencia_infra","twitter_misc":{"Escrito por":"Ag\u00eancia iNFRA","Est. tempo de leitura":"3 minutos"},"schema":{"@context":"https:\/\/schema.org","@graph":[{"@type":"Article","@id":"https:\/\/agenciainfra.com\/blog\/aneel-diretor-mosna-deve-recomendar-aportes-de-mais-de-r-7-bilhoes-a-light-enel-rj-e-neoenergia-brasilia\/#article","isPartOf":{"@id":"https:\/\/agenciainfra.com\/blog\/aneel-diretor-mosna-deve-recomendar-aportes-de-mais-de-r-7-bilhoes-a-light-enel-rj-e-neoenergia-brasilia\/"},"author":{"name":"Ag\u00eancia iNFRA","@id":"https:\/\/agenciainfra.com\/blog\/#\/schema\/person\/34af08dff6adea4cb22b06612ba7acfa"},"headline":"ANEEL: diretor Mosna deve recomendar aportes de mais de R$ 7 bilh\u00f5es \u00e0 Light, Enel RJ e Neoenergia Bras\u00edlia","datePublished":"2024-11-12T11:00:00+00:00","mainEntityOfPage":{"@id":"https:\/\/agenciainfra.com\/blog\/aneel-diretor-mosna-deve-recomendar-aportes-de-mais-de-r-7-bilhoes-a-light-enel-rj-e-neoenergia-brasilia\/"},"wordCount":574,"publisher":{"@id":"https:\/\/agenciainfra.com\/blog\/#organization"},"image":{"@id":"https:\/\/agenciainfra.com\/blog\/aneel-diretor-mosna-deve-recomendar-aportes-de-mais-de-r-7-bilhoes-a-light-enel-rj-e-neoenergia-brasilia\/#primaryimage"},"thumbnailUrl":"https:\/\/agenciainfra.com\/blog\/wp-content\/uploads\/2022\/04\/fernando-luiz-mosna-ferreira-foto-pedro-franca-agencia-senado.jpeg","keywords":["Abradee","ANEEL","Enel","Enel Rio","Fernando Mosna","Geraldo Campos Jr.","Light","Marisa Wanzeller","neoenergia","pauta ANEEL","REN 948\/2021","Resolu\u00e7\u00e3o normativa 948\/2021","sustentabilidade"],"articleSection":["Destaque lista","Geral","iNFRAEnergia"],"inLanguage":"pt-BR","copyrightYear":"2024","copyrightHolder":{"@id":"https:\/\/agenciainfra.com\/blog\/#organization"}},{"@type":"WebPage","@id":"https:\/\/agenciainfra.com\/blog\/aneel-diretor-mosna-deve-recomendar-aportes-de-mais-de-r-7-bilhoes-a-light-enel-rj-e-neoenergia-brasilia\/","url":"https:\/\/agenciainfra.com\/blog\/aneel-diretor-mosna-deve-recomendar-aportes-de-mais-de-r-7-bilhoes-a-light-enel-rj-e-neoenergia-brasilia\/","name":"ANEEL: diretor Mosna deve recomendar aportes de mais de R$ 7 bilh\u00f5es \u00e0 Light, Enel RJ e Neoenergia Bras\u00edlia - Ag\u00eancia iNFRA","isPartOf":{"@id":"https:\/\/agenciainfra.com\/blog\/#website"},"primaryImageOfPage":{"@id":"https:\/\/agenciainfra.com\/blog\/aneel-diretor-mosna-deve-recomendar-aportes-de-mais-de-r-7-bilhoes-a-light-enel-rj-e-neoenergia-brasilia\/#primaryimage"},"image":{"@id":"https:\/\/agenciainfra.com\/blog\/aneel-diretor-mosna-deve-recomendar-aportes-de-mais-de-r-7-bilhoes-a-light-enel-rj-e-neoenergia-brasilia\/#primaryimage"},"thumbnailUrl":"https:\/\/agenciainfra.com\/blog\/wp-content\/uploads\/2022\/04\/fernando-luiz-mosna-ferreira-foto-pedro-franca-agencia-senado.jpeg","datePublished":"2024-11-12T11:00:00+00:00","breadcrumb":{"@id":"https:\/\/agenciainfra.com\/blog\/aneel-diretor-mosna-deve-recomendar-aportes-de-mais-de-r-7-bilhoes-a-light-enel-rj-e-neoenergia-brasilia\/#breadcrumb"},"inLanguage":"pt-BR","potentialAction":[{"@type":"ReadAction","target":["https:\/\/agenciainfra.com\/blog\/aneel-diretor-mosna-deve-recomendar-aportes-de-mais-de-r-7-bilhoes-a-light-enel-rj-e-neoenergia-brasilia\/"]}]},{"@type":"ImageObject","inLanguage":"pt-BR","@id":"https:\/\/agenciainfra.com\/blog\/aneel-diretor-mosna-deve-recomendar-aportes-de-mais-de-r-7-bilhoes-a-light-enel-rj-e-neoenergia-brasilia\/#primaryimage","url":"https:\/\/agenciainfra.com\/blog\/wp-content\/uploads\/2022\/04\/fernando-luiz-mosna-ferreira-foto-pedro-franca-agencia-senado.jpeg","contentUrl":"https:\/\/agenciainfra.com\/blog\/wp-content\/uploads\/2022\/04\/fernando-luiz-mosna-ferreira-foto-pedro-franca-agencia-senado.jpeg","width":1280,"height":853,"caption":"Foto: Pedro Fran\u00e7a\/Ag\u00eancia Senado"},{"@type":"BreadcrumbList","@id":"https:\/\/agenciainfra.com\/blog\/aneel-diretor-mosna-deve-recomendar-aportes-de-mais-de-r-7-bilhoes-a-light-enel-rj-e-neoenergia-brasilia\/#breadcrumb","itemListElement":[{"@type":"ListItem","position":1,"name":"In\u00edcio","item":"https:\/\/agenciainfra.com\/blog\/"},{"@type":"ListItem","position":2,"name":"ANEEL: diretor Mosna deve recomendar aportes de mais de R$ 7 bilh\u00f5es \u00e0 Light, Enel RJ e Neoenergia Bras\u00edlia"}]},{"@type":"WebSite","@id":"https:\/\/agenciainfra.com\/blog\/#website","url":"https:\/\/agenciainfra.com\/blog\/","name":"Ag\u00eancia iNFRA","description":"Multiplataforma de informa\u00e7\u00e3o jornal\u00edstica refer\u00eancia na \u00e1rea de infraestrutura no Brasil!","publisher":{"@id":"https:\/\/agenciainfra.com\/blog\/#organization"},"potentialAction":[{"@type":"SearchAction","target":{"@type":"EntryPoint","urlTemplate":"https:\/\/agenciainfra.com\/blog\/?s={search_term_string}"},"query-input":{"@type":"PropertyValueSpecification","valueRequired":true,"valueName":"search_term_string"}}],"inLanguage":"pt-BR"},{"@type":"Organization","@id":"https:\/\/agenciainfra.com\/blog\/#organization","name":"Ag\u00eancia iNFRA","url":"https:\/\/agenciainfra.com\/blog\/","logo":{"@type":"ImageObject","inLanguage":"pt-BR","@id":"https:\/\/agenciainfra.com\/blog\/#\/schema\/logo\/image\/","url":"https:\/\/agenciainfra.com\/blog\/wp-content\/uploads\/2023\/09\/iNFRA_5-e1761735885940.png","contentUrl":"https:\/\/agenciainfra.com\/blog\/wp-content\/uploads\/2023\/09\/iNFRA_5-e1761735885940.png","width":1672,"height":454,"caption":"Ag\u00eancia iNFRA"},"image":{"@id":"https:\/\/agenciainfra.com\/blog\/#\/schema\/logo\/image\/"},"sameAs":["https:\/\/www.facebook.com\/ageninfra","https:\/\/x.com\/agencia_infra","https:\/\/www.linkedin.com\/company\/ag\u00eanciainfra\/","https:\/\/www.instagram.com\/agenciainfra\/"]},{"@type":"Person","@id":"https:\/\/agenciainfra.com\/blog\/#\/schema\/person\/34af08dff6adea4cb22b06612ba7acfa","name":"Ag\u00eancia iNFRA","image":{"@type":"ImageObject","inLanguage":"pt-BR","@id":"https:\/\/agenciainfra.com\/blog\/#\/schema\/person\/image\/","url":"https:\/\/secure.gravatar.com\/avatar\/d189e01678f06d8eb84d4e01f08eb848b3fffe3f8443818d3c356c66892f5be8?s=96&d=mm&r=g","contentUrl":"https:\/\/secure.gravatar.com\/avatar\/d189e01678f06d8eb84d4e01f08eb848b3fffe3f8443818d3c356c66892f5be8?s=96&d=mm&r=g","caption":"Ag\u00eancia iNFRA"},"url":"https:\/\/agenciainfra.com\/blog\/author\/admin\/"}]}},"_links":{"self":[{"href":"https:\/\/agenciainfra.com\/blog\/wp-json\/wp\/v2\/posts\/19129","targetHints":{"allow":["GET"]}}],"collection":[{"href":"https:\/\/agenciainfra.com\/blog\/wp-json\/wp\/v2\/posts"}],"about":[{"href":"https:\/\/agenciainfra.com\/blog\/wp-json\/wp\/v2\/types\/post"}],"author":[{"embeddable":true,"href":"https:\/\/agenciainfra.com\/blog\/wp-json\/wp\/v2\/users\/1"}],"replies":[{"embeddable":true,"href":"https:\/\/agenciainfra.com\/blog\/wp-json\/wp\/v2\/comments?post=19129"}],"version-history":[{"count":1,"href":"https:\/\/agenciainfra.com\/blog\/wp-json\/wp\/v2\/posts\/19129\/revisions"}],"predecessor-version":[{"id":19130,"href":"https:\/\/agenciainfra.com\/blog\/wp-json\/wp\/v2\/posts\/19129\/revisions\/19130"}],"wp:featuredmedia":[{"embeddable":true,"href":"https:\/\/agenciainfra.com\/blog\/wp-json\/wp\/v2\/media\/10058"}],"wp:attachment":[{"href":"https:\/\/agenciainfra.com\/blog\/wp-json\/wp\/v2\/media?parent=19129"}],"wp:term":[{"taxonomy":"category","embeddable":true,"href":"https:\/\/agenciainfra.com\/blog\/wp-json\/wp\/v2\/categories?post=19129"},{"taxonomy":"post_tag","embeddable":true,"href":"https:\/\/agenciainfra.com\/blog\/wp-json\/wp\/v2\/tags?post=19129"}],"curies":[{"name":"wp","href":"https:\/\/api.w.org\/{rel}","templated":true}]}}