{"id":19144,"date":"2024-11-15T10:00:00","date_gmt":"2024-11-15T13:00:00","guid":{"rendered":"https:\/\/agenciainfra.com\/blog\/?p=19144"},"modified":"2024-11-13T06:51:26","modified_gmt":"2024-11-13T09:51:26","slug":"acordo-garante-retomada-da-dragagem-no-canal-do-itajai-acu","status":"publish","type":"post","link":"https:\/\/agenciainfra.com\/blog\/acordo-garante-retomada-da-dragagem-no-canal-do-itajai-acu\/","title":{"rendered":"Acordo garante retomada da dragagem no Canal do Itaja\u00ed-A\u00e7u"},"content":{"rendered":"\n<p class=\"has-text-align-right\"><strong>da Ag\u00eancia iNFRA<\/strong><\/p>\n\n\n\n<p>A dragagem no canal do Itaja\u00ed-A\u00e7u foi retomada, na \u00faltima sexta-feira (8), ap\u00f3s um acordo entre a SPI (Superintend\u00eancia Portu\u00e1ria de Itaja\u00ed), o Minist\u00e9rio de Portos e Aeroportos, a empresa holandesa Van Oord, a ANTAQ (Ag\u00eancia Nacional de Transportes Aquavi\u00e1rios) e o terminal Portonave. O processo de dragagem visa garantir a profundidade de 14 metros, essencial para a navegabilidade do rio.<\/p>\n\n\n\n<p>Inicialmente, a Van Oord utilizar\u00e1 equipamentos dispon\u00edveis na regi\u00e3o, mas, em breve, empregar\u00e1 uma draga de suc\u00e7\u00e3o tipo Hopper, mais robusta, para melhorar a efici\u00eancia do trabalho.&nbsp;<\/p>\n\n\n\n<p>A dragagem ficou interrompida por meses porque houve uma tentativa de mudan\u00e7a da empresa contratada e atrasos nos pagamentos. O diretor-geral da ANTAQ (Ag\u00eancia Nacional de Transportes Aquavi\u00e1rios), Eduardo Nery, chegou a fazer cr\u00edticas p\u00fablicas \u00e0 paralisa\u00e7\u00e3o do contrato do servi\u00e7o pela autoridade portu\u00e1ria local.<\/p>\n\n\n\n<p>O terminal Portonave se comprometeu a resolver pend\u00eancias de pagamento relacionadas aos servi\u00e7os de dragagem prestados pela Van Oord, efetuando os pagamentos de novembro, dezembro, janeiro e fevereiro de 2025. Em contrapartida, a SPI poder\u00e1 descontar esses valores de futuras cobran\u00e7as pela utiliza\u00e7\u00e3o da infraestrutura portu\u00e1ria, a serem realizadas ao longo de 12 meses, a partir de mar\u00e7o de 2025.<\/p>\n\n\n\n<p>O superintendente do Porto de Itaja\u00ed, F\u00e1bio Veiga, destacou que as \u00faltimas semanas foram positivas para o porto, com a retomada da dragagem e a conclus\u00e3o de acordos importantes, como a regulariza\u00e7\u00e3o do terminal de cont\u00eaineres da JBS.<\/p>\n\n\n\n<p>Com a mudan\u00e7a de governo nas secretarias, coordenadorias, funda\u00e7\u00f5es e autarquias, as equipes de transi\u00e7\u00e3o est\u00e3o se reunindo de forma pac\u00edfica, com o objetivo de assegurar uma transi\u00e7\u00e3o eficiente para a nova gest\u00e3o da autoridade portu\u00e1ria, que assumir\u00e1 em 1\u00ba de janeiro de 2025.&nbsp;<\/p>\n\n\n\n<p>\u201cAqui na superintend\u00eancia est\u00e1 ocorrendo um excelente entendimento entre a nossa equipe e os integrantes de transi\u00e7\u00e3o do futuro governo. Acima de tudo, \u00e9 importante dizer que o Porto de Itaja\u00ed, nos \u00faltimos anos, apesar da crise, onde muitas vezes sentimos cr\u00edticas severas, e at\u00e9, em certos pontos, injustas, em momento algum deixamos de ser transparentes, sempre a fim de dialogar com todos os setores da sociedade&#8221;, afirmou F\u00e1bio Veiga.<\/p>\n","protected":false},"excerpt":{"rendered":"<p>da Ag\u00eancia iNFRA A dragagem no canal do Itaja\u00ed-A\u00e7u foi retomada, na \u00faltima sexta-feira (8), ap\u00f3s um acordo entre a SPI (Superintend\u00eancia Portu\u00e1ria de Itaja\u00ed), o Minist\u00e9rio de Portos e Aeroportos, a empresa holandesa Van Oord, a ANTAQ (Ag\u00eancia Nacional de Transportes Aquavi\u00e1rios) e o terminal Portonave. O processo de dragagem visa garantir a profundidade [&hellip;]<\/p>\n","protected":false},"author":1,"featured_media":8715,"comment_status":"closed","ping_status":"closed","sticky":false,"template":"","format":"standard","meta":{"_monsterinsights_skip_tracking":false,"_monsterinsights_sitenote_active":false,"_monsterinsights_sitenote_note":"","_monsterinsights_sitenote_category":0,"footnotes":""},"categories":[7250,1,7],"tags":[86,11715,3082,11716,34,6919,3237,310,70],"class_list":["post-19144","post","type-post","status-publish","format-standard","has-post-thumbnail","hentry","category-destaque-lista","category-geral","category-infratransporte","tag-antaq","tag-canal-do-itajai-acu","tag-dragagem-2","tag-fabio-veiga","tag-infraestrutura","tag-mpor","tag-porto-do-acu","tag-portos","tag-transportes"],"yoast_head":"<!-- This site is optimized with the Yoast SEO Premium plugin v25.4 (Yoast SEO v26.0) - https:\/\/yoast.com\/wordpress\/plugins\/seo\/ -->\n<title>Acordo garante retomada da dragagem no Canal do Itaja\u00ed-A\u00e7u - Ag\u00eancia iNFRA<\/title>\n<meta name=\"robots\" content=\"index, follow, max-snippet:-1, max-image-preview:large, max-video-preview:-1\" \/>\n<link rel=\"canonical\" href=\"https:\/\/agenciainfra.com\/blog\/acordo-garante-retomada-da-dragagem-no-canal-do-itajai-acu\/\" \/>\n<meta property=\"og:locale\" content=\"pt_BR\" \/>\n<meta property=\"og:type\" content=\"article\" \/>\n<meta property=\"og:title\" content=\"Acordo garante retomada da dragagem no Canal do Itaja\u00ed-A\u00e7u\" \/>\n<meta property=\"og:description\" content=\"da Ag\u00eancia iNFRA A dragagem no canal do Itaja\u00ed-A\u00e7u foi retomada, na \u00faltima sexta-feira (8), ap\u00f3s um acordo entre a SPI (Superintend\u00eancia Portu\u00e1ria de Itaja\u00ed), o Minist\u00e9rio de Portos e Aeroportos, a empresa holandesa Van Oord, a ANTAQ (Ag\u00eancia Nacional de Transportes Aquavi\u00e1rios) e o terminal Portonave. O processo de dragagem visa garantir a profundidade [&hellip;]\" \/>\n<meta property=\"og:url\" content=\"https:\/\/agenciainfra.com\/blog\/acordo-garante-retomada-da-dragagem-no-canal-do-itajai-acu\/\" \/>\n<meta property=\"og:site_name\" content=\"Ag\u00eancia iNFRA\" \/>\n<meta property=\"article:publisher\" content=\"https:\/\/www.facebook.com\/ageninfra\" \/>\n<meta property=\"article:published_time\" content=\"2024-11-15T13:00:00+00:00\" \/>\n<meta property=\"og:image\" content=\"https:\/\/agenciainfra.com\/blog\/wp-content\/uploads\/2021\/10\/porto-de-itajai-foto-ronaldo-silva-jr-ministerio-do-planejamento.jpg\" \/>\n\t<meta property=\"og:image:width\" content=\"2048\" \/>\n\t<meta property=\"og:image:height\" content=\"1371\" \/>\n\t<meta property=\"og:image:type\" content=\"image\/jpeg\" \/>\n<meta name=\"author\" content=\"Ag\u00eancia iNFRA\" \/>\n<meta name=\"twitter:card\" content=\"summary_large_image\" \/>\n<meta name=\"twitter:creator\" content=\"@agencia_infra\" \/>\n<meta name=\"twitter:site\" content=\"@agencia_infra\" \/>\n<meta name=\"twitter:label1\" content=\"Escrito por\" \/>\n\t<meta name=\"twitter:data1\" content=\"Ag\u00eancia iNFRA\" \/>\n\t<meta name=\"twitter:label2\" content=\"Est. tempo de leitura\" \/>\n\t<meta name=\"twitter:data2\" content=\"2 minutos\" \/>\n<script type=\"application\/ld+json\" class=\"yoast-schema-graph\">{\"@context\":\"https:\/\/schema.org\",\"@graph\":[{\"@type\":\"Article\",\"@id\":\"https:\/\/agenciainfra.com\/blog\/acordo-garante-retomada-da-dragagem-no-canal-do-itajai-acu\/#article\",\"isPartOf\":{\"@id\":\"https:\/\/agenciainfra.com\/blog\/acordo-garante-retomada-da-dragagem-no-canal-do-itajai-acu\/\"},\"author\":{\"name\":\"Ag\u00eancia iNFRA\",\"@id\":\"https:\/\/agenciainfra.com\/blog\/#\/schema\/person\/34af08dff6adea4cb22b06612ba7acfa\"},\"headline\":\"Acordo garante retomada da dragagem no Canal do Itaja\u00ed-A\u00e7u\",\"datePublished\":\"2024-11-15T13:00:00+00:00\",\"mainEntityOfPage\":{\"@id\":\"https:\/\/agenciainfra.com\/blog\/acordo-garante-retomada-da-dragagem-no-canal-do-itajai-acu\/\"},\"wordCount\":395,\"publisher\":{\"@id\":\"https:\/\/agenciainfra.com\/blog\/#organization\"},\"image\":{\"@id\":\"https:\/\/agenciainfra.com\/blog\/acordo-garante-retomada-da-dragagem-no-canal-do-itajai-acu\/#primaryimage\"},\"thumbnailUrl\":\"https:\/\/agenciainfra.com\/blog\/wp-content\/uploads\/2021\/10\/porto-de-itajai-foto-ronaldo-silva-jr-ministerio-do-planejamento-e1734688584472.jpg\",\"keywords\":[\"ANTAQ\",\"Canal do Itaja\u00ed-A\u00e7u\",\"dragagem\",\"F\u00e1bio Veiga\",\"Infraestrutura\",\"MPor\",\"Porto do A\u00e7u\",\"portos\",\"transportes\"],\"articleSection\":[\"Destaque lista\",\"Geral\",\"iNFRATransporte\"],\"inLanguage\":\"pt-BR\",\"copyrightYear\":\"2024\",\"copyrightHolder\":{\"@id\":\"https:\/\/agenciainfra.com\/blog\/#organization\"}},{\"@type\":\"WebPage\",\"@id\":\"https:\/\/agenciainfra.com\/blog\/acordo-garante-retomada-da-dragagem-no-canal-do-itajai-acu\/\",\"url\":\"https:\/\/agenciainfra.com\/blog\/acordo-garante-retomada-da-dragagem-no-canal-do-itajai-acu\/\",\"name\":\"Acordo garante retomada da dragagem no Canal do Itaja\u00ed-A\u00e7u - Ag\u00eancia iNFRA\",\"isPartOf\":{\"@id\":\"https:\/\/agenciainfra.com\/blog\/#website\"},\"primaryImageOfPage\":{\"@id\":\"https:\/\/agenciainfra.com\/blog\/acordo-garante-retomada-da-dragagem-no-canal-do-itajai-acu\/#primaryimage\"},\"image\":{\"@id\":\"https:\/\/agenciainfra.com\/blog\/acordo-garante-retomada-da-dragagem-no-canal-do-itajai-acu\/#primaryimage\"},\"thumbnailUrl\":\"https:\/\/agenciainfra.com\/blog\/wp-content\/uploads\/2021\/10\/porto-de-itajai-foto-ronaldo-silva-jr-ministerio-do-planejamento-e1734688584472.jpg\",\"datePublished\":\"2024-11-15T13:00:00+00:00\",\"breadcrumb\":{\"@id\":\"https:\/\/agenciainfra.com\/blog\/acordo-garante-retomada-da-dragagem-no-canal-do-itajai-acu\/#breadcrumb\"},\"inLanguage\":\"pt-BR\",\"potentialAction\":[{\"@type\":\"ReadAction\",\"target\":[\"https:\/\/agenciainfra.com\/blog\/acordo-garante-retomada-da-dragagem-no-canal-do-itajai-acu\/\"]}]},{\"@type\":\"ImageObject\",\"inLanguage\":\"pt-BR\",\"@id\":\"https:\/\/agenciainfra.com\/blog\/acordo-garante-retomada-da-dragagem-no-canal-do-itajai-acu\/#primaryimage\",\"url\":\"https:\/\/agenciainfra.com\/blog\/wp-content\/uploads\/2021\/10\/porto-de-itajai-foto-ronaldo-silva-jr-ministerio-do-planejamento-e1734688584472.jpg\",\"contentUrl\":\"https:\/\/agenciainfra.com\/blog\/wp-content\/uploads\/2021\/10\/porto-de-itajai-foto-ronaldo-silva-jr-ministerio-do-planejamento-e1734688584472.jpg\",\"width\":1280,\"height\":857,\"caption\":\"Foto: Ronaldo Silva Jr.\/Minist\u00e9rio do Planejamento\"},{\"@type\":\"BreadcrumbList\",\"@id\":\"https:\/\/agenciainfra.com\/blog\/acordo-garante-retomada-da-dragagem-no-canal-do-itajai-acu\/#breadcrumb\",\"itemListElement\":[{\"@type\":\"ListItem\",\"position\":1,\"name\":\"In\u00edcio\",\"item\":\"https:\/\/agenciainfra.com\/blog\/\"},{\"@type\":\"ListItem\",\"position\":2,\"name\":\"Acordo garante retomada da dragagem no Canal do Itaja\u00ed-A\u00e7u\"}]},{\"@type\":\"WebSite\",\"@id\":\"https:\/\/agenciainfra.com\/blog\/#website\",\"url\":\"https:\/\/agenciainfra.com\/blog\/\",\"name\":\"Ag\u00eancia iNFRA\",\"description\":\"Multiplataforma de informa\u00e7\u00e3o jornal\u00edstica refer\u00eancia na \u00e1rea de infraestrutura no Brasil!\",\"publisher\":{\"@id\":\"https:\/\/agenciainfra.com\/blog\/#organization\"},\"potentialAction\":[{\"@type\":\"SearchAction\",\"target\":{\"@type\":\"EntryPoint\",\"urlTemplate\":\"https:\/\/agenciainfra.com\/blog\/?s={search_term_string}\"},\"query-input\":{\"@type\":\"PropertyValueSpecification\",\"valueRequired\":true,\"valueName\":\"search_term_string\"}}],\"inLanguage\":\"pt-BR\"},{\"@type\":\"Organization\",\"@id\":\"https:\/\/agenciainfra.com\/blog\/#organization\",\"name\":\"Ag\u00eancia iNFRA\",\"url\":\"https:\/\/agenciainfra.com\/blog\/\",\"logo\":{\"@type\":\"ImageObject\",\"inLanguage\":\"pt-BR\",\"@id\":\"https:\/\/agenciainfra.com\/blog\/#\/schema\/logo\/image\/\",\"url\":\"https:\/\/agenciainfra.com\/blog\/wp-content\/uploads\/2023\/09\/iNFRA_5-e1761735885940.png\",\"contentUrl\":\"https:\/\/agenciainfra.com\/blog\/wp-content\/uploads\/2023\/09\/iNFRA_5-e1761735885940.png\",\"width\":1672,\"height\":454,\"caption\":\"Ag\u00eancia iNFRA\"},\"image\":{\"@id\":\"https:\/\/agenciainfra.com\/blog\/#\/schema\/logo\/image\/\"},\"sameAs\":[\"https:\/\/www.facebook.com\/ageninfra\",\"https:\/\/x.com\/agencia_infra\",\"https:\/\/www.linkedin.com\/company\/ag\u00eanciainfra\/\",\"https:\/\/www.instagram.com\/agenciainfra\/\"]},{\"@type\":\"Person\",\"@id\":\"https:\/\/agenciainfra.com\/blog\/#\/schema\/person\/34af08dff6adea4cb22b06612ba7acfa\",\"name\":\"Ag\u00eancia iNFRA\",\"image\":{\"@type\":\"ImageObject\",\"inLanguage\":\"pt-BR\",\"@id\":\"https:\/\/agenciainfra.com\/blog\/#\/schema\/person\/image\/\",\"url\":\"https:\/\/secure.gravatar.com\/avatar\/d189e01678f06d8eb84d4e01f08eb848b3fffe3f8443818d3c356c66892f5be8?s=96&d=mm&r=g\",\"contentUrl\":\"https:\/\/secure.gravatar.com\/avatar\/d189e01678f06d8eb84d4e01f08eb848b3fffe3f8443818d3c356c66892f5be8?s=96&d=mm&r=g\",\"caption\":\"Ag\u00eancia iNFRA\"},\"url\":\"https:\/\/agenciainfra.com\/blog\/author\/admin\/\"}]}<\/script>\n<!-- \/ Yoast SEO Premium plugin. -->","yoast_head_json":{"title":"Acordo garante retomada da dragagem no Canal do Itaja\u00ed-A\u00e7u - Ag\u00eancia iNFRA","robots":{"index":"index","follow":"follow","max-snippet":"max-snippet:-1","max-image-preview":"max-image-preview:large","max-video-preview":"max-video-preview:-1"},"canonical":"https:\/\/agenciainfra.com\/blog\/acordo-garante-retomada-da-dragagem-no-canal-do-itajai-acu\/","og_locale":"pt_BR","og_type":"article","og_title":"Acordo garante retomada da dragagem no Canal do Itaja\u00ed-A\u00e7u","og_description":"da Ag\u00eancia iNFRA A dragagem no canal do Itaja\u00ed-A\u00e7u foi retomada, na \u00faltima sexta-feira (8), ap\u00f3s um acordo entre a SPI (Superintend\u00eancia Portu\u00e1ria de Itaja\u00ed), o Minist\u00e9rio de Portos e Aeroportos, a empresa holandesa Van Oord, a ANTAQ (Ag\u00eancia Nacional de Transportes Aquavi\u00e1rios) e o terminal Portonave. O processo de dragagem visa garantir a profundidade [&hellip;]","og_url":"https:\/\/agenciainfra.com\/blog\/acordo-garante-retomada-da-dragagem-no-canal-do-itajai-acu\/","og_site_name":"Ag\u00eancia iNFRA","article_publisher":"https:\/\/www.facebook.com\/ageninfra","article_published_time":"2024-11-15T13:00:00+00:00","og_image":[{"width":2048,"height":1371,"url":"https:\/\/agenciainfra.com\/blog\/wp-content\/uploads\/2021\/10\/porto-de-itajai-foto-ronaldo-silva-jr-ministerio-do-planejamento.jpg","type":"image\/jpeg"}],"author":"Ag\u00eancia iNFRA","twitter_card":"summary_large_image","twitter_creator":"@agencia_infra","twitter_site":"@agencia_infra","twitter_misc":{"Escrito por":"Ag\u00eancia iNFRA","Est. tempo de leitura":"2 minutos"},"schema":{"@context":"https:\/\/schema.org","@graph":[{"@type":"Article","@id":"https:\/\/agenciainfra.com\/blog\/acordo-garante-retomada-da-dragagem-no-canal-do-itajai-acu\/#article","isPartOf":{"@id":"https:\/\/agenciainfra.com\/blog\/acordo-garante-retomada-da-dragagem-no-canal-do-itajai-acu\/"},"author":{"name":"Ag\u00eancia iNFRA","@id":"https:\/\/agenciainfra.com\/blog\/#\/schema\/person\/34af08dff6adea4cb22b06612ba7acfa"},"headline":"Acordo garante retomada da dragagem no Canal do Itaja\u00ed-A\u00e7u","datePublished":"2024-11-15T13:00:00+00:00","mainEntityOfPage":{"@id":"https:\/\/agenciainfra.com\/blog\/acordo-garante-retomada-da-dragagem-no-canal-do-itajai-acu\/"},"wordCount":395,"publisher":{"@id":"https:\/\/agenciainfra.com\/blog\/#organization"},"image":{"@id":"https:\/\/agenciainfra.com\/blog\/acordo-garante-retomada-da-dragagem-no-canal-do-itajai-acu\/#primaryimage"},"thumbnailUrl":"https:\/\/agenciainfra.com\/blog\/wp-content\/uploads\/2021\/10\/porto-de-itajai-foto-ronaldo-silva-jr-ministerio-do-planejamento-e1734688584472.jpg","keywords":["ANTAQ","Canal do Itaja\u00ed-A\u00e7u","dragagem","F\u00e1bio Veiga","Infraestrutura","MPor","Porto do A\u00e7u","portos","transportes"],"articleSection":["Destaque lista","Geral","iNFRATransporte"],"inLanguage":"pt-BR","copyrightYear":"2024","copyrightHolder":{"@id":"https:\/\/agenciainfra.com\/blog\/#organization"}},{"@type":"WebPage","@id":"https:\/\/agenciainfra.com\/blog\/acordo-garante-retomada-da-dragagem-no-canal-do-itajai-acu\/","url":"https:\/\/agenciainfra.com\/blog\/acordo-garante-retomada-da-dragagem-no-canal-do-itajai-acu\/","name":"Acordo garante retomada da dragagem no Canal do Itaja\u00ed-A\u00e7u - Ag\u00eancia iNFRA","isPartOf":{"@id":"https:\/\/agenciainfra.com\/blog\/#website"},"primaryImageOfPage":{"@id":"https:\/\/agenciainfra.com\/blog\/acordo-garante-retomada-da-dragagem-no-canal-do-itajai-acu\/#primaryimage"},"image":{"@id":"https:\/\/agenciainfra.com\/blog\/acordo-garante-retomada-da-dragagem-no-canal-do-itajai-acu\/#primaryimage"},"thumbnailUrl":"https:\/\/agenciainfra.com\/blog\/wp-content\/uploads\/2021\/10\/porto-de-itajai-foto-ronaldo-silva-jr-ministerio-do-planejamento-e1734688584472.jpg","datePublished":"2024-11-15T13:00:00+00:00","breadcrumb":{"@id":"https:\/\/agenciainfra.com\/blog\/acordo-garante-retomada-da-dragagem-no-canal-do-itajai-acu\/#breadcrumb"},"inLanguage":"pt-BR","potentialAction":[{"@type":"ReadAction","target":["https:\/\/agenciainfra.com\/blog\/acordo-garante-retomada-da-dragagem-no-canal-do-itajai-acu\/"]}]},{"@type":"ImageObject","inLanguage":"pt-BR","@id":"https:\/\/agenciainfra.com\/blog\/acordo-garante-retomada-da-dragagem-no-canal-do-itajai-acu\/#primaryimage","url":"https:\/\/agenciainfra.com\/blog\/wp-content\/uploads\/2021\/10\/porto-de-itajai-foto-ronaldo-silva-jr-ministerio-do-planejamento-e1734688584472.jpg","contentUrl":"https:\/\/agenciainfra.com\/blog\/wp-content\/uploads\/2021\/10\/porto-de-itajai-foto-ronaldo-silva-jr-ministerio-do-planejamento-e1734688584472.jpg","width":1280,"height":857,"caption":"Foto: Ronaldo Silva Jr.\/Minist\u00e9rio do Planejamento"},{"@type":"BreadcrumbList","@id":"https:\/\/agenciainfra.com\/blog\/acordo-garante-retomada-da-dragagem-no-canal-do-itajai-acu\/#breadcrumb","itemListElement":[{"@type":"ListItem","position":1,"name":"In\u00edcio","item":"https:\/\/agenciainfra.com\/blog\/"},{"@type":"ListItem","position":2,"name":"Acordo garante retomada da dragagem no Canal do Itaja\u00ed-A\u00e7u"}]},{"@type":"WebSite","@id":"https:\/\/agenciainfra.com\/blog\/#website","url":"https:\/\/agenciainfra.com\/blog\/","name":"Ag\u00eancia iNFRA","description":"Multiplataforma de informa\u00e7\u00e3o jornal\u00edstica refer\u00eancia na \u00e1rea de infraestrutura no Brasil!","publisher":{"@id":"https:\/\/agenciainfra.com\/blog\/#organization"},"potentialAction":[{"@type":"SearchAction","target":{"@type":"EntryPoint","urlTemplate":"https:\/\/agenciainfra.com\/blog\/?s={search_term_string}"},"query-input":{"@type":"PropertyValueSpecification","valueRequired":true,"valueName":"search_term_string"}}],"inLanguage":"pt-BR"},{"@type":"Organization","@id":"https:\/\/agenciainfra.com\/blog\/#organization","name":"Ag\u00eancia iNFRA","url":"https:\/\/agenciainfra.com\/blog\/","logo":{"@type":"ImageObject","inLanguage":"pt-BR","@id":"https:\/\/agenciainfra.com\/blog\/#\/schema\/logo\/image\/","url":"https:\/\/agenciainfra.com\/blog\/wp-content\/uploads\/2023\/09\/iNFRA_5-e1761735885940.png","contentUrl":"https:\/\/agenciainfra.com\/blog\/wp-content\/uploads\/2023\/09\/iNFRA_5-e1761735885940.png","width":1672,"height":454,"caption":"Ag\u00eancia iNFRA"},"image":{"@id":"https:\/\/agenciainfra.com\/blog\/#\/schema\/logo\/image\/"},"sameAs":["https:\/\/www.facebook.com\/ageninfra","https:\/\/x.com\/agencia_infra","https:\/\/www.linkedin.com\/company\/ag\u00eanciainfra\/","https:\/\/www.instagram.com\/agenciainfra\/"]},{"@type":"Person","@id":"https:\/\/agenciainfra.com\/blog\/#\/schema\/person\/34af08dff6adea4cb22b06612ba7acfa","name":"Ag\u00eancia iNFRA","image":{"@type":"ImageObject","inLanguage":"pt-BR","@id":"https:\/\/agenciainfra.com\/blog\/#\/schema\/person\/image\/","url":"https:\/\/secure.gravatar.com\/avatar\/d189e01678f06d8eb84d4e01f08eb848b3fffe3f8443818d3c356c66892f5be8?s=96&d=mm&r=g","contentUrl":"https:\/\/secure.gravatar.com\/avatar\/d189e01678f06d8eb84d4e01f08eb848b3fffe3f8443818d3c356c66892f5be8?s=96&d=mm&r=g","caption":"Ag\u00eancia iNFRA"},"url":"https:\/\/agenciainfra.com\/blog\/author\/admin\/"}]}},"_links":{"self":[{"href":"https:\/\/agenciainfra.com\/blog\/wp-json\/wp\/v2\/posts\/19144","targetHints":{"allow":["GET"]}}],"collection":[{"href":"https:\/\/agenciainfra.com\/blog\/wp-json\/wp\/v2\/posts"}],"about":[{"href":"https:\/\/agenciainfra.com\/blog\/wp-json\/wp\/v2\/types\/post"}],"author":[{"embeddable":true,"href":"https:\/\/agenciainfra.com\/blog\/wp-json\/wp\/v2\/users\/1"}],"replies":[{"embeddable":true,"href":"https:\/\/agenciainfra.com\/blog\/wp-json\/wp\/v2\/comments?post=19144"}],"version-history":[{"count":1,"href":"https:\/\/agenciainfra.com\/blog\/wp-json\/wp\/v2\/posts\/19144\/revisions"}],"predecessor-version":[{"id":19145,"href":"https:\/\/agenciainfra.com\/blog\/wp-json\/wp\/v2\/posts\/19144\/revisions\/19145"}],"wp:featuredmedia":[{"embeddable":true,"href":"https:\/\/agenciainfra.com\/blog\/wp-json\/wp\/v2\/media\/8715"}],"wp:attachment":[{"href":"https:\/\/agenciainfra.com\/blog\/wp-json\/wp\/v2\/media?parent=19144"}],"wp:term":[{"taxonomy":"category","embeddable":true,"href":"https:\/\/agenciainfra.com\/blog\/wp-json\/wp\/v2\/categories?post=19144"},{"taxonomy":"post_tag","embeddable":true,"href":"https:\/\/agenciainfra.com\/blog\/wp-json\/wp\/v2\/tags?post=19144"}],"curies":[{"name":"wp","href":"https:\/\/api.w.org\/{rel}","templated":true}]}}