{"id":1919,"date":"2018-06-18T15:23:20","date_gmt":"2018-06-18T18:23:20","guid":{"rendered":"http:\/\/www.agenciainfra.com\/blog\/?p=1919"},"modified":"2018-06-18T15:23:20","modified_gmt":"2018-06-18T18:23:20","slug":"com-enfase-no-contexto-da-greve-agu-defende-mp-do-tabelamento-de-frete-no-stf","status":"publish","type":"post","link":"https:\/\/agenciainfra.com\/blog\/com-enfase-no-contexto-da-greve-agu-defende-mp-do-tabelamento-de-frete-no-stf\/","title":{"rendered":"Com \u00eanfase no contexto da greve, AGU defende MP do tabelamento de frete no STF"},"content":{"rendered":"<p style=\"text-align: right;\"><strong>Dimmi Amora, da Ag\u00eancia iNFRA<\/strong><\/p>\n<p>A AGU (Advocacia-Geral da Uni\u00e3o) entregou, na noite de sexta-feira (15), o\u00a0<a href=\"https:\/\/agenciainfra.us14.list-manage.com\/track\/click?u=d460dd1bcf9ba0ae040e1fc0f&amp;id=5e734849b1&amp;e=0c440aab2b\">pronunciamento do governo<\/a>\u00a0nas A\u00e7\u00f5es Diretas de Inconstitucionalidade\u00a0movidas no STF (Supremo Tribunal Federal) contra a tabela de frete, que devem ser julgadas nos pr\u00f3ximos dias pelo ministro Luiz Fux. Com \u00eanfase no contexto da greve dos caminhoneiros e invocando outras \u00e1reas da economia com controle de pre\u00e7os, o parecer pede que a MP (medida provis\u00f3ria) n\u00e3o seja declarada inconstitucional.<\/p>\n<p>O parecer come\u00e7a lembrando que j\u00e1 havia em tramita\u00e7\u00e3o no Congresso, com aprova\u00e7\u00e3o pela C\u00e2mara, projeto de lei com caracter\u00edsticas semelhantes. O texto admite que o pa\u00eds tem um &#8220;mercado distorcido&#8221; e &#8220;descasamento&#8221; entre oferta e demanda no setor, e que a grande pulveriza\u00e7\u00e3o do mercado estaria impedindo que houvesse uma solu\u00e7\u00e3o adequada para o problema &#8211;\u00a0apontando que os aumentos de custos estariam recaindo exclusivamente sobre os transportadores.<\/p>\n<p>Na parte legal, um dos pontos que o texto ataca \u00e9 ao fato da ANTT (Ag\u00eancia Nacional de Transportes Terrestres) n\u00e3o ter atribui\u00e7\u00e3o legal para fazer uma tabela de pre\u00e7os. De acordo com o parecer, a lei que cria a ag\u00eancia d\u00e1 a ela poder para reprimir a competi\u00e7\u00e3o imperfeita e infra\u00e7\u00f5es \u00e0 ordem econ\u00f4mica e diz que a pr\u00e1tica de pre\u00e7os abaixo de custo, o que estaria acontecendo no frete rodovi\u00e1rio, deve ser combatida.<\/p>\n<p>Em rela\u00e7\u00e3o ao Artigo 170 da Constitui\u00e7\u00e3o Federal, usado por todos os demandantes para apontar a inconstitucionalidade da medida, a AGU lan\u00e7a m\u00e3o dos Artigos 174 e 178, dizendo que o governo pode fazer interven\u00e7\u00e3o na atividade econ\u00f4mica e que a a \u00e1rea de transporte \u00e9 regul\u00e1vel. Um trecho do 170 tamb\u00e9m \u00e9 usado para defender a regula\u00e7\u00e3o, o que diz que a ordem econ\u00f4mica deve preservar o trabalho digno. De acordo com a AGU, o trabalho dos aut\u00f4nomos estaria atualmente na situa\u00e7\u00e3o abaixo da dignidade.<\/p>\n<p>&#8220;Desse modo, entende-se que eventual pagamento pela presta\u00e7\u00e3o do servi\u00e7o de transporte de carga deve ser capaz de assegurar o sustento do transportador aut\u00f4nomo e de sua fam\u00edlia, garantindo-se um m\u00ednimo de remunera\u00e7\u00e3o a esse grupo de trabalhadores&#8221;, afirma o parecer. &#8220;Portanto, o pagamento de um valor, ao menos m\u00ednimo, para o frete de transporte de carga est\u00e1 intrinsecamente ligado ao princ\u00edpio do m\u00ednimo existencial, necess\u00e1rio para garantir a dignidade da pessoa humana (art. 1\u00b0, I1I, da CF) ao transportador aut\u00f4nomo&#8221;.<\/p>\n<p>Os aut\u00f4nomos s\u00e3o, contudo, apenas cerca de 1\/3 da frota nacional e n\u00e3o h\u00e1 qualquer diferencia\u00e7\u00e3o entre empresas e aut\u00f4nomos na nova lei. Mas o texto segue defendendo a regula\u00e7\u00e3o sobre o mercado de aut\u00f4nomos, lembrando que o estado atua em outras \u00e1reas controlando os pre\u00e7os, entre eles os de medicamento.<\/p>\n<p>&#8220;Resta incontroverso, no caso, que a atua\u00e7\u00e3o do Estado no dom\u00ednio econ\u00f4mico \u00e9 leg\u00edtima, bem como que os princ\u00edpios da livre iniciativa e da livre concorr\u00eancia devem ser compreendidos em cotejo com todo o programa constitucional, preservando-se a dignidade da profiss\u00e3o de caminhoneiro&#8221;, diz o texto, em que s\u00e3o citadas algumas decis\u00f5es do ministro Fux, para defender a legalidade da medida.<\/p>\n<p><strong>Fazenda contra<\/strong><br \/>\nO parecer da AGU, no entanto, \u00e9 oposto ao que defendem outras \u00e1reas do governo. Entre elas, a pr\u00f3pria ANTT, conforme mostrou reportagem da edi\u00e7\u00e3o 317 da\u00a0<strong>Ag\u00eancia iNFRA <\/strong>sobre pareceres de 2015 da ag\u00eancia reguladora sobre o tema.<\/p>\n<p>Dessa vez, quem veio apontar a ilegalidade da medida foi a\u00a0Secretaria de Promo\u00e7\u00e3o da Produtividade e Advocacia da Concorr\u00eancia\u00a0do Minist\u00e9rio da Fazenda, que, em pronunciamento no processo, afirmou que &#8220;ao reintroduzir o tabelamento em setor aberto \u00e0 livre concorr\u00eancia sem a devida an\u00e1lise do impacto que medida ter\u00e1 sobre os demais mercados e, em \u00faltima an\u00e1lise, sobre o consumidor, n\u00e3o conseguir\u00e1 assegurar, conforme prop\u00f4s, a exist\u00eancia digna, conforme os ditames da justi\u00e7a social\u201d.<br \/>\n.<\/p>\n<p>&nbsp;<\/p>\n","protected":false},"excerpt":{"rendered":"<p>Dimmi Amora, da Ag\u00eancia iNFRA A AGU (Advocacia-Geral da Uni\u00e3o) entregou, na noite de sexta-feira (15), o\u00a0pronunciamento do governo\u00a0nas A\u00e7\u00f5es Diretas de Inconstitucionalidade\u00a0movidas no STF (Supremo Tribunal Federal) contra a tabela de frete, que devem ser julgadas nos pr\u00f3ximos dias pelo ministro Luiz Fux. Com \u00eanfase no contexto da greve dos caminhoneiros e invocando outras [&hellip;]<\/p>\n","protected":false},"author":1,"featured_media":1920,"comment_status":"closed","ping_status":"open","sticky":false,"template":"","format":"standard","meta":{"_monsterinsights_skip_tracking":false,"_monsterinsights_sitenote_active":false,"_monsterinsights_sitenote_note":"","_monsterinsights_sitenote_category":0,"footnotes":""},"categories":[7],"tags":[353,19,354,267,284,298],"class_list":["post-1919","post","type-post","status-publish","format-standard","has-post-thumbnail","hentry","category-infratransporte","tag-agu","tag-antt","tag-caminhonieiros","tag-greve","tag-mp","tag-tabela-de-frete"],"yoast_head":"<!-- This site is optimized with the Yoast SEO Premium plugin v25.4 (Yoast SEO v26.0) - https:\/\/yoast.com\/wordpress\/plugins\/seo\/ -->\n<title>Com \u00eanfase no contexto da greve, AGU defende MP do tabelamento de frete no STF - Ag\u00eancia iNFRA<\/title>\n<meta name=\"robots\" content=\"index, follow, max-snippet:-1, max-image-preview:large, max-video-preview:-1\" \/>\n<link rel=\"canonical\" href=\"https:\/\/agenciainfra.com\/blog\/com-enfase-no-contexto-da-greve-agu-defende-mp-do-tabelamento-de-frete-no-stf\/\" \/>\n<meta property=\"og:locale\" content=\"pt_BR\" \/>\n<meta property=\"og:type\" content=\"article\" \/>\n<meta property=\"og:title\" content=\"Com \u00eanfase no contexto da greve, AGU defende MP do tabelamento de frete no STF\" \/>\n<meta property=\"og:description\" content=\"Dimmi Amora, da Ag\u00eancia iNFRA A AGU (Advocacia-Geral da Uni\u00e3o) entregou, na noite de sexta-feira (15), o\u00a0pronunciamento do governo\u00a0nas A\u00e7\u00f5es Diretas de Inconstitucionalidade\u00a0movidas no STF (Supremo Tribunal Federal) contra a tabela de frete, que devem ser julgadas nos pr\u00f3ximos dias pelo ministro Luiz Fux. Com \u00eanfase no contexto da greve dos caminhoneiros e invocando outras [&hellip;]\" \/>\n<meta property=\"og:url\" content=\"https:\/\/agenciainfra.com\/blog\/com-enfase-no-contexto-da-greve-agu-defende-mp-do-tabelamento-de-frete-no-stf\/\" \/>\n<meta property=\"og:site_name\" content=\"Ag\u00eancia iNFRA\" \/>\n<meta property=\"article:publisher\" content=\"https:\/\/www.facebook.com\/ageninfra\" \/>\n<meta property=\"article:published_time\" content=\"2018-06-18T18:23:20+00:00\" \/>\n<meta property=\"og:image\" content=\"https:\/\/agenciainfra.com\/blog\/wp-content\/uploads\/2018\/06\/caminhoes_tomaz_silva_-agencia_brasil_-22052018.jpg\" \/>\n\t<meta property=\"og:image:width\" content=\"1140\" \/>\n\t<meta property=\"og:image:height\" content=\"760\" \/>\n\t<meta property=\"og:image:type\" content=\"image\/jpeg\" \/>\n<meta name=\"author\" content=\"Ag\u00eancia iNFRA\" \/>\n<meta name=\"twitter:card\" content=\"summary_large_image\" \/>\n<meta name=\"twitter:creator\" content=\"@agencia_infra\" \/>\n<meta name=\"twitter:site\" content=\"@agencia_infra\" \/>\n<meta name=\"twitter:label1\" content=\"Escrito por\" \/>\n\t<meta name=\"twitter:data1\" content=\"Ag\u00eancia iNFRA\" \/>\n\t<meta name=\"twitter:label2\" content=\"Est. tempo de leitura\" \/>\n\t<meta name=\"twitter:data2\" content=\"3 minutos\" \/>\n<script type=\"application\/ld+json\" class=\"yoast-schema-graph\">{\"@context\":\"https:\/\/schema.org\",\"@graph\":[{\"@type\":\"Article\",\"@id\":\"https:\/\/agenciainfra.com\/blog\/com-enfase-no-contexto-da-greve-agu-defende-mp-do-tabelamento-de-frete-no-stf\/#article\",\"isPartOf\":{\"@id\":\"https:\/\/agenciainfra.com\/blog\/com-enfase-no-contexto-da-greve-agu-defende-mp-do-tabelamento-de-frete-no-stf\/\"},\"author\":{\"name\":\"Ag\u00eancia iNFRA\",\"@id\":\"https:\/\/agenciainfra.com\/blog\/#\/schema\/person\/34af08dff6adea4cb22b06612ba7acfa\"},\"headline\":\"Com \u00eanfase no contexto da greve, AGU defende MP do tabelamento de frete no STF\",\"datePublished\":\"2018-06-18T18:23:20+00:00\",\"mainEntityOfPage\":{\"@id\":\"https:\/\/agenciainfra.com\/blog\/com-enfase-no-contexto-da-greve-agu-defende-mp-do-tabelamento-de-frete-no-stf\/\"},\"wordCount\":697,\"publisher\":{\"@id\":\"https:\/\/agenciainfra.com\/blog\/#organization\"},\"image\":{\"@id\":\"https:\/\/agenciainfra.com\/blog\/com-enfase-no-contexto-da-greve-agu-defende-mp-do-tabelamento-de-frete-no-stf\/#primaryimage\"},\"thumbnailUrl\":\"https:\/\/agenciainfra.com\/blog\/wp-content\/uploads\/2018\/06\/caminhoes_tomaz_silva_-agencia_brasil_-22052018.jpg\",\"keywords\":[\"AGU\",\"ANTT\",\"caminhonieiros\",\"greve\",\"MP\",\"tabela de frete\"],\"articleSection\":[\"iNFRATransporte\"],\"inLanguage\":\"pt-BR\",\"copyrightYear\":\"2018\",\"copyrightHolder\":{\"@id\":\"https:\/\/agenciainfra.com\/blog\/#organization\"}},{\"@type\":\"WebPage\",\"@id\":\"https:\/\/agenciainfra.com\/blog\/com-enfase-no-contexto-da-greve-agu-defende-mp-do-tabelamento-de-frete-no-stf\/\",\"url\":\"https:\/\/agenciainfra.com\/blog\/com-enfase-no-contexto-da-greve-agu-defende-mp-do-tabelamento-de-frete-no-stf\/\",\"name\":\"Com \u00eanfase no contexto da greve, AGU defende MP do tabelamento de frete no STF - Ag\u00eancia iNFRA\",\"isPartOf\":{\"@id\":\"https:\/\/agenciainfra.com\/blog\/#website\"},\"primaryImageOfPage\":{\"@id\":\"https:\/\/agenciainfra.com\/blog\/com-enfase-no-contexto-da-greve-agu-defende-mp-do-tabelamento-de-frete-no-stf\/#primaryimage\"},\"image\":{\"@id\":\"https:\/\/agenciainfra.com\/blog\/com-enfase-no-contexto-da-greve-agu-defende-mp-do-tabelamento-de-frete-no-stf\/#primaryimage\"},\"thumbnailUrl\":\"https:\/\/agenciainfra.com\/blog\/wp-content\/uploads\/2018\/06\/caminhoes_tomaz_silva_-agencia_brasil_-22052018.jpg\",\"datePublished\":\"2018-06-18T18:23:20+00:00\",\"breadcrumb\":{\"@id\":\"https:\/\/agenciainfra.com\/blog\/com-enfase-no-contexto-da-greve-agu-defende-mp-do-tabelamento-de-frete-no-stf\/#breadcrumb\"},\"inLanguage\":\"pt-BR\",\"potentialAction\":[{\"@type\":\"ReadAction\",\"target\":[\"https:\/\/agenciainfra.com\/blog\/com-enfase-no-contexto-da-greve-agu-defende-mp-do-tabelamento-de-frete-no-stf\/\"]}]},{\"@type\":\"ImageObject\",\"inLanguage\":\"pt-BR\",\"@id\":\"https:\/\/agenciainfra.com\/blog\/com-enfase-no-contexto-da-greve-agu-defende-mp-do-tabelamento-de-frete-no-stf\/#primaryimage\",\"url\":\"https:\/\/agenciainfra.com\/blog\/wp-content\/uploads\/2018\/06\/caminhoes_tomaz_silva_-agencia_brasil_-22052018.jpg\",\"contentUrl\":\"https:\/\/agenciainfra.com\/blog\/wp-content\/uploads\/2018\/06\/caminhoes_tomaz_silva_-agencia_brasil_-22052018.jpg\",\"width\":1140,\"height\":760},{\"@type\":\"BreadcrumbList\",\"@id\":\"https:\/\/agenciainfra.com\/blog\/com-enfase-no-contexto-da-greve-agu-defende-mp-do-tabelamento-de-frete-no-stf\/#breadcrumb\",\"itemListElement\":[{\"@type\":\"ListItem\",\"position\":1,\"name\":\"In\u00edcio\",\"item\":\"https:\/\/agenciainfra.com\/blog\/\"},{\"@type\":\"ListItem\",\"position\":2,\"name\":\"Com \u00eanfase no contexto da greve, AGU defende MP do tabelamento de frete no STF\"}]},{\"@type\":\"WebSite\",\"@id\":\"https:\/\/agenciainfra.com\/blog\/#website\",\"url\":\"https:\/\/agenciainfra.com\/blog\/\",\"name\":\"Ag\u00eancia iNFRA\",\"description\":\"Multiplataforma de informa\u00e7\u00e3o jornal\u00edstica refer\u00eancia na \u00e1rea de infraestrutura no Brasil!\",\"publisher\":{\"@id\":\"https:\/\/agenciainfra.com\/blog\/#organization\"},\"potentialAction\":[{\"@type\":\"SearchAction\",\"target\":{\"@type\":\"EntryPoint\",\"urlTemplate\":\"https:\/\/agenciainfra.com\/blog\/?s={search_term_string}\"},\"query-input\":{\"@type\":\"PropertyValueSpecification\",\"valueRequired\":true,\"valueName\":\"search_term_string\"}}],\"inLanguage\":\"pt-BR\"},{\"@type\":\"Organization\",\"@id\":\"https:\/\/agenciainfra.com\/blog\/#organization\",\"name\":\"Ag\u00eancia iNFRA\",\"url\":\"https:\/\/agenciainfra.com\/blog\/\",\"logo\":{\"@type\":\"ImageObject\",\"inLanguage\":\"pt-BR\",\"@id\":\"https:\/\/agenciainfra.com\/blog\/#\/schema\/logo\/image\/\",\"url\":\"https:\/\/agenciainfra.com\/blog\/wp-content\/uploads\/2023\/09\/iNFRA_5-e1761735885940.png\",\"contentUrl\":\"https:\/\/agenciainfra.com\/blog\/wp-content\/uploads\/2023\/09\/iNFRA_5-e1761735885940.png\",\"width\":1672,\"height\":454,\"caption\":\"Ag\u00eancia iNFRA\"},\"image\":{\"@id\":\"https:\/\/agenciainfra.com\/blog\/#\/schema\/logo\/image\/\"},\"sameAs\":[\"https:\/\/www.facebook.com\/ageninfra\",\"https:\/\/x.com\/agencia_infra\",\"https:\/\/www.linkedin.com\/company\/ag\u00eanciainfra\/\",\"https:\/\/www.instagram.com\/agenciainfra\/\"]},{\"@type\":\"Person\",\"@id\":\"https:\/\/agenciainfra.com\/blog\/#\/schema\/person\/34af08dff6adea4cb22b06612ba7acfa\",\"name\":\"Ag\u00eancia iNFRA\",\"image\":{\"@type\":\"ImageObject\",\"inLanguage\":\"pt-BR\",\"@id\":\"https:\/\/agenciainfra.com\/blog\/#\/schema\/person\/image\/\",\"url\":\"https:\/\/secure.gravatar.com\/avatar\/d189e01678f06d8eb84d4e01f08eb848b3fffe3f8443818d3c356c66892f5be8?s=96&d=mm&r=g\",\"contentUrl\":\"https:\/\/secure.gravatar.com\/avatar\/d189e01678f06d8eb84d4e01f08eb848b3fffe3f8443818d3c356c66892f5be8?s=96&d=mm&r=g\",\"caption\":\"Ag\u00eancia iNFRA\"},\"url\":\"https:\/\/agenciainfra.com\/blog\/author\/admin\/\"}]}<\/script>\n<!-- \/ Yoast SEO Premium plugin. -->","yoast_head_json":{"title":"Com \u00eanfase no contexto da greve, AGU defende MP do tabelamento de frete no STF - Ag\u00eancia iNFRA","robots":{"index":"index","follow":"follow","max-snippet":"max-snippet:-1","max-image-preview":"max-image-preview:large","max-video-preview":"max-video-preview:-1"},"canonical":"https:\/\/agenciainfra.com\/blog\/com-enfase-no-contexto-da-greve-agu-defende-mp-do-tabelamento-de-frete-no-stf\/","og_locale":"pt_BR","og_type":"article","og_title":"Com \u00eanfase no contexto da greve, AGU defende MP do tabelamento de frete no STF","og_description":"Dimmi Amora, da Ag\u00eancia iNFRA A AGU (Advocacia-Geral da Uni\u00e3o) entregou, na noite de sexta-feira (15), o\u00a0pronunciamento do governo\u00a0nas A\u00e7\u00f5es Diretas de Inconstitucionalidade\u00a0movidas no STF (Supremo Tribunal Federal) contra a tabela de frete, que devem ser julgadas nos pr\u00f3ximos dias pelo ministro Luiz Fux. Com \u00eanfase no contexto da greve dos caminhoneiros e invocando outras [&hellip;]","og_url":"https:\/\/agenciainfra.com\/blog\/com-enfase-no-contexto-da-greve-agu-defende-mp-do-tabelamento-de-frete-no-stf\/","og_site_name":"Ag\u00eancia iNFRA","article_publisher":"https:\/\/www.facebook.com\/ageninfra","article_published_time":"2018-06-18T18:23:20+00:00","og_image":[{"width":1140,"height":760,"url":"https:\/\/agenciainfra.com\/blog\/wp-content\/uploads\/2018\/06\/caminhoes_tomaz_silva_-agencia_brasil_-22052018.jpg","type":"image\/jpeg"}],"author":"Ag\u00eancia iNFRA","twitter_card":"summary_large_image","twitter_creator":"@agencia_infra","twitter_site":"@agencia_infra","twitter_misc":{"Escrito por":"Ag\u00eancia iNFRA","Est. tempo de leitura":"3 minutos"},"schema":{"@context":"https:\/\/schema.org","@graph":[{"@type":"Article","@id":"https:\/\/agenciainfra.com\/blog\/com-enfase-no-contexto-da-greve-agu-defende-mp-do-tabelamento-de-frete-no-stf\/#article","isPartOf":{"@id":"https:\/\/agenciainfra.com\/blog\/com-enfase-no-contexto-da-greve-agu-defende-mp-do-tabelamento-de-frete-no-stf\/"},"author":{"name":"Ag\u00eancia iNFRA","@id":"https:\/\/agenciainfra.com\/blog\/#\/schema\/person\/34af08dff6adea4cb22b06612ba7acfa"},"headline":"Com \u00eanfase no contexto da greve, AGU defende MP do tabelamento de frete no STF","datePublished":"2018-06-18T18:23:20+00:00","mainEntityOfPage":{"@id":"https:\/\/agenciainfra.com\/blog\/com-enfase-no-contexto-da-greve-agu-defende-mp-do-tabelamento-de-frete-no-stf\/"},"wordCount":697,"publisher":{"@id":"https:\/\/agenciainfra.com\/blog\/#organization"},"image":{"@id":"https:\/\/agenciainfra.com\/blog\/com-enfase-no-contexto-da-greve-agu-defende-mp-do-tabelamento-de-frete-no-stf\/#primaryimage"},"thumbnailUrl":"https:\/\/agenciainfra.com\/blog\/wp-content\/uploads\/2018\/06\/caminhoes_tomaz_silva_-agencia_brasil_-22052018.jpg","keywords":["AGU","ANTT","caminhonieiros","greve","MP","tabela de frete"],"articleSection":["iNFRATransporte"],"inLanguage":"pt-BR","copyrightYear":"2018","copyrightHolder":{"@id":"https:\/\/agenciainfra.com\/blog\/#organization"}},{"@type":"WebPage","@id":"https:\/\/agenciainfra.com\/blog\/com-enfase-no-contexto-da-greve-agu-defende-mp-do-tabelamento-de-frete-no-stf\/","url":"https:\/\/agenciainfra.com\/blog\/com-enfase-no-contexto-da-greve-agu-defende-mp-do-tabelamento-de-frete-no-stf\/","name":"Com \u00eanfase no contexto da greve, AGU defende MP do tabelamento de frete no STF - Ag\u00eancia iNFRA","isPartOf":{"@id":"https:\/\/agenciainfra.com\/blog\/#website"},"primaryImageOfPage":{"@id":"https:\/\/agenciainfra.com\/blog\/com-enfase-no-contexto-da-greve-agu-defende-mp-do-tabelamento-de-frete-no-stf\/#primaryimage"},"image":{"@id":"https:\/\/agenciainfra.com\/blog\/com-enfase-no-contexto-da-greve-agu-defende-mp-do-tabelamento-de-frete-no-stf\/#primaryimage"},"thumbnailUrl":"https:\/\/agenciainfra.com\/blog\/wp-content\/uploads\/2018\/06\/caminhoes_tomaz_silva_-agencia_brasil_-22052018.jpg","datePublished":"2018-06-18T18:23:20+00:00","breadcrumb":{"@id":"https:\/\/agenciainfra.com\/blog\/com-enfase-no-contexto-da-greve-agu-defende-mp-do-tabelamento-de-frete-no-stf\/#breadcrumb"},"inLanguage":"pt-BR","potentialAction":[{"@type":"ReadAction","target":["https:\/\/agenciainfra.com\/blog\/com-enfase-no-contexto-da-greve-agu-defende-mp-do-tabelamento-de-frete-no-stf\/"]}]},{"@type":"ImageObject","inLanguage":"pt-BR","@id":"https:\/\/agenciainfra.com\/blog\/com-enfase-no-contexto-da-greve-agu-defende-mp-do-tabelamento-de-frete-no-stf\/#primaryimage","url":"https:\/\/agenciainfra.com\/blog\/wp-content\/uploads\/2018\/06\/caminhoes_tomaz_silva_-agencia_brasil_-22052018.jpg","contentUrl":"https:\/\/agenciainfra.com\/blog\/wp-content\/uploads\/2018\/06\/caminhoes_tomaz_silva_-agencia_brasil_-22052018.jpg","width":1140,"height":760},{"@type":"BreadcrumbList","@id":"https:\/\/agenciainfra.com\/blog\/com-enfase-no-contexto-da-greve-agu-defende-mp-do-tabelamento-de-frete-no-stf\/#breadcrumb","itemListElement":[{"@type":"ListItem","position":1,"name":"In\u00edcio","item":"https:\/\/agenciainfra.com\/blog\/"},{"@type":"ListItem","position":2,"name":"Com \u00eanfase no contexto da greve, AGU defende MP do tabelamento de frete no STF"}]},{"@type":"WebSite","@id":"https:\/\/agenciainfra.com\/blog\/#website","url":"https:\/\/agenciainfra.com\/blog\/","name":"Ag\u00eancia iNFRA","description":"Multiplataforma de informa\u00e7\u00e3o jornal\u00edstica refer\u00eancia na \u00e1rea de infraestrutura no Brasil!","publisher":{"@id":"https:\/\/agenciainfra.com\/blog\/#organization"},"potentialAction":[{"@type":"SearchAction","target":{"@type":"EntryPoint","urlTemplate":"https:\/\/agenciainfra.com\/blog\/?s={search_term_string}"},"query-input":{"@type":"PropertyValueSpecification","valueRequired":true,"valueName":"search_term_string"}}],"inLanguage":"pt-BR"},{"@type":"Organization","@id":"https:\/\/agenciainfra.com\/blog\/#organization","name":"Ag\u00eancia iNFRA","url":"https:\/\/agenciainfra.com\/blog\/","logo":{"@type":"ImageObject","inLanguage":"pt-BR","@id":"https:\/\/agenciainfra.com\/blog\/#\/schema\/logo\/image\/","url":"https:\/\/agenciainfra.com\/blog\/wp-content\/uploads\/2023\/09\/iNFRA_5-e1761735885940.png","contentUrl":"https:\/\/agenciainfra.com\/blog\/wp-content\/uploads\/2023\/09\/iNFRA_5-e1761735885940.png","width":1672,"height":454,"caption":"Ag\u00eancia iNFRA"},"image":{"@id":"https:\/\/agenciainfra.com\/blog\/#\/schema\/logo\/image\/"},"sameAs":["https:\/\/www.facebook.com\/ageninfra","https:\/\/x.com\/agencia_infra","https:\/\/www.linkedin.com\/company\/ag\u00eanciainfra\/","https:\/\/www.instagram.com\/agenciainfra\/"]},{"@type":"Person","@id":"https:\/\/agenciainfra.com\/blog\/#\/schema\/person\/34af08dff6adea4cb22b06612ba7acfa","name":"Ag\u00eancia iNFRA","image":{"@type":"ImageObject","inLanguage":"pt-BR","@id":"https:\/\/agenciainfra.com\/blog\/#\/schema\/person\/image\/","url":"https:\/\/secure.gravatar.com\/avatar\/d189e01678f06d8eb84d4e01f08eb848b3fffe3f8443818d3c356c66892f5be8?s=96&d=mm&r=g","contentUrl":"https:\/\/secure.gravatar.com\/avatar\/d189e01678f06d8eb84d4e01f08eb848b3fffe3f8443818d3c356c66892f5be8?s=96&d=mm&r=g","caption":"Ag\u00eancia iNFRA"},"url":"https:\/\/agenciainfra.com\/blog\/author\/admin\/"}]}},"_links":{"self":[{"href":"https:\/\/agenciainfra.com\/blog\/wp-json\/wp\/v2\/posts\/1919","targetHints":{"allow":["GET"]}}],"collection":[{"href":"https:\/\/agenciainfra.com\/blog\/wp-json\/wp\/v2\/posts"}],"about":[{"href":"https:\/\/agenciainfra.com\/blog\/wp-json\/wp\/v2\/types\/post"}],"author":[{"embeddable":true,"href":"https:\/\/agenciainfra.com\/blog\/wp-json\/wp\/v2\/users\/1"}],"replies":[{"embeddable":true,"href":"https:\/\/agenciainfra.com\/blog\/wp-json\/wp\/v2\/comments?post=1919"}],"version-history":[{"count":0,"href":"https:\/\/agenciainfra.com\/blog\/wp-json\/wp\/v2\/posts\/1919\/revisions"}],"wp:featuredmedia":[{"embeddable":true,"href":"https:\/\/agenciainfra.com\/blog\/wp-json\/wp\/v2\/media\/1920"}],"wp:attachment":[{"href":"https:\/\/agenciainfra.com\/blog\/wp-json\/wp\/v2\/media?parent=1919"}],"wp:term":[{"taxonomy":"category","embeddable":true,"href":"https:\/\/agenciainfra.com\/blog\/wp-json\/wp\/v2\/categories?post=1919"},{"taxonomy":"post_tag","embeddable":true,"href":"https:\/\/agenciainfra.com\/blog\/wp-json\/wp\/v2\/tags?post=1919"}],"curies":[{"name":"wp","href":"https:\/\/api.w.org\/{rel}","templated":true}]}}