{"id":19219,"date":"2024-11-13T09:00:00","date_gmt":"2024-11-13T12:00:00","guid":{"rendered":"https:\/\/agenciainfra.com\/blog\/?p=19219"},"modified":"2024-11-14T07:08:00","modified_gmt":"2024-11-14T10:08:00","slug":"aneel-sugere-desembolso-de-r-1025-bi-para-seis-distribuidoras-diretora-pede-vista","status":"publish","type":"post","link":"https:\/\/agenciainfra.com\/blog\/aneel-sugere-desembolso-de-r-1025-bi-para-seis-distribuidoras-diretora-pede-vista\/","title":{"rendered":"ANEEL sugere desembolso de R$ 10,25 bi para seis distribuidoras; diretora pede vista"},"content":{"rendered":"\n<p class=\"has-text-align-right\"><strong>Geraldo Campos Jr. e Marisa Wanzeller, da Ag\u00eancia iNFRA<\/strong><\/p>\n\n\n\n<p>O diretor Fernando Mosna, da ANEEL (Ag\u00eancia Nacional de Energia El\u00e9trica), apresentou&nbsp;<a href=\"https:\/\/mcusercontent.com\/d460dd1bcf9ba0ae040e1fc0f\/files\/1e0a91ad-d5d8-7d84-5177-cc7ce6f26b85\/Voto_indicadores_REN_948_Contrato_NeoBrasilia.pdf\" target=\"_blank\" rel=\"noreferrer noopener\">voto<\/a>&nbsp;nesta ter\u00e7a-feira (12) para que seis distribuidoras de energia el\u00e9trica desembolsem R$ 10,25 bilh\u00f5es em at\u00e9 90 dias para reduzir suas d\u00edvidas e adequ\u00e1-las aos limites regulat\u00f3rios.<\/p>\n\n\n\n<p>O relator votou para revogar as medidas cautelares que suspendiam os prazos para as concession\u00e1rias atenderem os crit\u00e9rios de efici\u00eancia econ\u00f4mico-financeira, mas a decis\u00e3o do processo foi postergada ap\u00f3s pedido de vista da diretora Agnes Costa por uma semana. O diretor Ricardo Tili j\u00e1 apresentou voto favor\u00e1vel ao parecer de Mosna.<\/p>\n\n\n\n<p>Pelo voto, ter\u00e3o que ser feitos aportes nas empresas Light (R$ 4,3 bilh\u00f5es), Enel Rio (R$ 2,8 bilh\u00f5es), Energisa Rond\u00f4nia (R$ 1,5 bilh\u00e3o), Neoenergia Bras\u00edlia (R$ 1,1 bilh\u00e3o), Energisa Acre (R$ 430 milh\u00f5es) e Neoenergia Pernambuco (R$ 124 milh\u00f5es). Essas aplica\u00e7\u00f5es dever\u00e3o ser feitas pelos controladores.<\/p>\n\n\n\n<p>&#8220;De tudo isso n\u00f3s conseguimos observar que, ainda que digam que os contratos das concession\u00e1rias de distribui\u00e7\u00e3o s\u00e3o frouxos, certamente as regras da Ag\u00eancia Nacional de Energia El\u00e9trica n\u00e3o s\u00e3o frouxas&#8221;, disse o diretor Mosna.<\/p>\n\n\n\n<p><strong>Prazo<\/strong><br>A diretora Agnes Costa demonstrou concord\u00e2ncia quanto ao m\u00e9rito do voto e que deve seguir a maior parte do entendimento do relator, mas defendeu que as distribuidoras possam fazer os aportes em prazo maior. &#8220;Acho adequado 180 dias pelo princ\u00edpio da isonomia e o princ\u00edpio de razoabilidade para viabilizar recursos dessa monta&#8221;, disse durante a discuss\u00e3o.<\/p>\n\n\n\n<p>O pedido de vista decorreu do entendimento de que, caso os demais itens do voto fossem aprovados sem um tratamento sobre prazo para pagamento, as empresas seriam obrigadas a receber os aportes imediatamente, uma vez que os prazos previstos em lei j\u00e1 est\u00e3o vencidos.<\/p>\n\n\n\n<p>Mosna sustentou o entendimento de que os aportes ocorram em at\u00e9 90 dias, entre os motivos, para que n\u00e3o prejudique o processo de renova\u00e7\u00e3o das concess\u00f5es. &#8220;N\u00e3o h\u00e1 como n\u00f3s entendermos de outra maneira sob pena de dar um prazo que vai fazer com que a ag\u00eancia n\u00e3o cumpra o papel que ela deve cumprir \u00e0 luz do Decreto 12.068 e \u00e0 luz do que vai ser resultado da minuta de contrato da prorroga\u00e7\u00e3o.&#8221;<\/p>\n\n\n\n<p><strong>&#8220;Quest\u00e3o de ordem&#8221;<\/strong><br>Depois de o relator ter votado no sentido de que o prazo seja de 90 dias, o diretor-executivo de Regula\u00e7\u00e3o da Abradee (Associa\u00e7\u00e3o Brasileira de Distribuidores de Energia El\u00e9trica), Ricardo Brand\u00e3o, voltou ao microfone e prop\u00f4s uma &#8220;quest\u00e3o de ordem&#8221; defendendo o prazo maior para que haja tempo h\u00e1bil de reunir os acionistas, respons\u00e1veis pelo aporte.<\/p>\n\n\n\n<p>&#8220;S\u00f3 um conselho para chamar o aporte de acionistas estrangeiros chega a levar 60 dias, ent\u00e3o, o prazo de 90 dias talvez n\u00e3o seja materialmente poss\u00edvel&#8221;, disse Brand\u00e3o. Mosna rebateu criticando a interpela\u00e7\u00e3o depois de j\u00e1 ter apresentado voto.<\/p>\n\n\n\n<p>O diretor ainda ressaltou que os 180 dias s\u00e3o contados a partir da data de fechamento do exerc\u00edcio. Assim, o prazo referente a 2022 esgotou-se em julho de 2023, e o relativo&nbsp;ao exerc\u00edcio de 2023 esgotou-se em julho de 2024.<\/p>\n\n\n\n<p>Dessa forma, Mosna ponderou que o agente que pediu a cautelar sabia que era uma decis\u00e3o prec\u00e1ria e que, se ela ca\u00edsse, o aporte teria que ser feito imediatamente. Portanto, a &#8220;constru\u00e7\u00e3o do voto n\u00e3o tem que se reportar aos 180 dias&#8221; previstos na resolu\u00e7\u00e3o normativa.<\/p>\n\n\n\n<p><strong>Crit\u00e9rio de efici\u00eancia<\/strong><br>O voto de Mosna seguiu o entendimento das \u00e1reas t\u00e9cnicas da ag\u00eancia&nbsp;para negar a dispensa de cumprimento do crit\u00e9rio de efici\u00eancia pelas distribuidoras referentes aos anos de 2022 e 2023. O mecanismo exige que o endividamento das empresas seja limitado a no m\u00e1ximo 10 vezes o Ebitda\/Lajida (Lucros antes dos juros, tributos, deprecia\u00e7\u00e3o e amortiza\u00e7\u00e3o).<\/p>\n\n\n\n<p>Segundo as normas estabelecidas na REN (Resolu\u00e7\u00e3o Normativa) 948\/2021, a empresa que descumprir os crit\u00e9rios de efici\u00eancia econ\u00f4mico-financeira por dois anos consecutivos ficar\u00e1 sujeita a abertura de processo de interven\u00e7\u00e3o administrativa e poss\u00edvel recomenda\u00e7\u00e3o de caducidade da concess\u00e3o.<\/p>\n\n\n\n<p>O relator, por outro lado, acolheu em seu voto um pleito da Abradee de altera\u00e7\u00e3o nos c\u00e1lculos do crit\u00e9rio, com a neutralidade dos efeitos cont\u00e1beis da exclus\u00e3o do ICMS (Imposto sobre Circula\u00e7\u00e3o de Mercadorias e Servi\u00e7os) da base do PIS\/Cofins na apura\u00e7\u00e3o do crit\u00e9rio de efici\u00eancia com rela\u00e7\u00e3o \u00e0 gest\u00e3o econ\u00f4mico-financeira.<\/p>\n","protected":false},"excerpt":{"rendered":"<p>Geraldo Campos Jr. e Marisa Wanzeller, da Ag\u00eancia iNFRA O diretor Fernando Mosna, da ANEEL (Ag\u00eancia Nacional de Energia El\u00e9trica), apresentou&nbsp;voto&nbsp;nesta ter\u00e7a-feira (12) para que seis distribuidoras de energia el\u00e9trica desembolsem R$ 10,25 bilh\u00f5es em at\u00e9 90 dias para reduzir suas d\u00edvidas e adequ\u00e1-las aos limites regulat\u00f3rios. O relator votou para revogar as medidas cautelares [&hellip;]<\/p>\n","protected":false},"author":1,"featured_media":12990,"comment_status":"closed","ping_status":"closed","sticky":false,"template":"","format":"standard","meta":{"_monsterinsights_skip_tracking":false,"_monsterinsights_sitenote_active":false,"_monsterinsights_sitenote_note":"","_monsterinsights_sitenote_category":0,"footnotes":""},"categories":[9714,1,10],"tags":[6800,53,616,7090,11723,1363,7014,11594,1867,7366,593,11722,11724,11709,11707,11708,1573],"class_list":["post-19219","post","type-post","status-publish","format-standard","has-post-thumbnail","hentry","category-destaque-menor","category-geral","category-infraenergia","tag-agnes-costa","tag-aneel","tag-enel","tag-enel-rio","tag-energisa-acre","tag-energisa-rondonia","tag-fernando-mosna","tag-geraldo-campos-jr","tag-light","tag-marisa-wanzeller","tag-neoenergia","tag-neoenergia-brasilia","tag-neoenergia-pernambuco","tag-pauta-aneel","tag-ren-948-2021","tag-resolucao-normativa-948-2021","tag-sustentabilidade"],"yoast_head":"<!-- This site is optimized with the Yoast SEO Premium plugin v25.4 (Yoast SEO v26.0) - https:\/\/yoast.com\/wordpress\/plugins\/seo\/ -->\n<title>ANEEL sugere desembolso de R$ 10,25 bi para seis distribuidoras; diretora pede vista - Ag\u00eancia iNFRA<\/title>\n<meta name=\"robots\" content=\"index, follow, max-snippet:-1, max-image-preview:large, max-video-preview:-1\" \/>\n<link rel=\"canonical\" href=\"https:\/\/agenciainfra.com\/blog\/aneel-sugere-desembolso-de-r-1025-bi-para-seis-distribuidoras-diretora-pede-vista\/\" \/>\n<meta property=\"og:locale\" content=\"pt_BR\" \/>\n<meta property=\"og:type\" content=\"article\" \/>\n<meta property=\"og:title\" content=\"ANEEL sugere desembolso de R$ 10,25 bi para seis distribuidoras; diretora pede vista\" \/>\n<meta property=\"og:description\" content=\"Geraldo Campos Jr. e Marisa Wanzeller, da Ag\u00eancia iNFRA O diretor Fernando Mosna, da ANEEL (Ag\u00eancia Nacional de Energia El\u00e9trica), apresentou&nbsp;voto&nbsp;nesta ter\u00e7a-feira (12) para que seis distribuidoras de energia el\u00e9trica desembolsem R$ 10,25 bilh\u00f5es em at\u00e9 90 dias para reduzir suas d\u00edvidas e adequ\u00e1-las aos limites regulat\u00f3rios. O relator votou para revogar as medidas cautelares [&hellip;]\" \/>\n<meta property=\"og:url\" content=\"https:\/\/agenciainfra.com\/blog\/aneel-sugere-desembolso-de-r-1025-bi-para-seis-distribuidoras-diretora-pede-vista\/\" \/>\n<meta property=\"og:site_name\" content=\"Ag\u00eancia iNFRA\" \/>\n<meta property=\"article:publisher\" content=\"https:\/\/www.facebook.com\/ageninfra\" \/>\n<meta property=\"article:published_time\" content=\"2024-11-13T12:00:00+00:00\" \/>\n<meta property=\"article:modified_time\" content=\"2024-11-14T10:08:00+00:00\" \/>\n<meta property=\"og:image\" content=\"https:\/\/agenciainfra.com\/blog\/wp-content\/uploads\/2023\/07\/distribuidoras-energia-foto-agencia-de-noticias-do-parana.jpg\" \/>\n\t<meta property=\"og:image:width\" content=\"1202\" \/>\n\t<meta property=\"og:image:height\" content=\"805\" \/>\n\t<meta property=\"og:image:type\" content=\"image\/jpeg\" \/>\n<meta name=\"author\" content=\"Ag\u00eancia iNFRA\" \/>\n<meta name=\"twitter:card\" content=\"summary_large_image\" \/>\n<meta name=\"twitter:creator\" content=\"@agencia_infra\" \/>\n<meta name=\"twitter:site\" content=\"@agencia_infra\" \/>\n<meta name=\"twitter:label1\" content=\"Escrito por\" \/>\n\t<meta name=\"twitter:data1\" content=\"Ag\u00eancia iNFRA\" \/>\n\t<meta name=\"twitter:label2\" content=\"Est. tempo de leitura\" \/>\n\t<meta name=\"twitter:data2\" content=\"4 minutos\" \/>\n<script type=\"application\/ld+json\" class=\"yoast-schema-graph\">{\"@context\":\"https:\/\/schema.org\",\"@graph\":[{\"@type\":\"Article\",\"@id\":\"https:\/\/agenciainfra.com\/blog\/aneel-sugere-desembolso-de-r-1025-bi-para-seis-distribuidoras-diretora-pede-vista\/#article\",\"isPartOf\":{\"@id\":\"https:\/\/agenciainfra.com\/blog\/aneel-sugere-desembolso-de-r-1025-bi-para-seis-distribuidoras-diretora-pede-vista\/\"},\"author\":{\"name\":\"Ag\u00eancia iNFRA\",\"@id\":\"https:\/\/agenciainfra.com\/blog\/#\/schema\/person\/34af08dff6adea4cb22b06612ba7acfa\"},\"headline\":\"ANEEL sugere desembolso de R$ 10,25 bi para seis distribuidoras; diretora pede vista\",\"datePublished\":\"2024-11-13T12:00:00+00:00\",\"dateModified\":\"2024-11-14T10:08:00+00:00\",\"mainEntityOfPage\":{\"@id\":\"https:\/\/agenciainfra.com\/blog\/aneel-sugere-desembolso-de-r-1025-bi-para-seis-distribuidoras-diretora-pede-vista\/\"},\"wordCount\":781,\"publisher\":{\"@id\":\"https:\/\/agenciainfra.com\/blog\/#organization\"},\"image\":{\"@id\":\"https:\/\/agenciainfra.com\/blog\/aneel-sugere-desembolso-de-r-1025-bi-para-seis-distribuidoras-diretora-pede-vista\/#primaryimage\"},\"thumbnailUrl\":\"https:\/\/agenciainfra.com\/blog\/wp-content\/uploads\/2023\/07\/distribuidoras-energia-foto-agencia-de-noticias-do-parana.jpg\",\"keywords\":[\"Agnes Costa\",\"ANEEL\",\"Enel\",\"Enel Rio\",\"Energisa Acre\",\"Energisa Rond\u00f4nia\",\"Fernando Mosna\",\"Geraldo Campos Jr.\",\"Light\",\"Marisa Wanzeller\",\"neoenergia\",\"Neoenergia Bras\u00edlia\",\"Neoenergia Pernambuco\",\"pauta ANEEL\",\"REN 948\/2021\",\"Resolu\u00e7\u00e3o normativa 948\/2021\",\"sustentabilidade\"],\"articleSection\":[\"Destaque Menor\",\"Geral\",\"iNFRAEnergia\"],\"inLanguage\":\"pt-BR\",\"copyrightYear\":\"2024\",\"copyrightHolder\":{\"@id\":\"https:\/\/agenciainfra.com\/blog\/#organization\"}},{\"@type\":\"WebPage\",\"@id\":\"https:\/\/agenciainfra.com\/blog\/aneel-sugere-desembolso-de-r-1025-bi-para-seis-distribuidoras-diretora-pede-vista\/\",\"url\":\"https:\/\/agenciainfra.com\/blog\/aneel-sugere-desembolso-de-r-1025-bi-para-seis-distribuidoras-diretora-pede-vista\/\",\"name\":\"ANEEL sugere desembolso de R$ 10,25 bi para seis distribuidoras; diretora pede vista - Ag\u00eancia iNFRA\",\"isPartOf\":{\"@id\":\"https:\/\/agenciainfra.com\/blog\/#website\"},\"primaryImageOfPage\":{\"@id\":\"https:\/\/agenciainfra.com\/blog\/aneel-sugere-desembolso-de-r-1025-bi-para-seis-distribuidoras-diretora-pede-vista\/#primaryimage\"},\"image\":{\"@id\":\"https:\/\/agenciainfra.com\/blog\/aneel-sugere-desembolso-de-r-1025-bi-para-seis-distribuidoras-diretora-pede-vista\/#primaryimage\"},\"thumbnailUrl\":\"https:\/\/agenciainfra.com\/blog\/wp-content\/uploads\/2023\/07\/distribuidoras-energia-foto-agencia-de-noticias-do-parana.jpg\",\"datePublished\":\"2024-11-13T12:00:00+00:00\",\"dateModified\":\"2024-11-14T10:08:00+00:00\",\"breadcrumb\":{\"@id\":\"https:\/\/agenciainfra.com\/blog\/aneel-sugere-desembolso-de-r-1025-bi-para-seis-distribuidoras-diretora-pede-vista\/#breadcrumb\"},\"inLanguage\":\"pt-BR\",\"potentialAction\":[{\"@type\":\"ReadAction\",\"target\":[\"https:\/\/agenciainfra.com\/blog\/aneel-sugere-desembolso-de-r-1025-bi-para-seis-distribuidoras-diretora-pede-vista\/\"]}]},{\"@type\":\"ImageObject\",\"inLanguage\":\"pt-BR\",\"@id\":\"https:\/\/agenciainfra.com\/blog\/aneel-sugere-desembolso-de-r-1025-bi-para-seis-distribuidoras-diretora-pede-vista\/#primaryimage\",\"url\":\"https:\/\/agenciainfra.com\/blog\/wp-content\/uploads\/2023\/07\/distribuidoras-energia-foto-agencia-de-noticias-do-parana.jpg\",\"contentUrl\":\"https:\/\/agenciainfra.com\/blog\/wp-content\/uploads\/2023\/07\/distribuidoras-energia-foto-agencia-de-noticias-do-parana.jpg\",\"width\":1202,\"height\":805,\"caption\":\"Foto: Ag\u00eancia de Not\u00edcias do Paran\u00e1\/Divulga\u00e7\u00e3o\"},{\"@type\":\"BreadcrumbList\",\"@id\":\"https:\/\/agenciainfra.com\/blog\/aneel-sugere-desembolso-de-r-1025-bi-para-seis-distribuidoras-diretora-pede-vista\/#breadcrumb\",\"itemListElement\":[{\"@type\":\"ListItem\",\"position\":1,\"name\":\"In\u00edcio\",\"item\":\"https:\/\/agenciainfra.com\/blog\/\"},{\"@type\":\"ListItem\",\"position\":2,\"name\":\"ANEEL sugere desembolso de R$ 10,25 bi para seis distribuidoras; diretora pede vista\"}]},{\"@type\":\"WebSite\",\"@id\":\"https:\/\/agenciainfra.com\/blog\/#website\",\"url\":\"https:\/\/agenciainfra.com\/blog\/\",\"name\":\"Ag\u00eancia iNFRA\",\"description\":\"Multiplataforma de informa\u00e7\u00e3o jornal\u00edstica refer\u00eancia na \u00e1rea de infraestrutura no Brasil!\",\"publisher\":{\"@id\":\"https:\/\/agenciainfra.com\/blog\/#organization\"},\"potentialAction\":[{\"@type\":\"SearchAction\",\"target\":{\"@type\":\"EntryPoint\",\"urlTemplate\":\"https:\/\/agenciainfra.com\/blog\/?s={search_term_string}\"},\"query-input\":{\"@type\":\"PropertyValueSpecification\",\"valueRequired\":true,\"valueName\":\"search_term_string\"}}],\"inLanguage\":\"pt-BR\"},{\"@type\":\"Organization\",\"@id\":\"https:\/\/agenciainfra.com\/blog\/#organization\",\"name\":\"Ag\u00eancia iNFRA\",\"url\":\"https:\/\/agenciainfra.com\/blog\/\",\"logo\":{\"@type\":\"ImageObject\",\"inLanguage\":\"pt-BR\",\"@id\":\"https:\/\/agenciainfra.com\/blog\/#\/schema\/logo\/image\/\",\"url\":\"https:\/\/agenciainfra.com\/blog\/wp-content\/uploads\/2023\/09\/iNFRA_5-e1761735885940.png\",\"contentUrl\":\"https:\/\/agenciainfra.com\/blog\/wp-content\/uploads\/2023\/09\/iNFRA_5-e1761735885940.png\",\"width\":1672,\"height\":454,\"caption\":\"Ag\u00eancia iNFRA\"},\"image\":{\"@id\":\"https:\/\/agenciainfra.com\/blog\/#\/schema\/logo\/image\/\"},\"sameAs\":[\"https:\/\/www.facebook.com\/ageninfra\",\"https:\/\/x.com\/agencia_infra\",\"https:\/\/www.linkedin.com\/company\/ag\u00eanciainfra\/\",\"https:\/\/www.instagram.com\/agenciainfra\/\"]},{\"@type\":\"Person\",\"@id\":\"https:\/\/agenciainfra.com\/blog\/#\/schema\/person\/34af08dff6adea4cb22b06612ba7acfa\",\"name\":\"Ag\u00eancia iNFRA\",\"image\":{\"@type\":\"ImageObject\",\"inLanguage\":\"pt-BR\",\"@id\":\"https:\/\/agenciainfra.com\/blog\/#\/schema\/person\/image\/\",\"url\":\"https:\/\/secure.gravatar.com\/avatar\/d189e01678f06d8eb84d4e01f08eb848b3fffe3f8443818d3c356c66892f5be8?s=96&d=mm&r=g\",\"contentUrl\":\"https:\/\/secure.gravatar.com\/avatar\/d189e01678f06d8eb84d4e01f08eb848b3fffe3f8443818d3c356c66892f5be8?s=96&d=mm&r=g\",\"caption\":\"Ag\u00eancia iNFRA\"},\"url\":\"https:\/\/agenciainfra.com\/blog\/author\/admin\/\"}]}<\/script>\n<!-- \/ Yoast SEO Premium plugin. -->","yoast_head_json":{"title":"ANEEL sugere desembolso de R$ 10,25 bi para seis distribuidoras; diretora pede vista - Ag\u00eancia iNFRA","robots":{"index":"index","follow":"follow","max-snippet":"max-snippet:-1","max-image-preview":"max-image-preview:large","max-video-preview":"max-video-preview:-1"},"canonical":"https:\/\/agenciainfra.com\/blog\/aneel-sugere-desembolso-de-r-1025-bi-para-seis-distribuidoras-diretora-pede-vista\/","og_locale":"pt_BR","og_type":"article","og_title":"ANEEL sugere desembolso de R$ 10,25 bi para seis distribuidoras; diretora pede vista","og_description":"Geraldo Campos Jr. e Marisa Wanzeller, da Ag\u00eancia iNFRA O diretor Fernando Mosna, da ANEEL (Ag\u00eancia Nacional de Energia El\u00e9trica), apresentou&nbsp;voto&nbsp;nesta ter\u00e7a-feira (12) para que seis distribuidoras de energia el\u00e9trica desembolsem R$ 10,25 bilh\u00f5es em at\u00e9 90 dias para reduzir suas d\u00edvidas e adequ\u00e1-las aos limites regulat\u00f3rios. O relator votou para revogar as medidas cautelares [&hellip;]","og_url":"https:\/\/agenciainfra.com\/blog\/aneel-sugere-desembolso-de-r-1025-bi-para-seis-distribuidoras-diretora-pede-vista\/","og_site_name":"Ag\u00eancia iNFRA","article_publisher":"https:\/\/www.facebook.com\/ageninfra","article_published_time":"2024-11-13T12:00:00+00:00","article_modified_time":"2024-11-14T10:08:00+00:00","og_image":[{"width":1202,"height":805,"url":"https:\/\/agenciainfra.com\/blog\/wp-content\/uploads\/2023\/07\/distribuidoras-energia-foto-agencia-de-noticias-do-parana.jpg","type":"image\/jpeg"}],"author":"Ag\u00eancia iNFRA","twitter_card":"summary_large_image","twitter_creator":"@agencia_infra","twitter_site":"@agencia_infra","twitter_misc":{"Escrito por":"Ag\u00eancia iNFRA","Est. tempo de leitura":"4 minutos"},"schema":{"@context":"https:\/\/schema.org","@graph":[{"@type":"Article","@id":"https:\/\/agenciainfra.com\/blog\/aneel-sugere-desembolso-de-r-1025-bi-para-seis-distribuidoras-diretora-pede-vista\/#article","isPartOf":{"@id":"https:\/\/agenciainfra.com\/blog\/aneel-sugere-desembolso-de-r-1025-bi-para-seis-distribuidoras-diretora-pede-vista\/"},"author":{"name":"Ag\u00eancia iNFRA","@id":"https:\/\/agenciainfra.com\/blog\/#\/schema\/person\/34af08dff6adea4cb22b06612ba7acfa"},"headline":"ANEEL sugere desembolso de R$ 10,25 bi para seis distribuidoras; diretora pede vista","datePublished":"2024-11-13T12:00:00+00:00","dateModified":"2024-11-14T10:08:00+00:00","mainEntityOfPage":{"@id":"https:\/\/agenciainfra.com\/blog\/aneel-sugere-desembolso-de-r-1025-bi-para-seis-distribuidoras-diretora-pede-vista\/"},"wordCount":781,"publisher":{"@id":"https:\/\/agenciainfra.com\/blog\/#organization"},"image":{"@id":"https:\/\/agenciainfra.com\/blog\/aneel-sugere-desembolso-de-r-1025-bi-para-seis-distribuidoras-diretora-pede-vista\/#primaryimage"},"thumbnailUrl":"https:\/\/agenciainfra.com\/blog\/wp-content\/uploads\/2023\/07\/distribuidoras-energia-foto-agencia-de-noticias-do-parana.jpg","keywords":["Agnes Costa","ANEEL","Enel","Enel Rio","Energisa Acre","Energisa Rond\u00f4nia","Fernando Mosna","Geraldo Campos Jr.","Light","Marisa Wanzeller","neoenergia","Neoenergia Bras\u00edlia","Neoenergia Pernambuco","pauta ANEEL","REN 948\/2021","Resolu\u00e7\u00e3o normativa 948\/2021","sustentabilidade"],"articleSection":["Destaque Menor","Geral","iNFRAEnergia"],"inLanguage":"pt-BR","copyrightYear":"2024","copyrightHolder":{"@id":"https:\/\/agenciainfra.com\/blog\/#organization"}},{"@type":"WebPage","@id":"https:\/\/agenciainfra.com\/blog\/aneel-sugere-desembolso-de-r-1025-bi-para-seis-distribuidoras-diretora-pede-vista\/","url":"https:\/\/agenciainfra.com\/blog\/aneel-sugere-desembolso-de-r-1025-bi-para-seis-distribuidoras-diretora-pede-vista\/","name":"ANEEL sugere desembolso de R$ 10,25 bi para seis distribuidoras; diretora pede vista - Ag\u00eancia iNFRA","isPartOf":{"@id":"https:\/\/agenciainfra.com\/blog\/#website"},"primaryImageOfPage":{"@id":"https:\/\/agenciainfra.com\/blog\/aneel-sugere-desembolso-de-r-1025-bi-para-seis-distribuidoras-diretora-pede-vista\/#primaryimage"},"image":{"@id":"https:\/\/agenciainfra.com\/blog\/aneel-sugere-desembolso-de-r-1025-bi-para-seis-distribuidoras-diretora-pede-vista\/#primaryimage"},"thumbnailUrl":"https:\/\/agenciainfra.com\/blog\/wp-content\/uploads\/2023\/07\/distribuidoras-energia-foto-agencia-de-noticias-do-parana.jpg","datePublished":"2024-11-13T12:00:00+00:00","dateModified":"2024-11-14T10:08:00+00:00","breadcrumb":{"@id":"https:\/\/agenciainfra.com\/blog\/aneel-sugere-desembolso-de-r-1025-bi-para-seis-distribuidoras-diretora-pede-vista\/#breadcrumb"},"inLanguage":"pt-BR","potentialAction":[{"@type":"ReadAction","target":["https:\/\/agenciainfra.com\/blog\/aneel-sugere-desembolso-de-r-1025-bi-para-seis-distribuidoras-diretora-pede-vista\/"]}]},{"@type":"ImageObject","inLanguage":"pt-BR","@id":"https:\/\/agenciainfra.com\/blog\/aneel-sugere-desembolso-de-r-1025-bi-para-seis-distribuidoras-diretora-pede-vista\/#primaryimage","url":"https:\/\/agenciainfra.com\/blog\/wp-content\/uploads\/2023\/07\/distribuidoras-energia-foto-agencia-de-noticias-do-parana.jpg","contentUrl":"https:\/\/agenciainfra.com\/blog\/wp-content\/uploads\/2023\/07\/distribuidoras-energia-foto-agencia-de-noticias-do-parana.jpg","width":1202,"height":805,"caption":"Foto: Ag\u00eancia de Not\u00edcias do Paran\u00e1\/Divulga\u00e7\u00e3o"},{"@type":"BreadcrumbList","@id":"https:\/\/agenciainfra.com\/blog\/aneel-sugere-desembolso-de-r-1025-bi-para-seis-distribuidoras-diretora-pede-vista\/#breadcrumb","itemListElement":[{"@type":"ListItem","position":1,"name":"In\u00edcio","item":"https:\/\/agenciainfra.com\/blog\/"},{"@type":"ListItem","position":2,"name":"ANEEL sugere desembolso de R$ 10,25 bi para seis distribuidoras; diretora pede vista"}]},{"@type":"WebSite","@id":"https:\/\/agenciainfra.com\/blog\/#website","url":"https:\/\/agenciainfra.com\/blog\/","name":"Ag\u00eancia iNFRA","description":"Multiplataforma de informa\u00e7\u00e3o jornal\u00edstica refer\u00eancia na \u00e1rea de infraestrutura no Brasil!","publisher":{"@id":"https:\/\/agenciainfra.com\/blog\/#organization"},"potentialAction":[{"@type":"SearchAction","target":{"@type":"EntryPoint","urlTemplate":"https:\/\/agenciainfra.com\/blog\/?s={search_term_string}"},"query-input":{"@type":"PropertyValueSpecification","valueRequired":true,"valueName":"search_term_string"}}],"inLanguage":"pt-BR"},{"@type":"Organization","@id":"https:\/\/agenciainfra.com\/blog\/#organization","name":"Ag\u00eancia iNFRA","url":"https:\/\/agenciainfra.com\/blog\/","logo":{"@type":"ImageObject","inLanguage":"pt-BR","@id":"https:\/\/agenciainfra.com\/blog\/#\/schema\/logo\/image\/","url":"https:\/\/agenciainfra.com\/blog\/wp-content\/uploads\/2023\/09\/iNFRA_5-e1761735885940.png","contentUrl":"https:\/\/agenciainfra.com\/blog\/wp-content\/uploads\/2023\/09\/iNFRA_5-e1761735885940.png","width":1672,"height":454,"caption":"Ag\u00eancia iNFRA"},"image":{"@id":"https:\/\/agenciainfra.com\/blog\/#\/schema\/logo\/image\/"},"sameAs":["https:\/\/www.facebook.com\/ageninfra","https:\/\/x.com\/agencia_infra","https:\/\/www.linkedin.com\/company\/ag\u00eanciainfra\/","https:\/\/www.instagram.com\/agenciainfra\/"]},{"@type":"Person","@id":"https:\/\/agenciainfra.com\/blog\/#\/schema\/person\/34af08dff6adea4cb22b06612ba7acfa","name":"Ag\u00eancia iNFRA","image":{"@type":"ImageObject","inLanguage":"pt-BR","@id":"https:\/\/agenciainfra.com\/blog\/#\/schema\/person\/image\/","url":"https:\/\/secure.gravatar.com\/avatar\/d189e01678f06d8eb84d4e01f08eb848b3fffe3f8443818d3c356c66892f5be8?s=96&d=mm&r=g","contentUrl":"https:\/\/secure.gravatar.com\/avatar\/d189e01678f06d8eb84d4e01f08eb848b3fffe3f8443818d3c356c66892f5be8?s=96&d=mm&r=g","caption":"Ag\u00eancia iNFRA"},"url":"https:\/\/agenciainfra.com\/blog\/author\/admin\/"}]}},"_links":{"self":[{"href":"https:\/\/agenciainfra.com\/blog\/wp-json\/wp\/v2\/posts\/19219","targetHints":{"allow":["GET"]}}],"collection":[{"href":"https:\/\/agenciainfra.com\/blog\/wp-json\/wp\/v2\/posts"}],"about":[{"href":"https:\/\/agenciainfra.com\/blog\/wp-json\/wp\/v2\/types\/post"}],"author":[{"embeddable":true,"href":"https:\/\/agenciainfra.com\/blog\/wp-json\/wp\/v2\/users\/1"}],"replies":[{"embeddable":true,"href":"https:\/\/agenciainfra.com\/blog\/wp-json\/wp\/v2\/comments?post=19219"}],"version-history":[{"count":1,"href":"https:\/\/agenciainfra.com\/blog\/wp-json\/wp\/v2\/posts\/19219\/revisions"}],"predecessor-version":[{"id":19220,"href":"https:\/\/agenciainfra.com\/blog\/wp-json\/wp\/v2\/posts\/19219\/revisions\/19220"}],"wp:featuredmedia":[{"embeddable":true,"href":"https:\/\/agenciainfra.com\/blog\/wp-json\/wp\/v2\/media\/12990"}],"wp:attachment":[{"href":"https:\/\/agenciainfra.com\/blog\/wp-json\/wp\/v2\/media?parent=19219"}],"wp:term":[{"taxonomy":"category","embeddable":true,"href":"https:\/\/agenciainfra.com\/blog\/wp-json\/wp\/v2\/categories?post=19219"},{"taxonomy":"post_tag","embeddable":true,"href":"https:\/\/agenciainfra.com\/blog\/wp-json\/wp\/v2\/tags?post=19219"}],"curies":[{"name":"wp","href":"https:\/\/api.w.org\/{rel}","templated":true}]}}