{"id":19248,"date":"2024-11-14T09:00:00","date_gmt":"2024-11-14T12:00:00","guid":{"rendered":"https:\/\/agenciainfra.com\/blog\/?p=19248"},"modified":"2024-11-14T11:12:10","modified_gmt":"2024-11-14T14:12:10","slug":"aneel-dara-inicio-a-fiscalizacao-da-enel-rj-apos-apagao-em-municipios-do-estado","status":"publish","type":"post","link":"https:\/\/agenciainfra.com\/blog\/aneel-dara-inicio-a-fiscalizacao-da-enel-rj-apos-apagao-em-municipios-do-estado\/","title":{"rendered":"ANEEL dar\u00e1 in\u00edcio \u00e0 fiscaliza\u00e7\u00e3o da Enel RJ ap\u00f3s apag\u00e3o em munic\u00edpios do estado"},"content":{"rendered":"\n<p class=\"has-text-align-right\"><strong>Geraldo Campos Jr. e Marisa Wanzeller, da Ag\u00eancia iNFRA<\/strong><\/p>\n\n\n\n<p>A ANEEL (Ag\u00eancia Nacional de Energia El\u00e9trica) informou que dar\u00e1 in\u00edcio hoje (14) \u00e0 fiscaliza\u00e7\u00e3o na \u00e1rea de concess\u00e3o da Enel Rio de Janeiro ap\u00f3s apag\u00e3o que atingiu tr\u00eas munic\u00edpios do estado: Niter\u00f3i, Mag\u00e9 e S\u00e3o Gon\u00e7alo.&nbsp;<\/p>\n\n\n\n<p>\u201cA fiscaliza\u00e7\u00e3o vai apurar a\u00e7\u00f5es emergenciais adotadas pela concession\u00e1ria para minimizar os transtornos aos consumidores, a extens\u00e3o das interrup\u00e7\u00f5es e o desempenho no restabelecimento do servi\u00e7o&#8221;, disse a ag\u00eancia em\u00a0<a href=\"https:\/\/www.gov.br\/aneel\/pt-br\/assuntos\/noticias\/2024\/aneel-inicia-fiscalizacao-sobre-interrupcoes-de-energia-na-area-da-enel-rj\" target=\"_blank\" rel=\"noreferrer noopener\">nota<\/a>.\u00a0<\/p>\n\n\n\n<p>O apag\u00e3o teve in\u00edcio em meio a fortes chuvas com rajadas de vento e descargas atmosf\u00e9ricas, afirmou a empresa. Segundo a companhia italiana, foram registradas ocorr\u00eancias numa subesta\u00e7\u00e3o na \u00faltima ter\u00e7a-feira (12) em Alc\u00e2ntara e na madrugada da \u00faltima quarta-feira (13) em uma linha de distribui\u00e7\u00e3o.<\/p>\n\n\n\n<p>A Enel afirmou que os servi\u00e7os s\u00e3o \u201ccomplexos\u201d e em local \u201cde dif\u00edcil acesso\u201d, o que poderia prejudicar a realiza\u00e7\u00e3o dos reparos necess\u00e1rios. Nesta quarta-feira&nbsp;pela tarde, a concession\u00e1ria informou que o incidente com a linha de alta tens\u00e3o j\u00e1 estava solucionado. No entanto, os t\u00e9cnicos ainda seguiam atuando nos reparos da subesta\u00e7\u00e3o de Alc\u00e2ntara, e 4% dos clientes ainda sofriam com falta de energia na noite de ontem, mais de 24 horas ap\u00f3s a interrup\u00e7\u00e3o.<\/p>\n\n\n\n<p><strong>Oitivas da Enel<\/strong><br>Ainda na quarta-feira (13), durante reuni\u00e3o da CME (Comiss\u00e3o de Minas e Energia) da C\u00e2mara, o deputado Hugo Leal (PSD-RJ) afirmou que o problema na regi\u00e3o j\u00e1 durava quase 20 horas. Ele cobrou que sejam marcadas as oitivas com a Enel j\u00e1 aprovadas pelo colegiado.<\/p>\n\n\n\n<p>\u201cN\u00e3o \u00e9 s\u00f3 falta de energia, \u00e9 falta de investimento ao longo de anos nesta concession\u00e1ria. Eu acho que n\u00e3o d\u00e1 mais para ficar justificando e n\u00f3s temos que chamar aqui [a Enel] pelos problemas que ocasionou no estado de S\u00e3o Paulo, na cidade de S\u00e3o Paulo, mas tamb\u00e9m pelos problemas que tem ocasionado em todo o interior do estado do Rio de Janeiro\u201d, disse o deputado.<\/p>\n\n\n\n<p>O apag\u00e3o em parte da \u00e1rea da Enel Rio acontece menos de um m\u00eas depois do mesmo problema ser registrado pela distribuidora do grupo italiano em S\u00e3o Paulo.<\/p>\n","protected":false},"excerpt":{"rendered":"<p>Geraldo Campos Jr. e Marisa Wanzeller, da Ag\u00eancia iNFRA A ANEEL (Ag\u00eancia Nacional de Energia El\u00e9trica) informou que dar\u00e1 in\u00edcio hoje (14) \u00e0 fiscaliza\u00e7\u00e3o na \u00e1rea de concess\u00e3o da Enel Rio de Janeiro ap\u00f3s apag\u00e3o que atingiu tr\u00eas munic\u00edpios do estado: Niter\u00f3i, Mag\u00e9 e S\u00e3o Gon\u00e7alo.&nbsp; \u201cA fiscaliza\u00e7\u00e3o vai apurar a\u00e7\u00f5es emergenciais adotadas pela concession\u00e1ria [&hellip;]<\/p>\n","protected":false},"author":1,"featured_media":10277,"comment_status":"closed","ping_status":"closed","sticky":false,"template":"","format":"standard","meta":{"_monsterinsights_skip_tracking":false,"_monsterinsights_sitenote_active":false,"_monsterinsights_sitenote_note":"","_monsterinsights_sitenote_category":0,"footnotes":""},"categories":[7250,1,10],"tags":[53,3002,11737,78,616,3575,282,380,11594,7366],"class_list":["post-19248","post","type-post","status-publish","format-standard","has-post-thumbnail","hentry","category-destaque-lista","category-geral","category-infraenergia","tag-aneel","tag-apagao","tag-apagao-no-rj","tag-concessoes","tag-enel","tag-enel-rj","tag-energia-eletrica","tag-fiscalizacao","tag-geraldo-campos-jr","tag-marisa-wanzeller"],"yoast_head":"<!-- This site is optimized with the Yoast SEO Premium plugin v25.4 (Yoast SEO v26.0) - https:\/\/yoast.com\/wordpress\/plugins\/seo\/ -->\n<title>ANEEL dar\u00e1 in\u00edcio \u00e0 fiscaliza\u00e7\u00e3o da Enel RJ ap\u00f3s apag\u00e3o em munic\u00edpios do estado - Ag\u00eancia iNFRA<\/title>\n<meta name=\"robots\" content=\"index, follow, max-snippet:-1, max-image-preview:large, max-video-preview:-1\" \/>\n<link rel=\"canonical\" href=\"https:\/\/agenciainfra.com\/blog\/aneel-dara-inicio-a-fiscalizacao-da-enel-rj-apos-apagao-em-municipios-do-estado\/\" \/>\n<meta property=\"og:locale\" content=\"pt_BR\" \/>\n<meta property=\"og:type\" content=\"article\" \/>\n<meta property=\"og:title\" content=\"ANEEL dar\u00e1 in\u00edcio \u00e0 fiscaliza\u00e7\u00e3o da Enel RJ ap\u00f3s apag\u00e3o em munic\u00edpios do estado\" \/>\n<meta property=\"og:description\" content=\"Geraldo Campos Jr. e Marisa Wanzeller, da Ag\u00eancia iNFRA A ANEEL (Ag\u00eancia Nacional de Energia El\u00e9trica) informou que dar\u00e1 in\u00edcio hoje (14) \u00e0 fiscaliza\u00e7\u00e3o na \u00e1rea de concess\u00e3o da Enel Rio de Janeiro ap\u00f3s apag\u00e3o que atingiu tr\u00eas munic\u00edpios do estado: Niter\u00f3i, Mag\u00e9 e S\u00e3o Gon\u00e7alo.&nbsp; \u201cA fiscaliza\u00e7\u00e3o vai apurar a\u00e7\u00f5es emergenciais adotadas pela concession\u00e1ria [&hellip;]\" \/>\n<meta property=\"og:url\" content=\"https:\/\/agenciainfra.com\/blog\/aneel-dara-inicio-a-fiscalizacao-da-enel-rj-apos-apagao-em-municipios-do-estado\/\" \/>\n<meta property=\"og:site_name\" content=\"Ag\u00eancia iNFRA\" \/>\n<meta property=\"article:publisher\" content=\"https:\/\/www.facebook.com\/ageninfra\" \/>\n<meta property=\"article:published_time\" content=\"2024-11-14T12:00:00+00:00\" \/>\n<meta property=\"article:modified_time\" content=\"2024-11-14T14:12:10+00:00\" \/>\n<meta property=\"og:image\" content=\"https:\/\/agenciainfra.com\/blog\/wp-content\/uploads\/2022\/05\/enel-divulgacao.jpg\" \/>\n\t<meta property=\"og:image:width\" content=\"1300\" \/>\n\t<meta property=\"og:image:height\" content=\"866\" \/>\n\t<meta property=\"og:image:type\" content=\"image\/jpeg\" \/>\n<meta name=\"author\" content=\"Ag\u00eancia iNFRA\" \/>\n<meta name=\"twitter:card\" content=\"summary_large_image\" \/>\n<meta name=\"twitter:creator\" content=\"@agencia_infra\" \/>\n<meta name=\"twitter:site\" content=\"@agencia_infra\" \/>\n<meta name=\"twitter:label1\" content=\"Escrito por\" \/>\n\t<meta name=\"twitter:data1\" content=\"Ag\u00eancia iNFRA\" \/>\n\t<meta name=\"twitter:label2\" content=\"Est. tempo de leitura\" \/>\n\t<meta name=\"twitter:data2\" content=\"2 minutos\" \/>\n<script type=\"application\/ld+json\" class=\"yoast-schema-graph\">{\"@context\":\"https:\/\/schema.org\",\"@graph\":[{\"@type\":\"Article\",\"@id\":\"https:\/\/agenciainfra.com\/blog\/aneel-dara-inicio-a-fiscalizacao-da-enel-rj-apos-apagao-em-municipios-do-estado\/#article\",\"isPartOf\":{\"@id\":\"https:\/\/agenciainfra.com\/blog\/aneel-dara-inicio-a-fiscalizacao-da-enel-rj-apos-apagao-em-municipios-do-estado\/\"},\"author\":{\"name\":\"Ag\u00eancia iNFRA\",\"@id\":\"https:\/\/agenciainfra.com\/blog\/#\/schema\/person\/34af08dff6adea4cb22b06612ba7acfa\"},\"headline\":\"ANEEL dar\u00e1 in\u00edcio \u00e0 fiscaliza\u00e7\u00e3o da Enel RJ ap\u00f3s apag\u00e3o em munic\u00edpios do estado\",\"datePublished\":\"2024-11-14T12:00:00+00:00\",\"dateModified\":\"2024-11-14T14:12:10+00:00\",\"mainEntityOfPage\":{\"@id\":\"https:\/\/agenciainfra.com\/blog\/aneel-dara-inicio-a-fiscalizacao-da-enel-rj-apos-apagao-em-municipios-do-estado\/\"},\"wordCount\":406,\"publisher\":{\"@id\":\"https:\/\/agenciainfra.com\/blog\/#organization\"},\"image\":{\"@id\":\"https:\/\/agenciainfra.com\/blog\/aneel-dara-inicio-a-fiscalizacao-da-enel-rj-apos-apagao-em-municipios-do-estado\/#primaryimage\"},\"thumbnailUrl\":\"https:\/\/agenciainfra.com\/blog\/wp-content\/uploads\/2022\/05\/enel-divulgacao-e1771018989275.jpg\",\"keywords\":[\"ANEEL\",\"apag\u00e3o\",\"apag\u00e3o no RJ\",\"concess\u00f5es\",\"Enel\",\"Enel RJ\",\"energia el\u00e9trica\",\"fiscaliza\u00e7\u00e3o\",\"Geraldo Campos Jr.\",\"Marisa Wanzeller\"],\"articleSection\":[\"Destaque lista\",\"Geral\",\"iNFRAEnergia\"],\"inLanguage\":\"pt-BR\",\"copyrightYear\":\"2024\",\"copyrightHolder\":{\"@id\":\"https:\/\/agenciainfra.com\/blog\/#organization\"}},{\"@type\":\"WebPage\",\"@id\":\"https:\/\/agenciainfra.com\/blog\/aneel-dara-inicio-a-fiscalizacao-da-enel-rj-apos-apagao-em-municipios-do-estado\/\",\"url\":\"https:\/\/agenciainfra.com\/blog\/aneel-dara-inicio-a-fiscalizacao-da-enel-rj-apos-apagao-em-municipios-do-estado\/\",\"name\":\"ANEEL dar\u00e1 in\u00edcio \u00e0 fiscaliza\u00e7\u00e3o da Enel RJ ap\u00f3s apag\u00e3o em munic\u00edpios do estado - Ag\u00eancia iNFRA\",\"isPartOf\":{\"@id\":\"https:\/\/agenciainfra.com\/blog\/#website\"},\"primaryImageOfPage\":{\"@id\":\"https:\/\/agenciainfra.com\/blog\/aneel-dara-inicio-a-fiscalizacao-da-enel-rj-apos-apagao-em-municipios-do-estado\/#primaryimage\"},\"image\":{\"@id\":\"https:\/\/agenciainfra.com\/blog\/aneel-dara-inicio-a-fiscalizacao-da-enel-rj-apos-apagao-em-municipios-do-estado\/#primaryimage\"},\"thumbnailUrl\":\"https:\/\/agenciainfra.com\/blog\/wp-content\/uploads\/2022\/05\/enel-divulgacao-e1771018989275.jpg\",\"datePublished\":\"2024-11-14T12:00:00+00:00\",\"dateModified\":\"2024-11-14T14:12:10+00:00\",\"breadcrumb\":{\"@id\":\"https:\/\/agenciainfra.com\/blog\/aneel-dara-inicio-a-fiscalizacao-da-enel-rj-apos-apagao-em-municipios-do-estado\/#breadcrumb\"},\"inLanguage\":\"pt-BR\",\"potentialAction\":[{\"@type\":\"ReadAction\",\"target\":[\"https:\/\/agenciainfra.com\/blog\/aneel-dara-inicio-a-fiscalizacao-da-enel-rj-apos-apagao-em-municipios-do-estado\/\"]}]},{\"@type\":\"ImageObject\",\"inLanguage\":\"pt-BR\",\"@id\":\"https:\/\/agenciainfra.com\/blog\/aneel-dara-inicio-a-fiscalizacao-da-enel-rj-apos-apagao-em-municipios-do-estado\/#primaryimage\",\"url\":\"https:\/\/agenciainfra.com\/blog\/wp-content\/uploads\/2022\/05\/enel-divulgacao-e1771018989275.jpg\",\"contentUrl\":\"https:\/\/agenciainfra.com\/blog\/wp-content\/uploads\/2022\/05\/enel-divulgacao-e1771018989275.jpg\",\"width\":1280,\"height\":853,\"caption\":\"Foto: Enel\"},{\"@type\":\"BreadcrumbList\",\"@id\":\"https:\/\/agenciainfra.com\/blog\/aneel-dara-inicio-a-fiscalizacao-da-enel-rj-apos-apagao-em-municipios-do-estado\/#breadcrumb\",\"itemListElement\":[{\"@type\":\"ListItem\",\"position\":1,\"name\":\"In\u00edcio\",\"item\":\"https:\/\/agenciainfra.com\/blog\/\"},{\"@type\":\"ListItem\",\"position\":2,\"name\":\"ANEEL dar\u00e1 in\u00edcio \u00e0 fiscaliza\u00e7\u00e3o da Enel RJ ap\u00f3s apag\u00e3o em munic\u00edpios do estado\"}]},{\"@type\":\"WebSite\",\"@id\":\"https:\/\/agenciainfra.com\/blog\/#website\",\"url\":\"https:\/\/agenciainfra.com\/blog\/\",\"name\":\"Ag\u00eancia iNFRA\",\"description\":\"Multiplataforma de informa\u00e7\u00e3o jornal\u00edstica refer\u00eancia na \u00e1rea de infraestrutura no Brasil!\",\"publisher\":{\"@id\":\"https:\/\/agenciainfra.com\/blog\/#organization\"},\"potentialAction\":[{\"@type\":\"SearchAction\",\"target\":{\"@type\":\"EntryPoint\",\"urlTemplate\":\"https:\/\/agenciainfra.com\/blog\/?s={search_term_string}\"},\"query-input\":{\"@type\":\"PropertyValueSpecification\",\"valueRequired\":true,\"valueName\":\"search_term_string\"}}],\"inLanguage\":\"pt-BR\"},{\"@type\":\"Organization\",\"@id\":\"https:\/\/agenciainfra.com\/blog\/#organization\",\"name\":\"Ag\u00eancia iNFRA\",\"url\":\"https:\/\/agenciainfra.com\/blog\/\",\"logo\":{\"@type\":\"ImageObject\",\"inLanguage\":\"pt-BR\",\"@id\":\"https:\/\/agenciainfra.com\/blog\/#\/schema\/logo\/image\/\",\"url\":\"https:\/\/agenciainfra.com\/blog\/wp-content\/uploads\/2023\/09\/iNFRA_5-e1761735885940.png\",\"contentUrl\":\"https:\/\/agenciainfra.com\/blog\/wp-content\/uploads\/2023\/09\/iNFRA_5-e1761735885940.png\",\"width\":1672,\"height\":454,\"caption\":\"Ag\u00eancia iNFRA\"},\"image\":{\"@id\":\"https:\/\/agenciainfra.com\/blog\/#\/schema\/logo\/image\/\"},\"sameAs\":[\"https:\/\/www.facebook.com\/ageninfra\",\"https:\/\/x.com\/agencia_infra\",\"https:\/\/www.linkedin.com\/company\/ag\u00eanciainfra\/\",\"https:\/\/www.instagram.com\/agenciainfra\/\"]},{\"@type\":\"Person\",\"@id\":\"https:\/\/agenciainfra.com\/blog\/#\/schema\/person\/34af08dff6adea4cb22b06612ba7acfa\",\"name\":\"Ag\u00eancia iNFRA\",\"image\":{\"@type\":\"ImageObject\",\"inLanguage\":\"pt-BR\",\"@id\":\"https:\/\/agenciainfra.com\/blog\/#\/schema\/person\/image\/\",\"url\":\"https:\/\/secure.gravatar.com\/avatar\/d189e01678f06d8eb84d4e01f08eb848b3fffe3f8443818d3c356c66892f5be8?s=96&d=mm&r=g\",\"contentUrl\":\"https:\/\/secure.gravatar.com\/avatar\/d189e01678f06d8eb84d4e01f08eb848b3fffe3f8443818d3c356c66892f5be8?s=96&d=mm&r=g\",\"caption\":\"Ag\u00eancia iNFRA\"},\"url\":\"https:\/\/agenciainfra.com\/blog\/author\/admin\/\"}]}<\/script>\n<!-- \/ Yoast SEO Premium plugin. -->","yoast_head_json":{"title":"ANEEL dar\u00e1 in\u00edcio \u00e0 fiscaliza\u00e7\u00e3o da Enel RJ ap\u00f3s apag\u00e3o em munic\u00edpios do estado - Ag\u00eancia iNFRA","robots":{"index":"index","follow":"follow","max-snippet":"max-snippet:-1","max-image-preview":"max-image-preview:large","max-video-preview":"max-video-preview:-1"},"canonical":"https:\/\/agenciainfra.com\/blog\/aneel-dara-inicio-a-fiscalizacao-da-enel-rj-apos-apagao-em-municipios-do-estado\/","og_locale":"pt_BR","og_type":"article","og_title":"ANEEL dar\u00e1 in\u00edcio \u00e0 fiscaliza\u00e7\u00e3o da Enel RJ ap\u00f3s apag\u00e3o em munic\u00edpios do estado","og_description":"Geraldo Campos Jr. e Marisa Wanzeller, da Ag\u00eancia iNFRA A ANEEL (Ag\u00eancia Nacional de Energia El\u00e9trica) informou que dar\u00e1 in\u00edcio hoje (14) \u00e0 fiscaliza\u00e7\u00e3o na \u00e1rea de concess\u00e3o da Enel Rio de Janeiro ap\u00f3s apag\u00e3o que atingiu tr\u00eas munic\u00edpios do estado: Niter\u00f3i, Mag\u00e9 e S\u00e3o Gon\u00e7alo.&nbsp; \u201cA fiscaliza\u00e7\u00e3o vai apurar a\u00e7\u00f5es emergenciais adotadas pela concession\u00e1ria [&hellip;]","og_url":"https:\/\/agenciainfra.com\/blog\/aneel-dara-inicio-a-fiscalizacao-da-enel-rj-apos-apagao-em-municipios-do-estado\/","og_site_name":"Ag\u00eancia iNFRA","article_publisher":"https:\/\/www.facebook.com\/ageninfra","article_published_time":"2024-11-14T12:00:00+00:00","article_modified_time":"2024-11-14T14:12:10+00:00","og_image":[{"width":1300,"height":866,"url":"https:\/\/agenciainfra.com\/blog\/wp-content\/uploads\/2022\/05\/enel-divulgacao.jpg","type":"image\/jpeg"}],"author":"Ag\u00eancia iNFRA","twitter_card":"summary_large_image","twitter_creator":"@agencia_infra","twitter_site":"@agencia_infra","twitter_misc":{"Escrito por":"Ag\u00eancia iNFRA","Est. tempo de leitura":"2 minutos"},"schema":{"@context":"https:\/\/schema.org","@graph":[{"@type":"Article","@id":"https:\/\/agenciainfra.com\/blog\/aneel-dara-inicio-a-fiscalizacao-da-enel-rj-apos-apagao-em-municipios-do-estado\/#article","isPartOf":{"@id":"https:\/\/agenciainfra.com\/blog\/aneel-dara-inicio-a-fiscalizacao-da-enel-rj-apos-apagao-em-municipios-do-estado\/"},"author":{"name":"Ag\u00eancia iNFRA","@id":"https:\/\/agenciainfra.com\/blog\/#\/schema\/person\/34af08dff6adea4cb22b06612ba7acfa"},"headline":"ANEEL dar\u00e1 in\u00edcio \u00e0 fiscaliza\u00e7\u00e3o da Enel RJ ap\u00f3s apag\u00e3o em munic\u00edpios do estado","datePublished":"2024-11-14T12:00:00+00:00","dateModified":"2024-11-14T14:12:10+00:00","mainEntityOfPage":{"@id":"https:\/\/agenciainfra.com\/blog\/aneel-dara-inicio-a-fiscalizacao-da-enel-rj-apos-apagao-em-municipios-do-estado\/"},"wordCount":406,"publisher":{"@id":"https:\/\/agenciainfra.com\/blog\/#organization"},"image":{"@id":"https:\/\/agenciainfra.com\/blog\/aneel-dara-inicio-a-fiscalizacao-da-enel-rj-apos-apagao-em-municipios-do-estado\/#primaryimage"},"thumbnailUrl":"https:\/\/agenciainfra.com\/blog\/wp-content\/uploads\/2022\/05\/enel-divulgacao-e1771018989275.jpg","keywords":["ANEEL","apag\u00e3o","apag\u00e3o no RJ","concess\u00f5es","Enel","Enel RJ","energia el\u00e9trica","fiscaliza\u00e7\u00e3o","Geraldo Campos Jr.","Marisa Wanzeller"],"articleSection":["Destaque lista","Geral","iNFRAEnergia"],"inLanguage":"pt-BR","copyrightYear":"2024","copyrightHolder":{"@id":"https:\/\/agenciainfra.com\/blog\/#organization"}},{"@type":"WebPage","@id":"https:\/\/agenciainfra.com\/blog\/aneel-dara-inicio-a-fiscalizacao-da-enel-rj-apos-apagao-em-municipios-do-estado\/","url":"https:\/\/agenciainfra.com\/blog\/aneel-dara-inicio-a-fiscalizacao-da-enel-rj-apos-apagao-em-municipios-do-estado\/","name":"ANEEL dar\u00e1 in\u00edcio \u00e0 fiscaliza\u00e7\u00e3o da Enel RJ ap\u00f3s apag\u00e3o em munic\u00edpios do estado - Ag\u00eancia iNFRA","isPartOf":{"@id":"https:\/\/agenciainfra.com\/blog\/#website"},"primaryImageOfPage":{"@id":"https:\/\/agenciainfra.com\/blog\/aneel-dara-inicio-a-fiscalizacao-da-enel-rj-apos-apagao-em-municipios-do-estado\/#primaryimage"},"image":{"@id":"https:\/\/agenciainfra.com\/blog\/aneel-dara-inicio-a-fiscalizacao-da-enel-rj-apos-apagao-em-municipios-do-estado\/#primaryimage"},"thumbnailUrl":"https:\/\/agenciainfra.com\/blog\/wp-content\/uploads\/2022\/05\/enel-divulgacao-e1771018989275.jpg","datePublished":"2024-11-14T12:00:00+00:00","dateModified":"2024-11-14T14:12:10+00:00","breadcrumb":{"@id":"https:\/\/agenciainfra.com\/blog\/aneel-dara-inicio-a-fiscalizacao-da-enel-rj-apos-apagao-em-municipios-do-estado\/#breadcrumb"},"inLanguage":"pt-BR","potentialAction":[{"@type":"ReadAction","target":["https:\/\/agenciainfra.com\/blog\/aneel-dara-inicio-a-fiscalizacao-da-enel-rj-apos-apagao-em-municipios-do-estado\/"]}]},{"@type":"ImageObject","inLanguage":"pt-BR","@id":"https:\/\/agenciainfra.com\/blog\/aneel-dara-inicio-a-fiscalizacao-da-enel-rj-apos-apagao-em-municipios-do-estado\/#primaryimage","url":"https:\/\/agenciainfra.com\/blog\/wp-content\/uploads\/2022\/05\/enel-divulgacao-e1771018989275.jpg","contentUrl":"https:\/\/agenciainfra.com\/blog\/wp-content\/uploads\/2022\/05\/enel-divulgacao-e1771018989275.jpg","width":1280,"height":853,"caption":"Foto: Enel"},{"@type":"BreadcrumbList","@id":"https:\/\/agenciainfra.com\/blog\/aneel-dara-inicio-a-fiscalizacao-da-enel-rj-apos-apagao-em-municipios-do-estado\/#breadcrumb","itemListElement":[{"@type":"ListItem","position":1,"name":"In\u00edcio","item":"https:\/\/agenciainfra.com\/blog\/"},{"@type":"ListItem","position":2,"name":"ANEEL dar\u00e1 in\u00edcio \u00e0 fiscaliza\u00e7\u00e3o da Enel RJ ap\u00f3s apag\u00e3o em munic\u00edpios do estado"}]},{"@type":"WebSite","@id":"https:\/\/agenciainfra.com\/blog\/#website","url":"https:\/\/agenciainfra.com\/blog\/","name":"Ag\u00eancia iNFRA","description":"Multiplataforma de informa\u00e7\u00e3o jornal\u00edstica refer\u00eancia na \u00e1rea de infraestrutura no Brasil!","publisher":{"@id":"https:\/\/agenciainfra.com\/blog\/#organization"},"potentialAction":[{"@type":"SearchAction","target":{"@type":"EntryPoint","urlTemplate":"https:\/\/agenciainfra.com\/blog\/?s={search_term_string}"},"query-input":{"@type":"PropertyValueSpecification","valueRequired":true,"valueName":"search_term_string"}}],"inLanguage":"pt-BR"},{"@type":"Organization","@id":"https:\/\/agenciainfra.com\/blog\/#organization","name":"Ag\u00eancia iNFRA","url":"https:\/\/agenciainfra.com\/blog\/","logo":{"@type":"ImageObject","inLanguage":"pt-BR","@id":"https:\/\/agenciainfra.com\/blog\/#\/schema\/logo\/image\/","url":"https:\/\/agenciainfra.com\/blog\/wp-content\/uploads\/2023\/09\/iNFRA_5-e1761735885940.png","contentUrl":"https:\/\/agenciainfra.com\/blog\/wp-content\/uploads\/2023\/09\/iNFRA_5-e1761735885940.png","width":1672,"height":454,"caption":"Ag\u00eancia iNFRA"},"image":{"@id":"https:\/\/agenciainfra.com\/blog\/#\/schema\/logo\/image\/"},"sameAs":["https:\/\/www.facebook.com\/ageninfra","https:\/\/x.com\/agencia_infra","https:\/\/www.linkedin.com\/company\/ag\u00eanciainfra\/","https:\/\/www.instagram.com\/agenciainfra\/"]},{"@type":"Person","@id":"https:\/\/agenciainfra.com\/blog\/#\/schema\/person\/34af08dff6adea4cb22b06612ba7acfa","name":"Ag\u00eancia iNFRA","image":{"@type":"ImageObject","inLanguage":"pt-BR","@id":"https:\/\/agenciainfra.com\/blog\/#\/schema\/person\/image\/","url":"https:\/\/secure.gravatar.com\/avatar\/d189e01678f06d8eb84d4e01f08eb848b3fffe3f8443818d3c356c66892f5be8?s=96&d=mm&r=g","contentUrl":"https:\/\/secure.gravatar.com\/avatar\/d189e01678f06d8eb84d4e01f08eb848b3fffe3f8443818d3c356c66892f5be8?s=96&d=mm&r=g","caption":"Ag\u00eancia iNFRA"},"url":"https:\/\/agenciainfra.com\/blog\/author\/admin\/"}]}},"_links":{"self":[{"href":"https:\/\/agenciainfra.com\/blog\/wp-json\/wp\/v2\/posts\/19248","targetHints":{"allow":["GET"]}}],"collection":[{"href":"https:\/\/agenciainfra.com\/blog\/wp-json\/wp\/v2\/posts"}],"about":[{"href":"https:\/\/agenciainfra.com\/blog\/wp-json\/wp\/v2\/types\/post"}],"author":[{"embeddable":true,"href":"https:\/\/agenciainfra.com\/blog\/wp-json\/wp\/v2\/users\/1"}],"replies":[{"embeddable":true,"href":"https:\/\/agenciainfra.com\/blog\/wp-json\/wp\/v2\/comments?post=19248"}],"version-history":[{"count":1,"href":"https:\/\/agenciainfra.com\/blog\/wp-json\/wp\/v2\/posts\/19248\/revisions"}],"predecessor-version":[{"id":19249,"href":"https:\/\/agenciainfra.com\/blog\/wp-json\/wp\/v2\/posts\/19248\/revisions\/19249"}],"wp:featuredmedia":[{"embeddable":true,"href":"https:\/\/agenciainfra.com\/blog\/wp-json\/wp\/v2\/media\/10277"}],"wp:attachment":[{"href":"https:\/\/agenciainfra.com\/blog\/wp-json\/wp\/v2\/media?parent=19248"}],"wp:term":[{"taxonomy":"category","embeddable":true,"href":"https:\/\/agenciainfra.com\/blog\/wp-json\/wp\/v2\/categories?post=19248"},{"taxonomy":"post_tag","embeddable":true,"href":"https:\/\/agenciainfra.com\/blog\/wp-json\/wp\/v2\/tags?post=19248"}],"curies":[{"name":"wp","href":"https:\/\/api.w.org\/{rel}","templated":true}]}}