{"id":19250,"date":"2024-11-14T13:00:00","date_gmt":"2024-11-14T16:00:00","guid":{"rendered":"https:\/\/agenciainfra.com\/blog\/?p=19250"},"modified":"2024-11-14T05:57:51","modified_gmt":"2024-11-14T08:57:51","slug":"cme-adia-votacao-de-projeto-que-proibe-distribuidoras-de-atuarem-com-geracao-distribuida","status":"publish","type":"post","link":"https:\/\/agenciainfra.com\/blog\/cme-adia-votacao-de-projeto-que-proibe-distribuidoras-de-atuarem-com-geracao-distribuida\/","title":{"rendered":"CME adia vota\u00e7\u00e3o de projeto que pro\u00edbe distribuidoras de atuarem com gera\u00e7\u00e3o distribu\u00edda"},"content":{"rendered":"\n<p class=\"has-text-align-right\"><strong>Geraldo Campos Jr. e Marisa Wanzeller, da Ag\u00eancia iNFRA<\/strong><\/p>\n\n\n\n<p>A CME (Comiss\u00e3o de Minas e Energia) da C\u00e2mara dos Deputados adiou a aprecia\u00e7\u00e3o do\u00a0<a href=\"https:\/\/www.camara.leg.br\/proposicoesWeb\/prop_mostrarintegra?codteor=2392919&amp;filename=PL%20671\/2024\" target=\"_blank\" rel=\"noreferrer noopener\">PL (Projeto de Lei) 671\/2024<\/a>, que pro\u00edbe as distribuidoras de energia e suas empresas controladas de realizar as atividades de MMGD (Micro e Minigera\u00e7\u00e3o Distribu\u00edda) solar. A mat\u00e9ria estava na pauta da reuni\u00e3o do colegiado na \u00faltima quarta-feira (13) e ficou para ser apreciada na pr\u00f3xima semana.\u00a0<\/p>\n\n\n\n<p>O requerimento de retirada de pauta foi apresentado pela deputada Silvia Wai\u00e3pi (PL-AP), autora de um voto em separado, e foi aprovado por 9 a 5. O relator, deputado Lafayette de Andrada (Republicanos-MG), defendia que a vota\u00e7\u00e3o fosse realizada nesta quarta-feira, argumentando que o &#8220;texto est\u00e1 maduro&#8221; e bem debatido.<\/p>\n\n\n\n<p>A comiss\u00e3o realizou audi\u00eancia p\u00fablica sobre o tema no dia 29 de outubro, com a participa\u00e7\u00e3o de representantes das distribuidoras e do segmento solar.<\/p>\n\n\n\n<p><strong>Competi\u00e7\u00e3o<\/strong><br>Lafayette justificou o projeto como uma forma de &#8220;garantir a livre competi\u00e7\u00e3o&#8221; e evitar conflitos de interesse, uma vez que as pr\u00f3prias distribuidoras determinam quais projetos podem ou n\u00e3o se conectar \u00e0 rede. O texto determina prazo de seis meses para que as companhias que estejam atualmente em desacordo com essas proibi\u00e7\u00f5es possam se adequar \u00e0 nova regra.<\/p>\n\n\n\n<p>Tamb\u00e9m estabelece uma regulamenta\u00e7\u00e3o com &#8220;crit\u00e9rios transparentes e equitativos para a conex\u00e3o de sistemas de gera\u00e7\u00e3o distribu\u00edda \u00e0 rede el\u00e9trica&#8221;, para &#8220;monitorar constantemente a capacidade de inje\u00e7\u00e3o de energia na rede de distribui\u00e7\u00e3o e adotar medidas para evitar que a concess\u00e3o de acesso seja utilizada para criar reservas de mercado&#8221;, dentre outros fatores.<br><br>Se for aprovado na CME na pr\u00f3xima semana, o PL ainda precisar\u00e1 passar pela CCJ (Comiss\u00e3o de Constitui\u00e7\u00e3o e Justi\u00e7a) da C\u00e2mara, onde est\u00e1 inicialmente sujeito \u00e0 aprecia\u00e7\u00e3o conclusiva.<\/p>\n\n\n\n<p><strong>Bandeiras tarif\u00e1rias<\/strong><br>Nesta quarta-feira, a CME aprovou o&nbsp;<a href=\"https:\/\/www.camara.leg.br\/proposicoesWeb\/fichadetramitacao?idProposicao=2150620\" target=\"_blank\" rel=\"noreferrer noopener\">PL 8.524\/2017<\/a>, que isenta hospitais e unidades da rede p\u00fablica de pagarem o adicional de bandeiras tarif\u00e1rias na conta de energia el\u00e9trica. A proposta foi aprovada em car\u00e1ter conclusivo e, portanto, segue para o Senado.<\/p>\n\n\n\n<p>O relator, deputado Hugo Leal (PSD-RJ), apresentou&nbsp;<a href=\"https:\/\/www.camara.leg.br\/proposicoesWeb\/prop_mostrarintegra?codteor=2420904&amp;filename=Parecer-CME-2024-05-08\" target=\"_blank\" rel=\"noreferrer noopener\">parecer<\/a>&nbsp;pela aprova\u00e7\u00e3o justificada pela necessidade de reduzir os custos de manuten\u00e7\u00e3o do SUS (Sistema \u00danico de Sa\u00fade). No entanto, o projeto n\u00e3o menciona se os demais consumidores pagar\u00e3o pela quantia que deixar\u00e1 de ser cobrada dessas unidades de sa\u00fade.<\/p>\n\n\n\n<p>De autoria do deputado Aureo Ribeiro (SD-RJ), o projeto foi aprovado na CSSF (Comiss\u00e3o de Seguridade Social e Fam\u00edlia) em 2021, relatado pelo ent\u00e3o deputado Alexandre Padilha (PT-SP), hoje ministro de Rela\u00e7\u00f5es Institucionais.<\/p>\n","protected":false},"excerpt":{"rendered":"<p>Geraldo Campos Jr. e Marisa Wanzeller, da Ag\u00eancia iNFRA A CME (Comiss\u00e3o de Minas e Energia) da C\u00e2mara dos Deputados adiou a aprecia\u00e7\u00e3o do\u00a0PL (Projeto de Lei) 671\/2024, que pro\u00edbe as distribuidoras de energia e suas empresas controladas de realizar as atividades de MMGD (Micro e Minigera\u00e7\u00e3o Distribu\u00edda) solar. A mat\u00e9ria estava na pauta da [&hellip;]<\/p>\n","protected":false},"author":1,"featured_media":0,"comment_status":"closed","ping_status":"closed","sticky":false,"template":"","format":"standard","meta":{"_monsterinsights_skip_tracking":false,"_monsterinsights_sitenote_active":false,"_monsterinsights_sitenote_note":"","_monsterinsights_sitenote_category":0,"footnotes":""},"categories":[7250,1,10],"tags":[11739,9056,833,1018,1016,850,11594,1189,1380,7366,8724,10141,706,11738],"class_list":["post-19250","post","type-post","status-publish","format-standard","hentry","category-destaque-lista","category-geral","category-infraenergia","tag-alexandre-padilha","tag-aureo-ribeiro","tag-bandeiras-tarifarias","tag-cme","tag-comissao-de-minas-e-energia","tag-geracao-distribuida","tag-geraldo-campos-jr","tag-hugo-leal","tag-lafayette-de-andrada","tag-marisa-wanzeller","tag-mmgd","tag-pl-671-2024","tag-projeto-de-lei","tag-silvia-waiapi"],"yoast_head":"<!-- This site is optimized with the Yoast SEO Premium plugin v25.4 (Yoast SEO v26.0) - https:\/\/yoast.com\/wordpress\/plugins\/seo\/ -->\n<title>CME adia vota\u00e7\u00e3o de projeto que pro\u00edbe distribuidoras de atuarem com gera\u00e7\u00e3o distribu\u00edda - Ag\u00eancia iNFRA<\/title>\n<meta name=\"robots\" content=\"index, follow, max-snippet:-1, max-image-preview:large, max-video-preview:-1\" \/>\n<link rel=\"canonical\" href=\"https:\/\/agenciainfra.com\/blog\/cme-adia-votacao-de-projeto-que-proibe-distribuidoras-de-atuarem-com-geracao-distribuida\/\" \/>\n<meta property=\"og:locale\" content=\"pt_BR\" \/>\n<meta property=\"og:type\" content=\"article\" \/>\n<meta property=\"og:title\" content=\"CME adia vota\u00e7\u00e3o de projeto que pro\u00edbe distribuidoras de atuarem com gera\u00e7\u00e3o distribu\u00edda\" \/>\n<meta property=\"og:description\" content=\"Geraldo Campos Jr. e Marisa Wanzeller, da Ag\u00eancia iNFRA A CME (Comiss\u00e3o de Minas e Energia) da C\u00e2mara dos Deputados adiou a aprecia\u00e7\u00e3o do\u00a0PL (Projeto de Lei) 671\/2024, que pro\u00edbe as distribuidoras de energia e suas empresas controladas de realizar as atividades de MMGD (Micro e Minigera\u00e7\u00e3o Distribu\u00edda) solar. A mat\u00e9ria estava na pauta da [&hellip;]\" \/>\n<meta property=\"og:url\" content=\"https:\/\/agenciainfra.com\/blog\/cme-adia-votacao-de-projeto-que-proibe-distribuidoras-de-atuarem-com-geracao-distribuida\/\" \/>\n<meta property=\"og:site_name\" content=\"Ag\u00eancia iNFRA\" \/>\n<meta property=\"article:publisher\" content=\"https:\/\/www.facebook.com\/ageninfra\" \/>\n<meta property=\"article:published_time\" content=\"2024-11-14T16:00:00+00:00\" \/>\n<meta property=\"og:image\" content=\"https:\/\/agenciainfra.com\/blog\/wp-content\/uploads\/2020\/01\/geracao-distribuida-dominio-publico.jpg\" \/>\n\t<meta property=\"og:image:width\" content=\"1280\" \/>\n\t<meta property=\"og:image:height\" content=\"851\" \/>\n\t<meta property=\"og:image:type\" content=\"image\/jpeg\" \/>\n<meta name=\"author\" content=\"Ag\u00eancia iNFRA\" \/>\n<meta name=\"twitter:card\" content=\"summary_large_image\" \/>\n<meta name=\"twitter:creator\" content=\"@agencia_infra\" \/>\n<meta name=\"twitter:site\" content=\"@agencia_infra\" \/>\n<meta name=\"twitter:label1\" content=\"Escrito por\" \/>\n\t<meta name=\"twitter:data1\" content=\"Ag\u00eancia iNFRA\" \/>\n\t<meta name=\"twitter:label2\" content=\"Est. tempo de leitura\" \/>\n\t<meta name=\"twitter:data2\" content=\"2 minutos\" \/>\n<script type=\"application\/ld+json\" class=\"yoast-schema-graph\">{\"@context\":\"https:\/\/schema.org\",\"@graph\":[{\"@type\":\"Article\",\"@id\":\"https:\/\/agenciainfra.com\/blog\/cme-adia-votacao-de-projeto-que-proibe-distribuidoras-de-atuarem-com-geracao-distribuida\/#article\",\"isPartOf\":{\"@id\":\"https:\/\/agenciainfra.com\/blog\/cme-adia-votacao-de-projeto-que-proibe-distribuidoras-de-atuarem-com-geracao-distribuida\/\"},\"author\":{\"name\":\"Ag\u00eancia iNFRA\",\"@id\":\"https:\/\/agenciainfra.com\/blog\/#\/schema\/person\/34af08dff6adea4cb22b06612ba7acfa\"},\"headline\":\"CME adia vota\u00e7\u00e3o de projeto que pro\u00edbe distribuidoras de atuarem com gera\u00e7\u00e3o distribu\u00edda\",\"datePublished\":\"2024-11-14T16:00:00+00:00\",\"mainEntityOfPage\":{\"@id\":\"https:\/\/agenciainfra.com\/blog\/cme-adia-votacao-de-projeto-que-proibe-distribuidoras-de-atuarem-com-geracao-distribuida\/\"},\"wordCount\":470,\"publisher\":{\"@id\":\"https:\/\/agenciainfra.com\/blog\/#organization\"},\"keywords\":[\"Alexandre Padilha\",\"Aureo Ribeiro\",\"bandeiras tarif\u00e1rias\",\"CME\",\"Comiss\u00e3o de Minas e Energia\",\"gera\u00e7\u00e3o distribu\u00edda\",\"Geraldo Campos Jr.\",\"Hugo Leal\",\"Lafayette de Andrada\",\"Marisa Wanzeller\",\"MMGD\",\"PL 671\/2024\",\"Projeto de Lei\",\"Silvia Wai\u00e3pi\"],\"articleSection\":[\"Destaque lista\",\"Geral\",\"iNFRAEnergia\"],\"inLanguage\":\"pt-BR\",\"copyrightYear\":\"2024\",\"copyrightHolder\":{\"@id\":\"https:\/\/agenciainfra.com\/blog\/#organization\"}},{\"@type\":\"WebPage\",\"@id\":\"https:\/\/agenciainfra.com\/blog\/cme-adia-votacao-de-projeto-que-proibe-distribuidoras-de-atuarem-com-geracao-distribuida\/\",\"url\":\"https:\/\/agenciainfra.com\/blog\/cme-adia-votacao-de-projeto-que-proibe-distribuidoras-de-atuarem-com-geracao-distribuida\/\",\"name\":\"CME adia vota\u00e7\u00e3o de projeto que pro\u00edbe distribuidoras de atuarem com gera\u00e7\u00e3o distribu\u00edda - Ag\u00eancia iNFRA\",\"isPartOf\":{\"@id\":\"https:\/\/agenciainfra.com\/blog\/#website\"},\"datePublished\":\"2024-11-14T16:00:00+00:00\",\"breadcrumb\":{\"@id\":\"https:\/\/agenciainfra.com\/blog\/cme-adia-votacao-de-projeto-que-proibe-distribuidoras-de-atuarem-com-geracao-distribuida\/#breadcrumb\"},\"inLanguage\":\"pt-BR\",\"potentialAction\":[{\"@type\":\"ReadAction\",\"target\":[\"https:\/\/agenciainfra.com\/blog\/cme-adia-votacao-de-projeto-que-proibe-distribuidoras-de-atuarem-com-geracao-distribuida\/\"]}]},{\"@type\":\"BreadcrumbList\",\"@id\":\"https:\/\/agenciainfra.com\/blog\/cme-adia-votacao-de-projeto-que-proibe-distribuidoras-de-atuarem-com-geracao-distribuida\/#breadcrumb\",\"itemListElement\":[{\"@type\":\"ListItem\",\"position\":1,\"name\":\"In\u00edcio\",\"item\":\"https:\/\/agenciainfra.com\/blog\/\"},{\"@type\":\"ListItem\",\"position\":2,\"name\":\"CME adia vota\u00e7\u00e3o de projeto que pro\u00edbe distribuidoras de atuarem com gera\u00e7\u00e3o distribu\u00edda\"}]},{\"@type\":\"WebSite\",\"@id\":\"https:\/\/agenciainfra.com\/blog\/#website\",\"url\":\"https:\/\/agenciainfra.com\/blog\/\",\"name\":\"Ag\u00eancia iNFRA\",\"description\":\"Multiplataforma de informa\u00e7\u00e3o jornal\u00edstica refer\u00eancia na \u00e1rea de infraestrutura no Brasil!\",\"publisher\":{\"@id\":\"https:\/\/agenciainfra.com\/blog\/#organization\"},\"potentialAction\":[{\"@type\":\"SearchAction\",\"target\":{\"@type\":\"EntryPoint\",\"urlTemplate\":\"https:\/\/agenciainfra.com\/blog\/?s={search_term_string}\"},\"query-input\":{\"@type\":\"PropertyValueSpecification\",\"valueRequired\":true,\"valueName\":\"search_term_string\"}}],\"inLanguage\":\"pt-BR\"},{\"@type\":\"Organization\",\"@id\":\"https:\/\/agenciainfra.com\/blog\/#organization\",\"name\":\"Ag\u00eancia iNFRA\",\"url\":\"https:\/\/agenciainfra.com\/blog\/\",\"logo\":{\"@type\":\"ImageObject\",\"inLanguage\":\"pt-BR\",\"@id\":\"https:\/\/agenciainfra.com\/blog\/#\/schema\/logo\/image\/\",\"url\":\"https:\/\/agenciainfra.com\/blog\/wp-content\/uploads\/2023\/09\/iNFRA_5-e1761735885940.png\",\"contentUrl\":\"https:\/\/agenciainfra.com\/blog\/wp-content\/uploads\/2023\/09\/iNFRA_5-e1761735885940.png\",\"width\":1672,\"height\":454,\"caption\":\"Ag\u00eancia iNFRA\"},\"image\":{\"@id\":\"https:\/\/agenciainfra.com\/blog\/#\/schema\/logo\/image\/\"},\"sameAs\":[\"https:\/\/www.facebook.com\/ageninfra\",\"https:\/\/x.com\/agencia_infra\",\"https:\/\/www.linkedin.com\/company\/ag\u00eanciainfra\/\",\"https:\/\/www.instagram.com\/agenciainfra\/\"]},{\"@type\":\"Person\",\"@id\":\"https:\/\/agenciainfra.com\/blog\/#\/schema\/person\/34af08dff6adea4cb22b06612ba7acfa\",\"name\":\"Ag\u00eancia iNFRA\",\"image\":{\"@type\":\"ImageObject\",\"inLanguage\":\"pt-BR\",\"@id\":\"https:\/\/agenciainfra.com\/blog\/#\/schema\/person\/image\/\",\"url\":\"https:\/\/secure.gravatar.com\/avatar\/d189e01678f06d8eb84d4e01f08eb848b3fffe3f8443818d3c356c66892f5be8?s=96&d=mm&r=g\",\"contentUrl\":\"https:\/\/secure.gravatar.com\/avatar\/d189e01678f06d8eb84d4e01f08eb848b3fffe3f8443818d3c356c66892f5be8?s=96&d=mm&r=g\",\"caption\":\"Ag\u00eancia iNFRA\"},\"url\":\"https:\/\/agenciainfra.com\/blog\/author\/admin\/\"}]}<\/script>\n<!-- \/ Yoast SEO Premium plugin. -->","yoast_head_json":{"title":"CME adia vota\u00e7\u00e3o de projeto que pro\u00edbe distribuidoras de atuarem com gera\u00e7\u00e3o distribu\u00edda - Ag\u00eancia iNFRA","robots":{"index":"index","follow":"follow","max-snippet":"max-snippet:-1","max-image-preview":"max-image-preview:large","max-video-preview":"max-video-preview:-1"},"canonical":"https:\/\/agenciainfra.com\/blog\/cme-adia-votacao-de-projeto-que-proibe-distribuidoras-de-atuarem-com-geracao-distribuida\/","og_locale":"pt_BR","og_type":"article","og_title":"CME adia vota\u00e7\u00e3o de projeto que pro\u00edbe distribuidoras de atuarem com gera\u00e7\u00e3o distribu\u00edda","og_description":"Geraldo Campos Jr. e Marisa Wanzeller, da Ag\u00eancia iNFRA A CME (Comiss\u00e3o de Minas e Energia) da C\u00e2mara dos Deputados adiou a aprecia\u00e7\u00e3o do\u00a0PL (Projeto de Lei) 671\/2024, que pro\u00edbe as distribuidoras de energia e suas empresas controladas de realizar as atividades de MMGD (Micro e Minigera\u00e7\u00e3o Distribu\u00edda) solar. A mat\u00e9ria estava na pauta da [&hellip;]","og_url":"https:\/\/agenciainfra.com\/blog\/cme-adia-votacao-de-projeto-que-proibe-distribuidoras-de-atuarem-com-geracao-distribuida\/","og_site_name":"Ag\u00eancia iNFRA","article_publisher":"https:\/\/www.facebook.com\/ageninfra","article_published_time":"2024-11-14T16:00:00+00:00","og_image":[{"width":1280,"height":851,"url":"https:\/\/agenciainfra.com\/blog\/wp-content\/uploads\/2020\/01\/geracao-distribuida-dominio-publico.jpg","type":"image\/jpeg"}],"author":"Ag\u00eancia iNFRA","twitter_card":"summary_large_image","twitter_creator":"@agencia_infra","twitter_site":"@agencia_infra","twitter_misc":{"Escrito por":"Ag\u00eancia iNFRA","Est. tempo de leitura":"2 minutos"},"schema":{"@context":"https:\/\/schema.org","@graph":[{"@type":"Article","@id":"https:\/\/agenciainfra.com\/blog\/cme-adia-votacao-de-projeto-que-proibe-distribuidoras-de-atuarem-com-geracao-distribuida\/#article","isPartOf":{"@id":"https:\/\/agenciainfra.com\/blog\/cme-adia-votacao-de-projeto-que-proibe-distribuidoras-de-atuarem-com-geracao-distribuida\/"},"author":{"name":"Ag\u00eancia iNFRA","@id":"https:\/\/agenciainfra.com\/blog\/#\/schema\/person\/34af08dff6adea4cb22b06612ba7acfa"},"headline":"CME adia vota\u00e7\u00e3o de projeto que pro\u00edbe distribuidoras de atuarem com gera\u00e7\u00e3o distribu\u00edda","datePublished":"2024-11-14T16:00:00+00:00","mainEntityOfPage":{"@id":"https:\/\/agenciainfra.com\/blog\/cme-adia-votacao-de-projeto-que-proibe-distribuidoras-de-atuarem-com-geracao-distribuida\/"},"wordCount":470,"publisher":{"@id":"https:\/\/agenciainfra.com\/blog\/#organization"},"keywords":["Alexandre Padilha","Aureo Ribeiro","bandeiras tarif\u00e1rias","CME","Comiss\u00e3o de Minas e Energia","gera\u00e7\u00e3o distribu\u00edda","Geraldo Campos Jr.","Hugo Leal","Lafayette de Andrada","Marisa Wanzeller","MMGD","PL 671\/2024","Projeto de Lei","Silvia Wai\u00e3pi"],"articleSection":["Destaque lista","Geral","iNFRAEnergia"],"inLanguage":"pt-BR","copyrightYear":"2024","copyrightHolder":{"@id":"https:\/\/agenciainfra.com\/blog\/#organization"}},{"@type":"WebPage","@id":"https:\/\/agenciainfra.com\/blog\/cme-adia-votacao-de-projeto-que-proibe-distribuidoras-de-atuarem-com-geracao-distribuida\/","url":"https:\/\/agenciainfra.com\/blog\/cme-adia-votacao-de-projeto-que-proibe-distribuidoras-de-atuarem-com-geracao-distribuida\/","name":"CME adia vota\u00e7\u00e3o de projeto que pro\u00edbe distribuidoras de atuarem com gera\u00e7\u00e3o distribu\u00edda - Ag\u00eancia iNFRA","isPartOf":{"@id":"https:\/\/agenciainfra.com\/blog\/#website"},"datePublished":"2024-11-14T16:00:00+00:00","breadcrumb":{"@id":"https:\/\/agenciainfra.com\/blog\/cme-adia-votacao-de-projeto-que-proibe-distribuidoras-de-atuarem-com-geracao-distribuida\/#breadcrumb"},"inLanguage":"pt-BR","potentialAction":[{"@type":"ReadAction","target":["https:\/\/agenciainfra.com\/blog\/cme-adia-votacao-de-projeto-que-proibe-distribuidoras-de-atuarem-com-geracao-distribuida\/"]}]},{"@type":"BreadcrumbList","@id":"https:\/\/agenciainfra.com\/blog\/cme-adia-votacao-de-projeto-que-proibe-distribuidoras-de-atuarem-com-geracao-distribuida\/#breadcrumb","itemListElement":[{"@type":"ListItem","position":1,"name":"In\u00edcio","item":"https:\/\/agenciainfra.com\/blog\/"},{"@type":"ListItem","position":2,"name":"CME adia vota\u00e7\u00e3o de projeto que pro\u00edbe distribuidoras de atuarem com gera\u00e7\u00e3o distribu\u00edda"}]},{"@type":"WebSite","@id":"https:\/\/agenciainfra.com\/blog\/#website","url":"https:\/\/agenciainfra.com\/blog\/","name":"Ag\u00eancia iNFRA","description":"Multiplataforma de informa\u00e7\u00e3o jornal\u00edstica refer\u00eancia na \u00e1rea de infraestrutura no Brasil!","publisher":{"@id":"https:\/\/agenciainfra.com\/blog\/#organization"},"potentialAction":[{"@type":"SearchAction","target":{"@type":"EntryPoint","urlTemplate":"https:\/\/agenciainfra.com\/blog\/?s={search_term_string}"},"query-input":{"@type":"PropertyValueSpecification","valueRequired":true,"valueName":"search_term_string"}}],"inLanguage":"pt-BR"},{"@type":"Organization","@id":"https:\/\/agenciainfra.com\/blog\/#organization","name":"Ag\u00eancia iNFRA","url":"https:\/\/agenciainfra.com\/blog\/","logo":{"@type":"ImageObject","inLanguage":"pt-BR","@id":"https:\/\/agenciainfra.com\/blog\/#\/schema\/logo\/image\/","url":"https:\/\/agenciainfra.com\/blog\/wp-content\/uploads\/2023\/09\/iNFRA_5-e1761735885940.png","contentUrl":"https:\/\/agenciainfra.com\/blog\/wp-content\/uploads\/2023\/09\/iNFRA_5-e1761735885940.png","width":1672,"height":454,"caption":"Ag\u00eancia iNFRA"},"image":{"@id":"https:\/\/agenciainfra.com\/blog\/#\/schema\/logo\/image\/"},"sameAs":["https:\/\/www.facebook.com\/ageninfra","https:\/\/x.com\/agencia_infra","https:\/\/www.linkedin.com\/company\/ag\u00eanciainfra\/","https:\/\/www.instagram.com\/agenciainfra\/"]},{"@type":"Person","@id":"https:\/\/agenciainfra.com\/blog\/#\/schema\/person\/34af08dff6adea4cb22b06612ba7acfa","name":"Ag\u00eancia iNFRA","image":{"@type":"ImageObject","inLanguage":"pt-BR","@id":"https:\/\/agenciainfra.com\/blog\/#\/schema\/person\/image\/","url":"https:\/\/secure.gravatar.com\/avatar\/d189e01678f06d8eb84d4e01f08eb848b3fffe3f8443818d3c356c66892f5be8?s=96&d=mm&r=g","contentUrl":"https:\/\/secure.gravatar.com\/avatar\/d189e01678f06d8eb84d4e01f08eb848b3fffe3f8443818d3c356c66892f5be8?s=96&d=mm&r=g","caption":"Ag\u00eancia iNFRA"},"url":"https:\/\/agenciainfra.com\/blog\/author\/admin\/"}]}},"_links":{"self":[{"href":"https:\/\/agenciainfra.com\/blog\/wp-json\/wp\/v2\/posts\/19250","targetHints":{"allow":["GET"]}}],"collection":[{"href":"https:\/\/agenciainfra.com\/blog\/wp-json\/wp\/v2\/posts"}],"about":[{"href":"https:\/\/agenciainfra.com\/blog\/wp-json\/wp\/v2\/types\/post"}],"author":[{"embeddable":true,"href":"https:\/\/agenciainfra.com\/blog\/wp-json\/wp\/v2\/users\/1"}],"replies":[{"embeddable":true,"href":"https:\/\/agenciainfra.com\/blog\/wp-json\/wp\/v2\/comments?post=19250"}],"version-history":[{"count":1,"href":"https:\/\/agenciainfra.com\/blog\/wp-json\/wp\/v2\/posts\/19250\/revisions"}],"predecessor-version":[{"id":19251,"href":"https:\/\/agenciainfra.com\/blog\/wp-json\/wp\/v2\/posts\/19250\/revisions\/19251"}],"wp:attachment":[{"href":"https:\/\/agenciainfra.com\/blog\/wp-json\/wp\/v2\/media?parent=19250"}],"wp:term":[{"taxonomy":"category","embeddable":true,"href":"https:\/\/agenciainfra.com\/blog\/wp-json\/wp\/v2\/categories?post=19250"},{"taxonomy":"post_tag","embeddable":true,"href":"https:\/\/agenciainfra.com\/blog\/wp-json\/wp\/v2\/tags?post=19250"}],"curies":[{"name":"wp","href":"https:\/\/api.w.org\/{rel}","templated":true}]}}