{"id":19267,"date":"2024-11-16T10:00:00","date_gmt":"2024-11-16T13:00:00","guid":{"rendered":"https:\/\/agenciainfra.com\/blog\/?p=19267"},"modified":"2024-12-12T07:54:53","modified_gmt":"2024-12-12T10:54:53","slug":"do-controle-da-inflacao-ao-crescimento-da-infraestrutura-como-o-plano-real-e-a-lei-d-econcessoes-transformaram-o-brasil","status":"publish","type":"post","link":"https:\/\/agenciainfra.com\/blog\/do-controle-da-inflacao-ao-crescimento-da-infraestrutura-como-o-plano-real-e-a-lei-d-econcessoes-transformaram-o-brasil\/","title":{"rendered":"Do controle da infla\u00e7\u00e3o ao crescimento da infraestrutura: como o Plano Real e a Lei de Concess\u00f5es transformaram o Brasil"},"content":{"rendered":"\n<p class=\"has-text-align-right\"><strong>da Ag\u00eancia iNFRA<\/strong><\/p>\n\n\n\n<p>Implementado h\u00e1 30 anos, o Plano Real pavimentou o caminho para o desenvolvimento da infraestrutura brasileira. Essa foi a avalia\u00e7\u00e3o da CEO do MoveInfra, Nat\u00e1lia Marcassa, durante a abertura da palestra do ex-ministro da Fazenda Pedro Malan, na \u00faltima quinta-feira (7), em evento que celebrou as tr\u00eas d\u00e9cadas da Lei de Concess\u00f5es.<br><br>Para Nat\u00e1lia, revisitar o passado \u00e9 t\u00e3o essencial quanto planejar o futuro. \u201cA gente come\u00e7ou [o evento] ouvindo o que a gente quer para o futuro, a gente teve um painel de multimodalidade sobre o que a gente ainda pode melhorar, mas \u00e0s vezes a gente esquece que a gente j\u00e1 foi muito pior. Todos esses arcabou\u00e7os legais \u2013 Plano Real, estabilidade fiscal, e lei de concess\u00f5es \u2013 deram a possibilidade de trilhar o caminho at\u00e9 o que a gente tem hoje, com investimentos de mais de 1,2 trilh\u00e3o [de reais] em infraestrutura\u201d, declarou.<br><br><strong>\u201cUma andorinha s\u00f3 n\u00e3o faz ver\u00e3o\u201d<\/strong><br>Em sua apresenta\u00e7\u00e3o, Pedro Malan revisitou a hist\u00f3ria do Plano Real e destacou, como principal li\u00e7\u00e3o para o desenvolvimento do pa\u00eds, a import\u00e2ncia de uma lideran\u00e7a fundamentada em rela\u00e7\u00f5es duradouras e na confian\u00e7a m\u00fatua. Segundo Malan, \u201cuma andorinha s\u00f3 n\u00e3o faz ver\u00e3o\u201d. Para uma boa governan\u00e7a, \u00e9 fundamental contar com um grupo de pessoas que compartilhem vis\u00e3o, prop\u00f3sito comum e dire\u00e7\u00e3o clara.<br><br>O palestrante relembrou a forma como Itamar Franco, ent\u00e3o presidente da Rep\u00fablica, convocou Fernando Henrique Cardoso para chefiar o Minist\u00e9rio da Fazenda. \u201cO Itamar nos surpreendeu publicando no Di\u00e1rio Oficial que ele [Fernando Henrique Cardoso] havia sido designado ministro da Fazenda. Fernando Henrique Cardoso havia pedido para que eles conversassem com calma, quando ele voltasse ao Brasil, mas saiu a nomea\u00e7\u00e3o no Di\u00e1rio Oficial enquanto ele estava no exterior. O que ele [Itamar] seguiu para escolher o ministro da Fazenda? A primeira coisa que ele fez foi procurar as pessoas que ele conhecia de longa data. \u00c9 uma grande li\u00e7\u00e3o, a primeira e mais importante li\u00e7\u00e3o do Real, que tem implica\u00e7\u00f5es para outras pol\u00edticas p\u00fablicas no Brasil\u201d, afirmou.<br><br>Nomeado, Fernando Henrique Cardoso seguiu a mesma l\u00f3gica, reunindo economistas com os quais j\u00e1 tinha uma rela\u00e7\u00e3o consolidada, como P\u00e9rsio Arida, Andr\u00e9 Lara Resende e Gustavo Franco, al\u00e9m de Pedro Malan. Esses profissionais, que vinham de anos de discuss\u00f5es acad\u00eamicas sobre d\u00edvida externa e infla\u00e7\u00e3o, formaram uma equipe coesa pelo prop\u00f3sito de estabilizar a economia. \u201cO Real n\u00e3o teria acontecido sem Fernando Henrique Cardoso e sua equipe, que eram conhecidos de longa data [&#8230;] as pessoas t\u00eam que se conhecer de longa data, t\u00eam que trabalhar juntas, discutir coisas juntas\u201d, afirmou Malan.<br><br><strong>Penaliza\u00e7\u00e3o ser\u00e1 nas urnas<\/strong><br>Na ocasi\u00e3o, Malan citou ainda as recentes elei\u00e7\u00f5es dos Estados Unidos. Para ele, o impacto da opini\u00e3o p\u00fablica sobre a infla\u00e7\u00e3o do pa\u00eds foi decisivo para a derrota de Biden e vit\u00f3ria de Trump. \u201cNa maioria da\u00a0opini\u00e3o p\u00fablica americana, aparece uma preocupa\u00e7\u00e3o [de] que a infla\u00e7\u00e3o subiu muito na gest\u00e3o Biden. [&#8230;] Agora est\u00e1 baixando, est\u00e1 convergindo para a meta, mas a sensa\u00e7\u00e3o de um americano m\u00e9dio \u00e9 que o n\u00edvel da infla\u00e7\u00e3o aumentou. Ele est\u00e1 pagando hoje mais por produtos b\u00e1sicos, mais do que ele pagava antes. Eles atribuem isso ao governo do Biden, que n\u00e3o resolveu esse assunto.\u201d<br><br>O cen\u00e1rio, segundo Malan, reflete uma percep\u00e7\u00e3o compartilhada por muitos eleitores no Brasil, que, ap\u00f3s 30 anos do Plano Real, passaram a ver a preserva\u00e7\u00e3o da infla\u00e7\u00e3o baixa como uma obriga\u00e7\u00e3o de qualquer governo. \u201cQualquer governante hoje, no Brasil, que tenha\u00a0uma atitude excessivamente leniente em rela\u00e7\u00e3o \u00e0 infla\u00e7\u00e3o, ser\u00e1 penalizado nas urnas\u201d, afirmou.<br><br><strong>\u201cDivisor de \u00e1guas\u201d<\/strong><br>Em um contexto de hiperinfla\u00e7\u00e3o, com \u00edndices que ultrapassavam 2.000% ao ano em 1993, o Plano Real e a Lei de Concess\u00f5es foram verdadeiros divisores de \u00e1guas. \u201c\u00c9 muito interessante ver como n\u00f3s avan\u00e7amos ao longo desses \u00faltimos 30 anos em v\u00e1rias \u00e1reas. O Real e a Lei foram divisores de \u00e1guas. Tem um Brasil antes do Real e tem um Brasil antes da Lei, porque tudo na vida pode ser aperfei\u00e7oado e melhorado\u201d, enfatizou Malan.<\/p>\n","protected":false},"excerpt":{"rendered":"<p>da Ag\u00eancia iNFRA Implementado h\u00e1 30 anos, o Plano Real pavimentou o caminho para o desenvolvimento da infraestrutura brasileira. Essa foi a avalia\u00e7\u00e3o da CEO do MoveInfra, Nat\u00e1lia Marcassa, durante a abertura da palestra do ex-ministro da Fazenda Pedro Malan, na \u00faltima quinta-feira (7), em evento que celebrou as tr\u00eas d\u00e9cadas da Lei de Concess\u00f5es. [&hellip;]<\/p>\n","protected":false},"author":1,"featured_media":19103,"comment_status":"closed","ping_status":"closed","sticky":false,"template":"","format":"standard","meta":{"_monsterinsights_skip_tracking":false,"_monsterinsights_sitenote_active":false,"_monsterinsights_sitenote_note":"","_monsterinsights_sitenote_category":0,"footnotes":""},"categories":[7250,2053],"tags":[78,34,32,11634,11539,8179],"class_list":["post-19267","post","type-post","status-publish","format-standard","has-post-thumbnail","hentry","category-destaque-lista","category-infraliveventos","tag-concessoes","tag-infraestrutura","tag-investimentos","tag-moveinfra-2024","tag-pedro-malan","tag-plano-real"],"yoast_head":"<!-- This site is optimized with the Yoast SEO Premium plugin v25.4 (Yoast SEO v26.0) - https:\/\/yoast.com\/wordpress\/plugins\/seo\/ -->\n<title>Do controle da infla\u00e7\u00e3o ao crescimento da infraestrutura: como o Plano Real e a Lei de Concess\u00f5es transformaram o Brasil - Ag\u00eancia iNFRA<\/title>\n<meta name=\"robots\" content=\"index, follow, max-snippet:-1, max-image-preview:large, max-video-preview:-1\" \/>\n<link rel=\"canonical\" href=\"https:\/\/agenciainfra.com\/blog\/do-controle-da-inflacao-ao-crescimento-da-infraestrutura-como-o-plano-real-e-a-lei-d-econcessoes-transformaram-o-brasil\/\" \/>\n<meta property=\"og:locale\" content=\"pt_BR\" \/>\n<meta property=\"og:type\" content=\"article\" \/>\n<meta property=\"og:title\" content=\"Do controle da infla\u00e7\u00e3o ao crescimento da infraestrutura: como o Plano Real e a Lei de Concess\u00f5es transformaram o Brasil\" \/>\n<meta property=\"og:description\" content=\"da Ag\u00eancia iNFRA Implementado h\u00e1 30 anos, o Plano Real pavimentou o caminho para o desenvolvimento da infraestrutura brasileira. Essa foi a avalia\u00e7\u00e3o da CEO do MoveInfra, Nat\u00e1lia Marcassa, durante a abertura da palestra do ex-ministro da Fazenda Pedro Malan, na \u00faltima quinta-feira (7), em evento que celebrou as tr\u00eas d\u00e9cadas da Lei de Concess\u00f5es. [&hellip;]\" \/>\n<meta property=\"og:url\" content=\"https:\/\/agenciainfra.com\/blog\/do-controle-da-inflacao-ao-crescimento-da-infraestrutura-como-o-plano-real-e-a-lei-d-econcessoes-transformaram-o-brasil\/\" \/>\n<meta property=\"og:site_name\" content=\"Ag\u00eancia iNFRA\" \/>\n<meta property=\"article:publisher\" content=\"https:\/\/www.facebook.com\/ageninfra\" \/>\n<meta property=\"article:published_time\" content=\"2024-11-16T13:00:00+00:00\" \/>\n<meta property=\"article:modified_time\" content=\"2024-12-12T10:54:53+00:00\" \/>\n<meta property=\"og:image\" content=\"https:\/\/agenciainfra.com\/blog\/wp-content\/uploads\/2024\/11\/RR2A2005.jpg\" \/>\n\t<meta property=\"og:image:width\" content=\"1500\" \/>\n\t<meta property=\"og:image:height\" content=\"1000\" \/>\n\t<meta property=\"og:image:type\" content=\"image\/jpeg\" \/>\n<meta name=\"author\" content=\"Ag\u00eancia iNFRA\" \/>\n<meta name=\"twitter:card\" content=\"summary_large_image\" \/>\n<meta name=\"twitter:creator\" content=\"@agencia_infra\" \/>\n<meta name=\"twitter:site\" content=\"@agencia_infra\" \/>\n<meta name=\"twitter:label1\" content=\"Escrito por\" \/>\n\t<meta name=\"twitter:data1\" content=\"Ag\u00eancia iNFRA\" \/>\n\t<meta name=\"twitter:label2\" content=\"Est. tempo de leitura\" \/>\n\t<meta name=\"twitter:data2\" content=\"4 minutos\" \/>\n<script type=\"application\/ld+json\" class=\"yoast-schema-graph\">{\"@context\":\"https:\/\/schema.org\",\"@graph\":[{\"@type\":\"Article\",\"@id\":\"https:\/\/agenciainfra.com\/blog\/do-controle-da-inflacao-ao-crescimento-da-infraestrutura-como-o-plano-real-e-a-lei-d-econcessoes-transformaram-o-brasil\/#article\",\"isPartOf\":{\"@id\":\"https:\/\/agenciainfra.com\/blog\/do-controle-da-inflacao-ao-crescimento-da-infraestrutura-como-o-plano-real-e-a-lei-d-econcessoes-transformaram-o-brasil\/\"},\"author\":{\"name\":\"Ag\u00eancia iNFRA\",\"@id\":\"https:\/\/agenciainfra.com\/blog\/#\/schema\/person\/34af08dff6adea4cb22b06612ba7acfa\"},\"headline\":\"Do controle da infla\u00e7\u00e3o ao crescimento da infraestrutura: como o Plano Real e a Lei de Concess\u00f5es transformaram o Brasil\",\"datePublished\":\"2024-11-16T13:00:00+00:00\",\"dateModified\":\"2024-12-12T10:54:53+00:00\",\"mainEntityOfPage\":{\"@id\":\"https:\/\/agenciainfra.com\/blog\/do-controle-da-inflacao-ao-crescimento-da-infraestrutura-como-o-plano-real-e-a-lei-d-econcessoes-transformaram-o-brasil\/\"},\"wordCount\":755,\"publisher\":{\"@id\":\"https:\/\/agenciainfra.com\/blog\/#organization\"},\"image\":{\"@id\":\"https:\/\/agenciainfra.com\/blog\/do-controle-da-inflacao-ao-crescimento-da-infraestrutura-como-o-plano-real-e-a-lei-d-econcessoes-transformaram-o-brasil\/#primaryimage\"},\"thumbnailUrl\":\"https:\/\/agenciainfra.com\/blog\/wp-content\/uploads\/2024\/11\/RR2A2005.jpg\",\"keywords\":[\"concess\u00f5es\",\"Infraestrutura\",\"Investimentos\",\"MoveInfra 2024\",\"pedro malan\",\"Plano Real\"],\"articleSection\":[\"Destaque lista\",\"iNFRALive e Eventos\"],\"inLanguage\":\"pt-BR\",\"copyrightYear\":\"2024\",\"copyrightHolder\":{\"@id\":\"https:\/\/agenciainfra.com\/blog\/#organization\"}},{\"@type\":\"WebPage\",\"@id\":\"https:\/\/agenciainfra.com\/blog\/do-controle-da-inflacao-ao-crescimento-da-infraestrutura-como-o-plano-real-e-a-lei-d-econcessoes-transformaram-o-brasil\/\",\"url\":\"https:\/\/agenciainfra.com\/blog\/do-controle-da-inflacao-ao-crescimento-da-infraestrutura-como-o-plano-real-e-a-lei-d-econcessoes-transformaram-o-brasil\/\",\"name\":\"Do controle da infla\u00e7\u00e3o ao crescimento da infraestrutura: como o Plano Real e a Lei de Concess\u00f5es transformaram o Brasil - Ag\u00eancia iNFRA\",\"isPartOf\":{\"@id\":\"https:\/\/agenciainfra.com\/blog\/#website\"},\"primaryImageOfPage\":{\"@id\":\"https:\/\/agenciainfra.com\/blog\/do-controle-da-inflacao-ao-crescimento-da-infraestrutura-como-o-plano-real-e-a-lei-d-econcessoes-transformaram-o-brasil\/#primaryimage\"},\"image\":{\"@id\":\"https:\/\/agenciainfra.com\/blog\/do-controle-da-inflacao-ao-crescimento-da-infraestrutura-como-o-plano-real-e-a-lei-d-econcessoes-transformaram-o-brasil\/#primaryimage\"},\"thumbnailUrl\":\"https:\/\/agenciainfra.com\/blog\/wp-content\/uploads\/2024\/11\/RR2A2005.jpg\",\"datePublished\":\"2024-11-16T13:00:00+00:00\",\"dateModified\":\"2024-12-12T10:54:53+00:00\",\"breadcrumb\":{\"@id\":\"https:\/\/agenciainfra.com\/blog\/do-controle-da-inflacao-ao-crescimento-da-infraestrutura-como-o-plano-real-e-a-lei-d-econcessoes-transformaram-o-brasil\/#breadcrumb\"},\"inLanguage\":\"pt-BR\",\"potentialAction\":[{\"@type\":\"ReadAction\",\"target\":[\"https:\/\/agenciainfra.com\/blog\/do-controle-da-inflacao-ao-crescimento-da-infraestrutura-como-o-plano-real-e-a-lei-d-econcessoes-transformaram-o-brasil\/\"]}]},{\"@type\":\"ImageObject\",\"inLanguage\":\"pt-BR\",\"@id\":\"https:\/\/agenciainfra.com\/blog\/do-controle-da-inflacao-ao-crescimento-da-infraestrutura-como-o-plano-real-e-a-lei-d-econcessoes-transformaram-o-brasil\/#primaryimage\",\"url\":\"https:\/\/agenciainfra.com\/blog\/wp-content\/uploads\/2024\/11\/RR2A2005.jpg\",\"contentUrl\":\"https:\/\/agenciainfra.com\/blog\/wp-content\/uploads\/2024\/11\/RR2A2005.jpg\",\"width\":1500,\"height\":1000},{\"@type\":\"BreadcrumbList\",\"@id\":\"https:\/\/agenciainfra.com\/blog\/do-controle-da-inflacao-ao-crescimento-da-infraestrutura-como-o-plano-real-e-a-lei-d-econcessoes-transformaram-o-brasil\/#breadcrumb\",\"itemListElement\":[{\"@type\":\"ListItem\",\"position\":1,\"name\":\"In\u00edcio\",\"item\":\"https:\/\/agenciainfra.com\/blog\/\"},{\"@type\":\"ListItem\",\"position\":2,\"name\":\"Do controle da infla\u00e7\u00e3o ao crescimento da infraestrutura: como o Plano Real e a Lei de Concess\u00f5es transformaram o Brasil\"}]},{\"@type\":\"WebSite\",\"@id\":\"https:\/\/agenciainfra.com\/blog\/#website\",\"url\":\"https:\/\/agenciainfra.com\/blog\/\",\"name\":\"Ag\u00eancia iNFRA\",\"description\":\"Multiplataforma de informa\u00e7\u00e3o jornal\u00edstica refer\u00eancia na \u00e1rea de infraestrutura no Brasil!\",\"publisher\":{\"@id\":\"https:\/\/agenciainfra.com\/blog\/#organization\"},\"potentialAction\":[{\"@type\":\"SearchAction\",\"target\":{\"@type\":\"EntryPoint\",\"urlTemplate\":\"https:\/\/agenciainfra.com\/blog\/?s={search_term_string}\"},\"query-input\":{\"@type\":\"PropertyValueSpecification\",\"valueRequired\":true,\"valueName\":\"search_term_string\"}}],\"inLanguage\":\"pt-BR\"},{\"@type\":\"Organization\",\"@id\":\"https:\/\/agenciainfra.com\/blog\/#organization\",\"name\":\"Ag\u00eancia iNFRA\",\"url\":\"https:\/\/agenciainfra.com\/blog\/\",\"logo\":{\"@type\":\"ImageObject\",\"inLanguage\":\"pt-BR\",\"@id\":\"https:\/\/agenciainfra.com\/blog\/#\/schema\/logo\/image\/\",\"url\":\"https:\/\/agenciainfra.com\/blog\/wp-content\/uploads\/2023\/09\/iNFRA_5-e1761735885940.png\",\"contentUrl\":\"https:\/\/agenciainfra.com\/blog\/wp-content\/uploads\/2023\/09\/iNFRA_5-e1761735885940.png\",\"width\":1672,\"height\":454,\"caption\":\"Ag\u00eancia iNFRA\"},\"image\":{\"@id\":\"https:\/\/agenciainfra.com\/blog\/#\/schema\/logo\/image\/\"},\"sameAs\":[\"https:\/\/www.facebook.com\/ageninfra\",\"https:\/\/x.com\/agencia_infra\",\"https:\/\/www.linkedin.com\/company\/ag\u00eanciainfra\/\",\"https:\/\/www.instagram.com\/agenciainfra\/\"]},{\"@type\":\"Person\",\"@id\":\"https:\/\/agenciainfra.com\/blog\/#\/schema\/person\/34af08dff6adea4cb22b06612ba7acfa\",\"name\":\"Ag\u00eancia iNFRA\",\"image\":{\"@type\":\"ImageObject\",\"inLanguage\":\"pt-BR\",\"@id\":\"https:\/\/agenciainfra.com\/blog\/#\/schema\/person\/image\/\",\"url\":\"https:\/\/secure.gravatar.com\/avatar\/d189e01678f06d8eb84d4e01f08eb848b3fffe3f8443818d3c356c66892f5be8?s=96&d=mm&r=g\",\"contentUrl\":\"https:\/\/secure.gravatar.com\/avatar\/d189e01678f06d8eb84d4e01f08eb848b3fffe3f8443818d3c356c66892f5be8?s=96&d=mm&r=g\",\"caption\":\"Ag\u00eancia iNFRA\"},\"url\":\"https:\/\/agenciainfra.com\/blog\/author\/admin\/\"}]}<\/script>\n<!-- \/ Yoast SEO Premium plugin. -->","yoast_head_json":{"title":"Do controle da infla\u00e7\u00e3o ao crescimento da infraestrutura: como o Plano Real e a Lei de Concess\u00f5es transformaram o Brasil - Ag\u00eancia iNFRA","robots":{"index":"index","follow":"follow","max-snippet":"max-snippet:-1","max-image-preview":"max-image-preview:large","max-video-preview":"max-video-preview:-1"},"canonical":"https:\/\/agenciainfra.com\/blog\/do-controle-da-inflacao-ao-crescimento-da-infraestrutura-como-o-plano-real-e-a-lei-d-econcessoes-transformaram-o-brasil\/","og_locale":"pt_BR","og_type":"article","og_title":"Do controle da infla\u00e7\u00e3o ao crescimento da infraestrutura: como o Plano Real e a Lei de Concess\u00f5es transformaram o Brasil","og_description":"da Ag\u00eancia iNFRA Implementado h\u00e1 30 anos, o Plano Real pavimentou o caminho para o desenvolvimento da infraestrutura brasileira. Essa foi a avalia\u00e7\u00e3o da CEO do MoveInfra, Nat\u00e1lia Marcassa, durante a abertura da palestra do ex-ministro da Fazenda Pedro Malan, na \u00faltima quinta-feira (7), em evento que celebrou as tr\u00eas d\u00e9cadas da Lei de Concess\u00f5es. [&hellip;]","og_url":"https:\/\/agenciainfra.com\/blog\/do-controle-da-inflacao-ao-crescimento-da-infraestrutura-como-o-plano-real-e-a-lei-d-econcessoes-transformaram-o-brasil\/","og_site_name":"Ag\u00eancia iNFRA","article_publisher":"https:\/\/www.facebook.com\/ageninfra","article_published_time":"2024-11-16T13:00:00+00:00","article_modified_time":"2024-12-12T10:54:53+00:00","og_image":[{"width":1500,"height":1000,"url":"https:\/\/agenciainfra.com\/blog\/wp-content\/uploads\/2024\/11\/RR2A2005.jpg","type":"image\/jpeg"}],"author":"Ag\u00eancia iNFRA","twitter_card":"summary_large_image","twitter_creator":"@agencia_infra","twitter_site":"@agencia_infra","twitter_misc":{"Escrito por":"Ag\u00eancia iNFRA","Est. tempo de leitura":"4 minutos"},"schema":{"@context":"https:\/\/schema.org","@graph":[{"@type":"Article","@id":"https:\/\/agenciainfra.com\/blog\/do-controle-da-inflacao-ao-crescimento-da-infraestrutura-como-o-plano-real-e-a-lei-d-econcessoes-transformaram-o-brasil\/#article","isPartOf":{"@id":"https:\/\/agenciainfra.com\/blog\/do-controle-da-inflacao-ao-crescimento-da-infraestrutura-como-o-plano-real-e-a-lei-d-econcessoes-transformaram-o-brasil\/"},"author":{"name":"Ag\u00eancia iNFRA","@id":"https:\/\/agenciainfra.com\/blog\/#\/schema\/person\/34af08dff6adea4cb22b06612ba7acfa"},"headline":"Do controle da infla\u00e7\u00e3o ao crescimento da infraestrutura: como o Plano Real e a Lei de Concess\u00f5es transformaram o Brasil","datePublished":"2024-11-16T13:00:00+00:00","dateModified":"2024-12-12T10:54:53+00:00","mainEntityOfPage":{"@id":"https:\/\/agenciainfra.com\/blog\/do-controle-da-inflacao-ao-crescimento-da-infraestrutura-como-o-plano-real-e-a-lei-d-econcessoes-transformaram-o-brasil\/"},"wordCount":755,"publisher":{"@id":"https:\/\/agenciainfra.com\/blog\/#organization"},"image":{"@id":"https:\/\/agenciainfra.com\/blog\/do-controle-da-inflacao-ao-crescimento-da-infraestrutura-como-o-plano-real-e-a-lei-d-econcessoes-transformaram-o-brasil\/#primaryimage"},"thumbnailUrl":"https:\/\/agenciainfra.com\/blog\/wp-content\/uploads\/2024\/11\/RR2A2005.jpg","keywords":["concess\u00f5es","Infraestrutura","Investimentos","MoveInfra 2024","pedro malan","Plano Real"],"articleSection":["Destaque lista","iNFRALive e Eventos"],"inLanguage":"pt-BR","copyrightYear":"2024","copyrightHolder":{"@id":"https:\/\/agenciainfra.com\/blog\/#organization"}},{"@type":"WebPage","@id":"https:\/\/agenciainfra.com\/blog\/do-controle-da-inflacao-ao-crescimento-da-infraestrutura-como-o-plano-real-e-a-lei-d-econcessoes-transformaram-o-brasil\/","url":"https:\/\/agenciainfra.com\/blog\/do-controle-da-inflacao-ao-crescimento-da-infraestrutura-como-o-plano-real-e-a-lei-d-econcessoes-transformaram-o-brasil\/","name":"Do controle da infla\u00e7\u00e3o ao crescimento da infraestrutura: como o Plano Real e a Lei de Concess\u00f5es transformaram o Brasil - Ag\u00eancia iNFRA","isPartOf":{"@id":"https:\/\/agenciainfra.com\/blog\/#website"},"primaryImageOfPage":{"@id":"https:\/\/agenciainfra.com\/blog\/do-controle-da-inflacao-ao-crescimento-da-infraestrutura-como-o-plano-real-e-a-lei-d-econcessoes-transformaram-o-brasil\/#primaryimage"},"image":{"@id":"https:\/\/agenciainfra.com\/blog\/do-controle-da-inflacao-ao-crescimento-da-infraestrutura-como-o-plano-real-e-a-lei-d-econcessoes-transformaram-o-brasil\/#primaryimage"},"thumbnailUrl":"https:\/\/agenciainfra.com\/blog\/wp-content\/uploads\/2024\/11\/RR2A2005.jpg","datePublished":"2024-11-16T13:00:00+00:00","dateModified":"2024-12-12T10:54:53+00:00","breadcrumb":{"@id":"https:\/\/agenciainfra.com\/blog\/do-controle-da-inflacao-ao-crescimento-da-infraestrutura-como-o-plano-real-e-a-lei-d-econcessoes-transformaram-o-brasil\/#breadcrumb"},"inLanguage":"pt-BR","potentialAction":[{"@type":"ReadAction","target":["https:\/\/agenciainfra.com\/blog\/do-controle-da-inflacao-ao-crescimento-da-infraestrutura-como-o-plano-real-e-a-lei-d-econcessoes-transformaram-o-brasil\/"]}]},{"@type":"ImageObject","inLanguage":"pt-BR","@id":"https:\/\/agenciainfra.com\/blog\/do-controle-da-inflacao-ao-crescimento-da-infraestrutura-como-o-plano-real-e-a-lei-d-econcessoes-transformaram-o-brasil\/#primaryimage","url":"https:\/\/agenciainfra.com\/blog\/wp-content\/uploads\/2024\/11\/RR2A2005.jpg","contentUrl":"https:\/\/agenciainfra.com\/blog\/wp-content\/uploads\/2024\/11\/RR2A2005.jpg","width":1500,"height":1000},{"@type":"BreadcrumbList","@id":"https:\/\/agenciainfra.com\/blog\/do-controle-da-inflacao-ao-crescimento-da-infraestrutura-como-o-plano-real-e-a-lei-d-econcessoes-transformaram-o-brasil\/#breadcrumb","itemListElement":[{"@type":"ListItem","position":1,"name":"In\u00edcio","item":"https:\/\/agenciainfra.com\/blog\/"},{"@type":"ListItem","position":2,"name":"Do controle da infla\u00e7\u00e3o ao crescimento da infraestrutura: como o Plano Real e a Lei de Concess\u00f5es transformaram o Brasil"}]},{"@type":"WebSite","@id":"https:\/\/agenciainfra.com\/blog\/#website","url":"https:\/\/agenciainfra.com\/blog\/","name":"Ag\u00eancia iNFRA","description":"Multiplataforma de informa\u00e7\u00e3o jornal\u00edstica refer\u00eancia na \u00e1rea de infraestrutura no Brasil!","publisher":{"@id":"https:\/\/agenciainfra.com\/blog\/#organization"},"potentialAction":[{"@type":"SearchAction","target":{"@type":"EntryPoint","urlTemplate":"https:\/\/agenciainfra.com\/blog\/?s={search_term_string}"},"query-input":{"@type":"PropertyValueSpecification","valueRequired":true,"valueName":"search_term_string"}}],"inLanguage":"pt-BR"},{"@type":"Organization","@id":"https:\/\/agenciainfra.com\/blog\/#organization","name":"Ag\u00eancia iNFRA","url":"https:\/\/agenciainfra.com\/blog\/","logo":{"@type":"ImageObject","inLanguage":"pt-BR","@id":"https:\/\/agenciainfra.com\/blog\/#\/schema\/logo\/image\/","url":"https:\/\/agenciainfra.com\/blog\/wp-content\/uploads\/2023\/09\/iNFRA_5-e1761735885940.png","contentUrl":"https:\/\/agenciainfra.com\/blog\/wp-content\/uploads\/2023\/09\/iNFRA_5-e1761735885940.png","width":1672,"height":454,"caption":"Ag\u00eancia iNFRA"},"image":{"@id":"https:\/\/agenciainfra.com\/blog\/#\/schema\/logo\/image\/"},"sameAs":["https:\/\/www.facebook.com\/ageninfra","https:\/\/x.com\/agencia_infra","https:\/\/www.linkedin.com\/company\/ag\u00eanciainfra\/","https:\/\/www.instagram.com\/agenciainfra\/"]},{"@type":"Person","@id":"https:\/\/agenciainfra.com\/blog\/#\/schema\/person\/34af08dff6adea4cb22b06612ba7acfa","name":"Ag\u00eancia iNFRA","image":{"@type":"ImageObject","inLanguage":"pt-BR","@id":"https:\/\/agenciainfra.com\/blog\/#\/schema\/person\/image\/","url":"https:\/\/secure.gravatar.com\/avatar\/d189e01678f06d8eb84d4e01f08eb848b3fffe3f8443818d3c356c66892f5be8?s=96&d=mm&r=g","contentUrl":"https:\/\/secure.gravatar.com\/avatar\/d189e01678f06d8eb84d4e01f08eb848b3fffe3f8443818d3c356c66892f5be8?s=96&d=mm&r=g","caption":"Ag\u00eancia iNFRA"},"url":"https:\/\/agenciainfra.com\/blog\/author\/admin\/"}]}},"_links":{"self":[{"href":"https:\/\/agenciainfra.com\/blog\/wp-json\/wp\/v2\/posts\/19267","targetHints":{"allow":["GET"]}}],"collection":[{"href":"https:\/\/agenciainfra.com\/blog\/wp-json\/wp\/v2\/posts"}],"about":[{"href":"https:\/\/agenciainfra.com\/blog\/wp-json\/wp\/v2\/types\/post"}],"author":[{"embeddable":true,"href":"https:\/\/agenciainfra.com\/blog\/wp-json\/wp\/v2\/users\/1"}],"replies":[{"embeddable":true,"href":"https:\/\/agenciainfra.com\/blog\/wp-json\/wp\/v2\/comments?post=19267"}],"version-history":[{"count":2,"href":"https:\/\/agenciainfra.com\/blog\/wp-json\/wp\/v2\/posts\/19267\/revisions"}],"predecessor-version":[{"id":19541,"href":"https:\/\/agenciainfra.com\/blog\/wp-json\/wp\/v2\/posts\/19267\/revisions\/19541"}],"wp:featuredmedia":[{"embeddable":true,"href":"https:\/\/agenciainfra.com\/blog\/wp-json\/wp\/v2\/media\/19103"}],"wp:attachment":[{"href":"https:\/\/agenciainfra.com\/blog\/wp-json\/wp\/v2\/media?parent=19267"}],"wp:term":[{"taxonomy":"category","embeddable":true,"href":"https:\/\/agenciainfra.com\/blog\/wp-json\/wp\/v2\/categories?post=19267"},{"taxonomy":"post_tag","embeddable":true,"href":"https:\/\/agenciainfra.com\/blog\/wp-json\/wp\/v2\/tags?post=19267"}],"curies":[{"name":"wp","href":"https:\/\/api.w.org\/{rel}","templated":true}]}}