{"id":19269,"date":"2024-11-18T14:00:00","date_gmt":"2024-11-18T17:00:00","guid":{"rendered":"https:\/\/agenciainfra.com\/blog\/?p=19269"},"modified":"2024-11-15T17:33:23","modified_gmt":"2024-11-15T20:33:23","slug":"ferramenta-potente-consensualisamo-como-saida-para-contratos-saturados-e-tema-do-moveinfra","status":"publish","type":"post","link":"https:\/\/agenciainfra.com\/blog\/ferramenta-potente-consensualisamo-como-saida-para-contratos-saturados-e-tema-do-moveinfra\/","title":{"rendered":"&#8220;Ferramenta Potente&#8221;: consensualisamo como sa\u00edda para contratos saturados \u00e9 tema do MoveInfra"},"content":{"rendered":"\n<p class=\"has-text-align-right\"><strong>da Ag\u00eancia iNFRA<\/strong><\/p>\n\n\n\n<p>O ministro do TCU (Tribunal de Contas da Uni\u00e3o), Bruno Dantas, e o diretor-geral da ANTT (Ag\u00eancia\u00a0Nacional de Transportes Terrestres), Rafael Vitale, exaltaram a import\u00e2ncia do consensualismo para as concess\u00f5es de infraestrutura, durante o painel \u201cLei de Concess\u00f5es 30 anos &#8211; o que avan\u00e7amos e aonde queremos chegar\u201d em evento do MoveInfra, que aconteceu na \u00faltima quinta-feira (7).<\/p>\n\n\n\n<p>Dantas criticou as manifesta\u00e7\u00f5es pela&nbsp;inconstitucionalidade da SecexConsenso (Secretaria de Controle Externo de Solu\u00e7\u00e3o Consensual e Preven\u00e7\u00e3o de Conflitos) e afirmou que o sucesso dessa iniciativa \u201cdespertou alguma irresigna\u00e7\u00e3o de quem est\u00e1 de fora assistindo\u201d.<\/p>\n\n\n\n<p>Em julho, o partido Novo ajuizou uma ADPF (Argui\u00e7\u00e3o de Descumprimento de Preceito Fundamental) no STF (Supremo Tribunal Federal) contestando a cria\u00e7\u00e3o da c\u00e2mara de solu\u00e7\u00e3o no \u00e2mbito do TCU. Para o partido, a corte de contas extrapola suas compet\u00eancias ao intermediar conflitos.<br><br>Por sua vez, Rafael Vitale defendeu o consensualismo como \u201cuma ferramenta potente para acabar com os contratos estressados\u201d, que a secretaria avan\u00e7ou com pleitos de reequil\u00edbrios que n\u00e3o avan\u00e7avam h\u00e1 anos e que, com a cria\u00e7\u00e3o da Compor, na ANTT, \u00e9 poss\u00edvel resolver problemas contratuais de forma mais r\u00e1pida e individual.<\/p>\n\n\n\n<p>Como exemplo desse resultado, ele citou a homologa\u00e7\u00e3o dos acordos com a Eco101, que teve uma prorroga\u00e7\u00e3o de contrato de 10 anos com a obriga\u00e7\u00e3o de realiza\u00e7\u00e3o de investimentos em duplica\u00e7\u00e3o, cria\u00e7\u00e3o de faixas e marginais, entre outros; e com a Arteris Fluminense. H\u00e1 previs\u00e3o de que ambas v\u00e3o a&nbsp;leil\u00e3o novamente com permiss\u00e3o para a participa\u00e7\u00e3o da atual concession\u00e1ria.<\/p>\n\n\n\n<p><strong>Nova ferrovia<\/strong><br>Outro participante do painel, mediado pela s\u00f3cia da \u00e1rea de infraestrutura, regula\u00e7\u00e3o e assuntos governamentais do BMA Advogados, Ana C\u00e2ndida, foi o CEO da Rumo, Pedro Palma. Na ocasi\u00e3o, ele falou sobre a previs\u00e3o de entrega, em 2026, do primeiro trecho da Ferrovia Estadual do Mato Grosso. Essa primeira etapa do projeto conta com a constru\u00e7\u00e3o de 160 quil\u00f4metros de trilhos dos 770 quil\u00f4metros totais.<\/p>\n\n\n\n<p>O CEO tamb\u00e9m destacou o investimento de R$ 5,5 bilh\u00f5es na expans\u00e3o de ferrovias, por parte da Rumo, neste ano, a necessidade de dispositivos contratuais que tratem de eventualidades, e a dificuldade de investimento em infraestrutura no pa\u00eds.<\/p>\n\n\n\n<p><strong>Reforma silenciosa<\/strong><br>O secret\u00e1rio de Acompanhamento Econ\u00f4mico e Regulariza\u00e7\u00e3o do Minist\u00e9rio da Fazenda, Gustavo Henrique Ferreira, pontuou que o governo federal tem uma \u201creforma silenciosa\u201d em andamento. A aprova\u00e7\u00e3o do Marco das Garantias, do projeto de deb\u00eantures de infraestrutura, dos incentivos para a LCI e para a LCA s\u00e3o alguns exemplos disso, segundo ele.<\/p>\n\n\n\n<p>Ferreira tamb\u00e9m defendeu que toda obra de infraestrutura \u00e9 feita em parceria com a iniciativa privada e que o governo entende isso. \u201c\u00c9 necess\u00e1rio aprimorar esses instrumentos para atrair o setor privado para as obras de infraestrutura, o minist\u00e9rio tem clareza [de] que o governo n\u00e3o \u00e9 capaz de prover todos os servi\u00e7os necess\u00e1rios. N\u00e3o \u00e9 capaz do ponto de vista fiscal e de capacidade t\u00e9cnica operacional. Ele n\u00e3o seria o agente mais eficiente para prover esses servi\u00e7os\u201d, destacou.<\/p>\n\n\n\n<p><strong>Necessidade de aprimoramento<\/strong><br>Ap\u00f3s os 30 anos da Lei das Concess\u00f5es, ainda \u00e9 preciso esclarecer conceitos, diminuir a inseguran\u00e7a jur\u00eddica, aprimorar a concess\u00e3o de licenciamento ambiental para os projetos e seriedade nas sabatinas para diretores de ag\u00eancias reguladoras, segundo a economista e advogada Elena Landau.<\/p>\n\n\n\n<p>Tendo em vista esse cen\u00e1rio no momento, para ela, \u00e9 preciso \u201cvoltar a atrair o capital internacional para que a gente possa ter o investimento necess\u00e1rio para suprir o gap de infraestrutura no Brasil\u201d.<\/p>\n\n\n\n<p>Landau tamb\u00e9m pontuou que momentos de inseguran\u00e7a jur\u00eddica fizeram com que o mercado prefira o detalhamento nos contratos de infraestrutura e menos flexibiliza\u00e7\u00e3o. \u201cA ANEEL deixou isso claro. \u00c9 preciso definir os conceitos de caducidade, repactua\u00e7\u00e3o, encampa\u00e7\u00e3o e interven\u00e7\u00e3o, que s\u00e3o muito diferentes (&#8230;). Nesses 30 anos falta a defini\u00e7\u00e3o do c\u00e1lculo de revers\u00e3o de ativos, a gente viu o quanto a aus\u00eancia dessa defini\u00e7\u00e3o afeta as tarifas at\u00e9 hoje\u201d, explicou.<\/p>\n\n\n\n<p>Ela falou ainda sobre a import\u00e2ncia de valorizar o consumidor. Segundo Landau, Amazonas e Amap\u00e1 foram abandonados pelo poder p\u00fablico e quando o servi\u00e7o foi transferido para o setor privado as tarifas se tornaram insuport\u00e1veis para a popula\u00e7\u00e3o considerando o volume de investimentos que foi necess\u00e1rio para a recupera\u00e7\u00e3o dos ativos.<\/p>\n","protected":false},"excerpt":{"rendered":"<p>da Ag\u00eancia iNFRA O ministro do TCU (Tribunal de Contas da Uni\u00e3o), Bruno Dantas, e o diretor-geral da ANTT (Ag\u00eancia\u00a0Nacional de Transportes Terrestres), Rafael Vitale, exaltaram a import\u00e2ncia do consensualismo para as concess\u00f5es de infraestrutura, durante o painel \u201cLei de Concess\u00f5es 30 anos &#8211; o que avan\u00e7amos e aonde queremos chegar\u201d em evento do MoveInfra, [&hellip;]<\/p>\n","protected":false},"author":1,"featured_media":19270,"comment_status":"closed","ping_status":"closed","sticky":false,"template":"","format":"standard","meta":{"_monsterinsights_skip_tracking":false,"_monsterinsights_sitenote_active":false,"_monsterinsights_sitenote_note":"","_monsterinsights_sitenote_category":0,"footnotes":""},"categories":[7250,2053],"tags":[19,396,78,10682,34,32,11634,7218,18],"class_list":["post-19269","post","type-post","status-publish","format-standard","has-post-thumbnail","hentry","category-destaque-lista","category-infraliveventos","tag-antt","tag-bruno-dantas","tag-concessoes","tag-consenso","tag-infraestrutura","tag-investimentos","tag-moveinfra-2024","tag-secexconsenso","tag-tcu"],"yoast_head":"<!-- This site is optimized with the Yoast SEO Premium plugin v25.4 (Yoast SEO v26.0) - https:\/\/yoast.com\/wordpress\/plugins\/seo\/ -->\n<title>&quot;Ferramenta Potente&quot;: consensualisamo como sa\u00edda para contratos saturados \u00e9 tema do MoveInfra - Ag\u00eancia iNFRA<\/title>\n<meta name=\"robots\" content=\"index, follow, max-snippet:-1, max-image-preview:large, max-video-preview:-1\" \/>\n<link rel=\"canonical\" href=\"https:\/\/agenciainfra.com\/blog\/ferramenta-potente-consensualisamo-como-saida-para-contratos-saturados-e-tema-do-moveinfra\/\" \/>\n<meta property=\"og:locale\" content=\"pt_BR\" \/>\n<meta property=\"og:type\" content=\"article\" \/>\n<meta property=\"og:title\" content=\"&quot;Ferramenta Potente&quot;: consensualisamo como sa\u00edda para contratos saturados \u00e9 tema do MoveInfra\" \/>\n<meta property=\"og:description\" content=\"da Ag\u00eancia iNFRA O ministro do TCU (Tribunal de Contas da Uni\u00e3o), Bruno Dantas, e o diretor-geral da ANTT (Ag\u00eancia\u00a0Nacional de Transportes Terrestres), Rafael Vitale, exaltaram a import\u00e2ncia do consensualismo para as concess\u00f5es de infraestrutura, durante o painel \u201cLei de Concess\u00f5es 30 anos &#8211; o que avan\u00e7amos e aonde queremos chegar\u201d em evento do MoveInfra, [&hellip;]\" \/>\n<meta property=\"og:url\" content=\"https:\/\/agenciainfra.com\/blog\/ferramenta-potente-consensualisamo-como-saida-para-contratos-saturados-e-tema-do-moveinfra\/\" \/>\n<meta property=\"og:site_name\" content=\"Ag\u00eancia iNFRA\" \/>\n<meta property=\"article:publisher\" content=\"https:\/\/www.facebook.com\/ageninfra\" \/>\n<meta property=\"article:published_time\" content=\"2024-11-18T17:00:00+00:00\" \/>\n<meta property=\"og:image\" content=\"https:\/\/agenciainfra.com\/blog\/wp-content\/uploads\/2024\/11\/moveinfra2024_credito_Percio_Campos_Agencia_iNFRA-14-1.jpg\" \/>\n\t<meta property=\"og:image:width\" content=\"1120\" \/>\n\t<meta property=\"og:image:height\" content=\"827\" \/>\n\t<meta property=\"og:image:type\" content=\"image\/jpeg\" \/>\n<meta name=\"author\" content=\"Ag\u00eancia iNFRA\" \/>\n<meta name=\"twitter:card\" content=\"summary_large_image\" \/>\n<meta name=\"twitter:creator\" content=\"@agencia_infra\" \/>\n<meta name=\"twitter:site\" content=\"@agencia_infra\" \/>\n<meta name=\"twitter:label1\" content=\"Escrito por\" \/>\n\t<meta name=\"twitter:data1\" content=\"Ag\u00eancia iNFRA\" \/>\n\t<meta name=\"twitter:label2\" content=\"Est. tempo de leitura\" \/>\n\t<meta name=\"twitter:data2\" content=\"4 minutos\" \/>\n<script type=\"application\/ld+json\" class=\"yoast-schema-graph\">{\"@context\":\"https:\/\/schema.org\",\"@graph\":[{\"@type\":\"Article\",\"@id\":\"https:\/\/agenciainfra.com\/blog\/ferramenta-potente-consensualisamo-como-saida-para-contratos-saturados-e-tema-do-moveinfra\/#article\",\"isPartOf\":{\"@id\":\"https:\/\/agenciainfra.com\/blog\/ferramenta-potente-consensualisamo-como-saida-para-contratos-saturados-e-tema-do-moveinfra\/\"},\"author\":{\"name\":\"Ag\u00eancia iNFRA\",\"@id\":\"https:\/\/agenciainfra.com\/blog\/#\/schema\/person\/34af08dff6adea4cb22b06612ba7acfa\"},\"headline\":\"&#8220;Ferramenta Potente&#8221;: consensualisamo como sa\u00edda para contratos saturados \u00e9 tema do MoveInfra\",\"datePublished\":\"2024-11-18T17:00:00+00:00\",\"mainEntityOfPage\":{\"@id\":\"https:\/\/agenciainfra.com\/blog\/ferramenta-potente-consensualisamo-como-saida-para-contratos-saturados-e-tema-do-moveinfra\/\"},\"wordCount\":778,\"publisher\":{\"@id\":\"https:\/\/agenciainfra.com\/blog\/#organization\"},\"image\":{\"@id\":\"https:\/\/agenciainfra.com\/blog\/ferramenta-potente-consensualisamo-como-saida-para-contratos-saturados-e-tema-do-moveinfra\/#primaryimage\"},\"thumbnailUrl\":\"https:\/\/agenciainfra.com\/blog\/wp-content\/uploads\/2024\/11\/moveinfra2024_credito_Percio_Campos_Agencia_iNFRA-14-1.jpg\",\"keywords\":[\"ANTT\",\"Bruno Dantas\",\"concess\u00f5es\",\"Consenso\",\"Infraestrutura\",\"Investimentos\",\"MoveInfra 2024\",\"SecexConsenso\",\"TCU\"],\"articleSection\":[\"Destaque lista\",\"iNFRALive e Eventos\"],\"inLanguage\":\"pt-BR\",\"copyrightYear\":\"2024\",\"copyrightHolder\":{\"@id\":\"https:\/\/agenciainfra.com\/blog\/#organization\"}},{\"@type\":\"WebPage\",\"@id\":\"https:\/\/agenciainfra.com\/blog\/ferramenta-potente-consensualisamo-como-saida-para-contratos-saturados-e-tema-do-moveinfra\/\",\"url\":\"https:\/\/agenciainfra.com\/blog\/ferramenta-potente-consensualisamo-como-saida-para-contratos-saturados-e-tema-do-moveinfra\/\",\"name\":\"\\\"Ferramenta Potente\\\": consensualisamo como sa\u00edda para contratos saturados \u00e9 tema do MoveInfra - Ag\u00eancia iNFRA\",\"isPartOf\":{\"@id\":\"https:\/\/agenciainfra.com\/blog\/#website\"},\"primaryImageOfPage\":{\"@id\":\"https:\/\/agenciainfra.com\/blog\/ferramenta-potente-consensualisamo-como-saida-para-contratos-saturados-e-tema-do-moveinfra\/#primaryimage\"},\"image\":{\"@id\":\"https:\/\/agenciainfra.com\/blog\/ferramenta-potente-consensualisamo-como-saida-para-contratos-saturados-e-tema-do-moveinfra\/#primaryimage\"},\"thumbnailUrl\":\"https:\/\/agenciainfra.com\/blog\/wp-content\/uploads\/2024\/11\/moveinfra2024_credito_Percio_Campos_Agencia_iNFRA-14-1.jpg\",\"datePublished\":\"2024-11-18T17:00:00+00:00\",\"breadcrumb\":{\"@id\":\"https:\/\/agenciainfra.com\/blog\/ferramenta-potente-consensualisamo-como-saida-para-contratos-saturados-e-tema-do-moveinfra\/#breadcrumb\"},\"inLanguage\":\"pt-BR\",\"potentialAction\":[{\"@type\":\"ReadAction\",\"target\":[\"https:\/\/agenciainfra.com\/blog\/ferramenta-potente-consensualisamo-como-saida-para-contratos-saturados-e-tema-do-moveinfra\/\"]}]},{\"@type\":\"ImageObject\",\"inLanguage\":\"pt-BR\",\"@id\":\"https:\/\/agenciainfra.com\/blog\/ferramenta-potente-consensualisamo-como-saida-para-contratos-saturados-e-tema-do-moveinfra\/#primaryimage\",\"url\":\"https:\/\/agenciainfra.com\/blog\/wp-content\/uploads\/2024\/11\/moveinfra2024_credito_Percio_Campos_Agencia_iNFRA-14-1.jpg\",\"contentUrl\":\"https:\/\/agenciainfra.com\/blog\/wp-content\/uploads\/2024\/11\/moveinfra2024_credito_Percio_Campos_Agencia_iNFRA-14-1.jpg\",\"width\":1120,\"height\":827},{\"@type\":\"BreadcrumbList\",\"@id\":\"https:\/\/agenciainfra.com\/blog\/ferramenta-potente-consensualisamo-como-saida-para-contratos-saturados-e-tema-do-moveinfra\/#breadcrumb\",\"itemListElement\":[{\"@type\":\"ListItem\",\"position\":1,\"name\":\"In\u00edcio\",\"item\":\"https:\/\/agenciainfra.com\/blog\/\"},{\"@type\":\"ListItem\",\"position\":2,\"name\":\"&#8220;Ferramenta Potente&#8221;: consensualisamo como sa\u00edda para contratos saturados \u00e9 tema do MoveInfra\"}]},{\"@type\":\"WebSite\",\"@id\":\"https:\/\/agenciainfra.com\/blog\/#website\",\"url\":\"https:\/\/agenciainfra.com\/blog\/\",\"name\":\"Ag\u00eancia iNFRA\",\"description\":\"Multiplataforma de informa\u00e7\u00e3o jornal\u00edstica refer\u00eancia na \u00e1rea de infraestrutura no Brasil!\",\"publisher\":{\"@id\":\"https:\/\/agenciainfra.com\/blog\/#organization\"},\"potentialAction\":[{\"@type\":\"SearchAction\",\"target\":{\"@type\":\"EntryPoint\",\"urlTemplate\":\"https:\/\/agenciainfra.com\/blog\/?s={search_term_string}\"},\"query-input\":{\"@type\":\"PropertyValueSpecification\",\"valueRequired\":true,\"valueName\":\"search_term_string\"}}],\"inLanguage\":\"pt-BR\"},{\"@type\":\"Organization\",\"@id\":\"https:\/\/agenciainfra.com\/blog\/#organization\",\"name\":\"Ag\u00eancia iNFRA\",\"url\":\"https:\/\/agenciainfra.com\/blog\/\",\"logo\":{\"@type\":\"ImageObject\",\"inLanguage\":\"pt-BR\",\"@id\":\"https:\/\/agenciainfra.com\/blog\/#\/schema\/logo\/image\/\",\"url\":\"https:\/\/agenciainfra.com\/blog\/wp-content\/uploads\/2023\/09\/iNFRA_5-e1761735885940.png\",\"contentUrl\":\"https:\/\/agenciainfra.com\/blog\/wp-content\/uploads\/2023\/09\/iNFRA_5-e1761735885940.png\",\"width\":1672,\"height\":454,\"caption\":\"Ag\u00eancia iNFRA\"},\"image\":{\"@id\":\"https:\/\/agenciainfra.com\/blog\/#\/schema\/logo\/image\/\"},\"sameAs\":[\"https:\/\/www.facebook.com\/ageninfra\",\"https:\/\/x.com\/agencia_infra\",\"https:\/\/www.linkedin.com\/company\/ag\u00eanciainfra\/\",\"https:\/\/www.instagram.com\/agenciainfra\/\"]},{\"@type\":\"Person\",\"@id\":\"https:\/\/agenciainfra.com\/blog\/#\/schema\/person\/34af08dff6adea4cb22b06612ba7acfa\",\"name\":\"Ag\u00eancia iNFRA\",\"image\":{\"@type\":\"ImageObject\",\"inLanguage\":\"pt-BR\",\"@id\":\"https:\/\/agenciainfra.com\/blog\/#\/schema\/person\/image\/\",\"url\":\"https:\/\/secure.gravatar.com\/avatar\/d189e01678f06d8eb84d4e01f08eb848b3fffe3f8443818d3c356c66892f5be8?s=96&d=mm&r=g\",\"contentUrl\":\"https:\/\/secure.gravatar.com\/avatar\/d189e01678f06d8eb84d4e01f08eb848b3fffe3f8443818d3c356c66892f5be8?s=96&d=mm&r=g\",\"caption\":\"Ag\u00eancia iNFRA\"},\"url\":\"https:\/\/agenciainfra.com\/blog\/author\/admin\/\"}]}<\/script>\n<!-- \/ Yoast SEO Premium plugin. -->","yoast_head_json":{"title":"\"Ferramenta Potente\": consensualisamo como sa\u00edda para contratos saturados \u00e9 tema do MoveInfra - Ag\u00eancia iNFRA","robots":{"index":"index","follow":"follow","max-snippet":"max-snippet:-1","max-image-preview":"max-image-preview:large","max-video-preview":"max-video-preview:-1"},"canonical":"https:\/\/agenciainfra.com\/blog\/ferramenta-potente-consensualisamo-como-saida-para-contratos-saturados-e-tema-do-moveinfra\/","og_locale":"pt_BR","og_type":"article","og_title":"\"Ferramenta Potente\": consensualisamo como sa\u00edda para contratos saturados \u00e9 tema do MoveInfra","og_description":"da Ag\u00eancia iNFRA O ministro do TCU (Tribunal de Contas da Uni\u00e3o), Bruno Dantas, e o diretor-geral da ANTT (Ag\u00eancia\u00a0Nacional de Transportes Terrestres), Rafael Vitale, exaltaram a import\u00e2ncia do consensualismo para as concess\u00f5es de infraestrutura, durante o painel \u201cLei de Concess\u00f5es 30 anos &#8211; o que avan\u00e7amos e aonde queremos chegar\u201d em evento do MoveInfra, [&hellip;]","og_url":"https:\/\/agenciainfra.com\/blog\/ferramenta-potente-consensualisamo-como-saida-para-contratos-saturados-e-tema-do-moveinfra\/","og_site_name":"Ag\u00eancia iNFRA","article_publisher":"https:\/\/www.facebook.com\/ageninfra","article_published_time":"2024-11-18T17:00:00+00:00","og_image":[{"width":1120,"height":827,"url":"https:\/\/agenciainfra.com\/blog\/wp-content\/uploads\/2024\/11\/moveinfra2024_credito_Percio_Campos_Agencia_iNFRA-14-1.jpg","type":"image\/jpeg"}],"author":"Ag\u00eancia iNFRA","twitter_card":"summary_large_image","twitter_creator":"@agencia_infra","twitter_site":"@agencia_infra","twitter_misc":{"Escrito por":"Ag\u00eancia iNFRA","Est. tempo de leitura":"4 minutos"},"schema":{"@context":"https:\/\/schema.org","@graph":[{"@type":"Article","@id":"https:\/\/agenciainfra.com\/blog\/ferramenta-potente-consensualisamo-como-saida-para-contratos-saturados-e-tema-do-moveinfra\/#article","isPartOf":{"@id":"https:\/\/agenciainfra.com\/blog\/ferramenta-potente-consensualisamo-como-saida-para-contratos-saturados-e-tema-do-moveinfra\/"},"author":{"name":"Ag\u00eancia iNFRA","@id":"https:\/\/agenciainfra.com\/blog\/#\/schema\/person\/34af08dff6adea4cb22b06612ba7acfa"},"headline":"&#8220;Ferramenta Potente&#8221;: consensualisamo como sa\u00edda para contratos saturados \u00e9 tema do MoveInfra","datePublished":"2024-11-18T17:00:00+00:00","mainEntityOfPage":{"@id":"https:\/\/agenciainfra.com\/blog\/ferramenta-potente-consensualisamo-como-saida-para-contratos-saturados-e-tema-do-moveinfra\/"},"wordCount":778,"publisher":{"@id":"https:\/\/agenciainfra.com\/blog\/#organization"},"image":{"@id":"https:\/\/agenciainfra.com\/blog\/ferramenta-potente-consensualisamo-como-saida-para-contratos-saturados-e-tema-do-moveinfra\/#primaryimage"},"thumbnailUrl":"https:\/\/agenciainfra.com\/blog\/wp-content\/uploads\/2024\/11\/moveinfra2024_credito_Percio_Campos_Agencia_iNFRA-14-1.jpg","keywords":["ANTT","Bruno Dantas","concess\u00f5es","Consenso","Infraestrutura","Investimentos","MoveInfra 2024","SecexConsenso","TCU"],"articleSection":["Destaque lista","iNFRALive e Eventos"],"inLanguage":"pt-BR","copyrightYear":"2024","copyrightHolder":{"@id":"https:\/\/agenciainfra.com\/blog\/#organization"}},{"@type":"WebPage","@id":"https:\/\/agenciainfra.com\/blog\/ferramenta-potente-consensualisamo-como-saida-para-contratos-saturados-e-tema-do-moveinfra\/","url":"https:\/\/agenciainfra.com\/blog\/ferramenta-potente-consensualisamo-como-saida-para-contratos-saturados-e-tema-do-moveinfra\/","name":"\"Ferramenta Potente\": consensualisamo como sa\u00edda para contratos saturados \u00e9 tema do MoveInfra - Ag\u00eancia iNFRA","isPartOf":{"@id":"https:\/\/agenciainfra.com\/blog\/#website"},"primaryImageOfPage":{"@id":"https:\/\/agenciainfra.com\/blog\/ferramenta-potente-consensualisamo-como-saida-para-contratos-saturados-e-tema-do-moveinfra\/#primaryimage"},"image":{"@id":"https:\/\/agenciainfra.com\/blog\/ferramenta-potente-consensualisamo-como-saida-para-contratos-saturados-e-tema-do-moveinfra\/#primaryimage"},"thumbnailUrl":"https:\/\/agenciainfra.com\/blog\/wp-content\/uploads\/2024\/11\/moveinfra2024_credito_Percio_Campos_Agencia_iNFRA-14-1.jpg","datePublished":"2024-11-18T17:00:00+00:00","breadcrumb":{"@id":"https:\/\/agenciainfra.com\/blog\/ferramenta-potente-consensualisamo-como-saida-para-contratos-saturados-e-tema-do-moveinfra\/#breadcrumb"},"inLanguage":"pt-BR","potentialAction":[{"@type":"ReadAction","target":["https:\/\/agenciainfra.com\/blog\/ferramenta-potente-consensualisamo-como-saida-para-contratos-saturados-e-tema-do-moveinfra\/"]}]},{"@type":"ImageObject","inLanguage":"pt-BR","@id":"https:\/\/agenciainfra.com\/blog\/ferramenta-potente-consensualisamo-como-saida-para-contratos-saturados-e-tema-do-moveinfra\/#primaryimage","url":"https:\/\/agenciainfra.com\/blog\/wp-content\/uploads\/2024\/11\/moveinfra2024_credito_Percio_Campos_Agencia_iNFRA-14-1.jpg","contentUrl":"https:\/\/agenciainfra.com\/blog\/wp-content\/uploads\/2024\/11\/moveinfra2024_credito_Percio_Campos_Agencia_iNFRA-14-1.jpg","width":1120,"height":827},{"@type":"BreadcrumbList","@id":"https:\/\/agenciainfra.com\/blog\/ferramenta-potente-consensualisamo-como-saida-para-contratos-saturados-e-tema-do-moveinfra\/#breadcrumb","itemListElement":[{"@type":"ListItem","position":1,"name":"In\u00edcio","item":"https:\/\/agenciainfra.com\/blog\/"},{"@type":"ListItem","position":2,"name":"&#8220;Ferramenta Potente&#8221;: consensualisamo como sa\u00edda para contratos saturados \u00e9 tema do MoveInfra"}]},{"@type":"WebSite","@id":"https:\/\/agenciainfra.com\/blog\/#website","url":"https:\/\/agenciainfra.com\/blog\/","name":"Ag\u00eancia iNFRA","description":"Multiplataforma de informa\u00e7\u00e3o jornal\u00edstica refer\u00eancia na \u00e1rea de infraestrutura no Brasil!","publisher":{"@id":"https:\/\/agenciainfra.com\/blog\/#organization"},"potentialAction":[{"@type":"SearchAction","target":{"@type":"EntryPoint","urlTemplate":"https:\/\/agenciainfra.com\/blog\/?s={search_term_string}"},"query-input":{"@type":"PropertyValueSpecification","valueRequired":true,"valueName":"search_term_string"}}],"inLanguage":"pt-BR"},{"@type":"Organization","@id":"https:\/\/agenciainfra.com\/blog\/#organization","name":"Ag\u00eancia iNFRA","url":"https:\/\/agenciainfra.com\/blog\/","logo":{"@type":"ImageObject","inLanguage":"pt-BR","@id":"https:\/\/agenciainfra.com\/blog\/#\/schema\/logo\/image\/","url":"https:\/\/agenciainfra.com\/blog\/wp-content\/uploads\/2023\/09\/iNFRA_5-e1761735885940.png","contentUrl":"https:\/\/agenciainfra.com\/blog\/wp-content\/uploads\/2023\/09\/iNFRA_5-e1761735885940.png","width":1672,"height":454,"caption":"Ag\u00eancia iNFRA"},"image":{"@id":"https:\/\/agenciainfra.com\/blog\/#\/schema\/logo\/image\/"},"sameAs":["https:\/\/www.facebook.com\/ageninfra","https:\/\/x.com\/agencia_infra","https:\/\/www.linkedin.com\/company\/ag\u00eanciainfra\/","https:\/\/www.instagram.com\/agenciainfra\/"]},{"@type":"Person","@id":"https:\/\/agenciainfra.com\/blog\/#\/schema\/person\/34af08dff6adea4cb22b06612ba7acfa","name":"Ag\u00eancia iNFRA","image":{"@type":"ImageObject","inLanguage":"pt-BR","@id":"https:\/\/agenciainfra.com\/blog\/#\/schema\/person\/image\/","url":"https:\/\/secure.gravatar.com\/avatar\/d189e01678f06d8eb84d4e01f08eb848b3fffe3f8443818d3c356c66892f5be8?s=96&d=mm&r=g","contentUrl":"https:\/\/secure.gravatar.com\/avatar\/d189e01678f06d8eb84d4e01f08eb848b3fffe3f8443818d3c356c66892f5be8?s=96&d=mm&r=g","caption":"Ag\u00eancia iNFRA"},"url":"https:\/\/agenciainfra.com\/blog\/author\/admin\/"}]}},"_links":{"self":[{"href":"https:\/\/agenciainfra.com\/blog\/wp-json\/wp\/v2\/posts\/19269","targetHints":{"allow":["GET"]}}],"collection":[{"href":"https:\/\/agenciainfra.com\/blog\/wp-json\/wp\/v2\/posts"}],"about":[{"href":"https:\/\/agenciainfra.com\/blog\/wp-json\/wp\/v2\/types\/post"}],"author":[{"embeddable":true,"href":"https:\/\/agenciainfra.com\/blog\/wp-json\/wp\/v2\/users\/1"}],"replies":[{"embeddable":true,"href":"https:\/\/agenciainfra.com\/blog\/wp-json\/wp\/v2\/comments?post=19269"}],"version-history":[{"count":1,"href":"https:\/\/agenciainfra.com\/blog\/wp-json\/wp\/v2\/posts\/19269\/revisions"}],"predecessor-version":[{"id":19271,"href":"https:\/\/agenciainfra.com\/blog\/wp-json\/wp\/v2\/posts\/19269\/revisions\/19271"}],"wp:featuredmedia":[{"embeddable":true,"href":"https:\/\/agenciainfra.com\/blog\/wp-json\/wp\/v2\/media\/19270"}],"wp:attachment":[{"href":"https:\/\/agenciainfra.com\/blog\/wp-json\/wp\/v2\/media?parent=19269"}],"wp:term":[{"taxonomy":"category","embeddable":true,"href":"https:\/\/agenciainfra.com\/blog\/wp-json\/wp\/v2\/categories?post=19269"},{"taxonomy":"post_tag","embeddable":true,"href":"https:\/\/agenciainfra.com\/blog\/wp-json\/wp\/v2\/tags?post=19269"}],"curies":[{"name":"wp","href":"https:\/\/api.w.org\/{rel}","templated":true}]}}