{"id":19285,"date":"2024-11-19T08:00:00","date_gmt":"2024-11-19T11:00:00","guid":{"rendered":"https:\/\/agenciainfra.com\/blog\/?p=19285"},"modified":"2024-11-19T10:53:16","modified_gmt":"2024-11-19T13:53:16","slug":"area-tecnica-da-aneel-rejeita-pedido-da-eletrobras-sobre-tust-que-pode-impactar-empresa-em-r-347-bi","status":"publish","type":"post","link":"https:\/\/agenciainfra.com\/blog\/area-tecnica-da-aneel-rejeita-pedido-da-eletrobras-sobre-tust-que-pode-impactar-empresa-em-r-347-bi\/","title":{"rendered":"\u00c1rea t\u00e9cnica da ANEEL rejeita pedido da Eletrobras sobre TUST que pode impactar empresa em R$ 3,47 bi"},"content":{"rendered":"\n<p class=\"has-text-align-right\"><strong>Marisa Wanzeller e Geraldo Campos Jr., da Ag\u00eancia iNFRA<\/strong><\/p>\n\n\n\n<p>\u00c1reas t\u00e9cnicas da ANEEL (Ag\u00eancia Nacional de Energia El\u00e9trica) sugerem que a diretoria negue o recurso da Eletrobras para ter direito \u00e0 estabiliza\u00e7\u00e3o da TUST (Tarifa de Uso do Sistema de Transmiss\u00e3o) por dez ciclos tarif\u00e1rios. Segundo o parecer, a fixa\u00e7\u00e3o dos valores provocaria um impacto positivo de R$ 3,47 bilh\u00f5es na empresa, a ser repassado para os consumidores.<\/p>\n\n\n\n<p>O processo est\u00e1 na pauta desta ter\u00e7a-feira (19) da reuni\u00e3o p\u00fablica da diretoria, sob relatoria do diretor Fernando Mosna. O recurso trata de tarifas pagas por nove usinas no Norte e no Nordeste operadas pela Chesf e pela Eletronorte.<\/p>\n\n\n\n<p>Caso permane\u00e7am as atualiza\u00e7\u00f5es da tarifa anualmente, como sugere a \u00e1rea t\u00e9cnica, apenas R$ 330 milh\u00f5es ser\u00e3o custeados pelos consumidores. A constata\u00e7\u00e3o est\u00e1 na&nbsp;<a href=\"https:\/\/mcusercontent.com\/d460dd1bcf9ba0ae040e1fc0f\/files\/8b1a6963-eda4-5b98-6622-e2d6e064a44e\/6052091.pdf\" target=\"_blank\" rel=\"noreferrer noopener\">NT (Nota T\u00e9cnica) 84\/2023<\/a>, da ex-SGT (Superintend\u00eancia de Gest\u00e3o Tarif\u00e1ria). A Procuradoria Federal junto \u00e0 ANEEL tamb\u00e9m&nbsp;<a href=\"https:\/\/mcusercontent.com\/d460dd1bcf9ba0ae040e1fc0f\/files\/a14f1146-728f-2345-e1c9-a5bddb20c2ce\/6118064.pdf\" target=\"_blank\" rel=\"noreferrer noopener\">recomendou a rejei\u00e7\u00e3o do recurso<\/a>.<\/p>\n\n\n\n<p>Al\u00e9m da Eletrobras, o processo ainda aborda um pedido de reconsidera\u00e7\u00e3o da Omega Renov\u00e1veis sobre a TUST de suas usinas e\u00f3licas, mas com impacto bem menor, de aproximadamente R$ 30 milh\u00f5es, ante&nbsp;R$ 8 milh\u00f5es sem a estabiliza\u00e7\u00e3o. Os pareceres tamb\u00e9m s\u00e3o pela rejei\u00e7\u00e3o do recurso.<\/p>\n\n\n\n<p><strong>Normativos&nbsp;<\/strong><br>A&nbsp;<a href=\"https:\/\/www2.aneel.gov.br\/cedoc\/ren2013559.pdf\" target=\"_blank\" rel=\"noreferrer noopener\">REN (Resolu\u00e7\u00e3o Normativa) 559\/2013<\/a>&nbsp;introduziu a estabiliza\u00e7\u00e3o da TUST para geradores que vencessem leil\u00f5es no ambiente regulado a partir de ent\u00e3o. Em 2022, a&nbsp;<a href=\"https:\/\/www2.aneel.gov.br\/cedoc\/ren20221024.pdf\" target=\"_blank\" rel=\"noreferrer noopener\">REN 1.024<\/a>&nbsp;extinguiu a regra anterior.<\/p>\n\n\n\n<p>A Chesf e a Eletronorte, subsidi\u00e1rias da Eletrobras, alegam que teriam direito \u00e0 tarifa fixada por dez ciclos, uma vez que suas usinas tiveram a concess\u00e3o prorrogada durante a vig\u00eancia da REN 559\/2013, mediante assinatura de novos contratos de concess\u00e3o de gera\u00e7\u00e3o. J\u00e1 a Omega argumenta que as outorgas dos seus empreendimentos foram obtidas durante a vig\u00eancia da resolu\u00e7\u00e3o e, por isso, deveria permanecer a estabiliza\u00e7\u00e3o.<\/p>\n\n\n\n<p>A Eletrobras argumenta que, quando obteve os novos contratos de concess\u00e3o em 2022, por conta do seu processo de privatiza\u00e7\u00e3o, a REN 559 ainda vigorava. Por isso, teria \u201cdireito adquirido\u201d em ter a estabiliza\u00e7\u00e3o da TUST. No entanto, a Nota T\u00e9cnica entende que as usinas n\u00e3o tiveram contratos prorrogados ou relicitados, como era exigido, e sim obtiveram novas concess\u00f5es conforme a&nbsp;<a href=\"https:\/\/www.planalto.gov.br\/ccivil_03\/_ato2019-2022\/2021\/Lei\/L14182.htm\" target=\"_blank\" rel=\"noreferrer noopener\">Lei 14.182\/2021<\/a>, que tratou da desestatiza\u00e7\u00e3o da companhia.<\/p>\n\n\n\n<p><strong>Impactos<\/strong><br>Segundo a Nota T\u00e9cnica, somando Eletrobras e Omega, \u201ca eventual aplica\u00e7\u00e3o de TUST estabilizadas para as requerentes resulta em cerca de R$ 3,5 bilh\u00f5es de encargos a serem assumidos pela carga, contra apenas R$ 338 milh\u00f5es considerando a envolt\u00f3ria tarif\u00e1ria, no horizonte de dez ciclos tarif\u00e1rios\u201d.<\/p>\n\n\n\n<p>Esses valores expressam, de acordo com as \u00e1reas t\u00e9cnicas da ANEEL, a \u201cmotiva\u00e7\u00e3o de interromper a publica\u00e7\u00e3o de TUST estabilizadas, dado o perigo potencial de fixar as tarifas em patamares inadequados\u201d.<\/p>\n\n\n\n<p><strong>Retirado de pauta<\/strong><br>Um segundo processo de impacto bilion\u00e1rio para empresas do setor el\u00e9trico estava previsto para a reuni\u00e3o de diretoria,&nbsp;mas foi retirado de pauta. O item tratava de aportes de cerca de R$ 10,25 bilh\u00f5es para seis distribuidoras de energia a fim de adequar os n\u00edveis de endividamento aos limites regulat\u00f3rios.&nbsp;<\/p>\n\n\n\n<p>O processo tamb\u00e9m \u00e9 relatado pelo diretor Fernando Mosna, mas est\u00e1 sob vista da diretora Agnes Costa desde a \u00faltima semana, quando o relator votou para que essas distribuidoras recebam os aportes dos seus controladores em at\u00e9 90 dias. Ele foi seguido pelo diretor Ricardo Tili.&nbsp;<\/p>\n\n\n\n<p>J\u00e1 a diretora Agnes&nbsp;manifestou-se em favor de estender o prazo para 180 dias, conforme pleito das distribuidoras. Sem acordo, a diretora pediu vista do processo. O diretor-geral, Sandoval Feitosa, estava ausente na \u00faltima RPO em cumprimento de f\u00e9rias.<\/p>\n","protected":false},"excerpt":{"rendered":"<p>Marisa Wanzeller e Geraldo Campos Jr., da Ag\u00eancia iNFRA \u00c1reas t\u00e9cnicas da ANEEL (Ag\u00eancia Nacional de Energia El\u00e9trica) sugerem que a diretoria negue o recurso da Eletrobras para ter direito \u00e0 estabiliza\u00e7\u00e3o da TUST (Tarifa de Uso do Sistema de Transmiss\u00e3o) por dez ciclos tarif\u00e1rios. Segundo o parecer, a fixa\u00e7\u00e3o dos valores provocaria um impacto [&hellip;]<\/p>\n","protected":false},"author":1,"featured_media":11428,"comment_status":"closed","ping_status":"closed","sticky":false,"template":"","format":"standard","meta":{"_monsterinsights_skip_tracking":false,"_monsterinsights_sitenote_active":false,"_monsterinsights_sitenote_note":"","_monsterinsights_sitenote_category":0,"footnotes":""},"categories":[7250,1,10],"tags":[53,50,282,7014,11594,7366,11764,739,1386,4063],"class_list":["post-19285","post","type-post","status-publish","format-standard","has-post-thumbnail","hentry","category-destaque-lista","category-geral","category-infraenergia","tag-aneel","tag-eletrobras","tag-energia-eletrica","tag-fernando-mosna","tag-geraldo-campos-jr","tag-marisa-wanzeller","tag-reuniao-da-aneel","tag-tarifa","tag-tarifas-de-energia","tag-tust"],"yoast_head":"<!-- This site is optimized with the Yoast SEO Premium plugin v25.4 (Yoast SEO v26.0) - https:\/\/yoast.com\/wordpress\/plugins\/seo\/ -->\n<title>\u00c1rea t\u00e9cnica da ANEEL rejeita pedido da Eletrobras sobre TUST que pode impactar empresa em R$ 3,47 bi - Ag\u00eancia iNFRA<\/title>\n<meta name=\"robots\" content=\"index, follow, max-snippet:-1, max-image-preview:large, max-video-preview:-1\" \/>\n<link rel=\"canonical\" href=\"https:\/\/agenciainfra.com\/blog\/area-tecnica-da-aneel-rejeita-pedido-da-eletrobras-sobre-tust-que-pode-impactar-empresa-em-r-347-bi\/\" \/>\n<meta property=\"og:locale\" content=\"pt_BR\" \/>\n<meta property=\"og:type\" content=\"article\" \/>\n<meta property=\"og:title\" content=\"\u00c1rea t\u00e9cnica da ANEEL rejeita pedido da Eletrobras sobre TUST que pode impactar empresa em R$ 3,47 bi\" \/>\n<meta property=\"og:description\" content=\"Marisa Wanzeller e Geraldo Campos Jr., da Ag\u00eancia iNFRA \u00c1reas t\u00e9cnicas da ANEEL (Ag\u00eancia Nacional de Energia El\u00e9trica) sugerem que a diretoria negue o recurso da Eletrobras para ter direito \u00e0 estabiliza\u00e7\u00e3o da TUST (Tarifa de Uso do Sistema de Transmiss\u00e3o) por dez ciclos tarif\u00e1rios. Segundo o parecer, a fixa\u00e7\u00e3o dos valores provocaria um impacto [&hellip;]\" \/>\n<meta property=\"og:url\" content=\"https:\/\/agenciainfra.com\/blog\/area-tecnica-da-aneel-rejeita-pedido-da-eletrobras-sobre-tust-que-pode-impactar-empresa-em-r-347-bi\/\" \/>\n<meta property=\"og:site_name\" content=\"Ag\u00eancia iNFRA\" \/>\n<meta property=\"article:publisher\" content=\"https:\/\/www.facebook.com\/ageninfra\" \/>\n<meta property=\"article:published_time\" content=\"2024-11-19T11:00:00+00:00\" \/>\n<meta property=\"article:modified_time\" content=\"2024-11-19T13:53:16+00:00\" \/>\n<meta property=\"og:image\" content=\"https:\/\/agenciainfra.com\/blog\/wp-content\/uploads\/2022\/09\/eletrobras-foto-fernando-frazao-agencia-brasil.jpeg\" \/>\n\t<meta property=\"og:image:width\" content=\"1280\" \/>\n\t<meta property=\"og:image:height\" content=\"766\" \/>\n\t<meta property=\"og:image:type\" content=\"image\/jpeg\" \/>\n<meta name=\"author\" content=\"Ag\u00eancia iNFRA\" \/>\n<meta name=\"twitter:card\" content=\"summary_large_image\" \/>\n<meta name=\"twitter:creator\" content=\"@agencia_infra\" \/>\n<meta name=\"twitter:site\" content=\"@agencia_infra\" \/>\n<meta name=\"twitter:label1\" content=\"Escrito por\" \/>\n\t<meta name=\"twitter:data1\" content=\"Ag\u00eancia iNFRA\" \/>\n\t<meta name=\"twitter:label2\" content=\"Est. tempo de leitura\" \/>\n\t<meta name=\"twitter:data2\" content=\"3 minutos\" \/>\n<script type=\"application\/ld+json\" class=\"yoast-schema-graph\">{\"@context\":\"https:\/\/schema.org\",\"@graph\":[{\"@type\":\"Article\",\"@id\":\"https:\/\/agenciainfra.com\/blog\/area-tecnica-da-aneel-rejeita-pedido-da-eletrobras-sobre-tust-que-pode-impactar-empresa-em-r-347-bi\/#article\",\"isPartOf\":{\"@id\":\"https:\/\/agenciainfra.com\/blog\/area-tecnica-da-aneel-rejeita-pedido-da-eletrobras-sobre-tust-que-pode-impactar-empresa-em-r-347-bi\/\"},\"author\":{\"name\":\"Ag\u00eancia iNFRA\",\"@id\":\"https:\/\/agenciainfra.com\/blog\/#\/schema\/person\/34af08dff6adea4cb22b06612ba7acfa\"},\"headline\":\"\u00c1rea t\u00e9cnica da ANEEL rejeita pedido da Eletrobras sobre TUST que pode impactar empresa em R$ 3,47 bi\",\"datePublished\":\"2024-11-19T11:00:00+00:00\",\"dateModified\":\"2024-11-19T13:53:16+00:00\",\"mainEntityOfPage\":{\"@id\":\"https:\/\/agenciainfra.com\/blog\/area-tecnica-da-aneel-rejeita-pedido-da-eletrobras-sobre-tust-que-pode-impactar-empresa-em-r-347-bi\/\"},\"wordCount\":662,\"publisher\":{\"@id\":\"https:\/\/agenciainfra.com\/blog\/#organization\"},\"image\":{\"@id\":\"https:\/\/agenciainfra.com\/blog\/area-tecnica-da-aneel-rejeita-pedido-da-eletrobras-sobre-tust-que-pode-impactar-empresa-em-r-347-bi\/#primaryimage\"},\"thumbnailUrl\":\"https:\/\/agenciainfra.com\/blog\/wp-content\/uploads\/2022\/09\/eletrobras-foto-fernando-frazao-agencia-brasil.jpeg\",\"keywords\":[\"ANEEL\",\"Eletrobras\",\"energia el\u00e9trica\",\"Fernando Mosna\",\"Geraldo Campos Jr.\",\"Marisa Wanzeller\",\"reuni\u00e3o da aneel\",\"Tarifa\",\"tarifas de energia\",\"Tust\"],\"articleSection\":[\"Destaque lista\",\"Geral\",\"iNFRAEnergia\"],\"inLanguage\":\"pt-BR\",\"copyrightYear\":\"2024\",\"copyrightHolder\":{\"@id\":\"https:\/\/agenciainfra.com\/blog\/#organization\"}},{\"@type\":\"WebPage\",\"@id\":\"https:\/\/agenciainfra.com\/blog\/area-tecnica-da-aneel-rejeita-pedido-da-eletrobras-sobre-tust-que-pode-impactar-empresa-em-r-347-bi\/\",\"url\":\"https:\/\/agenciainfra.com\/blog\/area-tecnica-da-aneel-rejeita-pedido-da-eletrobras-sobre-tust-que-pode-impactar-empresa-em-r-347-bi\/\",\"name\":\"\u00c1rea t\u00e9cnica da ANEEL rejeita pedido da Eletrobras sobre TUST que pode impactar empresa em R$ 3,47 bi - Ag\u00eancia iNFRA\",\"isPartOf\":{\"@id\":\"https:\/\/agenciainfra.com\/blog\/#website\"},\"primaryImageOfPage\":{\"@id\":\"https:\/\/agenciainfra.com\/blog\/area-tecnica-da-aneel-rejeita-pedido-da-eletrobras-sobre-tust-que-pode-impactar-empresa-em-r-347-bi\/#primaryimage\"},\"image\":{\"@id\":\"https:\/\/agenciainfra.com\/blog\/area-tecnica-da-aneel-rejeita-pedido-da-eletrobras-sobre-tust-que-pode-impactar-empresa-em-r-347-bi\/#primaryimage\"},\"thumbnailUrl\":\"https:\/\/agenciainfra.com\/blog\/wp-content\/uploads\/2022\/09\/eletrobras-foto-fernando-frazao-agencia-brasil.jpeg\",\"datePublished\":\"2024-11-19T11:00:00+00:00\",\"dateModified\":\"2024-11-19T13:53:16+00:00\",\"breadcrumb\":{\"@id\":\"https:\/\/agenciainfra.com\/blog\/area-tecnica-da-aneel-rejeita-pedido-da-eletrobras-sobre-tust-que-pode-impactar-empresa-em-r-347-bi\/#breadcrumb\"},\"inLanguage\":\"pt-BR\",\"potentialAction\":[{\"@type\":\"ReadAction\",\"target\":[\"https:\/\/agenciainfra.com\/blog\/area-tecnica-da-aneel-rejeita-pedido-da-eletrobras-sobre-tust-que-pode-impactar-empresa-em-r-347-bi\/\"]}]},{\"@type\":\"ImageObject\",\"inLanguage\":\"pt-BR\",\"@id\":\"https:\/\/agenciainfra.com\/blog\/area-tecnica-da-aneel-rejeita-pedido-da-eletrobras-sobre-tust-que-pode-impactar-empresa-em-r-347-bi\/#primaryimage\",\"url\":\"https:\/\/agenciainfra.com\/blog\/wp-content\/uploads\/2022\/09\/eletrobras-foto-fernando-frazao-agencia-brasil.jpeg\",\"contentUrl\":\"https:\/\/agenciainfra.com\/blog\/wp-content\/uploads\/2022\/09\/eletrobras-foto-fernando-frazao-agencia-brasil.jpeg\",\"width\":1280,\"height\":766,\"caption\":\"Foto: Fernando Fraz\u00e3o\/Ag\u00eancia Brasil\"},{\"@type\":\"BreadcrumbList\",\"@id\":\"https:\/\/agenciainfra.com\/blog\/area-tecnica-da-aneel-rejeita-pedido-da-eletrobras-sobre-tust-que-pode-impactar-empresa-em-r-347-bi\/#breadcrumb\",\"itemListElement\":[{\"@type\":\"ListItem\",\"position\":1,\"name\":\"In\u00edcio\",\"item\":\"https:\/\/agenciainfra.com\/blog\/\"},{\"@type\":\"ListItem\",\"position\":2,\"name\":\"\u00c1rea t\u00e9cnica da ANEEL rejeita pedido da Eletrobras sobre TUST que pode impactar empresa em R$ 3,47 bi\"}]},{\"@type\":\"WebSite\",\"@id\":\"https:\/\/agenciainfra.com\/blog\/#website\",\"url\":\"https:\/\/agenciainfra.com\/blog\/\",\"name\":\"Ag\u00eancia iNFRA\",\"description\":\"Multiplataforma de informa\u00e7\u00e3o jornal\u00edstica refer\u00eancia na \u00e1rea de infraestrutura no Brasil!\",\"publisher\":{\"@id\":\"https:\/\/agenciainfra.com\/blog\/#organization\"},\"potentialAction\":[{\"@type\":\"SearchAction\",\"target\":{\"@type\":\"EntryPoint\",\"urlTemplate\":\"https:\/\/agenciainfra.com\/blog\/?s={search_term_string}\"},\"query-input\":{\"@type\":\"PropertyValueSpecification\",\"valueRequired\":true,\"valueName\":\"search_term_string\"}}],\"inLanguage\":\"pt-BR\"},{\"@type\":\"Organization\",\"@id\":\"https:\/\/agenciainfra.com\/blog\/#organization\",\"name\":\"Ag\u00eancia iNFRA\",\"url\":\"https:\/\/agenciainfra.com\/blog\/\",\"logo\":{\"@type\":\"ImageObject\",\"inLanguage\":\"pt-BR\",\"@id\":\"https:\/\/agenciainfra.com\/blog\/#\/schema\/logo\/image\/\",\"url\":\"https:\/\/agenciainfra.com\/blog\/wp-content\/uploads\/2023\/09\/iNFRA_5-e1761735885940.png\",\"contentUrl\":\"https:\/\/agenciainfra.com\/blog\/wp-content\/uploads\/2023\/09\/iNFRA_5-e1761735885940.png\",\"width\":1672,\"height\":454,\"caption\":\"Ag\u00eancia iNFRA\"},\"image\":{\"@id\":\"https:\/\/agenciainfra.com\/blog\/#\/schema\/logo\/image\/\"},\"sameAs\":[\"https:\/\/www.facebook.com\/ageninfra\",\"https:\/\/x.com\/agencia_infra\",\"https:\/\/www.linkedin.com\/company\/ag\u00eanciainfra\/\",\"https:\/\/www.instagram.com\/agenciainfra\/\"]},{\"@type\":\"Person\",\"@id\":\"https:\/\/agenciainfra.com\/blog\/#\/schema\/person\/34af08dff6adea4cb22b06612ba7acfa\",\"name\":\"Ag\u00eancia iNFRA\",\"image\":{\"@type\":\"ImageObject\",\"inLanguage\":\"pt-BR\",\"@id\":\"https:\/\/agenciainfra.com\/blog\/#\/schema\/person\/image\/\",\"url\":\"https:\/\/secure.gravatar.com\/avatar\/d189e01678f06d8eb84d4e01f08eb848b3fffe3f8443818d3c356c66892f5be8?s=96&d=mm&r=g\",\"contentUrl\":\"https:\/\/secure.gravatar.com\/avatar\/d189e01678f06d8eb84d4e01f08eb848b3fffe3f8443818d3c356c66892f5be8?s=96&d=mm&r=g\",\"caption\":\"Ag\u00eancia iNFRA\"},\"url\":\"https:\/\/agenciainfra.com\/blog\/author\/admin\/\"}]}<\/script>\n<!-- \/ Yoast SEO Premium plugin. -->","yoast_head_json":{"title":"\u00c1rea t\u00e9cnica da ANEEL rejeita pedido da Eletrobras sobre TUST que pode impactar empresa em R$ 3,47 bi - Ag\u00eancia iNFRA","robots":{"index":"index","follow":"follow","max-snippet":"max-snippet:-1","max-image-preview":"max-image-preview:large","max-video-preview":"max-video-preview:-1"},"canonical":"https:\/\/agenciainfra.com\/blog\/area-tecnica-da-aneel-rejeita-pedido-da-eletrobras-sobre-tust-que-pode-impactar-empresa-em-r-347-bi\/","og_locale":"pt_BR","og_type":"article","og_title":"\u00c1rea t\u00e9cnica da ANEEL rejeita pedido da Eletrobras sobre TUST que pode impactar empresa em R$ 3,47 bi","og_description":"Marisa Wanzeller e Geraldo Campos Jr., da Ag\u00eancia iNFRA \u00c1reas t\u00e9cnicas da ANEEL (Ag\u00eancia Nacional de Energia El\u00e9trica) sugerem que a diretoria negue o recurso da Eletrobras para ter direito \u00e0 estabiliza\u00e7\u00e3o da TUST (Tarifa de Uso do Sistema de Transmiss\u00e3o) por dez ciclos tarif\u00e1rios. Segundo o parecer, a fixa\u00e7\u00e3o dos valores provocaria um impacto [&hellip;]","og_url":"https:\/\/agenciainfra.com\/blog\/area-tecnica-da-aneel-rejeita-pedido-da-eletrobras-sobre-tust-que-pode-impactar-empresa-em-r-347-bi\/","og_site_name":"Ag\u00eancia iNFRA","article_publisher":"https:\/\/www.facebook.com\/ageninfra","article_published_time":"2024-11-19T11:00:00+00:00","article_modified_time":"2024-11-19T13:53:16+00:00","og_image":[{"width":1280,"height":766,"url":"https:\/\/agenciainfra.com\/blog\/wp-content\/uploads\/2022\/09\/eletrobras-foto-fernando-frazao-agencia-brasil.jpeg","type":"image\/jpeg"}],"author":"Ag\u00eancia iNFRA","twitter_card":"summary_large_image","twitter_creator":"@agencia_infra","twitter_site":"@agencia_infra","twitter_misc":{"Escrito por":"Ag\u00eancia iNFRA","Est. tempo de leitura":"3 minutos"},"schema":{"@context":"https:\/\/schema.org","@graph":[{"@type":"Article","@id":"https:\/\/agenciainfra.com\/blog\/area-tecnica-da-aneel-rejeita-pedido-da-eletrobras-sobre-tust-que-pode-impactar-empresa-em-r-347-bi\/#article","isPartOf":{"@id":"https:\/\/agenciainfra.com\/blog\/area-tecnica-da-aneel-rejeita-pedido-da-eletrobras-sobre-tust-que-pode-impactar-empresa-em-r-347-bi\/"},"author":{"name":"Ag\u00eancia iNFRA","@id":"https:\/\/agenciainfra.com\/blog\/#\/schema\/person\/34af08dff6adea4cb22b06612ba7acfa"},"headline":"\u00c1rea t\u00e9cnica da ANEEL rejeita pedido da Eletrobras sobre TUST que pode impactar empresa em R$ 3,47 bi","datePublished":"2024-11-19T11:00:00+00:00","dateModified":"2024-11-19T13:53:16+00:00","mainEntityOfPage":{"@id":"https:\/\/agenciainfra.com\/blog\/area-tecnica-da-aneel-rejeita-pedido-da-eletrobras-sobre-tust-que-pode-impactar-empresa-em-r-347-bi\/"},"wordCount":662,"publisher":{"@id":"https:\/\/agenciainfra.com\/blog\/#organization"},"image":{"@id":"https:\/\/agenciainfra.com\/blog\/area-tecnica-da-aneel-rejeita-pedido-da-eletrobras-sobre-tust-que-pode-impactar-empresa-em-r-347-bi\/#primaryimage"},"thumbnailUrl":"https:\/\/agenciainfra.com\/blog\/wp-content\/uploads\/2022\/09\/eletrobras-foto-fernando-frazao-agencia-brasil.jpeg","keywords":["ANEEL","Eletrobras","energia el\u00e9trica","Fernando Mosna","Geraldo Campos Jr.","Marisa Wanzeller","reuni\u00e3o da aneel","Tarifa","tarifas de energia","Tust"],"articleSection":["Destaque lista","Geral","iNFRAEnergia"],"inLanguage":"pt-BR","copyrightYear":"2024","copyrightHolder":{"@id":"https:\/\/agenciainfra.com\/blog\/#organization"}},{"@type":"WebPage","@id":"https:\/\/agenciainfra.com\/blog\/area-tecnica-da-aneel-rejeita-pedido-da-eletrobras-sobre-tust-que-pode-impactar-empresa-em-r-347-bi\/","url":"https:\/\/agenciainfra.com\/blog\/area-tecnica-da-aneel-rejeita-pedido-da-eletrobras-sobre-tust-que-pode-impactar-empresa-em-r-347-bi\/","name":"\u00c1rea t\u00e9cnica da ANEEL rejeita pedido da Eletrobras sobre TUST que pode impactar empresa em R$ 3,47 bi - Ag\u00eancia iNFRA","isPartOf":{"@id":"https:\/\/agenciainfra.com\/blog\/#website"},"primaryImageOfPage":{"@id":"https:\/\/agenciainfra.com\/blog\/area-tecnica-da-aneel-rejeita-pedido-da-eletrobras-sobre-tust-que-pode-impactar-empresa-em-r-347-bi\/#primaryimage"},"image":{"@id":"https:\/\/agenciainfra.com\/blog\/area-tecnica-da-aneel-rejeita-pedido-da-eletrobras-sobre-tust-que-pode-impactar-empresa-em-r-347-bi\/#primaryimage"},"thumbnailUrl":"https:\/\/agenciainfra.com\/blog\/wp-content\/uploads\/2022\/09\/eletrobras-foto-fernando-frazao-agencia-brasil.jpeg","datePublished":"2024-11-19T11:00:00+00:00","dateModified":"2024-11-19T13:53:16+00:00","breadcrumb":{"@id":"https:\/\/agenciainfra.com\/blog\/area-tecnica-da-aneel-rejeita-pedido-da-eletrobras-sobre-tust-que-pode-impactar-empresa-em-r-347-bi\/#breadcrumb"},"inLanguage":"pt-BR","potentialAction":[{"@type":"ReadAction","target":["https:\/\/agenciainfra.com\/blog\/area-tecnica-da-aneel-rejeita-pedido-da-eletrobras-sobre-tust-que-pode-impactar-empresa-em-r-347-bi\/"]}]},{"@type":"ImageObject","inLanguage":"pt-BR","@id":"https:\/\/agenciainfra.com\/blog\/area-tecnica-da-aneel-rejeita-pedido-da-eletrobras-sobre-tust-que-pode-impactar-empresa-em-r-347-bi\/#primaryimage","url":"https:\/\/agenciainfra.com\/blog\/wp-content\/uploads\/2022\/09\/eletrobras-foto-fernando-frazao-agencia-brasil.jpeg","contentUrl":"https:\/\/agenciainfra.com\/blog\/wp-content\/uploads\/2022\/09\/eletrobras-foto-fernando-frazao-agencia-brasil.jpeg","width":1280,"height":766,"caption":"Foto: Fernando Fraz\u00e3o\/Ag\u00eancia Brasil"},{"@type":"BreadcrumbList","@id":"https:\/\/agenciainfra.com\/blog\/area-tecnica-da-aneel-rejeita-pedido-da-eletrobras-sobre-tust-que-pode-impactar-empresa-em-r-347-bi\/#breadcrumb","itemListElement":[{"@type":"ListItem","position":1,"name":"In\u00edcio","item":"https:\/\/agenciainfra.com\/blog\/"},{"@type":"ListItem","position":2,"name":"\u00c1rea t\u00e9cnica da ANEEL rejeita pedido da Eletrobras sobre TUST que pode impactar empresa em R$ 3,47 bi"}]},{"@type":"WebSite","@id":"https:\/\/agenciainfra.com\/blog\/#website","url":"https:\/\/agenciainfra.com\/blog\/","name":"Ag\u00eancia iNFRA","description":"Multiplataforma de informa\u00e7\u00e3o jornal\u00edstica refer\u00eancia na \u00e1rea de infraestrutura no Brasil!","publisher":{"@id":"https:\/\/agenciainfra.com\/blog\/#organization"},"potentialAction":[{"@type":"SearchAction","target":{"@type":"EntryPoint","urlTemplate":"https:\/\/agenciainfra.com\/blog\/?s={search_term_string}"},"query-input":{"@type":"PropertyValueSpecification","valueRequired":true,"valueName":"search_term_string"}}],"inLanguage":"pt-BR"},{"@type":"Organization","@id":"https:\/\/agenciainfra.com\/blog\/#organization","name":"Ag\u00eancia iNFRA","url":"https:\/\/agenciainfra.com\/blog\/","logo":{"@type":"ImageObject","inLanguage":"pt-BR","@id":"https:\/\/agenciainfra.com\/blog\/#\/schema\/logo\/image\/","url":"https:\/\/agenciainfra.com\/blog\/wp-content\/uploads\/2023\/09\/iNFRA_5-e1761735885940.png","contentUrl":"https:\/\/agenciainfra.com\/blog\/wp-content\/uploads\/2023\/09\/iNFRA_5-e1761735885940.png","width":1672,"height":454,"caption":"Ag\u00eancia iNFRA"},"image":{"@id":"https:\/\/agenciainfra.com\/blog\/#\/schema\/logo\/image\/"},"sameAs":["https:\/\/www.facebook.com\/ageninfra","https:\/\/x.com\/agencia_infra","https:\/\/www.linkedin.com\/company\/ag\u00eanciainfra\/","https:\/\/www.instagram.com\/agenciainfra\/"]},{"@type":"Person","@id":"https:\/\/agenciainfra.com\/blog\/#\/schema\/person\/34af08dff6adea4cb22b06612ba7acfa","name":"Ag\u00eancia iNFRA","image":{"@type":"ImageObject","inLanguage":"pt-BR","@id":"https:\/\/agenciainfra.com\/blog\/#\/schema\/person\/image\/","url":"https:\/\/secure.gravatar.com\/avatar\/d189e01678f06d8eb84d4e01f08eb848b3fffe3f8443818d3c356c66892f5be8?s=96&d=mm&r=g","contentUrl":"https:\/\/secure.gravatar.com\/avatar\/d189e01678f06d8eb84d4e01f08eb848b3fffe3f8443818d3c356c66892f5be8?s=96&d=mm&r=g","caption":"Ag\u00eancia iNFRA"},"url":"https:\/\/agenciainfra.com\/blog\/author\/admin\/"}]}},"_links":{"self":[{"href":"https:\/\/agenciainfra.com\/blog\/wp-json\/wp\/v2\/posts\/19285","targetHints":{"allow":["GET"]}}],"collection":[{"href":"https:\/\/agenciainfra.com\/blog\/wp-json\/wp\/v2\/posts"}],"about":[{"href":"https:\/\/agenciainfra.com\/blog\/wp-json\/wp\/v2\/types\/post"}],"author":[{"embeddable":true,"href":"https:\/\/agenciainfra.com\/blog\/wp-json\/wp\/v2\/users\/1"}],"replies":[{"embeddable":true,"href":"https:\/\/agenciainfra.com\/blog\/wp-json\/wp\/v2\/comments?post=19285"}],"version-history":[{"count":1,"href":"https:\/\/agenciainfra.com\/blog\/wp-json\/wp\/v2\/posts\/19285\/revisions"}],"predecessor-version":[{"id":19286,"href":"https:\/\/agenciainfra.com\/blog\/wp-json\/wp\/v2\/posts\/19285\/revisions\/19286"}],"wp:featuredmedia":[{"embeddable":true,"href":"https:\/\/agenciainfra.com\/blog\/wp-json\/wp\/v2\/media\/11428"}],"wp:attachment":[{"href":"https:\/\/agenciainfra.com\/blog\/wp-json\/wp\/v2\/media?parent=19285"}],"wp:term":[{"taxonomy":"category","embeddable":true,"href":"https:\/\/agenciainfra.com\/blog\/wp-json\/wp\/v2\/categories?post=19285"},{"taxonomy":"post_tag","embeddable":true,"href":"https:\/\/agenciainfra.com\/blog\/wp-json\/wp\/v2\/tags?post=19285"}],"curies":[{"name":"wp","href":"https:\/\/api.w.org\/{rel}","templated":true}]}}