{"id":19287,"date":"2024-11-19T09:00:00","date_gmt":"2024-11-19T12:00:00","guid":{"rendered":"https:\/\/agenciainfra.com\/blog\/?p=19287"},"modified":"2024-11-21T06:00:50","modified_gmt":"2024-11-21T09:00:50","slug":"ministro-alexandre-silveira-diz-que-alertou-premie-da-italia-sobre-chance-de-nao-renovacao-de-concessoes-da-enel","status":"publish","type":"post","link":"https:\/\/agenciainfra.com\/blog\/ministro-alexandre-silveira-diz-que-alertou-premie-da-italia-sobre-chance-de-nao-renovacao-de-concessoes-da-enel\/","title":{"rendered":"Ministro Alexandre Silveira diz que alertou premi\u00ea da It\u00e1lia sobre chance de n\u00e3o renova\u00e7\u00e3o de concess\u00f5es da Enel"},"content":{"rendered":"\n<p class=\"has-text-align-right\"><strong>Geraldo Campos Jr., da Ag\u00eancia iNFRA<\/strong><\/p>\n\n\n\n<p>O ministro de Minas e Energia, Alexandre Silveira, afirmou nesta segunda-feira (18) que alertou a primeira-ministra da It\u00e1lia, Giorgia Meloni, de que a Enel pode n\u00e3o ter suas concess\u00f5es renovadas no Brasil. O \u201cesclarecimento\u201d, segundo ele, foi uma esp\u00e9cie de \u201ccart\u00e3o amarelo quase j\u00e1 avermelhando\u201d para a distribuidora, que \u00e9 controlada pelo governo italiano.<\/p>\n\n\n\n<p>\u201cEsclareci \u00e0 primeira-ministra Meloni e ao ministro da Economia (&#8230;) que para ter acesso a essa renova\u00e7\u00e3o as empresas precisam cumprir regras objetivas. E que a Enel deixava muito a desejar na presta\u00e7\u00e3o do servi\u00e7o\u201d, afirmou, referindo-se \u00e0 reuni\u00e3o bilateral realizada no domingo (17), no Rio de Janeiro, entre o presidente Lula, a primeira-ministra Meloni e integrantes dos dois governos.<\/p>\n\n\n\n<p>O ministro disse que foi uma conversa objetiva, destacando a necessidade de avan\u00e7os na melhoria do servi\u00e7o prestado pela empresa. Afirmou ainda que \u201cprecisava ter essa franqueza\u201d com a primeira-ministra italiana e que o governo \u201cn\u00e3o abrir\u00e1 m\u00e3o de qualidade na presta\u00e7\u00e3o dos servi\u00e7os das distribuidoras\u201d.<\/p>\n\n\n\n<p>\u201cFiz uma observa\u00e7\u00e3o de uma constata\u00e7\u00e3o dos nossos t\u00e9cnicos do minist\u00e9rio e da pr\u00f3pria ANEEL (Ag\u00eancia Nacional de Energia El\u00e9trica) de que h\u00e1 uma centraliza\u00e7\u00e3o decis\u00f3ria muito grande da Enel na It\u00e1lia, o que dificulta uma possibilidade mais c\u00e9lere de resposta em eventos como o que aconteceu em S\u00e3o Paulo e mais recentemente no Rio de Janeiro\u201d, disse.&nbsp;<\/p>\n\n\n\n<p>Ainda segundo Silveira, Meloni entendeu os argumentos brasileiros, ficou de tratar sobre o tema com a Enel na sua volta para a It\u00e1lia e dar uma resposta oficial e diplom\u00e1tica ao Brasil posteriormente.<\/p>\n","protected":false},"excerpt":{"rendered":"<p>Geraldo Campos Jr., da Ag\u00eancia iNFRA O ministro de Minas e Energia, Alexandre Silveira, afirmou nesta segunda-feira (18) que alertou a primeira-ministra da It\u00e1lia, Giorgia Meloni, de que a Enel pode n\u00e3o ter suas concess\u00f5es renovadas no Brasil. O \u201cesclarecimento\u201d, segundo ele, foi uma esp\u00e9cie de \u201ccart\u00e3o amarelo quase j\u00e1 avermelhando\u201d para a distribuidora, que [&hellip;]<\/p>\n","protected":false},"author":1,"featured_media":14215,"comment_status":"closed","ping_status":"closed","sticky":false,"template":"","format":"standard","meta":{"_monsterinsights_skip_tracking":false,"_monsterinsights_sitenote_active":false,"_monsterinsights_sitenote_note":"","_monsterinsights_sitenote_category":0,"footnotes":""},"categories":[9714,1,10],"tags":[6040,11765,616,7090,8475,969,11594,11535],"class_list":["post-19287","post","type-post","status-publish","format-standard","has-post-thumbnail","hentry","category-destaque-menor","category-geral","category-infraenergia","tag-alexandre-silveira","tag-concessao-da-enel","tag-enel","tag-enel-rio","tag-enel-sao-paulo","tag-g20","tag-geraldo-campos-jr","tag-renovacao-de-concessao"],"yoast_head":"<!-- This site is optimized with the Yoast SEO Premium plugin v25.4 (Yoast SEO v26.0) - https:\/\/yoast.com\/wordpress\/plugins\/seo\/ -->\n<title>Ministro Alexandre Silveira diz que alertou premi\u00ea da It\u00e1lia sobre chance de n\u00e3o renova\u00e7\u00e3o de concess\u00f5es da Enel - Ag\u00eancia iNFRA<\/title>\n<meta name=\"robots\" content=\"index, follow, max-snippet:-1, max-image-preview:large, max-video-preview:-1\" \/>\n<link rel=\"canonical\" href=\"https:\/\/agenciainfra.com\/blog\/ministro-alexandre-silveira-diz-que-alertou-premie-da-italia-sobre-chance-de-nao-renovacao-de-concessoes-da-enel\/\" \/>\n<meta property=\"og:locale\" content=\"pt_BR\" \/>\n<meta property=\"og:type\" content=\"article\" \/>\n<meta property=\"og:title\" content=\"Ministro Alexandre Silveira diz que alertou premi\u00ea da It\u00e1lia sobre chance de n\u00e3o renova\u00e7\u00e3o de concess\u00f5es da Enel\" \/>\n<meta property=\"og:description\" content=\"Geraldo Campos Jr., da Ag\u00eancia iNFRA O ministro de Minas e Energia, Alexandre Silveira, afirmou nesta segunda-feira (18) que alertou a primeira-ministra da It\u00e1lia, Giorgia Meloni, de que a Enel pode n\u00e3o ter suas concess\u00f5es renovadas no Brasil. O \u201cesclarecimento\u201d, segundo ele, foi uma esp\u00e9cie de \u201ccart\u00e3o amarelo quase j\u00e1 avermelhando\u201d para a distribuidora, que [&hellip;]\" \/>\n<meta property=\"og:url\" content=\"https:\/\/agenciainfra.com\/blog\/ministro-alexandre-silveira-diz-que-alertou-premie-da-italia-sobre-chance-de-nao-renovacao-de-concessoes-da-enel\/\" \/>\n<meta property=\"og:site_name\" content=\"Ag\u00eancia iNFRA\" \/>\n<meta property=\"article:publisher\" content=\"https:\/\/www.facebook.com\/ageninfra\" \/>\n<meta property=\"article:published_time\" content=\"2024-11-19T12:00:00+00:00\" \/>\n<meta property=\"article:modified_time\" content=\"2024-11-21T09:00:50+00:00\" \/>\n<meta property=\"og:image\" content=\"https:\/\/agenciainfra.com\/blog\/wp-content\/uploads\/2023\/09\/alexandre-silveira-foto-antonio-cruz-agencia-brasil.jpg\" \/>\n\t<meta property=\"og:image:width\" content=\"1202\" \/>\n\t<meta property=\"og:image:height\" content=\"845\" \/>\n\t<meta property=\"og:image:type\" content=\"image\/jpeg\" \/>\n<meta name=\"author\" content=\"Ag\u00eancia iNFRA\" \/>\n<meta name=\"twitter:card\" content=\"summary_large_image\" \/>\n<meta name=\"twitter:creator\" content=\"@agencia_infra\" \/>\n<meta name=\"twitter:site\" content=\"@agencia_infra\" \/>\n<meta name=\"twitter:label1\" content=\"Escrito por\" \/>\n\t<meta name=\"twitter:data1\" content=\"Ag\u00eancia iNFRA\" \/>\n\t<meta name=\"twitter:label2\" content=\"Est. tempo de leitura\" \/>\n\t<meta name=\"twitter:data2\" content=\"1 minuto\" \/>\n<script type=\"application\/ld+json\" class=\"yoast-schema-graph\">{\"@context\":\"https:\/\/schema.org\",\"@graph\":[{\"@type\":\"Article\",\"@id\":\"https:\/\/agenciainfra.com\/blog\/ministro-alexandre-silveira-diz-que-alertou-premie-da-italia-sobre-chance-de-nao-renovacao-de-concessoes-da-enel\/#article\",\"isPartOf\":{\"@id\":\"https:\/\/agenciainfra.com\/blog\/ministro-alexandre-silveira-diz-que-alertou-premie-da-italia-sobre-chance-de-nao-renovacao-de-concessoes-da-enel\/\"},\"author\":{\"name\":\"Ag\u00eancia iNFRA\",\"@id\":\"https:\/\/agenciainfra.com\/blog\/#\/schema\/person\/34af08dff6adea4cb22b06612ba7acfa\"},\"headline\":\"Ministro Alexandre Silveira diz que alertou premi\u00ea da It\u00e1lia sobre chance de n\u00e3o renova\u00e7\u00e3o de concess\u00f5es da Enel\",\"datePublished\":\"2024-11-19T12:00:00+00:00\",\"dateModified\":\"2024-11-21T09:00:50+00:00\",\"mainEntityOfPage\":{\"@id\":\"https:\/\/agenciainfra.com\/blog\/ministro-alexandre-silveira-diz-que-alertou-premie-da-italia-sobre-chance-de-nao-renovacao-de-concessoes-da-enel\/\"},\"wordCount\":304,\"publisher\":{\"@id\":\"https:\/\/agenciainfra.com\/blog\/#organization\"},\"image\":{\"@id\":\"https:\/\/agenciainfra.com\/blog\/ministro-alexandre-silveira-diz-que-alertou-premie-da-italia-sobre-chance-de-nao-renovacao-de-concessoes-da-enel\/#primaryimage\"},\"thumbnailUrl\":\"https:\/\/agenciainfra.com\/blog\/wp-content\/uploads\/2023\/09\/alexandre-silveira-foto-antonio-cruz-agencia-brasil-e1747921409569.jpg\",\"keywords\":[\"Alexandre Silveira\",\"concess\u00e3o da enel\",\"Enel\",\"Enel Rio\",\"Enel S\u00e3o Paulo\",\"G20\",\"Geraldo Campos Jr.\",\"Renova\u00e7\u00e3o de concess\u00e3o\"],\"articleSection\":[\"Destaque Menor\",\"Geral\",\"iNFRAEnergia\"],\"inLanguage\":\"pt-BR\",\"copyrightYear\":\"2024\",\"copyrightHolder\":{\"@id\":\"https:\/\/agenciainfra.com\/blog\/#organization\"}},{\"@type\":\"WebPage\",\"@id\":\"https:\/\/agenciainfra.com\/blog\/ministro-alexandre-silveira-diz-que-alertou-premie-da-italia-sobre-chance-de-nao-renovacao-de-concessoes-da-enel\/\",\"url\":\"https:\/\/agenciainfra.com\/blog\/ministro-alexandre-silveira-diz-que-alertou-premie-da-italia-sobre-chance-de-nao-renovacao-de-concessoes-da-enel\/\",\"name\":\"Ministro Alexandre Silveira diz que alertou premi\u00ea da It\u00e1lia sobre chance de n\u00e3o renova\u00e7\u00e3o de concess\u00f5es da Enel - Ag\u00eancia iNFRA\",\"isPartOf\":{\"@id\":\"https:\/\/agenciainfra.com\/blog\/#website\"},\"primaryImageOfPage\":{\"@id\":\"https:\/\/agenciainfra.com\/blog\/ministro-alexandre-silveira-diz-que-alertou-premie-da-italia-sobre-chance-de-nao-renovacao-de-concessoes-da-enel\/#primaryimage\"},\"image\":{\"@id\":\"https:\/\/agenciainfra.com\/blog\/ministro-alexandre-silveira-diz-que-alertou-premie-da-italia-sobre-chance-de-nao-renovacao-de-concessoes-da-enel\/#primaryimage\"},\"thumbnailUrl\":\"https:\/\/agenciainfra.com\/blog\/wp-content\/uploads\/2023\/09\/alexandre-silveira-foto-antonio-cruz-agencia-brasil-e1747921409569.jpg\",\"datePublished\":\"2024-11-19T12:00:00+00:00\",\"dateModified\":\"2024-11-21T09:00:50+00:00\",\"breadcrumb\":{\"@id\":\"https:\/\/agenciainfra.com\/blog\/ministro-alexandre-silveira-diz-que-alertou-premie-da-italia-sobre-chance-de-nao-renovacao-de-concessoes-da-enel\/#breadcrumb\"},\"inLanguage\":\"pt-BR\",\"potentialAction\":[{\"@type\":\"ReadAction\",\"target\":[\"https:\/\/agenciainfra.com\/blog\/ministro-alexandre-silveira-diz-que-alertou-premie-da-italia-sobre-chance-de-nao-renovacao-de-concessoes-da-enel\/\"]}]},{\"@type\":\"ImageObject\",\"inLanguage\":\"pt-BR\",\"@id\":\"https:\/\/agenciainfra.com\/blog\/ministro-alexandre-silveira-diz-que-alertou-premie-da-italia-sobre-chance-de-nao-renovacao-de-concessoes-da-enel\/#primaryimage\",\"url\":\"https:\/\/agenciainfra.com\/blog\/wp-content\/uploads\/2023\/09\/alexandre-silveira-foto-antonio-cruz-agencia-brasil-e1747921409569.jpg\",\"contentUrl\":\"https:\/\/agenciainfra.com\/blog\/wp-content\/uploads\/2023\/09\/alexandre-silveira-foto-antonio-cruz-agencia-brasil-e1747921409569.jpg\",\"width\":1202,\"height\":715},{\"@type\":\"BreadcrumbList\",\"@id\":\"https:\/\/agenciainfra.com\/blog\/ministro-alexandre-silveira-diz-que-alertou-premie-da-italia-sobre-chance-de-nao-renovacao-de-concessoes-da-enel\/#breadcrumb\",\"itemListElement\":[{\"@type\":\"ListItem\",\"position\":1,\"name\":\"In\u00edcio\",\"item\":\"https:\/\/agenciainfra.com\/blog\/\"},{\"@type\":\"ListItem\",\"position\":2,\"name\":\"Ministro Alexandre Silveira diz que alertou premi\u00ea da It\u00e1lia sobre chance de n\u00e3o renova\u00e7\u00e3o de concess\u00f5es da Enel\"}]},{\"@type\":\"WebSite\",\"@id\":\"https:\/\/agenciainfra.com\/blog\/#website\",\"url\":\"https:\/\/agenciainfra.com\/blog\/\",\"name\":\"Ag\u00eancia iNFRA\",\"description\":\"Multiplataforma de informa\u00e7\u00e3o jornal\u00edstica refer\u00eancia na \u00e1rea de infraestrutura no Brasil!\",\"publisher\":{\"@id\":\"https:\/\/agenciainfra.com\/blog\/#organization\"},\"potentialAction\":[{\"@type\":\"SearchAction\",\"target\":{\"@type\":\"EntryPoint\",\"urlTemplate\":\"https:\/\/agenciainfra.com\/blog\/?s={search_term_string}\"},\"query-input\":{\"@type\":\"PropertyValueSpecification\",\"valueRequired\":true,\"valueName\":\"search_term_string\"}}],\"inLanguage\":\"pt-BR\"},{\"@type\":\"Organization\",\"@id\":\"https:\/\/agenciainfra.com\/blog\/#organization\",\"name\":\"Ag\u00eancia iNFRA\",\"url\":\"https:\/\/agenciainfra.com\/blog\/\",\"logo\":{\"@type\":\"ImageObject\",\"inLanguage\":\"pt-BR\",\"@id\":\"https:\/\/agenciainfra.com\/blog\/#\/schema\/logo\/image\/\",\"url\":\"https:\/\/agenciainfra.com\/blog\/wp-content\/uploads\/2023\/09\/iNFRA_5-e1761735885940.png\",\"contentUrl\":\"https:\/\/agenciainfra.com\/blog\/wp-content\/uploads\/2023\/09\/iNFRA_5-e1761735885940.png\",\"width\":1672,\"height\":454,\"caption\":\"Ag\u00eancia iNFRA\"},\"image\":{\"@id\":\"https:\/\/agenciainfra.com\/blog\/#\/schema\/logo\/image\/\"},\"sameAs\":[\"https:\/\/www.facebook.com\/ageninfra\",\"https:\/\/x.com\/agencia_infra\",\"https:\/\/www.linkedin.com\/company\/ag\u00eanciainfra\/\",\"https:\/\/www.instagram.com\/agenciainfra\/\"]},{\"@type\":\"Person\",\"@id\":\"https:\/\/agenciainfra.com\/blog\/#\/schema\/person\/34af08dff6adea4cb22b06612ba7acfa\",\"name\":\"Ag\u00eancia iNFRA\",\"image\":{\"@type\":\"ImageObject\",\"inLanguage\":\"pt-BR\",\"@id\":\"https:\/\/agenciainfra.com\/blog\/#\/schema\/person\/image\/\",\"url\":\"https:\/\/secure.gravatar.com\/avatar\/d189e01678f06d8eb84d4e01f08eb848b3fffe3f8443818d3c356c66892f5be8?s=96&d=mm&r=g\",\"contentUrl\":\"https:\/\/secure.gravatar.com\/avatar\/d189e01678f06d8eb84d4e01f08eb848b3fffe3f8443818d3c356c66892f5be8?s=96&d=mm&r=g\",\"caption\":\"Ag\u00eancia iNFRA\"},\"url\":\"https:\/\/agenciainfra.com\/blog\/author\/admin\/\"}]}<\/script>\n<!-- \/ Yoast SEO Premium plugin. -->","yoast_head_json":{"title":"Ministro Alexandre Silveira diz que alertou premi\u00ea da It\u00e1lia sobre chance de n\u00e3o renova\u00e7\u00e3o de concess\u00f5es da Enel - Ag\u00eancia iNFRA","robots":{"index":"index","follow":"follow","max-snippet":"max-snippet:-1","max-image-preview":"max-image-preview:large","max-video-preview":"max-video-preview:-1"},"canonical":"https:\/\/agenciainfra.com\/blog\/ministro-alexandre-silveira-diz-que-alertou-premie-da-italia-sobre-chance-de-nao-renovacao-de-concessoes-da-enel\/","og_locale":"pt_BR","og_type":"article","og_title":"Ministro Alexandre Silveira diz que alertou premi\u00ea da It\u00e1lia sobre chance de n\u00e3o renova\u00e7\u00e3o de concess\u00f5es da Enel","og_description":"Geraldo Campos Jr., da Ag\u00eancia iNFRA O ministro de Minas e Energia, Alexandre Silveira, afirmou nesta segunda-feira (18) que alertou a primeira-ministra da It\u00e1lia, Giorgia Meloni, de que a Enel pode n\u00e3o ter suas concess\u00f5es renovadas no Brasil. O \u201cesclarecimento\u201d, segundo ele, foi uma esp\u00e9cie de \u201ccart\u00e3o amarelo quase j\u00e1 avermelhando\u201d para a distribuidora, que [&hellip;]","og_url":"https:\/\/agenciainfra.com\/blog\/ministro-alexandre-silveira-diz-que-alertou-premie-da-italia-sobre-chance-de-nao-renovacao-de-concessoes-da-enel\/","og_site_name":"Ag\u00eancia iNFRA","article_publisher":"https:\/\/www.facebook.com\/ageninfra","article_published_time":"2024-11-19T12:00:00+00:00","article_modified_time":"2024-11-21T09:00:50+00:00","og_image":[{"width":1202,"height":845,"url":"https:\/\/agenciainfra.com\/blog\/wp-content\/uploads\/2023\/09\/alexandre-silveira-foto-antonio-cruz-agencia-brasil.jpg","type":"image\/jpeg"}],"author":"Ag\u00eancia iNFRA","twitter_card":"summary_large_image","twitter_creator":"@agencia_infra","twitter_site":"@agencia_infra","twitter_misc":{"Escrito por":"Ag\u00eancia iNFRA","Est. tempo de leitura":"1 minuto"},"schema":{"@context":"https:\/\/schema.org","@graph":[{"@type":"Article","@id":"https:\/\/agenciainfra.com\/blog\/ministro-alexandre-silveira-diz-que-alertou-premie-da-italia-sobre-chance-de-nao-renovacao-de-concessoes-da-enel\/#article","isPartOf":{"@id":"https:\/\/agenciainfra.com\/blog\/ministro-alexandre-silveira-diz-que-alertou-premie-da-italia-sobre-chance-de-nao-renovacao-de-concessoes-da-enel\/"},"author":{"name":"Ag\u00eancia iNFRA","@id":"https:\/\/agenciainfra.com\/blog\/#\/schema\/person\/34af08dff6adea4cb22b06612ba7acfa"},"headline":"Ministro Alexandre Silveira diz que alertou premi\u00ea da It\u00e1lia sobre chance de n\u00e3o renova\u00e7\u00e3o de concess\u00f5es da Enel","datePublished":"2024-11-19T12:00:00+00:00","dateModified":"2024-11-21T09:00:50+00:00","mainEntityOfPage":{"@id":"https:\/\/agenciainfra.com\/blog\/ministro-alexandre-silveira-diz-que-alertou-premie-da-italia-sobre-chance-de-nao-renovacao-de-concessoes-da-enel\/"},"wordCount":304,"publisher":{"@id":"https:\/\/agenciainfra.com\/blog\/#organization"},"image":{"@id":"https:\/\/agenciainfra.com\/blog\/ministro-alexandre-silveira-diz-que-alertou-premie-da-italia-sobre-chance-de-nao-renovacao-de-concessoes-da-enel\/#primaryimage"},"thumbnailUrl":"https:\/\/agenciainfra.com\/blog\/wp-content\/uploads\/2023\/09\/alexandre-silveira-foto-antonio-cruz-agencia-brasil-e1747921409569.jpg","keywords":["Alexandre Silveira","concess\u00e3o da enel","Enel","Enel Rio","Enel S\u00e3o Paulo","G20","Geraldo Campos Jr.","Renova\u00e7\u00e3o de concess\u00e3o"],"articleSection":["Destaque Menor","Geral","iNFRAEnergia"],"inLanguage":"pt-BR","copyrightYear":"2024","copyrightHolder":{"@id":"https:\/\/agenciainfra.com\/blog\/#organization"}},{"@type":"WebPage","@id":"https:\/\/agenciainfra.com\/blog\/ministro-alexandre-silveira-diz-que-alertou-premie-da-italia-sobre-chance-de-nao-renovacao-de-concessoes-da-enel\/","url":"https:\/\/agenciainfra.com\/blog\/ministro-alexandre-silveira-diz-que-alertou-premie-da-italia-sobre-chance-de-nao-renovacao-de-concessoes-da-enel\/","name":"Ministro Alexandre Silveira diz que alertou premi\u00ea da It\u00e1lia sobre chance de n\u00e3o renova\u00e7\u00e3o de concess\u00f5es da Enel - Ag\u00eancia iNFRA","isPartOf":{"@id":"https:\/\/agenciainfra.com\/blog\/#website"},"primaryImageOfPage":{"@id":"https:\/\/agenciainfra.com\/blog\/ministro-alexandre-silveira-diz-que-alertou-premie-da-italia-sobre-chance-de-nao-renovacao-de-concessoes-da-enel\/#primaryimage"},"image":{"@id":"https:\/\/agenciainfra.com\/blog\/ministro-alexandre-silveira-diz-que-alertou-premie-da-italia-sobre-chance-de-nao-renovacao-de-concessoes-da-enel\/#primaryimage"},"thumbnailUrl":"https:\/\/agenciainfra.com\/blog\/wp-content\/uploads\/2023\/09\/alexandre-silveira-foto-antonio-cruz-agencia-brasil-e1747921409569.jpg","datePublished":"2024-11-19T12:00:00+00:00","dateModified":"2024-11-21T09:00:50+00:00","breadcrumb":{"@id":"https:\/\/agenciainfra.com\/blog\/ministro-alexandre-silveira-diz-que-alertou-premie-da-italia-sobre-chance-de-nao-renovacao-de-concessoes-da-enel\/#breadcrumb"},"inLanguage":"pt-BR","potentialAction":[{"@type":"ReadAction","target":["https:\/\/agenciainfra.com\/blog\/ministro-alexandre-silveira-diz-que-alertou-premie-da-italia-sobre-chance-de-nao-renovacao-de-concessoes-da-enel\/"]}]},{"@type":"ImageObject","inLanguage":"pt-BR","@id":"https:\/\/agenciainfra.com\/blog\/ministro-alexandre-silveira-diz-que-alertou-premie-da-italia-sobre-chance-de-nao-renovacao-de-concessoes-da-enel\/#primaryimage","url":"https:\/\/agenciainfra.com\/blog\/wp-content\/uploads\/2023\/09\/alexandre-silveira-foto-antonio-cruz-agencia-brasil-e1747921409569.jpg","contentUrl":"https:\/\/agenciainfra.com\/blog\/wp-content\/uploads\/2023\/09\/alexandre-silveira-foto-antonio-cruz-agencia-brasil-e1747921409569.jpg","width":1202,"height":715},{"@type":"BreadcrumbList","@id":"https:\/\/agenciainfra.com\/blog\/ministro-alexandre-silveira-diz-que-alertou-premie-da-italia-sobre-chance-de-nao-renovacao-de-concessoes-da-enel\/#breadcrumb","itemListElement":[{"@type":"ListItem","position":1,"name":"In\u00edcio","item":"https:\/\/agenciainfra.com\/blog\/"},{"@type":"ListItem","position":2,"name":"Ministro Alexandre Silveira diz que alertou premi\u00ea da It\u00e1lia sobre chance de n\u00e3o renova\u00e7\u00e3o de concess\u00f5es da Enel"}]},{"@type":"WebSite","@id":"https:\/\/agenciainfra.com\/blog\/#website","url":"https:\/\/agenciainfra.com\/blog\/","name":"Ag\u00eancia iNFRA","description":"Multiplataforma de informa\u00e7\u00e3o jornal\u00edstica refer\u00eancia na \u00e1rea de infraestrutura no Brasil!","publisher":{"@id":"https:\/\/agenciainfra.com\/blog\/#organization"},"potentialAction":[{"@type":"SearchAction","target":{"@type":"EntryPoint","urlTemplate":"https:\/\/agenciainfra.com\/blog\/?s={search_term_string}"},"query-input":{"@type":"PropertyValueSpecification","valueRequired":true,"valueName":"search_term_string"}}],"inLanguage":"pt-BR"},{"@type":"Organization","@id":"https:\/\/agenciainfra.com\/blog\/#organization","name":"Ag\u00eancia iNFRA","url":"https:\/\/agenciainfra.com\/blog\/","logo":{"@type":"ImageObject","inLanguage":"pt-BR","@id":"https:\/\/agenciainfra.com\/blog\/#\/schema\/logo\/image\/","url":"https:\/\/agenciainfra.com\/blog\/wp-content\/uploads\/2023\/09\/iNFRA_5-e1761735885940.png","contentUrl":"https:\/\/agenciainfra.com\/blog\/wp-content\/uploads\/2023\/09\/iNFRA_5-e1761735885940.png","width":1672,"height":454,"caption":"Ag\u00eancia iNFRA"},"image":{"@id":"https:\/\/agenciainfra.com\/blog\/#\/schema\/logo\/image\/"},"sameAs":["https:\/\/www.facebook.com\/ageninfra","https:\/\/x.com\/agencia_infra","https:\/\/www.linkedin.com\/company\/ag\u00eanciainfra\/","https:\/\/www.instagram.com\/agenciainfra\/"]},{"@type":"Person","@id":"https:\/\/agenciainfra.com\/blog\/#\/schema\/person\/34af08dff6adea4cb22b06612ba7acfa","name":"Ag\u00eancia iNFRA","image":{"@type":"ImageObject","inLanguage":"pt-BR","@id":"https:\/\/agenciainfra.com\/blog\/#\/schema\/person\/image\/","url":"https:\/\/secure.gravatar.com\/avatar\/d189e01678f06d8eb84d4e01f08eb848b3fffe3f8443818d3c356c66892f5be8?s=96&d=mm&r=g","contentUrl":"https:\/\/secure.gravatar.com\/avatar\/d189e01678f06d8eb84d4e01f08eb848b3fffe3f8443818d3c356c66892f5be8?s=96&d=mm&r=g","caption":"Ag\u00eancia iNFRA"},"url":"https:\/\/agenciainfra.com\/blog\/author\/admin\/"}]}},"_links":{"self":[{"href":"https:\/\/agenciainfra.com\/blog\/wp-json\/wp\/v2\/posts\/19287","targetHints":{"allow":["GET"]}}],"collection":[{"href":"https:\/\/agenciainfra.com\/blog\/wp-json\/wp\/v2\/posts"}],"about":[{"href":"https:\/\/agenciainfra.com\/blog\/wp-json\/wp\/v2\/types\/post"}],"author":[{"embeddable":true,"href":"https:\/\/agenciainfra.com\/blog\/wp-json\/wp\/v2\/users\/1"}],"replies":[{"embeddable":true,"href":"https:\/\/agenciainfra.com\/blog\/wp-json\/wp\/v2\/comments?post=19287"}],"version-history":[{"count":1,"href":"https:\/\/agenciainfra.com\/blog\/wp-json\/wp\/v2\/posts\/19287\/revisions"}],"predecessor-version":[{"id":19288,"href":"https:\/\/agenciainfra.com\/blog\/wp-json\/wp\/v2\/posts\/19287\/revisions\/19288"}],"wp:featuredmedia":[{"embeddable":true,"href":"https:\/\/agenciainfra.com\/blog\/wp-json\/wp\/v2\/media\/14215"}],"wp:attachment":[{"href":"https:\/\/agenciainfra.com\/blog\/wp-json\/wp\/v2\/media?parent=19287"}],"wp:term":[{"taxonomy":"category","embeddable":true,"href":"https:\/\/agenciainfra.com\/blog\/wp-json\/wp\/v2\/categories?post=19287"},{"taxonomy":"post_tag","embeddable":true,"href":"https:\/\/agenciainfra.com\/blog\/wp-json\/wp\/v2\/tags?post=19287"}],"curies":[{"name":"wp","href":"https:\/\/api.w.org\/{rel}","templated":true}]}}