{"id":19319,"date":"2024-11-22T09:00:00","date_gmt":"2024-11-22T12:00:00","guid":{"rendered":"https:\/\/agenciainfra.com\/blog\/?p=19319"},"modified":"2024-11-22T12:46:00","modified_gmt":"2024-11-22T15:46:00","slug":"eolicas-offshore-senado-deve-votar-pl-na-proxima-semana-e-tendencia-e-que-jabutis-sejam-mantidos","status":"publish","type":"post","link":"https:\/\/agenciainfra.com\/blog\/eolicas-offshore-senado-deve-votar-pl-na-proxima-semana-e-tendencia-e-que-jabutis-sejam-mantidos\/","title":{"rendered":"Senado deve votar PL das E\u00f3licas Offshore na pr\u00f3xima semana e tend\u00eancia \u00e9 que &#8220;jabutis&#8221; sejam mantidos"},"content":{"rendered":"\n<p class=\"has-text-align-right\"><strong>Marisa Wanzeller e Leila Coimbra, da Ag\u00eancia iNFRA<\/strong><\/p>\n\n\n\n<p>O marco legal das e\u00f3licas offshore,&nbsp;<a href=\"https:\/\/www25.senado.leg.br\/web\/atividade\/materias\/-\/materia\/146793\" target=\"_blank\" rel=\"noreferrer noopener\">PL (Projeto de Lei) 576\/2021<\/a>, deve voltar a tramitar no Senado na pr\u00f3xima semana, ap\u00f3s quase um ano parado no Congresso. Segundo fontes, a expectativa \u00e9 que seja aprovado um requerimento de urg\u00eancia e que o projeto j\u00e1 seja apreciado na pr\u00f3xima ter\u00e7a-feira (26).<\/p>\n\n\n\n<p>At\u00e9 l\u00e1, o senador Weverton Rocha (PDT-MA) deve apresentar seu relat\u00f3rio para a mat\u00e9ria. Fontes disseram \u00e0&nbsp;<strong>Ag\u00eancia iNFRA<\/strong>&nbsp;que h\u00e1 previs\u00e3o de se manter os chamados \u201cjabutis\u201d, emendas alheias ao tema principal da mat\u00e9ria, inseridos no texto pela C\u00e2mara dos Deputados.&nbsp;<\/p>\n\n\n\n<p><strong>Jabutis<\/strong><br>Os jabutis est\u00e3o presentes nos artigos 21 a 24 do substitutivo e visam: 1) estender em 36 meses o prazo para projetos renov\u00e1veis de at\u00e9 30 MW (megawatts) entrarem em opera\u00e7\u00e3o com subs\u00eddios; 2) distribuir parte dos 8 GW (gigawatts) de contrata\u00e7\u00e3o compuls\u00f3ria de termel\u00e9tricas prevista na lei de desestatiza\u00e7\u00e3o da Eletrobras para contrata\u00e7\u00e3o de PCHs (Pequenas Centrais Hidrel\u00e9tricas); 3) prorrogar para 2050 os contratos de termel\u00e9tricas a carv\u00e3o que vencem at\u00e9 2028; e 4) prorrogar em 24 meses os prazos para benef\u00edcios a projetos de MMGD (mini e microgera\u00e7\u00e3o solar distribu\u00edda).&nbsp;<\/p>\n\n\n\n<p>Essas emendas foram um dos dificultadores da tramita\u00e7\u00e3o da mat\u00e9ria na casa, j\u00e1 que envolviam grandes lobbies do setor. Publicamente, o governo federal se dizia contr\u00e1rio \u00e0 aprova\u00e7\u00e3o dos jabutis, mas chegou a sugerir ao relator que mantivesse a prorroga\u00e7\u00e3o dos contratos de usinas a carv\u00e3o, segundo fontes. A justificativa apresentada foi a import\u00e2ncia para a economia do Rio Grande do Sul, que passava grande dificuldade ap\u00f3s enchentes atingirem o estado.&nbsp;<\/p>\n\n\n\n<p>Outro ponto rememorado por agentes do setor \u00e9 que a J&amp;F, empresa dos irm\u00e3os Batista, comprou a usina de Candiota, localizada na regi\u00e3o carbon\u00edfera do estado, em setembro de 2023.<\/p>\n\n\n\n<p><strong>Atraso<\/strong><br>O atraso na aprova\u00e7\u00e3o do marco tem afastado investidores do pa\u00eds e gerado preocupa\u00e7\u00e3o no setor e\u00f3lico. Os agentes tamb\u00e9m v\u00eam sofrendo com cortes de gera\u00e7\u00e3o determinados pelo ONS (Operador Nacional do Sistema El\u00e9trico), fen\u00f4meno conhecido como curtailment.<\/p>\n\n\n\n<p>A urg\u00eancia da aprova\u00e7\u00e3o da mat\u00e9ria na casa se d\u00e1 em meio ao cen\u00e1rio de poss\u00edvel crise que est\u00e1 sendo desenhado para o segmento, avaliam fontes.&nbsp;<\/p>\n\n\n\n<p><strong>Agenda verde&nbsp;<\/strong><br>Interlocutores no Senado veem como natural o desengavetamento da mat\u00e9ria agora que o mercado de carbono foi aprovado. Al\u00e9m das e\u00f3licas offshore, o Paten (Programa de Acelera\u00e7\u00e3o da Transi\u00e7\u00e3o Energ\u00e9tica) est\u00e1 na fila de projetos da agenda verde prometidos pelo Congresso e que devem ser aprovados antes da COP 30, confer\u00eancia sobre mudan\u00e7a do clima que ocorre no Brasil em 2025.<\/p>\n","protected":false},"excerpt":{"rendered":"<p>Marisa Wanzeller e Leila Coimbra, da Ag\u00eancia iNFRA O marco legal das e\u00f3licas offshore,&nbsp;PL (Projeto de Lei) 576\/2021, deve voltar a tramitar no Senado na pr\u00f3xima semana, ap\u00f3s quase um ano parado no Congresso. Segundo fontes, a expectativa \u00e9 que seja aprovado um requerimento de urg\u00eancia e que o projeto j\u00e1 seja apreciado na pr\u00f3xima [&hellip;]<\/p>\n","protected":false},"author":1,"featured_media":3708,"comment_status":"closed","ping_status":"closed","sticky":false,"template":"","format":"standard","meta":{"_monsterinsights_skip_tracking":false,"_monsterinsights_sitenote_active":false,"_monsterinsights_sitenote_note":"","_monsterinsights_sitenote_category":0,"footnotes":""},"categories":[7250,1,10],"tags":[11783,6015,11326,1984,7366,8724,6860,11333,123,631,2823,10978],"class_list":["post-19319","post","type-post","status-publish","format-standard","has-post-thumbnail","hentry","category-destaque-lista","category-geral","category-infraenergia","tag-despacho-de-termicas","tag-eolicas-offshore","tag-jabutis","tag-leila-coimbra","tag-marisa-wanzeller","tag-mmgd","tag-pl-576-2021","tag-pl-das-eolicas-offshore","tag-senado","tag-termicas","tag-termicas-inflexiveis","tag-weverton-rocha"],"yoast_head":"<!-- This site is optimized with the Yoast SEO Premium plugin v25.4 (Yoast SEO v26.0) - https:\/\/yoast.com\/wordpress\/plugins\/seo\/ -->\n<title>Senado deve votar PL das E\u00f3licas Offshore na pr\u00f3xima semana e tend\u00eancia \u00e9 que &quot;jabutis&quot; sejam mantidos - Ag\u00eancia iNFRA<\/title>\n<meta name=\"robots\" content=\"index, follow, max-snippet:-1, max-image-preview:large, max-video-preview:-1\" \/>\n<link rel=\"canonical\" href=\"https:\/\/agenciainfra.com\/blog\/eolicas-offshore-senado-deve-votar-pl-na-proxima-semana-e-tendencia-e-que-jabutis-sejam-mantidos\/\" \/>\n<meta property=\"og:locale\" content=\"pt_BR\" \/>\n<meta property=\"og:type\" content=\"article\" \/>\n<meta property=\"og:title\" content=\"Senado deve votar PL das E\u00f3licas Offshore na pr\u00f3xima semana e tend\u00eancia \u00e9 que &quot;jabutis&quot; sejam mantidos\" \/>\n<meta property=\"og:description\" content=\"Marisa Wanzeller e Leila Coimbra, da Ag\u00eancia iNFRA O marco legal das e\u00f3licas offshore,&nbsp;PL (Projeto de Lei) 576\/2021, deve voltar a tramitar no Senado na pr\u00f3xima semana, ap\u00f3s quase um ano parado no Congresso. Segundo fontes, a expectativa \u00e9 que seja aprovado um requerimento de urg\u00eancia e que o projeto j\u00e1 seja apreciado na pr\u00f3xima [&hellip;]\" \/>\n<meta property=\"og:url\" content=\"https:\/\/agenciainfra.com\/blog\/eolicas-offshore-senado-deve-votar-pl-na-proxima-semana-e-tendencia-e-que-jabutis-sejam-mantidos\/\" \/>\n<meta property=\"og:site_name\" content=\"Ag\u00eancia iNFRA\" \/>\n<meta property=\"article:publisher\" content=\"https:\/\/www.facebook.com\/ageninfra\" \/>\n<meta property=\"article:published_time\" content=\"2024-11-22T12:00:00+00:00\" \/>\n<meta property=\"article:modified_time\" content=\"2024-11-22T15:46:00+00:00\" \/>\n<meta property=\"og:image\" content=\"https:\/\/agenciainfra.com\/blog\/wp-content\/uploads\/2019\/09\/energia-eolica-solar-divulgacao-mme.jpeg\" \/>\n\t<meta property=\"og:image:width\" content=\"1280\" \/>\n\t<meta property=\"og:image:height\" content=\"960\" \/>\n\t<meta property=\"og:image:type\" content=\"image\/jpeg\" \/>\n<meta name=\"author\" content=\"Ag\u00eancia iNFRA\" \/>\n<meta name=\"twitter:card\" content=\"summary_large_image\" \/>\n<meta name=\"twitter:creator\" content=\"@agencia_infra\" \/>\n<meta name=\"twitter:site\" content=\"@agencia_infra\" \/>\n<meta name=\"twitter:label1\" content=\"Escrito por\" \/>\n\t<meta name=\"twitter:data1\" content=\"Ag\u00eancia iNFRA\" \/>\n\t<meta name=\"twitter:label2\" content=\"Est. tempo de leitura\" \/>\n\t<meta name=\"twitter:data2\" content=\"2 minutos\" \/>\n<script type=\"application\/ld+json\" class=\"yoast-schema-graph\">{\"@context\":\"https:\/\/schema.org\",\"@graph\":[{\"@type\":\"Article\",\"@id\":\"https:\/\/agenciainfra.com\/blog\/eolicas-offshore-senado-deve-votar-pl-na-proxima-semana-e-tendencia-e-que-jabutis-sejam-mantidos\/#article\",\"isPartOf\":{\"@id\":\"https:\/\/agenciainfra.com\/blog\/eolicas-offshore-senado-deve-votar-pl-na-proxima-semana-e-tendencia-e-que-jabutis-sejam-mantidos\/\"},\"author\":{\"name\":\"Ag\u00eancia iNFRA\",\"@id\":\"https:\/\/agenciainfra.com\/blog\/#\/schema\/person\/34af08dff6adea4cb22b06612ba7acfa\"},\"headline\":\"Senado deve votar PL das E\u00f3licas Offshore na pr\u00f3xima semana e tend\u00eancia \u00e9 que &#8220;jabutis&#8221; sejam mantidos\",\"datePublished\":\"2024-11-22T12:00:00+00:00\",\"dateModified\":\"2024-11-22T15:46:00+00:00\",\"mainEntityOfPage\":{\"@id\":\"https:\/\/agenciainfra.com\/blog\/eolicas-offshore-senado-deve-votar-pl-na-proxima-semana-e-tendencia-e-que-jabutis-sejam-mantidos\/\"},\"wordCount\":491,\"publisher\":{\"@id\":\"https:\/\/agenciainfra.com\/blog\/#organization\"},\"image\":{\"@id\":\"https:\/\/agenciainfra.com\/blog\/eolicas-offshore-senado-deve-votar-pl-na-proxima-semana-e-tendencia-e-que-jabutis-sejam-mantidos\/#primaryimage\"},\"thumbnailUrl\":\"https:\/\/agenciainfra.com\/blog\/wp-content\/uploads\/2019\/09\/energia-eolica-solar-divulgacao-mme-e1751381964605.jpeg\",\"keywords\":[\"despacho de t\u00e9rmicas\",\"e\u00f3licas offshore\",\"jabutis\",\"Leila Coimbra\",\"Marisa Wanzeller\",\"MMGD\",\"PL 576\/2021\",\"PL das e\u00f3licas offshore\",\"senado\",\"t\u00e9rmicas\",\"t\u00e9rmicas inflex\u00edveis\",\"Weverton Rocha\"],\"articleSection\":[\"Destaque lista\",\"Geral\",\"iNFRAEnergia\"],\"inLanguage\":\"pt-BR\",\"copyrightYear\":\"2024\",\"copyrightHolder\":{\"@id\":\"https:\/\/agenciainfra.com\/blog\/#organization\"}},{\"@type\":\"WebPage\",\"@id\":\"https:\/\/agenciainfra.com\/blog\/eolicas-offshore-senado-deve-votar-pl-na-proxima-semana-e-tendencia-e-que-jabutis-sejam-mantidos\/\",\"url\":\"https:\/\/agenciainfra.com\/blog\/eolicas-offshore-senado-deve-votar-pl-na-proxima-semana-e-tendencia-e-que-jabutis-sejam-mantidos\/\",\"name\":\"Senado deve votar PL das E\u00f3licas Offshore na pr\u00f3xima semana e tend\u00eancia \u00e9 que \\\"jabutis\\\" sejam mantidos - Ag\u00eancia iNFRA\",\"isPartOf\":{\"@id\":\"https:\/\/agenciainfra.com\/blog\/#website\"},\"primaryImageOfPage\":{\"@id\":\"https:\/\/agenciainfra.com\/blog\/eolicas-offshore-senado-deve-votar-pl-na-proxima-semana-e-tendencia-e-que-jabutis-sejam-mantidos\/#primaryimage\"},\"image\":{\"@id\":\"https:\/\/agenciainfra.com\/blog\/eolicas-offshore-senado-deve-votar-pl-na-proxima-semana-e-tendencia-e-que-jabutis-sejam-mantidos\/#primaryimage\"},\"thumbnailUrl\":\"https:\/\/agenciainfra.com\/blog\/wp-content\/uploads\/2019\/09\/energia-eolica-solar-divulgacao-mme-e1751381964605.jpeg\",\"datePublished\":\"2024-11-22T12:00:00+00:00\",\"dateModified\":\"2024-11-22T15:46:00+00:00\",\"breadcrumb\":{\"@id\":\"https:\/\/agenciainfra.com\/blog\/eolicas-offshore-senado-deve-votar-pl-na-proxima-semana-e-tendencia-e-que-jabutis-sejam-mantidos\/#breadcrumb\"},\"inLanguage\":\"pt-BR\",\"potentialAction\":[{\"@type\":\"ReadAction\",\"target\":[\"https:\/\/agenciainfra.com\/blog\/eolicas-offshore-senado-deve-votar-pl-na-proxima-semana-e-tendencia-e-que-jabutis-sejam-mantidos\/\"]}]},{\"@type\":\"ImageObject\",\"inLanguage\":\"pt-BR\",\"@id\":\"https:\/\/agenciainfra.com\/blog\/eolicas-offshore-senado-deve-votar-pl-na-proxima-semana-e-tendencia-e-que-jabutis-sejam-mantidos\/#primaryimage\",\"url\":\"https:\/\/agenciainfra.com\/blog\/wp-content\/uploads\/2019\/09\/energia-eolica-solar-divulgacao-mme-e1751381964605.jpeg\",\"contentUrl\":\"https:\/\/agenciainfra.com\/blog\/wp-content\/uploads\/2019\/09\/energia-eolica-solar-divulgacao-mme-e1751381964605.jpeg\",\"width\":1280,\"height\":787,\"caption\":\"Foto: MME\/Divulga\u00e7\u00e3o\"},{\"@type\":\"BreadcrumbList\",\"@id\":\"https:\/\/agenciainfra.com\/blog\/eolicas-offshore-senado-deve-votar-pl-na-proxima-semana-e-tendencia-e-que-jabutis-sejam-mantidos\/#breadcrumb\",\"itemListElement\":[{\"@type\":\"ListItem\",\"position\":1,\"name\":\"In\u00edcio\",\"item\":\"https:\/\/agenciainfra.com\/blog\/\"},{\"@type\":\"ListItem\",\"position\":2,\"name\":\"Senado deve votar PL das E\u00f3licas Offshore na pr\u00f3xima semana e tend\u00eancia \u00e9 que &#8220;jabutis&#8221; sejam mantidos\"}]},{\"@type\":\"WebSite\",\"@id\":\"https:\/\/agenciainfra.com\/blog\/#website\",\"url\":\"https:\/\/agenciainfra.com\/blog\/\",\"name\":\"Ag\u00eancia iNFRA\",\"description\":\"Multiplataforma de informa\u00e7\u00e3o jornal\u00edstica refer\u00eancia na \u00e1rea de infraestrutura no Brasil!\",\"publisher\":{\"@id\":\"https:\/\/agenciainfra.com\/blog\/#organization\"},\"potentialAction\":[{\"@type\":\"SearchAction\",\"target\":{\"@type\":\"EntryPoint\",\"urlTemplate\":\"https:\/\/agenciainfra.com\/blog\/?s={search_term_string}\"},\"query-input\":{\"@type\":\"PropertyValueSpecification\",\"valueRequired\":true,\"valueName\":\"search_term_string\"}}],\"inLanguage\":\"pt-BR\"},{\"@type\":\"Organization\",\"@id\":\"https:\/\/agenciainfra.com\/blog\/#organization\",\"name\":\"Ag\u00eancia iNFRA\",\"url\":\"https:\/\/agenciainfra.com\/blog\/\",\"logo\":{\"@type\":\"ImageObject\",\"inLanguage\":\"pt-BR\",\"@id\":\"https:\/\/agenciainfra.com\/blog\/#\/schema\/logo\/image\/\",\"url\":\"https:\/\/agenciainfra.com\/blog\/wp-content\/uploads\/2023\/09\/iNFRA_5-e1761735885940.png\",\"contentUrl\":\"https:\/\/agenciainfra.com\/blog\/wp-content\/uploads\/2023\/09\/iNFRA_5-e1761735885940.png\",\"width\":1672,\"height\":454,\"caption\":\"Ag\u00eancia iNFRA\"},\"image\":{\"@id\":\"https:\/\/agenciainfra.com\/blog\/#\/schema\/logo\/image\/\"},\"sameAs\":[\"https:\/\/www.facebook.com\/ageninfra\",\"https:\/\/x.com\/agencia_infra\",\"https:\/\/www.linkedin.com\/company\/ag\u00eanciainfra\/\",\"https:\/\/www.instagram.com\/agenciainfra\/\"]},{\"@type\":\"Person\",\"@id\":\"https:\/\/agenciainfra.com\/blog\/#\/schema\/person\/34af08dff6adea4cb22b06612ba7acfa\",\"name\":\"Ag\u00eancia iNFRA\",\"image\":{\"@type\":\"ImageObject\",\"inLanguage\":\"pt-BR\",\"@id\":\"https:\/\/agenciainfra.com\/blog\/#\/schema\/person\/image\/\",\"url\":\"https:\/\/secure.gravatar.com\/avatar\/d189e01678f06d8eb84d4e01f08eb848b3fffe3f8443818d3c356c66892f5be8?s=96&d=mm&r=g\",\"contentUrl\":\"https:\/\/secure.gravatar.com\/avatar\/d189e01678f06d8eb84d4e01f08eb848b3fffe3f8443818d3c356c66892f5be8?s=96&d=mm&r=g\",\"caption\":\"Ag\u00eancia iNFRA\"},\"url\":\"https:\/\/agenciainfra.com\/blog\/author\/admin\/\"}]}<\/script>\n<!-- \/ Yoast SEO Premium plugin. -->","yoast_head_json":{"title":"Senado deve votar PL das E\u00f3licas Offshore na pr\u00f3xima semana e tend\u00eancia \u00e9 que \"jabutis\" sejam mantidos - Ag\u00eancia iNFRA","robots":{"index":"index","follow":"follow","max-snippet":"max-snippet:-1","max-image-preview":"max-image-preview:large","max-video-preview":"max-video-preview:-1"},"canonical":"https:\/\/agenciainfra.com\/blog\/eolicas-offshore-senado-deve-votar-pl-na-proxima-semana-e-tendencia-e-que-jabutis-sejam-mantidos\/","og_locale":"pt_BR","og_type":"article","og_title":"Senado deve votar PL das E\u00f3licas Offshore na pr\u00f3xima semana e tend\u00eancia \u00e9 que \"jabutis\" sejam mantidos","og_description":"Marisa Wanzeller e Leila Coimbra, da Ag\u00eancia iNFRA O marco legal das e\u00f3licas offshore,&nbsp;PL (Projeto de Lei) 576\/2021, deve voltar a tramitar no Senado na pr\u00f3xima semana, ap\u00f3s quase um ano parado no Congresso. Segundo fontes, a expectativa \u00e9 que seja aprovado um requerimento de urg\u00eancia e que o projeto j\u00e1 seja apreciado na pr\u00f3xima [&hellip;]","og_url":"https:\/\/agenciainfra.com\/blog\/eolicas-offshore-senado-deve-votar-pl-na-proxima-semana-e-tendencia-e-que-jabutis-sejam-mantidos\/","og_site_name":"Ag\u00eancia iNFRA","article_publisher":"https:\/\/www.facebook.com\/ageninfra","article_published_time":"2024-11-22T12:00:00+00:00","article_modified_time":"2024-11-22T15:46:00+00:00","og_image":[{"width":1280,"height":960,"url":"https:\/\/agenciainfra.com\/blog\/wp-content\/uploads\/2019\/09\/energia-eolica-solar-divulgacao-mme.jpeg","type":"image\/jpeg"}],"author":"Ag\u00eancia iNFRA","twitter_card":"summary_large_image","twitter_creator":"@agencia_infra","twitter_site":"@agencia_infra","twitter_misc":{"Escrito por":"Ag\u00eancia iNFRA","Est. tempo de leitura":"2 minutos"},"schema":{"@context":"https:\/\/schema.org","@graph":[{"@type":"Article","@id":"https:\/\/agenciainfra.com\/blog\/eolicas-offshore-senado-deve-votar-pl-na-proxima-semana-e-tendencia-e-que-jabutis-sejam-mantidos\/#article","isPartOf":{"@id":"https:\/\/agenciainfra.com\/blog\/eolicas-offshore-senado-deve-votar-pl-na-proxima-semana-e-tendencia-e-que-jabutis-sejam-mantidos\/"},"author":{"name":"Ag\u00eancia iNFRA","@id":"https:\/\/agenciainfra.com\/blog\/#\/schema\/person\/34af08dff6adea4cb22b06612ba7acfa"},"headline":"Senado deve votar PL das E\u00f3licas Offshore na pr\u00f3xima semana e tend\u00eancia \u00e9 que &#8220;jabutis&#8221; sejam mantidos","datePublished":"2024-11-22T12:00:00+00:00","dateModified":"2024-11-22T15:46:00+00:00","mainEntityOfPage":{"@id":"https:\/\/agenciainfra.com\/blog\/eolicas-offshore-senado-deve-votar-pl-na-proxima-semana-e-tendencia-e-que-jabutis-sejam-mantidos\/"},"wordCount":491,"publisher":{"@id":"https:\/\/agenciainfra.com\/blog\/#organization"},"image":{"@id":"https:\/\/agenciainfra.com\/blog\/eolicas-offshore-senado-deve-votar-pl-na-proxima-semana-e-tendencia-e-que-jabutis-sejam-mantidos\/#primaryimage"},"thumbnailUrl":"https:\/\/agenciainfra.com\/blog\/wp-content\/uploads\/2019\/09\/energia-eolica-solar-divulgacao-mme-e1751381964605.jpeg","keywords":["despacho de t\u00e9rmicas","e\u00f3licas offshore","jabutis","Leila Coimbra","Marisa Wanzeller","MMGD","PL 576\/2021","PL das e\u00f3licas offshore","senado","t\u00e9rmicas","t\u00e9rmicas inflex\u00edveis","Weverton Rocha"],"articleSection":["Destaque lista","Geral","iNFRAEnergia"],"inLanguage":"pt-BR","copyrightYear":"2024","copyrightHolder":{"@id":"https:\/\/agenciainfra.com\/blog\/#organization"}},{"@type":"WebPage","@id":"https:\/\/agenciainfra.com\/blog\/eolicas-offshore-senado-deve-votar-pl-na-proxima-semana-e-tendencia-e-que-jabutis-sejam-mantidos\/","url":"https:\/\/agenciainfra.com\/blog\/eolicas-offshore-senado-deve-votar-pl-na-proxima-semana-e-tendencia-e-que-jabutis-sejam-mantidos\/","name":"Senado deve votar PL das E\u00f3licas Offshore na pr\u00f3xima semana e tend\u00eancia \u00e9 que \"jabutis\" sejam mantidos - Ag\u00eancia iNFRA","isPartOf":{"@id":"https:\/\/agenciainfra.com\/blog\/#website"},"primaryImageOfPage":{"@id":"https:\/\/agenciainfra.com\/blog\/eolicas-offshore-senado-deve-votar-pl-na-proxima-semana-e-tendencia-e-que-jabutis-sejam-mantidos\/#primaryimage"},"image":{"@id":"https:\/\/agenciainfra.com\/blog\/eolicas-offshore-senado-deve-votar-pl-na-proxima-semana-e-tendencia-e-que-jabutis-sejam-mantidos\/#primaryimage"},"thumbnailUrl":"https:\/\/agenciainfra.com\/blog\/wp-content\/uploads\/2019\/09\/energia-eolica-solar-divulgacao-mme-e1751381964605.jpeg","datePublished":"2024-11-22T12:00:00+00:00","dateModified":"2024-11-22T15:46:00+00:00","breadcrumb":{"@id":"https:\/\/agenciainfra.com\/blog\/eolicas-offshore-senado-deve-votar-pl-na-proxima-semana-e-tendencia-e-que-jabutis-sejam-mantidos\/#breadcrumb"},"inLanguage":"pt-BR","potentialAction":[{"@type":"ReadAction","target":["https:\/\/agenciainfra.com\/blog\/eolicas-offshore-senado-deve-votar-pl-na-proxima-semana-e-tendencia-e-que-jabutis-sejam-mantidos\/"]}]},{"@type":"ImageObject","inLanguage":"pt-BR","@id":"https:\/\/agenciainfra.com\/blog\/eolicas-offshore-senado-deve-votar-pl-na-proxima-semana-e-tendencia-e-que-jabutis-sejam-mantidos\/#primaryimage","url":"https:\/\/agenciainfra.com\/blog\/wp-content\/uploads\/2019\/09\/energia-eolica-solar-divulgacao-mme-e1751381964605.jpeg","contentUrl":"https:\/\/agenciainfra.com\/blog\/wp-content\/uploads\/2019\/09\/energia-eolica-solar-divulgacao-mme-e1751381964605.jpeg","width":1280,"height":787,"caption":"Foto: MME\/Divulga\u00e7\u00e3o"},{"@type":"BreadcrumbList","@id":"https:\/\/agenciainfra.com\/blog\/eolicas-offshore-senado-deve-votar-pl-na-proxima-semana-e-tendencia-e-que-jabutis-sejam-mantidos\/#breadcrumb","itemListElement":[{"@type":"ListItem","position":1,"name":"In\u00edcio","item":"https:\/\/agenciainfra.com\/blog\/"},{"@type":"ListItem","position":2,"name":"Senado deve votar PL das E\u00f3licas Offshore na pr\u00f3xima semana e tend\u00eancia \u00e9 que &#8220;jabutis&#8221; sejam mantidos"}]},{"@type":"WebSite","@id":"https:\/\/agenciainfra.com\/blog\/#website","url":"https:\/\/agenciainfra.com\/blog\/","name":"Ag\u00eancia iNFRA","description":"Multiplataforma de informa\u00e7\u00e3o jornal\u00edstica refer\u00eancia na \u00e1rea de infraestrutura no Brasil!","publisher":{"@id":"https:\/\/agenciainfra.com\/blog\/#organization"},"potentialAction":[{"@type":"SearchAction","target":{"@type":"EntryPoint","urlTemplate":"https:\/\/agenciainfra.com\/blog\/?s={search_term_string}"},"query-input":{"@type":"PropertyValueSpecification","valueRequired":true,"valueName":"search_term_string"}}],"inLanguage":"pt-BR"},{"@type":"Organization","@id":"https:\/\/agenciainfra.com\/blog\/#organization","name":"Ag\u00eancia iNFRA","url":"https:\/\/agenciainfra.com\/blog\/","logo":{"@type":"ImageObject","inLanguage":"pt-BR","@id":"https:\/\/agenciainfra.com\/blog\/#\/schema\/logo\/image\/","url":"https:\/\/agenciainfra.com\/blog\/wp-content\/uploads\/2023\/09\/iNFRA_5-e1761735885940.png","contentUrl":"https:\/\/agenciainfra.com\/blog\/wp-content\/uploads\/2023\/09\/iNFRA_5-e1761735885940.png","width":1672,"height":454,"caption":"Ag\u00eancia iNFRA"},"image":{"@id":"https:\/\/agenciainfra.com\/blog\/#\/schema\/logo\/image\/"},"sameAs":["https:\/\/www.facebook.com\/ageninfra","https:\/\/x.com\/agencia_infra","https:\/\/www.linkedin.com\/company\/ag\u00eanciainfra\/","https:\/\/www.instagram.com\/agenciainfra\/"]},{"@type":"Person","@id":"https:\/\/agenciainfra.com\/blog\/#\/schema\/person\/34af08dff6adea4cb22b06612ba7acfa","name":"Ag\u00eancia iNFRA","image":{"@type":"ImageObject","inLanguage":"pt-BR","@id":"https:\/\/agenciainfra.com\/blog\/#\/schema\/person\/image\/","url":"https:\/\/secure.gravatar.com\/avatar\/d189e01678f06d8eb84d4e01f08eb848b3fffe3f8443818d3c356c66892f5be8?s=96&d=mm&r=g","contentUrl":"https:\/\/secure.gravatar.com\/avatar\/d189e01678f06d8eb84d4e01f08eb848b3fffe3f8443818d3c356c66892f5be8?s=96&d=mm&r=g","caption":"Ag\u00eancia iNFRA"},"url":"https:\/\/agenciainfra.com\/blog\/author\/admin\/"}]}},"_links":{"self":[{"href":"https:\/\/agenciainfra.com\/blog\/wp-json\/wp\/v2\/posts\/19319","targetHints":{"allow":["GET"]}}],"collection":[{"href":"https:\/\/agenciainfra.com\/blog\/wp-json\/wp\/v2\/posts"}],"about":[{"href":"https:\/\/agenciainfra.com\/blog\/wp-json\/wp\/v2\/types\/post"}],"author":[{"embeddable":true,"href":"https:\/\/agenciainfra.com\/blog\/wp-json\/wp\/v2\/users\/1"}],"replies":[{"embeddable":true,"href":"https:\/\/agenciainfra.com\/blog\/wp-json\/wp\/v2\/comments?post=19319"}],"version-history":[{"count":2,"href":"https:\/\/agenciainfra.com\/blog\/wp-json\/wp\/v2\/posts\/19319\/revisions"}],"predecessor-version":[{"id":19330,"href":"https:\/\/agenciainfra.com\/blog\/wp-json\/wp\/v2\/posts\/19319\/revisions\/19330"}],"wp:featuredmedia":[{"embeddable":true,"href":"https:\/\/agenciainfra.com\/blog\/wp-json\/wp\/v2\/media\/3708"}],"wp:attachment":[{"href":"https:\/\/agenciainfra.com\/blog\/wp-json\/wp\/v2\/media?parent=19319"}],"wp:term":[{"taxonomy":"category","embeddable":true,"href":"https:\/\/agenciainfra.com\/blog\/wp-json\/wp\/v2\/categories?post=19319"},{"taxonomy":"post_tag","embeddable":true,"href":"https:\/\/agenciainfra.com\/blog\/wp-json\/wp\/v2\/tags?post=19319"}],"curies":[{"name":"wp","href":"https:\/\/api.w.org\/{rel}","templated":true}]}}