{"id":19321,"date":"2024-11-22T10:00:00","date_gmt":"2024-11-22T13:00:00","guid":{"rendered":"https:\/\/agenciainfra.com\/blog\/?p=19321"},"modified":"2024-11-25T06:10:08","modified_gmt":"2024-11-25T09:10:08","slug":"ministro-diz-que-leilao-de-potencia-fica-para-2025-mas-portaria-sai-neste-ano","status":"publish","type":"post","link":"https:\/\/agenciainfra.com\/blog\/ministro-diz-que-leilao-de-potencia-fica-para-2025-mas-portaria-sai-neste-ano\/","title":{"rendered":"Ministro diz que leil\u00e3o de pot\u00eancia fica para 2025, mas portaria sai neste ano"},"content":{"rendered":"\n<p class=\"has-text-align-right\"><strong>Geraldo Campos Jr., da Ag\u00eancia iNFRA<\/strong>*<\/p>\n\n\n\n<p>O ministro de Minas e Energia, Alexandre Silveira, afirmou nesta quinta-feira (21) que o novo LRCAP (Leil\u00e3o de Reserva de Capacidade na forma de Pot\u00eancia) s\u00f3 ser\u00e1 realizado nos primeiros meses de 2025. Ele garantiu que a portaria com as diretrizes do certame ser\u00e1 publicada pela pasta at\u00e9 o final deste ano.<\/p>\n\n\n\n<p>\u201cN\u00f3s vamos publicar a portaria ainda neste ano. E com certeza ele [o leil\u00e3o]&nbsp;vai acontecer nos primeiros meses do ano que vem, porque a partir da portaria tem todo um tr\u00e2mite e prazos legais. Mas a garantia que eu dou \u00e9 que neste ano ainda a gente publica a portaria\u201d, afirmou em entrevista&nbsp;em Bel\u00e9m (PA) ap\u00f3s workshop do programa Energias da Amaz\u00f4nia.<\/p>\n\n\n\n<p>Esta \u00e9 a primeira vez que o ministro admite que o leil\u00e3o n\u00e3o ser\u00e1 realizado em 2024. Inicialmente, o MME (Minist\u00e9rio de Minas e Energia) planejava realiz\u00e1-lo em agosto. Segundo Silveira, o atraso ocorreu pela necessidade de discuss\u00f5es sobre o modelo e de estudos mais aprofundados.<\/p>\n\n\n\n<p>\u201cExistem muitas discuss\u00f5es ainda no CMSE (Comit\u00ea de Monitoramento do Setor El\u00e9trico) sobre qual \u00e9 o modelo ideal. Por exemplo, hoje n\u00f3s temos v\u00e1rias fontes ainda necess\u00e1rias, mas n\u00e3o queremos contrat\u00e1-las pelo mesmo tempo m\u00ednimo do leil\u00e3o normal, como \u00e9 o caso do \u00f3leo diesel\u201d, disse.<\/p>\n\n\n\n<p>Silveira afirmou que a maior parte da contrata\u00e7\u00e3o do LRCAP deve ser de t\u00e9rmicas a g\u00e1s, mas que o potencial a ser contratado ainda est\u00e1 sendo calculado. \u201cIsso \u00e9 algo que ainda n\u00e3o est\u00e1 dimensionado pela EPE (Empresa de Pesquisa Energ\u00e9tica), que est\u00e1 estudando as t\u00e9rmicas descontratadas [de] que temos necessidade para 2025, 2026, 2027, 2028 e 2029. \u00c9 uma discuss\u00e3o t\u00e9cnica e aprofundada.\u201d<\/p>\n\n\n\n<p>\u201cQuando voc\u00ea tem uma t\u00e9rmica merchant, que n\u00e3o est\u00e1 contratada no sistema, para acionar ela quando precisa se paga muito mais caro. Ent\u00e3o estamos achando um modelo que seja o ideal\u201d, disse.<\/p>\n\n\n\n<p><strong>Sistemas isolados<\/strong><br>Nesta quinta-feira, o ministro assinou uma portaria com as diretrizes para realiza\u00e7\u00e3o de um leil\u00e3o de sistemas isolados em 2025. O documento autoriza a estrutura\u00e7\u00e3o do certame para contratar a gera\u00e7\u00e3o de 49 MW.<\/p>\n\n\n\n<p>A expectativa \u00e9 realizar o leil\u00e3o em maio do pr\u00f3ximo ano e contratar R$ 452 milh\u00f5es para atendimento el\u00e9trico de 169 mil pessoas em dez localidades da Amaz\u00f4nia, sendo uma no estado do Par\u00e1 e nove no Amazonas.<\/p>\n\n\n\n<p>As obras ter\u00e3o que ficar prontas at\u00e9 dezembro de 2027. De acordo com as diretrizes, o leil\u00e3o ter\u00e1 uma cota de obrigatoriedade de 22% de energias renov\u00e1veis nas propostas a serem apresentadas.<\/p>\n\n\n\n<p><em>*(O rep\u00f3rter viajou a\u00a0Bel\u00e9m a convite da Equatorial)<\/em><\/p>\n","protected":false},"excerpt":{"rendered":"<p>Geraldo Campos Jr., da Ag\u00eancia iNFRA* O ministro de Minas e Energia, Alexandre Silveira, afirmou nesta quinta-feira (21) que o novo LRCAP (Leil\u00e3o de Reserva de Capacidade na forma de Pot\u00eancia) s\u00f3 ser\u00e1 realizado nos primeiros meses de 2025. Ele garantiu que a portaria com as diretrizes do certame ser\u00e1 publicada pela pasta at\u00e9 o [&hellip;]<\/p>\n","protected":false},"author":1,"featured_media":19322,"comment_status":"closed","ping_status":"closed","sticky":false,"template":"","format":"standard","meta":{"_monsterinsights_skip_tracking":false,"_monsterinsights_sitenote_active":false,"_monsterinsights_sitenote_note":"","_monsterinsights_sitenote_category":0,"footnotes":""},"categories":[9714,1,10],"tags":[6040,11784,11594,4912,11785,9822,10866,96,71],"class_list":["post-19321","post","type-post","status-publish","format-standard","has-post-thumbnail","hentry","category-destaque-menor","category-geral","category-infraenergia","tag-alexandre-silveira","tag-energias-da-amazonia","tag-geraldo-campos-jr","tag-leilao-de-energia","tag-leilao-de-sistemas-isolados","tag-lrcap","tag-lrcap-2024","tag-ministerio-de-minas-e-energia","tag-mme"],"yoast_head":"<!-- This site is optimized with the Yoast SEO Premium plugin v25.4 (Yoast SEO v26.0) - https:\/\/yoast.com\/wordpress\/plugins\/seo\/ -->\n<title>Ministro diz que leil\u00e3o de pot\u00eancia fica para 2025, mas portaria sai neste ano - Ag\u00eancia iNFRA<\/title>\n<meta name=\"robots\" content=\"index, follow, max-snippet:-1, max-image-preview:large, max-video-preview:-1\" \/>\n<link rel=\"canonical\" href=\"https:\/\/agenciainfra.com\/blog\/ministro-diz-que-leilao-de-potencia-fica-para-2025-mas-portaria-sai-neste-ano\/\" \/>\n<meta property=\"og:locale\" content=\"pt_BR\" \/>\n<meta property=\"og:type\" content=\"article\" \/>\n<meta property=\"og:title\" content=\"Ministro diz que leil\u00e3o de pot\u00eancia fica para 2025, mas portaria sai neste ano\" \/>\n<meta property=\"og:description\" content=\"Geraldo Campos Jr., da Ag\u00eancia iNFRA* O ministro de Minas e Energia, Alexandre Silveira, afirmou nesta quinta-feira (21) que o novo LRCAP (Leil\u00e3o de Reserva de Capacidade na forma de Pot\u00eancia) s\u00f3 ser\u00e1 realizado nos primeiros meses de 2025. Ele garantiu que a portaria com as diretrizes do certame ser\u00e1 publicada pela pasta at\u00e9 o [&hellip;]\" \/>\n<meta property=\"og:url\" content=\"https:\/\/agenciainfra.com\/blog\/ministro-diz-que-leilao-de-potencia-fica-para-2025-mas-portaria-sai-neste-ano\/\" \/>\n<meta property=\"og:site_name\" content=\"Ag\u00eancia iNFRA\" \/>\n<meta property=\"article:publisher\" content=\"https:\/\/www.facebook.com\/ageninfra\" \/>\n<meta property=\"article:published_time\" content=\"2024-11-22T13:00:00+00:00\" \/>\n<meta property=\"article:modified_time\" content=\"2024-11-25T09:10:08+00:00\" \/>\n<meta property=\"og:image\" content=\"https:\/\/agenciainfra.com\/blog\/wp-content\/uploads\/2024\/11\/alexandre-silveira-foto-ricardo-botelho-mme-1.jpeg\" \/>\n\t<meta property=\"og:image:width\" content=\"1280\" \/>\n\t<meta property=\"og:image:height\" content=\"742\" \/>\n\t<meta property=\"og:image:type\" content=\"image\/jpeg\" \/>\n<meta name=\"author\" content=\"Ag\u00eancia iNFRA\" \/>\n<meta name=\"twitter:card\" content=\"summary_large_image\" \/>\n<meta name=\"twitter:creator\" content=\"@agencia_infra\" \/>\n<meta name=\"twitter:site\" content=\"@agencia_infra\" \/>\n<meta name=\"twitter:label1\" content=\"Escrito por\" \/>\n\t<meta name=\"twitter:data1\" content=\"Ag\u00eancia iNFRA\" \/>\n\t<meta name=\"twitter:label2\" content=\"Est. tempo de leitura\" \/>\n\t<meta name=\"twitter:data2\" content=\"2 minutos\" \/>\n<script type=\"application\/ld+json\" class=\"yoast-schema-graph\">{\"@context\":\"https:\/\/schema.org\",\"@graph\":[{\"@type\":\"Article\",\"@id\":\"https:\/\/agenciainfra.com\/blog\/ministro-diz-que-leilao-de-potencia-fica-para-2025-mas-portaria-sai-neste-ano\/#article\",\"isPartOf\":{\"@id\":\"https:\/\/agenciainfra.com\/blog\/ministro-diz-que-leilao-de-potencia-fica-para-2025-mas-portaria-sai-neste-ano\/\"},\"author\":{\"name\":\"Ag\u00eancia iNFRA\",\"@id\":\"https:\/\/agenciainfra.com\/blog\/#\/schema\/person\/34af08dff6adea4cb22b06612ba7acfa\"},\"headline\":\"Ministro diz que leil\u00e3o de pot\u00eancia fica para 2025, mas portaria sai neste ano\",\"datePublished\":\"2024-11-22T13:00:00+00:00\",\"dateModified\":\"2024-11-25T09:10:08+00:00\",\"mainEntityOfPage\":{\"@id\":\"https:\/\/agenciainfra.com\/blog\/ministro-diz-que-leilao-de-potencia-fica-para-2025-mas-portaria-sai-neste-ano\/\"},\"wordCount\":469,\"publisher\":{\"@id\":\"https:\/\/agenciainfra.com\/blog\/#organization\"},\"image\":{\"@id\":\"https:\/\/agenciainfra.com\/blog\/ministro-diz-que-leilao-de-potencia-fica-para-2025-mas-portaria-sai-neste-ano\/#primaryimage\"},\"thumbnailUrl\":\"https:\/\/agenciainfra.com\/blog\/wp-content\/uploads\/2024\/11\/alexandre-silveira-foto-ricardo-botelho-mme-1.jpeg\",\"keywords\":[\"Alexandre Silveira\",\"Energias da Amaz\u00f4nia\",\"Geraldo Campos Jr.\",\"leil\u00e3o de energia\",\"leil\u00e3o de sistemas isolados\",\"LRCAP\",\"LRCAP 2024\",\"Minist\u00e9rio de Minas e Energia\",\"MME\"],\"articleSection\":[\"Destaque Menor\",\"Geral\",\"iNFRAEnergia\"],\"inLanguage\":\"pt-BR\",\"copyrightYear\":\"2024\",\"copyrightHolder\":{\"@id\":\"https:\/\/agenciainfra.com\/blog\/#organization\"}},{\"@type\":\"WebPage\",\"@id\":\"https:\/\/agenciainfra.com\/blog\/ministro-diz-que-leilao-de-potencia-fica-para-2025-mas-portaria-sai-neste-ano\/\",\"url\":\"https:\/\/agenciainfra.com\/blog\/ministro-diz-que-leilao-de-potencia-fica-para-2025-mas-portaria-sai-neste-ano\/\",\"name\":\"Ministro diz que leil\u00e3o de pot\u00eancia fica para 2025, mas portaria sai neste ano - Ag\u00eancia iNFRA\",\"isPartOf\":{\"@id\":\"https:\/\/agenciainfra.com\/blog\/#website\"},\"primaryImageOfPage\":{\"@id\":\"https:\/\/agenciainfra.com\/blog\/ministro-diz-que-leilao-de-potencia-fica-para-2025-mas-portaria-sai-neste-ano\/#primaryimage\"},\"image\":{\"@id\":\"https:\/\/agenciainfra.com\/blog\/ministro-diz-que-leilao-de-potencia-fica-para-2025-mas-portaria-sai-neste-ano\/#primaryimage\"},\"thumbnailUrl\":\"https:\/\/agenciainfra.com\/blog\/wp-content\/uploads\/2024\/11\/alexandre-silveira-foto-ricardo-botelho-mme-1.jpeg\",\"datePublished\":\"2024-11-22T13:00:00+00:00\",\"dateModified\":\"2024-11-25T09:10:08+00:00\",\"breadcrumb\":{\"@id\":\"https:\/\/agenciainfra.com\/blog\/ministro-diz-que-leilao-de-potencia-fica-para-2025-mas-portaria-sai-neste-ano\/#breadcrumb\"},\"inLanguage\":\"pt-BR\",\"potentialAction\":[{\"@type\":\"ReadAction\",\"target\":[\"https:\/\/agenciainfra.com\/blog\/ministro-diz-que-leilao-de-potencia-fica-para-2025-mas-portaria-sai-neste-ano\/\"]}]},{\"@type\":\"ImageObject\",\"inLanguage\":\"pt-BR\",\"@id\":\"https:\/\/agenciainfra.com\/blog\/ministro-diz-que-leilao-de-potencia-fica-para-2025-mas-portaria-sai-neste-ano\/#primaryimage\",\"url\":\"https:\/\/agenciainfra.com\/blog\/wp-content\/uploads\/2024\/11\/alexandre-silveira-foto-ricardo-botelho-mme-1.jpeg\",\"contentUrl\":\"https:\/\/agenciainfra.com\/blog\/wp-content\/uploads\/2024\/11\/alexandre-silveira-foto-ricardo-botelho-mme-1.jpeg\",\"width\":1280,\"height\":742},{\"@type\":\"BreadcrumbList\",\"@id\":\"https:\/\/agenciainfra.com\/blog\/ministro-diz-que-leilao-de-potencia-fica-para-2025-mas-portaria-sai-neste-ano\/#breadcrumb\",\"itemListElement\":[{\"@type\":\"ListItem\",\"position\":1,\"name\":\"In\u00edcio\",\"item\":\"https:\/\/agenciainfra.com\/blog\/\"},{\"@type\":\"ListItem\",\"position\":2,\"name\":\"Ministro diz que leil\u00e3o de pot\u00eancia fica para 2025, mas portaria sai neste ano\"}]},{\"@type\":\"WebSite\",\"@id\":\"https:\/\/agenciainfra.com\/blog\/#website\",\"url\":\"https:\/\/agenciainfra.com\/blog\/\",\"name\":\"Ag\u00eancia iNFRA\",\"description\":\"Multiplataforma de informa\u00e7\u00e3o jornal\u00edstica refer\u00eancia na \u00e1rea de infraestrutura no Brasil!\",\"publisher\":{\"@id\":\"https:\/\/agenciainfra.com\/blog\/#organization\"},\"potentialAction\":[{\"@type\":\"SearchAction\",\"target\":{\"@type\":\"EntryPoint\",\"urlTemplate\":\"https:\/\/agenciainfra.com\/blog\/?s={search_term_string}\"},\"query-input\":{\"@type\":\"PropertyValueSpecification\",\"valueRequired\":true,\"valueName\":\"search_term_string\"}}],\"inLanguage\":\"pt-BR\"},{\"@type\":\"Organization\",\"@id\":\"https:\/\/agenciainfra.com\/blog\/#organization\",\"name\":\"Ag\u00eancia iNFRA\",\"url\":\"https:\/\/agenciainfra.com\/blog\/\",\"logo\":{\"@type\":\"ImageObject\",\"inLanguage\":\"pt-BR\",\"@id\":\"https:\/\/agenciainfra.com\/blog\/#\/schema\/logo\/image\/\",\"url\":\"https:\/\/agenciainfra.com\/blog\/wp-content\/uploads\/2023\/09\/iNFRA_5-e1761735885940.png\",\"contentUrl\":\"https:\/\/agenciainfra.com\/blog\/wp-content\/uploads\/2023\/09\/iNFRA_5-e1761735885940.png\",\"width\":1672,\"height\":454,\"caption\":\"Ag\u00eancia iNFRA\"},\"image\":{\"@id\":\"https:\/\/agenciainfra.com\/blog\/#\/schema\/logo\/image\/\"},\"sameAs\":[\"https:\/\/www.facebook.com\/ageninfra\",\"https:\/\/x.com\/agencia_infra\",\"https:\/\/www.linkedin.com\/company\/ag\u00eanciainfra\/\",\"https:\/\/www.instagram.com\/agenciainfra\/\"]},{\"@type\":\"Person\",\"@id\":\"https:\/\/agenciainfra.com\/blog\/#\/schema\/person\/34af08dff6adea4cb22b06612ba7acfa\",\"name\":\"Ag\u00eancia iNFRA\",\"image\":{\"@type\":\"ImageObject\",\"inLanguage\":\"pt-BR\",\"@id\":\"https:\/\/agenciainfra.com\/blog\/#\/schema\/person\/image\/\",\"url\":\"https:\/\/secure.gravatar.com\/avatar\/d189e01678f06d8eb84d4e01f08eb848b3fffe3f8443818d3c356c66892f5be8?s=96&d=mm&r=g\",\"contentUrl\":\"https:\/\/secure.gravatar.com\/avatar\/d189e01678f06d8eb84d4e01f08eb848b3fffe3f8443818d3c356c66892f5be8?s=96&d=mm&r=g\",\"caption\":\"Ag\u00eancia iNFRA\"},\"url\":\"https:\/\/agenciainfra.com\/blog\/author\/admin\/\"}]}<\/script>\n<!-- \/ Yoast SEO Premium plugin. -->","yoast_head_json":{"title":"Ministro diz que leil\u00e3o de pot\u00eancia fica para 2025, mas portaria sai neste ano - Ag\u00eancia iNFRA","robots":{"index":"index","follow":"follow","max-snippet":"max-snippet:-1","max-image-preview":"max-image-preview:large","max-video-preview":"max-video-preview:-1"},"canonical":"https:\/\/agenciainfra.com\/blog\/ministro-diz-que-leilao-de-potencia-fica-para-2025-mas-portaria-sai-neste-ano\/","og_locale":"pt_BR","og_type":"article","og_title":"Ministro diz que leil\u00e3o de pot\u00eancia fica para 2025, mas portaria sai neste ano","og_description":"Geraldo Campos Jr., da Ag\u00eancia iNFRA* O ministro de Minas e Energia, Alexandre Silveira, afirmou nesta quinta-feira (21) que o novo LRCAP (Leil\u00e3o de Reserva de Capacidade na forma de Pot\u00eancia) s\u00f3 ser\u00e1 realizado nos primeiros meses de 2025. Ele garantiu que a portaria com as diretrizes do certame ser\u00e1 publicada pela pasta at\u00e9 o [&hellip;]","og_url":"https:\/\/agenciainfra.com\/blog\/ministro-diz-que-leilao-de-potencia-fica-para-2025-mas-portaria-sai-neste-ano\/","og_site_name":"Ag\u00eancia iNFRA","article_publisher":"https:\/\/www.facebook.com\/ageninfra","article_published_time":"2024-11-22T13:00:00+00:00","article_modified_time":"2024-11-25T09:10:08+00:00","og_image":[{"width":1280,"height":742,"url":"https:\/\/agenciainfra.com\/blog\/wp-content\/uploads\/2024\/11\/alexandre-silveira-foto-ricardo-botelho-mme-1.jpeg","type":"image\/jpeg"}],"author":"Ag\u00eancia iNFRA","twitter_card":"summary_large_image","twitter_creator":"@agencia_infra","twitter_site":"@agencia_infra","twitter_misc":{"Escrito por":"Ag\u00eancia iNFRA","Est. tempo de leitura":"2 minutos"},"schema":{"@context":"https:\/\/schema.org","@graph":[{"@type":"Article","@id":"https:\/\/agenciainfra.com\/blog\/ministro-diz-que-leilao-de-potencia-fica-para-2025-mas-portaria-sai-neste-ano\/#article","isPartOf":{"@id":"https:\/\/agenciainfra.com\/blog\/ministro-diz-que-leilao-de-potencia-fica-para-2025-mas-portaria-sai-neste-ano\/"},"author":{"name":"Ag\u00eancia iNFRA","@id":"https:\/\/agenciainfra.com\/blog\/#\/schema\/person\/34af08dff6adea4cb22b06612ba7acfa"},"headline":"Ministro diz que leil\u00e3o de pot\u00eancia fica para 2025, mas portaria sai neste ano","datePublished":"2024-11-22T13:00:00+00:00","dateModified":"2024-11-25T09:10:08+00:00","mainEntityOfPage":{"@id":"https:\/\/agenciainfra.com\/blog\/ministro-diz-que-leilao-de-potencia-fica-para-2025-mas-portaria-sai-neste-ano\/"},"wordCount":469,"publisher":{"@id":"https:\/\/agenciainfra.com\/blog\/#organization"},"image":{"@id":"https:\/\/agenciainfra.com\/blog\/ministro-diz-que-leilao-de-potencia-fica-para-2025-mas-portaria-sai-neste-ano\/#primaryimage"},"thumbnailUrl":"https:\/\/agenciainfra.com\/blog\/wp-content\/uploads\/2024\/11\/alexandre-silveira-foto-ricardo-botelho-mme-1.jpeg","keywords":["Alexandre Silveira","Energias da Amaz\u00f4nia","Geraldo Campos Jr.","leil\u00e3o de energia","leil\u00e3o de sistemas isolados","LRCAP","LRCAP 2024","Minist\u00e9rio de Minas e Energia","MME"],"articleSection":["Destaque Menor","Geral","iNFRAEnergia"],"inLanguage":"pt-BR","copyrightYear":"2024","copyrightHolder":{"@id":"https:\/\/agenciainfra.com\/blog\/#organization"}},{"@type":"WebPage","@id":"https:\/\/agenciainfra.com\/blog\/ministro-diz-que-leilao-de-potencia-fica-para-2025-mas-portaria-sai-neste-ano\/","url":"https:\/\/agenciainfra.com\/blog\/ministro-diz-que-leilao-de-potencia-fica-para-2025-mas-portaria-sai-neste-ano\/","name":"Ministro diz que leil\u00e3o de pot\u00eancia fica para 2025, mas portaria sai neste ano - Ag\u00eancia iNFRA","isPartOf":{"@id":"https:\/\/agenciainfra.com\/blog\/#website"},"primaryImageOfPage":{"@id":"https:\/\/agenciainfra.com\/blog\/ministro-diz-que-leilao-de-potencia-fica-para-2025-mas-portaria-sai-neste-ano\/#primaryimage"},"image":{"@id":"https:\/\/agenciainfra.com\/blog\/ministro-diz-que-leilao-de-potencia-fica-para-2025-mas-portaria-sai-neste-ano\/#primaryimage"},"thumbnailUrl":"https:\/\/agenciainfra.com\/blog\/wp-content\/uploads\/2024\/11\/alexandre-silveira-foto-ricardo-botelho-mme-1.jpeg","datePublished":"2024-11-22T13:00:00+00:00","dateModified":"2024-11-25T09:10:08+00:00","breadcrumb":{"@id":"https:\/\/agenciainfra.com\/blog\/ministro-diz-que-leilao-de-potencia-fica-para-2025-mas-portaria-sai-neste-ano\/#breadcrumb"},"inLanguage":"pt-BR","potentialAction":[{"@type":"ReadAction","target":["https:\/\/agenciainfra.com\/blog\/ministro-diz-que-leilao-de-potencia-fica-para-2025-mas-portaria-sai-neste-ano\/"]}]},{"@type":"ImageObject","inLanguage":"pt-BR","@id":"https:\/\/agenciainfra.com\/blog\/ministro-diz-que-leilao-de-potencia-fica-para-2025-mas-portaria-sai-neste-ano\/#primaryimage","url":"https:\/\/agenciainfra.com\/blog\/wp-content\/uploads\/2024\/11\/alexandre-silveira-foto-ricardo-botelho-mme-1.jpeg","contentUrl":"https:\/\/agenciainfra.com\/blog\/wp-content\/uploads\/2024\/11\/alexandre-silveira-foto-ricardo-botelho-mme-1.jpeg","width":1280,"height":742},{"@type":"BreadcrumbList","@id":"https:\/\/agenciainfra.com\/blog\/ministro-diz-que-leilao-de-potencia-fica-para-2025-mas-portaria-sai-neste-ano\/#breadcrumb","itemListElement":[{"@type":"ListItem","position":1,"name":"In\u00edcio","item":"https:\/\/agenciainfra.com\/blog\/"},{"@type":"ListItem","position":2,"name":"Ministro diz que leil\u00e3o de pot\u00eancia fica para 2025, mas portaria sai neste ano"}]},{"@type":"WebSite","@id":"https:\/\/agenciainfra.com\/blog\/#website","url":"https:\/\/agenciainfra.com\/blog\/","name":"Ag\u00eancia iNFRA","description":"Multiplataforma de informa\u00e7\u00e3o jornal\u00edstica refer\u00eancia na \u00e1rea de infraestrutura no Brasil!","publisher":{"@id":"https:\/\/agenciainfra.com\/blog\/#organization"},"potentialAction":[{"@type":"SearchAction","target":{"@type":"EntryPoint","urlTemplate":"https:\/\/agenciainfra.com\/blog\/?s={search_term_string}"},"query-input":{"@type":"PropertyValueSpecification","valueRequired":true,"valueName":"search_term_string"}}],"inLanguage":"pt-BR"},{"@type":"Organization","@id":"https:\/\/agenciainfra.com\/blog\/#organization","name":"Ag\u00eancia iNFRA","url":"https:\/\/agenciainfra.com\/blog\/","logo":{"@type":"ImageObject","inLanguage":"pt-BR","@id":"https:\/\/agenciainfra.com\/blog\/#\/schema\/logo\/image\/","url":"https:\/\/agenciainfra.com\/blog\/wp-content\/uploads\/2023\/09\/iNFRA_5-e1761735885940.png","contentUrl":"https:\/\/agenciainfra.com\/blog\/wp-content\/uploads\/2023\/09\/iNFRA_5-e1761735885940.png","width":1672,"height":454,"caption":"Ag\u00eancia iNFRA"},"image":{"@id":"https:\/\/agenciainfra.com\/blog\/#\/schema\/logo\/image\/"},"sameAs":["https:\/\/www.facebook.com\/ageninfra","https:\/\/x.com\/agencia_infra","https:\/\/www.linkedin.com\/company\/ag\u00eanciainfra\/","https:\/\/www.instagram.com\/agenciainfra\/"]},{"@type":"Person","@id":"https:\/\/agenciainfra.com\/blog\/#\/schema\/person\/34af08dff6adea4cb22b06612ba7acfa","name":"Ag\u00eancia iNFRA","image":{"@type":"ImageObject","inLanguage":"pt-BR","@id":"https:\/\/agenciainfra.com\/blog\/#\/schema\/person\/image\/","url":"https:\/\/secure.gravatar.com\/avatar\/d189e01678f06d8eb84d4e01f08eb848b3fffe3f8443818d3c356c66892f5be8?s=96&d=mm&r=g","contentUrl":"https:\/\/secure.gravatar.com\/avatar\/d189e01678f06d8eb84d4e01f08eb848b3fffe3f8443818d3c356c66892f5be8?s=96&d=mm&r=g","caption":"Ag\u00eancia iNFRA"},"url":"https:\/\/agenciainfra.com\/blog\/author\/admin\/"}]}},"_links":{"self":[{"href":"https:\/\/agenciainfra.com\/blog\/wp-json\/wp\/v2\/posts\/19321","targetHints":{"allow":["GET"]}}],"collection":[{"href":"https:\/\/agenciainfra.com\/blog\/wp-json\/wp\/v2\/posts"}],"about":[{"href":"https:\/\/agenciainfra.com\/blog\/wp-json\/wp\/v2\/types\/post"}],"author":[{"embeddable":true,"href":"https:\/\/agenciainfra.com\/blog\/wp-json\/wp\/v2\/users\/1"}],"replies":[{"embeddable":true,"href":"https:\/\/agenciainfra.com\/blog\/wp-json\/wp\/v2\/comments?post=19321"}],"version-history":[{"count":1,"href":"https:\/\/agenciainfra.com\/blog\/wp-json\/wp\/v2\/posts\/19321\/revisions"}],"predecessor-version":[{"id":19324,"href":"https:\/\/agenciainfra.com\/blog\/wp-json\/wp\/v2\/posts\/19321\/revisions\/19324"}],"wp:featuredmedia":[{"embeddable":true,"href":"https:\/\/agenciainfra.com\/blog\/wp-json\/wp\/v2\/media\/19322"}],"wp:attachment":[{"href":"https:\/\/agenciainfra.com\/blog\/wp-json\/wp\/v2\/media?parent=19321"}],"wp:term":[{"taxonomy":"category","embeddable":true,"href":"https:\/\/agenciainfra.com\/blog\/wp-json\/wp\/v2\/categories?post=19321"},{"taxonomy":"post_tag","embeddable":true,"href":"https:\/\/agenciainfra.com\/blog\/wp-json\/wp\/v2\/tags?post=19321"}],"curies":[{"name":"wp","href":"https:\/\/api.w.org\/{rel}","templated":true}]}}