{"id":1933,"date":"2018-06-19T05:55:43","date_gmt":"2018-06-19T08:55:43","guid":{"rendered":"http:\/\/www.agenciainfra.com\/blog\/?p=1933"},"modified":"2018-06-19T01:41:23","modified_gmt":"2018-06-19T04:41:23","slug":"saiba-o-que-os-pre-candidatos-a-presidencia-defendem-na-area-de-energia-e-privatizacoes","status":"publish","type":"post","link":"https:\/\/agenciainfra.com\/blog\/saiba-o-que-os-pre-candidatos-a-presidencia-defendem-na-area-de-energia-e-privatizacoes\/","title":{"rendered":"Saiba o que os pr\u00e9-candidatos \u00e0 presid\u00eancia defendem na \u00e1rea de energia e privatiza\u00e7\u00f5es"},"content":{"rendered":"<p>&nbsp;<\/p>\n<p style=\"text-align: right;\"><strong>\u00a0<\/strong><strong>Leila Coimbra, da Ag\u00eancia iNFRA<\/strong><\/p>\n<p>As elei\u00e7\u00f5es presidenciais de 2018 est\u00e3o totalmente abertas e prometem ser das mais emblem\u00e1ticas de todos os tempos. Nas pr\u00f3ximas semanas, algumas defini\u00e7\u00f5es e alian\u00e7as dever\u00e3o ser formadas. Enquanto alguns nomes dever\u00e3o sair da disputa, ou formar coaliz\u00f5es, outros ir\u00e3o se firmar como as principais alternativas e apresentar propostas mais concretas de governo.<\/p>\n<p>A\u00a0<strong>Ag\u00eancia iNFRA<\/strong>\u00a0ir\u00e1 detalhar os programas de cada candidato, mais precisamente suas ideias para a \u00e1rea de energia, com entrevistas junto \u00e0s equipes dos candidatos para a \u00e1rea econ\u00f4mica, assim que o cen\u00e1rio for ficando mais definido.<\/p>\n<p>Enquanto esse quadro menos nebuloso n\u00e3o surge, levantamos um resumo geral sobre o que pensam os pr\u00e9-candidatos com maior relev\u00e2ncia*. Apontamos quem s\u00e3o os economistas contratados para construir a plataforma de suas campanhas; o que eles defendem sobre a \u00e1rea de energia, tamanho do estado e privatiza\u00e7\u00f5es. Leia a seguir:<\/p>\n<p><strong>Jair Bolsonaro (PSL)<\/strong><br \/>\n<strong>Economista: Paulo Guedes<\/strong><br \/>\nO ex-capit\u00e3o do Ex\u00e9rcito ainda n\u00e3o apresentou devidamente seus planos na \u00e1rea econ\u00f4mica, e vive um dilema: tem um hist\u00f3rico estatizante\u00a0e um discurso nacionalista, mas fechou com o economista Paulo Guedes, um liberal, a coordena\u00e7\u00e3o de seu plano econ\u00f4mico, ainda a ser apresentado na campanha eleitoral.<\/p>\n<p>Guedes \u00e9 um dos fundadores do banco Pactual, e defende a menor participa\u00e7\u00e3o do estado e a privatiza\u00e7\u00e3o das estatais brasileiras, uma vis\u00e3o econ\u00f4mica diferente do que defendem os militares nacionalistas.<\/p>\n<p>O pr\u00e9-canditado do PSL ainda n\u00e3o diz publicamente o que defende na \u00e1rea econ\u00f4mica e qual a sua posi\u00e7\u00e3o em rela\u00e7\u00e3o \u00e0s privatiza\u00e7\u00f5es. Argumenta que ainda estuda todos os pontos.<\/p>\n<p><strong>Ciro Gomes (PDT)<\/strong><br \/>\n<strong>Economistas: Mangabeira Unger, Mauro Benevides Filho e Nelson Marconi<\/strong><br \/>\nO programa de governo do pr\u00e9-candidato condena as privatiza\u00e7\u00f5es da Petrobras e da Eletrobras, pois considera a \u00e1rea de energia estrat\u00e9gica. Tamb\u00e9m n\u00e3o venderia bancos estatais, mas defende a concess\u00e3o de estradas e aeroportos.<\/p>\n<p>Ciro Gomes j\u00e1 disse que pode rever o marco regulat\u00f3rio do setor de petr\u00f3leo e reavaliar os campos leiloados durante o governo de Michel Temer. Ele defende que o BNDES volte a ter perfil de banco de fomento com taxa de juros mais barata.<\/p>\n<p>O trio de economistas do pr\u00e9-candidato do PDT argumenta que n\u00e3o existe divis\u00e3o entre estado e mercado, mas que s\u00e3o complementares.<\/p>\n<p><strong>Marina Silva (REDE)<\/strong><br \/>\n<strong>Economistas: Andr\u00e9 Lara Resende e Eduardo Giannetti<\/strong><br \/>\nA pr\u00e9-canditada do Rede \u00e9 contr\u00e1ria \u00e0 ideia de vender a Eletrobras, a Petrobras, o Banco do Brasil e a Caixa Econ\u00f4mica Federal. Mas diz que n\u00e3o tem \u201cdogma\u201d contra privatiza\u00e7\u00f5es.<\/p>\n<p>Marina parece tentar aderir \u00e0 agenda mais liberal, mas o mercado ainda a considera um mist\u00e9rio. Os economistas escolhidos por Marina apontam como pautas urgentes a reforma pol\u00edtica e a crise fiscal do pa\u00eds.\u00a0Lara Resende arquitetou, ao lado de P\u00e9rsio Arida, as bases do Plano Real.<\/p>\n<p><strong>Geraldo Alckmin (PSDB)<\/strong><br \/>\n<strong>Economistas: Persio Arida, Edmar Bacha e Jos\u00e9 Roberto Mendon\u00e7a de Barros<\/strong><br \/>\nO programa de governo do tucano prev\u00ea uma agenda de reformas e privatiza\u00e7\u00f5es, semelhantes ao que o governo de Michel Temer anunciou no seu primeiro ano no poder, mas cuja agenda acabou por se frustrar.<\/p>\n<p>Persio Arida j\u00e1 disse em entrevistas que reconhece que as pol\u00edticas de Michel Temer contribu\u00edram para a economia, mas afirma que a falta de legitimidade pol\u00edtica impediu avan\u00e7os maiores.<\/p>\n<p>De forma geral, Alckmin apoia as privatiza\u00e7\u00f5es, mas sua postura em rela\u00e7\u00e3o \u00e0 Petrobras oscila. E ele diz que n\u00e3o venderia bancos estatais como Banco do Brasil e Caixa Econ\u00f4mica Federal.<\/p>\n<p><strong>Henrique Meirelles (MDB)<\/strong><br \/>\n<strong>Economista: Jos\u00e9 M\u00e1rcio Camargo<\/strong><br \/>\nMeirelles, que tamb\u00e9m \u00e9 economista, \u00e9 outro candidato de defende a continuidade da agenda econ\u00f4mica apresentada por Michel Temer \u2013 que acabou por n\u00e3o se concretizar. Afinal, era o ministro da Fazenda do atual governo e o l\u00edder da equipe econ\u00f4mica.<\/p>\n<p>O ex-ministro defende as privatiza\u00e7\u00f5es da Eletrobras e da Petrobras. Mas tem um pouco mais de cautela com rela\u00e7\u00e3o \u00e0 venda dos bancos estatais porque, segundo ele, h\u00e1 muita concentra\u00e7\u00e3o no setor financeiro nacional. Ele acredita que haver\u00e1 uma evolu\u00e7\u00e3o gradual de toda economia para uma administra\u00e7\u00e3o profissional e privada<\/p>\n<p>Jos\u00e9 M\u00e1rcio Camargo, que trabalhou na elabora\u00e7\u00e3o do programa do MDB Ponte Para o Futuro, em breve apresentar\u00e1 o programa de governo do partido com medidas para o aumento de investimentos nas \u00e1reas de sa\u00fade, educa\u00e7\u00e3o e infraestrutura.<\/p>\n<p><strong>Alvaro Dias (Podemos)<\/strong><br \/>\n<strong>Economista: Pedro Malan e Everardo Maciel<\/strong><br \/>\nO pol\u00edtico paranaense em geral apoia a privatiza\u00e7\u00e3o e promete vender 149 empresas estatais. Mas tem uma lista de empresas que ele descreve como estrat\u00e9gicas, como Petrobras, Eletrobras, Banco do Brasil e Caixa Econ\u00f4mica Federal, que n\u00e3o seriam vendidas.<\/p>\n<p>H\u00e1 poucos dias, o ex-ministro da Fazenda de Fernando Henrique Cardoso, Pedro Malan, se uniu \u00e0 equipe de \u00c1lvaro Dias. Mas, segundo Malan, ser\u00e1 informalmente, pois ele pretende continuar nos assentos que ocupa nos conselhos de administra\u00e7\u00e3o de v\u00e1rias empresas.<\/p>\n<p>Por sugest\u00e3o do ex-ministro da Fazenda de FHC, o economista Everardo Maciel,\u00a0que foi secret\u00e1rio da Receita Federal durante o governo do PSDB, dever\u00e1 ser o coordenador da parte econ\u00f4mica da campanha de Dias.<\/p>\n<p><strong>Joao Amo\u00eado (Novo)<\/strong><br \/>\n<strong>Economista: Gustavo Franco<\/strong><br \/>\nO pr\u00e9-candidato do partido Novo \u00e9 um declarado defensor das privatiza\u00e7\u00f5es Eletrobras, Petrobras e do Banco do Brasil.\u00a0Gustavo Franco, que assessora Amo\u00eado na \u00e1rea econ\u00f4mica, tamb\u00e9m integrou a equipe do Plano Real e foi filiado ao PSDB.<\/p>\n<p>Franco defende reformas previdenci\u00e1ria e trabalhista \u201cmais ambiciosas\u201d, a abertura maior do pa\u00eds para o capital estrangeiro e a redu\u00e7\u00e3o da d\u00edvida p\u00fablica.<\/p>\n<p><strong>Flavio Rocha (PRB)<\/strong><br \/>\n<strong>Economista: indefinido<\/strong><br \/>\nO dono das lojas Riachuelo \u00e9 outro franco defensor de uma agenda liberal e de um grande programa de privatiza\u00e7\u00f5es de todas as estatais, passando por Eletrobras, Petrobras, bancos e Correios.<\/p>\n<p>O empres\u00e1rio tem se movimentado para come\u00e7ar a definir uma equipe econ\u00f4mica que assine o seu plano de governo. Ele j\u00e1 conversou com Arm\u00ednio Fraga, com Paulo Guedes \u2013 que \u00e9 o assessor econ\u00f4mico de Jair Bolsonaro \u2013 e ultimamente tem se reunido com Marcos Lisboa, que hoje ocupa a presid\u00eancia do Insper e j\u00e1 participou do governo Lula.<\/p>\n<p><strong>Lula\/Fernando Haddad (PT)<\/strong><br \/>\n<strong>Economista: M\u00e1rcio Pochmann<\/strong><br \/>\nO Partido dos Trabalhadores tenta ainda viabilizar a candidatura do ex-presidente Lula, que est\u00e1 preso. Um plano B seria lan\u00e7ar o ex-prefeito de S\u00e3o Paulo, Fernando Haddad. Apesar de ainda n\u00e3o ter um nome definido, o PT tem relev\u00e2ncia pol\u00edtica e seu apoio pode ser decisivo na disputa.<\/p>\n<p>Marcio Pochmann, professor da Unicamp, defende o uso de reservas internacionais para investimentos em infraestrutura e a realiza\u00e7\u00e3o de um referendo para revogar medidas de Temer, como a limita\u00e7\u00e3o para gastos do governo e a reforma trabalhista.<\/p>\n<p>Outros economistas da Unicamp, como Lu\u00eds Gonzaga Belluzzo e Ricardo Carneiro, e os ex-ministros Guido Mantega, Nelson Barbosa e Aloizio Mercadante tamb\u00e9m est\u00e3o elaborando a proposta do partido para a \u00e1rea econ\u00f4mica que dever\u00e1 ser apresentada em agosto.<\/p>\n<p>Segundo aliados de Lula, o plano para a economia deve ser o \u00faltimo a ser formatado dentro do partido, a depender do cen\u00e1rio que se desenhar nos pr\u00f3ximos meses.<\/p>\n<p>(*) O pr\u00e9-candidato Rodrigo Maia n\u00e3o foi listado porque j\u00e1 afirmou que pretende desistir da disputa pela presid\u00eancia. Outros candidatos com menos de 1% das inten\u00e7\u00f5es de votos n\u00e3o foram considerados.<\/p>\n","protected":false},"excerpt":{"rendered":"<p>&nbsp; \u00a0Leila Coimbra, da Ag\u00eancia iNFRA As elei\u00e7\u00f5es presidenciais de 2018 est\u00e3o totalmente abertas e prometem ser das mais emblem\u00e1ticas de todos os tempos. Nas pr\u00f3ximas semanas, algumas defini\u00e7\u00f5es e alian\u00e7as dever\u00e3o ser formadas. Enquanto alguns nomes dever\u00e3o sair da disputa, ou formar coaliz\u00f5es, outros ir\u00e3o se firmar como as principais alternativas e apresentar propostas [&hellip;]<\/p>\n","protected":false},"author":1,"featured_media":1935,"comment_status":"closed","ping_status":"open","sticky":false,"template":"","format":"standard","meta":{"_monsterinsights_skip_tracking":false,"_monsterinsights_sitenote_active":false,"_monsterinsights_sitenote_note":"","_monsterinsights_sitenote_category":0,"footnotes":""},"categories":[10],"tags":[25,359,358,51],"class_list":["post-1933","post","type-post","status-publish","format-standard","has-post-thumbnail","hentry","category-infraenergia","tag-energia","tag-estatais","tag-pre-candidatos","tag-privatizacao"],"yoast_head":"<!-- This site is optimized with the Yoast SEO Premium plugin v25.4 (Yoast SEO v26.0) - https:\/\/yoast.com\/wordpress\/plugins\/seo\/ -->\n<title>Saiba o que os pr\u00e9-candidatos \u00e0 presid\u00eancia defendem na \u00e1rea de energia e privatiza\u00e7\u00f5es - Ag\u00eancia iNFRA<\/title>\n<meta name=\"robots\" content=\"index, follow, max-snippet:-1, max-image-preview:large, max-video-preview:-1\" \/>\n<link rel=\"canonical\" href=\"https:\/\/agenciainfra.com\/blog\/saiba-o-que-os-pre-candidatos-a-presidencia-defendem-na-area-de-energia-e-privatizacoes\/\" \/>\n<meta property=\"og:locale\" content=\"pt_BR\" \/>\n<meta property=\"og:type\" content=\"article\" \/>\n<meta property=\"og:title\" content=\"Saiba o que os pr\u00e9-candidatos \u00e0 presid\u00eancia defendem na \u00e1rea de energia e privatiza\u00e7\u00f5es\" \/>\n<meta property=\"og:description\" content=\"&nbsp; \u00a0Leila Coimbra, da Ag\u00eancia iNFRA As elei\u00e7\u00f5es presidenciais de 2018 est\u00e3o totalmente abertas e prometem ser das mais emblem\u00e1ticas de todos os tempos. Nas pr\u00f3ximas semanas, algumas defini\u00e7\u00f5es e alian\u00e7as dever\u00e3o ser formadas. Enquanto alguns nomes dever\u00e3o sair da disputa, ou formar coaliz\u00f5es, outros ir\u00e3o se firmar como as principais alternativas e apresentar propostas [&hellip;]\" \/>\n<meta property=\"og:url\" content=\"https:\/\/agenciainfra.com\/blog\/saiba-o-que-os-pre-candidatos-a-presidencia-defendem-na-area-de-energia-e-privatizacoes\/\" \/>\n<meta property=\"og:site_name\" content=\"Ag\u00eancia iNFRA\" \/>\n<meta property=\"article:publisher\" content=\"https:\/\/www.facebook.com\/ageninfra\" \/>\n<meta property=\"article:published_time\" content=\"2018-06-19T08:55:43+00:00\" \/>\n<meta property=\"og:image\" content=\"https:\/\/agenciainfra.com\/blog\/wp-content\/uploads\/2018\/06\/Energia-UHE-Furnas-2007-Igor-Pessoa-Furnas-e1709738850776.jpg\" \/>\n\t<meta property=\"og:image:width\" content=\"1203\" \/>\n\t<meta property=\"og:image:height\" content=\"794\" \/>\n\t<meta property=\"og:image:type\" content=\"image\/jpeg\" \/>\n<meta name=\"author\" content=\"Ag\u00eancia iNFRA\" \/>\n<meta name=\"twitter:card\" content=\"summary_large_image\" \/>\n<meta name=\"twitter:creator\" content=\"@agencia_infra\" \/>\n<meta name=\"twitter:site\" content=\"@agencia_infra\" \/>\n<meta name=\"twitter:label1\" content=\"Escrito por\" \/>\n\t<meta name=\"twitter:data1\" content=\"Ag\u00eancia iNFRA\" \/>\n\t<meta name=\"twitter:label2\" content=\"Est. tempo de leitura\" \/>\n\t<meta name=\"twitter:data2\" content=\"6 minutos\" \/>\n<script type=\"application\/ld+json\" class=\"yoast-schema-graph\">{\"@context\":\"https:\/\/schema.org\",\"@graph\":[{\"@type\":\"Article\",\"@id\":\"https:\/\/agenciainfra.com\/blog\/saiba-o-que-os-pre-candidatos-a-presidencia-defendem-na-area-de-energia-e-privatizacoes\/#article\",\"isPartOf\":{\"@id\":\"https:\/\/agenciainfra.com\/blog\/saiba-o-que-os-pre-candidatos-a-presidencia-defendem-na-area-de-energia-e-privatizacoes\/\"},\"author\":{\"name\":\"Ag\u00eancia iNFRA\",\"@id\":\"https:\/\/agenciainfra.com\/blog\/#\/schema\/person\/34af08dff6adea4cb22b06612ba7acfa\"},\"headline\":\"Saiba o que os pr\u00e9-candidatos \u00e0 presid\u00eancia defendem na \u00e1rea de energia e privatiza\u00e7\u00f5es\",\"datePublished\":\"2018-06-19T08:55:43+00:00\",\"mainEntityOfPage\":{\"@id\":\"https:\/\/agenciainfra.com\/blog\/saiba-o-que-os-pre-candidatos-a-presidencia-defendem-na-area-de-energia-e-privatizacoes\/\"},\"wordCount\":1305,\"publisher\":{\"@id\":\"https:\/\/agenciainfra.com\/blog\/#organization\"},\"image\":{\"@id\":\"https:\/\/agenciainfra.com\/blog\/saiba-o-que-os-pre-candidatos-a-presidencia-defendem-na-area-de-energia-e-privatizacoes\/#primaryimage\"},\"thumbnailUrl\":\"https:\/\/agenciainfra.com\/blog\/wp-content\/uploads\/2018\/06\/Energia-UHE-Furnas-2007-Igor-Pessoa-Furnas-e1709738850776.jpg\",\"keywords\":[\"energia\",\"estatais\",\"pr\u00e9-candidatos\",\"Privatiza\u00e7\u00e3o\"],\"articleSection\":[\"iNFRAEnergia\"],\"inLanguage\":\"pt-BR\",\"copyrightYear\":\"2018\",\"copyrightHolder\":{\"@id\":\"https:\/\/agenciainfra.com\/blog\/#organization\"}},{\"@type\":\"WebPage\",\"@id\":\"https:\/\/agenciainfra.com\/blog\/saiba-o-que-os-pre-candidatos-a-presidencia-defendem-na-area-de-energia-e-privatizacoes\/\",\"url\":\"https:\/\/agenciainfra.com\/blog\/saiba-o-que-os-pre-candidatos-a-presidencia-defendem-na-area-de-energia-e-privatizacoes\/\",\"name\":\"Saiba o que os pr\u00e9-candidatos \u00e0 presid\u00eancia defendem na \u00e1rea de energia e privatiza\u00e7\u00f5es - Ag\u00eancia iNFRA\",\"isPartOf\":{\"@id\":\"https:\/\/agenciainfra.com\/blog\/#website\"},\"primaryImageOfPage\":{\"@id\":\"https:\/\/agenciainfra.com\/blog\/saiba-o-que-os-pre-candidatos-a-presidencia-defendem-na-area-de-energia-e-privatizacoes\/#primaryimage\"},\"image\":{\"@id\":\"https:\/\/agenciainfra.com\/blog\/saiba-o-que-os-pre-candidatos-a-presidencia-defendem-na-area-de-energia-e-privatizacoes\/#primaryimage\"},\"thumbnailUrl\":\"https:\/\/agenciainfra.com\/blog\/wp-content\/uploads\/2018\/06\/Energia-UHE-Furnas-2007-Igor-Pessoa-Furnas-e1709738850776.jpg\",\"datePublished\":\"2018-06-19T08:55:43+00:00\",\"breadcrumb\":{\"@id\":\"https:\/\/agenciainfra.com\/blog\/saiba-o-que-os-pre-candidatos-a-presidencia-defendem-na-area-de-energia-e-privatizacoes\/#breadcrumb\"},\"inLanguage\":\"pt-BR\",\"potentialAction\":[{\"@type\":\"ReadAction\",\"target\":[\"https:\/\/agenciainfra.com\/blog\/saiba-o-que-os-pre-candidatos-a-presidencia-defendem-na-area-de-energia-e-privatizacoes\/\"]}]},{\"@type\":\"ImageObject\",\"inLanguage\":\"pt-BR\",\"@id\":\"https:\/\/agenciainfra.com\/blog\/saiba-o-que-os-pre-candidatos-a-presidencia-defendem-na-area-de-energia-e-privatizacoes\/#primaryimage\",\"url\":\"https:\/\/agenciainfra.com\/blog\/wp-content\/uploads\/2018\/06\/Energia-UHE-Furnas-2007-Igor-Pessoa-Furnas-e1709738850776.jpg\",\"contentUrl\":\"https:\/\/agenciainfra.com\/blog\/wp-content\/uploads\/2018\/06\/Energia-UHE-Furnas-2007-Igor-Pessoa-Furnas-e1709738850776.jpg\",\"width\":1203,\"height\":794,\"caption\":\"Foto: Igor Pessoa\/Furnas\"},{\"@type\":\"BreadcrumbList\",\"@id\":\"https:\/\/agenciainfra.com\/blog\/saiba-o-que-os-pre-candidatos-a-presidencia-defendem-na-area-de-energia-e-privatizacoes\/#breadcrumb\",\"itemListElement\":[{\"@type\":\"ListItem\",\"position\":1,\"name\":\"In\u00edcio\",\"item\":\"https:\/\/agenciainfra.com\/blog\/\"},{\"@type\":\"ListItem\",\"position\":2,\"name\":\"Saiba o que os pr\u00e9-candidatos \u00e0 presid\u00eancia defendem na \u00e1rea de energia e privatiza\u00e7\u00f5es\"}]},{\"@type\":\"WebSite\",\"@id\":\"https:\/\/agenciainfra.com\/blog\/#website\",\"url\":\"https:\/\/agenciainfra.com\/blog\/\",\"name\":\"Ag\u00eancia iNFRA\",\"description\":\"Multiplataforma de informa\u00e7\u00e3o jornal\u00edstica refer\u00eancia na \u00e1rea de infraestrutura no Brasil!\",\"publisher\":{\"@id\":\"https:\/\/agenciainfra.com\/blog\/#organization\"},\"potentialAction\":[{\"@type\":\"SearchAction\",\"target\":{\"@type\":\"EntryPoint\",\"urlTemplate\":\"https:\/\/agenciainfra.com\/blog\/?s={search_term_string}\"},\"query-input\":{\"@type\":\"PropertyValueSpecification\",\"valueRequired\":true,\"valueName\":\"search_term_string\"}}],\"inLanguage\":\"pt-BR\"},{\"@type\":\"Organization\",\"@id\":\"https:\/\/agenciainfra.com\/blog\/#organization\",\"name\":\"Ag\u00eancia iNFRA\",\"url\":\"https:\/\/agenciainfra.com\/blog\/\",\"logo\":{\"@type\":\"ImageObject\",\"inLanguage\":\"pt-BR\",\"@id\":\"https:\/\/agenciainfra.com\/blog\/#\/schema\/logo\/image\/\",\"url\":\"https:\/\/agenciainfra.com\/blog\/wp-content\/uploads\/2023\/09\/iNFRA_5-e1761735885940.png\",\"contentUrl\":\"https:\/\/agenciainfra.com\/blog\/wp-content\/uploads\/2023\/09\/iNFRA_5-e1761735885940.png\",\"width\":1672,\"height\":454,\"caption\":\"Ag\u00eancia iNFRA\"},\"image\":{\"@id\":\"https:\/\/agenciainfra.com\/blog\/#\/schema\/logo\/image\/\"},\"sameAs\":[\"https:\/\/www.facebook.com\/ageninfra\",\"https:\/\/x.com\/agencia_infra\",\"https:\/\/www.linkedin.com\/company\/ag\u00eanciainfra\/\",\"https:\/\/www.instagram.com\/agenciainfra\/\"]},{\"@type\":\"Person\",\"@id\":\"https:\/\/agenciainfra.com\/blog\/#\/schema\/person\/34af08dff6adea4cb22b06612ba7acfa\",\"name\":\"Ag\u00eancia iNFRA\",\"image\":{\"@type\":\"ImageObject\",\"inLanguage\":\"pt-BR\",\"@id\":\"https:\/\/agenciainfra.com\/blog\/#\/schema\/person\/image\/\",\"url\":\"https:\/\/secure.gravatar.com\/avatar\/d189e01678f06d8eb84d4e01f08eb848b3fffe3f8443818d3c356c66892f5be8?s=96&d=mm&r=g\",\"contentUrl\":\"https:\/\/secure.gravatar.com\/avatar\/d189e01678f06d8eb84d4e01f08eb848b3fffe3f8443818d3c356c66892f5be8?s=96&d=mm&r=g\",\"caption\":\"Ag\u00eancia iNFRA\"},\"url\":\"https:\/\/agenciainfra.com\/blog\/author\/admin\/\"}]}<\/script>\n<!-- \/ Yoast SEO Premium plugin. -->","yoast_head_json":{"title":"Saiba o que os pr\u00e9-candidatos \u00e0 presid\u00eancia defendem na \u00e1rea de energia e privatiza\u00e7\u00f5es - Ag\u00eancia iNFRA","robots":{"index":"index","follow":"follow","max-snippet":"max-snippet:-1","max-image-preview":"max-image-preview:large","max-video-preview":"max-video-preview:-1"},"canonical":"https:\/\/agenciainfra.com\/blog\/saiba-o-que-os-pre-candidatos-a-presidencia-defendem-na-area-de-energia-e-privatizacoes\/","og_locale":"pt_BR","og_type":"article","og_title":"Saiba o que os pr\u00e9-candidatos \u00e0 presid\u00eancia defendem na \u00e1rea de energia e privatiza\u00e7\u00f5es","og_description":"&nbsp; \u00a0Leila Coimbra, da Ag\u00eancia iNFRA As elei\u00e7\u00f5es presidenciais de 2018 est\u00e3o totalmente abertas e prometem ser das mais emblem\u00e1ticas de todos os tempos. Nas pr\u00f3ximas semanas, algumas defini\u00e7\u00f5es e alian\u00e7as dever\u00e3o ser formadas. Enquanto alguns nomes dever\u00e3o sair da disputa, ou formar coaliz\u00f5es, outros ir\u00e3o se firmar como as principais alternativas e apresentar propostas [&hellip;]","og_url":"https:\/\/agenciainfra.com\/blog\/saiba-o-que-os-pre-candidatos-a-presidencia-defendem-na-area-de-energia-e-privatizacoes\/","og_site_name":"Ag\u00eancia iNFRA","article_publisher":"https:\/\/www.facebook.com\/ageninfra","article_published_time":"2018-06-19T08:55:43+00:00","og_image":[{"width":1203,"height":794,"url":"https:\/\/agenciainfra.com\/blog\/wp-content\/uploads\/2018\/06\/Energia-UHE-Furnas-2007-Igor-Pessoa-Furnas-e1709738850776.jpg","type":"image\/jpeg"}],"author":"Ag\u00eancia iNFRA","twitter_card":"summary_large_image","twitter_creator":"@agencia_infra","twitter_site":"@agencia_infra","twitter_misc":{"Escrito por":"Ag\u00eancia iNFRA","Est. tempo de leitura":"6 minutos"},"schema":{"@context":"https:\/\/schema.org","@graph":[{"@type":"Article","@id":"https:\/\/agenciainfra.com\/blog\/saiba-o-que-os-pre-candidatos-a-presidencia-defendem-na-area-de-energia-e-privatizacoes\/#article","isPartOf":{"@id":"https:\/\/agenciainfra.com\/blog\/saiba-o-que-os-pre-candidatos-a-presidencia-defendem-na-area-de-energia-e-privatizacoes\/"},"author":{"name":"Ag\u00eancia iNFRA","@id":"https:\/\/agenciainfra.com\/blog\/#\/schema\/person\/34af08dff6adea4cb22b06612ba7acfa"},"headline":"Saiba o que os pr\u00e9-candidatos \u00e0 presid\u00eancia defendem na \u00e1rea de energia e privatiza\u00e7\u00f5es","datePublished":"2018-06-19T08:55:43+00:00","mainEntityOfPage":{"@id":"https:\/\/agenciainfra.com\/blog\/saiba-o-que-os-pre-candidatos-a-presidencia-defendem-na-area-de-energia-e-privatizacoes\/"},"wordCount":1305,"publisher":{"@id":"https:\/\/agenciainfra.com\/blog\/#organization"},"image":{"@id":"https:\/\/agenciainfra.com\/blog\/saiba-o-que-os-pre-candidatos-a-presidencia-defendem-na-area-de-energia-e-privatizacoes\/#primaryimage"},"thumbnailUrl":"https:\/\/agenciainfra.com\/blog\/wp-content\/uploads\/2018\/06\/Energia-UHE-Furnas-2007-Igor-Pessoa-Furnas-e1709738850776.jpg","keywords":["energia","estatais","pr\u00e9-candidatos","Privatiza\u00e7\u00e3o"],"articleSection":["iNFRAEnergia"],"inLanguage":"pt-BR","copyrightYear":"2018","copyrightHolder":{"@id":"https:\/\/agenciainfra.com\/blog\/#organization"}},{"@type":"WebPage","@id":"https:\/\/agenciainfra.com\/blog\/saiba-o-que-os-pre-candidatos-a-presidencia-defendem-na-area-de-energia-e-privatizacoes\/","url":"https:\/\/agenciainfra.com\/blog\/saiba-o-que-os-pre-candidatos-a-presidencia-defendem-na-area-de-energia-e-privatizacoes\/","name":"Saiba o que os pr\u00e9-candidatos \u00e0 presid\u00eancia defendem na \u00e1rea de energia e privatiza\u00e7\u00f5es - Ag\u00eancia iNFRA","isPartOf":{"@id":"https:\/\/agenciainfra.com\/blog\/#website"},"primaryImageOfPage":{"@id":"https:\/\/agenciainfra.com\/blog\/saiba-o-que-os-pre-candidatos-a-presidencia-defendem-na-area-de-energia-e-privatizacoes\/#primaryimage"},"image":{"@id":"https:\/\/agenciainfra.com\/blog\/saiba-o-que-os-pre-candidatos-a-presidencia-defendem-na-area-de-energia-e-privatizacoes\/#primaryimage"},"thumbnailUrl":"https:\/\/agenciainfra.com\/blog\/wp-content\/uploads\/2018\/06\/Energia-UHE-Furnas-2007-Igor-Pessoa-Furnas-e1709738850776.jpg","datePublished":"2018-06-19T08:55:43+00:00","breadcrumb":{"@id":"https:\/\/agenciainfra.com\/blog\/saiba-o-que-os-pre-candidatos-a-presidencia-defendem-na-area-de-energia-e-privatizacoes\/#breadcrumb"},"inLanguage":"pt-BR","potentialAction":[{"@type":"ReadAction","target":["https:\/\/agenciainfra.com\/blog\/saiba-o-que-os-pre-candidatos-a-presidencia-defendem-na-area-de-energia-e-privatizacoes\/"]}]},{"@type":"ImageObject","inLanguage":"pt-BR","@id":"https:\/\/agenciainfra.com\/blog\/saiba-o-que-os-pre-candidatos-a-presidencia-defendem-na-area-de-energia-e-privatizacoes\/#primaryimage","url":"https:\/\/agenciainfra.com\/blog\/wp-content\/uploads\/2018\/06\/Energia-UHE-Furnas-2007-Igor-Pessoa-Furnas-e1709738850776.jpg","contentUrl":"https:\/\/agenciainfra.com\/blog\/wp-content\/uploads\/2018\/06\/Energia-UHE-Furnas-2007-Igor-Pessoa-Furnas-e1709738850776.jpg","width":1203,"height":794,"caption":"Foto: Igor Pessoa\/Furnas"},{"@type":"BreadcrumbList","@id":"https:\/\/agenciainfra.com\/blog\/saiba-o-que-os-pre-candidatos-a-presidencia-defendem-na-area-de-energia-e-privatizacoes\/#breadcrumb","itemListElement":[{"@type":"ListItem","position":1,"name":"In\u00edcio","item":"https:\/\/agenciainfra.com\/blog\/"},{"@type":"ListItem","position":2,"name":"Saiba o que os pr\u00e9-candidatos \u00e0 presid\u00eancia defendem na \u00e1rea de energia e privatiza\u00e7\u00f5es"}]},{"@type":"WebSite","@id":"https:\/\/agenciainfra.com\/blog\/#website","url":"https:\/\/agenciainfra.com\/blog\/","name":"Ag\u00eancia iNFRA","description":"Multiplataforma de informa\u00e7\u00e3o jornal\u00edstica refer\u00eancia na \u00e1rea de infraestrutura no Brasil!","publisher":{"@id":"https:\/\/agenciainfra.com\/blog\/#organization"},"potentialAction":[{"@type":"SearchAction","target":{"@type":"EntryPoint","urlTemplate":"https:\/\/agenciainfra.com\/blog\/?s={search_term_string}"},"query-input":{"@type":"PropertyValueSpecification","valueRequired":true,"valueName":"search_term_string"}}],"inLanguage":"pt-BR"},{"@type":"Organization","@id":"https:\/\/agenciainfra.com\/blog\/#organization","name":"Ag\u00eancia iNFRA","url":"https:\/\/agenciainfra.com\/blog\/","logo":{"@type":"ImageObject","inLanguage":"pt-BR","@id":"https:\/\/agenciainfra.com\/blog\/#\/schema\/logo\/image\/","url":"https:\/\/agenciainfra.com\/blog\/wp-content\/uploads\/2023\/09\/iNFRA_5-e1761735885940.png","contentUrl":"https:\/\/agenciainfra.com\/blog\/wp-content\/uploads\/2023\/09\/iNFRA_5-e1761735885940.png","width":1672,"height":454,"caption":"Ag\u00eancia iNFRA"},"image":{"@id":"https:\/\/agenciainfra.com\/blog\/#\/schema\/logo\/image\/"},"sameAs":["https:\/\/www.facebook.com\/ageninfra","https:\/\/x.com\/agencia_infra","https:\/\/www.linkedin.com\/company\/ag\u00eanciainfra\/","https:\/\/www.instagram.com\/agenciainfra\/"]},{"@type":"Person","@id":"https:\/\/agenciainfra.com\/blog\/#\/schema\/person\/34af08dff6adea4cb22b06612ba7acfa","name":"Ag\u00eancia iNFRA","image":{"@type":"ImageObject","inLanguage":"pt-BR","@id":"https:\/\/agenciainfra.com\/blog\/#\/schema\/person\/image\/","url":"https:\/\/secure.gravatar.com\/avatar\/d189e01678f06d8eb84d4e01f08eb848b3fffe3f8443818d3c356c66892f5be8?s=96&d=mm&r=g","contentUrl":"https:\/\/secure.gravatar.com\/avatar\/d189e01678f06d8eb84d4e01f08eb848b3fffe3f8443818d3c356c66892f5be8?s=96&d=mm&r=g","caption":"Ag\u00eancia iNFRA"},"url":"https:\/\/agenciainfra.com\/blog\/author\/admin\/"}]}},"_links":{"self":[{"href":"https:\/\/agenciainfra.com\/blog\/wp-json\/wp\/v2\/posts\/1933","targetHints":{"allow":["GET"]}}],"collection":[{"href":"https:\/\/agenciainfra.com\/blog\/wp-json\/wp\/v2\/posts"}],"about":[{"href":"https:\/\/agenciainfra.com\/blog\/wp-json\/wp\/v2\/types\/post"}],"author":[{"embeddable":true,"href":"https:\/\/agenciainfra.com\/blog\/wp-json\/wp\/v2\/users\/1"}],"replies":[{"embeddable":true,"href":"https:\/\/agenciainfra.com\/blog\/wp-json\/wp\/v2\/comments?post=1933"}],"version-history":[{"count":0,"href":"https:\/\/agenciainfra.com\/blog\/wp-json\/wp\/v2\/posts\/1933\/revisions"}],"wp:featuredmedia":[{"embeddable":true,"href":"https:\/\/agenciainfra.com\/blog\/wp-json\/wp\/v2\/media\/1935"}],"wp:attachment":[{"href":"https:\/\/agenciainfra.com\/blog\/wp-json\/wp\/v2\/media?parent=1933"}],"wp:term":[{"taxonomy":"category","embeddable":true,"href":"https:\/\/agenciainfra.com\/blog\/wp-json\/wp\/v2\/categories?post=1933"},{"taxonomy":"post_tag","embeddable":true,"href":"https:\/\/agenciainfra.com\/blog\/wp-json\/wp\/v2\/tags?post=1933"}],"curies":[{"name":"wp","href":"https:\/\/api.w.org\/{rel}","templated":true}]}}