{"id":19333,"date":"2024-11-25T09:00:00","date_gmt":"2024-11-25T12:00:00","guid":{"rendered":"https:\/\/agenciainfra.com\/blog\/?p=19333"},"modified":"2024-11-26T10:33:23","modified_gmt":"2024-11-26T13:33:23","slug":"distribuidoras-itaipu-e-eolicas-semana-deve-ter-decisoes-importantes-para-o-setor-eletrico-na-aneel-e-no-congresso","status":"publish","type":"post","link":"https:\/\/agenciainfra.com\/blog\/distribuidoras-itaipu-e-eolicas-semana-deve-ter-decisoes-importantes-para-o-setor-eletrico-na-aneel-e-no-congresso\/","title":{"rendered":"Distribuidoras, Itaipu e e\u00f3licas: semana deve ter decis\u00f5es importantes para o setor el\u00e9trico na ANEEL e no Congresso"},"content":{"rendered":"\n<p class=\"has-text-align-right\"><strong>Marisa Wanzeller e Geraldo Campos Jr., da Ag\u00eancia iNFRA<\/strong><\/p>\n\n\n\n<p>Temas importantes para o setor el\u00e9trico podem ter conclus\u00f5es nesta semana. Dentre eles, a delibera\u00e7\u00e3o pela ANEEL (Ag\u00eancia Nacional de Energia El\u00e9trica) do processo que determina aportes de R$ 10,25 bilh\u00f5es em seis distribuidoras de energia para cumprir meta de endividamento. Outro tema relevante, a\u00a0decis\u00e3o sobre o b\u00f4nus da usina de Itaipu, tamb\u00e9m faz parte da\u00a0<a href=\"https:\/\/www2.aneel.gov.br\/aplicacoes_liferay\/noticias_area\/?idAreaNoticia=425\" target=\"_blank\" rel=\"noreferrer noopener\">pauta<\/a>\u00a0da reuni\u00e3o de diretoria da ANEEL nesta ter\u00e7a-feira (26). Um desfecho para o Marco Legal das E\u00f3licas Offshore no Senado Federal tamb\u00e9m \u00e9 esperado.\u00a0<\/p>\n\n\n\n<p><strong>Itaipu<\/strong><br>A reguladora vai dar andamento ao repasse do b\u00f4nus de R$ 1,3 bilh\u00e3o da conta de Itaipu para abatimento das tarifas de energia el\u00e9trica. O processo est\u00e1 travado na ag\u00eancia de junho a setembro, por solicita\u00e7\u00e3o do governo federal, que estudava uma MP (Medida Provis\u00f3ria) a fim de destinar os recursos para a\u00e7\u00f5es de mitiga\u00e7\u00e3o da situa\u00e7\u00e3o de calamidade p\u00fablica no Rio Grande do Sul, ap\u00f3s enchentes atingirem o estado.<\/p>\n\n\n\n<p>Em 22 de outubro, o relator do processo, diretor Ricardo Tili, encaminhou um&nbsp;<a href=\"https:\/\/mcusercontent.com\/d460dd1bcf9ba0ae040e1fc0f\/files\/5347d07a-6acd-a61b-dfe0-2350d4a99584\/oficio_tili_mme_itaipu.pdf\" target=\"_blank\" rel=\"noreferrer noopener\">of\u00edcio<\/a>&nbsp;ao MME (Minist\u00e9rio de Minas e Energia) questionando sobre o andamento da medida e se ainda haveria necessidade de preserva\u00e7\u00e3o dos recursos da Conta de Comercializa\u00e7\u00e3o de Energia El\u00e9trica de Itaipu para auxiliar a\u00e7\u00f5es da pasta.&nbsp;<\/p>\n\n\n\n<p>No of\u00edcio, o relator exp\u00f4s que, diante da falta de publica\u00e7\u00e3o da MP, a STR (Superintend\u00eancia de Gest\u00e3o Tarif\u00e1ria e Regula\u00e7\u00e3o Econ\u00f4mica) da ANEEL publicou a&nbsp;<a href=\"https:\/\/mcusercontent.com\/d460dd1bcf9ba0ae040e1fc0f\/files\/94895911-fb26-0101-fba0-64e29bfa03f2\/nota_tecnica_itaipu.pdf\" target=\"_blank\" rel=\"noreferrer noopener\">NT (Nota T\u00e9cnica) 161\/2024<\/a>, na qual recomenda o repasse do saldo \u00e0s unidades consumidoras das classes residencial e rural, com consumo mensal inferior a 350 kWh (quilowatt-hora), na forma de cr\u00e9dito de b\u00f4nus de Itaipu, \u201ccaso n\u00e3o haja necessidade de preserva\u00e7\u00e3o desses recursos&#8221;.<\/p>\n\n\n\n<p>Uma resposta s\u00f3 foi dada pelo minist\u00e9rio na \u00faltima sexta-feira (22), depois de o processo j\u00e1 estar incluso na pauta da ANEEL de ter\u00e7a. Em&nbsp;<a href=\"https:\/\/mcusercontent.com\/d460dd1bcf9ba0ae040e1fc0f\/files\/c3ac0539-6f30-266f-063f-77eaae227112\/of_612_aneel.pdf\" target=\"_blank\" rel=\"noreferrer noopener\">of\u00edcio<\/a>, o ministro Alexandre Silveira recomendou que o b\u00f4nus seja distribu\u00eddo entre todos os consumidores para abatimento nas tarifas de energia el\u00e9trica, de forma a contribuir com a meta de infla\u00e7\u00e3o. Tamb\u00e9m pediu \u00e0 ag\u00eancia que sejam adotados valores equilibrados para as bandeiras tarif\u00e1rias.<\/p>\n\n\n\n<p>O montante de R$ 1,3 bilh\u00e3o \u00e9 composto por R$ 399 milh\u00f5es oriundos do saldo da Conta de Comercializa\u00e7\u00e3o de Itaipu em 2023 e R$ 841 milh\u00f5es respectivos ao total devolvido pelas distribuidoras, referentes aos diferimentos dos repasses tarif\u00e1rios, com base nos saldos da Conta de Itaipu de 2020 e de 2021. H\u00e1 ainda outros R$ 65 milh\u00f5es frutos de rendimentos da aplica\u00e7\u00e3o do saldo.<\/p>\n\n\n\n<p>A estimativa da ANEEL \u00e9 que 78 milh\u00f5es de unidades consumidoras ser\u00e3o benefici\u00e1rias com o rateio do saldo, com cr\u00e9dito m\u00e9dio de R$ 16,66 nas faturas de energia de dezembro, o que deve aliviar os \u00edndices de infla\u00e7\u00e3o no m\u00eas. O valor a ser repassado pela ENBPar (Empresa Brasileira de Participa\u00e7\u00f5es em Energia Nuclear e Binacional) varia conforme a distribuidora.<\/p>\n\n\n\n<p><strong>Distribuidoras<\/strong><br>Outro tema que retorna para debate do colegiado na ANEEL \u00e9 a adequa\u00e7\u00e3o dos n\u00edveis de endividamento de seis distribuidoras aos limites regulat\u00f3rios. O relator original do processo, diretor Fernando Mosna, votou no sentido de que as empresas recebam R$ 10,25 bilh\u00f5es de seus acionistas no prazo de 90 dias.<\/p>\n\n\n\n<p>O processo est\u00e1 sob vista da diretora Agnes Costa, que, apesar de concordar com o m\u00e9rito do voto, manifestou discord\u00e2ncia com o tempo limite para a realiza\u00e7\u00e3o dos aportes. Segundo Agnes, 180 dias seria o prazo adequado \u201cpelo princ\u00edpio da isonomia e o princ\u00edpio de razoabilidade para viabilizar recursos dessa monta&#8221;. &nbsp;<\/p>\n\n\n\n<p>Mosna sustentou o entendimento de que os aportes ocorram em at\u00e9 90 dias, entre os motivos, para que n\u00e3o prejudique o processo de renova\u00e7\u00e3o das concess\u00f5es, o que levou ao pedido de vista.&nbsp;<\/p>\n\n\n\n<p>O processo chegou a entrar na pauta da \u00faltima RPO (Reuni\u00e3o P\u00fablica Ordin\u00e1ria), mas foi retirado antes mesmo da reuni\u00e3o.&nbsp;<\/p>\n\n\n\n<p>Segundo o relator, ter\u00e3o que ser feitos aportes nas empresas Light (R$ 4,3 bilh\u00f5es), Enel Rio (R$ 2,8 bilh\u00f5es), Energisa Rond\u00f4nia (R$ 1,5 bilh\u00e3o), Neoenergia Bras\u00edlia (R$ 1,1 bilh\u00e3o), Energisa Acre (R$ 430 milh\u00f5es) e Neoenergia Pernambuco (R$ 124 milh\u00f5es). Essas aplica\u00e7\u00f5es dever\u00e3o ser feitas pelos controladores.&nbsp;<\/p>\n\n\n\n<p><strong>E\u00f3licas offshore<\/strong><br>No Congresso, h\u00e1 expectativa de que o Senado Federal aprove o Marco Legal das E\u00f3licas Offshore nesta semana. O&nbsp;<a href=\"https:\/\/agenciainfra.us14.list-manage.com\/track\/click?u=d460dd1bcf9ba0ae040e1fc0f&amp;id=04f5db15f8&amp;e=cccbf75ee3\" target=\"_blank\" rel=\"noreferrer noopener\">PL (Projeto de Lei) 576\/2021<\/a>&nbsp;foi aprovado na C\u00e2mara dos Deputados h\u00e1 um ano, em novembro de 2023, e a partir disso&nbsp;n\u00e3o teve relat\u00f3rio publicado no Senado Federal.&nbsp;<\/p>\n\n\n\n<p>Fontes disseram \u00e0&nbsp;<strong>Ag\u00eancia iNFRA<\/strong>&nbsp;que o relator, Weverton Rocha (PDT-MA), dever\u00e1 publicar seu parecer a tempo de a casa apreciar o projeto ainda nesta ter\u00e7a-feira (26). Tamb\u00e9m se espera que seja aprovado um requerimento de urg\u00eancia, para que a mat\u00e9ria possa ser votada direto em plen\u00e1rio, sem precisar passar pelo crivo das comiss\u00f5es.&nbsp;<\/p>\n\n\n\n<p>Os \u201cjabutis\u201d inseridos no texto pela C\u00e2mara dos Deputados devem ser mantidos no relat\u00f3rio, disseram fontes. Dentre eles est\u00e1 a prorroga\u00e7\u00e3o at\u00e9 2050 dos contratos de t\u00e9rmicas a carv\u00e3o que venceriam at\u00e9 2028. Tal emenda foi defendida pelo governo junto \u00e0 relatoria, tamb\u00e9m com a justificativa de apoio ao estado do Rio Grande do Sul.&nbsp;<\/p>\n\n\n\n<p>Outras emendas alheias \u00e0 mat\u00e9ria que devem permanecer no relat\u00f3rio s\u00e3o: 1) estender em 36 meses o prazo para projetos renov\u00e1veis de at\u00e9 30 MW (megawatts) entrarem em opera\u00e7\u00e3o com subs\u00eddios; 2) distribuir parte dos 8 GW (gigawatts) de contrata\u00e7\u00e3o compuls\u00f3ria de termel\u00e9tricas prevista na lei de desestatiza\u00e7\u00e3o da Eletrobras para contrata\u00e7\u00e3o de PCHs (Pequenas Centrais Hidrel\u00e9tricas); e 3) prorrogar em 24 meses os prazos para benef\u00edcios a projetos de MMGD (mini e microgera\u00e7\u00e3o solar distribu\u00edda).<\/p>\n","protected":false},"excerpt":{"rendered":"<p>Marisa Wanzeller e Geraldo Campos Jr., da Ag\u00eancia iNFRA Temas importantes para o setor el\u00e9trico podem ter conclus\u00f5es nesta semana. Dentre eles, a delibera\u00e7\u00e3o pela ANEEL (Ag\u00eancia Nacional de Energia El\u00e9trica) do processo que determina aportes de R$ 10,25 bilh\u00f5es em seis distribuidoras de energia para cumprir meta de endividamento. Outro tema relevante, a\u00a0decis\u00e3o sobre [&hellip;]<\/p>\n","protected":false},"author":1,"featured_media":8761,"comment_status":"closed","ping_status":"closed","sticky":false,"template":"","format":"standard","meta":{"_monsterinsights_skip_tracking":false,"_monsterinsights_sitenote_active":false,"_monsterinsights_sitenote_note":"","_monsterinsights_sitenote_category":0,"footnotes":""},"categories":[7250,1,10],"tags":[53,11792,11793,11594,99,7145,7366,7141,11764,739],"class_list":["post-19333","post","type-post","status-publish","format-standard","has-post-thumbnail","hentry","category-destaque-lista","category-geral","category-infraenergia","tag-aneel","tag-contas-de-itaipu","tag-endividamento-de-distribuidoras","tag-geraldo-campos-jr","tag-itaipu","tag-marco-legal-das-eolicas-offshore","tag-marisa-wanzeller","tag-pautas","tag-reuniao-da-aneel","tag-tarifa"],"yoast_head":"<!-- This site is optimized with the Yoast SEO Premium plugin v25.4 (Yoast SEO v26.0) - https:\/\/yoast.com\/wordpress\/plugins\/seo\/ -->\n<title>Distribuidoras, Itaipu e e\u00f3licas: semana deve ter decis\u00f5es importantes para o setor el\u00e9trico na ANEEL e no Congresso - Ag\u00eancia iNFRA<\/title>\n<meta name=\"robots\" content=\"index, follow, max-snippet:-1, max-image-preview:large, max-video-preview:-1\" \/>\n<link rel=\"canonical\" href=\"https:\/\/agenciainfra.com\/blog\/distribuidoras-itaipu-e-eolicas-semana-deve-ter-decisoes-importantes-para-o-setor-eletrico-na-aneel-e-no-congresso\/\" \/>\n<meta property=\"og:locale\" content=\"pt_BR\" \/>\n<meta property=\"og:type\" content=\"article\" \/>\n<meta property=\"og:title\" content=\"Distribuidoras, Itaipu e e\u00f3licas: semana deve ter decis\u00f5es importantes para o setor el\u00e9trico na ANEEL e no Congresso\" \/>\n<meta property=\"og:description\" content=\"Marisa Wanzeller e Geraldo Campos Jr., da Ag\u00eancia iNFRA Temas importantes para o setor el\u00e9trico podem ter conclus\u00f5es nesta semana. Dentre eles, a delibera\u00e7\u00e3o pela ANEEL (Ag\u00eancia Nacional de Energia El\u00e9trica) do processo que determina aportes de R$ 10,25 bilh\u00f5es em seis distribuidoras de energia para cumprir meta de endividamento. Outro tema relevante, a\u00a0decis\u00e3o sobre [&hellip;]\" \/>\n<meta property=\"og:url\" content=\"https:\/\/agenciainfra.com\/blog\/distribuidoras-itaipu-e-eolicas-semana-deve-ter-decisoes-importantes-para-o-setor-eletrico-na-aneel-e-no-congresso\/\" \/>\n<meta property=\"og:site_name\" content=\"Ag\u00eancia iNFRA\" \/>\n<meta property=\"article:publisher\" content=\"https:\/\/www.facebook.com\/ageninfra\" \/>\n<meta property=\"article:published_time\" content=\"2024-11-25T12:00:00+00:00\" \/>\n<meta property=\"article:modified_time\" content=\"2024-11-26T13:33:23+00:00\" \/>\n<meta property=\"og:image\" content=\"https:\/\/agenciainfra.com\/blog\/wp-content\/uploads\/2021\/10\/energia-renovavel-eolica-foto-dominio-publico.jpeg\" \/>\n\t<meta property=\"og:image:width\" content=\"1280\" \/>\n\t<meta property=\"og:image:height\" content=\"853\" \/>\n\t<meta property=\"og:image:type\" content=\"image\/jpeg\" \/>\n<meta name=\"author\" content=\"Ag\u00eancia iNFRA\" \/>\n<meta name=\"twitter:card\" content=\"summary_large_image\" \/>\n<meta name=\"twitter:creator\" content=\"@agencia_infra\" \/>\n<meta name=\"twitter:site\" content=\"@agencia_infra\" \/>\n<meta name=\"twitter:label1\" content=\"Escrito por\" \/>\n\t<meta name=\"twitter:data1\" content=\"Ag\u00eancia iNFRA\" \/>\n\t<meta name=\"twitter:label2\" content=\"Est. tempo de leitura\" \/>\n\t<meta name=\"twitter:data2\" content=\"5 minutos\" \/>\n<script type=\"application\/ld+json\" class=\"yoast-schema-graph\">{\"@context\":\"https:\/\/schema.org\",\"@graph\":[{\"@type\":\"Article\",\"@id\":\"https:\/\/agenciainfra.com\/blog\/distribuidoras-itaipu-e-eolicas-semana-deve-ter-decisoes-importantes-para-o-setor-eletrico-na-aneel-e-no-congresso\/#article\",\"isPartOf\":{\"@id\":\"https:\/\/agenciainfra.com\/blog\/distribuidoras-itaipu-e-eolicas-semana-deve-ter-decisoes-importantes-para-o-setor-eletrico-na-aneel-e-no-congresso\/\"},\"author\":{\"name\":\"Ag\u00eancia iNFRA\",\"@id\":\"https:\/\/agenciainfra.com\/blog\/#\/schema\/person\/34af08dff6adea4cb22b06612ba7acfa\"},\"headline\":\"Distribuidoras, Itaipu e e\u00f3licas: semana deve ter decis\u00f5es importantes para o setor el\u00e9trico na ANEEL e no Congresso\",\"datePublished\":\"2024-11-25T12:00:00+00:00\",\"dateModified\":\"2024-11-26T13:33:23+00:00\",\"mainEntityOfPage\":{\"@id\":\"https:\/\/agenciainfra.com\/blog\/distribuidoras-itaipu-e-eolicas-semana-deve-ter-decisoes-importantes-para-o-setor-eletrico-na-aneel-e-no-congresso\/\"},\"wordCount\":1033,\"publisher\":{\"@id\":\"https:\/\/agenciainfra.com\/blog\/#organization\"},\"image\":{\"@id\":\"https:\/\/agenciainfra.com\/blog\/distribuidoras-itaipu-e-eolicas-semana-deve-ter-decisoes-importantes-para-o-setor-eletrico-na-aneel-e-no-congresso\/#primaryimage\"},\"thumbnailUrl\":\"https:\/\/agenciainfra.com\/blog\/wp-content\/uploads\/2021\/10\/energia-renovavel-eolica-foto-dominio-publico.jpeg\",\"keywords\":[\"ANEEL\",\"contas de itaipu\",\"endividamento de distribuidoras\",\"Geraldo Campos Jr.\",\"Itaipu\",\"Marco Legal das E\u00f3licas Offshore\",\"Marisa Wanzeller\",\"pautas\",\"reuni\u00e3o da aneel\",\"Tarifa\"],\"articleSection\":[\"Destaque lista\",\"Geral\",\"iNFRAEnergia\"],\"inLanguage\":\"pt-BR\",\"copyrightYear\":\"2024\",\"copyrightHolder\":{\"@id\":\"https:\/\/agenciainfra.com\/blog\/#organization\"}},{\"@type\":\"WebPage\",\"@id\":\"https:\/\/agenciainfra.com\/blog\/distribuidoras-itaipu-e-eolicas-semana-deve-ter-decisoes-importantes-para-o-setor-eletrico-na-aneel-e-no-congresso\/\",\"url\":\"https:\/\/agenciainfra.com\/blog\/distribuidoras-itaipu-e-eolicas-semana-deve-ter-decisoes-importantes-para-o-setor-eletrico-na-aneel-e-no-congresso\/\",\"name\":\"Distribuidoras, Itaipu e e\u00f3licas: semana deve ter decis\u00f5es importantes para o setor el\u00e9trico na ANEEL e no Congresso - Ag\u00eancia iNFRA\",\"isPartOf\":{\"@id\":\"https:\/\/agenciainfra.com\/blog\/#website\"},\"primaryImageOfPage\":{\"@id\":\"https:\/\/agenciainfra.com\/blog\/distribuidoras-itaipu-e-eolicas-semana-deve-ter-decisoes-importantes-para-o-setor-eletrico-na-aneel-e-no-congresso\/#primaryimage\"},\"image\":{\"@id\":\"https:\/\/agenciainfra.com\/blog\/distribuidoras-itaipu-e-eolicas-semana-deve-ter-decisoes-importantes-para-o-setor-eletrico-na-aneel-e-no-congresso\/#primaryimage\"},\"thumbnailUrl\":\"https:\/\/agenciainfra.com\/blog\/wp-content\/uploads\/2021\/10\/energia-renovavel-eolica-foto-dominio-publico.jpeg\",\"datePublished\":\"2024-11-25T12:00:00+00:00\",\"dateModified\":\"2024-11-26T13:33:23+00:00\",\"breadcrumb\":{\"@id\":\"https:\/\/agenciainfra.com\/blog\/distribuidoras-itaipu-e-eolicas-semana-deve-ter-decisoes-importantes-para-o-setor-eletrico-na-aneel-e-no-congresso\/#breadcrumb\"},\"inLanguage\":\"pt-BR\",\"potentialAction\":[{\"@type\":\"ReadAction\",\"target\":[\"https:\/\/agenciainfra.com\/blog\/distribuidoras-itaipu-e-eolicas-semana-deve-ter-decisoes-importantes-para-o-setor-eletrico-na-aneel-e-no-congresso\/\"]}]},{\"@type\":\"ImageObject\",\"inLanguage\":\"pt-BR\",\"@id\":\"https:\/\/agenciainfra.com\/blog\/distribuidoras-itaipu-e-eolicas-semana-deve-ter-decisoes-importantes-para-o-setor-eletrico-na-aneel-e-no-congresso\/#primaryimage\",\"url\":\"https:\/\/agenciainfra.com\/blog\/wp-content\/uploads\/2021\/10\/energia-renovavel-eolica-foto-dominio-publico.jpeg\",\"contentUrl\":\"https:\/\/agenciainfra.com\/blog\/wp-content\/uploads\/2021\/10\/energia-renovavel-eolica-foto-dominio-publico.jpeg\",\"width\":1280,\"height\":853,\"caption\":\"Foto: Dom\u00ednio P\u00fablico\"},{\"@type\":\"BreadcrumbList\",\"@id\":\"https:\/\/agenciainfra.com\/blog\/distribuidoras-itaipu-e-eolicas-semana-deve-ter-decisoes-importantes-para-o-setor-eletrico-na-aneel-e-no-congresso\/#breadcrumb\",\"itemListElement\":[{\"@type\":\"ListItem\",\"position\":1,\"name\":\"In\u00edcio\",\"item\":\"https:\/\/agenciainfra.com\/blog\/\"},{\"@type\":\"ListItem\",\"position\":2,\"name\":\"Distribuidoras, Itaipu e e\u00f3licas: semana deve ter decis\u00f5es importantes para o setor el\u00e9trico na ANEEL e no Congresso\"}]},{\"@type\":\"WebSite\",\"@id\":\"https:\/\/agenciainfra.com\/blog\/#website\",\"url\":\"https:\/\/agenciainfra.com\/blog\/\",\"name\":\"Ag\u00eancia iNFRA\",\"description\":\"Multiplataforma de informa\u00e7\u00e3o jornal\u00edstica refer\u00eancia na \u00e1rea de infraestrutura no Brasil!\",\"publisher\":{\"@id\":\"https:\/\/agenciainfra.com\/blog\/#organization\"},\"potentialAction\":[{\"@type\":\"SearchAction\",\"target\":{\"@type\":\"EntryPoint\",\"urlTemplate\":\"https:\/\/agenciainfra.com\/blog\/?s={search_term_string}\"},\"query-input\":{\"@type\":\"PropertyValueSpecification\",\"valueRequired\":true,\"valueName\":\"search_term_string\"}}],\"inLanguage\":\"pt-BR\"},{\"@type\":\"Organization\",\"@id\":\"https:\/\/agenciainfra.com\/blog\/#organization\",\"name\":\"Ag\u00eancia iNFRA\",\"url\":\"https:\/\/agenciainfra.com\/blog\/\",\"logo\":{\"@type\":\"ImageObject\",\"inLanguage\":\"pt-BR\",\"@id\":\"https:\/\/agenciainfra.com\/blog\/#\/schema\/logo\/image\/\",\"url\":\"https:\/\/agenciainfra.com\/blog\/wp-content\/uploads\/2023\/09\/iNFRA_5-e1761735885940.png\",\"contentUrl\":\"https:\/\/agenciainfra.com\/blog\/wp-content\/uploads\/2023\/09\/iNFRA_5-e1761735885940.png\",\"width\":1672,\"height\":454,\"caption\":\"Ag\u00eancia iNFRA\"},\"image\":{\"@id\":\"https:\/\/agenciainfra.com\/blog\/#\/schema\/logo\/image\/\"},\"sameAs\":[\"https:\/\/www.facebook.com\/ageninfra\",\"https:\/\/x.com\/agencia_infra\",\"https:\/\/www.linkedin.com\/company\/ag\u00eanciainfra\/\",\"https:\/\/www.instagram.com\/agenciainfra\/\"]},{\"@type\":\"Person\",\"@id\":\"https:\/\/agenciainfra.com\/blog\/#\/schema\/person\/34af08dff6adea4cb22b06612ba7acfa\",\"name\":\"Ag\u00eancia iNFRA\",\"image\":{\"@type\":\"ImageObject\",\"inLanguage\":\"pt-BR\",\"@id\":\"https:\/\/agenciainfra.com\/blog\/#\/schema\/person\/image\/\",\"url\":\"https:\/\/secure.gravatar.com\/avatar\/d189e01678f06d8eb84d4e01f08eb848b3fffe3f8443818d3c356c66892f5be8?s=96&d=mm&r=g\",\"contentUrl\":\"https:\/\/secure.gravatar.com\/avatar\/d189e01678f06d8eb84d4e01f08eb848b3fffe3f8443818d3c356c66892f5be8?s=96&d=mm&r=g\",\"caption\":\"Ag\u00eancia iNFRA\"},\"url\":\"https:\/\/agenciainfra.com\/blog\/author\/admin\/\"}]}<\/script>\n<!-- \/ Yoast SEO Premium plugin. -->","yoast_head_json":{"title":"Distribuidoras, Itaipu e e\u00f3licas: semana deve ter decis\u00f5es importantes para o setor el\u00e9trico na ANEEL e no Congresso - Ag\u00eancia iNFRA","robots":{"index":"index","follow":"follow","max-snippet":"max-snippet:-1","max-image-preview":"max-image-preview:large","max-video-preview":"max-video-preview:-1"},"canonical":"https:\/\/agenciainfra.com\/blog\/distribuidoras-itaipu-e-eolicas-semana-deve-ter-decisoes-importantes-para-o-setor-eletrico-na-aneel-e-no-congresso\/","og_locale":"pt_BR","og_type":"article","og_title":"Distribuidoras, Itaipu e e\u00f3licas: semana deve ter decis\u00f5es importantes para o setor el\u00e9trico na ANEEL e no Congresso","og_description":"Marisa Wanzeller e Geraldo Campos Jr., da Ag\u00eancia iNFRA Temas importantes para o setor el\u00e9trico podem ter conclus\u00f5es nesta semana. Dentre eles, a delibera\u00e7\u00e3o pela ANEEL (Ag\u00eancia Nacional de Energia El\u00e9trica) do processo que determina aportes de R$ 10,25 bilh\u00f5es em seis distribuidoras de energia para cumprir meta de endividamento. Outro tema relevante, a\u00a0decis\u00e3o sobre [&hellip;]","og_url":"https:\/\/agenciainfra.com\/blog\/distribuidoras-itaipu-e-eolicas-semana-deve-ter-decisoes-importantes-para-o-setor-eletrico-na-aneel-e-no-congresso\/","og_site_name":"Ag\u00eancia iNFRA","article_publisher":"https:\/\/www.facebook.com\/ageninfra","article_published_time":"2024-11-25T12:00:00+00:00","article_modified_time":"2024-11-26T13:33:23+00:00","og_image":[{"width":1280,"height":853,"url":"https:\/\/agenciainfra.com\/blog\/wp-content\/uploads\/2021\/10\/energia-renovavel-eolica-foto-dominio-publico.jpeg","type":"image\/jpeg"}],"author":"Ag\u00eancia iNFRA","twitter_card":"summary_large_image","twitter_creator":"@agencia_infra","twitter_site":"@agencia_infra","twitter_misc":{"Escrito por":"Ag\u00eancia iNFRA","Est. tempo de leitura":"5 minutos"},"schema":{"@context":"https:\/\/schema.org","@graph":[{"@type":"Article","@id":"https:\/\/agenciainfra.com\/blog\/distribuidoras-itaipu-e-eolicas-semana-deve-ter-decisoes-importantes-para-o-setor-eletrico-na-aneel-e-no-congresso\/#article","isPartOf":{"@id":"https:\/\/agenciainfra.com\/blog\/distribuidoras-itaipu-e-eolicas-semana-deve-ter-decisoes-importantes-para-o-setor-eletrico-na-aneel-e-no-congresso\/"},"author":{"name":"Ag\u00eancia iNFRA","@id":"https:\/\/agenciainfra.com\/blog\/#\/schema\/person\/34af08dff6adea4cb22b06612ba7acfa"},"headline":"Distribuidoras, Itaipu e e\u00f3licas: semana deve ter decis\u00f5es importantes para o setor el\u00e9trico na ANEEL e no Congresso","datePublished":"2024-11-25T12:00:00+00:00","dateModified":"2024-11-26T13:33:23+00:00","mainEntityOfPage":{"@id":"https:\/\/agenciainfra.com\/blog\/distribuidoras-itaipu-e-eolicas-semana-deve-ter-decisoes-importantes-para-o-setor-eletrico-na-aneel-e-no-congresso\/"},"wordCount":1033,"publisher":{"@id":"https:\/\/agenciainfra.com\/blog\/#organization"},"image":{"@id":"https:\/\/agenciainfra.com\/blog\/distribuidoras-itaipu-e-eolicas-semana-deve-ter-decisoes-importantes-para-o-setor-eletrico-na-aneel-e-no-congresso\/#primaryimage"},"thumbnailUrl":"https:\/\/agenciainfra.com\/blog\/wp-content\/uploads\/2021\/10\/energia-renovavel-eolica-foto-dominio-publico.jpeg","keywords":["ANEEL","contas de itaipu","endividamento de distribuidoras","Geraldo Campos Jr.","Itaipu","Marco Legal das E\u00f3licas Offshore","Marisa Wanzeller","pautas","reuni\u00e3o da aneel","Tarifa"],"articleSection":["Destaque lista","Geral","iNFRAEnergia"],"inLanguage":"pt-BR","copyrightYear":"2024","copyrightHolder":{"@id":"https:\/\/agenciainfra.com\/blog\/#organization"}},{"@type":"WebPage","@id":"https:\/\/agenciainfra.com\/blog\/distribuidoras-itaipu-e-eolicas-semana-deve-ter-decisoes-importantes-para-o-setor-eletrico-na-aneel-e-no-congresso\/","url":"https:\/\/agenciainfra.com\/blog\/distribuidoras-itaipu-e-eolicas-semana-deve-ter-decisoes-importantes-para-o-setor-eletrico-na-aneel-e-no-congresso\/","name":"Distribuidoras, Itaipu e e\u00f3licas: semana deve ter decis\u00f5es importantes para o setor el\u00e9trico na ANEEL e no Congresso - Ag\u00eancia iNFRA","isPartOf":{"@id":"https:\/\/agenciainfra.com\/blog\/#website"},"primaryImageOfPage":{"@id":"https:\/\/agenciainfra.com\/blog\/distribuidoras-itaipu-e-eolicas-semana-deve-ter-decisoes-importantes-para-o-setor-eletrico-na-aneel-e-no-congresso\/#primaryimage"},"image":{"@id":"https:\/\/agenciainfra.com\/blog\/distribuidoras-itaipu-e-eolicas-semana-deve-ter-decisoes-importantes-para-o-setor-eletrico-na-aneel-e-no-congresso\/#primaryimage"},"thumbnailUrl":"https:\/\/agenciainfra.com\/blog\/wp-content\/uploads\/2021\/10\/energia-renovavel-eolica-foto-dominio-publico.jpeg","datePublished":"2024-11-25T12:00:00+00:00","dateModified":"2024-11-26T13:33:23+00:00","breadcrumb":{"@id":"https:\/\/agenciainfra.com\/blog\/distribuidoras-itaipu-e-eolicas-semana-deve-ter-decisoes-importantes-para-o-setor-eletrico-na-aneel-e-no-congresso\/#breadcrumb"},"inLanguage":"pt-BR","potentialAction":[{"@type":"ReadAction","target":["https:\/\/agenciainfra.com\/blog\/distribuidoras-itaipu-e-eolicas-semana-deve-ter-decisoes-importantes-para-o-setor-eletrico-na-aneel-e-no-congresso\/"]}]},{"@type":"ImageObject","inLanguage":"pt-BR","@id":"https:\/\/agenciainfra.com\/blog\/distribuidoras-itaipu-e-eolicas-semana-deve-ter-decisoes-importantes-para-o-setor-eletrico-na-aneel-e-no-congresso\/#primaryimage","url":"https:\/\/agenciainfra.com\/blog\/wp-content\/uploads\/2021\/10\/energia-renovavel-eolica-foto-dominio-publico.jpeg","contentUrl":"https:\/\/agenciainfra.com\/blog\/wp-content\/uploads\/2021\/10\/energia-renovavel-eolica-foto-dominio-publico.jpeg","width":1280,"height":853,"caption":"Foto: Dom\u00ednio P\u00fablico"},{"@type":"BreadcrumbList","@id":"https:\/\/agenciainfra.com\/blog\/distribuidoras-itaipu-e-eolicas-semana-deve-ter-decisoes-importantes-para-o-setor-eletrico-na-aneel-e-no-congresso\/#breadcrumb","itemListElement":[{"@type":"ListItem","position":1,"name":"In\u00edcio","item":"https:\/\/agenciainfra.com\/blog\/"},{"@type":"ListItem","position":2,"name":"Distribuidoras, Itaipu e e\u00f3licas: semana deve ter decis\u00f5es importantes para o setor el\u00e9trico na ANEEL e no Congresso"}]},{"@type":"WebSite","@id":"https:\/\/agenciainfra.com\/blog\/#website","url":"https:\/\/agenciainfra.com\/blog\/","name":"Ag\u00eancia iNFRA","description":"Multiplataforma de informa\u00e7\u00e3o jornal\u00edstica refer\u00eancia na \u00e1rea de infraestrutura no Brasil!","publisher":{"@id":"https:\/\/agenciainfra.com\/blog\/#organization"},"potentialAction":[{"@type":"SearchAction","target":{"@type":"EntryPoint","urlTemplate":"https:\/\/agenciainfra.com\/blog\/?s={search_term_string}"},"query-input":{"@type":"PropertyValueSpecification","valueRequired":true,"valueName":"search_term_string"}}],"inLanguage":"pt-BR"},{"@type":"Organization","@id":"https:\/\/agenciainfra.com\/blog\/#organization","name":"Ag\u00eancia iNFRA","url":"https:\/\/agenciainfra.com\/blog\/","logo":{"@type":"ImageObject","inLanguage":"pt-BR","@id":"https:\/\/agenciainfra.com\/blog\/#\/schema\/logo\/image\/","url":"https:\/\/agenciainfra.com\/blog\/wp-content\/uploads\/2023\/09\/iNFRA_5-e1761735885940.png","contentUrl":"https:\/\/agenciainfra.com\/blog\/wp-content\/uploads\/2023\/09\/iNFRA_5-e1761735885940.png","width":1672,"height":454,"caption":"Ag\u00eancia iNFRA"},"image":{"@id":"https:\/\/agenciainfra.com\/blog\/#\/schema\/logo\/image\/"},"sameAs":["https:\/\/www.facebook.com\/ageninfra","https:\/\/x.com\/agencia_infra","https:\/\/www.linkedin.com\/company\/ag\u00eanciainfra\/","https:\/\/www.instagram.com\/agenciainfra\/"]},{"@type":"Person","@id":"https:\/\/agenciainfra.com\/blog\/#\/schema\/person\/34af08dff6adea4cb22b06612ba7acfa","name":"Ag\u00eancia iNFRA","image":{"@type":"ImageObject","inLanguage":"pt-BR","@id":"https:\/\/agenciainfra.com\/blog\/#\/schema\/person\/image\/","url":"https:\/\/secure.gravatar.com\/avatar\/d189e01678f06d8eb84d4e01f08eb848b3fffe3f8443818d3c356c66892f5be8?s=96&d=mm&r=g","contentUrl":"https:\/\/secure.gravatar.com\/avatar\/d189e01678f06d8eb84d4e01f08eb848b3fffe3f8443818d3c356c66892f5be8?s=96&d=mm&r=g","caption":"Ag\u00eancia iNFRA"},"url":"https:\/\/agenciainfra.com\/blog\/author\/admin\/"}]}},"_links":{"self":[{"href":"https:\/\/agenciainfra.com\/blog\/wp-json\/wp\/v2\/posts\/19333","targetHints":{"allow":["GET"]}}],"collection":[{"href":"https:\/\/agenciainfra.com\/blog\/wp-json\/wp\/v2\/posts"}],"about":[{"href":"https:\/\/agenciainfra.com\/blog\/wp-json\/wp\/v2\/types\/post"}],"author":[{"embeddable":true,"href":"https:\/\/agenciainfra.com\/blog\/wp-json\/wp\/v2\/users\/1"}],"replies":[{"embeddable":true,"href":"https:\/\/agenciainfra.com\/blog\/wp-json\/wp\/v2\/comments?post=19333"}],"version-history":[{"count":1,"href":"https:\/\/agenciainfra.com\/blog\/wp-json\/wp\/v2\/posts\/19333\/revisions"}],"predecessor-version":[{"id":19334,"href":"https:\/\/agenciainfra.com\/blog\/wp-json\/wp\/v2\/posts\/19333\/revisions\/19334"}],"wp:featuredmedia":[{"embeddable":true,"href":"https:\/\/agenciainfra.com\/blog\/wp-json\/wp\/v2\/media\/8761"}],"wp:attachment":[{"href":"https:\/\/agenciainfra.com\/blog\/wp-json\/wp\/v2\/media?parent=19333"}],"wp:term":[{"taxonomy":"category","embeddable":true,"href":"https:\/\/agenciainfra.com\/blog\/wp-json\/wp\/v2\/categories?post=19333"},{"taxonomy":"post_tag","embeddable":true,"href":"https:\/\/agenciainfra.com\/blog\/wp-json\/wp\/v2\/tags?post=19333"}],"curies":[{"name":"wp","href":"https:\/\/api.w.org\/{rel}","templated":true}]}}