{"id":19335,"date":"2024-11-26T11:00:00","date_gmt":"2024-11-26T14:00:00","guid":{"rendered":"https:\/\/agenciainfra.com\/blog\/?p=19335"},"modified":"2024-11-27T12:28:02","modified_gmt":"2024-11-27T15:28:02","slug":"brasil-precisa-de-melhorias-para-seguir-recebendo-investimentos-diz-diretor-da-apm-terminals","status":"publish","type":"post","link":"https:\/\/agenciainfra.com\/blog\/brasil-precisa-de-melhorias-para-seguir-recebendo-investimentos-diz-diretor-da-apm-terminals\/","title":{"rendered":"Brasil precisa de melhorias para seguir recebendo investimentos, diz diretor da APM Terminals"},"content":{"rendered":"\n<p class=\"has-text-align-right\"><strong>Mar\u00edlia Sena*, da Ag\u00eancia iNFRA<\/strong><\/p>\n\n\n\n<p>A APM Terminals anunciou um investimento de R$ 1,6 bilh\u00e3o para a constru\u00e7\u00e3o do primeiro terminal el\u00e9trico da Am\u00e9rica Latina no Porto de Suape (PE), em evento realizado na \u00faltima sexta-feira (22), juntando-se a outras gigantes estrangeiras do setor que meses atr\u00e1s anunciaram investimentos bilion\u00e1rios no pa\u00eds.<\/p>\n\n\n\n<p>O volume bilion\u00e1rio de recursos vem mesmo diante de um cen\u00e1rio de desafios di\u00e1rios enfrentados pelas companhias no setor mar\u00edtimo do pa\u00eds, com gargalos de diferentes tipos, da falta de m\u00e3o de obra \u00e0 falta de acessos adequados aos portos.<\/p>\n\n\n\n<p>Segundo Leonardo Levy, diretor de Investimentos da APM na Am\u00e9rica Latina, o Nordeste do Brasil possui um grande potencial para atrair novos investimentos, mas \u00e9 crucial que o setor de transporte mar\u00edtimo, incluindo a cabotagem, receba melhorias para acompanhar o crescimento desses aportes financeiros.<\/p>\n\n\n\n<p>Levy destacou a necessidade de aumentar a capacidade dos portos para evitar que as empresas busquem alternativas ao transporte mar\u00edtimo. \u201cO potencial que existe \u00e9 tremendo. Imagine que temos uma costa enorme no Brasil, mas ainda h\u00e1 casos como o transporte de arroz do Rio Grande do Sul para o Nordeste ,via caminh\u00e3o, quando h\u00e1 uma alternativa de cabotagem, que \u00e9 menos suscet\u00edvel a imprevistos\u201d, criticou.<\/p>\n\n\n\n<p>Na vis\u00e3o do executivo, tamb\u00e9m \u00e9 necess\u00e1rio aumentar o n\u00famero de trabalhadores nos portos e nos navios. &#8220;N\u00e3o se trata apenas de melhorar os terminais, \u00e9 preciso garantir que haja oficiais da Marinha Mercante suficientes. O sistema precisa funcionar como um todo. Ser\u00e1 que temos condi\u00e7\u00f5es de sustentar esse crescimento com a atual forma\u00e7\u00e3o de oficiais da Marinha Mercante? Esse pode ser um gargalo limitante&#8221;, apontou.<\/p>\n\n\n\n<p>O diretor-presidente da APM Terminals Suape e Pec\u00e9m, Daniel Rose, ressaltou a import\u00e2ncia das iniciativas do setor privado para impulsionar a infraestrutura no Brasil. &#8220;Muitas vezes, o caminho \u00e9 longo. Se n\u00e3o houver infraestrutura, ningu\u00e9m vai demandar, porque o sistema n\u00e3o funciona adequadamente&#8221;, afirmou.<\/p>\n\n\n\n<p>Ele completou: &#8220;Se n\u00e3o temos ferrovia, ningu\u00e9m vai us\u00e1-la. Mas, se construirmos ferrovias, as pessoas come\u00e7ar\u00e3o a us\u00e1-las. Da mesma forma, se ampliarmos os portos ou construirmos novos terminais, como estamos fazendo, ajudamos a atender a demanda, impulsionamos o com\u00e9rcio e, consequentemente, beneficiamos o setor social.&#8221;<\/p>\n\n\n\n<p>As preocupa\u00e7\u00f5es dos investidores em rela\u00e7\u00e3o \u00e0 infraestrutura n\u00e3o s\u00e3o recentes e, em alguns momentos, tamb\u00e9m foram abordadas pelo governo federal. A falta de profissionais da Marinha Mercante foi um dos temas discutidos em uma mesa redonda em Bras\u00edlia no m\u00eas passado.<\/p>\n\n\n\n<p>O secret\u00e1rio nacional de Hidrovias, Dino Antunes, concordou que a escassez de marinheiros \u00e9 um problema, e a Marinha do Brasil reconheceu a necessidade de expandir a forma\u00e7\u00e3o de profissionais, adotando medidas para resolver a quest\u00e3o.<\/p>\n\n\n\n<p>A ANTAQ (Ag\u00eancia Nacional de Transportes Aquavi\u00e1rios) tem discutido mudan\u00e7as na cabotagem, com vistas ao aprimoramento de uma proposta normativa que define crit\u00e9rios para a outorga e manuten\u00e7\u00e3o da autoriza\u00e7\u00e3o de empresas brasileiras nas navega\u00e7\u00f5es de apoio mar\u00edtimo, portu\u00e1rio, cabotagem ou longo curso. Em audi\u00eancia p\u00fablica sobre o tema, Eduardo Pessoa de Queiroz, gerente de Outorgas de Autoriza\u00e7\u00e3o, sugeriu que uma das alternativas seria segmentar os perfis de cargas.<\/p>\n\n\n\n<p><strong>Aumento de 55% no Porto de Suape<\/strong><br>Com o investimento bilion\u00e1rio em Suape, a expectativa \u00e9 fortalecer a conex\u00e3o de Pernambuco com outros portos internacionais e implementar iniciativas pioneiras em sustentabilidade portu\u00e1ria. De acordo com Daniel Rose, a primeira fase da obra foi a maior demoli\u00e7\u00e3o do estado de Pernambuco, com 222 dias de trabalho e um investimento de R$ 241 milh\u00f5es em equipamentos.<\/p>\n\n\n\n<p>A pr\u00f3xima fase envolver\u00e1 a escolha das empresas respons\u00e1veis pela constru\u00e7\u00e3o do cais, p\u00e1tio e pr\u00e9dios. Com o in\u00edcio das opera\u00e7\u00f5es, a amplia\u00e7\u00e3o da capacidade de movimenta\u00e7\u00e3o de cont\u00eaineres pode chegar a 55%. A \u00e1rea onde a APM est\u00e1 construindo o terminal era num estaleiro que acabou desativado e est\u00e1 sendo reconstru\u00eddo para se tornar um terminal de cont\u00eaineres.<\/p>\n\n\n\n<p><strong>Financiamentos s\u00e3o a esperan\u00e7a<\/strong><br>O ministro de Portos e Aeroportos, Silvio Costa Filho, foi questionado sobre as dificuldades de infraestrutura para suportar os investimentos nos portos brasileiros e destacou o papel do FMM (Fundo da Marinha Mercante) e dos aportes disponibilizados pelo BNDES (Banco Nacional de Desenvolvimento Econ\u00f4mico e Social) como recursos importantes para melhorar a situa\u00e7\u00e3o.<\/p>\n\n\n\n<p>\u201cAntes, uma grande parte dos recursos ficava no or\u00e7amento, mas agora est\u00e1 liberada para ser investida no setor de navega\u00e7\u00e3o e portu\u00e1rio. Com esses recursos e com o apoio do BNDES, estamos estimulando grandes empreendimentos no Brasil\u201d, afirmou.<\/p>\n\n\n\n<p>O ministro tamb\u00e9m mencionou os investimentos anunciados no dia 21 de novembro, em Bel\u00e9m (PA), no valor de R$ 4 bilh\u00f5es, voltados para o transporte hidrovi\u00e1rio nos rios Paran\u00e1 e Paraguai. Nos pr\u00f3ximos quatro anos, ser\u00e3o constru\u00eddas 400 balsas e 15 empurradores, alocados em estaleiros nas regi\u00f5es Nordeste, Norte, Sul e Sudeste. Para Silvio Costa Filho, isso demonstra que o governo federal tem uma agenda de desenvolvimento que envolve tanto a navega\u00e7\u00e3o quanto a ind\u00fastria limpa.<\/p>\n\n\n\n<p><strong>PL dos Portos<\/strong><br>O ministro acredita que, em 2025, o setor ter\u00e1 a oportunidade de discutir com o Congresso Nacional mudan\u00e7as na legisla\u00e7\u00e3o portu\u00e1ria, o que pode ajudar a melhorar as opera\u00e7\u00f5es.<\/p>\n\n\n\n<p>\u201c\u00c9 fundamental que a nova lei dos portos seja discutida de forma coletiva, com a participa\u00e7\u00e3o de trabalhadores e trabalhadoras. Esperamos que ela comece no pr\u00f3ximo ano, com o novo presidente da Casa, de maneira plural, democr\u00e1tica e participativa. Se necess\u00e1rio, revisaremos e aprimoraremos a lei para os pr\u00f3ximos 30 anos\u201d, concluiu.<\/p>\n\n\n\n<p><em>(*A jornalista viajou a convite da APM Terminals)<\/em><\/p>\n","protected":false},"excerpt":{"rendered":"<p>Mar\u00edlia Sena*, da Ag\u00eancia iNFRA A APM Terminals anunciou um investimento de R$ 1,6 bilh\u00e3o para a constru\u00e7\u00e3o do primeiro terminal el\u00e9trico da Am\u00e9rica Latina no Porto de Suape (PE), em evento realizado na \u00faltima sexta-feira (22), juntando-se a outras gigantes estrangeiras do setor que meses atr\u00e1s anunciaram investimentos bilion\u00e1rios no pa\u00eds. O volume bilion\u00e1rio [&hellip;]<\/p>\n","protected":false},"author":1,"featured_media":3647,"comment_status":"closed","ping_status":"closed","sticky":false,"template":"","format":"standard","meta":{"_monsterinsights_skip_tracking":false,"_monsterinsights_sitenote_active":false,"_monsterinsights_sitenote_note":"","_monsterinsights_sitenote_category":0,"footnotes":""},"categories":[9714,1,7],"tags":[86,5532,11795,1145,32,11797,11654,6257,6919,11796,2876,310,7467,11794,816,3168],"class_list":["post-19335","post","type-post","status-publish","format-standard","has-post-thumbnail","hentry","category-destaque-menor","category-geral","category-infratransporte","tag-antaq","tag-apm-terminals","tag-daniel-rose","tag-dino-antunes","tag-investimentos","tag-leonardo-levy","tag-marilia-sena","tag-ministerio-de-portos-e-aeroportos","tag-mpor","tag-pl-dos-portos","tag-porto-de-suape","tag-portos","tag-silvio-costa-filho","tag-terminal-eletrico","tag-transporte-aquaviario","tag-transporte-maritimo"],"yoast_head":"<!-- This site is optimized with the Yoast SEO Premium plugin v25.4 (Yoast SEO v26.0) - https:\/\/yoast.com\/wordpress\/plugins\/seo\/ -->\n<title>Brasil precisa de melhorias para seguir recebendo investimentos, diz diretor da APM Terminals - Ag\u00eancia iNFRA<\/title>\n<meta name=\"robots\" content=\"index, follow, max-snippet:-1, max-image-preview:large, max-video-preview:-1\" \/>\n<link rel=\"canonical\" href=\"https:\/\/agenciainfra.com\/blog\/brasil-precisa-de-melhorias-para-seguir-recebendo-investimentos-diz-diretor-da-apm-terminals\/\" \/>\n<meta property=\"og:locale\" content=\"pt_BR\" \/>\n<meta property=\"og:type\" content=\"article\" \/>\n<meta property=\"og:title\" content=\"Brasil precisa de melhorias para seguir recebendo investimentos, diz diretor da APM Terminals\" \/>\n<meta property=\"og:description\" content=\"Mar\u00edlia Sena*, da Ag\u00eancia iNFRA A APM Terminals anunciou um investimento de R$ 1,6 bilh\u00e3o para a constru\u00e7\u00e3o do primeiro terminal el\u00e9trico da Am\u00e9rica Latina no Porto de Suape (PE), em evento realizado na \u00faltima sexta-feira (22), juntando-se a outras gigantes estrangeiras do setor que meses atr\u00e1s anunciaram investimentos bilion\u00e1rios no pa\u00eds. O volume bilion\u00e1rio [&hellip;]\" \/>\n<meta property=\"og:url\" content=\"https:\/\/agenciainfra.com\/blog\/brasil-precisa-de-melhorias-para-seguir-recebendo-investimentos-diz-diretor-da-apm-terminals\/\" \/>\n<meta property=\"og:site_name\" content=\"Ag\u00eancia iNFRA\" \/>\n<meta property=\"article:publisher\" content=\"https:\/\/www.facebook.com\/ageninfra\" \/>\n<meta property=\"article:published_time\" content=\"2024-11-26T14:00:00+00:00\" \/>\n<meta property=\"article:modified_time\" content=\"2024-11-27T15:28:02+00:00\" \/>\n<meta property=\"og:image\" content=\"https:\/\/agenciainfra.com\/blog\/wp-content\/uploads\/2019\/08\/foto-Priscila-DArc-Suape.jpg\" \/>\n\t<meta property=\"og:image:width\" content=\"1280\" \/>\n\t<meta property=\"og:image:height\" content=\"718\" \/>\n\t<meta property=\"og:image:type\" content=\"image\/jpeg\" \/>\n<meta name=\"author\" content=\"Ag\u00eancia iNFRA\" \/>\n<meta name=\"twitter:card\" content=\"summary_large_image\" \/>\n<meta name=\"twitter:creator\" content=\"@agencia_infra\" \/>\n<meta name=\"twitter:site\" content=\"@agencia_infra\" \/>\n<meta name=\"twitter:label1\" content=\"Escrito por\" \/>\n\t<meta name=\"twitter:data1\" content=\"Ag\u00eancia iNFRA\" \/>\n\t<meta name=\"twitter:label2\" content=\"Est. tempo de leitura\" \/>\n\t<meta name=\"twitter:data2\" content=\"5 minutos\" \/>\n<script type=\"application\/ld+json\" class=\"yoast-schema-graph\">{\"@context\":\"https:\/\/schema.org\",\"@graph\":[{\"@type\":\"Article\",\"@id\":\"https:\/\/agenciainfra.com\/blog\/brasil-precisa-de-melhorias-para-seguir-recebendo-investimentos-diz-diretor-da-apm-terminals\/#article\",\"isPartOf\":{\"@id\":\"https:\/\/agenciainfra.com\/blog\/brasil-precisa-de-melhorias-para-seguir-recebendo-investimentos-diz-diretor-da-apm-terminals\/\"},\"author\":{\"name\":\"Ag\u00eancia iNFRA\",\"@id\":\"https:\/\/agenciainfra.com\/blog\/#\/schema\/person\/34af08dff6adea4cb22b06612ba7acfa\"},\"headline\":\"Brasil precisa de melhorias para seguir recebendo investimentos, diz diretor da APM Terminals\",\"datePublished\":\"2024-11-26T14:00:00+00:00\",\"dateModified\":\"2024-11-27T15:28:02+00:00\",\"mainEntityOfPage\":{\"@id\":\"https:\/\/agenciainfra.com\/blog\/brasil-precisa-de-melhorias-para-seguir-recebendo-investimentos-diz-diretor-da-apm-terminals\/\"},\"wordCount\":985,\"publisher\":{\"@id\":\"https:\/\/agenciainfra.com\/blog\/#organization\"},\"image\":{\"@id\":\"https:\/\/agenciainfra.com\/blog\/brasil-precisa-de-melhorias-para-seguir-recebendo-investimentos-diz-diretor-da-apm-terminals\/#primaryimage\"},\"thumbnailUrl\":\"https:\/\/agenciainfra.com\/blog\/wp-content\/uploads\/2019\/08\/foto-Priscila-DArc-Suape.jpg\",\"keywords\":[\"ANTAQ\",\"APM Terminals\",\"Daniel Rose\",\"Dino Antunes\",\"Investimentos\",\"Leonardo Levy\",\"Mar\u00edlia Sena\",\"Minist\u00e9rio de Portos e Aeroportos\",\"MPor\",\"PL dos Portos\",\"Porto de Suape\",\"portos\",\"Silvio Costa Filho\",\"terminal el\u00e9trico\",\"transporte aquavi\u00e1rio\",\"transporte mar\u00edtimo\"],\"articleSection\":[\"Destaque Menor\",\"Geral\",\"iNFRATransporte\"],\"inLanguage\":\"pt-BR\",\"copyrightYear\":\"2024\",\"copyrightHolder\":{\"@id\":\"https:\/\/agenciainfra.com\/blog\/#organization\"}},{\"@type\":\"WebPage\",\"@id\":\"https:\/\/agenciainfra.com\/blog\/brasil-precisa-de-melhorias-para-seguir-recebendo-investimentos-diz-diretor-da-apm-terminals\/\",\"url\":\"https:\/\/agenciainfra.com\/blog\/brasil-precisa-de-melhorias-para-seguir-recebendo-investimentos-diz-diretor-da-apm-terminals\/\",\"name\":\"Brasil precisa de melhorias para seguir recebendo investimentos, diz diretor da APM Terminals - Ag\u00eancia iNFRA\",\"isPartOf\":{\"@id\":\"https:\/\/agenciainfra.com\/blog\/#website\"},\"primaryImageOfPage\":{\"@id\":\"https:\/\/agenciainfra.com\/blog\/brasil-precisa-de-melhorias-para-seguir-recebendo-investimentos-diz-diretor-da-apm-terminals\/#primaryimage\"},\"image\":{\"@id\":\"https:\/\/agenciainfra.com\/blog\/brasil-precisa-de-melhorias-para-seguir-recebendo-investimentos-diz-diretor-da-apm-terminals\/#primaryimage\"},\"thumbnailUrl\":\"https:\/\/agenciainfra.com\/blog\/wp-content\/uploads\/2019\/08\/foto-Priscila-DArc-Suape.jpg\",\"datePublished\":\"2024-11-26T14:00:00+00:00\",\"dateModified\":\"2024-11-27T15:28:02+00:00\",\"breadcrumb\":{\"@id\":\"https:\/\/agenciainfra.com\/blog\/brasil-precisa-de-melhorias-para-seguir-recebendo-investimentos-diz-diretor-da-apm-terminals\/#breadcrumb\"},\"inLanguage\":\"pt-BR\",\"potentialAction\":[{\"@type\":\"ReadAction\",\"target\":[\"https:\/\/agenciainfra.com\/blog\/brasil-precisa-de-melhorias-para-seguir-recebendo-investimentos-diz-diretor-da-apm-terminals\/\"]}]},{\"@type\":\"ImageObject\",\"inLanguage\":\"pt-BR\",\"@id\":\"https:\/\/agenciainfra.com\/blog\/brasil-precisa-de-melhorias-para-seguir-recebendo-investimentos-diz-diretor-da-apm-terminals\/#primaryimage\",\"url\":\"https:\/\/agenciainfra.com\/blog\/wp-content\/uploads\/2019\/08\/foto-Priscila-DArc-Suape.jpg\",\"contentUrl\":\"https:\/\/agenciainfra.com\/blog\/wp-content\/uploads\/2019\/08\/foto-Priscila-DArc-Suape.jpg\",\"width\":1280,\"height\":718},{\"@type\":\"BreadcrumbList\",\"@id\":\"https:\/\/agenciainfra.com\/blog\/brasil-precisa-de-melhorias-para-seguir-recebendo-investimentos-diz-diretor-da-apm-terminals\/#breadcrumb\",\"itemListElement\":[{\"@type\":\"ListItem\",\"position\":1,\"name\":\"In\u00edcio\",\"item\":\"https:\/\/agenciainfra.com\/blog\/\"},{\"@type\":\"ListItem\",\"position\":2,\"name\":\"Brasil precisa de melhorias para seguir recebendo investimentos, diz diretor da APM Terminals\"}]},{\"@type\":\"WebSite\",\"@id\":\"https:\/\/agenciainfra.com\/blog\/#website\",\"url\":\"https:\/\/agenciainfra.com\/blog\/\",\"name\":\"Ag\u00eancia iNFRA\",\"description\":\"Multiplataforma de informa\u00e7\u00e3o jornal\u00edstica refer\u00eancia na \u00e1rea de infraestrutura no Brasil!\",\"publisher\":{\"@id\":\"https:\/\/agenciainfra.com\/blog\/#organization\"},\"potentialAction\":[{\"@type\":\"SearchAction\",\"target\":{\"@type\":\"EntryPoint\",\"urlTemplate\":\"https:\/\/agenciainfra.com\/blog\/?s={search_term_string}\"},\"query-input\":{\"@type\":\"PropertyValueSpecification\",\"valueRequired\":true,\"valueName\":\"search_term_string\"}}],\"inLanguage\":\"pt-BR\"},{\"@type\":\"Organization\",\"@id\":\"https:\/\/agenciainfra.com\/blog\/#organization\",\"name\":\"Ag\u00eancia iNFRA\",\"url\":\"https:\/\/agenciainfra.com\/blog\/\",\"logo\":{\"@type\":\"ImageObject\",\"inLanguage\":\"pt-BR\",\"@id\":\"https:\/\/agenciainfra.com\/blog\/#\/schema\/logo\/image\/\",\"url\":\"https:\/\/agenciainfra.com\/blog\/wp-content\/uploads\/2023\/09\/iNFRA_5-e1761735885940.png\",\"contentUrl\":\"https:\/\/agenciainfra.com\/blog\/wp-content\/uploads\/2023\/09\/iNFRA_5-e1761735885940.png\",\"width\":1672,\"height\":454,\"caption\":\"Ag\u00eancia iNFRA\"},\"image\":{\"@id\":\"https:\/\/agenciainfra.com\/blog\/#\/schema\/logo\/image\/\"},\"sameAs\":[\"https:\/\/www.facebook.com\/ageninfra\",\"https:\/\/x.com\/agencia_infra\",\"https:\/\/www.linkedin.com\/company\/ag\u00eanciainfra\/\",\"https:\/\/www.instagram.com\/agenciainfra\/\"]},{\"@type\":\"Person\",\"@id\":\"https:\/\/agenciainfra.com\/blog\/#\/schema\/person\/34af08dff6adea4cb22b06612ba7acfa\",\"name\":\"Ag\u00eancia iNFRA\",\"image\":{\"@type\":\"ImageObject\",\"inLanguage\":\"pt-BR\",\"@id\":\"https:\/\/agenciainfra.com\/blog\/#\/schema\/person\/image\/\",\"url\":\"https:\/\/secure.gravatar.com\/avatar\/d189e01678f06d8eb84d4e01f08eb848b3fffe3f8443818d3c356c66892f5be8?s=96&d=mm&r=g\",\"contentUrl\":\"https:\/\/secure.gravatar.com\/avatar\/d189e01678f06d8eb84d4e01f08eb848b3fffe3f8443818d3c356c66892f5be8?s=96&d=mm&r=g\",\"caption\":\"Ag\u00eancia iNFRA\"},\"url\":\"https:\/\/agenciainfra.com\/blog\/author\/admin\/\"}]}<\/script>\n<!-- \/ Yoast SEO Premium plugin. -->","yoast_head_json":{"title":"Brasil precisa de melhorias para seguir recebendo investimentos, diz diretor da APM Terminals - Ag\u00eancia iNFRA","robots":{"index":"index","follow":"follow","max-snippet":"max-snippet:-1","max-image-preview":"max-image-preview:large","max-video-preview":"max-video-preview:-1"},"canonical":"https:\/\/agenciainfra.com\/blog\/brasil-precisa-de-melhorias-para-seguir-recebendo-investimentos-diz-diretor-da-apm-terminals\/","og_locale":"pt_BR","og_type":"article","og_title":"Brasil precisa de melhorias para seguir recebendo investimentos, diz diretor da APM Terminals","og_description":"Mar\u00edlia Sena*, da Ag\u00eancia iNFRA A APM Terminals anunciou um investimento de R$ 1,6 bilh\u00e3o para a constru\u00e7\u00e3o do primeiro terminal el\u00e9trico da Am\u00e9rica Latina no Porto de Suape (PE), em evento realizado na \u00faltima sexta-feira (22), juntando-se a outras gigantes estrangeiras do setor que meses atr\u00e1s anunciaram investimentos bilion\u00e1rios no pa\u00eds. O volume bilion\u00e1rio [&hellip;]","og_url":"https:\/\/agenciainfra.com\/blog\/brasil-precisa-de-melhorias-para-seguir-recebendo-investimentos-diz-diretor-da-apm-terminals\/","og_site_name":"Ag\u00eancia iNFRA","article_publisher":"https:\/\/www.facebook.com\/ageninfra","article_published_time":"2024-11-26T14:00:00+00:00","article_modified_time":"2024-11-27T15:28:02+00:00","og_image":[{"width":1280,"height":718,"url":"https:\/\/agenciainfra.com\/blog\/wp-content\/uploads\/2019\/08\/foto-Priscila-DArc-Suape.jpg","type":"image\/jpeg"}],"author":"Ag\u00eancia iNFRA","twitter_card":"summary_large_image","twitter_creator":"@agencia_infra","twitter_site":"@agencia_infra","twitter_misc":{"Escrito por":"Ag\u00eancia iNFRA","Est. tempo de leitura":"5 minutos"},"schema":{"@context":"https:\/\/schema.org","@graph":[{"@type":"Article","@id":"https:\/\/agenciainfra.com\/blog\/brasil-precisa-de-melhorias-para-seguir-recebendo-investimentos-diz-diretor-da-apm-terminals\/#article","isPartOf":{"@id":"https:\/\/agenciainfra.com\/blog\/brasil-precisa-de-melhorias-para-seguir-recebendo-investimentos-diz-diretor-da-apm-terminals\/"},"author":{"name":"Ag\u00eancia iNFRA","@id":"https:\/\/agenciainfra.com\/blog\/#\/schema\/person\/34af08dff6adea4cb22b06612ba7acfa"},"headline":"Brasil precisa de melhorias para seguir recebendo investimentos, diz diretor da APM Terminals","datePublished":"2024-11-26T14:00:00+00:00","dateModified":"2024-11-27T15:28:02+00:00","mainEntityOfPage":{"@id":"https:\/\/agenciainfra.com\/blog\/brasil-precisa-de-melhorias-para-seguir-recebendo-investimentos-diz-diretor-da-apm-terminals\/"},"wordCount":985,"publisher":{"@id":"https:\/\/agenciainfra.com\/blog\/#organization"},"image":{"@id":"https:\/\/agenciainfra.com\/blog\/brasil-precisa-de-melhorias-para-seguir-recebendo-investimentos-diz-diretor-da-apm-terminals\/#primaryimage"},"thumbnailUrl":"https:\/\/agenciainfra.com\/blog\/wp-content\/uploads\/2019\/08\/foto-Priscila-DArc-Suape.jpg","keywords":["ANTAQ","APM Terminals","Daniel Rose","Dino Antunes","Investimentos","Leonardo Levy","Mar\u00edlia Sena","Minist\u00e9rio de Portos e Aeroportos","MPor","PL dos Portos","Porto de Suape","portos","Silvio Costa Filho","terminal el\u00e9trico","transporte aquavi\u00e1rio","transporte mar\u00edtimo"],"articleSection":["Destaque Menor","Geral","iNFRATransporte"],"inLanguage":"pt-BR","copyrightYear":"2024","copyrightHolder":{"@id":"https:\/\/agenciainfra.com\/blog\/#organization"}},{"@type":"WebPage","@id":"https:\/\/agenciainfra.com\/blog\/brasil-precisa-de-melhorias-para-seguir-recebendo-investimentos-diz-diretor-da-apm-terminals\/","url":"https:\/\/agenciainfra.com\/blog\/brasil-precisa-de-melhorias-para-seguir-recebendo-investimentos-diz-diretor-da-apm-terminals\/","name":"Brasil precisa de melhorias para seguir recebendo investimentos, diz diretor da APM Terminals - Ag\u00eancia iNFRA","isPartOf":{"@id":"https:\/\/agenciainfra.com\/blog\/#website"},"primaryImageOfPage":{"@id":"https:\/\/agenciainfra.com\/blog\/brasil-precisa-de-melhorias-para-seguir-recebendo-investimentos-diz-diretor-da-apm-terminals\/#primaryimage"},"image":{"@id":"https:\/\/agenciainfra.com\/blog\/brasil-precisa-de-melhorias-para-seguir-recebendo-investimentos-diz-diretor-da-apm-terminals\/#primaryimage"},"thumbnailUrl":"https:\/\/agenciainfra.com\/blog\/wp-content\/uploads\/2019\/08\/foto-Priscila-DArc-Suape.jpg","datePublished":"2024-11-26T14:00:00+00:00","dateModified":"2024-11-27T15:28:02+00:00","breadcrumb":{"@id":"https:\/\/agenciainfra.com\/blog\/brasil-precisa-de-melhorias-para-seguir-recebendo-investimentos-diz-diretor-da-apm-terminals\/#breadcrumb"},"inLanguage":"pt-BR","potentialAction":[{"@type":"ReadAction","target":["https:\/\/agenciainfra.com\/blog\/brasil-precisa-de-melhorias-para-seguir-recebendo-investimentos-diz-diretor-da-apm-terminals\/"]}]},{"@type":"ImageObject","inLanguage":"pt-BR","@id":"https:\/\/agenciainfra.com\/blog\/brasil-precisa-de-melhorias-para-seguir-recebendo-investimentos-diz-diretor-da-apm-terminals\/#primaryimage","url":"https:\/\/agenciainfra.com\/blog\/wp-content\/uploads\/2019\/08\/foto-Priscila-DArc-Suape.jpg","contentUrl":"https:\/\/agenciainfra.com\/blog\/wp-content\/uploads\/2019\/08\/foto-Priscila-DArc-Suape.jpg","width":1280,"height":718},{"@type":"BreadcrumbList","@id":"https:\/\/agenciainfra.com\/blog\/brasil-precisa-de-melhorias-para-seguir-recebendo-investimentos-diz-diretor-da-apm-terminals\/#breadcrumb","itemListElement":[{"@type":"ListItem","position":1,"name":"In\u00edcio","item":"https:\/\/agenciainfra.com\/blog\/"},{"@type":"ListItem","position":2,"name":"Brasil precisa de melhorias para seguir recebendo investimentos, diz diretor da APM Terminals"}]},{"@type":"WebSite","@id":"https:\/\/agenciainfra.com\/blog\/#website","url":"https:\/\/agenciainfra.com\/blog\/","name":"Ag\u00eancia iNFRA","description":"Multiplataforma de informa\u00e7\u00e3o jornal\u00edstica refer\u00eancia na \u00e1rea de infraestrutura no Brasil!","publisher":{"@id":"https:\/\/agenciainfra.com\/blog\/#organization"},"potentialAction":[{"@type":"SearchAction","target":{"@type":"EntryPoint","urlTemplate":"https:\/\/agenciainfra.com\/blog\/?s={search_term_string}"},"query-input":{"@type":"PropertyValueSpecification","valueRequired":true,"valueName":"search_term_string"}}],"inLanguage":"pt-BR"},{"@type":"Organization","@id":"https:\/\/agenciainfra.com\/blog\/#organization","name":"Ag\u00eancia iNFRA","url":"https:\/\/agenciainfra.com\/blog\/","logo":{"@type":"ImageObject","inLanguage":"pt-BR","@id":"https:\/\/agenciainfra.com\/blog\/#\/schema\/logo\/image\/","url":"https:\/\/agenciainfra.com\/blog\/wp-content\/uploads\/2023\/09\/iNFRA_5-e1761735885940.png","contentUrl":"https:\/\/agenciainfra.com\/blog\/wp-content\/uploads\/2023\/09\/iNFRA_5-e1761735885940.png","width":1672,"height":454,"caption":"Ag\u00eancia iNFRA"},"image":{"@id":"https:\/\/agenciainfra.com\/blog\/#\/schema\/logo\/image\/"},"sameAs":["https:\/\/www.facebook.com\/ageninfra","https:\/\/x.com\/agencia_infra","https:\/\/www.linkedin.com\/company\/ag\u00eanciainfra\/","https:\/\/www.instagram.com\/agenciainfra\/"]},{"@type":"Person","@id":"https:\/\/agenciainfra.com\/blog\/#\/schema\/person\/34af08dff6adea4cb22b06612ba7acfa","name":"Ag\u00eancia iNFRA","image":{"@type":"ImageObject","inLanguage":"pt-BR","@id":"https:\/\/agenciainfra.com\/blog\/#\/schema\/person\/image\/","url":"https:\/\/secure.gravatar.com\/avatar\/d189e01678f06d8eb84d4e01f08eb848b3fffe3f8443818d3c356c66892f5be8?s=96&d=mm&r=g","contentUrl":"https:\/\/secure.gravatar.com\/avatar\/d189e01678f06d8eb84d4e01f08eb848b3fffe3f8443818d3c356c66892f5be8?s=96&d=mm&r=g","caption":"Ag\u00eancia iNFRA"},"url":"https:\/\/agenciainfra.com\/blog\/author\/admin\/"}]}},"_links":{"self":[{"href":"https:\/\/agenciainfra.com\/blog\/wp-json\/wp\/v2\/posts\/19335","targetHints":{"allow":["GET"]}}],"collection":[{"href":"https:\/\/agenciainfra.com\/blog\/wp-json\/wp\/v2\/posts"}],"about":[{"href":"https:\/\/agenciainfra.com\/blog\/wp-json\/wp\/v2\/types\/post"}],"author":[{"embeddable":true,"href":"https:\/\/agenciainfra.com\/blog\/wp-json\/wp\/v2\/users\/1"}],"replies":[{"embeddable":true,"href":"https:\/\/agenciainfra.com\/blog\/wp-json\/wp\/v2\/comments?post=19335"}],"version-history":[{"count":1,"href":"https:\/\/agenciainfra.com\/blog\/wp-json\/wp\/v2\/posts\/19335\/revisions"}],"predecessor-version":[{"id":19336,"href":"https:\/\/agenciainfra.com\/blog\/wp-json\/wp\/v2\/posts\/19335\/revisions\/19336"}],"wp:featuredmedia":[{"embeddable":true,"href":"https:\/\/agenciainfra.com\/blog\/wp-json\/wp\/v2\/media\/3647"}],"wp:attachment":[{"href":"https:\/\/agenciainfra.com\/blog\/wp-json\/wp\/v2\/media?parent=19335"}],"wp:term":[{"taxonomy":"category","embeddable":true,"href":"https:\/\/agenciainfra.com\/blog\/wp-json\/wp\/v2\/categories?post=19335"},{"taxonomy":"post_tag","embeddable":true,"href":"https:\/\/agenciainfra.com\/blog\/wp-json\/wp\/v2\/tags?post=19335"}],"curies":[{"name":"wp","href":"https:\/\/api.w.org\/{rel}","templated":true}]}}