{"id":19337,"date":"2024-11-26T08:00:00","date_gmt":"2024-11-26T11:00:00","guid":{"rendered":"https:\/\/agenciainfra.com\/blog\/?p=19337"},"modified":"2024-11-25T18:32:05","modified_gmt":"2024-11-25T21:32:05","slug":"opiniao-jabutis-em-pl-de-eolicas-offshore-encarecem-conta-de-luz","status":"publish","type":"post","link":"https:\/\/agenciainfra.com\/blog\/opiniao-jabutis-em-pl-de-eolicas-offshore-encarecem-conta-de-luz\/","title":{"rendered":"Opini\u00e3o \u2013 &#8220;Jabutis&#8221; em PL de e\u00f3licas offshore encarecem conta de luz"},"content":{"rendered":"\n<p class=\"has-text-align-right\"><strong>Marcos Madureira*<\/strong><\/p>\n\n\n\n<p>O Senado Federal deve voltar a analisar, nesta semana, o PL 576\/2021, que tem sido chamado pelo setor como o marco legal das opera\u00e7\u00f5es de gera\u00e7\u00e3o de energia e\u00f3lica offshore (em alto mar). O projeto original, de autoria do ex-senador Jean Paul Prates,\u00a0regulamenta a oferta e outorga de \u00e1reas para explora\u00e7\u00e3o de energia em alto mar, como a gera\u00e7\u00e3o e\u00f3lica.\u00a0Por\u00e9m, durante a tramita\u00e7\u00e3o, o PL recebeu uma s\u00e9rie de contribui\u00e7\u00f5es parlamentares, os chamados \u201cjabutis\u201d, emendas parlamentares que n\u00e3o t\u00eam liga\u00e7\u00e3o direta com o assunto,\u00a0que trouxeram subs\u00eddios alheios ao projeto, causando mais desequil\u00edbrio ao setor el\u00e9trico.<\/p>\n\n\n\n<p>Esses subs\u00eddios, que v\u00e3o na contram\u00e3o das pol\u00edticas de transi\u00e7\u00e3o energ\u00e9tica do pa\u00eds, podem piorar um cen\u00e1rio j\u00e1 bastante complexo de opera\u00e7\u00e3o do setor. Segundo dados do ONS (Operador Nacional do Sistema El\u00e9trico), existe hoje um cen\u00e1rio de inflexibilidade muito alta para a opera\u00e7\u00e3o do sistema. Isso quer dizer que a margem para efetuar o aumento ou redu\u00e7\u00e3o control\u00e1vel da gera\u00e7\u00e3o, atualmente, \u00e9 muito reduzida, e deve piorar nos pr\u00f3ximos anos.<\/p>\n\n\n\n<p>Essa situa\u00e7\u00e3o tem levado ao chamado &#8220;curtailment&#8221;, que s\u00e3o cortes compuls\u00f3rios feitos nas gera\u00e7\u00f5es e\u00f3lica e fotovoltaica, bem como \u00e0 EVT (Energia Vertida Turbin\u00e1vel) da gera\u00e7\u00e3o hidrel\u00e9trica, de forma a manter a integridade do sistema. Por esse motivo, o ONS n\u00e3o recomenda a inclus\u00e3o de gera\u00e7\u00e3o t\u00e9rmica com alto n\u00edvel de inflexibilidade ou com longo tempo de acionamento.\u00a0Desta forma, n\u00e3o se justifica o Art. 22 do substitutivo proposto pela C\u00e2mara dos Deputados, que altera o \u00a7 1\u00ba do Art. 1\u00ba da Lei 14.182 de 2021, aumentando o pre\u00e7o-teto e viabilizando a implanta\u00e7\u00e3o de usinas t\u00e9rmicas a g\u00e1s com inflexibilidade de 70%.<\/p>\n\n\n\n<p>Al\u00e9m disso, o substitutivo traz a prorroga\u00e7\u00e3o de subs\u00eddios para a contrata\u00e7\u00e3o de t\u00e9rmicas a carv\u00e3o mineral com contratos de compra de energia no ambiente regulado, atualmente com prazo de t\u00e9rmino em 2028.<\/p>\n\n\n\n<p>As quest\u00f5es acima contrariam o que recomenda o ONS e aumentam o custo da conta de luz para custear a opera\u00e7\u00e3o de energia t\u00e9rmica que utiliza combust\u00edvel poluente, desperdi\u00e7ando a energia de fontes renov\u00e1veis, como hidroel\u00e9trica, e\u00f3lica e fotovoltaica, de usinas j\u00e1 em opera\u00e7\u00e3o.<\/p>\n\n\n\n<p>\u00c9 preciso que a sociedade esteja atenta a esses movimentos, de grupos que privilegiam interesses individuais em vez de priorizar o desenvolvimento justo e sustent\u00e1vel do setor el\u00e9trico. Defendemos a aprova\u00e7\u00e3o do PL das e\u00f3licas offshore, desde que ele n\u00e3o traga emendas que n\u00e3o est\u00e3o sustentadas por nenhum estudo t\u00e9cnico, que agridem o meio ambiente e que encarecem a conta de luz.<\/p>\n\n\n\n<p>O grande objetivo do pa\u00eds deve ser oferecer energia limpa, barata e segura. Aos parlamentares, imbu\u00eddos do esp\u00edrito p\u00fablico que busca o avan\u00e7o do pa\u00eds sem prejudicar milh\u00f5es de consumidores, pedimos que tenham bastante cuidado nesta vota\u00e7\u00e3o. Digam n\u00e3o aos jabutis do PL 576 e garantam uma conta de energia mais justa para todos.<\/p>\n\n\n\n<p><strong>* Marcos Madureira<\/strong> \u00e9 presidente-executivo da Abradee (Associa\u00e7\u00e3o Brasileira de Distribuidores de Energia El\u00e9trica).<\/p>\n\n\n\n<p class=\"has-luminous-vivid-orange-color has-text-color has-link-color wp-elements-fd3f544adf696c46a4d36363cd72c59e\">As opini\u00f5es dos autores n\u00e3o refletem necessariamente o pensamento da<strong> Ag\u00eancia iNFRA<\/strong>, sendo de total responsabilidade do autor as informa\u00e7\u00f5es, ju\u00edzos de valor e conceitos descritos no texto.<\/p>\n","protected":false},"excerpt":{"rendered":"<p>Marcos Madureira* O Senado Federal deve voltar a analisar, nesta semana, o PL 576\/2021, que tem sido chamado pelo setor como o marco legal das opera\u00e7\u00f5es de gera\u00e7\u00e3o de energia e\u00f3lica offshore (em alto mar). O projeto original, de autoria do ex-senador Jean Paul Prates,\u00a0regulamenta a oferta e outorga de \u00e1reas para explora\u00e7\u00e3o de energia [&hellip;]<\/p>\n","protected":false},"author":1,"featured_media":5694,"comment_status":"closed","ping_status":"closed","sticky":false,"template":"","format":"standard","meta":{"_monsterinsights_skip_tracking":false,"_monsterinsights_sitenote_active":false,"_monsterinsights_sitenote_note":"","_monsterinsights_sitenote_category":0,"footnotes":""},"categories":[7250,1,10,10040],"tags":[494,11474,6015,11326,1351,1484,216,827,6860,631],"class_list":["post-19337","post","type-post","status-publish","format-standard","has-post-thumbnail","hentry","category-destaque-lista","category-geral","category-infraenergia","category-opiniao","tag-abradee","tag-curtailment","tag-eolicas-offshore","tag-jabutis","tag-jean-paul-prates","tag-marcos-madureira","tag-ons","tag-operador-nacional-do-sistema-eletrico","tag-pl-576-2021","tag-termicas"],"yoast_head":"<!-- This site is optimized with the Yoast SEO Premium plugin v25.4 (Yoast SEO v26.0) - https:\/\/yoast.com\/wordpress\/plugins\/seo\/ -->\n<title>Opini\u00e3o \u2013 &quot;Jabutis&quot; em PL de e\u00f3licas offshore encarecem conta de luz - Ag\u00eancia iNFRA<\/title>\n<meta name=\"robots\" content=\"index, follow, max-snippet:-1, max-image-preview:large, max-video-preview:-1\" \/>\n<link rel=\"canonical\" href=\"https:\/\/agenciainfra.com\/blog\/opiniao-jabutis-em-pl-de-eolicas-offshore-encarecem-conta-de-luz\/\" \/>\n<meta property=\"og:locale\" content=\"pt_BR\" \/>\n<meta property=\"og:type\" content=\"article\" \/>\n<meta property=\"og:title\" content=\"Opini\u00e3o \u2013 &quot;Jabutis&quot; em PL de e\u00f3licas offshore encarecem conta de luz\" \/>\n<meta property=\"og:description\" content=\"Marcos Madureira* O Senado Federal deve voltar a analisar, nesta semana, o PL 576\/2021, que tem sido chamado pelo setor como o marco legal das opera\u00e7\u00f5es de gera\u00e7\u00e3o de energia e\u00f3lica offshore (em alto mar). O projeto original, de autoria do ex-senador Jean Paul Prates,\u00a0regulamenta a oferta e outorga de \u00e1reas para explora\u00e7\u00e3o de energia [&hellip;]\" \/>\n<meta property=\"og:url\" content=\"https:\/\/agenciainfra.com\/blog\/opiniao-jabutis-em-pl-de-eolicas-offshore-encarecem-conta-de-luz\/\" \/>\n<meta property=\"og:site_name\" content=\"Ag\u00eancia iNFRA\" \/>\n<meta property=\"article:publisher\" content=\"https:\/\/www.facebook.com\/ageninfra\" \/>\n<meta property=\"article:published_time\" content=\"2024-11-26T11:00:00+00:00\" \/>\n<meta property=\"og:image\" content=\"https:\/\/agenciainfra.com\/blog\/wp-content\/uploads\/2020\/08\/marcos-madureira-foto-abradee-divulgacao.jpg\" \/>\n\t<meta property=\"og:image:width\" content=\"1280\" \/>\n\t<meta property=\"og:image:height\" content=\"918\" \/>\n\t<meta property=\"og:image:type\" content=\"image\/jpeg\" \/>\n<meta name=\"author\" content=\"Ag\u00eancia iNFRA\" \/>\n<meta name=\"twitter:card\" content=\"summary_large_image\" \/>\n<meta name=\"twitter:creator\" content=\"@agencia_infra\" \/>\n<meta name=\"twitter:site\" content=\"@agencia_infra\" \/>\n<meta name=\"twitter:label1\" content=\"Escrito por\" \/>\n\t<meta name=\"twitter:data1\" content=\"Ag\u00eancia iNFRA\" \/>\n\t<meta name=\"twitter:label2\" content=\"Est. tempo de leitura\" \/>\n\t<meta name=\"twitter:data2\" content=\"3 minutos\" \/>\n<script type=\"application\/ld+json\" class=\"yoast-schema-graph\">{\"@context\":\"https:\/\/schema.org\",\"@graph\":[{\"@type\":\"Article\",\"@id\":\"https:\/\/agenciainfra.com\/blog\/opiniao-jabutis-em-pl-de-eolicas-offshore-encarecem-conta-de-luz\/#article\",\"isPartOf\":{\"@id\":\"https:\/\/agenciainfra.com\/blog\/opiniao-jabutis-em-pl-de-eolicas-offshore-encarecem-conta-de-luz\/\"},\"author\":{\"name\":\"Ag\u00eancia iNFRA\",\"@id\":\"https:\/\/agenciainfra.com\/blog\/#\/schema\/person\/34af08dff6adea4cb22b06612ba7acfa\"},\"headline\":\"Opini\u00e3o \u2013 &#8220;Jabutis&#8221; em PL de e\u00f3licas offshore encarecem conta de luz\",\"datePublished\":\"2024-11-26T11:00:00+00:00\",\"mainEntityOfPage\":{\"@id\":\"https:\/\/agenciainfra.com\/blog\/opiniao-jabutis-em-pl-de-eolicas-offshore-encarecem-conta-de-luz\/\"},\"wordCount\":597,\"publisher\":{\"@id\":\"https:\/\/agenciainfra.com\/blog\/#organization\"},\"image\":{\"@id\":\"https:\/\/agenciainfra.com\/blog\/opiniao-jabutis-em-pl-de-eolicas-offshore-encarecem-conta-de-luz\/#primaryimage\"},\"thumbnailUrl\":\"https:\/\/agenciainfra.com\/blog\/wp-content\/uploads\/2020\/08\/marcos-madureira-foto-abradee-divulgacao-e1769609083929.jpg\",\"keywords\":[\"Abradee\",\"curtailment\",\"e\u00f3licas offshore\",\"jabutis\",\"Jean Paul Prates\",\"Marcos Madureira\",\"ONS\",\"Operador Nacional do Sistema El\u00e9trico\",\"PL 576\/2021\",\"t\u00e9rmicas\"],\"articleSection\":[\"Destaque lista\",\"Geral\",\"iNFRAEnergia\",\"Opini\u00e3o\"],\"inLanguage\":\"pt-BR\",\"copyrightYear\":\"2024\",\"copyrightHolder\":{\"@id\":\"https:\/\/agenciainfra.com\/blog\/#organization\"}},{\"@type\":\"WebPage\",\"@id\":\"https:\/\/agenciainfra.com\/blog\/opiniao-jabutis-em-pl-de-eolicas-offshore-encarecem-conta-de-luz\/\",\"url\":\"https:\/\/agenciainfra.com\/blog\/opiniao-jabutis-em-pl-de-eolicas-offshore-encarecem-conta-de-luz\/\",\"name\":\"Opini\u00e3o \u2013 \\\"Jabutis\\\" em PL de e\u00f3licas offshore encarecem conta de luz - Ag\u00eancia iNFRA\",\"isPartOf\":{\"@id\":\"https:\/\/agenciainfra.com\/blog\/#website\"},\"primaryImageOfPage\":{\"@id\":\"https:\/\/agenciainfra.com\/blog\/opiniao-jabutis-em-pl-de-eolicas-offshore-encarecem-conta-de-luz\/#primaryimage\"},\"image\":{\"@id\":\"https:\/\/agenciainfra.com\/blog\/opiniao-jabutis-em-pl-de-eolicas-offshore-encarecem-conta-de-luz\/#primaryimage\"},\"thumbnailUrl\":\"https:\/\/agenciainfra.com\/blog\/wp-content\/uploads\/2020\/08\/marcos-madureira-foto-abradee-divulgacao-e1769609083929.jpg\",\"datePublished\":\"2024-11-26T11:00:00+00:00\",\"breadcrumb\":{\"@id\":\"https:\/\/agenciainfra.com\/blog\/opiniao-jabutis-em-pl-de-eolicas-offshore-encarecem-conta-de-luz\/#breadcrumb\"},\"inLanguage\":\"pt-BR\",\"potentialAction\":[{\"@type\":\"ReadAction\",\"target\":[\"https:\/\/agenciainfra.com\/blog\/opiniao-jabutis-em-pl-de-eolicas-offshore-encarecem-conta-de-luz\/\"]}]},{\"@type\":\"ImageObject\",\"inLanguage\":\"pt-BR\",\"@id\":\"https:\/\/agenciainfra.com\/blog\/opiniao-jabutis-em-pl-de-eolicas-offshore-encarecem-conta-de-luz\/#primaryimage\",\"url\":\"https:\/\/agenciainfra.com\/blog\/wp-content\/uploads\/2020\/08\/marcos-madureira-foto-abradee-divulgacao-e1769609083929.jpg\",\"contentUrl\":\"https:\/\/agenciainfra.com\/blog\/wp-content\/uploads\/2020\/08\/marcos-madureira-foto-abradee-divulgacao-e1769609083929.jpg\",\"width\":1280,\"height\":804,\"caption\":\"Foto: Abradee\"},{\"@type\":\"BreadcrumbList\",\"@id\":\"https:\/\/agenciainfra.com\/blog\/opiniao-jabutis-em-pl-de-eolicas-offshore-encarecem-conta-de-luz\/#breadcrumb\",\"itemListElement\":[{\"@type\":\"ListItem\",\"position\":1,\"name\":\"In\u00edcio\",\"item\":\"https:\/\/agenciainfra.com\/blog\/\"},{\"@type\":\"ListItem\",\"position\":2,\"name\":\"Opini\u00e3o \u2013 &#8220;Jabutis&#8221; em PL de e\u00f3licas offshore encarecem conta de luz\"}]},{\"@type\":\"WebSite\",\"@id\":\"https:\/\/agenciainfra.com\/blog\/#website\",\"url\":\"https:\/\/agenciainfra.com\/blog\/\",\"name\":\"Ag\u00eancia iNFRA\",\"description\":\"Multiplataforma de informa\u00e7\u00e3o jornal\u00edstica refer\u00eancia na \u00e1rea de infraestrutura no Brasil!\",\"publisher\":{\"@id\":\"https:\/\/agenciainfra.com\/blog\/#organization\"},\"potentialAction\":[{\"@type\":\"SearchAction\",\"target\":{\"@type\":\"EntryPoint\",\"urlTemplate\":\"https:\/\/agenciainfra.com\/blog\/?s={search_term_string}\"},\"query-input\":{\"@type\":\"PropertyValueSpecification\",\"valueRequired\":true,\"valueName\":\"search_term_string\"}}],\"inLanguage\":\"pt-BR\"},{\"@type\":\"Organization\",\"@id\":\"https:\/\/agenciainfra.com\/blog\/#organization\",\"name\":\"Ag\u00eancia iNFRA\",\"url\":\"https:\/\/agenciainfra.com\/blog\/\",\"logo\":{\"@type\":\"ImageObject\",\"inLanguage\":\"pt-BR\",\"@id\":\"https:\/\/agenciainfra.com\/blog\/#\/schema\/logo\/image\/\",\"url\":\"https:\/\/agenciainfra.com\/blog\/wp-content\/uploads\/2023\/09\/iNFRA_5-e1761735885940.png\",\"contentUrl\":\"https:\/\/agenciainfra.com\/blog\/wp-content\/uploads\/2023\/09\/iNFRA_5-e1761735885940.png\",\"width\":1672,\"height\":454,\"caption\":\"Ag\u00eancia iNFRA\"},\"image\":{\"@id\":\"https:\/\/agenciainfra.com\/blog\/#\/schema\/logo\/image\/\"},\"sameAs\":[\"https:\/\/www.facebook.com\/ageninfra\",\"https:\/\/x.com\/agencia_infra\",\"https:\/\/www.linkedin.com\/company\/ag\u00eanciainfra\/\",\"https:\/\/www.instagram.com\/agenciainfra\/\"]},{\"@type\":\"Person\",\"@id\":\"https:\/\/agenciainfra.com\/blog\/#\/schema\/person\/34af08dff6adea4cb22b06612ba7acfa\",\"name\":\"Ag\u00eancia iNFRA\",\"image\":{\"@type\":\"ImageObject\",\"inLanguage\":\"pt-BR\",\"@id\":\"https:\/\/agenciainfra.com\/blog\/#\/schema\/person\/image\/\",\"url\":\"https:\/\/secure.gravatar.com\/avatar\/d189e01678f06d8eb84d4e01f08eb848b3fffe3f8443818d3c356c66892f5be8?s=96&d=mm&r=g\",\"contentUrl\":\"https:\/\/secure.gravatar.com\/avatar\/d189e01678f06d8eb84d4e01f08eb848b3fffe3f8443818d3c356c66892f5be8?s=96&d=mm&r=g\",\"caption\":\"Ag\u00eancia iNFRA\"},\"url\":\"https:\/\/agenciainfra.com\/blog\/author\/admin\/\"}]}<\/script>\n<!-- \/ Yoast SEO Premium plugin. -->","yoast_head_json":{"title":"Opini\u00e3o \u2013 \"Jabutis\" em PL de e\u00f3licas offshore encarecem conta de luz - Ag\u00eancia iNFRA","robots":{"index":"index","follow":"follow","max-snippet":"max-snippet:-1","max-image-preview":"max-image-preview:large","max-video-preview":"max-video-preview:-1"},"canonical":"https:\/\/agenciainfra.com\/blog\/opiniao-jabutis-em-pl-de-eolicas-offshore-encarecem-conta-de-luz\/","og_locale":"pt_BR","og_type":"article","og_title":"Opini\u00e3o \u2013 \"Jabutis\" em PL de e\u00f3licas offshore encarecem conta de luz","og_description":"Marcos Madureira* O Senado Federal deve voltar a analisar, nesta semana, o PL 576\/2021, que tem sido chamado pelo setor como o marco legal das opera\u00e7\u00f5es de gera\u00e7\u00e3o de energia e\u00f3lica offshore (em alto mar). O projeto original, de autoria do ex-senador Jean Paul Prates,\u00a0regulamenta a oferta e outorga de \u00e1reas para explora\u00e7\u00e3o de energia [&hellip;]","og_url":"https:\/\/agenciainfra.com\/blog\/opiniao-jabutis-em-pl-de-eolicas-offshore-encarecem-conta-de-luz\/","og_site_name":"Ag\u00eancia iNFRA","article_publisher":"https:\/\/www.facebook.com\/ageninfra","article_published_time":"2024-11-26T11:00:00+00:00","og_image":[{"width":1280,"height":918,"url":"https:\/\/agenciainfra.com\/blog\/wp-content\/uploads\/2020\/08\/marcos-madureira-foto-abradee-divulgacao.jpg","type":"image\/jpeg"}],"author":"Ag\u00eancia iNFRA","twitter_card":"summary_large_image","twitter_creator":"@agencia_infra","twitter_site":"@agencia_infra","twitter_misc":{"Escrito por":"Ag\u00eancia iNFRA","Est. tempo de leitura":"3 minutos"},"schema":{"@context":"https:\/\/schema.org","@graph":[{"@type":"Article","@id":"https:\/\/agenciainfra.com\/blog\/opiniao-jabutis-em-pl-de-eolicas-offshore-encarecem-conta-de-luz\/#article","isPartOf":{"@id":"https:\/\/agenciainfra.com\/blog\/opiniao-jabutis-em-pl-de-eolicas-offshore-encarecem-conta-de-luz\/"},"author":{"name":"Ag\u00eancia iNFRA","@id":"https:\/\/agenciainfra.com\/blog\/#\/schema\/person\/34af08dff6adea4cb22b06612ba7acfa"},"headline":"Opini\u00e3o \u2013 &#8220;Jabutis&#8221; em PL de e\u00f3licas offshore encarecem conta de luz","datePublished":"2024-11-26T11:00:00+00:00","mainEntityOfPage":{"@id":"https:\/\/agenciainfra.com\/blog\/opiniao-jabutis-em-pl-de-eolicas-offshore-encarecem-conta-de-luz\/"},"wordCount":597,"publisher":{"@id":"https:\/\/agenciainfra.com\/blog\/#organization"},"image":{"@id":"https:\/\/agenciainfra.com\/blog\/opiniao-jabutis-em-pl-de-eolicas-offshore-encarecem-conta-de-luz\/#primaryimage"},"thumbnailUrl":"https:\/\/agenciainfra.com\/blog\/wp-content\/uploads\/2020\/08\/marcos-madureira-foto-abradee-divulgacao-e1769609083929.jpg","keywords":["Abradee","curtailment","e\u00f3licas offshore","jabutis","Jean Paul Prates","Marcos Madureira","ONS","Operador Nacional do Sistema El\u00e9trico","PL 576\/2021","t\u00e9rmicas"],"articleSection":["Destaque lista","Geral","iNFRAEnergia","Opini\u00e3o"],"inLanguage":"pt-BR","copyrightYear":"2024","copyrightHolder":{"@id":"https:\/\/agenciainfra.com\/blog\/#organization"}},{"@type":"WebPage","@id":"https:\/\/agenciainfra.com\/blog\/opiniao-jabutis-em-pl-de-eolicas-offshore-encarecem-conta-de-luz\/","url":"https:\/\/agenciainfra.com\/blog\/opiniao-jabutis-em-pl-de-eolicas-offshore-encarecem-conta-de-luz\/","name":"Opini\u00e3o \u2013 \"Jabutis\" em PL de e\u00f3licas offshore encarecem conta de luz - Ag\u00eancia iNFRA","isPartOf":{"@id":"https:\/\/agenciainfra.com\/blog\/#website"},"primaryImageOfPage":{"@id":"https:\/\/agenciainfra.com\/blog\/opiniao-jabutis-em-pl-de-eolicas-offshore-encarecem-conta-de-luz\/#primaryimage"},"image":{"@id":"https:\/\/agenciainfra.com\/blog\/opiniao-jabutis-em-pl-de-eolicas-offshore-encarecem-conta-de-luz\/#primaryimage"},"thumbnailUrl":"https:\/\/agenciainfra.com\/blog\/wp-content\/uploads\/2020\/08\/marcos-madureira-foto-abradee-divulgacao-e1769609083929.jpg","datePublished":"2024-11-26T11:00:00+00:00","breadcrumb":{"@id":"https:\/\/agenciainfra.com\/blog\/opiniao-jabutis-em-pl-de-eolicas-offshore-encarecem-conta-de-luz\/#breadcrumb"},"inLanguage":"pt-BR","potentialAction":[{"@type":"ReadAction","target":["https:\/\/agenciainfra.com\/blog\/opiniao-jabutis-em-pl-de-eolicas-offshore-encarecem-conta-de-luz\/"]}]},{"@type":"ImageObject","inLanguage":"pt-BR","@id":"https:\/\/agenciainfra.com\/blog\/opiniao-jabutis-em-pl-de-eolicas-offshore-encarecem-conta-de-luz\/#primaryimage","url":"https:\/\/agenciainfra.com\/blog\/wp-content\/uploads\/2020\/08\/marcos-madureira-foto-abradee-divulgacao-e1769609083929.jpg","contentUrl":"https:\/\/agenciainfra.com\/blog\/wp-content\/uploads\/2020\/08\/marcos-madureira-foto-abradee-divulgacao-e1769609083929.jpg","width":1280,"height":804,"caption":"Foto: Abradee"},{"@type":"BreadcrumbList","@id":"https:\/\/agenciainfra.com\/blog\/opiniao-jabutis-em-pl-de-eolicas-offshore-encarecem-conta-de-luz\/#breadcrumb","itemListElement":[{"@type":"ListItem","position":1,"name":"In\u00edcio","item":"https:\/\/agenciainfra.com\/blog\/"},{"@type":"ListItem","position":2,"name":"Opini\u00e3o \u2013 &#8220;Jabutis&#8221; em PL de e\u00f3licas offshore encarecem conta de luz"}]},{"@type":"WebSite","@id":"https:\/\/agenciainfra.com\/blog\/#website","url":"https:\/\/agenciainfra.com\/blog\/","name":"Ag\u00eancia iNFRA","description":"Multiplataforma de informa\u00e7\u00e3o jornal\u00edstica refer\u00eancia na \u00e1rea de infraestrutura no Brasil!","publisher":{"@id":"https:\/\/agenciainfra.com\/blog\/#organization"},"potentialAction":[{"@type":"SearchAction","target":{"@type":"EntryPoint","urlTemplate":"https:\/\/agenciainfra.com\/blog\/?s={search_term_string}"},"query-input":{"@type":"PropertyValueSpecification","valueRequired":true,"valueName":"search_term_string"}}],"inLanguage":"pt-BR"},{"@type":"Organization","@id":"https:\/\/agenciainfra.com\/blog\/#organization","name":"Ag\u00eancia iNFRA","url":"https:\/\/agenciainfra.com\/blog\/","logo":{"@type":"ImageObject","inLanguage":"pt-BR","@id":"https:\/\/agenciainfra.com\/blog\/#\/schema\/logo\/image\/","url":"https:\/\/agenciainfra.com\/blog\/wp-content\/uploads\/2023\/09\/iNFRA_5-e1761735885940.png","contentUrl":"https:\/\/agenciainfra.com\/blog\/wp-content\/uploads\/2023\/09\/iNFRA_5-e1761735885940.png","width":1672,"height":454,"caption":"Ag\u00eancia iNFRA"},"image":{"@id":"https:\/\/agenciainfra.com\/blog\/#\/schema\/logo\/image\/"},"sameAs":["https:\/\/www.facebook.com\/ageninfra","https:\/\/x.com\/agencia_infra","https:\/\/www.linkedin.com\/company\/ag\u00eanciainfra\/","https:\/\/www.instagram.com\/agenciainfra\/"]},{"@type":"Person","@id":"https:\/\/agenciainfra.com\/blog\/#\/schema\/person\/34af08dff6adea4cb22b06612ba7acfa","name":"Ag\u00eancia iNFRA","image":{"@type":"ImageObject","inLanguage":"pt-BR","@id":"https:\/\/agenciainfra.com\/blog\/#\/schema\/person\/image\/","url":"https:\/\/secure.gravatar.com\/avatar\/d189e01678f06d8eb84d4e01f08eb848b3fffe3f8443818d3c356c66892f5be8?s=96&d=mm&r=g","contentUrl":"https:\/\/secure.gravatar.com\/avatar\/d189e01678f06d8eb84d4e01f08eb848b3fffe3f8443818d3c356c66892f5be8?s=96&d=mm&r=g","caption":"Ag\u00eancia iNFRA"},"url":"https:\/\/agenciainfra.com\/blog\/author\/admin\/"}]}},"_links":{"self":[{"href":"https:\/\/agenciainfra.com\/blog\/wp-json\/wp\/v2\/posts\/19337","targetHints":{"allow":["GET"]}}],"collection":[{"href":"https:\/\/agenciainfra.com\/blog\/wp-json\/wp\/v2\/posts"}],"about":[{"href":"https:\/\/agenciainfra.com\/blog\/wp-json\/wp\/v2\/types\/post"}],"author":[{"embeddable":true,"href":"https:\/\/agenciainfra.com\/blog\/wp-json\/wp\/v2\/users\/1"}],"replies":[{"embeddable":true,"href":"https:\/\/agenciainfra.com\/blog\/wp-json\/wp\/v2\/comments?post=19337"}],"version-history":[{"count":1,"href":"https:\/\/agenciainfra.com\/blog\/wp-json\/wp\/v2\/posts\/19337\/revisions"}],"predecessor-version":[{"id":19338,"href":"https:\/\/agenciainfra.com\/blog\/wp-json\/wp\/v2\/posts\/19337\/revisions\/19338"}],"wp:featuredmedia":[{"embeddable":true,"href":"https:\/\/agenciainfra.com\/blog\/wp-json\/wp\/v2\/media\/5694"}],"wp:attachment":[{"href":"https:\/\/agenciainfra.com\/blog\/wp-json\/wp\/v2\/media?parent=19337"}],"wp:term":[{"taxonomy":"category","embeddable":true,"href":"https:\/\/agenciainfra.com\/blog\/wp-json\/wp\/v2\/categories?post=19337"},{"taxonomy":"post_tag","embeddable":true,"href":"https:\/\/agenciainfra.com\/blog\/wp-json\/wp\/v2\/tags?post=19337"}],"curies":[{"name":"wp","href":"https:\/\/api.w.org\/{rel}","templated":true}]}}