{"id":19341,"date":"2024-11-26T10:00:00","date_gmt":"2024-11-26T13:00:00","guid":{"rendered":"https:\/\/agenciainfra.com\/blog\/?p=19341"},"modified":"2024-11-27T06:31:01","modified_gmt":"2024-11-27T09:31:01","slug":"alexandre-aniz-ex-diretor-da-eletrobras-entra-no-pareo-por-vaga-na-aneel","status":"publish","type":"post","link":"https:\/\/agenciainfra.com\/blog\/alexandre-aniz-ex-diretor-da-eletrobras-entra-no-pareo-por-vaga-na-aneel\/","title":{"rendered":"Alexandre Aniz, ex-diretor da Eletrobras, entra no p\u00e1reo por vaga na ANEEL"},"content":{"rendered":"\n<p class=\"has-text-align-right\"><strong>Geraldo Campos Jr., Leila Coimbra e Marisa Wanzeller, da Ag\u00eancia iNFRA<\/strong><\/p>\n\n\n\n<p>Um novo nome surgiu na disputa para a vaga na ANEEL (Ag\u00eancia Nacional de Energia El\u00e9trica). Alexandre Aniz, ex-diretor jur\u00eddico e de Gest\u00e3o Corporativa da Eletrobras, foi aventado para assumir cadeira na reguladora. O nome teria sido citado h\u00e1 poucos dias durante reuni\u00e3o entre o presidente Lula, o atual presidente do Senado, Rodrigo Pacheco (PSD-MG), e o senador Davi Alcolumbre (Uni\u00e3o-AP), favorito para presidir a Casa em 2025.&nbsp;<\/p>\n\n\n\n<p>Aniz tem conex\u00f5es com o MDB e \u00e9 ligado a figuras influentes no partido como o ex-presidente Michel Temer. Se a vaga ficar na cota do Legislativo, seria ent\u00e3o indica\u00e7\u00e3o do senador Eduardo Braga (MDB-AM). Aniz&nbsp;teria tido a &#8220;ben\u00e7\u00e3o&#8221; de Gilberto Kassab, presidente do PSD, segundo fontes disseram para a <strong>Ag\u00eancia iNFRA<\/strong>.<\/p>\n\n\n\n<p>O novo cotado assumiria a cadeira desocupada pelo ex-diretor H\u00e9lvio Guerra em maio deste ano. Com o arranjo, a indica\u00e7\u00e3o do secret\u00e1rio de Energia El\u00e9trica do MME (Minist\u00e9rio de Minas e Energia), Gentil Nogueira, ficaria para a vaga atualmente ocupada pelo diretor Ricardo Tili, que tem mandato at\u00e9 maio de 2025.<\/p>\n\n\n\n<p>Gentil \u00e9 o nome defendido pelo ministro Alexandre Silveira e chegou a ser levado ao Planalto para ocupar a vaga j\u00e1 dispon\u00edvel, mas foi vetado por Pacheco e Alcolumbre ainda em junho deste ano.&nbsp;<\/p>\n\n\n\n<p><strong>Reuni\u00e3o entre Lula e senadores<\/strong><br>As duas indica\u00e7\u00f5es foram abordadas na recente reuni\u00e3o entre o presidente e os senadores, que tratou de dezenas de vagas em ag\u00eancias reguladoras.&nbsp;<\/p>\n\n\n\n<p>Tamb\u00e9m foram discutidos dois nomes para a ANP (Ag\u00eancia Nacional do Petr\u00f3leo, G\u00e1s Natural e Biocombust\u00edveis), incluindo a vaga para diretor-geral: o do secret\u00e1rio de Petr\u00f3leo e G\u00e1s do MME, Pietro Sampaio Mendes, e do consultor jur\u00eddico da PPSA (Pr\u00e9-Sal Petr\u00f3leo S.A.) Artur Watt Neto, sobrinho do senador Otto Alencar (PSD-BA) para outra vaga j\u00e1 dispon\u00edvel.<\/p>\n\n\n\n<p>No encontro foram apresentados pelo governo nomes para preencher os cargos, mas, segundo fontes da <strong>Ag\u00eancia iNFRA<\/strong>, n\u00e3o houve consenso em rela\u00e7\u00e3o a alguns dos indicados. Os nomes ligados ao ministro Silveira s\u00e3o os que enfrentam maior resist\u00eancia no Senado.<\/p>\n\n\n\n<p>As negocia\u00e7\u00f5es para as ag\u00eancias reguladoras ocorrem na esteira da poss\u00edvel elei\u00e7\u00e3o de Davi Alcolumbre para a presid\u00eancia do Senado, casa legislativa respons\u00e1vel pela sabatina e aprova\u00e7\u00e3o dos diretores das autarquias.<\/p>\n\n\n\n<p><strong>Indica\u00e7\u00f5es devem ficar para 2025<\/strong><br>As indica\u00e7\u00f5es devem ser oficializadas apenas em 2025, quando 28 vagas precisar\u00e3o ser preenchidas: 15 j\u00e1 abertas ou que ficar\u00e3o sem ocupante at\u00e9 dezembro de 2024 e outras 13 que ainda ser\u00e3o desocupadas no ano que vem.&nbsp;<\/p>\n\n\n\n<p>A tend\u00eancia, segundo fontes, \u00e9 que tudo fique para depois de fevereiro, uma vez que governo e o Senado devem esperar a nova composi\u00e7\u00e3o da Mesa Diretora da Casa e a distribui\u00e7\u00e3o dos cargos de comiss\u00f5es, para s\u00f3 depois definir as vagas nas ag\u00eancias reguladoras.<\/p>\n\n\n\n<p>H\u00e1 um pleito do Senado para que ao menos 50% dessas cadeiras sejam ocupadas por indica\u00e7\u00f5es do Legislativo. A outra metade caberia ao Executivo. No entanto, o governo Lula tem relutado at\u00e9 aqui e se mostrado disposto a dar aos senadores uma cota menor, de 1\/3 das vagas.<\/p>\n","protected":false},"excerpt":{"rendered":"<p>Geraldo Campos Jr., Leila Coimbra e Marisa Wanzeller, da Ag\u00eancia iNFRA Um novo nome surgiu na disputa para a vaga na ANEEL (Ag\u00eancia Nacional de Energia El\u00e9trica). Alexandre Aniz, ex-diretor jur\u00eddico e de Gest\u00e3o Corporativa da Eletrobras, foi aventado para assumir cadeira na reguladora. O nome teria sido citado h\u00e1 poucos dias durante reuni\u00e3o entre [&hellip;]<\/p>\n","protected":false},"author":1,"featured_media":15384,"comment_status":"closed","ping_status":"closed","sticky":false,"template":"","format":"standard","meta":{"_monsterinsights_skip_tracking":false,"_monsterinsights_sitenote_active":false,"_monsterinsights_sitenote_note":"","_monsterinsights_sitenote_category":0,"footnotes":""},"categories":[9714,1,10],"tags":[72,11801,53,50,11594,11803,1984,7366,11802],"class_list":["post-19341","post","type-post","status-publish","format-standard","has-post-thumbnail","hentry","category-destaque-menor","category-geral","category-infraenergia","tag-agencia-reguladora","tag-alexandre-aniz","tag-aneel","tag-eletrobras","tag-geraldo-campos-jr","tag-indicacao-a-aneel","tag-leila-coimbra","tag-marisa-wanzeller","tag-vaga-na-aneel"],"yoast_head":"<!-- This site is optimized with the Yoast SEO Premium plugin v25.4 (Yoast SEO v26.0) - https:\/\/yoast.com\/wordpress\/plugins\/seo\/ -->\n<title>Alexandre Aniz, ex-diretor da Eletrobras, entra no p\u00e1reo por vaga na ANEEL - Ag\u00eancia iNFRA<\/title>\n<meta name=\"robots\" content=\"index, follow, max-snippet:-1, max-image-preview:large, max-video-preview:-1\" \/>\n<link rel=\"canonical\" href=\"https:\/\/agenciainfra.com\/blog\/alexandre-aniz-ex-diretor-da-eletrobras-entra-no-pareo-por-vaga-na-aneel\/\" \/>\n<meta property=\"og:locale\" content=\"pt_BR\" \/>\n<meta property=\"og:type\" content=\"article\" \/>\n<meta property=\"og:title\" content=\"Alexandre Aniz, ex-diretor da Eletrobras, entra no p\u00e1reo por vaga na ANEEL\" \/>\n<meta property=\"og:description\" content=\"Geraldo Campos Jr., Leila Coimbra e Marisa Wanzeller, da Ag\u00eancia iNFRA Um novo nome surgiu na disputa para a vaga na ANEEL (Ag\u00eancia Nacional de Energia El\u00e9trica). Alexandre Aniz, ex-diretor jur\u00eddico e de Gest\u00e3o Corporativa da Eletrobras, foi aventado para assumir cadeira na reguladora. O nome teria sido citado h\u00e1 poucos dias durante reuni\u00e3o entre [&hellip;]\" \/>\n<meta property=\"og:url\" content=\"https:\/\/agenciainfra.com\/blog\/alexandre-aniz-ex-diretor-da-eletrobras-entra-no-pareo-por-vaga-na-aneel\/\" \/>\n<meta property=\"og:site_name\" content=\"Ag\u00eancia iNFRA\" \/>\n<meta property=\"article:publisher\" content=\"https:\/\/www.facebook.com\/ageninfra\" \/>\n<meta property=\"article:published_time\" content=\"2024-11-26T13:00:00+00:00\" \/>\n<meta property=\"article:modified_time\" content=\"2024-11-27T09:31:01+00:00\" \/>\n<meta property=\"og:image\" content=\"https:\/\/agenciainfra.com\/blog\/wp-content\/uploads\/2024\/01\/reuniao-diretoria-aneel-2024-foto-reproducao-youtube.png\" \/>\n\t<meta property=\"og:image:width\" content=\"1202\" \/>\n\t<meta property=\"og:image:height\" content=\"676\" \/>\n\t<meta property=\"og:image:type\" content=\"image\/png\" \/>\n<meta name=\"author\" content=\"Ag\u00eancia iNFRA\" \/>\n<meta name=\"twitter:card\" content=\"summary_large_image\" \/>\n<meta name=\"twitter:creator\" content=\"@agencia_infra\" \/>\n<meta name=\"twitter:site\" content=\"@agencia_infra\" \/>\n<meta name=\"twitter:label1\" content=\"Escrito por\" \/>\n\t<meta name=\"twitter:data1\" content=\"Ag\u00eancia iNFRA\" \/>\n\t<meta name=\"twitter:label2\" content=\"Est. tempo de leitura\" \/>\n\t<meta name=\"twitter:data2\" content=\"3 minutos\" \/>\n<script type=\"application\/ld+json\" class=\"yoast-schema-graph\">{\"@context\":\"https:\/\/schema.org\",\"@graph\":[{\"@type\":\"Article\",\"@id\":\"https:\/\/agenciainfra.com\/blog\/alexandre-aniz-ex-diretor-da-eletrobras-entra-no-pareo-por-vaga-na-aneel\/#article\",\"isPartOf\":{\"@id\":\"https:\/\/agenciainfra.com\/blog\/alexandre-aniz-ex-diretor-da-eletrobras-entra-no-pareo-por-vaga-na-aneel\/\"},\"author\":{\"name\":\"Ag\u00eancia iNFRA\",\"@id\":\"https:\/\/agenciainfra.com\/blog\/#\/schema\/person\/34af08dff6adea4cb22b06612ba7acfa\"},\"headline\":\"Alexandre Aniz, ex-diretor da Eletrobras, entra no p\u00e1reo por vaga na ANEEL\",\"datePublished\":\"2024-11-26T13:00:00+00:00\",\"dateModified\":\"2024-11-27T09:31:01+00:00\",\"mainEntityOfPage\":{\"@id\":\"https:\/\/agenciainfra.com\/blog\/alexandre-aniz-ex-diretor-da-eletrobras-entra-no-pareo-por-vaga-na-aneel\/\"},\"wordCount\":570,\"publisher\":{\"@id\":\"https:\/\/agenciainfra.com\/blog\/#organization\"},\"image\":{\"@id\":\"https:\/\/agenciainfra.com\/blog\/alexandre-aniz-ex-diretor-da-eletrobras-entra-no-pareo-por-vaga-na-aneel\/#primaryimage\"},\"thumbnailUrl\":\"https:\/\/agenciainfra.com\/blog\/wp-content\/uploads\/2024\/01\/reuniao-diretoria-aneel-2024-foto-reproducao-youtube.png\",\"keywords\":[\"ag\u00eancia reguladora\",\"Alexandre Aniz\",\"ANEEL\",\"Eletrobras\",\"Geraldo Campos Jr.\",\"Indica\u00e7\u00e3o \u00e0 ANEEL\",\"Leila Coimbra\",\"Marisa Wanzeller\",\"Vaga na ANEEL\"],\"articleSection\":[\"Destaque Menor\",\"Geral\",\"iNFRAEnergia\"],\"inLanguage\":\"pt-BR\",\"copyrightYear\":\"2024\",\"copyrightHolder\":{\"@id\":\"https:\/\/agenciainfra.com\/blog\/#organization\"}},{\"@type\":\"WebPage\",\"@id\":\"https:\/\/agenciainfra.com\/blog\/alexandre-aniz-ex-diretor-da-eletrobras-entra-no-pareo-por-vaga-na-aneel\/\",\"url\":\"https:\/\/agenciainfra.com\/blog\/alexandre-aniz-ex-diretor-da-eletrobras-entra-no-pareo-por-vaga-na-aneel\/\",\"name\":\"Alexandre Aniz, ex-diretor da Eletrobras, entra no p\u00e1reo por vaga na ANEEL - Ag\u00eancia iNFRA\",\"isPartOf\":{\"@id\":\"https:\/\/agenciainfra.com\/blog\/#website\"},\"primaryImageOfPage\":{\"@id\":\"https:\/\/agenciainfra.com\/blog\/alexandre-aniz-ex-diretor-da-eletrobras-entra-no-pareo-por-vaga-na-aneel\/#primaryimage\"},\"image\":{\"@id\":\"https:\/\/agenciainfra.com\/blog\/alexandre-aniz-ex-diretor-da-eletrobras-entra-no-pareo-por-vaga-na-aneel\/#primaryimage\"},\"thumbnailUrl\":\"https:\/\/agenciainfra.com\/blog\/wp-content\/uploads\/2024\/01\/reuniao-diretoria-aneel-2024-foto-reproducao-youtube.png\",\"datePublished\":\"2024-11-26T13:00:00+00:00\",\"dateModified\":\"2024-11-27T09:31:01+00:00\",\"breadcrumb\":{\"@id\":\"https:\/\/agenciainfra.com\/blog\/alexandre-aniz-ex-diretor-da-eletrobras-entra-no-pareo-por-vaga-na-aneel\/#breadcrumb\"},\"inLanguage\":\"pt-BR\",\"potentialAction\":[{\"@type\":\"ReadAction\",\"target\":[\"https:\/\/agenciainfra.com\/blog\/alexandre-aniz-ex-diretor-da-eletrobras-entra-no-pareo-por-vaga-na-aneel\/\"]}]},{\"@type\":\"ImageObject\",\"inLanguage\":\"pt-BR\",\"@id\":\"https:\/\/agenciainfra.com\/blog\/alexandre-aniz-ex-diretor-da-eletrobras-entra-no-pareo-por-vaga-na-aneel\/#primaryimage\",\"url\":\"https:\/\/agenciainfra.com\/blog\/wp-content\/uploads\/2024\/01\/reuniao-diretoria-aneel-2024-foto-reproducao-youtube.png\",\"contentUrl\":\"https:\/\/agenciainfra.com\/blog\/wp-content\/uploads\/2024\/01\/reuniao-diretoria-aneel-2024-foto-reproducao-youtube.png\",\"width\":1202,\"height\":676},{\"@type\":\"BreadcrumbList\",\"@id\":\"https:\/\/agenciainfra.com\/blog\/alexandre-aniz-ex-diretor-da-eletrobras-entra-no-pareo-por-vaga-na-aneel\/#breadcrumb\",\"itemListElement\":[{\"@type\":\"ListItem\",\"position\":1,\"name\":\"In\u00edcio\",\"item\":\"https:\/\/agenciainfra.com\/blog\/\"},{\"@type\":\"ListItem\",\"position\":2,\"name\":\"Alexandre Aniz, ex-diretor da Eletrobras, entra no p\u00e1reo por vaga na ANEEL\"}]},{\"@type\":\"WebSite\",\"@id\":\"https:\/\/agenciainfra.com\/blog\/#website\",\"url\":\"https:\/\/agenciainfra.com\/blog\/\",\"name\":\"Ag\u00eancia iNFRA\",\"description\":\"Multiplataforma de informa\u00e7\u00e3o jornal\u00edstica refer\u00eancia na \u00e1rea de infraestrutura no Brasil!\",\"publisher\":{\"@id\":\"https:\/\/agenciainfra.com\/blog\/#organization\"},\"potentialAction\":[{\"@type\":\"SearchAction\",\"target\":{\"@type\":\"EntryPoint\",\"urlTemplate\":\"https:\/\/agenciainfra.com\/blog\/?s={search_term_string}\"},\"query-input\":{\"@type\":\"PropertyValueSpecification\",\"valueRequired\":true,\"valueName\":\"search_term_string\"}}],\"inLanguage\":\"pt-BR\"},{\"@type\":\"Organization\",\"@id\":\"https:\/\/agenciainfra.com\/blog\/#organization\",\"name\":\"Ag\u00eancia iNFRA\",\"url\":\"https:\/\/agenciainfra.com\/blog\/\",\"logo\":{\"@type\":\"ImageObject\",\"inLanguage\":\"pt-BR\",\"@id\":\"https:\/\/agenciainfra.com\/blog\/#\/schema\/logo\/image\/\",\"url\":\"https:\/\/agenciainfra.com\/blog\/wp-content\/uploads\/2023\/09\/iNFRA_5-e1761735885940.png\",\"contentUrl\":\"https:\/\/agenciainfra.com\/blog\/wp-content\/uploads\/2023\/09\/iNFRA_5-e1761735885940.png\",\"width\":1672,\"height\":454,\"caption\":\"Ag\u00eancia iNFRA\"},\"image\":{\"@id\":\"https:\/\/agenciainfra.com\/blog\/#\/schema\/logo\/image\/\"},\"sameAs\":[\"https:\/\/www.facebook.com\/ageninfra\",\"https:\/\/x.com\/agencia_infra\",\"https:\/\/www.linkedin.com\/company\/ag\u00eanciainfra\/\",\"https:\/\/www.instagram.com\/agenciainfra\/\"]},{\"@type\":\"Person\",\"@id\":\"https:\/\/agenciainfra.com\/blog\/#\/schema\/person\/34af08dff6adea4cb22b06612ba7acfa\",\"name\":\"Ag\u00eancia iNFRA\",\"image\":{\"@type\":\"ImageObject\",\"inLanguage\":\"pt-BR\",\"@id\":\"https:\/\/agenciainfra.com\/blog\/#\/schema\/person\/image\/\",\"url\":\"https:\/\/secure.gravatar.com\/avatar\/d189e01678f06d8eb84d4e01f08eb848b3fffe3f8443818d3c356c66892f5be8?s=96&d=mm&r=g\",\"contentUrl\":\"https:\/\/secure.gravatar.com\/avatar\/d189e01678f06d8eb84d4e01f08eb848b3fffe3f8443818d3c356c66892f5be8?s=96&d=mm&r=g\",\"caption\":\"Ag\u00eancia iNFRA\"},\"url\":\"https:\/\/agenciainfra.com\/blog\/author\/admin\/\"}]}<\/script>\n<!-- \/ Yoast SEO Premium plugin. -->","yoast_head_json":{"title":"Alexandre Aniz, ex-diretor da Eletrobras, entra no p\u00e1reo por vaga na ANEEL - Ag\u00eancia iNFRA","robots":{"index":"index","follow":"follow","max-snippet":"max-snippet:-1","max-image-preview":"max-image-preview:large","max-video-preview":"max-video-preview:-1"},"canonical":"https:\/\/agenciainfra.com\/blog\/alexandre-aniz-ex-diretor-da-eletrobras-entra-no-pareo-por-vaga-na-aneel\/","og_locale":"pt_BR","og_type":"article","og_title":"Alexandre Aniz, ex-diretor da Eletrobras, entra no p\u00e1reo por vaga na ANEEL","og_description":"Geraldo Campos Jr., Leila Coimbra e Marisa Wanzeller, da Ag\u00eancia iNFRA Um novo nome surgiu na disputa para a vaga na ANEEL (Ag\u00eancia Nacional de Energia El\u00e9trica). Alexandre Aniz, ex-diretor jur\u00eddico e de Gest\u00e3o Corporativa da Eletrobras, foi aventado para assumir cadeira na reguladora. O nome teria sido citado h\u00e1 poucos dias durante reuni\u00e3o entre [&hellip;]","og_url":"https:\/\/agenciainfra.com\/blog\/alexandre-aniz-ex-diretor-da-eletrobras-entra-no-pareo-por-vaga-na-aneel\/","og_site_name":"Ag\u00eancia iNFRA","article_publisher":"https:\/\/www.facebook.com\/ageninfra","article_published_time":"2024-11-26T13:00:00+00:00","article_modified_time":"2024-11-27T09:31:01+00:00","og_image":[{"width":1202,"height":676,"url":"https:\/\/agenciainfra.com\/blog\/wp-content\/uploads\/2024\/01\/reuniao-diretoria-aneel-2024-foto-reproducao-youtube.png","type":"image\/png"}],"author":"Ag\u00eancia iNFRA","twitter_card":"summary_large_image","twitter_creator":"@agencia_infra","twitter_site":"@agencia_infra","twitter_misc":{"Escrito por":"Ag\u00eancia iNFRA","Est. tempo de leitura":"3 minutos"},"schema":{"@context":"https:\/\/schema.org","@graph":[{"@type":"Article","@id":"https:\/\/agenciainfra.com\/blog\/alexandre-aniz-ex-diretor-da-eletrobras-entra-no-pareo-por-vaga-na-aneel\/#article","isPartOf":{"@id":"https:\/\/agenciainfra.com\/blog\/alexandre-aniz-ex-diretor-da-eletrobras-entra-no-pareo-por-vaga-na-aneel\/"},"author":{"name":"Ag\u00eancia iNFRA","@id":"https:\/\/agenciainfra.com\/blog\/#\/schema\/person\/34af08dff6adea4cb22b06612ba7acfa"},"headline":"Alexandre Aniz, ex-diretor da Eletrobras, entra no p\u00e1reo por vaga na ANEEL","datePublished":"2024-11-26T13:00:00+00:00","dateModified":"2024-11-27T09:31:01+00:00","mainEntityOfPage":{"@id":"https:\/\/agenciainfra.com\/blog\/alexandre-aniz-ex-diretor-da-eletrobras-entra-no-pareo-por-vaga-na-aneel\/"},"wordCount":570,"publisher":{"@id":"https:\/\/agenciainfra.com\/blog\/#organization"},"image":{"@id":"https:\/\/agenciainfra.com\/blog\/alexandre-aniz-ex-diretor-da-eletrobras-entra-no-pareo-por-vaga-na-aneel\/#primaryimage"},"thumbnailUrl":"https:\/\/agenciainfra.com\/blog\/wp-content\/uploads\/2024\/01\/reuniao-diretoria-aneel-2024-foto-reproducao-youtube.png","keywords":["ag\u00eancia reguladora","Alexandre Aniz","ANEEL","Eletrobras","Geraldo Campos Jr.","Indica\u00e7\u00e3o \u00e0 ANEEL","Leila Coimbra","Marisa Wanzeller","Vaga na ANEEL"],"articleSection":["Destaque Menor","Geral","iNFRAEnergia"],"inLanguage":"pt-BR","copyrightYear":"2024","copyrightHolder":{"@id":"https:\/\/agenciainfra.com\/blog\/#organization"}},{"@type":"WebPage","@id":"https:\/\/agenciainfra.com\/blog\/alexandre-aniz-ex-diretor-da-eletrobras-entra-no-pareo-por-vaga-na-aneel\/","url":"https:\/\/agenciainfra.com\/blog\/alexandre-aniz-ex-diretor-da-eletrobras-entra-no-pareo-por-vaga-na-aneel\/","name":"Alexandre Aniz, ex-diretor da Eletrobras, entra no p\u00e1reo por vaga na ANEEL - Ag\u00eancia iNFRA","isPartOf":{"@id":"https:\/\/agenciainfra.com\/blog\/#website"},"primaryImageOfPage":{"@id":"https:\/\/agenciainfra.com\/blog\/alexandre-aniz-ex-diretor-da-eletrobras-entra-no-pareo-por-vaga-na-aneel\/#primaryimage"},"image":{"@id":"https:\/\/agenciainfra.com\/blog\/alexandre-aniz-ex-diretor-da-eletrobras-entra-no-pareo-por-vaga-na-aneel\/#primaryimage"},"thumbnailUrl":"https:\/\/agenciainfra.com\/blog\/wp-content\/uploads\/2024\/01\/reuniao-diretoria-aneel-2024-foto-reproducao-youtube.png","datePublished":"2024-11-26T13:00:00+00:00","dateModified":"2024-11-27T09:31:01+00:00","breadcrumb":{"@id":"https:\/\/agenciainfra.com\/blog\/alexandre-aniz-ex-diretor-da-eletrobras-entra-no-pareo-por-vaga-na-aneel\/#breadcrumb"},"inLanguage":"pt-BR","potentialAction":[{"@type":"ReadAction","target":["https:\/\/agenciainfra.com\/blog\/alexandre-aniz-ex-diretor-da-eletrobras-entra-no-pareo-por-vaga-na-aneel\/"]}]},{"@type":"ImageObject","inLanguage":"pt-BR","@id":"https:\/\/agenciainfra.com\/blog\/alexandre-aniz-ex-diretor-da-eletrobras-entra-no-pareo-por-vaga-na-aneel\/#primaryimage","url":"https:\/\/agenciainfra.com\/blog\/wp-content\/uploads\/2024\/01\/reuniao-diretoria-aneel-2024-foto-reproducao-youtube.png","contentUrl":"https:\/\/agenciainfra.com\/blog\/wp-content\/uploads\/2024\/01\/reuniao-diretoria-aneel-2024-foto-reproducao-youtube.png","width":1202,"height":676},{"@type":"BreadcrumbList","@id":"https:\/\/agenciainfra.com\/blog\/alexandre-aniz-ex-diretor-da-eletrobras-entra-no-pareo-por-vaga-na-aneel\/#breadcrumb","itemListElement":[{"@type":"ListItem","position":1,"name":"In\u00edcio","item":"https:\/\/agenciainfra.com\/blog\/"},{"@type":"ListItem","position":2,"name":"Alexandre Aniz, ex-diretor da Eletrobras, entra no p\u00e1reo por vaga na ANEEL"}]},{"@type":"WebSite","@id":"https:\/\/agenciainfra.com\/blog\/#website","url":"https:\/\/agenciainfra.com\/blog\/","name":"Ag\u00eancia iNFRA","description":"Multiplataforma de informa\u00e7\u00e3o jornal\u00edstica refer\u00eancia na \u00e1rea de infraestrutura no Brasil!","publisher":{"@id":"https:\/\/agenciainfra.com\/blog\/#organization"},"potentialAction":[{"@type":"SearchAction","target":{"@type":"EntryPoint","urlTemplate":"https:\/\/agenciainfra.com\/blog\/?s={search_term_string}"},"query-input":{"@type":"PropertyValueSpecification","valueRequired":true,"valueName":"search_term_string"}}],"inLanguage":"pt-BR"},{"@type":"Organization","@id":"https:\/\/agenciainfra.com\/blog\/#organization","name":"Ag\u00eancia iNFRA","url":"https:\/\/agenciainfra.com\/blog\/","logo":{"@type":"ImageObject","inLanguage":"pt-BR","@id":"https:\/\/agenciainfra.com\/blog\/#\/schema\/logo\/image\/","url":"https:\/\/agenciainfra.com\/blog\/wp-content\/uploads\/2023\/09\/iNFRA_5-e1761735885940.png","contentUrl":"https:\/\/agenciainfra.com\/blog\/wp-content\/uploads\/2023\/09\/iNFRA_5-e1761735885940.png","width":1672,"height":454,"caption":"Ag\u00eancia iNFRA"},"image":{"@id":"https:\/\/agenciainfra.com\/blog\/#\/schema\/logo\/image\/"},"sameAs":["https:\/\/www.facebook.com\/ageninfra","https:\/\/x.com\/agencia_infra","https:\/\/www.linkedin.com\/company\/ag\u00eanciainfra\/","https:\/\/www.instagram.com\/agenciainfra\/"]},{"@type":"Person","@id":"https:\/\/agenciainfra.com\/blog\/#\/schema\/person\/34af08dff6adea4cb22b06612ba7acfa","name":"Ag\u00eancia iNFRA","image":{"@type":"ImageObject","inLanguage":"pt-BR","@id":"https:\/\/agenciainfra.com\/blog\/#\/schema\/person\/image\/","url":"https:\/\/secure.gravatar.com\/avatar\/d189e01678f06d8eb84d4e01f08eb848b3fffe3f8443818d3c356c66892f5be8?s=96&d=mm&r=g","contentUrl":"https:\/\/secure.gravatar.com\/avatar\/d189e01678f06d8eb84d4e01f08eb848b3fffe3f8443818d3c356c66892f5be8?s=96&d=mm&r=g","caption":"Ag\u00eancia iNFRA"},"url":"https:\/\/agenciainfra.com\/blog\/author\/admin\/"}]}},"_links":{"self":[{"href":"https:\/\/agenciainfra.com\/blog\/wp-json\/wp\/v2\/posts\/19341","targetHints":{"allow":["GET"]}}],"collection":[{"href":"https:\/\/agenciainfra.com\/blog\/wp-json\/wp\/v2\/posts"}],"about":[{"href":"https:\/\/agenciainfra.com\/blog\/wp-json\/wp\/v2\/types\/post"}],"author":[{"embeddable":true,"href":"https:\/\/agenciainfra.com\/blog\/wp-json\/wp\/v2\/users\/1"}],"replies":[{"embeddable":true,"href":"https:\/\/agenciainfra.com\/blog\/wp-json\/wp\/v2\/comments?post=19341"}],"version-history":[{"count":1,"href":"https:\/\/agenciainfra.com\/blog\/wp-json\/wp\/v2\/posts\/19341\/revisions"}],"predecessor-version":[{"id":19342,"href":"https:\/\/agenciainfra.com\/blog\/wp-json\/wp\/v2\/posts\/19341\/revisions\/19342"}],"wp:featuredmedia":[{"embeddable":true,"href":"https:\/\/agenciainfra.com\/blog\/wp-json\/wp\/v2\/media\/15384"}],"wp:attachment":[{"href":"https:\/\/agenciainfra.com\/blog\/wp-json\/wp\/v2\/media?parent=19341"}],"wp:term":[{"taxonomy":"category","embeddable":true,"href":"https:\/\/agenciainfra.com\/blog\/wp-json\/wp\/v2\/categories?post=19341"},{"taxonomy":"post_tag","embeddable":true,"href":"https:\/\/agenciainfra.com\/blog\/wp-json\/wp\/v2\/tags?post=19341"}],"curies":[{"name":"wp","href":"https:\/\/api.w.org\/{rel}","templated":true}]}}