{"id":19354,"date":"2024-11-27T08:00:00","date_gmt":"2024-11-27T11:00:00","guid":{"rendered":"https:\/\/agenciainfra.com\/blog\/?p=19354"},"modified":"2024-11-27T06:36:43","modified_gmt":"2024-11-27T09:36:43","slug":"juiz-da-liminar-a-light-desobrigando-os-acionistas-de-aporte-de-r-43-bilhoes-em-analise-na-aneel","status":"publish","type":"post","link":"https:\/\/agenciainfra.com\/blog\/juiz-da-liminar-a-light-desobrigando-os-acionistas-de-aporte-de-r-43-bilhoes-em-analise-na-aneel\/","title":{"rendered":"Juiz d\u00e1 liminar \u00e0 Light desobrigando os acionistas de aporte de R$ 4,3 bilh\u00f5es em an\u00e1lise na ANEEL"},"content":{"rendered":"\n<p class=\"has-text-align-right\"><strong>Geraldo Campos Jr. e Marisa Wanzeller, da Ag\u00eancia iNFRA<\/strong><\/p>\n\n\n\n<p>O juiz substituto Alexandre de Carvalho Mesquita, da 3\u00aa Vara Empresarial da Comarca do Rio de Janeiro, concedeu liminar \u00e0 Light para que a empresa n\u00e3o seja obrigada a receber o aporte de R$ 4,3 bilh\u00f5es dos seus acionistas, como est\u00e1 em an\u00e1lise pela ANEEL (Ag\u00eancia Nacional de Energia El\u00e9trica), at\u00e9 que haja decis\u00e3o do governo sobre a renova\u00e7\u00e3o da concess\u00e3o da distribuidora.&nbsp;<\/p>\n\n\n\n<p>A\u00a0<a href=\"https:\/\/mcusercontent.com\/d460dd1bcf9ba0ae040e1fc0f\/files\/048e137c-0802-c711-eef0-8fd3e452a651\/decisao_light_rj.pdf\" target=\"_blank\" rel=\"noreferrer noopener\">decis\u00e3o<\/a>, expedida na noite de segunda-feira (25), impede a abertura de processo de caducidade pela reguladora em fun\u00e7\u00e3o da falta de aporte. O despacho ressalta ainda que o maior risco da poss\u00edvel decis\u00e3o da ANEEL pela obrigatoriedade do aporte recair\u00e1 sobre os credores da Light. A companhia emitiu\u00a0<a href=\"https:\/\/www.rad.cvm.gov.br\/ENET\/frmExibirArquivoIPEExterno.aspx?NumeroProtocoloEntrega=1308305\" target=\"_blank\" rel=\"noreferrer noopener\">fato relevante<\/a>\u00a0na \u00faltima ter\u00e7a-feira (26) sobre o tema.<\/p>\n\n\n\n<p>Segundo o juiz, a ag\u00eancia &#8220;adotou uma postura manifestamente inadmiss\u00edvel que implicar\u00e1 em um desnecess\u00e1rio aporte bilion\u00e1rio que, caso seja inadimplido, far\u00e1 com que haja a extin\u00e7\u00e3o da concess\u00e3o e, consequentemente, a frustra\u00e7\u00e3o de seu processo de recupera\u00e7\u00e3o judicial&#8221;.<\/p>\n\n\n\n<p>Caso a decis\u00e3o de necessidade de aporte prevale\u00e7a, os acionistas teriam que desembolsar&nbsp;mais do que o dobro do seu valor de mercado atual, de R$ 1,6 bilh\u00e3o, conforme o fechamento das a\u00e7\u00f5es desta ter\u00e7a-feira (26).<\/p>\n\n\n\n<p>No entanto, outras cinco distribuidoras s\u00e3o afetadas e os valores&nbsp;somados atingem R$ 10,25 bilh\u00f5es. S\u00e3o elas: Enel Rio (R$ 2,8 bilh\u00f5es), Energisa Rond\u00f4nia (R$ 1,5 bilh\u00e3o), Neoenergia Bras\u00edlia (R$ 1,1 bilh\u00e3o), Energisa Acre (R$ 430 milh\u00f5es) e Neoenergia Pernambuco (R$ 124 milh\u00f5es).<\/p>\n\n\n\n<p><strong>Decis\u00e3o adiada na ANEEL<\/strong><br>O processo estava na pauta da RPO (Reuni\u00e3o P\u00fablica Ordin\u00e1ria) da \u00faltima ter\u00e7a-feira, mas foi retirado poucos minutos antes de a reuni\u00e3o ser iniciada, a pedido da diretora Agnes Costa, que est\u00e1 de f\u00e9rias.\u00a0<\/p>\n\n\n\n<p>Ela pediu vista do processo no dia 12 de novembro, quando a an\u00e1lise foi iniciada pela diretoria. Na ocasi\u00e3o, o diretor Fernando Mosna votou para que as seis distribuidoras cujo endividamento ultrapassou os limites regulat\u00f3rios recebam os aportes dos seus controladores em at\u00e9 90 dias. O diretor Ricardo Tili j\u00e1 apresentou voto seguindo o relator.<\/p>\n","protected":false},"excerpt":{"rendered":"<p>Geraldo Campos Jr. e Marisa Wanzeller, da Ag\u00eancia iNFRA O juiz substituto Alexandre de Carvalho Mesquita, da 3\u00aa Vara Empresarial da Comarca do Rio de Janeiro, concedeu liminar \u00e0 Light para que a empresa n\u00e3o seja obrigada a receber o aporte de R$ 4,3 bilh\u00f5es dos seus acionistas, como est\u00e1 em an\u00e1lise pela ANEEL (Ag\u00eancia [&hellip;]<\/p>\n","protected":false},"author":1,"featured_media":12523,"comment_status":"closed","ping_status":"closed","sticky":false,"template":"","format":"standard","meta":{"_monsterinsights_skip_tracking":false,"_monsterinsights_sitenote_active":false,"_monsterinsights_sitenote_note":"","_monsterinsights_sitenote_category":0,"footnotes":""},"categories":[7250,1,10],"tags":[11807,11808,53,6447,11810,11594,1867,7366,2825,11809],"class_list":["post-19354","post","type-post","status-publish","format-standard","has-post-thumbnail","hentry","category-destaque-lista","category-geral","category-infraenergia","tag-3a-vara-empresarial-da-comarca-do-rio-de-janeiro","tag-alexandre-carvalho-de-mesquita","tag-aneel","tag-aporte","tag-endividamento","tag-geraldo-campos-jr","tag-light","tag-marisa-wanzeller","tag-recuperacao-judicial","tag-recuperacao-judicial-da-light"],"yoast_head":"<!-- This site is optimized with the Yoast SEO Premium plugin v25.4 (Yoast SEO v26.0) - https:\/\/yoast.com\/wordpress\/plugins\/seo\/ -->\n<title>Juiz d\u00e1 liminar \u00e0 Light desobrigando os acionistas de aporte de R$ 4,3 bilh\u00f5es em an\u00e1lise na ANEEL - Ag\u00eancia iNFRA<\/title>\n<meta name=\"robots\" content=\"index, follow, max-snippet:-1, max-image-preview:large, max-video-preview:-1\" \/>\n<link rel=\"canonical\" href=\"https:\/\/agenciainfra.com\/blog\/juiz-da-liminar-a-light-desobrigando-os-acionistas-de-aporte-de-r-43-bilhoes-em-analise-na-aneel\/\" \/>\n<meta property=\"og:locale\" content=\"pt_BR\" \/>\n<meta property=\"og:type\" content=\"article\" \/>\n<meta property=\"og:title\" content=\"Juiz d\u00e1 liminar \u00e0 Light desobrigando os acionistas de aporte de R$ 4,3 bilh\u00f5es em an\u00e1lise na ANEEL\" \/>\n<meta property=\"og:description\" content=\"Geraldo Campos Jr. e Marisa Wanzeller, da Ag\u00eancia iNFRA O juiz substituto Alexandre de Carvalho Mesquita, da 3\u00aa Vara Empresarial da Comarca do Rio de Janeiro, concedeu liminar \u00e0 Light para que a empresa n\u00e3o seja obrigada a receber o aporte de R$ 4,3 bilh\u00f5es dos seus acionistas, como est\u00e1 em an\u00e1lise pela ANEEL (Ag\u00eancia [&hellip;]\" \/>\n<meta property=\"og:url\" content=\"https:\/\/agenciainfra.com\/blog\/juiz-da-liminar-a-light-desobrigando-os-acionistas-de-aporte-de-r-43-bilhoes-em-analise-na-aneel\/\" \/>\n<meta property=\"og:site_name\" content=\"Ag\u00eancia iNFRA\" \/>\n<meta property=\"article:publisher\" content=\"https:\/\/www.facebook.com\/ageninfra\" \/>\n<meta property=\"article:published_time\" content=\"2024-11-27T11:00:00+00:00\" \/>\n<meta property=\"og:image\" content=\"https:\/\/agenciainfra.com\/blog\/wp-content\/uploads\/2023\/04\/light-trabalhadores-foto-redes-sociais-da-empresa.jpg\" \/>\n\t<meta property=\"og:image:width\" content=\"1282\" \/>\n\t<meta property=\"og:image:height\" content=\"957\" \/>\n\t<meta property=\"og:image:type\" content=\"image\/jpeg\" \/>\n<meta name=\"author\" content=\"Ag\u00eancia iNFRA\" \/>\n<meta name=\"twitter:card\" content=\"summary_large_image\" \/>\n<meta name=\"twitter:creator\" content=\"@agencia_infra\" \/>\n<meta name=\"twitter:site\" content=\"@agencia_infra\" \/>\n<meta name=\"twitter:label1\" content=\"Escrito por\" \/>\n\t<meta name=\"twitter:data1\" content=\"Ag\u00eancia iNFRA\" \/>\n\t<meta name=\"twitter:label2\" content=\"Est. tempo de leitura\" \/>\n\t<meta name=\"twitter:data2\" content=\"2 minutos\" \/>\n<script type=\"application\/ld+json\" class=\"yoast-schema-graph\">{\"@context\":\"https:\/\/schema.org\",\"@graph\":[{\"@type\":\"Article\",\"@id\":\"https:\/\/agenciainfra.com\/blog\/juiz-da-liminar-a-light-desobrigando-os-acionistas-de-aporte-de-r-43-bilhoes-em-analise-na-aneel\/#article\",\"isPartOf\":{\"@id\":\"https:\/\/agenciainfra.com\/blog\/juiz-da-liminar-a-light-desobrigando-os-acionistas-de-aporte-de-r-43-bilhoes-em-analise-na-aneel\/\"},\"author\":{\"name\":\"Ag\u00eancia iNFRA\",\"@id\":\"https:\/\/agenciainfra.com\/blog\/#\/schema\/person\/34af08dff6adea4cb22b06612ba7acfa\"},\"headline\":\"Juiz d\u00e1 liminar \u00e0 Light desobrigando os acionistas de aporte de R$ 4,3 bilh\u00f5es em an\u00e1lise na ANEEL\",\"datePublished\":\"2024-11-27T11:00:00+00:00\",\"mainEntityOfPage\":{\"@id\":\"https:\/\/agenciainfra.com\/blog\/juiz-da-liminar-a-light-desobrigando-os-acionistas-de-aporte-de-r-43-bilhoes-em-analise-na-aneel\/\"},\"wordCount\":394,\"publisher\":{\"@id\":\"https:\/\/agenciainfra.com\/blog\/#organization\"},\"image\":{\"@id\":\"https:\/\/agenciainfra.com\/blog\/juiz-da-liminar-a-light-desobrigando-os-acionistas-de-aporte-de-r-43-bilhoes-em-analise-na-aneel\/#primaryimage\"},\"thumbnailUrl\":\"https:\/\/agenciainfra.com\/blog\/wp-content\/uploads\/2023\/04\/light-trabalhadores-foto-redes-sociais-da-empresa.jpg\",\"keywords\":[\"3\u00aa Vara Empresarial da Comarca do Rio de Janeiro\",\"Alexandre Carvalho de Mesquita\",\"ANEEL\",\"aporte\",\"endividamento\",\"Geraldo Campos Jr.\",\"Light\",\"Marisa Wanzeller\",\"recupera\u00e7\u00e3o judicial\",\"recupera\u00e7\u00e3o judicial da Light\"],\"articleSection\":[\"Destaque lista\",\"Geral\",\"iNFRAEnergia\"],\"inLanguage\":\"pt-BR\",\"copyrightYear\":\"2024\",\"copyrightHolder\":{\"@id\":\"https:\/\/agenciainfra.com\/blog\/#organization\"}},{\"@type\":\"WebPage\",\"@id\":\"https:\/\/agenciainfra.com\/blog\/juiz-da-liminar-a-light-desobrigando-os-acionistas-de-aporte-de-r-43-bilhoes-em-analise-na-aneel\/\",\"url\":\"https:\/\/agenciainfra.com\/blog\/juiz-da-liminar-a-light-desobrigando-os-acionistas-de-aporte-de-r-43-bilhoes-em-analise-na-aneel\/\",\"name\":\"Juiz d\u00e1 liminar \u00e0 Light desobrigando os acionistas de aporte de R$ 4,3 bilh\u00f5es em an\u00e1lise na ANEEL - Ag\u00eancia iNFRA\",\"isPartOf\":{\"@id\":\"https:\/\/agenciainfra.com\/blog\/#website\"},\"primaryImageOfPage\":{\"@id\":\"https:\/\/agenciainfra.com\/blog\/juiz-da-liminar-a-light-desobrigando-os-acionistas-de-aporte-de-r-43-bilhoes-em-analise-na-aneel\/#primaryimage\"},\"image\":{\"@id\":\"https:\/\/agenciainfra.com\/blog\/juiz-da-liminar-a-light-desobrigando-os-acionistas-de-aporte-de-r-43-bilhoes-em-analise-na-aneel\/#primaryimage\"},\"thumbnailUrl\":\"https:\/\/agenciainfra.com\/blog\/wp-content\/uploads\/2023\/04\/light-trabalhadores-foto-redes-sociais-da-empresa.jpg\",\"datePublished\":\"2024-11-27T11:00:00+00:00\",\"breadcrumb\":{\"@id\":\"https:\/\/agenciainfra.com\/blog\/juiz-da-liminar-a-light-desobrigando-os-acionistas-de-aporte-de-r-43-bilhoes-em-analise-na-aneel\/#breadcrumb\"},\"inLanguage\":\"pt-BR\",\"potentialAction\":[{\"@type\":\"ReadAction\",\"target\":[\"https:\/\/agenciainfra.com\/blog\/juiz-da-liminar-a-light-desobrigando-os-acionistas-de-aporte-de-r-43-bilhoes-em-analise-na-aneel\/\"]}]},{\"@type\":\"ImageObject\",\"inLanguage\":\"pt-BR\",\"@id\":\"https:\/\/agenciainfra.com\/blog\/juiz-da-liminar-a-light-desobrigando-os-acionistas-de-aporte-de-r-43-bilhoes-em-analise-na-aneel\/#primaryimage\",\"url\":\"https:\/\/agenciainfra.com\/blog\/wp-content\/uploads\/2023\/04\/light-trabalhadores-foto-redes-sociais-da-empresa.jpg\",\"contentUrl\":\"https:\/\/agenciainfra.com\/blog\/wp-content\/uploads\/2023\/04\/light-trabalhadores-foto-redes-sociais-da-empresa.jpg\",\"width\":1282,\"height\":957},{\"@type\":\"BreadcrumbList\",\"@id\":\"https:\/\/agenciainfra.com\/blog\/juiz-da-liminar-a-light-desobrigando-os-acionistas-de-aporte-de-r-43-bilhoes-em-analise-na-aneel\/#breadcrumb\",\"itemListElement\":[{\"@type\":\"ListItem\",\"position\":1,\"name\":\"In\u00edcio\",\"item\":\"https:\/\/agenciainfra.com\/blog\/\"},{\"@type\":\"ListItem\",\"position\":2,\"name\":\"Juiz d\u00e1 liminar \u00e0 Light desobrigando os acionistas de aporte de R$ 4,3 bilh\u00f5es em an\u00e1lise na ANEEL\"}]},{\"@type\":\"WebSite\",\"@id\":\"https:\/\/agenciainfra.com\/blog\/#website\",\"url\":\"https:\/\/agenciainfra.com\/blog\/\",\"name\":\"Ag\u00eancia iNFRA\",\"description\":\"Multiplataforma de informa\u00e7\u00e3o jornal\u00edstica refer\u00eancia na \u00e1rea de infraestrutura no Brasil!\",\"publisher\":{\"@id\":\"https:\/\/agenciainfra.com\/blog\/#organization\"},\"potentialAction\":[{\"@type\":\"SearchAction\",\"target\":{\"@type\":\"EntryPoint\",\"urlTemplate\":\"https:\/\/agenciainfra.com\/blog\/?s={search_term_string}\"},\"query-input\":{\"@type\":\"PropertyValueSpecification\",\"valueRequired\":true,\"valueName\":\"search_term_string\"}}],\"inLanguage\":\"pt-BR\"},{\"@type\":\"Organization\",\"@id\":\"https:\/\/agenciainfra.com\/blog\/#organization\",\"name\":\"Ag\u00eancia iNFRA\",\"url\":\"https:\/\/agenciainfra.com\/blog\/\",\"logo\":{\"@type\":\"ImageObject\",\"inLanguage\":\"pt-BR\",\"@id\":\"https:\/\/agenciainfra.com\/blog\/#\/schema\/logo\/image\/\",\"url\":\"https:\/\/agenciainfra.com\/blog\/wp-content\/uploads\/2023\/09\/iNFRA_5-e1761735885940.png\",\"contentUrl\":\"https:\/\/agenciainfra.com\/blog\/wp-content\/uploads\/2023\/09\/iNFRA_5-e1761735885940.png\",\"width\":1672,\"height\":454,\"caption\":\"Ag\u00eancia iNFRA\"},\"image\":{\"@id\":\"https:\/\/agenciainfra.com\/blog\/#\/schema\/logo\/image\/\"},\"sameAs\":[\"https:\/\/www.facebook.com\/ageninfra\",\"https:\/\/x.com\/agencia_infra\",\"https:\/\/www.linkedin.com\/company\/ag\u00eanciainfra\/\",\"https:\/\/www.instagram.com\/agenciainfra\/\"]},{\"@type\":\"Person\",\"@id\":\"https:\/\/agenciainfra.com\/blog\/#\/schema\/person\/34af08dff6adea4cb22b06612ba7acfa\",\"name\":\"Ag\u00eancia iNFRA\",\"image\":{\"@type\":\"ImageObject\",\"inLanguage\":\"pt-BR\",\"@id\":\"https:\/\/agenciainfra.com\/blog\/#\/schema\/person\/image\/\",\"url\":\"https:\/\/secure.gravatar.com\/avatar\/d189e01678f06d8eb84d4e01f08eb848b3fffe3f8443818d3c356c66892f5be8?s=96&d=mm&r=g\",\"contentUrl\":\"https:\/\/secure.gravatar.com\/avatar\/d189e01678f06d8eb84d4e01f08eb848b3fffe3f8443818d3c356c66892f5be8?s=96&d=mm&r=g\",\"caption\":\"Ag\u00eancia iNFRA\"},\"url\":\"https:\/\/agenciainfra.com\/blog\/author\/admin\/\"}]}<\/script>\n<!-- \/ Yoast SEO Premium plugin. -->","yoast_head_json":{"title":"Juiz d\u00e1 liminar \u00e0 Light desobrigando os acionistas de aporte de R$ 4,3 bilh\u00f5es em an\u00e1lise na ANEEL - Ag\u00eancia iNFRA","robots":{"index":"index","follow":"follow","max-snippet":"max-snippet:-1","max-image-preview":"max-image-preview:large","max-video-preview":"max-video-preview:-1"},"canonical":"https:\/\/agenciainfra.com\/blog\/juiz-da-liminar-a-light-desobrigando-os-acionistas-de-aporte-de-r-43-bilhoes-em-analise-na-aneel\/","og_locale":"pt_BR","og_type":"article","og_title":"Juiz d\u00e1 liminar \u00e0 Light desobrigando os acionistas de aporte de R$ 4,3 bilh\u00f5es em an\u00e1lise na ANEEL","og_description":"Geraldo Campos Jr. e Marisa Wanzeller, da Ag\u00eancia iNFRA O juiz substituto Alexandre de Carvalho Mesquita, da 3\u00aa Vara Empresarial da Comarca do Rio de Janeiro, concedeu liminar \u00e0 Light para que a empresa n\u00e3o seja obrigada a receber o aporte de R$ 4,3 bilh\u00f5es dos seus acionistas, como est\u00e1 em an\u00e1lise pela ANEEL (Ag\u00eancia [&hellip;]","og_url":"https:\/\/agenciainfra.com\/blog\/juiz-da-liminar-a-light-desobrigando-os-acionistas-de-aporte-de-r-43-bilhoes-em-analise-na-aneel\/","og_site_name":"Ag\u00eancia iNFRA","article_publisher":"https:\/\/www.facebook.com\/ageninfra","article_published_time":"2024-11-27T11:00:00+00:00","og_image":[{"width":1282,"height":957,"url":"https:\/\/agenciainfra.com\/blog\/wp-content\/uploads\/2023\/04\/light-trabalhadores-foto-redes-sociais-da-empresa.jpg","type":"image\/jpeg"}],"author":"Ag\u00eancia iNFRA","twitter_card":"summary_large_image","twitter_creator":"@agencia_infra","twitter_site":"@agencia_infra","twitter_misc":{"Escrito por":"Ag\u00eancia iNFRA","Est. tempo de leitura":"2 minutos"},"schema":{"@context":"https:\/\/schema.org","@graph":[{"@type":"Article","@id":"https:\/\/agenciainfra.com\/blog\/juiz-da-liminar-a-light-desobrigando-os-acionistas-de-aporte-de-r-43-bilhoes-em-analise-na-aneel\/#article","isPartOf":{"@id":"https:\/\/agenciainfra.com\/blog\/juiz-da-liminar-a-light-desobrigando-os-acionistas-de-aporte-de-r-43-bilhoes-em-analise-na-aneel\/"},"author":{"name":"Ag\u00eancia iNFRA","@id":"https:\/\/agenciainfra.com\/blog\/#\/schema\/person\/34af08dff6adea4cb22b06612ba7acfa"},"headline":"Juiz d\u00e1 liminar \u00e0 Light desobrigando os acionistas de aporte de R$ 4,3 bilh\u00f5es em an\u00e1lise na ANEEL","datePublished":"2024-11-27T11:00:00+00:00","mainEntityOfPage":{"@id":"https:\/\/agenciainfra.com\/blog\/juiz-da-liminar-a-light-desobrigando-os-acionistas-de-aporte-de-r-43-bilhoes-em-analise-na-aneel\/"},"wordCount":394,"publisher":{"@id":"https:\/\/agenciainfra.com\/blog\/#organization"},"image":{"@id":"https:\/\/agenciainfra.com\/blog\/juiz-da-liminar-a-light-desobrigando-os-acionistas-de-aporte-de-r-43-bilhoes-em-analise-na-aneel\/#primaryimage"},"thumbnailUrl":"https:\/\/agenciainfra.com\/blog\/wp-content\/uploads\/2023\/04\/light-trabalhadores-foto-redes-sociais-da-empresa.jpg","keywords":["3\u00aa Vara Empresarial da Comarca do Rio de Janeiro","Alexandre Carvalho de Mesquita","ANEEL","aporte","endividamento","Geraldo Campos Jr.","Light","Marisa Wanzeller","recupera\u00e7\u00e3o judicial","recupera\u00e7\u00e3o judicial da Light"],"articleSection":["Destaque lista","Geral","iNFRAEnergia"],"inLanguage":"pt-BR","copyrightYear":"2024","copyrightHolder":{"@id":"https:\/\/agenciainfra.com\/blog\/#organization"}},{"@type":"WebPage","@id":"https:\/\/agenciainfra.com\/blog\/juiz-da-liminar-a-light-desobrigando-os-acionistas-de-aporte-de-r-43-bilhoes-em-analise-na-aneel\/","url":"https:\/\/agenciainfra.com\/blog\/juiz-da-liminar-a-light-desobrigando-os-acionistas-de-aporte-de-r-43-bilhoes-em-analise-na-aneel\/","name":"Juiz d\u00e1 liminar \u00e0 Light desobrigando os acionistas de aporte de R$ 4,3 bilh\u00f5es em an\u00e1lise na ANEEL - Ag\u00eancia iNFRA","isPartOf":{"@id":"https:\/\/agenciainfra.com\/blog\/#website"},"primaryImageOfPage":{"@id":"https:\/\/agenciainfra.com\/blog\/juiz-da-liminar-a-light-desobrigando-os-acionistas-de-aporte-de-r-43-bilhoes-em-analise-na-aneel\/#primaryimage"},"image":{"@id":"https:\/\/agenciainfra.com\/blog\/juiz-da-liminar-a-light-desobrigando-os-acionistas-de-aporte-de-r-43-bilhoes-em-analise-na-aneel\/#primaryimage"},"thumbnailUrl":"https:\/\/agenciainfra.com\/blog\/wp-content\/uploads\/2023\/04\/light-trabalhadores-foto-redes-sociais-da-empresa.jpg","datePublished":"2024-11-27T11:00:00+00:00","breadcrumb":{"@id":"https:\/\/agenciainfra.com\/blog\/juiz-da-liminar-a-light-desobrigando-os-acionistas-de-aporte-de-r-43-bilhoes-em-analise-na-aneel\/#breadcrumb"},"inLanguage":"pt-BR","potentialAction":[{"@type":"ReadAction","target":["https:\/\/agenciainfra.com\/blog\/juiz-da-liminar-a-light-desobrigando-os-acionistas-de-aporte-de-r-43-bilhoes-em-analise-na-aneel\/"]}]},{"@type":"ImageObject","inLanguage":"pt-BR","@id":"https:\/\/agenciainfra.com\/blog\/juiz-da-liminar-a-light-desobrigando-os-acionistas-de-aporte-de-r-43-bilhoes-em-analise-na-aneel\/#primaryimage","url":"https:\/\/agenciainfra.com\/blog\/wp-content\/uploads\/2023\/04\/light-trabalhadores-foto-redes-sociais-da-empresa.jpg","contentUrl":"https:\/\/agenciainfra.com\/blog\/wp-content\/uploads\/2023\/04\/light-trabalhadores-foto-redes-sociais-da-empresa.jpg","width":1282,"height":957},{"@type":"BreadcrumbList","@id":"https:\/\/agenciainfra.com\/blog\/juiz-da-liminar-a-light-desobrigando-os-acionistas-de-aporte-de-r-43-bilhoes-em-analise-na-aneel\/#breadcrumb","itemListElement":[{"@type":"ListItem","position":1,"name":"In\u00edcio","item":"https:\/\/agenciainfra.com\/blog\/"},{"@type":"ListItem","position":2,"name":"Juiz d\u00e1 liminar \u00e0 Light desobrigando os acionistas de aporte de R$ 4,3 bilh\u00f5es em an\u00e1lise na ANEEL"}]},{"@type":"WebSite","@id":"https:\/\/agenciainfra.com\/blog\/#website","url":"https:\/\/agenciainfra.com\/blog\/","name":"Ag\u00eancia iNFRA","description":"Multiplataforma de informa\u00e7\u00e3o jornal\u00edstica refer\u00eancia na \u00e1rea de infraestrutura no Brasil!","publisher":{"@id":"https:\/\/agenciainfra.com\/blog\/#organization"},"potentialAction":[{"@type":"SearchAction","target":{"@type":"EntryPoint","urlTemplate":"https:\/\/agenciainfra.com\/blog\/?s={search_term_string}"},"query-input":{"@type":"PropertyValueSpecification","valueRequired":true,"valueName":"search_term_string"}}],"inLanguage":"pt-BR"},{"@type":"Organization","@id":"https:\/\/agenciainfra.com\/blog\/#organization","name":"Ag\u00eancia iNFRA","url":"https:\/\/agenciainfra.com\/blog\/","logo":{"@type":"ImageObject","inLanguage":"pt-BR","@id":"https:\/\/agenciainfra.com\/blog\/#\/schema\/logo\/image\/","url":"https:\/\/agenciainfra.com\/blog\/wp-content\/uploads\/2023\/09\/iNFRA_5-e1761735885940.png","contentUrl":"https:\/\/agenciainfra.com\/blog\/wp-content\/uploads\/2023\/09\/iNFRA_5-e1761735885940.png","width":1672,"height":454,"caption":"Ag\u00eancia iNFRA"},"image":{"@id":"https:\/\/agenciainfra.com\/blog\/#\/schema\/logo\/image\/"},"sameAs":["https:\/\/www.facebook.com\/ageninfra","https:\/\/x.com\/agencia_infra","https:\/\/www.linkedin.com\/company\/ag\u00eanciainfra\/","https:\/\/www.instagram.com\/agenciainfra\/"]},{"@type":"Person","@id":"https:\/\/agenciainfra.com\/blog\/#\/schema\/person\/34af08dff6adea4cb22b06612ba7acfa","name":"Ag\u00eancia iNFRA","image":{"@type":"ImageObject","inLanguage":"pt-BR","@id":"https:\/\/agenciainfra.com\/blog\/#\/schema\/person\/image\/","url":"https:\/\/secure.gravatar.com\/avatar\/d189e01678f06d8eb84d4e01f08eb848b3fffe3f8443818d3c356c66892f5be8?s=96&d=mm&r=g","contentUrl":"https:\/\/secure.gravatar.com\/avatar\/d189e01678f06d8eb84d4e01f08eb848b3fffe3f8443818d3c356c66892f5be8?s=96&d=mm&r=g","caption":"Ag\u00eancia iNFRA"},"url":"https:\/\/agenciainfra.com\/blog\/author\/admin\/"}]}},"_links":{"self":[{"href":"https:\/\/agenciainfra.com\/blog\/wp-json\/wp\/v2\/posts\/19354","targetHints":{"allow":["GET"]}}],"collection":[{"href":"https:\/\/agenciainfra.com\/blog\/wp-json\/wp\/v2\/posts"}],"about":[{"href":"https:\/\/agenciainfra.com\/blog\/wp-json\/wp\/v2\/types\/post"}],"author":[{"embeddable":true,"href":"https:\/\/agenciainfra.com\/blog\/wp-json\/wp\/v2\/users\/1"}],"replies":[{"embeddable":true,"href":"https:\/\/agenciainfra.com\/blog\/wp-json\/wp\/v2\/comments?post=19354"}],"version-history":[{"count":2,"href":"https:\/\/agenciainfra.com\/blog\/wp-json\/wp\/v2\/posts\/19354\/revisions"}],"predecessor-version":[{"id":19356,"href":"https:\/\/agenciainfra.com\/blog\/wp-json\/wp\/v2\/posts\/19354\/revisions\/19356"}],"wp:featuredmedia":[{"embeddable":true,"href":"https:\/\/agenciainfra.com\/blog\/wp-json\/wp\/v2\/media\/12523"}],"wp:attachment":[{"href":"https:\/\/agenciainfra.com\/blog\/wp-json\/wp\/v2\/media?parent=19354"}],"wp:term":[{"taxonomy":"category","embeddable":true,"href":"https:\/\/agenciainfra.com\/blog\/wp-json\/wp\/v2\/categories?post=19354"},{"taxonomy":"post_tag","embeddable":true,"href":"https:\/\/agenciainfra.com\/blog\/wp-json\/wp\/v2\/tags?post=19354"}],"curies":[{"name":"wp","href":"https:\/\/api.w.org\/{rel}","templated":true}]}}