{"id":19359,"date":"2024-11-27T10:00:00","date_gmt":"2024-11-27T13:00:00","guid":{"rendered":"https:\/\/agenciainfra.com\/blog\/?p=19359"},"modified":"2024-11-27T06:41:09","modified_gmt":"2024-11-27T09:41:09","slug":"aneel-aprova-rateio-do-bonus-de-r-13-bi-da-conta-de-itaipu-mas-rateio-fica-para-janeiro-de-2025","status":"publish","type":"post","link":"https:\/\/agenciainfra.com\/blog\/aneel-aprova-rateio-do-bonus-de-r-13-bi-da-conta-de-itaipu-mas-rateio-fica-para-janeiro-de-2025\/","title":{"rendered":"ANEEL aprova rateio do b\u00f4nus de R$ 1,3 bi da conta de Itaipu, mas rateio fica para janeiro de 2025"},"content":{"rendered":"\n<p class=\"has-text-align-right\"><strong>Geraldo Campos Jr., da Ag\u00eancia iNFRA<\/strong><\/p>\n\n\n\n<p>A ANEEL (Ag\u00eancia Nacional de Energia El\u00e9trica) aprovou nesta ter\u00e7a-feira (26), por unanimidade, o repasse aos consumidores do saldo positivo de R$ 1,3 bilh\u00e3o da conta de comercializa\u00e7\u00e3o da usina de Itaipu em 2023. O b\u00f4nus ser\u00e1 rateado entre as distribuidoras de energia do pa\u00eds, com abatimento nas tarifas do m\u00eas de janeiro de 2025.<\/p>\n\n\n\n<p>O arranjo n\u00e3o era o que queria o MME (Minist\u00e9rio de Minas e Energia). Na \u00faltima sexta-feira (22), depois que o processo j\u00e1 constava na pauta da ANEEL desta ter\u00e7a, o ministro Alexandre Silveira enviou of\u00edcio para a reguladora recomendando o rateio do b\u00f4nus de Itaipu ainda em dezembro para contribuir com o cumprimento da meta de infla\u00e7\u00e3o de 2024.<\/p>\n\n\n\n<p>Durante a RPO (Reuni\u00e3o P\u00fablica Ordin\u00e1ria), o relator do processo, diretor Ricardo Tili, apresentou inicialmente seu voto para distribuir o b\u00f4nus de Itaipu ainda em dezembro, seguindo a orienta\u00e7\u00e3o do minist\u00e9rio e da \u00e1rea t\u00e9cnica da ag\u00eancia. Mas acabou mudando de ideia.<\/p>\n\n\n\n<p><strong>Fatores considerados<\/strong><br>Mas o diretor Fernando Mosna ponderou que haveria inicialmente uma percep\u00e7\u00e3o de redu\u00e7\u00e3o inflacion\u00e1ria da ordem de 0,6%, segundo relat\u00f3rios de bancos, mas que em janeiro esse reflexo seria revertido, gerando um novo aumento da infla\u00e7\u00e3o.<\/p>\n\n\n\n<p>Al\u00e9m disso, Mosna afirmou que, se por um lado o repasse em dezembro aliviaria a infla\u00e7\u00e3o, por outro impactaria o arcabou\u00e7o fiscal, que limita o crescimento das despesas pelos \u00edndices inflacion\u00e1rios, ou seja, poderia afetar indicadores como o limite de gastos do governo e o d\u00e9ficit p\u00fablico de 2024.<\/p>\n\n\n\n<p>J\u00e1 o diretor-geral da ANEEL, Sandoval Feitosa, destacou que a operacionaliza\u00e7\u00e3o do benef\u00edcio pelas distribuidoras leva tempo e que parte das concession\u00e1rias poderia n\u00e3o conseguir realizar a aplica\u00e7\u00e3o nas faturas ainda para dezembro, uma vez que o m\u00eas de novembro j\u00e1 est\u00e1 nos \u00faltimos dias. Isso porque as empresas precisam colocar na fatura impressa o valor do b\u00f4nus de Itaipu, o que pode levar at\u00e9 60 dias.<\/p>\n\n\n\n<p>A RPO chegou a ser suspensa por quase 50 minutos para um debate entre os tr\u00eas diretores, a \u00e1rea t\u00e9cnica e a Procuradoria Federal. Ap\u00f3s as considera\u00e7\u00f5es, Tili mudou o seu voto no sentido de deixar o rateio para janeiro.&nbsp;<\/p>\n\n\n\n<p><strong>Quem recebe<\/strong><br>Segundo o relator, o repasse do b\u00f4nus de Itaipu resultar\u00e1 em desconto nas tarifas para 78,3 milh\u00f5es de unidades consumidoras residenciais e rurais com consumo mensal inferior a 350 kWh. O cr\u00e9dito m\u00e9dio estimado \u00e9 de R$ 16,66 nas faturas de energia.&nbsp;<\/p>\n\n\n\n<p>O valor a ser repassado pela ENBPar (Empresa Brasileira de Participa\u00e7\u00f5es em Energia Nuclear e Binacional) varia conforme a distribuidora. A Enel S\u00e3o Paulo (R$ 129,6 milh\u00f5es) e a Cemig (R$ 112,3 milh\u00f5es) receber\u00e3o os maiores b\u00f4nus.<\/p>\n\n\n\n<p>Normalmente, o repasse do b\u00f4nus de Itaipu \u00e9 feito em meados de julho de cada ano. Em 2024, o processo ficou parado por mais tempo, uma vez que o MME indicou para a ANEEL que estudava uma MP (Medida Provis\u00f3ria) para destinar os recursos para a\u00e7\u00f5es de mitiga\u00e7\u00e3o da situa\u00e7\u00e3o de calamidade p\u00fablica no Rio Grande do Sul, ap\u00f3s as enchentes de maio. No entanto, a pasta acabou recuando da ideia.<\/p>\n","protected":false},"excerpt":{"rendered":"<p>Geraldo Campos Jr., da Ag\u00eancia iNFRA A ANEEL (Ag\u00eancia Nacional de Energia El\u00e9trica) aprovou nesta ter\u00e7a-feira (26), por unanimidade, o repasse aos consumidores do saldo positivo de R$ 1,3 bilh\u00e3o da conta de comercializa\u00e7\u00e3o da usina de Itaipu em 2023. O b\u00f4nus ser\u00e1 rateado entre as distribuidoras de energia do pa\u00eds, com abatimento nas tarifas [&hellip;]<\/p>\n","protected":false},"author":1,"featured_media":5659,"comment_status":"closed","ping_status":"closed","sticky":false,"template":"","format":"standard","meta":{"_monsterinsights_skip_tracking":false,"_monsterinsights_sitenote_active":false,"_monsterinsights_sitenote_note":"","_monsterinsights_sitenote_category":0,"footnotes":""},"categories":[7250,1,10],"tags":[6040,53,11815,11816,11813,5453,7014,11594,11814,11817,5682,1026],"class_list":["post-19359","post","type-post","status-publish","format-standard","has-post-thumbnail","hentry","category-destaque-lista","category-geral","category-infraenergia","tag-alexandre-silveira","tag-aneel","tag-bonus-de-itaipu","tag-conta-de-comercializacao","tag-conta-de-itaipu","tag-enbpar","tag-fernando-mosna","tag-geraldo-campos-jr","tag-rateio","tag-repasse-de-bonus","tag-ricardo-tili","tag-sandoval-feitosa"],"yoast_head":"<!-- This site is optimized with the Yoast SEO Premium plugin v25.4 (Yoast SEO v26.0) - https:\/\/yoast.com\/wordpress\/plugins\/seo\/ -->\n<title>ANEEL aprova rateio do b\u00f4nus de R$ 1,3 bi da conta de Itaipu, mas rateio fica para janeiro de 2025 - Ag\u00eancia iNFRA<\/title>\n<meta name=\"robots\" content=\"index, follow, max-snippet:-1, max-image-preview:large, max-video-preview:-1\" \/>\n<link rel=\"canonical\" href=\"https:\/\/agenciainfra.com\/blog\/aneel-aprova-rateio-do-bonus-de-r-13-bi-da-conta-de-itaipu-mas-rateio-fica-para-janeiro-de-2025\/\" \/>\n<meta property=\"og:locale\" content=\"pt_BR\" \/>\n<meta property=\"og:type\" content=\"article\" \/>\n<meta property=\"og:title\" content=\"ANEEL aprova rateio do b\u00f4nus de R$ 1,3 bi da conta de Itaipu, mas rateio fica para janeiro de 2025\" \/>\n<meta property=\"og:description\" content=\"Geraldo Campos Jr., da Ag\u00eancia iNFRA A ANEEL (Ag\u00eancia Nacional de Energia El\u00e9trica) aprovou nesta ter\u00e7a-feira (26), por unanimidade, o repasse aos consumidores do saldo positivo de R$ 1,3 bilh\u00e3o da conta de comercializa\u00e7\u00e3o da usina de Itaipu em 2023. O b\u00f4nus ser\u00e1 rateado entre as distribuidoras de energia do pa\u00eds, com abatimento nas tarifas [&hellip;]\" \/>\n<meta property=\"og:url\" content=\"https:\/\/agenciainfra.com\/blog\/aneel-aprova-rateio-do-bonus-de-r-13-bi-da-conta-de-itaipu-mas-rateio-fica-para-janeiro-de-2025\/\" \/>\n<meta property=\"og:site_name\" content=\"Ag\u00eancia iNFRA\" \/>\n<meta property=\"article:publisher\" content=\"https:\/\/www.facebook.com\/ageninfra\" \/>\n<meta property=\"article:published_time\" content=\"2024-11-27T13:00:00+00:00\" \/>\n<meta property=\"og:image\" content=\"https:\/\/agenciainfra.com\/blog\/wp-content\/uploads\/2020\/08\/usina-hidreletrica-foto-itaipu.jpg\" \/>\n\t<meta property=\"og:image:width\" content=\"1313\" \/>\n\t<meta property=\"og:image:height\" content=\"675\" \/>\n\t<meta property=\"og:image:type\" content=\"image\/jpeg\" \/>\n<meta name=\"author\" content=\"Ag\u00eancia iNFRA\" \/>\n<meta name=\"twitter:card\" content=\"summary_large_image\" \/>\n<meta name=\"twitter:creator\" content=\"@agencia_infra\" \/>\n<meta name=\"twitter:site\" content=\"@agencia_infra\" \/>\n<meta name=\"twitter:label1\" content=\"Escrito por\" \/>\n\t<meta name=\"twitter:data1\" content=\"Ag\u00eancia iNFRA\" \/>\n\t<meta name=\"twitter:label2\" content=\"Est. tempo de leitura\" \/>\n\t<meta name=\"twitter:data2\" content=\"3 minutos\" \/>\n<script type=\"application\/ld+json\" class=\"yoast-schema-graph\">{\"@context\":\"https:\/\/schema.org\",\"@graph\":[{\"@type\":\"Article\",\"@id\":\"https:\/\/agenciainfra.com\/blog\/aneel-aprova-rateio-do-bonus-de-r-13-bi-da-conta-de-itaipu-mas-rateio-fica-para-janeiro-de-2025\/#article\",\"isPartOf\":{\"@id\":\"https:\/\/agenciainfra.com\/blog\/aneel-aprova-rateio-do-bonus-de-r-13-bi-da-conta-de-itaipu-mas-rateio-fica-para-janeiro-de-2025\/\"},\"author\":{\"name\":\"Ag\u00eancia iNFRA\",\"@id\":\"https:\/\/agenciainfra.com\/blog\/#\/schema\/person\/34af08dff6adea4cb22b06612ba7acfa\"},\"headline\":\"ANEEL aprova rateio do b\u00f4nus de R$ 1,3 bi da conta de Itaipu, mas rateio fica para janeiro de 2025\",\"datePublished\":\"2024-11-27T13:00:00+00:00\",\"mainEntityOfPage\":{\"@id\":\"https:\/\/agenciainfra.com\/blog\/aneel-aprova-rateio-do-bonus-de-r-13-bi-da-conta-de-itaipu-mas-rateio-fica-para-janeiro-de-2025\/\"},\"wordCount\":574,\"publisher\":{\"@id\":\"https:\/\/agenciainfra.com\/blog\/#organization\"},\"image\":{\"@id\":\"https:\/\/agenciainfra.com\/blog\/aneel-aprova-rateio-do-bonus-de-r-13-bi-da-conta-de-itaipu-mas-rateio-fica-para-janeiro-de-2025\/#primaryimage\"},\"thumbnailUrl\":\"https:\/\/agenciainfra.com\/blog\/wp-content\/uploads\/2020\/08\/usina-hidreletrica-foto-itaipu-e1772485150519.jpg\",\"keywords\":[\"Alexandre Silveira\",\"ANEEL\",\"B\u00f4nus de Itaipu\",\"conta de comercializa\u00e7\u00e3o\",\"Conta de Itaipu\",\"ENBPar\",\"Fernando Mosna\",\"Geraldo Campos Jr.\",\"Rateio\",\"repasse de b\u00f4nus\",\"Ricardo Tili\",\"Sandoval Feitosa\"],\"articleSection\":[\"Destaque lista\",\"Geral\",\"iNFRAEnergia\"],\"inLanguage\":\"pt-BR\",\"copyrightYear\":\"2024\",\"copyrightHolder\":{\"@id\":\"https:\/\/agenciainfra.com\/blog\/#organization\"}},{\"@type\":\"WebPage\",\"@id\":\"https:\/\/agenciainfra.com\/blog\/aneel-aprova-rateio-do-bonus-de-r-13-bi-da-conta-de-itaipu-mas-rateio-fica-para-janeiro-de-2025\/\",\"url\":\"https:\/\/agenciainfra.com\/blog\/aneel-aprova-rateio-do-bonus-de-r-13-bi-da-conta-de-itaipu-mas-rateio-fica-para-janeiro-de-2025\/\",\"name\":\"ANEEL aprova rateio do b\u00f4nus de R$ 1,3 bi da conta de Itaipu, mas rateio fica para janeiro de 2025 - Ag\u00eancia iNFRA\",\"isPartOf\":{\"@id\":\"https:\/\/agenciainfra.com\/blog\/#website\"},\"primaryImageOfPage\":{\"@id\":\"https:\/\/agenciainfra.com\/blog\/aneel-aprova-rateio-do-bonus-de-r-13-bi-da-conta-de-itaipu-mas-rateio-fica-para-janeiro-de-2025\/#primaryimage\"},\"image\":{\"@id\":\"https:\/\/agenciainfra.com\/blog\/aneel-aprova-rateio-do-bonus-de-r-13-bi-da-conta-de-itaipu-mas-rateio-fica-para-janeiro-de-2025\/#primaryimage\"},\"thumbnailUrl\":\"https:\/\/agenciainfra.com\/blog\/wp-content\/uploads\/2020\/08\/usina-hidreletrica-foto-itaipu-e1772485150519.jpg\",\"datePublished\":\"2024-11-27T13:00:00+00:00\",\"breadcrumb\":{\"@id\":\"https:\/\/agenciainfra.com\/blog\/aneel-aprova-rateio-do-bonus-de-r-13-bi-da-conta-de-itaipu-mas-rateio-fica-para-janeiro-de-2025\/#breadcrumb\"},\"inLanguage\":\"pt-BR\",\"potentialAction\":[{\"@type\":\"ReadAction\",\"target\":[\"https:\/\/agenciainfra.com\/blog\/aneel-aprova-rateio-do-bonus-de-r-13-bi-da-conta-de-itaipu-mas-rateio-fica-para-janeiro-de-2025\/\"]}]},{\"@type\":\"ImageObject\",\"inLanguage\":\"pt-BR\",\"@id\":\"https:\/\/agenciainfra.com\/blog\/aneel-aprova-rateio-do-bonus-de-r-13-bi-da-conta-de-itaipu-mas-rateio-fica-para-janeiro-de-2025\/#primaryimage\",\"url\":\"https:\/\/agenciainfra.com\/blog\/wp-content\/uploads\/2020\/08\/usina-hidreletrica-foto-itaipu-e1772485150519.jpg\",\"contentUrl\":\"https:\/\/agenciainfra.com\/blog\/wp-content\/uploads\/2020\/08\/usina-hidreletrica-foto-itaipu-e1772485150519.jpg\",\"width\":1280,\"height\":658,\"caption\":\"Foto: Itaipu\"},{\"@type\":\"BreadcrumbList\",\"@id\":\"https:\/\/agenciainfra.com\/blog\/aneel-aprova-rateio-do-bonus-de-r-13-bi-da-conta-de-itaipu-mas-rateio-fica-para-janeiro-de-2025\/#breadcrumb\",\"itemListElement\":[{\"@type\":\"ListItem\",\"position\":1,\"name\":\"In\u00edcio\",\"item\":\"https:\/\/agenciainfra.com\/blog\/\"},{\"@type\":\"ListItem\",\"position\":2,\"name\":\"ANEEL aprova rateio do b\u00f4nus de R$ 1,3 bi da conta de Itaipu, mas rateio fica para janeiro de 2025\"}]},{\"@type\":\"WebSite\",\"@id\":\"https:\/\/agenciainfra.com\/blog\/#website\",\"url\":\"https:\/\/agenciainfra.com\/blog\/\",\"name\":\"Ag\u00eancia iNFRA\",\"description\":\"Multiplataforma de informa\u00e7\u00e3o jornal\u00edstica refer\u00eancia na \u00e1rea de infraestrutura no Brasil!\",\"publisher\":{\"@id\":\"https:\/\/agenciainfra.com\/blog\/#organization\"},\"potentialAction\":[{\"@type\":\"SearchAction\",\"target\":{\"@type\":\"EntryPoint\",\"urlTemplate\":\"https:\/\/agenciainfra.com\/blog\/?s={search_term_string}\"},\"query-input\":{\"@type\":\"PropertyValueSpecification\",\"valueRequired\":true,\"valueName\":\"search_term_string\"}}],\"inLanguage\":\"pt-BR\"},{\"@type\":\"Organization\",\"@id\":\"https:\/\/agenciainfra.com\/blog\/#organization\",\"name\":\"Ag\u00eancia iNFRA\",\"url\":\"https:\/\/agenciainfra.com\/blog\/\",\"logo\":{\"@type\":\"ImageObject\",\"inLanguage\":\"pt-BR\",\"@id\":\"https:\/\/agenciainfra.com\/blog\/#\/schema\/logo\/image\/\",\"url\":\"https:\/\/agenciainfra.com\/blog\/wp-content\/uploads\/2023\/09\/iNFRA_5-e1761735885940.png\",\"contentUrl\":\"https:\/\/agenciainfra.com\/blog\/wp-content\/uploads\/2023\/09\/iNFRA_5-e1761735885940.png\",\"width\":1672,\"height\":454,\"caption\":\"Ag\u00eancia iNFRA\"},\"image\":{\"@id\":\"https:\/\/agenciainfra.com\/blog\/#\/schema\/logo\/image\/\"},\"sameAs\":[\"https:\/\/www.facebook.com\/ageninfra\",\"https:\/\/x.com\/agencia_infra\",\"https:\/\/www.linkedin.com\/company\/ag\u00eanciainfra\/\",\"https:\/\/www.instagram.com\/agenciainfra\/\"]},{\"@type\":\"Person\",\"@id\":\"https:\/\/agenciainfra.com\/blog\/#\/schema\/person\/34af08dff6adea4cb22b06612ba7acfa\",\"name\":\"Ag\u00eancia iNFRA\",\"image\":{\"@type\":\"ImageObject\",\"inLanguage\":\"pt-BR\",\"@id\":\"https:\/\/agenciainfra.com\/blog\/#\/schema\/person\/image\/\",\"url\":\"https:\/\/secure.gravatar.com\/avatar\/d189e01678f06d8eb84d4e01f08eb848b3fffe3f8443818d3c356c66892f5be8?s=96&d=mm&r=g\",\"contentUrl\":\"https:\/\/secure.gravatar.com\/avatar\/d189e01678f06d8eb84d4e01f08eb848b3fffe3f8443818d3c356c66892f5be8?s=96&d=mm&r=g\",\"caption\":\"Ag\u00eancia iNFRA\"},\"url\":\"https:\/\/agenciainfra.com\/blog\/author\/admin\/\"}]}<\/script>\n<!-- \/ Yoast SEO Premium plugin. -->","yoast_head_json":{"title":"ANEEL aprova rateio do b\u00f4nus de R$ 1,3 bi da conta de Itaipu, mas rateio fica para janeiro de 2025 - Ag\u00eancia iNFRA","robots":{"index":"index","follow":"follow","max-snippet":"max-snippet:-1","max-image-preview":"max-image-preview:large","max-video-preview":"max-video-preview:-1"},"canonical":"https:\/\/agenciainfra.com\/blog\/aneel-aprova-rateio-do-bonus-de-r-13-bi-da-conta-de-itaipu-mas-rateio-fica-para-janeiro-de-2025\/","og_locale":"pt_BR","og_type":"article","og_title":"ANEEL aprova rateio do b\u00f4nus de R$ 1,3 bi da conta de Itaipu, mas rateio fica para janeiro de 2025","og_description":"Geraldo Campos Jr., da Ag\u00eancia iNFRA A ANEEL (Ag\u00eancia Nacional de Energia El\u00e9trica) aprovou nesta ter\u00e7a-feira (26), por unanimidade, o repasse aos consumidores do saldo positivo de R$ 1,3 bilh\u00e3o da conta de comercializa\u00e7\u00e3o da usina de Itaipu em 2023. O b\u00f4nus ser\u00e1 rateado entre as distribuidoras de energia do pa\u00eds, com abatimento nas tarifas [&hellip;]","og_url":"https:\/\/agenciainfra.com\/blog\/aneel-aprova-rateio-do-bonus-de-r-13-bi-da-conta-de-itaipu-mas-rateio-fica-para-janeiro-de-2025\/","og_site_name":"Ag\u00eancia iNFRA","article_publisher":"https:\/\/www.facebook.com\/ageninfra","article_published_time":"2024-11-27T13:00:00+00:00","og_image":[{"width":1313,"height":675,"url":"https:\/\/agenciainfra.com\/blog\/wp-content\/uploads\/2020\/08\/usina-hidreletrica-foto-itaipu.jpg","type":"image\/jpeg"}],"author":"Ag\u00eancia iNFRA","twitter_card":"summary_large_image","twitter_creator":"@agencia_infra","twitter_site":"@agencia_infra","twitter_misc":{"Escrito por":"Ag\u00eancia iNFRA","Est. tempo de leitura":"3 minutos"},"schema":{"@context":"https:\/\/schema.org","@graph":[{"@type":"Article","@id":"https:\/\/agenciainfra.com\/blog\/aneel-aprova-rateio-do-bonus-de-r-13-bi-da-conta-de-itaipu-mas-rateio-fica-para-janeiro-de-2025\/#article","isPartOf":{"@id":"https:\/\/agenciainfra.com\/blog\/aneel-aprova-rateio-do-bonus-de-r-13-bi-da-conta-de-itaipu-mas-rateio-fica-para-janeiro-de-2025\/"},"author":{"name":"Ag\u00eancia iNFRA","@id":"https:\/\/agenciainfra.com\/blog\/#\/schema\/person\/34af08dff6adea4cb22b06612ba7acfa"},"headline":"ANEEL aprova rateio do b\u00f4nus de R$ 1,3 bi da conta de Itaipu, mas rateio fica para janeiro de 2025","datePublished":"2024-11-27T13:00:00+00:00","mainEntityOfPage":{"@id":"https:\/\/agenciainfra.com\/blog\/aneel-aprova-rateio-do-bonus-de-r-13-bi-da-conta-de-itaipu-mas-rateio-fica-para-janeiro-de-2025\/"},"wordCount":574,"publisher":{"@id":"https:\/\/agenciainfra.com\/blog\/#organization"},"image":{"@id":"https:\/\/agenciainfra.com\/blog\/aneel-aprova-rateio-do-bonus-de-r-13-bi-da-conta-de-itaipu-mas-rateio-fica-para-janeiro-de-2025\/#primaryimage"},"thumbnailUrl":"https:\/\/agenciainfra.com\/blog\/wp-content\/uploads\/2020\/08\/usina-hidreletrica-foto-itaipu-e1772485150519.jpg","keywords":["Alexandre Silveira","ANEEL","B\u00f4nus de Itaipu","conta de comercializa\u00e7\u00e3o","Conta de Itaipu","ENBPar","Fernando Mosna","Geraldo Campos Jr.","Rateio","repasse de b\u00f4nus","Ricardo Tili","Sandoval Feitosa"],"articleSection":["Destaque lista","Geral","iNFRAEnergia"],"inLanguage":"pt-BR","copyrightYear":"2024","copyrightHolder":{"@id":"https:\/\/agenciainfra.com\/blog\/#organization"}},{"@type":"WebPage","@id":"https:\/\/agenciainfra.com\/blog\/aneel-aprova-rateio-do-bonus-de-r-13-bi-da-conta-de-itaipu-mas-rateio-fica-para-janeiro-de-2025\/","url":"https:\/\/agenciainfra.com\/blog\/aneel-aprova-rateio-do-bonus-de-r-13-bi-da-conta-de-itaipu-mas-rateio-fica-para-janeiro-de-2025\/","name":"ANEEL aprova rateio do b\u00f4nus de R$ 1,3 bi da conta de Itaipu, mas rateio fica para janeiro de 2025 - Ag\u00eancia iNFRA","isPartOf":{"@id":"https:\/\/agenciainfra.com\/blog\/#website"},"primaryImageOfPage":{"@id":"https:\/\/agenciainfra.com\/blog\/aneel-aprova-rateio-do-bonus-de-r-13-bi-da-conta-de-itaipu-mas-rateio-fica-para-janeiro-de-2025\/#primaryimage"},"image":{"@id":"https:\/\/agenciainfra.com\/blog\/aneel-aprova-rateio-do-bonus-de-r-13-bi-da-conta-de-itaipu-mas-rateio-fica-para-janeiro-de-2025\/#primaryimage"},"thumbnailUrl":"https:\/\/agenciainfra.com\/blog\/wp-content\/uploads\/2020\/08\/usina-hidreletrica-foto-itaipu-e1772485150519.jpg","datePublished":"2024-11-27T13:00:00+00:00","breadcrumb":{"@id":"https:\/\/agenciainfra.com\/blog\/aneel-aprova-rateio-do-bonus-de-r-13-bi-da-conta-de-itaipu-mas-rateio-fica-para-janeiro-de-2025\/#breadcrumb"},"inLanguage":"pt-BR","potentialAction":[{"@type":"ReadAction","target":["https:\/\/agenciainfra.com\/blog\/aneel-aprova-rateio-do-bonus-de-r-13-bi-da-conta-de-itaipu-mas-rateio-fica-para-janeiro-de-2025\/"]}]},{"@type":"ImageObject","inLanguage":"pt-BR","@id":"https:\/\/agenciainfra.com\/blog\/aneel-aprova-rateio-do-bonus-de-r-13-bi-da-conta-de-itaipu-mas-rateio-fica-para-janeiro-de-2025\/#primaryimage","url":"https:\/\/agenciainfra.com\/blog\/wp-content\/uploads\/2020\/08\/usina-hidreletrica-foto-itaipu-e1772485150519.jpg","contentUrl":"https:\/\/agenciainfra.com\/blog\/wp-content\/uploads\/2020\/08\/usina-hidreletrica-foto-itaipu-e1772485150519.jpg","width":1280,"height":658,"caption":"Foto: Itaipu"},{"@type":"BreadcrumbList","@id":"https:\/\/agenciainfra.com\/blog\/aneel-aprova-rateio-do-bonus-de-r-13-bi-da-conta-de-itaipu-mas-rateio-fica-para-janeiro-de-2025\/#breadcrumb","itemListElement":[{"@type":"ListItem","position":1,"name":"In\u00edcio","item":"https:\/\/agenciainfra.com\/blog\/"},{"@type":"ListItem","position":2,"name":"ANEEL aprova rateio do b\u00f4nus de R$ 1,3 bi da conta de Itaipu, mas rateio fica para janeiro de 2025"}]},{"@type":"WebSite","@id":"https:\/\/agenciainfra.com\/blog\/#website","url":"https:\/\/agenciainfra.com\/blog\/","name":"Ag\u00eancia iNFRA","description":"Multiplataforma de informa\u00e7\u00e3o jornal\u00edstica refer\u00eancia na \u00e1rea de infraestrutura no Brasil!","publisher":{"@id":"https:\/\/agenciainfra.com\/blog\/#organization"},"potentialAction":[{"@type":"SearchAction","target":{"@type":"EntryPoint","urlTemplate":"https:\/\/agenciainfra.com\/blog\/?s={search_term_string}"},"query-input":{"@type":"PropertyValueSpecification","valueRequired":true,"valueName":"search_term_string"}}],"inLanguage":"pt-BR"},{"@type":"Organization","@id":"https:\/\/agenciainfra.com\/blog\/#organization","name":"Ag\u00eancia iNFRA","url":"https:\/\/agenciainfra.com\/blog\/","logo":{"@type":"ImageObject","inLanguage":"pt-BR","@id":"https:\/\/agenciainfra.com\/blog\/#\/schema\/logo\/image\/","url":"https:\/\/agenciainfra.com\/blog\/wp-content\/uploads\/2023\/09\/iNFRA_5-e1761735885940.png","contentUrl":"https:\/\/agenciainfra.com\/blog\/wp-content\/uploads\/2023\/09\/iNFRA_5-e1761735885940.png","width":1672,"height":454,"caption":"Ag\u00eancia iNFRA"},"image":{"@id":"https:\/\/agenciainfra.com\/blog\/#\/schema\/logo\/image\/"},"sameAs":["https:\/\/www.facebook.com\/ageninfra","https:\/\/x.com\/agencia_infra","https:\/\/www.linkedin.com\/company\/ag\u00eanciainfra\/","https:\/\/www.instagram.com\/agenciainfra\/"]},{"@type":"Person","@id":"https:\/\/agenciainfra.com\/blog\/#\/schema\/person\/34af08dff6adea4cb22b06612ba7acfa","name":"Ag\u00eancia iNFRA","image":{"@type":"ImageObject","inLanguage":"pt-BR","@id":"https:\/\/agenciainfra.com\/blog\/#\/schema\/person\/image\/","url":"https:\/\/secure.gravatar.com\/avatar\/d189e01678f06d8eb84d4e01f08eb848b3fffe3f8443818d3c356c66892f5be8?s=96&d=mm&r=g","contentUrl":"https:\/\/secure.gravatar.com\/avatar\/d189e01678f06d8eb84d4e01f08eb848b3fffe3f8443818d3c356c66892f5be8?s=96&d=mm&r=g","caption":"Ag\u00eancia iNFRA"},"url":"https:\/\/agenciainfra.com\/blog\/author\/admin\/"}]}},"_links":{"self":[{"href":"https:\/\/agenciainfra.com\/blog\/wp-json\/wp\/v2\/posts\/19359","targetHints":{"allow":["GET"]}}],"collection":[{"href":"https:\/\/agenciainfra.com\/blog\/wp-json\/wp\/v2\/posts"}],"about":[{"href":"https:\/\/agenciainfra.com\/blog\/wp-json\/wp\/v2\/types\/post"}],"author":[{"embeddable":true,"href":"https:\/\/agenciainfra.com\/blog\/wp-json\/wp\/v2\/users\/1"}],"replies":[{"embeddable":true,"href":"https:\/\/agenciainfra.com\/blog\/wp-json\/wp\/v2\/comments?post=19359"}],"version-history":[{"count":1,"href":"https:\/\/agenciainfra.com\/blog\/wp-json\/wp\/v2\/posts\/19359\/revisions"}],"predecessor-version":[{"id":19360,"href":"https:\/\/agenciainfra.com\/blog\/wp-json\/wp\/v2\/posts\/19359\/revisions\/19360"}],"wp:featuredmedia":[{"embeddable":true,"href":"https:\/\/agenciainfra.com\/blog\/wp-json\/wp\/v2\/media\/5659"}],"wp:attachment":[{"href":"https:\/\/agenciainfra.com\/blog\/wp-json\/wp\/v2\/media?parent=19359"}],"wp:term":[{"taxonomy":"category","embeddable":true,"href":"https:\/\/agenciainfra.com\/blog\/wp-json\/wp\/v2\/categories?post=19359"},{"taxonomy":"post_tag","embeddable":true,"href":"https:\/\/agenciainfra.com\/blog\/wp-json\/wp\/v2\/tags?post=19359"}],"curies":[{"name":"wp","href":"https:\/\/api.w.org\/{rel}","templated":true}]}}