{"id":19387,"date":"2024-11-29T15:30:00","date_gmt":"2024-11-29T18:30:00","guid":{"rendered":"https:\/\/agenciainfra.com\/blog\/?p=19387"},"modified":"2024-11-29T12:57:27","modified_gmt":"2024-11-29T15:57:27","slug":"opiniao-quais-sao-os-proximos-desafios-do-planejamento-da-infraestrutura-de-logistica-e-transportes-no-brasil","status":"publish","type":"post","link":"https:\/\/agenciainfra.com\/blog\/opiniao-quais-sao-os-proximos-desafios-do-planejamento-da-infraestrutura-de-logistica-e-transportes-no-brasil\/","title":{"rendered":"Opini\u00e3o \u2013 Quais s\u00e3o os pr\u00f3ximos desafios do planejamento da infraestrutura de log\u00edstica e transportes no Brasil?"},"content":{"rendered":"\n<p class=\"has-text-align-right\"><strong>Leandro Rodrigues e Silva* e Lucas Bispo de Oliveira Alves**<\/strong><\/p>\n\n\n\n<p>O planejamento de longo prazo das infraestruturas de log\u00edstica e transportes \u2014 abrangendo os modos rodovi\u00e1rio, ferrovi\u00e1rio, aquavi\u00e1rio, dutovi\u00e1rio e aerovi\u00e1rio \u2014 \u00e9 uma atividade cont\u00ednua e deve ser realizado de maneira integrada, considerando a indivisibilidade da rede de transportes diante dos fluxos no territ\u00f3rio. A efici\u00eancia desses fluxos, em termos de redu\u00e7\u00e3o de custos e tempo, tende a ser alcan\u00e7ada apenas por meio da intermodalidade e da complementariedade das diferentes infraestruturas e servi\u00e7os que comp\u00f5em a capacidade da rede. Portanto, os investimentos nas infraestruturas tamb\u00e9m precisam ser planejados e realizados de forma integrada, tanto pelo setor p\u00fablico quanto pela iniciativa privada.<\/p>\n\n\n\n<p>Contudo, planejar e ordenar a prioridade desses investimentos envolve diversos desafios, assemelhando-se a um jogo de tabuleiro com in\u00fameras vari\u00e1veis, que podem ser agrupadas em tr\u00eas principais frentes: <strong>(1)<\/strong> <strong>desafios t\u00e9cnicos<\/strong>, como a necessidade de m\u00e9todos robustos para proje\u00e7\u00e3o, modelagem e simula\u00e7\u00e3o de redes complexas de transporte e a utiliza\u00e7\u00e3o de dados representativos e abrangentes sobre a movimenta\u00e7\u00e3o de pessoas e bens; <strong>(2)<\/strong> <strong>necessidade de alinhamento das vis\u00f5es e a\u00e7\u00f5es dos diversos atores<\/strong> p\u00fablicos e privados atuantes na rede de transportes (governos, investidores, mercado, setores produtivos etc.); <strong>(3)<\/strong> <strong>externalidades<\/strong> que impactam diretamente o sistema de transportes, como a balan\u00e7a comercial, pre\u00e7os do consumo externo ou dom\u00e9stico, impactos da produ\u00e7\u00e3o em diferentes setores da economia, adversidades, como a pandemia de Covid-19 (2020 e 2021) ou movimenta\u00e7\u00f5es setoriais (greve dos caminhoneiros em 2018) e, de forma cada vez mais evidente, as <strong>mudan\u00e7as clim\u00e1ticas<\/strong>.<\/p>\n\n\n\n<p>Nos \u00faltimos oito anos, j\u00e1 houve avan\u00e7os significativos em m\u00e9todos, dados e na vis\u00e3o do planejamento de infraestrutura no Brasil. Planos como o Plano Aerovi\u00e1rio Nacional 2018-2038 (MTPA, 2018) e o Plano Nacional de Log\u00edstica 2035 (EPL\/MINFRA, 2021) romperam paradigmas de vis\u00f5es setoriais desintegradas, demonstrando as vantagens do planejamento integrado e introduzindo o uso inteligente de dados e m\u00e9todos avan\u00e7ados de modelagem de redes de transporte. O modelo de simula\u00e7\u00e3o e o parque informacional utilizados no desenvolvimento do Plano Nacional de Log\u00edstica 2035, por exemplo, representam o estado da arte do planejamento de transportes, com grau de detalhamento e rigor metodol\u00f3gico compar\u00e1vel ao de outros pa\u00edses de dimens\u00f5es continentais. Isso indica que os desafios t\u00e9cnicos est\u00e3o sendo progressivamente superados pela comunidade atuante no tema.<\/p>\n\n\n\n<p>O segundo desafio, referente ao alinhamento das vis\u00f5es dos diferentes atores \u2014 o que impacta diretamente na aceitabilidade e no uso efetivo do plano como ferramenta de tomada de decis\u00e3o \u2014 tamb\u00e9m est\u00e1 avan\u00e7ando. Iniciativas recentes, como o desenvolvimento do PELT\/MG (Plano Estadual de Log\u00edstica e Transportes de Minas Gerais), adotam como metodologia o \u201cModelo de Cinco Dimens\u00f5es\u201d, baseado no \u201c<em>Five Case Model<\/em>\u201d desenvolvido pelo Tesouro Brit\u00e2nico, recomendado pelo TCU (Tribunal de Contas da Uni\u00e3o) como uma boa pr\u00e1tica para o desenvolvimento de projetos de infraestrutura. Esse modelo, conforme o guia \u201c<em>Business Case Guidance for Programmes<\/em>\u201d, busca amadurecer um programa (ou plano de investimentos) de modo que o resultado final incorpore as diferentes expectativas das dimens\u00f5es estrat\u00e9gica, socioecon\u00f4mica, financeira, comercial e gerencial. A inclus\u00e3o dessas perspectivas no processo de elabora\u00e7\u00e3o dos planos, indo al\u00e9m das tradicionais audi\u00eancias p\u00fablicas, permite avan\u00e7ar na integra\u00e7\u00e3o de um planejamento t\u00e9cnico com os interesses dos investidores, do mercado e das limita\u00e7\u00f5es de gest\u00e3o envolvidas.<\/p>\n\n\n\n<p>O desafio que persiste na evolu\u00e7\u00e3o do planejamento de infraestrutura de log\u00edstica e transportes no Brasil est\u00e1 relacionado \u00e0s externalidades a serem consideradas no processo de planejamento, principalmente as relacionadas \u00e0s mudan\u00e7as clim\u00e1ticas e seus impactos no sistema de transporte. O Ipea (Instituto de Pesquisa Econ\u00f4mica Aplicada) \u00e9 uma refer\u00eancia em proje\u00e7\u00f5es setoriais e macroecon\u00f4micas para subsidiar o planejamento e as decis\u00f5es de longo prazo. O instituto j\u00e1 desenvolve, h\u00e1 alguns anos, modelos que projetam cen\u00e1rios futuros sobre poss\u00edveis altera\u00e7\u00f5es clim\u00e1ticas e seus impactos na produ\u00e7\u00e3o agr\u00edcola em diferentes regi\u00f5es produtivas brasileiras. Algumas regi\u00f5es, por exemplo, podem enfrentar maiores impactos negativos, o que altera as demandas log\u00edsticas regionais e gera uma poss\u00edvel \u201cdisputa\u201d futura pela capacidade log\u00edstica entre regi\u00f5es como o Mato Grosso, o Matopiba e a regi\u00e3o Sul. <\/p>\n\n\n\n<p>Proje\u00e7\u00f5es sobre emiss\u00f5es, que orientam o planejamento de investimentos, tamb\u00e9m se alinham com uma crescente estrat\u00e9gia de descarboniza\u00e7\u00e3o dos modais, visando cumprir compromissos de redu\u00e7\u00e3o de poluentes e incentivando modos de transporte mais eficientes energeticamente, como ferrovias e cabotagem. No entanto, ainda s\u00e3o poucas as proje\u00e7\u00f5es que abordam diretamente os riscos de alagamentos, deslizamentos, queimadas e outros impactos de eventos clim\u00e1ticos, al\u00e9m da atual falta de conhecimento sobre a resili\u00eancia das infraestruturas em rela\u00e7\u00e3o a essas amea\u00e7as.<\/p>\n\n\n\n<p>Internacionalmente, h\u00e1 m\u00e9todos que podem ajudar a enfrentar esses desafios, como as an\u00e1lises de risco e m\u00e9todos mais avan\u00e7ados, como o \u201c<em>Robust Decision Making<\/em>\u201d ou Tomada de Decis\u00e3o Robusta. O RDM consiste em um conjunto de conceitos e ferramentas que usa a computa\u00e7\u00e3o, n\u00e3o para fazer previs\u00f5es mais precisas, mas para produzir decis\u00f5es melhores sob condi\u00e7\u00f5es de profunda incerteza, resultando em \u201cfaixas\u201d de decis\u00f5es mais flex\u00edveis de a\u00e7\u00e3o para o tomador de decis\u00e3o. Esse m\u00e9todo \u00e9 especialmente \u00fatil no contexto das mudan\u00e7as clim\u00e1ticas, associadas \u00e0 complexidade de previs\u00f5es desse aspecto.<\/p>\n\n\n\n<p>Apesar da imprevisibilidade quanto \u00e0 intensidade e \u00e0 recorr\u00eancia dos impactos das mudan\u00e7as clim\u00e1ticas, \u00e9 poss\u00edvel incorporar nos planos de longo prazo a\u00e7\u00f5es e orienta\u00e7\u00f5es que auxiliem tanto nas decis\u00f5es estrat\u00e9gicas quanto nas emergenciais. Uma maneira de abordar isso \u00e9 diagnosticar a resili\u00eancia das infraestruturas, avaliando riscos e custos associados para dot\u00e1-las da resili\u00eancia necess\u00e1ria conforme a probabilidade de impactos. Regi\u00f5es e estados do Brasil com maior risco de inunda\u00e7\u00f5es e deslizamentos, por exemplo, deveriam priorizar investimentos em resili\u00eancia, especialmente se essas infraestruturas forem essenciais para a movimenta\u00e7\u00e3o de bens e pessoas. Mas o que constitui uma infraestrutura \u201cessencial\u201d?<\/p>\n\n\n\n<p>Esse conceito deve ser definido tecnicamente. Em sentido amplo, qualquer infraestrutura de log\u00edstica e transporte possui algum grau de essencialidade, pois atende a um fluxo dependente dela. No entanto, existe um conjunto de corredores log\u00edsticos e de mobilidade interurbana \u2014 formado por rodovias, ferrovias, aeroportos, dutos e vias naveg\u00e1veis \u2014 cuja interrup\u00e7\u00e3o parcial ou total pode gerar altos custos econ\u00f4micos e sociais. Essa rede essencial tem sido discutida em momentos de crise, como na greve dos caminhoneiros, na pandemia de Covid-19 e nas enchentes no Rio Grande do Sul, onde a principal quest\u00e3o levantada gira em torno da identifica\u00e7\u00e3o de rotas alternativas para garantir a movimenta\u00e7\u00e3o de bens e servi\u00e7os.<\/p>\n\n\n\n<p>A l\u00f3gica para o planejamento de longo prazo deve se basear na identifica\u00e7\u00e3o das infraestruturas que suportam esses fluxos essenciais e na implementa\u00e7\u00e3o de superestruturas, tecnologia e suporte para aumentar sua resili\u00eancia. Em caso de comprometimento, deve-se ter um \u201cPlano B\u201d, ou como \u00e9 chamado em alguns pa\u00edses, um \u201c<em>Business Continuity Plan<\/em>\u201d log\u00edstico.<\/p>\n\n\n\n<p>Um \u201c<em>Business Continuity Plan<\/em>\u201d com uma vis\u00e3o de Estado serviria como uma ferramenta para crises futuras, orientando decis\u00f5es do poder p\u00fablico e indicando de forma \u00e1gil alternativas vi\u00e1veis de deslocamento em caso de interrup\u00e7\u00e3o de corredores essenciais. Com o ferramental de modelagem de cen\u00e1rios e simula\u00e7\u00e3o computacional dispon\u00edvel no Brasil, \u00e9 tecnicamente poss\u00edvel desenvolver cen\u00e1rios log\u00edsticos alternativos e incluir a\u00e7\u00f5es em planos que orientem a utiliza\u00e7\u00e3o de um BCP.<\/p>\n\n\n\n<p>Nos pr\u00f3ximos anos, espera-se a publica\u00e7\u00e3o de diversos instrumentos de planejamento de infraestrutura de longo prazo. V\u00e1rios estados est\u00e3o desenvolvendo seus PELTs (Planos Estaduais de Log\u00edstica e Transportes), como Minas Gerais, Rio Grande do Sul, S\u00e3o Paulo, Santa Catarina e Sergipe, al\u00e9m de Rond\u00f4nia, que publicou recentemente seu PELT. No \u00e2mbito federal, ainda se aguarda a publica\u00e7\u00e3o dos instrumentos de Planejamento Setorial do PNL (Plano Nacional de Log\u00edstica) 2035 e a previs\u00e3o de um novo PNL 2055.<\/p>\n\n\n\n<p>Com a crescente relev\u00e2ncia do tema das mudan\u00e7as clim\u00e1ticas, \u00e9 natural que os pr\u00f3ximos desafios do planejamento de transportes no Brasil se concentrem: na incorpora\u00e7\u00e3o de t\u00e9cnicas como o RDM; na an\u00e1lise de m\u00faltiplos cen\u00e1rios de impactos das mudan\u00e7as clim\u00e1ticas nos sistemas de log\u00edstica e transportes; na identifica\u00e7\u00e3o de riscos clim\u00e1ticos; no mapeamento de infraestruturas essenciais e; no desenvolvimento de <em>Business Continuity Plans<\/em> log\u00edsticos para o pa\u00eds. Dessa forma, o planejamento pode guiar o desenvolvimento sustent\u00e1vel da infraestrutura de log\u00edstica e transportes no Brasil em conson\u00e2ncia com as transforma\u00e7\u00f5es globais.<\/p>\n\n\n\n<p><strong>* Leandro Rodrigues e Silva <\/strong>\u00e9 engenheiro civil e gerente de Planejamento, Pesquisa e Inova\u00e7\u00e3o na Codemge (Companhia de Desenvolvimento de Minas Gerais).<\/p>\n\n\n\n<p><strong>** Lucas Bispo de Oliveira Alves<\/strong> \u00e9 economista, PhD e oficial de Investimentos no AIIB (Banco Asi\u00e1tico de Investimento em Infraestrutura).<\/p>\n\n\n\n<p class=\"has-luminous-vivid-orange-color has-text-color has-link-color wp-elements-fd3f544adf696c46a4d36363cd72c59e\">As opini\u00f5es dos autores n\u00e3o refletem necessariamente o pensamento da<strong> Ag\u00eancia iNFRA<\/strong>, sendo de total responsabilidade do autor as informa\u00e7\u00f5es, ju\u00edzos de valor e conceitos descritos no texto.<\/p>\n","protected":false},"excerpt":{"rendered":"<p>Leandro Rodrigues e Silva* e Lucas Bispo de Oliveira Alves** O planejamento de longo prazo das infraestruturas de log\u00edstica e transportes \u2014 abrangendo os modos rodovi\u00e1rio, ferrovi\u00e1rio, aquavi\u00e1rio, dutovi\u00e1rio e aerovi\u00e1rio \u2014 \u00e9 uma atividade cont\u00ednua e deve ser realizado de maneira integrada, considerando a indivisibilidade da rede de transportes diante dos fluxos no territ\u00f3rio. [&hellip;]<\/p>\n","protected":false},"author":1,"featured_media":19388,"comment_status":"closed","ping_status":"closed","sticky":false,"template":"","format":"standard","meta":{"_monsterinsights_skip_tracking":false,"_monsterinsights_sitenote_active":false,"_monsterinsights_sitenote_note":"","_monsterinsights_sitenote_category":0,"footnotes":""},"categories":[7250,1,7,10040],"tags":[11844,11846,11842,11841,4771,66,11840,10317,1358,526,3912,11845,11847,11848,617],"class_list":["post-19387","post","type-post","status-publish","format-standard","has-post-thumbnail","hentry","category-destaque-lista","category-geral","category-infratransporte","category-opiniao","tag-aiib","tag-business-continuity-plans","tag-codemge","tag-leandro-rodrigues-e-silva","tag-leandro-silva","tag-logistica","tag-lucas-bispo-de-oliveira-alves","tag-opiniao","tag-plano-nacional-de-logistica","tag-pnl","tag-pnl-2035","tag-pnl-2055","tag-robust-decision-making","tag-tomada-de-decisao-robusta","tag-transporte"],"yoast_head":"<!-- This site is optimized with the Yoast SEO Premium plugin v25.4 (Yoast SEO v26.0) - https:\/\/yoast.com\/wordpress\/plugins\/seo\/ -->\n<title>Opini\u00e3o \u2013 Quais s\u00e3o os pr\u00f3ximos desafios do planejamento da infraestrutura de log\u00edstica e transportes no Brasil? - Ag\u00eancia iNFRA<\/title>\n<meta name=\"robots\" content=\"index, follow, max-snippet:-1, max-image-preview:large, max-video-preview:-1\" \/>\n<link rel=\"canonical\" href=\"https:\/\/agenciainfra.com\/blog\/opiniao-quais-sao-os-proximos-desafios-do-planejamento-da-infraestrutura-de-logistica-e-transportes-no-brasil\/\" \/>\n<meta property=\"og:locale\" content=\"pt_BR\" \/>\n<meta property=\"og:type\" content=\"article\" \/>\n<meta property=\"og:title\" content=\"Opini\u00e3o \u2013 Quais s\u00e3o os pr\u00f3ximos desafios do planejamento da infraestrutura de log\u00edstica e transportes no Brasil?\" \/>\n<meta property=\"og:description\" content=\"Leandro Rodrigues e Silva* e Lucas Bispo de Oliveira Alves** O planejamento de longo prazo das infraestruturas de log\u00edstica e transportes \u2014 abrangendo os modos rodovi\u00e1rio, ferrovi\u00e1rio, aquavi\u00e1rio, dutovi\u00e1rio e aerovi\u00e1rio \u2014 \u00e9 uma atividade cont\u00ednua e deve ser realizado de maneira integrada, considerando a indivisibilidade da rede de transportes diante dos fluxos no territ\u00f3rio. [&hellip;]\" \/>\n<meta property=\"og:url\" content=\"https:\/\/agenciainfra.com\/blog\/opiniao-quais-sao-os-proximos-desafios-do-planejamento-da-infraestrutura-de-logistica-e-transportes-no-brasil\/\" \/>\n<meta property=\"og:site_name\" content=\"Ag\u00eancia iNFRA\" \/>\n<meta property=\"article:publisher\" content=\"https:\/\/www.facebook.com\/ageninfra\" \/>\n<meta property=\"article:published_time\" content=\"2024-11-29T18:30:00+00:00\" \/>\n<meta property=\"og:image\" content=\"https:\/\/agenciainfra.com\/blog\/wp-content\/uploads\/2024\/11\/leandro-silva-e-lucas-bispo-foto-opiniao.jpg\" \/>\n\t<meta property=\"og:image:width\" content=\"1284\" \/>\n\t<meta property=\"og:image:height\" content=\"804\" \/>\n\t<meta property=\"og:image:type\" content=\"image\/jpeg\" \/>\n<meta name=\"author\" content=\"Ag\u00eancia iNFRA\" \/>\n<meta name=\"twitter:card\" content=\"summary_large_image\" \/>\n<meta name=\"twitter:creator\" content=\"@agencia_infra\" \/>\n<meta name=\"twitter:site\" content=\"@agencia_infra\" \/>\n<meta name=\"twitter:label1\" content=\"Escrito por\" \/>\n\t<meta name=\"twitter:data1\" content=\"Ag\u00eancia iNFRA\" \/>\n\t<meta name=\"twitter:label2\" content=\"Est. tempo de leitura\" \/>\n\t<meta name=\"twitter:data2\" content=\"8 minutos\" \/>\n<script type=\"application\/ld+json\" class=\"yoast-schema-graph\">{\"@context\":\"https:\/\/schema.org\",\"@graph\":[{\"@type\":\"Article\",\"@id\":\"https:\/\/agenciainfra.com\/blog\/opiniao-quais-sao-os-proximos-desafios-do-planejamento-da-infraestrutura-de-logistica-e-transportes-no-brasil\/#article\",\"isPartOf\":{\"@id\":\"https:\/\/agenciainfra.com\/blog\/opiniao-quais-sao-os-proximos-desafios-do-planejamento-da-infraestrutura-de-logistica-e-transportes-no-brasil\/\"},\"author\":{\"name\":\"Ag\u00eancia iNFRA\",\"@id\":\"https:\/\/agenciainfra.com\/blog\/#\/schema\/person\/34af08dff6adea4cb22b06612ba7acfa\"},\"headline\":\"Opini\u00e3o \u2013 Quais s\u00e3o os pr\u00f3ximos desafios do planejamento da infraestrutura de log\u00edstica e transportes no Brasil?\",\"datePublished\":\"2024-11-29T18:30:00+00:00\",\"mainEntityOfPage\":{\"@id\":\"https:\/\/agenciainfra.com\/blog\/opiniao-quais-sao-os-proximos-desafios-do-planejamento-da-infraestrutura-de-logistica-e-transportes-no-brasil\/\"},\"wordCount\":1598,\"publisher\":{\"@id\":\"https:\/\/agenciainfra.com\/blog\/#organization\"},\"image\":{\"@id\":\"https:\/\/agenciainfra.com\/blog\/opiniao-quais-sao-os-proximos-desafios-do-planejamento-da-infraestrutura-de-logistica-e-transportes-no-brasil\/#primaryimage\"},\"thumbnailUrl\":\"https:\/\/agenciainfra.com\/blog\/wp-content\/uploads\/2024\/11\/leandro-silva-e-lucas-bispo-foto-opiniao.jpg\",\"keywords\":[\"AIIB\",\"Business Continuity Plans\",\"Codemge\",\"leandro rodrigues e silva\",\"Leandro Silva\",\"log\u00edstica\",\"lucas bispo de oliveira alves\",\"opini\u00e3o\",\"Plano Nacional de Log\u00edstica\",\"PNL\",\"PNL 2035\",\"PNL 2055\",\"Robust Decision Making\",\"Tomada de Decis\u00e3o Robusta\",\"transporte\"],\"articleSection\":[\"Destaque lista\",\"Geral\",\"iNFRATransporte\",\"Opini\u00e3o\"],\"inLanguage\":\"pt-BR\",\"copyrightYear\":\"2024\",\"copyrightHolder\":{\"@id\":\"https:\/\/agenciainfra.com\/blog\/#organization\"}},{\"@type\":\"WebPage\",\"@id\":\"https:\/\/agenciainfra.com\/blog\/opiniao-quais-sao-os-proximos-desafios-do-planejamento-da-infraestrutura-de-logistica-e-transportes-no-brasil\/\",\"url\":\"https:\/\/agenciainfra.com\/blog\/opiniao-quais-sao-os-proximos-desafios-do-planejamento-da-infraestrutura-de-logistica-e-transportes-no-brasil\/\",\"name\":\"Opini\u00e3o \u2013 Quais s\u00e3o os pr\u00f3ximos desafios do planejamento da infraestrutura de log\u00edstica e transportes no Brasil? - Ag\u00eancia iNFRA\",\"isPartOf\":{\"@id\":\"https:\/\/agenciainfra.com\/blog\/#website\"},\"primaryImageOfPage\":{\"@id\":\"https:\/\/agenciainfra.com\/blog\/opiniao-quais-sao-os-proximos-desafios-do-planejamento-da-infraestrutura-de-logistica-e-transportes-no-brasil\/#primaryimage\"},\"image\":{\"@id\":\"https:\/\/agenciainfra.com\/blog\/opiniao-quais-sao-os-proximos-desafios-do-planejamento-da-infraestrutura-de-logistica-e-transportes-no-brasil\/#primaryimage\"},\"thumbnailUrl\":\"https:\/\/agenciainfra.com\/blog\/wp-content\/uploads\/2024\/11\/leandro-silva-e-lucas-bispo-foto-opiniao.jpg\",\"datePublished\":\"2024-11-29T18:30:00+00:00\",\"breadcrumb\":{\"@id\":\"https:\/\/agenciainfra.com\/blog\/opiniao-quais-sao-os-proximos-desafios-do-planejamento-da-infraestrutura-de-logistica-e-transportes-no-brasil\/#breadcrumb\"},\"inLanguage\":\"pt-BR\",\"potentialAction\":[{\"@type\":\"ReadAction\",\"target\":[\"https:\/\/agenciainfra.com\/blog\/opiniao-quais-sao-os-proximos-desafios-do-planejamento-da-infraestrutura-de-logistica-e-transportes-no-brasil\/\"]}]},{\"@type\":\"ImageObject\",\"inLanguage\":\"pt-BR\",\"@id\":\"https:\/\/agenciainfra.com\/blog\/opiniao-quais-sao-os-proximos-desafios-do-planejamento-da-infraestrutura-de-logistica-e-transportes-no-brasil\/#primaryimage\",\"url\":\"https:\/\/agenciainfra.com\/blog\/wp-content\/uploads\/2024\/11\/leandro-silva-e-lucas-bispo-foto-opiniao.jpg\",\"contentUrl\":\"https:\/\/agenciainfra.com\/blog\/wp-content\/uploads\/2024\/11\/leandro-silva-e-lucas-bispo-foto-opiniao.jpg\",\"width\":1284,\"height\":804},{\"@type\":\"BreadcrumbList\",\"@id\":\"https:\/\/agenciainfra.com\/blog\/opiniao-quais-sao-os-proximos-desafios-do-planejamento-da-infraestrutura-de-logistica-e-transportes-no-brasil\/#breadcrumb\",\"itemListElement\":[{\"@type\":\"ListItem\",\"position\":1,\"name\":\"In\u00edcio\",\"item\":\"https:\/\/agenciainfra.com\/blog\/\"},{\"@type\":\"ListItem\",\"position\":2,\"name\":\"Opini\u00e3o \u2013 Quais s\u00e3o os pr\u00f3ximos desafios do planejamento da infraestrutura de log\u00edstica e transportes no Brasil?\"}]},{\"@type\":\"WebSite\",\"@id\":\"https:\/\/agenciainfra.com\/blog\/#website\",\"url\":\"https:\/\/agenciainfra.com\/blog\/\",\"name\":\"Ag\u00eancia iNFRA\",\"description\":\"Multiplataforma de informa\u00e7\u00e3o jornal\u00edstica refer\u00eancia na \u00e1rea de infraestrutura no Brasil!\",\"publisher\":{\"@id\":\"https:\/\/agenciainfra.com\/blog\/#organization\"},\"potentialAction\":[{\"@type\":\"SearchAction\",\"target\":{\"@type\":\"EntryPoint\",\"urlTemplate\":\"https:\/\/agenciainfra.com\/blog\/?s={search_term_string}\"},\"query-input\":{\"@type\":\"PropertyValueSpecification\",\"valueRequired\":true,\"valueName\":\"search_term_string\"}}],\"inLanguage\":\"pt-BR\"},{\"@type\":\"Organization\",\"@id\":\"https:\/\/agenciainfra.com\/blog\/#organization\",\"name\":\"Ag\u00eancia iNFRA\",\"url\":\"https:\/\/agenciainfra.com\/blog\/\",\"logo\":{\"@type\":\"ImageObject\",\"inLanguage\":\"pt-BR\",\"@id\":\"https:\/\/agenciainfra.com\/blog\/#\/schema\/logo\/image\/\",\"url\":\"https:\/\/agenciainfra.com\/blog\/wp-content\/uploads\/2023\/09\/iNFRA_5-e1761735885940.png\",\"contentUrl\":\"https:\/\/agenciainfra.com\/blog\/wp-content\/uploads\/2023\/09\/iNFRA_5-e1761735885940.png\",\"width\":1672,\"height\":454,\"caption\":\"Ag\u00eancia iNFRA\"},\"image\":{\"@id\":\"https:\/\/agenciainfra.com\/blog\/#\/schema\/logo\/image\/\"},\"sameAs\":[\"https:\/\/www.facebook.com\/ageninfra\",\"https:\/\/x.com\/agencia_infra\",\"https:\/\/www.linkedin.com\/company\/ag\u00eanciainfra\/\",\"https:\/\/www.instagram.com\/agenciainfra\/\"]},{\"@type\":\"Person\",\"@id\":\"https:\/\/agenciainfra.com\/blog\/#\/schema\/person\/34af08dff6adea4cb22b06612ba7acfa\",\"name\":\"Ag\u00eancia iNFRA\",\"image\":{\"@type\":\"ImageObject\",\"inLanguage\":\"pt-BR\",\"@id\":\"https:\/\/agenciainfra.com\/blog\/#\/schema\/person\/image\/\",\"url\":\"https:\/\/secure.gravatar.com\/avatar\/d189e01678f06d8eb84d4e01f08eb848b3fffe3f8443818d3c356c66892f5be8?s=96&d=mm&r=g\",\"contentUrl\":\"https:\/\/secure.gravatar.com\/avatar\/d189e01678f06d8eb84d4e01f08eb848b3fffe3f8443818d3c356c66892f5be8?s=96&d=mm&r=g\",\"caption\":\"Ag\u00eancia iNFRA\"},\"url\":\"https:\/\/agenciainfra.com\/blog\/author\/admin\/\"}]}<\/script>\n<!-- \/ Yoast SEO Premium plugin. -->","yoast_head_json":{"title":"Opini\u00e3o \u2013 Quais s\u00e3o os pr\u00f3ximos desafios do planejamento da infraestrutura de log\u00edstica e transportes no Brasil? - Ag\u00eancia iNFRA","robots":{"index":"index","follow":"follow","max-snippet":"max-snippet:-1","max-image-preview":"max-image-preview:large","max-video-preview":"max-video-preview:-1"},"canonical":"https:\/\/agenciainfra.com\/blog\/opiniao-quais-sao-os-proximos-desafios-do-planejamento-da-infraestrutura-de-logistica-e-transportes-no-brasil\/","og_locale":"pt_BR","og_type":"article","og_title":"Opini\u00e3o \u2013 Quais s\u00e3o os pr\u00f3ximos desafios do planejamento da infraestrutura de log\u00edstica e transportes no Brasil?","og_description":"Leandro Rodrigues e Silva* e Lucas Bispo de Oliveira Alves** O planejamento de longo prazo das infraestruturas de log\u00edstica e transportes \u2014 abrangendo os modos rodovi\u00e1rio, ferrovi\u00e1rio, aquavi\u00e1rio, dutovi\u00e1rio e aerovi\u00e1rio \u2014 \u00e9 uma atividade cont\u00ednua e deve ser realizado de maneira integrada, considerando a indivisibilidade da rede de transportes diante dos fluxos no territ\u00f3rio. [&hellip;]","og_url":"https:\/\/agenciainfra.com\/blog\/opiniao-quais-sao-os-proximos-desafios-do-planejamento-da-infraestrutura-de-logistica-e-transportes-no-brasil\/","og_site_name":"Ag\u00eancia iNFRA","article_publisher":"https:\/\/www.facebook.com\/ageninfra","article_published_time":"2024-11-29T18:30:00+00:00","og_image":[{"width":1284,"height":804,"url":"https:\/\/agenciainfra.com\/blog\/wp-content\/uploads\/2024\/11\/leandro-silva-e-lucas-bispo-foto-opiniao.jpg","type":"image\/jpeg"}],"author":"Ag\u00eancia iNFRA","twitter_card":"summary_large_image","twitter_creator":"@agencia_infra","twitter_site":"@agencia_infra","twitter_misc":{"Escrito por":"Ag\u00eancia iNFRA","Est. tempo de leitura":"8 minutos"},"schema":{"@context":"https:\/\/schema.org","@graph":[{"@type":"Article","@id":"https:\/\/agenciainfra.com\/blog\/opiniao-quais-sao-os-proximos-desafios-do-planejamento-da-infraestrutura-de-logistica-e-transportes-no-brasil\/#article","isPartOf":{"@id":"https:\/\/agenciainfra.com\/blog\/opiniao-quais-sao-os-proximos-desafios-do-planejamento-da-infraestrutura-de-logistica-e-transportes-no-brasil\/"},"author":{"name":"Ag\u00eancia iNFRA","@id":"https:\/\/agenciainfra.com\/blog\/#\/schema\/person\/34af08dff6adea4cb22b06612ba7acfa"},"headline":"Opini\u00e3o \u2013 Quais s\u00e3o os pr\u00f3ximos desafios do planejamento da infraestrutura de log\u00edstica e transportes no Brasil?","datePublished":"2024-11-29T18:30:00+00:00","mainEntityOfPage":{"@id":"https:\/\/agenciainfra.com\/blog\/opiniao-quais-sao-os-proximos-desafios-do-planejamento-da-infraestrutura-de-logistica-e-transportes-no-brasil\/"},"wordCount":1598,"publisher":{"@id":"https:\/\/agenciainfra.com\/blog\/#organization"},"image":{"@id":"https:\/\/agenciainfra.com\/blog\/opiniao-quais-sao-os-proximos-desafios-do-planejamento-da-infraestrutura-de-logistica-e-transportes-no-brasil\/#primaryimage"},"thumbnailUrl":"https:\/\/agenciainfra.com\/blog\/wp-content\/uploads\/2024\/11\/leandro-silva-e-lucas-bispo-foto-opiniao.jpg","keywords":["AIIB","Business Continuity Plans","Codemge","leandro rodrigues e silva","Leandro Silva","log\u00edstica","lucas bispo de oliveira alves","opini\u00e3o","Plano Nacional de Log\u00edstica","PNL","PNL 2035","PNL 2055","Robust Decision Making","Tomada de Decis\u00e3o Robusta","transporte"],"articleSection":["Destaque lista","Geral","iNFRATransporte","Opini\u00e3o"],"inLanguage":"pt-BR","copyrightYear":"2024","copyrightHolder":{"@id":"https:\/\/agenciainfra.com\/blog\/#organization"}},{"@type":"WebPage","@id":"https:\/\/agenciainfra.com\/blog\/opiniao-quais-sao-os-proximos-desafios-do-planejamento-da-infraestrutura-de-logistica-e-transportes-no-brasil\/","url":"https:\/\/agenciainfra.com\/blog\/opiniao-quais-sao-os-proximos-desafios-do-planejamento-da-infraestrutura-de-logistica-e-transportes-no-brasil\/","name":"Opini\u00e3o \u2013 Quais s\u00e3o os pr\u00f3ximos desafios do planejamento da infraestrutura de log\u00edstica e transportes no Brasil? - Ag\u00eancia iNFRA","isPartOf":{"@id":"https:\/\/agenciainfra.com\/blog\/#website"},"primaryImageOfPage":{"@id":"https:\/\/agenciainfra.com\/blog\/opiniao-quais-sao-os-proximos-desafios-do-planejamento-da-infraestrutura-de-logistica-e-transportes-no-brasil\/#primaryimage"},"image":{"@id":"https:\/\/agenciainfra.com\/blog\/opiniao-quais-sao-os-proximos-desafios-do-planejamento-da-infraestrutura-de-logistica-e-transportes-no-brasil\/#primaryimage"},"thumbnailUrl":"https:\/\/agenciainfra.com\/blog\/wp-content\/uploads\/2024\/11\/leandro-silva-e-lucas-bispo-foto-opiniao.jpg","datePublished":"2024-11-29T18:30:00+00:00","breadcrumb":{"@id":"https:\/\/agenciainfra.com\/blog\/opiniao-quais-sao-os-proximos-desafios-do-planejamento-da-infraestrutura-de-logistica-e-transportes-no-brasil\/#breadcrumb"},"inLanguage":"pt-BR","potentialAction":[{"@type":"ReadAction","target":["https:\/\/agenciainfra.com\/blog\/opiniao-quais-sao-os-proximos-desafios-do-planejamento-da-infraestrutura-de-logistica-e-transportes-no-brasil\/"]}]},{"@type":"ImageObject","inLanguage":"pt-BR","@id":"https:\/\/agenciainfra.com\/blog\/opiniao-quais-sao-os-proximos-desafios-do-planejamento-da-infraestrutura-de-logistica-e-transportes-no-brasil\/#primaryimage","url":"https:\/\/agenciainfra.com\/blog\/wp-content\/uploads\/2024\/11\/leandro-silva-e-lucas-bispo-foto-opiniao.jpg","contentUrl":"https:\/\/agenciainfra.com\/blog\/wp-content\/uploads\/2024\/11\/leandro-silva-e-lucas-bispo-foto-opiniao.jpg","width":1284,"height":804},{"@type":"BreadcrumbList","@id":"https:\/\/agenciainfra.com\/blog\/opiniao-quais-sao-os-proximos-desafios-do-planejamento-da-infraestrutura-de-logistica-e-transportes-no-brasil\/#breadcrumb","itemListElement":[{"@type":"ListItem","position":1,"name":"In\u00edcio","item":"https:\/\/agenciainfra.com\/blog\/"},{"@type":"ListItem","position":2,"name":"Opini\u00e3o \u2013 Quais s\u00e3o os pr\u00f3ximos desafios do planejamento da infraestrutura de log\u00edstica e transportes no Brasil?"}]},{"@type":"WebSite","@id":"https:\/\/agenciainfra.com\/blog\/#website","url":"https:\/\/agenciainfra.com\/blog\/","name":"Ag\u00eancia iNFRA","description":"Multiplataforma de informa\u00e7\u00e3o jornal\u00edstica refer\u00eancia na \u00e1rea de infraestrutura no Brasil!","publisher":{"@id":"https:\/\/agenciainfra.com\/blog\/#organization"},"potentialAction":[{"@type":"SearchAction","target":{"@type":"EntryPoint","urlTemplate":"https:\/\/agenciainfra.com\/blog\/?s={search_term_string}"},"query-input":{"@type":"PropertyValueSpecification","valueRequired":true,"valueName":"search_term_string"}}],"inLanguage":"pt-BR"},{"@type":"Organization","@id":"https:\/\/agenciainfra.com\/blog\/#organization","name":"Ag\u00eancia iNFRA","url":"https:\/\/agenciainfra.com\/blog\/","logo":{"@type":"ImageObject","inLanguage":"pt-BR","@id":"https:\/\/agenciainfra.com\/blog\/#\/schema\/logo\/image\/","url":"https:\/\/agenciainfra.com\/blog\/wp-content\/uploads\/2023\/09\/iNFRA_5-e1761735885940.png","contentUrl":"https:\/\/agenciainfra.com\/blog\/wp-content\/uploads\/2023\/09\/iNFRA_5-e1761735885940.png","width":1672,"height":454,"caption":"Ag\u00eancia iNFRA"},"image":{"@id":"https:\/\/agenciainfra.com\/blog\/#\/schema\/logo\/image\/"},"sameAs":["https:\/\/www.facebook.com\/ageninfra","https:\/\/x.com\/agencia_infra","https:\/\/www.linkedin.com\/company\/ag\u00eanciainfra\/","https:\/\/www.instagram.com\/agenciainfra\/"]},{"@type":"Person","@id":"https:\/\/agenciainfra.com\/blog\/#\/schema\/person\/34af08dff6adea4cb22b06612ba7acfa","name":"Ag\u00eancia iNFRA","image":{"@type":"ImageObject","inLanguage":"pt-BR","@id":"https:\/\/agenciainfra.com\/blog\/#\/schema\/person\/image\/","url":"https:\/\/secure.gravatar.com\/avatar\/d189e01678f06d8eb84d4e01f08eb848b3fffe3f8443818d3c356c66892f5be8?s=96&d=mm&r=g","contentUrl":"https:\/\/secure.gravatar.com\/avatar\/d189e01678f06d8eb84d4e01f08eb848b3fffe3f8443818d3c356c66892f5be8?s=96&d=mm&r=g","caption":"Ag\u00eancia iNFRA"},"url":"https:\/\/agenciainfra.com\/blog\/author\/admin\/"}]}},"_links":{"self":[{"href":"https:\/\/agenciainfra.com\/blog\/wp-json\/wp\/v2\/posts\/19387","targetHints":{"allow":["GET"]}}],"collection":[{"href":"https:\/\/agenciainfra.com\/blog\/wp-json\/wp\/v2\/posts"}],"about":[{"href":"https:\/\/agenciainfra.com\/blog\/wp-json\/wp\/v2\/types\/post"}],"author":[{"embeddable":true,"href":"https:\/\/agenciainfra.com\/blog\/wp-json\/wp\/v2\/users\/1"}],"replies":[{"embeddable":true,"href":"https:\/\/agenciainfra.com\/blog\/wp-json\/wp\/v2\/comments?post=19387"}],"version-history":[{"count":1,"href":"https:\/\/agenciainfra.com\/blog\/wp-json\/wp\/v2\/posts\/19387\/revisions"}],"predecessor-version":[{"id":19389,"href":"https:\/\/agenciainfra.com\/blog\/wp-json\/wp\/v2\/posts\/19387\/revisions\/19389"}],"wp:featuredmedia":[{"embeddable":true,"href":"https:\/\/agenciainfra.com\/blog\/wp-json\/wp\/v2\/media\/19388"}],"wp:attachment":[{"href":"https:\/\/agenciainfra.com\/blog\/wp-json\/wp\/v2\/media?parent=19387"}],"wp:term":[{"taxonomy":"category","embeddable":true,"href":"https:\/\/agenciainfra.com\/blog\/wp-json\/wp\/v2\/categories?post=19387"},{"taxonomy":"post_tag","embeddable":true,"href":"https:\/\/agenciainfra.com\/blog\/wp-json\/wp\/v2\/tags?post=19387"}],"curies":[{"name":"wp","href":"https:\/\/api.w.org\/{rel}","templated":true}]}}