{"id":19408,"date":"2024-12-02T10:00:00","date_gmt":"2024-12-02T13:00:00","guid":{"rendered":"https:\/\/agenciainfra.com\/blog\/?p=19408"},"modified":"2024-12-02T06:19:19","modified_gmt":"2024-12-02T09:19:19","slug":"governo-do-mato-grosso-lanca-edital-de-concessao-de-seis-lotes-de-rodovias-estaduais","status":"publish","type":"post","link":"https:\/\/agenciainfra.com\/blog\/governo-do-mato-grosso-lanca-edital-de-concessao-de-seis-lotes-de-rodovias-estaduais\/","title":{"rendered":"Governo do Mato Grosso lan\u00e7a edital de concess\u00e3o de seis lotes de rodovias estaduais"},"content":{"rendered":"\n<p class=\"has-text-align-right\"><strong>Sheyla Santos, da Ag\u00eancia iNFRA<\/strong><\/p>\n\n\n\n<p>O governo do Mato Grosso lan\u00e7ou, na \u00faltima sexta-feira (29), o edital de concess\u00e3o de seis lotes de rodovias estaduais. Ao todo, ser\u00e3o 2.104 quil\u00f4metros de estradas, com investimento previsto de R$ 8 bilh\u00f5es durante 30 anos de concess\u00e3o. O leil\u00e3o est\u00e1 previsto para ocorrer em 7 de fevereiro de 2025, na B3. J\u00e1 a homologa\u00e7\u00e3o da licita\u00e7\u00e3o est\u00e1 prevista para 27 de mar\u00e7o do ano que vem. Leia\u00a0<a href=\"https:\/\/mcusercontent.com\/d460dd1bcf9ba0ae040e1fc0f\/files\/1c7c6917-b19f-7a6a-c828-e9d135722b45\/_govmt_sinfra_apresentacao_concessoes_rodoviarias_estaduais_2024_compressed.pdf\" target=\"_blank\" rel=\"noreferrer noopener\">aqui<\/a>\u00a0a apresenta\u00e7\u00e3o com o detalhamento dos lotes.<\/p>\n\n\n\n<p>No dia 11 de dezembro, \u00e0s 9h, o governador do estado, Mauro Mendes, vai estar em evento na B3 para apresentar ao mercado os aspectos mais t\u00e9cnicos do edital. \u00c0&nbsp;<strong>Ag\u00eancia iNFRA<\/strong>, o secret\u00e1rio-adjunto de Log\u00edstica e Concess\u00f5es da Sinfra (Secretaria de Estado de Infraestrutura Log\u00edstica) de Mato Grosso, Caio Albuquerque, afirmou que h\u00e1 interessados de perfis variados nos lotes.<\/p>\n\n\n\n<p>\u201cA gente j\u00e1 conversou com mais de uma d\u00fazia de empresas interessadas, de perfis variados, tem fundos de investimento, construtoras. V\u00e1rios perfis que demonstraram interesse, inclusive nossas concession\u00e1rias atuais tamb\u00e9m conversaram com a gente, nos procuraram. Empresas construtoras aqui de Mato Grosso tamb\u00e9m\u201d, disse.<\/p>\n\n\n\n<p>O edital prev\u00ea compartilhamento de riscos em rela\u00e7\u00e3o a eventos clim\u00e1ticos extraordin\u00e1rios, ped\u00e1gio no modelo free flow e totens de autoatendimento, e sistema de pesagem din\u00e2mica sem necessidade de parada na rodovia, o&nbsp;<a href=\"https:\/\/agenciainfra.com\/blog\/homologacao-do-hs-wim-deve-sair-antes-de-agosto-diz-antt\/\" target=\"_blank\" rel=\"noreferrer noopener\">HS-WIM<\/a>. Segundo o governo, 17 das 100 cidades mais relevantes para o agroneg\u00f3cio est\u00e3o contempladas nos lotes.&nbsp;Caio Albuquerque destacou que os lotes contemplam regi\u00f5es produtoras, que ir\u00e3o auxiliar no escoamento da produ\u00e7\u00e3o do estado.<\/p>\n\n\n\n<p>\u201cAs concession\u00e1rias v\u00e3o entrar j\u00e1 com uma obriga\u00e7\u00e3o de gerar um plano espec\u00edfico para lidar com as mudan\u00e7as clim\u00e1ticas, com os per\u00edodos de chuva, e avaliar todos os anos, isso est\u00e1 previsto nos cursos tamb\u00e9m da concess\u00e3o, a precipita\u00e7\u00e3o das chuvas para que a gente tenha todo um hist\u00f3rico de prepara\u00e7\u00e3o para agora e para o futuro tamb\u00e9m\u201d, disse o secret\u00e1rio.<\/p>\n\n\n\n<p><strong>Tarifas<\/strong><br>A competi\u00e7\u00e3o no leil\u00e3o dos seis lotes se dar\u00e1 pelo desconto das tarifas, que, segundo o edital, variam entre R$ 10,74 e R$ 13,37.&nbsp;Durante a apresenta\u00e7\u00e3o, Albuquerque afirmou que a tarifa dos lotes do Mato Grosso \u00e9 menor em compara\u00e7\u00e3o \u00e0 tarifa inicial de outras regi\u00f5es produtoras, como a BR-381, em Minas Gerais, e em rodovias com perfil semelhante no Paran\u00e1.<\/p>\n\n\n\n<p>\u201cTodas elas t\u00eam valores j\u00e1 licitados mais altos de tarifas do que os nossos, de largada. Ent\u00e3o, essas tarifas m\u00e1ximas ainda v\u00e3o ser objetos de competi\u00e7\u00e3o e a tend\u00eancia \u00e9 que baixem mais ainda esses valores. Tomamos todo esse cuidado de manter as inova\u00e7\u00f5es e, ao mesmo tempo, manter um custo adequado at\u00e9 para o setor produtivo de Mato Grosso\u201d, disse Albuquerque.<\/p>\n","protected":false},"excerpt":{"rendered":"<p>Sheyla Santos, da Ag\u00eancia iNFRA O governo do Mato Grosso lan\u00e7ou, na \u00faltima sexta-feira (29), o edital de concess\u00e3o de seis lotes de rodovias estaduais. Ao todo, ser\u00e3o 2.104 quil\u00f4metros de estradas, com investimento previsto de R$ 8 bilh\u00f5es durante 30 anos de concess\u00e3o. O leil\u00e3o est\u00e1 previsto para ocorrer em 7 de fevereiro de [&hellip;]<\/p>\n","protected":false},"author":1,"featured_media":10801,"comment_status":"closed","ping_status":"closed","sticky":false,"template":"","format":"standard","meta":{"_monsterinsights_skip_tracking":false,"_monsterinsights_sitenote_active":false,"_monsterinsights_sitenote_note":"","_monsterinsights_sitenote_category":0,"footnotes":""},"categories":[7250,1,7],"tags":[22,853,5893,254,4829,2195,11860,11859,8838],"class_list":["post-19408","post","type-post","status-publish","format-standard","has-post-thumbnail","hentry","category-destaque-lista","category-geral","category-infratransporte","tag-concessao","tag-concessao-de-rodovias","tag-governo-do-mato-grosso","tag-leilao","tag-leilao-de-rodovias","tag-mauro-mendes","tag-rodovias-do-mato-grosso","tag-rodovias-do-mt","tag-sheyla-santos"],"yoast_head":"<!-- This site is optimized with the Yoast SEO Premium plugin v25.4 (Yoast SEO v26.0) - https:\/\/yoast.com\/wordpress\/plugins\/seo\/ -->\n<title>Governo do Mato Grosso lan\u00e7a edital de concess\u00e3o de seis lotes de rodovias estaduais - Ag\u00eancia iNFRA<\/title>\n<meta name=\"robots\" content=\"index, follow, max-snippet:-1, max-image-preview:large, max-video-preview:-1\" \/>\n<link rel=\"canonical\" href=\"https:\/\/agenciainfra.com\/blog\/governo-do-mato-grosso-lanca-edital-de-concessao-de-seis-lotes-de-rodovias-estaduais\/\" \/>\n<meta property=\"og:locale\" content=\"pt_BR\" \/>\n<meta property=\"og:type\" content=\"article\" \/>\n<meta property=\"og:title\" content=\"Governo do Mato Grosso lan\u00e7a edital de concess\u00e3o de seis lotes de rodovias estaduais\" \/>\n<meta property=\"og:description\" content=\"Sheyla Santos, da Ag\u00eancia iNFRA O governo do Mato Grosso lan\u00e7ou, na \u00faltima sexta-feira (29), o edital de concess\u00e3o de seis lotes de rodovias estaduais. Ao todo, ser\u00e3o 2.104 quil\u00f4metros de estradas, com investimento previsto de R$ 8 bilh\u00f5es durante 30 anos de concess\u00e3o. O leil\u00e3o est\u00e1 previsto para ocorrer em 7 de fevereiro de [&hellip;]\" \/>\n<meta property=\"og:url\" content=\"https:\/\/agenciainfra.com\/blog\/governo-do-mato-grosso-lanca-edital-de-concessao-de-seis-lotes-de-rodovias-estaduais\/\" \/>\n<meta property=\"og:site_name\" content=\"Ag\u00eancia iNFRA\" \/>\n<meta property=\"article:publisher\" content=\"https:\/\/www.facebook.com\/ageninfra\" \/>\n<meta property=\"article:published_time\" content=\"2024-12-02T13:00:00+00:00\" \/>\n<meta property=\"og:image\" content=\"https:\/\/agenciainfra.com\/blog\/wp-content\/uploads\/2022\/07\/rodovia-beth-santos-secretaria-geral-da-pr.png\" \/>\n\t<meta property=\"og:image:width\" content=\"1280\" \/>\n\t<meta property=\"og:image:height\" content=\"856\" \/>\n\t<meta property=\"og:image:type\" content=\"image\/png\" \/>\n<meta name=\"author\" content=\"Ag\u00eancia iNFRA\" \/>\n<meta name=\"twitter:card\" content=\"summary_large_image\" \/>\n<meta name=\"twitter:creator\" content=\"@agencia_infra\" \/>\n<meta name=\"twitter:site\" content=\"@agencia_infra\" \/>\n<meta name=\"twitter:label1\" content=\"Escrito por\" \/>\n\t<meta name=\"twitter:data1\" content=\"Ag\u00eancia iNFRA\" \/>\n\t<meta name=\"twitter:label2\" content=\"Est. tempo de leitura\" \/>\n\t<meta name=\"twitter:data2\" content=\"2 minutos\" \/>\n<script type=\"application\/ld+json\" class=\"yoast-schema-graph\">{\"@context\":\"https:\/\/schema.org\",\"@graph\":[{\"@type\":\"Article\",\"@id\":\"https:\/\/agenciainfra.com\/blog\/governo-do-mato-grosso-lanca-edital-de-concessao-de-seis-lotes-de-rodovias-estaduais\/#article\",\"isPartOf\":{\"@id\":\"https:\/\/agenciainfra.com\/blog\/governo-do-mato-grosso-lanca-edital-de-concessao-de-seis-lotes-de-rodovias-estaduais\/\"},\"author\":{\"name\":\"Ag\u00eancia iNFRA\",\"@id\":\"https:\/\/agenciainfra.com\/blog\/#\/schema\/person\/34af08dff6adea4cb22b06612ba7acfa\"},\"headline\":\"Governo do Mato Grosso lan\u00e7a edital de concess\u00e3o de seis lotes de rodovias estaduais\",\"datePublished\":\"2024-12-02T13:00:00+00:00\",\"mainEntityOfPage\":{\"@id\":\"https:\/\/agenciainfra.com\/blog\/governo-do-mato-grosso-lanca-edital-de-concessao-de-seis-lotes-de-rodovias-estaduais\/\"},\"wordCount\":503,\"publisher\":{\"@id\":\"https:\/\/agenciainfra.com\/blog\/#organization\"},\"image\":{\"@id\":\"https:\/\/agenciainfra.com\/blog\/governo-do-mato-grosso-lanca-edital-de-concessao-de-seis-lotes-de-rodovias-estaduais\/#primaryimage\"},\"thumbnailUrl\":\"https:\/\/agenciainfra.com\/blog\/wp-content\/uploads\/2022\/07\/rodovia-beth-santos-secretaria-geral-da-pr-e1747938820212.png\",\"keywords\":[\"Concess\u00e3o\",\"concess\u00e3o de rodovias\",\"Governo do Mato Grosso\",\"leil\u00e3o\",\"leil\u00e3o de rodovias\",\"Mauro Mendes\",\"Rodovias do mato grosso\",\"rodovias do MT\",\"Sheyla Santos\"],\"articleSection\":[\"Destaque lista\",\"Geral\",\"iNFRATransporte\"],\"inLanguage\":\"pt-BR\",\"copyrightYear\":\"2024\",\"copyrightHolder\":{\"@id\":\"https:\/\/agenciainfra.com\/blog\/#organization\"}},{\"@type\":\"WebPage\",\"@id\":\"https:\/\/agenciainfra.com\/blog\/governo-do-mato-grosso-lanca-edital-de-concessao-de-seis-lotes-de-rodovias-estaduais\/\",\"url\":\"https:\/\/agenciainfra.com\/blog\/governo-do-mato-grosso-lanca-edital-de-concessao-de-seis-lotes-de-rodovias-estaduais\/\",\"name\":\"Governo do Mato Grosso lan\u00e7a edital de concess\u00e3o de seis lotes de rodovias estaduais - Ag\u00eancia iNFRA\",\"isPartOf\":{\"@id\":\"https:\/\/agenciainfra.com\/blog\/#website\"},\"primaryImageOfPage\":{\"@id\":\"https:\/\/agenciainfra.com\/blog\/governo-do-mato-grosso-lanca-edital-de-concessao-de-seis-lotes-de-rodovias-estaduais\/#primaryimage\"},\"image\":{\"@id\":\"https:\/\/agenciainfra.com\/blog\/governo-do-mato-grosso-lanca-edital-de-concessao-de-seis-lotes-de-rodovias-estaduais\/#primaryimage\"},\"thumbnailUrl\":\"https:\/\/agenciainfra.com\/blog\/wp-content\/uploads\/2022\/07\/rodovia-beth-santos-secretaria-geral-da-pr-e1747938820212.png\",\"datePublished\":\"2024-12-02T13:00:00+00:00\",\"breadcrumb\":{\"@id\":\"https:\/\/agenciainfra.com\/blog\/governo-do-mato-grosso-lanca-edital-de-concessao-de-seis-lotes-de-rodovias-estaduais\/#breadcrumb\"},\"inLanguage\":\"pt-BR\",\"potentialAction\":[{\"@type\":\"ReadAction\",\"target\":[\"https:\/\/agenciainfra.com\/blog\/governo-do-mato-grosso-lanca-edital-de-concessao-de-seis-lotes-de-rodovias-estaduais\/\"]}]},{\"@type\":\"ImageObject\",\"inLanguage\":\"pt-BR\",\"@id\":\"https:\/\/agenciainfra.com\/blog\/governo-do-mato-grosso-lanca-edital-de-concessao-de-seis-lotes-de-rodovias-estaduais\/#primaryimage\",\"url\":\"https:\/\/agenciainfra.com\/blog\/wp-content\/uploads\/2022\/07\/rodovia-beth-santos-secretaria-geral-da-pr-e1747938820212.png\",\"contentUrl\":\"https:\/\/agenciainfra.com\/blog\/wp-content\/uploads\/2022\/07\/rodovia-beth-santos-secretaria-geral-da-pr-e1747938820212.png\",\"width\":1280,\"height\":740},{\"@type\":\"BreadcrumbList\",\"@id\":\"https:\/\/agenciainfra.com\/blog\/governo-do-mato-grosso-lanca-edital-de-concessao-de-seis-lotes-de-rodovias-estaduais\/#breadcrumb\",\"itemListElement\":[{\"@type\":\"ListItem\",\"position\":1,\"name\":\"In\u00edcio\",\"item\":\"https:\/\/agenciainfra.com\/blog\/\"},{\"@type\":\"ListItem\",\"position\":2,\"name\":\"Governo do Mato Grosso lan\u00e7a edital de concess\u00e3o de seis lotes de rodovias estaduais\"}]},{\"@type\":\"WebSite\",\"@id\":\"https:\/\/agenciainfra.com\/blog\/#website\",\"url\":\"https:\/\/agenciainfra.com\/blog\/\",\"name\":\"Ag\u00eancia iNFRA\",\"description\":\"Multiplataforma de informa\u00e7\u00e3o jornal\u00edstica refer\u00eancia na \u00e1rea de infraestrutura no Brasil!\",\"publisher\":{\"@id\":\"https:\/\/agenciainfra.com\/blog\/#organization\"},\"potentialAction\":[{\"@type\":\"SearchAction\",\"target\":{\"@type\":\"EntryPoint\",\"urlTemplate\":\"https:\/\/agenciainfra.com\/blog\/?s={search_term_string}\"},\"query-input\":{\"@type\":\"PropertyValueSpecification\",\"valueRequired\":true,\"valueName\":\"search_term_string\"}}],\"inLanguage\":\"pt-BR\"},{\"@type\":\"Organization\",\"@id\":\"https:\/\/agenciainfra.com\/blog\/#organization\",\"name\":\"Ag\u00eancia iNFRA\",\"url\":\"https:\/\/agenciainfra.com\/blog\/\",\"logo\":{\"@type\":\"ImageObject\",\"inLanguage\":\"pt-BR\",\"@id\":\"https:\/\/agenciainfra.com\/blog\/#\/schema\/logo\/image\/\",\"url\":\"https:\/\/agenciainfra.com\/blog\/wp-content\/uploads\/2023\/09\/iNFRA_5-e1761735885940.png\",\"contentUrl\":\"https:\/\/agenciainfra.com\/blog\/wp-content\/uploads\/2023\/09\/iNFRA_5-e1761735885940.png\",\"width\":1672,\"height\":454,\"caption\":\"Ag\u00eancia iNFRA\"},\"image\":{\"@id\":\"https:\/\/agenciainfra.com\/blog\/#\/schema\/logo\/image\/\"},\"sameAs\":[\"https:\/\/www.facebook.com\/ageninfra\",\"https:\/\/x.com\/agencia_infra\",\"https:\/\/www.linkedin.com\/company\/ag\u00eanciainfra\/\",\"https:\/\/www.instagram.com\/agenciainfra\/\"]},{\"@type\":\"Person\",\"@id\":\"https:\/\/agenciainfra.com\/blog\/#\/schema\/person\/34af08dff6adea4cb22b06612ba7acfa\",\"name\":\"Ag\u00eancia iNFRA\",\"image\":{\"@type\":\"ImageObject\",\"inLanguage\":\"pt-BR\",\"@id\":\"https:\/\/agenciainfra.com\/blog\/#\/schema\/person\/image\/\",\"url\":\"https:\/\/secure.gravatar.com\/avatar\/d189e01678f06d8eb84d4e01f08eb848b3fffe3f8443818d3c356c66892f5be8?s=96&d=mm&r=g\",\"contentUrl\":\"https:\/\/secure.gravatar.com\/avatar\/d189e01678f06d8eb84d4e01f08eb848b3fffe3f8443818d3c356c66892f5be8?s=96&d=mm&r=g\",\"caption\":\"Ag\u00eancia iNFRA\"},\"url\":\"https:\/\/agenciainfra.com\/blog\/author\/admin\/\"}]}<\/script>\n<!-- \/ Yoast SEO Premium plugin. -->","yoast_head_json":{"title":"Governo do Mato Grosso lan\u00e7a edital de concess\u00e3o de seis lotes de rodovias estaduais - Ag\u00eancia iNFRA","robots":{"index":"index","follow":"follow","max-snippet":"max-snippet:-1","max-image-preview":"max-image-preview:large","max-video-preview":"max-video-preview:-1"},"canonical":"https:\/\/agenciainfra.com\/blog\/governo-do-mato-grosso-lanca-edital-de-concessao-de-seis-lotes-de-rodovias-estaduais\/","og_locale":"pt_BR","og_type":"article","og_title":"Governo do Mato Grosso lan\u00e7a edital de concess\u00e3o de seis lotes de rodovias estaduais","og_description":"Sheyla Santos, da Ag\u00eancia iNFRA O governo do Mato Grosso lan\u00e7ou, na \u00faltima sexta-feira (29), o edital de concess\u00e3o de seis lotes de rodovias estaduais. Ao todo, ser\u00e3o 2.104 quil\u00f4metros de estradas, com investimento previsto de R$ 8 bilh\u00f5es durante 30 anos de concess\u00e3o. O leil\u00e3o est\u00e1 previsto para ocorrer em 7 de fevereiro de [&hellip;]","og_url":"https:\/\/agenciainfra.com\/blog\/governo-do-mato-grosso-lanca-edital-de-concessao-de-seis-lotes-de-rodovias-estaduais\/","og_site_name":"Ag\u00eancia iNFRA","article_publisher":"https:\/\/www.facebook.com\/ageninfra","article_published_time":"2024-12-02T13:00:00+00:00","og_image":[{"width":1280,"height":856,"url":"https:\/\/agenciainfra.com\/blog\/wp-content\/uploads\/2022\/07\/rodovia-beth-santos-secretaria-geral-da-pr.png","type":"image\/png"}],"author":"Ag\u00eancia iNFRA","twitter_card":"summary_large_image","twitter_creator":"@agencia_infra","twitter_site":"@agencia_infra","twitter_misc":{"Escrito por":"Ag\u00eancia iNFRA","Est. tempo de leitura":"2 minutos"},"schema":{"@context":"https:\/\/schema.org","@graph":[{"@type":"Article","@id":"https:\/\/agenciainfra.com\/blog\/governo-do-mato-grosso-lanca-edital-de-concessao-de-seis-lotes-de-rodovias-estaduais\/#article","isPartOf":{"@id":"https:\/\/agenciainfra.com\/blog\/governo-do-mato-grosso-lanca-edital-de-concessao-de-seis-lotes-de-rodovias-estaduais\/"},"author":{"name":"Ag\u00eancia iNFRA","@id":"https:\/\/agenciainfra.com\/blog\/#\/schema\/person\/34af08dff6adea4cb22b06612ba7acfa"},"headline":"Governo do Mato Grosso lan\u00e7a edital de concess\u00e3o de seis lotes de rodovias estaduais","datePublished":"2024-12-02T13:00:00+00:00","mainEntityOfPage":{"@id":"https:\/\/agenciainfra.com\/blog\/governo-do-mato-grosso-lanca-edital-de-concessao-de-seis-lotes-de-rodovias-estaduais\/"},"wordCount":503,"publisher":{"@id":"https:\/\/agenciainfra.com\/blog\/#organization"},"image":{"@id":"https:\/\/agenciainfra.com\/blog\/governo-do-mato-grosso-lanca-edital-de-concessao-de-seis-lotes-de-rodovias-estaduais\/#primaryimage"},"thumbnailUrl":"https:\/\/agenciainfra.com\/blog\/wp-content\/uploads\/2022\/07\/rodovia-beth-santos-secretaria-geral-da-pr-e1747938820212.png","keywords":["Concess\u00e3o","concess\u00e3o de rodovias","Governo do Mato Grosso","leil\u00e3o","leil\u00e3o de rodovias","Mauro Mendes","Rodovias do mato grosso","rodovias do MT","Sheyla Santos"],"articleSection":["Destaque lista","Geral","iNFRATransporte"],"inLanguage":"pt-BR","copyrightYear":"2024","copyrightHolder":{"@id":"https:\/\/agenciainfra.com\/blog\/#organization"}},{"@type":"WebPage","@id":"https:\/\/agenciainfra.com\/blog\/governo-do-mato-grosso-lanca-edital-de-concessao-de-seis-lotes-de-rodovias-estaduais\/","url":"https:\/\/agenciainfra.com\/blog\/governo-do-mato-grosso-lanca-edital-de-concessao-de-seis-lotes-de-rodovias-estaduais\/","name":"Governo do Mato Grosso lan\u00e7a edital de concess\u00e3o de seis lotes de rodovias estaduais - Ag\u00eancia iNFRA","isPartOf":{"@id":"https:\/\/agenciainfra.com\/blog\/#website"},"primaryImageOfPage":{"@id":"https:\/\/agenciainfra.com\/blog\/governo-do-mato-grosso-lanca-edital-de-concessao-de-seis-lotes-de-rodovias-estaduais\/#primaryimage"},"image":{"@id":"https:\/\/agenciainfra.com\/blog\/governo-do-mato-grosso-lanca-edital-de-concessao-de-seis-lotes-de-rodovias-estaduais\/#primaryimage"},"thumbnailUrl":"https:\/\/agenciainfra.com\/blog\/wp-content\/uploads\/2022\/07\/rodovia-beth-santos-secretaria-geral-da-pr-e1747938820212.png","datePublished":"2024-12-02T13:00:00+00:00","breadcrumb":{"@id":"https:\/\/agenciainfra.com\/blog\/governo-do-mato-grosso-lanca-edital-de-concessao-de-seis-lotes-de-rodovias-estaduais\/#breadcrumb"},"inLanguage":"pt-BR","potentialAction":[{"@type":"ReadAction","target":["https:\/\/agenciainfra.com\/blog\/governo-do-mato-grosso-lanca-edital-de-concessao-de-seis-lotes-de-rodovias-estaduais\/"]}]},{"@type":"ImageObject","inLanguage":"pt-BR","@id":"https:\/\/agenciainfra.com\/blog\/governo-do-mato-grosso-lanca-edital-de-concessao-de-seis-lotes-de-rodovias-estaduais\/#primaryimage","url":"https:\/\/agenciainfra.com\/blog\/wp-content\/uploads\/2022\/07\/rodovia-beth-santos-secretaria-geral-da-pr-e1747938820212.png","contentUrl":"https:\/\/agenciainfra.com\/blog\/wp-content\/uploads\/2022\/07\/rodovia-beth-santos-secretaria-geral-da-pr-e1747938820212.png","width":1280,"height":740},{"@type":"BreadcrumbList","@id":"https:\/\/agenciainfra.com\/blog\/governo-do-mato-grosso-lanca-edital-de-concessao-de-seis-lotes-de-rodovias-estaduais\/#breadcrumb","itemListElement":[{"@type":"ListItem","position":1,"name":"In\u00edcio","item":"https:\/\/agenciainfra.com\/blog\/"},{"@type":"ListItem","position":2,"name":"Governo do Mato Grosso lan\u00e7a edital de concess\u00e3o de seis lotes de rodovias estaduais"}]},{"@type":"WebSite","@id":"https:\/\/agenciainfra.com\/blog\/#website","url":"https:\/\/agenciainfra.com\/blog\/","name":"Ag\u00eancia iNFRA","description":"Multiplataforma de informa\u00e7\u00e3o jornal\u00edstica refer\u00eancia na \u00e1rea de infraestrutura no Brasil!","publisher":{"@id":"https:\/\/agenciainfra.com\/blog\/#organization"},"potentialAction":[{"@type":"SearchAction","target":{"@type":"EntryPoint","urlTemplate":"https:\/\/agenciainfra.com\/blog\/?s={search_term_string}"},"query-input":{"@type":"PropertyValueSpecification","valueRequired":true,"valueName":"search_term_string"}}],"inLanguage":"pt-BR"},{"@type":"Organization","@id":"https:\/\/agenciainfra.com\/blog\/#organization","name":"Ag\u00eancia iNFRA","url":"https:\/\/agenciainfra.com\/blog\/","logo":{"@type":"ImageObject","inLanguage":"pt-BR","@id":"https:\/\/agenciainfra.com\/blog\/#\/schema\/logo\/image\/","url":"https:\/\/agenciainfra.com\/blog\/wp-content\/uploads\/2023\/09\/iNFRA_5-e1761735885940.png","contentUrl":"https:\/\/agenciainfra.com\/blog\/wp-content\/uploads\/2023\/09\/iNFRA_5-e1761735885940.png","width":1672,"height":454,"caption":"Ag\u00eancia iNFRA"},"image":{"@id":"https:\/\/agenciainfra.com\/blog\/#\/schema\/logo\/image\/"},"sameAs":["https:\/\/www.facebook.com\/ageninfra","https:\/\/x.com\/agencia_infra","https:\/\/www.linkedin.com\/company\/ag\u00eanciainfra\/","https:\/\/www.instagram.com\/agenciainfra\/"]},{"@type":"Person","@id":"https:\/\/agenciainfra.com\/blog\/#\/schema\/person\/34af08dff6adea4cb22b06612ba7acfa","name":"Ag\u00eancia iNFRA","image":{"@type":"ImageObject","inLanguage":"pt-BR","@id":"https:\/\/agenciainfra.com\/blog\/#\/schema\/person\/image\/","url":"https:\/\/secure.gravatar.com\/avatar\/d189e01678f06d8eb84d4e01f08eb848b3fffe3f8443818d3c356c66892f5be8?s=96&d=mm&r=g","contentUrl":"https:\/\/secure.gravatar.com\/avatar\/d189e01678f06d8eb84d4e01f08eb848b3fffe3f8443818d3c356c66892f5be8?s=96&d=mm&r=g","caption":"Ag\u00eancia iNFRA"},"url":"https:\/\/agenciainfra.com\/blog\/author\/admin\/"}]}},"_links":{"self":[{"href":"https:\/\/agenciainfra.com\/blog\/wp-json\/wp\/v2\/posts\/19408","targetHints":{"allow":["GET"]}}],"collection":[{"href":"https:\/\/agenciainfra.com\/blog\/wp-json\/wp\/v2\/posts"}],"about":[{"href":"https:\/\/agenciainfra.com\/blog\/wp-json\/wp\/v2\/types\/post"}],"author":[{"embeddable":true,"href":"https:\/\/agenciainfra.com\/blog\/wp-json\/wp\/v2\/users\/1"}],"replies":[{"embeddable":true,"href":"https:\/\/agenciainfra.com\/blog\/wp-json\/wp\/v2\/comments?post=19408"}],"version-history":[{"count":1,"href":"https:\/\/agenciainfra.com\/blog\/wp-json\/wp\/v2\/posts\/19408\/revisions"}],"predecessor-version":[{"id":19409,"href":"https:\/\/agenciainfra.com\/blog\/wp-json\/wp\/v2\/posts\/19408\/revisions\/19409"}],"wp:featuredmedia":[{"embeddable":true,"href":"https:\/\/agenciainfra.com\/blog\/wp-json\/wp\/v2\/media\/10801"}],"wp:attachment":[{"href":"https:\/\/agenciainfra.com\/blog\/wp-json\/wp\/v2\/media?parent=19408"}],"wp:term":[{"taxonomy":"category","embeddable":true,"href":"https:\/\/agenciainfra.com\/blog\/wp-json\/wp\/v2\/categories?post=19408"},{"taxonomy":"post_tag","embeddable":true,"href":"https:\/\/agenciainfra.com\/blog\/wp-json\/wp\/v2\/tags?post=19408"}],"curies":[{"name":"wp","href":"https:\/\/api.w.org\/{rel}","templated":true}]}}