{"id":19421,"date":"2024-12-04T12:00:00","date_gmt":"2024-12-04T15:00:00","guid":{"rendered":"https:\/\/agenciainfra.com\/blog\/?p=19421"},"modified":"2024-12-06T05:51:39","modified_gmt":"2024-12-06T08:51:39","slug":"agu-poe-de-lado-proposta-de-superagencia-e-busca-projeto-para-amadurecer-regulacao-no-pais","status":"publish","type":"post","link":"https:\/\/agenciainfra.com\/blog\/agu-poe-de-lado-proposta-de-superagencia-e-busca-projeto-para-amadurecer-regulacao-no-pais\/","title":{"rendered":"AGU p\u00f5e de lado proposta de &#8220;superag\u00eancia&#8221; e busca projeto para amadurecer regula\u00e7\u00e3o no pa\u00eds"},"content":{"rendered":"\n<p class=\"has-text-align-right\"><strong>Dimmi Amora, da Ag\u00eancia iNFRA<\/strong><\/p>\n\n\n\n<p>No calor da crise criada durante o processo eleitoral deste ano em rela\u00e7\u00e3o aos problemas de atendimento do sistema de distribui\u00e7\u00e3o de energia na cidade de S\u00e3o Paulo, circulou pelo governo uma ideia de maior interven\u00e7\u00e3o sobre as ag\u00eancias reguladoras, com modelos nos quais os minist\u00e9rios ou uma nova &#8220;superag\u00eancia&#8221; passavam a ter maior poder sobre essas autarquias.<\/p>\n\n\n\n<p>A AGU (Advocacia-Geral da Uni\u00e3o) foi convocada para dar corpo a essa proposta no governo. E o caminho que vem sendo tomado indica estar cada vez mais distante de um modelo intervencionista, segundo apurou a&nbsp;<strong>Ag\u00eancia iNFRA<\/strong>&nbsp;com fontes a par das tratativas e que pediram para n\u00e3o serem identificadas.<\/p>\n\n\n\n<p>Houve uma primeira rodada tensa de conversas com representantes das ag\u00eancias, dos minist\u00e9rios e de empresas, segundo v\u00e1rios interlocutores. Ideias consideradas atrasadas e que retomavam propostas antigas de retirada do poder das ag\u00eancias circulavam e causavam preocupa\u00e7\u00e3o em agentes do governo e do mercado.<\/p>\n\n\n\n<p>Mas&nbsp;a ideia de supervis\u00e3o ministerial, com possibilidade de recursos hier\u00e1rquicos aos minist\u00e9rios em decis\u00f5es da ag\u00eancia, por exemplo, n\u00e3o tem qualquer apoio t\u00e9cnico para avan\u00e7ar, sendo vista como um &#8220;retrocesso&#8221; no modelo de ag\u00eancias do pa\u00eds.<\/p>\n\n\n\n<p>Isso n\u00e3o significa no entanto que nada ser\u00e1 feito, porque as conversas serviram para, al\u00e9m de &#8220;baixar a fervura&#8221; do momento de crise e evitar uma mudan\u00e7a legal &#8220;de afogadilho&#8221;, nas palavras de um interlocutor, ter um diagn\u00f3stico mais profundo sobre problemas reais na rela\u00e7\u00e3o entre minist\u00e9rios, ag\u00eancias, regulados e consumidores.&nbsp;<\/p>\n\n\n\n<p>A ideia \u00e9 apresentar uma nova proposta sobre quatro temas: rela\u00e7\u00e3o entre minist\u00e9rio e ag\u00eancias, rela\u00e7\u00e3o entre diferentes ag\u00eancias, atua\u00e7\u00e3o dos conselhos de usu\u00e1rios e um modelo de indica\u00e7\u00e3o e substitui\u00e7\u00e3o de diretores. Essa proposta passar\u00e1 por mais rodadas de conversas, antes de seguir para os tr\u00e2mites internos do governo, e n\u00e3o h\u00e1 um prazo para que isso&nbsp;ocorra.<\/p>\n\n\n\n<p><strong>Limites<\/strong><br>O diagn\u00f3stico sobre a rela\u00e7\u00e3o entre minist\u00e9rios e ag\u00eancias, segundo esses interlocutores, \u00e9 que a rela\u00e7\u00e3o pode melhorar se houver uma melhor defini\u00e7\u00e3o dos limites de cada um para cumprir seus pap\u00e9is, no caso dos minist\u00e9rios, a formula\u00e7\u00e3o de pol\u00edticas p\u00fablicas; e das ag\u00eancias, execu\u00e7\u00e3o dessas pol\u00edticas.<\/p>\n\n\n\n<p>Nas conversas, ficou claro que os representantes dos minist\u00e9rios n\u00e3o sabem bem at\u00e9 que ponto eles podem ir na defini\u00e7\u00e3o do que \u00e9 uma pol\u00edtica p\u00fablica para os setores regulados, sem interferir no papel da ag\u00eancia. E, por parte das ag\u00eancias, a indica\u00e7\u00e3o \u00e9 que essas defini\u00e7\u00f5es precisam de regra para que n\u00e3o fiquem na informalidade e sofram de idas e vindas.<\/p>\n\n\n\n<p>\u00c9 comum que as ag\u00eancias recebam dos minist\u00e9rios of\u00edcios conflitantes com determina\u00e7\u00f5es de pol\u00edticas p\u00fablicas anteriores e at\u00e9 hierarquicamente superiores, eles citam como exemplos. Al\u00e9m disso, h\u00e1 pedidos sem qualquer formalismo. &#8220;Tem que saber se vale diretriz de pol\u00edtica p\u00fablica enviada pelo WhatsApp do estagi\u00e1rio&#8221;, brincou um dos interlocutores.<\/p>\n\n\n\n<p>A ideia \u00e9 caminhar por uma tentativa de estabelecer regras mais claras sobre formaliza\u00e7\u00e3o e os limites de cada \u00e1rea. Outro diagn\u00f3stico \u00e9 que os dois lados n\u00e3o consideram que o modelo de &#8220;contrato de gest\u00e3o&#8221; esteja adequado para essa rela\u00e7\u00e3o. Seria preciso melhorar esse modelo ou criar um novo.<\/p>\n\n\n\n<p><strong>Supervis\u00e3o sem interfer\u00eancia<\/strong><br>H\u00e1 outro ponto que preocupa que \u00e9 a inter-rela\u00e7\u00e3o entre ag\u00eancias de diferentes setores. A ideia de uma organiza\u00e7\u00e3o superior \u00e0s ag\u00eancias causa espanto no mercado, mas nos pa\u00edses da OCDE (Organiza\u00e7\u00e3o para a Coopera\u00e7\u00e3o e Desenvolvimento Econ\u00f4mico) \u00e9 comum haver esse tipo de \u00f3rg\u00e3o.<\/p>\n\n\n\n<p>No entanto, esse tipo de \u00f3rg\u00e3o \u2013 l\u00e1 fora classificado como Regulatory Oversight Board \u2013 n\u00e3o \u00e9 para rever decis\u00f5es de m\u00e9rito das ag\u00eancias, mas sim criar uma maior harmonia entre as decis\u00f5es de diferentes ag\u00eancias que possam afetar um mesmo setor. E tamb\u00e9m auxiliar os reguladores em identificar melhores pr\u00e1ticas entre elas, que possam melhorar a regula\u00e7\u00e3o de todas.<\/p>\n\n\n\n<p>Nesse caso, \u00f3rg\u00e3os que j\u00e1 t\u00eam poderes para atuar nessa \u00e1rea tamb\u00e9m foram consultados e se mostraram dispostos a ampliar a sua atua\u00e7\u00e3o. S\u00e3o eles a CGU (Controladoria-Geral da Uni\u00e3o), atuando como \u00f3rg\u00e3o para criar mecanismos de diagn\u00f3stico e enforcement, e o MDIC (Minist\u00e9rio do Desenvolvimento, Ind\u00fastria e Com\u00e9rcio), com a\u00e7\u00f5es voltadas ao ambiente regulat\u00f3rio geral.<\/p>\n\n\n\n<p><strong>Rela\u00e7\u00e3o ag\u00eancias e consumidores<\/strong><br>Outro campo de melhoria identificado \u00e9 na rela\u00e7\u00e3o entre ag\u00eancias e usu\u00e1rios de servi\u00e7os p\u00fablicos, com a melhoria dos conselhos de consumidores. O diagn\u00f3stico \u00e9 que essas inst\u00e2ncias t\u00eam funcionamento insuficiente e, de forma gen\u00e9rica, as ag\u00eancias e os concession\u00e1rios n\u00e3o d\u00e3o a devida aten\u00e7\u00e3o ao tema.<\/p>\n\n\n\n<p>O quarto tema, as indica\u00e7\u00f5es de diretores, \u00e9 considerado o mais espinhoso. O diagn\u00f3stico \u00e9 que o modelo criado na Lei das Ag\u00eancias de 2020 n\u00e3o trouxe bons resultados porque mant\u00e9m um empoderamento do Senado sobre as indica\u00e7\u00f5es feitas pelo Executivo e n\u00e3o deu solu\u00e7\u00e3o adequada para as vagas tempor\u00e1rias.&nbsp;<\/p>\n\n\n\n<p>A ideia seria melhorar pelo menos o mecanismo de substitui\u00e7\u00e3o tempor\u00e1ria da lei porque as listas de substitui\u00e7\u00e3o, com trocas a cada seis meses e sem defini\u00e7\u00e3o clara sobre a vaga da diretoria que comanda a ag\u00eancia, foram consideradas inadequadas para uma boa gest\u00e3o das ag\u00eancias.<\/p>\n","protected":false},"excerpt":{"rendered":"<p>Dimmi Amora, da Ag\u00eancia iNFRA No calor da crise criada durante o processo eleitoral deste ano em rela\u00e7\u00e3o aos problemas de atendimento do sistema de distribui\u00e7\u00e3o de energia na cidade de S\u00e3o Paulo, circulou pelo governo uma ideia de maior interven\u00e7\u00e3o sobre as ag\u00eancias reguladoras, com modelos nos quais os minist\u00e9rios ou uma nova &#8220;superag\u00eancia&#8221; [&hellip;]<\/p>\n","protected":false},"author":1,"featured_media":16319,"comment_status":"closed","ping_status":"closed","sticky":false,"template":"","format":"standard","meta":{"_monsterinsights_skip_tracking":false,"_monsterinsights_sitenote_active":false,"_monsterinsights_sitenote_note":"","_monsterinsights_sitenote_category":0,"footnotes":""},"categories":[7248,1,7],"tags":[46,353,1176,1299,11626,3008,11870,11697],"class_list":["post-19421","post","type-post","status-publish","format-standard","has-post-thumbnail","hentry","category-cabecalho","category-geral","category-infratransporte","tag-agencias-reguladoras","tag-agu","tag-cgu","tag-dimmi-amora","tag-fiscalizacao-de-agencias","tag-servicos-publicos","tag-superagencia","tag-superagencia-reguladora"],"yoast_head":"<!-- This site is optimized with the Yoast SEO Premium plugin v25.4 (Yoast SEO v26.0) - https:\/\/yoast.com\/wordpress\/plugins\/seo\/ -->\n<title>AGU p\u00f5e de lado proposta de &quot;superag\u00eancia&quot; e busca projeto para amadurecer regula\u00e7\u00e3o no pa\u00eds - Ag\u00eancia iNFRA<\/title>\n<meta name=\"robots\" content=\"index, follow, max-snippet:-1, max-image-preview:large, max-video-preview:-1\" \/>\n<link rel=\"canonical\" href=\"https:\/\/agenciainfra.com\/blog\/agu-poe-de-lado-proposta-de-superagencia-e-busca-projeto-para-amadurecer-regulacao-no-pais\/\" \/>\n<meta property=\"og:locale\" content=\"pt_BR\" \/>\n<meta property=\"og:type\" content=\"article\" \/>\n<meta property=\"og:title\" content=\"AGU p\u00f5e de lado proposta de &quot;superag\u00eancia&quot; e busca projeto para amadurecer regula\u00e7\u00e3o no pa\u00eds\" \/>\n<meta property=\"og:description\" content=\"Dimmi Amora, da Ag\u00eancia iNFRA No calor da crise criada durante o processo eleitoral deste ano em rela\u00e7\u00e3o aos problemas de atendimento do sistema de distribui\u00e7\u00e3o de energia na cidade de S\u00e3o Paulo, circulou pelo governo uma ideia de maior interven\u00e7\u00e3o sobre as ag\u00eancias reguladoras, com modelos nos quais os minist\u00e9rios ou uma nova &#8220;superag\u00eancia&#8221; [&hellip;]\" \/>\n<meta property=\"og:url\" content=\"https:\/\/agenciainfra.com\/blog\/agu-poe-de-lado-proposta-de-superagencia-e-busca-projeto-para-amadurecer-regulacao-no-pais\/\" \/>\n<meta property=\"og:site_name\" content=\"Ag\u00eancia iNFRA\" \/>\n<meta property=\"article:publisher\" content=\"https:\/\/www.facebook.com\/ageninfra\" \/>\n<meta property=\"article:published_time\" content=\"2024-12-04T15:00:00+00:00\" \/>\n<meta property=\"article:modified_time\" content=\"2024-12-06T08:51:39+00:00\" \/>\n<meta property=\"og:image\" content=\"https:\/\/agenciainfra.com\/blog\/wp-content\/uploads\/2024\/04\/agu-foto-governo-federal.jpeg\" \/>\n\t<meta property=\"og:image:width\" content=\"1202\" \/>\n\t<meta property=\"og:image:height\" content=\"800\" \/>\n\t<meta property=\"og:image:type\" content=\"image\/jpeg\" \/>\n<meta name=\"author\" content=\"Ag\u00eancia iNFRA\" \/>\n<meta name=\"twitter:card\" content=\"summary_large_image\" \/>\n<meta name=\"twitter:creator\" content=\"@agencia_infra\" \/>\n<meta name=\"twitter:site\" content=\"@agencia_infra\" \/>\n<meta name=\"twitter:label1\" content=\"Escrito por\" \/>\n\t<meta name=\"twitter:data1\" content=\"Ag\u00eancia iNFRA\" \/>\n\t<meta name=\"twitter:label2\" content=\"Est. tempo de leitura\" \/>\n\t<meta name=\"twitter:data2\" content=\"5 minutos\" \/>\n<script type=\"application\/ld+json\" class=\"yoast-schema-graph\">{\"@context\":\"https:\/\/schema.org\",\"@graph\":[{\"@type\":\"Article\",\"@id\":\"https:\/\/agenciainfra.com\/blog\/agu-poe-de-lado-proposta-de-superagencia-e-busca-projeto-para-amadurecer-regulacao-no-pais\/#article\",\"isPartOf\":{\"@id\":\"https:\/\/agenciainfra.com\/blog\/agu-poe-de-lado-proposta-de-superagencia-e-busca-projeto-para-amadurecer-regulacao-no-pais\/\"},\"author\":{\"name\":\"Ag\u00eancia iNFRA\",\"@id\":\"https:\/\/agenciainfra.com\/blog\/#\/schema\/person\/34af08dff6adea4cb22b06612ba7acfa\"},\"headline\":\"AGU p\u00f5e de lado proposta de &#8220;superag\u00eancia&#8221; e busca projeto para amadurecer regula\u00e7\u00e3o no pa\u00eds\",\"datePublished\":\"2024-12-04T15:00:00+00:00\",\"dateModified\":\"2024-12-06T08:51:39+00:00\",\"mainEntityOfPage\":{\"@id\":\"https:\/\/agenciainfra.com\/blog\/agu-poe-de-lado-proposta-de-superagencia-e-busca-projeto-para-amadurecer-regulacao-no-pais\/\"},\"wordCount\":981,\"publisher\":{\"@id\":\"https:\/\/agenciainfra.com\/blog\/#organization\"},\"image\":{\"@id\":\"https:\/\/agenciainfra.com\/blog\/agu-poe-de-lado-proposta-de-superagencia-e-busca-projeto-para-amadurecer-regulacao-no-pais\/#primaryimage\"},\"thumbnailUrl\":\"https:\/\/agenciainfra.com\/blog\/wp-content\/uploads\/2024\/04\/agu-foto-governo-federal.jpeg\",\"keywords\":[\"Ag\u00eancias Reguladoras\",\"AGU\",\"CGU\",\"Dimmi Amora\",\"fiscaliza\u00e7\u00e3o de ag\u00eancias\",\"servi\u00e7os p\u00fablicos\",\"superag\u00eancia\",\"superag\u00eancia reguladora\"],\"articleSection\":[\"Cabe\u00e7alho\",\"Geral\",\"iNFRATransporte\"],\"inLanguage\":\"pt-BR\",\"copyrightYear\":\"2024\",\"copyrightHolder\":{\"@id\":\"https:\/\/agenciainfra.com\/blog\/#organization\"}},{\"@type\":\"WebPage\",\"@id\":\"https:\/\/agenciainfra.com\/blog\/agu-poe-de-lado-proposta-de-superagencia-e-busca-projeto-para-amadurecer-regulacao-no-pais\/\",\"url\":\"https:\/\/agenciainfra.com\/blog\/agu-poe-de-lado-proposta-de-superagencia-e-busca-projeto-para-amadurecer-regulacao-no-pais\/\",\"name\":\"AGU p\u00f5e de lado proposta de \\\"superag\u00eancia\\\" e busca projeto para amadurecer regula\u00e7\u00e3o no pa\u00eds - Ag\u00eancia iNFRA\",\"isPartOf\":{\"@id\":\"https:\/\/agenciainfra.com\/blog\/#website\"},\"primaryImageOfPage\":{\"@id\":\"https:\/\/agenciainfra.com\/blog\/agu-poe-de-lado-proposta-de-superagencia-e-busca-projeto-para-amadurecer-regulacao-no-pais\/#primaryimage\"},\"image\":{\"@id\":\"https:\/\/agenciainfra.com\/blog\/agu-poe-de-lado-proposta-de-superagencia-e-busca-projeto-para-amadurecer-regulacao-no-pais\/#primaryimage\"},\"thumbnailUrl\":\"https:\/\/agenciainfra.com\/blog\/wp-content\/uploads\/2024\/04\/agu-foto-governo-federal.jpeg\",\"datePublished\":\"2024-12-04T15:00:00+00:00\",\"dateModified\":\"2024-12-06T08:51:39+00:00\",\"breadcrumb\":{\"@id\":\"https:\/\/agenciainfra.com\/blog\/agu-poe-de-lado-proposta-de-superagencia-e-busca-projeto-para-amadurecer-regulacao-no-pais\/#breadcrumb\"},\"inLanguage\":\"pt-BR\",\"potentialAction\":[{\"@type\":\"ReadAction\",\"target\":[\"https:\/\/agenciainfra.com\/blog\/agu-poe-de-lado-proposta-de-superagencia-e-busca-projeto-para-amadurecer-regulacao-no-pais\/\"]}]},{\"@type\":\"ImageObject\",\"inLanguage\":\"pt-BR\",\"@id\":\"https:\/\/agenciainfra.com\/blog\/agu-poe-de-lado-proposta-de-superagencia-e-busca-projeto-para-amadurecer-regulacao-no-pais\/#primaryimage\",\"url\":\"https:\/\/agenciainfra.com\/blog\/wp-content\/uploads\/2024\/04\/agu-foto-governo-federal.jpeg\",\"contentUrl\":\"https:\/\/agenciainfra.com\/blog\/wp-content\/uploads\/2024\/04\/agu-foto-governo-federal.jpeg\",\"width\":1202,\"height\":800},{\"@type\":\"BreadcrumbList\",\"@id\":\"https:\/\/agenciainfra.com\/blog\/agu-poe-de-lado-proposta-de-superagencia-e-busca-projeto-para-amadurecer-regulacao-no-pais\/#breadcrumb\",\"itemListElement\":[{\"@type\":\"ListItem\",\"position\":1,\"name\":\"In\u00edcio\",\"item\":\"https:\/\/agenciainfra.com\/blog\/\"},{\"@type\":\"ListItem\",\"position\":2,\"name\":\"AGU p\u00f5e de lado proposta de &#8220;superag\u00eancia&#8221; e busca projeto para amadurecer regula\u00e7\u00e3o no pa\u00eds\"}]},{\"@type\":\"WebSite\",\"@id\":\"https:\/\/agenciainfra.com\/blog\/#website\",\"url\":\"https:\/\/agenciainfra.com\/blog\/\",\"name\":\"Ag\u00eancia iNFRA\",\"description\":\"Multiplataforma de informa\u00e7\u00e3o jornal\u00edstica refer\u00eancia na \u00e1rea de infraestrutura no Brasil!\",\"publisher\":{\"@id\":\"https:\/\/agenciainfra.com\/blog\/#organization\"},\"potentialAction\":[{\"@type\":\"SearchAction\",\"target\":{\"@type\":\"EntryPoint\",\"urlTemplate\":\"https:\/\/agenciainfra.com\/blog\/?s={search_term_string}\"},\"query-input\":{\"@type\":\"PropertyValueSpecification\",\"valueRequired\":true,\"valueName\":\"search_term_string\"}}],\"inLanguage\":\"pt-BR\"},{\"@type\":\"Organization\",\"@id\":\"https:\/\/agenciainfra.com\/blog\/#organization\",\"name\":\"Ag\u00eancia iNFRA\",\"url\":\"https:\/\/agenciainfra.com\/blog\/\",\"logo\":{\"@type\":\"ImageObject\",\"inLanguage\":\"pt-BR\",\"@id\":\"https:\/\/agenciainfra.com\/blog\/#\/schema\/logo\/image\/\",\"url\":\"https:\/\/agenciainfra.com\/blog\/wp-content\/uploads\/2023\/09\/iNFRA_5-e1761735885940.png\",\"contentUrl\":\"https:\/\/agenciainfra.com\/blog\/wp-content\/uploads\/2023\/09\/iNFRA_5-e1761735885940.png\",\"width\":1672,\"height\":454,\"caption\":\"Ag\u00eancia iNFRA\"},\"image\":{\"@id\":\"https:\/\/agenciainfra.com\/blog\/#\/schema\/logo\/image\/\"},\"sameAs\":[\"https:\/\/www.facebook.com\/ageninfra\",\"https:\/\/x.com\/agencia_infra\",\"https:\/\/www.linkedin.com\/company\/ag\u00eanciainfra\/\",\"https:\/\/www.instagram.com\/agenciainfra\/\"]},{\"@type\":\"Person\",\"@id\":\"https:\/\/agenciainfra.com\/blog\/#\/schema\/person\/34af08dff6adea4cb22b06612ba7acfa\",\"name\":\"Ag\u00eancia iNFRA\",\"image\":{\"@type\":\"ImageObject\",\"inLanguage\":\"pt-BR\",\"@id\":\"https:\/\/agenciainfra.com\/blog\/#\/schema\/person\/image\/\",\"url\":\"https:\/\/secure.gravatar.com\/avatar\/d189e01678f06d8eb84d4e01f08eb848b3fffe3f8443818d3c356c66892f5be8?s=96&d=mm&r=g\",\"contentUrl\":\"https:\/\/secure.gravatar.com\/avatar\/d189e01678f06d8eb84d4e01f08eb848b3fffe3f8443818d3c356c66892f5be8?s=96&d=mm&r=g\",\"caption\":\"Ag\u00eancia iNFRA\"},\"url\":\"https:\/\/agenciainfra.com\/blog\/author\/admin\/\"}]}<\/script>\n<!-- \/ Yoast SEO Premium plugin. -->","yoast_head_json":{"title":"AGU p\u00f5e de lado proposta de \"superag\u00eancia\" e busca projeto para amadurecer regula\u00e7\u00e3o no pa\u00eds - Ag\u00eancia iNFRA","robots":{"index":"index","follow":"follow","max-snippet":"max-snippet:-1","max-image-preview":"max-image-preview:large","max-video-preview":"max-video-preview:-1"},"canonical":"https:\/\/agenciainfra.com\/blog\/agu-poe-de-lado-proposta-de-superagencia-e-busca-projeto-para-amadurecer-regulacao-no-pais\/","og_locale":"pt_BR","og_type":"article","og_title":"AGU p\u00f5e de lado proposta de \"superag\u00eancia\" e busca projeto para amadurecer regula\u00e7\u00e3o no pa\u00eds","og_description":"Dimmi Amora, da Ag\u00eancia iNFRA No calor da crise criada durante o processo eleitoral deste ano em rela\u00e7\u00e3o aos problemas de atendimento do sistema de distribui\u00e7\u00e3o de energia na cidade de S\u00e3o Paulo, circulou pelo governo uma ideia de maior interven\u00e7\u00e3o sobre as ag\u00eancias reguladoras, com modelos nos quais os minist\u00e9rios ou uma nova &#8220;superag\u00eancia&#8221; [&hellip;]","og_url":"https:\/\/agenciainfra.com\/blog\/agu-poe-de-lado-proposta-de-superagencia-e-busca-projeto-para-amadurecer-regulacao-no-pais\/","og_site_name":"Ag\u00eancia iNFRA","article_publisher":"https:\/\/www.facebook.com\/ageninfra","article_published_time":"2024-12-04T15:00:00+00:00","article_modified_time":"2024-12-06T08:51:39+00:00","og_image":[{"width":1202,"height":800,"url":"https:\/\/agenciainfra.com\/blog\/wp-content\/uploads\/2024\/04\/agu-foto-governo-federal.jpeg","type":"image\/jpeg"}],"author":"Ag\u00eancia iNFRA","twitter_card":"summary_large_image","twitter_creator":"@agencia_infra","twitter_site":"@agencia_infra","twitter_misc":{"Escrito por":"Ag\u00eancia iNFRA","Est. tempo de leitura":"5 minutos"},"schema":{"@context":"https:\/\/schema.org","@graph":[{"@type":"Article","@id":"https:\/\/agenciainfra.com\/blog\/agu-poe-de-lado-proposta-de-superagencia-e-busca-projeto-para-amadurecer-regulacao-no-pais\/#article","isPartOf":{"@id":"https:\/\/agenciainfra.com\/blog\/agu-poe-de-lado-proposta-de-superagencia-e-busca-projeto-para-amadurecer-regulacao-no-pais\/"},"author":{"name":"Ag\u00eancia iNFRA","@id":"https:\/\/agenciainfra.com\/blog\/#\/schema\/person\/34af08dff6adea4cb22b06612ba7acfa"},"headline":"AGU p\u00f5e de lado proposta de &#8220;superag\u00eancia&#8221; e busca projeto para amadurecer regula\u00e7\u00e3o no pa\u00eds","datePublished":"2024-12-04T15:00:00+00:00","dateModified":"2024-12-06T08:51:39+00:00","mainEntityOfPage":{"@id":"https:\/\/agenciainfra.com\/blog\/agu-poe-de-lado-proposta-de-superagencia-e-busca-projeto-para-amadurecer-regulacao-no-pais\/"},"wordCount":981,"publisher":{"@id":"https:\/\/agenciainfra.com\/blog\/#organization"},"image":{"@id":"https:\/\/agenciainfra.com\/blog\/agu-poe-de-lado-proposta-de-superagencia-e-busca-projeto-para-amadurecer-regulacao-no-pais\/#primaryimage"},"thumbnailUrl":"https:\/\/agenciainfra.com\/blog\/wp-content\/uploads\/2024\/04\/agu-foto-governo-federal.jpeg","keywords":["Ag\u00eancias Reguladoras","AGU","CGU","Dimmi Amora","fiscaliza\u00e7\u00e3o de ag\u00eancias","servi\u00e7os p\u00fablicos","superag\u00eancia","superag\u00eancia reguladora"],"articleSection":["Cabe\u00e7alho","Geral","iNFRATransporte"],"inLanguage":"pt-BR","copyrightYear":"2024","copyrightHolder":{"@id":"https:\/\/agenciainfra.com\/blog\/#organization"}},{"@type":"WebPage","@id":"https:\/\/agenciainfra.com\/blog\/agu-poe-de-lado-proposta-de-superagencia-e-busca-projeto-para-amadurecer-regulacao-no-pais\/","url":"https:\/\/agenciainfra.com\/blog\/agu-poe-de-lado-proposta-de-superagencia-e-busca-projeto-para-amadurecer-regulacao-no-pais\/","name":"AGU p\u00f5e de lado proposta de \"superag\u00eancia\" e busca projeto para amadurecer regula\u00e7\u00e3o no pa\u00eds - Ag\u00eancia iNFRA","isPartOf":{"@id":"https:\/\/agenciainfra.com\/blog\/#website"},"primaryImageOfPage":{"@id":"https:\/\/agenciainfra.com\/blog\/agu-poe-de-lado-proposta-de-superagencia-e-busca-projeto-para-amadurecer-regulacao-no-pais\/#primaryimage"},"image":{"@id":"https:\/\/agenciainfra.com\/blog\/agu-poe-de-lado-proposta-de-superagencia-e-busca-projeto-para-amadurecer-regulacao-no-pais\/#primaryimage"},"thumbnailUrl":"https:\/\/agenciainfra.com\/blog\/wp-content\/uploads\/2024\/04\/agu-foto-governo-federal.jpeg","datePublished":"2024-12-04T15:00:00+00:00","dateModified":"2024-12-06T08:51:39+00:00","breadcrumb":{"@id":"https:\/\/agenciainfra.com\/blog\/agu-poe-de-lado-proposta-de-superagencia-e-busca-projeto-para-amadurecer-regulacao-no-pais\/#breadcrumb"},"inLanguage":"pt-BR","potentialAction":[{"@type":"ReadAction","target":["https:\/\/agenciainfra.com\/blog\/agu-poe-de-lado-proposta-de-superagencia-e-busca-projeto-para-amadurecer-regulacao-no-pais\/"]}]},{"@type":"ImageObject","inLanguage":"pt-BR","@id":"https:\/\/agenciainfra.com\/blog\/agu-poe-de-lado-proposta-de-superagencia-e-busca-projeto-para-amadurecer-regulacao-no-pais\/#primaryimage","url":"https:\/\/agenciainfra.com\/blog\/wp-content\/uploads\/2024\/04\/agu-foto-governo-federal.jpeg","contentUrl":"https:\/\/agenciainfra.com\/blog\/wp-content\/uploads\/2024\/04\/agu-foto-governo-federal.jpeg","width":1202,"height":800},{"@type":"BreadcrumbList","@id":"https:\/\/agenciainfra.com\/blog\/agu-poe-de-lado-proposta-de-superagencia-e-busca-projeto-para-amadurecer-regulacao-no-pais\/#breadcrumb","itemListElement":[{"@type":"ListItem","position":1,"name":"In\u00edcio","item":"https:\/\/agenciainfra.com\/blog\/"},{"@type":"ListItem","position":2,"name":"AGU p\u00f5e de lado proposta de &#8220;superag\u00eancia&#8221; e busca projeto para amadurecer regula\u00e7\u00e3o no pa\u00eds"}]},{"@type":"WebSite","@id":"https:\/\/agenciainfra.com\/blog\/#website","url":"https:\/\/agenciainfra.com\/blog\/","name":"Ag\u00eancia iNFRA","description":"Multiplataforma de informa\u00e7\u00e3o jornal\u00edstica refer\u00eancia na \u00e1rea de infraestrutura no Brasil!","publisher":{"@id":"https:\/\/agenciainfra.com\/blog\/#organization"},"potentialAction":[{"@type":"SearchAction","target":{"@type":"EntryPoint","urlTemplate":"https:\/\/agenciainfra.com\/blog\/?s={search_term_string}"},"query-input":{"@type":"PropertyValueSpecification","valueRequired":true,"valueName":"search_term_string"}}],"inLanguage":"pt-BR"},{"@type":"Organization","@id":"https:\/\/agenciainfra.com\/blog\/#organization","name":"Ag\u00eancia iNFRA","url":"https:\/\/agenciainfra.com\/blog\/","logo":{"@type":"ImageObject","inLanguage":"pt-BR","@id":"https:\/\/agenciainfra.com\/blog\/#\/schema\/logo\/image\/","url":"https:\/\/agenciainfra.com\/blog\/wp-content\/uploads\/2023\/09\/iNFRA_5-e1761735885940.png","contentUrl":"https:\/\/agenciainfra.com\/blog\/wp-content\/uploads\/2023\/09\/iNFRA_5-e1761735885940.png","width":1672,"height":454,"caption":"Ag\u00eancia iNFRA"},"image":{"@id":"https:\/\/agenciainfra.com\/blog\/#\/schema\/logo\/image\/"},"sameAs":["https:\/\/www.facebook.com\/ageninfra","https:\/\/x.com\/agencia_infra","https:\/\/www.linkedin.com\/company\/ag\u00eanciainfra\/","https:\/\/www.instagram.com\/agenciainfra\/"]},{"@type":"Person","@id":"https:\/\/agenciainfra.com\/blog\/#\/schema\/person\/34af08dff6adea4cb22b06612ba7acfa","name":"Ag\u00eancia iNFRA","image":{"@type":"ImageObject","inLanguage":"pt-BR","@id":"https:\/\/agenciainfra.com\/blog\/#\/schema\/person\/image\/","url":"https:\/\/secure.gravatar.com\/avatar\/d189e01678f06d8eb84d4e01f08eb848b3fffe3f8443818d3c356c66892f5be8?s=96&d=mm&r=g","contentUrl":"https:\/\/secure.gravatar.com\/avatar\/d189e01678f06d8eb84d4e01f08eb848b3fffe3f8443818d3c356c66892f5be8?s=96&d=mm&r=g","caption":"Ag\u00eancia iNFRA"},"url":"https:\/\/agenciainfra.com\/blog\/author\/admin\/"}]}},"_links":{"self":[{"href":"https:\/\/agenciainfra.com\/blog\/wp-json\/wp\/v2\/posts\/19421","targetHints":{"allow":["GET"]}}],"collection":[{"href":"https:\/\/agenciainfra.com\/blog\/wp-json\/wp\/v2\/posts"}],"about":[{"href":"https:\/\/agenciainfra.com\/blog\/wp-json\/wp\/v2\/types\/post"}],"author":[{"embeddable":true,"href":"https:\/\/agenciainfra.com\/blog\/wp-json\/wp\/v2\/users\/1"}],"replies":[{"embeddable":true,"href":"https:\/\/agenciainfra.com\/blog\/wp-json\/wp\/v2\/comments?post=19421"}],"version-history":[{"count":1,"href":"https:\/\/agenciainfra.com\/blog\/wp-json\/wp\/v2\/posts\/19421\/revisions"}],"predecessor-version":[{"id":19422,"href":"https:\/\/agenciainfra.com\/blog\/wp-json\/wp\/v2\/posts\/19421\/revisions\/19422"}],"wp:featuredmedia":[{"embeddable":true,"href":"https:\/\/agenciainfra.com\/blog\/wp-json\/wp\/v2\/media\/16319"}],"wp:attachment":[{"href":"https:\/\/agenciainfra.com\/blog\/wp-json\/wp\/v2\/media?parent=19421"}],"wp:term":[{"taxonomy":"category","embeddable":true,"href":"https:\/\/agenciainfra.com\/blog\/wp-json\/wp\/v2\/categories?post=19421"},{"taxonomy":"post_tag","embeddable":true,"href":"https:\/\/agenciainfra.com\/blog\/wp-json\/wp\/v2\/tags?post=19421"}],"curies":[{"name":"wp","href":"https:\/\/api.w.org\/{rel}","templated":true}]}}