{"id":19433,"date":"2024-12-04T09:00:00","date_gmt":"2024-12-04T12:00:00","guid":{"rendered":"https:\/\/agenciainfra.com\/blog\/?p=19433"},"modified":"2024-12-04T06:30:22","modified_gmt":"2024-12-04T09:30:22","slug":"eolicas-offshore-vista-coletiva-adia-votacao-do-marco-legal-em-comissao-no-senado","status":"publish","type":"post","link":"https:\/\/agenciainfra.com\/blog\/eolicas-offshore-vista-coletiva-adia-votacao-do-marco-legal-em-comissao-no-senado\/","title":{"rendered":"E\u00f3licas Offshore: vista coletiva adia vota\u00e7\u00e3o do marco legal em comiss\u00e3o no Senado"},"content":{"rendered":"\n<p class=\"has-text-align-right\"><strong>Marisa Wanzeller, da Ag\u00eancia iNFRA<\/strong><\/p>\n\n\n\n<p>O presidente da CI (Comiss\u00e3o de Servi\u00e7os em Infraestrutura) do Senado, Conf\u00facio Moura (MDB-RO), concedeu vista coletiva para o\u00a0<a href=\"https:\/\/www25.senado.leg.br\/web\/atividade\/materias\/-\/materia\/146793\" target=\"_blank\" rel=\"noreferrer noopener\">PL (Projeto de Lei) 576\/2021<\/a>, que regulamenta a explora\u00e7\u00e3o e\u00f3lica offshore (em alto mar). O relator, senador Weverton Rocha (PDT-MA), leu seu parecer no colegiado nesta ter\u00e7a-feira (3).\u00a0<\/p>\n\n\n\n<p>O acordo \u00e9 para que o tema retorne \u00e0 pauta da comiss\u00e3o na pr\u00f3xima semana. No entanto, senadores articulam no bastidor para tentar que a mat\u00e9ria seja apreciada ainda nesta semana.<\/p>\n\n\n\n<p><strong>Retirada de pauta<\/strong><br>Houve pedido de retirada de pauta por parte dos senadores Otto Alencar (PSD-BA), l\u00edder interino do governo no Senado, e Eduardo Braga (MDB-AM), l\u00edder do MDB, para maior conhecimento do relat\u00f3rio, que foi publicado na noite de segunda-feira (2). No entanto, o relator prop\u00f4s realizar a leitura do parecer, visto que o projeto j\u00e1 teria sido amplamente debatido entre os colegas e com o governo, e, em sequ\u00eancia, que fosse concedida vista coletiva.&nbsp;<\/p>\n\n\n\n<p><strong>Jabutis<\/strong><br>O relat\u00f3rio mant\u00e9m parte dos \u201cjabutis\u201d inseridos no texto pela C\u00e2mara dos Deputados. Ficaram mantidas a prorroga\u00e7\u00e3o de contratos para termel\u00e9tricas a carv\u00e3o e a altera\u00e7\u00e3o na lei de desestatiza\u00e7\u00e3o da Eletrobras, que trata da contrata\u00e7\u00e3o de usinas a g\u00e1s e PCHs (Pequenas Centrais Hidrel\u00e9tricas).<\/p>\n\n\n\n<p>Weverton disse que precisou \u201cfocar for\u00e7as\u201d no tema principal do projeto e decidiu viabilizar que o governo analise os \u201cjabutis\u201d como assunto de pol\u00edtica de governo.&nbsp;<\/p>\n\n\n\n<p>\u201cN\u00e3o tive como trabalhar um assunto e descobrir o outro. Eu tive que focar for\u00e7as nas e\u00f3licas offshore. Esses outros [jabutis], por se tratar de um assunto estrat\u00e9gico de pol\u00edtica de governo, ent\u00e3o o governo diz se ele \u00e9 importante ou n\u00e3o. Se o governo est\u00e1 dizendo que n\u00e3o \u00e9 importante, e deve ser ou deve n\u00e3o ser, ele vai tratar devidamente o assunto depois que chegar para a sua an\u00e1lise. [O que] n\u00f3s vamos oferecer a ele \u00e9 a condi\u00e7\u00e3o de dizer a pol\u00edtica energ\u00e9tica, que quem define \u00e9 o Poder Executivo, ele vai decidir se para ele \u00e9 importante neste momento ou n\u00e3o\u201d, disse o relator.&nbsp;<\/p>\n\n\n\n<p>\u201cPor exemplo, neste ano mesmo n\u00f3s n\u00e3o ach\u00e1vamos que ia ter bandeira amarela, e teve bandeira amarela. Achava-se que estava tudo bem, e n\u00e3o estava. Ent\u00e3o, assim, quem cuida dessa estrat\u00e9gia de ter v\u00e1rias matrizes energ\u00e9ticas \u00e0 disposi\u00e7\u00e3o, \u00e9 o governo. Ent\u00e3o n\u00f3s temos que dar a ele condi\u00e7\u00f5es de trabalhar.\u201d<\/p>\n\n\n\n<p><strong>Reforma do setor<\/strong><br>O relator defendeu ainda&nbsp;que o governo \u201crediscuta\u201d a pol\u00edtica energ\u00e9tica do pa\u00eds e fez cr\u00edticas aos segmentos do setor que \u201cn\u00e3o abrem m\u00e3o de subs\u00eddios&#8221;. O que, no seu entendimento, faz com que o pa\u00eds gere \u201cenergia barata\u201d, mas que \u00e9 vendida por um pre\u00e7o alto na ponta.&nbsp;<\/p>\n\n\n\n<p>\u201c\u00c9 \u00f3bvio que \u00e9 preciso se rever de forma muito dura, porque \u00e9 tipo reforma tribut\u00e1ria, todo mundo sabe que tem que fazer, mas na hora que chega no seu setor, n\u00e3o \u00e9 bem assim, tem que dar um tempo, tem que dar um jeitinho para poder n\u00e3o dar a sua contribui\u00e7\u00e3o&#8221;, pontuou.<\/p>\n\n\n\n<p><strong>Investimentos<\/strong><br>Weverton tamb\u00e9m afirmou que a forma com que alterou o texto sobre e\u00f3licas offshore passa a viabilizar os investimentos no Brasil. \u201cAlguns artigos simplesmente amarram e nenhum investidor vem pra c\u00e1 fazer da forma que veio da C\u00e2mara. (&#8230;) O \u00fanico setor que ia produzir energia no Brasil e que teria que pagar o refor\u00e7o de rede, seria e\u00f3lica offshore&#8221;, disse o relator.<\/p>\n","protected":false},"excerpt":{"rendered":"<p>Marisa Wanzeller, da Ag\u00eancia iNFRA O presidente da CI (Comiss\u00e3o de Servi\u00e7os em Infraestrutura) do Senado, Conf\u00facio Moura (MDB-RO), concedeu vista coletiva para o\u00a0PL (Projeto de Lei) 576\/2021, que regulamenta a explora\u00e7\u00e3o e\u00f3lica offshore (em alto mar). O relator, senador Weverton Rocha (PDT-MA), leu seu parecer no colegiado nesta ter\u00e7a-feira (3).\u00a0 O acordo \u00e9 para [&hellip;]<\/p>\n","protected":false},"author":1,"featured_media":9435,"comment_status":"closed","ping_status":"closed","sticky":false,"template":"","format":"standard","meta":{"_monsterinsights_skip_tracking":false,"_monsterinsights_sitenote_active":false,"_monsterinsights_sitenote_note":"","_monsterinsights_sitenote_category":0,"footnotes":""},"categories":[7250,1,10],"tags":[726,1498,11783,1252,6015,11326,7366,8724,973,6860,11333,123,631,2823,10978],"class_list":["post-19433","post","type-post","status-publish","format-standard","has-post-thumbnail","hentry","category-destaque-lista","category-geral","category-infraenergia","tag-ci","tag-comissao-de-infraestrutura","tag-despacho-de-termicas","tag-eduardo-braga","tag-eolicas-offshore","tag-jabutis","tag-marisa-wanzeller","tag-mmgd","tag-otto-alencar","tag-pl-576-2021","tag-pl-das-eolicas-offshore","tag-senado","tag-termicas","tag-termicas-inflexiveis","tag-weverton-rocha"],"yoast_head":"<!-- This site is optimized with the Yoast SEO Premium plugin v25.4 (Yoast SEO v26.0) - https:\/\/yoast.com\/wordpress\/plugins\/seo\/ -->\n<title>E\u00f3licas Offshore: vista coletiva adia vota\u00e7\u00e3o do marco legal em comiss\u00e3o no Senado - Ag\u00eancia iNFRA<\/title>\n<meta name=\"robots\" content=\"index, follow, max-snippet:-1, max-image-preview:large, max-video-preview:-1\" \/>\n<link rel=\"canonical\" href=\"https:\/\/agenciainfra.com\/blog\/eolicas-offshore-vista-coletiva-adia-votacao-do-marco-legal-em-comissao-no-senado\/\" \/>\n<meta property=\"og:locale\" content=\"pt_BR\" \/>\n<meta property=\"og:type\" content=\"article\" \/>\n<meta property=\"og:title\" content=\"E\u00f3licas Offshore: vista coletiva adia vota\u00e7\u00e3o do marco legal em comiss\u00e3o no Senado\" \/>\n<meta property=\"og:description\" content=\"Marisa Wanzeller, da Ag\u00eancia iNFRA O presidente da CI (Comiss\u00e3o de Servi\u00e7os em Infraestrutura) do Senado, Conf\u00facio Moura (MDB-RO), concedeu vista coletiva para o\u00a0PL (Projeto de Lei) 576\/2021, que regulamenta a explora\u00e7\u00e3o e\u00f3lica offshore (em alto mar). O relator, senador Weverton Rocha (PDT-MA), leu seu parecer no colegiado nesta ter\u00e7a-feira (3).\u00a0 O acordo \u00e9 para [&hellip;]\" \/>\n<meta property=\"og:url\" content=\"https:\/\/agenciainfra.com\/blog\/eolicas-offshore-vista-coletiva-adia-votacao-do-marco-legal-em-comissao-no-senado\/\" \/>\n<meta property=\"og:site_name\" content=\"Ag\u00eancia iNFRA\" \/>\n<meta property=\"article:publisher\" content=\"https:\/\/www.facebook.com\/ageninfra\" \/>\n<meta property=\"article:published_time\" content=\"2024-12-04T12:00:00+00:00\" \/>\n<meta property=\"og:image\" content=\"https:\/\/agenciainfra.com\/blog\/wp-content\/uploads\/2022\/02\/eolicas-offshore-foto-dominio-publico.jpeg\" \/>\n\t<meta property=\"og:image:width\" content=\"1280\" \/>\n\t<meta property=\"og:image:height\" content=\"853\" \/>\n\t<meta property=\"og:image:type\" content=\"image\/jpeg\" \/>\n<meta name=\"author\" content=\"Ag\u00eancia iNFRA\" \/>\n<meta name=\"twitter:card\" content=\"summary_large_image\" \/>\n<meta name=\"twitter:creator\" content=\"@agencia_infra\" \/>\n<meta name=\"twitter:site\" content=\"@agencia_infra\" \/>\n<meta name=\"twitter:label1\" content=\"Escrito por\" \/>\n\t<meta name=\"twitter:data1\" content=\"Ag\u00eancia iNFRA\" \/>\n\t<meta name=\"twitter:label2\" content=\"Est. tempo de leitura\" \/>\n\t<meta name=\"twitter:data2\" content=\"3 minutos\" \/>\n<script type=\"application\/ld+json\" class=\"yoast-schema-graph\">{\"@context\":\"https:\/\/schema.org\",\"@graph\":[{\"@type\":\"Article\",\"@id\":\"https:\/\/agenciainfra.com\/blog\/eolicas-offshore-vista-coletiva-adia-votacao-do-marco-legal-em-comissao-no-senado\/#article\",\"isPartOf\":{\"@id\":\"https:\/\/agenciainfra.com\/blog\/eolicas-offshore-vista-coletiva-adia-votacao-do-marco-legal-em-comissao-no-senado\/\"},\"author\":{\"name\":\"Ag\u00eancia iNFRA\",\"@id\":\"https:\/\/agenciainfra.com\/blog\/#\/schema\/person\/34af08dff6adea4cb22b06612ba7acfa\"},\"headline\":\"E\u00f3licas Offshore: vista coletiva adia vota\u00e7\u00e3o do marco legal em comiss\u00e3o no Senado\",\"datePublished\":\"2024-12-04T12:00:00+00:00\",\"mainEntityOfPage\":{\"@id\":\"https:\/\/agenciainfra.com\/blog\/eolicas-offshore-vista-coletiva-adia-votacao-do-marco-legal-em-comissao-no-senado\/\"},\"wordCount\":635,\"publisher\":{\"@id\":\"https:\/\/agenciainfra.com\/blog\/#organization\"},\"image\":{\"@id\":\"https:\/\/agenciainfra.com\/blog\/eolicas-offshore-vista-coletiva-adia-votacao-do-marco-legal-em-comissao-no-senado\/#primaryimage\"},\"thumbnailUrl\":\"https:\/\/agenciainfra.com\/blog\/wp-content\/uploads\/2022\/02\/eolicas-offshore-foto-dominio-publico.jpeg\",\"keywords\":[\"ci\",\"Comiss\u00e3o de Infraestrutura\",\"despacho de t\u00e9rmicas\",\"Eduardo Braga\",\"e\u00f3licas offshore\",\"jabutis\",\"Marisa Wanzeller\",\"MMGD\",\"Otto Alencar\",\"PL 576\/2021\",\"PL das e\u00f3licas offshore\",\"senado\",\"t\u00e9rmicas\",\"t\u00e9rmicas inflex\u00edveis\",\"Weverton Rocha\"],\"articleSection\":[\"Destaque lista\",\"Geral\",\"iNFRAEnergia\"],\"inLanguage\":\"pt-BR\",\"copyrightYear\":\"2024\",\"copyrightHolder\":{\"@id\":\"https:\/\/agenciainfra.com\/blog\/#organization\"}},{\"@type\":\"WebPage\",\"@id\":\"https:\/\/agenciainfra.com\/blog\/eolicas-offshore-vista-coletiva-adia-votacao-do-marco-legal-em-comissao-no-senado\/\",\"url\":\"https:\/\/agenciainfra.com\/blog\/eolicas-offshore-vista-coletiva-adia-votacao-do-marco-legal-em-comissao-no-senado\/\",\"name\":\"E\u00f3licas Offshore: vista coletiva adia vota\u00e7\u00e3o do marco legal em comiss\u00e3o no Senado - Ag\u00eancia iNFRA\",\"isPartOf\":{\"@id\":\"https:\/\/agenciainfra.com\/blog\/#website\"},\"primaryImageOfPage\":{\"@id\":\"https:\/\/agenciainfra.com\/blog\/eolicas-offshore-vista-coletiva-adia-votacao-do-marco-legal-em-comissao-no-senado\/#primaryimage\"},\"image\":{\"@id\":\"https:\/\/agenciainfra.com\/blog\/eolicas-offshore-vista-coletiva-adia-votacao-do-marco-legal-em-comissao-no-senado\/#primaryimage\"},\"thumbnailUrl\":\"https:\/\/agenciainfra.com\/blog\/wp-content\/uploads\/2022\/02\/eolicas-offshore-foto-dominio-publico.jpeg\",\"datePublished\":\"2024-12-04T12:00:00+00:00\",\"breadcrumb\":{\"@id\":\"https:\/\/agenciainfra.com\/blog\/eolicas-offshore-vista-coletiva-adia-votacao-do-marco-legal-em-comissao-no-senado\/#breadcrumb\"},\"inLanguage\":\"pt-BR\",\"potentialAction\":[{\"@type\":\"ReadAction\",\"target\":[\"https:\/\/agenciainfra.com\/blog\/eolicas-offshore-vista-coletiva-adia-votacao-do-marco-legal-em-comissao-no-senado\/\"]}]},{\"@type\":\"ImageObject\",\"inLanguage\":\"pt-BR\",\"@id\":\"https:\/\/agenciainfra.com\/blog\/eolicas-offshore-vista-coletiva-adia-votacao-do-marco-legal-em-comissao-no-senado\/#primaryimage\",\"url\":\"https:\/\/agenciainfra.com\/blog\/wp-content\/uploads\/2022\/02\/eolicas-offshore-foto-dominio-publico.jpeg\",\"contentUrl\":\"https:\/\/agenciainfra.com\/blog\/wp-content\/uploads\/2022\/02\/eolicas-offshore-foto-dominio-publico.jpeg\",\"width\":1280,\"height\":853},{\"@type\":\"BreadcrumbList\",\"@id\":\"https:\/\/agenciainfra.com\/blog\/eolicas-offshore-vista-coletiva-adia-votacao-do-marco-legal-em-comissao-no-senado\/#breadcrumb\",\"itemListElement\":[{\"@type\":\"ListItem\",\"position\":1,\"name\":\"In\u00edcio\",\"item\":\"https:\/\/agenciainfra.com\/blog\/\"},{\"@type\":\"ListItem\",\"position\":2,\"name\":\"E\u00f3licas Offshore: vista coletiva adia vota\u00e7\u00e3o do marco legal em comiss\u00e3o no Senado\"}]},{\"@type\":\"WebSite\",\"@id\":\"https:\/\/agenciainfra.com\/blog\/#website\",\"url\":\"https:\/\/agenciainfra.com\/blog\/\",\"name\":\"Ag\u00eancia iNFRA\",\"description\":\"Multiplataforma de informa\u00e7\u00e3o jornal\u00edstica refer\u00eancia na \u00e1rea de infraestrutura no Brasil!\",\"publisher\":{\"@id\":\"https:\/\/agenciainfra.com\/blog\/#organization\"},\"potentialAction\":[{\"@type\":\"SearchAction\",\"target\":{\"@type\":\"EntryPoint\",\"urlTemplate\":\"https:\/\/agenciainfra.com\/blog\/?s={search_term_string}\"},\"query-input\":{\"@type\":\"PropertyValueSpecification\",\"valueRequired\":true,\"valueName\":\"search_term_string\"}}],\"inLanguage\":\"pt-BR\"},{\"@type\":\"Organization\",\"@id\":\"https:\/\/agenciainfra.com\/blog\/#organization\",\"name\":\"Ag\u00eancia iNFRA\",\"url\":\"https:\/\/agenciainfra.com\/blog\/\",\"logo\":{\"@type\":\"ImageObject\",\"inLanguage\":\"pt-BR\",\"@id\":\"https:\/\/agenciainfra.com\/blog\/#\/schema\/logo\/image\/\",\"url\":\"https:\/\/agenciainfra.com\/blog\/wp-content\/uploads\/2023\/09\/iNFRA_5-e1761735885940.png\",\"contentUrl\":\"https:\/\/agenciainfra.com\/blog\/wp-content\/uploads\/2023\/09\/iNFRA_5-e1761735885940.png\",\"width\":1672,\"height\":454,\"caption\":\"Ag\u00eancia iNFRA\"},\"image\":{\"@id\":\"https:\/\/agenciainfra.com\/blog\/#\/schema\/logo\/image\/\"},\"sameAs\":[\"https:\/\/www.facebook.com\/ageninfra\",\"https:\/\/x.com\/agencia_infra\",\"https:\/\/www.linkedin.com\/company\/ag\u00eanciainfra\/\",\"https:\/\/www.instagram.com\/agenciainfra\/\"]},{\"@type\":\"Person\",\"@id\":\"https:\/\/agenciainfra.com\/blog\/#\/schema\/person\/34af08dff6adea4cb22b06612ba7acfa\",\"name\":\"Ag\u00eancia iNFRA\",\"image\":{\"@type\":\"ImageObject\",\"inLanguage\":\"pt-BR\",\"@id\":\"https:\/\/agenciainfra.com\/blog\/#\/schema\/person\/image\/\",\"url\":\"https:\/\/secure.gravatar.com\/avatar\/d189e01678f06d8eb84d4e01f08eb848b3fffe3f8443818d3c356c66892f5be8?s=96&d=mm&r=g\",\"contentUrl\":\"https:\/\/secure.gravatar.com\/avatar\/d189e01678f06d8eb84d4e01f08eb848b3fffe3f8443818d3c356c66892f5be8?s=96&d=mm&r=g\",\"caption\":\"Ag\u00eancia iNFRA\"},\"url\":\"https:\/\/agenciainfra.com\/blog\/author\/admin\/\"}]}<\/script>\n<!-- \/ Yoast SEO Premium plugin. -->","yoast_head_json":{"title":"E\u00f3licas Offshore: vista coletiva adia vota\u00e7\u00e3o do marco legal em comiss\u00e3o no Senado - Ag\u00eancia iNFRA","robots":{"index":"index","follow":"follow","max-snippet":"max-snippet:-1","max-image-preview":"max-image-preview:large","max-video-preview":"max-video-preview:-1"},"canonical":"https:\/\/agenciainfra.com\/blog\/eolicas-offshore-vista-coletiva-adia-votacao-do-marco-legal-em-comissao-no-senado\/","og_locale":"pt_BR","og_type":"article","og_title":"E\u00f3licas Offshore: vista coletiva adia vota\u00e7\u00e3o do marco legal em comiss\u00e3o no Senado","og_description":"Marisa Wanzeller, da Ag\u00eancia iNFRA O presidente da CI (Comiss\u00e3o de Servi\u00e7os em Infraestrutura) do Senado, Conf\u00facio Moura (MDB-RO), concedeu vista coletiva para o\u00a0PL (Projeto de Lei) 576\/2021, que regulamenta a explora\u00e7\u00e3o e\u00f3lica offshore (em alto mar). O relator, senador Weverton Rocha (PDT-MA), leu seu parecer no colegiado nesta ter\u00e7a-feira (3).\u00a0 O acordo \u00e9 para [&hellip;]","og_url":"https:\/\/agenciainfra.com\/blog\/eolicas-offshore-vista-coletiva-adia-votacao-do-marco-legal-em-comissao-no-senado\/","og_site_name":"Ag\u00eancia iNFRA","article_publisher":"https:\/\/www.facebook.com\/ageninfra","article_published_time":"2024-12-04T12:00:00+00:00","og_image":[{"width":1280,"height":853,"url":"https:\/\/agenciainfra.com\/blog\/wp-content\/uploads\/2022\/02\/eolicas-offshore-foto-dominio-publico.jpeg","type":"image\/jpeg"}],"author":"Ag\u00eancia iNFRA","twitter_card":"summary_large_image","twitter_creator":"@agencia_infra","twitter_site":"@agencia_infra","twitter_misc":{"Escrito por":"Ag\u00eancia iNFRA","Est. tempo de leitura":"3 minutos"},"schema":{"@context":"https:\/\/schema.org","@graph":[{"@type":"Article","@id":"https:\/\/agenciainfra.com\/blog\/eolicas-offshore-vista-coletiva-adia-votacao-do-marco-legal-em-comissao-no-senado\/#article","isPartOf":{"@id":"https:\/\/agenciainfra.com\/blog\/eolicas-offshore-vista-coletiva-adia-votacao-do-marco-legal-em-comissao-no-senado\/"},"author":{"name":"Ag\u00eancia iNFRA","@id":"https:\/\/agenciainfra.com\/blog\/#\/schema\/person\/34af08dff6adea4cb22b06612ba7acfa"},"headline":"E\u00f3licas Offshore: vista coletiva adia vota\u00e7\u00e3o do marco legal em comiss\u00e3o no Senado","datePublished":"2024-12-04T12:00:00+00:00","mainEntityOfPage":{"@id":"https:\/\/agenciainfra.com\/blog\/eolicas-offshore-vista-coletiva-adia-votacao-do-marco-legal-em-comissao-no-senado\/"},"wordCount":635,"publisher":{"@id":"https:\/\/agenciainfra.com\/blog\/#organization"},"image":{"@id":"https:\/\/agenciainfra.com\/blog\/eolicas-offshore-vista-coletiva-adia-votacao-do-marco-legal-em-comissao-no-senado\/#primaryimage"},"thumbnailUrl":"https:\/\/agenciainfra.com\/blog\/wp-content\/uploads\/2022\/02\/eolicas-offshore-foto-dominio-publico.jpeg","keywords":["ci","Comiss\u00e3o de Infraestrutura","despacho de t\u00e9rmicas","Eduardo Braga","e\u00f3licas offshore","jabutis","Marisa Wanzeller","MMGD","Otto Alencar","PL 576\/2021","PL das e\u00f3licas offshore","senado","t\u00e9rmicas","t\u00e9rmicas inflex\u00edveis","Weverton Rocha"],"articleSection":["Destaque lista","Geral","iNFRAEnergia"],"inLanguage":"pt-BR","copyrightYear":"2024","copyrightHolder":{"@id":"https:\/\/agenciainfra.com\/blog\/#organization"}},{"@type":"WebPage","@id":"https:\/\/agenciainfra.com\/blog\/eolicas-offshore-vista-coletiva-adia-votacao-do-marco-legal-em-comissao-no-senado\/","url":"https:\/\/agenciainfra.com\/blog\/eolicas-offshore-vista-coletiva-adia-votacao-do-marco-legal-em-comissao-no-senado\/","name":"E\u00f3licas Offshore: vista coletiva adia vota\u00e7\u00e3o do marco legal em comiss\u00e3o no Senado - Ag\u00eancia iNFRA","isPartOf":{"@id":"https:\/\/agenciainfra.com\/blog\/#website"},"primaryImageOfPage":{"@id":"https:\/\/agenciainfra.com\/blog\/eolicas-offshore-vista-coletiva-adia-votacao-do-marco-legal-em-comissao-no-senado\/#primaryimage"},"image":{"@id":"https:\/\/agenciainfra.com\/blog\/eolicas-offshore-vista-coletiva-adia-votacao-do-marco-legal-em-comissao-no-senado\/#primaryimage"},"thumbnailUrl":"https:\/\/agenciainfra.com\/blog\/wp-content\/uploads\/2022\/02\/eolicas-offshore-foto-dominio-publico.jpeg","datePublished":"2024-12-04T12:00:00+00:00","breadcrumb":{"@id":"https:\/\/agenciainfra.com\/blog\/eolicas-offshore-vista-coletiva-adia-votacao-do-marco-legal-em-comissao-no-senado\/#breadcrumb"},"inLanguage":"pt-BR","potentialAction":[{"@type":"ReadAction","target":["https:\/\/agenciainfra.com\/blog\/eolicas-offshore-vista-coletiva-adia-votacao-do-marco-legal-em-comissao-no-senado\/"]}]},{"@type":"ImageObject","inLanguage":"pt-BR","@id":"https:\/\/agenciainfra.com\/blog\/eolicas-offshore-vista-coletiva-adia-votacao-do-marco-legal-em-comissao-no-senado\/#primaryimage","url":"https:\/\/agenciainfra.com\/blog\/wp-content\/uploads\/2022\/02\/eolicas-offshore-foto-dominio-publico.jpeg","contentUrl":"https:\/\/agenciainfra.com\/blog\/wp-content\/uploads\/2022\/02\/eolicas-offshore-foto-dominio-publico.jpeg","width":1280,"height":853},{"@type":"BreadcrumbList","@id":"https:\/\/agenciainfra.com\/blog\/eolicas-offshore-vista-coletiva-adia-votacao-do-marco-legal-em-comissao-no-senado\/#breadcrumb","itemListElement":[{"@type":"ListItem","position":1,"name":"In\u00edcio","item":"https:\/\/agenciainfra.com\/blog\/"},{"@type":"ListItem","position":2,"name":"E\u00f3licas Offshore: vista coletiva adia vota\u00e7\u00e3o do marco legal em comiss\u00e3o no Senado"}]},{"@type":"WebSite","@id":"https:\/\/agenciainfra.com\/blog\/#website","url":"https:\/\/agenciainfra.com\/blog\/","name":"Ag\u00eancia iNFRA","description":"Multiplataforma de informa\u00e7\u00e3o jornal\u00edstica refer\u00eancia na \u00e1rea de infraestrutura no Brasil!","publisher":{"@id":"https:\/\/agenciainfra.com\/blog\/#organization"},"potentialAction":[{"@type":"SearchAction","target":{"@type":"EntryPoint","urlTemplate":"https:\/\/agenciainfra.com\/blog\/?s={search_term_string}"},"query-input":{"@type":"PropertyValueSpecification","valueRequired":true,"valueName":"search_term_string"}}],"inLanguage":"pt-BR"},{"@type":"Organization","@id":"https:\/\/agenciainfra.com\/blog\/#organization","name":"Ag\u00eancia iNFRA","url":"https:\/\/agenciainfra.com\/blog\/","logo":{"@type":"ImageObject","inLanguage":"pt-BR","@id":"https:\/\/agenciainfra.com\/blog\/#\/schema\/logo\/image\/","url":"https:\/\/agenciainfra.com\/blog\/wp-content\/uploads\/2023\/09\/iNFRA_5-e1761735885940.png","contentUrl":"https:\/\/agenciainfra.com\/blog\/wp-content\/uploads\/2023\/09\/iNFRA_5-e1761735885940.png","width":1672,"height":454,"caption":"Ag\u00eancia iNFRA"},"image":{"@id":"https:\/\/agenciainfra.com\/blog\/#\/schema\/logo\/image\/"},"sameAs":["https:\/\/www.facebook.com\/ageninfra","https:\/\/x.com\/agencia_infra","https:\/\/www.linkedin.com\/company\/ag\u00eanciainfra\/","https:\/\/www.instagram.com\/agenciainfra\/"]},{"@type":"Person","@id":"https:\/\/agenciainfra.com\/blog\/#\/schema\/person\/34af08dff6adea4cb22b06612ba7acfa","name":"Ag\u00eancia iNFRA","image":{"@type":"ImageObject","inLanguage":"pt-BR","@id":"https:\/\/agenciainfra.com\/blog\/#\/schema\/person\/image\/","url":"https:\/\/secure.gravatar.com\/avatar\/d189e01678f06d8eb84d4e01f08eb848b3fffe3f8443818d3c356c66892f5be8?s=96&d=mm&r=g","contentUrl":"https:\/\/secure.gravatar.com\/avatar\/d189e01678f06d8eb84d4e01f08eb848b3fffe3f8443818d3c356c66892f5be8?s=96&d=mm&r=g","caption":"Ag\u00eancia iNFRA"},"url":"https:\/\/agenciainfra.com\/blog\/author\/admin\/"}]}},"_links":{"self":[{"href":"https:\/\/agenciainfra.com\/blog\/wp-json\/wp\/v2\/posts\/19433","targetHints":{"allow":["GET"]}}],"collection":[{"href":"https:\/\/agenciainfra.com\/blog\/wp-json\/wp\/v2\/posts"}],"about":[{"href":"https:\/\/agenciainfra.com\/blog\/wp-json\/wp\/v2\/types\/post"}],"author":[{"embeddable":true,"href":"https:\/\/agenciainfra.com\/blog\/wp-json\/wp\/v2\/users\/1"}],"replies":[{"embeddable":true,"href":"https:\/\/agenciainfra.com\/blog\/wp-json\/wp\/v2\/comments?post=19433"}],"version-history":[{"count":1,"href":"https:\/\/agenciainfra.com\/blog\/wp-json\/wp\/v2\/posts\/19433\/revisions"}],"predecessor-version":[{"id":19434,"href":"https:\/\/agenciainfra.com\/blog\/wp-json\/wp\/v2\/posts\/19433\/revisions\/19434"}],"wp:featuredmedia":[{"embeddable":true,"href":"https:\/\/agenciainfra.com\/blog\/wp-json\/wp\/v2\/media\/9435"}],"wp:attachment":[{"href":"https:\/\/agenciainfra.com\/blog\/wp-json\/wp\/v2\/media?parent=19433"}],"wp:term":[{"taxonomy":"category","embeddable":true,"href":"https:\/\/agenciainfra.com\/blog\/wp-json\/wp\/v2\/categories?post=19433"},{"taxonomy":"post_tag","embeddable":true,"href":"https:\/\/agenciainfra.com\/blog\/wp-json\/wp\/v2\/tags?post=19433"}],"curies":[{"name":"wp","href":"https:\/\/api.w.org\/{rel}","templated":true}]}}