{"id":19437,"date":"2024-12-04T11:00:00","date_gmt":"2024-12-04T14:00:00","guid":{"rendered":"https:\/\/agenciainfra.com\/blog\/?p=19437"},"modified":"2024-12-04T06:49:05","modified_gmt":"2024-12-04T09:49:05","slug":"diretor-ricardo-tili-pede-vista-de-processo-na-aneel-sobre-aportes-de-distribuidoras","status":"publish","type":"post","link":"https:\/\/agenciainfra.com\/blog\/diretor-ricardo-tili-pede-vista-de-processo-na-aneel-sobre-aportes-de-distribuidoras\/","title":{"rendered":"Diretor Ricardo Tili pede vista de processo na ANEEL sobre aportes de distribuidoras"},"content":{"rendered":"\n<p class=\"has-text-align-right\"><strong>Geraldo Campos Jr., da Ag\u00eancia iNFRA<\/strong><\/p>\n\n\n\n<p>O diretor Ricardo Tili, da ANEEL (Ag\u00eancia Nacional de Energia El\u00e9trica), pediu vista na ter\u00e7a-feira (3) do processo que trata dos aportes para adequa\u00e7\u00e3o do endividamento de distribuidoras aos limites regulat\u00f3rios. O item trata da necessidade de desembolso de acionistas de seis concession\u00e1rias, em valores que somam mais de R$ 10 bilh\u00f5es.<\/p>\n\n\n\n<p>At\u00e9 esta ter\u00e7a, o processo estava sob vista da diretora Agnes Costa, que apresentou voto para que os aportes sejam feitos pelas distribuidoras em at\u00e9 180 dias, a contar do dia 12 de dezembro de 2024, quando o item come\u00e7ou a ser analisado pela diretoria.<\/p>\n\n\n\n<p>A proposta divergente chegou a ser acolhida pelo relator, diretor Fernando Mosna, que inicialmente tinha sugerido o prazo de 90 dias. Agnes afirmou que o prazo menor seria insuficiente para as empresas estruturarem opera\u00e7\u00f5es de mercado ou levantar os recursos junto aos acionistas.<\/p>\n\n\n\n<p>O diretor-geral da ANEEL, Sandoval Feitosa, tamb\u00e9m mostrou concord\u00e2ncia com o voto de Mosna e Agnes no sentido de conceder o prazo de 180 dias. Com isso, foi sinalizada uma maioria para aprova\u00e7\u00e3o, mas a vota\u00e7\u00e3o n\u00e3o foi finalizada por causa do pedido de vista.<\/p>\n\n\n\n<p><strong>As empresas envolvidas<\/strong><br>O processo trata de aportes que somam R$ 10,25 bilh\u00f5es e incluem seis distribuidoras: Light (R$ 4,3 bilh\u00f5es), Enel Rio (R$ 2,8 bilh\u00f5es), Energisa Rond\u00f4nia (R$ 1,5 bilh\u00e3o), Neoenergia Bras\u00edlia (R$ 1,1 bilh\u00e3o), Energisa Acre (R$ 430 milh\u00f5es) e Neoenergia Pernambuco (R$ 124 milh\u00f5es).&nbsp;<\/p>\n\n\n\n<p>Empresa que necessitaria do maior aporte, a Light, conseguiu uma&nbsp;<a href=\"https:\/\/agenciainfra.us14.list-manage.com\/track\/click?u=d460dd1bcf9ba0ae040e1fc0f&amp;id=969be6b0de&amp;e=cccbf75ee3\" target=\"_blank\" rel=\"noreferrer noopener\">liminar<\/a>&nbsp;judicial que garante que nenhum valor precise ser despendido antes que ocorra a renova\u00e7\u00e3o da concess\u00e3o. A decis\u00e3o do juiz substituto Alexandre de Carvalho Mesquita, da 3\u00aa Vara Empresarial da Comarca do Rio de Janeiro, impede a abertura de processo de caducidade pela reguladora em fun\u00e7\u00e3o da falta de aporte.<\/p>\n\n\n\n<p><strong>O que est\u00e1 em jogo<\/strong><br>O processo trata da chamada cl\u00e1usula de efici\u00eancia econ\u00f4mico-financeira prevista nos aditivos de contratos de concess\u00e3o mais recentes e tamb\u00e9m inclusa para os demais contratos na&nbsp;<a href=\"https:\/\/agenciainfra.us14.list-manage.com\/track\/click?u=d460dd1bcf9ba0ae040e1fc0f&amp;id=30b48920c5&amp;e=cccbf75ee3\" target=\"_blank\" rel=\"noreferrer noopener\">REN (Resolu\u00e7\u00e3o Normativa) 948\/2021<\/a>.&nbsp;<\/p>\n\n\n\n<p>Tanto a norma como os aditivos contratuais firmados a partir da privatiza\u00e7\u00e3o de distribuidoras exigem que o endividamento das empresas seja limitado a no m\u00e1ximo 10 vezes o Ebitda\/Lajida (Lucros antes dos juros, tributos, deprecia\u00e7\u00e3o e amortiza\u00e7\u00e3o).<\/p>\n\n\n\n<p>Segundo as normas, a empresa que descumprir os crit\u00e9rios de efici\u00eancia econ\u00f4mico-financeira por dois anos consecutivos ficar\u00e1 sujeita a abertura de processo de interven\u00e7\u00e3o administrativa e poss\u00edvel recomenda\u00e7\u00e3o de caducidade da concess\u00e3o. Para se adequar, seus controladores precisam fazer aportes para reduzir o endividamento para dentro do limite.<\/p>\n","protected":false},"excerpt":{"rendered":"<p>Geraldo Campos Jr., da Ag\u00eancia iNFRA O diretor Ricardo Tili, da ANEEL (Ag\u00eancia Nacional de Energia El\u00e9trica), pediu vista na ter\u00e7a-feira (3) do processo que trata dos aportes para adequa\u00e7\u00e3o do endividamento de distribuidoras aos limites regulat\u00f3rios. O item trata da necessidade de desembolso de acionistas de seis concession\u00e1rias, em valores que somam mais de [&hellip;]<\/p>\n","protected":false},"author":1,"featured_media":2508,"comment_status":"closed","ping_status":"closed","sticky":false,"template":"","format":"standard","meta":{"_monsterinsights_skip_tracking":false,"_monsterinsights_sitenote_active":false,"_monsterinsights_sitenote_note":"","_monsterinsights_sitenote_category":0,"footnotes":""},"categories":[7250,1,10],"tags":[6800,53,11891,491,11793,7090,1363,7014,11594,1867,11722,11724,11707,5682,1026],"class_list":["post-19437","post","type-post","status-publish","format-standard","has-post-thumbnail","hentry","category-destaque-lista","category-geral","category-infraenergia","tag-agnes-costa","tag-aneel","tag-aportes-de-distribuidoras","tag-distribuidoras-de-energia","tag-endividamento-de-distribuidoras","tag-enel-rio","tag-energisa-rondonia","tag-fernando-mosna","tag-geraldo-campos-jr","tag-light","tag-neoenergia-brasilia","tag-neoenergia-pernambuco","tag-ren-948-2021","tag-ricardo-tili","tag-sandoval-feitosa"],"yoast_head":"<!-- This site is optimized with the Yoast SEO Premium plugin v25.4 (Yoast SEO v26.0) - https:\/\/yoast.com\/wordpress\/plugins\/seo\/ -->\n<title>Diretor Ricardo Tili pede vista de processo na ANEEL sobre aportes de distribuidoras - Ag\u00eancia iNFRA<\/title>\n<meta name=\"robots\" content=\"index, follow, max-snippet:-1, max-image-preview:large, max-video-preview:-1\" \/>\n<link rel=\"canonical\" href=\"https:\/\/agenciainfra.com\/blog\/diretor-ricardo-tili-pede-vista-de-processo-na-aneel-sobre-aportes-de-distribuidoras\/\" \/>\n<meta property=\"og:locale\" content=\"pt_BR\" \/>\n<meta property=\"og:type\" content=\"article\" \/>\n<meta property=\"og:title\" content=\"Diretor Ricardo Tili pede vista de processo na ANEEL sobre aportes de distribuidoras\" \/>\n<meta property=\"og:description\" content=\"Geraldo Campos Jr., da Ag\u00eancia iNFRA O diretor Ricardo Tili, da ANEEL (Ag\u00eancia Nacional de Energia El\u00e9trica), pediu vista na ter\u00e7a-feira (3) do processo que trata dos aportes para adequa\u00e7\u00e3o do endividamento de distribuidoras aos limites regulat\u00f3rios. O item trata da necessidade de desembolso de acionistas de seis concession\u00e1rias, em valores que somam mais de [&hellip;]\" \/>\n<meta property=\"og:url\" content=\"https:\/\/agenciainfra.com\/blog\/diretor-ricardo-tili-pede-vista-de-processo-na-aneel-sobre-aportes-de-distribuidoras\/\" \/>\n<meta property=\"og:site_name\" content=\"Ag\u00eancia iNFRA\" \/>\n<meta property=\"article:publisher\" content=\"https:\/\/www.facebook.com\/ageninfra\" \/>\n<meta property=\"article:published_time\" content=\"2024-12-04T14:00:00+00:00\" \/>\n<meta property=\"og:image\" content=\"https:\/\/agenciainfra.com\/blog\/wp-content\/uploads\/2018\/10\/Faixada-ANEEL-Essencial_divulgacao-e1685106779328.jpg\" \/>\n\t<meta property=\"og:image:width\" content=\"1200\" \/>\n\t<meta property=\"og:image:height\" content=\"800\" \/>\n\t<meta property=\"og:image:type\" content=\"image\/jpeg\" \/>\n<meta name=\"author\" content=\"Ag\u00eancia iNFRA\" \/>\n<meta name=\"twitter:card\" content=\"summary_large_image\" \/>\n<meta name=\"twitter:creator\" content=\"@agencia_infra\" \/>\n<meta name=\"twitter:site\" content=\"@agencia_infra\" \/>\n<meta name=\"twitter:label1\" content=\"Escrito por\" \/>\n\t<meta name=\"twitter:data1\" content=\"Ag\u00eancia iNFRA\" \/>\n\t<meta name=\"twitter:label2\" content=\"Est. tempo de leitura\" \/>\n\t<meta name=\"twitter:data2\" content=\"2 minutos\" \/>\n<script type=\"application\/ld+json\" class=\"yoast-schema-graph\">{\"@context\":\"https:\/\/schema.org\",\"@graph\":[{\"@type\":\"Article\",\"@id\":\"https:\/\/agenciainfra.com\/blog\/diretor-ricardo-tili-pede-vista-de-processo-na-aneel-sobre-aportes-de-distribuidoras\/#article\",\"isPartOf\":{\"@id\":\"https:\/\/agenciainfra.com\/blog\/diretor-ricardo-tili-pede-vista-de-processo-na-aneel-sobre-aportes-de-distribuidoras\/\"},\"author\":{\"name\":\"Ag\u00eancia iNFRA\",\"@id\":\"https:\/\/agenciainfra.com\/blog\/#\/schema\/person\/34af08dff6adea4cb22b06612ba7acfa\"},\"headline\":\"Diretor Ricardo Tili pede vista de processo na ANEEL sobre aportes de distribuidoras\",\"datePublished\":\"2024-12-04T14:00:00+00:00\",\"mainEntityOfPage\":{\"@id\":\"https:\/\/agenciainfra.com\/blog\/diretor-ricardo-tili-pede-vista-de-processo-na-aneel-sobre-aportes-de-distribuidoras\/\"},\"wordCount\":467,\"publisher\":{\"@id\":\"https:\/\/agenciainfra.com\/blog\/#organization\"},\"image\":{\"@id\":\"https:\/\/agenciainfra.com\/blog\/diretor-ricardo-tili-pede-vista-de-processo-na-aneel-sobre-aportes-de-distribuidoras\/#primaryimage\"},\"thumbnailUrl\":\"https:\/\/agenciainfra.com\/blog\/wp-content\/uploads\/2018\/10\/Faixada-ANEEL-Essencial_divulgacao-e1750175900658.jpg\",\"keywords\":[\"Agnes Costa\",\"ANEEL\",\"aportes de distribuidoras\",\"distribuidoras de energia\",\"endividamento de distribuidoras\",\"Enel Rio\",\"Energisa Rond\u00f4nia\",\"Fernando Mosna\",\"Geraldo Campos Jr.\",\"Light\",\"Neoenergia Bras\u00edlia\",\"Neoenergia Pernambuco\",\"REN 948\/2021\",\"Ricardo Tili\",\"Sandoval Feitosa\"],\"articleSection\":[\"Destaque lista\",\"Geral\",\"iNFRAEnergia\"],\"inLanguage\":\"pt-BR\",\"copyrightYear\":\"2024\",\"copyrightHolder\":{\"@id\":\"https:\/\/agenciainfra.com\/blog\/#organization\"}},{\"@type\":\"WebPage\",\"@id\":\"https:\/\/agenciainfra.com\/blog\/diretor-ricardo-tili-pede-vista-de-processo-na-aneel-sobre-aportes-de-distribuidoras\/\",\"url\":\"https:\/\/agenciainfra.com\/blog\/diretor-ricardo-tili-pede-vista-de-processo-na-aneel-sobre-aportes-de-distribuidoras\/\",\"name\":\"Diretor Ricardo Tili pede vista de processo na ANEEL sobre aportes de distribuidoras - Ag\u00eancia iNFRA\",\"isPartOf\":{\"@id\":\"https:\/\/agenciainfra.com\/blog\/#website\"},\"primaryImageOfPage\":{\"@id\":\"https:\/\/agenciainfra.com\/blog\/diretor-ricardo-tili-pede-vista-de-processo-na-aneel-sobre-aportes-de-distribuidoras\/#primaryimage\"},\"image\":{\"@id\":\"https:\/\/agenciainfra.com\/blog\/diretor-ricardo-tili-pede-vista-de-processo-na-aneel-sobre-aportes-de-distribuidoras\/#primaryimage\"},\"thumbnailUrl\":\"https:\/\/agenciainfra.com\/blog\/wp-content\/uploads\/2018\/10\/Faixada-ANEEL-Essencial_divulgacao-e1750175900658.jpg\",\"datePublished\":\"2024-12-04T14:00:00+00:00\",\"breadcrumb\":{\"@id\":\"https:\/\/agenciainfra.com\/blog\/diretor-ricardo-tili-pede-vista-de-processo-na-aneel-sobre-aportes-de-distribuidoras\/#breadcrumb\"},\"inLanguage\":\"pt-BR\",\"potentialAction\":[{\"@type\":\"ReadAction\",\"target\":[\"https:\/\/agenciainfra.com\/blog\/diretor-ricardo-tili-pede-vista-de-processo-na-aneel-sobre-aportes-de-distribuidoras\/\"]}]},{\"@type\":\"ImageObject\",\"inLanguage\":\"pt-BR\",\"@id\":\"https:\/\/agenciainfra.com\/blog\/diretor-ricardo-tili-pede-vista-de-processo-na-aneel-sobre-aportes-de-distribuidoras\/#primaryimage\",\"url\":\"https:\/\/agenciainfra.com\/blog\/wp-content\/uploads\/2018\/10\/Faixada-ANEEL-Essencial_divulgacao-e1750175900658.jpg\",\"contentUrl\":\"https:\/\/agenciainfra.com\/blog\/wp-content\/uploads\/2018\/10\/Faixada-ANEEL-Essencial_divulgacao-e1750175900658.jpg\",\"width\":1200,\"height\":740,\"caption\":\"Foto: ANEEL\/Divulga\u00e7\u00e3o\"},{\"@type\":\"BreadcrumbList\",\"@id\":\"https:\/\/agenciainfra.com\/blog\/diretor-ricardo-tili-pede-vista-de-processo-na-aneel-sobre-aportes-de-distribuidoras\/#breadcrumb\",\"itemListElement\":[{\"@type\":\"ListItem\",\"position\":1,\"name\":\"In\u00edcio\",\"item\":\"https:\/\/agenciainfra.com\/blog\/\"},{\"@type\":\"ListItem\",\"position\":2,\"name\":\"Diretor Ricardo Tili pede vista de processo na ANEEL sobre aportes de distribuidoras\"}]},{\"@type\":\"WebSite\",\"@id\":\"https:\/\/agenciainfra.com\/blog\/#website\",\"url\":\"https:\/\/agenciainfra.com\/blog\/\",\"name\":\"Ag\u00eancia iNFRA\",\"description\":\"Multiplataforma de informa\u00e7\u00e3o jornal\u00edstica refer\u00eancia na \u00e1rea de infraestrutura no Brasil!\",\"publisher\":{\"@id\":\"https:\/\/agenciainfra.com\/blog\/#organization\"},\"potentialAction\":[{\"@type\":\"SearchAction\",\"target\":{\"@type\":\"EntryPoint\",\"urlTemplate\":\"https:\/\/agenciainfra.com\/blog\/?s={search_term_string}\"},\"query-input\":{\"@type\":\"PropertyValueSpecification\",\"valueRequired\":true,\"valueName\":\"search_term_string\"}}],\"inLanguage\":\"pt-BR\"},{\"@type\":\"Organization\",\"@id\":\"https:\/\/agenciainfra.com\/blog\/#organization\",\"name\":\"Ag\u00eancia iNFRA\",\"url\":\"https:\/\/agenciainfra.com\/blog\/\",\"logo\":{\"@type\":\"ImageObject\",\"inLanguage\":\"pt-BR\",\"@id\":\"https:\/\/agenciainfra.com\/blog\/#\/schema\/logo\/image\/\",\"url\":\"https:\/\/agenciainfra.com\/blog\/wp-content\/uploads\/2023\/09\/iNFRA_5-e1761735885940.png\",\"contentUrl\":\"https:\/\/agenciainfra.com\/blog\/wp-content\/uploads\/2023\/09\/iNFRA_5-e1761735885940.png\",\"width\":1672,\"height\":454,\"caption\":\"Ag\u00eancia iNFRA\"},\"image\":{\"@id\":\"https:\/\/agenciainfra.com\/blog\/#\/schema\/logo\/image\/\"},\"sameAs\":[\"https:\/\/www.facebook.com\/ageninfra\",\"https:\/\/x.com\/agencia_infra\",\"https:\/\/www.linkedin.com\/company\/ag\u00eanciainfra\/\",\"https:\/\/www.instagram.com\/agenciainfra\/\"]},{\"@type\":\"Person\",\"@id\":\"https:\/\/agenciainfra.com\/blog\/#\/schema\/person\/34af08dff6adea4cb22b06612ba7acfa\",\"name\":\"Ag\u00eancia iNFRA\",\"image\":{\"@type\":\"ImageObject\",\"inLanguage\":\"pt-BR\",\"@id\":\"https:\/\/agenciainfra.com\/blog\/#\/schema\/person\/image\/\",\"url\":\"https:\/\/secure.gravatar.com\/avatar\/d189e01678f06d8eb84d4e01f08eb848b3fffe3f8443818d3c356c66892f5be8?s=96&d=mm&r=g\",\"contentUrl\":\"https:\/\/secure.gravatar.com\/avatar\/d189e01678f06d8eb84d4e01f08eb848b3fffe3f8443818d3c356c66892f5be8?s=96&d=mm&r=g\",\"caption\":\"Ag\u00eancia iNFRA\"},\"url\":\"https:\/\/agenciainfra.com\/blog\/author\/admin\/\"}]}<\/script>\n<!-- \/ Yoast SEO Premium plugin. -->","yoast_head_json":{"title":"Diretor Ricardo Tili pede vista de processo na ANEEL sobre aportes de distribuidoras - Ag\u00eancia iNFRA","robots":{"index":"index","follow":"follow","max-snippet":"max-snippet:-1","max-image-preview":"max-image-preview:large","max-video-preview":"max-video-preview:-1"},"canonical":"https:\/\/agenciainfra.com\/blog\/diretor-ricardo-tili-pede-vista-de-processo-na-aneel-sobre-aportes-de-distribuidoras\/","og_locale":"pt_BR","og_type":"article","og_title":"Diretor Ricardo Tili pede vista de processo na ANEEL sobre aportes de distribuidoras","og_description":"Geraldo Campos Jr., da Ag\u00eancia iNFRA O diretor Ricardo Tili, da ANEEL (Ag\u00eancia Nacional de Energia El\u00e9trica), pediu vista na ter\u00e7a-feira (3) do processo que trata dos aportes para adequa\u00e7\u00e3o do endividamento de distribuidoras aos limites regulat\u00f3rios. O item trata da necessidade de desembolso de acionistas de seis concession\u00e1rias, em valores que somam mais de [&hellip;]","og_url":"https:\/\/agenciainfra.com\/blog\/diretor-ricardo-tili-pede-vista-de-processo-na-aneel-sobre-aportes-de-distribuidoras\/","og_site_name":"Ag\u00eancia iNFRA","article_publisher":"https:\/\/www.facebook.com\/ageninfra","article_published_time":"2024-12-04T14:00:00+00:00","og_image":[{"width":1200,"height":800,"url":"https:\/\/agenciainfra.com\/blog\/wp-content\/uploads\/2018\/10\/Faixada-ANEEL-Essencial_divulgacao-e1685106779328.jpg","type":"image\/jpeg"}],"author":"Ag\u00eancia iNFRA","twitter_card":"summary_large_image","twitter_creator":"@agencia_infra","twitter_site":"@agencia_infra","twitter_misc":{"Escrito por":"Ag\u00eancia iNFRA","Est. tempo de leitura":"2 minutos"},"schema":{"@context":"https:\/\/schema.org","@graph":[{"@type":"Article","@id":"https:\/\/agenciainfra.com\/blog\/diretor-ricardo-tili-pede-vista-de-processo-na-aneel-sobre-aportes-de-distribuidoras\/#article","isPartOf":{"@id":"https:\/\/agenciainfra.com\/blog\/diretor-ricardo-tili-pede-vista-de-processo-na-aneel-sobre-aportes-de-distribuidoras\/"},"author":{"name":"Ag\u00eancia iNFRA","@id":"https:\/\/agenciainfra.com\/blog\/#\/schema\/person\/34af08dff6adea4cb22b06612ba7acfa"},"headline":"Diretor Ricardo Tili pede vista de processo na ANEEL sobre aportes de distribuidoras","datePublished":"2024-12-04T14:00:00+00:00","mainEntityOfPage":{"@id":"https:\/\/agenciainfra.com\/blog\/diretor-ricardo-tili-pede-vista-de-processo-na-aneel-sobre-aportes-de-distribuidoras\/"},"wordCount":467,"publisher":{"@id":"https:\/\/agenciainfra.com\/blog\/#organization"},"image":{"@id":"https:\/\/agenciainfra.com\/blog\/diretor-ricardo-tili-pede-vista-de-processo-na-aneel-sobre-aportes-de-distribuidoras\/#primaryimage"},"thumbnailUrl":"https:\/\/agenciainfra.com\/blog\/wp-content\/uploads\/2018\/10\/Faixada-ANEEL-Essencial_divulgacao-e1750175900658.jpg","keywords":["Agnes Costa","ANEEL","aportes de distribuidoras","distribuidoras de energia","endividamento de distribuidoras","Enel Rio","Energisa Rond\u00f4nia","Fernando Mosna","Geraldo Campos Jr.","Light","Neoenergia Bras\u00edlia","Neoenergia Pernambuco","REN 948\/2021","Ricardo Tili","Sandoval Feitosa"],"articleSection":["Destaque lista","Geral","iNFRAEnergia"],"inLanguage":"pt-BR","copyrightYear":"2024","copyrightHolder":{"@id":"https:\/\/agenciainfra.com\/blog\/#organization"}},{"@type":"WebPage","@id":"https:\/\/agenciainfra.com\/blog\/diretor-ricardo-tili-pede-vista-de-processo-na-aneel-sobre-aportes-de-distribuidoras\/","url":"https:\/\/agenciainfra.com\/blog\/diretor-ricardo-tili-pede-vista-de-processo-na-aneel-sobre-aportes-de-distribuidoras\/","name":"Diretor Ricardo Tili pede vista de processo na ANEEL sobre aportes de distribuidoras - Ag\u00eancia iNFRA","isPartOf":{"@id":"https:\/\/agenciainfra.com\/blog\/#website"},"primaryImageOfPage":{"@id":"https:\/\/agenciainfra.com\/blog\/diretor-ricardo-tili-pede-vista-de-processo-na-aneel-sobre-aportes-de-distribuidoras\/#primaryimage"},"image":{"@id":"https:\/\/agenciainfra.com\/blog\/diretor-ricardo-tili-pede-vista-de-processo-na-aneel-sobre-aportes-de-distribuidoras\/#primaryimage"},"thumbnailUrl":"https:\/\/agenciainfra.com\/blog\/wp-content\/uploads\/2018\/10\/Faixada-ANEEL-Essencial_divulgacao-e1750175900658.jpg","datePublished":"2024-12-04T14:00:00+00:00","breadcrumb":{"@id":"https:\/\/agenciainfra.com\/blog\/diretor-ricardo-tili-pede-vista-de-processo-na-aneel-sobre-aportes-de-distribuidoras\/#breadcrumb"},"inLanguage":"pt-BR","potentialAction":[{"@type":"ReadAction","target":["https:\/\/agenciainfra.com\/blog\/diretor-ricardo-tili-pede-vista-de-processo-na-aneel-sobre-aportes-de-distribuidoras\/"]}]},{"@type":"ImageObject","inLanguage":"pt-BR","@id":"https:\/\/agenciainfra.com\/blog\/diretor-ricardo-tili-pede-vista-de-processo-na-aneel-sobre-aportes-de-distribuidoras\/#primaryimage","url":"https:\/\/agenciainfra.com\/blog\/wp-content\/uploads\/2018\/10\/Faixada-ANEEL-Essencial_divulgacao-e1750175900658.jpg","contentUrl":"https:\/\/agenciainfra.com\/blog\/wp-content\/uploads\/2018\/10\/Faixada-ANEEL-Essencial_divulgacao-e1750175900658.jpg","width":1200,"height":740,"caption":"Foto: ANEEL\/Divulga\u00e7\u00e3o"},{"@type":"BreadcrumbList","@id":"https:\/\/agenciainfra.com\/blog\/diretor-ricardo-tili-pede-vista-de-processo-na-aneel-sobre-aportes-de-distribuidoras\/#breadcrumb","itemListElement":[{"@type":"ListItem","position":1,"name":"In\u00edcio","item":"https:\/\/agenciainfra.com\/blog\/"},{"@type":"ListItem","position":2,"name":"Diretor Ricardo Tili pede vista de processo na ANEEL sobre aportes de distribuidoras"}]},{"@type":"WebSite","@id":"https:\/\/agenciainfra.com\/blog\/#website","url":"https:\/\/agenciainfra.com\/blog\/","name":"Ag\u00eancia iNFRA","description":"Multiplataforma de informa\u00e7\u00e3o jornal\u00edstica refer\u00eancia na \u00e1rea de infraestrutura no Brasil!","publisher":{"@id":"https:\/\/agenciainfra.com\/blog\/#organization"},"potentialAction":[{"@type":"SearchAction","target":{"@type":"EntryPoint","urlTemplate":"https:\/\/agenciainfra.com\/blog\/?s={search_term_string}"},"query-input":{"@type":"PropertyValueSpecification","valueRequired":true,"valueName":"search_term_string"}}],"inLanguage":"pt-BR"},{"@type":"Organization","@id":"https:\/\/agenciainfra.com\/blog\/#organization","name":"Ag\u00eancia iNFRA","url":"https:\/\/agenciainfra.com\/blog\/","logo":{"@type":"ImageObject","inLanguage":"pt-BR","@id":"https:\/\/agenciainfra.com\/blog\/#\/schema\/logo\/image\/","url":"https:\/\/agenciainfra.com\/blog\/wp-content\/uploads\/2023\/09\/iNFRA_5-e1761735885940.png","contentUrl":"https:\/\/agenciainfra.com\/blog\/wp-content\/uploads\/2023\/09\/iNFRA_5-e1761735885940.png","width":1672,"height":454,"caption":"Ag\u00eancia iNFRA"},"image":{"@id":"https:\/\/agenciainfra.com\/blog\/#\/schema\/logo\/image\/"},"sameAs":["https:\/\/www.facebook.com\/ageninfra","https:\/\/x.com\/agencia_infra","https:\/\/www.linkedin.com\/company\/ag\u00eanciainfra\/","https:\/\/www.instagram.com\/agenciainfra\/"]},{"@type":"Person","@id":"https:\/\/agenciainfra.com\/blog\/#\/schema\/person\/34af08dff6adea4cb22b06612ba7acfa","name":"Ag\u00eancia iNFRA","image":{"@type":"ImageObject","inLanguage":"pt-BR","@id":"https:\/\/agenciainfra.com\/blog\/#\/schema\/person\/image\/","url":"https:\/\/secure.gravatar.com\/avatar\/d189e01678f06d8eb84d4e01f08eb848b3fffe3f8443818d3c356c66892f5be8?s=96&d=mm&r=g","contentUrl":"https:\/\/secure.gravatar.com\/avatar\/d189e01678f06d8eb84d4e01f08eb848b3fffe3f8443818d3c356c66892f5be8?s=96&d=mm&r=g","caption":"Ag\u00eancia iNFRA"},"url":"https:\/\/agenciainfra.com\/blog\/author\/admin\/"}]}},"_links":{"self":[{"href":"https:\/\/agenciainfra.com\/blog\/wp-json\/wp\/v2\/posts\/19437","targetHints":{"allow":["GET"]}}],"collection":[{"href":"https:\/\/agenciainfra.com\/blog\/wp-json\/wp\/v2\/posts"}],"about":[{"href":"https:\/\/agenciainfra.com\/blog\/wp-json\/wp\/v2\/types\/post"}],"author":[{"embeddable":true,"href":"https:\/\/agenciainfra.com\/blog\/wp-json\/wp\/v2\/users\/1"}],"replies":[{"embeddable":true,"href":"https:\/\/agenciainfra.com\/blog\/wp-json\/wp\/v2\/comments?post=19437"}],"version-history":[{"count":1,"href":"https:\/\/agenciainfra.com\/blog\/wp-json\/wp\/v2\/posts\/19437\/revisions"}],"predecessor-version":[{"id":19438,"href":"https:\/\/agenciainfra.com\/blog\/wp-json\/wp\/v2\/posts\/19437\/revisions\/19438"}],"wp:featuredmedia":[{"embeddable":true,"href":"https:\/\/agenciainfra.com\/blog\/wp-json\/wp\/v2\/media\/2508"}],"wp:attachment":[{"href":"https:\/\/agenciainfra.com\/blog\/wp-json\/wp\/v2\/media?parent=19437"}],"wp:term":[{"taxonomy":"category","embeddable":true,"href":"https:\/\/agenciainfra.com\/blog\/wp-json\/wp\/v2\/categories?post=19437"},{"taxonomy":"post_tag","embeddable":true,"href":"https:\/\/agenciainfra.com\/blog\/wp-json\/wp\/v2\/tags?post=19437"}],"curies":[{"name":"wp","href":"https:\/\/api.w.org\/{rel}","templated":true}]}}