{"id":19439,"date":"2024-12-04T15:30:00","date_gmt":"2024-12-04T18:30:00","guid":{"rendered":"https:\/\/agenciainfra.com\/blog\/?p=19439"},"modified":"2024-12-04T12:42:27","modified_gmt":"2024-12-04T15:42:27","slug":"opiniao-renovacao-da-fca-avanco-de-processo-consolidado-representa-seguranca-juridica","status":"publish","type":"post","link":"https:\/\/agenciainfra.com\/blog\/opiniao-renovacao-da-fca-avanco-de-processo-consolidado-representa-seguranca-juridica\/","title":{"rendered":"Opini\u00e3o \u2013 Renova\u00e7\u00e3o da FCA: avan\u00e7o de processo consolidado representa seguran\u00e7a jur\u00eddica"},"content":{"rendered":"\n<p class=\"has-text-align-right\"><strong>Paulo Resende*<\/strong><\/p>\n\n\n\n<p>A renova\u00e7\u00e3o antecipada da concess\u00e3o da FCA (Ferrovia Centro-Atl\u00e2ntica) \u00e9 um catalisador das discuss\u00f5es sobre a import\u00e2ncia das ferrovias para o desenvolvimento do Brasil. Nenhum outro processo em curso at\u00e9 aqui gerou tantas discuss\u00f5es \u2013 muitas delas v\u00e1lidas, mas ao mesmo tempo variadas e peculiares pela sua exposi\u00e7\u00e3o \u00e0 diversidade log\u00edstica de um pa\u00eds de dimens\u00f5es continentais. Portanto, a diferen\u00e7a \u00e9 algo natural, uma vez que, e especificamente, a malha da FCA passa por sete estados e mais de 250 munic\u00edpios, que possuem desejos diversos relacionados \u00e0 atividade da ferrovia. Neste contexto, \u00e9 preciso ter em mente que, embora leg\u00edtimos, tais pleitos e anseios n\u00e3o podem comprometer a inequ\u00edvoca vantajosidade de renovar demonstrada ao longo do tempo.<\/p>\n\n\n\n<p>Isso porque, em primeiro lugar, esse \u00e9 um processo consolidado, que vem amadurecendo h\u00e1 quase dez anos, havendo transcorrido ao longo de quatro diferentes governos. Ou seja, ele n\u00e3o representa a vis\u00e3o \u00fanica de um governo, mas \u00e9 resultado do amadurecimento do di\u00e1logo com estados e sociedade, al\u00e9m do aprendizado adquirido pelos \u00f3rg\u00e3os reguladores com base em outras renova\u00e7\u00f5es antecipadas que j\u00e1 est\u00e3o em fases mais avan\u00e7adas \u2013 em ferrovias da Vale, Rumo e MRS. N\u00e3o \u00e9 cab\u00edvel nenhum retrocesso, pois iria afetar sobremaneira a imagem do Brasil no exterior.&nbsp;<\/p>\n\n\n\n<p>Em segundo lugar, diferentemente do que j\u00e1 ocorreu em concess\u00f5es rodovi\u00e1rias, com s\u00e9rios preju\u00edzos para estados como Minas Gerais, a concession\u00e1ria atual tem o desejo de continuar a opera\u00e7\u00e3o, no \u00e2mbito e contexto da previs\u00e3o contratual da possibilidade da prorroga\u00e7\u00e3o da concess\u00e3o por mais 30 anos. Ou seja, o caso agora \u00e9 de negociar condi\u00e7\u00f5es que sejam favor\u00e1veis tanto do ponto de vista do interesse p\u00fablico quanto da concession\u00e1ria.<\/p>\n\n\n\n<p>Como mencionado, a renova\u00e7\u00e3o da concess\u00e3o da FCA \u00e9 complexa por natureza. N\u00e3o se trata de simplesmente chegar a uma solu\u00e7\u00e3o monet\u00e1ria, porque a ferrovia tem abrang\u00eancia em boa parte do territ\u00f3rio nacional, e isso vai exigir um esfor\u00e7o para se afastar o que na teoria dos jogos \u00e9 conhecido como &#8220;jogo de soma zero&#8221;, onde os ganhos de um representam as perdas do outro. Sob a \u00f3tica de uma estrat\u00e9gia nacional, os compromissos de aumentar investimentos em busca de uma participa\u00e7\u00e3o qualitativamente ampliada das ferrovias na matriz de transportes poder\u00e3o ocasionar uma menor cobertura na rede log\u00edstica, dado o fato inerente do retorno comprometido, o que contraria a l\u00f3gica dos investimentos privados. Ainda no campo da teoria dos jogos, o &#8220;poss\u00edvel ganha-ganha&#8221; depender\u00e1 de negocia\u00e7\u00f5es que possam garantir recursos para que os estados e a Uni\u00e3o tenham alternativas em nome do desenvolvimento.<\/p>\n\n\n\n<p>Um terceiro e relevante aspecto \u00e9 a seguran\u00e7a jur\u00eddica. A conclus\u00e3o do processo consolidar\u00e1 a confian\u00e7a dos investidores no marco regulat\u00f3rio brasileiro. A repactua\u00e7\u00e3o das concess\u00f5es \u00e9 um processo de um pa\u00eds maduro, que confia nas institui\u00e7\u00f5es \u00e0 frente deste rito. Concluir representa a institucionaliza\u00e7\u00e3o da confian\u00e7a de que esse processo teve seus percal\u00e7os e negocia\u00e7\u00f5es dif\u00edceis, mas que chegou a uma inten\u00e7\u00e3o s\u00e9ria e s\u00f3lida de continuar contribuindo com o avan\u00e7o da infraestrutura nacional.<\/p>\n\n\n\n<p>A exist\u00eancia de pleitos governamentais eventualmente n\u00e3o atendidos n\u00e3o desabona o processo. O Brasil \u00e9 um pa\u00eds federativo. A concess\u00e3o e o processo de renova\u00e7\u00e3o s\u00e3o federais; portanto nada mais natural que um ente federal \u2013 neste caso os estados \u2013 fa\u00e7a pedidos referentes a ele com total liberdade. Ocorre que existe uma limita\u00e7\u00e3o or\u00e7ament\u00e1ria quando comparada ao volume de demandas.&nbsp;<\/p>\n\n\n\n<p>H\u00e1 cerca de tr\u00eas d\u00e9cadas, o Brasil vivia momentos de grande desola\u00e7\u00e3o para com o seu setor ferrovi\u00e1rio. A ferrovia era considerada um modo de transporte restrito ao min\u00e9rio de ferro. O tempo passou e agora ela se transforma em centro de aten\u00e7\u00f5es e desejos. Mas como ensina a sabedoria popular, em um cen\u00e1rio em que todos t\u00eam raz\u00e3o, ningu\u00e9m leva o p\u00e3o. Como dizem os representantes do poder concedente, o cobertor \u00e9 curto. Ser\u00e1 que o governo federal e seus entes federados s\u00e3o capazes de elevar a discuss\u00e3o no sentido da evolu\u00e7\u00e3o log\u00edstica do Brasil? \u00c9 certo que sim. Sendo assim, \u00e9 preciso atingir um conjunto de balas de prata: projetos que tenham a capacidade de mudar o cen\u00e1rio ferrovi\u00e1rio brasileiro e para onde devem ser direcionados os recursos desse processo.&nbsp;<\/p>\n\n\n\n<p>Portanto, o projeto de renova\u00e7\u00e3o da FCA n\u00e3o pode ser um momento de questionamento sobre a fun\u00e7\u00e3o estrat\u00e9gica da maior parte de sua malha centen\u00e1ria, que precisa ser modernizada para elevar seu n\u00edvel de servi\u00e7o, inclusive para que supostos gargalos sejam definitivamente colocados \u00e0 prova, e que, se assim o forem, sejam objeto de aumento da capacidade operacional. Mundo afora, investir em via permanente \u00e9 um papel que classicamente cabe aos governos federais. As renova\u00e7\u00f5es antecipadas conseguem desonerar o contribuinte brasileiro e a Uni\u00e3o deste esfor\u00e7o, o que novamente revela a necessidade de dar andamento a esse processo.<\/p>\n\n\n\n<p>*<strong>Paulo Resende<\/strong> \u00e9 coordenador do N\u00facleo de Infraestrutura, Supply Chain e Log\u00edstica da FDC (Funda\u00e7\u00e3o Dom Cabral).<\/p>\n\n\n\n<p class=\"has-luminous-vivid-orange-color has-text-color has-link-color wp-elements-fd3f544adf696c46a4d36363cd72c59e\">As opini\u00f5es dos autores n\u00e3o refletem necessariamente o pensamento da<strong> Ag\u00eancia iNFRA<\/strong>, sendo de total responsabilidade do autor as informa\u00e7\u00f5es, ju\u00edzos de valor e conceitos descritos no texto.<\/p>\n","protected":false},"excerpt":{"rendered":"<p>Paulo Resende* A renova\u00e7\u00e3o antecipada da concess\u00e3o da FCA (Ferrovia Centro-Atl\u00e2ntica) \u00e9 um catalisador das discuss\u00f5es sobre a import\u00e2ncia das ferrovias para o desenvolvimento do Brasil. Nenhum outro processo em curso at\u00e9 aqui gerou tantas discuss\u00f5es \u2013 muitas delas v\u00e1lidas, mas ao mesmo tempo variadas e peculiares pela sua exposi\u00e7\u00e3o \u00e0 diversidade log\u00edstica de um [&hellip;]<\/p>\n","protected":false},"author":1,"featured_media":11561,"comment_status":"closed","ping_status":"closed","sticky":false,"template":"","format":"standard","meta":{"_monsterinsights_skip_tracking":false,"_monsterinsights_sitenote_active":false,"_monsterinsights_sitenote_note":"","_monsterinsights_sitenote_category":0,"footnotes":""},"categories":[7250,1,7,10040],"tags":[446,665,79,754,3093,34,270,10317,5967,8829,11535,1033],"class_list":["post-19439","post","type-post","status-publish","format-standard","has-post-thumbnail","hentry","category-destaque-lista","category-geral","category-infratransporte","category-opiniao","tag-fca","tag-fdc","tag-ferrovia","tag-ferrovia-centro-atlantica","tag-fundacao-dom-cabral","tag-infraestrutura","tag-malha-ferroviaria","tag-opiniao","tag-paulo-resende","tag-renovacao-da-fca","tag-renovacao-de-concessao","tag-transporte-ferroviario"],"yoast_head":"<!-- This site is optimized with the Yoast SEO Premium plugin v25.4 (Yoast SEO v26.0) - https:\/\/yoast.com\/wordpress\/plugins\/seo\/ -->\n<title>Opini\u00e3o \u2013 Renova\u00e7\u00e3o da FCA: avan\u00e7o de processo consolidado representa seguran\u00e7a jur\u00eddica - Ag\u00eancia iNFRA<\/title>\n<meta name=\"robots\" content=\"index, follow, max-snippet:-1, max-image-preview:large, max-video-preview:-1\" \/>\n<link rel=\"canonical\" href=\"https:\/\/agenciainfra.com\/blog\/opiniao-renovacao-da-fca-avanco-de-processo-consolidado-representa-seguranca-juridica\/\" \/>\n<meta property=\"og:locale\" content=\"pt_BR\" \/>\n<meta property=\"og:type\" content=\"article\" \/>\n<meta property=\"og:title\" content=\"Opini\u00e3o \u2013 Renova\u00e7\u00e3o da FCA: avan\u00e7o de processo consolidado representa seguran\u00e7a jur\u00eddica\" \/>\n<meta property=\"og:description\" content=\"Paulo Resende* A renova\u00e7\u00e3o antecipada da concess\u00e3o da FCA (Ferrovia Centro-Atl\u00e2ntica) \u00e9 um catalisador das discuss\u00f5es sobre a import\u00e2ncia das ferrovias para o desenvolvimento do Brasil. Nenhum outro processo em curso at\u00e9 aqui gerou tantas discuss\u00f5es \u2013 muitas delas v\u00e1lidas, mas ao mesmo tempo variadas e peculiares pela sua exposi\u00e7\u00e3o \u00e0 diversidade log\u00edstica de um [&hellip;]\" \/>\n<meta property=\"og:url\" content=\"https:\/\/agenciainfra.com\/blog\/opiniao-renovacao-da-fca-avanco-de-processo-consolidado-representa-seguranca-juridica\/\" \/>\n<meta property=\"og:site_name\" content=\"Ag\u00eancia iNFRA\" \/>\n<meta property=\"article:publisher\" content=\"https:\/\/www.facebook.com\/ageninfra\" \/>\n<meta property=\"article:published_time\" content=\"2024-12-04T18:30:00+00:00\" \/>\n<meta property=\"og:image\" content=\"https:\/\/agenciainfra.com\/blog\/wp-content\/uploads\/2022\/10\/paulo-resende-foto-arquivo-pessoal.png\" \/>\n\t<meta property=\"og:image:width\" content=\"1280\" \/>\n\t<meta property=\"og:image:height\" content=\"983\" \/>\n\t<meta property=\"og:image:type\" content=\"image\/png\" \/>\n<meta name=\"author\" content=\"Ag\u00eancia iNFRA\" \/>\n<meta name=\"twitter:card\" content=\"summary_large_image\" \/>\n<meta name=\"twitter:creator\" content=\"@agencia_infra\" \/>\n<meta name=\"twitter:site\" content=\"@agencia_infra\" \/>\n<meta name=\"twitter:label1\" content=\"Escrito por\" \/>\n\t<meta name=\"twitter:data1\" content=\"Ag\u00eancia iNFRA\" \/>\n\t<meta name=\"twitter:label2\" content=\"Est. tempo de leitura\" \/>\n\t<meta name=\"twitter:data2\" content=\"5 minutos\" \/>\n<script type=\"application\/ld+json\" class=\"yoast-schema-graph\">{\"@context\":\"https:\/\/schema.org\",\"@graph\":[{\"@type\":\"Article\",\"@id\":\"https:\/\/agenciainfra.com\/blog\/opiniao-renovacao-da-fca-avanco-de-processo-consolidado-representa-seguranca-juridica\/#article\",\"isPartOf\":{\"@id\":\"https:\/\/agenciainfra.com\/blog\/opiniao-renovacao-da-fca-avanco-de-processo-consolidado-representa-seguranca-juridica\/\"},\"author\":{\"name\":\"Ag\u00eancia iNFRA\",\"@id\":\"https:\/\/agenciainfra.com\/blog\/#\/schema\/person\/34af08dff6adea4cb22b06612ba7acfa\"},\"headline\":\"Opini\u00e3o \u2013 Renova\u00e7\u00e3o da FCA: avan\u00e7o de processo consolidado representa seguran\u00e7a jur\u00eddica\",\"datePublished\":\"2024-12-04T18:30:00+00:00\",\"mainEntityOfPage\":{\"@id\":\"https:\/\/agenciainfra.com\/blog\/opiniao-renovacao-da-fca-avanco-de-processo-consolidado-representa-seguranca-juridica\/\"},\"wordCount\":943,\"publisher\":{\"@id\":\"https:\/\/agenciainfra.com\/blog\/#organization\"},\"image\":{\"@id\":\"https:\/\/agenciainfra.com\/blog\/opiniao-renovacao-da-fca-avanco-de-processo-consolidado-representa-seguranca-juridica\/#primaryimage\"},\"thumbnailUrl\":\"https:\/\/agenciainfra.com\/blog\/wp-content\/uploads\/2022\/10\/paulo-resende-foto-arquivo-pessoal.png\",\"keywords\":[\"FCA\",\"FDC\",\"Ferrovia\",\"Ferrovia Centro-Atl\u00e2ntica\",\"Funda\u00e7\u00e3o Dom Cabral\",\"Infraestrutura\",\"malha ferrovi\u00e1ria\",\"opini\u00e3o\",\"Paulo Resende\",\"Renova\u00e7\u00e3o da FCA\",\"Renova\u00e7\u00e3o de concess\u00e3o\",\"transporte ferrovi\u00e1rio\"],\"articleSection\":[\"Destaque lista\",\"Geral\",\"iNFRATransporte\",\"Opini\u00e3o\"],\"inLanguage\":\"pt-BR\",\"copyrightYear\":\"2024\",\"copyrightHolder\":{\"@id\":\"https:\/\/agenciainfra.com\/blog\/#organization\"}},{\"@type\":\"WebPage\",\"@id\":\"https:\/\/agenciainfra.com\/blog\/opiniao-renovacao-da-fca-avanco-de-processo-consolidado-representa-seguranca-juridica\/\",\"url\":\"https:\/\/agenciainfra.com\/blog\/opiniao-renovacao-da-fca-avanco-de-processo-consolidado-representa-seguranca-juridica\/\",\"name\":\"Opini\u00e3o \u2013 Renova\u00e7\u00e3o da FCA: avan\u00e7o de processo consolidado representa seguran\u00e7a jur\u00eddica - Ag\u00eancia iNFRA\",\"isPartOf\":{\"@id\":\"https:\/\/agenciainfra.com\/blog\/#website\"},\"primaryImageOfPage\":{\"@id\":\"https:\/\/agenciainfra.com\/blog\/opiniao-renovacao-da-fca-avanco-de-processo-consolidado-representa-seguranca-juridica\/#primaryimage\"},\"image\":{\"@id\":\"https:\/\/agenciainfra.com\/blog\/opiniao-renovacao-da-fca-avanco-de-processo-consolidado-representa-seguranca-juridica\/#primaryimage\"},\"thumbnailUrl\":\"https:\/\/agenciainfra.com\/blog\/wp-content\/uploads\/2022\/10\/paulo-resende-foto-arquivo-pessoal.png\",\"datePublished\":\"2024-12-04T18:30:00+00:00\",\"breadcrumb\":{\"@id\":\"https:\/\/agenciainfra.com\/blog\/opiniao-renovacao-da-fca-avanco-de-processo-consolidado-representa-seguranca-juridica\/#breadcrumb\"},\"inLanguage\":\"pt-BR\",\"potentialAction\":[{\"@type\":\"ReadAction\",\"target\":[\"https:\/\/agenciainfra.com\/blog\/opiniao-renovacao-da-fca-avanco-de-processo-consolidado-representa-seguranca-juridica\/\"]}]},{\"@type\":\"ImageObject\",\"inLanguage\":\"pt-BR\",\"@id\":\"https:\/\/agenciainfra.com\/blog\/opiniao-renovacao-da-fca-avanco-de-processo-consolidado-representa-seguranca-juridica\/#primaryimage\",\"url\":\"https:\/\/agenciainfra.com\/blog\/wp-content\/uploads\/2022\/10\/paulo-resende-foto-arquivo-pessoal.png\",\"contentUrl\":\"https:\/\/agenciainfra.com\/blog\/wp-content\/uploads\/2022\/10\/paulo-resende-foto-arquivo-pessoal.png\",\"width\":1280,\"height\":983},{\"@type\":\"BreadcrumbList\",\"@id\":\"https:\/\/agenciainfra.com\/blog\/opiniao-renovacao-da-fca-avanco-de-processo-consolidado-representa-seguranca-juridica\/#breadcrumb\",\"itemListElement\":[{\"@type\":\"ListItem\",\"position\":1,\"name\":\"In\u00edcio\",\"item\":\"https:\/\/agenciainfra.com\/blog\/\"},{\"@type\":\"ListItem\",\"position\":2,\"name\":\"Opini\u00e3o \u2013 Renova\u00e7\u00e3o da FCA: avan\u00e7o de processo consolidado representa seguran\u00e7a jur\u00eddica\"}]},{\"@type\":\"WebSite\",\"@id\":\"https:\/\/agenciainfra.com\/blog\/#website\",\"url\":\"https:\/\/agenciainfra.com\/blog\/\",\"name\":\"Ag\u00eancia iNFRA\",\"description\":\"Multiplataforma de informa\u00e7\u00e3o jornal\u00edstica refer\u00eancia na \u00e1rea de infraestrutura no Brasil!\",\"publisher\":{\"@id\":\"https:\/\/agenciainfra.com\/blog\/#organization\"},\"potentialAction\":[{\"@type\":\"SearchAction\",\"target\":{\"@type\":\"EntryPoint\",\"urlTemplate\":\"https:\/\/agenciainfra.com\/blog\/?s={search_term_string}\"},\"query-input\":{\"@type\":\"PropertyValueSpecification\",\"valueRequired\":true,\"valueName\":\"search_term_string\"}}],\"inLanguage\":\"pt-BR\"},{\"@type\":\"Organization\",\"@id\":\"https:\/\/agenciainfra.com\/blog\/#organization\",\"name\":\"Ag\u00eancia iNFRA\",\"url\":\"https:\/\/agenciainfra.com\/blog\/\",\"logo\":{\"@type\":\"ImageObject\",\"inLanguage\":\"pt-BR\",\"@id\":\"https:\/\/agenciainfra.com\/blog\/#\/schema\/logo\/image\/\",\"url\":\"https:\/\/agenciainfra.com\/blog\/wp-content\/uploads\/2023\/09\/iNFRA_5-e1761735885940.png\",\"contentUrl\":\"https:\/\/agenciainfra.com\/blog\/wp-content\/uploads\/2023\/09\/iNFRA_5-e1761735885940.png\",\"width\":1672,\"height\":454,\"caption\":\"Ag\u00eancia iNFRA\"},\"image\":{\"@id\":\"https:\/\/agenciainfra.com\/blog\/#\/schema\/logo\/image\/\"},\"sameAs\":[\"https:\/\/www.facebook.com\/ageninfra\",\"https:\/\/x.com\/agencia_infra\",\"https:\/\/www.linkedin.com\/company\/ag\u00eanciainfra\/\",\"https:\/\/www.instagram.com\/agenciainfra\/\"]},{\"@type\":\"Person\",\"@id\":\"https:\/\/agenciainfra.com\/blog\/#\/schema\/person\/34af08dff6adea4cb22b06612ba7acfa\",\"name\":\"Ag\u00eancia iNFRA\",\"image\":{\"@type\":\"ImageObject\",\"inLanguage\":\"pt-BR\",\"@id\":\"https:\/\/agenciainfra.com\/blog\/#\/schema\/person\/image\/\",\"url\":\"https:\/\/secure.gravatar.com\/avatar\/d189e01678f06d8eb84d4e01f08eb848b3fffe3f8443818d3c356c66892f5be8?s=96&d=mm&r=g\",\"contentUrl\":\"https:\/\/secure.gravatar.com\/avatar\/d189e01678f06d8eb84d4e01f08eb848b3fffe3f8443818d3c356c66892f5be8?s=96&d=mm&r=g\",\"caption\":\"Ag\u00eancia iNFRA\"},\"url\":\"https:\/\/agenciainfra.com\/blog\/author\/admin\/\"}]}<\/script>\n<!-- \/ Yoast SEO Premium plugin. -->","yoast_head_json":{"title":"Opini\u00e3o \u2013 Renova\u00e7\u00e3o da FCA: avan\u00e7o de processo consolidado representa seguran\u00e7a jur\u00eddica - Ag\u00eancia iNFRA","robots":{"index":"index","follow":"follow","max-snippet":"max-snippet:-1","max-image-preview":"max-image-preview:large","max-video-preview":"max-video-preview:-1"},"canonical":"https:\/\/agenciainfra.com\/blog\/opiniao-renovacao-da-fca-avanco-de-processo-consolidado-representa-seguranca-juridica\/","og_locale":"pt_BR","og_type":"article","og_title":"Opini\u00e3o \u2013 Renova\u00e7\u00e3o da FCA: avan\u00e7o de processo consolidado representa seguran\u00e7a jur\u00eddica","og_description":"Paulo Resende* A renova\u00e7\u00e3o antecipada da concess\u00e3o da FCA (Ferrovia Centro-Atl\u00e2ntica) \u00e9 um catalisador das discuss\u00f5es sobre a import\u00e2ncia das ferrovias para o desenvolvimento do Brasil. Nenhum outro processo em curso at\u00e9 aqui gerou tantas discuss\u00f5es \u2013 muitas delas v\u00e1lidas, mas ao mesmo tempo variadas e peculiares pela sua exposi\u00e7\u00e3o \u00e0 diversidade log\u00edstica de um [&hellip;]","og_url":"https:\/\/agenciainfra.com\/blog\/opiniao-renovacao-da-fca-avanco-de-processo-consolidado-representa-seguranca-juridica\/","og_site_name":"Ag\u00eancia iNFRA","article_publisher":"https:\/\/www.facebook.com\/ageninfra","article_published_time":"2024-12-04T18:30:00+00:00","og_image":[{"width":1280,"height":983,"url":"https:\/\/agenciainfra.com\/blog\/wp-content\/uploads\/2022\/10\/paulo-resende-foto-arquivo-pessoal.png","type":"image\/png"}],"author":"Ag\u00eancia iNFRA","twitter_card":"summary_large_image","twitter_creator":"@agencia_infra","twitter_site":"@agencia_infra","twitter_misc":{"Escrito por":"Ag\u00eancia iNFRA","Est. tempo de leitura":"5 minutos"},"schema":{"@context":"https:\/\/schema.org","@graph":[{"@type":"Article","@id":"https:\/\/agenciainfra.com\/blog\/opiniao-renovacao-da-fca-avanco-de-processo-consolidado-representa-seguranca-juridica\/#article","isPartOf":{"@id":"https:\/\/agenciainfra.com\/blog\/opiniao-renovacao-da-fca-avanco-de-processo-consolidado-representa-seguranca-juridica\/"},"author":{"name":"Ag\u00eancia iNFRA","@id":"https:\/\/agenciainfra.com\/blog\/#\/schema\/person\/34af08dff6adea4cb22b06612ba7acfa"},"headline":"Opini\u00e3o \u2013 Renova\u00e7\u00e3o da FCA: avan\u00e7o de processo consolidado representa seguran\u00e7a jur\u00eddica","datePublished":"2024-12-04T18:30:00+00:00","mainEntityOfPage":{"@id":"https:\/\/agenciainfra.com\/blog\/opiniao-renovacao-da-fca-avanco-de-processo-consolidado-representa-seguranca-juridica\/"},"wordCount":943,"publisher":{"@id":"https:\/\/agenciainfra.com\/blog\/#organization"},"image":{"@id":"https:\/\/agenciainfra.com\/blog\/opiniao-renovacao-da-fca-avanco-de-processo-consolidado-representa-seguranca-juridica\/#primaryimage"},"thumbnailUrl":"https:\/\/agenciainfra.com\/blog\/wp-content\/uploads\/2022\/10\/paulo-resende-foto-arquivo-pessoal.png","keywords":["FCA","FDC","Ferrovia","Ferrovia Centro-Atl\u00e2ntica","Funda\u00e7\u00e3o Dom Cabral","Infraestrutura","malha ferrovi\u00e1ria","opini\u00e3o","Paulo Resende","Renova\u00e7\u00e3o da FCA","Renova\u00e7\u00e3o de concess\u00e3o","transporte ferrovi\u00e1rio"],"articleSection":["Destaque lista","Geral","iNFRATransporte","Opini\u00e3o"],"inLanguage":"pt-BR","copyrightYear":"2024","copyrightHolder":{"@id":"https:\/\/agenciainfra.com\/blog\/#organization"}},{"@type":"WebPage","@id":"https:\/\/agenciainfra.com\/blog\/opiniao-renovacao-da-fca-avanco-de-processo-consolidado-representa-seguranca-juridica\/","url":"https:\/\/agenciainfra.com\/blog\/opiniao-renovacao-da-fca-avanco-de-processo-consolidado-representa-seguranca-juridica\/","name":"Opini\u00e3o \u2013 Renova\u00e7\u00e3o da FCA: avan\u00e7o de processo consolidado representa seguran\u00e7a jur\u00eddica - Ag\u00eancia iNFRA","isPartOf":{"@id":"https:\/\/agenciainfra.com\/blog\/#website"},"primaryImageOfPage":{"@id":"https:\/\/agenciainfra.com\/blog\/opiniao-renovacao-da-fca-avanco-de-processo-consolidado-representa-seguranca-juridica\/#primaryimage"},"image":{"@id":"https:\/\/agenciainfra.com\/blog\/opiniao-renovacao-da-fca-avanco-de-processo-consolidado-representa-seguranca-juridica\/#primaryimage"},"thumbnailUrl":"https:\/\/agenciainfra.com\/blog\/wp-content\/uploads\/2022\/10\/paulo-resende-foto-arquivo-pessoal.png","datePublished":"2024-12-04T18:30:00+00:00","breadcrumb":{"@id":"https:\/\/agenciainfra.com\/blog\/opiniao-renovacao-da-fca-avanco-de-processo-consolidado-representa-seguranca-juridica\/#breadcrumb"},"inLanguage":"pt-BR","potentialAction":[{"@type":"ReadAction","target":["https:\/\/agenciainfra.com\/blog\/opiniao-renovacao-da-fca-avanco-de-processo-consolidado-representa-seguranca-juridica\/"]}]},{"@type":"ImageObject","inLanguage":"pt-BR","@id":"https:\/\/agenciainfra.com\/blog\/opiniao-renovacao-da-fca-avanco-de-processo-consolidado-representa-seguranca-juridica\/#primaryimage","url":"https:\/\/agenciainfra.com\/blog\/wp-content\/uploads\/2022\/10\/paulo-resende-foto-arquivo-pessoal.png","contentUrl":"https:\/\/agenciainfra.com\/blog\/wp-content\/uploads\/2022\/10\/paulo-resende-foto-arquivo-pessoal.png","width":1280,"height":983},{"@type":"BreadcrumbList","@id":"https:\/\/agenciainfra.com\/blog\/opiniao-renovacao-da-fca-avanco-de-processo-consolidado-representa-seguranca-juridica\/#breadcrumb","itemListElement":[{"@type":"ListItem","position":1,"name":"In\u00edcio","item":"https:\/\/agenciainfra.com\/blog\/"},{"@type":"ListItem","position":2,"name":"Opini\u00e3o \u2013 Renova\u00e7\u00e3o da FCA: avan\u00e7o de processo consolidado representa seguran\u00e7a jur\u00eddica"}]},{"@type":"WebSite","@id":"https:\/\/agenciainfra.com\/blog\/#website","url":"https:\/\/agenciainfra.com\/blog\/","name":"Ag\u00eancia iNFRA","description":"Multiplataforma de informa\u00e7\u00e3o jornal\u00edstica refer\u00eancia na \u00e1rea de infraestrutura no Brasil!","publisher":{"@id":"https:\/\/agenciainfra.com\/blog\/#organization"},"potentialAction":[{"@type":"SearchAction","target":{"@type":"EntryPoint","urlTemplate":"https:\/\/agenciainfra.com\/blog\/?s={search_term_string}"},"query-input":{"@type":"PropertyValueSpecification","valueRequired":true,"valueName":"search_term_string"}}],"inLanguage":"pt-BR"},{"@type":"Organization","@id":"https:\/\/agenciainfra.com\/blog\/#organization","name":"Ag\u00eancia iNFRA","url":"https:\/\/agenciainfra.com\/blog\/","logo":{"@type":"ImageObject","inLanguage":"pt-BR","@id":"https:\/\/agenciainfra.com\/blog\/#\/schema\/logo\/image\/","url":"https:\/\/agenciainfra.com\/blog\/wp-content\/uploads\/2023\/09\/iNFRA_5-e1761735885940.png","contentUrl":"https:\/\/agenciainfra.com\/blog\/wp-content\/uploads\/2023\/09\/iNFRA_5-e1761735885940.png","width":1672,"height":454,"caption":"Ag\u00eancia iNFRA"},"image":{"@id":"https:\/\/agenciainfra.com\/blog\/#\/schema\/logo\/image\/"},"sameAs":["https:\/\/www.facebook.com\/ageninfra","https:\/\/x.com\/agencia_infra","https:\/\/www.linkedin.com\/company\/ag\u00eanciainfra\/","https:\/\/www.instagram.com\/agenciainfra\/"]},{"@type":"Person","@id":"https:\/\/agenciainfra.com\/blog\/#\/schema\/person\/34af08dff6adea4cb22b06612ba7acfa","name":"Ag\u00eancia iNFRA","image":{"@type":"ImageObject","inLanguage":"pt-BR","@id":"https:\/\/agenciainfra.com\/blog\/#\/schema\/person\/image\/","url":"https:\/\/secure.gravatar.com\/avatar\/d189e01678f06d8eb84d4e01f08eb848b3fffe3f8443818d3c356c66892f5be8?s=96&d=mm&r=g","contentUrl":"https:\/\/secure.gravatar.com\/avatar\/d189e01678f06d8eb84d4e01f08eb848b3fffe3f8443818d3c356c66892f5be8?s=96&d=mm&r=g","caption":"Ag\u00eancia iNFRA"},"url":"https:\/\/agenciainfra.com\/blog\/author\/admin\/"}]}},"_links":{"self":[{"href":"https:\/\/agenciainfra.com\/blog\/wp-json\/wp\/v2\/posts\/19439","targetHints":{"allow":["GET"]}}],"collection":[{"href":"https:\/\/agenciainfra.com\/blog\/wp-json\/wp\/v2\/posts"}],"about":[{"href":"https:\/\/agenciainfra.com\/blog\/wp-json\/wp\/v2\/types\/post"}],"author":[{"embeddable":true,"href":"https:\/\/agenciainfra.com\/blog\/wp-json\/wp\/v2\/users\/1"}],"replies":[{"embeddable":true,"href":"https:\/\/agenciainfra.com\/blog\/wp-json\/wp\/v2\/comments?post=19439"}],"version-history":[{"count":1,"href":"https:\/\/agenciainfra.com\/blog\/wp-json\/wp\/v2\/posts\/19439\/revisions"}],"predecessor-version":[{"id":19440,"href":"https:\/\/agenciainfra.com\/blog\/wp-json\/wp\/v2\/posts\/19439\/revisions\/19440"}],"wp:featuredmedia":[{"embeddable":true,"href":"https:\/\/agenciainfra.com\/blog\/wp-json\/wp\/v2\/media\/11561"}],"wp:attachment":[{"href":"https:\/\/agenciainfra.com\/blog\/wp-json\/wp\/v2\/media?parent=19439"}],"wp:term":[{"taxonomy":"category","embeddable":true,"href":"https:\/\/agenciainfra.com\/blog\/wp-json\/wp\/v2\/categories?post=19439"},{"taxonomy":"post_tag","embeddable":true,"href":"https:\/\/agenciainfra.com\/blog\/wp-json\/wp\/v2\/tags?post=19439"}],"curies":[{"name":"wp","href":"https:\/\/api.w.org\/{rel}","templated":true}]}}