{"id":19446,"date":"2024-12-05T14:00:00","date_gmt":"2024-12-05T17:00:00","guid":{"rendered":"https:\/\/agenciainfra.com\/blog\/?p=19446"},"modified":"2024-12-05T16:32:20","modified_gmt":"2024-12-05T19:32:20","slug":"tcu-determina-fiscalizacao-sobre-demora-na-liberacao-de-licencas-ambientais","status":"publish","type":"post","link":"https:\/\/agenciainfra.com\/blog\/tcu-determina-fiscalizacao-sobre-demora-na-liberacao-de-licencas-ambientais\/","title":{"rendered":"TCU determina fiscaliza\u00e7\u00e3o sobre demora na libera\u00e7\u00e3o de licen\u00e7as ambientais"},"content":{"rendered":"\n<p class=\"has-text-align-right\"><strong>Mar\u00edlia Sena, da Ag\u00eancia iNFRA<\/strong><\/p>\n\n\n\n<p>O rec\u00e9m-eleito&nbsp;presidente do TCU (Tribunal de Contas da Uni\u00e3o), Vital do R\u00eago, determinou uma fiscaliza\u00e7\u00e3o sobre a demora na libera\u00e7\u00e3o de licen\u00e7as ambientais nos processos das ag\u00eancias reguladoras. A proposta foi aprovada por unanimidade pelos demais membros da Corte.<\/p>\n\n\n\n<p>Em sua solicita\u00e7\u00e3o, o ministro destacou que a morosidade nas an\u00e1lises de licenciamento tem prejudicado o desenvolvimento do Brasil e pediu aos auditores que avaliassem os impactos econ\u00f4micos resultantes desses atrasos. A determina\u00e7\u00e3o foi dada durante a leitura dos votos dos processos de que o ministro \u00e9 relator, na sess\u00e3o desta quarta-feira (4).&nbsp;<\/p>\n\n\n\n<p>Segundo o ministro, a fiscaliza\u00e7\u00e3o ser\u00e1 feita no Ibama (Instituto Brasileiro do Meio Ambiente e dos Recursos Renov\u00e1veis) e nas ag\u00eancias reguladoras, pela Segecex (Secretaria Geral do Controle Externo). Vital do R\u00eago n\u00e3o explicou o porqu\u00ea das autarquias tamb\u00e9m serem alvos da medida.<\/p>\n\n\n\n<p>Fontes relacionadas ao gabinete do ministro acreditam que ele se referiu \u00e0s licen\u00e7as ligadas aos processos de concess\u00e3o e por isso incluiu as ag\u00eancias que s\u00e3o as demandantes das autoriza\u00e7\u00f5es.<\/p>\n\n\n\n<p><strong>Nova presid\u00eancia<\/strong><br>Vital do R\u00eago foi eleito, nesta quarta-feira (4), para suceder o ministro Bruno Dantas na presid\u00eancia do TCU. Ele assumir\u00e1 o cargo em 1\u00ba de janeiro de 2025. Jorge Oliveira foi eleito vice-presidente, substituindo Vital do R\u00eago, que ocupou a fun\u00e7\u00e3o nos anos de 2023 e 2024.<\/p>\n\n\n\n<p>A cerim\u00f4nia de posse ocorrer\u00e1 na pr\u00f3xima quarta-feira (11). No TCU, a elei\u00e7\u00e3o segue o crit\u00e9rio de antiguidade, e o per\u00edodo de mandato \u00e9 de um ano, podendo haver recondu\u00e7\u00e3o para mais um ano. Assim, os pr\u00f3ximos ministros a assumirem a presid\u00eancia dever\u00e3o ser Jorge Oliveira e Antonio Anastasia.<\/p>\n\n\n\n<p>A elei\u00e7\u00e3o de Vital do R\u00eago foi comemorada durante a \u00faltima sess\u00e3o. O ministro n\u00e3o fez discurso, mas agradeceu a confian\u00e7a de seus colegas. &#8220;Temos um compromisso, n\u00e3o apenas afetivo, mas funcional, de manter e fortalecer todos os produtos que prestamos \u00e0 sociedade. Amamos o Brasil e trabalharemos por ele, pelo cidad\u00e3o brasileiro&#8221;, afirmou.<\/p>\n\n\n\n<p>O ministro Bruno Dantas tamb\u00e9m parabenizou Vital do R\u00eago, mas deixou o discurso formal para a pr\u00f3xima quarta-feira (11), quando realizar\u00e1 um balan\u00e7o das a\u00e7\u00f5es do TCU durante seu mandato.<\/p>\n\n\n\n<p><strong>Regula\u00e7\u00e3o de demurrage<\/strong><br>Durante a mesma sess\u00e3o, Vital do R\u00eago apresentou seu voto em rela\u00e7\u00e3o a uma den\u00fancia sobre poss\u00edvel omiss\u00e3o da ANTAQ (Ag\u00eancia Nacional de Transportes Aquavi\u00e1rios) na regula\u00e7\u00e3o da taxa de sobre-estadia (demurrage) de cont\u00eaineres. Para o ministro, n\u00e3o houve neglig\u00eancia por parte da ANTAQ.<\/p>\n\n\n\n<p>Ele destacou que a autarquia fez uma &#8220;escolha regulat\u00f3ria&#8221; ao decidir atacar as assimetrias de informa\u00e7\u00e3o, definindo elementos relevantes, como o per\u00edodo de livre estadia, as causas para suspens\u00e3o do prazo e o momento em que a responsabilidade se encerra. A ag\u00eancia, segundo o ministro, deixou o mercado se autorregular no que diz respeito ao valor cobrado, focando apenas em casos abusivos que chegassem ao seu conhecimento.<\/p>\n\n\n\n<p>O caso \u00e9 antigo e remonta a um per\u00edodo em que os usu\u00e1rios da ANTAQ n\u00e3o concordaram com a falta de regras mais r\u00edgidas sobre a cobran\u00e7a da demurrage. Como resultado, foi apresentada uma den\u00fancia sobre a atua\u00e7\u00e3o da ag\u00eancia.<\/p>\n\n\n\n<p>Na decis\u00e3o, houve determina\u00e7\u00e3o para que a&nbsp;Secretaria de Fiscaliza\u00e7\u00e3o de Infraestrutura Portu\u00e1ria e Ferrovi\u00e1ria&nbsp;realize&nbsp;fiscaliza\u00e7\u00e3o sobre a fundamenta\u00e7\u00e3o da escolha regulat\u00f3ria feita pela ANTAQ para regular o tema, avaliando se os estudos demonstram que essa abordagem traz mais benef\u00edcios e menos preju\u00edzos \u00e0 sociedade, &#8220;sob o ponto de vista do interesse p\u00fablico e do mercado regulado&#8221;, afirmou o ministro Vital do R\u00eago em seu voto.<\/p>\n\n\n\n<p>Al\u00e9m disso, foi determinada a avalia\u00e7\u00e3o de alternativas metodol\u00f3gicas para o c\u00e1lculo de padr\u00f5es quantitativos de abusividade na cobran\u00e7a da sobre-estadia. A an\u00e1lise tamb\u00e9m dever\u00e1 verificar se as cobran\u00e7as previstas em contrato respeitam a fun\u00e7\u00e3o social do contrato e a boa-f\u00e9, concluiu o ministro. A decis\u00e3o est\u00e1&nbsp;<a href=\"https:\/\/drive.google.com\/file\/d\/1iSRcgfHhQ4oV7gSMd472yMalnEccQogG\/view?usp=sharing\" target=\"_blank\" rel=\"noreferrer noopener\">neste link<\/a>.<\/p>\n","protected":false},"excerpt":{"rendered":"<p>Mar\u00edlia Sena, da Ag\u00eancia iNFRA O rec\u00e9m-eleito&nbsp;presidente do TCU (Tribunal de Contas da Uni\u00e3o), Vital do R\u00eago, determinou uma fiscaliza\u00e7\u00e3o sobre a demora na libera\u00e7\u00e3o de licen\u00e7as ambientais nos processos das ag\u00eancias reguladoras. A proposta foi aprovada por unanimidade pelos demais membros da Corte. Em sua solicita\u00e7\u00e3o, o ministro destacou que a morosidade nas an\u00e1lises [&hellip;]<\/p>\n","protected":false},"author":1,"featured_media":17776,"comment_status":"closed","ping_status":"closed","sticky":false,"template":"","format":"standard","meta":{"_monsterinsights_skip_tracking":false,"_monsterinsights_sitenote_active":false,"_monsterinsights_sitenote_note":"","_monsterinsights_sitenote_category":0,"footnotes":""},"categories":[7250,1,2052],"tags":[86,3252,396,11898,380,11897,749,7948,11654,11899,18,860],"class_list":["post-19446","post","type-post","status-publish","format-standard","has-post-thumbnail","hentry","category-destaque-lista","category-geral","category-infra-transicao","tag-antaq","tag-antonio-anastasia","tag-bruno-dantas","tag-eleicao-no-tcu","tag-fiscalizacao","tag-fiscalizacao-ambiental","tag-ibama","tag-licencas-ambientais","tag-marilia-sena","tag-regulacao-de-demurrage","tag-tcu","tag-vital-do-rego"],"yoast_head":"<!-- This site is optimized with the Yoast SEO Premium plugin v25.4 (Yoast SEO v26.0) - https:\/\/yoast.com\/wordpress\/plugins\/seo\/ -->\n<title>TCU determina fiscaliza\u00e7\u00e3o sobre demora na libera\u00e7\u00e3o de licen\u00e7as ambientais - Ag\u00eancia iNFRA<\/title>\n<meta name=\"robots\" content=\"index, follow, max-snippet:-1, max-image-preview:large, max-video-preview:-1\" \/>\n<link rel=\"canonical\" href=\"https:\/\/agenciainfra.com\/blog\/tcu-determina-fiscalizacao-sobre-demora-na-liberacao-de-licencas-ambientais\/\" \/>\n<meta property=\"og:locale\" content=\"pt_BR\" \/>\n<meta property=\"og:type\" content=\"article\" \/>\n<meta property=\"og:title\" content=\"TCU determina fiscaliza\u00e7\u00e3o sobre demora na libera\u00e7\u00e3o de licen\u00e7as ambientais\" \/>\n<meta property=\"og:description\" content=\"Mar\u00edlia Sena, da Ag\u00eancia iNFRA O rec\u00e9m-eleito&nbsp;presidente do TCU (Tribunal de Contas da Uni\u00e3o), Vital do R\u00eago, determinou uma fiscaliza\u00e7\u00e3o sobre a demora na libera\u00e7\u00e3o de licen\u00e7as ambientais nos processos das ag\u00eancias reguladoras. A proposta foi aprovada por unanimidade pelos demais membros da Corte. Em sua solicita\u00e7\u00e3o, o ministro destacou que a morosidade nas an\u00e1lises [&hellip;]\" \/>\n<meta property=\"og:url\" content=\"https:\/\/agenciainfra.com\/blog\/tcu-determina-fiscalizacao-sobre-demora-na-liberacao-de-licencas-ambientais\/\" \/>\n<meta property=\"og:site_name\" content=\"Ag\u00eancia iNFRA\" \/>\n<meta property=\"article:publisher\" content=\"https:\/\/www.facebook.com\/ageninfra\" \/>\n<meta property=\"article:published_time\" content=\"2024-12-05T17:00:00+00:00\" \/>\n<meta property=\"article:modified_time\" content=\"2024-12-05T19:32:20+00:00\" \/>\n<meta property=\"og:image\" content=\"https:\/\/agenciainfra.com\/blog\/wp-content\/uploads\/2024\/07\/vital-do-rego-foto-ascom-tcu-samuel-figueira-3.jpg\" \/>\n\t<meta property=\"og:image:width\" content=\"1202\" \/>\n\t<meta property=\"og:image:height\" content=\"802\" \/>\n\t<meta property=\"og:image:type\" content=\"image\/jpeg\" \/>\n<meta name=\"author\" content=\"Ag\u00eancia iNFRA\" \/>\n<meta name=\"twitter:card\" content=\"summary_large_image\" \/>\n<meta name=\"twitter:creator\" content=\"@agencia_infra\" \/>\n<meta name=\"twitter:site\" content=\"@agencia_infra\" \/>\n<meta name=\"twitter:label1\" content=\"Escrito por\" \/>\n\t<meta name=\"twitter:data1\" content=\"Ag\u00eancia iNFRA\" \/>\n\t<meta name=\"twitter:label2\" content=\"Est. tempo de leitura\" \/>\n\t<meta name=\"twitter:data2\" content=\"4 minutos\" \/>\n<script type=\"application\/ld+json\" class=\"yoast-schema-graph\">{\"@context\":\"https:\/\/schema.org\",\"@graph\":[{\"@type\":\"Article\",\"@id\":\"https:\/\/agenciainfra.com\/blog\/tcu-determina-fiscalizacao-sobre-demora-na-liberacao-de-licencas-ambientais\/#article\",\"isPartOf\":{\"@id\":\"https:\/\/agenciainfra.com\/blog\/tcu-determina-fiscalizacao-sobre-demora-na-liberacao-de-licencas-ambientais\/\"},\"author\":{\"name\":\"Ag\u00eancia iNFRA\",\"@id\":\"https:\/\/agenciainfra.com\/blog\/#\/schema\/person\/34af08dff6adea4cb22b06612ba7acfa\"},\"headline\":\"TCU determina fiscaliza\u00e7\u00e3o sobre demora na libera\u00e7\u00e3o de licen\u00e7as ambientais\",\"datePublished\":\"2024-12-05T17:00:00+00:00\",\"dateModified\":\"2024-12-05T19:32:20+00:00\",\"mainEntityOfPage\":{\"@id\":\"https:\/\/agenciainfra.com\/blog\/tcu-determina-fiscalizacao-sobre-demora-na-liberacao-de-licencas-ambientais\/\"},\"wordCount\":729,\"publisher\":{\"@id\":\"https:\/\/agenciainfra.com\/blog\/#organization\"},\"image\":{\"@id\":\"https:\/\/agenciainfra.com\/blog\/tcu-determina-fiscalizacao-sobre-demora-na-liberacao-de-licencas-ambientais\/#primaryimage\"},\"thumbnailUrl\":\"https:\/\/agenciainfra.com\/blog\/wp-content\/uploads\/2024\/07\/vital-do-rego-foto-ascom-tcu-samuel-figueira-3.jpg\",\"keywords\":[\"ANTAQ\",\"Antonio Anastasia\",\"Bruno Dantas\",\"Elei\u00e7\u00e3o no TCU\",\"fiscaliza\u00e7\u00e3o\",\"fiscaliza\u00e7\u00e3o ambiental\",\"Ibama\",\"Licen\u00e7as ambientais\",\"Mar\u00edlia Sena\",\"regula\u00e7\u00e3o de demurrage\",\"TCU\",\"Vital do R\u00eago\"],\"articleSection\":[\"Destaque lista\",\"Geral\",\"iNFRA Na Transi\u00e7\u00e3o\"],\"inLanguage\":\"pt-BR\",\"copyrightYear\":\"2024\",\"copyrightHolder\":{\"@id\":\"https:\/\/agenciainfra.com\/blog\/#organization\"}},{\"@type\":\"WebPage\",\"@id\":\"https:\/\/agenciainfra.com\/blog\/tcu-determina-fiscalizacao-sobre-demora-na-liberacao-de-licencas-ambientais\/\",\"url\":\"https:\/\/agenciainfra.com\/blog\/tcu-determina-fiscalizacao-sobre-demora-na-liberacao-de-licencas-ambientais\/\",\"name\":\"TCU determina fiscaliza\u00e7\u00e3o sobre demora na libera\u00e7\u00e3o de licen\u00e7as ambientais - Ag\u00eancia iNFRA\",\"isPartOf\":{\"@id\":\"https:\/\/agenciainfra.com\/blog\/#website\"},\"primaryImageOfPage\":{\"@id\":\"https:\/\/agenciainfra.com\/blog\/tcu-determina-fiscalizacao-sobre-demora-na-liberacao-de-licencas-ambientais\/#primaryimage\"},\"image\":{\"@id\":\"https:\/\/agenciainfra.com\/blog\/tcu-determina-fiscalizacao-sobre-demora-na-liberacao-de-licencas-ambientais\/#primaryimage\"},\"thumbnailUrl\":\"https:\/\/agenciainfra.com\/blog\/wp-content\/uploads\/2024\/07\/vital-do-rego-foto-ascom-tcu-samuel-figueira-3.jpg\",\"datePublished\":\"2024-12-05T17:00:00+00:00\",\"dateModified\":\"2024-12-05T19:32:20+00:00\",\"breadcrumb\":{\"@id\":\"https:\/\/agenciainfra.com\/blog\/tcu-determina-fiscalizacao-sobre-demora-na-liberacao-de-licencas-ambientais\/#breadcrumb\"},\"inLanguage\":\"pt-BR\",\"potentialAction\":[{\"@type\":\"ReadAction\",\"target\":[\"https:\/\/agenciainfra.com\/blog\/tcu-determina-fiscalizacao-sobre-demora-na-liberacao-de-licencas-ambientais\/\"]}]},{\"@type\":\"ImageObject\",\"inLanguage\":\"pt-BR\",\"@id\":\"https:\/\/agenciainfra.com\/blog\/tcu-determina-fiscalizacao-sobre-demora-na-liberacao-de-licencas-ambientais\/#primaryimage\",\"url\":\"https:\/\/agenciainfra.com\/blog\/wp-content\/uploads\/2024\/07\/vital-do-rego-foto-ascom-tcu-samuel-figueira-3.jpg\",\"contentUrl\":\"https:\/\/agenciainfra.com\/blog\/wp-content\/uploads\/2024\/07\/vital-do-rego-foto-ascom-tcu-samuel-figueira-3.jpg\",\"width\":1202,\"height\":802,\"caption\":\"Foto: Samuel Figueira\/TCU\"},{\"@type\":\"BreadcrumbList\",\"@id\":\"https:\/\/agenciainfra.com\/blog\/tcu-determina-fiscalizacao-sobre-demora-na-liberacao-de-licencas-ambientais\/#breadcrumb\",\"itemListElement\":[{\"@type\":\"ListItem\",\"position\":1,\"name\":\"In\u00edcio\",\"item\":\"https:\/\/agenciainfra.com\/blog\/\"},{\"@type\":\"ListItem\",\"position\":2,\"name\":\"TCU determina fiscaliza\u00e7\u00e3o sobre demora na libera\u00e7\u00e3o de licen\u00e7as ambientais\"}]},{\"@type\":\"WebSite\",\"@id\":\"https:\/\/agenciainfra.com\/blog\/#website\",\"url\":\"https:\/\/agenciainfra.com\/blog\/\",\"name\":\"Ag\u00eancia iNFRA\",\"description\":\"Multiplataforma de informa\u00e7\u00e3o jornal\u00edstica refer\u00eancia na \u00e1rea de infraestrutura no Brasil!\",\"publisher\":{\"@id\":\"https:\/\/agenciainfra.com\/blog\/#organization\"},\"potentialAction\":[{\"@type\":\"SearchAction\",\"target\":{\"@type\":\"EntryPoint\",\"urlTemplate\":\"https:\/\/agenciainfra.com\/blog\/?s={search_term_string}\"},\"query-input\":{\"@type\":\"PropertyValueSpecification\",\"valueRequired\":true,\"valueName\":\"search_term_string\"}}],\"inLanguage\":\"pt-BR\"},{\"@type\":\"Organization\",\"@id\":\"https:\/\/agenciainfra.com\/blog\/#organization\",\"name\":\"Ag\u00eancia iNFRA\",\"url\":\"https:\/\/agenciainfra.com\/blog\/\",\"logo\":{\"@type\":\"ImageObject\",\"inLanguage\":\"pt-BR\",\"@id\":\"https:\/\/agenciainfra.com\/blog\/#\/schema\/logo\/image\/\",\"url\":\"https:\/\/agenciainfra.com\/blog\/wp-content\/uploads\/2023\/09\/iNFRA_5-e1761735885940.png\",\"contentUrl\":\"https:\/\/agenciainfra.com\/blog\/wp-content\/uploads\/2023\/09\/iNFRA_5-e1761735885940.png\",\"width\":1672,\"height\":454,\"caption\":\"Ag\u00eancia iNFRA\"},\"image\":{\"@id\":\"https:\/\/agenciainfra.com\/blog\/#\/schema\/logo\/image\/\"},\"sameAs\":[\"https:\/\/www.facebook.com\/ageninfra\",\"https:\/\/x.com\/agencia_infra\",\"https:\/\/www.linkedin.com\/company\/ag\u00eanciainfra\/\",\"https:\/\/www.instagram.com\/agenciainfra\/\"]},{\"@type\":\"Person\",\"@id\":\"https:\/\/agenciainfra.com\/blog\/#\/schema\/person\/34af08dff6adea4cb22b06612ba7acfa\",\"name\":\"Ag\u00eancia iNFRA\",\"image\":{\"@type\":\"ImageObject\",\"inLanguage\":\"pt-BR\",\"@id\":\"https:\/\/agenciainfra.com\/blog\/#\/schema\/person\/image\/\",\"url\":\"https:\/\/secure.gravatar.com\/avatar\/d189e01678f06d8eb84d4e01f08eb848b3fffe3f8443818d3c356c66892f5be8?s=96&d=mm&r=g\",\"contentUrl\":\"https:\/\/secure.gravatar.com\/avatar\/d189e01678f06d8eb84d4e01f08eb848b3fffe3f8443818d3c356c66892f5be8?s=96&d=mm&r=g\",\"caption\":\"Ag\u00eancia iNFRA\"},\"url\":\"https:\/\/agenciainfra.com\/blog\/author\/admin\/\"}]}<\/script>\n<!-- \/ Yoast SEO Premium plugin. -->","yoast_head_json":{"title":"TCU determina fiscaliza\u00e7\u00e3o sobre demora na libera\u00e7\u00e3o de licen\u00e7as ambientais - Ag\u00eancia iNFRA","robots":{"index":"index","follow":"follow","max-snippet":"max-snippet:-1","max-image-preview":"max-image-preview:large","max-video-preview":"max-video-preview:-1"},"canonical":"https:\/\/agenciainfra.com\/blog\/tcu-determina-fiscalizacao-sobre-demora-na-liberacao-de-licencas-ambientais\/","og_locale":"pt_BR","og_type":"article","og_title":"TCU determina fiscaliza\u00e7\u00e3o sobre demora na libera\u00e7\u00e3o de licen\u00e7as ambientais","og_description":"Mar\u00edlia Sena, da Ag\u00eancia iNFRA O rec\u00e9m-eleito&nbsp;presidente do TCU (Tribunal de Contas da Uni\u00e3o), Vital do R\u00eago, determinou uma fiscaliza\u00e7\u00e3o sobre a demora na libera\u00e7\u00e3o de licen\u00e7as ambientais nos processos das ag\u00eancias reguladoras. A proposta foi aprovada por unanimidade pelos demais membros da Corte. Em sua solicita\u00e7\u00e3o, o ministro destacou que a morosidade nas an\u00e1lises [&hellip;]","og_url":"https:\/\/agenciainfra.com\/blog\/tcu-determina-fiscalizacao-sobre-demora-na-liberacao-de-licencas-ambientais\/","og_site_name":"Ag\u00eancia iNFRA","article_publisher":"https:\/\/www.facebook.com\/ageninfra","article_published_time":"2024-12-05T17:00:00+00:00","article_modified_time":"2024-12-05T19:32:20+00:00","og_image":[{"width":1202,"height":802,"url":"https:\/\/agenciainfra.com\/blog\/wp-content\/uploads\/2024\/07\/vital-do-rego-foto-ascom-tcu-samuel-figueira-3.jpg","type":"image\/jpeg"}],"author":"Ag\u00eancia iNFRA","twitter_card":"summary_large_image","twitter_creator":"@agencia_infra","twitter_site":"@agencia_infra","twitter_misc":{"Escrito por":"Ag\u00eancia iNFRA","Est. tempo de leitura":"4 minutos"},"schema":{"@context":"https:\/\/schema.org","@graph":[{"@type":"Article","@id":"https:\/\/agenciainfra.com\/blog\/tcu-determina-fiscalizacao-sobre-demora-na-liberacao-de-licencas-ambientais\/#article","isPartOf":{"@id":"https:\/\/agenciainfra.com\/blog\/tcu-determina-fiscalizacao-sobre-demora-na-liberacao-de-licencas-ambientais\/"},"author":{"name":"Ag\u00eancia iNFRA","@id":"https:\/\/agenciainfra.com\/blog\/#\/schema\/person\/34af08dff6adea4cb22b06612ba7acfa"},"headline":"TCU determina fiscaliza\u00e7\u00e3o sobre demora na libera\u00e7\u00e3o de licen\u00e7as ambientais","datePublished":"2024-12-05T17:00:00+00:00","dateModified":"2024-12-05T19:32:20+00:00","mainEntityOfPage":{"@id":"https:\/\/agenciainfra.com\/blog\/tcu-determina-fiscalizacao-sobre-demora-na-liberacao-de-licencas-ambientais\/"},"wordCount":729,"publisher":{"@id":"https:\/\/agenciainfra.com\/blog\/#organization"},"image":{"@id":"https:\/\/agenciainfra.com\/blog\/tcu-determina-fiscalizacao-sobre-demora-na-liberacao-de-licencas-ambientais\/#primaryimage"},"thumbnailUrl":"https:\/\/agenciainfra.com\/blog\/wp-content\/uploads\/2024\/07\/vital-do-rego-foto-ascom-tcu-samuel-figueira-3.jpg","keywords":["ANTAQ","Antonio Anastasia","Bruno Dantas","Elei\u00e7\u00e3o no TCU","fiscaliza\u00e7\u00e3o","fiscaliza\u00e7\u00e3o ambiental","Ibama","Licen\u00e7as ambientais","Mar\u00edlia Sena","regula\u00e7\u00e3o de demurrage","TCU","Vital do R\u00eago"],"articleSection":["Destaque lista","Geral","iNFRA Na Transi\u00e7\u00e3o"],"inLanguage":"pt-BR","copyrightYear":"2024","copyrightHolder":{"@id":"https:\/\/agenciainfra.com\/blog\/#organization"}},{"@type":"WebPage","@id":"https:\/\/agenciainfra.com\/blog\/tcu-determina-fiscalizacao-sobre-demora-na-liberacao-de-licencas-ambientais\/","url":"https:\/\/agenciainfra.com\/blog\/tcu-determina-fiscalizacao-sobre-demora-na-liberacao-de-licencas-ambientais\/","name":"TCU determina fiscaliza\u00e7\u00e3o sobre demora na libera\u00e7\u00e3o de licen\u00e7as ambientais - Ag\u00eancia iNFRA","isPartOf":{"@id":"https:\/\/agenciainfra.com\/blog\/#website"},"primaryImageOfPage":{"@id":"https:\/\/agenciainfra.com\/blog\/tcu-determina-fiscalizacao-sobre-demora-na-liberacao-de-licencas-ambientais\/#primaryimage"},"image":{"@id":"https:\/\/agenciainfra.com\/blog\/tcu-determina-fiscalizacao-sobre-demora-na-liberacao-de-licencas-ambientais\/#primaryimage"},"thumbnailUrl":"https:\/\/agenciainfra.com\/blog\/wp-content\/uploads\/2024\/07\/vital-do-rego-foto-ascom-tcu-samuel-figueira-3.jpg","datePublished":"2024-12-05T17:00:00+00:00","dateModified":"2024-12-05T19:32:20+00:00","breadcrumb":{"@id":"https:\/\/agenciainfra.com\/blog\/tcu-determina-fiscalizacao-sobre-demora-na-liberacao-de-licencas-ambientais\/#breadcrumb"},"inLanguage":"pt-BR","potentialAction":[{"@type":"ReadAction","target":["https:\/\/agenciainfra.com\/blog\/tcu-determina-fiscalizacao-sobre-demora-na-liberacao-de-licencas-ambientais\/"]}]},{"@type":"ImageObject","inLanguage":"pt-BR","@id":"https:\/\/agenciainfra.com\/blog\/tcu-determina-fiscalizacao-sobre-demora-na-liberacao-de-licencas-ambientais\/#primaryimage","url":"https:\/\/agenciainfra.com\/blog\/wp-content\/uploads\/2024\/07\/vital-do-rego-foto-ascom-tcu-samuel-figueira-3.jpg","contentUrl":"https:\/\/agenciainfra.com\/blog\/wp-content\/uploads\/2024\/07\/vital-do-rego-foto-ascom-tcu-samuel-figueira-3.jpg","width":1202,"height":802,"caption":"Foto: Samuel Figueira\/TCU"},{"@type":"BreadcrumbList","@id":"https:\/\/agenciainfra.com\/blog\/tcu-determina-fiscalizacao-sobre-demora-na-liberacao-de-licencas-ambientais\/#breadcrumb","itemListElement":[{"@type":"ListItem","position":1,"name":"In\u00edcio","item":"https:\/\/agenciainfra.com\/blog\/"},{"@type":"ListItem","position":2,"name":"TCU determina fiscaliza\u00e7\u00e3o sobre demora na libera\u00e7\u00e3o de licen\u00e7as ambientais"}]},{"@type":"WebSite","@id":"https:\/\/agenciainfra.com\/blog\/#website","url":"https:\/\/agenciainfra.com\/blog\/","name":"Ag\u00eancia iNFRA","description":"Multiplataforma de informa\u00e7\u00e3o jornal\u00edstica refer\u00eancia na \u00e1rea de infraestrutura no Brasil!","publisher":{"@id":"https:\/\/agenciainfra.com\/blog\/#organization"},"potentialAction":[{"@type":"SearchAction","target":{"@type":"EntryPoint","urlTemplate":"https:\/\/agenciainfra.com\/blog\/?s={search_term_string}"},"query-input":{"@type":"PropertyValueSpecification","valueRequired":true,"valueName":"search_term_string"}}],"inLanguage":"pt-BR"},{"@type":"Organization","@id":"https:\/\/agenciainfra.com\/blog\/#organization","name":"Ag\u00eancia iNFRA","url":"https:\/\/agenciainfra.com\/blog\/","logo":{"@type":"ImageObject","inLanguage":"pt-BR","@id":"https:\/\/agenciainfra.com\/blog\/#\/schema\/logo\/image\/","url":"https:\/\/agenciainfra.com\/blog\/wp-content\/uploads\/2023\/09\/iNFRA_5-e1761735885940.png","contentUrl":"https:\/\/agenciainfra.com\/blog\/wp-content\/uploads\/2023\/09\/iNFRA_5-e1761735885940.png","width":1672,"height":454,"caption":"Ag\u00eancia iNFRA"},"image":{"@id":"https:\/\/agenciainfra.com\/blog\/#\/schema\/logo\/image\/"},"sameAs":["https:\/\/www.facebook.com\/ageninfra","https:\/\/x.com\/agencia_infra","https:\/\/www.linkedin.com\/company\/ag\u00eanciainfra\/","https:\/\/www.instagram.com\/agenciainfra\/"]},{"@type":"Person","@id":"https:\/\/agenciainfra.com\/blog\/#\/schema\/person\/34af08dff6adea4cb22b06612ba7acfa","name":"Ag\u00eancia iNFRA","image":{"@type":"ImageObject","inLanguage":"pt-BR","@id":"https:\/\/agenciainfra.com\/blog\/#\/schema\/person\/image\/","url":"https:\/\/secure.gravatar.com\/avatar\/d189e01678f06d8eb84d4e01f08eb848b3fffe3f8443818d3c356c66892f5be8?s=96&d=mm&r=g","contentUrl":"https:\/\/secure.gravatar.com\/avatar\/d189e01678f06d8eb84d4e01f08eb848b3fffe3f8443818d3c356c66892f5be8?s=96&d=mm&r=g","caption":"Ag\u00eancia iNFRA"},"url":"https:\/\/agenciainfra.com\/blog\/author\/admin\/"}]}},"_links":{"self":[{"href":"https:\/\/agenciainfra.com\/blog\/wp-json\/wp\/v2\/posts\/19446","targetHints":{"allow":["GET"]}}],"collection":[{"href":"https:\/\/agenciainfra.com\/blog\/wp-json\/wp\/v2\/posts"}],"about":[{"href":"https:\/\/agenciainfra.com\/blog\/wp-json\/wp\/v2\/types\/post"}],"author":[{"embeddable":true,"href":"https:\/\/agenciainfra.com\/blog\/wp-json\/wp\/v2\/users\/1"}],"replies":[{"embeddable":true,"href":"https:\/\/agenciainfra.com\/blog\/wp-json\/wp\/v2\/comments?post=19446"}],"version-history":[{"count":1,"href":"https:\/\/agenciainfra.com\/blog\/wp-json\/wp\/v2\/posts\/19446\/revisions"}],"predecessor-version":[{"id":19447,"href":"https:\/\/agenciainfra.com\/blog\/wp-json\/wp\/v2\/posts\/19446\/revisions\/19447"}],"wp:featuredmedia":[{"embeddable":true,"href":"https:\/\/agenciainfra.com\/blog\/wp-json\/wp\/v2\/media\/17776"}],"wp:attachment":[{"href":"https:\/\/agenciainfra.com\/blog\/wp-json\/wp\/v2\/media?parent=19446"}],"wp:term":[{"taxonomy":"category","embeddable":true,"href":"https:\/\/agenciainfra.com\/blog\/wp-json\/wp\/v2\/categories?post=19446"},{"taxonomy":"post_tag","embeddable":true,"href":"https:\/\/agenciainfra.com\/blog\/wp-json\/wp\/v2\/tags?post=19446"}],"curies":[{"name":"wp","href":"https:\/\/api.w.org\/{rel}","templated":true}]}}