{"id":19461,"date":"2024-12-06T09:00:00","date_gmt":"2024-12-06T12:00:00","guid":{"rendered":"https:\/\/agenciainfra.com\/blog\/?p=19461"},"modified":"2024-12-09T06:47:41","modified_gmt":"2024-12-09T09:47:41","slug":"acordo-entre-governo-e-senado-preve-indicacao-de-gentil-nogueira-para-a-aneel","status":"publish","type":"post","link":"https:\/\/agenciainfra.com\/blog\/acordo-entre-governo-e-senado-preve-indicacao-de-gentil-nogueira-para-a-aneel\/","title":{"rendered":"Acordo entre governo e Senado prev\u00ea indica\u00e7\u00e3o de Gentil Nogueira para a ANEEL"},"content":{"rendered":"\n<p class=\"has-text-align-right\"><strong>Geraldo Campos Jr.,\u00a0Marisa Wanzeller e\u00a0Leila Coimbra,\u00a0da Ag\u00eancia iNFRA<\/strong><\/p>\n\n\n\n<p>O nome do secret\u00e1rio de Energia El\u00e9trica do MME (Minist\u00e9rio de Minas e Energia), Gentil Nogueira, foi pacificado entre governo federal e Senado na manh\u00e3 desta quinta-feira (5) para ocupar a vaga de Ricardo Tili na diretoria da ANEEL (Ag\u00eancia Nacional de Energia El\u00e9trica), disseram fontes \u00e0\u00a0<strong>Ag\u00eancia iNFRA<\/strong>. O posto s\u00f3 ficar\u00e1 vago em maio de 2025.<\/p>\n\n\n\n<p>O senador Davi Alcolumbre (Uni\u00e3o-AP), futuro presidente da Casa, aceitou Gentil dentro de um pacote que envolve 18 vagas em ag\u00eancias reguladoras: oito ser\u00e3o indicadas pelo Senado e dez pelo governo federal. Essa propor\u00e7\u00e3o, com 45% das vagas para o Senado e 55% para o governo, convenceu o senador a voltar atr\u00e1s no veto que tinha feito ao secret\u00e1rio. At\u00e9 ent\u00e3o, o governo insistia em deixar os parlamentares indicarem apenas 30% dos nomes.&nbsp;<\/p>\n\n\n\n<p>Para a outra vaga na ANEEL, que est\u00e1 desocupada desde maio passado&nbsp;com a sa\u00edda do ex-diretor H\u00e9lvio Guerra, ficou fechado que o&nbsp;MDB do Senado ter\u00e1 a prerrogativa de indicar.&nbsp;<\/p>\n\n\n\n<p>O favorito para a vaga \u00e9 Willamy Frota, ex-presidente da Amazonas Energia e ex-diretor da Eletronorte, nome que vem sendo articulado pelo senador Eduardo Braga (MDB-AM). Fontes disseram, no entanto, que Braga ainda tenta pacificar o seu indicado junto a outros caciques do partido como Renan Calheiros (AL).<\/p>\n\n\n\n<p><strong>Mudan\u00e7a de \u00faltima hora<\/strong><br>Para a vaga de Tili havia um outro candidato: o advogado \u00c2ngelo Rezende, ligado ao senador Jaques Wagner (PT-BA). A indica\u00e7\u00e3o era dada como certa at\u00e9 a noite da \u00faltima quarta-feira (5), mas ele perdeu a vaga para Gentil justamente pelo pacote fechado na manh\u00e3 de quinta-feira\u00a0que deu ao Senado 45% das indica\u00e7\u00f5es.\u00a0<\/p>\n\n\n\n<p>Tamb\u00e9m pesou contra o fato de ter dois senadores apoiando as vagas da ANEEL. Ficou acordado ent\u00e3o que uma indica\u00e7\u00e3o partiria do Senado e a outra do governo federal. No entanto, Wagner, que \u00e9 l\u00edder do governo no Senado, ainda tenta viabilizar a indica\u00e7\u00e3o do seu aliado.<\/p>\n\n\n\n<p>Para a cadeira que caber\u00e1 ao governo, chegou a ser cogitado tamb\u00e9m o nome de Leandro Caixeta, que tem carreira como t\u00e9cnico na ANEEL e \u00e9 filho do ex-ministro Nelson Hubner. Contudo, o ministro Alexandre Silveira for\u00e7ou a indica\u00e7\u00e3o do seu secret\u00e1rio de Energia El\u00e9trica para a cadeira de Tili.<\/p>\n\n\n\n<p><strong>Governo tem&nbsp;pressa<\/strong><br>As indica\u00e7\u00f5es devem ser oficializadas ao Senado em breve. Segundo fontes, o acordo firmado inclui a realiza\u00e7\u00e3o de parte das sabatinas ainda em 2024, antes do recesso parlamentar, numa exig\u00eancia do governo. Haveria para isso apenas mais duas semanas. O restante deve ficar para 2025 pela falta de tempo h\u00e1bil.<\/p>\n\n\n\n<p>O governo tem pressa para aprovar os indicados neste ano, sobretudo para as ag\u00eancias de energia e as ligadas ao setor de transportes, uma vez que as vota\u00e7\u00f5es passam pela CI (Comiss\u00e3o de Servi\u00e7os de Infraestrutura). Atualmente, o colegiado \u00e9 presidido por Conf\u00facio Moura (MDB-RO), mas h\u00e1 acordo para que seja comandado a partir de 2025 por um senador do PL. Os cotados s\u00e3o Rog\u00e9rio Marinho (RN) e Marcos Rog\u00e9rio (RO).<\/p>\n\n\n\n<p><strong>ANP<\/strong><br>O pacote de indica\u00e7\u00f5es fechado na quinta-feira\u00a0manteve o que j\u00e1 estava acordado para a ANP (Ag\u00eancia Nacional do Petr\u00f3leo, G\u00e1s Natural e Biocombust\u00edveis).\u00a0<\/p>\n\n\n\n<p>O ministro Silveira deve conseguir emplacar o secret\u00e1rio de Petr\u00f3leo e G\u00e1s do MME, Pietro Mendes. Mas, ao que tudo indica, n\u00e3o ser\u00e1 na cadeira de diretor-geral, em substitui\u00e7\u00e3o ao almirante Rodolfo Saboia, cujo mandato termina agora em dezembro.<\/p>\n\n\n\n<p>Para a diretoria-geral, deve ser indicado o consultor jur\u00eddico da PPSA (Pr\u00e9-Sal Petr\u00f3leo S.A.) Artur Watt Neto, que \u00e9 sobrinho da esposa do senador Otto Alencar (PSD-BA). Assim, para as duas ag\u00eancias haver\u00e1 uma indica\u00e7\u00e3o do governo e outra partindo do Senado.<\/p>\n","protected":false},"excerpt":{"rendered":"<p>Geraldo Campos Jr.,\u00a0Marisa Wanzeller e\u00a0Leila Coimbra,\u00a0da Ag\u00eancia iNFRA O nome do secret\u00e1rio de Energia El\u00e9trica do MME (Minist\u00e9rio de Minas e Energia), Gentil Nogueira, foi pacificado entre governo federal e Senado na manh\u00e3 desta quinta-feira (5) para ocupar a vaga de Ricardo Tili na diretoria da ANEEL (Ag\u00eancia Nacional de Energia El\u00e9trica), disseram fontes \u00e0\u00a0Ag\u00eancia [&hellip;]<\/p>\n","protected":false},"author":1,"featured_media":16424,"comment_status":"closed","ping_status":"closed","sticky":false,"template":"","format":"standard","meta":{"_monsterinsights_skip_tracking":false,"_monsterinsights_sitenote_active":false,"_monsterinsights_sitenote_note":"","_monsterinsights_sitenote_category":0,"footnotes":""},"categories":[7250,1,10],"tags":[46,1228,11911,11594,5608,1984,7366,11912],"class_list":["post-19461","post","type-post","status-publish","format-standard","has-post-thumbnail","hentry","category-destaque-lista","category-geral","category-infraenergia","tag-agencias-reguladoras","tag-davi-alcolumbre","tag-gentil-nogueira-na-aneel","tag-geraldo-campos-jr","tag-indicacoes","tag-leila-coimbra","tag-marisa-wanzeller","tag-vagas-na-aneel"],"yoast_head":"<!-- This site is optimized with the Yoast SEO Premium plugin v25.4 (Yoast SEO v26.0) - https:\/\/yoast.com\/wordpress\/plugins\/seo\/ -->\n<title>Acordo entre governo e Senado prev\u00ea indica\u00e7\u00e3o de Gentil Nogueira para a ANEEL - Ag\u00eancia iNFRA<\/title>\n<meta name=\"robots\" content=\"index, follow, max-snippet:-1, max-image-preview:large, max-video-preview:-1\" \/>\n<link rel=\"canonical\" href=\"https:\/\/agenciainfra.com\/blog\/acordo-entre-governo-e-senado-preve-indicacao-de-gentil-nogueira-para-a-aneel\/\" \/>\n<meta property=\"og:locale\" content=\"pt_BR\" \/>\n<meta property=\"og:type\" content=\"article\" \/>\n<meta property=\"og:title\" content=\"Acordo entre governo e Senado prev\u00ea indica\u00e7\u00e3o de Gentil Nogueira para a ANEEL\" \/>\n<meta property=\"og:description\" content=\"Geraldo Campos Jr.,\u00a0Marisa Wanzeller e\u00a0Leila Coimbra,\u00a0da Ag\u00eancia iNFRA O nome do secret\u00e1rio de Energia El\u00e9trica do MME (Minist\u00e9rio de Minas e Energia), Gentil Nogueira, foi pacificado entre governo federal e Senado na manh\u00e3 desta quinta-feira (5) para ocupar a vaga de Ricardo Tili na diretoria da ANEEL (Ag\u00eancia Nacional de Energia El\u00e9trica), disseram fontes \u00e0\u00a0Ag\u00eancia [&hellip;]\" \/>\n<meta property=\"og:url\" content=\"https:\/\/agenciainfra.com\/blog\/acordo-entre-governo-e-senado-preve-indicacao-de-gentil-nogueira-para-a-aneel\/\" \/>\n<meta property=\"og:site_name\" content=\"Ag\u00eancia iNFRA\" \/>\n<meta property=\"article:publisher\" content=\"https:\/\/www.facebook.com\/ageninfra\" \/>\n<meta property=\"article:published_time\" content=\"2024-12-06T12:00:00+00:00\" \/>\n<meta property=\"article:modified_time\" content=\"2024-12-09T09:47:41+00:00\" \/>\n<meta property=\"og:image\" content=\"https:\/\/agenciainfra.com\/blog\/wp-content\/uploads\/2024\/04\/gentil-nogueira-foto-camara-dos-deputados-will-shutter.jpg\" \/>\n\t<meta property=\"og:image:width\" content=\"1202\" \/>\n\t<meta property=\"og:image:height\" content=\"799\" \/>\n\t<meta property=\"og:image:type\" content=\"image\/jpeg\" \/>\n<meta name=\"author\" content=\"Ag\u00eancia iNFRA\" \/>\n<meta name=\"twitter:card\" content=\"summary_large_image\" \/>\n<meta name=\"twitter:creator\" content=\"@agencia_infra\" \/>\n<meta name=\"twitter:site\" content=\"@agencia_infra\" \/>\n<meta name=\"twitter:label1\" content=\"Escrito por\" \/>\n\t<meta name=\"twitter:data1\" content=\"Ag\u00eancia iNFRA\" \/>\n\t<meta name=\"twitter:label2\" content=\"Est. tempo de leitura\" \/>\n\t<meta name=\"twitter:data2\" content=\"3 minutos\" \/>\n<script type=\"application\/ld+json\" class=\"yoast-schema-graph\">{\"@context\":\"https:\/\/schema.org\",\"@graph\":[{\"@type\":\"Article\",\"@id\":\"https:\/\/agenciainfra.com\/blog\/acordo-entre-governo-e-senado-preve-indicacao-de-gentil-nogueira-para-a-aneel\/#article\",\"isPartOf\":{\"@id\":\"https:\/\/agenciainfra.com\/blog\/acordo-entre-governo-e-senado-preve-indicacao-de-gentil-nogueira-para-a-aneel\/\"},\"author\":{\"name\":\"Ag\u00eancia iNFRA\",\"@id\":\"https:\/\/agenciainfra.com\/blog\/#\/schema\/person\/34af08dff6adea4cb22b06612ba7acfa\"},\"headline\":\"Acordo entre governo e Senado prev\u00ea indica\u00e7\u00e3o de Gentil Nogueira para a ANEEL\",\"datePublished\":\"2024-12-06T12:00:00+00:00\",\"dateModified\":\"2024-12-09T09:47:41+00:00\",\"mainEntityOfPage\":{\"@id\":\"https:\/\/agenciainfra.com\/blog\/acordo-entre-governo-e-senado-preve-indicacao-de-gentil-nogueira-para-a-aneel\/\"},\"wordCount\":666,\"publisher\":{\"@id\":\"https:\/\/agenciainfra.com\/blog\/#organization\"},\"image\":{\"@id\":\"https:\/\/agenciainfra.com\/blog\/acordo-entre-governo-e-senado-preve-indicacao-de-gentil-nogueira-para-a-aneel\/#primaryimage\"},\"thumbnailUrl\":\"https:\/\/agenciainfra.com\/blog\/wp-content\/uploads\/2024\/04\/gentil-nogueira-foto-camara-dos-deputados-will-shutter.jpg\",\"keywords\":[\"Ag\u00eancias Reguladoras\",\"Davi Alcolumbre\",\"Gentil Nogueira na ANEEL\",\"Geraldo Campos Jr.\",\"indica\u00e7\u00f5es\",\"Leila Coimbra\",\"Marisa Wanzeller\",\"vagas na ANEEL\"],\"articleSection\":[\"Destaque lista\",\"Geral\",\"iNFRAEnergia\"],\"inLanguage\":\"pt-BR\",\"copyrightYear\":\"2024\",\"copyrightHolder\":{\"@id\":\"https:\/\/agenciainfra.com\/blog\/#organization\"}},{\"@type\":\"WebPage\",\"@id\":\"https:\/\/agenciainfra.com\/blog\/acordo-entre-governo-e-senado-preve-indicacao-de-gentil-nogueira-para-a-aneel\/\",\"url\":\"https:\/\/agenciainfra.com\/blog\/acordo-entre-governo-e-senado-preve-indicacao-de-gentil-nogueira-para-a-aneel\/\",\"name\":\"Acordo entre governo e Senado prev\u00ea indica\u00e7\u00e3o de Gentil Nogueira para a ANEEL - Ag\u00eancia iNFRA\",\"isPartOf\":{\"@id\":\"https:\/\/agenciainfra.com\/blog\/#website\"},\"primaryImageOfPage\":{\"@id\":\"https:\/\/agenciainfra.com\/blog\/acordo-entre-governo-e-senado-preve-indicacao-de-gentil-nogueira-para-a-aneel\/#primaryimage\"},\"image\":{\"@id\":\"https:\/\/agenciainfra.com\/blog\/acordo-entre-governo-e-senado-preve-indicacao-de-gentil-nogueira-para-a-aneel\/#primaryimage\"},\"thumbnailUrl\":\"https:\/\/agenciainfra.com\/blog\/wp-content\/uploads\/2024\/04\/gentil-nogueira-foto-camara-dos-deputados-will-shutter.jpg\",\"datePublished\":\"2024-12-06T12:00:00+00:00\",\"dateModified\":\"2024-12-09T09:47:41+00:00\",\"breadcrumb\":{\"@id\":\"https:\/\/agenciainfra.com\/blog\/acordo-entre-governo-e-senado-preve-indicacao-de-gentil-nogueira-para-a-aneel\/#breadcrumb\"},\"inLanguage\":\"pt-BR\",\"potentialAction\":[{\"@type\":\"ReadAction\",\"target\":[\"https:\/\/agenciainfra.com\/blog\/acordo-entre-governo-e-senado-preve-indicacao-de-gentil-nogueira-para-a-aneel\/\"]}]},{\"@type\":\"ImageObject\",\"inLanguage\":\"pt-BR\",\"@id\":\"https:\/\/agenciainfra.com\/blog\/acordo-entre-governo-e-senado-preve-indicacao-de-gentil-nogueira-para-a-aneel\/#primaryimage\",\"url\":\"https:\/\/agenciainfra.com\/blog\/wp-content\/uploads\/2024\/04\/gentil-nogueira-foto-camara-dos-deputados-will-shutter.jpg\",\"contentUrl\":\"https:\/\/agenciainfra.com\/blog\/wp-content\/uploads\/2024\/04\/gentil-nogueira-foto-camara-dos-deputados-will-shutter.jpg\",\"width\":1202,\"height\":799,\"caption\":\"Foto: Will Shutter\/C\u00e2mara dos Deputados\"},{\"@type\":\"BreadcrumbList\",\"@id\":\"https:\/\/agenciainfra.com\/blog\/acordo-entre-governo-e-senado-preve-indicacao-de-gentil-nogueira-para-a-aneel\/#breadcrumb\",\"itemListElement\":[{\"@type\":\"ListItem\",\"position\":1,\"name\":\"In\u00edcio\",\"item\":\"https:\/\/agenciainfra.com\/blog\/\"},{\"@type\":\"ListItem\",\"position\":2,\"name\":\"Acordo entre governo e Senado prev\u00ea indica\u00e7\u00e3o de Gentil Nogueira para a ANEEL\"}]},{\"@type\":\"WebSite\",\"@id\":\"https:\/\/agenciainfra.com\/blog\/#website\",\"url\":\"https:\/\/agenciainfra.com\/blog\/\",\"name\":\"Ag\u00eancia iNFRA\",\"description\":\"Multiplataforma de informa\u00e7\u00e3o jornal\u00edstica refer\u00eancia na \u00e1rea de infraestrutura no Brasil!\",\"publisher\":{\"@id\":\"https:\/\/agenciainfra.com\/blog\/#organization\"},\"potentialAction\":[{\"@type\":\"SearchAction\",\"target\":{\"@type\":\"EntryPoint\",\"urlTemplate\":\"https:\/\/agenciainfra.com\/blog\/?s={search_term_string}\"},\"query-input\":{\"@type\":\"PropertyValueSpecification\",\"valueRequired\":true,\"valueName\":\"search_term_string\"}}],\"inLanguage\":\"pt-BR\"},{\"@type\":\"Organization\",\"@id\":\"https:\/\/agenciainfra.com\/blog\/#organization\",\"name\":\"Ag\u00eancia iNFRA\",\"url\":\"https:\/\/agenciainfra.com\/blog\/\",\"logo\":{\"@type\":\"ImageObject\",\"inLanguage\":\"pt-BR\",\"@id\":\"https:\/\/agenciainfra.com\/blog\/#\/schema\/logo\/image\/\",\"url\":\"https:\/\/agenciainfra.com\/blog\/wp-content\/uploads\/2023\/09\/iNFRA_5-e1761735885940.png\",\"contentUrl\":\"https:\/\/agenciainfra.com\/blog\/wp-content\/uploads\/2023\/09\/iNFRA_5-e1761735885940.png\",\"width\":1672,\"height\":454,\"caption\":\"Ag\u00eancia iNFRA\"},\"image\":{\"@id\":\"https:\/\/agenciainfra.com\/blog\/#\/schema\/logo\/image\/\"},\"sameAs\":[\"https:\/\/www.facebook.com\/ageninfra\",\"https:\/\/x.com\/agencia_infra\",\"https:\/\/www.linkedin.com\/company\/ag\u00eanciainfra\/\",\"https:\/\/www.instagram.com\/agenciainfra\/\"]},{\"@type\":\"Person\",\"@id\":\"https:\/\/agenciainfra.com\/blog\/#\/schema\/person\/34af08dff6adea4cb22b06612ba7acfa\",\"name\":\"Ag\u00eancia iNFRA\",\"image\":{\"@type\":\"ImageObject\",\"inLanguage\":\"pt-BR\",\"@id\":\"https:\/\/agenciainfra.com\/blog\/#\/schema\/person\/image\/\",\"url\":\"https:\/\/secure.gravatar.com\/avatar\/d189e01678f06d8eb84d4e01f08eb848b3fffe3f8443818d3c356c66892f5be8?s=96&d=mm&r=g\",\"contentUrl\":\"https:\/\/secure.gravatar.com\/avatar\/d189e01678f06d8eb84d4e01f08eb848b3fffe3f8443818d3c356c66892f5be8?s=96&d=mm&r=g\",\"caption\":\"Ag\u00eancia iNFRA\"},\"url\":\"https:\/\/agenciainfra.com\/blog\/author\/admin\/\"}]}<\/script>\n<!-- \/ Yoast SEO Premium plugin. -->","yoast_head_json":{"title":"Acordo entre governo e Senado prev\u00ea indica\u00e7\u00e3o de Gentil Nogueira para a ANEEL - Ag\u00eancia iNFRA","robots":{"index":"index","follow":"follow","max-snippet":"max-snippet:-1","max-image-preview":"max-image-preview:large","max-video-preview":"max-video-preview:-1"},"canonical":"https:\/\/agenciainfra.com\/blog\/acordo-entre-governo-e-senado-preve-indicacao-de-gentil-nogueira-para-a-aneel\/","og_locale":"pt_BR","og_type":"article","og_title":"Acordo entre governo e Senado prev\u00ea indica\u00e7\u00e3o de Gentil Nogueira para a ANEEL","og_description":"Geraldo Campos Jr.,\u00a0Marisa Wanzeller e\u00a0Leila Coimbra,\u00a0da Ag\u00eancia iNFRA O nome do secret\u00e1rio de Energia El\u00e9trica do MME (Minist\u00e9rio de Minas e Energia), Gentil Nogueira, foi pacificado entre governo federal e Senado na manh\u00e3 desta quinta-feira (5) para ocupar a vaga de Ricardo Tili na diretoria da ANEEL (Ag\u00eancia Nacional de Energia El\u00e9trica), disseram fontes \u00e0\u00a0Ag\u00eancia [&hellip;]","og_url":"https:\/\/agenciainfra.com\/blog\/acordo-entre-governo-e-senado-preve-indicacao-de-gentil-nogueira-para-a-aneel\/","og_site_name":"Ag\u00eancia iNFRA","article_publisher":"https:\/\/www.facebook.com\/ageninfra","article_published_time":"2024-12-06T12:00:00+00:00","article_modified_time":"2024-12-09T09:47:41+00:00","og_image":[{"width":1202,"height":799,"url":"https:\/\/agenciainfra.com\/blog\/wp-content\/uploads\/2024\/04\/gentil-nogueira-foto-camara-dos-deputados-will-shutter.jpg","type":"image\/jpeg"}],"author":"Ag\u00eancia iNFRA","twitter_card":"summary_large_image","twitter_creator":"@agencia_infra","twitter_site":"@agencia_infra","twitter_misc":{"Escrito por":"Ag\u00eancia iNFRA","Est. tempo de leitura":"3 minutos"},"schema":{"@context":"https:\/\/schema.org","@graph":[{"@type":"Article","@id":"https:\/\/agenciainfra.com\/blog\/acordo-entre-governo-e-senado-preve-indicacao-de-gentil-nogueira-para-a-aneel\/#article","isPartOf":{"@id":"https:\/\/agenciainfra.com\/blog\/acordo-entre-governo-e-senado-preve-indicacao-de-gentil-nogueira-para-a-aneel\/"},"author":{"name":"Ag\u00eancia iNFRA","@id":"https:\/\/agenciainfra.com\/blog\/#\/schema\/person\/34af08dff6adea4cb22b06612ba7acfa"},"headline":"Acordo entre governo e Senado prev\u00ea indica\u00e7\u00e3o de Gentil Nogueira para a ANEEL","datePublished":"2024-12-06T12:00:00+00:00","dateModified":"2024-12-09T09:47:41+00:00","mainEntityOfPage":{"@id":"https:\/\/agenciainfra.com\/blog\/acordo-entre-governo-e-senado-preve-indicacao-de-gentil-nogueira-para-a-aneel\/"},"wordCount":666,"publisher":{"@id":"https:\/\/agenciainfra.com\/blog\/#organization"},"image":{"@id":"https:\/\/agenciainfra.com\/blog\/acordo-entre-governo-e-senado-preve-indicacao-de-gentil-nogueira-para-a-aneel\/#primaryimage"},"thumbnailUrl":"https:\/\/agenciainfra.com\/blog\/wp-content\/uploads\/2024\/04\/gentil-nogueira-foto-camara-dos-deputados-will-shutter.jpg","keywords":["Ag\u00eancias Reguladoras","Davi Alcolumbre","Gentil Nogueira na ANEEL","Geraldo Campos Jr.","indica\u00e7\u00f5es","Leila Coimbra","Marisa Wanzeller","vagas na ANEEL"],"articleSection":["Destaque lista","Geral","iNFRAEnergia"],"inLanguage":"pt-BR","copyrightYear":"2024","copyrightHolder":{"@id":"https:\/\/agenciainfra.com\/blog\/#organization"}},{"@type":"WebPage","@id":"https:\/\/agenciainfra.com\/blog\/acordo-entre-governo-e-senado-preve-indicacao-de-gentil-nogueira-para-a-aneel\/","url":"https:\/\/agenciainfra.com\/blog\/acordo-entre-governo-e-senado-preve-indicacao-de-gentil-nogueira-para-a-aneel\/","name":"Acordo entre governo e Senado prev\u00ea indica\u00e7\u00e3o de Gentil Nogueira para a ANEEL - Ag\u00eancia iNFRA","isPartOf":{"@id":"https:\/\/agenciainfra.com\/blog\/#website"},"primaryImageOfPage":{"@id":"https:\/\/agenciainfra.com\/blog\/acordo-entre-governo-e-senado-preve-indicacao-de-gentil-nogueira-para-a-aneel\/#primaryimage"},"image":{"@id":"https:\/\/agenciainfra.com\/blog\/acordo-entre-governo-e-senado-preve-indicacao-de-gentil-nogueira-para-a-aneel\/#primaryimage"},"thumbnailUrl":"https:\/\/agenciainfra.com\/blog\/wp-content\/uploads\/2024\/04\/gentil-nogueira-foto-camara-dos-deputados-will-shutter.jpg","datePublished":"2024-12-06T12:00:00+00:00","dateModified":"2024-12-09T09:47:41+00:00","breadcrumb":{"@id":"https:\/\/agenciainfra.com\/blog\/acordo-entre-governo-e-senado-preve-indicacao-de-gentil-nogueira-para-a-aneel\/#breadcrumb"},"inLanguage":"pt-BR","potentialAction":[{"@type":"ReadAction","target":["https:\/\/agenciainfra.com\/blog\/acordo-entre-governo-e-senado-preve-indicacao-de-gentil-nogueira-para-a-aneel\/"]}]},{"@type":"ImageObject","inLanguage":"pt-BR","@id":"https:\/\/agenciainfra.com\/blog\/acordo-entre-governo-e-senado-preve-indicacao-de-gentil-nogueira-para-a-aneel\/#primaryimage","url":"https:\/\/agenciainfra.com\/blog\/wp-content\/uploads\/2024\/04\/gentil-nogueira-foto-camara-dos-deputados-will-shutter.jpg","contentUrl":"https:\/\/agenciainfra.com\/blog\/wp-content\/uploads\/2024\/04\/gentil-nogueira-foto-camara-dos-deputados-will-shutter.jpg","width":1202,"height":799,"caption":"Foto: Will Shutter\/C\u00e2mara dos Deputados"},{"@type":"BreadcrumbList","@id":"https:\/\/agenciainfra.com\/blog\/acordo-entre-governo-e-senado-preve-indicacao-de-gentil-nogueira-para-a-aneel\/#breadcrumb","itemListElement":[{"@type":"ListItem","position":1,"name":"In\u00edcio","item":"https:\/\/agenciainfra.com\/blog\/"},{"@type":"ListItem","position":2,"name":"Acordo entre governo e Senado prev\u00ea indica\u00e7\u00e3o de Gentil Nogueira para a ANEEL"}]},{"@type":"WebSite","@id":"https:\/\/agenciainfra.com\/blog\/#website","url":"https:\/\/agenciainfra.com\/blog\/","name":"Ag\u00eancia iNFRA","description":"Multiplataforma de informa\u00e7\u00e3o jornal\u00edstica refer\u00eancia na \u00e1rea de infraestrutura no Brasil!","publisher":{"@id":"https:\/\/agenciainfra.com\/blog\/#organization"},"potentialAction":[{"@type":"SearchAction","target":{"@type":"EntryPoint","urlTemplate":"https:\/\/agenciainfra.com\/blog\/?s={search_term_string}"},"query-input":{"@type":"PropertyValueSpecification","valueRequired":true,"valueName":"search_term_string"}}],"inLanguage":"pt-BR"},{"@type":"Organization","@id":"https:\/\/agenciainfra.com\/blog\/#organization","name":"Ag\u00eancia iNFRA","url":"https:\/\/agenciainfra.com\/blog\/","logo":{"@type":"ImageObject","inLanguage":"pt-BR","@id":"https:\/\/agenciainfra.com\/blog\/#\/schema\/logo\/image\/","url":"https:\/\/agenciainfra.com\/blog\/wp-content\/uploads\/2023\/09\/iNFRA_5-e1761735885940.png","contentUrl":"https:\/\/agenciainfra.com\/blog\/wp-content\/uploads\/2023\/09\/iNFRA_5-e1761735885940.png","width":1672,"height":454,"caption":"Ag\u00eancia iNFRA"},"image":{"@id":"https:\/\/agenciainfra.com\/blog\/#\/schema\/logo\/image\/"},"sameAs":["https:\/\/www.facebook.com\/ageninfra","https:\/\/x.com\/agencia_infra","https:\/\/www.linkedin.com\/company\/ag\u00eanciainfra\/","https:\/\/www.instagram.com\/agenciainfra\/"]},{"@type":"Person","@id":"https:\/\/agenciainfra.com\/blog\/#\/schema\/person\/34af08dff6adea4cb22b06612ba7acfa","name":"Ag\u00eancia iNFRA","image":{"@type":"ImageObject","inLanguage":"pt-BR","@id":"https:\/\/agenciainfra.com\/blog\/#\/schema\/person\/image\/","url":"https:\/\/secure.gravatar.com\/avatar\/d189e01678f06d8eb84d4e01f08eb848b3fffe3f8443818d3c356c66892f5be8?s=96&d=mm&r=g","contentUrl":"https:\/\/secure.gravatar.com\/avatar\/d189e01678f06d8eb84d4e01f08eb848b3fffe3f8443818d3c356c66892f5be8?s=96&d=mm&r=g","caption":"Ag\u00eancia iNFRA"},"url":"https:\/\/agenciainfra.com\/blog\/author\/admin\/"}]}},"_links":{"self":[{"href":"https:\/\/agenciainfra.com\/blog\/wp-json\/wp\/v2\/posts\/19461","targetHints":{"allow":["GET"]}}],"collection":[{"href":"https:\/\/agenciainfra.com\/blog\/wp-json\/wp\/v2\/posts"}],"about":[{"href":"https:\/\/agenciainfra.com\/blog\/wp-json\/wp\/v2\/types\/post"}],"author":[{"embeddable":true,"href":"https:\/\/agenciainfra.com\/blog\/wp-json\/wp\/v2\/users\/1"}],"replies":[{"embeddable":true,"href":"https:\/\/agenciainfra.com\/blog\/wp-json\/wp\/v2\/comments?post=19461"}],"version-history":[{"count":1,"href":"https:\/\/agenciainfra.com\/blog\/wp-json\/wp\/v2\/posts\/19461\/revisions"}],"predecessor-version":[{"id":19462,"href":"https:\/\/agenciainfra.com\/blog\/wp-json\/wp\/v2\/posts\/19461\/revisions\/19462"}],"wp:featuredmedia":[{"embeddable":true,"href":"https:\/\/agenciainfra.com\/blog\/wp-json\/wp\/v2\/media\/16424"}],"wp:attachment":[{"href":"https:\/\/agenciainfra.com\/blog\/wp-json\/wp\/v2\/media?parent=19461"}],"wp:term":[{"taxonomy":"category","embeddable":true,"href":"https:\/\/agenciainfra.com\/blog\/wp-json\/wp\/v2\/categories?post=19461"},{"taxonomy":"post_tag","embeddable":true,"href":"https:\/\/agenciainfra.com\/blog\/wp-json\/wp\/v2\/tags?post=19461"}],"curies":[{"name":"wp","href":"https:\/\/api.w.org\/{rel}","templated":true}]}}