{"id":19468,"date":"2024-12-07T10:00:00","date_gmt":"2024-12-07T13:00:00","guid":{"rendered":"https:\/\/agenciainfra.com\/blog\/?p=19468"},"modified":"2024-12-09T10:46:14","modified_gmt":"2024-12-09T13:46:14","slug":"ministerio-de-portos-e-aeroportos-lanca-planos-setoriais-e-preve-1-500-novos-projetos-ate-2035","status":"publish","type":"post","link":"https:\/\/agenciainfra.com\/blog\/ministerio-de-portos-e-aeroportos-lanca-planos-setoriais-e-preve-1-500-novos-projetos-ate-2035\/","title":{"rendered":"Minist\u00e9rio de Portos e Aeroportos lan\u00e7a planos setoriais e prev\u00ea 1.500 novos projetos at\u00e9 2035"},"content":{"rendered":"\n<p class=\"has-text-align-right\"><strong>Mar\u00edlia Sena, da Ag\u00eancia iNFRA<\/strong><\/p>\n\n\n\n<p>O Minist\u00e9rio de Portos e Aeroportos lan\u00e7ou, na \u00faltima quinta-feira (5), os planos setoriais para hidrovias, portos e aeroportos. A iniciativa prev\u00ea adequar cerca de 1.500 projetos ao PNL (Plano Nacional de Log\u00edstica) at\u00e9 2035.\u00a0Os documentos s\u00e3o ferramentas para direcionar as pol\u00edticas p\u00fablicas para propostas de a\u00e7\u00f5es de promo\u00e7\u00e3o para o setor, de acordo com a pasta.\u00a0<\/p>\n\n\n\n<p>Os planos setoriais fazem parte do PIT (Planejamento Integrado de Transportes). Para os portos, as a\u00e7\u00f5es estrat\u00e9gicas passam pelo Novo PAC (Programa de Acelera\u00e7\u00e3o do Crescimento) com a integra\u00e7\u00e3o dos setores p\u00fablico e privado para dar celeridade \u00e0s obras. A apresenta\u00e7\u00e3o feita pelos secret\u00e1rios est\u00e1&nbsp;<a href=\"https:\/\/agenciainfra.us14.list-manage.com\/track\/click?u=d460dd1bcf9ba0ae040e1fc0f&amp;id=d1f23b53f4&amp;e=1192c754bc\" target=\"_blank\" rel=\"noreferrer noopener\">neste link<\/a>.<\/p>\n\n\n\n<p>Para o ministro Silvio Costa Filho, as medidas s\u00e3o essenciais para assegurar os benef\u00edcios a longo prazo. \u201cAt\u00e9 2035, temos um plano claro para o setor portu\u00e1rio e hidrovi\u00e1rio, e at\u00e9 2052 para o setor aerovi\u00e1rio, com projetos que abrangem desde obras p\u00fablicas e investimentos em dragagens e portos p\u00fablicos at\u00e9 iniciativas estrat\u00e9gicas como o STS10, o t\u00fanel de Santos e a concess\u00e3o do Canal do Paranagu\u00e1\u201d, declarou.&nbsp;<\/p>\n\n\n\n<p>Na avia\u00e7\u00e3o civil, uma das metas \u00e9 reduzir o tempo de deslocamento das pessoas. O governo quer que 99,5% da popula\u00e7\u00e3o esteja a menos de quatro horas de um aeroporto ou aer\u00f3dromo (com menos infraestrutura). As iniciativas tamb\u00e9m fazem parte do plano AmpliAR, lan\u00e7ado na \u00faltima semana.&nbsp;<\/p>\n\n\n\n<p>\u201cPermitiremos um olhar mais estrat\u00e9gico e de foco de investimento p\u00fablico e privado numa rede maior de aeroportos no Brasil. Isso \u00e9 fruto do crescimento da avia\u00e7\u00e3o e desse olhar estrat\u00e9gico para a avia\u00e7\u00e3o geral como um vetor catalisador do crescimento econ\u00f4mico e do crescimento da avia\u00e7\u00e3o no nosso pa\u00eds&#8221;, disse o secret\u00e1rio de Avia\u00e7\u00e3o Civil, Tom\u00e9 Franca.<\/p>\n\n\n\n<p>No setor de hidrovias, o governo pretende alinhar as necessidades espec\u00edficas do setor com as metas estrat\u00e9gicas e as expectativas do mercado para um planejamento integrado de transportes.<\/p>\n\n\n\n<p>\u201cEsse passo \u00e9 essencial, pois o planejamento adequado garante a previsibilidade de investimentos e benef\u00edcios. O Brasil, que j\u00e1 disp\u00f5e de 23 mil km de vias naveg\u00e1veis, poder\u00e1 ter um incremento de mais 17 mil km (com os investimentos previstos em um dos cen\u00e1rios no plano)&#8221;, ressaltou o minist\u00e9rio.<\/p>\n\n\n\n<p>Durante a cerim\u00f4nia, o presidente da Infra S.A, Jorge Bastos, que \u00e9 a respons\u00e1vel pela elabora\u00e7\u00e3o do PNL, disse que em 2025 vai come\u00e7ar a etapa de consulta para que seja feita a elabora\u00e7\u00e3o do PNL de 2050. O secret\u00e1rio Nacional de Hidrovias do minist\u00e9rio, Dino Antunes, ressaltou que o plano ser\u00e1 um instrumento vivo de planejamento para que seja poss\u00edvel fazer a adapta\u00e7\u00e3o \u00e0s necessidades de crescimento.<\/p>\n\n\n\n<p>Mariana Pescatori, a secret\u00e1ria-executiva da pasta, lembrou que o governo vem tentando h\u00e1 uma d\u00e9cada retomar os instrumentos de planejamento do setor de transportes e que mesmo com a divis\u00e3o do setor em dois minist\u00e9rios em 2023 n\u00e3o houve preju\u00edzo ao modelo por causa da exist\u00eancia da Infra S.A.<\/p>\n\n\n\n<p>&#8220;N\u00e3o \u00e9 f\u00e1cil fazer planejamento. Quando a gente planeja, a gente fala o que tem que ser feito. E o que tem ser feito nem sempre \u00e9 o que querem que seja feito. \u00c0s vezes a gente recebe muita porrada quando publica um planejamento, mas \u00e9 importante para que a gente tenha um norte para o pa\u00eds&#8221;, disse a secret\u00e1ria durante sua apresenta\u00e7\u00e3o, que pode ser vista&nbsp;<a href=\"https:\/\/agenciainfra.us14.list-manage.com\/track\/click?u=d460dd1bcf9ba0ae040e1fc0f&amp;id=0d5e7852d0&amp;e=1192c754bc\" target=\"_blank\" rel=\"noreferrer noopener\">neste link<\/a>.<\/p>\n\n\n\n<p><strong>T\u00fanel Santos-Guaruj\u00e1<\/strong><br>Uma das principais obras no plano setorial de portos \u00e9 a do t\u00fanel submerso no Porto de Santos (SP). O projeto da obra foi enviado \u00e0 ANTAQ (Ag\u00eancia Nacional de Transportes Aquavi\u00e1rios) nesta semana, segundo o secret\u00e1rio nacional de Portos, Alex \u00c1vila.&nbsp;<\/p>\n\n\n\n<p>O minist\u00e9rio prev\u00ea a cria\u00e7\u00e3o de uma comiss\u00e3o de licita\u00e7\u00e3o para discutir o projeto junto \u00e0 ANTAQ. \u201cPara ter o devido acompanhamento de todas as etapas daqui em diante\u201d, informou o secret\u00e1rio. Com isso, a entrega do projeto ao TCU (Tribunal de Contas da Uni\u00e3o) deve atrasar de dezembro para janeiro, afirmou o ministro Silvio Costa Filho.&nbsp;A expectativa do governo de S\u00e3o Paulo, que \u00e9 parceiro na iniciativa, era que o projeto j\u00e1 fosse ao TCU.<\/p>\n\n\n\n<p>O titular da pasta tamb\u00e9m anunciou na sexta-feira (6) a concess\u00e3o do canal de Paranagu\u00e1. O projeto, que j\u00e1 foi enviado ao TCU, ser\u00e1 o modelo para os\u00a0certames para a concess\u00e3o dos\u00a0canais\u00a0de acesso ao Porto de Santos (SP) e ao Porto de Itaja\u00ed (SC).<\/p>\n\n\n\n<p>Nos pr\u00f3ximos dias, o minist\u00e9rio tamb\u00e9m tem agenda com a Casa Civil para discutir a federaliza\u00e7\u00e3o do Porto de Itaja\u00ed. \u201cEu estou s\u00f3 dependendo da agenda, a proposta j\u00e1 est\u00e1 fechada, a gente vai levar duas alternativas para o presidente Lula\u201d, finalizou Costa Filho.<\/p>\n","protected":false},"excerpt":{"rendered":"<p>Mar\u00edlia Sena, da Ag\u00eancia iNFRA O Minist\u00e9rio de Portos e Aeroportos lan\u00e7ou, na \u00faltima quinta-feira (5), os planos setoriais para hidrovias, portos e aeroportos. A iniciativa prev\u00ea adequar cerca de 1.500 projetos ao PNL (Plano Nacional de Log\u00edstica) at\u00e9 2035.\u00a0Os documentos s\u00e3o ferramentas para direcionar as pol\u00edticas p\u00fablicas para propostas de a\u00e7\u00f5es de promo\u00e7\u00e3o para [&hellip;]<\/p>\n","protected":false},"author":1,"featured_media":19470,"comment_status":"closed","ping_status":"closed","sticky":false,"template":"","format":"standard","meta":{"_monsterinsights_skip_tracking":false,"_monsterinsights_sitenote_active":false,"_monsterinsights_sitenote_note":"","_monsterinsights_sitenote_category":0,"footnotes":""},"categories":[7250,1,7],"tags":[107,11923,355,11654,6257,6919,9612,2535,1358,11922,3912,310,7467,5535],"class_list":["post-19468","post","type-post","status-publish","format-standard","has-post-thumbnail","hentry","category-destaque-lista","category-geral","category-infratransporte","tag-aeroportos","tag-concessao-do-canal-de-paranagua","tag-hidrovias","tag-marilia-sena","tag-ministerio-de-portos-e-aeroportos","tag-mpor","tag-pit","tag-planejamento-integrado-de-transportes","tag-plano-nacional-de-logistica","tag-planos-setoriais","tag-pnl-2035","tag-portos","tag-silvio-costa-filho","tag-tunel-santos-guaruja"],"yoast_head":"<!-- This site is optimized with the Yoast SEO Premium plugin v25.4 (Yoast SEO v26.0) - https:\/\/yoast.com\/wordpress\/plugins\/seo\/ -->\n<title>Minist\u00e9rio de Portos e Aeroportos lan\u00e7a planos setoriais e prev\u00ea 1.500 novos projetos at\u00e9 2035 - Ag\u00eancia iNFRA<\/title>\n<meta name=\"robots\" content=\"index, follow, max-snippet:-1, max-image-preview:large, max-video-preview:-1\" \/>\n<link rel=\"canonical\" href=\"https:\/\/agenciainfra.com\/blog\/ministerio-de-portos-e-aeroportos-lanca-planos-setoriais-e-preve-1-500-novos-projetos-ate-2035\/\" \/>\n<meta property=\"og:locale\" content=\"pt_BR\" \/>\n<meta property=\"og:type\" content=\"article\" \/>\n<meta property=\"og:title\" content=\"Minist\u00e9rio de Portos e Aeroportos lan\u00e7a planos setoriais e prev\u00ea 1.500 novos projetos at\u00e9 2035\" \/>\n<meta property=\"og:description\" content=\"Mar\u00edlia Sena, da Ag\u00eancia iNFRA O Minist\u00e9rio de Portos e Aeroportos lan\u00e7ou, na \u00faltima quinta-feira (5), os planos setoriais para hidrovias, portos e aeroportos. A iniciativa prev\u00ea adequar cerca de 1.500 projetos ao PNL (Plano Nacional de Log\u00edstica) at\u00e9 2035.\u00a0Os documentos s\u00e3o ferramentas para direcionar as pol\u00edticas p\u00fablicas para propostas de a\u00e7\u00f5es de promo\u00e7\u00e3o para [&hellip;]\" \/>\n<meta property=\"og:url\" content=\"https:\/\/agenciainfra.com\/blog\/ministerio-de-portos-e-aeroportos-lanca-planos-setoriais-e-preve-1-500-novos-projetos-ate-2035\/\" \/>\n<meta property=\"og:site_name\" content=\"Ag\u00eancia iNFRA\" \/>\n<meta property=\"article:publisher\" content=\"https:\/\/www.facebook.com\/ageninfra\" \/>\n<meta property=\"article:published_time\" content=\"2024-12-07T13:00:00+00:00\" \/>\n<meta property=\"article:modified_time\" content=\"2024-12-09T13:46:14+00:00\" \/>\n<meta property=\"og:image\" content=\"https:\/\/agenciainfra.com\/blog\/wp-content\/uploads\/2024\/12\/lancamento-planos-setoriais-foto-Vosmar-Rosa-Mpor-e1733479904289.jpeg\" \/>\n\t<meta property=\"og:image:width\" content=\"1280\" \/>\n\t<meta property=\"og:image:height\" content=\"853\" \/>\n\t<meta property=\"og:image:type\" content=\"image\/jpeg\" \/>\n<meta name=\"author\" content=\"Ag\u00eancia iNFRA\" \/>\n<meta name=\"twitter:card\" content=\"summary_large_image\" \/>\n<meta name=\"twitter:creator\" content=\"@agencia_infra\" \/>\n<meta name=\"twitter:site\" content=\"@agencia_infra\" \/>\n<meta name=\"twitter:label1\" content=\"Escrito por\" \/>\n\t<meta name=\"twitter:data1\" content=\"Ag\u00eancia iNFRA\" \/>\n\t<meta name=\"twitter:label2\" content=\"Est. tempo de leitura\" \/>\n\t<meta name=\"twitter:data2\" content=\"4 minutos\" \/>\n<script type=\"application\/ld+json\" class=\"yoast-schema-graph\">{\"@context\":\"https:\/\/schema.org\",\"@graph\":[{\"@type\":\"Article\",\"@id\":\"https:\/\/agenciainfra.com\/blog\/ministerio-de-portos-e-aeroportos-lanca-planos-setoriais-e-preve-1-500-novos-projetos-ate-2035\/#article\",\"isPartOf\":{\"@id\":\"https:\/\/agenciainfra.com\/blog\/ministerio-de-portos-e-aeroportos-lanca-planos-setoriais-e-preve-1-500-novos-projetos-ate-2035\/\"},\"author\":{\"name\":\"Ag\u00eancia iNFRA\",\"@id\":\"https:\/\/agenciainfra.com\/blog\/#\/schema\/person\/34af08dff6adea4cb22b06612ba7acfa\"},\"headline\":\"Minist\u00e9rio de Portos e Aeroportos lan\u00e7a planos setoriais e prev\u00ea 1.500 novos projetos at\u00e9 2035\",\"datePublished\":\"2024-12-07T13:00:00+00:00\",\"dateModified\":\"2024-12-09T13:46:14+00:00\",\"mainEntityOfPage\":{\"@id\":\"https:\/\/agenciainfra.com\/blog\/ministerio-de-portos-e-aeroportos-lanca-planos-setoriais-e-preve-1-500-novos-projetos-ate-2035\/\"},\"wordCount\":847,\"publisher\":{\"@id\":\"https:\/\/agenciainfra.com\/blog\/#organization\"},\"image\":{\"@id\":\"https:\/\/agenciainfra.com\/blog\/ministerio-de-portos-e-aeroportos-lanca-planos-setoriais-e-preve-1-500-novos-projetos-ate-2035\/#primaryimage\"},\"thumbnailUrl\":\"https:\/\/agenciainfra.com\/blog\/wp-content\/uploads\/2024\/12\/lancamento-planos-setoriais-foto-Vosmar-Rosa-Mpor-e1733479904289.jpeg\",\"keywords\":[\"aeroportos\",\"concess\u00e3o do canal de paranagu\u00e1\",\"hidrovias\",\"Mar\u00edlia Sena\",\"Minist\u00e9rio de Portos e Aeroportos\",\"MPor\",\"PIT\",\"Planejamento Integrado de Transportes\",\"Plano Nacional de Log\u00edstica\",\"planos setoriais\",\"PNL 2035\",\"portos\",\"Silvio Costa Filho\",\"t\u00fanel Santos-Guaruj\u00e1\"],\"articleSection\":[\"Destaque lista\",\"Geral\",\"iNFRATransporte\"],\"inLanguage\":\"pt-BR\",\"copyrightYear\":\"2024\",\"copyrightHolder\":{\"@id\":\"https:\/\/agenciainfra.com\/blog\/#organization\"}},{\"@type\":\"WebPage\",\"@id\":\"https:\/\/agenciainfra.com\/blog\/ministerio-de-portos-e-aeroportos-lanca-planos-setoriais-e-preve-1-500-novos-projetos-ate-2035\/\",\"url\":\"https:\/\/agenciainfra.com\/blog\/ministerio-de-portos-e-aeroportos-lanca-planos-setoriais-e-preve-1-500-novos-projetos-ate-2035\/\",\"name\":\"Minist\u00e9rio de Portos e Aeroportos lan\u00e7a planos setoriais e prev\u00ea 1.500 novos projetos at\u00e9 2035 - Ag\u00eancia iNFRA\",\"isPartOf\":{\"@id\":\"https:\/\/agenciainfra.com\/blog\/#website\"},\"primaryImageOfPage\":{\"@id\":\"https:\/\/agenciainfra.com\/blog\/ministerio-de-portos-e-aeroportos-lanca-planos-setoriais-e-preve-1-500-novos-projetos-ate-2035\/#primaryimage\"},\"image\":{\"@id\":\"https:\/\/agenciainfra.com\/blog\/ministerio-de-portos-e-aeroportos-lanca-planos-setoriais-e-preve-1-500-novos-projetos-ate-2035\/#primaryimage\"},\"thumbnailUrl\":\"https:\/\/agenciainfra.com\/blog\/wp-content\/uploads\/2024\/12\/lancamento-planos-setoriais-foto-Vosmar-Rosa-Mpor-e1733479904289.jpeg\",\"datePublished\":\"2024-12-07T13:00:00+00:00\",\"dateModified\":\"2024-12-09T13:46:14+00:00\",\"breadcrumb\":{\"@id\":\"https:\/\/agenciainfra.com\/blog\/ministerio-de-portos-e-aeroportos-lanca-planos-setoriais-e-preve-1-500-novos-projetos-ate-2035\/#breadcrumb\"},\"inLanguage\":\"pt-BR\",\"potentialAction\":[{\"@type\":\"ReadAction\",\"target\":[\"https:\/\/agenciainfra.com\/blog\/ministerio-de-portos-e-aeroportos-lanca-planos-setoriais-e-preve-1-500-novos-projetos-ate-2035\/\"]}]},{\"@type\":\"ImageObject\",\"inLanguage\":\"pt-BR\",\"@id\":\"https:\/\/agenciainfra.com\/blog\/ministerio-de-portos-e-aeroportos-lanca-planos-setoriais-e-preve-1-500-novos-projetos-ate-2035\/#primaryimage\",\"url\":\"https:\/\/agenciainfra.com\/blog\/wp-content\/uploads\/2024\/12\/lancamento-planos-setoriais-foto-Vosmar-Rosa-Mpor-e1733479904289.jpeg\",\"contentUrl\":\"https:\/\/agenciainfra.com\/blog\/wp-content\/uploads\/2024\/12\/lancamento-planos-setoriais-foto-Vosmar-Rosa-Mpor-e1733479904289.jpeg\",\"width\":1280,\"height\":853},{\"@type\":\"BreadcrumbList\",\"@id\":\"https:\/\/agenciainfra.com\/blog\/ministerio-de-portos-e-aeroportos-lanca-planos-setoriais-e-preve-1-500-novos-projetos-ate-2035\/#breadcrumb\",\"itemListElement\":[{\"@type\":\"ListItem\",\"position\":1,\"name\":\"In\u00edcio\",\"item\":\"https:\/\/agenciainfra.com\/blog\/\"},{\"@type\":\"ListItem\",\"position\":2,\"name\":\"Minist\u00e9rio de Portos e Aeroportos lan\u00e7a planos setoriais e prev\u00ea 1.500 novos projetos at\u00e9 2035\"}]},{\"@type\":\"WebSite\",\"@id\":\"https:\/\/agenciainfra.com\/blog\/#website\",\"url\":\"https:\/\/agenciainfra.com\/blog\/\",\"name\":\"Ag\u00eancia iNFRA\",\"description\":\"Multiplataforma de informa\u00e7\u00e3o jornal\u00edstica refer\u00eancia na \u00e1rea de infraestrutura no Brasil!\",\"publisher\":{\"@id\":\"https:\/\/agenciainfra.com\/blog\/#organization\"},\"potentialAction\":[{\"@type\":\"SearchAction\",\"target\":{\"@type\":\"EntryPoint\",\"urlTemplate\":\"https:\/\/agenciainfra.com\/blog\/?s={search_term_string}\"},\"query-input\":{\"@type\":\"PropertyValueSpecification\",\"valueRequired\":true,\"valueName\":\"search_term_string\"}}],\"inLanguage\":\"pt-BR\"},{\"@type\":\"Organization\",\"@id\":\"https:\/\/agenciainfra.com\/blog\/#organization\",\"name\":\"Ag\u00eancia iNFRA\",\"url\":\"https:\/\/agenciainfra.com\/blog\/\",\"logo\":{\"@type\":\"ImageObject\",\"inLanguage\":\"pt-BR\",\"@id\":\"https:\/\/agenciainfra.com\/blog\/#\/schema\/logo\/image\/\",\"url\":\"https:\/\/agenciainfra.com\/blog\/wp-content\/uploads\/2023\/09\/iNFRA_5-e1761735885940.png\",\"contentUrl\":\"https:\/\/agenciainfra.com\/blog\/wp-content\/uploads\/2023\/09\/iNFRA_5-e1761735885940.png\",\"width\":1672,\"height\":454,\"caption\":\"Ag\u00eancia iNFRA\"},\"image\":{\"@id\":\"https:\/\/agenciainfra.com\/blog\/#\/schema\/logo\/image\/\"},\"sameAs\":[\"https:\/\/www.facebook.com\/ageninfra\",\"https:\/\/x.com\/agencia_infra\",\"https:\/\/www.linkedin.com\/company\/ag\u00eanciainfra\/\",\"https:\/\/www.instagram.com\/agenciainfra\/\"]},{\"@type\":\"Person\",\"@id\":\"https:\/\/agenciainfra.com\/blog\/#\/schema\/person\/34af08dff6adea4cb22b06612ba7acfa\",\"name\":\"Ag\u00eancia iNFRA\",\"image\":{\"@type\":\"ImageObject\",\"inLanguage\":\"pt-BR\",\"@id\":\"https:\/\/agenciainfra.com\/blog\/#\/schema\/person\/image\/\",\"url\":\"https:\/\/secure.gravatar.com\/avatar\/d189e01678f06d8eb84d4e01f08eb848b3fffe3f8443818d3c356c66892f5be8?s=96&d=mm&r=g\",\"contentUrl\":\"https:\/\/secure.gravatar.com\/avatar\/d189e01678f06d8eb84d4e01f08eb848b3fffe3f8443818d3c356c66892f5be8?s=96&d=mm&r=g\",\"caption\":\"Ag\u00eancia iNFRA\"},\"url\":\"https:\/\/agenciainfra.com\/blog\/author\/admin\/\"}]}<\/script>\n<!-- \/ Yoast SEO Premium plugin. -->","yoast_head_json":{"title":"Minist\u00e9rio de Portos e Aeroportos lan\u00e7a planos setoriais e prev\u00ea 1.500 novos projetos at\u00e9 2035 - Ag\u00eancia iNFRA","robots":{"index":"index","follow":"follow","max-snippet":"max-snippet:-1","max-image-preview":"max-image-preview:large","max-video-preview":"max-video-preview:-1"},"canonical":"https:\/\/agenciainfra.com\/blog\/ministerio-de-portos-e-aeroportos-lanca-planos-setoriais-e-preve-1-500-novos-projetos-ate-2035\/","og_locale":"pt_BR","og_type":"article","og_title":"Minist\u00e9rio de Portos e Aeroportos lan\u00e7a planos setoriais e prev\u00ea 1.500 novos projetos at\u00e9 2035","og_description":"Mar\u00edlia Sena, da Ag\u00eancia iNFRA O Minist\u00e9rio de Portos e Aeroportos lan\u00e7ou, na \u00faltima quinta-feira (5), os planos setoriais para hidrovias, portos e aeroportos. A iniciativa prev\u00ea adequar cerca de 1.500 projetos ao PNL (Plano Nacional de Log\u00edstica) at\u00e9 2035.\u00a0Os documentos s\u00e3o ferramentas para direcionar as pol\u00edticas p\u00fablicas para propostas de a\u00e7\u00f5es de promo\u00e7\u00e3o para [&hellip;]","og_url":"https:\/\/agenciainfra.com\/blog\/ministerio-de-portos-e-aeroportos-lanca-planos-setoriais-e-preve-1-500-novos-projetos-ate-2035\/","og_site_name":"Ag\u00eancia iNFRA","article_publisher":"https:\/\/www.facebook.com\/ageninfra","article_published_time":"2024-12-07T13:00:00+00:00","article_modified_time":"2024-12-09T13:46:14+00:00","og_image":[{"width":1280,"height":853,"url":"https:\/\/agenciainfra.com\/blog\/wp-content\/uploads\/2024\/12\/lancamento-planos-setoriais-foto-Vosmar-Rosa-Mpor-e1733479904289.jpeg","type":"image\/jpeg"}],"author":"Ag\u00eancia iNFRA","twitter_card":"summary_large_image","twitter_creator":"@agencia_infra","twitter_site":"@agencia_infra","twitter_misc":{"Escrito por":"Ag\u00eancia iNFRA","Est. tempo de leitura":"4 minutos"},"schema":{"@context":"https:\/\/schema.org","@graph":[{"@type":"Article","@id":"https:\/\/agenciainfra.com\/blog\/ministerio-de-portos-e-aeroportos-lanca-planos-setoriais-e-preve-1-500-novos-projetos-ate-2035\/#article","isPartOf":{"@id":"https:\/\/agenciainfra.com\/blog\/ministerio-de-portos-e-aeroportos-lanca-planos-setoriais-e-preve-1-500-novos-projetos-ate-2035\/"},"author":{"name":"Ag\u00eancia iNFRA","@id":"https:\/\/agenciainfra.com\/blog\/#\/schema\/person\/34af08dff6adea4cb22b06612ba7acfa"},"headline":"Minist\u00e9rio de Portos e Aeroportos lan\u00e7a planos setoriais e prev\u00ea 1.500 novos projetos at\u00e9 2035","datePublished":"2024-12-07T13:00:00+00:00","dateModified":"2024-12-09T13:46:14+00:00","mainEntityOfPage":{"@id":"https:\/\/agenciainfra.com\/blog\/ministerio-de-portos-e-aeroportos-lanca-planos-setoriais-e-preve-1-500-novos-projetos-ate-2035\/"},"wordCount":847,"publisher":{"@id":"https:\/\/agenciainfra.com\/blog\/#organization"},"image":{"@id":"https:\/\/agenciainfra.com\/blog\/ministerio-de-portos-e-aeroportos-lanca-planos-setoriais-e-preve-1-500-novos-projetos-ate-2035\/#primaryimage"},"thumbnailUrl":"https:\/\/agenciainfra.com\/blog\/wp-content\/uploads\/2024\/12\/lancamento-planos-setoriais-foto-Vosmar-Rosa-Mpor-e1733479904289.jpeg","keywords":["aeroportos","concess\u00e3o do canal de paranagu\u00e1","hidrovias","Mar\u00edlia Sena","Minist\u00e9rio de Portos e Aeroportos","MPor","PIT","Planejamento Integrado de Transportes","Plano Nacional de Log\u00edstica","planos setoriais","PNL 2035","portos","Silvio Costa Filho","t\u00fanel Santos-Guaruj\u00e1"],"articleSection":["Destaque lista","Geral","iNFRATransporte"],"inLanguage":"pt-BR","copyrightYear":"2024","copyrightHolder":{"@id":"https:\/\/agenciainfra.com\/blog\/#organization"}},{"@type":"WebPage","@id":"https:\/\/agenciainfra.com\/blog\/ministerio-de-portos-e-aeroportos-lanca-planos-setoriais-e-preve-1-500-novos-projetos-ate-2035\/","url":"https:\/\/agenciainfra.com\/blog\/ministerio-de-portos-e-aeroportos-lanca-planos-setoriais-e-preve-1-500-novos-projetos-ate-2035\/","name":"Minist\u00e9rio de Portos e Aeroportos lan\u00e7a planos setoriais e prev\u00ea 1.500 novos projetos at\u00e9 2035 - Ag\u00eancia iNFRA","isPartOf":{"@id":"https:\/\/agenciainfra.com\/blog\/#website"},"primaryImageOfPage":{"@id":"https:\/\/agenciainfra.com\/blog\/ministerio-de-portos-e-aeroportos-lanca-planos-setoriais-e-preve-1-500-novos-projetos-ate-2035\/#primaryimage"},"image":{"@id":"https:\/\/agenciainfra.com\/blog\/ministerio-de-portos-e-aeroportos-lanca-planos-setoriais-e-preve-1-500-novos-projetos-ate-2035\/#primaryimage"},"thumbnailUrl":"https:\/\/agenciainfra.com\/blog\/wp-content\/uploads\/2024\/12\/lancamento-planos-setoriais-foto-Vosmar-Rosa-Mpor-e1733479904289.jpeg","datePublished":"2024-12-07T13:00:00+00:00","dateModified":"2024-12-09T13:46:14+00:00","breadcrumb":{"@id":"https:\/\/agenciainfra.com\/blog\/ministerio-de-portos-e-aeroportos-lanca-planos-setoriais-e-preve-1-500-novos-projetos-ate-2035\/#breadcrumb"},"inLanguage":"pt-BR","potentialAction":[{"@type":"ReadAction","target":["https:\/\/agenciainfra.com\/blog\/ministerio-de-portos-e-aeroportos-lanca-planos-setoriais-e-preve-1-500-novos-projetos-ate-2035\/"]}]},{"@type":"ImageObject","inLanguage":"pt-BR","@id":"https:\/\/agenciainfra.com\/blog\/ministerio-de-portos-e-aeroportos-lanca-planos-setoriais-e-preve-1-500-novos-projetos-ate-2035\/#primaryimage","url":"https:\/\/agenciainfra.com\/blog\/wp-content\/uploads\/2024\/12\/lancamento-planos-setoriais-foto-Vosmar-Rosa-Mpor-e1733479904289.jpeg","contentUrl":"https:\/\/agenciainfra.com\/blog\/wp-content\/uploads\/2024\/12\/lancamento-planos-setoriais-foto-Vosmar-Rosa-Mpor-e1733479904289.jpeg","width":1280,"height":853},{"@type":"BreadcrumbList","@id":"https:\/\/agenciainfra.com\/blog\/ministerio-de-portos-e-aeroportos-lanca-planos-setoriais-e-preve-1-500-novos-projetos-ate-2035\/#breadcrumb","itemListElement":[{"@type":"ListItem","position":1,"name":"In\u00edcio","item":"https:\/\/agenciainfra.com\/blog\/"},{"@type":"ListItem","position":2,"name":"Minist\u00e9rio de Portos e Aeroportos lan\u00e7a planos setoriais e prev\u00ea 1.500 novos projetos at\u00e9 2035"}]},{"@type":"WebSite","@id":"https:\/\/agenciainfra.com\/blog\/#website","url":"https:\/\/agenciainfra.com\/blog\/","name":"Ag\u00eancia iNFRA","description":"Multiplataforma de informa\u00e7\u00e3o jornal\u00edstica refer\u00eancia na \u00e1rea de infraestrutura no Brasil!","publisher":{"@id":"https:\/\/agenciainfra.com\/blog\/#organization"},"potentialAction":[{"@type":"SearchAction","target":{"@type":"EntryPoint","urlTemplate":"https:\/\/agenciainfra.com\/blog\/?s={search_term_string}"},"query-input":{"@type":"PropertyValueSpecification","valueRequired":true,"valueName":"search_term_string"}}],"inLanguage":"pt-BR"},{"@type":"Organization","@id":"https:\/\/agenciainfra.com\/blog\/#organization","name":"Ag\u00eancia iNFRA","url":"https:\/\/agenciainfra.com\/blog\/","logo":{"@type":"ImageObject","inLanguage":"pt-BR","@id":"https:\/\/agenciainfra.com\/blog\/#\/schema\/logo\/image\/","url":"https:\/\/agenciainfra.com\/blog\/wp-content\/uploads\/2023\/09\/iNFRA_5-e1761735885940.png","contentUrl":"https:\/\/agenciainfra.com\/blog\/wp-content\/uploads\/2023\/09\/iNFRA_5-e1761735885940.png","width":1672,"height":454,"caption":"Ag\u00eancia iNFRA"},"image":{"@id":"https:\/\/agenciainfra.com\/blog\/#\/schema\/logo\/image\/"},"sameAs":["https:\/\/www.facebook.com\/ageninfra","https:\/\/x.com\/agencia_infra","https:\/\/www.linkedin.com\/company\/ag\u00eanciainfra\/","https:\/\/www.instagram.com\/agenciainfra\/"]},{"@type":"Person","@id":"https:\/\/agenciainfra.com\/blog\/#\/schema\/person\/34af08dff6adea4cb22b06612ba7acfa","name":"Ag\u00eancia iNFRA","image":{"@type":"ImageObject","inLanguage":"pt-BR","@id":"https:\/\/agenciainfra.com\/blog\/#\/schema\/person\/image\/","url":"https:\/\/secure.gravatar.com\/avatar\/d189e01678f06d8eb84d4e01f08eb848b3fffe3f8443818d3c356c66892f5be8?s=96&d=mm&r=g","contentUrl":"https:\/\/secure.gravatar.com\/avatar\/d189e01678f06d8eb84d4e01f08eb848b3fffe3f8443818d3c356c66892f5be8?s=96&d=mm&r=g","caption":"Ag\u00eancia iNFRA"},"url":"https:\/\/agenciainfra.com\/blog\/author\/admin\/"}]}},"_links":{"self":[{"href":"https:\/\/agenciainfra.com\/blog\/wp-json\/wp\/v2\/posts\/19468","targetHints":{"allow":["GET"]}}],"collection":[{"href":"https:\/\/agenciainfra.com\/blog\/wp-json\/wp\/v2\/posts"}],"about":[{"href":"https:\/\/agenciainfra.com\/blog\/wp-json\/wp\/v2\/types\/post"}],"author":[{"embeddable":true,"href":"https:\/\/agenciainfra.com\/blog\/wp-json\/wp\/v2\/users\/1"}],"replies":[{"embeddable":true,"href":"https:\/\/agenciainfra.com\/blog\/wp-json\/wp\/v2\/comments?post=19468"}],"version-history":[{"count":1,"href":"https:\/\/agenciainfra.com\/blog\/wp-json\/wp\/v2\/posts\/19468\/revisions"}],"predecessor-version":[{"id":19471,"href":"https:\/\/agenciainfra.com\/blog\/wp-json\/wp\/v2\/posts\/19468\/revisions\/19471"}],"wp:featuredmedia":[{"embeddable":true,"href":"https:\/\/agenciainfra.com\/blog\/wp-json\/wp\/v2\/media\/19470"}],"wp:attachment":[{"href":"https:\/\/agenciainfra.com\/blog\/wp-json\/wp\/v2\/media?parent=19468"}],"wp:term":[{"taxonomy":"category","embeddable":true,"href":"https:\/\/agenciainfra.com\/blog\/wp-json\/wp\/v2\/categories?post=19468"},{"taxonomy":"post_tag","embeddable":true,"href":"https:\/\/agenciainfra.com\/blog\/wp-json\/wp\/v2\/tags?post=19468"}],"curies":[{"name":"wp","href":"https:\/\/api.w.org\/{rel}","templated":true}]}}