{"id":19478,"date":"2024-12-10T08:00:00","date_gmt":"2024-12-10T11:00:00","guid":{"rendered":"https:\/\/agenciainfra.com\/blog\/?p=19478"},"modified":"2024-12-10T10:55:17","modified_gmt":"2024-12-10T13:55:17","slug":"tarifa-social-deve-direcionar-prestadores-de-saneamento-para-cobranca-de-tarifa-fixa-avalia-ana","status":"publish","type":"post","link":"https:\/\/agenciainfra.com\/blog\/tarifa-social-deve-direcionar-prestadores-de-saneamento-para-cobranca-de-tarifa-fixa-avalia-ana\/","title":{"rendered":"Tarifa Social deve direcionar prestadores de saneamento para cobran\u00e7a de tarifa fixa, avalia ANA"},"content":{"rendered":"\n<p class=\"has-text-align-right\"><strong>Sheyla Santos, da Ag\u00eancia iNFRA<\/strong><\/p>\n\n\n\n<p>As regras para implementa\u00e7\u00e3o da Lei de Tarifa Social de \u00c1gua e Esgoto (<a href=\"https:\/\/agenciainfra.us14.list-manage.com\/track\/click?u=d460dd1bcf9ba0ae040e1fc0f&amp;id=9ef293ad4c&amp;e=55b7a27fc9\" rel=\"noreferrer noopener\" target=\"_blank\">Lei 14.898\/2024<\/a>) devem acelerar o&nbsp;direcionamento das empresas do setor&nbsp;para o modelo de cobran\u00e7a de tarifa fixa, com pagamento da tarifa pelo consumo proporcional, e n\u00e3o mais por um valor fixo independentemente da quantidade consumida, o consumo m\u00ednimo.<\/p>\n\n\n\n<p>A indica\u00e7\u00e3o veio da primeira reuni\u00e3o de apresenta\u00e7\u00e3o da Norma de Refer\u00eancia que a ANA&nbsp;(Ag\u00eancia Nacional de \u00c1guas e Saneamento B\u00e1sico) est\u00e1 elaborando para lan\u00e7ar audi\u00eancia p\u00fablica em 2025 para estabelecer como ser\u00e3o as regras gerais para reajuste tarif\u00e1rio das concession\u00e1rias, o que vai contemplar as regras sobre a Tarifa Social.<\/p>\n\n\n\n<p>Na avalia\u00e7\u00e3o da ag\u00eancia, fazer a implementa\u00e7\u00e3o da Tarifa Social, que prev\u00ea desconto de 50% do valor da tarifa para quem consome at\u00e9 15 metros c\u00fabicos por m\u00eas e esteja no CadUnico do governo, utilizando&nbsp;o consumo m\u00ednimo pode tornar invi\u00e1vel os contratos em algumas regi\u00f5es onde a quantidade de benefici\u00e1rio do desconto pode chegar a 60% dos consumidores.<\/p>\n\n\n\n<p>O reequil\u00edbrio dos contratos para a implementa\u00e7\u00e3o da Tarifa Social foi motivo de preocupa\u00e7\u00e3o da diretora-geral da ag\u00eancia, Ver\u00f4nica Sanchez, e do diretor Nazareno Ara\u00fajo, durante suas falas na&nbsp;<a href=\"https:\/\/agenciainfra.us14.list-manage.com\/track\/click?u=d460dd1bcf9ba0ae040e1fc0f&amp;id=183181db12&amp;e=55b7a27fc9\" target=\"_blank\" rel=\"noreferrer noopener\">abertura do encontro virtual<\/a>, destacando a necessidade de que os prestadores tenham seguran\u00e7a jur\u00eddica para a execu\u00e7\u00e3o dos contratos.<\/p>\n\n\n\n<p>O coordenador de Regula\u00e7\u00e3o Tarif\u00e1ria da ANA&nbsp;, Ren\u00ea Gontijo, defendeu&nbsp;que o&nbsp;modelo de cobran\u00e7a por consumo proporcional \u00e9 mais justo e econ\u00f4mico, promovendo o uso racional dos recursos.&nbsp;Leia&nbsp;<a href=\"https:\/\/agenciainfra.us14.list-manage.com\/track\/click?u=d460dd1bcf9ba0ae040e1fc0f&amp;id=b08b3f6b4f&amp;e=55b7a27fc9\" rel=\"noreferrer noopener\" target=\"_blank\">aqui<\/a>&nbsp;a apresenta\u00e7\u00e3o da proposta regulat\u00f3ria da ag\u00eancia, realizada no encontro&nbsp;da \u00faltima quinta-feira (5).<\/p>\n\n\n\n<p>\u201cO que a gente tem observado no setor \u00e9 uma transi\u00e7\u00e3o gradual para o modelo de tarifa fixa, porque ele tem sido demonstrado que \u00e9 mais equitativo e promove uma sinaliza\u00e7\u00e3o econ\u00f4mica muito clara de uso racional do recurso\u201d, disse o coordenador. &#8220;Entendemos que esse tipo de proposta regulat\u00f3ria tem, sim, o cond\u00e3o de acelerar essa transi\u00e7\u00e3o, que n\u00f3s entendemos que \u00e9 muito ben\u00e9fica&#8221;.&nbsp;<\/p>\n\n\n\n<p>Segundo Gontijo, na tarifa por consumo m\u00ednimo, a mais comum atualmente, o usu\u00e1rio n\u00e3o sente que tem incentivo \u00e0 economia de uso de \u00e1gua, visto que vai pagar o mesmo valor consumindo at\u00e9 um determinado limite, que pode chegar a 20 metros c\u00fabicos em algumas regi\u00f5es. J\u00e1 no modelo por tarifa fixa, ele afirma que, como todo o volume consumido \u00e9 faturado, h\u00e1 uma sinaliza\u00e7\u00e3o mais clara de benef\u00edcio para o usu\u00e1rio, o que o incentiva a economizar recursos.<\/p>\n\n\n\n<p>Em fevereiro, a ANA havia aprovado a&nbsp;<a href=\"https:\/\/agenciainfra.us14.list-manage.com\/track\/click?u=d460dd1bcf9ba0ae040e1fc0f&amp;id=c2eaabf36b&amp;e=55b7a27fc9\" rel=\"noreferrer noopener\" target=\"_blank\">NR (Norma de Refer\u00eancia) 6\/2024<\/a>,&nbsp;acerca dos modelos de regula\u00e7\u00e3o tarif\u00e1ria para saneamento. Segundo Gontijo, a nova proposta de nova estrutura tarif\u00e1ria, que inclui as normas para a tarifa social, s\u00f3 dever\u00e1 vir a ser regulamentada, no entanto, em 2025. Uma CP (Consulta P\u00fablica) sobre o tema est\u00e1 prevista para ser realizada entre mar\u00e7o e abril do ano que vem.<\/p>\n\n\n\n<p>No entanto, a lei determina o in\u00edcio dos descontos para os benefici\u00e1rios nesta semana.&nbsp;Mas o artigo 6\u00ba da lei da Tarifa Social informa que a cobran\u00e7a s\u00f3 ser\u00e1 eficaz mediante pr\u00e9via recomposi\u00e7\u00e3o de equil\u00edbrio econ\u00f4mico-financeiro dos contratos. O governo ainda&nbsp;<a href=\"https:\/\/agenciainfra.us14.list-manage.com\/track\/click?u=d460dd1bcf9ba0ae040e1fc0f&amp;id=bdc1c0ad54&amp;e=55b7a27fc9\" target=\"_blank\" rel=\"noreferrer noopener\">bate cabe\u00e7a<\/a>&nbsp;sobre como ser\u00e1 feita essa implementa\u00e7\u00e3o.<\/p>\n\n\n\n<p><strong>Insustentabilidade do benef\u00edcio<\/strong><br>Gontijo destacou que as regi\u00f5es Norte e Nordeste t\u00eam grande percentual de inscritos no Cad\u00danico, com at\u00e9 59% da popula\u00e7\u00e3o eleg\u00edvel \u00e0 tarifa social. Para ele, o alto percentual poderia tornar o benef\u00edcio da tarifa social insustent\u00e1vel economicamente em determinadas localidades.<\/p>\n\n\n\n<p>No entendimento do coordenador da ANA, o reequil\u00edbrio tamb\u00e9m \u00e9 necess\u00e1rio para contratos de programa e presta\u00e7\u00e3o direta de servi\u00e7os, devendo ser acompanhado da atualiza\u00e7\u00e3o da estrutura tarif\u00e1ria por meio da respectiva entidade reguladora.<\/p>\n\n\n\n<p>\u201cPor isso que \u00e9 importante n\u00f3s fazermos uma regulamenta\u00e7\u00e3o de como a tarifa social, de fato, deve ser implementada para garantir e assegurar que os servi\u00e7os sejam sustent\u00e1veis economicamente falando e que seja preservado o equil\u00edbrio econ\u00f4mico-financeiro\u201d, afirmou durante a apresenta\u00e7\u00e3o.<\/p>\n\n\n\n<p><strong>Estrutura tarif\u00e1ria da cobran\u00e7a<\/strong><br>Na regulamenta\u00e7\u00e3o da tarifa social em desenvolvimento, a ANA pretende propor\u00a0que o desconto de 50% seja aplicado a todas as faixas de consumo at\u00e9 o limite de 15m\u00b3. Com rela\u00e7\u00e3o \u00e0 aplica\u00e7\u00e3o ou n\u00e3o do desconto sobre a parcela fixa, que n\u00e3o \u00e9 volum\u00e9trica e n\u00e3o tem franquia de volume associado, a ag\u00eancia entende que caber\u00e1 \u00e0 ERI fazer a regulamenta\u00e7\u00e3o.<\/p>\n\n\n\n<p>Ou seja, a ERI dever\u00e1 analisar o impacto tarif\u00e1rio das demais categorias de usu\u00e1rios que v\u00e3o suportar os subs\u00eddios da tarifa social e definir a aplica\u00e7\u00e3o ou n\u00e3o do desconto, que poder\u00e1 ser inferior a 50%, sobre a tarifa fixa.<\/p>\n\n\n\n<p><strong>Evitar sa\u00edda do sistema<\/strong><br>Para evitar que o impacto seja grande e induza usu\u00e1rios a sa\u00edrem do sistema, a ERI dever\u00e1 observar, ainda, aspectos socioecon\u00f4micos locais, modicidade tarif\u00e1ria, uso racional de recursos, disponibilidade h\u00eddrica e sustentabilidade econ\u00f4mico-financeira da presta\u00e7\u00e3o do servi\u00e7o.<\/p>\n\n\n\n<p>Gontijo explica que h\u00e1 dois casos a serem seguidos para a aplica\u00e7\u00e3o do desconto da tarifa social. No caso 1, em que h\u00e1 cobran\u00e7a de tarifa fixa mais parcela vari\u00e1vel, existe, segundo a ag\u00eancia, uma margem de discricionariedade para a ERI definir ou n\u00e3o a aplica\u00e7\u00e3o do desconto.<\/p>\n\n\n\n<p>No caso 2, em que h\u00e1 consumo m\u00ednimo somado \u00e0 tarifa vari\u00e1vel, ele ressalta que a lei n\u00e3o permite essa an\u00e1lise para que se conceda ou n\u00e3o o desconto. \u201cO desconto tem que ser, sim, aplicado em todas as faixas de consumo, inclusive aquela faixa que \u00e9 chamada de consumo m\u00ednimo, at\u00e9 15m3. Se a faixa de consumo m\u00ednimo for menor que 15[m3], aplica-se o desconto tamb\u00e9m naquilo que exceder o volume m\u00ednimo at\u00e9 o limite de 15m3\u201d, explicou.<\/p>\n\n\n\n<p><strong>Formas de reequil\u00edbrios<\/strong><br>Ainda de acordo com Gontijo, a proposta da ag\u00eancia visa ampliar as formas de recomposi\u00e7\u00e3o de contratos, incluindo altera\u00e7\u00e3o do valor das tarifas, do prazo de concess\u00e3o, compensa\u00e7\u00e3o direta \u00e0 concession\u00e1ria, altera\u00e7\u00e3o em valores de outorgas ou outras altera\u00e7\u00f5es contratuais que n\u00e3o impactem a universaliza\u00e7\u00e3o do sistema.<\/p>\n\n\n\n<p>\u201cQuando tem aquela outorga paga ao longo da presta\u00e7\u00e3o do servi\u00e7o, o poder concedente pode optar por reduzir essa outorga para poder, de fato, reequilibrar o contrato\u201d, afirmou.<\/p>\n\n\n\n<p><strong>Orienta\u00e7\u00e3o \u00e0s ERIs<\/strong><br>Gontijo&nbsp;ressaltou que a ag\u00eancia&nbsp;<a href=\"https:\/\/agenciainfra.us14.list-manage.com\/track\/click?u=d460dd1bcf9ba0ae040e1fc0f&amp;id=7e058035e9&amp;e=55b7a27fc9\" rel=\"noreferrer noopener\" target=\"_blank\">disponibiliza<\/a>&nbsp;em seu site orienta\u00e7\u00f5es do MDS (Minist\u00e9rio do Desenvolvimento Social e Combate \u00e0 Fome) de como as prestadoras e ERIs (Entidades Reguladoras Infranacionais) devem acessar e gerir os dados do Cad\u00danico.<\/p>\n\n\n\n<p>Na pr\u00e1tica, a ERI dever\u00e1 pedir os dados considerados essenciais aos estados, Distrito Federal ou munic\u00edpios, cruz\u00e1-los com a base de dados do prestador e apresent\u00e1-los ao prestador. Em caso de BPC, haver\u00e1 um fluxo mais detalhado ainda a ser disciplinado.<\/p>\n","protected":false},"excerpt":{"rendered":"<p>Sheyla Santos, da Ag\u00eancia iNFRA As regras para implementa\u00e7\u00e3o da Lei de Tarifa Social de \u00c1gua e Esgoto (Lei 14.898\/2024) devem acelerar o&nbsp;direcionamento das empresas do setor&nbsp;para o modelo de cobran\u00e7a de tarifa fixa, com pagamento da tarifa pelo consumo proporcional, e n\u00e3o mais por um valor fixo independentemente da quantidade consumida, o consumo m\u00ednimo. [&hellip;]<\/p>\n","protected":false},"author":1,"featured_media":4129,"comment_status":"closed","ping_status":"closed","sticky":false,"template":"","format":"standard","meta":{"_monsterinsights_skip_tracking":false,"_monsterinsights_sitenote_active":false,"_monsterinsights_sitenote_note":"","_monsterinsights_sitenote_category":0,"footnotes":""},"categories":[7250,1,7827],"tags":[77,3010,11931,1352,9432,10154,179,73,8838,3797,11804],"class_list":["post-19478","post","type-post","status-publish","format-standard","has-post-thumbnail","hentry","category-destaque-lista","category-geral","category-infrasaneamento","tag-ana","tag-esgotamento-sanitario","tag-lei-14-898-2024","tag-marco-legal-do-saneamento-basico","tag-norma-de-referencia","tag-rene-gontijo","tag-saneamento","tag-saneamento-basico","tag-sheyla-santos","tag-tarifa-social","tag-tarifa-social-de-agua-e-esgoto"],"yoast_head":"<!-- This site is optimized with the Yoast SEO Premium plugin v25.4 (Yoast SEO v26.0) - https:\/\/yoast.com\/wordpress\/plugins\/seo\/ -->\n<title>Tarifa Social deve direcionar prestadores de saneamento para cobran\u00e7a de tarifa fixa, avalia ANA - Ag\u00eancia iNFRA<\/title>\n<meta name=\"robots\" content=\"index, follow, max-snippet:-1, max-image-preview:large, max-video-preview:-1\" \/>\n<link rel=\"canonical\" href=\"https:\/\/agenciainfra.com\/blog\/tarifa-social-deve-direcionar-prestadores-de-saneamento-para-cobranca-de-tarifa-fixa-avalia-ana\/\" \/>\n<meta property=\"og:locale\" content=\"pt_BR\" \/>\n<meta property=\"og:type\" content=\"article\" \/>\n<meta property=\"og:title\" content=\"Tarifa Social deve direcionar prestadores de saneamento para cobran\u00e7a de tarifa fixa, avalia ANA\" \/>\n<meta property=\"og:description\" content=\"Sheyla Santos, da Ag\u00eancia iNFRA As regras para implementa\u00e7\u00e3o da Lei de Tarifa Social de \u00c1gua e Esgoto (Lei 14.898\/2024) devem acelerar o&nbsp;direcionamento das empresas do setor&nbsp;para o modelo de cobran\u00e7a de tarifa fixa, com pagamento da tarifa pelo consumo proporcional, e n\u00e3o mais por um valor fixo independentemente da quantidade consumida, o consumo m\u00ednimo. [&hellip;]\" \/>\n<meta property=\"og:url\" content=\"https:\/\/agenciainfra.com\/blog\/tarifa-social-deve-direcionar-prestadores-de-saneamento-para-cobranca-de-tarifa-fixa-avalia-ana\/\" \/>\n<meta property=\"og:site_name\" content=\"Ag\u00eancia iNFRA\" \/>\n<meta property=\"article:publisher\" content=\"https:\/\/www.facebook.com\/ageninfra\" \/>\n<meta property=\"article:published_time\" content=\"2024-12-10T11:00:00+00:00\" \/>\n<meta property=\"article:modified_time\" content=\"2024-12-10T13:55:17+00:00\" \/>\n<meta property=\"og:image\" content=\"https:\/\/agenciainfra.com\/blog\/wp-content\/uploads\/2019\/12\/saneamento-basico-foto-ciete-silverio-governo-de-sao-paulo.jpg\" \/>\n\t<meta property=\"og:image:width\" content=\"1000\" \/>\n\t<meta property=\"og:image:height\" content=\"688\" \/>\n\t<meta property=\"og:image:type\" content=\"image\/jpeg\" \/>\n<meta name=\"author\" content=\"Ag\u00eancia iNFRA\" \/>\n<meta name=\"twitter:card\" content=\"summary_large_image\" \/>\n<meta name=\"twitter:creator\" content=\"@agencia_infra\" \/>\n<meta name=\"twitter:site\" content=\"@agencia_infra\" \/>\n<meta name=\"twitter:label1\" content=\"Escrito por\" \/>\n\t<meta name=\"twitter:data1\" content=\"Ag\u00eancia iNFRA\" \/>\n\t<meta name=\"twitter:label2\" content=\"Est. tempo de leitura\" \/>\n\t<meta name=\"twitter:data2\" content=\"6 minutos\" \/>\n<script type=\"application\/ld+json\" class=\"yoast-schema-graph\">{\"@context\":\"https:\/\/schema.org\",\"@graph\":[{\"@type\":\"Article\",\"@id\":\"https:\/\/agenciainfra.com\/blog\/tarifa-social-deve-direcionar-prestadores-de-saneamento-para-cobranca-de-tarifa-fixa-avalia-ana\/#article\",\"isPartOf\":{\"@id\":\"https:\/\/agenciainfra.com\/blog\/tarifa-social-deve-direcionar-prestadores-de-saneamento-para-cobranca-de-tarifa-fixa-avalia-ana\/\"},\"author\":{\"name\":\"Ag\u00eancia iNFRA\",\"@id\":\"https:\/\/agenciainfra.com\/blog\/#\/schema\/person\/34af08dff6adea4cb22b06612ba7acfa\"},\"headline\":\"Tarifa Social deve direcionar prestadores de saneamento para cobran\u00e7a de tarifa fixa, avalia ANA\",\"datePublished\":\"2024-12-10T11:00:00+00:00\",\"dateModified\":\"2024-12-10T13:55:17+00:00\",\"mainEntityOfPage\":{\"@id\":\"https:\/\/agenciainfra.com\/blog\/tarifa-social-deve-direcionar-prestadores-de-saneamento-para-cobranca-de-tarifa-fixa-avalia-ana\/\"},\"wordCount\":1235,\"publisher\":{\"@id\":\"https:\/\/agenciainfra.com\/blog\/#organization\"},\"image\":{\"@id\":\"https:\/\/agenciainfra.com\/blog\/tarifa-social-deve-direcionar-prestadores-de-saneamento-para-cobranca-de-tarifa-fixa-avalia-ana\/#primaryimage\"},\"thumbnailUrl\":\"https:\/\/agenciainfra.com\/blog\/wp-content\/uploads\/2019\/12\/saneamento-basico-foto-ciete-silverio-governo-de-sao-paulo.jpg\",\"keywords\":[\"ANA\",\"esgotamento sanit\u00e1rio\",\"Lei 14.898\/2024\",\"Marco Legal do Saneamento B\u00e1sico\",\"Norma de Refer\u00eancia\",\"Ren\u00e9 Gontijo\",\"saneamento\",\"Saneamento B\u00e1sico\",\"Sheyla Santos\",\"Tarifa Social\",\"tarifa social de \u00e1gua e esgoto\"],\"articleSection\":[\"Destaque lista\",\"Geral\",\"iNFRASaneamento\"],\"inLanguage\":\"pt-BR\",\"copyrightYear\":\"2024\",\"copyrightHolder\":{\"@id\":\"https:\/\/agenciainfra.com\/blog\/#organization\"}},{\"@type\":\"WebPage\",\"@id\":\"https:\/\/agenciainfra.com\/blog\/tarifa-social-deve-direcionar-prestadores-de-saneamento-para-cobranca-de-tarifa-fixa-avalia-ana\/\",\"url\":\"https:\/\/agenciainfra.com\/blog\/tarifa-social-deve-direcionar-prestadores-de-saneamento-para-cobranca-de-tarifa-fixa-avalia-ana\/\",\"name\":\"Tarifa Social deve direcionar prestadores de saneamento para cobran\u00e7a de tarifa fixa, avalia ANA - Ag\u00eancia iNFRA\",\"isPartOf\":{\"@id\":\"https:\/\/agenciainfra.com\/blog\/#website\"},\"primaryImageOfPage\":{\"@id\":\"https:\/\/agenciainfra.com\/blog\/tarifa-social-deve-direcionar-prestadores-de-saneamento-para-cobranca-de-tarifa-fixa-avalia-ana\/#primaryimage\"},\"image\":{\"@id\":\"https:\/\/agenciainfra.com\/blog\/tarifa-social-deve-direcionar-prestadores-de-saneamento-para-cobranca-de-tarifa-fixa-avalia-ana\/#primaryimage\"},\"thumbnailUrl\":\"https:\/\/agenciainfra.com\/blog\/wp-content\/uploads\/2019\/12\/saneamento-basico-foto-ciete-silverio-governo-de-sao-paulo.jpg\",\"datePublished\":\"2024-12-10T11:00:00+00:00\",\"dateModified\":\"2024-12-10T13:55:17+00:00\",\"breadcrumb\":{\"@id\":\"https:\/\/agenciainfra.com\/blog\/tarifa-social-deve-direcionar-prestadores-de-saneamento-para-cobranca-de-tarifa-fixa-avalia-ana\/#breadcrumb\"},\"inLanguage\":\"pt-BR\",\"potentialAction\":[{\"@type\":\"ReadAction\",\"target\":[\"https:\/\/agenciainfra.com\/blog\/tarifa-social-deve-direcionar-prestadores-de-saneamento-para-cobranca-de-tarifa-fixa-avalia-ana\/\"]}]},{\"@type\":\"ImageObject\",\"inLanguage\":\"pt-BR\",\"@id\":\"https:\/\/agenciainfra.com\/blog\/tarifa-social-deve-direcionar-prestadores-de-saneamento-para-cobranca-de-tarifa-fixa-avalia-ana\/#primaryimage\",\"url\":\"https:\/\/agenciainfra.com\/blog\/wp-content\/uploads\/2019\/12\/saneamento-basico-foto-ciete-silverio-governo-de-sao-paulo.jpg\",\"contentUrl\":\"https:\/\/agenciainfra.com\/blog\/wp-content\/uploads\/2019\/12\/saneamento-basico-foto-ciete-silverio-governo-de-sao-paulo.jpg\",\"width\":1000,\"height\":688,\"caption\":\"Foto: Ciete Silv\u00e9rio\/Governo de S\u00e3o Paulo\"},{\"@type\":\"BreadcrumbList\",\"@id\":\"https:\/\/agenciainfra.com\/blog\/tarifa-social-deve-direcionar-prestadores-de-saneamento-para-cobranca-de-tarifa-fixa-avalia-ana\/#breadcrumb\",\"itemListElement\":[{\"@type\":\"ListItem\",\"position\":1,\"name\":\"In\u00edcio\",\"item\":\"https:\/\/agenciainfra.com\/blog\/\"},{\"@type\":\"ListItem\",\"position\":2,\"name\":\"Tarifa Social deve direcionar prestadores de saneamento para cobran\u00e7a de tarifa fixa, avalia ANA\"}]},{\"@type\":\"WebSite\",\"@id\":\"https:\/\/agenciainfra.com\/blog\/#website\",\"url\":\"https:\/\/agenciainfra.com\/blog\/\",\"name\":\"Ag\u00eancia iNFRA\",\"description\":\"Multiplataforma de informa\u00e7\u00e3o jornal\u00edstica refer\u00eancia na \u00e1rea de infraestrutura no Brasil!\",\"publisher\":{\"@id\":\"https:\/\/agenciainfra.com\/blog\/#organization\"},\"potentialAction\":[{\"@type\":\"SearchAction\",\"target\":{\"@type\":\"EntryPoint\",\"urlTemplate\":\"https:\/\/agenciainfra.com\/blog\/?s={search_term_string}\"},\"query-input\":{\"@type\":\"PropertyValueSpecification\",\"valueRequired\":true,\"valueName\":\"search_term_string\"}}],\"inLanguage\":\"pt-BR\"},{\"@type\":\"Organization\",\"@id\":\"https:\/\/agenciainfra.com\/blog\/#organization\",\"name\":\"Ag\u00eancia iNFRA\",\"url\":\"https:\/\/agenciainfra.com\/blog\/\",\"logo\":{\"@type\":\"ImageObject\",\"inLanguage\":\"pt-BR\",\"@id\":\"https:\/\/agenciainfra.com\/blog\/#\/schema\/logo\/image\/\",\"url\":\"https:\/\/agenciainfra.com\/blog\/wp-content\/uploads\/2023\/09\/iNFRA_5-e1761735885940.png\",\"contentUrl\":\"https:\/\/agenciainfra.com\/blog\/wp-content\/uploads\/2023\/09\/iNFRA_5-e1761735885940.png\",\"width\":1672,\"height\":454,\"caption\":\"Ag\u00eancia iNFRA\"},\"image\":{\"@id\":\"https:\/\/agenciainfra.com\/blog\/#\/schema\/logo\/image\/\"},\"sameAs\":[\"https:\/\/www.facebook.com\/ageninfra\",\"https:\/\/x.com\/agencia_infra\",\"https:\/\/www.linkedin.com\/company\/ag\u00eanciainfra\/\",\"https:\/\/www.instagram.com\/agenciainfra\/\"]},{\"@type\":\"Person\",\"@id\":\"https:\/\/agenciainfra.com\/blog\/#\/schema\/person\/34af08dff6adea4cb22b06612ba7acfa\",\"name\":\"Ag\u00eancia iNFRA\",\"image\":{\"@type\":\"ImageObject\",\"inLanguage\":\"pt-BR\",\"@id\":\"https:\/\/agenciainfra.com\/blog\/#\/schema\/person\/image\/\",\"url\":\"https:\/\/secure.gravatar.com\/avatar\/d189e01678f06d8eb84d4e01f08eb848b3fffe3f8443818d3c356c66892f5be8?s=96&d=mm&r=g\",\"contentUrl\":\"https:\/\/secure.gravatar.com\/avatar\/d189e01678f06d8eb84d4e01f08eb848b3fffe3f8443818d3c356c66892f5be8?s=96&d=mm&r=g\",\"caption\":\"Ag\u00eancia iNFRA\"},\"url\":\"https:\/\/agenciainfra.com\/blog\/author\/admin\/\"}]}<\/script>\n<!-- \/ Yoast SEO Premium plugin. -->","yoast_head_json":{"title":"Tarifa Social deve direcionar prestadores de saneamento para cobran\u00e7a de tarifa fixa, avalia ANA - Ag\u00eancia iNFRA","robots":{"index":"index","follow":"follow","max-snippet":"max-snippet:-1","max-image-preview":"max-image-preview:large","max-video-preview":"max-video-preview:-1"},"canonical":"https:\/\/agenciainfra.com\/blog\/tarifa-social-deve-direcionar-prestadores-de-saneamento-para-cobranca-de-tarifa-fixa-avalia-ana\/","og_locale":"pt_BR","og_type":"article","og_title":"Tarifa Social deve direcionar prestadores de saneamento para cobran\u00e7a de tarifa fixa, avalia ANA","og_description":"Sheyla Santos, da Ag\u00eancia iNFRA As regras para implementa\u00e7\u00e3o da Lei de Tarifa Social de \u00c1gua e Esgoto (Lei 14.898\/2024) devem acelerar o&nbsp;direcionamento das empresas do setor&nbsp;para o modelo de cobran\u00e7a de tarifa fixa, com pagamento da tarifa pelo consumo proporcional, e n\u00e3o mais por um valor fixo independentemente da quantidade consumida, o consumo m\u00ednimo. [&hellip;]","og_url":"https:\/\/agenciainfra.com\/blog\/tarifa-social-deve-direcionar-prestadores-de-saneamento-para-cobranca-de-tarifa-fixa-avalia-ana\/","og_site_name":"Ag\u00eancia iNFRA","article_publisher":"https:\/\/www.facebook.com\/ageninfra","article_published_time":"2024-12-10T11:00:00+00:00","article_modified_time":"2024-12-10T13:55:17+00:00","og_image":[{"width":1000,"height":688,"url":"https:\/\/agenciainfra.com\/blog\/wp-content\/uploads\/2019\/12\/saneamento-basico-foto-ciete-silverio-governo-de-sao-paulo.jpg","type":"image\/jpeg"}],"author":"Ag\u00eancia iNFRA","twitter_card":"summary_large_image","twitter_creator":"@agencia_infra","twitter_site":"@agencia_infra","twitter_misc":{"Escrito por":"Ag\u00eancia iNFRA","Est. tempo de leitura":"6 minutos"},"schema":{"@context":"https:\/\/schema.org","@graph":[{"@type":"Article","@id":"https:\/\/agenciainfra.com\/blog\/tarifa-social-deve-direcionar-prestadores-de-saneamento-para-cobranca-de-tarifa-fixa-avalia-ana\/#article","isPartOf":{"@id":"https:\/\/agenciainfra.com\/blog\/tarifa-social-deve-direcionar-prestadores-de-saneamento-para-cobranca-de-tarifa-fixa-avalia-ana\/"},"author":{"name":"Ag\u00eancia iNFRA","@id":"https:\/\/agenciainfra.com\/blog\/#\/schema\/person\/34af08dff6adea4cb22b06612ba7acfa"},"headline":"Tarifa Social deve direcionar prestadores de saneamento para cobran\u00e7a de tarifa fixa, avalia ANA","datePublished":"2024-12-10T11:00:00+00:00","dateModified":"2024-12-10T13:55:17+00:00","mainEntityOfPage":{"@id":"https:\/\/agenciainfra.com\/blog\/tarifa-social-deve-direcionar-prestadores-de-saneamento-para-cobranca-de-tarifa-fixa-avalia-ana\/"},"wordCount":1235,"publisher":{"@id":"https:\/\/agenciainfra.com\/blog\/#organization"},"image":{"@id":"https:\/\/agenciainfra.com\/blog\/tarifa-social-deve-direcionar-prestadores-de-saneamento-para-cobranca-de-tarifa-fixa-avalia-ana\/#primaryimage"},"thumbnailUrl":"https:\/\/agenciainfra.com\/blog\/wp-content\/uploads\/2019\/12\/saneamento-basico-foto-ciete-silverio-governo-de-sao-paulo.jpg","keywords":["ANA","esgotamento sanit\u00e1rio","Lei 14.898\/2024","Marco Legal do Saneamento B\u00e1sico","Norma de Refer\u00eancia","Ren\u00e9 Gontijo","saneamento","Saneamento B\u00e1sico","Sheyla Santos","Tarifa Social","tarifa social de \u00e1gua e esgoto"],"articleSection":["Destaque lista","Geral","iNFRASaneamento"],"inLanguage":"pt-BR","copyrightYear":"2024","copyrightHolder":{"@id":"https:\/\/agenciainfra.com\/blog\/#organization"}},{"@type":"WebPage","@id":"https:\/\/agenciainfra.com\/blog\/tarifa-social-deve-direcionar-prestadores-de-saneamento-para-cobranca-de-tarifa-fixa-avalia-ana\/","url":"https:\/\/agenciainfra.com\/blog\/tarifa-social-deve-direcionar-prestadores-de-saneamento-para-cobranca-de-tarifa-fixa-avalia-ana\/","name":"Tarifa Social deve direcionar prestadores de saneamento para cobran\u00e7a de tarifa fixa, avalia ANA - Ag\u00eancia iNFRA","isPartOf":{"@id":"https:\/\/agenciainfra.com\/blog\/#website"},"primaryImageOfPage":{"@id":"https:\/\/agenciainfra.com\/blog\/tarifa-social-deve-direcionar-prestadores-de-saneamento-para-cobranca-de-tarifa-fixa-avalia-ana\/#primaryimage"},"image":{"@id":"https:\/\/agenciainfra.com\/blog\/tarifa-social-deve-direcionar-prestadores-de-saneamento-para-cobranca-de-tarifa-fixa-avalia-ana\/#primaryimage"},"thumbnailUrl":"https:\/\/agenciainfra.com\/blog\/wp-content\/uploads\/2019\/12\/saneamento-basico-foto-ciete-silverio-governo-de-sao-paulo.jpg","datePublished":"2024-12-10T11:00:00+00:00","dateModified":"2024-12-10T13:55:17+00:00","breadcrumb":{"@id":"https:\/\/agenciainfra.com\/blog\/tarifa-social-deve-direcionar-prestadores-de-saneamento-para-cobranca-de-tarifa-fixa-avalia-ana\/#breadcrumb"},"inLanguage":"pt-BR","potentialAction":[{"@type":"ReadAction","target":["https:\/\/agenciainfra.com\/blog\/tarifa-social-deve-direcionar-prestadores-de-saneamento-para-cobranca-de-tarifa-fixa-avalia-ana\/"]}]},{"@type":"ImageObject","inLanguage":"pt-BR","@id":"https:\/\/agenciainfra.com\/blog\/tarifa-social-deve-direcionar-prestadores-de-saneamento-para-cobranca-de-tarifa-fixa-avalia-ana\/#primaryimage","url":"https:\/\/agenciainfra.com\/blog\/wp-content\/uploads\/2019\/12\/saneamento-basico-foto-ciete-silverio-governo-de-sao-paulo.jpg","contentUrl":"https:\/\/agenciainfra.com\/blog\/wp-content\/uploads\/2019\/12\/saneamento-basico-foto-ciete-silverio-governo-de-sao-paulo.jpg","width":1000,"height":688,"caption":"Foto: Ciete Silv\u00e9rio\/Governo de S\u00e3o Paulo"},{"@type":"BreadcrumbList","@id":"https:\/\/agenciainfra.com\/blog\/tarifa-social-deve-direcionar-prestadores-de-saneamento-para-cobranca-de-tarifa-fixa-avalia-ana\/#breadcrumb","itemListElement":[{"@type":"ListItem","position":1,"name":"In\u00edcio","item":"https:\/\/agenciainfra.com\/blog\/"},{"@type":"ListItem","position":2,"name":"Tarifa Social deve direcionar prestadores de saneamento para cobran\u00e7a de tarifa fixa, avalia ANA"}]},{"@type":"WebSite","@id":"https:\/\/agenciainfra.com\/blog\/#website","url":"https:\/\/agenciainfra.com\/blog\/","name":"Ag\u00eancia iNFRA","description":"Multiplataforma de informa\u00e7\u00e3o jornal\u00edstica refer\u00eancia na \u00e1rea de infraestrutura no Brasil!","publisher":{"@id":"https:\/\/agenciainfra.com\/blog\/#organization"},"potentialAction":[{"@type":"SearchAction","target":{"@type":"EntryPoint","urlTemplate":"https:\/\/agenciainfra.com\/blog\/?s={search_term_string}"},"query-input":{"@type":"PropertyValueSpecification","valueRequired":true,"valueName":"search_term_string"}}],"inLanguage":"pt-BR"},{"@type":"Organization","@id":"https:\/\/agenciainfra.com\/blog\/#organization","name":"Ag\u00eancia iNFRA","url":"https:\/\/agenciainfra.com\/blog\/","logo":{"@type":"ImageObject","inLanguage":"pt-BR","@id":"https:\/\/agenciainfra.com\/blog\/#\/schema\/logo\/image\/","url":"https:\/\/agenciainfra.com\/blog\/wp-content\/uploads\/2023\/09\/iNFRA_5-e1761735885940.png","contentUrl":"https:\/\/agenciainfra.com\/blog\/wp-content\/uploads\/2023\/09\/iNFRA_5-e1761735885940.png","width":1672,"height":454,"caption":"Ag\u00eancia iNFRA"},"image":{"@id":"https:\/\/agenciainfra.com\/blog\/#\/schema\/logo\/image\/"},"sameAs":["https:\/\/www.facebook.com\/ageninfra","https:\/\/x.com\/agencia_infra","https:\/\/www.linkedin.com\/company\/ag\u00eanciainfra\/","https:\/\/www.instagram.com\/agenciainfra\/"]},{"@type":"Person","@id":"https:\/\/agenciainfra.com\/blog\/#\/schema\/person\/34af08dff6adea4cb22b06612ba7acfa","name":"Ag\u00eancia iNFRA","image":{"@type":"ImageObject","inLanguage":"pt-BR","@id":"https:\/\/agenciainfra.com\/blog\/#\/schema\/person\/image\/","url":"https:\/\/secure.gravatar.com\/avatar\/d189e01678f06d8eb84d4e01f08eb848b3fffe3f8443818d3c356c66892f5be8?s=96&d=mm&r=g","contentUrl":"https:\/\/secure.gravatar.com\/avatar\/d189e01678f06d8eb84d4e01f08eb848b3fffe3f8443818d3c356c66892f5be8?s=96&d=mm&r=g","caption":"Ag\u00eancia iNFRA"},"url":"https:\/\/agenciainfra.com\/blog\/author\/admin\/"}]}},"_links":{"self":[{"href":"https:\/\/agenciainfra.com\/blog\/wp-json\/wp\/v2\/posts\/19478","targetHints":{"allow":["GET"]}}],"collection":[{"href":"https:\/\/agenciainfra.com\/blog\/wp-json\/wp\/v2\/posts"}],"about":[{"href":"https:\/\/agenciainfra.com\/blog\/wp-json\/wp\/v2\/types\/post"}],"author":[{"embeddable":true,"href":"https:\/\/agenciainfra.com\/blog\/wp-json\/wp\/v2\/users\/1"}],"replies":[{"embeddable":true,"href":"https:\/\/agenciainfra.com\/blog\/wp-json\/wp\/v2\/comments?post=19478"}],"version-history":[{"count":1,"href":"https:\/\/agenciainfra.com\/blog\/wp-json\/wp\/v2\/posts\/19478\/revisions"}],"predecessor-version":[{"id":19479,"href":"https:\/\/agenciainfra.com\/blog\/wp-json\/wp\/v2\/posts\/19478\/revisions\/19479"}],"wp:featuredmedia":[{"embeddable":true,"href":"https:\/\/agenciainfra.com\/blog\/wp-json\/wp\/v2\/media\/4129"}],"wp:attachment":[{"href":"https:\/\/agenciainfra.com\/blog\/wp-json\/wp\/v2\/media?parent=19478"}],"wp:term":[{"taxonomy":"category","embeddable":true,"href":"https:\/\/agenciainfra.com\/blog\/wp-json\/wp\/v2\/categories?post=19478"},{"taxonomy":"post_tag","embeddable":true,"href":"https:\/\/agenciainfra.com\/blog\/wp-json\/wp\/v2\/tags?post=19478"}],"curies":[{"name":"wp","href":"https:\/\/api.w.org\/{rel}","templated":true}]}}