{"id":19480,"date":"2024-12-09T10:00:00","date_gmt":"2024-12-09T13:00:00","guid":{"rendered":"https:\/\/agenciainfra.com\/blog\/?p=19480"},"modified":"2025-10-21T08:21:17","modified_gmt":"2025-10-21T11:21:17","slug":"indicacoes-para-agencias-eolicas-offshore-cnpe-e-ultima-reuniao-ordinaria-da-aneel-em-2024-devem-marcar-a-semana","status":"publish","type":"post","link":"https:\/\/agenciainfra.com\/blog\/indicacoes-para-agencias-eolicas-offshore-cnpe-e-ultima-reuniao-ordinaria-da-aneel-em-2024-devem-marcar-a-semana\/","title":{"rendered":"Indica\u00e7\u00f5es para ag\u00eancias, e\u00f3licas offshore, CNPE e \u00faltima reuni\u00e3o ordin\u00e1ria da ANEEL em 2024 devem marcar a semana"},"content":{"rendered":"\n<p class=\"has-text-align-right\"><strong>Geraldo Campos Jr. e Marisa Wanzeller, da Ag\u00eancia iNFRA<\/strong><\/p>\n\n\n\n<p>Indica\u00e7\u00f5es para compor as diretorias e conselhos de cerca de 18&nbsp;ag\u00eancias reguladoras s\u00e3o esperadas para esta semana. A previs\u00e3o inicial era que o encaminhamento dos nomes ao Senado ocorresse at\u00e9 sexta-feira (6), no entanto, o Planalto optou por aguardar o presidente Lula retornar a Bras\u00edlia para validar e encaminhar as indica\u00e7\u00f5es. Ele viajou para o Uruguai na \u00faltima quinta-feira (5) para reuni\u00e3o do Mercosul.&nbsp;<\/p>\n\n\n\n<p>No entanto, persistem impasses em rela\u00e7\u00e3o a alguns nomes e h\u00e1 disputas entre partidos e bancadas pelos apadrinhamentos. Parte da urg\u00eancia para envio dos nomes se deve \u00e0 sinaliza\u00e7\u00e3o de que a CI (Comiss\u00e3o de Servi\u00e7os de Infraestrutura) do Senado Federal deve ser comandada pelo PL no pr\u00f3ximo ano, partido de oposi\u00e7\u00e3o ao governo.<\/p>\n\n\n\n<p>O colegiado \u00e9 respons\u00e1vel pelas sabatinas dos indicados para as ag\u00eancias mais caras ao meio pol\u00edtico, como as de energia e transportes. S\u00e3o esperados dois nomes para a ANEEL (Ag\u00eancia Nacional de Energia El\u00e9trica) e mais dois para a ANP (Ag\u00eancia Nacional do Petr\u00f3leo, G\u00e1s Natural e Biocombust\u00edveis).<\/p>\n\n\n\n<p>Com isso, o Planalto trabalha para conseguir viabilizar as sabatinas ainda neste ano legislativo. Teoricamente, restam mais duas semanas de trabalhos legislativos em 2024.&nbsp;<\/p>\n\n\n\n<p><strong>Projetos de lei<\/strong><br>Para al\u00e9m das indica\u00e7\u00f5es, a semana deve ter defini\u00e7\u00f5es importantes no Senado para o setor el\u00e9trico. A CI pautou para ter\u00e7a-feira (10) a vota\u00e7\u00e3o do projeto de lei das e\u00f3licas offshore (<a href=\"https:\/\/agenciainfra.us14.list-manage.com\/track\/click?u=d460dd1bcf9ba0ae040e1fc0f&amp;id=98805b49c6&amp;e=55b7a27fc9\" target=\"_blank\" rel=\"noreferrer noopener\">PL 576\/2021<\/a>), que teve o relat\u00f3rio apresentado pelo senador Weverton Rocha (PDT-MA) na semana passada, mantendo a maioria dos \u201cjabutis\u201d, como os benef\u00edcios a t\u00e9rmicas a carv\u00e3o e a g\u00e1s natural.<\/p>\n\n\n\n<p>No plen\u00e1rio do Senado, no mesmo dia, deve ser votado o&nbsp;<a href=\"https:\/\/agenciainfra.us14.list-manage.com\/track\/click?u=d460dd1bcf9ba0ae040e1fc0f&amp;id=9ed60f7184&amp;e=55b7a27fc9\" target=\"_blank\" rel=\"noreferrer noopener\">PL 327\/2021<\/a>, do Paten (Programa de Acelera\u00e7\u00e3o da Transi\u00e7\u00e3o Energ\u00e9tica). O texto tramita em regime de urg\u00eancia e sua vers\u00e3o final ficou sem o cap\u00edtulo que tratava sobre g\u00e1s natural, o chamado Gas Release, defendido pelo Minist\u00e9rio de Minas e Energia.<\/p>\n\n\n\n<p><strong>Reuni\u00e3o extensa<\/strong><br>J\u00e1 na ANEEL, a previs\u00e3o \u00e9 de que a \u00faltima reuni\u00e3o colegiada ordin\u00e1ria do ano seja extensa. A&nbsp;<a href=\"https:\/\/agenciainfra.us14.list-manage.com\/track\/click?u=d460dd1bcf9ba0ae040e1fc0f&amp;id=b4eafc2c4a&amp;e=55b7a27fc9\" target=\"_blank\" rel=\"noreferrer noopener\">pauta<\/a>&nbsp;de ter\u00e7a-feira prev\u00ea a aprecia\u00e7\u00e3o de 87 itens, sendo que 19 deles est\u00e3o fora do bloco, ou seja, devem ser discutidos pelos diretores. H\u00e1 possibilidade de a reuni\u00e3o se prolongar por mais de um dia.<\/p>\n\n\n\n<p>Entre os itens, est\u00e1 a abertura de consulta p\u00fablica sobre o or\u00e7amento da CDE (Conta de Desenvolvimento Energ\u00e9tico) para 2025. Tamb\u00e9m ser\u00e3o definidas a tarifa de repasse da usina hidrel\u00e9trica de Itaipu para o ano e a remunera\u00e7\u00e3o das usinas de Angra 1 e Angra 2 para o pr\u00f3ximo ano.<\/p>\n\n\n\n<p>Ser\u00e1 discutido ainda o reajuste tarif\u00e1rio anual da CEA Equatorial (Companhia de Eletricidade do Amap\u00e1). O processo deve incluir o diferimento por causa do aumento zero aprovado neste ano para a distribuidora em revis\u00e3o extraordin\u00e1ria. Ou seja, o que a concession\u00e1ria do Amap\u00e1 tinha direito e deixou de ser cobrado ser\u00e1 calculado agora e entrar\u00e1 na conta, considerando tamb\u00e9m o abatimento dos valores aportados pelo governo.<\/p>\n\n\n\n<p>Na pauta tamb\u00e9m est\u00e1 o pedido de RTE (Revis\u00e3o Tarif\u00e1ria Extraordin\u00e1ria) por seis distribuidoras por perdas durante a pandemia de Covid-19. O processo est\u00e1 sob relatoria do diretor Ricardo Tili, que votou em mar\u00e7o para negar os pleitos, e s\u00f3 volta agora para julgamento depois de pedidos de vista dos diretores H\u00e9lvio Guerra (que j\u00e1 deixou o colegiado) e Sandoval Feitosa. J\u00e1 apresentaram voto seguindo o relator os diretores H\u00e9lvio, Agnes Costa e Fernando Mosna.<\/p>\n\n\n\n<p>Outros dois processos pautados referem-se \u00e0 implanta\u00e7\u00e3o de uma LT (Linha de Transmiss\u00e3o) entre Feij\u00f3 e Cruzeiro do Sul, no Acre. A emiss\u00e3o de licen\u00e7a para que o agente conseguisse avan\u00e7ar nos estudos e concluir os projetos estava prevista para o m\u00eas de outubro, mas uma discord\u00e2ncia entre os diretores levou a um empate na delibera\u00e7\u00e3o que travou o processo em setembro deste ano.&nbsp;<\/p>\n\n\n\n<p>A Transmissora Acre solicitava a flexibiliza\u00e7\u00e3o do contrato, que dizia que o tra\u00e7ado da linha n\u00e3o poderia passar por \u00e1rea ind\u00edgena. O relator, diretor Ricardo Tili, acompanhado do diretor Fernando Mosna, votou por permitir a flexibiliza\u00e7\u00e3o, mas reduzir a RAP (Receita Anual Permitida) da transmissora, al\u00e9m de instaurar processo administrativo punitivo relacionado \u00e0 &#8220;conduta inadequada&#8221; do agente em prosseguir a execu\u00e7\u00e3o de obras em desconformidade com requisitos impostos no contrato de concess\u00e3o.&nbsp;<\/p>\n\n\n\n<p>J\u00e1 a diretora Agnes Costa e o diretor-geral, Sandoval Feitosa, entendem que &#8220;a modelagem de concess\u00e3o dos servi\u00e7os de transmiss\u00e3o utilizada pela ag\u00eancia tradicionalmente pressup\u00f5e a liberdade de tra\u00e7ado&#8221; e que a flexibiliza\u00e7\u00e3o necess\u00e1ria &#8220;\u00e9 de natureza locacional e n\u00e3o t\u00e9cnica, alheias \u00e0s compet\u00eancias desta ag\u00eancia&#8221;. Assim, n\u00e3o justificaria a redu\u00e7\u00e3o da RAP.<\/p>\n\n\n\n<p><strong>Angra 3<\/strong><br>Tamb\u00e9m na ter\u00e7a-feira (10) est\u00e1 prevista a realiza\u00e7\u00e3o da reuni\u00e3o ordin\u00e1ria do CNPE (Conselho Nacional de Pol\u00edtica Energ\u00e9tica), no Minist\u00e9rio de Minas e Energia. Desta vez, a presen\u00e7a do presidente Lula n\u00e3o \u00e9 dada como certa, como nas tr\u00eas reuni\u00f5es anteriores, realizadas desde 2023.<\/p>\n\n\n\n<p>O principal item da pauta \u00e9 a decis\u00e3o sobre retomar ou n\u00e3o as obras da usina nuclear de Angra 3, paralisadas desde 2015. O ministro Alexandre Silveira j\u00e1 se declarou favor\u00e1vel \u00e0 continuidade do empreendimento.<\/p>\n\n\n\n<p>Um estudo encomendado pela Eletronuclear e realizado pelo BNDES (Banco Nacional de Desenvolvimento Econ\u00f4mico e Social) apontou que o custo para abandonar as obras pode passar de R$ 21 bilh\u00f5es. J\u00e1 o investimento necess\u00e1rio para conclus\u00e3o \u00e9 projetado em R$ 23 bilh\u00f5es.&nbsp;<\/p>\n\n\n\n<p>Em agosto de 2023, o governo cogitou deixar a nuclear de fora do PAC (Programa de Acelera\u00e7\u00e3o do Crescimento), o que indicaria a inten\u00e7\u00e3o de interromper a usina. O setor el\u00e9trico se dividiu sobre o tema.&nbsp;<\/p>\n\n\n\n<p>Na defesa da conclus\u00e3o da obra, alegavam que o custo para abandon\u00e1-la seria similar para o consumidor ao de sua conclus\u00e3o. Al\u00e9m de defender como uma fonte est\u00e1vel que contribui para a transi\u00e7\u00e3o energ\u00e9tica. Por outro lado, entidades entendem que a energia da usina ser\u00e1 muito cara e ir\u00e1 onerar a conta de luz.<\/p>\n","protected":false},"excerpt":{"rendered":"<p>Geraldo Campos Jr. e Marisa Wanzeller, da Ag\u00eancia iNFRA Indica\u00e7\u00f5es para compor as diretorias e conselhos de cerca de 18&nbsp;ag\u00eancias reguladoras s\u00e3o esperadas para esta semana. A previs\u00e3o inicial era que o encaminhamento dos nomes ao Senado ocorresse at\u00e9 sexta-feira (6), no entanto, o Planalto optou por aguardar o presidente Lula retornar a Bras\u00edlia para [&hellip;]<\/p>\n","protected":false},"author":1,"featured_media":10420,"comment_status":"closed","ping_status":"closed","sticky":false,"template":"","format":"standard","meta":{"_monsterinsights_skip_tracking":false,"_monsterinsights_sitenote_active":false,"_monsterinsights_sitenote_note":"","_monsterinsights_sitenote_category":0,"footnotes":""},"categories":[1,10],"tags":[53,326,56,7871,726,3004,6015,99,71,7699,9724,6860,123,11448,1386,10978],"class_list":["post-19480","post","type-post","status-publish","format-standard","has-post-thumbnail","hentry","category-geral","category-infraenergia","tag-aneel","tag-angra-3","tag-cde","tag-cea-equatorial","tag-ci","tag-cnpe","tag-eolicas-offshore","tag-itaipu","tag-mme","tag-paten","tag-pl-327-2021","tag-pl-576-2021","tag-senado","tag-tarifa-de-itaipu","tag-tarifas-de-energia","tag-weverton-rocha"],"yoast_head":"<!-- This site is optimized with the Yoast SEO Premium plugin v25.4 (Yoast SEO v26.0) - https:\/\/yoast.com\/wordpress\/plugins\/seo\/ -->\n<title>Indica\u00e7\u00f5es para ag\u00eancias, e\u00f3licas offshore, CNPE e \u00faltima reuni\u00e3o ordin\u00e1ria da ANEEL em 2024 devem marcar a semana - Ag\u00eancia iNFRA<\/title>\n<meta name=\"robots\" content=\"index, follow, max-snippet:-1, max-image-preview:large, max-video-preview:-1\" \/>\n<link rel=\"canonical\" href=\"https:\/\/agenciainfra.com\/blog\/indicacoes-para-agencias-eolicas-offshore-cnpe-e-ultima-reuniao-ordinaria-da-aneel-em-2024-devem-marcar-a-semana\/\" \/>\n<meta property=\"og:locale\" content=\"pt_BR\" \/>\n<meta property=\"og:type\" content=\"article\" \/>\n<meta property=\"og:title\" content=\"Indica\u00e7\u00f5es para ag\u00eancias, e\u00f3licas offshore, CNPE e \u00faltima reuni\u00e3o ordin\u00e1ria da ANEEL em 2024 devem marcar a semana\" \/>\n<meta property=\"og:description\" content=\"Geraldo Campos Jr. e Marisa Wanzeller, da Ag\u00eancia iNFRA Indica\u00e7\u00f5es para compor as diretorias e conselhos de cerca de 18&nbsp;ag\u00eancias reguladoras s\u00e3o esperadas para esta semana. A previs\u00e3o inicial era que o encaminhamento dos nomes ao Senado ocorresse at\u00e9 sexta-feira (6), no entanto, o Planalto optou por aguardar o presidente Lula retornar a Bras\u00edlia para [&hellip;]\" \/>\n<meta property=\"og:url\" content=\"https:\/\/agenciainfra.com\/blog\/indicacoes-para-agencias-eolicas-offshore-cnpe-e-ultima-reuniao-ordinaria-da-aneel-em-2024-devem-marcar-a-semana\/\" \/>\n<meta property=\"og:site_name\" content=\"Ag\u00eancia iNFRA\" \/>\n<meta property=\"article:publisher\" content=\"https:\/\/www.facebook.com\/ageninfra\" \/>\n<meta property=\"article:published_time\" content=\"2024-12-09T13:00:00+00:00\" \/>\n<meta property=\"article:modified_time\" content=\"2025-10-21T11:21:17+00:00\" \/>\n<meta property=\"og:image\" content=\"https:\/\/agenciainfra.com\/blog\/wp-content\/uploads\/2022\/05\/tarifas-energia-eletrica-foto-dominio-publico-e1750265444930.jpg\" \/>\n\t<meta property=\"og:image:width\" content=\"1280\" \/>\n\t<meta property=\"og:image:height\" content=\"783\" \/>\n\t<meta property=\"og:image:type\" content=\"image\/jpeg\" \/>\n<meta name=\"author\" content=\"Ag\u00eancia iNFRA\" \/>\n<meta name=\"twitter:card\" content=\"summary_large_image\" \/>\n<meta name=\"twitter:creator\" content=\"@agencia_infra\" \/>\n<meta name=\"twitter:site\" content=\"@agencia_infra\" \/>\n<meta name=\"twitter:label1\" content=\"Escrito por\" \/>\n\t<meta name=\"twitter:data1\" content=\"Ag\u00eancia iNFRA\" \/>\n\t<meta name=\"twitter:label2\" content=\"Est. tempo de leitura\" \/>\n\t<meta name=\"twitter:data2\" content=\"5 minutos\" \/>\n<script type=\"application\/ld+json\" class=\"yoast-schema-graph\">{\"@context\":\"https:\/\/schema.org\",\"@graph\":[{\"@type\":\"Article\",\"@id\":\"https:\/\/agenciainfra.com\/blog\/indicacoes-para-agencias-eolicas-offshore-cnpe-e-ultima-reuniao-ordinaria-da-aneel-em-2024-devem-marcar-a-semana\/#article\",\"isPartOf\":{\"@id\":\"https:\/\/agenciainfra.com\/blog\/indicacoes-para-agencias-eolicas-offshore-cnpe-e-ultima-reuniao-ordinaria-da-aneel-em-2024-devem-marcar-a-semana\/\"},\"author\":{\"name\":\"Ag\u00eancia iNFRA\",\"@id\":\"https:\/\/agenciainfra.com\/blog\/#\/schema\/person\/34af08dff6adea4cb22b06612ba7acfa\"},\"headline\":\"Indica\u00e7\u00f5es para ag\u00eancias, e\u00f3licas offshore, CNPE e \u00faltima reuni\u00e3o ordin\u00e1ria da ANEEL em 2024 devem marcar a semana\",\"datePublished\":\"2024-12-09T13:00:00+00:00\",\"dateModified\":\"2025-10-21T11:21:17+00:00\",\"mainEntityOfPage\":{\"@id\":\"https:\/\/agenciainfra.com\/blog\/indicacoes-para-agencias-eolicas-offshore-cnpe-e-ultima-reuniao-ordinaria-da-aneel-em-2024-devem-marcar-a-semana\/\"},\"wordCount\":1102,\"publisher\":{\"@id\":\"https:\/\/agenciainfra.com\/blog\/#organization\"},\"image\":{\"@id\":\"https:\/\/agenciainfra.com\/blog\/indicacoes-para-agencias-eolicas-offshore-cnpe-e-ultima-reuniao-ordinaria-da-aneel-em-2024-devem-marcar-a-semana\/#primaryimage\"},\"thumbnailUrl\":\"https:\/\/agenciainfra.com\/blog\/wp-content\/uploads\/2022\/05\/tarifas-energia-eletrica-foto-dominio-publico-e1750265444930.jpg\",\"keywords\":[\"ANEEL\",\"Angra 3\",\"CDE\",\"CEA Equatorial\",\"ci\",\"CNPE\",\"e\u00f3licas offshore\",\"Itaipu\",\"MME\",\"Paten\",\"PL 327\/2021\",\"PL 576\/2021\",\"senado\",\"tarifa de itaipu\",\"tarifas de energia\",\"Weverton Rocha\"],\"articleSection\":[\"Geral\",\"iNFRAEnergia\"],\"inLanguage\":\"pt-BR\",\"copyrightYear\":\"2024\",\"copyrightHolder\":{\"@id\":\"https:\/\/agenciainfra.com\/blog\/#organization\"}},{\"@type\":\"WebPage\",\"@id\":\"https:\/\/agenciainfra.com\/blog\/indicacoes-para-agencias-eolicas-offshore-cnpe-e-ultima-reuniao-ordinaria-da-aneel-em-2024-devem-marcar-a-semana\/\",\"url\":\"https:\/\/agenciainfra.com\/blog\/indicacoes-para-agencias-eolicas-offshore-cnpe-e-ultima-reuniao-ordinaria-da-aneel-em-2024-devem-marcar-a-semana\/\",\"name\":\"Indica\u00e7\u00f5es para ag\u00eancias, e\u00f3licas offshore, CNPE e \u00faltima reuni\u00e3o ordin\u00e1ria da ANEEL em 2024 devem marcar a semana - Ag\u00eancia iNFRA\",\"isPartOf\":{\"@id\":\"https:\/\/agenciainfra.com\/blog\/#website\"},\"primaryImageOfPage\":{\"@id\":\"https:\/\/agenciainfra.com\/blog\/indicacoes-para-agencias-eolicas-offshore-cnpe-e-ultima-reuniao-ordinaria-da-aneel-em-2024-devem-marcar-a-semana\/#primaryimage\"},\"image\":{\"@id\":\"https:\/\/agenciainfra.com\/blog\/indicacoes-para-agencias-eolicas-offshore-cnpe-e-ultima-reuniao-ordinaria-da-aneel-em-2024-devem-marcar-a-semana\/#primaryimage\"},\"thumbnailUrl\":\"https:\/\/agenciainfra.com\/blog\/wp-content\/uploads\/2022\/05\/tarifas-energia-eletrica-foto-dominio-publico-e1750265444930.jpg\",\"datePublished\":\"2024-12-09T13:00:00+00:00\",\"dateModified\":\"2025-10-21T11:21:17+00:00\",\"breadcrumb\":{\"@id\":\"https:\/\/agenciainfra.com\/blog\/indicacoes-para-agencias-eolicas-offshore-cnpe-e-ultima-reuniao-ordinaria-da-aneel-em-2024-devem-marcar-a-semana\/#breadcrumb\"},\"inLanguage\":\"pt-BR\",\"potentialAction\":[{\"@type\":\"ReadAction\",\"target\":[\"https:\/\/agenciainfra.com\/blog\/indicacoes-para-agencias-eolicas-offshore-cnpe-e-ultima-reuniao-ordinaria-da-aneel-em-2024-devem-marcar-a-semana\/\"]}]},{\"@type\":\"ImageObject\",\"inLanguage\":\"pt-BR\",\"@id\":\"https:\/\/agenciainfra.com\/blog\/indicacoes-para-agencias-eolicas-offshore-cnpe-e-ultima-reuniao-ordinaria-da-aneel-em-2024-devem-marcar-a-semana\/#primaryimage\",\"url\":\"https:\/\/agenciainfra.com\/blog\/wp-content\/uploads\/2022\/05\/tarifas-energia-eletrica-foto-dominio-publico-e1750265444930.jpg\",\"contentUrl\":\"https:\/\/agenciainfra.com\/blog\/wp-content\/uploads\/2022\/05\/tarifas-energia-eletrica-foto-dominio-publico-e1750265444930.jpg\",\"width\":1280,\"height\":783,\"caption\":\"Foto: Dom\u00ednio P\u00fablico\"},{\"@type\":\"BreadcrumbList\",\"@id\":\"https:\/\/agenciainfra.com\/blog\/indicacoes-para-agencias-eolicas-offshore-cnpe-e-ultima-reuniao-ordinaria-da-aneel-em-2024-devem-marcar-a-semana\/#breadcrumb\",\"itemListElement\":[{\"@type\":\"ListItem\",\"position\":1,\"name\":\"In\u00edcio\",\"item\":\"https:\/\/agenciainfra.com\/blog\/\"},{\"@type\":\"ListItem\",\"position\":2,\"name\":\"Indica\u00e7\u00f5es para ag\u00eancias, e\u00f3licas offshore, CNPE e \u00faltima reuni\u00e3o ordin\u00e1ria da ANEEL em 2024 devem marcar a semana\"}]},{\"@type\":\"WebSite\",\"@id\":\"https:\/\/agenciainfra.com\/blog\/#website\",\"url\":\"https:\/\/agenciainfra.com\/blog\/\",\"name\":\"Ag\u00eancia iNFRA\",\"description\":\"Multiplataforma de informa\u00e7\u00e3o jornal\u00edstica refer\u00eancia na \u00e1rea de infraestrutura no Brasil!\",\"publisher\":{\"@id\":\"https:\/\/agenciainfra.com\/blog\/#organization\"},\"potentialAction\":[{\"@type\":\"SearchAction\",\"target\":{\"@type\":\"EntryPoint\",\"urlTemplate\":\"https:\/\/agenciainfra.com\/blog\/?s={search_term_string}\"},\"query-input\":{\"@type\":\"PropertyValueSpecification\",\"valueRequired\":true,\"valueName\":\"search_term_string\"}}],\"inLanguage\":\"pt-BR\"},{\"@type\":\"Organization\",\"@id\":\"https:\/\/agenciainfra.com\/blog\/#organization\",\"name\":\"Ag\u00eancia iNFRA\",\"url\":\"https:\/\/agenciainfra.com\/blog\/\",\"logo\":{\"@type\":\"ImageObject\",\"inLanguage\":\"pt-BR\",\"@id\":\"https:\/\/agenciainfra.com\/blog\/#\/schema\/logo\/image\/\",\"url\":\"https:\/\/agenciainfra.com\/blog\/wp-content\/uploads\/2023\/09\/iNFRA_5-e1761735885940.png\",\"contentUrl\":\"https:\/\/agenciainfra.com\/blog\/wp-content\/uploads\/2023\/09\/iNFRA_5-e1761735885940.png\",\"width\":1672,\"height\":454,\"caption\":\"Ag\u00eancia iNFRA\"},\"image\":{\"@id\":\"https:\/\/agenciainfra.com\/blog\/#\/schema\/logo\/image\/\"},\"sameAs\":[\"https:\/\/www.facebook.com\/ageninfra\",\"https:\/\/x.com\/agencia_infra\",\"https:\/\/www.linkedin.com\/company\/ag\u00eanciainfra\/\",\"https:\/\/www.instagram.com\/agenciainfra\/\"]},{\"@type\":\"Person\",\"@id\":\"https:\/\/agenciainfra.com\/blog\/#\/schema\/person\/34af08dff6adea4cb22b06612ba7acfa\",\"name\":\"Ag\u00eancia iNFRA\",\"image\":{\"@type\":\"ImageObject\",\"inLanguage\":\"pt-BR\",\"@id\":\"https:\/\/agenciainfra.com\/blog\/#\/schema\/person\/image\/\",\"url\":\"https:\/\/secure.gravatar.com\/avatar\/d189e01678f06d8eb84d4e01f08eb848b3fffe3f8443818d3c356c66892f5be8?s=96&d=mm&r=g\",\"contentUrl\":\"https:\/\/secure.gravatar.com\/avatar\/d189e01678f06d8eb84d4e01f08eb848b3fffe3f8443818d3c356c66892f5be8?s=96&d=mm&r=g\",\"caption\":\"Ag\u00eancia iNFRA\"},\"url\":\"https:\/\/agenciainfra.com\/blog\/author\/admin\/\"}]}<\/script>\n<!-- \/ Yoast SEO Premium plugin. -->","yoast_head_json":{"title":"Indica\u00e7\u00f5es para ag\u00eancias, e\u00f3licas offshore, CNPE e \u00faltima reuni\u00e3o ordin\u00e1ria da ANEEL em 2024 devem marcar a semana - Ag\u00eancia iNFRA","robots":{"index":"index","follow":"follow","max-snippet":"max-snippet:-1","max-image-preview":"max-image-preview:large","max-video-preview":"max-video-preview:-1"},"canonical":"https:\/\/agenciainfra.com\/blog\/indicacoes-para-agencias-eolicas-offshore-cnpe-e-ultima-reuniao-ordinaria-da-aneel-em-2024-devem-marcar-a-semana\/","og_locale":"pt_BR","og_type":"article","og_title":"Indica\u00e7\u00f5es para ag\u00eancias, e\u00f3licas offshore, CNPE e \u00faltima reuni\u00e3o ordin\u00e1ria da ANEEL em 2024 devem marcar a semana","og_description":"Geraldo Campos Jr. e Marisa Wanzeller, da Ag\u00eancia iNFRA Indica\u00e7\u00f5es para compor as diretorias e conselhos de cerca de 18&nbsp;ag\u00eancias reguladoras s\u00e3o esperadas para esta semana. A previs\u00e3o inicial era que o encaminhamento dos nomes ao Senado ocorresse at\u00e9 sexta-feira (6), no entanto, o Planalto optou por aguardar o presidente Lula retornar a Bras\u00edlia para [&hellip;]","og_url":"https:\/\/agenciainfra.com\/blog\/indicacoes-para-agencias-eolicas-offshore-cnpe-e-ultima-reuniao-ordinaria-da-aneel-em-2024-devem-marcar-a-semana\/","og_site_name":"Ag\u00eancia iNFRA","article_publisher":"https:\/\/www.facebook.com\/ageninfra","article_published_time":"2024-12-09T13:00:00+00:00","article_modified_time":"2025-10-21T11:21:17+00:00","og_image":[{"width":1280,"height":783,"url":"https:\/\/agenciainfra.com\/blog\/wp-content\/uploads\/2022\/05\/tarifas-energia-eletrica-foto-dominio-publico-e1750265444930.jpg","type":"image\/jpeg"}],"author":"Ag\u00eancia iNFRA","twitter_card":"summary_large_image","twitter_creator":"@agencia_infra","twitter_site":"@agencia_infra","twitter_misc":{"Escrito por":"Ag\u00eancia iNFRA","Est. tempo de leitura":"5 minutos"},"schema":{"@context":"https:\/\/schema.org","@graph":[{"@type":"Article","@id":"https:\/\/agenciainfra.com\/blog\/indicacoes-para-agencias-eolicas-offshore-cnpe-e-ultima-reuniao-ordinaria-da-aneel-em-2024-devem-marcar-a-semana\/#article","isPartOf":{"@id":"https:\/\/agenciainfra.com\/blog\/indicacoes-para-agencias-eolicas-offshore-cnpe-e-ultima-reuniao-ordinaria-da-aneel-em-2024-devem-marcar-a-semana\/"},"author":{"name":"Ag\u00eancia iNFRA","@id":"https:\/\/agenciainfra.com\/blog\/#\/schema\/person\/34af08dff6adea4cb22b06612ba7acfa"},"headline":"Indica\u00e7\u00f5es para ag\u00eancias, e\u00f3licas offshore, CNPE e \u00faltima reuni\u00e3o ordin\u00e1ria da ANEEL em 2024 devem marcar a semana","datePublished":"2024-12-09T13:00:00+00:00","dateModified":"2025-10-21T11:21:17+00:00","mainEntityOfPage":{"@id":"https:\/\/agenciainfra.com\/blog\/indicacoes-para-agencias-eolicas-offshore-cnpe-e-ultima-reuniao-ordinaria-da-aneel-em-2024-devem-marcar-a-semana\/"},"wordCount":1102,"publisher":{"@id":"https:\/\/agenciainfra.com\/blog\/#organization"},"image":{"@id":"https:\/\/agenciainfra.com\/blog\/indicacoes-para-agencias-eolicas-offshore-cnpe-e-ultima-reuniao-ordinaria-da-aneel-em-2024-devem-marcar-a-semana\/#primaryimage"},"thumbnailUrl":"https:\/\/agenciainfra.com\/blog\/wp-content\/uploads\/2022\/05\/tarifas-energia-eletrica-foto-dominio-publico-e1750265444930.jpg","keywords":["ANEEL","Angra 3","CDE","CEA Equatorial","ci","CNPE","e\u00f3licas offshore","Itaipu","MME","Paten","PL 327\/2021","PL 576\/2021","senado","tarifa de itaipu","tarifas de energia","Weverton Rocha"],"articleSection":["Geral","iNFRAEnergia"],"inLanguage":"pt-BR","copyrightYear":"2024","copyrightHolder":{"@id":"https:\/\/agenciainfra.com\/blog\/#organization"}},{"@type":"WebPage","@id":"https:\/\/agenciainfra.com\/blog\/indicacoes-para-agencias-eolicas-offshore-cnpe-e-ultima-reuniao-ordinaria-da-aneel-em-2024-devem-marcar-a-semana\/","url":"https:\/\/agenciainfra.com\/blog\/indicacoes-para-agencias-eolicas-offshore-cnpe-e-ultima-reuniao-ordinaria-da-aneel-em-2024-devem-marcar-a-semana\/","name":"Indica\u00e7\u00f5es para ag\u00eancias, e\u00f3licas offshore, CNPE e \u00faltima reuni\u00e3o ordin\u00e1ria da ANEEL em 2024 devem marcar a semana - Ag\u00eancia iNFRA","isPartOf":{"@id":"https:\/\/agenciainfra.com\/blog\/#website"},"primaryImageOfPage":{"@id":"https:\/\/agenciainfra.com\/blog\/indicacoes-para-agencias-eolicas-offshore-cnpe-e-ultima-reuniao-ordinaria-da-aneel-em-2024-devem-marcar-a-semana\/#primaryimage"},"image":{"@id":"https:\/\/agenciainfra.com\/blog\/indicacoes-para-agencias-eolicas-offshore-cnpe-e-ultima-reuniao-ordinaria-da-aneel-em-2024-devem-marcar-a-semana\/#primaryimage"},"thumbnailUrl":"https:\/\/agenciainfra.com\/blog\/wp-content\/uploads\/2022\/05\/tarifas-energia-eletrica-foto-dominio-publico-e1750265444930.jpg","datePublished":"2024-12-09T13:00:00+00:00","dateModified":"2025-10-21T11:21:17+00:00","breadcrumb":{"@id":"https:\/\/agenciainfra.com\/blog\/indicacoes-para-agencias-eolicas-offshore-cnpe-e-ultima-reuniao-ordinaria-da-aneel-em-2024-devem-marcar-a-semana\/#breadcrumb"},"inLanguage":"pt-BR","potentialAction":[{"@type":"ReadAction","target":["https:\/\/agenciainfra.com\/blog\/indicacoes-para-agencias-eolicas-offshore-cnpe-e-ultima-reuniao-ordinaria-da-aneel-em-2024-devem-marcar-a-semana\/"]}]},{"@type":"ImageObject","inLanguage":"pt-BR","@id":"https:\/\/agenciainfra.com\/blog\/indicacoes-para-agencias-eolicas-offshore-cnpe-e-ultima-reuniao-ordinaria-da-aneel-em-2024-devem-marcar-a-semana\/#primaryimage","url":"https:\/\/agenciainfra.com\/blog\/wp-content\/uploads\/2022\/05\/tarifas-energia-eletrica-foto-dominio-publico-e1750265444930.jpg","contentUrl":"https:\/\/agenciainfra.com\/blog\/wp-content\/uploads\/2022\/05\/tarifas-energia-eletrica-foto-dominio-publico-e1750265444930.jpg","width":1280,"height":783,"caption":"Foto: Dom\u00ednio P\u00fablico"},{"@type":"BreadcrumbList","@id":"https:\/\/agenciainfra.com\/blog\/indicacoes-para-agencias-eolicas-offshore-cnpe-e-ultima-reuniao-ordinaria-da-aneel-em-2024-devem-marcar-a-semana\/#breadcrumb","itemListElement":[{"@type":"ListItem","position":1,"name":"In\u00edcio","item":"https:\/\/agenciainfra.com\/blog\/"},{"@type":"ListItem","position":2,"name":"Indica\u00e7\u00f5es para ag\u00eancias, e\u00f3licas offshore, CNPE e \u00faltima reuni\u00e3o ordin\u00e1ria da ANEEL em 2024 devem marcar a semana"}]},{"@type":"WebSite","@id":"https:\/\/agenciainfra.com\/blog\/#website","url":"https:\/\/agenciainfra.com\/blog\/","name":"Ag\u00eancia iNFRA","description":"Multiplataforma de informa\u00e7\u00e3o jornal\u00edstica refer\u00eancia na \u00e1rea de infraestrutura no Brasil!","publisher":{"@id":"https:\/\/agenciainfra.com\/blog\/#organization"},"potentialAction":[{"@type":"SearchAction","target":{"@type":"EntryPoint","urlTemplate":"https:\/\/agenciainfra.com\/blog\/?s={search_term_string}"},"query-input":{"@type":"PropertyValueSpecification","valueRequired":true,"valueName":"search_term_string"}}],"inLanguage":"pt-BR"},{"@type":"Organization","@id":"https:\/\/agenciainfra.com\/blog\/#organization","name":"Ag\u00eancia iNFRA","url":"https:\/\/agenciainfra.com\/blog\/","logo":{"@type":"ImageObject","inLanguage":"pt-BR","@id":"https:\/\/agenciainfra.com\/blog\/#\/schema\/logo\/image\/","url":"https:\/\/agenciainfra.com\/blog\/wp-content\/uploads\/2023\/09\/iNFRA_5-e1761735885940.png","contentUrl":"https:\/\/agenciainfra.com\/blog\/wp-content\/uploads\/2023\/09\/iNFRA_5-e1761735885940.png","width":1672,"height":454,"caption":"Ag\u00eancia iNFRA"},"image":{"@id":"https:\/\/agenciainfra.com\/blog\/#\/schema\/logo\/image\/"},"sameAs":["https:\/\/www.facebook.com\/ageninfra","https:\/\/x.com\/agencia_infra","https:\/\/www.linkedin.com\/company\/ag\u00eanciainfra\/","https:\/\/www.instagram.com\/agenciainfra\/"]},{"@type":"Person","@id":"https:\/\/agenciainfra.com\/blog\/#\/schema\/person\/34af08dff6adea4cb22b06612ba7acfa","name":"Ag\u00eancia iNFRA","image":{"@type":"ImageObject","inLanguage":"pt-BR","@id":"https:\/\/agenciainfra.com\/blog\/#\/schema\/person\/image\/","url":"https:\/\/secure.gravatar.com\/avatar\/d189e01678f06d8eb84d4e01f08eb848b3fffe3f8443818d3c356c66892f5be8?s=96&d=mm&r=g","contentUrl":"https:\/\/secure.gravatar.com\/avatar\/d189e01678f06d8eb84d4e01f08eb848b3fffe3f8443818d3c356c66892f5be8?s=96&d=mm&r=g","caption":"Ag\u00eancia iNFRA"},"url":"https:\/\/agenciainfra.com\/blog\/author\/admin\/"}]}},"_links":{"self":[{"href":"https:\/\/agenciainfra.com\/blog\/wp-json\/wp\/v2\/posts\/19480","targetHints":{"allow":["GET"]}}],"collection":[{"href":"https:\/\/agenciainfra.com\/blog\/wp-json\/wp\/v2\/posts"}],"about":[{"href":"https:\/\/agenciainfra.com\/blog\/wp-json\/wp\/v2\/types\/post"}],"author":[{"embeddable":true,"href":"https:\/\/agenciainfra.com\/blog\/wp-json\/wp\/v2\/users\/1"}],"replies":[{"embeddable":true,"href":"https:\/\/agenciainfra.com\/blog\/wp-json\/wp\/v2\/comments?post=19480"}],"version-history":[{"count":1,"href":"https:\/\/agenciainfra.com\/blog\/wp-json\/wp\/v2\/posts\/19480\/revisions"}],"predecessor-version":[{"id":19481,"href":"https:\/\/agenciainfra.com\/blog\/wp-json\/wp\/v2\/posts\/19480\/revisions\/19481"}],"wp:featuredmedia":[{"embeddable":true,"href":"https:\/\/agenciainfra.com\/blog\/wp-json\/wp\/v2\/media\/10420"}],"wp:attachment":[{"href":"https:\/\/agenciainfra.com\/blog\/wp-json\/wp\/v2\/media?parent=19480"}],"wp:term":[{"taxonomy":"category","embeddable":true,"href":"https:\/\/agenciainfra.com\/blog\/wp-json\/wp\/v2\/categories?post=19480"},{"taxonomy":"post_tag","embeddable":true,"href":"https:\/\/agenciainfra.com\/blog\/wp-json\/wp\/v2\/tags?post=19480"}],"curies":[{"name":"wp","href":"https:\/\/api.w.org\/{rel}","templated":true}]}}