{"id":1950,"date":"2018-06-20T15:57:30","date_gmt":"2018-06-20T18:57:30","guid":{"rendered":"http:\/\/www.agenciainfra.com\/blog\/?p=1950"},"modified":"2018-06-20T16:02:20","modified_gmt":"2018-06-20T19:02:20","slug":"governo-nao-consegue-aprovar-projetos-prioritarios-de-energia-na-camara-dos-deputados","status":"publish","type":"post","link":"https:\/\/agenciainfra.com\/blog\/governo-nao-consegue-aprovar-projetos-prioritarios-de-energia-na-camara-dos-deputados\/","title":{"rendered":"Governo n\u00e3o consegue aprovar projetos priorit\u00e1rios de energia na C\u00e2mara dos Deputados"},"content":{"rendered":"<p>&nbsp;<\/p>\n<p style=\"text-align: right;\"><strong>\u00a0<\/strong><strong>Leila Coimbra, da Ag\u00eancia iNFRA<\/strong><\/p>\n<p>A C\u00e2mara dos Deputados teve ontem (19) uma longa sess\u00e3o, com mais de dez horas de dura\u00e7\u00e3o, com o objetivo de\u00a0aprovar dois projetos priorit\u00e1rios de energia do governo: 1) o requerimento de regime de urg\u00eancia para o projeto que permite facilitar a privatiza\u00e7\u00e3o das distribuidoras da Eletrobras e; 2) o projeto de lei que trata da cess\u00e3o onerosa de petr\u00f3leo. Mas nada foi aprovado no fim das contas.<\/p>\n<p>A expectativa do governo era ser bem-sucedido em ambas as miss\u00f5es, pois, segundo o discurso oficial, tudo havia sido combinado com o presidente da Casa, Rodrigo Maia (DEM-RJ), desde a semana passada. Essa expectativa acabou frustrada.<\/p>\n<p><strong>Pouco compromisso\u00a0<\/strong><br \/>\nOs deputados dos partidos de oposi\u00e7\u00e3o conseguiram obstruir a vota\u00e7\u00e3o ao longo de todo o dia, sem muita dificuldade. Durante toda a tarde\u00a0e in\u00edcio da noite, os partidos que se op\u00f5em ao governo conseguiram impedir os trabalhos apenas n\u00e3o registrando sua presen\u00e7a em plen\u00e1rio \u2013 apesar de estarem l\u00e1.<\/p>\n<p>N\u00e3o era o caso de muitos parlamentares de partidos da base governista: que realmente n\u00e3o estavam l\u00e1!\u00a0A certa altura da sess\u00e3o, Rodrigo Maia bradou aos microfones, com pouca paci\u00eancia: \u201cTragam os deputados para o plen\u00e1rio! Parlamentes que estiverem em reuni\u00f5es nos gabinetes ministeriais por favor venham para o plen\u00e1rio para a vota\u00e7\u00e3o!\u201d. O apelo foi ouvido, mas n\u00e3o adiantou muito.<\/p>\n<p>A oposi\u00e7\u00e3o conseguiu obstruir por mais de tr\u00eas horas as vota\u00e7\u00f5es, apenas por falta de qu\u00f3rum. O n\u00famero suficiente para o in\u00edcio das vota\u00e7\u00f5es, de 257 presen\u00e7as, foi atingido \u00e0s 17:00. Mas logo depois, os deputados que se op\u00f5em ao governo perceberam que era mais f\u00e1cil apenas n\u00e3o registrarem suas presen\u00e7as \u2013\u00a0 para que o qu\u00f3rum fosse insuficiente. Ganharam mais duas horas de obstru\u00e7\u00e3o com essa estrat\u00e9gia.<\/p>\n<p>Os deputados de partidos da base do governo foram chegando ao longo da noite. Mas a\u00ed a oposi\u00e7\u00e3o mudou t\u00e1tica e colocou v\u00e1rios requerimentos em aprecia\u00e7\u00e3o: \u00a0de vota\u00e7\u00e3o nominal, de retirada de pauta, e o que mais fosse poss\u00edvel.<\/p>\n<p>Esse movimento deu certo e consumiu o tempo e a paci\u00eancia de quem estava no plen\u00e1rio. Depois das 22h, o presidente da C\u00e2mara anunciou que nada mais seria votado, e que apenas daria continuidade aos discursos dos inscritos. E assim foi o hist\u00f3rico da sess\u00e3o que come\u00e7ou por volta das 13 horas e terminou depois das 23 horas.<\/p>\n<p><strong>Distribuidoras da Eletrobras<\/strong><br \/>\nOs deputados que acompanha\u00a0o setor el\u00e9trico, logo no in\u00edcio da noite, j\u00e1 se diziam desacreditados de que a vota\u00e7\u00e3o do requerimento das distribuidoras fosse pautado ainda na ter\u00e7a (19) \u2013 e muito menos aprovado.<\/p>\n<p>Mas insistiam que era poss\u00edvel liquidar na C\u00e2mara, naquela sess\u00e3o, a quest\u00e3o da cess\u00e3o onerosa. Mas nem isso foi poss\u00edvel.<\/p>\n<p><strong>Sem apoio<\/strong><br \/>\nA obstru\u00e7\u00e3o por parte da oposi\u00e7\u00e3o \u00e9 comum e leg\u00edtima. E acontece sempre. Mas, normalmente, quando h\u00e1 o interesse \u2013 e o compromisso \u2013 da base aliada, h\u00e1 expectativa \u00e9 de\u00a0embate entre as for\u00e7as pol\u00edticas no plen\u00e1rio, com\u00a0as vota\u00e7\u00f5es acontecendo madrugada adentro.<\/p>\n<p>Isso j\u00e1 ocorreu em praticamente todos os governos, com todo tipo de oposi\u00e7\u00e3o. Mas n\u00e3o desta vez. Agora \u00e9 diferente: n\u00e3o parece haver, por parte de um grande n\u00famero de parlamentares, a motiva\u00e7\u00e3o para adentrar a noite na defesa de interesses deste governo, que \u00e9 taxado de impopular e ileg\u00edtimo. Tudo fica mais dif\u00edcil.<\/p>\n<p>Essa mesma agenda reformista e privatizante foi recebida com aplausos e ades\u00e3o em 2016, quando parecia ser o rumo mais adequado para recolocar a economia nos trilhos. Mas agora n\u00e3o h\u00e1 coes\u00e3o dentro do Congresso e \u00e9 cada um por si. E o projeto global ficou a ver navios.<\/p>\n","protected":false},"excerpt":{"rendered":"<p>&nbsp; \u00a0Leila Coimbra, da Ag\u00eancia iNFRA A C\u00e2mara dos Deputados teve ontem (19) uma longa sess\u00e3o, com mais de dez horas de dura\u00e7\u00e3o, com o objetivo de\u00a0aprovar dois projetos priorit\u00e1rios de energia do governo: 1) o requerimento de regime de urg\u00eancia para o projeto que permite facilitar a privatiza\u00e7\u00e3o das distribuidoras da Eletrobras e; 2) [&hellip;]<\/p>\n","protected":false},"author":1,"featured_media":1903,"comment_status":"closed","ping_status":"open","sticky":false,"template":"","format":"standard","meta":{"_monsterinsights_skip_tracking":false,"_monsterinsights_sitenote_active":false,"_monsterinsights_sitenote_note":"","_monsterinsights_sitenote_category":0,"footnotes":""},"categories":[10],"tags":[305,292,50,301,51],"class_list":["post-1950","post","type-post","status-publish","format-standard","has-post-thumbnail","hentry","category-infraenergia","tag-camara-dos-deputados","tag-distribuidoras","tag-eletrobras","tag-pl","tag-privatizacao"],"yoast_head":"<!-- This site is optimized with the Yoast SEO Premium plugin v25.4 (Yoast SEO v26.0) - https:\/\/yoast.com\/wordpress\/plugins\/seo\/ -->\n<title>Governo n\u00e3o consegue aprovar projetos priorit\u00e1rios de energia na C\u00e2mara dos Deputados - Ag\u00eancia iNFRA<\/title>\n<meta name=\"robots\" content=\"index, follow, max-snippet:-1, max-image-preview:large, max-video-preview:-1\" \/>\n<link rel=\"canonical\" href=\"https:\/\/agenciainfra.com\/blog\/governo-nao-consegue-aprovar-projetos-prioritarios-de-energia-na-camara-dos-deputados\/\" \/>\n<meta property=\"og:locale\" content=\"pt_BR\" \/>\n<meta property=\"og:type\" content=\"article\" \/>\n<meta property=\"og:title\" content=\"Governo n\u00e3o consegue aprovar projetos priorit\u00e1rios de energia na C\u00e2mara dos Deputados\" \/>\n<meta property=\"og:description\" content=\"&nbsp; \u00a0Leila Coimbra, da Ag\u00eancia iNFRA A C\u00e2mara dos Deputados teve ontem (19) uma longa sess\u00e3o, com mais de dez horas de dura\u00e7\u00e3o, com o objetivo de\u00a0aprovar dois projetos priorit\u00e1rios de energia do governo: 1) o requerimento de regime de urg\u00eancia para o projeto que permite facilitar a privatiza\u00e7\u00e3o das distribuidoras da Eletrobras e; 2) [&hellip;]\" \/>\n<meta property=\"og:url\" content=\"https:\/\/agenciainfra.com\/blog\/governo-nao-consegue-aprovar-projetos-prioritarios-de-energia-na-camara-dos-deputados\/\" \/>\n<meta property=\"og:site_name\" content=\"Ag\u00eancia iNFRA\" \/>\n<meta property=\"article:publisher\" content=\"https:\/\/www.facebook.com\/ageninfra\" \/>\n<meta property=\"article:published_time\" content=\"2018-06-20T18:57:30+00:00\" \/>\n<meta property=\"article:modified_time\" content=\"2018-06-20T19:02:20+00:00\" \/>\n<meta property=\"og:image\" content=\"https:\/\/agenciainfra.com\/blog\/wp-content\/uploads\/2018\/06\/energia_subestacao_eletrobras_-ro_1062018.jpg\" \/>\n\t<meta property=\"og:image:width\" content=\"300\" \/>\n\t<meta property=\"og:image:height\" content=\"169\" \/>\n\t<meta property=\"og:image:type\" content=\"image\/jpeg\" \/>\n<meta name=\"author\" content=\"Ag\u00eancia iNFRA\" \/>\n<meta name=\"twitter:card\" content=\"summary_large_image\" \/>\n<meta name=\"twitter:creator\" content=\"@agencia_infra\" \/>\n<meta name=\"twitter:site\" content=\"@agencia_infra\" \/>\n<meta name=\"twitter:label1\" content=\"Escrito por\" \/>\n\t<meta name=\"twitter:data1\" content=\"Ag\u00eancia iNFRA\" \/>\n\t<meta name=\"twitter:label2\" content=\"Est. tempo de leitura\" \/>\n\t<meta name=\"twitter:data2\" content=\"3 minutos\" \/>\n<script type=\"application\/ld+json\" class=\"yoast-schema-graph\">{\"@context\":\"https:\/\/schema.org\",\"@graph\":[{\"@type\":\"Article\",\"@id\":\"https:\/\/agenciainfra.com\/blog\/governo-nao-consegue-aprovar-projetos-prioritarios-de-energia-na-camara-dos-deputados\/#article\",\"isPartOf\":{\"@id\":\"https:\/\/agenciainfra.com\/blog\/governo-nao-consegue-aprovar-projetos-prioritarios-de-energia-na-camara-dos-deputados\/\"},\"author\":{\"name\":\"Ag\u00eancia iNFRA\",\"@id\":\"https:\/\/agenciainfra.com\/blog\/#\/schema\/person\/34af08dff6adea4cb22b06612ba7acfa\"},\"headline\":\"Governo n\u00e3o consegue aprovar projetos priorit\u00e1rios de energia na C\u00e2mara dos Deputados\",\"datePublished\":\"2018-06-20T18:57:30+00:00\",\"dateModified\":\"2018-06-20T19:02:20+00:00\",\"mainEntityOfPage\":{\"@id\":\"https:\/\/agenciainfra.com\/blog\/governo-nao-consegue-aprovar-projetos-prioritarios-de-energia-na-camara-dos-deputados\/\"},\"wordCount\":671,\"publisher\":{\"@id\":\"https:\/\/agenciainfra.com\/blog\/#organization\"},\"image\":{\"@id\":\"https:\/\/agenciainfra.com\/blog\/governo-nao-consegue-aprovar-projetos-prioritarios-de-energia-na-camara-dos-deputados\/#primaryimage\"},\"thumbnailUrl\":\"https:\/\/agenciainfra.com\/blog\/wp-content\/uploads\/2018\/06\/energia_subestacao_eletrobras_-ro_1062018.jpg\",\"keywords\":[\"C\u00e2mara dos Deputados\",\"distribuidoras\",\"Eletrobras\",\"PL\",\"Privatiza\u00e7\u00e3o\"],\"articleSection\":[\"iNFRAEnergia\"],\"inLanguage\":\"pt-BR\",\"copyrightYear\":\"2018\",\"copyrightHolder\":{\"@id\":\"https:\/\/agenciainfra.com\/blog\/#organization\"}},{\"@type\":\"WebPage\",\"@id\":\"https:\/\/agenciainfra.com\/blog\/governo-nao-consegue-aprovar-projetos-prioritarios-de-energia-na-camara-dos-deputados\/\",\"url\":\"https:\/\/agenciainfra.com\/blog\/governo-nao-consegue-aprovar-projetos-prioritarios-de-energia-na-camara-dos-deputados\/\",\"name\":\"Governo n\u00e3o consegue aprovar projetos priorit\u00e1rios de energia na C\u00e2mara dos Deputados - Ag\u00eancia iNFRA\",\"isPartOf\":{\"@id\":\"https:\/\/agenciainfra.com\/blog\/#website\"},\"primaryImageOfPage\":{\"@id\":\"https:\/\/agenciainfra.com\/blog\/governo-nao-consegue-aprovar-projetos-prioritarios-de-energia-na-camara-dos-deputados\/#primaryimage\"},\"image\":{\"@id\":\"https:\/\/agenciainfra.com\/blog\/governo-nao-consegue-aprovar-projetos-prioritarios-de-energia-na-camara-dos-deputados\/#primaryimage\"},\"thumbnailUrl\":\"https:\/\/agenciainfra.com\/blog\/wp-content\/uploads\/2018\/06\/energia_subestacao_eletrobras_-ro_1062018.jpg\",\"datePublished\":\"2018-06-20T18:57:30+00:00\",\"dateModified\":\"2018-06-20T19:02:20+00:00\",\"breadcrumb\":{\"@id\":\"https:\/\/agenciainfra.com\/blog\/governo-nao-consegue-aprovar-projetos-prioritarios-de-energia-na-camara-dos-deputados\/#breadcrumb\"},\"inLanguage\":\"pt-BR\",\"potentialAction\":[{\"@type\":\"ReadAction\",\"target\":[\"https:\/\/agenciainfra.com\/blog\/governo-nao-consegue-aprovar-projetos-prioritarios-de-energia-na-camara-dos-deputados\/\"]}]},{\"@type\":\"ImageObject\",\"inLanguage\":\"pt-BR\",\"@id\":\"https:\/\/agenciainfra.com\/blog\/governo-nao-consegue-aprovar-projetos-prioritarios-de-energia-na-camara-dos-deputados\/#primaryimage\",\"url\":\"https:\/\/agenciainfra.com\/blog\/wp-content\/uploads\/2018\/06\/energia_subestacao_eletrobras_-ro_1062018.jpg\",\"contentUrl\":\"https:\/\/agenciainfra.com\/blog\/wp-content\/uploads\/2018\/06\/energia_subestacao_eletrobras_-ro_1062018.jpg\",\"width\":300,\"height\":169},{\"@type\":\"BreadcrumbList\",\"@id\":\"https:\/\/agenciainfra.com\/blog\/governo-nao-consegue-aprovar-projetos-prioritarios-de-energia-na-camara-dos-deputados\/#breadcrumb\",\"itemListElement\":[{\"@type\":\"ListItem\",\"position\":1,\"name\":\"In\u00edcio\",\"item\":\"https:\/\/agenciainfra.com\/blog\/\"},{\"@type\":\"ListItem\",\"position\":2,\"name\":\"Governo n\u00e3o consegue aprovar projetos priorit\u00e1rios de energia na C\u00e2mara dos Deputados\"}]},{\"@type\":\"WebSite\",\"@id\":\"https:\/\/agenciainfra.com\/blog\/#website\",\"url\":\"https:\/\/agenciainfra.com\/blog\/\",\"name\":\"Ag\u00eancia iNFRA\",\"description\":\"Multiplataforma de informa\u00e7\u00e3o jornal\u00edstica refer\u00eancia na \u00e1rea de infraestrutura no Brasil!\",\"publisher\":{\"@id\":\"https:\/\/agenciainfra.com\/blog\/#organization\"},\"potentialAction\":[{\"@type\":\"SearchAction\",\"target\":{\"@type\":\"EntryPoint\",\"urlTemplate\":\"https:\/\/agenciainfra.com\/blog\/?s={search_term_string}\"},\"query-input\":{\"@type\":\"PropertyValueSpecification\",\"valueRequired\":true,\"valueName\":\"search_term_string\"}}],\"inLanguage\":\"pt-BR\"},{\"@type\":\"Organization\",\"@id\":\"https:\/\/agenciainfra.com\/blog\/#organization\",\"name\":\"Ag\u00eancia iNFRA\",\"url\":\"https:\/\/agenciainfra.com\/blog\/\",\"logo\":{\"@type\":\"ImageObject\",\"inLanguage\":\"pt-BR\",\"@id\":\"https:\/\/agenciainfra.com\/blog\/#\/schema\/logo\/image\/\",\"url\":\"https:\/\/agenciainfra.com\/blog\/wp-content\/uploads\/2023\/09\/iNFRA_5-e1761735885940.png\",\"contentUrl\":\"https:\/\/agenciainfra.com\/blog\/wp-content\/uploads\/2023\/09\/iNFRA_5-e1761735885940.png\",\"width\":1672,\"height\":454,\"caption\":\"Ag\u00eancia iNFRA\"},\"image\":{\"@id\":\"https:\/\/agenciainfra.com\/blog\/#\/schema\/logo\/image\/\"},\"sameAs\":[\"https:\/\/www.facebook.com\/ageninfra\",\"https:\/\/x.com\/agencia_infra\",\"https:\/\/www.linkedin.com\/company\/ag\u00eanciainfra\/\",\"https:\/\/www.instagram.com\/agenciainfra\/\"]},{\"@type\":\"Person\",\"@id\":\"https:\/\/agenciainfra.com\/blog\/#\/schema\/person\/34af08dff6adea4cb22b06612ba7acfa\",\"name\":\"Ag\u00eancia iNFRA\",\"image\":{\"@type\":\"ImageObject\",\"inLanguage\":\"pt-BR\",\"@id\":\"https:\/\/agenciainfra.com\/blog\/#\/schema\/person\/image\/\",\"url\":\"https:\/\/secure.gravatar.com\/avatar\/d189e01678f06d8eb84d4e01f08eb848b3fffe3f8443818d3c356c66892f5be8?s=96&d=mm&r=g\",\"contentUrl\":\"https:\/\/secure.gravatar.com\/avatar\/d189e01678f06d8eb84d4e01f08eb848b3fffe3f8443818d3c356c66892f5be8?s=96&d=mm&r=g\",\"caption\":\"Ag\u00eancia iNFRA\"},\"url\":\"https:\/\/agenciainfra.com\/blog\/author\/admin\/\"}]}<\/script>\n<!-- \/ Yoast SEO Premium plugin. -->","yoast_head_json":{"title":"Governo n\u00e3o consegue aprovar projetos priorit\u00e1rios de energia na C\u00e2mara dos Deputados - Ag\u00eancia iNFRA","robots":{"index":"index","follow":"follow","max-snippet":"max-snippet:-1","max-image-preview":"max-image-preview:large","max-video-preview":"max-video-preview:-1"},"canonical":"https:\/\/agenciainfra.com\/blog\/governo-nao-consegue-aprovar-projetos-prioritarios-de-energia-na-camara-dos-deputados\/","og_locale":"pt_BR","og_type":"article","og_title":"Governo n\u00e3o consegue aprovar projetos priorit\u00e1rios de energia na C\u00e2mara dos Deputados","og_description":"&nbsp; \u00a0Leila Coimbra, da Ag\u00eancia iNFRA A C\u00e2mara dos Deputados teve ontem (19) uma longa sess\u00e3o, com mais de dez horas de dura\u00e7\u00e3o, com o objetivo de\u00a0aprovar dois projetos priorit\u00e1rios de energia do governo: 1) o requerimento de regime de urg\u00eancia para o projeto que permite facilitar a privatiza\u00e7\u00e3o das distribuidoras da Eletrobras e; 2) [&hellip;]","og_url":"https:\/\/agenciainfra.com\/blog\/governo-nao-consegue-aprovar-projetos-prioritarios-de-energia-na-camara-dos-deputados\/","og_site_name":"Ag\u00eancia iNFRA","article_publisher":"https:\/\/www.facebook.com\/ageninfra","article_published_time":"2018-06-20T18:57:30+00:00","article_modified_time":"2018-06-20T19:02:20+00:00","og_image":[{"width":300,"height":169,"url":"https:\/\/agenciainfra.com\/blog\/wp-content\/uploads\/2018\/06\/energia_subestacao_eletrobras_-ro_1062018.jpg","type":"image\/jpeg"}],"author":"Ag\u00eancia iNFRA","twitter_card":"summary_large_image","twitter_creator":"@agencia_infra","twitter_site":"@agencia_infra","twitter_misc":{"Escrito por":"Ag\u00eancia iNFRA","Est. tempo de leitura":"3 minutos"},"schema":{"@context":"https:\/\/schema.org","@graph":[{"@type":"Article","@id":"https:\/\/agenciainfra.com\/blog\/governo-nao-consegue-aprovar-projetos-prioritarios-de-energia-na-camara-dos-deputados\/#article","isPartOf":{"@id":"https:\/\/agenciainfra.com\/blog\/governo-nao-consegue-aprovar-projetos-prioritarios-de-energia-na-camara-dos-deputados\/"},"author":{"name":"Ag\u00eancia iNFRA","@id":"https:\/\/agenciainfra.com\/blog\/#\/schema\/person\/34af08dff6adea4cb22b06612ba7acfa"},"headline":"Governo n\u00e3o consegue aprovar projetos priorit\u00e1rios de energia na C\u00e2mara dos Deputados","datePublished":"2018-06-20T18:57:30+00:00","dateModified":"2018-06-20T19:02:20+00:00","mainEntityOfPage":{"@id":"https:\/\/agenciainfra.com\/blog\/governo-nao-consegue-aprovar-projetos-prioritarios-de-energia-na-camara-dos-deputados\/"},"wordCount":671,"publisher":{"@id":"https:\/\/agenciainfra.com\/blog\/#organization"},"image":{"@id":"https:\/\/agenciainfra.com\/blog\/governo-nao-consegue-aprovar-projetos-prioritarios-de-energia-na-camara-dos-deputados\/#primaryimage"},"thumbnailUrl":"https:\/\/agenciainfra.com\/blog\/wp-content\/uploads\/2018\/06\/energia_subestacao_eletrobras_-ro_1062018.jpg","keywords":["C\u00e2mara dos Deputados","distribuidoras","Eletrobras","PL","Privatiza\u00e7\u00e3o"],"articleSection":["iNFRAEnergia"],"inLanguage":"pt-BR","copyrightYear":"2018","copyrightHolder":{"@id":"https:\/\/agenciainfra.com\/blog\/#organization"}},{"@type":"WebPage","@id":"https:\/\/agenciainfra.com\/blog\/governo-nao-consegue-aprovar-projetos-prioritarios-de-energia-na-camara-dos-deputados\/","url":"https:\/\/agenciainfra.com\/blog\/governo-nao-consegue-aprovar-projetos-prioritarios-de-energia-na-camara-dos-deputados\/","name":"Governo n\u00e3o consegue aprovar projetos priorit\u00e1rios de energia na C\u00e2mara dos Deputados - Ag\u00eancia iNFRA","isPartOf":{"@id":"https:\/\/agenciainfra.com\/blog\/#website"},"primaryImageOfPage":{"@id":"https:\/\/agenciainfra.com\/blog\/governo-nao-consegue-aprovar-projetos-prioritarios-de-energia-na-camara-dos-deputados\/#primaryimage"},"image":{"@id":"https:\/\/agenciainfra.com\/blog\/governo-nao-consegue-aprovar-projetos-prioritarios-de-energia-na-camara-dos-deputados\/#primaryimage"},"thumbnailUrl":"https:\/\/agenciainfra.com\/blog\/wp-content\/uploads\/2018\/06\/energia_subestacao_eletrobras_-ro_1062018.jpg","datePublished":"2018-06-20T18:57:30+00:00","dateModified":"2018-06-20T19:02:20+00:00","breadcrumb":{"@id":"https:\/\/agenciainfra.com\/blog\/governo-nao-consegue-aprovar-projetos-prioritarios-de-energia-na-camara-dos-deputados\/#breadcrumb"},"inLanguage":"pt-BR","potentialAction":[{"@type":"ReadAction","target":["https:\/\/agenciainfra.com\/blog\/governo-nao-consegue-aprovar-projetos-prioritarios-de-energia-na-camara-dos-deputados\/"]}]},{"@type":"ImageObject","inLanguage":"pt-BR","@id":"https:\/\/agenciainfra.com\/blog\/governo-nao-consegue-aprovar-projetos-prioritarios-de-energia-na-camara-dos-deputados\/#primaryimage","url":"https:\/\/agenciainfra.com\/blog\/wp-content\/uploads\/2018\/06\/energia_subestacao_eletrobras_-ro_1062018.jpg","contentUrl":"https:\/\/agenciainfra.com\/blog\/wp-content\/uploads\/2018\/06\/energia_subestacao_eletrobras_-ro_1062018.jpg","width":300,"height":169},{"@type":"BreadcrumbList","@id":"https:\/\/agenciainfra.com\/blog\/governo-nao-consegue-aprovar-projetos-prioritarios-de-energia-na-camara-dos-deputados\/#breadcrumb","itemListElement":[{"@type":"ListItem","position":1,"name":"In\u00edcio","item":"https:\/\/agenciainfra.com\/blog\/"},{"@type":"ListItem","position":2,"name":"Governo n\u00e3o consegue aprovar projetos priorit\u00e1rios de energia na C\u00e2mara dos Deputados"}]},{"@type":"WebSite","@id":"https:\/\/agenciainfra.com\/blog\/#website","url":"https:\/\/agenciainfra.com\/blog\/","name":"Ag\u00eancia iNFRA","description":"Multiplataforma de informa\u00e7\u00e3o jornal\u00edstica refer\u00eancia na \u00e1rea de infraestrutura no Brasil!","publisher":{"@id":"https:\/\/agenciainfra.com\/blog\/#organization"},"potentialAction":[{"@type":"SearchAction","target":{"@type":"EntryPoint","urlTemplate":"https:\/\/agenciainfra.com\/blog\/?s={search_term_string}"},"query-input":{"@type":"PropertyValueSpecification","valueRequired":true,"valueName":"search_term_string"}}],"inLanguage":"pt-BR"},{"@type":"Organization","@id":"https:\/\/agenciainfra.com\/blog\/#organization","name":"Ag\u00eancia iNFRA","url":"https:\/\/agenciainfra.com\/blog\/","logo":{"@type":"ImageObject","inLanguage":"pt-BR","@id":"https:\/\/agenciainfra.com\/blog\/#\/schema\/logo\/image\/","url":"https:\/\/agenciainfra.com\/blog\/wp-content\/uploads\/2023\/09\/iNFRA_5-e1761735885940.png","contentUrl":"https:\/\/agenciainfra.com\/blog\/wp-content\/uploads\/2023\/09\/iNFRA_5-e1761735885940.png","width":1672,"height":454,"caption":"Ag\u00eancia iNFRA"},"image":{"@id":"https:\/\/agenciainfra.com\/blog\/#\/schema\/logo\/image\/"},"sameAs":["https:\/\/www.facebook.com\/ageninfra","https:\/\/x.com\/agencia_infra","https:\/\/www.linkedin.com\/company\/ag\u00eanciainfra\/","https:\/\/www.instagram.com\/agenciainfra\/"]},{"@type":"Person","@id":"https:\/\/agenciainfra.com\/blog\/#\/schema\/person\/34af08dff6adea4cb22b06612ba7acfa","name":"Ag\u00eancia iNFRA","image":{"@type":"ImageObject","inLanguage":"pt-BR","@id":"https:\/\/agenciainfra.com\/blog\/#\/schema\/person\/image\/","url":"https:\/\/secure.gravatar.com\/avatar\/d189e01678f06d8eb84d4e01f08eb848b3fffe3f8443818d3c356c66892f5be8?s=96&d=mm&r=g","contentUrl":"https:\/\/secure.gravatar.com\/avatar\/d189e01678f06d8eb84d4e01f08eb848b3fffe3f8443818d3c356c66892f5be8?s=96&d=mm&r=g","caption":"Ag\u00eancia iNFRA"},"url":"https:\/\/agenciainfra.com\/blog\/author\/admin\/"}]}},"_links":{"self":[{"href":"https:\/\/agenciainfra.com\/blog\/wp-json\/wp\/v2\/posts\/1950","targetHints":{"allow":["GET"]}}],"collection":[{"href":"https:\/\/agenciainfra.com\/blog\/wp-json\/wp\/v2\/posts"}],"about":[{"href":"https:\/\/agenciainfra.com\/blog\/wp-json\/wp\/v2\/types\/post"}],"author":[{"embeddable":true,"href":"https:\/\/agenciainfra.com\/blog\/wp-json\/wp\/v2\/users\/1"}],"replies":[{"embeddable":true,"href":"https:\/\/agenciainfra.com\/blog\/wp-json\/wp\/v2\/comments?post=1950"}],"version-history":[{"count":0,"href":"https:\/\/agenciainfra.com\/blog\/wp-json\/wp\/v2\/posts\/1950\/revisions"}],"wp:featuredmedia":[{"embeddable":true,"href":"https:\/\/agenciainfra.com\/blog\/wp-json\/wp\/v2\/media\/1903"}],"wp:attachment":[{"href":"https:\/\/agenciainfra.com\/blog\/wp-json\/wp\/v2\/media?parent=1950"}],"wp:term":[{"taxonomy":"category","embeddable":true,"href":"https:\/\/agenciainfra.com\/blog\/wp-json\/wp\/v2\/categories?post=1950"},{"taxonomy":"post_tag","embeddable":true,"href":"https:\/\/agenciainfra.com\/blog\/wp-json\/wp\/v2\/tags?post=1950"}],"curies":[{"name":"wp","href":"https:\/\/api.w.org\/{rel}","templated":true}]}}