{"id":19503,"date":"2024-12-11T09:00:00","date_gmt":"2024-12-11T12:00:00","guid":{"rendered":"https:\/\/agenciainfra.com\/blog\/?p=19503"},"modified":"2024-12-11T11:42:50","modified_gmt":"2024-12-11T14:42:50","slug":"senador-otto-alencar-diz-que-seu-indicado-sera-o-diretor-geral-da-anp","status":"publish","type":"post","link":"https:\/\/agenciainfra.com\/blog\/senador-otto-alencar-diz-que-seu-indicado-sera-o-diretor-geral-da-anp\/","title":{"rendered":"Senador Otto Alencar diz que seu indicado ser\u00e1 o diretor-geral da ANP"},"content":{"rendered":"\n<p class=\"has-text-align-right\"><strong>Marisa Wanzeller, da Ag\u00eancia iNFRA<\/strong><\/p>\n\n\n\n<p>O senador Otto Alencar (PSD-BA) disse nesta ter\u00e7a-feira (10) que as indica\u00e7\u00f5es para as ag\u00eancias reguladoras devem ser enviadas da Casa Civil para o Senado em breve. Segundo ele, os nomes j\u00e1 est\u00e3o definidos e autorizados pelo presidente Lula.<\/p>\n\n\n\n<p>Otto Alencar confirmou que Artur Watt Neto, consultor jur\u00eddico da PPSA (Pr\u00e9-Sal Petr\u00f3leo S.A.), nome indicado por ele, ser\u00e1 encaminhado para diretor-geral da ANP (Ag\u00eancia Nacional do Petr\u00f3leo, G\u00e1s Natural e Biocombust\u00edveis). segundo o senador, a\u00a0indica\u00e7\u00e3o j\u00e1 estaria acertada entre Senado Federal e a c\u00fapula do governo.<\/p>\n\n\n\n<p>Havia expectativa de que o futuro diretor-geral da ag\u00eancia fosse o atual secret\u00e1rio de Petr\u00f3leo e G\u00e1s do Minist\u00e9rio de Minas e Energia, Pietro Mendes, que tamb\u00e9m \u00e9 presidente do Conselho de Administra\u00e7\u00e3o da Petrobras. Pietro seria uma indica\u00e7\u00e3o do ministro de Minas e Energia, Alexandre Silveira.&nbsp;<\/p>\n\n\n\n<p>O senador Alencar tamb\u00e9m disse que \u00c2ngelo Rezende, apadrinhado pelo do l\u00edder do governo na Casa, Jaques Wagner (PT-BA), ser\u00e1 o nome enviado para a ANEEL (Ag\u00eancia Nacional de Energia El\u00e9trica) junto com o pacote. O parlamentar falou \u00e0 imprensa nesta ter\u00e7a-feira (10), ap\u00f3s reuni\u00e3o da CI (Comiss\u00e3o de Servi\u00e7os de Infraestrutura) do Senado.<\/p>\n\n\n\n<p>Questionado pelos jornalistas\u00a0logo ap\u00f3s a fala de Alencar sobre sua indica\u00e7\u00e3o, o senador Jaques Wagner n\u00e3o garantiu que ser\u00e1 concretizada. O l\u00edder do governo disse que o pacote foi definido na \u00faltima sexta-feira (6), mas que, como os nomes ainda n\u00e3o foram encaminhados, pode ter surgido algum contratempo.\u00a0<\/p>\n\n\n\n<p>Os senadores tamb\u00e9m n\u00e3o garantiram se haver\u00e1 tempo vi\u00e1vel para sabatinar e aprovar os nomes ainda em 2024. &nbsp;&nbsp;<\/p>\n\n\n\n<p><strong>Sa\u00fade de Lula<\/strong><br>Fontes do Pal\u00e1cio do Planalto informaram que a previs\u00e3o \u00e9 de que os nomes sejam encaminhados at\u00e9 esta sexta-feira (13). Portanto, a situa\u00e7\u00e3o de sa\u00fade do presidente, que foi internado no Hospital S\u00edrio-Liban\u00eas, em S\u00e3o Paulo, ap\u00f3s ser submetido \u00e0 craniotomia para drenagem de hematoma, n\u00e3o deve impedir o andamento com as indica\u00e7\u00f5es.<\/p>\n\n\n\n<p>H\u00e1 uma preocupa\u00e7\u00e3o do governo quanto \u00e0 aprecia\u00e7\u00e3o de nomes para ag\u00eancias ligadas \u00e0 infraestrutura ainda nesta sess\u00e3o legislativa. Isso porque a CI, respons\u00e1vel pela sabatina de autoridades indicadas para ag\u00eancias como ANEEL e ANP, dever\u00e1 ser presidida por um parlamentar do PL no pr\u00f3ximo ano, partido de oposi\u00e7\u00e3o ao governo, o que pode vir a dificultar a aprova\u00e7\u00e3o de nomes indicados pelo governo federal. O nome mais cotado para comandar a CI seria do senador Marcos Rog\u00e9rio (PL-RO).<\/p>\n\n\n\n<p><strong>ANEEL<\/strong><br>Al\u00e9m de \u00c2ngelo Rezende foram cotados para a ANEEL o secret\u00e1rio de Energia El\u00e9trica do MME (Minist\u00e9rio de Minas e Energia), Gentil Nogueira, e Willamy Frota, ex-presidente da Amazonas Energia e ex-diretor da Eletronorte.&nbsp;<\/p>\n\n\n\n<p>Nogueira \u00e9 uma indica\u00e7\u00e3o do ministro Alexandre Silveira, enquanto Willamy \u00e9&nbsp;nome de confian\u00e7a do senador Eduardo Braga (MDB-AM). Ele foi chefe de gabinete do Minist\u00e9rio de Minas e Energia quando Braga era ministro, no governo Dilma Rousseff.<\/p>\n\n\n\n<p><strong>ANP<\/strong><br>Para a ANP, al\u00e9m de Artur Watt e Pietro Mendes, tamb\u00e9m corre nos bastidores o nome do advogado-geral da Petrobras, Wellington C\u00e9sar Lima e Silva, como uma poss\u00edvel indica\u00e7\u00e3o do governo para a ANP. Ele chefiou a SAJ (Secretaria Especial para Assuntos Jur\u00eddicos da Casa Civil) at\u00e9 julho deste ano e \u00e9 um nome de confian\u00e7a de Lula e do ministro da Casa Civil, Rui Costa.<\/p>\n","protected":false},"excerpt":{"rendered":"<p>Marisa Wanzeller, da Ag\u00eancia iNFRA O senador Otto Alencar (PSD-BA) disse nesta ter\u00e7a-feira (10) que as indica\u00e7\u00f5es para as ag\u00eancias reguladoras devem ser enviadas da Casa Civil para o Senado em breve. Segundo ele, os nomes j\u00e1 est\u00e3o definidos e autorizados pelo presidente Lula. Otto Alencar confirmou que Artur Watt Neto, consultor jur\u00eddico da PPSA [&hellip;]<\/p>\n","protected":false},"author":1,"featured_media":17085,"comment_status":"closed","ping_status":"closed","sticky":false,"template":"","format":"standard","meta":{"_monsterinsights_skip_tracking":false,"_monsterinsights_sitenote_active":false,"_monsterinsights_sitenote_note":"","_monsterinsights_sitenote_category":0,"footnotes":""},"categories":[7250,1,10],"tags":[46,6040,53,1101,11963,6781,11915,10577,580,7366,973,6335,3030,11948,11892],"class_list":["post-19503","post","type-post","status-publish","format-standard","has-post-thumbnail","hentry","category-destaque-lista","category-geral","category-infraenergia","tag-agencias-reguladoras","tag-alexandre-silveira","tag-aneel","tag-anp","tag-artur-watt-neto","tag-gentil-nogueira","tag-indicacoes-para-agencias-reguladoras","tag-jaques-wagner","tag-lula","tag-marisa-wanzeller","tag-otto-alencar","tag-pietro-mendes","tag-ppsa","tag-wellington-cesar-lima-e-silva","tag-willamy-frota"],"yoast_head":"<!-- This site is optimized with the Yoast SEO Premium plugin v25.4 (Yoast SEO v26.0) - https:\/\/yoast.com\/wordpress\/plugins\/seo\/ -->\n<title>Senador Otto Alencar diz que seu indicado ser\u00e1 o diretor-geral da ANP - Ag\u00eancia iNFRA<\/title>\n<meta name=\"robots\" content=\"index, follow, max-snippet:-1, max-image-preview:large, max-video-preview:-1\" \/>\n<link rel=\"canonical\" href=\"https:\/\/agenciainfra.com\/blog\/senador-otto-alencar-diz-que-seu-indicado-sera-o-diretor-geral-da-anp\/\" \/>\n<meta property=\"og:locale\" content=\"pt_BR\" \/>\n<meta property=\"og:type\" content=\"article\" \/>\n<meta property=\"og:title\" content=\"Senador Otto Alencar diz que seu indicado ser\u00e1 o diretor-geral da ANP\" \/>\n<meta property=\"og:description\" content=\"Marisa Wanzeller, da Ag\u00eancia iNFRA O senador Otto Alencar (PSD-BA) disse nesta ter\u00e7a-feira (10) que as indica\u00e7\u00f5es para as ag\u00eancias reguladoras devem ser enviadas da Casa Civil para o Senado em breve. Segundo ele, os nomes j\u00e1 est\u00e3o definidos e autorizados pelo presidente Lula. Otto Alencar confirmou que Artur Watt Neto, consultor jur\u00eddico da PPSA [&hellip;]\" \/>\n<meta property=\"og:url\" content=\"https:\/\/agenciainfra.com\/blog\/senador-otto-alencar-diz-que-seu-indicado-sera-o-diretor-geral-da-anp\/\" \/>\n<meta property=\"og:site_name\" content=\"Ag\u00eancia iNFRA\" \/>\n<meta property=\"article:publisher\" content=\"https:\/\/www.facebook.com\/ageninfra\" \/>\n<meta property=\"article:published_time\" content=\"2024-12-11T12:00:00+00:00\" \/>\n<meta property=\"article:modified_time\" content=\"2024-12-11T14:42:50+00:00\" \/>\n<meta property=\"og:image\" content=\"https:\/\/agenciainfra.com\/blog\/wp-content\/uploads\/2024\/06\/otto-alencar-foto-agencia-senado-roque-de-sa.jpg\" \/>\n\t<meta property=\"og:image:width\" content=\"1202\" \/>\n\t<meta property=\"og:image:height\" content=\"801\" \/>\n\t<meta property=\"og:image:type\" content=\"image\/jpeg\" \/>\n<meta name=\"author\" content=\"Ag\u00eancia iNFRA\" \/>\n<meta name=\"twitter:card\" content=\"summary_large_image\" \/>\n<meta name=\"twitter:creator\" content=\"@agencia_infra\" \/>\n<meta name=\"twitter:site\" content=\"@agencia_infra\" \/>\n<meta name=\"twitter:label1\" content=\"Escrito por\" \/>\n\t<meta name=\"twitter:data1\" content=\"Ag\u00eancia iNFRA\" \/>\n\t<meta name=\"twitter:label2\" content=\"Est. tempo de leitura\" \/>\n\t<meta name=\"twitter:data2\" content=\"3 minutos\" \/>\n<script type=\"application\/ld+json\" class=\"yoast-schema-graph\">{\"@context\":\"https:\/\/schema.org\",\"@graph\":[{\"@type\":\"Article\",\"@id\":\"https:\/\/agenciainfra.com\/blog\/senador-otto-alencar-diz-que-seu-indicado-sera-o-diretor-geral-da-anp\/#article\",\"isPartOf\":{\"@id\":\"https:\/\/agenciainfra.com\/blog\/senador-otto-alencar-diz-que-seu-indicado-sera-o-diretor-geral-da-anp\/\"},\"author\":{\"name\":\"Ag\u00eancia iNFRA\",\"@id\":\"https:\/\/agenciainfra.com\/blog\/#\/schema\/person\/34af08dff6adea4cb22b06612ba7acfa\"},\"headline\":\"Senador Otto Alencar diz que seu indicado ser\u00e1 o diretor-geral da ANP\",\"datePublished\":\"2024-12-11T12:00:00+00:00\",\"dateModified\":\"2024-12-11T14:42:50+00:00\",\"mainEntityOfPage\":{\"@id\":\"https:\/\/agenciainfra.com\/blog\/senador-otto-alencar-diz-que-seu-indicado-sera-o-diretor-geral-da-anp\/\"},\"wordCount\":613,\"publisher\":{\"@id\":\"https:\/\/agenciainfra.com\/blog\/#organization\"},\"image\":{\"@id\":\"https:\/\/agenciainfra.com\/blog\/senador-otto-alencar-diz-que-seu-indicado-sera-o-diretor-geral-da-anp\/#primaryimage\"},\"thumbnailUrl\":\"https:\/\/agenciainfra.com\/blog\/wp-content\/uploads\/2024\/06\/otto-alencar-foto-agencia-senado-roque-de-sa.jpg\",\"keywords\":[\"Ag\u00eancias Reguladoras\",\"Alexandre Silveira\",\"ANEEL\",\"ANP\",\"Artur Watt Neto\",\"Gentil Nogueira\",\"indica\u00e7\u00f5es para ag\u00eancias reguladoras\",\"Jaques Wagner\",\"Lula\",\"Marisa Wanzeller\",\"Otto Alencar\",\"Pietro Mendes\",\"PPSA\",\"Wellington C\u00e9sar Lima e Silva\",\"Willamy Frota\"],\"articleSection\":[\"Destaque lista\",\"Geral\",\"iNFRAEnergia\"],\"inLanguage\":\"pt-BR\",\"copyrightYear\":\"2024\",\"copyrightHolder\":{\"@id\":\"https:\/\/agenciainfra.com\/blog\/#organization\"}},{\"@type\":\"WebPage\",\"@id\":\"https:\/\/agenciainfra.com\/blog\/senador-otto-alencar-diz-que-seu-indicado-sera-o-diretor-geral-da-anp\/\",\"url\":\"https:\/\/agenciainfra.com\/blog\/senador-otto-alencar-diz-que-seu-indicado-sera-o-diretor-geral-da-anp\/\",\"name\":\"Senador Otto Alencar diz que seu indicado ser\u00e1 o diretor-geral da ANP - Ag\u00eancia iNFRA\",\"isPartOf\":{\"@id\":\"https:\/\/agenciainfra.com\/blog\/#website\"},\"primaryImageOfPage\":{\"@id\":\"https:\/\/agenciainfra.com\/blog\/senador-otto-alencar-diz-que-seu-indicado-sera-o-diretor-geral-da-anp\/#primaryimage\"},\"image\":{\"@id\":\"https:\/\/agenciainfra.com\/blog\/senador-otto-alencar-diz-que-seu-indicado-sera-o-diretor-geral-da-anp\/#primaryimage\"},\"thumbnailUrl\":\"https:\/\/agenciainfra.com\/blog\/wp-content\/uploads\/2024\/06\/otto-alencar-foto-agencia-senado-roque-de-sa.jpg\",\"datePublished\":\"2024-12-11T12:00:00+00:00\",\"dateModified\":\"2024-12-11T14:42:50+00:00\",\"breadcrumb\":{\"@id\":\"https:\/\/agenciainfra.com\/blog\/senador-otto-alencar-diz-que-seu-indicado-sera-o-diretor-geral-da-anp\/#breadcrumb\"},\"inLanguage\":\"pt-BR\",\"potentialAction\":[{\"@type\":\"ReadAction\",\"target\":[\"https:\/\/agenciainfra.com\/blog\/senador-otto-alencar-diz-que-seu-indicado-sera-o-diretor-geral-da-anp\/\"]}]},{\"@type\":\"ImageObject\",\"inLanguage\":\"pt-BR\",\"@id\":\"https:\/\/agenciainfra.com\/blog\/senador-otto-alencar-diz-que-seu-indicado-sera-o-diretor-geral-da-anp\/#primaryimage\",\"url\":\"https:\/\/agenciainfra.com\/blog\/wp-content\/uploads\/2024\/06\/otto-alencar-foto-agencia-senado-roque-de-sa.jpg\",\"contentUrl\":\"https:\/\/agenciainfra.com\/blog\/wp-content\/uploads\/2024\/06\/otto-alencar-foto-agencia-senado-roque-de-sa.jpg\",\"width\":1202,\"height\":801},{\"@type\":\"BreadcrumbList\",\"@id\":\"https:\/\/agenciainfra.com\/blog\/senador-otto-alencar-diz-que-seu-indicado-sera-o-diretor-geral-da-anp\/#breadcrumb\",\"itemListElement\":[{\"@type\":\"ListItem\",\"position\":1,\"name\":\"In\u00edcio\",\"item\":\"https:\/\/agenciainfra.com\/blog\/\"},{\"@type\":\"ListItem\",\"position\":2,\"name\":\"Senador Otto Alencar diz que seu indicado ser\u00e1 o diretor-geral da ANP\"}]},{\"@type\":\"WebSite\",\"@id\":\"https:\/\/agenciainfra.com\/blog\/#website\",\"url\":\"https:\/\/agenciainfra.com\/blog\/\",\"name\":\"Ag\u00eancia iNFRA\",\"description\":\"Multiplataforma de informa\u00e7\u00e3o jornal\u00edstica refer\u00eancia na \u00e1rea de infraestrutura no Brasil!\",\"publisher\":{\"@id\":\"https:\/\/agenciainfra.com\/blog\/#organization\"},\"potentialAction\":[{\"@type\":\"SearchAction\",\"target\":{\"@type\":\"EntryPoint\",\"urlTemplate\":\"https:\/\/agenciainfra.com\/blog\/?s={search_term_string}\"},\"query-input\":{\"@type\":\"PropertyValueSpecification\",\"valueRequired\":true,\"valueName\":\"search_term_string\"}}],\"inLanguage\":\"pt-BR\"},{\"@type\":\"Organization\",\"@id\":\"https:\/\/agenciainfra.com\/blog\/#organization\",\"name\":\"Ag\u00eancia iNFRA\",\"url\":\"https:\/\/agenciainfra.com\/blog\/\",\"logo\":{\"@type\":\"ImageObject\",\"inLanguage\":\"pt-BR\",\"@id\":\"https:\/\/agenciainfra.com\/blog\/#\/schema\/logo\/image\/\",\"url\":\"https:\/\/agenciainfra.com\/blog\/wp-content\/uploads\/2023\/09\/iNFRA_5-e1761735885940.png\",\"contentUrl\":\"https:\/\/agenciainfra.com\/blog\/wp-content\/uploads\/2023\/09\/iNFRA_5-e1761735885940.png\",\"width\":1672,\"height\":454,\"caption\":\"Ag\u00eancia iNFRA\"},\"image\":{\"@id\":\"https:\/\/agenciainfra.com\/blog\/#\/schema\/logo\/image\/\"},\"sameAs\":[\"https:\/\/www.facebook.com\/ageninfra\",\"https:\/\/x.com\/agencia_infra\",\"https:\/\/www.linkedin.com\/company\/ag\u00eanciainfra\/\",\"https:\/\/www.instagram.com\/agenciainfra\/\"]},{\"@type\":\"Person\",\"@id\":\"https:\/\/agenciainfra.com\/blog\/#\/schema\/person\/34af08dff6adea4cb22b06612ba7acfa\",\"name\":\"Ag\u00eancia iNFRA\",\"image\":{\"@type\":\"ImageObject\",\"inLanguage\":\"pt-BR\",\"@id\":\"https:\/\/agenciainfra.com\/blog\/#\/schema\/person\/image\/\",\"url\":\"https:\/\/secure.gravatar.com\/avatar\/d189e01678f06d8eb84d4e01f08eb848b3fffe3f8443818d3c356c66892f5be8?s=96&d=mm&r=g\",\"contentUrl\":\"https:\/\/secure.gravatar.com\/avatar\/d189e01678f06d8eb84d4e01f08eb848b3fffe3f8443818d3c356c66892f5be8?s=96&d=mm&r=g\",\"caption\":\"Ag\u00eancia iNFRA\"},\"url\":\"https:\/\/agenciainfra.com\/blog\/author\/admin\/\"}]}<\/script>\n<!-- \/ Yoast SEO Premium plugin. -->","yoast_head_json":{"title":"Senador Otto Alencar diz que seu indicado ser\u00e1 o diretor-geral da ANP - Ag\u00eancia iNFRA","robots":{"index":"index","follow":"follow","max-snippet":"max-snippet:-1","max-image-preview":"max-image-preview:large","max-video-preview":"max-video-preview:-1"},"canonical":"https:\/\/agenciainfra.com\/blog\/senador-otto-alencar-diz-que-seu-indicado-sera-o-diretor-geral-da-anp\/","og_locale":"pt_BR","og_type":"article","og_title":"Senador Otto Alencar diz que seu indicado ser\u00e1 o diretor-geral da ANP","og_description":"Marisa Wanzeller, da Ag\u00eancia iNFRA O senador Otto Alencar (PSD-BA) disse nesta ter\u00e7a-feira (10) que as indica\u00e7\u00f5es para as ag\u00eancias reguladoras devem ser enviadas da Casa Civil para o Senado em breve. Segundo ele, os nomes j\u00e1 est\u00e3o definidos e autorizados pelo presidente Lula. Otto Alencar confirmou que Artur Watt Neto, consultor jur\u00eddico da PPSA [&hellip;]","og_url":"https:\/\/agenciainfra.com\/blog\/senador-otto-alencar-diz-que-seu-indicado-sera-o-diretor-geral-da-anp\/","og_site_name":"Ag\u00eancia iNFRA","article_publisher":"https:\/\/www.facebook.com\/ageninfra","article_published_time":"2024-12-11T12:00:00+00:00","article_modified_time":"2024-12-11T14:42:50+00:00","og_image":[{"width":1202,"height":801,"url":"https:\/\/agenciainfra.com\/blog\/wp-content\/uploads\/2024\/06\/otto-alencar-foto-agencia-senado-roque-de-sa.jpg","type":"image\/jpeg"}],"author":"Ag\u00eancia iNFRA","twitter_card":"summary_large_image","twitter_creator":"@agencia_infra","twitter_site":"@agencia_infra","twitter_misc":{"Escrito por":"Ag\u00eancia iNFRA","Est. tempo de leitura":"3 minutos"},"schema":{"@context":"https:\/\/schema.org","@graph":[{"@type":"Article","@id":"https:\/\/agenciainfra.com\/blog\/senador-otto-alencar-diz-que-seu-indicado-sera-o-diretor-geral-da-anp\/#article","isPartOf":{"@id":"https:\/\/agenciainfra.com\/blog\/senador-otto-alencar-diz-que-seu-indicado-sera-o-diretor-geral-da-anp\/"},"author":{"name":"Ag\u00eancia iNFRA","@id":"https:\/\/agenciainfra.com\/blog\/#\/schema\/person\/34af08dff6adea4cb22b06612ba7acfa"},"headline":"Senador Otto Alencar diz que seu indicado ser\u00e1 o diretor-geral da ANP","datePublished":"2024-12-11T12:00:00+00:00","dateModified":"2024-12-11T14:42:50+00:00","mainEntityOfPage":{"@id":"https:\/\/agenciainfra.com\/blog\/senador-otto-alencar-diz-que-seu-indicado-sera-o-diretor-geral-da-anp\/"},"wordCount":613,"publisher":{"@id":"https:\/\/agenciainfra.com\/blog\/#organization"},"image":{"@id":"https:\/\/agenciainfra.com\/blog\/senador-otto-alencar-diz-que-seu-indicado-sera-o-diretor-geral-da-anp\/#primaryimage"},"thumbnailUrl":"https:\/\/agenciainfra.com\/blog\/wp-content\/uploads\/2024\/06\/otto-alencar-foto-agencia-senado-roque-de-sa.jpg","keywords":["Ag\u00eancias Reguladoras","Alexandre Silveira","ANEEL","ANP","Artur Watt Neto","Gentil Nogueira","indica\u00e7\u00f5es para ag\u00eancias reguladoras","Jaques Wagner","Lula","Marisa Wanzeller","Otto Alencar","Pietro Mendes","PPSA","Wellington C\u00e9sar Lima e Silva","Willamy Frota"],"articleSection":["Destaque lista","Geral","iNFRAEnergia"],"inLanguage":"pt-BR","copyrightYear":"2024","copyrightHolder":{"@id":"https:\/\/agenciainfra.com\/blog\/#organization"}},{"@type":"WebPage","@id":"https:\/\/agenciainfra.com\/blog\/senador-otto-alencar-diz-que-seu-indicado-sera-o-diretor-geral-da-anp\/","url":"https:\/\/agenciainfra.com\/blog\/senador-otto-alencar-diz-que-seu-indicado-sera-o-diretor-geral-da-anp\/","name":"Senador Otto Alencar diz que seu indicado ser\u00e1 o diretor-geral da ANP - Ag\u00eancia iNFRA","isPartOf":{"@id":"https:\/\/agenciainfra.com\/blog\/#website"},"primaryImageOfPage":{"@id":"https:\/\/agenciainfra.com\/blog\/senador-otto-alencar-diz-que-seu-indicado-sera-o-diretor-geral-da-anp\/#primaryimage"},"image":{"@id":"https:\/\/agenciainfra.com\/blog\/senador-otto-alencar-diz-que-seu-indicado-sera-o-diretor-geral-da-anp\/#primaryimage"},"thumbnailUrl":"https:\/\/agenciainfra.com\/blog\/wp-content\/uploads\/2024\/06\/otto-alencar-foto-agencia-senado-roque-de-sa.jpg","datePublished":"2024-12-11T12:00:00+00:00","dateModified":"2024-12-11T14:42:50+00:00","breadcrumb":{"@id":"https:\/\/agenciainfra.com\/blog\/senador-otto-alencar-diz-que-seu-indicado-sera-o-diretor-geral-da-anp\/#breadcrumb"},"inLanguage":"pt-BR","potentialAction":[{"@type":"ReadAction","target":["https:\/\/agenciainfra.com\/blog\/senador-otto-alencar-diz-que-seu-indicado-sera-o-diretor-geral-da-anp\/"]}]},{"@type":"ImageObject","inLanguage":"pt-BR","@id":"https:\/\/agenciainfra.com\/blog\/senador-otto-alencar-diz-que-seu-indicado-sera-o-diretor-geral-da-anp\/#primaryimage","url":"https:\/\/agenciainfra.com\/blog\/wp-content\/uploads\/2024\/06\/otto-alencar-foto-agencia-senado-roque-de-sa.jpg","contentUrl":"https:\/\/agenciainfra.com\/blog\/wp-content\/uploads\/2024\/06\/otto-alencar-foto-agencia-senado-roque-de-sa.jpg","width":1202,"height":801},{"@type":"BreadcrumbList","@id":"https:\/\/agenciainfra.com\/blog\/senador-otto-alencar-diz-que-seu-indicado-sera-o-diretor-geral-da-anp\/#breadcrumb","itemListElement":[{"@type":"ListItem","position":1,"name":"In\u00edcio","item":"https:\/\/agenciainfra.com\/blog\/"},{"@type":"ListItem","position":2,"name":"Senador Otto Alencar diz que seu indicado ser\u00e1 o diretor-geral da ANP"}]},{"@type":"WebSite","@id":"https:\/\/agenciainfra.com\/blog\/#website","url":"https:\/\/agenciainfra.com\/blog\/","name":"Ag\u00eancia iNFRA","description":"Multiplataforma de informa\u00e7\u00e3o jornal\u00edstica refer\u00eancia na \u00e1rea de infraestrutura no Brasil!","publisher":{"@id":"https:\/\/agenciainfra.com\/blog\/#organization"},"potentialAction":[{"@type":"SearchAction","target":{"@type":"EntryPoint","urlTemplate":"https:\/\/agenciainfra.com\/blog\/?s={search_term_string}"},"query-input":{"@type":"PropertyValueSpecification","valueRequired":true,"valueName":"search_term_string"}}],"inLanguage":"pt-BR"},{"@type":"Organization","@id":"https:\/\/agenciainfra.com\/blog\/#organization","name":"Ag\u00eancia iNFRA","url":"https:\/\/agenciainfra.com\/blog\/","logo":{"@type":"ImageObject","inLanguage":"pt-BR","@id":"https:\/\/agenciainfra.com\/blog\/#\/schema\/logo\/image\/","url":"https:\/\/agenciainfra.com\/blog\/wp-content\/uploads\/2023\/09\/iNFRA_5-e1761735885940.png","contentUrl":"https:\/\/agenciainfra.com\/blog\/wp-content\/uploads\/2023\/09\/iNFRA_5-e1761735885940.png","width":1672,"height":454,"caption":"Ag\u00eancia iNFRA"},"image":{"@id":"https:\/\/agenciainfra.com\/blog\/#\/schema\/logo\/image\/"},"sameAs":["https:\/\/www.facebook.com\/ageninfra","https:\/\/x.com\/agencia_infra","https:\/\/www.linkedin.com\/company\/ag\u00eanciainfra\/","https:\/\/www.instagram.com\/agenciainfra\/"]},{"@type":"Person","@id":"https:\/\/agenciainfra.com\/blog\/#\/schema\/person\/34af08dff6adea4cb22b06612ba7acfa","name":"Ag\u00eancia iNFRA","image":{"@type":"ImageObject","inLanguage":"pt-BR","@id":"https:\/\/agenciainfra.com\/blog\/#\/schema\/person\/image\/","url":"https:\/\/secure.gravatar.com\/avatar\/d189e01678f06d8eb84d4e01f08eb848b3fffe3f8443818d3c356c66892f5be8?s=96&d=mm&r=g","contentUrl":"https:\/\/secure.gravatar.com\/avatar\/d189e01678f06d8eb84d4e01f08eb848b3fffe3f8443818d3c356c66892f5be8?s=96&d=mm&r=g","caption":"Ag\u00eancia iNFRA"},"url":"https:\/\/agenciainfra.com\/blog\/author\/admin\/"}]}},"_links":{"self":[{"href":"https:\/\/agenciainfra.com\/blog\/wp-json\/wp\/v2\/posts\/19503","targetHints":{"allow":["GET"]}}],"collection":[{"href":"https:\/\/agenciainfra.com\/blog\/wp-json\/wp\/v2\/posts"}],"about":[{"href":"https:\/\/agenciainfra.com\/blog\/wp-json\/wp\/v2\/types\/post"}],"author":[{"embeddable":true,"href":"https:\/\/agenciainfra.com\/blog\/wp-json\/wp\/v2\/users\/1"}],"replies":[{"embeddable":true,"href":"https:\/\/agenciainfra.com\/blog\/wp-json\/wp\/v2\/comments?post=19503"}],"version-history":[{"count":3,"href":"https:\/\/agenciainfra.com\/blog\/wp-json\/wp\/v2\/posts\/19503\/revisions"}],"predecessor-version":[{"id":19519,"href":"https:\/\/agenciainfra.com\/blog\/wp-json\/wp\/v2\/posts\/19503\/revisions\/19519"}],"wp:featuredmedia":[{"embeddable":true,"href":"https:\/\/agenciainfra.com\/blog\/wp-json\/wp\/v2\/media\/17085"}],"wp:attachment":[{"href":"https:\/\/agenciainfra.com\/blog\/wp-json\/wp\/v2\/media?parent=19503"}],"wp:term":[{"taxonomy":"category","embeddable":true,"href":"https:\/\/agenciainfra.com\/blog\/wp-json\/wp\/v2\/categories?post=19503"},{"taxonomy":"post_tag","embeddable":true,"href":"https:\/\/agenciainfra.com\/blog\/wp-json\/wp\/v2\/tags?post=19503"}],"curies":[{"name":"wp","href":"https:\/\/api.w.org\/{rel}","templated":true}]}}