{"id":19507,"date":"2024-12-11T11:00:00","date_gmt":"2024-12-11T14:00:00","guid":{"rendered":"https:\/\/agenciainfra.com\/blog\/?p=19507"},"modified":"2025-03-24T20:57:03","modified_gmt":"2025-03-24T23:57:03","slug":"aneel-prorroga-tarifa-de-itaipu-ate-31-de-marco-de-2025-manutencao-para-resto-do-ano-e-incerta","status":"publish","type":"post","link":"https:\/\/agenciainfra.com\/blog\/aneel-prorroga-tarifa-de-itaipu-ate-31-de-marco-de-2025-manutencao-para-resto-do-ano-e-incerta\/","title":{"rendered":"ANEEL prorroga tarifa de Itaipu at\u00e9 31 de mar\u00e7o de 2025. Manuten\u00e7\u00e3o para resto do ano \u00e9 incerta"},"content":{"rendered":"\n<p class=\"has-text-align-right\"><strong>Geraldo Campos Jr., da Ag\u00eancia iNFRA<\/strong><\/p>\n\n\n\n<p>A ANEEL (Ag\u00eancia Nacional de Energia El\u00e9trica) aprovou nesta ter\u00e7a-feira (10) a prorroga\u00e7\u00e3o da atual tarifa de repasse da usina de Itaipu, no valor de US$ 17,66\/KW, at\u00e9 31 de mar\u00e7o de 2025. Tamb\u00e9m foi dado prazo de 45 dias para que o MME (Minist\u00e9rio de Minas e Energia) apresente meios para que a tarifa seja mantida nesse patamar pelo restante do ano.<\/p>\n\n\n\n<p>O relator, diretor Fernando Mosna, apresentou&nbsp;<a href=\"https:\/\/mcusercontent.com\/d460dd1bcf9ba0ae040e1fc0f\/files\/40deba7a-553c-be3e-44f9-38d457378314\/voto_item_3_1_.pdf\" target=\"_blank\" rel=\"noreferrer noopener\">voto<\/a>&nbsp;para encaminhar of\u00edcio ao MME e \u00e0 ENBPar (Empresa Brasileira de Participa\u00e7\u00f5es em Energia Nuclear e Binacional) para que avaliem a implementa\u00e7\u00e3o de medidas adicionais necess\u00e1rias ao cumprimento das diretrizes&nbsp;acordadas no sentido de viabilizar a manuten\u00e7\u00e3o da tarifa de repasse no patamar vigente, sem aumento para o consumidor brasileiro.<\/p>\n\n\n\n<p>Em maio deste ano, os governos do Brasil e do Paraguai fecharam um acordo para aumentar a tarifa de Itaipu de US$ 17,66\/KW para US$ 19,28, valor que deve vigorar at\u00e9 2026. No entanto, foi feito um arranjo pelo MME para permitir que n\u00e3o houvesse o repasse desse reajuste para os consumidores brasileiros.<\/p>\n\n\n\n<p>A solu\u00e7\u00e3o dada foi usar o saldo da conta da usina. Na pr\u00e1tica, a ENBPar paga para a Conta de Comercializa\u00e7\u00e3o de Energia El\u00e9trica de Itaipu o valor de US$ 19,28, mas a binacional devolve para a sua controladora a diferen\u00e7a equivalente a US$ 2,57. Assim, a ENBPar n\u00e3o chega a repassar o aumento para as distribuidoras.<\/p>\n\n\n\n<p><strong>D\u00e9ficit<\/strong><br>O problema, segundo Mosna, \u00e9 que o arranjo n\u00e3o tem sido suficiente e tem deixado a conta de Itaipu no vermelho. A ENBPar encaminhou o demonstrativo do saldo da conta de Itaipu, com estimativa de saldo negativo em 2024 de aproximadamente R$ 333 milh\u00f5es.<\/p>\n\n\n\n<p>\u201cAparentemente foi uma derrapada do Minist\u00e9rio de Minas e Energia que n\u00e3o calibrou bem qual deveria ser o valor que deveria ter na conta de Itaipu\u201d, disse Mosna.<\/p>\n\n\n\n<p>A \u00e1rea t\u00e9cnica da ANEEL calculou que a tarifa de repasse de Itaipu para 2025 deveria ser de US$ 18,72\/kW, considerando-se todos os elementos de custo envolvidos. Ou seja, se aprovado, haveria um aumento de US$ 1,06 mensal.<\/p>\n\n\n\n<p>De acordo com o&nbsp;<a href=\"https:\/\/www.planalto.gov.br\/ccivil_03\/_ato2019-2022\/2022\/decreto\/D11027.htm\" target=\"_blank\" rel=\"noreferrer noopener\">Decreto 11.027\/\/2022<\/a>, os valores da conta de comercializa\u00e7\u00e3o dever\u00e3o ser exclusivamente destinados ao pagamento do b\u00f4nus de Itaipu em 2025, com abatimento tarif\u00e1rio, n\u00e3o sendo permitida sua utiliza\u00e7\u00e3o para cobrir eventuais insufici\u00eancias financeiras que venham a impactar a gest\u00e3o.<\/p>\n\n\n\n<p>Caso esse cen\u00e1rio de insufici\u00eancia de recursos se confirme, o decreto prev\u00ea a possibilidade de que a ANEEL estabele\u00e7a imediatamente novas tarifas de repasse. Isso justifica a necessidade de buscar fontes alternativas para evitar ajustes tarif\u00e1rios extraordin\u00e1rios, segundo o relator.<\/p>\n","protected":false},"excerpt":{"rendered":"<p>Geraldo Campos Jr., da Ag\u00eancia iNFRA A ANEEL (Ag\u00eancia Nacional de Energia El\u00e9trica) aprovou nesta ter\u00e7a-feira (10) a prorroga\u00e7\u00e3o da atual tarifa de repasse da usina de Itaipu, no valor de US$ 17,66\/KW, at\u00e9 31 de mar\u00e7o de 2025. Tamb\u00e9m foi dado prazo de 45 dias para que o MME (Minist\u00e9rio de Minas e Energia) [&hellip;]<\/p>\n","protected":false},"author":1,"featured_media":7280,"comment_status":"closed","ping_status":"closed","sticky":false,"template":"","format":"standard","meta":{"_monsterinsights_skip_tracking":false,"_monsterinsights_sitenote_active":false,"_monsterinsights_sitenote_note":"","_monsterinsights_sitenote_category":0,"footnotes":""},"categories":[7250,1,10],"tags":[53,4802,11952,7014,11594,71,11448,11951,11950],"class_list":["post-19507","post","type-post","status-publish","format-standard","has-post-thumbnail","hentry","category-destaque-lista","category-geral","category-infraenergia","tag-aneel","tag-comercializacao","tag-contas-de-iteipu","tag-fernando-mosna","tag-geraldo-campos-jr","tag-mme","tag-tarifa-de-itaipu","tag-tarifa-de-repasse","tag-usina-de-itaipu"],"yoast_head":"<!-- This site is optimized with the Yoast SEO Premium plugin v25.4 (Yoast SEO v26.0) - https:\/\/yoast.com\/wordpress\/plugins\/seo\/ -->\n<title>ANEEL prorroga tarifa de Itaipu at\u00e9 31 de mar\u00e7o de 2025. Manuten\u00e7\u00e3o para resto do ano \u00e9 incerta - Ag\u00eancia iNFRA<\/title>\n<meta name=\"robots\" content=\"index, follow, max-snippet:-1, max-image-preview:large, max-video-preview:-1\" \/>\n<link rel=\"canonical\" href=\"https:\/\/agenciainfra.com\/blog\/aneel-prorroga-tarifa-de-itaipu-ate-31-de-marco-de-2025-manutencao-para-resto-do-ano-e-incerta\/\" \/>\n<meta property=\"og:locale\" content=\"pt_BR\" \/>\n<meta property=\"og:type\" content=\"article\" \/>\n<meta property=\"og:title\" content=\"ANEEL prorroga tarifa de Itaipu at\u00e9 31 de mar\u00e7o de 2025. Manuten\u00e7\u00e3o para resto do ano \u00e9 incerta\" \/>\n<meta property=\"og:description\" content=\"Geraldo Campos Jr., da Ag\u00eancia iNFRA A ANEEL (Ag\u00eancia Nacional de Energia El\u00e9trica) aprovou nesta ter\u00e7a-feira (10) a prorroga\u00e7\u00e3o da atual tarifa de repasse da usina de Itaipu, no valor de US$ 17,66\/KW, at\u00e9 31 de mar\u00e7o de 2025. Tamb\u00e9m foi dado prazo de 45 dias para que o MME (Minist\u00e9rio de Minas e Energia) [&hellip;]\" \/>\n<meta property=\"og:url\" content=\"https:\/\/agenciainfra.com\/blog\/aneel-prorroga-tarifa-de-itaipu-ate-31-de-marco-de-2025-manutencao-para-resto-do-ano-e-incerta\/\" \/>\n<meta property=\"og:site_name\" content=\"Ag\u00eancia iNFRA\" \/>\n<meta property=\"article:publisher\" content=\"https:\/\/www.facebook.com\/ageninfra\" \/>\n<meta property=\"article:published_time\" content=\"2024-12-11T14:00:00+00:00\" \/>\n<meta property=\"article:modified_time\" content=\"2025-03-24T23:57:03+00:00\" \/>\n<meta property=\"og:image\" content=\"https:\/\/agenciainfra.com\/blog\/wp-content\/uploads\/2021\/05\/itaipu-foto-itaipu.jpeg\" \/>\n\t<meta property=\"og:image:width\" content=\"1280\" \/>\n\t<meta property=\"og:image:height\" content=\"810\" \/>\n\t<meta property=\"og:image:type\" content=\"image\/jpeg\" \/>\n<meta name=\"author\" content=\"Ag\u00eancia iNFRA\" \/>\n<meta name=\"twitter:card\" content=\"summary_large_image\" \/>\n<meta name=\"twitter:creator\" content=\"@agencia_infra\" \/>\n<meta name=\"twitter:site\" content=\"@agencia_infra\" \/>\n<meta name=\"twitter:label1\" content=\"Escrito por\" \/>\n\t<meta name=\"twitter:data1\" content=\"Ag\u00eancia iNFRA\" \/>\n\t<meta name=\"twitter:label2\" content=\"Est. tempo de leitura\" \/>\n\t<meta name=\"twitter:data2\" content=\"2 minutos\" \/>\n<script type=\"application\/ld+json\" class=\"yoast-schema-graph\">{\"@context\":\"https:\/\/schema.org\",\"@graph\":[{\"@type\":\"Article\",\"@id\":\"https:\/\/agenciainfra.com\/blog\/aneel-prorroga-tarifa-de-itaipu-ate-31-de-marco-de-2025-manutencao-para-resto-do-ano-e-incerta\/#article\",\"isPartOf\":{\"@id\":\"https:\/\/agenciainfra.com\/blog\/aneel-prorroga-tarifa-de-itaipu-ate-31-de-marco-de-2025-manutencao-para-resto-do-ano-e-incerta\/\"},\"author\":{\"name\":\"Ag\u00eancia iNFRA\",\"@id\":\"https:\/\/agenciainfra.com\/blog\/#\/schema\/person\/34af08dff6adea4cb22b06612ba7acfa\"},\"headline\":\"ANEEL prorroga tarifa de Itaipu at\u00e9 31 de mar\u00e7o de 2025. Manuten\u00e7\u00e3o para resto do ano \u00e9 incerta\",\"datePublished\":\"2024-12-11T14:00:00+00:00\",\"dateModified\":\"2025-03-24T23:57:03+00:00\",\"mainEntityOfPage\":{\"@id\":\"https:\/\/agenciainfra.com\/blog\/aneel-prorroga-tarifa-de-itaipu-ate-31-de-marco-de-2025-manutencao-para-resto-do-ano-e-incerta\/\"},\"wordCount\":474,\"publisher\":{\"@id\":\"https:\/\/agenciainfra.com\/blog\/#organization\"},\"image\":{\"@id\":\"https:\/\/agenciainfra.com\/blog\/aneel-prorroga-tarifa-de-itaipu-ate-31-de-marco-de-2025-manutencao-para-resto-do-ano-e-incerta\/#primaryimage\"},\"thumbnailUrl\":\"https:\/\/agenciainfra.com\/blog\/wp-content\/uploads\/2021\/05\/itaipu-foto-itaipu.jpeg\",\"keywords\":[\"ANEEL\",\"comercializa\u00e7\u00e3o\",\"contas de iteipu\",\"Fernando Mosna\",\"Geraldo Campos Jr.\",\"MME\",\"tarifa de itaipu\",\"tarifa de repasse\",\"usina de Itaipu\"],\"articleSection\":[\"Destaque lista\",\"Geral\",\"iNFRAEnergia\"],\"inLanguage\":\"pt-BR\",\"copyrightYear\":\"2024\",\"copyrightHolder\":{\"@id\":\"https:\/\/agenciainfra.com\/blog\/#organization\"}},{\"@type\":\"WebPage\",\"@id\":\"https:\/\/agenciainfra.com\/blog\/aneel-prorroga-tarifa-de-itaipu-ate-31-de-marco-de-2025-manutencao-para-resto-do-ano-e-incerta\/\",\"url\":\"https:\/\/agenciainfra.com\/blog\/aneel-prorroga-tarifa-de-itaipu-ate-31-de-marco-de-2025-manutencao-para-resto-do-ano-e-incerta\/\",\"name\":\"ANEEL prorroga tarifa de Itaipu at\u00e9 31 de mar\u00e7o de 2025. Manuten\u00e7\u00e3o para resto do ano \u00e9 incerta - Ag\u00eancia iNFRA\",\"isPartOf\":{\"@id\":\"https:\/\/agenciainfra.com\/blog\/#website\"},\"primaryImageOfPage\":{\"@id\":\"https:\/\/agenciainfra.com\/blog\/aneel-prorroga-tarifa-de-itaipu-ate-31-de-marco-de-2025-manutencao-para-resto-do-ano-e-incerta\/#primaryimage\"},\"image\":{\"@id\":\"https:\/\/agenciainfra.com\/blog\/aneel-prorroga-tarifa-de-itaipu-ate-31-de-marco-de-2025-manutencao-para-resto-do-ano-e-incerta\/#primaryimage\"},\"thumbnailUrl\":\"https:\/\/agenciainfra.com\/blog\/wp-content\/uploads\/2021\/05\/itaipu-foto-itaipu.jpeg\",\"datePublished\":\"2024-12-11T14:00:00+00:00\",\"dateModified\":\"2025-03-24T23:57:03+00:00\",\"breadcrumb\":{\"@id\":\"https:\/\/agenciainfra.com\/blog\/aneel-prorroga-tarifa-de-itaipu-ate-31-de-marco-de-2025-manutencao-para-resto-do-ano-e-incerta\/#breadcrumb\"},\"inLanguage\":\"pt-BR\",\"potentialAction\":[{\"@type\":\"ReadAction\",\"target\":[\"https:\/\/agenciainfra.com\/blog\/aneel-prorroga-tarifa-de-itaipu-ate-31-de-marco-de-2025-manutencao-para-resto-do-ano-e-incerta\/\"]}]},{\"@type\":\"ImageObject\",\"inLanguage\":\"pt-BR\",\"@id\":\"https:\/\/agenciainfra.com\/blog\/aneel-prorroga-tarifa-de-itaipu-ate-31-de-marco-de-2025-manutencao-para-resto-do-ano-e-incerta\/#primaryimage\",\"url\":\"https:\/\/agenciainfra.com\/blog\/wp-content\/uploads\/2021\/05\/itaipu-foto-itaipu.jpeg\",\"contentUrl\":\"https:\/\/agenciainfra.com\/blog\/wp-content\/uploads\/2021\/05\/itaipu-foto-itaipu.jpeg\",\"width\":1280,\"height\":810,\"caption\":\"Foto: Itaipu\"},{\"@type\":\"BreadcrumbList\",\"@id\":\"https:\/\/agenciainfra.com\/blog\/aneel-prorroga-tarifa-de-itaipu-ate-31-de-marco-de-2025-manutencao-para-resto-do-ano-e-incerta\/#breadcrumb\",\"itemListElement\":[{\"@type\":\"ListItem\",\"position\":1,\"name\":\"In\u00edcio\",\"item\":\"https:\/\/agenciainfra.com\/blog\/\"},{\"@type\":\"ListItem\",\"position\":2,\"name\":\"ANEEL prorroga tarifa de Itaipu at\u00e9 31 de mar\u00e7o de 2025. Manuten\u00e7\u00e3o para resto do ano \u00e9 incerta\"}]},{\"@type\":\"WebSite\",\"@id\":\"https:\/\/agenciainfra.com\/blog\/#website\",\"url\":\"https:\/\/agenciainfra.com\/blog\/\",\"name\":\"Ag\u00eancia iNFRA\",\"description\":\"Multiplataforma de informa\u00e7\u00e3o jornal\u00edstica refer\u00eancia na \u00e1rea de infraestrutura no Brasil!\",\"publisher\":{\"@id\":\"https:\/\/agenciainfra.com\/blog\/#organization\"},\"potentialAction\":[{\"@type\":\"SearchAction\",\"target\":{\"@type\":\"EntryPoint\",\"urlTemplate\":\"https:\/\/agenciainfra.com\/blog\/?s={search_term_string}\"},\"query-input\":{\"@type\":\"PropertyValueSpecification\",\"valueRequired\":true,\"valueName\":\"search_term_string\"}}],\"inLanguage\":\"pt-BR\"},{\"@type\":\"Organization\",\"@id\":\"https:\/\/agenciainfra.com\/blog\/#organization\",\"name\":\"Ag\u00eancia iNFRA\",\"url\":\"https:\/\/agenciainfra.com\/blog\/\",\"logo\":{\"@type\":\"ImageObject\",\"inLanguage\":\"pt-BR\",\"@id\":\"https:\/\/agenciainfra.com\/blog\/#\/schema\/logo\/image\/\",\"url\":\"https:\/\/agenciainfra.com\/blog\/wp-content\/uploads\/2023\/09\/iNFRA_5-e1761735885940.png\",\"contentUrl\":\"https:\/\/agenciainfra.com\/blog\/wp-content\/uploads\/2023\/09\/iNFRA_5-e1761735885940.png\",\"width\":1672,\"height\":454,\"caption\":\"Ag\u00eancia iNFRA\"},\"image\":{\"@id\":\"https:\/\/agenciainfra.com\/blog\/#\/schema\/logo\/image\/\"},\"sameAs\":[\"https:\/\/www.facebook.com\/ageninfra\",\"https:\/\/x.com\/agencia_infra\",\"https:\/\/www.linkedin.com\/company\/ag\u00eanciainfra\/\",\"https:\/\/www.instagram.com\/agenciainfra\/\"]},{\"@type\":\"Person\",\"@id\":\"https:\/\/agenciainfra.com\/blog\/#\/schema\/person\/34af08dff6adea4cb22b06612ba7acfa\",\"name\":\"Ag\u00eancia iNFRA\",\"image\":{\"@type\":\"ImageObject\",\"inLanguage\":\"pt-BR\",\"@id\":\"https:\/\/agenciainfra.com\/blog\/#\/schema\/person\/image\/\",\"url\":\"https:\/\/secure.gravatar.com\/avatar\/d189e01678f06d8eb84d4e01f08eb848b3fffe3f8443818d3c356c66892f5be8?s=96&d=mm&r=g\",\"contentUrl\":\"https:\/\/secure.gravatar.com\/avatar\/d189e01678f06d8eb84d4e01f08eb848b3fffe3f8443818d3c356c66892f5be8?s=96&d=mm&r=g\",\"caption\":\"Ag\u00eancia iNFRA\"},\"url\":\"https:\/\/agenciainfra.com\/blog\/author\/admin\/\"}]}<\/script>\n<!-- \/ Yoast SEO Premium plugin. -->","yoast_head_json":{"title":"ANEEL prorroga tarifa de Itaipu at\u00e9 31 de mar\u00e7o de 2025. Manuten\u00e7\u00e3o para resto do ano \u00e9 incerta - Ag\u00eancia iNFRA","robots":{"index":"index","follow":"follow","max-snippet":"max-snippet:-1","max-image-preview":"max-image-preview:large","max-video-preview":"max-video-preview:-1"},"canonical":"https:\/\/agenciainfra.com\/blog\/aneel-prorroga-tarifa-de-itaipu-ate-31-de-marco-de-2025-manutencao-para-resto-do-ano-e-incerta\/","og_locale":"pt_BR","og_type":"article","og_title":"ANEEL prorroga tarifa de Itaipu at\u00e9 31 de mar\u00e7o de 2025. Manuten\u00e7\u00e3o para resto do ano \u00e9 incerta","og_description":"Geraldo Campos Jr., da Ag\u00eancia iNFRA A ANEEL (Ag\u00eancia Nacional de Energia El\u00e9trica) aprovou nesta ter\u00e7a-feira (10) a prorroga\u00e7\u00e3o da atual tarifa de repasse da usina de Itaipu, no valor de US$ 17,66\/KW, at\u00e9 31 de mar\u00e7o de 2025. Tamb\u00e9m foi dado prazo de 45 dias para que o MME (Minist\u00e9rio de Minas e Energia) [&hellip;]","og_url":"https:\/\/agenciainfra.com\/blog\/aneel-prorroga-tarifa-de-itaipu-ate-31-de-marco-de-2025-manutencao-para-resto-do-ano-e-incerta\/","og_site_name":"Ag\u00eancia iNFRA","article_publisher":"https:\/\/www.facebook.com\/ageninfra","article_published_time":"2024-12-11T14:00:00+00:00","article_modified_time":"2025-03-24T23:57:03+00:00","og_image":[{"width":1280,"height":810,"url":"https:\/\/agenciainfra.com\/blog\/wp-content\/uploads\/2021\/05\/itaipu-foto-itaipu.jpeg","type":"image\/jpeg"}],"author":"Ag\u00eancia iNFRA","twitter_card":"summary_large_image","twitter_creator":"@agencia_infra","twitter_site":"@agencia_infra","twitter_misc":{"Escrito por":"Ag\u00eancia iNFRA","Est. tempo de leitura":"2 minutos"},"schema":{"@context":"https:\/\/schema.org","@graph":[{"@type":"Article","@id":"https:\/\/agenciainfra.com\/blog\/aneel-prorroga-tarifa-de-itaipu-ate-31-de-marco-de-2025-manutencao-para-resto-do-ano-e-incerta\/#article","isPartOf":{"@id":"https:\/\/agenciainfra.com\/blog\/aneel-prorroga-tarifa-de-itaipu-ate-31-de-marco-de-2025-manutencao-para-resto-do-ano-e-incerta\/"},"author":{"name":"Ag\u00eancia iNFRA","@id":"https:\/\/agenciainfra.com\/blog\/#\/schema\/person\/34af08dff6adea4cb22b06612ba7acfa"},"headline":"ANEEL prorroga tarifa de Itaipu at\u00e9 31 de mar\u00e7o de 2025. Manuten\u00e7\u00e3o para resto do ano \u00e9 incerta","datePublished":"2024-12-11T14:00:00+00:00","dateModified":"2025-03-24T23:57:03+00:00","mainEntityOfPage":{"@id":"https:\/\/agenciainfra.com\/blog\/aneel-prorroga-tarifa-de-itaipu-ate-31-de-marco-de-2025-manutencao-para-resto-do-ano-e-incerta\/"},"wordCount":474,"publisher":{"@id":"https:\/\/agenciainfra.com\/blog\/#organization"},"image":{"@id":"https:\/\/agenciainfra.com\/blog\/aneel-prorroga-tarifa-de-itaipu-ate-31-de-marco-de-2025-manutencao-para-resto-do-ano-e-incerta\/#primaryimage"},"thumbnailUrl":"https:\/\/agenciainfra.com\/blog\/wp-content\/uploads\/2021\/05\/itaipu-foto-itaipu.jpeg","keywords":["ANEEL","comercializa\u00e7\u00e3o","contas de iteipu","Fernando Mosna","Geraldo Campos Jr.","MME","tarifa de itaipu","tarifa de repasse","usina de Itaipu"],"articleSection":["Destaque lista","Geral","iNFRAEnergia"],"inLanguage":"pt-BR","copyrightYear":"2024","copyrightHolder":{"@id":"https:\/\/agenciainfra.com\/blog\/#organization"}},{"@type":"WebPage","@id":"https:\/\/agenciainfra.com\/blog\/aneel-prorroga-tarifa-de-itaipu-ate-31-de-marco-de-2025-manutencao-para-resto-do-ano-e-incerta\/","url":"https:\/\/agenciainfra.com\/blog\/aneel-prorroga-tarifa-de-itaipu-ate-31-de-marco-de-2025-manutencao-para-resto-do-ano-e-incerta\/","name":"ANEEL prorroga tarifa de Itaipu at\u00e9 31 de mar\u00e7o de 2025. Manuten\u00e7\u00e3o para resto do ano \u00e9 incerta - Ag\u00eancia iNFRA","isPartOf":{"@id":"https:\/\/agenciainfra.com\/blog\/#website"},"primaryImageOfPage":{"@id":"https:\/\/agenciainfra.com\/blog\/aneel-prorroga-tarifa-de-itaipu-ate-31-de-marco-de-2025-manutencao-para-resto-do-ano-e-incerta\/#primaryimage"},"image":{"@id":"https:\/\/agenciainfra.com\/blog\/aneel-prorroga-tarifa-de-itaipu-ate-31-de-marco-de-2025-manutencao-para-resto-do-ano-e-incerta\/#primaryimage"},"thumbnailUrl":"https:\/\/agenciainfra.com\/blog\/wp-content\/uploads\/2021\/05\/itaipu-foto-itaipu.jpeg","datePublished":"2024-12-11T14:00:00+00:00","dateModified":"2025-03-24T23:57:03+00:00","breadcrumb":{"@id":"https:\/\/agenciainfra.com\/blog\/aneel-prorroga-tarifa-de-itaipu-ate-31-de-marco-de-2025-manutencao-para-resto-do-ano-e-incerta\/#breadcrumb"},"inLanguage":"pt-BR","potentialAction":[{"@type":"ReadAction","target":["https:\/\/agenciainfra.com\/blog\/aneel-prorroga-tarifa-de-itaipu-ate-31-de-marco-de-2025-manutencao-para-resto-do-ano-e-incerta\/"]}]},{"@type":"ImageObject","inLanguage":"pt-BR","@id":"https:\/\/agenciainfra.com\/blog\/aneel-prorroga-tarifa-de-itaipu-ate-31-de-marco-de-2025-manutencao-para-resto-do-ano-e-incerta\/#primaryimage","url":"https:\/\/agenciainfra.com\/blog\/wp-content\/uploads\/2021\/05\/itaipu-foto-itaipu.jpeg","contentUrl":"https:\/\/agenciainfra.com\/blog\/wp-content\/uploads\/2021\/05\/itaipu-foto-itaipu.jpeg","width":1280,"height":810,"caption":"Foto: Itaipu"},{"@type":"BreadcrumbList","@id":"https:\/\/agenciainfra.com\/blog\/aneel-prorroga-tarifa-de-itaipu-ate-31-de-marco-de-2025-manutencao-para-resto-do-ano-e-incerta\/#breadcrumb","itemListElement":[{"@type":"ListItem","position":1,"name":"In\u00edcio","item":"https:\/\/agenciainfra.com\/blog\/"},{"@type":"ListItem","position":2,"name":"ANEEL prorroga tarifa de Itaipu at\u00e9 31 de mar\u00e7o de 2025. Manuten\u00e7\u00e3o para resto do ano \u00e9 incerta"}]},{"@type":"WebSite","@id":"https:\/\/agenciainfra.com\/blog\/#website","url":"https:\/\/agenciainfra.com\/blog\/","name":"Ag\u00eancia iNFRA","description":"Multiplataforma de informa\u00e7\u00e3o jornal\u00edstica refer\u00eancia na \u00e1rea de infraestrutura no Brasil!","publisher":{"@id":"https:\/\/agenciainfra.com\/blog\/#organization"},"potentialAction":[{"@type":"SearchAction","target":{"@type":"EntryPoint","urlTemplate":"https:\/\/agenciainfra.com\/blog\/?s={search_term_string}"},"query-input":{"@type":"PropertyValueSpecification","valueRequired":true,"valueName":"search_term_string"}}],"inLanguage":"pt-BR"},{"@type":"Organization","@id":"https:\/\/agenciainfra.com\/blog\/#organization","name":"Ag\u00eancia iNFRA","url":"https:\/\/agenciainfra.com\/blog\/","logo":{"@type":"ImageObject","inLanguage":"pt-BR","@id":"https:\/\/agenciainfra.com\/blog\/#\/schema\/logo\/image\/","url":"https:\/\/agenciainfra.com\/blog\/wp-content\/uploads\/2023\/09\/iNFRA_5-e1761735885940.png","contentUrl":"https:\/\/agenciainfra.com\/blog\/wp-content\/uploads\/2023\/09\/iNFRA_5-e1761735885940.png","width":1672,"height":454,"caption":"Ag\u00eancia iNFRA"},"image":{"@id":"https:\/\/agenciainfra.com\/blog\/#\/schema\/logo\/image\/"},"sameAs":["https:\/\/www.facebook.com\/ageninfra","https:\/\/x.com\/agencia_infra","https:\/\/www.linkedin.com\/company\/ag\u00eanciainfra\/","https:\/\/www.instagram.com\/agenciainfra\/"]},{"@type":"Person","@id":"https:\/\/agenciainfra.com\/blog\/#\/schema\/person\/34af08dff6adea4cb22b06612ba7acfa","name":"Ag\u00eancia iNFRA","image":{"@type":"ImageObject","inLanguage":"pt-BR","@id":"https:\/\/agenciainfra.com\/blog\/#\/schema\/person\/image\/","url":"https:\/\/secure.gravatar.com\/avatar\/d189e01678f06d8eb84d4e01f08eb848b3fffe3f8443818d3c356c66892f5be8?s=96&d=mm&r=g","contentUrl":"https:\/\/secure.gravatar.com\/avatar\/d189e01678f06d8eb84d4e01f08eb848b3fffe3f8443818d3c356c66892f5be8?s=96&d=mm&r=g","caption":"Ag\u00eancia iNFRA"},"url":"https:\/\/agenciainfra.com\/blog\/author\/admin\/"}]}},"_links":{"self":[{"href":"https:\/\/agenciainfra.com\/blog\/wp-json\/wp\/v2\/posts\/19507","targetHints":{"allow":["GET"]}}],"collection":[{"href":"https:\/\/agenciainfra.com\/blog\/wp-json\/wp\/v2\/posts"}],"about":[{"href":"https:\/\/agenciainfra.com\/blog\/wp-json\/wp\/v2\/types\/post"}],"author":[{"embeddable":true,"href":"https:\/\/agenciainfra.com\/blog\/wp-json\/wp\/v2\/users\/1"}],"replies":[{"embeddable":true,"href":"https:\/\/agenciainfra.com\/blog\/wp-json\/wp\/v2\/comments?post=19507"}],"version-history":[{"count":2,"href":"https:\/\/agenciainfra.com\/blog\/wp-json\/wp\/v2\/posts\/19507\/revisions"}],"predecessor-version":[{"id":20707,"href":"https:\/\/agenciainfra.com\/blog\/wp-json\/wp\/v2\/posts\/19507\/revisions\/20707"}],"wp:featuredmedia":[{"embeddable":true,"href":"https:\/\/agenciainfra.com\/blog\/wp-json\/wp\/v2\/media\/7280"}],"wp:attachment":[{"href":"https:\/\/agenciainfra.com\/blog\/wp-json\/wp\/v2\/media?parent=19507"}],"wp:term":[{"taxonomy":"category","embeddable":true,"href":"https:\/\/agenciainfra.com\/blog\/wp-json\/wp\/v2\/categories?post=19507"},{"taxonomy":"post_tag","embeddable":true,"href":"https:\/\/agenciainfra.com\/blog\/wp-json\/wp\/v2\/tags?post=19507"}],"curies":[{"name":"wp","href":"https:\/\/api.w.org\/{rel}","templated":true}]}}