{"id":19511,"date":"2024-12-11T10:00:00","date_gmt":"2024-12-11T13:00:00","guid":{"rendered":"https:\/\/agenciainfra.com\/blog\/?p=19511"},"modified":"2024-12-13T12:21:44","modified_gmt":"2024-12-13T15:21:44","slug":"ministro-dos-transportes-estima-de-10-a-15-novas-concessoes-rodoviarias-para-2025","status":"publish","type":"post","link":"https:\/\/agenciainfra.com\/blog\/ministro-dos-transportes-estima-de-10-a-15-novas-concessoes-rodoviarias-para-2025\/","title":{"rendered":"Ministro dos Transportes estima de 10 a 15 novas concess\u00f5es rodovi\u00e1rias para 2025"},"content":{"rendered":"\n<p class=\"has-text-align-right\"><strong>Sheyla Santos, da Ag\u00eancia iNFRA<\/strong><\/p>\n\n\n\n<p>O ministro dos Transportes, Renan Filho, afirmou nesta ter\u00e7a-feira (10) que a pasta trabalha com um pipeline de 10 a 15 novas concess\u00f5es para o setor de rodovias em 2025. Renan disse ter realizado o maior ano de leil\u00f5es da hist\u00f3ria da pasta, com 12 certames em dois anos, e voltou a comparar os feitos da gest\u00e3o de infraestrutura do presidente Lula aos feitos do ex-presidente Jair Bolsonaro.<\/p>\n\n\n\n<p>\u201cO governo Bolsonaro fez seis leil\u00f5es em quatro anos e n\u00f3s estamos fazendo 12 em dois anos\u201d, afirmou.<\/p>\n\n\n\n<p>Em um balan\u00e7o sobre o ano, o ministro disse que a pasta tem, no momento, o maior pipeline de concess\u00f5es rodovi\u00e1rias do mundo e que \u201csobram interessados\u201d nos leil\u00f5es federais, incluindo nos dois a serem realizados nesta quinta-feira (12), na B3, em S\u00e3o Paulo \u2014 o Lote 3 de Rodovias do Paran\u00e1 e a chamada &#8220;Rota Verde&#8221;. No total, sete&nbsp;grupos empresariais manifestaram interesse em disputar os trechos, quatro para cada leil\u00e3o (com um interessado em ambos os leil\u00f5es).<\/p>\n\n\n\n<p>O tom otimista de Renan tamb\u00e9m se estende ao leil\u00e3o de concess\u00e3o do sistema rodovi\u00e1rio Lote PR6, que compreende as rodovias BR-163\/277\/469 e PR-158\/180\/182\/280\/483. O certame ser\u00e1 realizado, tamb\u00e9m na B3, em 19 de dezembro. \u201cA expectativa \u00e9 muito boa. Todos os nossos leil\u00f5es ter\u00e3o concorr\u00eancia\u201d, afirmou.<\/p>\n\n\n\n<p><strong>Argentina<\/strong><br>O ministro confirmou que est\u00e1 previsto para 7 de janeiro o leil\u00e3o da Ponte Internacional de S\u00e3o Borja e de Santo Tom\u00e9, que conecta Brasil e Argentina.<\/p>\n\n\n\n<p>\u201cA gente precisa intensificar o trabalho, continuar demonstrando que d\u00e1 para fazer mais. Enquanto o governo anterior fazia um leil\u00e3o por ano, a gente deseja fazer 10 a 15 leil\u00f5es no ano que vem. Essa \u00e9 a diferen\u00e7a. Dava para fazer mais. E bater o recorde de leil\u00f5es no ano de 2024 \u00e9 a demonstra\u00e7\u00e3o daquilo que dizia no in\u00edcio do minist\u00e9rio, de que dava para [o governo anterior] fazer mais.\u201d<\/p>\n\n\n\n<p><strong>Mato Grosso do Sul<\/strong><br>Em rela\u00e7\u00e3o ao leil\u00e3o da Rota da Celulose, estruturado pelo governo do Mato Grosso do Sul com rodovias federais e estaduais e que n\u00e3o teve empresas interessadas, o ministro afirmou que ter\u00e1 um encontro na pr\u00f3xima semana com o governador do estado, Eduardo Riedel, para avaliar qual ser\u00e1 o melhor caminho para o trecho.<\/p>\n\n\n\n<p>A estrutura\u00e7\u00e3o da concess\u00e3o de 30 anos tem 870 quil\u00f4metros de extens\u00e3o, previs\u00f5es de investimentos estimadas em R$ 6 bilh\u00f5es, e R$ 3 bilh\u00f5es em gastos operacionais. A concess\u00e3o combina as rodovias federais BR-262 e BR-267 com as estaduais MS-040, MS-338 e MS-395.<\/p>\n\n\n\n<p>Houve uma rodada de conversas entre representantes do governo local e de empresas, no qual foram identificados os principais riscos do projeto e a expectativa \u00e9 que haja uma revis\u00e3o na taxa de retorno do projeto para que ele possa ser novamente apresentado em 2025.<\/p>\n\n\n\n<p><strong>Ag\u00eancias reguladoras<\/strong><br>Renan Filho disse \u00e0&nbsp;<strong>Ag\u00eancia iNFRA<\/strong>&nbsp;que o secret\u00e1rio nacional de Tr\u00e2nsito, Adrualdo Cat\u00e3o, permanece \u00e0 frente do cargo e n\u00e3o vai ser indicado \u00e0 diretoria da ANTT (Ag\u00eancia Nacional de Transportes Terrestres), conforme vem sendo ventilado nos \u00faltimos dias.&nbsp;\u201cO Adrualdo n\u00e3o ser\u00e1 conselheiro\u201d, disse Renan. \u201cAdrualdo n\u00e3o sair\u00e1 do Minist\u00e9rio dos Transportes. Faz um grande trabalho na secretaria. E eu n\u00e3o vou abrir m\u00e3o dele l\u00e1.\u201d<\/p>\n\n\n\n<p>Um dia antes, o ministro havia indicado ao presidente Luiz In\u00e1cio Lula da Silva o nome de Guilherme Sampaio, atual diretor da ANTT, \u00e0 dire\u00e7\u00e3o-geral da ag\u00eancia em substitui\u00e7\u00e3o a Rafael Vitale. O nome de Adrualdo vinha sendo cotado para ocupar a vaga do&nbsp;diretor da ag\u00eancia Luciano Louren\u00e7o ou para a de diretor-geral. O ministro n\u00e3o disse quem ir\u00e1 ocupar a vaga de Louren\u00e7o. \u201cVai ter indica\u00e7\u00e3o\u201d, afirmou.<\/p>\n\n\n\n<p><strong>Or\u00e7amento do DNIT<\/strong><br>Em rela\u00e7\u00e3o a um poss\u00edvel \u201cplano B\u201d quanto ao bloqueio or\u00e7ament\u00e1rio no DNIT (Departamento Nacional de Infraestrutura de Transportes) decorrente do&nbsp;<a href=\"https:\/\/www.planalto.gov.br\/ccivil_03\/_ato2023-2026\/2024\/decreto\/D12279.htm\" rel=\"noreferrer noopener\" target=\"_blank\">Decreto 12.279<\/a>, que conforme mostrado em reportagem vem sendo objeto de&nbsp;<a href=\"https:\/\/agenciainfra.com\/blog\/construtoras-dizem-que-bloqueio-orcamentario-deixa-dnit-sem-dinheiro-para-pagar-r-2-bi-de-obras-ja-feitas\/\" rel=\"noreferrer noopener\" target=\"_blank\">preocupa\u00e7\u00e3o de construtoras<\/a>, o ministro disse ter esperan\u00e7a de que haja recursos adicionais ou que as contas sejam honradas logo ap\u00f3s a virada do ano.<\/p>\n\n\n\n<p>\u201c\u00c9 bem pouco, porque virou o ano entra or\u00e7amento novo no DNIT. Ent\u00e3o n\u00f3s n\u00e3o estamos t\u00e3o preocupados, mas temos esperan\u00e7a nos recursos adicionais. Porque quem faz a boa execu\u00e7\u00e3o dos recursos do Or\u00e7amento Geral da Uni\u00e3o sempre, no final do ano, tem algum adicional.<\/p>\n\n\n\n<p>Segundo apurou a Ag\u00eancia iNFRA, h\u00e1 uma expectativa de que at\u00e9 a pr\u00f3xima semana seja poss\u00edvel obter um recurso adicional para pagar pelo menos em parte os mais de R$ 2 bilh\u00f5es em obras j\u00e1 executadas que podem ficar acumulados at\u00e9 dezembro.&nbsp;<\/p>\n\n\n\n<p>\u201cEu estou nessa expectativa que a gente tenha uma surpresa positiva de agora at\u00e9 o final do ano. Se tiver recurso adicional, melhor. Se n\u00e3o tiver, n\u00f3s estamos preparados para, no ano que vem, honrar todos esses compromissos e seguir ampliando os investimentos.\u201d<\/p>\n\n\n\n<p><strong>VLT de Campina Grande&nbsp;<\/strong><br>O ministro falou logo ap\u00f3s assinar o termo aditivo de entrega de trecho ferrovi\u00e1rio para o VLT (Ve\u00edculo Leve sobre Trilhos) de Campina Grande (PB), em cerim\u00f4nia realizada na sede do minist\u00e9rio em evento fechado a lideran\u00e7as pol\u00edticas, como o vice-presidente do Senado, Veneziano Vital do R\u00eago (MDB-PB), o l\u00edder do Uni\u00e3o Brasil, senador Efraim Filho (Uni\u00e3o-PB), o l\u00edder do Podemos, deputado Romero Rodrigues (Pode-PB), e demais representantes do setor.<\/p>\n\n\n\n<p>O projeto prev\u00ea a implanta\u00e7\u00e3o do VLT em aproximadamente 14 quil\u00f4metros de malha ferrovi\u00e1ria pertencente \u00e0 Transnordestina, que estava ociosa.&nbsp;Segundo o Minist\u00e9rio dos Transportes, os estudos para avaliar as condi\u00e7\u00f5es da via e adequa\u00e7\u00e3o ao transporte de passageiros ainda est\u00e3o em andamento.<\/p>\n","protected":false},"excerpt":{"rendered":"<p>Sheyla Santos, da Ag\u00eancia iNFRA O ministro dos Transportes, Renan Filho, afirmou nesta ter\u00e7a-feira (10) que a pasta trabalha com um pipeline de 10 a 15 novas concess\u00f5es para o setor de rodovias em 2025. Renan disse ter realizado o maior ano de leil\u00f5es da hist\u00f3ria da pasta, com 12 certames em dois anos, e [&hellip;]<\/p>\n","protected":false},"author":1,"featured_media":9173,"comment_status":"closed","ping_status":"closed","sticky":false,"template":"","format":"standard","meta":{"_monsterinsights_skip_tracking":false,"_monsterinsights_sitenote_active":false,"_monsterinsights_sitenote_note":"","_monsterinsights_sitenote_category":0,"footnotes":""},"categories":[9714,1,7],"tags":[7417,46,78,176,4168,11960,4829,16,11961,11959,6248,126,11862,8838,11962],"class_list":["post-19511","post","type-post","status-publish","format-standard","has-post-thumbnail","hentry","category-destaque-menor","category-geral","category-infratransporte","tag-adrualdo-catao","tag-agencias-reguladoras","tag-concessoes","tag-concessoes-rodoviarias","tag-guilherme-sampaio","tag-indicacao-as-agencias","tag-leilao-de-rodovias","tag-ministerio-dos-transportes","tag-orcamento-do-dnit","tag-ponte-internacional-de-sao-borja-e-de-santo-tome","tag-renan-filho","tag-rodovias","tag-rota-da-celulose","tag-sheyla-santos","tag-vlt-de-campina-grande"],"yoast_head":"<!-- This site is optimized with the Yoast SEO Premium plugin v25.4 (Yoast SEO v26.0) - https:\/\/yoast.com\/wordpress\/plugins\/seo\/ -->\n<title>Ministro dos Transportes estima de 10 a 15 novas concess\u00f5es rodovi\u00e1rias para 2025 - Ag\u00eancia iNFRA<\/title>\n<meta name=\"robots\" content=\"index, follow, max-snippet:-1, max-image-preview:large, max-video-preview:-1\" \/>\n<link rel=\"canonical\" href=\"https:\/\/agenciainfra.com\/blog\/ministro-dos-transportes-estima-de-10-a-15-novas-concessoes-rodoviarias-para-2025\/\" \/>\n<meta property=\"og:locale\" content=\"pt_BR\" \/>\n<meta property=\"og:type\" content=\"article\" \/>\n<meta property=\"og:title\" content=\"Ministro dos Transportes estima de 10 a 15 novas concess\u00f5es rodovi\u00e1rias para 2025\" \/>\n<meta property=\"og:description\" content=\"Sheyla Santos, da Ag\u00eancia iNFRA O ministro dos Transportes, Renan Filho, afirmou nesta ter\u00e7a-feira (10) que a pasta trabalha com um pipeline de 10 a 15 novas concess\u00f5es para o setor de rodovias em 2025. Renan disse ter realizado o maior ano de leil\u00f5es da hist\u00f3ria da pasta, com 12 certames em dois anos, e [&hellip;]\" \/>\n<meta property=\"og:url\" content=\"https:\/\/agenciainfra.com\/blog\/ministro-dos-transportes-estima-de-10-a-15-novas-concessoes-rodoviarias-para-2025\/\" \/>\n<meta property=\"og:site_name\" content=\"Ag\u00eancia iNFRA\" \/>\n<meta property=\"article:publisher\" content=\"https:\/\/www.facebook.com\/ageninfra\" \/>\n<meta property=\"article:published_time\" content=\"2024-12-11T13:00:00+00:00\" \/>\n<meta property=\"article:modified_time\" content=\"2024-12-13T15:21:44+00:00\" \/>\n<meta property=\"og:image\" content=\"https:\/\/agenciainfra.com\/blog\/wp-content\/uploads\/2021\/12\/concessao-rodovias-arquivo-DNIT.jpeg\" \/>\n\t<meta property=\"og:image:width\" content=\"1280\" \/>\n\t<meta property=\"og:image:height\" content=\"913\" \/>\n\t<meta property=\"og:image:type\" content=\"image\/jpeg\" \/>\n<meta name=\"author\" content=\"Ag\u00eancia iNFRA\" \/>\n<meta name=\"twitter:card\" content=\"summary_large_image\" \/>\n<meta name=\"twitter:creator\" content=\"@agencia_infra\" \/>\n<meta name=\"twitter:site\" content=\"@agencia_infra\" \/>\n<meta name=\"twitter:label1\" content=\"Escrito por\" \/>\n\t<meta name=\"twitter:data1\" content=\"Ag\u00eancia iNFRA\" \/>\n\t<meta name=\"twitter:label2\" content=\"Est. tempo de leitura\" \/>\n\t<meta name=\"twitter:data2\" content=\"5 minutos\" \/>\n<script type=\"application\/ld+json\" class=\"yoast-schema-graph\">{\"@context\":\"https:\/\/schema.org\",\"@graph\":[{\"@type\":\"Article\",\"@id\":\"https:\/\/agenciainfra.com\/blog\/ministro-dos-transportes-estima-de-10-a-15-novas-concessoes-rodoviarias-para-2025\/#article\",\"isPartOf\":{\"@id\":\"https:\/\/agenciainfra.com\/blog\/ministro-dos-transportes-estima-de-10-a-15-novas-concessoes-rodoviarias-para-2025\/\"},\"author\":{\"name\":\"Ag\u00eancia iNFRA\",\"@id\":\"https:\/\/agenciainfra.com\/blog\/#\/schema\/person\/34af08dff6adea4cb22b06612ba7acfa\"},\"headline\":\"Ministro dos Transportes estima de 10 a 15 novas concess\u00f5es rodovi\u00e1rias para 2025\",\"datePublished\":\"2024-12-11T13:00:00+00:00\",\"dateModified\":\"2024-12-13T15:21:44+00:00\",\"mainEntityOfPage\":{\"@id\":\"https:\/\/agenciainfra.com\/blog\/ministro-dos-transportes-estima-de-10-a-15-novas-concessoes-rodoviarias-para-2025\/\"},\"wordCount\":1006,\"publisher\":{\"@id\":\"https:\/\/agenciainfra.com\/blog\/#organization\"},\"image\":{\"@id\":\"https:\/\/agenciainfra.com\/blog\/ministro-dos-transportes-estima-de-10-a-15-novas-concessoes-rodoviarias-para-2025\/#primaryimage\"},\"thumbnailUrl\":\"https:\/\/agenciainfra.com\/blog\/wp-content\/uploads\/2021\/12\/concessao-rodovias-arquivo-DNIT.jpeg\",\"keywords\":[\"Adrualdo Cat\u00e3o\",\"Ag\u00eancias Reguladoras\",\"concess\u00f5es\",\"concess\u00f5es rodovi\u00e1rias\",\"Guilherme Sampaio\",\"Indica\u00e7\u00e3o \u00e0s ag\u00eancias\",\"leil\u00e3o de rodovias\",\"minist\u00e9rio dos transportes\",\"or\u00e7amento do DNIT\",\"Ponte Internacional de S\u00e3o Borja e de Santo Tom\u00e9\",\"Renan Filho\",\"rodovias\",\"Rota da Celulose\",\"Sheyla Santos\",\"VLT de Campina Grande\"],\"articleSection\":[\"Destaque Menor\",\"Geral\",\"iNFRATransporte\"],\"inLanguage\":\"pt-BR\",\"copyrightYear\":\"2024\",\"copyrightHolder\":{\"@id\":\"https:\/\/agenciainfra.com\/blog\/#organization\"}},{\"@type\":\"WebPage\",\"@id\":\"https:\/\/agenciainfra.com\/blog\/ministro-dos-transportes-estima-de-10-a-15-novas-concessoes-rodoviarias-para-2025\/\",\"url\":\"https:\/\/agenciainfra.com\/blog\/ministro-dos-transportes-estima-de-10-a-15-novas-concessoes-rodoviarias-para-2025\/\",\"name\":\"Ministro dos Transportes estima de 10 a 15 novas concess\u00f5es rodovi\u00e1rias para 2025 - Ag\u00eancia iNFRA\",\"isPartOf\":{\"@id\":\"https:\/\/agenciainfra.com\/blog\/#website\"},\"primaryImageOfPage\":{\"@id\":\"https:\/\/agenciainfra.com\/blog\/ministro-dos-transportes-estima-de-10-a-15-novas-concessoes-rodoviarias-para-2025\/#primaryimage\"},\"image\":{\"@id\":\"https:\/\/agenciainfra.com\/blog\/ministro-dos-transportes-estima-de-10-a-15-novas-concessoes-rodoviarias-para-2025\/#primaryimage\"},\"thumbnailUrl\":\"https:\/\/agenciainfra.com\/blog\/wp-content\/uploads\/2021\/12\/concessao-rodovias-arquivo-DNIT.jpeg\",\"datePublished\":\"2024-12-11T13:00:00+00:00\",\"dateModified\":\"2024-12-13T15:21:44+00:00\",\"breadcrumb\":{\"@id\":\"https:\/\/agenciainfra.com\/blog\/ministro-dos-transportes-estima-de-10-a-15-novas-concessoes-rodoviarias-para-2025\/#breadcrumb\"},\"inLanguage\":\"pt-BR\",\"potentialAction\":[{\"@type\":\"ReadAction\",\"target\":[\"https:\/\/agenciainfra.com\/blog\/ministro-dos-transportes-estima-de-10-a-15-novas-concessoes-rodoviarias-para-2025\/\"]}]},{\"@type\":\"ImageObject\",\"inLanguage\":\"pt-BR\",\"@id\":\"https:\/\/agenciainfra.com\/blog\/ministro-dos-transportes-estima-de-10-a-15-novas-concessoes-rodoviarias-para-2025\/#primaryimage\",\"url\":\"https:\/\/agenciainfra.com\/blog\/wp-content\/uploads\/2021\/12\/concessao-rodovias-arquivo-DNIT.jpeg\",\"contentUrl\":\"https:\/\/agenciainfra.com\/blog\/wp-content\/uploads\/2021\/12\/concessao-rodovias-arquivo-DNIT.jpeg\",\"width\":1280,\"height\":913},{\"@type\":\"BreadcrumbList\",\"@id\":\"https:\/\/agenciainfra.com\/blog\/ministro-dos-transportes-estima-de-10-a-15-novas-concessoes-rodoviarias-para-2025\/#breadcrumb\",\"itemListElement\":[{\"@type\":\"ListItem\",\"position\":1,\"name\":\"In\u00edcio\",\"item\":\"https:\/\/agenciainfra.com\/blog\/\"},{\"@type\":\"ListItem\",\"position\":2,\"name\":\"Ministro dos Transportes estima de 10 a 15 novas concess\u00f5es rodovi\u00e1rias para 2025\"}]},{\"@type\":\"WebSite\",\"@id\":\"https:\/\/agenciainfra.com\/blog\/#website\",\"url\":\"https:\/\/agenciainfra.com\/blog\/\",\"name\":\"Ag\u00eancia iNFRA\",\"description\":\"Multiplataforma de informa\u00e7\u00e3o jornal\u00edstica refer\u00eancia na \u00e1rea de infraestrutura no Brasil!\",\"publisher\":{\"@id\":\"https:\/\/agenciainfra.com\/blog\/#organization\"},\"potentialAction\":[{\"@type\":\"SearchAction\",\"target\":{\"@type\":\"EntryPoint\",\"urlTemplate\":\"https:\/\/agenciainfra.com\/blog\/?s={search_term_string}\"},\"query-input\":{\"@type\":\"PropertyValueSpecification\",\"valueRequired\":true,\"valueName\":\"search_term_string\"}}],\"inLanguage\":\"pt-BR\"},{\"@type\":\"Organization\",\"@id\":\"https:\/\/agenciainfra.com\/blog\/#organization\",\"name\":\"Ag\u00eancia iNFRA\",\"url\":\"https:\/\/agenciainfra.com\/blog\/\",\"logo\":{\"@type\":\"ImageObject\",\"inLanguage\":\"pt-BR\",\"@id\":\"https:\/\/agenciainfra.com\/blog\/#\/schema\/logo\/image\/\",\"url\":\"https:\/\/agenciainfra.com\/blog\/wp-content\/uploads\/2023\/09\/iNFRA_5-e1761735885940.png\",\"contentUrl\":\"https:\/\/agenciainfra.com\/blog\/wp-content\/uploads\/2023\/09\/iNFRA_5-e1761735885940.png\",\"width\":1672,\"height\":454,\"caption\":\"Ag\u00eancia iNFRA\"},\"image\":{\"@id\":\"https:\/\/agenciainfra.com\/blog\/#\/schema\/logo\/image\/\"},\"sameAs\":[\"https:\/\/www.facebook.com\/ageninfra\",\"https:\/\/x.com\/agencia_infra\",\"https:\/\/www.linkedin.com\/company\/ag\u00eanciainfra\/\",\"https:\/\/www.instagram.com\/agenciainfra\/\"]},{\"@type\":\"Person\",\"@id\":\"https:\/\/agenciainfra.com\/blog\/#\/schema\/person\/34af08dff6adea4cb22b06612ba7acfa\",\"name\":\"Ag\u00eancia iNFRA\",\"image\":{\"@type\":\"ImageObject\",\"inLanguage\":\"pt-BR\",\"@id\":\"https:\/\/agenciainfra.com\/blog\/#\/schema\/person\/image\/\",\"url\":\"https:\/\/secure.gravatar.com\/avatar\/d189e01678f06d8eb84d4e01f08eb848b3fffe3f8443818d3c356c66892f5be8?s=96&d=mm&r=g\",\"contentUrl\":\"https:\/\/secure.gravatar.com\/avatar\/d189e01678f06d8eb84d4e01f08eb848b3fffe3f8443818d3c356c66892f5be8?s=96&d=mm&r=g\",\"caption\":\"Ag\u00eancia iNFRA\"},\"url\":\"https:\/\/agenciainfra.com\/blog\/author\/admin\/\"}]}<\/script>\n<!-- \/ Yoast SEO Premium plugin. -->","yoast_head_json":{"title":"Ministro dos Transportes estima de 10 a 15 novas concess\u00f5es rodovi\u00e1rias para 2025 - Ag\u00eancia iNFRA","robots":{"index":"index","follow":"follow","max-snippet":"max-snippet:-1","max-image-preview":"max-image-preview:large","max-video-preview":"max-video-preview:-1"},"canonical":"https:\/\/agenciainfra.com\/blog\/ministro-dos-transportes-estima-de-10-a-15-novas-concessoes-rodoviarias-para-2025\/","og_locale":"pt_BR","og_type":"article","og_title":"Ministro dos Transportes estima de 10 a 15 novas concess\u00f5es rodovi\u00e1rias para 2025","og_description":"Sheyla Santos, da Ag\u00eancia iNFRA O ministro dos Transportes, Renan Filho, afirmou nesta ter\u00e7a-feira (10) que a pasta trabalha com um pipeline de 10 a 15 novas concess\u00f5es para o setor de rodovias em 2025. Renan disse ter realizado o maior ano de leil\u00f5es da hist\u00f3ria da pasta, com 12 certames em dois anos, e [&hellip;]","og_url":"https:\/\/agenciainfra.com\/blog\/ministro-dos-transportes-estima-de-10-a-15-novas-concessoes-rodoviarias-para-2025\/","og_site_name":"Ag\u00eancia iNFRA","article_publisher":"https:\/\/www.facebook.com\/ageninfra","article_published_time":"2024-12-11T13:00:00+00:00","article_modified_time":"2024-12-13T15:21:44+00:00","og_image":[{"width":1280,"height":913,"url":"https:\/\/agenciainfra.com\/blog\/wp-content\/uploads\/2021\/12\/concessao-rodovias-arquivo-DNIT.jpeg","type":"image\/jpeg"}],"author":"Ag\u00eancia iNFRA","twitter_card":"summary_large_image","twitter_creator":"@agencia_infra","twitter_site":"@agencia_infra","twitter_misc":{"Escrito por":"Ag\u00eancia iNFRA","Est. tempo de leitura":"5 minutos"},"schema":{"@context":"https:\/\/schema.org","@graph":[{"@type":"Article","@id":"https:\/\/agenciainfra.com\/blog\/ministro-dos-transportes-estima-de-10-a-15-novas-concessoes-rodoviarias-para-2025\/#article","isPartOf":{"@id":"https:\/\/agenciainfra.com\/blog\/ministro-dos-transportes-estima-de-10-a-15-novas-concessoes-rodoviarias-para-2025\/"},"author":{"name":"Ag\u00eancia iNFRA","@id":"https:\/\/agenciainfra.com\/blog\/#\/schema\/person\/34af08dff6adea4cb22b06612ba7acfa"},"headline":"Ministro dos Transportes estima de 10 a 15 novas concess\u00f5es rodovi\u00e1rias para 2025","datePublished":"2024-12-11T13:00:00+00:00","dateModified":"2024-12-13T15:21:44+00:00","mainEntityOfPage":{"@id":"https:\/\/agenciainfra.com\/blog\/ministro-dos-transportes-estima-de-10-a-15-novas-concessoes-rodoviarias-para-2025\/"},"wordCount":1006,"publisher":{"@id":"https:\/\/agenciainfra.com\/blog\/#organization"},"image":{"@id":"https:\/\/agenciainfra.com\/blog\/ministro-dos-transportes-estima-de-10-a-15-novas-concessoes-rodoviarias-para-2025\/#primaryimage"},"thumbnailUrl":"https:\/\/agenciainfra.com\/blog\/wp-content\/uploads\/2021\/12\/concessao-rodovias-arquivo-DNIT.jpeg","keywords":["Adrualdo Cat\u00e3o","Ag\u00eancias Reguladoras","concess\u00f5es","concess\u00f5es rodovi\u00e1rias","Guilherme Sampaio","Indica\u00e7\u00e3o \u00e0s ag\u00eancias","leil\u00e3o de rodovias","minist\u00e9rio dos transportes","or\u00e7amento do DNIT","Ponte Internacional de S\u00e3o Borja e de Santo Tom\u00e9","Renan Filho","rodovias","Rota da Celulose","Sheyla Santos","VLT de Campina Grande"],"articleSection":["Destaque Menor","Geral","iNFRATransporte"],"inLanguage":"pt-BR","copyrightYear":"2024","copyrightHolder":{"@id":"https:\/\/agenciainfra.com\/blog\/#organization"}},{"@type":"WebPage","@id":"https:\/\/agenciainfra.com\/blog\/ministro-dos-transportes-estima-de-10-a-15-novas-concessoes-rodoviarias-para-2025\/","url":"https:\/\/agenciainfra.com\/blog\/ministro-dos-transportes-estima-de-10-a-15-novas-concessoes-rodoviarias-para-2025\/","name":"Ministro dos Transportes estima de 10 a 15 novas concess\u00f5es rodovi\u00e1rias para 2025 - Ag\u00eancia iNFRA","isPartOf":{"@id":"https:\/\/agenciainfra.com\/blog\/#website"},"primaryImageOfPage":{"@id":"https:\/\/agenciainfra.com\/blog\/ministro-dos-transportes-estima-de-10-a-15-novas-concessoes-rodoviarias-para-2025\/#primaryimage"},"image":{"@id":"https:\/\/agenciainfra.com\/blog\/ministro-dos-transportes-estima-de-10-a-15-novas-concessoes-rodoviarias-para-2025\/#primaryimage"},"thumbnailUrl":"https:\/\/agenciainfra.com\/blog\/wp-content\/uploads\/2021\/12\/concessao-rodovias-arquivo-DNIT.jpeg","datePublished":"2024-12-11T13:00:00+00:00","dateModified":"2024-12-13T15:21:44+00:00","breadcrumb":{"@id":"https:\/\/agenciainfra.com\/blog\/ministro-dos-transportes-estima-de-10-a-15-novas-concessoes-rodoviarias-para-2025\/#breadcrumb"},"inLanguage":"pt-BR","potentialAction":[{"@type":"ReadAction","target":["https:\/\/agenciainfra.com\/blog\/ministro-dos-transportes-estima-de-10-a-15-novas-concessoes-rodoviarias-para-2025\/"]}]},{"@type":"ImageObject","inLanguage":"pt-BR","@id":"https:\/\/agenciainfra.com\/blog\/ministro-dos-transportes-estima-de-10-a-15-novas-concessoes-rodoviarias-para-2025\/#primaryimage","url":"https:\/\/agenciainfra.com\/blog\/wp-content\/uploads\/2021\/12\/concessao-rodovias-arquivo-DNIT.jpeg","contentUrl":"https:\/\/agenciainfra.com\/blog\/wp-content\/uploads\/2021\/12\/concessao-rodovias-arquivo-DNIT.jpeg","width":1280,"height":913},{"@type":"BreadcrumbList","@id":"https:\/\/agenciainfra.com\/blog\/ministro-dos-transportes-estima-de-10-a-15-novas-concessoes-rodoviarias-para-2025\/#breadcrumb","itemListElement":[{"@type":"ListItem","position":1,"name":"In\u00edcio","item":"https:\/\/agenciainfra.com\/blog\/"},{"@type":"ListItem","position":2,"name":"Ministro dos Transportes estima de 10 a 15 novas concess\u00f5es rodovi\u00e1rias para 2025"}]},{"@type":"WebSite","@id":"https:\/\/agenciainfra.com\/blog\/#website","url":"https:\/\/agenciainfra.com\/blog\/","name":"Ag\u00eancia iNFRA","description":"Multiplataforma de informa\u00e7\u00e3o jornal\u00edstica refer\u00eancia na \u00e1rea de infraestrutura no Brasil!","publisher":{"@id":"https:\/\/agenciainfra.com\/blog\/#organization"},"potentialAction":[{"@type":"SearchAction","target":{"@type":"EntryPoint","urlTemplate":"https:\/\/agenciainfra.com\/blog\/?s={search_term_string}"},"query-input":{"@type":"PropertyValueSpecification","valueRequired":true,"valueName":"search_term_string"}}],"inLanguage":"pt-BR"},{"@type":"Organization","@id":"https:\/\/agenciainfra.com\/blog\/#organization","name":"Ag\u00eancia iNFRA","url":"https:\/\/agenciainfra.com\/blog\/","logo":{"@type":"ImageObject","inLanguage":"pt-BR","@id":"https:\/\/agenciainfra.com\/blog\/#\/schema\/logo\/image\/","url":"https:\/\/agenciainfra.com\/blog\/wp-content\/uploads\/2023\/09\/iNFRA_5-e1761735885940.png","contentUrl":"https:\/\/agenciainfra.com\/blog\/wp-content\/uploads\/2023\/09\/iNFRA_5-e1761735885940.png","width":1672,"height":454,"caption":"Ag\u00eancia iNFRA"},"image":{"@id":"https:\/\/agenciainfra.com\/blog\/#\/schema\/logo\/image\/"},"sameAs":["https:\/\/www.facebook.com\/ageninfra","https:\/\/x.com\/agencia_infra","https:\/\/www.linkedin.com\/company\/ag\u00eanciainfra\/","https:\/\/www.instagram.com\/agenciainfra\/"]},{"@type":"Person","@id":"https:\/\/agenciainfra.com\/blog\/#\/schema\/person\/34af08dff6adea4cb22b06612ba7acfa","name":"Ag\u00eancia iNFRA","image":{"@type":"ImageObject","inLanguage":"pt-BR","@id":"https:\/\/agenciainfra.com\/blog\/#\/schema\/person\/image\/","url":"https:\/\/secure.gravatar.com\/avatar\/d189e01678f06d8eb84d4e01f08eb848b3fffe3f8443818d3c356c66892f5be8?s=96&d=mm&r=g","contentUrl":"https:\/\/secure.gravatar.com\/avatar\/d189e01678f06d8eb84d4e01f08eb848b3fffe3f8443818d3c356c66892f5be8?s=96&d=mm&r=g","caption":"Ag\u00eancia iNFRA"},"url":"https:\/\/agenciainfra.com\/blog\/author\/admin\/"}]}},"_links":{"self":[{"href":"https:\/\/agenciainfra.com\/blog\/wp-json\/wp\/v2\/posts\/19511","targetHints":{"allow":["GET"]}}],"collection":[{"href":"https:\/\/agenciainfra.com\/blog\/wp-json\/wp\/v2\/posts"}],"about":[{"href":"https:\/\/agenciainfra.com\/blog\/wp-json\/wp\/v2\/types\/post"}],"author":[{"embeddable":true,"href":"https:\/\/agenciainfra.com\/blog\/wp-json\/wp\/v2\/users\/1"}],"replies":[{"embeddable":true,"href":"https:\/\/agenciainfra.com\/blog\/wp-json\/wp\/v2\/comments?post=19511"}],"version-history":[{"count":2,"href":"https:\/\/agenciainfra.com\/blog\/wp-json\/wp\/v2\/posts\/19511\/revisions"}],"predecessor-version":[{"id":19565,"href":"https:\/\/agenciainfra.com\/blog\/wp-json\/wp\/v2\/posts\/19511\/revisions\/19565"}],"wp:featuredmedia":[{"embeddable":true,"href":"https:\/\/agenciainfra.com\/blog\/wp-json\/wp\/v2\/media\/9173"}],"wp:attachment":[{"href":"https:\/\/agenciainfra.com\/blog\/wp-json\/wp\/v2\/media?parent=19511"}],"wp:term":[{"taxonomy":"category","embeddable":true,"href":"https:\/\/agenciainfra.com\/blog\/wp-json\/wp\/v2\/categories?post=19511"},{"taxonomy":"post_tag","embeddable":true,"href":"https:\/\/agenciainfra.com\/blog\/wp-json\/wp\/v2\/tags?post=19511"}],"curies":[{"name":"wp","href":"https:\/\/api.w.org\/{rel}","templated":true}]}}