{"id":19542,"date":"2024-12-12T08:26:33","date_gmt":"2024-12-12T11:26:33","guid":{"rendered":"https:\/\/agenciainfra.com\/blog\/?p=19542"},"modified":"2024-12-12T12:34:17","modified_gmt":"2024-12-12T15:34:17","slug":"eventos-climaticos-extremos-demandarao-investimentos-expressivos-para-aumentar-resiliencia-das-redes-de-energia-eletrica","status":"publish","type":"post","link":"https:\/\/agenciainfra.com\/blog\/eventos-climaticos-extremos-demandarao-investimentos-expressivos-para-aumentar-resiliencia-das-redes-de-energia-eletrica\/","title":{"rendered":"Eventos clim\u00e1ticos extremos demandar\u00e3o investimentos expressivos para aumentar resili\u00eancia das redes de energia el\u00e9trica"},"content":{"rendered":"\n<p class=\"has-text-align-right\"><strong>da Ag\u00eancia iNFRA<\/strong><\/p>\n\n\n\n<p>Os eventos clim\u00e1ticos extremos, cada vez mais recorrentes, demandar\u00e3o investimentos expressivos para preparar e aumentar a resili\u00eancia das redes de energia el\u00e9trica. No entanto, ter\u00e1 que ser feito de forma equilibrada e buscando o menor impacto tarif\u00e1rio poss\u00edvel.<\/p>\n\n\n\n<p>Esse desafio foi levantado por autoridades do setor el\u00e9trico na abertura do encontro \u201cEventos Clim\u00e1ticos Extremos: Experi\u00eancia Internacional e Impactos nas Redes de Energia El\u00e9trica\u201d, promovido pela <strong>Ag\u00eancia iNFRA<\/strong> e o Instituto Abradee na \u00faltima quarta-feira (11), em Bras\u00edlia (DF).<\/p>\n\n\n\n<p>O evento contou com a participa\u00e7\u00e3o de especialistas brasileiros, al\u00e9m de palestrantes internacionais que expuseram diferentes experi\u00eancias e pontos de vista sobre o tratamento de quest\u00f5es regulat\u00f3rias, resili\u00eancia das redes e outros desafios diante de eventos clim\u00e1ticos severos. A \u00edntegra do evento est\u00e1 dispon\u00edvel no canal da <strong>Ag\u00eancia iNFRA<\/strong> no <a href=\"https:\/\/www.youtube.com\/live\/eS_Uyt22H3M\">YouTube<\/a>.<\/p>\n\n\n\n<p><strong>Adapta\u00e7\u00e3o e mitiga\u00e7\u00e3o<\/strong><\/p>\n\n\n\n<p>O diretor-geral da ANEEL (Ag\u00eancia Nacional de Energia El\u00e9trica), Sandoval Feitosa, afirmou que os grandes desafios diante do aumento dos eventos extremos s\u00e3o a adapta\u00e7\u00e3o e mitiga\u00e7\u00e3o, o que passa pela busca de uma resposta mais r\u00e1pida das empresas de energia ap\u00f3s essas ocorr\u00eancias.<\/p>\n\n\n\n<p>Feitosa lembrou que a ag\u00eancia est\u00e1 com consulta p\u00fablica aberta at\u00e9 19 de dezembro sobre aprimoramentos regulat\u00f3rios para melhorar a resili\u00eancia e resposta das redes. \u201cEsse \u00e9 um desafio no qual a ANEEL tem se debru\u00e7ado na busca por um caminho sustent\u00e1vel para os subs\u00eddios tarif\u00e1rios e estabelecimento de tarifas justas que observem a capacidade de pagamento do consumidor brasileiro\u201d<\/p>\n\n\n\n<p>Para a secret\u00e1ria-executiva adjunta substituta do MME (Minist\u00e9rio de Minas e Energia), Isabela Sales Vieira, embora os eventos extremos sejam inevit\u00e1veis, as consequ\u00eancias deles podem ser reduzidas atrav\u00e9s de um trabalho que envolva todos os ciclos do setor el\u00e9trico, desde o planejamento at\u00e9 melhorias tecnol\u00f3gicas, de pessoal e mesmo de comunica\u00e7\u00e3o.<\/p>\n\n\n\n<p><strong>Experi\u00eancia da Fl\u00f3rida<\/strong><\/p>\n\n\n\n<p>O consultor e ex-vice-presidente da Florida Power, empresa distribuidora de energia nos Estados Unidos, Michael Spoor, relatou que investimentos e planejamento nas redes de distribui\u00e7\u00e3o e transmiss\u00e3o levou a um restabelecimento de energia mais r\u00e1pido p\u00f3s-eventos clim\u00e1ticos extremos. A regi\u00e3o \u00e9 constantemente atingida por furac\u00f5es e a empresa precisou tra\u00e7ar uma estrat\u00e9gia para atua\u00e7\u00e3o.<\/p>\n\n\n\n<p>Dentre as estrat\u00e9gias adotadas pela companhia, est\u00e3o investimentos em redes inteligentes, manejo de vegeta\u00e7\u00e3o pr\u00f3xima \u00e0s estruturas, manuten\u00e7\u00e3o e substitui\u00e7\u00e3o de postes, al\u00e9m de cuidados com a funda\u00e7\u00e3o e infraestrutura subterr\u00e2nea. Segundo Spoor, antes dos investimentos realizados, a companhia levava cerca de 18 dias para restaurar a energia para os clientes ap\u00f3s a passagem de furac\u00f5es. Recentemente, ap\u00f3s a ado\u00e7\u00e3o das estrat\u00e9gias, o tempo caiu para cerca de oito dias.<\/p>\n\n\n\n<p>Outro ponto chave destacado pelo palestrante \u00e9 a comunica\u00e7\u00e3o com os consumidores e com as autoridades. \u201cDepois desses eventos, a primeira pergunta do cliente \u00e9: \u2018Quando eu vou ter energia de novo?\u2019\u201d, destacou. \u201cMesmo que nenhum cliente goste de ficar sem energia, o que eles mais querem \u00e9 a informa\u00e7\u00e3o de quando ter\u00e3o energia de volta para poderem se planejar.&#8221;<\/p>\n\n\n\n<p>Segundo o palestrante, nas primeiras 24 horas p\u00f3s-evento, as companhias se esfor\u00e7am em dar uma perspectiva a n\u00edvel nacional sobre o retorno da energia. Ap\u00f3s 48 horas, passam a ser divulgados os detalhes por vizinhan\u00e7as.<\/p>\n\n\n\n<p><strong>Regula\u00e7\u00e3o por incentivos<\/strong><\/p>\n\n\n\n<p>Durante o painel \u201cImpactos, mitiga\u00e7\u00e3o e recomposi\u00e7\u00e3o de redes diante de eventos clim\u00e1ticos extremos\u201d, Grant McEachran, diretor de Assuntos Regulat\u00f3rios da S&amp;C Electric Company, do Reino Unido, disse que h\u00e1 v\u00e1rias formas no mundo de se medir a resili\u00eancia nas redes, mas que as entidades de regula\u00e7\u00e3o de v\u00e1rios pa\u00edses t\u00eam lidado com o tema de forma semelhante.<\/p>\n\n\n\n<p>A regula\u00e7\u00e3o por incentivos pode ser o caminho para ajudar no financiamento da mitiga\u00e7\u00e3o e recomposi\u00e7\u00e3o de redes de energia diante de eventos clim\u00e1ticos extremos. Trata-se de um modelo que vem sendo adotado em v\u00e1rios pa\u00edses do mundo, como forma de incentivar as empresas a investirem na resili\u00eancia das redes e a terem recursos extras para fazer esse enfrentamento.<\/p>\n\n\n\n<p>McEachran citou o exemplo do Reino Unido e da Austr\u00e1lia, onde os \u00f3rg\u00e3os reguladores publicaram orienta\u00e7\u00f5es e medidas em casos de eventos extremos que afetam o setor el\u00e9trico, como a necessidade de planejamento pr\u00e9vio, financiamento dos investimentos em resili\u00eancia e refor\u00e7o na comunica\u00e7\u00e3o antes, durante e depois de cada ocorr\u00eancia.<\/p>\n\n\n\n<p>\u201cEventos grandes n\u00e3o podem ser previstos, ent\u00e3o \u00e9 importante que as empresas tenham um financiamento adicional quando \u00e9 preciso para responder. Tem que existir uma combina\u00e7\u00e3o do financiamento anterior, para o investimento em resili\u00eancia, e um financiamento quando necess\u00e1rio para apoiar os esfor\u00e7os extras das concession\u00e1rias depois dos eventos\u201d, afirmou McEachran.<\/p>\n\n\n\n<p>O painel tamb\u00e9m contou com a participa\u00e7\u00e3o dos palestrantes Michael Spoor, ex-vice-presidente da Florida Power; Nivalde de Castro, coordenador do Gesel (Grupo de Estudos do Setor El\u00e9trico\/UFRJ); Walmir Freitas, da Unicamp (Universidade de Campinas); e o CEO do Grupo Energisa, Ricardo Botelho.<\/p>\n\n\n\n<p><strong>Arboriza\u00e7\u00e3o e previs\u00e3o clim\u00e1tica<\/strong><\/p>\n\n\n\n<p>As concession\u00e1rias de distribui\u00e7\u00e3o de energia el\u00e9trica precisam estar inseridas nos debates sobre cidades arborizadas e aumento da acuracidade das previs\u00f5es clim\u00e1ticas, a fim de conciliar as infraestruturas no ambiente urbano. A conclus\u00e3o \u00e9 dos participantes do painel \u201cDesafios e possibilidades para centros urbanos em eventos clim\u00e1ticos extremos\u201d.<\/p>\n\n\n\n<p>Um dos pontos levantados pela vice-presidente de Regula\u00e7\u00e3o, Institucional e Sustentabilidade da Neoenergia, Solange Ribeiro, \u00e9 a necessidade de indicar a atua\u00e7\u00e3o de cada ente em momentos de crise: \u201cN\u00e3o \u00e9 s\u00f3 o diagn\u00f3stico e o planejamento. A gente tem que ir at\u00e9 a quest\u00e3o da solu\u00e7\u00e3o da crise. Quando a crise se estabelece, como \u00e9 que entram os v\u00e1rios entes?&#8221;.<\/p>\n\n\n\n<p>Rose Hofmann, s\u00f3cia da Deltainfra Consultoria e consultora legislativa na C\u00e2mara dos Deputados, apontou para a necessidade de concilia\u00e7\u00e3o das chamadas \u201cinfraestruturas cinzas&#8221;, de concreto, com as \u201cinfraestruturas verdes&#8221;, as \u00e1rvores. No seu entendimento, o momento atual \u00e9 oportuno para unificar uma pol\u00edtica nacional que trate da arboriza\u00e7\u00e3o e determine fun\u00e7\u00f5es, com obriga\u00e7\u00f5es e responsabilidades.<\/p>\n\n\n\n<p>S\u00e9rgio Brazolin, do Instituto de Pesquisas Tecnol\u00f3gicas, destacou que a fun\u00e7\u00e3o de manejo arb\u00f3reo n\u00e3o cabe \u00e0s concession\u00e1rias, mas que elas podem investir em tecnologias, como automatiza\u00e7\u00e3o de invent\u00e1rios, para indicar \u00e0 gest\u00e3o urbana \u00e1rvores que precisam de aten\u00e7\u00e3o. \u201cOnde a gente pode atuar junto? No manejo preventivo. Eu tenho que fazer um plano integrado de manejo preventivo com a prefeitura&#8221;, afirmou.<\/p>\n\n\n\n<p>Tamb\u00e9m presente no painel, o meteorologista Pedro Regoto de Souza, do Climatempo, destacou a necessidade de se investir mais em produ\u00e7\u00e3o de dados no pa\u00eds a fim de aumentar a acuracidade das previs\u00f5es. Isso permite um maior preparo das distribuidoras para atuarem em eventos extremos.<\/p>\n\n\n\n<p>A <strong>Ag\u00eancia iNFRA<\/strong> vai publicar um boletim especial sobre a cobertura do evento. Caso tenha interesse em receber, inscreva-se em nosso <a href=\"https:\/\/agenciainfra.com\/blog\/assine-nossos-servicos\/\">site<\/a>.<\/p>\n","protected":false},"excerpt":{"rendered":"<p>da Ag\u00eancia iNFRA Os eventos clim\u00e1ticos extremos, cada vez mais recorrentes, demandar\u00e3o investimentos expressivos para preparar e aumentar a resili\u00eancia das redes de energia el\u00e9trica. No entanto, ter\u00e1 que ser feito de forma equilibrada e buscando o menor impacto tarif\u00e1rio poss\u00edvel. Esse desafio foi levantado por autoridades do setor el\u00e9trico na abertura do encontro \u201cEventos [&hellip;]<\/p>\n","protected":false},"author":1,"featured_media":19543,"comment_status":"closed","ping_status":"closed","sticky":false,"template":"","format":"standard","meta":{"_monsterinsights_skip_tracking":false,"_monsterinsights_sitenote_active":false,"_monsterinsights_sitenote_note":"","_monsterinsights_sitenote_category":0,"footnotes":""},"categories":[9714,1,10,2053],"tags":[494,220,53,5270,491,282,9308,11937,11906,11936,11938,11940,1699,2735,4469,11941,11942,11939],"class_list":["post-19542","post","type-post","status-publish","format-standard","has-post-thumbnail","hentry","category-destaque-menor","category-geral","category-infraenergia","category-infraliveventos","tag-abradee","tag-agencia-infra","tag-aneel","tag-desastres-naturais","tag-distribuidoras-de-energia","tag-energia-eletrica","tag-eventos-climaticos-extremos","tag-grant-mceachran","tag-instituto-abradee","tag-michael-spoor","tag-nivalde-de-castro","tag-pedro-regoto-de-souza","tag-ricardo-botelho","tag-ricardo-brandao","tag-rose-hofmann","tag-sergio-brazolin","tag-solange-ribeiro","tag-walmir-freitas"],"yoast_head":"<!-- This site is optimized with the Yoast SEO Premium plugin v25.4 (Yoast SEO v26.0) - https:\/\/yoast.com\/wordpress\/plugins\/seo\/ -->\n<title>Eventos clim\u00e1ticos extremos demandar\u00e3o investimentos expressivos para aumentar resili\u00eancia das redes de energia el\u00e9trica - Ag\u00eancia iNFRA<\/title>\n<meta name=\"robots\" content=\"index, follow, max-snippet:-1, max-image-preview:large, max-video-preview:-1\" \/>\n<link rel=\"canonical\" href=\"https:\/\/agenciainfra.com\/blog\/eventos-climaticos-extremos-demandarao-investimentos-expressivos-para-aumentar-resiliencia-das-redes-de-energia-eletrica\/\" \/>\n<meta property=\"og:locale\" content=\"pt_BR\" \/>\n<meta property=\"og:type\" content=\"article\" \/>\n<meta property=\"og:title\" content=\"Eventos clim\u00e1ticos extremos demandar\u00e3o investimentos expressivos para aumentar resili\u00eancia das redes de energia el\u00e9trica\" \/>\n<meta property=\"og:description\" content=\"da Ag\u00eancia iNFRA Os eventos clim\u00e1ticos extremos, cada vez mais recorrentes, demandar\u00e3o investimentos expressivos para preparar e aumentar a resili\u00eancia das redes de energia el\u00e9trica. No entanto, ter\u00e1 que ser feito de forma equilibrada e buscando o menor impacto tarif\u00e1rio poss\u00edvel. Esse desafio foi levantado por autoridades do setor el\u00e9trico na abertura do encontro \u201cEventos [&hellip;]\" \/>\n<meta property=\"og:url\" content=\"https:\/\/agenciainfra.com\/blog\/eventos-climaticos-extremos-demandarao-investimentos-expressivos-para-aumentar-resiliencia-das-redes-de-energia-eletrica\/\" \/>\n<meta property=\"og:site_name\" content=\"Ag\u00eancia iNFRA\" \/>\n<meta property=\"article:publisher\" content=\"https:\/\/www.facebook.com\/ageninfra\" \/>\n<meta property=\"article:published_time\" content=\"2024-12-12T11:26:33+00:00\" \/>\n<meta property=\"article:modified_time\" content=\"2024-12-12T15:34:17+00:00\" \/>\n<meta property=\"og:image\" content=\"https:\/\/agenciainfra.com\/blog\/wp-content\/uploads\/2024\/12\/eventos-climaticos-foto-pedroladeira-agenciainfra-e1734002774593.jpg\" \/>\n\t<meta property=\"og:image:width\" content=\"1280\" \/>\n\t<meta property=\"og:image:height\" content=\"853\" \/>\n\t<meta property=\"og:image:type\" content=\"image\/jpeg\" \/>\n<meta name=\"author\" content=\"Ag\u00eancia iNFRA\" \/>\n<meta name=\"twitter:card\" content=\"summary_large_image\" \/>\n<meta name=\"twitter:creator\" content=\"@agencia_infra\" \/>\n<meta name=\"twitter:site\" content=\"@agencia_infra\" \/>\n<meta name=\"twitter:label1\" content=\"Escrito por\" \/>\n\t<meta name=\"twitter:data1\" content=\"Ag\u00eancia iNFRA\" \/>\n\t<meta name=\"twitter:label2\" content=\"Est. tempo de leitura\" \/>\n\t<meta name=\"twitter:data2\" content=\"6 minutos\" \/>\n<script type=\"application\/ld+json\" class=\"yoast-schema-graph\">{\"@context\":\"https:\/\/schema.org\",\"@graph\":[{\"@type\":\"Article\",\"@id\":\"https:\/\/agenciainfra.com\/blog\/eventos-climaticos-extremos-demandarao-investimentos-expressivos-para-aumentar-resiliencia-das-redes-de-energia-eletrica\/#article\",\"isPartOf\":{\"@id\":\"https:\/\/agenciainfra.com\/blog\/eventos-climaticos-extremos-demandarao-investimentos-expressivos-para-aumentar-resiliencia-das-redes-de-energia-eletrica\/\"},\"author\":{\"name\":\"Ag\u00eancia iNFRA\",\"@id\":\"https:\/\/agenciainfra.com\/blog\/#\/schema\/person\/34af08dff6adea4cb22b06612ba7acfa\"},\"headline\":\"Eventos clim\u00e1ticos extremos demandar\u00e3o investimentos expressivos para aumentar resili\u00eancia das redes de energia el\u00e9trica\",\"datePublished\":\"2024-12-12T11:26:33+00:00\",\"dateModified\":\"2024-12-12T15:34:17+00:00\",\"mainEntityOfPage\":{\"@id\":\"https:\/\/agenciainfra.com\/blog\/eventos-climaticos-extremos-demandarao-investimentos-expressivos-para-aumentar-resiliencia-das-redes-de-energia-eletrica\/\"},\"wordCount\":1233,\"publisher\":{\"@id\":\"https:\/\/agenciainfra.com\/blog\/#organization\"},\"image\":{\"@id\":\"https:\/\/agenciainfra.com\/blog\/eventos-climaticos-extremos-demandarao-investimentos-expressivos-para-aumentar-resiliencia-das-redes-de-energia-eletrica\/#primaryimage\"},\"thumbnailUrl\":\"https:\/\/agenciainfra.com\/blog\/wp-content\/uploads\/2024\/12\/eventos-climaticos-foto-pedroladeira-agenciainfra-e1734002774593.jpg\",\"keywords\":[\"Abradee\",\"Ag\u00eancia iNFRA\",\"ANEEL\",\"desastres naturais\",\"distribuidoras de energia\",\"energia el\u00e9trica\",\"Eventos clim\u00e1ticos extremos\",\"Grant McEachran\",\"Instituto Abradee\",\"Michael Spoor\",\"Nivalde de Castro\",\"Pedro Regoto de Souza\",\"Ricardo Botelho\",\"Ricardo Brand\u00e3o\",\"Rose Hofmann\",\"S\u00e9rgio Brazolin\",\"Solange Ribeiro\",\"Walmir Freitas\"],\"articleSection\":[\"Destaque Menor\",\"Geral\",\"iNFRAEnergia\",\"iNFRALive e Eventos\"],\"inLanguage\":\"pt-BR\",\"copyrightYear\":\"2024\",\"copyrightHolder\":{\"@id\":\"https:\/\/agenciainfra.com\/blog\/#organization\"}},{\"@type\":\"WebPage\",\"@id\":\"https:\/\/agenciainfra.com\/blog\/eventos-climaticos-extremos-demandarao-investimentos-expressivos-para-aumentar-resiliencia-das-redes-de-energia-eletrica\/\",\"url\":\"https:\/\/agenciainfra.com\/blog\/eventos-climaticos-extremos-demandarao-investimentos-expressivos-para-aumentar-resiliencia-das-redes-de-energia-eletrica\/\",\"name\":\"Eventos clim\u00e1ticos extremos demandar\u00e3o investimentos expressivos para aumentar resili\u00eancia das redes de energia el\u00e9trica - Ag\u00eancia iNFRA\",\"isPartOf\":{\"@id\":\"https:\/\/agenciainfra.com\/blog\/#website\"},\"primaryImageOfPage\":{\"@id\":\"https:\/\/agenciainfra.com\/blog\/eventos-climaticos-extremos-demandarao-investimentos-expressivos-para-aumentar-resiliencia-das-redes-de-energia-eletrica\/#primaryimage\"},\"image\":{\"@id\":\"https:\/\/agenciainfra.com\/blog\/eventos-climaticos-extremos-demandarao-investimentos-expressivos-para-aumentar-resiliencia-das-redes-de-energia-eletrica\/#primaryimage\"},\"thumbnailUrl\":\"https:\/\/agenciainfra.com\/blog\/wp-content\/uploads\/2024\/12\/eventos-climaticos-foto-pedroladeira-agenciainfra-e1734002774593.jpg\",\"datePublished\":\"2024-12-12T11:26:33+00:00\",\"dateModified\":\"2024-12-12T15:34:17+00:00\",\"breadcrumb\":{\"@id\":\"https:\/\/agenciainfra.com\/blog\/eventos-climaticos-extremos-demandarao-investimentos-expressivos-para-aumentar-resiliencia-das-redes-de-energia-eletrica\/#breadcrumb\"},\"inLanguage\":\"pt-BR\",\"potentialAction\":[{\"@type\":\"ReadAction\",\"target\":[\"https:\/\/agenciainfra.com\/blog\/eventos-climaticos-extremos-demandarao-investimentos-expressivos-para-aumentar-resiliencia-das-redes-de-energia-eletrica\/\"]}]},{\"@type\":\"ImageObject\",\"inLanguage\":\"pt-BR\",\"@id\":\"https:\/\/agenciainfra.com\/blog\/eventos-climaticos-extremos-demandarao-investimentos-expressivos-para-aumentar-resiliencia-das-redes-de-energia-eletrica\/#primaryimage\",\"url\":\"https:\/\/agenciainfra.com\/blog\/wp-content\/uploads\/2024\/12\/eventos-climaticos-foto-pedroladeira-agenciainfra-e1734002774593.jpg\",\"contentUrl\":\"https:\/\/agenciainfra.com\/blog\/wp-content\/uploads\/2024\/12\/eventos-climaticos-foto-pedroladeira-agenciainfra-e1734002774593.jpg\",\"width\":1280,\"height\":853},{\"@type\":\"BreadcrumbList\",\"@id\":\"https:\/\/agenciainfra.com\/blog\/eventos-climaticos-extremos-demandarao-investimentos-expressivos-para-aumentar-resiliencia-das-redes-de-energia-eletrica\/#breadcrumb\",\"itemListElement\":[{\"@type\":\"ListItem\",\"position\":1,\"name\":\"In\u00edcio\",\"item\":\"https:\/\/agenciainfra.com\/blog\/\"},{\"@type\":\"ListItem\",\"position\":2,\"name\":\"Eventos clim\u00e1ticos extremos demandar\u00e3o investimentos expressivos para aumentar resili\u00eancia das redes de energia el\u00e9trica\"}]},{\"@type\":\"WebSite\",\"@id\":\"https:\/\/agenciainfra.com\/blog\/#website\",\"url\":\"https:\/\/agenciainfra.com\/blog\/\",\"name\":\"Ag\u00eancia iNFRA\",\"description\":\"Multiplataforma de informa\u00e7\u00e3o jornal\u00edstica refer\u00eancia na \u00e1rea de infraestrutura no Brasil!\",\"publisher\":{\"@id\":\"https:\/\/agenciainfra.com\/blog\/#organization\"},\"potentialAction\":[{\"@type\":\"SearchAction\",\"target\":{\"@type\":\"EntryPoint\",\"urlTemplate\":\"https:\/\/agenciainfra.com\/blog\/?s={search_term_string}\"},\"query-input\":{\"@type\":\"PropertyValueSpecification\",\"valueRequired\":true,\"valueName\":\"search_term_string\"}}],\"inLanguage\":\"pt-BR\"},{\"@type\":\"Organization\",\"@id\":\"https:\/\/agenciainfra.com\/blog\/#organization\",\"name\":\"Ag\u00eancia iNFRA\",\"url\":\"https:\/\/agenciainfra.com\/blog\/\",\"logo\":{\"@type\":\"ImageObject\",\"inLanguage\":\"pt-BR\",\"@id\":\"https:\/\/agenciainfra.com\/blog\/#\/schema\/logo\/image\/\",\"url\":\"https:\/\/agenciainfra.com\/blog\/wp-content\/uploads\/2023\/09\/iNFRA_5-e1761735885940.png\",\"contentUrl\":\"https:\/\/agenciainfra.com\/blog\/wp-content\/uploads\/2023\/09\/iNFRA_5-e1761735885940.png\",\"width\":1672,\"height\":454,\"caption\":\"Ag\u00eancia iNFRA\"},\"image\":{\"@id\":\"https:\/\/agenciainfra.com\/blog\/#\/schema\/logo\/image\/\"},\"sameAs\":[\"https:\/\/www.facebook.com\/ageninfra\",\"https:\/\/x.com\/agencia_infra\",\"https:\/\/www.linkedin.com\/company\/ag\u00eanciainfra\/\",\"https:\/\/www.instagram.com\/agenciainfra\/\"]},{\"@type\":\"Person\",\"@id\":\"https:\/\/agenciainfra.com\/blog\/#\/schema\/person\/34af08dff6adea4cb22b06612ba7acfa\",\"name\":\"Ag\u00eancia iNFRA\",\"image\":{\"@type\":\"ImageObject\",\"inLanguage\":\"pt-BR\",\"@id\":\"https:\/\/agenciainfra.com\/blog\/#\/schema\/person\/image\/\",\"url\":\"https:\/\/secure.gravatar.com\/avatar\/d189e01678f06d8eb84d4e01f08eb848b3fffe3f8443818d3c356c66892f5be8?s=96&d=mm&r=g\",\"contentUrl\":\"https:\/\/secure.gravatar.com\/avatar\/d189e01678f06d8eb84d4e01f08eb848b3fffe3f8443818d3c356c66892f5be8?s=96&d=mm&r=g\",\"caption\":\"Ag\u00eancia iNFRA\"},\"url\":\"https:\/\/agenciainfra.com\/blog\/author\/admin\/\"}]}<\/script>\n<!-- \/ Yoast SEO Premium plugin. -->","yoast_head_json":{"title":"Eventos clim\u00e1ticos extremos demandar\u00e3o investimentos expressivos para aumentar resili\u00eancia das redes de energia el\u00e9trica - Ag\u00eancia iNFRA","robots":{"index":"index","follow":"follow","max-snippet":"max-snippet:-1","max-image-preview":"max-image-preview:large","max-video-preview":"max-video-preview:-1"},"canonical":"https:\/\/agenciainfra.com\/blog\/eventos-climaticos-extremos-demandarao-investimentos-expressivos-para-aumentar-resiliencia-das-redes-de-energia-eletrica\/","og_locale":"pt_BR","og_type":"article","og_title":"Eventos clim\u00e1ticos extremos demandar\u00e3o investimentos expressivos para aumentar resili\u00eancia das redes de energia el\u00e9trica","og_description":"da Ag\u00eancia iNFRA Os eventos clim\u00e1ticos extremos, cada vez mais recorrentes, demandar\u00e3o investimentos expressivos para preparar e aumentar a resili\u00eancia das redes de energia el\u00e9trica. No entanto, ter\u00e1 que ser feito de forma equilibrada e buscando o menor impacto tarif\u00e1rio poss\u00edvel. Esse desafio foi levantado por autoridades do setor el\u00e9trico na abertura do encontro \u201cEventos [&hellip;]","og_url":"https:\/\/agenciainfra.com\/blog\/eventos-climaticos-extremos-demandarao-investimentos-expressivos-para-aumentar-resiliencia-das-redes-de-energia-eletrica\/","og_site_name":"Ag\u00eancia iNFRA","article_publisher":"https:\/\/www.facebook.com\/ageninfra","article_published_time":"2024-12-12T11:26:33+00:00","article_modified_time":"2024-12-12T15:34:17+00:00","og_image":[{"width":1280,"height":853,"url":"https:\/\/agenciainfra.com\/blog\/wp-content\/uploads\/2024\/12\/eventos-climaticos-foto-pedroladeira-agenciainfra-e1734002774593.jpg","type":"image\/jpeg"}],"author":"Ag\u00eancia iNFRA","twitter_card":"summary_large_image","twitter_creator":"@agencia_infra","twitter_site":"@agencia_infra","twitter_misc":{"Escrito por":"Ag\u00eancia iNFRA","Est. tempo de leitura":"6 minutos"},"schema":{"@context":"https:\/\/schema.org","@graph":[{"@type":"Article","@id":"https:\/\/agenciainfra.com\/blog\/eventos-climaticos-extremos-demandarao-investimentos-expressivos-para-aumentar-resiliencia-das-redes-de-energia-eletrica\/#article","isPartOf":{"@id":"https:\/\/agenciainfra.com\/blog\/eventos-climaticos-extremos-demandarao-investimentos-expressivos-para-aumentar-resiliencia-das-redes-de-energia-eletrica\/"},"author":{"name":"Ag\u00eancia iNFRA","@id":"https:\/\/agenciainfra.com\/blog\/#\/schema\/person\/34af08dff6adea4cb22b06612ba7acfa"},"headline":"Eventos clim\u00e1ticos extremos demandar\u00e3o investimentos expressivos para aumentar resili\u00eancia das redes de energia el\u00e9trica","datePublished":"2024-12-12T11:26:33+00:00","dateModified":"2024-12-12T15:34:17+00:00","mainEntityOfPage":{"@id":"https:\/\/agenciainfra.com\/blog\/eventos-climaticos-extremos-demandarao-investimentos-expressivos-para-aumentar-resiliencia-das-redes-de-energia-eletrica\/"},"wordCount":1233,"publisher":{"@id":"https:\/\/agenciainfra.com\/blog\/#organization"},"image":{"@id":"https:\/\/agenciainfra.com\/blog\/eventos-climaticos-extremos-demandarao-investimentos-expressivos-para-aumentar-resiliencia-das-redes-de-energia-eletrica\/#primaryimage"},"thumbnailUrl":"https:\/\/agenciainfra.com\/blog\/wp-content\/uploads\/2024\/12\/eventos-climaticos-foto-pedroladeira-agenciainfra-e1734002774593.jpg","keywords":["Abradee","Ag\u00eancia iNFRA","ANEEL","desastres naturais","distribuidoras de energia","energia el\u00e9trica","Eventos clim\u00e1ticos extremos","Grant McEachran","Instituto Abradee","Michael Spoor","Nivalde de Castro","Pedro Regoto de Souza","Ricardo Botelho","Ricardo Brand\u00e3o","Rose Hofmann","S\u00e9rgio Brazolin","Solange Ribeiro","Walmir Freitas"],"articleSection":["Destaque Menor","Geral","iNFRAEnergia","iNFRALive e Eventos"],"inLanguage":"pt-BR","copyrightYear":"2024","copyrightHolder":{"@id":"https:\/\/agenciainfra.com\/blog\/#organization"}},{"@type":"WebPage","@id":"https:\/\/agenciainfra.com\/blog\/eventos-climaticos-extremos-demandarao-investimentos-expressivos-para-aumentar-resiliencia-das-redes-de-energia-eletrica\/","url":"https:\/\/agenciainfra.com\/blog\/eventos-climaticos-extremos-demandarao-investimentos-expressivos-para-aumentar-resiliencia-das-redes-de-energia-eletrica\/","name":"Eventos clim\u00e1ticos extremos demandar\u00e3o investimentos expressivos para aumentar resili\u00eancia das redes de energia el\u00e9trica - Ag\u00eancia iNFRA","isPartOf":{"@id":"https:\/\/agenciainfra.com\/blog\/#website"},"primaryImageOfPage":{"@id":"https:\/\/agenciainfra.com\/blog\/eventos-climaticos-extremos-demandarao-investimentos-expressivos-para-aumentar-resiliencia-das-redes-de-energia-eletrica\/#primaryimage"},"image":{"@id":"https:\/\/agenciainfra.com\/blog\/eventos-climaticos-extremos-demandarao-investimentos-expressivos-para-aumentar-resiliencia-das-redes-de-energia-eletrica\/#primaryimage"},"thumbnailUrl":"https:\/\/agenciainfra.com\/blog\/wp-content\/uploads\/2024\/12\/eventos-climaticos-foto-pedroladeira-agenciainfra-e1734002774593.jpg","datePublished":"2024-12-12T11:26:33+00:00","dateModified":"2024-12-12T15:34:17+00:00","breadcrumb":{"@id":"https:\/\/agenciainfra.com\/blog\/eventos-climaticos-extremos-demandarao-investimentos-expressivos-para-aumentar-resiliencia-das-redes-de-energia-eletrica\/#breadcrumb"},"inLanguage":"pt-BR","potentialAction":[{"@type":"ReadAction","target":["https:\/\/agenciainfra.com\/blog\/eventos-climaticos-extremos-demandarao-investimentos-expressivos-para-aumentar-resiliencia-das-redes-de-energia-eletrica\/"]}]},{"@type":"ImageObject","inLanguage":"pt-BR","@id":"https:\/\/agenciainfra.com\/blog\/eventos-climaticos-extremos-demandarao-investimentos-expressivos-para-aumentar-resiliencia-das-redes-de-energia-eletrica\/#primaryimage","url":"https:\/\/agenciainfra.com\/blog\/wp-content\/uploads\/2024\/12\/eventos-climaticos-foto-pedroladeira-agenciainfra-e1734002774593.jpg","contentUrl":"https:\/\/agenciainfra.com\/blog\/wp-content\/uploads\/2024\/12\/eventos-climaticos-foto-pedroladeira-agenciainfra-e1734002774593.jpg","width":1280,"height":853},{"@type":"BreadcrumbList","@id":"https:\/\/agenciainfra.com\/blog\/eventos-climaticos-extremos-demandarao-investimentos-expressivos-para-aumentar-resiliencia-das-redes-de-energia-eletrica\/#breadcrumb","itemListElement":[{"@type":"ListItem","position":1,"name":"In\u00edcio","item":"https:\/\/agenciainfra.com\/blog\/"},{"@type":"ListItem","position":2,"name":"Eventos clim\u00e1ticos extremos demandar\u00e3o investimentos expressivos para aumentar resili\u00eancia das redes de energia el\u00e9trica"}]},{"@type":"WebSite","@id":"https:\/\/agenciainfra.com\/blog\/#website","url":"https:\/\/agenciainfra.com\/blog\/","name":"Ag\u00eancia iNFRA","description":"Multiplataforma de informa\u00e7\u00e3o jornal\u00edstica refer\u00eancia na \u00e1rea de infraestrutura no Brasil!","publisher":{"@id":"https:\/\/agenciainfra.com\/blog\/#organization"},"potentialAction":[{"@type":"SearchAction","target":{"@type":"EntryPoint","urlTemplate":"https:\/\/agenciainfra.com\/blog\/?s={search_term_string}"},"query-input":{"@type":"PropertyValueSpecification","valueRequired":true,"valueName":"search_term_string"}}],"inLanguage":"pt-BR"},{"@type":"Organization","@id":"https:\/\/agenciainfra.com\/blog\/#organization","name":"Ag\u00eancia iNFRA","url":"https:\/\/agenciainfra.com\/blog\/","logo":{"@type":"ImageObject","inLanguage":"pt-BR","@id":"https:\/\/agenciainfra.com\/blog\/#\/schema\/logo\/image\/","url":"https:\/\/agenciainfra.com\/blog\/wp-content\/uploads\/2023\/09\/iNFRA_5-e1761735885940.png","contentUrl":"https:\/\/agenciainfra.com\/blog\/wp-content\/uploads\/2023\/09\/iNFRA_5-e1761735885940.png","width":1672,"height":454,"caption":"Ag\u00eancia iNFRA"},"image":{"@id":"https:\/\/agenciainfra.com\/blog\/#\/schema\/logo\/image\/"},"sameAs":["https:\/\/www.facebook.com\/ageninfra","https:\/\/x.com\/agencia_infra","https:\/\/www.linkedin.com\/company\/ag\u00eanciainfra\/","https:\/\/www.instagram.com\/agenciainfra\/"]},{"@type":"Person","@id":"https:\/\/agenciainfra.com\/blog\/#\/schema\/person\/34af08dff6adea4cb22b06612ba7acfa","name":"Ag\u00eancia iNFRA","image":{"@type":"ImageObject","inLanguage":"pt-BR","@id":"https:\/\/agenciainfra.com\/blog\/#\/schema\/person\/image\/","url":"https:\/\/secure.gravatar.com\/avatar\/d189e01678f06d8eb84d4e01f08eb848b3fffe3f8443818d3c356c66892f5be8?s=96&d=mm&r=g","contentUrl":"https:\/\/secure.gravatar.com\/avatar\/d189e01678f06d8eb84d4e01f08eb848b3fffe3f8443818d3c356c66892f5be8?s=96&d=mm&r=g","caption":"Ag\u00eancia iNFRA"},"url":"https:\/\/agenciainfra.com\/blog\/author\/admin\/"}]}},"_links":{"self":[{"href":"https:\/\/agenciainfra.com\/blog\/wp-json\/wp\/v2\/posts\/19542","targetHints":{"allow":["GET"]}}],"collection":[{"href":"https:\/\/agenciainfra.com\/blog\/wp-json\/wp\/v2\/posts"}],"about":[{"href":"https:\/\/agenciainfra.com\/blog\/wp-json\/wp\/v2\/types\/post"}],"author":[{"embeddable":true,"href":"https:\/\/agenciainfra.com\/blog\/wp-json\/wp\/v2\/users\/1"}],"replies":[{"embeddable":true,"href":"https:\/\/agenciainfra.com\/blog\/wp-json\/wp\/v2\/comments?post=19542"}],"version-history":[{"count":1,"href":"https:\/\/agenciainfra.com\/blog\/wp-json\/wp\/v2\/posts\/19542\/revisions"}],"predecessor-version":[{"id":19544,"href":"https:\/\/agenciainfra.com\/blog\/wp-json\/wp\/v2\/posts\/19542\/revisions\/19544"}],"wp:featuredmedia":[{"embeddable":true,"href":"https:\/\/agenciainfra.com\/blog\/wp-json\/wp\/v2\/media\/19543"}],"wp:attachment":[{"href":"https:\/\/agenciainfra.com\/blog\/wp-json\/wp\/v2\/media?parent=19542"}],"wp:term":[{"taxonomy":"category","embeddable":true,"href":"https:\/\/agenciainfra.com\/blog\/wp-json\/wp\/v2\/categories?post=19542"},{"taxonomy":"post_tag","embeddable":true,"href":"https:\/\/agenciainfra.com\/blog\/wp-json\/wp\/v2\/tags?post=19542"}],"curies":[{"name":"wp","href":"https:\/\/api.w.org\/{rel}","templated":true}]}}