{"id":1955,"date":"2018-06-21T00:09:26","date_gmt":"2018-06-21T03:09:26","guid":{"rendered":"http:\/\/www.agenciainfra.com\/blog\/?p=1955"},"modified":"2018-06-21T00:10:06","modified_gmt":"2018-06-21T03:10:06","slug":"ontl-vai-reunir-informacoes-de-mais-de-50-orgaos-para-planejar-infraestrutura-do-pais","status":"publish","type":"post","link":"https:\/\/agenciainfra.com\/blog\/ontl-vai-reunir-informacoes-de-mais-de-50-orgaos-para-planejar-infraestrutura-do-pais\/","title":{"rendered":"ONTL vai reunir informa\u00e7\u00f5es de mais de 50 \u00f3rg\u00e3os para planejar infraestrutura do pa\u00eds"},"content":{"rendered":"<p style=\"text-align: right;\"><strong>Cl\u00e1udia Borges, da Ag\u00eancia iNFRA<\/strong><\/p>\n<div>\n<div style=\"text-align: left;\">\n<p>A EPL (Empresa de Planejamento e Log\u00edstica) lan\u00e7ou, na ter\u00e7a-feira (12), o portal do ONTL (Observat\u00f3rio Nacional de Transporte e Log\u00edstica), dispon\u00edvel\u00a0<a href=\"https:\/\/agenciainfra.us14.list-manage.com\/track\/click?u=d460dd1bcf9ba0ae040e1fc0f&amp;id=59d2d96db5&amp;e=0c440aab2b\" target=\"_blank\" rel=\"noopener\" data-saferedirecturl=\"https:\/\/www.google.com\/url?hl=pt-BR&amp;q=https:\/\/agenciainfra.us14.list-manage.com\/track\/click?u%3Dd460dd1bcf9ba0ae040e1fc0f%26id%3D59d2d96db5%26e%3D0c440aab2b&amp;source=gmail&amp;ust=1529636007798000&amp;usg=AFQjCNEVhdSztSgS8uDhxMrklOlVxZlUqw\">neste link<\/a>. O site funcionar\u00e1 como\u00a0um grande \u201cbanco de dados\u201d, composto por informa\u00e7\u00f5es confi\u00e1veis, atualizadas, reunidas de forma sistem\u00e1tica e regular, que representem as s\u00e9ries hist\u00f3ricas que contam a narrativa da log\u00edstica no Brasil.<\/p>\n<p>O objetivo do laborat\u00f3rio \u00e9 subsidiar com dados e ferramentas tecnol\u00f3gicas o processo de planejamento desenvolvido pela EPL e auxili\u00e1-la em suas tomadas de decis\u00e3o.<\/p>\n<p>O ONTL tamb\u00e9m pretende difundir uma vis\u00e3o da log\u00edstica integrada que possa subsidiar governo e sociedade. \u201cNossa vis\u00e3o de futuro \u00e9 ser refer\u00eancia de informa\u00e7\u00f5es de transporte e log\u00edstica\u201d, destacou a coordenadora do observat\u00f3rio, Lilian Campos Soares.<\/p>\n<p><strong>Informa\u00e7\u00f5es<\/strong><br \/>\nOs dados ser\u00e3o obtidos de levantamentos, pesquisas e estudos elaborados por 50 parceiros, sendo alguns estrat\u00e9gicos, explicou Lilian. Em um n\u00edvel mais elevado est\u00e1 o (MTPA) Minist\u00e9rio dos Transportes, Portos e Avia\u00e7\u00e3o Civil, \u00f3rg\u00e3o que concentra mais informa\u00e7\u00f5es.<\/p>\n<p>Na sequ\u00eancia, v\u00eam as ag\u00eancias reguladoras dos transportes: ANTT (Ag\u00eancia Nacional dos Transportes Terrestres), ANAC (Ag\u00eancia Nacional de Avia\u00e7\u00e3o Civil) e ANTAQ (Ag\u00eancia Nacional de Transportes Aquavi\u00e1rios). O grupo estrat\u00e9gico \u00e9 composto ainda pela Infraero e Conab (Companhia Nacional de Abastecimento).<\/p>\n<p>Os n\u00edveis dos parceiros foram definidos de acordo com a amplitude e a relev\u00e2ncia que os dados fornecidos representam para o observat\u00f3rio. \u201cH\u00e1 informa\u00e7\u00f5es que s\u00e3o utilizadas em v\u00e1rios estudos e pain\u00e9is. S\u00e3o dados que tem uma amplitude maior de usabilidade. Ent\u00e3o a gente considera o parceiro que forneceu a informa\u00e7\u00e3o de n\u00edvel superior, pois temos que estabelecer um uso do dado mais ami\u00fade\u201d, explicou Lilian.<\/p>\n<p>Qualquer pessoa ou empresa, seja ela p\u00fablica ou privada, pode acessar as informa\u00e7\u00f5es dispon\u00edveis no portal. Lilian contou que, no futuro, possivelmente o observat\u00f3rio possa comercializar algum estudo ou servi\u00e7o, mas ainda n\u00e3o h\u00e1 uma formata\u00e7\u00e3o para isso.<\/p>\n<p><strong>Origem<\/strong><br \/>\nO projeto de desenvolver\u00a0o observat\u00f3rio no Brasil nasceu com a cria\u00e7\u00e3o EPL, em 2012. Mas a ideia estava sendo maturada e s\u00f3 em 2015 o ONTL come\u00e7ou\u00a0a atuar. E, em 2017, passou a contar com o apoio da estatal espanhola Ineco (Ingenier\u00eda y Economia del Transporte), para aprimorar seus produtos. A consultoria de transportes realiza um trabalho semelhante na Espanha e auxiliar\u00e1 a EPL a desenvolver estrat\u00e9gias e ferramentas para capturar e disponibilizar os dados e as informa\u00e7\u00f5es atualizadas.<\/p>\n<\/div>\n<\/div>\n","protected":false},"excerpt":{"rendered":"<p>Cl\u00e1udia Borges, da Ag\u00eancia iNFRA A EPL (Empresa de Planejamento e Log\u00edstica) lan\u00e7ou, na ter\u00e7a-feira (12), o portal do ONTL (Observat\u00f3rio Nacional de Transporte e Log\u00edstica), dispon\u00edvel\u00a0neste link. O site funcionar\u00e1 como\u00a0um grande \u201cbanco de dados\u201d, composto por informa\u00e7\u00f5es confi\u00e1veis, atualizadas, reunidas de forma sistem\u00e1tica e regular, que representem as s\u00e9ries hist\u00f3ricas que contam a [&hellip;]<\/p>\n","protected":false},"author":1,"featured_media":1956,"comment_status":"closed","ping_status":"open","sticky":false,"template":"","format":"standard","meta":{"_monsterinsights_skip_tracking":false,"_monsterinsights_sitenote_active":false,"_monsterinsights_sitenote_note":"","_monsterinsights_sitenote_category":0,"footnotes":""},"categories":[7],"tags":[242,86,19,365,252,364],"class_list":["post-1955","post","type-post","status-publish","format-standard","has-post-thumbnail","hentry","category-infratransporte","tag-anac","tag-antaq","tag-antt","tag-banco-de-dados","tag-epl","tag-ontl"],"yoast_head":"<!-- This site is optimized with the Yoast SEO Premium plugin v25.4 (Yoast SEO v26.0) - https:\/\/yoast.com\/wordpress\/plugins\/seo\/ -->\n<title>ONTL vai reunir informa\u00e7\u00f5es de mais de 50 \u00f3rg\u00e3os para planejar infraestrutura do pa\u00eds - Ag\u00eancia iNFRA<\/title>\n<meta name=\"robots\" content=\"index, follow, max-snippet:-1, max-image-preview:large, max-video-preview:-1\" \/>\n<link rel=\"canonical\" href=\"https:\/\/agenciainfra.com\/blog\/ontl-vai-reunir-informacoes-de-mais-de-50-orgaos-para-planejar-infraestrutura-do-pais\/\" \/>\n<meta property=\"og:locale\" content=\"pt_BR\" \/>\n<meta property=\"og:type\" content=\"article\" \/>\n<meta property=\"og:title\" content=\"ONTL vai reunir informa\u00e7\u00f5es de mais de 50 \u00f3rg\u00e3os para planejar infraestrutura do pa\u00eds\" \/>\n<meta property=\"og:description\" content=\"Cl\u00e1udia Borges, da Ag\u00eancia iNFRA A EPL (Empresa de Planejamento e Log\u00edstica) lan\u00e7ou, na ter\u00e7a-feira (12), o portal do ONTL (Observat\u00f3rio Nacional de Transporte e Log\u00edstica), dispon\u00edvel\u00a0neste link. O site funcionar\u00e1 como\u00a0um grande \u201cbanco de dados\u201d, composto por informa\u00e7\u00f5es confi\u00e1veis, atualizadas, reunidas de forma sistem\u00e1tica e regular, que representem as s\u00e9ries hist\u00f3ricas que contam a [&hellip;]\" \/>\n<meta property=\"og:url\" content=\"https:\/\/agenciainfra.com\/blog\/ontl-vai-reunir-informacoes-de-mais-de-50-orgaos-para-planejar-infraestrutura-do-pais\/\" \/>\n<meta property=\"og:site_name\" content=\"Ag\u00eancia iNFRA\" \/>\n<meta property=\"article:publisher\" content=\"https:\/\/www.facebook.com\/ageninfra\" \/>\n<meta property=\"article:published_time\" content=\"2018-06-21T03:09:26+00:00\" \/>\n<meta property=\"article:modified_time\" content=\"2018-06-21T03:10:06+00:00\" \/>\n<meta property=\"og:image\" content=\"https:\/\/agenciainfra.com\/blog\/wp-content\/uploads\/2018\/06\/porto_de_suape_rafael_-medeiros_divulgacao_-17052018.jpg\" \/>\n\t<meta property=\"og:image:width\" content=\"640\" \/>\n\t<meta property=\"og:image:height\" content=\"359\" \/>\n\t<meta property=\"og:image:type\" content=\"image\/jpeg\" \/>\n<meta name=\"author\" content=\"Ag\u00eancia iNFRA\" \/>\n<meta name=\"twitter:card\" content=\"summary_large_image\" \/>\n<meta name=\"twitter:creator\" content=\"@agencia_infra\" \/>\n<meta name=\"twitter:site\" content=\"@agencia_infra\" \/>\n<meta name=\"twitter:label1\" content=\"Escrito por\" \/>\n\t<meta name=\"twitter:data1\" content=\"Ag\u00eancia iNFRA\" \/>\n\t<meta name=\"twitter:label2\" content=\"Est. tempo de leitura\" \/>\n\t<meta name=\"twitter:data2\" content=\"2 minutos\" \/>\n<script type=\"application\/ld+json\" class=\"yoast-schema-graph\">{\"@context\":\"https:\/\/schema.org\",\"@graph\":[{\"@type\":\"Article\",\"@id\":\"https:\/\/agenciainfra.com\/blog\/ontl-vai-reunir-informacoes-de-mais-de-50-orgaos-para-planejar-infraestrutura-do-pais\/#article\",\"isPartOf\":{\"@id\":\"https:\/\/agenciainfra.com\/blog\/ontl-vai-reunir-informacoes-de-mais-de-50-orgaos-para-planejar-infraestrutura-do-pais\/\"},\"author\":{\"name\":\"Ag\u00eancia iNFRA\",\"@id\":\"https:\/\/agenciainfra.com\/blog\/#\/schema\/person\/34af08dff6adea4cb22b06612ba7acfa\"},\"headline\":\"ONTL vai reunir informa\u00e7\u00f5es de mais de 50 \u00f3rg\u00e3os para planejar infraestrutura do pa\u00eds\",\"datePublished\":\"2018-06-21T03:09:26+00:00\",\"dateModified\":\"2018-06-21T03:10:06+00:00\",\"mainEntityOfPage\":{\"@id\":\"https:\/\/agenciainfra.com\/blog\/ontl-vai-reunir-informacoes-de-mais-de-50-orgaos-para-planejar-infraestrutura-do-pais\/\"},\"wordCount\":466,\"publisher\":{\"@id\":\"https:\/\/agenciainfra.com\/blog\/#organization\"},\"image\":{\"@id\":\"https:\/\/agenciainfra.com\/blog\/ontl-vai-reunir-informacoes-de-mais-de-50-orgaos-para-planejar-infraestrutura-do-pais\/#primaryimage\"},\"thumbnailUrl\":\"https:\/\/agenciainfra.com\/blog\/wp-content\/uploads\/2018\/06\/porto_de_suape_rafael_-medeiros_divulgacao_-17052018.jpg\",\"keywords\":[\"ANAC\",\"ANTAQ\",\"ANTT\",\"banco de dados\",\"EPL\",\"ONTL\"],\"articleSection\":[\"iNFRATransporte\"],\"inLanguage\":\"pt-BR\",\"copyrightYear\":\"2018\",\"copyrightHolder\":{\"@id\":\"https:\/\/agenciainfra.com\/blog\/#organization\"}},{\"@type\":\"WebPage\",\"@id\":\"https:\/\/agenciainfra.com\/blog\/ontl-vai-reunir-informacoes-de-mais-de-50-orgaos-para-planejar-infraestrutura-do-pais\/\",\"url\":\"https:\/\/agenciainfra.com\/blog\/ontl-vai-reunir-informacoes-de-mais-de-50-orgaos-para-planejar-infraestrutura-do-pais\/\",\"name\":\"ONTL vai reunir informa\u00e7\u00f5es de mais de 50 \u00f3rg\u00e3os para planejar infraestrutura do pa\u00eds - Ag\u00eancia iNFRA\",\"isPartOf\":{\"@id\":\"https:\/\/agenciainfra.com\/blog\/#website\"},\"primaryImageOfPage\":{\"@id\":\"https:\/\/agenciainfra.com\/blog\/ontl-vai-reunir-informacoes-de-mais-de-50-orgaos-para-planejar-infraestrutura-do-pais\/#primaryimage\"},\"image\":{\"@id\":\"https:\/\/agenciainfra.com\/blog\/ontl-vai-reunir-informacoes-de-mais-de-50-orgaos-para-planejar-infraestrutura-do-pais\/#primaryimage\"},\"thumbnailUrl\":\"https:\/\/agenciainfra.com\/blog\/wp-content\/uploads\/2018\/06\/porto_de_suape_rafael_-medeiros_divulgacao_-17052018.jpg\",\"datePublished\":\"2018-06-21T03:09:26+00:00\",\"dateModified\":\"2018-06-21T03:10:06+00:00\",\"breadcrumb\":{\"@id\":\"https:\/\/agenciainfra.com\/blog\/ontl-vai-reunir-informacoes-de-mais-de-50-orgaos-para-planejar-infraestrutura-do-pais\/#breadcrumb\"},\"inLanguage\":\"pt-BR\",\"potentialAction\":[{\"@type\":\"ReadAction\",\"target\":[\"https:\/\/agenciainfra.com\/blog\/ontl-vai-reunir-informacoes-de-mais-de-50-orgaos-para-planejar-infraestrutura-do-pais\/\"]}]},{\"@type\":\"ImageObject\",\"inLanguage\":\"pt-BR\",\"@id\":\"https:\/\/agenciainfra.com\/blog\/ontl-vai-reunir-informacoes-de-mais-de-50-orgaos-para-planejar-infraestrutura-do-pais\/#primaryimage\",\"url\":\"https:\/\/agenciainfra.com\/blog\/wp-content\/uploads\/2018\/06\/porto_de_suape_rafael_-medeiros_divulgacao_-17052018.jpg\",\"contentUrl\":\"https:\/\/agenciainfra.com\/blog\/wp-content\/uploads\/2018\/06\/porto_de_suape_rafael_-medeiros_divulgacao_-17052018.jpg\",\"width\":640,\"height\":359},{\"@type\":\"BreadcrumbList\",\"@id\":\"https:\/\/agenciainfra.com\/blog\/ontl-vai-reunir-informacoes-de-mais-de-50-orgaos-para-planejar-infraestrutura-do-pais\/#breadcrumb\",\"itemListElement\":[{\"@type\":\"ListItem\",\"position\":1,\"name\":\"In\u00edcio\",\"item\":\"https:\/\/agenciainfra.com\/blog\/\"},{\"@type\":\"ListItem\",\"position\":2,\"name\":\"ONTL vai reunir informa\u00e7\u00f5es de mais de 50 \u00f3rg\u00e3os para planejar infraestrutura do pa\u00eds\"}]},{\"@type\":\"WebSite\",\"@id\":\"https:\/\/agenciainfra.com\/blog\/#website\",\"url\":\"https:\/\/agenciainfra.com\/blog\/\",\"name\":\"Ag\u00eancia iNFRA\",\"description\":\"Multiplataforma de informa\u00e7\u00e3o jornal\u00edstica refer\u00eancia na \u00e1rea de infraestrutura no Brasil!\",\"publisher\":{\"@id\":\"https:\/\/agenciainfra.com\/blog\/#organization\"},\"potentialAction\":[{\"@type\":\"SearchAction\",\"target\":{\"@type\":\"EntryPoint\",\"urlTemplate\":\"https:\/\/agenciainfra.com\/blog\/?s={search_term_string}\"},\"query-input\":{\"@type\":\"PropertyValueSpecification\",\"valueRequired\":true,\"valueName\":\"search_term_string\"}}],\"inLanguage\":\"pt-BR\"},{\"@type\":\"Organization\",\"@id\":\"https:\/\/agenciainfra.com\/blog\/#organization\",\"name\":\"Ag\u00eancia iNFRA\",\"url\":\"https:\/\/agenciainfra.com\/blog\/\",\"logo\":{\"@type\":\"ImageObject\",\"inLanguage\":\"pt-BR\",\"@id\":\"https:\/\/agenciainfra.com\/blog\/#\/schema\/logo\/image\/\",\"url\":\"https:\/\/agenciainfra.com\/blog\/wp-content\/uploads\/2023\/09\/iNFRA_5-e1761735885940.png\",\"contentUrl\":\"https:\/\/agenciainfra.com\/blog\/wp-content\/uploads\/2023\/09\/iNFRA_5-e1761735885940.png\",\"width\":1672,\"height\":454,\"caption\":\"Ag\u00eancia iNFRA\"},\"image\":{\"@id\":\"https:\/\/agenciainfra.com\/blog\/#\/schema\/logo\/image\/\"},\"sameAs\":[\"https:\/\/www.facebook.com\/ageninfra\",\"https:\/\/x.com\/agencia_infra\",\"https:\/\/www.linkedin.com\/company\/ag\u00eanciainfra\/\",\"https:\/\/www.instagram.com\/agenciainfra\/\"]},{\"@type\":\"Person\",\"@id\":\"https:\/\/agenciainfra.com\/blog\/#\/schema\/person\/34af08dff6adea4cb22b06612ba7acfa\",\"name\":\"Ag\u00eancia iNFRA\",\"image\":{\"@type\":\"ImageObject\",\"inLanguage\":\"pt-BR\",\"@id\":\"https:\/\/agenciainfra.com\/blog\/#\/schema\/person\/image\/\",\"url\":\"https:\/\/secure.gravatar.com\/avatar\/d189e01678f06d8eb84d4e01f08eb848b3fffe3f8443818d3c356c66892f5be8?s=96&d=mm&r=g\",\"contentUrl\":\"https:\/\/secure.gravatar.com\/avatar\/d189e01678f06d8eb84d4e01f08eb848b3fffe3f8443818d3c356c66892f5be8?s=96&d=mm&r=g\",\"caption\":\"Ag\u00eancia iNFRA\"},\"url\":\"https:\/\/agenciainfra.com\/blog\/author\/admin\/\"}]}<\/script>\n<!-- \/ Yoast SEO Premium plugin. -->","yoast_head_json":{"title":"ONTL vai reunir informa\u00e7\u00f5es de mais de 50 \u00f3rg\u00e3os para planejar infraestrutura do pa\u00eds - Ag\u00eancia iNFRA","robots":{"index":"index","follow":"follow","max-snippet":"max-snippet:-1","max-image-preview":"max-image-preview:large","max-video-preview":"max-video-preview:-1"},"canonical":"https:\/\/agenciainfra.com\/blog\/ontl-vai-reunir-informacoes-de-mais-de-50-orgaos-para-planejar-infraestrutura-do-pais\/","og_locale":"pt_BR","og_type":"article","og_title":"ONTL vai reunir informa\u00e7\u00f5es de mais de 50 \u00f3rg\u00e3os para planejar infraestrutura do pa\u00eds","og_description":"Cl\u00e1udia Borges, da Ag\u00eancia iNFRA A EPL (Empresa de Planejamento e Log\u00edstica) lan\u00e7ou, na ter\u00e7a-feira (12), o portal do ONTL (Observat\u00f3rio Nacional de Transporte e Log\u00edstica), dispon\u00edvel\u00a0neste link. O site funcionar\u00e1 como\u00a0um grande \u201cbanco de dados\u201d, composto por informa\u00e7\u00f5es confi\u00e1veis, atualizadas, reunidas de forma sistem\u00e1tica e regular, que representem as s\u00e9ries hist\u00f3ricas que contam a [&hellip;]","og_url":"https:\/\/agenciainfra.com\/blog\/ontl-vai-reunir-informacoes-de-mais-de-50-orgaos-para-planejar-infraestrutura-do-pais\/","og_site_name":"Ag\u00eancia iNFRA","article_publisher":"https:\/\/www.facebook.com\/ageninfra","article_published_time":"2018-06-21T03:09:26+00:00","article_modified_time":"2018-06-21T03:10:06+00:00","og_image":[{"width":640,"height":359,"url":"https:\/\/agenciainfra.com\/blog\/wp-content\/uploads\/2018\/06\/porto_de_suape_rafael_-medeiros_divulgacao_-17052018.jpg","type":"image\/jpeg"}],"author":"Ag\u00eancia iNFRA","twitter_card":"summary_large_image","twitter_creator":"@agencia_infra","twitter_site":"@agencia_infra","twitter_misc":{"Escrito por":"Ag\u00eancia iNFRA","Est. tempo de leitura":"2 minutos"},"schema":{"@context":"https:\/\/schema.org","@graph":[{"@type":"Article","@id":"https:\/\/agenciainfra.com\/blog\/ontl-vai-reunir-informacoes-de-mais-de-50-orgaos-para-planejar-infraestrutura-do-pais\/#article","isPartOf":{"@id":"https:\/\/agenciainfra.com\/blog\/ontl-vai-reunir-informacoes-de-mais-de-50-orgaos-para-planejar-infraestrutura-do-pais\/"},"author":{"name":"Ag\u00eancia iNFRA","@id":"https:\/\/agenciainfra.com\/blog\/#\/schema\/person\/34af08dff6adea4cb22b06612ba7acfa"},"headline":"ONTL vai reunir informa\u00e7\u00f5es de mais de 50 \u00f3rg\u00e3os para planejar infraestrutura do pa\u00eds","datePublished":"2018-06-21T03:09:26+00:00","dateModified":"2018-06-21T03:10:06+00:00","mainEntityOfPage":{"@id":"https:\/\/agenciainfra.com\/blog\/ontl-vai-reunir-informacoes-de-mais-de-50-orgaos-para-planejar-infraestrutura-do-pais\/"},"wordCount":466,"publisher":{"@id":"https:\/\/agenciainfra.com\/blog\/#organization"},"image":{"@id":"https:\/\/agenciainfra.com\/blog\/ontl-vai-reunir-informacoes-de-mais-de-50-orgaos-para-planejar-infraestrutura-do-pais\/#primaryimage"},"thumbnailUrl":"https:\/\/agenciainfra.com\/blog\/wp-content\/uploads\/2018\/06\/porto_de_suape_rafael_-medeiros_divulgacao_-17052018.jpg","keywords":["ANAC","ANTAQ","ANTT","banco de dados","EPL","ONTL"],"articleSection":["iNFRATransporte"],"inLanguage":"pt-BR","copyrightYear":"2018","copyrightHolder":{"@id":"https:\/\/agenciainfra.com\/blog\/#organization"}},{"@type":"WebPage","@id":"https:\/\/agenciainfra.com\/blog\/ontl-vai-reunir-informacoes-de-mais-de-50-orgaos-para-planejar-infraestrutura-do-pais\/","url":"https:\/\/agenciainfra.com\/blog\/ontl-vai-reunir-informacoes-de-mais-de-50-orgaos-para-planejar-infraestrutura-do-pais\/","name":"ONTL vai reunir informa\u00e7\u00f5es de mais de 50 \u00f3rg\u00e3os para planejar infraestrutura do pa\u00eds - Ag\u00eancia iNFRA","isPartOf":{"@id":"https:\/\/agenciainfra.com\/blog\/#website"},"primaryImageOfPage":{"@id":"https:\/\/agenciainfra.com\/blog\/ontl-vai-reunir-informacoes-de-mais-de-50-orgaos-para-planejar-infraestrutura-do-pais\/#primaryimage"},"image":{"@id":"https:\/\/agenciainfra.com\/blog\/ontl-vai-reunir-informacoes-de-mais-de-50-orgaos-para-planejar-infraestrutura-do-pais\/#primaryimage"},"thumbnailUrl":"https:\/\/agenciainfra.com\/blog\/wp-content\/uploads\/2018\/06\/porto_de_suape_rafael_-medeiros_divulgacao_-17052018.jpg","datePublished":"2018-06-21T03:09:26+00:00","dateModified":"2018-06-21T03:10:06+00:00","breadcrumb":{"@id":"https:\/\/agenciainfra.com\/blog\/ontl-vai-reunir-informacoes-de-mais-de-50-orgaos-para-planejar-infraestrutura-do-pais\/#breadcrumb"},"inLanguage":"pt-BR","potentialAction":[{"@type":"ReadAction","target":["https:\/\/agenciainfra.com\/blog\/ontl-vai-reunir-informacoes-de-mais-de-50-orgaos-para-planejar-infraestrutura-do-pais\/"]}]},{"@type":"ImageObject","inLanguage":"pt-BR","@id":"https:\/\/agenciainfra.com\/blog\/ontl-vai-reunir-informacoes-de-mais-de-50-orgaos-para-planejar-infraestrutura-do-pais\/#primaryimage","url":"https:\/\/agenciainfra.com\/blog\/wp-content\/uploads\/2018\/06\/porto_de_suape_rafael_-medeiros_divulgacao_-17052018.jpg","contentUrl":"https:\/\/agenciainfra.com\/blog\/wp-content\/uploads\/2018\/06\/porto_de_suape_rafael_-medeiros_divulgacao_-17052018.jpg","width":640,"height":359},{"@type":"BreadcrumbList","@id":"https:\/\/agenciainfra.com\/blog\/ontl-vai-reunir-informacoes-de-mais-de-50-orgaos-para-planejar-infraestrutura-do-pais\/#breadcrumb","itemListElement":[{"@type":"ListItem","position":1,"name":"In\u00edcio","item":"https:\/\/agenciainfra.com\/blog\/"},{"@type":"ListItem","position":2,"name":"ONTL vai reunir informa\u00e7\u00f5es de mais de 50 \u00f3rg\u00e3os para planejar infraestrutura do pa\u00eds"}]},{"@type":"WebSite","@id":"https:\/\/agenciainfra.com\/blog\/#website","url":"https:\/\/agenciainfra.com\/blog\/","name":"Ag\u00eancia iNFRA","description":"Multiplataforma de informa\u00e7\u00e3o jornal\u00edstica refer\u00eancia na \u00e1rea de infraestrutura no Brasil!","publisher":{"@id":"https:\/\/agenciainfra.com\/blog\/#organization"},"potentialAction":[{"@type":"SearchAction","target":{"@type":"EntryPoint","urlTemplate":"https:\/\/agenciainfra.com\/blog\/?s={search_term_string}"},"query-input":{"@type":"PropertyValueSpecification","valueRequired":true,"valueName":"search_term_string"}}],"inLanguage":"pt-BR"},{"@type":"Organization","@id":"https:\/\/agenciainfra.com\/blog\/#organization","name":"Ag\u00eancia iNFRA","url":"https:\/\/agenciainfra.com\/blog\/","logo":{"@type":"ImageObject","inLanguage":"pt-BR","@id":"https:\/\/agenciainfra.com\/blog\/#\/schema\/logo\/image\/","url":"https:\/\/agenciainfra.com\/blog\/wp-content\/uploads\/2023\/09\/iNFRA_5-e1761735885940.png","contentUrl":"https:\/\/agenciainfra.com\/blog\/wp-content\/uploads\/2023\/09\/iNFRA_5-e1761735885940.png","width":1672,"height":454,"caption":"Ag\u00eancia iNFRA"},"image":{"@id":"https:\/\/agenciainfra.com\/blog\/#\/schema\/logo\/image\/"},"sameAs":["https:\/\/www.facebook.com\/ageninfra","https:\/\/x.com\/agencia_infra","https:\/\/www.linkedin.com\/company\/ag\u00eanciainfra\/","https:\/\/www.instagram.com\/agenciainfra\/"]},{"@type":"Person","@id":"https:\/\/agenciainfra.com\/blog\/#\/schema\/person\/34af08dff6adea4cb22b06612ba7acfa","name":"Ag\u00eancia iNFRA","image":{"@type":"ImageObject","inLanguage":"pt-BR","@id":"https:\/\/agenciainfra.com\/blog\/#\/schema\/person\/image\/","url":"https:\/\/secure.gravatar.com\/avatar\/d189e01678f06d8eb84d4e01f08eb848b3fffe3f8443818d3c356c66892f5be8?s=96&d=mm&r=g","contentUrl":"https:\/\/secure.gravatar.com\/avatar\/d189e01678f06d8eb84d4e01f08eb848b3fffe3f8443818d3c356c66892f5be8?s=96&d=mm&r=g","caption":"Ag\u00eancia iNFRA"},"url":"https:\/\/agenciainfra.com\/blog\/author\/admin\/"}]}},"_links":{"self":[{"href":"https:\/\/agenciainfra.com\/blog\/wp-json\/wp\/v2\/posts\/1955","targetHints":{"allow":["GET"]}}],"collection":[{"href":"https:\/\/agenciainfra.com\/blog\/wp-json\/wp\/v2\/posts"}],"about":[{"href":"https:\/\/agenciainfra.com\/blog\/wp-json\/wp\/v2\/types\/post"}],"author":[{"embeddable":true,"href":"https:\/\/agenciainfra.com\/blog\/wp-json\/wp\/v2\/users\/1"}],"replies":[{"embeddable":true,"href":"https:\/\/agenciainfra.com\/blog\/wp-json\/wp\/v2\/comments?post=1955"}],"version-history":[{"count":0,"href":"https:\/\/agenciainfra.com\/blog\/wp-json\/wp\/v2\/posts\/1955\/revisions"}],"wp:featuredmedia":[{"embeddable":true,"href":"https:\/\/agenciainfra.com\/blog\/wp-json\/wp\/v2\/media\/1956"}],"wp:attachment":[{"href":"https:\/\/agenciainfra.com\/blog\/wp-json\/wp\/v2\/media?parent=1955"}],"wp:term":[{"taxonomy":"category","embeddable":true,"href":"https:\/\/agenciainfra.com\/blog\/wp-json\/wp\/v2\/categories?post=1955"},{"taxonomy":"post_tag","embeddable":true,"href":"https:\/\/agenciainfra.com\/blog\/wp-json\/wp\/v2\/tags?post=1955"}],"curies":[{"name":"wp","href":"https:\/\/api.w.org\/{rel}","templated":true}]}}