{"id":19553,"date":"2024-12-13T10:00:00","date_gmt":"2024-12-13T13:00:00","guid":{"rendered":"https:\/\/agenciainfra.com\/blog\/?p=19553"},"modified":"2024-12-16T05:51:09","modified_gmt":"2024-12-16T08:51:09","slug":"amazonas-energia-juiza-jaiza-fraxe-rejeita-pedido-de-suspeicao-por-parte-da-cigas","status":"publish","type":"post","link":"https:\/\/agenciainfra.com\/blog\/amazonas-energia-juiza-jaiza-fraxe-rejeita-pedido-de-suspeicao-por-parte-da-cigas\/","title":{"rendered":"Amazonas Energia: Ju\u00edza Jaiza Fraxe rejeita pedido de suspei\u00e7\u00e3o por parte da Cig\u00e1s"},"content":{"rendered":"\n<p class=\"has-text-align-right\"><strong>Geraldo Campos Jr. e Marisa Wanzeller, da Ag\u00eancia iNFRA<\/strong><\/p>\n\n\n\n<p>A ju\u00edza Jaiza Fraxe da 1\u00aa Vara C\u00edvel da SJAM (Se\u00e7\u00e3o Judici\u00e1ria do Amazonas) rejeitou o pedido da Cig\u00e1s (Companhia de G\u00e1s do Amazonas) para que ela declarasse suspei\u00e7\u00e3o no processo referente \u00e0 transfer\u00eancia de controle da Amazonas Energia para a \u00c2mbar Energia e de convers\u00e3o dos contratos de compra e venda de energia das termel\u00e9tricas do Norte.&nbsp;<\/p>\n\n\n\n<p>A Cig\u00e1s tem como acionista o empres\u00e1rio Carlos Suarez, e a \u00c2mbar faz parte do Grupo J&amp;F, dos irm\u00e3os Joesley e Wesley Batista.<\/p>\n\n\n\n<p>Em\u00a0<a href=\"https:\/\/mcusercontent.com\/d460dd1bcf9ba0ae040e1fc0f\/files\/227eeb61-53cf-b428-743b-4b0efc57e370\/10291986320244013200_2163265801_Decisa_o.pdf\" target=\"_blank\" rel=\"noreferrer noopener\">decis\u00e3o<\/a>\u00a0na \u00faltima quinta-feira (12), a magistrada afirmou se tratar de uma &#8220;estrat\u00e9gia ileg\u00edtima&#8221; voltada para tentar suspender o curso do processo, que determinou que a ANEEL (Ag\u00eancia Nacional de Energia El\u00e9trica) aprovasse a transfer\u00eancia e a convers\u00e3o dos contratos das t\u00e9rmicas compradas pela \u00c2mbar. Segundo ela, houve &#8220;preclus\u00e3o temporal&#8221; para que um pedido de suspei\u00e7\u00e3o fosse apresentado.<\/p>\n\n\n\n<p>A ju\u00edza informou que a Cig\u00e1s ingressou no processo voluntariamente a partir de requerimento datado de 30 de setembro de 2024. Assim, a companhia teria o prazo de 15 dias para apresentar o pedido de suspei\u00e7\u00e3o da magistrada. &#8220;A Cig\u00e1s estava&nbsp;plenamente ciente dos fatos e da ju\u00edza atuante no processo desde sua entrada volunt\u00e1ria no processo&#8221;, destacou.&nbsp;<\/p>\n\n\n\n<p>&#8220;Alega\u00e7\u00f5es gen\u00e9ricas de parcialidade ou insatisfa\u00e7\u00e3o com decis\u00f5es desfavor\u00e1veis n\u00e3o configuram motivos leg\u00edtimos para o processamento da exce\u00e7\u00e3o de suspei\u00e7\u00e3o, pois al\u00e9m de intempestivas, firmo convic\u00e7\u00e3o de [que] decis\u00f5es judiciais podem e devem ser contestadas pelos meios processuais pr\u00f3prios, como agravos e outros recursos, mas n\u00e3o configuram suspei\u00e7\u00e3o&#8221;, diz a ju\u00edza em outro trecho da decis\u00e3o.<\/p>\n\n\n\n<p><strong>Paralisa\u00e7\u00e3o do processo<\/strong><br>No&nbsp;<a href=\"https:\/\/mcusercontent.com\/d460dd1bcf9ba0ae040e1fc0f\/files\/9bfc5c5a-6731-73fb-8e38-b46dc484b4e8\/CIGA_S_x_AmE_MP1232_._Excec_a_o_de_Suspeic_a_o.pdf\" target=\"_blank\" rel=\"noreferrer noopener\">pedido<\/a>&nbsp;apresentado na \u00faltima segunda-feira (9), a Cig\u00e1s requereu a suspei\u00e7\u00e3o da ju\u00edza alegando &#8220;falta de isen\u00e7\u00e3o&#8221;. Solicitou ainda que fosse atribu\u00eddo efeito suspensivo para que o processo principal fique suspenso at\u00e9 o julgamento final da suspei\u00e7\u00e3o e designa\u00e7\u00e3o de novo juiz pelo TRF-1 (Tribunal Regional Federal da 1\u00aa Regi\u00e3o).<\/p>\n\n\n\n<p>&#8220;No caso dos autos, as condutas da excepta (ju\u00edza) comprovam a sua mais absoluta falta de isen\u00e7\u00e3o de \u00e2nimo na an\u00e1lise e enfrentamento de fatos processuais complexos e de consider\u00e1vel tecnicidade, de maneira a levantar fundadas suspeitas de que julgamento do processo ocorrer\u00e1 em favor da autora&#8221;, sustentou&nbsp;a Cig\u00e1s no pedido.<\/p>\n\n\n\n<p>A paralisa\u00e7\u00e3o do processo poderia impedir a conclus\u00e3o da transfer\u00eancia da Amazonas Energia para a \u00c2mbar, determinada pela magistrada, e que tem prazo para ser assinada at\u00e9 31 de dezembro pelas partes.<\/p>\n\n\n\n<p>Em outubro, a ju\u00edza acolheu pedido da Cig\u00e1s para ingressar na a\u00e7\u00e3o judicial, por ser uma das credoras da Amazonas Energia, mas voltou atr\u00e1s ap\u00f3s argumenta\u00e7\u00e3o da concession\u00e1ria de energia. A distribuidora afirmou que o contrato firmado entre a Cig\u00e1s, a Eletronorte e a Petrobras n\u00e3o ser\u00e1 alterado com a opera\u00e7\u00e3o. Com isso, a ju\u00edza concluiu que est\u00e1 garantido o direito da Cig\u00e1s quanto ao fornecimento de g\u00e1s para as usinas.&nbsp;<\/p>\n\n\n\n<p><strong>Transfer\u00eancia de controle<\/strong><br>O termo aditivo de transfer\u00eancia de controle da Amazonas Energia para a \u00c2mbar foi assinado \u00e0s 23h59 de 10 de outubro com base na decis\u00e3o exarada pela ju\u00edza Jaiza Fraxe, mas sem respaldo administrativo na ANEEL.<\/p>\n\n\n\n<p>Administrativamente, a reguladora embasa o direito de repassar R$ 8 bilh\u00f5es \u00e0s tarifas de energia com a opera\u00e7\u00e3o, condi\u00e7\u00e3o que n\u00e3o atende ao pleito da \u00c2mbar. Contudo, uma decis\u00e3o monocr\u00e1tica do diretor-geral da ANEEL, Sandoval Feitosa, emitida por for\u00e7a judicial, admitiu o repasse de R$ 14 bilh\u00f5es. Esse montante, no entanto, n\u00e3o est\u00e1 respaldado em decis\u00e3o colegiada da ag\u00eancia, o que geraria uma situa\u00e7\u00e3o prec\u00e1ria, segundo especialistas.<\/p>\n\n\n\n<p>A ag\u00eancia contestou judicialmente a validade da transfer\u00eancia\u00a0alegando que as assinaturas ocorreram fora do prazo de validade da <a href=\"https:\/\/www.congressonacional.leg.br\/materias\/medidas-provisorias\/-\/mpv\/164120\">MP (Medida Provis\u00f3ria) 1.232\/2024<\/a>, que viabilizava a opera\u00e7\u00e3o. O documento diz que apenas o diretor-geral da ANEEL assinou o termo ainda no dia 10 de outubro. Os representantes da Amazonas e da \u00c2mbar teriam assinado depois da meia-noite.<\/p>\n\n\n\n<p>A ju\u00edza, no entanto, negou o pleito da ag\u00eancia e manteve a validade das assinaturas. No entendimento da magistrada, a medida s\u00f3 perdeu efic\u00e1cia no dia 11 de outubro, n\u00e3o em 10 de outubro, como alegava a reguladora.<\/p>\n","protected":false},"excerpt":{"rendered":"<p>Geraldo Campos Jr. e Marisa Wanzeller, da Ag\u00eancia iNFRA A ju\u00edza Jaiza Fraxe da 1\u00aa Vara C\u00edvel da SJAM (Se\u00e7\u00e3o Judici\u00e1ria do Amazonas) rejeitou o pedido da Cig\u00e1s (Companhia de G\u00e1s do Amazonas) para que ela declarasse suspei\u00e7\u00e3o no processo referente \u00e0 transfer\u00eancia de controle da Amazonas Energia para a \u00c2mbar Energia e de convers\u00e3o [&hellip;]<\/p>\n","protected":false},"author":1,"featured_media":6714,"comment_status":"closed","ping_status":"closed","sticky":false,"template":"","format":"standard","meta":{"_monsterinsights_skip_tracking":false,"_monsterinsights_sitenote_active":false,"_monsterinsights_sitenote_note":"","_monsterinsights_sitenote_category":0,"footnotes":""},"categories":[9714,1,10],"tags":[11969,144,5678,11510,2026,1229,11594,11500,11970,7366,143,11374,11376,11971,11968],"class_list":["post-19553","post","type-post","status-publish","format-standard","has-post-thumbnail","hentry","category-destaque-menor","category-geral","category-infraenergia","tag-1a-vara-civel-da-sjam","tag-amazonas-energia","tag-ambar","tag-carlos-suarez","tag-cigas","tag-eletronorte","tag-geraldo-campos-jr","tag-jaiza-maria-pinto-fraxe","tag-joesley-e-wesley-batista","tag-marisa-wanzeller","tag-petrobras","tag-secao-judiciaria-do-amazonas","tag-sjam","tag-termeletricas-do-norte","tag-venda-da-amazonas-energia"],"yoast_head":"<!-- This site is optimized with the Yoast SEO Premium plugin v25.4 (Yoast SEO v26.0) - https:\/\/yoast.com\/wordpress\/plugins\/seo\/ -->\n<title>Amazonas Energia: Ju\u00edza Jaiza Fraxe rejeita pedido de suspei\u00e7\u00e3o por parte da Cig\u00e1s - Ag\u00eancia iNFRA<\/title>\n<meta name=\"robots\" content=\"index, follow, max-snippet:-1, max-image-preview:large, max-video-preview:-1\" \/>\n<link rel=\"canonical\" href=\"https:\/\/agenciainfra.com\/blog\/amazonas-energia-juiza-jaiza-fraxe-rejeita-pedido-de-suspeicao-por-parte-da-cigas\/\" \/>\n<meta property=\"og:locale\" content=\"pt_BR\" \/>\n<meta property=\"og:type\" content=\"article\" \/>\n<meta property=\"og:title\" content=\"Amazonas Energia: Ju\u00edza Jaiza Fraxe rejeita pedido de suspei\u00e7\u00e3o por parte da Cig\u00e1s\" \/>\n<meta property=\"og:description\" content=\"Geraldo Campos Jr. e Marisa Wanzeller, da Ag\u00eancia iNFRA A ju\u00edza Jaiza Fraxe da 1\u00aa Vara C\u00edvel da SJAM (Se\u00e7\u00e3o Judici\u00e1ria do Amazonas) rejeitou o pedido da Cig\u00e1s (Companhia de G\u00e1s do Amazonas) para que ela declarasse suspei\u00e7\u00e3o no processo referente \u00e0 transfer\u00eancia de controle da Amazonas Energia para a \u00c2mbar Energia e de convers\u00e3o [&hellip;]\" \/>\n<meta property=\"og:url\" content=\"https:\/\/agenciainfra.com\/blog\/amazonas-energia-juiza-jaiza-fraxe-rejeita-pedido-de-suspeicao-por-parte-da-cigas\/\" \/>\n<meta property=\"og:site_name\" content=\"Ag\u00eancia iNFRA\" \/>\n<meta property=\"article:publisher\" content=\"https:\/\/www.facebook.com\/ageninfra\" \/>\n<meta property=\"article:published_time\" content=\"2024-12-13T13:00:00+00:00\" \/>\n<meta property=\"article:modified_time\" content=\"2024-12-16T08:51:09+00:00\" \/>\n<meta property=\"og:image\" content=\"https:\/\/agenciainfra.com\/blog\/wp-content\/uploads\/2021\/01\/amazonas-energia-foto-divulgacao-redes-sociais.jpg\" \/>\n\t<meta property=\"og:image:width\" content=\"1280\" \/>\n\t<meta property=\"og:image:height\" content=\"855\" \/>\n\t<meta property=\"og:image:type\" content=\"image\/jpeg\" \/>\n<meta name=\"author\" content=\"Ag\u00eancia iNFRA\" \/>\n<meta name=\"twitter:card\" content=\"summary_large_image\" \/>\n<meta name=\"twitter:creator\" content=\"@agencia_infra\" \/>\n<meta name=\"twitter:site\" content=\"@agencia_infra\" \/>\n<meta name=\"twitter:label1\" content=\"Escrito por\" \/>\n\t<meta name=\"twitter:data1\" content=\"Ag\u00eancia iNFRA\" \/>\n\t<meta name=\"twitter:label2\" content=\"Est. tempo de leitura\" \/>\n\t<meta name=\"twitter:data2\" content=\"4 minutos\" \/>\n<script type=\"application\/ld+json\" class=\"yoast-schema-graph\">{\"@context\":\"https:\/\/schema.org\",\"@graph\":[{\"@type\":\"Article\",\"@id\":\"https:\/\/agenciainfra.com\/blog\/amazonas-energia-juiza-jaiza-fraxe-rejeita-pedido-de-suspeicao-por-parte-da-cigas\/#article\",\"isPartOf\":{\"@id\":\"https:\/\/agenciainfra.com\/blog\/amazonas-energia-juiza-jaiza-fraxe-rejeita-pedido-de-suspeicao-por-parte-da-cigas\/\"},\"author\":{\"name\":\"Ag\u00eancia iNFRA\",\"@id\":\"https:\/\/agenciainfra.com\/blog\/#\/schema\/person\/34af08dff6adea4cb22b06612ba7acfa\"},\"headline\":\"Amazonas Energia: Ju\u00edza Jaiza Fraxe rejeita pedido de suspei\u00e7\u00e3o por parte da Cig\u00e1s\",\"datePublished\":\"2024-12-13T13:00:00+00:00\",\"dateModified\":\"2024-12-16T08:51:09+00:00\",\"mainEntityOfPage\":{\"@id\":\"https:\/\/agenciainfra.com\/blog\/amazonas-energia-juiza-jaiza-fraxe-rejeita-pedido-de-suspeicao-por-parte-da-cigas\/\"},\"wordCount\":784,\"publisher\":{\"@id\":\"https:\/\/agenciainfra.com\/blog\/#organization\"},\"image\":{\"@id\":\"https:\/\/agenciainfra.com\/blog\/amazonas-energia-juiza-jaiza-fraxe-rejeita-pedido-de-suspeicao-por-parte-da-cigas\/#primaryimage\"},\"thumbnailUrl\":\"https:\/\/agenciainfra.com\/blog\/wp-content\/uploads\/2021\/01\/amazonas-energia-foto-divulgacao-redes-sociais.jpg\",\"keywords\":[\"1\u00aa Vara C\u00edvel da SJAM\",\"Amazonas Energia\",\"\u00c2mbar\",\"Carlos Suarez\",\"Cig\u00e1s\",\"Eletronorte\",\"Geraldo Campos Jr.\",\"Jaiza Maria Pinto Fraxe\",\"Joesley e Wesley Batista\",\"Marisa Wanzeller\",\"Petrobras\",\"Se\u00e7\u00e3o Judici\u00e1ria do Amazonas\",\"SJAM\",\"termel\u00e9tricas do Norte\",\"Venda da Amazonas Energia\"],\"articleSection\":[\"Destaque Menor\",\"Geral\",\"iNFRAEnergia\"],\"inLanguage\":\"pt-BR\",\"copyrightYear\":\"2024\",\"copyrightHolder\":{\"@id\":\"https:\/\/agenciainfra.com\/blog\/#organization\"}},{\"@type\":\"WebPage\",\"@id\":\"https:\/\/agenciainfra.com\/blog\/amazonas-energia-juiza-jaiza-fraxe-rejeita-pedido-de-suspeicao-por-parte-da-cigas\/\",\"url\":\"https:\/\/agenciainfra.com\/blog\/amazonas-energia-juiza-jaiza-fraxe-rejeita-pedido-de-suspeicao-por-parte-da-cigas\/\",\"name\":\"Amazonas Energia: Ju\u00edza Jaiza Fraxe rejeita pedido de suspei\u00e7\u00e3o por parte da Cig\u00e1s - Ag\u00eancia iNFRA\",\"isPartOf\":{\"@id\":\"https:\/\/agenciainfra.com\/blog\/#website\"},\"primaryImageOfPage\":{\"@id\":\"https:\/\/agenciainfra.com\/blog\/amazonas-energia-juiza-jaiza-fraxe-rejeita-pedido-de-suspeicao-por-parte-da-cigas\/#primaryimage\"},\"image\":{\"@id\":\"https:\/\/agenciainfra.com\/blog\/amazonas-energia-juiza-jaiza-fraxe-rejeita-pedido-de-suspeicao-por-parte-da-cigas\/#primaryimage\"},\"thumbnailUrl\":\"https:\/\/agenciainfra.com\/blog\/wp-content\/uploads\/2021\/01\/amazonas-energia-foto-divulgacao-redes-sociais.jpg\",\"datePublished\":\"2024-12-13T13:00:00+00:00\",\"dateModified\":\"2024-12-16T08:51:09+00:00\",\"breadcrumb\":{\"@id\":\"https:\/\/agenciainfra.com\/blog\/amazonas-energia-juiza-jaiza-fraxe-rejeita-pedido-de-suspeicao-por-parte-da-cigas\/#breadcrumb\"},\"inLanguage\":\"pt-BR\",\"potentialAction\":[{\"@type\":\"ReadAction\",\"target\":[\"https:\/\/agenciainfra.com\/blog\/amazonas-energia-juiza-jaiza-fraxe-rejeita-pedido-de-suspeicao-por-parte-da-cigas\/\"]}]},{\"@type\":\"ImageObject\",\"inLanguage\":\"pt-BR\",\"@id\":\"https:\/\/agenciainfra.com\/blog\/amazonas-energia-juiza-jaiza-fraxe-rejeita-pedido-de-suspeicao-por-parte-da-cigas\/#primaryimage\",\"url\":\"https:\/\/agenciainfra.com\/blog\/wp-content\/uploads\/2021\/01\/amazonas-energia-foto-divulgacao-redes-sociais.jpg\",\"contentUrl\":\"https:\/\/agenciainfra.com\/blog\/wp-content\/uploads\/2021\/01\/amazonas-energia-foto-divulgacao-redes-sociais.jpg\",\"width\":1280,\"height\":855,\"caption\":\"Foto: Divulga\u00e7\u00e3o\/Amazonas Energia\"},{\"@type\":\"BreadcrumbList\",\"@id\":\"https:\/\/agenciainfra.com\/blog\/amazonas-energia-juiza-jaiza-fraxe-rejeita-pedido-de-suspeicao-por-parte-da-cigas\/#breadcrumb\",\"itemListElement\":[{\"@type\":\"ListItem\",\"position\":1,\"name\":\"In\u00edcio\",\"item\":\"https:\/\/agenciainfra.com\/blog\/\"},{\"@type\":\"ListItem\",\"position\":2,\"name\":\"Amazonas Energia: Ju\u00edza Jaiza Fraxe rejeita pedido de suspei\u00e7\u00e3o por parte da Cig\u00e1s\"}]},{\"@type\":\"WebSite\",\"@id\":\"https:\/\/agenciainfra.com\/blog\/#website\",\"url\":\"https:\/\/agenciainfra.com\/blog\/\",\"name\":\"Ag\u00eancia iNFRA\",\"description\":\"Multiplataforma de informa\u00e7\u00e3o jornal\u00edstica refer\u00eancia na \u00e1rea de infraestrutura no Brasil!\",\"publisher\":{\"@id\":\"https:\/\/agenciainfra.com\/blog\/#organization\"},\"potentialAction\":[{\"@type\":\"SearchAction\",\"target\":{\"@type\":\"EntryPoint\",\"urlTemplate\":\"https:\/\/agenciainfra.com\/blog\/?s={search_term_string}\"},\"query-input\":{\"@type\":\"PropertyValueSpecification\",\"valueRequired\":true,\"valueName\":\"search_term_string\"}}],\"inLanguage\":\"pt-BR\"},{\"@type\":\"Organization\",\"@id\":\"https:\/\/agenciainfra.com\/blog\/#organization\",\"name\":\"Ag\u00eancia iNFRA\",\"url\":\"https:\/\/agenciainfra.com\/blog\/\",\"logo\":{\"@type\":\"ImageObject\",\"inLanguage\":\"pt-BR\",\"@id\":\"https:\/\/agenciainfra.com\/blog\/#\/schema\/logo\/image\/\",\"url\":\"https:\/\/agenciainfra.com\/blog\/wp-content\/uploads\/2023\/09\/iNFRA_5-e1761735885940.png\",\"contentUrl\":\"https:\/\/agenciainfra.com\/blog\/wp-content\/uploads\/2023\/09\/iNFRA_5-e1761735885940.png\",\"width\":1672,\"height\":454,\"caption\":\"Ag\u00eancia iNFRA\"},\"image\":{\"@id\":\"https:\/\/agenciainfra.com\/blog\/#\/schema\/logo\/image\/\"},\"sameAs\":[\"https:\/\/www.facebook.com\/ageninfra\",\"https:\/\/x.com\/agencia_infra\",\"https:\/\/www.linkedin.com\/company\/ag\u00eanciainfra\/\",\"https:\/\/www.instagram.com\/agenciainfra\/\"]},{\"@type\":\"Person\",\"@id\":\"https:\/\/agenciainfra.com\/blog\/#\/schema\/person\/34af08dff6adea4cb22b06612ba7acfa\",\"name\":\"Ag\u00eancia iNFRA\",\"image\":{\"@type\":\"ImageObject\",\"inLanguage\":\"pt-BR\",\"@id\":\"https:\/\/agenciainfra.com\/blog\/#\/schema\/person\/image\/\",\"url\":\"https:\/\/secure.gravatar.com\/avatar\/d189e01678f06d8eb84d4e01f08eb848b3fffe3f8443818d3c356c66892f5be8?s=96&d=mm&r=g\",\"contentUrl\":\"https:\/\/secure.gravatar.com\/avatar\/d189e01678f06d8eb84d4e01f08eb848b3fffe3f8443818d3c356c66892f5be8?s=96&d=mm&r=g\",\"caption\":\"Ag\u00eancia iNFRA\"},\"url\":\"https:\/\/agenciainfra.com\/blog\/author\/admin\/\"}]}<\/script>\n<!-- \/ Yoast SEO Premium plugin. -->","yoast_head_json":{"title":"Amazonas Energia: Ju\u00edza Jaiza Fraxe rejeita pedido de suspei\u00e7\u00e3o por parte da Cig\u00e1s - Ag\u00eancia iNFRA","robots":{"index":"index","follow":"follow","max-snippet":"max-snippet:-1","max-image-preview":"max-image-preview:large","max-video-preview":"max-video-preview:-1"},"canonical":"https:\/\/agenciainfra.com\/blog\/amazonas-energia-juiza-jaiza-fraxe-rejeita-pedido-de-suspeicao-por-parte-da-cigas\/","og_locale":"pt_BR","og_type":"article","og_title":"Amazonas Energia: Ju\u00edza Jaiza Fraxe rejeita pedido de suspei\u00e7\u00e3o por parte da Cig\u00e1s","og_description":"Geraldo Campos Jr. e Marisa Wanzeller, da Ag\u00eancia iNFRA A ju\u00edza Jaiza Fraxe da 1\u00aa Vara C\u00edvel da SJAM (Se\u00e7\u00e3o Judici\u00e1ria do Amazonas) rejeitou o pedido da Cig\u00e1s (Companhia de G\u00e1s do Amazonas) para que ela declarasse suspei\u00e7\u00e3o no processo referente \u00e0 transfer\u00eancia de controle da Amazonas Energia para a \u00c2mbar Energia e de convers\u00e3o [&hellip;]","og_url":"https:\/\/agenciainfra.com\/blog\/amazonas-energia-juiza-jaiza-fraxe-rejeita-pedido-de-suspeicao-por-parte-da-cigas\/","og_site_name":"Ag\u00eancia iNFRA","article_publisher":"https:\/\/www.facebook.com\/ageninfra","article_published_time":"2024-12-13T13:00:00+00:00","article_modified_time":"2024-12-16T08:51:09+00:00","og_image":[{"width":1280,"height":855,"url":"https:\/\/agenciainfra.com\/blog\/wp-content\/uploads\/2021\/01\/amazonas-energia-foto-divulgacao-redes-sociais.jpg","type":"image\/jpeg"}],"author":"Ag\u00eancia iNFRA","twitter_card":"summary_large_image","twitter_creator":"@agencia_infra","twitter_site":"@agencia_infra","twitter_misc":{"Escrito por":"Ag\u00eancia iNFRA","Est. tempo de leitura":"4 minutos"},"schema":{"@context":"https:\/\/schema.org","@graph":[{"@type":"Article","@id":"https:\/\/agenciainfra.com\/blog\/amazonas-energia-juiza-jaiza-fraxe-rejeita-pedido-de-suspeicao-por-parte-da-cigas\/#article","isPartOf":{"@id":"https:\/\/agenciainfra.com\/blog\/amazonas-energia-juiza-jaiza-fraxe-rejeita-pedido-de-suspeicao-por-parte-da-cigas\/"},"author":{"name":"Ag\u00eancia iNFRA","@id":"https:\/\/agenciainfra.com\/blog\/#\/schema\/person\/34af08dff6adea4cb22b06612ba7acfa"},"headline":"Amazonas Energia: Ju\u00edza Jaiza Fraxe rejeita pedido de suspei\u00e7\u00e3o por parte da Cig\u00e1s","datePublished":"2024-12-13T13:00:00+00:00","dateModified":"2024-12-16T08:51:09+00:00","mainEntityOfPage":{"@id":"https:\/\/agenciainfra.com\/blog\/amazonas-energia-juiza-jaiza-fraxe-rejeita-pedido-de-suspeicao-por-parte-da-cigas\/"},"wordCount":784,"publisher":{"@id":"https:\/\/agenciainfra.com\/blog\/#organization"},"image":{"@id":"https:\/\/agenciainfra.com\/blog\/amazonas-energia-juiza-jaiza-fraxe-rejeita-pedido-de-suspeicao-por-parte-da-cigas\/#primaryimage"},"thumbnailUrl":"https:\/\/agenciainfra.com\/blog\/wp-content\/uploads\/2021\/01\/amazonas-energia-foto-divulgacao-redes-sociais.jpg","keywords":["1\u00aa Vara C\u00edvel da SJAM","Amazonas Energia","\u00c2mbar","Carlos Suarez","Cig\u00e1s","Eletronorte","Geraldo Campos Jr.","Jaiza Maria Pinto Fraxe","Joesley e Wesley Batista","Marisa Wanzeller","Petrobras","Se\u00e7\u00e3o Judici\u00e1ria do Amazonas","SJAM","termel\u00e9tricas do Norte","Venda da Amazonas Energia"],"articleSection":["Destaque Menor","Geral","iNFRAEnergia"],"inLanguage":"pt-BR","copyrightYear":"2024","copyrightHolder":{"@id":"https:\/\/agenciainfra.com\/blog\/#organization"}},{"@type":"WebPage","@id":"https:\/\/agenciainfra.com\/blog\/amazonas-energia-juiza-jaiza-fraxe-rejeita-pedido-de-suspeicao-por-parte-da-cigas\/","url":"https:\/\/agenciainfra.com\/blog\/amazonas-energia-juiza-jaiza-fraxe-rejeita-pedido-de-suspeicao-por-parte-da-cigas\/","name":"Amazonas Energia: Ju\u00edza Jaiza Fraxe rejeita pedido de suspei\u00e7\u00e3o por parte da Cig\u00e1s - Ag\u00eancia iNFRA","isPartOf":{"@id":"https:\/\/agenciainfra.com\/blog\/#website"},"primaryImageOfPage":{"@id":"https:\/\/agenciainfra.com\/blog\/amazonas-energia-juiza-jaiza-fraxe-rejeita-pedido-de-suspeicao-por-parte-da-cigas\/#primaryimage"},"image":{"@id":"https:\/\/agenciainfra.com\/blog\/amazonas-energia-juiza-jaiza-fraxe-rejeita-pedido-de-suspeicao-por-parte-da-cigas\/#primaryimage"},"thumbnailUrl":"https:\/\/agenciainfra.com\/blog\/wp-content\/uploads\/2021\/01\/amazonas-energia-foto-divulgacao-redes-sociais.jpg","datePublished":"2024-12-13T13:00:00+00:00","dateModified":"2024-12-16T08:51:09+00:00","breadcrumb":{"@id":"https:\/\/agenciainfra.com\/blog\/amazonas-energia-juiza-jaiza-fraxe-rejeita-pedido-de-suspeicao-por-parte-da-cigas\/#breadcrumb"},"inLanguage":"pt-BR","potentialAction":[{"@type":"ReadAction","target":["https:\/\/agenciainfra.com\/blog\/amazonas-energia-juiza-jaiza-fraxe-rejeita-pedido-de-suspeicao-por-parte-da-cigas\/"]}]},{"@type":"ImageObject","inLanguage":"pt-BR","@id":"https:\/\/agenciainfra.com\/blog\/amazonas-energia-juiza-jaiza-fraxe-rejeita-pedido-de-suspeicao-por-parte-da-cigas\/#primaryimage","url":"https:\/\/agenciainfra.com\/blog\/wp-content\/uploads\/2021\/01\/amazonas-energia-foto-divulgacao-redes-sociais.jpg","contentUrl":"https:\/\/agenciainfra.com\/blog\/wp-content\/uploads\/2021\/01\/amazonas-energia-foto-divulgacao-redes-sociais.jpg","width":1280,"height":855,"caption":"Foto: Divulga\u00e7\u00e3o\/Amazonas Energia"},{"@type":"BreadcrumbList","@id":"https:\/\/agenciainfra.com\/blog\/amazonas-energia-juiza-jaiza-fraxe-rejeita-pedido-de-suspeicao-por-parte-da-cigas\/#breadcrumb","itemListElement":[{"@type":"ListItem","position":1,"name":"In\u00edcio","item":"https:\/\/agenciainfra.com\/blog\/"},{"@type":"ListItem","position":2,"name":"Amazonas Energia: Ju\u00edza Jaiza Fraxe rejeita pedido de suspei\u00e7\u00e3o por parte da Cig\u00e1s"}]},{"@type":"WebSite","@id":"https:\/\/agenciainfra.com\/blog\/#website","url":"https:\/\/agenciainfra.com\/blog\/","name":"Ag\u00eancia iNFRA","description":"Multiplataforma de informa\u00e7\u00e3o jornal\u00edstica refer\u00eancia na \u00e1rea de infraestrutura no Brasil!","publisher":{"@id":"https:\/\/agenciainfra.com\/blog\/#organization"},"potentialAction":[{"@type":"SearchAction","target":{"@type":"EntryPoint","urlTemplate":"https:\/\/agenciainfra.com\/blog\/?s={search_term_string}"},"query-input":{"@type":"PropertyValueSpecification","valueRequired":true,"valueName":"search_term_string"}}],"inLanguage":"pt-BR"},{"@type":"Organization","@id":"https:\/\/agenciainfra.com\/blog\/#organization","name":"Ag\u00eancia iNFRA","url":"https:\/\/agenciainfra.com\/blog\/","logo":{"@type":"ImageObject","inLanguage":"pt-BR","@id":"https:\/\/agenciainfra.com\/blog\/#\/schema\/logo\/image\/","url":"https:\/\/agenciainfra.com\/blog\/wp-content\/uploads\/2023\/09\/iNFRA_5-e1761735885940.png","contentUrl":"https:\/\/agenciainfra.com\/blog\/wp-content\/uploads\/2023\/09\/iNFRA_5-e1761735885940.png","width":1672,"height":454,"caption":"Ag\u00eancia iNFRA"},"image":{"@id":"https:\/\/agenciainfra.com\/blog\/#\/schema\/logo\/image\/"},"sameAs":["https:\/\/www.facebook.com\/ageninfra","https:\/\/x.com\/agencia_infra","https:\/\/www.linkedin.com\/company\/ag\u00eanciainfra\/","https:\/\/www.instagram.com\/agenciainfra\/"]},{"@type":"Person","@id":"https:\/\/agenciainfra.com\/blog\/#\/schema\/person\/34af08dff6adea4cb22b06612ba7acfa","name":"Ag\u00eancia iNFRA","image":{"@type":"ImageObject","inLanguage":"pt-BR","@id":"https:\/\/agenciainfra.com\/blog\/#\/schema\/person\/image\/","url":"https:\/\/secure.gravatar.com\/avatar\/d189e01678f06d8eb84d4e01f08eb848b3fffe3f8443818d3c356c66892f5be8?s=96&d=mm&r=g","contentUrl":"https:\/\/secure.gravatar.com\/avatar\/d189e01678f06d8eb84d4e01f08eb848b3fffe3f8443818d3c356c66892f5be8?s=96&d=mm&r=g","caption":"Ag\u00eancia iNFRA"},"url":"https:\/\/agenciainfra.com\/blog\/author\/admin\/"}]}},"_links":{"self":[{"href":"https:\/\/agenciainfra.com\/blog\/wp-json\/wp\/v2\/posts\/19553","targetHints":{"allow":["GET"]}}],"collection":[{"href":"https:\/\/agenciainfra.com\/blog\/wp-json\/wp\/v2\/posts"}],"about":[{"href":"https:\/\/agenciainfra.com\/blog\/wp-json\/wp\/v2\/types\/post"}],"author":[{"embeddable":true,"href":"https:\/\/agenciainfra.com\/blog\/wp-json\/wp\/v2\/users\/1"}],"replies":[{"embeddable":true,"href":"https:\/\/agenciainfra.com\/blog\/wp-json\/wp\/v2\/comments?post=19553"}],"version-history":[{"count":1,"href":"https:\/\/agenciainfra.com\/blog\/wp-json\/wp\/v2\/posts\/19553\/revisions"}],"predecessor-version":[{"id":19554,"href":"https:\/\/agenciainfra.com\/blog\/wp-json\/wp\/v2\/posts\/19553\/revisions\/19554"}],"wp:featuredmedia":[{"embeddable":true,"href":"https:\/\/agenciainfra.com\/blog\/wp-json\/wp\/v2\/media\/6714"}],"wp:attachment":[{"href":"https:\/\/agenciainfra.com\/blog\/wp-json\/wp\/v2\/media?parent=19553"}],"wp:term":[{"taxonomy":"category","embeddable":true,"href":"https:\/\/agenciainfra.com\/blog\/wp-json\/wp\/v2\/categories?post=19553"},{"taxonomy":"post_tag","embeddable":true,"href":"https:\/\/agenciainfra.com\/blog\/wp-json\/wp\/v2\/tags?post=19553"}],"curies":[{"name":"wp","href":"https:\/\/api.w.org\/{rel}","templated":true}]}}